{"id":69902,"date":"2025-03-31T07:33:07","date_gmt":"2025-03-31T05:33:07","guid":{"rendered":"https:\/\/dorogimedence.hu\/?p=69902"},"modified":"2025-03-31T08:05:56","modified_gmt":"2025-03-31T06:05:56","slug":"kielezett-merkozesrol-hozta-el-a-ket-pontot-a-mol-esztergom","status":"publish","type":"post","link":"https:\/\/dorogimedence.hu\/index.php\/2025\/03\/31\/kielezett-merkozesrol-hozta-el-a-ket-pontot-a-mol-esztergom\/","title":{"rendered":"Ki\u00e9lezett m\u00e9rk\u0151z\u00e9sr\u0151l hozta el a k\u00e9t pontot a MOL Esztergom"},"content":{"rendered":"<p><strong>M\u00e1rcius 29-\u00e9n, szombaton rendezt\u00e9k meg a k\u00e9zilabda n\u0151i NB I 19. fordul\u00f3j\u00e1t, melynek keret\u00e9ben a Szombathelyi KKA a MOL Esztergomot fogadta a Halad\u00e1s Sportkomplexumban.<\/strong><\/p>\n<p>A k\u00e9t \u00fajonc, az Esztergom \u00e9s a Szombathely csat\u00e1j\u00e1b\u00f3l el\u0151bbi ker\u00fclt ki gy\u0151ztesen. A v\u00e9gig rendk\u00edv\u00fcl szoros meccsen a v\u00e1logatott Farag\u00f3 Lea nyolc g\u00f3llal, Herczeg Lili 14 v\u00e9d\u00e9ssel vette ki r\u00e9sz\u00e9t a bronz\u00e9remre hajt\u00f3 vend\u00e9gek siker\u00e9b\u0151l. A vasiakn\u00e1l az imm\u00e1r ugyancsak v\u00e1logatott, a g\u00f3ll\u00f6v\u0151list\u00e1t vezet\u0151 P\u0151d\u00f6r Rebeka 13 alkalommal volt eredm\u00e9nyes, Naira Mendes De Almeida pedig 12 v\u00e9d\u00e9ssel z\u00e1rt.<\/p>\n<p><strong>K\u00c9ZILABDA N\u0150I NB I &#8211; 19. FORDUL\u00d3<br \/>\nSZOMBATHELYI KKA\u2013MOL ESZTERGOM 26\u201328 (14\u201314)<\/strong><br \/>\n<strong>Szombathely, <\/strong>Halad\u00e1s Sportkomplexum, <strong>500<\/strong> n\u00e9z\u0151.<strong> Vezette:<\/strong> Horv\u00e1th P., Marton B..&nbsp;<br \/>\n<strong>SZOMBATHELY:<\/strong> N. DE ALMEIDA \u2013 Akijama <strong>2,<\/strong> P\u0151d\u00f6r B. <strong>2,<\/strong> P\u0150D\u00d6R R. <strong>13 (7),<\/strong> Szmolek <strong>2,<\/strong> Kulcs\u00e1r D. <strong>2,<\/strong> Kazai <strong>1. Csere:<\/strong> Csatl\u00f3s (kapus), T\u00f6r\u00f6k Fanni, Djatevszka, Szeber\u00e9nyi <strong>1,<\/strong> VARGA N. <strong>3,<\/strong> Dombi L., Balogh P., G\u00f6ncz\u00f6l, Horny\u00e1k P. <strong>Edz\u0151:<\/strong> Bo Rudgaard<br \/>\n<strong>ESZTERGOM:<\/strong> HERCZEG L. \u2013 Sz\u0151ke <strong>4,<\/strong> Majoros K. <strong>1,<\/strong> Kisfaludy <strong>1,<\/strong> FARAG\u00d3 LEA <strong>8 (2),<\/strong> Szucs\u00e1nszki <strong>1,<\/strong> Hajtai <strong>2. Csere:<\/strong> T\u00f3th Nikolett (kapus), Horv\u00e1th F., Kiss D., Ballai B. <strong>3,<\/strong> Ballai A., Bede, Mlink\u00f3 <strong>1,<\/strong> K\u00c1RM\u00c1N <strong>5,<\/strong> Tepl\u00e1n <strong>2. Edz\u0151:<\/strong> Elek G\u00e1bor<br \/>\n<strong>Az eredm\u00e9ny alakul\u00e1sa. 6. perc:<\/strong> 2\u20132. <strong>12. p.:<\/strong> 3\u20136. <strong>17. p.:<\/strong> 5\u20137. <strong>23. p.:<\/strong> 10\u201311.<strong> 27. p.:<\/strong> 11\u201313.<strong> 36. p.:<\/strong> 17\u201317. <strong>42. p.:<\/strong> 18\u201320.<strong> 46. p.:<\/strong> 20\u201321.<strong> 53. p.:<\/strong> 22\u201325. <strong>57. p.:<\/strong> 25\u201326<br \/>\n<strong>Ki\u00e1ll\u00edt\u00e1sok:<\/strong> 4, ill. 10 perc<br \/>\n<strong>H\u00e9tm\u00e9teresek:<\/strong> 7\/7, ill. 2\/2<\/p>\n<p><strong>MESTERM\u00c9RLEG<\/strong><br \/>\n<strong>Bo Rudgaard<\/strong> \u2013 Remek meccset j\u00e1tszottunk, amelynek a v\u00e9g\u00e9n apr\u00f3s\u00e1gok d\u00f6nt\u00f6ttek az Esztergom jav\u00e1ra. Nem tudom elmarasztalni a csapatomat, ugyanis hatalmas k\u00fczdelemben kapott ki, ism\u00e9telten bizony\u00edtottuk, hogy pariban vagyunk a dobog\u00f3ra hajt\u00f3 alakulatokkal.<br \/>\n<strong>Elek G\u00e1bor:<\/strong> \u2013 Nem volt l\u00e1tv\u00e1nyos m\u00e9rk\u0151z\u00e9s, a k\u00fczdelem domin\u00e1lt. El kell ismernem, hogy Fortun\u00e1val sem \u00e1lltunk hadil\u00e1bon\u2026 A hajr\u00e1ban jobban koncentr\u00e1ltunk, kevesebbet hib\u00e1ztunk, ennek k\u00f6sz\u00f6nhetj\u00fck a nagyon fontos k\u00e9t pontot.<\/p>\n<table class=\"ck-table-resized\">\n<tbody>\n<tr>\n<td><strong>AZ \u00c1LL\u00c1S<\/strong><\/td>\n<td><strong>M<\/strong><\/td>\n<td><strong>Gy<\/strong><\/td>\n<td><strong>D<\/strong><\/td>\n<td><strong>V<\/strong><\/td>\n<td><strong>L\u2013K<\/strong><\/td>\n<td><strong>Gk<\/strong><\/td>\n<td><strong>P<\/strong><\/td>\n<\/tr>\n<tr>\n<td><strong>&nbsp; 1. Gy\u0151r<\/strong><\/td>\n<td>21<\/td>\n<td>20<\/td>\n<td>\u2013<\/td>\n<td>1<\/td>\n<td>796\u2013491<\/td>\n<td>+305<\/td>\n<td>40<\/td>\n<\/tr>\n<tr>\n<td><strong>&nbsp; 2. FTC<\/strong><\/td>\n<td>20<\/td>\n<td>19<\/td>\n<td>1<\/td>\n<td>\u2013<\/td>\n<td>709\u2013485<\/td>\n<td>+224<\/td>\n<td>39<\/td>\n<\/tr>\n<tr>\n<td><strong>&nbsp; 3. Esztergom<\/strong><\/td>\n<td>19<\/td>\n<td>16<\/td>\n<td>\u2013<\/td>\n<td>3<\/td>\n<td>593\u2013528<\/td>\n<td>+65<\/td>\n<td>32<\/td>\n<\/tr>\n<tr>\n<td><strong>&nbsp; 4. Debrecen<\/strong><\/td>\n<td>19<\/td>\n<td>13<\/td>\n<td>2<\/td>\n<td>4<\/td>\n<td>606\u2013520<\/td>\n<td>+86<\/td>\n<td>28<\/td>\n<\/tr>\n<tr>\n<td><strong>&nbsp; 5. V\u00e1c<\/strong><\/td>\n<td>19<\/td>\n<td>10<\/td>\n<td>\u2013<\/td>\n<td>9<\/td>\n<td>560\u2013564<\/td>\n<td>\u20134<\/td>\n<td>20<\/td>\n<\/tr>\n<tr>\n<td><strong>&nbsp; 6. Szombathely<\/strong><\/td>\n<td>20<\/td>\n<td>7<\/td>\n<td>5<\/td>\n<td>8<\/td>\n<td>562\u2013607<\/td>\n<td>\u201345<\/td>\n<td>19<\/td>\n<\/tr>\n<tr>\n<td><strong>&nbsp; 7. Mosonmagyar\u00f3v\u00e1r<\/strong><\/td>\n<td>19<\/td>\n<td>9<\/td>\n<td>\u2013<\/td>\n<td>10<\/td>\n<td>543\u2013575<\/td>\n<td>\u201332<\/td>\n<td>18<\/td>\n<\/tr>\n<tr>\n<td><strong>&nbsp; 8. Kisv\u00e1rda<\/strong><\/td>\n<td>19<\/td>\n<td>7<\/td>\n<td>1<\/td>\n<td>11<\/td>\n<td>454\u2013530<\/td>\n<td>\u201376<\/td>\n<td>15<\/td>\n<\/tr>\n<tr>\n<td><strong>&nbsp; 9. Feh\u00e9rv\u00e1r<\/strong><\/td>\n<td>19<\/td>\n<td>6<\/td>\n<td>1<\/td>\n<td>12<\/td>\n<td>511\u2013545<\/td>\n<td>\u201334<\/td>\n<td>13<\/td>\n<\/tr>\n<tr>\n<td><strong>10. Buda\u00f6rs<\/strong><\/td>\n<td>19<\/td>\n<td>5<\/td>\n<td>2<\/td>\n<td>12<\/td>\n<td>512\u2013594<\/td>\n<td>\u201382<\/td>\n<td>12<\/td>\n<\/tr>\n<tr>\n<td><strong>11. Duna\u00fajv\u00e1ros<\/strong><\/td>\n<td>19<\/td>\n<td>5<\/td>\n<td>1<\/td>\n<td>13<\/td>\n<td>568\u2013642<\/td>\n<td>\u201374<\/td>\n<td>11<\/td>\n<\/tr>\n<tr>\n<td><strong>12. Vasas<\/strong><\/td>\n<td>19<\/td>\n<td>5<\/td>\n<td>1<\/td>\n<td>13<\/td>\n<td>515\u2013631<\/td>\n<td>\u2013116<\/td>\n<td>11<\/td>\n<\/tr>\n<tr>\n<td><strong>13. B\u00e9k\u00e9scsaba<\/strong><\/td>\n<td>19<\/td>\n<td>3<\/td>\n<td>2<\/td>\n<td>14<\/td>\n<td>527\u2013604<\/td>\n<td>\u201377<\/td>\n<td>8<\/td>\n<\/tr>\n<tr>\n<td><strong>14. MTK<\/strong><\/td>\n<td>21<\/td>\n<td>3<\/td>\n<td>\u2013<\/td>\n<td>18<\/td>\n<td>567\u2013707<\/td>\n<td>\u2013140<\/td>\n<td>6<\/td>\n<\/tr>\n<\/tbody>\n<\/table>\n<p><em>Forr\u00e1s: Nemzeti Sport<\/em><br \/>\n<em>Bor\u00edt\u00f3k\u00e9p: Szombathelyi N\u0151i K\u00e9zilabda Facebook-oldal<\/em><\/p>\n","protected":false},"excerpt":{"rendered":"<p>M\u00e1rcius 29-\u00e9n, szombaton rendezt\u00e9k meg a k\u00e9zilabda n\u0151i NB I 19. fordul\u00f3j\u00e1t, melynek keret\u00e9ben a Szombathelyi KKA a MOL Esztergomot fogadta a Halad\u00e1s Sportkomplexumban. A k\u00e9t \u00fajonc, az Esztergom \u00e9s a Szombathely csat\u00e1j\u00e1b\u00f3l el\u0151bbi ker\u00fclt ki gy\u0151ztesen. A v\u00e9gig rendk\u00edv\u00fcl szoros meccsen a v\u00e1logatott Farag\u00f3 Lea nyolc g\u00f3llal, Herczeg Lili 14 v\u00e9d\u00e9ssel vette ki r\u00e9sz\u00e9t<\/p>\n","protected":false},"author":1,"featured_media":69903,"comment_status":"closed","ping_status":"closed","sticky":false,"template":"","format":"standard","meta":{"ngg_post_thumbnail":0,"footnotes":""},"categories":[38,3,5],"tags":[42,5624,355,8025,16],"class_list":{"0":"post-69902","1":"post","2":"type-post","3":"status-publish","4":"format-standard","5":"has-post-thumbnail","7":"category-esztergom","8":"category-hirek","9":"category-sport","10":"tag-esztergom","11":"tag-featured","12":"tag-kezilabda","13":"tag-mol-esztergom","14":"tag-sport"},"yoast_head":"<!-- This site is optimized with the Yoast SEO plugin v27.5 - https:\/\/yoast.com\/product\/yoast-seo-wordpress\/ -->\n<title>Ki\u00e9lezett m\u00e9rk\u0151z\u00e9sr\u0151l hozta el a k\u00e9t pontot a MOL Esztergom<\/title>\n<meta name=\"robots\" content=\"index, follow, max-snippet:-1, max-image-preview:large, max-video-preview:-1\" \/>\n<link rel=\"canonical\" href=\"https:\/\/dorogimedence.hu\/index.php\/2025\/03\/31\/kielezett-merkozesrol-hozta-el-a-ket-pontot-a-mol-esztergom\/\" class=\"yoast-seo-meta-tag\" \/>\n<meta property=\"og:locale\" content=\"hu_HU\" class=\"yoast-seo-meta-tag\" \/>\n<meta property=\"og:type\" content=\"article\" class=\"yoast-seo-meta-tag\" \/>\n<meta property=\"og:title\" content=\"Ki\u00e9lezett m\u00e9rk\u0151z\u00e9sr\u0151l hozta el a k\u00e9t pontot a MOL Esztergom\" class=\"yoast-seo-meta-tag\" \/>\n<meta property=\"og:description\" content=\"M\u00e1rcius 29-\u00e9n, szombaton rendezt\u00e9k meg a k\u00e9zilabda n\u0151i NB I 19. fordul\u00f3j\u00e1t, melynek keret\u00e9ben a Szombathelyi KKA a MOL Esztergomot fogadta a Halad\u00e1s Sportkomplexumban. A k\u00e9t \u00fajonc, az Esztergom \u00e9s a Szombathely csat\u00e1j\u00e1b\u00f3l el\u0151bbi ker\u00fclt ki gy\u0151ztesen. A v\u00e9gig rendk\u00edv\u00fcl szoros meccsen a v\u00e1logatott Farag\u00f3 Lea nyolc g\u00f3llal, Herczeg Lili 14 v\u00e9d\u00e9ssel vette ki r\u00e9sz\u00e9t\" class=\"yoast-seo-meta-tag\" \/>\n<meta property=\"og:url\" content=\"https:\/\/dorogimedence.hu\/index.php\/2025\/03\/31\/kielezett-merkozesrol-hozta-el-a-ket-pontot-a-mol-esztergom\/\" class=\"yoast-seo-meta-tag\" \/>\n<meta property=\"og:site_name\" content=\"Dorogi-medence Region\u00e1lis H\u00edrport\u00e1l\" class=\"yoast-seo-meta-tag\" \/>\n<meta property=\"article:publisher\" content=\"https:\/\/www.facebook.com\/dorogimedence\/\" class=\"yoast-seo-meta-tag\" \/>\n<meta property=\"article:published_time\" content=\"2025-03-31T05:33:07+00:00\" class=\"yoast-seo-meta-tag\" \/>\n<meta property=\"article:modified_time\" content=\"2025-03-31T06:05:56+00:00\" class=\"yoast-seo-meta-tag\" \/>\n<meta property=\"og:image\" content=\"https:\/\/dorogimedence.hu\/wp-content\/uploads\/2025\/03\/487825326_1222371033229434_5811921561091309400_n.jpg\" class=\"yoast-seo-meta-tag\" \/>\n\t<meta property=\"og:image:width\" content=\"2048\" class=\"yoast-seo-meta-tag\" \/>\n\t<meta property=\"og:image:height\" content=\"1366\" class=\"yoast-seo-meta-tag\" \/>\n\t<meta property=\"og:image:type\" content=\"image\/jpeg\" class=\"yoast-seo-meta-tag\" \/>\n<meta name=\"author\" content=\"dorogimedence.hu\" class=\"yoast-seo-meta-tag\" \/>\n<meta name=\"twitter:card\" content=\"summary_large_image\" class=\"yoast-seo-meta-tag\" \/>\n<meta name=\"twitter:label1\" content=\"Szerz\u0151:\" class=\"yoast-seo-meta-tag\" \/>\n\t<meta name=\"twitter:data1\" content=\"dorogimedence.hu\" class=\"yoast-seo-meta-tag\" \/>\n\t<meta name=\"twitter:label2\" content=\"Becs\u00fclt olvas\u00e1si id\u0151\" class=\"yoast-seo-meta-tag\" \/>\n\t<meta name=\"twitter:data2\" content=\"2 perc\" class=\"yoast-seo-meta-tag\" \/>\n<script type=\"application\/ld+json\" class=\"yoast-schema-graph\">{\"@context\":\"https:\\\/\\\/schema.org\",\"@graph\":[{\"@type\":\"Article\",\"@id\":\"https:\\\/\\\/dorogimedence.hu\\\/index.php\\\/2025\\\/03\\\/31\\\/kielezett-merkozesrol-hozta-el-a-ket-pontot-a-mol-esztergom\\\/#article\",\"isPartOf\":{\"@id\":\"https:\\\/\\\/dorogimedence.hu\\\/index.php\\\/2025\\\/03\\\/31\\\/kielezett-merkozesrol-hozta-el-a-ket-pontot-a-mol-esztergom\\\/\"},\"author\":{\"name\":\"dorogimedence.hu\",\"@id\":\"https:\\\/\\\/dorogimedence.hu\\\/#\\\/schema\\\/person\\\/ce6091eeb7e95ecdc87890d6aa8e0fd4\"},\"headline\":\"Ki\u00e9lezett m\u00e9rk\u0151z\u00e9sr\u0151l hozta el a k\u00e9t pontot a MOL Esztergom\",\"datePublished\":\"2025-03-31T05:33:07+00:00\",\"dateModified\":\"2025-03-31T06:05:56+00:00\",\"mainEntityOfPage\":{\"@id\":\"https:\\\/\\\/dorogimedence.hu\\\/index.php\\\/2025\\\/03\\\/31\\\/kielezett-merkozesrol-hozta-el-a-ket-pontot-a-mol-esztergom\\\/\"},\"wordCount\":422,\"publisher\":{\"@id\":\"https:\\\/\\\/dorogimedence.hu\\\/#organization\"},\"image\":{\"@id\":\"https:\\\/\\\/dorogimedence.hu\\\/index.php\\\/2025\\\/03\\\/31\\\/kielezett-merkozesrol-hozta-el-a-ket-pontot-a-mol-esztergom\\\/#primaryimage\"},\"thumbnailUrl\":\"https:\\\/\\\/dorogimedence.hu\\\/wp-content\\\/uploads\\\/2025\\\/03\\\/487825326_1222371033229434_5811921561091309400_n.jpg\",\"keywords\":[\"esztergom\",\"featured\",\"k\u00e9zilabda\",\"Mol Esztergom\",\"sport\"],\"articleSection\":[\"Esztergom\",\"H\u00edrek\",\"Sport\"],\"inLanguage\":\"hu\"},{\"@type\":\"WebPage\",\"@id\":\"https:\\\/\\\/dorogimedence.hu\\\/index.php\\\/2025\\\/03\\\/31\\\/kielezett-merkozesrol-hozta-el-a-ket-pontot-a-mol-esztergom\\\/\",\"url\":\"https:\\\/\\\/dorogimedence.hu\\\/index.php\\\/2025\\\/03\\\/31\\\/kielezett-merkozesrol-hozta-el-a-ket-pontot-a-mol-esztergom\\\/\",\"name\":\"Ki\u00e9lezett m\u00e9rk\u0151z\u00e9sr\u0151l hozta el a k\u00e9t pontot a MOL Esztergom\",\"isPartOf\":{\"@id\":\"https:\\\/\\\/dorogimedence.hu\\\/#website\"},\"primaryImageOfPage\":{\"@id\":\"https:\\\/\\\/dorogimedence.hu\\\/index.php\\\/2025\\\/03\\\/31\\\/kielezett-merkozesrol-hozta-el-a-ket-pontot-a-mol-esztergom\\\/#primaryimage\"},\"image\":{\"@id\":\"https:\\\/\\\/dorogimedence.hu\\\/index.php\\\/2025\\\/03\\\/31\\\/kielezett-merkozesrol-hozta-el-a-ket-pontot-a-mol-esztergom\\\/#primaryimage\"},\"thumbnailUrl\":\"https:\\\/\\\/dorogimedence.hu\\\/wp-content\\\/uploads\\\/2025\\\/03\\\/487825326_1222371033229434_5811921561091309400_n.jpg\",\"datePublished\":\"2025-03-31T05:33:07+00:00\",\"dateModified\":\"2025-03-31T06:05:56+00:00\",\"breadcrumb\":{\"@id\":\"https:\\\/\\\/dorogimedence.hu\\\/index.php\\\/2025\\\/03\\\/31\\\/kielezett-merkozesrol-hozta-el-a-ket-pontot-a-mol-esztergom\\\/#breadcrumb\"},\"inLanguage\":\"hu\",\"potentialAction\":[{\"@type\":\"ReadAction\",\"target\":[\"https:\\\/\\\/dorogimedence.hu\\\/index.php\\\/2025\\\/03\\\/31\\\/kielezett-merkozesrol-hozta-el-a-ket-pontot-a-mol-esztergom\\\/\"]}]},{\"@type\":\"ImageObject\",\"inLanguage\":\"hu\",\"@id\":\"https:\\\/\\\/dorogimedence.hu\\\/index.php\\\/2025\\\/03\\\/31\\\/kielezett-merkozesrol-hozta-el-a-ket-pontot-a-mol-esztergom\\\/#primaryimage\",\"url\":\"https:\\\/\\\/dorogimedence.hu\\\/wp-content\\\/uploads\\\/2025\\\/03\\\/487825326_1222371033229434_5811921561091309400_n.jpg\",\"contentUrl\":\"https:\\\/\\\/dorogimedence.hu\\\/wp-content\\\/uploads\\\/2025\\\/03\\\/487825326_1222371033229434_5811921561091309400_n.jpg\",\"width\":2048,\"height\":1366},{\"@type\":\"BreadcrumbList\",\"@id\":\"https:\\\/\\\/dorogimedence.hu\\\/index.php\\\/2025\\\/03\\\/31\\\/kielezett-merkozesrol-hozta-el-a-ket-pontot-a-mol-esztergom\\\/#breadcrumb\",\"itemListElement\":[{\"@type\":\"ListItem\",\"position\":1,\"name\":\"Kezd\u0151lap\",\"item\":\"https:\\\/\\\/dorogimedence.hu\\\/\"},{\"@type\":\"ListItem\",\"position\":2,\"name\":\"Ki\u00e9lezett m\u00e9rk\u0151z\u00e9sr\u0151l hozta el a k\u00e9t pontot a MOL Esztergom\"}]},{\"@type\":\"WebSite\",\"@id\":\"https:\\\/\\\/dorogimedence.hu\\\/#website\",\"url\":\"https:\\\/\\\/dorogimedence.hu\\\/\",\"name\":\"Dorogi-medence Region\u00e1lis H\u00edrport\u00e1l\",\"description\":\"Dorog, Keszt\u00f6lc, Le\u00e1nyv\u00e1r, Piliscs\u00e9v, Tokod, Tokodalt\u00e1r\u00f3, Csolnok, Esztergom-kertv\u00e1ros: h\u00edrek, programok\",\"publisher\":{\"@id\":\"https:\\\/\\\/dorogimedence.hu\\\/#organization\"},\"potentialAction\":[{\"@type\":\"SearchAction\",\"target\":{\"@type\":\"EntryPoint\",\"urlTemplate\":\"https:\\\/\\\/dorogimedence.hu\\\/?s={search_term_string}\"},\"query-input\":{\"@type\":\"PropertyValueSpecification\",\"valueRequired\":true,\"valueName\":\"search_term_string\"}}],\"inLanguage\":\"hu\"},{\"@type\":\"Organization\",\"@id\":\"https:\\\/\\\/dorogimedence.hu\\\/#organization\",\"name\":\"Dorogi-medence Region\u00e1lis H\u00edrport\u00e1l\",\"url\":\"https:\\\/\\\/dorogimedence.hu\\\/\",\"logo\":{\"@type\":\"ImageObject\",\"inLanguage\":\"hu\",\"@id\":\"https:\\\/\\\/dorogimedence.hu\\\/#\\\/schema\\\/logo\\\/image\\\/\",\"url\":\"https:\\\/\\\/dorogimedence.hu\\\/wp-content\\\/uploads\\\/2021\\\/04\\\/logo-feher-600.png\",\"contentUrl\":\"https:\\\/\\\/dorogimedence.hu\\\/wp-content\\\/uploads\\\/2021\\\/04\\\/logo-feher-600.png\",\"width\":600,\"height\":100,\"caption\":\"Dorogi-medence Region\u00e1lis H\u00edrport\u00e1l\"},\"image\":{\"@id\":\"https:\\\/\\\/dorogimedence.hu\\\/#\\\/schema\\\/logo\\\/image\\\/\"},\"sameAs\":[\"https:\\\/\\\/www.facebook.com\\\/dorogimedence\\\/\"]},{\"@type\":\"Person\",\"@id\":\"https:\\\/\\\/dorogimedence.hu\\\/#\\\/schema\\\/person\\\/ce6091eeb7e95ecdc87890d6aa8e0fd4\",\"name\":\"dorogimedence.hu\",\"image\":{\"@type\":\"ImageObject\",\"inLanguage\":\"hu\",\"@id\":\"\\\/\\\/www.gravatar.com\\\/avatar\\\/d8d45f8901aadff40a4af72c0b826f1d?s=96&#038;r=g&#038;d=mm\",\"url\":\"\\\/\\\/www.gravatar.com\\\/avatar\\\/d8d45f8901aadff40a4af72c0b826f1d?s=96&#038;r=g&#038;d=mm\",\"contentUrl\":\"\\\/\\\/www.gravatar.com\\\/avatar\\\/d8d45f8901aadff40a4af72c0b826f1d?s=96&#038;r=g&#038;d=mm\",\"caption\":\"dorogimedence.hu\"}}]}<\/script>\n<!-- \/ Yoast SEO plugin. -->","yoast_head_json":{"title":"Ki\u00e9lezett m\u00e9rk\u0151z\u00e9sr\u0151l hozta el a k\u00e9t pontot a MOL Esztergom","robots":{"index":"index","follow":"follow","max-snippet":"max-snippet:-1","max-image-preview":"max-image-preview:large","max-video-preview":"max-video-preview:-1"},"canonical":"https:\/\/dorogimedence.hu\/index.php\/2025\/03\/31\/kielezett-merkozesrol-hozta-el-a-ket-pontot-a-mol-esztergom\/","og_locale":"hu_HU","og_type":"article","og_title":"Ki\u00e9lezett m\u00e9rk\u0151z\u00e9sr\u0151l hozta el a k\u00e9t pontot a MOL Esztergom","og_description":"M\u00e1rcius 29-\u00e9n, szombaton rendezt\u00e9k meg a k\u00e9zilabda n\u0151i NB I 19. fordul\u00f3j\u00e1t, melynek keret\u00e9ben a Szombathelyi KKA a MOL Esztergomot fogadta a Halad\u00e1s Sportkomplexumban. A k\u00e9t \u00fajonc, az Esztergom \u00e9s a Szombathely csat\u00e1j\u00e1b\u00f3l el\u0151bbi ker\u00fclt ki gy\u0151ztesen. A v\u00e9gig rendk\u00edv\u00fcl szoros meccsen a v\u00e1logatott Farag\u00f3 Lea nyolc g\u00f3llal, Herczeg Lili 14 v\u00e9d\u00e9ssel vette ki r\u00e9sz\u00e9t","og_url":"https:\/\/dorogimedence.hu\/index.php\/2025\/03\/31\/kielezett-merkozesrol-hozta-el-a-ket-pontot-a-mol-esztergom\/","og_site_name":"Dorogi-medence Region\u00e1lis H\u00edrport\u00e1l","article_publisher":"https:\/\/www.facebook.com\/dorogimedence\/","article_published_time":"2025-03-31T05:33:07+00:00","article_modified_time":"2025-03-31T06:05:56+00:00","og_image":[{"width":2048,"height":1366,"url":"https:\/\/dorogimedence.hu\/wp-content\/uploads\/2025\/03\/487825326_1222371033229434_5811921561091309400_n.jpg","type":"image\/jpeg"}],"author":"dorogimedence.hu","twitter_card":"summary_large_image","twitter_misc":{"Szerz\u0151:":"dorogimedence.hu","Becs\u00fclt olvas\u00e1si id\u0151":"2 perc"},"schema":{"@context":"https:\/\/schema.org","@graph":[{"@type":"Article","@id":"https:\/\/dorogimedence.hu\/index.php\/2025\/03\/31\/kielezett-merkozesrol-hozta-el-a-ket-pontot-a-mol-esztergom\/#article","isPartOf":{"@id":"https:\/\/dorogimedence.hu\/index.php\/2025\/03\/31\/kielezett-merkozesrol-hozta-el-a-ket-pontot-a-mol-esztergom\/"},"author":{"name":"dorogimedence.hu","@id":"https:\/\/dorogimedence.hu\/#\/schema\/person\/ce6091eeb7e95ecdc87890d6aa8e0fd4"},"headline":"Ki\u00e9lezett m\u00e9rk\u0151z\u00e9sr\u0151l hozta el a k\u00e9t pontot a MOL Esztergom","datePublished":"2025-03-31T05:33:07+00:00","dateModified":"2025-03-31T06:05:56+00:00","mainEntityOfPage":{"@id":"https:\/\/dorogimedence.hu\/index.php\/2025\/03\/31\/kielezett-merkozesrol-hozta-el-a-ket-pontot-a-mol-esztergom\/"},"wordCount":422,"publisher":{"@id":"https:\/\/dorogimedence.hu\/#organization"},"image":{"@id":"https:\/\/dorogimedence.hu\/index.php\/2025\/03\/31\/kielezett-merkozesrol-hozta-el-a-ket-pontot-a-mol-esztergom\/#primaryimage"},"thumbnailUrl":"https:\/\/dorogimedence.hu\/wp-content\/uploads\/2025\/03\/487825326_1222371033229434_5811921561091309400_n.jpg","keywords":["esztergom","featured","k\u00e9zilabda","Mol Esztergom","sport"],"articleSection":["Esztergom","H\u00edrek","Sport"],"inLanguage":"hu"},{"@type":"WebPage","@id":"https:\/\/dorogimedence.hu\/index.php\/2025\/03\/31\/kielezett-merkozesrol-hozta-el-a-ket-pontot-a-mol-esztergom\/","url":"https:\/\/dorogimedence.hu\/index.php\/2025\/03\/31\/kielezett-merkozesrol-hozta-el-a-ket-pontot-a-mol-esztergom\/","name":"Ki\u00e9lezett m\u00e9rk\u0151z\u00e9sr\u0151l hozta el a k\u00e9t pontot a MOL Esztergom","isPartOf":{"@id":"https:\/\/dorogimedence.hu\/#website"},"primaryImageOfPage":{"@id":"https:\/\/dorogimedence.hu\/index.php\/2025\/03\/31\/kielezett-merkozesrol-hozta-el-a-ket-pontot-a-mol-esztergom\/#primaryimage"},"image":{"@id":"https:\/\/dorogimedence.hu\/index.php\/2025\/03\/31\/kielezett-merkozesrol-hozta-el-a-ket-pontot-a-mol-esztergom\/#primaryimage"},"thumbnailUrl":"https:\/\/dorogimedence.hu\/wp-content\/uploads\/2025\/03\/487825326_1222371033229434_5811921561091309400_n.jpg","datePublished":"2025-03-31T05:33:07+00:00","dateModified":"2025-03-31T06:05:56+00:00","breadcrumb":{"@id":"https:\/\/dorogimedence.hu\/index.php\/2025\/03\/31\/kielezett-merkozesrol-hozta-el-a-ket-pontot-a-mol-esztergom\/#breadcrumb"},"inLanguage":"hu","potentialAction":[{"@type":"ReadAction","target":["https:\/\/dorogimedence.hu\/index.php\/2025\/03\/31\/kielezett-merkozesrol-hozta-el-a-ket-pontot-a-mol-esztergom\/"]}]},{"@type":"ImageObject","inLanguage":"hu","@id":"https:\/\/dorogimedence.hu\/index.php\/2025\/03\/31\/kielezett-merkozesrol-hozta-el-a-ket-pontot-a-mol-esztergom\/#primaryimage","url":"https:\/\/dorogimedence.hu\/wp-content\/uploads\/2025\/03\/487825326_1222371033229434_5811921561091309400_n.jpg","contentUrl":"https:\/\/dorogimedence.hu\/wp-content\/uploads\/2025\/03\/487825326_1222371033229434_5811921561091309400_n.jpg","width":2048,"height":1366},{"@type":"BreadcrumbList","@id":"https:\/\/dorogimedence.hu\/index.php\/2025\/03\/31\/kielezett-merkozesrol-hozta-el-a-ket-pontot-a-mol-esztergom\/#breadcrumb","itemListElement":[{"@type":"ListItem","position":1,"name":"Kezd\u0151lap","item":"https:\/\/dorogimedence.hu\/"},{"@type":"ListItem","position":2,"name":"Ki\u00e9lezett m\u00e9rk\u0151z\u00e9sr\u0151l hozta el a k\u00e9t pontot a MOL Esztergom"}]},{"@type":"WebSite","@id":"https:\/\/dorogimedence.hu\/#website","url":"https:\/\/dorogimedence.hu\/","name":"Dorogi-medence Region\u00e1lis H\u00edrport\u00e1l","description":"Dorog, Keszt\u00f6lc, Le\u00e1nyv\u00e1r, Piliscs\u00e9v, Tokod, Tokodalt\u00e1r\u00f3, Csolnok, Esztergom-kertv\u00e1ros: h\u00edrek, programok","publisher":{"@id":"https:\/\/dorogimedence.hu\/#organization"},"potentialAction":[{"@type":"SearchAction","target":{"@type":"EntryPoint","urlTemplate":"https:\/\/dorogimedence.hu\/?s={search_term_string}"},"query-input":{"@type":"PropertyValueSpecification","valueRequired":true,"valueName":"search_term_string"}}],"inLanguage":"hu"},{"@type":"Organization","@id":"https:\/\/dorogimedence.hu\/#organization","name":"Dorogi-medence Region\u00e1lis H\u00edrport\u00e1l","url":"https:\/\/dorogimedence.hu\/","logo":{"@type":"ImageObject","inLanguage":"hu","@id":"https:\/\/dorogimedence.hu\/#\/schema\/logo\/image\/","url":"https:\/\/dorogimedence.hu\/wp-content\/uploads\/2021\/04\/logo-feher-600.png","contentUrl":"https:\/\/dorogimedence.hu\/wp-content\/uploads\/2021\/04\/logo-feher-600.png","width":600,"height":100,"caption":"Dorogi-medence Region\u00e1lis H\u00edrport\u00e1l"},"image":{"@id":"https:\/\/dorogimedence.hu\/#\/schema\/logo\/image\/"},"sameAs":["https:\/\/www.facebook.com\/dorogimedence\/"]},{"@type":"Person","@id":"https:\/\/dorogimedence.hu\/#\/schema\/person\/ce6091eeb7e95ecdc87890d6aa8e0fd4","name":"dorogimedence.hu","image":{"@type":"ImageObject","inLanguage":"hu","@id":"\/\/www.gravatar.com\/avatar\/d8d45f8901aadff40a4af72c0b826f1d?s=96&#038;r=g&#038;d=mm","url":"\/\/www.gravatar.com\/avatar\/d8d45f8901aadff40a4af72c0b826f1d?s=96&#038;r=g&#038;d=mm","contentUrl":"\/\/www.gravatar.com\/avatar\/d8d45f8901aadff40a4af72c0b826f1d?s=96&#038;r=g&#038;d=mm","caption":"dorogimedence.hu"}}]}},"_links":{"self":[{"href":"https:\/\/dorogimedence.hu\/index.php\/wp-json\/wp\/v2\/posts\/69902","targetHints":{"allow":["GET"]}}],"collection":[{"href":"https:\/\/dorogimedence.hu\/index.php\/wp-json\/wp\/v2\/posts"}],"about":[{"href":"https:\/\/dorogimedence.hu\/index.php\/wp-json\/wp\/v2\/types\/post"}],"author":[{"embeddable":true,"href":"https:\/\/dorogimedence.hu\/index.php\/wp-json\/wp\/v2\/users\/1"}],"replies":[{"embeddable":true,"href":"https:\/\/dorogimedence.hu\/index.php\/wp-json\/wp\/v2\/comments?post=69902"}],"version-history":[{"count":0,"href":"https:\/\/dorogimedence.hu\/index.php\/wp-json\/wp\/v2\/posts\/69902\/revisions"}],"wp:featuredmedia":[{"embeddable":true,"href":"https:\/\/dorogimedence.hu\/index.php\/wp-json\/wp\/v2\/media\/69903"}],"wp:attachment":[{"href":"https:\/\/dorogimedence.hu\/index.php\/wp-json\/wp\/v2\/media?parent=69902"}],"wp:term":[{"taxonomy":"category","embeddable":true,"href":"https:\/\/dorogimedence.hu\/index.php\/wp-json\/wp\/v2\/categories?post=69902"},{"taxonomy":"post_tag","embeddable":true,"href":"https:\/\/dorogimedence.hu\/index.php\/wp-json\/wp\/v2\/tags?post=69902"}],"curies":[{"name":"wp","href":"https:\/\/api.w.org\/{rel}","templated":true}]}}