{"id":69845,"date":"2025-03-29T09:48:31","date_gmt":"2025-03-29T08:48:31","guid":{"rendered":"https:\/\/dorogimedence.hu\/?p=69845"},"modified":"2025-03-29T09:48:31","modified_gmt":"2025-03-29T08:48:31","slug":"praktikus-etkezomegoldasok-minden-igenyhez","status":"publish","type":"post","link":"https:\/\/dorogimedence.hu\/index.php\/2025\/03\/29\/praktikus-etkezomegoldasok-minden-igenyhez\/","title":{"rendered":"Praktikus \u00e9tkez\u0151megold\u00e1sok minden ig\u00e9nyhez"},"content":{"rendered":"<p><strong>Az \u00e9tkez\u0151garnit\u00far\u00e1k m\u00e1r nem csak a funkcionalit\u00e1sr\u00f3l sz\u00f3lnak \u2013 kreat\u00edv f\u00f3kuszpontok lehetnek otthonunkban, \u00e9s az \u00e9tkez\u00e9sen t\u00fal t\u00f6bbf\u00e9le c\u00e9lra is szolg\u00e1lhatnak. Legyen sz\u00f3 nagyobb \u00f6sszej\u00f6vetelekr\u0151l, vagy hangulatos otthoni \u00e9tkez\u0151 sarok kialak\u00edt\u00e1s\u00e1r\u00f3l, mindenki sz\u00e1m\u00e1ra megtal\u00e1lhatjuk a t\u00f6k\u00e9letes megold\u00e1st.<\/strong><\/p>\n<h2>Alapvet\u0151 szempontok<\/h2>\n<p>A praktikus <span style=\"text-decoration: underline; color: #0000ff;\"><a style=\"color: #0000ff;\" href=\"https:\/\/www.zondo.hu\/etkezo-szettek-50\/\" target=\"_blank\" rel=\"noopener\"><span class=\"s1\">\u00e9tkez\u0151garnit\u00far\u00e1k<\/span><\/a><\/span> kiv\u00e1laszt\u00e1sakor a m\u00e9ret bizony sz\u00e1m\u00edt.<strong> Kis helyekre \u00e9rdemes egy kompakt, kerek \u00e9tkez\u0151asztalt v\u00e1lasztani, amely 4-6 f\u0151 befogad\u00e1s\u00e1ra alkalmas. <\/strong>A kerek asztal meghittebb k\u00f6rnyezetet k\u00edn\u00e1l, \u00e9s nem ig\u00e9nyel annyi helyet, \u00edgy ide\u00e1lis lak\u00e1sokba vagy kisebb \u00e9tkez\u0151kbe.<\/p>\n<p>Kisgyermekes vagy h\u00e1zi\u00e1llatokkal rendelkez\u0151 csal\u00e1dok sz\u00e1m\u00e1ra egy er\u0151s \u00e9tkez\u0151asztal lehet a legjobb v\u00e1laszt\u00e1s, amely tart\u00f3s anyagokb\u00f3l, p\u00e9ld\u00e1ul f\u00e1b\u00f3l vagy f\u00e9mb\u0151l k\u00e9sz\u00fcl. Ezek az anyagok kisebb val\u00f3sz\u00edn\u0171s\u00e9ggel karcol\u00f3dnak vagy horpadnak, \u00edgy az asztal \u00e9veken \u00e1t kiv\u00e1l\u00f3 form\u00e1ban marad. Ezenk\u00edv\u00fcl a szil\u00e1rd fel\u00fclet\u0171 \u00e9tkez\u0151asztal, p\u00e9ld\u00e1ul egy falap vagy gr\u00e1nit, k\u00f6nnyebben tiszt\u00edthat\u00f3, ami k\u00fcl\u00f6n\u00f6sen fontos gyerekekn\u00e9l.<\/p>\n<h2>Egyedi megold\u00e1sok mindenki sz\u00e1m\u00e1ra<\/h2>\n<p><strong>A modern \u00e9tkez\u0151asztalok k\u00f6z\u00f6tt ma m\u00e1r nem kell a legegyszer\u0171bb megold\u00e1sokkal be\u00e9rn\u00fcnk.<\/strong> Sokak sz\u00e1m\u00e1ra remek megold\u00e1s p\u00e9ld\u00e1ul a kih\u00fazhat\u00f3 r\u00e9szekkel vagy be\u00e9p\u00edtett lapokkal ell\u00e1tott asztalok, amelyek seg\u00edts\u00e9g\u00e9vel k\u00f6nnyed\u00e9n \u00e1tt\u00e9rhet\u00fcnk egy hangulatos csal\u00e1di vacsor\u00e1r\u00f3l nagyobb \u00f6sszej\u00f6vetelek lebonyol\u00edt\u00e1s\u00e1ra. Ezek az asztalok nem csak praktikusak, hanem seg\u00edthetnek a rendezett, \u00e1ramvonalas megjelen\u00e9s meg\u0151rz\u00e9s\u00e9ben kisebb helyeken is.<\/p>\n<p>M\u00e1sik alternat\u00edva lehet a sz\u00e9kek helyett padok v\u00e1laszt\u00e1sa. <strong>Egy sarokpad p\u00e9ld\u00e1ul sokoldal\u00fabb\u00e1 teheti \u00e9tkez\u0151garnit\u00far\u00e1nkat, \u00edgy t\u00f6bb ember \u00fclhet le an\u00e9lk\u00fcl, hogy t\u00falzs\u00fafoln\u00e1 a teret. <\/strong>R\u00e1ad\u00e1sul ez igaz\u00e1n egyedi \u00f6sszk\u00e9pet ad majd konyh\u00e1dnak, amelyet garant\u00e1ltan minden vend\u00e9g szeretni fog.<\/p>\n<p><em>A fot\u00f3 forr\u00e1sa: Alexey Kuznetsov \u2013 stock.adobe.com<\/em><\/p>\n","protected":false},"excerpt":{"rendered":"<p>Az \u00e9tkez\u0151garnit\u00far\u00e1k m\u00e1r nem csak a funkcionalit\u00e1sr\u00f3l sz\u00f3lnak \u2013 kreat\u00edv f\u00f3kuszpontok lehetnek otthonunkban, \u00e9s az \u00e9tkez\u00e9sen t\u00fal t\u00f6bbf\u00e9le c\u00e9lra is szolg\u00e1lhatnak. Legyen sz\u00f3 nagyobb \u00f6sszej\u00f6vetelekr\u0151l, vagy hangulatos otthoni \u00e9tkez\u0151 sarok kialak\u00edt\u00e1s\u00e1r\u00f3l, mindenki sz\u00e1m\u00e1ra megtal\u00e1lhatjuk a t\u00f6k\u00e9letes megold\u00e1st. Alapvet\u0151 szempontok A praktikus \u00e9tkez\u0151garnit\u00far\u00e1k kiv\u00e1laszt\u00e1sakor a m\u00e9ret bizony sz\u00e1m\u00edt. Kis helyekre \u00e9rdemes egy kompakt, kerek \u00e9tkez\u0151asztalt v\u00e1lasztani,<\/p>\n","protected":false},"author":1,"featured_media":0,"comment_status":"closed","ping_status":"closed","sticky":false,"template":"","format":"standard","meta":{"ngg_post_thumbnail":0,"footnotes":""},"categories":[3],"tags":[8311],"class_list":{"0":"post-69845","1":"post","2":"type-post","3":"status-publish","4":"format-standard","6":"category-hirek","7":"tag-etkezogarnitura"},"yoast_head":"<!-- This site is optimized with the Yoast SEO plugin v27.4 - https:\/\/yoast.com\/product\/yoast-seo-wordpress\/ -->\n<title>Praktikus \u00e9tkez\u0151megold\u00e1sok minden ig\u00e9nyhez<\/title>\n<meta name=\"robots\" content=\"index, follow, max-snippet:-1, max-image-preview:large, max-video-preview:-1\" \/>\n<link rel=\"canonical\" href=\"https:\/\/dorogimedence.hu\/index.php\/2025\/03\/29\/praktikus-etkezomegoldasok-minden-igenyhez\/\" class=\"yoast-seo-meta-tag\" \/>\n<meta property=\"og:locale\" content=\"hu_HU\" class=\"yoast-seo-meta-tag\" \/>\n<meta property=\"og:type\" content=\"article\" class=\"yoast-seo-meta-tag\" \/>\n<meta property=\"og:title\" content=\"Praktikus \u00e9tkez\u0151megold\u00e1sok minden ig\u00e9nyhez\" class=\"yoast-seo-meta-tag\" \/>\n<meta property=\"og:description\" content=\"Az \u00e9tkez\u0151garnit\u00far\u00e1k m\u00e1r nem csak a funkcionalit\u00e1sr\u00f3l sz\u00f3lnak \u2013 kreat\u00edv f\u00f3kuszpontok lehetnek otthonunkban, \u00e9s az \u00e9tkez\u00e9sen t\u00fal t\u00f6bbf\u00e9le c\u00e9lra is szolg\u00e1lhatnak. Legyen sz\u00f3 nagyobb \u00f6sszej\u00f6vetelekr\u0151l, vagy hangulatos otthoni \u00e9tkez\u0151 sarok kialak\u00edt\u00e1s\u00e1r\u00f3l, mindenki sz\u00e1m\u00e1ra megtal\u00e1lhatjuk a t\u00f6k\u00e9letes megold\u00e1st. Alapvet\u0151 szempontok A praktikus \u00e9tkez\u0151garnit\u00far\u00e1k kiv\u00e1laszt\u00e1sakor a m\u00e9ret bizony sz\u00e1m\u00edt. Kis helyekre \u00e9rdemes egy kompakt, kerek \u00e9tkez\u0151asztalt v\u00e1lasztani,\" class=\"yoast-seo-meta-tag\" \/>\n<meta property=\"og:url\" content=\"https:\/\/dorogimedence.hu\/index.php\/2025\/03\/29\/praktikus-etkezomegoldasok-minden-igenyhez\/\" class=\"yoast-seo-meta-tag\" \/>\n<meta property=\"og:site_name\" content=\"Dorogi-medence Region\u00e1lis H\u00edrport\u00e1l\" class=\"yoast-seo-meta-tag\" \/>\n<meta property=\"article:publisher\" content=\"https:\/\/www.facebook.com\/dorogimedence\/\" class=\"yoast-seo-meta-tag\" \/>\n<meta property=\"article:published_time\" content=\"2025-03-29T08:48:31+00:00\" class=\"yoast-seo-meta-tag\" \/>\n<meta property=\"og:image\" content=\"https:\/\/dorogimedence.hu\/wp-content\/uploads\/2025\/03\/adobestock_304097987.jpg\" class=\"yoast-seo-meta-tag\" \/>\n\t<meta property=\"og:image:width\" content=\"1280\" class=\"yoast-seo-meta-tag\" \/>\n\t<meta property=\"og:image:height\" content=\"853\" class=\"yoast-seo-meta-tag\" \/>\n\t<meta property=\"og:image:type\" content=\"image\/jpeg\" class=\"yoast-seo-meta-tag\" \/>\n<meta name=\"author\" content=\"dorogimedence.hu\" class=\"yoast-seo-meta-tag\" \/>\n<meta name=\"twitter:card\" content=\"summary_large_image\" class=\"yoast-seo-meta-tag\" \/>\n<meta name=\"twitter:label1\" content=\"Szerz\u0151:\" class=\"yoast-seo-meta-tag\" \/>\n\t<meta name=\"twitter:data1\" content=\"dorogimedence.hu\" class=\"yoast-seo-meta-tag\" \/>\n\t<meta name=\"twitter:label2\" content=\"Becs\u00fclt olvas\u00e1si id\u0151\" class=\"yoast-seo-meta-tag\" \/>\n\t<meta name=\"twitter:data2\" content=\"2 perc\" class=\"yoast-seo-meta-tag\" \/>\n<script type=\"application\/ld+json\" class=\"yoast-schema-graph\">{\"@context\":\"https:\\\/\\\/schema.org\",\"@graph\":[{\"@type\":\"Article\",\"@id\":\"https:\\\/\\\/dorogimedence.hu\\\/index.php\\\/2025\\\/03\\\/29\\\/praktikus-etkezomegoldasok-minden-igenyhez\\\/#article\",\"isPartOf\":{\"@id\":\"https:\\\/\\\/dorogimedence.hu\\\/index.php\\\/2025\\\/03\\\/29\\\/praktikus-etkezomegoldasok-minden-igenyhez\\\/\"},\"author\":{\"name\":\"dorogimedence.hu\",\"@id\":\"https:\\\/\\\/dorogimedence.hu\\\/#\\\/schema\\\/person\\\/ce6091eeb7e95ecdc87890d6aa8e0fd4\"},\"headline\":\"Praktikus \u00e9tkez\u0151megold\u00e1sok minden ig\u00e9nyhez\",\"datePublished\":\"2025-03-29T08:48:31+00:00\",\"mainEntityOfPage\":{\"@id\":\"https:\\\/\\\/dorogimedence.hu\\\/index.php\\\/2025\\\/03\\\/29\\\/praktikus-etkezomegoldasok-minden-igenyhez\\\/\"},\"wordCount\":388,\"publisher\":{\"@id\":\"https:\\\/\\\/dorogimedence.hu\\\/#organization\"},\"keywords\":[\"\u00e9tkez\u0151garnit\u00fara\"],\"articleSection\":[\"H\u00edrek\"],\"inLanguage\":\"hu\"},{\"@type\":\"WebPage\",\"@id\":\"https:\\\/\\\/dorogimedence.hu\\\/index.php\\\/2025\\\/03\\\/29\\\/praktikus-etkezomegoldasok-minden-igenyhez\\\/\",\"url\":\"https:\\\/\\\/dorogimedence.hu\\\/index.php\\\/2025\\\/03\\\/29\\\/praktikus-etkezomegoldasok-minden-igenyhez\\\/\",\"name\":\"Praktikus \u00e9tkez\u0151megold\u00e1sok minden ig\u00e9nyhez\",\"isPartOf\":{\"@id\":\"https:\\\/\\\/dorogimedence.hu\\\/#website\"},\"datePublished\":\"2025-03-29T08:48:31+00:00\",\"breadcrumb\":{\"@id\":\"https:\\\/\\\/dorogimedence.hu\\\/index.php\\\/2025\\\/03\\\/29\\\/praktikus-etkezomegoldasok-minden-igenyhez\\\/#breadcrumb\"},\"inLanguage\":\"hu\",\"potentialAction\":[{\"@type\":\"ReadAction\",\"target\":[\"https:\\\/\\\/dorogimedence.hu\\\/index.php\\\/2025\\\/03\\\/29\\\/praktikus-etkezomegoldasok-minden-igenyhez\\\/\"]}]},{\"@type\":\"BreadcrumbList\",\"@id\":\"https:\\\/\\\/dorogimedence.hu\\\/index.php\\\/2025\\\/03\\\/29\\\/praktikus-etkezomegoldasok-minden-igenyhez\\\/#breadcrumb\",\"itemListElement\":[{\"@type\":\"ListItem\",\"position\":1,\"name\":\"Kezd\u0151lap\",\"item\":\"https:\\\/\\\/dorogimedence.hu\\\/\"},{\"@type\":\"ListItem\",\"position\":2,\"name\":\"Praktikus \u00e9tkez\u0151megold\u00e1sok minden ig\u00e9nyhez\"}]},{\"@type\":\"WebSite\",\"@id\":\"https:\\\/\\\/dorogimedence.hu\\\/#website\",\"url\":\"https:\\\/\\\/dorogimedence.hu\\\/\",\"name\":\"Dorogi-medence Region\u00e1lis H\u00edrport\u00e1l\",\"description\":\"Dorog, Keszt\u00f6lc, Le\u00e1nyv\u00e1r, Piliscs\u00e9v, Tokod, Tokodalt\u00e1r\u00f3, Csolnok, Esztergom-kertv\u00e1ros: h\u00edrek, programok\",\"publisher\":{\"@id\":\"https:\\\/\\\/dorogimedence.hu\\\/#organization\"},\"potentialAction\":[{\"@type\":\"SearchAction\",\"target\":{\"@type\":\"EntryPoint\",\"urlTemplate\":\"https:\\\/\\\/dorogimedence.hu\\\/?s={search_term_string}\"},\"query-input\":{\"@type\":\"PropertyValueSpecification\",\"valueRequired\":true,\"valueName\":\"search_term_string\"}}],\"inLanguage\":\"hu\"},{\"@type\":\"Organization\",\"@id\":\"https:\\\/\\\/dorogimedence.hu\\\/#organization\",\"name\":\"Dorogi-medence Region\u00e1lis H\u00edrport\u00e1l\",\"url\":\"https:\\\/\\\/dorogimedence.hu\\\/\",\"logo\":{\"@type\":\"ImageObject\",\"inLanguage\":\"hu\",\"@id\":\"https:\\\/\\\/dorogimedence.hu\\\/#\\\/schema\\\/logo\\\/image\\\/\",\"url\":\"https:\\\/\\\/dorogimedence.hu\\\/wp-content\\\/uploads\\\/2021\\\/04\\\/logo-feher-600.png\",\"contentUrl\":\"https:\\\/\\\/dorogimedence.hu\\\/wp-content\\\/uploads\\\/2021\\\/04\\\/logo-feher-600.png\",\"width\":600,\"height\":100,\"caption\":\"Dorogi-medence Region\u00e1lis H\u00edrport\u00e1l\"},\"image\":{\"@id\":\"https:\\\/\\\/dorogimedence.hu\\\/#\\\/schema\\\/logo\\\/image\\\/\"},\"sameAs\":[\"https:\\\/\\\/www.facebook.com\\\/dorogimedence\\\/\"]},{\"@type\":\"Person\",\"@id\":\"https:\\\/\\\/dorogimedence.hu\\\/#\\\/schema\\\/person\\\/ce6091eeb7e95ecdc87890d6aa8e0fd4\",\"name\":\"dorogimedence.hu\",\"image\":{\"@type\":\"ImageObject\",\"inLanguage\":\"hu\",\"@id\":\"\\\/\\\/www.gravatar.com\\\/avatar\\\/d8d45f8901aadff40a4af72c0b826f1d?s=96&#038;r=g&#038;d=mm\",\"url\":\"\\\/\\\/www.gravatar.com\\\/avatar\\\/d8d45f8901aadff40a4af72c0b826f1d?s=96&#038;r=g&#038;d=mm\",\"contentUrl\":\"\\\/\\\/www.gravatar.com\\\/avatar\\\/d8d45f8901aadff40a4af72c0b826f1d?s=96&#038;r=g&#038;d=mm\",\"caption\":\"dorogimedence.hu\"}}]}<\/script>\n<!-- \/ Yoast SEO plugin. -->","yoast_head_json":{"title":"Praktikus \u00e9tkez\u0151megold\u00e1sok minden ig\u00e9nyhez","robots":{"index":"index","follow":"follow","max-snippet":"max-snippet:-1","max-image-preview":"max-image-preview:large","max-video-preview":"max-video-preview:-1"},"canonical":"https:\/\/dorogimedence.hu\/index.php\/2025\/03\/29\/praktikus-etkezomegoldasok-minden-igenyhez\/","og_locale":"hu_HU","og_type":"article","og_title":"Praktikus \u00e9tkez\u0151megold\u00e1sok minden ig\u00e9nyhez","og_description":"Az \u00e9tkez\u0151garnit\u00far\u00e1k m\u00e1r nem csak a funkcionalit\u00e1sr\u00f3l sz\u00f3lnak \u2013 kreat\u00edv f\u00f3kuszpontok lehetnek otthonunkban, \u00e9s az \u00e9tkez\u00e9sen t\u00fal t\u00f6bbf\u00e9le c\u00e9lra is szolg\u00e1lhatnak. Legyen sz\u00f3 nagyobb \u00f6sszej\u00f6vetelekr\u0151l, vagy hangulatos otthoni \u00e9tkez\u0151 sarok kialak\u00edt\u00e1s\u00e1r\u00f3l, mindenki sz\u00e1m\u00e1ra megtal\u00e1lhatjuk a t\u00f6k\u00e9letes megold\u00e1st. Alapvet\u0151 szempontok A praktikus \u00e9tkez\u0151garnit\u00far\u00e1k kiv\u00e1laszt\u00e1sakor a m\u00e9ret bizony sz\u00e1m\u00edt. Kis helyekre \u00e9rdemes egy kompakt, kerek \u00e9tkez\u0151asztalt v\u00e1lasztani,","og_url":"https:\/\/dorogimedence.hu\/index.php\/2025\/03\/29\/praktikus-etkezomegoldasok-minden-igenyhez\/","og_site_name":"Dorogi-medence Region\u00e1lis H\u00edrport\u00e1l","article_publisher":"https:\/\/www.facebook.com\/dorogimedence\/","article_published_time":"2025-03-29T08:48:31+00:00","og_image":[{"width":1280,"height":853,"url":"https:\/\/dorogimedence.hu\/wp-content\/uploads\/2025\/03\/adobestock_304097987.jpg","type":"image\/jpeg"}],"author":"dorogimedence.hu","twitter_card":"summary_large_image","twitter_misc":{"Szerz\u0151:":"dorogimedence.hu","Becs\u00fclt olvas\u00e1si id\u0151":"2 perc"},"schema":{"@context":"https:\/\/schema.org","@graph":[{"@type":"Article","@id":"https:\/\/dorogimedence.hu\/index.php\/2025\/03\/29\/praktikus-etkezomegoldasok-minden-igenyhez\/#article","isPartOf":{"@id":"https:\/\/dorogimedence.hu\/index.php\/2025\/03\/29\/praktikus-etkezomegoldasok-minden-igenyhez\/"},"author":{"name":"dorogimedence.hu","@id":"https:\/\/dorogimedence.hu\/#\/schema\/person\/ce6091eeb7e95ecdc87890d6aa8e0fd4"},"headline":"Praktikus \u00e9tkez\u0151megold\u00e1sok minden ig\u00e9nyhez","datePublished":"2025-03-29T08:48:31+00:00","mainEntityOfPage":{"@id":"https:\/\/dorogimedence.hu\/index.php\/2025\/03\/29\/praktikus-etkezomegoldasok-minden-igenyhez\/"},"wordCount":388,"publisher":{"@id":"https:\/\/dorogimedence.hu\/#organization"},"keywords":["\u00e9tkez\u0151garnit\u00fara"],"articleSection":["H\u00edrek"],"inLanguage":"hu"},{"@type":"WebPage","@id":"https:\/\/dorogimedence.hu\/index.php\/2025\/03\/29\/praktikus-etkezomegoldasok-minden-igenyhez\/","url":"https:\/\/dorogimedence.hu\/index.php\/2025\/03\/29\/praktikus-etkezomegoldasok-minden-igenyhez\/","name":"Praktikus \u00e9tkez\u0151megold\u00e1sok minden ig\u00e9nyhez","isPartOf":{"@id":"https:\/\/dorogimedence.hu\/#website"},"datePublished":"2025-03-29T08:48:31+00:00","breadcrumb":{"@id":"https:\/\/dorogimedence.hu\/index.php\/2025\/03\/29\/praktikus-etkezomegoldasok-minden-igenyhez\/#breadcrumb"},"inLanguage":"hu","potentialAction":[{"@type":"ReadAction","target":["https:\/\/dorogimedence.hu\/index.php\/2025\/03\/29\/praktikus-etkezomegoldasok-minden-igenyhez\/"]}]},{"@type":"BreadcrumbList","@id":"https:\/\/dorogimedence.hu\/index.php\/2025\/03\/29\/praktikus-etkezomegoldasok-minden-igenyhez\/#breadcrumb","itemListElement":[{"@type":"ListItem","position":1,"name":"Kezd\u0151lap","item":"https:\/\/dorogimedence.hu\/"},{"@type":"ListItem","position":2,"name":"Praktikus \u00e9tkez\u0151megold\u00e1sok minden ig\u00e9nyhez"}]},{"@type":"WebSite","@id":"https:\/\/dorogimedence.hu\/#website","url":"https:\/\/dorogimedence.hu\/","name":"Dorogi-medence Region\u00e1lis H\u00edrport\u00e1l","description":"Dorog, Keszt\u00f6lc, Le\u00e1nyv\u00e1r, Piliscs\u00e9v, Tokod, Tokodalt\u00e1r\u00f3, Csolnok, Esztergom-kertv\u00e1ros: h\u00edrek, programok","publisher":{"@id":"https:\/\/dorogimedence.hu\/#organization"},"potentialAction":[{"@type":"SearchAction","target":{"@type":"EntryPoint","urlTemplate":"https:\/\/dorogimedence.hu\/?s={search_term_string}"},"query-input":{"@type":"PropertyValueSpecification","valueRequired":true,"valueName":"search_term_string"}}],"inLanguage":"hu"},{"@type":"Organization","@id":"https:\/\/dorogimedence.hu\/#organization","name":"Dorogi-medence Region\u00e1lis H\u00edrport\u00e1l","url":"https:\/\/dorogimedence.hu\/","logo":{"@type":"ImageObject","inLanguage":"hu","@id":"https:\/\/dorogimedence.hu\/#\/schema\/logo\/image\/","url":"https:\/\/dorogimedence.hu\/wp-content\/uploads\/2021\/04\/logo-feher-600.png","contentUrl":"https:\/\/dorogimedence.hu\/wp-content\/uploads\/2021\/04\/logo-feher-600.png","width":600,"height":100,"caption":"Dorogi-medence Region\u00e1lis H\u00edrport\u00e1l"},"image":{"@id":"https:\/\/dorogimedence.hu\/#\/schema\/logo\/image\/"},"sameAs":["https:\/\/www.facebook.com\/dorogimedence\/"]},{"@type":"Person","@id":"https:\/\/dorogimedence.hu\/#\/schema\/person\/ce6091eeb7e95ecdc87890d6aa8e0fd4","name":"dorogimedence.hu","image":{"@type":"ImageObject","inLanguage":"hu","@id":"\/\/www.gravatar.com\/avatar\/d8d45f8901aadff40a4af72c0b826f1d?s=96&#038;r=g&#038;d=mm","url":"\/\/www.gravatar.com\/avatar\/d8d45f8901aadff40a4af72c0b826f1d?s=96&#038;r=g&#038;d=mm","contentUrl":"\/\/www.gravatar.com\/avatar\/d8d45f8901aadff40a4af72c0b826f1d?s=96&#038;r=g&#038;d=mm","caption":"dorogimedence.hu"}}]}},"_links":{"self":[{"href":"https:\/\/dorogimedence.hu\/index.php\/wp-json\/wp\/v2\/posts\/69845","targetHints":{"allow":["GET"]}}],"collection":[{"href":"https:\/\/dorogimedence.hu\/index.php\/wp-json\/wp\/v2\/posts"}],"about":[{"href":"https:\/\/dorogimedence.hu\/index.php\/wp-json\/wp\/v2\/types\/post"}],"author":[{"embeddable":true,"href":"https:\/\/dorogimedence.hu\/index.php\/wp-json\/wp\/v2\/users\/1"}],"replies":[{"embeddable":true,"href":"https:\/\/dorogimedence.hu\/index.php\/wp-json\/wp\/v2\/comments?post=69845"}],"version-history":[{"count":0,"href":"https:\/\/dorogimedence.hu\/index.php\/wp-json\/wp\/v2\/posts\/69845\/revisions"}],"wp:attachment":[{"href":"https:\/\/dorogimedence.hu\/index.php\/wp-json\/wp\/v2\/media?parent=69845"}],"wp:term":[{"taxonomy":"category","embeddable":true,"href":"https:\/\/dorogimedence.hu\/index.php\/wp-json\/wp\/v2\/categories?post=69845"},{"taxonomy":"post_tag","embeddable":true,"href":"https:\/\/dorogimedence.hu\/index.php\/wp-json\/wp\/v2\/tags?post=69845"}],"curies":[{"name":"wp","href":"https:\/\/api.w.org\/{rel}","templated":true}]}}