{"id":6978,"date":"2017-11-24T08:40:03","date_gmt":"2017-11-24T07:40:03","guid":{"rendered":"http:\/\/dorogimedence.hu\/?p=6978"},"modified":"2017-11-24T08:40:03","modified_gmt":"2017-11-24T07:40:03","slug":"fabian-laszlo-konyvet-mutattak-be","status":"publish","type":"post","link":"https:\/\/dorogimedence.hu\/index.php\/2017\/11\/24\/fabian-laszlo-konyvet-mutattak-be\/","title":{"rendered":"F\u00e1bi\u00e1n L\u00e1szl\u00f3 k\u00f6nyv\u00e9t mutatt\u00e1k be"},"content":{"rendered":"<p><strong>Az esztergomi Helischer J\u00f3zsef V\u00e1rosi K\u00f6nyvt\u00e1rban november 20-\u00e1n mutatt\u00e1k be F\u00e1bi\u00e1n L\u00e1szl\u00f3 \u00edr\u00f3 Balla Andr\u00e1s c\u00edm\u0171 k\u00f6nyv\u00e9t. A bemutat\u00f3n a szerz\u0151n \u00e9s Andr\u00e1son k\u00edv\u00fcl a k\u00f6nyv tipogr\u00e1fusa, Juh\u00e1sz M\u00e1rton is r\u00e9szt vett. Balla Andr\u00e1sr\u00f3l m\u00e1r t\u00f6bb k\u00f6nyv, album jelent meg.<\/strong><\/p>\n<p>Balla Andr\u00e1s 1945-ben sz\u00fcletett, Esztergomban \u00e9l. A Kert\u00e9szeti Egyetem kertm\u0171v\u00e9szet-t\u00e1j\u00e9p\u00edt\u00e9sz szak\u00e1n v\u00e9gzett, \u00e9s kert\u00e9p\u00edt\u0151 m\u00e9rn\u00f6kk\u00e9nt dolgozik. 1975-ben kezdett f\u00e9nyk\u00e9pezni, 1977-ben nyert felv\u00e9telt a Fiatalok Fot\u00f3m\u0171v\u00e9szeti St\u00fadi\u00f3j\u00e1ba, majd 1979-ben a Magyar Fot\u00f3m\u0171v\u00e9szek Sz\u00f6vets\u00e9g\u00e9be \u00e9s a Magyar Alkot\u00f3m\u0171v\u00e9szek Orsz\u00e1gos Egyes\u00fclet\u00e9be is.<\/p>\n<p>A nyolcvanas \u00e9vekig szekvenci\u00e1kat \u00e9s experiment\u00e1lis k\u00e9peket k\u00e9sz\u00edtett, ut\u00e1na a dokument\u00e1ci\u00f3s ir\u00e1nyzat fel\u00e9 fordult. 1992-ben Balogh Rudolf-d\u00edjat, 2000-ben HUNGART \u00f6szt\u00f6nd\u00edjat, 2006-ban a 15. Esztergomi Fot\u00f3m\u0171v\u00e9szeti Bienn\u00e1l\u00e9n k\u00fcl\u00f6nd\u00edjat, 2009-ben a Magyar Fotogr\u00e1fiai Nagyd\u00edjat kapta meg. 2012 \u00f3ta a Magyar M\u0171v\u00e9szeti Akad\u00e9mia rendes tagja.<\/p>\n<p>A k\u00f6nyvet a Magyar M\u0171v\u00e9szeti Akad\u00e9mia adta ki a tagjait bemutat\u00f3 sorozat r\u00e9szek\u00e9nt, rendk\u00edv\u00fcl ig\u00e9nyes, reprezentat\u00edv k\u00f6nyv form\u00e1j\u00e1ban.<\/p>\n<p>A bor\u00edt\u00f3-f\u00fcl\u00f6n Vaderna J\u00f3zsef Balla Andr\u00e1snak c\u00edm\u0171 vers\u00e9t olvashatjuk, mintegy bevezet\u0151k\u00e9nt a k\u00f6nyvh\u00f6z. F\u00e1bi\u00e1n L\u00e1szl\u00f3 \u00edr\u00e1sa el\u00e9gg\u00e9 egybef\u00fcgg\u0151, olyan mint egy foly\u00f3, nincsenek benne fejezetek, vagy bekezd\u00e9sek.<\/p>\n<p>A k\u00f6nyv n\u00e9gy f\u0151fejezetre \u00e9p\u00fcl. Az els\u0151 \u2013 <em>Az id\u0151 anyaga<\/em> \u2013 l\u00e9nyeg\u00e9ben a fizikai vil\u00e1gk\u00e9p \u00e9s a m\u0171v\u00e9szi (eszt\u00e9tikai) vil\u00e1gk\u00e9p viszony\u00e1val, az alapstrukt\u00far\u00e1k \u2013 id\u0151 \u00e9s t\u00e9r \u2013 k\u00e9rd\u00e9seivel foglalkozik. Nyomban az id\u0151 \u00e9s a f\u00e9nyk\u00e9pez\u00e9s \u00f6sszef\u00fcgg\u00e9s\u00e9re koncentr\u00e1l: a pillanat dimenzi\u00f3j\u00e1ra, jeles\u00fcl, hogy a f\u00e9nyk\u00e9p ebben az \u00e9rtelemben is medit\u00e1ci\u00f3s t\u00e1blak\u00e9nt foghat\u00f3 f\u00f6l, ekk\u00e9ppen saj\u00e1tos reflex a vil\u00e1g evidenci\u00e1j\u00e1ra. A fot\u00f3 \u2013 term\u00e9szetesen \u2013 a kult\u00fara term\u00e9ke, maga is egyf\u00e9le kultusz \u2013 a coleo (m\u0171vel) etimol\u00f3gi\u00e1ja \u00e9rtelm\u00e9ben. (A tanulm\u00e1ny a tov\u00e1bbiakban is t\u00f6rekszik a fogalom-\u00e9rtelmez\u00e9snek ezt a m\u00f3dj\u00e1t k\u00f6vetni, a megnevez\u00e9sek eredet\u00e9re hagyatkozni.) Mivel az \u00edr\u00e1s szerkezete hagymaszer\u0171 \u00e9p\u00edtkez\u00e9st forsz\u00edroz, m\u00e1r itt (k\u00e9s\u0151bb \u00fajra meg \u00fajra) l\u00e1t\u00f3t\u00e9rbe ker\u00fclnek a Balla Andr\u00e1s eddigi \u00e9letm\u0171v\u00e9t \u00e9rint\u0151 t\u00f6rt\u00e9neti, szociol\u00f3giai, b\u00f6lcseleti k\u00e9rd\u00e9sek, rel\u00e1ci\u00f3k \u00e9s elrendez\u0151d\u00e9sek, vonzalmak \u00e9s d\u00f6nt\u00e9sek, azaz: illeszthet\u0151s\u00e9g \u00e9s illeszked\u00e9s meghat\u00e1roz\u00f3 folyamatokba, szellemi k\u00f6rnyezetbe. Ekk\u00e9nt a globalizmus \u00e9s a j\u00f6v\u0151k\u00e9p konzekvenci\u00e1i, a korszakoss\u00e1g jelent\u00e9se, jelent\u0151s\u00e9ge. Balla \u00e9s nemzed\u00e9ke a m\u00falt sz\u00e1zad 70-es \u00e9veiben indult, jellemz\u0151en azonos konstell\u00e1ci\u00f3ban, vir\u00e1gz\u00f3 amat\u0151rmozgalmak idej\u00e9n. (A fot\u00f3t minden m\u0171v\u00e9szeti \u00e1gn\u00e1l m\u00e9lyebben \u00e9rintette a professzionalizmus t\u00e9m\u00e1ja, k\u00f6z\u00e9leti manipul\u00e1lhat\u00f3s\u00e1ga, nem l\u00e9v\u00e9n f\u00f6ls\u0151 fok\u00fa iskol\u00e1ja.) Balla a tisztes fot\u00f3s m\u00falt\u00fa Esztergomban kezdte f\u00e9nyk\u00e9pez\u0151 tev\u00e9kenys\u00e9g\u00e9t, mindenekel\u0151tt Sipeki Gyul\u00e1val, Tam\u00e1si P\u00e9terrel; \u0151k alkott\u00e1k az STB-csoportot. Az ideol\u00f3giai skizofr\u00e9ni\u00e1ra jellemz\u0151 m\u00f3don a csoport \u00e1lland\u00f3 gond, rizik\u00f3-faktor volt az \u00e1llami ir\u00e1ny\u00edt\u00e1s szem\u00e9ben (id\u0151nk\u00e9nt pimaszul kifigur\u00e1zt\u00e1k az \u00e1llamp\u00e1rt szents\u00e9ges ikonogr\u00e1fi\u00e1j\u00e1t), egy\u00fattal azonban lok\u00e1l-patri\u00f3ta b\u00fcszkes\u00e9g (orsz\u00e1gos jelent\u0151s\u00e9g\u0171 f\u00f3rumot \u2013 Esztergomi Fot\u00f3bienn\u00e1l\u00e9 \u2013 szerveztek a modern magyar f\u00e9nyk\u00e9pez\u00e9snek). Balla indul\u00e1s\u00e1ban fontos szerepe van dokumentarista hajland\u00f3s\u00e1g\u00e1nak, t\u00e1gas k\u00e9pz\u0151m\u0171v\u00e9szeti \u00e9rdekl\u0151d\u00e9s\u00e9nek csak\u00fagy; nem v\u00e9letlen vonzalma a divatos trendekhez. Els\u0151 tematiz\u00e1lt t\u00f6mbjei ide kapcsolhat\u00f3k: a Betonpillang\u00f3 ak\u00e1r a kerti giccs dokumentumak\u00e9nt foghat\u00f3 f\u00f6l, a F\u00e9nyk\u00e9pfelv\u00e9telek Borosty\u00e1n Imr\u00e9r\u0151l lehetne szekvenci\u00e1kb\u00f3l kin\u0151tt k\u00e9preg\u00e9ny. Szimb\u00f3lumaiban, metafor\u00e1iban folyamatosan tematiz\u00e1lva a fotogr\u00e1fia \u00e9s az urbaniz\u00e1ci\u00f3, term\u00e9szet \u00e9s \u00e9p\u00edtett k\u00f6rnyezet, globaliz\u00e1ci\u00f3 \u00e9s \u00f6kol\u00f3gia esetenk\u00e9nt publicisztikus f\u00f6lvet\u00e9seit.<\/p>\n<p><img fetchpriority=\"high\" decoding=\"async\" class=\"alignnone size-full wp-image-6980\" src=\"https:\/\/dorogimedence.hu\/wp-content\/uploads\/2017\/11\/fabian-02.jpg\" alt=\"\" width=\"670\" height=\"365\" srcset=\"https:\/\/dorogimedence.hu\/wp-content\/uploads\/2017\/11\/fabian-02.jpg 670w, https:\/\/dorogimedence.hu\/wp-content\/uploads\/2017\/11\/fabian-02-300x163.jpg 300w\" sizes=\"(max-width: 670px) 100vw, 670px\" \/><\/p>\n<p><em>Vil\u00e1gra hanyatlott szorong\u00e1s<\/em> a m\u00e1sodik fejezet c\u00edme. A kor\u00e1bban expon\u00e1lt (olykor csup\u00e1n elm\u00e9leti szinten) k\u00e9rd\u00e9sek r\u00e9szletesebb lebont\u00e1sa, kidolgoz\u00e1sa a m\u0171alkot\u00e1s, az eszt\u00e9tikum dimenzi\u00f3j\u00e1ban. Balla alapszakm\u00e1ja szerint kerttervez\u0151; \u00f3hatatlan a kert (\u00e9p\u00edtett k\u00f6rnyezet) \u00e9s a fotogr\u00e1fia tal\u00e1lkoz\u00e1sa. Nem a hagyom\u00e1nyos t\u00e1jfot\u00f3 \u00e9rdekli, j\u00f3llehet, annak t\u00f6rt\u00e9neti \u00e9rdeme a f\u00e9nyk\u00e9pez\u00e9s f\u00f6lemelked\u00e9se. Ontol\u00f3giai k\u00e9rd\u00e9sek foglalkoztatj\u00e1k: a paradicsomi kert, mint minden kertek archet\u00edpusa, \u00c1d\u00e1m, az emberis\u00e9g \u0151s-atyja. Mindez persze, az \u00f6kol\u00f3giai sziszt\u00e9ma fenyegetetts\u00e9ge miatt (a szorong\u00e1s eredete) \u2013 t\u00e9pel\u0151d\u0151 rezign\u00e1ci\u00f3val. A kert\u00e9sz folyamatosan k\u00eds\u00e9rt a f\u00e9nyk\u00e9pez\u00e9sben: fot\u00f3eszt\u00e9tikum \u00e9s kerteszt\u00e9tikum kop\u00edroz\u00f3dik egym\u00e1sra, nem puszt\u00e1n er\u0151s\u00edtve, de \u00e9rtelmezve is egym\u00e1st.<\/p>\n<p><em>\u00c1d\u00e1m, hol vagy?<\/em> \u2013 a c\u00edm a harmadik fejezet \u00e9l\u00e9n. Az \u00c1d\u00e1m n\u00e9v etimol\u00f3gi\u00e1ja mutatja, hogy az egyedi az \u00e1ltal\u00e1nosban az emberre, az ember nembelis\u00e9g\u00e9re fordul, egzisztenci\u00e1lis d\u00f6nt\u00e9s helyzet\u00e9ben (ti. hogy f\u00f6l\u00e9bredjen-e, \u00e9letre keljen-e, v\u00e1llalja-e a l\u00e9tez\u00e9st), mik\u00e9ppen ez az \u00fczenet \u00f6ntudatlans\u00e1gk\u00e9nt k\u00f3dol\u00f3dik a Genezis t\u00e9m\u00e1j\u00e1ban. Baudelaire sugalmaz\u00e1s\u00e1ra a gesztus emfatikus igazs\u00e1g\u00e1r\u00f3l lehet besz\u00e9lni; a mozzanat f\u00f6lismer\u00e9se \u00e9s \u00e9rtelmez\u00e9se Balla k\u00e9p\u00e9nek k\u00f6zponti t\u00e9m\u00e1ja.<\/p>\n<p>A negyedik fejezet k\u00eds\u00e9rlet az ismertetett \u00e9letm\u0171 \u00e9rt\u00e9kel\u00e9s\u00e9re, amit \u2013 rem\u00e9lhet\u0151leg \u2013 c\u00edme fejez ki a legpontosabban, legt\u00f6m\u00f6rebben: <em>Az \u00f6sszegz\u00e9s mint nyit\u00e1ny<\/em>. A szoros olvasat hermeneutikai pr\u00f3b\u00e1lkoz\u00e1sa. A m\u0171 \u00e9s val\u00f3s\u00e1g pontos distinkci\u00f3ja \u00e9s egy\u00fattal m\u0171k\u00f6d\u0151 dialektik\u00e1ja egym\u00e1sba t\u00fckr\u00f6z\u00e9se.<\/p>\n<p>A Jegyzetek k\u00f6zvetlen sz\u00f6vegmagyar\u00e1zatok. A F\u00fcggel\u00e9kben a szerz\u0151 kor\u00e1bbi jelent\u0151sebb Balla-\u00edr\u00e1sai olvashat\u00f3k. A k\u00f6tetet gazdag Bibliogr\u00e1fia z\u00e1rja.<\/p>\n<p>Balla a sz\u00e9ps\u00e9g \u00e9s eszt\u00e9tikum, \u00e9s persze a f\u00e1k ir\u00e1nti olthatatlan v\u00e1gy\u00f3d\u00e1sa mellett nagyban foglalkozott k\u00e9pein a t\u00e1rsadalom margin\u00e1lis, devi\u00e1ns szeleteivel, nemcsak a gy\u00f6ny\u00f6r \u00e9s \u00f6r\u00f6m forr\u00e1sait, de az \u00e9let karcos r\u00e9sz\u00e9t is megvil\u00e1g\u00edtotta reflektoraival \u00e9s meg is \u00fczente azokat az ut\u00f3kornak.<\/p>\n<p>Ez a k\u00f6nyv olyan Ball\u00e1nak, mint egy napl\u00f3, mindig azt f\u00e9nyk\u00e9pezte le, amibe szerelmes volt. Megeml\u00edtette k\u00e9t kedvenc k\u00e9p\u00e9t, a \u201eMenek\u00fcltek eml\u00e9k\u00e9re\u201d c\u00edm\u0171t, ami a kiszolg\u00e1ltatotts\u00e1got mutatja be, a m\u00e1sik a \u201eSz\u00e9tt\u00f6rt csend\u00e9let\u201d, amely egy ravennai eml\u00e9k\u00e9t, a Teremt\u00e9sr\u0151l k\u00e9sz\u00fclt h\u00e1rom \u00f6sszet\u00f6rt k\u00e9pet is felid\u00e9zi.<\/p>\n<p>Balla Andr\u00e1snak \u00f6t unok\u00e1ja van. Szeretne jobban lenni, hogy min\u00e9l t\u00f6bb id\u0151t t\u00f6lthessen vel\u00fck. Hisz a horoszk\u00f3pban, a skorpi\u00f3 a kedvenc jegye, \u0151 maga november 18-\u00e1n sz\u00fcletett.<\/p>\n<p><strong><em>H\u00e1mosn\u00e9 Sz\u0151ke Anna<\/em><\/strong><\/p>\n<p><em>Fot\u00f3: Ny\u00e1ri Andrea<\/em><\/p>\n","protected":false},"excerpt":{"rendered":"<p>Az esztergomi Helischer J\u00f3zsef V\u00e1rosi K\u00f6nyvt\u00e1rban november 20-\u00e1n mutatt\u00e1k be F\u00e1bi\u00e1n L\u00e1szl\u00f3 \u00edr\u00f3 Balla Andr\u00e1s c\u00edm\u0171 k\u00f6nyv\u00e9t. A bemutat\u00f3n a szerz\u0151n \u00e9s Andr\u00e1son k\u00edv\u00fcl a k\u00f6nyv tipogr\u00e1fusa, Juh\u00e1sz M\u00e1rton is r\u00e9szt vett. Balla Andr\u00e1sr\u00f3l m\u00e1r t\u00f6bb k\u00f6nyv, album jelent meg. Balla Andr\u00e1s 1945-ben sz\u00fcletett, Esztergomban \u00e9l. A Kert\u00e9szeti Egyetem kertm\u0171v\u00e9szet-t\u00e1j\u00e9p\u00edt\u00e9sz szak\u00e1n v\u00e9gzett, \u00e9s kert\u00e9p\u00edt\u0151 m\u00e9rn\u00f6kk\u00e9nt<\/p>\n","protected":false},"author":1,"featured_media":6979,"comment_status":"closed","ping_status":"closed","sticky":false,"template":"","format":"standard","meta":{"ngg_post_thumbnail":0,"footnotes":""},"categories":[38,3],"tags":[1894,42,1893,144],"class_list":{"0":"post-6978","1":"post","2":"type-post","3":"status-publish","4":"format-standard","5":"has-post-thumbnail","7":"category-esztergom","8":"category-hirek","9":"tag-balla-andras","10":"tag-esztergom","11":"tag-fabian-laszlo","12":"tag-konyvtar"},"yoast_head":"<!-- This site is optimized with the Yoast SEO plugin v27.4 - https:\/\/yoast.com\/product\/yoast-seo-wordpress\/ -->\n<title>F\u00e1bi\u00e1n L\u00e1szl\u00f3 k\u00f6nyv\u00e9t mutatt\u00e1k be<\/title>\n<meta name=\"robots\" content=\"index, follow, max-snippet:-1, max-image-preview:large, max-video-preview:-1\" \/>\n<link rel=\"canonical\" href=\"https:\/\/dorogimedence.hu\/index.php\/2017\/11\/24\/fabian-laszlo-konyvet-mutattak-be\/\" class=\"yoast-seo-meta-tag\" \/>\n<meta property=\"og:locale\" content=\"hu_HU\" class=\"yoast-seo-meta-tag\" \/>\n<meta property=\"og:type\" content=\"article\" class=\"yoast-seo-meta-tag\" \/>\n<meta property=\"og:title\" content=\"F\u00e1bi\u00e1n L\u00e1szl\u00f3 k\u00f6nyv\u00e9t mutatt\u00e1k be\" class=\"yoast-seo-meta-tag\" \/>\n<meta property=\"og:description\" content=\"Az esztergomi Helischer J\u00f3zsef V\u00e1rosi K\u00f6nyvt\u00e1rban november 20-\u00e1n mutatt\u00e1k be F\u00e1bi\u00e1n L\u00e1szl\u00f3 \u00edr\u00f3 Balla Andr\u00e1s c\u00edm\u0171 k\u00f6nyv\u00e9t. A bemutat\u00f3n a szerz\u0151n \u00e9s Andr\u00e1son k\u00edv\u00fcl a k\u00f6nyv tipogr\u00e1fusa, Juh\u00e1sz M\u00e1rton is r\u00e9szt vett. Balla Andr\u00e1sr\u00f3l m\u00e1r t\u00f6bb k\u00f6nyv, album jelent meg. Balla Andr\u00e1s 1945-ben sz\u00fcletett, Esztergomban \u00e9l. A Kert\u00e9szeti Egyetem kertm\u0171v\u00e9szet-t\u00e1j\u00e9p\u00edt\u00e9sz szak\u00e1n v\u00e9gzett, \u00e9s kert\u00e9p\u00edt\u0151 m\u00e9rn\u00f6kk\u00e9nt\" class=\"yoast-seo-meta-tag\" \/>\n<meta property=\"og:url\" content=\"https:\/\/dorogimedence.hu\/index.php\/2017\/11\/24\/fabian-laszlo-konyvet-mutattak-be\/\" class=\"yoast-seo-meta-tag\" \/>\n<meta property=\"og:site_name\" content=\"Dorogi-medence Region\u00e1lis H\u00edrport\u00e1l\" class=\"yoast-seo-meta-tag\" \/>\n<meta property=\"article:publisher\" content=\"https:\/\/www.facebook.com\/dorogimedence\/\" class=\"yoast-seo-meta-tag\" \/>\n<meta property=\"article:published_time\" content=\"2017-11-24T07:40:03+00:00\" class=\"yoast-seo-meta-tag\" \/>\n<meta property=\"og:image\" content=\"https:\/\/i0.wp.com\/dorogimedence.hu\/wp-content\/uploads\/2017\/11\/fabian-01.jpg?fit=670%2C365&ssl=1\" class=\"yoast-seo-meta-tag\" \/>\n\t<meta property=\"og:image:width\" content=\"670\" class=\"yoast-seo-meta-tag\" \/>\n\t<meta property=\"og:image:height\" content=\"365\" class=\"yoast-seo-meta-tag\" \/>\n\t<meta property=\"og:image:type\" content=\"image\/jpeg\" class=\"yoast-seo-meta-tag\" \/>\n<meta name=\"author\" content=\"dorogimedence.hu\" class=\"yoast-seo-meta-tag\" \/>\n<meta name=\"twitter:card\" content=\"summary_large_image\" class=\"yoast-seo-meta-tag\" \/>\n<meta name=\"twitter:label1\" content=\"Szerz\u0151:\" class=\"yoast-seo-meta-tag\" \/>\n\t<meta name=\"twitter:data1\" content=\"dorogimedence.hu\" class=\"yoast-seo-meta-tag\" \/>\n\t<meta name=\"twitter:label2\" content=\"Becs\u00fclt olvas\u00e1si id\u0151\" class=\"yoast-seo-meta-tag\" \/>\n\t<meta name=\"twitter:data2\" content=\"7 perc\" class=\"yoast-seo-meta-tag\" \/>\n<script type=\"application\/ld+json\" class=\"yoast-schema-graph\">{\"@context\":\"https:\\\/\\\/schema.org\",\"@graph\":[{\"@type\":\"Article\",\"@id\":\"https:\\\/\\\/dorogimedence.hu\\\/index.php\\\/2017\\\/11\\\/24\\\/fabian-laszlo-konyvet-mutattak-be\\\/#article\",\"isPartOf\":{\"@id\":\"https:\\\/\\\/dorogimedence.hu\\\/index.php\\\/2017\\\/11\\\/24\\\/fabian-laszlo-konyvet-mutattak-be\\\/\"},\"author\":{\"name\":\"dorogimedence.hu\",\"@id\":\"https:\\\/\\\/dorogimedence.hu\\\/#\\\/schema\\\/person\\\/ce6091eeb7e95ecdc87890d6aa8e0fd4\"},\"headline\":\"F\u00e1bi\u00e1n L\u00e1szl\u00f3 k\u00f6nyv\u00e9t mutatt\u00e1k be\",\"datePublished\":\"2017-11-24T07:40:03+00:00\",\"mainEntityOfPage\":{\"@id\":\"https:\\\/\\\/dorogimedence.hu\\\/index.php\\\/2017\\\/11\\\/24\\\/fabian-laszlo-konyvet-mutattak-be\\\/\"},\"wordCount\":1326,\"publisher\":{\"@id\":\"https:\\\/\\\/dorogimedence.hu\\\/#organization\"},\"image\":{\"@id\":\"https:\\\/\\\/dorogimedence.hu\\\/index.php\\\/2017\\\/11\\\/24\\\/fabian-laszlo-konyvet-mutattak-be\\\/#primaryimage\"},\"thumbnailUrl\":\"https:\\\/\\\/dorogimedence.hu\\\/wp-content\\\/uploads\\\/2017\\\/11\\\/fabian-01.jpg\",\"keywords\":[\"Balla Andr\u00e1s\",\"esztergom\",\"F\u00e1bi\u00e1n L\u00e1szl\u00f3\",\"k\u00f6nyvt\u00e1r\"],\"articleSection\":[\"Esztergom\",\"H\u00edrek\"],\"inLanguage\":\"hu\"},{\"@type\":\"WebPage\",\"@id\":\"https:\\\/\\\/dorogimedence.hu\\\/index.php\\\/2017\\\/11\\\/24\\\/fabian-laszlo-konyvet-mutattak-be\\\/\",\"url\":\"https:\\\/\\\/dorogimedence.hu\\\/index.php\\\/2017\\\/11\\\/24\\\/fabian-laszlo-konyvet-mutattak-be\\\/\",\"name\":\"F\u00e1bi\u00e1n L\u00e1szl\u00f3 k\u00f6nyv\u00e9t mutatt\u00e1k be\",\"isPartOf\":{\"@id\":\"https:\\\/\\\/dorogimedence.hu\\\/#website\"},\"primaryImageOfPage\":{\"@id\":\"https:\\\/\\\/dorogimedence.hu\\\/index.php\\\/2017\\\/11\\\/24\\\/fabian-laszlo-konyvet-mutattak-be\\\/#primaryimage\"},\"image\":{\"@id\":\"https:\\\/\\\/dorogimedence.hu\\\/index.php\\\/2017\\\/11\\\/24\\\/fabian-laszlo-konyvet-mutattak-be\\\/#primaryimage\"},\"thumbnailUrl\":\"https:\\\/\\\/dorogimedence.hu\\\/wp-content\\\/uploads\\\/2017\\\/11\\\/fabian-01.jpg\",\"datePublished\":\"2017-11-24T07:40:03+00:00\",\"breadcrumb\":{\"@id\":\"https:\\\/\\\/dorogimedence.hu\\\/index.php\\\/2017\\\/11\\\/24\\\/fabian-laszlo-konyvet-mutattak-be\\\/#breadcrumb\"},\"inLanguage\":\"hu\",\"potentialAction\":[{\"@type\":\"ReadAction\",\"target\":[\"https:\\\/\\\/dorogimedence.hu\\\/index.php\\\/2017\\\/11\\\/24\\\/fabian-laszlo-konyvet-mutattak-be\\\/\"]}]},{\"@type\":\"ImageObject\",\"inLanguage\":\"hu\",\"@id\":\"https:\\\/\\\/dorogimedence.hu\\\/index.php\\\/2017\\\/11\\\/24\\\/fabian-laszlo-konyvet-mutattak-be\\\/#primaryimage\",\"url\":\"https:\\\/\\\/dorogimedence.hu\\\/wp-content\\\/uploads\\\/2017\\\/11\\\/fabian-01.jpg\",\"contentUrl\":\"https:\\\/\\\/dorogimedence.hu\\\/wp-content\\\/uploads\\\/2017\\\/11\\\/fabian-01.jpg\",\"width\":670,\"height\":365},{\"@type\":\"BreadcrumbList\",\"@id\":\"https:\\\/\\\/dorogimedence.hu\\\/index.php\\\/2017\\\/11\\\/24\\\/fabian-laszlo-konyvet-mutattak-be\\\/#breadcrumb\",\"itemListElement\":[{\"@type\":\"ListItem\",\"position\":1,\"name\":\"Kezd\u0151lap\",\"item\":\"https:\\\/\\\/dorogimedence.hu\\\/\"},{\"@type\":\"ListItem\",\"position\":2,\"name\":\"F\u00e1bi\u00e1n L\u00e1szl\u00f3 k\u00f6nyv\u00e9t mutatt\u00e1k be\"}]},{\"@type\":\"WebSite\",\"@id\":\"https:\\\/\\\/dorogimedence.hu\\\/#website\",\"url\":\"https:\\\/\\\/dorogimedence.hu\\\/\",\"name\":\"Dorogi-medence Region\u00e1lis H\u00edrport\u00e1l\",\"description\":\"Dorog, Keszt\u00f6lc, Le\u00e1nyv\u00e1r, Piliscs\u00e9v, Tokod, Tokodalt\u00e1r\u00f3, Csolnok, Esztergom-kertv\u00e1ros: h\u00edrek, programok\",\"publisher\":{\"@id\":\"https:\\\/\\\/dorogimedence.hu\\\/#organization\"},\"potentialAction\":[{\"@type\":\"SearchAction\",\"target\":{\"@type\":\"EntryPoint\",\"urlTemplate\":\"https:\\\/\\\/dorogimedence.hu\\\/?s={search_term_string}\"},\"query-input\":{\"@type\":\"PropertyValueSpecification\",\"valueRequired\":true,\"valueName\":\"search_term_string\"}}],\"inLanguage\":\"hu\"},{\"@type\":\"Organization\",\"@id\":\"https:\\\/\\\/dorogimedence.hu\\\/#organization\",\"name\":\"Dorogi-medence Region\u00e1lis H\u00edrport\u00e1l\",\"url\":\"https:\\\/\\\/dorogimedence.hu\\\/\",\"logo\":{\"@type\":\"ImageObject\",\"inLanguage\":\"hu\",\"@id\":\"https:\\\/\\\/dorogimedence.hu\\\/#\\\/schema\\\/logo\\\/image\\\/\",\"url\":\"https:\\\/\\\/dorogimedence.hu\\\/wp-content\\\/uploads\\\/2021\\\/04\\\/logo-feher-600.png\",\"contentUrl\":\"https:\\\/\\\/dorogimedence.hu\\\/wp-content\\\/uploads\\\/2021\\\/04\\\/logo-feher-600.png\",\"width\":600,\"height\":100,\"caption\":\"Dorogi-medence Region\u00e1lis H\u00edrport\u00e1l\"},\"image\":{\"@id\":\"https:\\\/\\\/dorogimedence.hu\\\/#\\\/schema\\\/logo\\\/image\\\/\"},\"sameAs\":[\"https:\\\/\\\/www.facebook.com\\\/dorogimedence\\\/\"]},{\"@type\":\"Person\",\"@id\":\"https:\\\/\\\/dorogimedence.hu\\\/#\\\/schema\\\/person\\\/ce6091eeb7e95ecdc87890d6aa8e0fd4\",\"name\":\"dorogimedence.hu\",\"image\":{\"@type\":\"ImageObject\",\"inLanguage\":\"hu\",\"@id\":\"\\\/\\\/www.gravatar.com\\\/avatar\\\/d8d45f8901aadff40a4af72c0b826f1d?s=96&#038;r=g&#038;d=mm\",\"url\":\"\\\/\\\/www.gravatar.com\\\/avatar\\\/d8d45f8901aadff40a4af72c0b826f1d?s=96&#038;r=g&#038;d=mm\",\"contentUrl\":\"\\\/\\\/www.gravatar.com\\\/avatar\\\/d8d45f8901aadff40a4af72c0b826f1d?s=96&#038;r=g&#038;d=mm\",\"caption\":\"dorogimedence.hu\"}}]}<\/script>\n<!-- \/ Yoast SEO plugin. -->","yoast_head_json":{"title":"F\u00e1bi\u00e1n L\u00e1szl\u00f3 k\u00f6nyv\u00e9t mutatt\u00e1k be","robots":{"index":"index","follow":"follow","max-snippet":"max-snippet:-1","max-image-preview":"max-image-preview:large","max-video-preview":"max-video-preview:-1"},"canonical":"https:\/\/dorogimedence.hu\/index.php\/2017\/11\/24\/fabian-laszlo-konyvet-mutattak-be\/","og_locale":"hu_HU","og_type":"article","og_title":"F\u00e1bi\u00e1n L\u00e1szl\u00f3 k\u00f6nyv\u00e9t mutatt\u00e1k be","og_description":"Az esztergomi Helischer J\u00f3zsef V\u00e1rosi K\u00f6nyvt\u00e1rban november 20-\u00e1n mutatt\u00e1k be F\u00e1bi\u00e1n L\u00e1szl\u00f3 \u00edr\u00f3 Balla Andr\u00e1s c\u00edm\u0171 k\u00f6nyv\u00e9t. A bemutat\u00f3n a szerz\u0151n \u00e9s Andr\u00e1son k\u00edv\u00fcl a k\u00f6nyv tipogr\u00e1fusa, Juh\u00e1sz M\u00e1rton is r\u00e9szt vett. Balla Andr\u00e1sr\u00f3l m\u00e1r t\u00f6bb k\u00f6nyv, album jelent meg. Balla Andr\u00e1s 1945-ben sz\u00fcletett, Esztergomban \u00e9l. A Kert\u00e9szeti Egyetem kertm\u0171v\u00e9szet-t\u00e1j\u00e9p\u00edt\u00e9sz szak\u00e1n v\u00e9gzett, \u00e9s kert\u00e9p\u00edt\u0151 m\u00e9rn\u00f6kk\u00e9nt","og_url":"https:\/\/dorogimedence.hu\/index.php\/2017\/11\/24\/fabian-laszlo-konyvet-mutattak-be\/","og_site_name":"Dorogi-medence Region\u00e1lis H\u00edrport\u00e1l","article_publisher":"https:\/\/www.facebook.com\/dorogimedence\/","article_published_time":"2017-11-24T07:40:03+00:00","og_image":[{"width":670,"height":365,"url":"https:\/\/i0.wp.com\/dorogimedence.hu\/wp-content\/uploads\/2017\/11\/fabian-01.jpg?fit=670%2C365&ssl=1","type":"image\/jpeg"}],"author":"dorogimedence.hu","twitter_card":"summary_large_image","twitter_misc":{"Szerz\u0151:":"dorogimedence.hu","Becs\u00fclt olvas\u00e1si id\u0151":"7 perc"},"schema":{"@context":"https:\/\/schema.org","@graph":[{"@type":"Article","@id":"https:\/\/dorogimedence.hu\/index.php\/2017\/11\/24\/fabian-laszlo-konyvet-mutattak-be\/#article","isPartOf":{"@id":"https:\/\/dorogimedence.hu\/index.php\/2017\/11\/24\/fabian-laszlo-konyvet-mutattak-be\/"},"author":{"name":"dorogimedence.hu","@id":"https:\/\/dorogimedence.hu\/#\/schema\/person\/ce6091eeb7e95ecdc87890d6aa8e0fd4"},"headline":"F\u00e1bi\u00e1n L\u00e1szl\u00f3 k\u00f6nyv\u00e9t mutatt\u00e1k be","datePublished":"2017-11-24T07:40:03+00:00","mainEntityOfPage":{"@id":"https:\/\/dorogimedence.hu\/index.php\/2017\/11\/24\/fabian-laszlo-konyvet-mutattak-be\/"},"wordCount":1326,"publisher":{"@id":"https:\/\/dorogimedence.hu\/#organization"},"image":{"@id":"https:\/\/dorogimedence.hu\/index.php\/2017\/11\/24\/fabian-laszlo-konyvet-mutattak-be\/#primaryimage"},"thumbnailUrl":"https:\/\/dorogimedence.hu\/wp-content\/uploads\/2017\/11\/fabian-01.jpg","keywords":["Balla Andr\u00e1s","esztergom","F\u00e1bi\u00e1n L\u00e1szl\u00f3","k\u00f6nyvt\u00e1r"],"articleSection":["Esztergom","H\u00edrek"],"inLanguage":"hu"},{"@type":"WebPage","@id":"https:\/\/dorogimedence.hu\/index.php\/2017\/11\/24\/fabian-laszlo-konyvet-mutattak-be\/","url":"https:\/\/dorogimedence.hu\/index.php\/2017\/11\/24\/fabian-laszlo-konyvet-mutattak-be\/","name":"F\u00e1bi\u00e1n L\u00e1szl\u00f3 k\u00f6nyv\u00e9t mutatt\u00e1k be","isPartOf":{"@id":"https:\/\/dorogimedence.hu\/#website"},"primaryImageOfPage":{"@id":"https:\/\/dorogimedence.hu\/index.php\/2017\/11\/24\/fabian-laszlo-konyvet-mutattak-be\/#primaryimage"},"image":{"@id":"https:\/\/dorogimedence.hu\/index.php\/2017\/11\/24\/fabian-laszlo-konyvet-mutattak-be\/#primaryimage"},"thumbnailUrl":"https:\/\/dorogimedence.hu\/wp-content\/uploads\/2017\/11\/fabian-01.jpg","datePublished":"2017-11-24T07:40:03+00:00","breadcrumb":{"@id":"https:\/\/dorogimedence.hu\/index.php\/2017\/11\/24\/fabian-laszlo-konyvet-mutattak-be\/#breadcrumb"},"inLanguage":"hu","potentialAction":[{"@type":"ReadAction","target":["https:\/\/dorogimedence.hu\/index.php\/2017\/11\/24\/fabian-laszlo-konyvet-mutattak-be\/"]}]},{"@type":"ImageObject","inLanguage":"hu","@id":"https:\/\/dorogimedence.hu\/index.php\/2017\/11\/24\/fabian-laszlo-konyvet-mutattak-be\/#primaryimage","url":"https:\/\/dorogimedence.hu\/wp-content\/uploads\/2017\/11\/fabian-01.jpg","contentUrl":"https:\/\/dorogimedence.hu\/wp-content\/uploads\/2017\/11\/fabian-01.jpg","width":670,"height":365},{"@type":"BreadcrumbList","@id":"https:\/\/dorogimedence.hu\/index.php\/2017\/11\/24\/fabian-laszlo-konyvet-mutattak-be\/#breadcrumb","itemListElement":[{"@type":"ListItem","position":1,"name":"Kezd\u0151lap","item":"https:\/\/dorogimedence.hu\/"},{"@type":"ListItem","position":2,"name":"F\u00e1bi\u00e1n L\u00e1szl\u00f3 k\u00f6nyv\u00e9t mutatt\u00e1k be"}]},{"@type":"WebSite","@id":"https:\/\/dorogimedence.hu\/#website","url":"https:\/\/dorogimedence.hu\/","name":"Dorogi-medence Region\u00e1lis H\u00edrport\u00e1l","description":"Dorog, Keszt\u00f6lc, Le\u00e1nyv\u00e1r, Piliscs\u00e9v, Tokod, Tokodalt\u00e1r\u00f3, Csolnok, Esztergom-kertv\u00e1ros: h\u00edrek, programok","publisher":{"@id":"https:\/\/dorogimedence.hu\/#organization"},"potentialAction":[{"@type":"SearchAction","target":{"@type":"EntryPoint","urlTemplate":"https:\/\/dorogimedence.hu\/?s={search_term_string}"},"query-input":{"@type":"PropertyValueSpecification","valueRequired":true,"valueName":"search_term_string"}}],"inLanguage":"hu"},{"@type":"Organization","@id":"https:\/\/dorogimedence.hu\/#organization","name":"Dorogi-medence Region\u00e1lis H\u00edrport\u00e1l","url":"https:\/\/dorogimedence.hu\/","logo":{"@type":"ImageObject","inLanguage":"hu","@id":"https:\/\/dorogimedence.hu\/#\/schema\/logo\/image\/","url":"https:\/\/dorogimedence.hu\/wp-content\/uploads\/2021\/04\/logo-feher-600.png","contentUrl":"https:\/\/dorogimedence.hu\/wp-content\/uploads\/2021\/04\/logo-feher-600.png","width":600,"height":100,"caption":"Dorogi-medence Region\u00e1lis H\u00edrport\u00e1l"},"image":{"@id":"https:\/\/dorogimedence.hu\/#\/schema\/logo\/image\/"},"sameAs":["https:\/\/www.facebook.com\/dorogimedence\/"]},{"@type":"Person","@id":"https:\/\/dorogimedence.hu\/#\/schema\/person\/ce6091eeb7e95ecdc87890d6aa8e0fd4","name":"dorogimedence.hu","image":{"@type":"ImageObject","inLanguage":"hu","@id":"\/\/www.gravatar.com\/avatar\/d8d45f8901aadff40a4af72c0b826f1d?s=96&#038;r=g&#038;d=mm","url":"\/\/www.gravatar.com\/avatar\/d8d45f8901aadff40a4af72c0b826f1d?s=96&#038;r=g&#038;d=mm","contentUrl":"\/\/www.gravatar.com\/avatar\/d8d45f8901aadff40a4af72c0b826f1d?s=96&#038;r=g&#038;d=mm","caption":"dorogimedence.hu"}}]}},"_links":{"self":[{"href":"https:\/\/dorogimedence.hu\/index.php\/wp-json\/wp\/v2\/posts\/6978","targetHints":{"allow":["GET"]}}],"collection":[{"href":"https:\/\/dorogimedence.hu\/index.php\/wp-json\/wp\/v2\/posts"}],"about":[{"href":"https:\/\/dorogimedence.hu\/index.php\/wp-json\/wp\/v2\/types\/post"}],"author":[{"embeddable":true,"href":"https:\/\/dorogimedence.hu\/index.php\/wp-json\/wp\/v2\/users\/1"}],"replies":[{"embeddable":true,"href":"https:\/\/dorogimedence.hu\/index.php\/wp-json\/wp\/v2\/comments?post=6978"}],"version-history":[{"count":0,"href":"https:\/\/dorogimedence.hu\/index.php\/wp-json\/wp\/v2\/posts\/6978\/revisions"}],"wp:featuredmedia":[{"embeddable":true,"href":"https:\/\/dorogimedence.hu\/index.php\/wp-json\/wp\/v2\/media\/6979"}],"wp:attachment":[{"href":"https:\/\/dorogimedence.hu\/index.php\/wp-json\/wp\/v2\/media?parent=6978"}],"wp:term":[{"taxonomy":"category","embeddable":true,"href":"https:\/\/dorogimedence.hu\/index.php\/wp-json\/wp\/v2\/categories?post=6978"},{"taxonomy":"post_tag","embeddable":true,"href":"https:\/\/dorogimedence.hu\/index.php\/wp-json\/wp\/v2\/tags?post=6978"}],"curies":[{"name":"wp","href":"https:\/\/api.w.org\/{rel}","templated":true}]}}