{"id":69688,"date":"2025-03-21T10:44:57","date_gmt":"2025-03-21T09:44:57","guid":{"rendered":"https:\/\/dorogimedence.hu\/?p=69688"},"modified":"2025-03-21T10:44:57","modified_gmt":"2025-03-21T09:44:57","slug":"vietnami-fagyasztott-garnelaraknyarsat-hivott-vissza-a-fogyasztovedelem","status":"publish","type":"post","link":"https:\/\/dorogimedence.hu\/index.php\/2025\/03\/21\/vietnami-fagyasztott-garnelaraknyarsat-hivott-vissza-a-fogyasztovedelem\/","title":{"rendered":"Vietn\u00e1mi fagyasztott garn\u00e9lar\u00e1kny\u00e1rsat h\u00edvott vissza a fogyaszt\u00f3v\u00e9delem"},"content":{"rendered":"<p><strong>\u00c1llatgy\u00f3gy\u00e1szati szermarad\u00e9kot mutattak ki vietn\u00e1mi fagyasztott garn\u00e9lar\u00e1kny\u00e1rsakban, a kifog\u00e1solt t\u00e9teleket kivont\u00e1k a forgalomb\u00f3l <\/strong><em>&#8211; k\u00f6z\u00f6lte a Nemzeti Kereskedelmi \u00e9s Fogyaszt\u00f3v\u00e9delmi Hat\u00f3s\u00e1g (NKFH) cs\u00fct\u00f6rt\u00f6k\u00f6n.<\/em><\/p>\n<div id=\"1076\" class=\"text-text\/neutral\/strong font-medium mb-6\">\n<p class=\"mb-6\">Az Eur\u00f3pai Uni\u00f3 \u00e9lelmiszer- \u00e9s takarm\u00e1nybiztons\u00e1gi gyors riaszt\u00e1si rendszer\u00e9n (Rapid Alert System for Food and Feed, RASFF) \u00e9rkezett bejelent\u00e9s alapj\u00e1n \u00e1llatgy\u00f3gy\u00e1szati szermarad\u00e9k tartalmat mutattak ki vietn\u00e1mi fagyasztott garn\u00e9lar\u00e1k ny\u00e1rs term\u00e9kben. A term\u00e9kb\u0151l magyar v\u00e1llalkoz\u00e1sok r\u00e9sz\u00e9re is sz\u00e1ll\u00edtottak.<\/p>\n<p class=\"mb-6\">A Nemzeti Kereskedelmi \u00e9s Fogyaszt\u00f3v\u00e9delmi Hat\u00f3s\u00e1g k\u00e9sedelem n\u00e9lk\u00fcl felvette a kapcsolatot az \u00e9rintett v\u00e1llalkoz\u00e1sokkal, akik az NKFH-val egy\u00fcttm\u0171k\u00f6dve, a fogyaszt\u00f3k eg\u00e9szs\u00e9gv\u00e9delm\u00e9t szem el\u0151tt tartva, saj\u00e1t hat\u00e1sk\u00f6rben azonnal megtett\u00e9k a sz\u00fcks\u00e9ges int\u00e9zked\u00e9seket, gondoskodtak a kifog\u00e1solt t\u00e9telek forgalomb\u00f3l t\u00f6rt\u00e9n\u0151 kivon\u00e1s\u00e1r\u00f3l \u00e9s a fogyaszt\u00f3kt\u00f3l t\u00f6rt\u00e9n\u0151 visszah\u00edv\u00e1sr\u00f3l. A v\u00e1llalkoz\u00e1sok \u00e1ltal megtett int\u00e9zked\u00e9seket, valamint a visszagy\u0171jt\u00f6tt term\u00e9kek tov\u00e1bbi sors\u00e1t (megsemmis\u00edt\u00e9s\u00e9t vagy elsz\u00e1ll\u00edt\u00e1s\u00e1t) Hat\u00f3s\u00e1gunk nyomon k\u00f6veti.<\/p>\n<p class=\"mb-6\"><strong>Az \u00e9rintett term\u00e9k adatai az al\u00e1bbiak:<\/strong><\/p>\n<p class=\"mb-6\">\u2022 Megnevez\u00e9se: Raw peeled shrimp skewers frozen &amp; glazed with added water \/ Garn\u00e9lany\u00e1rs feh\u00e9rl\u00e1b\u00fa ostorgarn\u00e9l\u00e1val, hozz\u00e1adott v\u00edzzel \u00e9s v\u00e9d\u0151 j\u00e9gr\u00e9teggel, nett\u00f3 800g, fagyasztott (VN)<\/p>\n<p class=\"mb-6\">\u2022 M\u00e1rka: Ben\u2019s Easy Kitchen<\/p>\n<p class=\"mb-6\">\u2022 Kiszerel\u00e9se: 800 g<\/p>\n<p class=\"mb-6\">\u2022 Min\u0151s\u00e9gmeg\u0151rz\u00e9si id\u0151: 26.11.2025; 16.12.2025; 18.12.2025;<\/p>\n<p class=\"mb-6\">\u2022 T\u00e9telsz\u00e1m: QNLCOM-3367<\/p>\n<p class=\"mb-6\">\u2022 A term\u00e9keket 2024. november 1. \u00e9s 2025. febru\u00e1r 15. k\u00f6z\u00f6tti id\u0151szakban \u00e9rt\u00e9kes\u00edtett\u00e9k.<\/p>\n<p class=\"mb-6\">\u2022 Export\u0151r: Q N L Company Limited (Vietn\u00e1m)<\/p>\n<p class=\"mb-6\">\u2022 Import\u0151r: BML Food Group Holland BV. (Hollandia)<\/p>\n<p class=\"mb-6\">\u2022 Magyar forgalmaz\u00f3: Fjordin Kft.<\/p>\n<p class=\"mb-6\">\u2022 Magyar forgalmaz\u00f3: Matusz-Vad Zrt.<\/p>\n<p class=\"mb-6\">Term\u00e9kvisszah\u00edv\u00e1s oka: \u00e1llatgy\u00f3gy\u00e1szati szermarad\u00e9k jelenl\u00e9te a term\u00e9kben<\/p>\n<p class=\"mb-6\">K\u00e9rj\u00fck, amennyiben a fenti t\u00e9telazonos\u00edt\u00f3val rendelkez\u0151 term\u00e9kekb\u0151l v\u00e1s\u00e1rolt \u00e9s a term\u00e9k m\u00e9g a birtok\u00e1ban van, azt ne fogyassza el!<\/p>\n<p class=\"mb-6\"><i class=\"\">A k\u00e9p csak illusztr\u00e1ci\u00f3<\/i><\/p>\n<p><em>Forr\u00e1s: NKFH<\/em><\/p>\n<\/div>\n","protected":false},"excerpt":{"rendered":"<p>\u00c1llatgy\u00f3gy\u00e1szati szermarad\u00e9kot mutattak ki vietn\u00e1mi fagyasztott garn\u00e9lar\u00e1kny\u00e1rsakban, a kifog\u00e1solt t\u00e9teleket kivont\u00e1k a forgalomb\u00f3l &#8211; k\u00f6z\u00f6lte a Nemzeti Kereskedelmi \u00e9s Fogyaszt\u00f3v\u00e9delmi Hat\u00f3s\u00e1g (NKFH) cs\u00fct\u00f6rt\u00f6k\u00f6n. Az Eur\u00f3pai Uni\u00f3 \u00e9lelmiszer- \u00e9s takarm\u00e1nybiztons\u00e1gi gyors riaszt\u00e1si rendszer\u00e9n (Rapid Alert System for Food and Feed, RASFF) \u00e9rkezett bejelent\u00e9s alapj\u00e1n \u00e1llatgy\u00f3gy\u00e1szati szermarad\u00e9k tartalmat mutattak ki vietn\u00e1mi fagyasztott garn\u00e9lar\u00e1k ny\u00e1rs term\u00e9kben. A term\u00e9kb\u0151l<\/p>\n","protected":false},"author":1,"featured_media":69689,"comment_status":"closed","ping_status":"closed","sticky":false,"template":"","format":"standard","meta":{"ngg_post_thumbnail":0,"footnotes":""},"categories":[6934,3],"tags":[8210,2756],"class_list":{"0":"post-69688","1":"post","2":"type-post","3":"status-publish","4":"format-standard","5":"has-post-thumbnail","7":"category-belfold","8":"category-hirek","9":"tag-nkfh","10":"tag-termekvisszahivas"},"yoast_head":"<!-- This site is optimized with the Yoast SEO plugin v27.4 - https:\/\/yoast.com\/product\/yoast-seo-wordpress\/ -->\n<title>Vietn\u00e1mi fagyasztott garn\u00e9lar\u00e1kny\u00e1rsat h\u00edvott vissza a fogyaszt\u00f3v\u00e9delem<\/title>\n<meta name=\"robots\" content=\"index, follow, max-snippet:-1, max-image-preview:large, max-video-preview:-1\" \/>\n<link rel=\"canonical\" href=\"https:\/\/dorogimedence.hu\/index.php\/2025\/03\/21\/vietnami-fagyasztott-garnelaraknyarsat-hivott-vissza-a-fogyasztovedelem\/\" class=\"yoast-seo-meta-tag\" \/>\n<meta property=\"og:locale\" content=\"hu_HU\" class=\"yoast-seo-meta-tag\" \/>\n<meta property=\"og:type\" content=\"article\" class=\"yoast-seo-meta-tag\" \/>\n<meta property=\"og:title\" content=\"Vietn\u00e1mi fagyasztott garn\u00e9lar\u00e1kny\u00e1rsat h\u00edvott vissza a fogyaszt\u00f3v\u00e9delem\" class=\"yoast-seo-meta-tag\" \/>\n<meta property=\"og:description\" content=\"\u00c1llatgy\u00f3gy\u00e1szati szermarad\u00e9kot mutattak ki vietn\u00e1mi fagyasztott garn\u00e9lar\u00e1kny\u00e1rsakban, a kifog\u00e1solt t\u00e9teleket kivont\u00e1k a forgalomb\u00f3l &#8211; k\u00f6z\u00f6lte a Nemzeti Kereskedelmi \u00e9s Fogyaszt\u00f3v\u00e9delmi Hat\u00f3s\u00e1g (NKFH) cs\u00fct\u00f6rt\u00f6k\u00f6n. Az Eur\u00f3pai Uni\u00f3 \u00e9lelmiszer- \u00e9s takarm\u00e1nybiztons\u00e1gi gyors riaszt\u00e1si rendszer\u00e9n (Rapid Alert System for Food and Feed, RASFF) \u00e9rkezett bejelent\u00e9s alapj\u00e1n \u00e1llatgy\u00f3gy\u00e1szati szermarad\u00e9k tartalmat mutattak ki vietn\u00e1mi fagyasztott garn\u00e9lar\u00e1k ny\u00e1rs term\u00e9kben. A term\u00e9kb\u0151l\" class=\"yoast-seo-meta-tag\" \/>\n<meta property=\"og:url\" content=\"https:\/\/dorogimedence.hu\/index.php\/2025\/03\/21\/vietnami-fagyasztott-garnelaraknyarsat-hivott-vissza-a-fogyasztovedelem\/\" class=\"yoast-seo-meta-tag\" \/>\n<meta property=\"og:site_name\" content=\"Dorogi-medence Region\u00e1lis H\u00edrport\u00e1l\" class=\"yoast-seo-meta-tag\" \/>\n<meta property=\"article:publisher\" content=\"https:\/\/www.facebook.com\/dorogimedence\/\" class=\"yoast-seo-meta-tag\" \/>\n<meta property=\"article:published_time\" content=\"2025-03-21T09:44:57+00:00\" class=\"yoast-seo-meta-tag\" \/>\n<meta property=\"og:image\" content=\"https:\/\/dorogimedence.hu\/wp-content\/uploads\/2025\/03\/garnela.jpg\" class=\"yoast-seo-meta-tag\" \/>\n\t<meta property=\"og:image:width\" content=\"1920\" class=\"yoast-seo-meta-tag\" \/>\n\t<meta property=\"og:image:height\" content=\"970\" class=\"yoast-seo-meta-tag\" \/>\n\t<meta property=\"og:image:type\" content=\"image\/jpeg\" class=\"yoast-seo-meta-tag\" \/>\n<meta name=\"author\" content=\"dorogimedence.hu\" class=\"yoast-seo-meta-tag\" \/>\n<meta name=\"twitter:card\" content=\"summary_large_image\" class=\"yoast-seo-meta-tag\" \/>\n<meta name=\"twitter:label1\" content=\"Szerz\u0151:\" class=\"yoast-seo-meta-tag\" \/>\n\t<meta name=\"twitter:data1\" content=\"dorogimedence.hu\" class=\"yoast-seo-meta-tag\" \/>\n\t<meta name=\"twitter:label2\" content=\"Becs\u00fclt olvas\u00e1si id\u0151\" class=\"yoast-seo-meta-tag\" \/>\n\t<meta name=\"twitter:data2\" content=\"2 perc\" class=\"yoast-seo-meta-tag\" \/>\n<script type=\"application\/ld+json\" class=\"yoast-schema-graph\">{\"@context\":\"https:\\\/\\\/schema.org\",\"@graph\":[{\"@type\":\"Article\",\"@id\":\"https:\\\/\\\/dorogimedence.hu\\\/index.php\\\/2025\\\/03\\\/21\\\/vietnami-fagyasztott-garnelaraknyarsat-hivott-vissza-a-fogyasztovedelem\\\/#article\",\"isPartOf\":{\"@id\":\"https:\\\/\\\/dorogimedence.hu\\\/index.php\\\/2025\\\/03\\\/21\\\/vietnami-fagyasztott-garnelaraknyarsat-hivott-vissza-a-fogyasztovedelem\\\/\"},\"author\":{\"name\":\"dorogimedence.hu\",\"@id\":\"https:\\\/\\\/dorogimedence.hu\\\/#\\\/schema\\\/person\\\/ce6091eeb7e95ecdc87890d6aa8e0fd4\"},\"headline\":\"Vietn\u00e1mi fagyasztott garn\u00e9lar\u00e1kny\u00e1rsat h\u00edvott vissza a fogyaszt\u00f3v\u00e9delem\",\"datePublished\":\"2025-03-21T09:44:57+00:00\",\"mainEntityOfPage\":{\"@id\":\"https:\\\/\\\/dorogimedence.hu\\\/index.php\\\/2025\\\/03\\\/21\\\/vietnami-fagyasztott-garnelaraknyarsat-hivott-vissza-a-fogyasztovedelem\\\/\"},\"wordCount\":396,\"publisher\":{\"@id\":\"https:\\\/\\\/dorogimedence.hu\\\/#organization\"},\"image\":{\"@id\":\"https:\\\/\\\/dorogimedence.hu\\\/index.php\\\/2025\\\/03\\\/21\\\/vietnami-fagyasztott-garnelaraknyarsat-hivott-vissza-a-fogyasztovedelem\\\/#primaryimage\"},\"thumbnailUrl\":\"https:\\\/\\\/dorogimedence.hu\\\/wp-content\\\/uploads\\\/2025\\\/03\\\/garnela.jpg\",\"keywords\":[\"NKFH\",\"term\u00e9kvisszah\u00edv\u00e1s\"],\"articleSection\":[\"Belf\u00f6ld, Gazdas\u00e1g\",\"H\u00edrek\"],\"inLanguage\":\"hu\"},{\"@type\":\"WebPage\",\"@id\":\"https:\\\/\\\/dorogimedence.hu\\\/index.php\\\/2025\\\/03\\\/21\\\/vietnami-fagyasztott-garnelaraknyarsat-hivott-vissza-a-fogyasztovedelem\\\/\",\"url\":\"https:\\\/\\\/dorogimedence.hu\\\/index.php\\\/2025\\\/03\\\/21\\\/vietnami-fagyasztott-garnelaraknyarsat-hivott-vissza-a-fogyasztovedelem\\\/\",\"name\":\"Vietn\u00e1mi fagyasztott garn\u00e9lar\u00e1kny\u00e1rsat h\u00edvott vissza a fogyaszt\u00f3v\u00e9delem\",\"isPartOf\":{\"@id\":\"https:\\\/\\\/dorogimedence.hu\\\/#website\"},\"primaryImageOfPage\":{\"@id\":\"https:\\\/\\\/dorogimedence.hu\\\/index.php\\\/2025\\\/03\\\/21\\\/vietnami-fagyasztott-garnelaraknyarsat-hivott-vissza-a-fogyasztovedelem\\\/#primaryimage\"},\"image\":{\"@id\":\"https:\\\/\\\/dorogimedence.hu\\\/index.php\\\/2025\\\/03\\\/21\\\/vietnami-fagyasztott-garnelaraknyarsat-hivott-vissza-a-fogyasztovedelem\\\/#primaryimage\"},\"thumbnailUrl\":\"https:\\\/\\\/dorogimedence.hu\\\/wp-content\\\/uploads\\\/2025\\\/03\\\/garnela.jpg\",\"datePublished\":\"2025-03-21T09:44:57+00:00\",\"breadcrumb\":{\"@id\":\"https:\\\/\\\/dorogimedence.hu\\\/index.php\\\/2025\\\/03\\\/21\\\/vietnami-fagyasztott-garnelaraknyarsat-hivott-vissza-a-fogyasztovedelem\\\/#breadcrumb\"},\"inLanguage\":\"hu\",\"potentialAction\":[{\"@type\":\"ReadAction\",\"target\":[\"https:\\\/\\\/dorogimedence.hu\\\/index.php\\\/2025\\\/03\\\/21\\\/vietnami-fagyasztott-garnelaraknyarsat-hivott-vissza-a-fogyasztovedelem\\\/\"]}]},{\"@type\":\"ImageObject\",\"inLanguage\":\"hu\",\"@id\":\"https:\\\/\\\/dorogimedence.hu\\\/index.php\\\/2025\\\/03\\\/21\\\/vietnami-fagyasztott-garnelaraknyarsat-hivott-vissza-a-fogyasztovedelem\\\/#primaryimage\",\"url\":\"https:\\\/\\\/dorogimedence.hu\\\/wp-content\\\/uploads\\\/2025\\\/03\\\/garnela.jpg\",\"contentUrl\":\"https:\\\/\\\/dorogimedence.hu\\\/wp-content\\\/uploads\\\/2025\\\/03\\\/garnela.jpg\",\"width\":1920,\"height\":970},{\"@type\":\"BreadcrumbList\",\"@id\":\"https:\\\/\\\/dorogimedence.hu\\\/index.php\\\/2025\\\/03\\\/21\\\/vietnami-fagyasztott-garnelaraknyarsat-hivott-vissza-a-fogyasztovedelem\\\/#breadcrumb\",\"itemListElement\":[{\"@type\":\"ListItem\",\"position\":1,\"name\":\"Kezd\u0151lap\",\"item\":\"https:\\\/\\\/dorogimedence.hu\\\/\"},{\"@type\":\"ListItem\",\"position\":2,\"name\":\"Vietn\u00e1mi fagyasztott garn\u00e9lar\u00e1kny\u00e1rsat h\u00edvott vissza a fogyaszt\u00f3v\u00e9delem\"}]},{\"@type\":\"WebSite\",\"@id\":\"https:\\\/\\\/dorogimedence.hu\\\/#website\",\"url\":\"https:\\\/\\\/dorogimedence.hu\\\/\",\"name\":\"Dorogi-medence Region\u00e1lis H\u00edrport\u00e1l\",\"description\":\"Dorog, Keszt\u00f6lc, Le\u00e1nyv\u00e1r, Piliscs\u00e9v, Tokod, Tokodalt\u00e1r\u00f3, Csolnok, Esztergom-kertv\u00e1ros: h\u00edrek, programok\",\"publisher\":{\"@id\":\"https:\\\/\\\/dorogimedence.hu\\\/#organization\"},\"potentialAction\":[{\"@type\":\"SearchAction\",\"target\":{\"@type\":\"EntryPoint\",\"urlTemplate\":\"https:\\\/\\\/dorogimedence.hu\\\/?s={search_term_string}\"},\"query-input\":{\"@type\":\"PropertyValueSpecification\",\"valueRequired\":true,\"valueName\":\"search_term_string\"}}],\"inLanguage\":\"hu\"},{\"@type\":\"Organization\",\"@id\":\"https:\\\/\\\/dorogimedence.hu\\\/#organization\",\"name\":\"Dorogi-medence Region\u00e1lis H\u00edrport\u00e1l\",\"url\":\"https:\\\/\\\/dorogimedence.hu\\\/\",\"logo\":{\"@type\":\"ImageObject\",\"inLanguage\":\"hu\",\"@id\":\"https:\\\/\\\/dorogimedence.hu\\\/#\\\/schema\\\/logo\\\/image\\\/\",\"url\":\"https:\\\/\\\/dorogimedence.hu\\\/wp-content\\\/uploads\\\/2021\\\/04\\\/logo-feher-600.png\",\"contentUrl\":\"https:\\\/\\\/dorogimedence.hu\\\/wp-content\\\/uploads\\\/2021\\\/04\\\/logo-feher-600.png\",\"width\":600,\"height\":100,\"caption\":\"Dorogi-medence Region\u00e1lis H\u00edrport\u00e1l\"},\"image\":{\"@id\":\"https:\\\/\\\/dorogimedence.hu\\\/#\\\/schema\\\/logo\\\/image\\\/\"},\"sameAs\":[\"https:\\\/\\\/www.facebook.com\\\/dorogimedence\\\/\"]},{\"@type\":\"Person\",\"@id\":\"https:\\\/\\\/dorogimedence.hu\\\/#\\\/schema\\\/person\\\/ce6091eeb7e95ecdc87890d6aa8e0fd4\",\"name\":\"dorogimedence.hu\",\"image\":{\"@type\":\"ImageObject\",\"inLanguage\":\"hu\",\"@id\":\"\\\/\\\/www.gravatar.com\\\/avatar\\\/d8d45f8901aadff40a4af72c0b826f1d?s=96&#038;r=g&#038;d=mm\",\"url\":\"\\\/\\\/www.gravatar.com\\\/avatar\\\/d8d45f8901aadff40a4af72c0b826f1d?s=96&#038;r=g&#038;d=mm\",\"contentUrl\":\"\\\/\\\/www.gravatar.com\\\/avatar\\\/d8d45f8901aadff40a4af72c0b826f1d?s=96&#038;r=g&#038;d=mm\",\"caption\":\"dorogimedence.hu\"}}]}<\/script>\n<!-- \/ Yoast SEO plugin. -->","yoast_head_json":{"title":"Vietn\u00e1mi fagyasztott garn\u00e9lar\u00e1kny\u00e1rsat h\u00edvott vissza a fogyaszt\u00f3v\u00e9delem","robots":{"index":"index","follow":"follow","max-snippet":"max-snippet:-1","max-image-preview":"max-image-preview:large","max-video-preview":"max-video-preview:-1"},"canonical":"https:\/\/dorogimedence.hu\/index.php\/2025\/03\/21\/vietnami-fagyasztott-garnelaraknyarsat-hivott-vissza-a-fogyasztovedelem\/","og_locale":"hu_HU","og_type":"article","og_title":"Vietn\u00e1mi fagyasztott garn\u00e9lar\u00e1kny\u00e1rsat h\u00edvott vissza a fogyaszt\u00f3v\u00e9delem","og_description":"\u00c1llatgy\u00f3gy\u00e1szati szermarad\u00e9kot mutattak ki vietn\u00e1mi fagyasztott garn\u00e9lar\u00e1kny\u00e1rsakban, a kifog\u00e1solt t\u00e9teleket kivont\u00e1k a forgalomb\u00f3l &#8211; k\u00f6z\u00f6lte a Nemzeti Kereskedelmi \u00e9s Fogyaszt\u00f3v\u00e9delmi Hat\u00f3s\u00e1g (NKFH) cs\u00fct\u00f6rt\u00f6k\u00f6n. Az Eur\u00f3pai Uni\u00f3 \u00e9lelmiszer- \u00e9s takarm\u00e1nybiztons\u00e1gi gyors riaszt\u00e1si rendszer\u00e9n (Rapid Alert System for Food and Feed, RASFF) \u00e9rkezett bejelent\u00e9s alapj\u00e1n \u00e1llatgy\u00f3gy\u00e1szati szermarad\u00e9k tartalmat mutattak ki vietn\u00e1mi fagyasztott garn\u00e9lar\u00e1k ny\u00e1rs term\u00e9kben. A term\u00e9kb\u0151l","og_url":"https:\/\/dorogimedence.hu\/index.php\/2025\/03\/21\/vietnami-fagyasztott-garnelaraknyarsat-hivott-vissza-a-fogyasztovedelem\/","og_site_name":"Dorogi-medence Region\u00e1lis H\u00edrport\u00e1l","article_publisher":"https:\/\/www.facebook.com\/dorogimedence\/","article_published_time":"2025-03-21T09:44:57+00:00","og_image":[{"width":1920,"height":970,"url":"https:\/\/dorogimedence.hu\/wp-content\/uploads\/2025\/03\/garnela.jpg","type":"image\/jpeg"}],"author":"dorogimedence.hu","twitter_card":"summary_large_image","twitter_misc":{"Szerz\u0151:":"dorogimedence.hu","Becs\u00fclt olvas\u00e1si id\u0151":"2 perc"},"schema":{"@context":"https:\/\/schema.org","@graph":[{"@type":"Article","@id":"https:\/\/dorogimedence.hu\/index.php\/2025\/03\/21\/vietnami-fagyasztott-garnelaraknyarsat-hivott-vissza-a-fogyasztovedelem\/#article","isPartOf":{"@id":"https:\/\/dorogimedence.hu\/index.php\/2025\/03\/21\/vietnami-fagyasztott-garnelaraknyarsat-hivott-vissza-a-fogyasztovedelem\/"},"author":{"name":"dorogimedence.hu","@id":"https:\/\/dorogimedence.hu\/#\/schema\/person\/ce6091eeb7e95ecdc87890d6aa8e0fd4"},"headline":"Vietn\u00e1mi fagyasztott garn\u00e9lar\u00e1kny\u00e1rsat h\u00edvott vissza a fogyaszt\u00f3v\u00e9delem","datePublished":"2025-03-21T09:44:57+00:00","mainEntityOfPage":{"@id":"https:\/\/dorogimedence.hu\/index.php\/2025\/03\/21\/vietnami-fagyasztott-garnelaraknyarsat-hivott-vissza-a-fogyasztovedelem\/"},"wordCount":396,"publisher":{"@id":"https:\/\/dorogimedence.hu\/#organization"},"image":{"@id":"https:\/\/dorogimedence.hu\/index.php\/2025\/03\/21\/vietnami-fagyasztott-garnelaraknyarsat-hivott-vissza-a-fogyasztovedelem\/#primaryimage"},"thumbnailUrl":"https:\/\/dorogimedence.hu\/wp-content\/uploads\/2025\/03\/garnela.jpg","keywords":["NKFH","term\u00e9kvisszah\u00edv\u00e1s"],"articleSection":["Belf\u00f6ld, Gazdas\u00e1g","H\u00edrek"],"inLanguage":"hu"},{"@type":"WebPage","@id":"https:\/\/dorogimedence.hu\/index.php\/2025\/03\/21\/vietnami-fagyasztott-garnelaraknyarsat-hivott-vissza-a-fogyasztovedelem\/","url":"https:\/\/dorogimedence.hu\/index.php\/2025\/03\/21\/vietnami-fagyasztott-garnelaraknyarsat-hivott-vissza-a-fogyasztovedelem\/","name":"Vietn\u00e1mi fagyasztott garn\u00e9lar\u00e1kny\u00e1rsat h\u00edvott vissza a fogyaszt\u00f3v\u00e9delem","isPartOf":{"@id":"https:\/\/dorogimedence.hu\/#website"},"primaryImageOfPage":{"@id":"https:\/\/dorogimedence.hu\/index.php\/2025\/03\/21\/vietnami-fagyasztott-garnelaraknyarsat-hivott-vissza-a-fogyasztovedelem\/#primaryimage"},"image":{"@id":"https:\/\/dorogimedence.hu\/index.php\/2025\/03\/21\/vietnami-fagyasztott-garnelaraknyarsat-hivott-vissza-a-fogyasztovedelem\/#primaryimage"},"thumbnailUrl":"https:\/\/dorogimedence.hu\/wp-content\/uploads\/2025\/03\/garnela.jpg","datePublished":"2025-03-21T09:44:57+00:00","breadcrumb":{"@id":"https:\/\/dorogimedence.hu\/index.php\/2025\/03\/21\/vietnami-fagyasztott-garnelaraknyarsat-hivott-vissza-a-fogyasztovedelem\/#breadcrumb"},"inLanguage":"hu","potentialAction":[{"@type":"ReadAction","target":["https:\/\/dorogimedence.hu\/index.php\/2025\/03\/21\/vietnami-fagyasztott-garnelaraknyarsat-hivott-vissza-a-fogyasztovedelem\/"]}]},{"@type":"ImageObject","inLanguage":"hu","@id":"https:\/\/dorogimedence.hu\/index.php\/2025\/03\/21\/vietnami-fagyasztott-garnelaraknyarsat-hivott-vissza-a-fogyasztovedelem\/#primaryimage","url":"https:\/\/dorogimedence.hu\/wp-content\/uploads\/2025\/03\/garnela.jpg","contentUrl":"https:\/\/dorogimedence.hu\/wp-content\/uploads\/2025\/03\/garnela.jpg","width":1920,"height":970},{"@type":"BreadcrumbList","@id":"https:\/\/dorogimedence.hu\/index.php\/2025\/03\/21\/vietnami-fagyasztott-garnelaraknyarsat-hivott-vissza-a-fogyasztovedelem\/#breadcrumb","itemListElement":[{"@type":"ListItem","position":1,"name":"Kezd\u0151lap","item":"https:\/\/dorogimedence.hu\/"},{"@type":"ListItem","position":2,"name":"Vietn\u00e1mi fagyasztott garn\u00e9lar\u00e1kny\u00e1rsat h\u00edvott vissza a fogyaszt\u00f3v\u00e9delem"}]},{"@type":"WebSite","@id":"https:\/\/dorogimedence.hu\/#website","url":"https:\/\/dorogimedence.hu\/","name":"Dorogi-medence Region\u00e1lis H\u00edrport\u00e1l","description":"Dorog, Keszt\u00f6lc, Le\u00e1nyv\u00e1r, Piliscs\u00e9v, Tokod, Tokodalt\u00e1r\u00f3, Csolnok, Esztergom-kertv\u00e1ros: h\u00edrek, programok","publisher":{"@id":"https:\/\/dorogimedence.hu\/#organization"},"potentialAction":[{"@type":"SearchAction","target":{"@type":"EntryPoint","urlTemplate":"https:\/\/dorogimedence.hu\/?s={search_term_string}"},"query-input":{"@type":"PropertyValueSpecification","valueRequired":true,"valueName":"search_term_string"}}],"inLanguage":"hu"},{"@type":"Organization","@id":"https:\/\/dorogimedence.hu\/#organization","name":"Dorogi-medence Region\u00e1lis H\u00edrport\u00e1l","url":"https:\/\/dorogimedence.hu\/","logo":{"@type":"ImageObject","inLanguage":"hu","@id":"https:\/\/dorogimedence.hu\/#\/schema\/logo\/image\/","url":"https:\/\/dorogimedence.hu\/wp-content\/uploads\/2021\/04\/logo-feher-600.png","contentUrl":"https:\/\/dorogimedence.hu\/wp-content\/uploads\/2021\/04\/logo-feher-600.png","width":600,"height":100,"caption":"Dorogi-medence Region\u00e1lis H\u00edrport\u00e1l"},"image":{"@id":"https:\/\/dorogimedence.hu\/#\/schema\/logo\/image\/"},"sameAs":["https:\/\/www.facebook.com\/dorogimedence\/"]},{"@type":"Person","@id":"https:\/\/dorogimedence.hu\/#\/schema\/person\/ce6091eeb7e95ecdc87890d6aa8e0fd4","name":"dorogimedence.hu","image":{"@type":"ImageObject","inLanguage":"hu","@id":"\/\/www.gravatar.com\/avatar\/d8d45f8901aadff40a4af72c0b826f1d?s=96&#038;r=g&#038;d=mm","url":"\/\/www.gravatar.com\/avatar\/d8d45f8901aadff40a4af72c0b826f1d?s=96&#038;r=g&#038;d=mm","contentUrl":"\/\/www.gravatar.com\/avatar\/d8d45f8901aadff40a4af72c0b826f1d?s=96&#038;r=g&#038;d=mm","caption":"dorogimedence.hu"}}]}},"_links":{"self":[{"href":"https:\/\/dorogimedence.hu\/index.php\/wp-json\/wp\/v2\/posts\/69688","targetHints":{"allow":["GET"]}}],"collection":[{"href":"https:\/\/dorogimedence.hu\/index.php\/wp-json\/wp\/v2\/posts"}],"about":[{"href":"https:\/\/dorogimedence.hu\/index.php\/wp-json\/wp\/v2\/types\/post"}],"author":[{"embeddable":true,"href":"https:\/\/dorogimedence.hu\/index.php\/wp-json\/wp\/v2\/users\/1"}],"replies":[{"embeddable":true,"href":"https:\/\/dorogimedence.hu\/index.php\/wp-json\/wp\/v2\/comments?post=69688"}],"version-history":[{"count":0,"href":"https:\/\/dorogimedence.hu\/index.php\/wp-json\/wp\/v2\/posts\/69688\/revisions"}],"wp:featuredmedia":[{"embeddable":true,"href":"https:\/\/dorogimedence.hu\/index.php\/wp-json\/wp\/v2\/media\/69689"}],"wp:attachment":[{"href":"https:\/\/dorogimedence.hu\/index.php\/wp-json\/wp\/v2\/media?parent=69688"}],"wp:term":[{"taxonomy":"category","embeddable":true,"href":"https:\/\/dorogimedence.hu\/index.php\/wp-json\/wp\/v2\/categories?post=69688"},{"taxonomy":"post_tag","embeddable":true,"href":"https:\/\/dorogimedence.hu\/index.php\/wp-json\/wp\/v2\/tags?post=69688"}],"curies":[{"name":"wp","href":"https:\/\/api.w.org\/{rel}","templated":true}]}}