{"id":69659,"date":"2025-03-20T10:34:11","date_gmt":"2025-03-20T09:34:11","guid":{"rendered":"https:\/\/dorogimedence.hu\/?p=69659"},"modified":"2025-03-20T10:34:11","modified_gmt":"2025-03-20T09:34:11","slug":"lezarult-a-3-teli-madarles-lakossagi-madarszamlalasi-akcio","status":"publish","type":"post","link":"https:\/\/dorogimedence.hu\/index.php\/2025\/03\/20\/lezarult-a-3-teli-madarles-lakossagi-madarszamlalasi-akcio\/","title":{"rendered":"Lez\u00e1rult a 3. T\u00e9li mad\u00e1rles lakoss\u00e1gi mad\u00e1rsz\u00e1ml\u00e1l\u00e1si akci\u00f3"},"content":{"rendered":"<p><strong>A Magyar Mad\u00e1rtani \u00e9s Term\u00e9szetv\u00e9delmi Egyes\u00fclet (MME) T\u00e9li mad\u00e1rles c\u00edmmel harmadik alkalommal hirdette meg a kilenc h\u00e9ten \u00e1t tart\u00f3, nagy siker\u0171 orsz\u00e1gos mad\u00e1rsz\u00e1ml\u00e1l\u00e1st 2024 december 28 <\/strong><strong>&#8211; 2025 febru\u00e1r 28. k\u00f6z\u00f6tt. Az akci\u00f3 c\u00e9lja a lakoss\u00e1g bevon\u00e1sa a k\u00f6rnyezet\u00fcnkben \u00e9l\u0151 madarak megfigyel\u00e9s\u00e9be \u00e9s a v\u00e9delm\u00fcket is seg\u00edt\u0151 \u201ek\u00f6z\u00f6ss\u00e9gi tudom\u00e1ny\u201d (citizen science) programba.<\/strong><\/p>\n<p>A 2024\/2025-\u00f6s T\u00e9li mad\u00e1rles sor\u00e1n 1 115 r\u00e9sztvev\u0151, 1&nbsp;276 helysz\u00ednr\u0151l, 6 354 megfigyel\u00e9st k\u00fcld\u00f6tt be, 121 faj, 208 145 egyed\u00e9r\u0151l. Az \u00f6t leggyakrabban megfigyelt mad\u00e1rfaj egyedsz\u00e1ma a k\u00f6vetkez\u0151kk\u00e9ppen alakult:&nbsp;<\/p>\n<ol>\n<li>sz\u00e9ncinege: &nbsp;&nbsp;&nbsp; 16 262 p\u00e9ld\u00e1ny<\/li>\n<li>mezei ver\u00e9b: &nbsp; &nbsp;&nbsp;4 940 p\u00e9ld\u00e1ny<\/li>\n<li>k\u00e9k cinege: &nbsp;&nbsp;&nbsp; &nbsp;&nbsp;4 525 p\u00e9ld\u00e1ny<\/li>\n<li>fekete rig\u00f3: &nbsp;&nbsp;&nbsp; &nbsp;&nbsp;3 071 p\u00e9ld\u00e1ny<\/li>\n<li>balk\u00e1ni gerle: &nbsp;&nbsp;2 747 p\u00e9ld\u00e1ny<\/li>\n<\/ol>\n<p>Az adatokat f\u0151k\u00e9nt az MME \u00e1ltal fejlesztett Turdus applik\u00e1ci\u00f3n kereszt\u00fcl r\u00f6gz\u00edtett\u00e9k a megfigyel\u0151k, azonban az okostelefonokt\u00f3l idegenked\u0151 madar\u00e1szokra gondolva az MME internetes adatb\u00e1zis\u00e1ban is lehetett a megfigyel\u00e9seket r\u00f6gz\u00edteni. Ut\u00f3bbi el\u0151nye, hogy n\u00e9gyf\u00e9le, d\u00e1tumra sz\u0171rhet\u0151 statisztikai \u00f6sszes\u00edt\u00e9st is le lehet bel\u0151le h\u00edvni, ami a <span style=\"text-decoration: underline; color: #0000ff;\"><a style=\"color: #0000ff; text-decoration: underline;\" href=\"https:\/\/termeszetlesen.mme.hu\/#\/telimadarles\" target=\"_blank\" rel=\"noopener\">t\u00e9rk\u00e9pes megjelen\u00edt\u00e9s<\/a><\/span>sel egy\u00fctt b\u00e1rki sz\u00e1m\u00e1ra el\u00e9rhet\u0151.<\/p>\n<p>A t\u00e9li akci\u00f3 ut\u00e1n, \u00e1prilis 1-t\u0151l j\u00fanius 30-ig tart a tavaszi id\u0151szakban megfigyelhet\u0151 \u00e1llatokra kialak\u00edtott adatgy\u0171jt\u00e9s, a Tavaszi term\u00e9szetles, tov\u00e1bb\u00e1 a lakoss\u00e1g kedvenc madarait, a fecsk\u00e9ket \u00e9s g\u00f3ly\u00e1kat lelt\u00e1rba vev\u0151 k\u00e9t fel\u00fclet, a Fecskeles \u00e9s G\u00f3lyales. Az aut\u00f3k \u00e1ltal el\u00fct\u00f6tt, \u00e1ram\u00fct\u00e9s vagy \u00fctk\u00f6z\u00e9s k\u00f6vetkezt\u00e9ben elhullott madarakr\u00f3l a Turdus applik\u00e1ci\u00f3 TOTEM modulj\u00e1ban lehet adatokat r\u00f6gz\u00edteni.&nbsp;<\/p>\n<p><span style=\"text-decoration: underline; color: #0000ff;\"><a style=\"color: #0000ff;\" href=\"https:\/\/mme.hu\/hirek\/2025\/03\/14\/mutatjuk_3_teli_madarles_lakossagi_madarszamlalasi_akcio_eredmenyeit\" target=\"_blank\" rel=\"noopener\">A h\u00edr az MME honlapj\u00e1n &gt;&gt;<\/a><\/span><\/p>\n","protected":false},"excerpt":{"rendered":"<p>A Magyar Mad\u00e1rtani \u00e9s Term\u00e9szetv\u00e9delmi Egyes\u00fclet (MME) T\u00e9li mad\u00e1rles c\u00edmmel harmadik alkalommal hirdette meg a kilenc h\u00e9ten \u00e1t tart\u00f3, nagy siker\u0171 orsz\u00e1gos mad\u00e1rsz\u00e1ml\u00e1l\u00e1st 2024 december 28 &#8211; 2025 febru\u00e1r 28. k\u00f6z\u00f6tt. Az akci\u00f3 c\u00e9lja a lakoss\u00e1g bevon\u00e1sa a k\u00f6rnyezet\u00fcnkben \u00e9l\u0151 madarak megfigyel\u00e9s\u00e9be \u00e9s a v\u00e9delm\u00fcket is seg\u00edt\u0151 \u201ek\u00f6z\u00f6ss\u00e9gi tudom\u00e1ny\u201d (citizen science) programba. A 2024\/2025-\u00f6s T\u00e9li<\/p>\n","protected":false},"author":1,"featured_media":69660,"comment_status":"closed","ping_status":"closed","sticky":false,"template":"","format":"standard","meta":{"ngg_post_thumbnail":0,"footnotes":""},"categories":[3,6948],"tags":[7325,7619],"class_list":{"0":"post-69659","1":"post","2":"type-post","3":"status-publish","4":"format-standard","5":"has-post-thumbnail","7":"category-hirek","8":"category-szines","9":"tag-mme","10":"tag-teli-madarles"},"yoast_head":"<!-- This site is optimized with the Yoast SEO plugin v27.5 - https:\/\/yoast.com\/product\/yoast-seo-wordpress\/ -->\n<title>Lez\u00e1rult a 3. T\u00e9li mad\u00e1rles lakoss\u00e1gi mad\u00e1rsz\u00e1ml\u00e1l\u00e1si akci\u00f3<\/title>\n<meta name=\"robots\" content=\"index, follow, max-snippet:-1, max-image-preview:large, max-video-preview:-1\" \/>\n<link rel=\"canonical\" href=\"https:\/\/dorogimedence.hu\/index.php\/2025\/03\/20\/lezarult-a-3-teli-madarles-lakossagi-madarszamlalasi-akcio\/\" class=\"yoast-seo-meta-tag\" \/>\n<meta property=\"og:locale\" content=\"hu_HU\" class=\"yoast-seo-meta-tag\" \/>\n<meta property=\"og:type\" content=\"article\" class=\"yoast-seo-meta-tag\" \/>\n<meta property=\"og:title\" content=\"Lez\u00e1rult a 3. T\u00e9li mad\u00e1rles lakoss\u00e1gi mad\u00e1rsz\u00e1ml\u00e1l\u00e1si akci\u00f3\" class=\"yoast-seo-meta-tag\" \/>\n<meta property=\"og:description\" content=\"A Magyar Mad\u00e1rtani \u00e9s Term\u00e9szetv\u00e9delmi Egyes\u00fclet (MME) T\u00e9li mad\u00e1rles c\u00edmmel harmadik alkalommal hirdette meg a kilenc h\u00e9ten \u00e1t tart\u00f3, nagy siker\u0171 orsz\u00e1gos mad\u00e1rsz\u00e1ml\u00e1l\u00e1st 2024 december 28 &#8211; 2025 febru\u00e1r 28. k\u00f6z\u00f6tt. Az akci\u00f3 c\u00e9lja a lakoss\u00e1g bevon\u00e1sa a k\u00f6rnyezet\u00fcnkben \u00e9l\u0151 madarak megfigyel\u00e9s\u00e9be \u00e9s a v\u00e9delm\u00fcket is seg\u00edt\u0151 \u201ek\u00f6z\u00f6ss\u00e9gi tudom\u00e1ny\u201d (citizen science) programba. A 2024\/2025-\u00f6s T\u00e9li\" class=\"yoast-seo-meta-tag\" \/>\n<meta property=\"og:url\" content=\"https:\/\/dorogimedence.hu\/index.php\/2025\/03\/20\/lezarult-a-3-teli-madarles-lakossagi-madarszamlalasi-akcio\/\" class=\"yoast-seo-meta-tag\" \/>\n<meta property=\"og:site_name\" content=\"Dorogi-medence Region\u00e1lis H\u00edrport\u00e1l\" class=\"yoast-seo-meta-tag\" \/>\n<meta property=\"article:publisher\" content=\"https:\/\/www.facebook.com\/dorogimedence\/\" class=\"yoast-seo-meta-tag\" \/>\n<meta property=\"article:published_time\" content=\"2025-03-20T09:34:11+00:00\" class=\"yoast-seo-meta-tag\" \/>\n<meta property=\"og:image\" content=\"https:\/\/dorogimedence.hu\/wp-content\/uploads\/2025\/03\/pexels-phil-mitchell-161192924-11025981.jpg\" class=\"yoast-seo-meta-tag\" \/>\n\t<meta property=\"og:image:width\" content=\"1920\" class=\"yoast-seo-meta-tag\" \/>\n\t<meta property=\"og:image:height\" content=\"1282\" class=\"yoast-seo-meta-tag\" \/>\n\t<meta property=\"og:image:type\" content=\"image\/jpeg\" class=\"yoast-seo-meta-tag\" \/>\n<meta name=\"author\" content=\"dorogimedence.hu\" class=\"yoast-seo-meta-tag\" \/>\n<meta name=\"twitter:card\" content=\"summary_large_image\" class=\"yoast-seo-meta-tag\" \/>\n<meta name=\"twitter:label1\" content=\"Szerz\u0151:\" class=\"yoast-seo-meta-tag\" \/>\n\t<meta name=\"twitter:data1\" content=\"dorogimedence.hu\" class=\"yoast-seo-meta-tag\" \/>\n\t<meta name=\"twitter:label2\" content=\"Becs\u00fclt olvas\u00e1si id\u0151\" class=\"yoast-seo-meta-tag\" \/>\n\t<meta name=\"twitter:data2\" content=\"2 perc\" class=\"yoast-seo-meta-tag\" \/>\n<script type=\"application\/ld+json\" class=\"yoast-schema-graph\">{\"@context\":\"https:\\\/\\\/schema.org\",\"@graph\":[{\"@type\":\"Article\",\"@id\":\"https:\\\/\\\/dorogimedence.hu\\\/index.php\\\/2025\\\/03\\\/20\\\/lezarult-a-3-teli-madarles-lakossagi-madarszamlalasi-akcio\\\/#article\",\"isPartOf\":{\"@id\":\"https:\\\/\\\/dorogimedence.hu\\\/index.php\\\/2025\\\/03\\\/20\\\/lezarult-a-3-teli-madarles-lakossagi-madarszamlalasi-akcio\\\/\"},\"author\":{\"name\":\"dorogimedence.hu\",\"@id\":\"https:\\\/\\\/dorogimedence.hu\\\/#\\\/schema\\\/person\\\/ce6091eeb7e95ecdc87890d6aa8e0fd4\"},\"headline\":\"Lez\u00e1rult a 3. T\u00e9li mad\u00e1rles lakoss\u00e1gi mad\u00e1rsz\u00e1ml\u00e1l\u00e1si akci\u00f3\",\"datePublished\":\"2025-03-20T09:34:11+00:00\",\"mainEntityOfPage\":{\"@id\":\"https:\\\/\\\/dorogimedence.hu\\\/index.php\\\/2025\\\/03\\\/20\\\/lezarult-a-3-teli-madarles-lakossagi-madarszamlalasi-akcio\\\/\"},\"wordCount\":360,\"publisher\":{\"@id\":\"https:\\\/\\\/dorogimedence.hu\\\/#organization\"},\"image\":{\"@id\":\"https:\\\/\\\/dorogimedence.hu\\\/index.php\\\/2025\\\/03\\\/20\\\/lezarult-a-3-teli-madarles-lakossagi-madarszamlalasi-akcio\\\/#primaryimage\"},\"thumbnailUrl\":\"https:\\\/\\\/dorogimedence.hu\\\/wp-content\\\/uploads\\\/2025\\\/03\\\/pexels-phil-mitchell-161192924-11025981.jpg\",\"keywords\":[\"MME\",\"t\u00e9li mad\u00e1rles\"],\"articleSection\":[\"H\u00edrek\",\"Sz\u00ednes\"],\"inLanguage\":\"hu\"},{\"@type\":\"WebPage\",\"@id\":\"https:\\\/\\\/dorogimedence.hu\\\/index.php\\\/2025\\\/03\\\/20\\\/lezarult-a-3-teli-madarles-lakossagi-madarszamlalasi-akcio\\\/\",\"url\":\"https:\\\/\\\/dorogimedence.hu\\\/index.php\\\/2025\\\/03\\\/20\\\/lezarult-a-3-teli-madarles-lakossagi-madarszamlalasi-akcio\\\/\",\"name\":\"Lez\u00e1rult a 3. T\u00e9li mad\u00e1rles lakoss\u00e1gi mad\u00e1rsz\u00e1ml\u00e1l\u00e1si akci\u00f3\",\"isPartOf\":{\"@id\":\"https:\\\/\\\/dorogimedence.hu\\\/#website\"},\"primaryImageOfPage\":{\"@id\":\"https:\\\/\\\/dorogimedence.hu\\\/index.php\\\/2025\\\/03\\\/20\\\/lezarult-a-3-teli-madarles-lakossagi-madarszamlalasi-akcio\\\/#primaryimage\"},\"image\":{\"@id\":\"https:\\\/\\\/dorogimedence.hu\\\/index.php\\\/2025\\\/03\\\/20\\\/lezarult-a-3-teli-madarles-lakossagi-madarszamlalasi-akcio\\\/#primaryimage\"},\"thumbnailUrl\":\"https:\\\/\\\/dorogimedence.hu\\\/wp-content\\\/uploads\\\/2025\\\/03\\\/pexels-phil-mitchell-161192924-11025981.jpg\",\"datePublished\":\"2025-03-20T09:34:11+00:00\",\"breadcrumb\":{\"@id\":\"https:\\\/\\\/dorogimedence.hu\\\/index.php\\\/2025\\\/03\\\/20\\\/lezarult-a-3-teli-madarles-lakossagi-madarszamlalasi-akcio\\\/#breadcrumb\"},\"inLanguage\":\"hu\",\"potentialAction\":[{\"@type\":\"ReadAction\",\"target\":[\"https:\\\/\\\/dorogimedence.hu\\\/index.php\\\/2025\\\/03\\\/20\\\/lezarult-a-3-teli-madarles-lakossagi-madarszamlalasi-akcio\\\/\"]}]},{\"@type\":\"ImageObject\",\"inLanguage\":\"hu\",\"@id\":\"https:\\\/\\\/dorogimedence.hu\\\/index.php\\\/2025\\\/03\\\/20\\\/lezarult-a-3-teli-madarles-lakossagi-madarszamlalasi-akcio\\\/#primaryimage\",\"url\":\"https:\\\/\\\/dorogimedence.hu\\\/wp-content\\\/uploads\\\/2025\\\/03\\\/pexels-phil-mitchell-161192924-11025981.jpg\",\"contentUrl\":\"https:\\\/\\\/dorogimedence.hu\\\/wp-content\\\/uploads\\\/2025\\\/03\\\/pexels-phil-mitchell-161192924-11025981.jpg\",\"width\":1920,\"height\":1282},{\"@type\":\"BreadcrumbList\",\"@id\":\"https:\\\/\\\/dorogimedence.hu\\\/index.php\\\/2025\\\/03\\\/20\\\/lezarult-a-3-teli-madarles-lakossagi-madarszamlalasi-akcio\\\/#breadcrumb\",\"itemListElement\":[{\"@type\":\"ListItem\",\"position\":1,\"name\":\"Kezd\u0151lap\",\"item\":\"https:\\\/\\\/dorogimedence.hu\\\/\"},{\"@type\":\"ListItem\",\"position\":2,\"name\":\"Lez\u00e1rult a 3. T\u00e9li mad\u00e1rles lakoss\u00e1gi mad\u00e1rsz\u00e1ml\u00e1l\u00e1si akci\u00f3\"}]},{\"@type\":\"WebSite\",\"@id\":\"https:\\\/\\\/dorogimedence.hu\\\/#website\",\"url\":\"https:\\\/\\\/dorogimedence.hu\\\/\",\"name\":\"Dorogi-medence Region\u00e1lis H\u00edrport\u00e1l\",\"description\":\"Dorog, Keszt\u00f6lc, Le\u00e1nyv\u00e1r, Piliscs\u00e9v, Tokod, Tokodalt\u00e1r\u00f3, Csolnok, Esztergom-kertv\u00e1ros: h\u00edrek, programok\",\"publisher\":{\"@id\":\"https:\\\/\\\/dorogimedence.hu\\\/#organization\"},\"potentialAction\":[{\"@type\":\"SearchAction\",\"target\":{\"@type\":\"EntryPoint\",\"urlTemplate\":\"https:\\\/\\\/dorogimedence.hu\\\/?s={search_term_string}\"},\"query-input\":{\"@type\":\"PropertyValueSpecification\",\"valueRequired\":true,\"valueName\":\"search_term_string\"}}],\"inLanguage\":\"hu\"},{\"@type\":\"Organization\",\"@id\":\"https:\\\/\\\/dorogimedence.hu\\\/#organization\",\"name\":\"Dorogi-medence Region\u00e1lis H\u00edrport\u00e1l\",\"url\":\"https:\\\/\\\/dorogimedence.hu\\\/\",\"logo\":{\"@type\":\"ImageObject\",\"inLanguage\":\"hu\",\"@id\":\"https:\\\/\\\/dorogimedence.hu\\\/#\\\/schema\\\/logo\\\/image\\\/\",\"url\":\"https:\\\/\\\/dorogimedence.hu\\\/wp-content\\\/uploads\\\/2021\\\/04\\\/logo-feher-600.png\",\"contentUrl\":\"https:\\\/\\\/dorogimedence.hu\\\/wp-content\\\/uploads\\\/2021\\\/04\\\/logo-feher-600.png\",\"width\":600,\"height\":100,\"caption\":\"Dorogi-medence Region\u00e1lis H\u00edrport\u00e1l\"},\"image\":{\"@id\":\"https:\\\/\\\/dorogimedence.hu\\\/#\\\/schema\\\/logo\\\/image\\\/\"},\"sameAs\":[\"https:\\\/\\\/www.facebook.com\\\/dorogimedence\\\/\"]},{\"@type\":\"Person\",\"@id\":\"https:\\\/\\\/dorogimedence.hu\\\/#\\\/schema\\\/person\\\/ce6091eeb7e95ecdc87890d6aa8e0fd4\",\"name\":\"dorogimedence.hu\",\"image\":{\"@type\":\"ImageObject\",\"inLanguage\":\"hu\",\"@id\":\"\\\/\\\/www.gravatar.com\\\/avatar\\\/d8d45f8901aadff40a4af72c0b826f1d?s=96&#038;r=g&#038;d=mm\",\"url\":\"\\\/\\\/www.gravatar.com\\\/avatar\\\/d8d45f8901aadff40a4af72c0b826f1d?s=96&#038;r=g&#038;d=mm\",\"contentUrl\":\"\\\/\\\/www.gravatar.com\\\/avatar\\\/d8d45f8901aadff40a4af72c0b826f1d?s=96&#038;r=g&#038;d=mm\",\"caption\":\"dorogimedence.hu\"}}]}<\/script>\n<!-- \/ Yoast SEO plugin. -->","yoast_head_json":{"title":"Lez\u00e1rult a 3. T\u00e9li mad\u00e1rles lakoss\u00e1gi mad\u00e1rsz\u00e1ml\u00e1l\u00e1si akci\u00f3","robots":{"index":"index","follow":"follow","max-snippet":"max-snippet:-1","max-image-preview":"max-image-preview:large","max-video-preview":"max-video-preview:-1"},"canonical":"https:\/\/dorogimedence.hu\/index.php\/2025\/03\/20\/lezarult-a-3-teli-madarles-lakossagi-madarszamlalasi-akcio\/","og_locale":"hu_HU","og_type":"article","og_title":"Lez\u00e1rult a 3. T\u00e9li mad\u00e1rles lakoss\u00e1gi mad\u00e1rsz\u00e1ml\u00e1l\u00e1si akci\u00f3","og_description":"A Magyar Mad\u00e1rtani \u00e9s Term\u00e9szetv\u00e9delmi Egyes\u00fclet (MME) T\u00e9li mad\u00e1rles c\u00edmmel harmadik alkalommal hirdette meg a kilenc h\u00e9ten \u00e1t tart\u00f3, nagy siker\u0171 orsz\u00e1gos mad\u00e1rsz\u00e1ml\u00e1l\u00e1st 2024 december 28 &#8211; 2025 febru\u00e1r 28. k\u00f6z\u00f6tt. Az akci\u00f3 c\u00e9lja a lakoss\u00e1g bevon\u00e1sa a k\u00f6rnyezet\u00fcnkben \u00e9l\u0151 madarak megfigyel\u00e9s\u00e9be \u00e9s a v\u00e9delm\u00fcket is seg\u00edt\u0151 \u201ek\u00f6z\u00f6ss\u00e9gi tudom\u00e1ny\u201d (citizen science) programba. A 2024\/2025-\u00f6s T\u00e9li","og_url":"https:\/\/dorogimedence.hu\/index.php\/2025\/03\/20\/lezarult-a-3-teli-madarles-lakossagi-madarszamlalasi-akcio\/","og_site_name":"Dorogi-medence Region\u00e1lis H\u00edrport\u00e1l","article_publisher":"https:\/\/www.facebook.com\/dorogimedence\/","article_published_time":"2025-03-20T09:34:11+00:00","og_image":[{"width":1920,"height":1282,"url":"https:\/\/dorogimedence.hu\/wp-content\/uploads\/2025\/03\/pexels-phil-mitchell-161192924-11025981.jpg","type":"image\/jpeg"}],"author":"dorogimedence.hu","twitter_card":"summary_large_image","twitter_misc":{"Szerz\u0151:":"dorogimedence.hu","Becs\u00fclt olvas\u00e1si id\u0151":"2 perc"},"schema":{"@context":"https:\/\/schema.org","@graph":[{"@type":"Article","@id":"https:\/\/dorogimedence.hu\/index.php\/2025\/03\/20\/lezarult-a-3-teli-madarles-lakossagi-madarszamlalasi-akcio\/#article","isPartOf":{"@id":"https:\/\/dorogimedence.hu\/index.php\/2025\/03\/20\/lezarult-a-3-teli-madarles-lakossagi-madarszamlalasi-akcio\/"},"author":{"name":"dorogimedence.hu","@id":"https:\/\/dorogimedence.hu\/#\/schema\/person\/ce6091eeb7e95ecdc87890d6aa8e0fd4"},"headline":"Lez\u00e1rult a 3. T\u00e9li mad\u00e1rles lakoss\u00e1gi mad\u00e1rsz\u00e1ml\u00e1l\u00e1si akci\u00f3","datePublished":"2025-03-20T09:34:11+00:00","mainEntityOfPage":{"@id":"https:\/\/dorogimedence.hu\/index.php\/2025\/03\/20\/lezarult-a-3-teli-madarles-lakossagi-madarszamlalasi-akcio\/"},"wordCount":360,"publisher":{"@id":"https:\/\/dorogimedence.hu\/#organization"},"image":{"@id":"https:\/\/dorogimedence.hu\/index.php\/2025\/03\/20\/lezarult-a-3-teli-madarles-lakossagi-madarszamlalasi-akcio\/#primaryimage"},"thumbnailUrl":"https:\/\/dorogimedence.hu\/wp-content\/uploads\/2025\/03\/pexels-phil-mitchell-161192924-11025981.jpg","keywords":["MME","t\u00e9li mad\u00e1rles"],"articleSection":["H\u00edrek","Sz\u00ednes"],"inLanguage":"hu"},{"@type":"WebPage","@id":"https:\/\/dorogimedence.hu\/index.php\/2025\/03\/20\/lezarult-a-3-teli-madarles-lakossagi-madarszamlalasi-akcio\/","url":"https:\/\/dorogimedence.hu\/index.php\/2025\/03\/20\/lezarult-a-3-teli-madarles-lakossagi-madarszamlalasi-akcio\/","name":"Lez\u00e1rult a 3. T\u00e9li mad\u00e1rles lakoss\u00e1gi mad\u00e1rsz\u00e1ml\u00e1l\u00e1si akci\u00f3","isPartOf":{"@id":"https:\/\/dorogimedence.hu\/#website"},"primaryImageOfPage":{"@id":"https:\/\/dorogimedence.hu\/index.php\/2025\/03\/20\/lezarult-a-3-teli-madarles-lakossagi-madarszamlalasi-akcio\/#primaryimage"},"image":{"@id":"https:\/\/dorogimedence.hu\/index.php\/2025\/03\/20\/lezarult-a-3-teli-madarles-lakossagi-madarszamlalasi-akcio\/#primaryimage"},"thumbnailUrl":"https:\/\/dorogimedence.hu\/wp-content\/uploads\/2025\/03\/pexels-phil-mitchell-161192924-11025981.jpg","datePublished":"2025-03-20T09:34:11+00:00","breadcrumb":{"@id":"https:\/\/dorogimedence.hu\/index.php\/2025\/03\/20\/lezarult-a-3-teli-madarles-lakossagi-madarszamlalasi-akcio\/#breadcrumb"},"inLanguage":"hu","potentialAction":[{"@type":"ReadAction","target":["https:\/\/dorogimedence.hu\/index.php\/2025\/03\/20\/lezarult-a-3-teli-madarles-lakossagi-madarszamlalasi-akcio\/"]}]},{"@type":"ImageObject","inLanguage":"hu","@id":"https:\/\/dorogimedence.hu\/index.php\/2025\/03\/20\/lezarult-a-3-teli-madarles-lakossagi-madarszamlalasi-akcio\/#primaryimage","url":"https:\/\/dorogimedence.hu\/wp-content\/uploads\/2025\/03\/pexels-phil-mitchell-161192924-11025981.jpg","contentUrl":"https:\/\/dorogimedence.hu\/wp-content\/uploads\/2025\/03\/pexels-phil-mitchell-161192924-11025981.jpg","width":1920,"height":1282},{"@type":"BreadcrumbList","@id":"https:\/\/dorogimedence.hu\/index.php\/2025\/03\/20\/lezarult-a-3-teli-madarles-lakossagi-madarszamlalasi-akcio\/#breadcrumb","itemListElement":[{"@type":"ListItem","position":1,"name":"Kezd\u0151lap","item":"https:\/\/dorogimedence.hu\/"},{"@type":"ListItem","position":2,"name":"Lez\u00e1rult a 3. T\u00e9li mad\u00e1rles lakoss\u00e1gi mad\u00e1rsz\u00e1ml\u00e1l\u00e1si akci\u00f3"}]},{"@type":"WebSite","@id":"https:\/\/dorogimedence.hu\/#website","url":"https:\/\/dorogimedence.hu\/","name":"Dorogi-medence Region\u00e1lis H\u00edrport\u00e1l","description":"Dorog, Keszt\u00f6lc, Le\u00e1nyv\u00e1r, Piliscs\u00e9v, Tokod, Tokodalt\u00e1r\u00f3, Csolnok, Esztergom-kertv\u00e1ros: h\u00edrek, programok","publisher":{"@id":"https:\/\/dorogimedence.hu\/#organization"},"potentialAction":[{"@type":"SearchAction","target":{"@type":"EntryPoint","urlTemplate":"https:\/\/dorogimedence.hu\/?s={search_term_string}"},"query-input":{"@type":"PropertyValueSpecification","valueRequired":true,"valueName":"search_term_string"}}],"inLanguage":"hu"},{"@type":"Organization","@id":"https:\/\/dorogimedence.hu\/#organization","name":"Dorogi-medence Region\u00e1lis H\u00edrport\u00e1l","url":"https:\/\/dorogimedence.hu\/","logo":{"@type":"ImageObject","inLanguage":"hu","@id":"https:\/\/dorogimedence.hu\/#\/schema\/logo\/image\/","url":"https:\/\/dorogimedence.hu\/wp-content\/uploads\/2021\/04\/logo-feher-600.png","contentUrl":"https:\/\/dorogimedence.hu\/wp-content\/uploads\/2021\/04\/logo-feher-600.png","width":600,"height":100,"caption":"Dorogi-medence Region\u00e1lis H\u00edrport\u00e1l"},"image":{"@id":"https:\/\/dorogimedence.hu\/#\/schema\/logo\/image\/"},"sameAs":["https:\/\/www.facebook.com\/dorogimedence\/"]},{"@type":"Person","@id":"https:\/\/dorogimedence.hu\/#\/schema\/person\/ce6091eeb7e95ecdc87890d6aa8e0fd4","name":"dorogimedence.hu","image":{"@type":"ImageObject","inLanguage":"hu","@id":"\/\/www.gravatar.com\/avatar\/d8d45f8901aadff40a4af72c0b826f1d?s=96&#038;r=g&#038;d=mm","url":"\/\/www.gravatar.com\/avatar\/d8d45f8901aadff40a4af72c0b826f1d?s=96&#038;r=g&#038;d=mm","contentUrl":"\/\/www.gravatar.com\/avatar\/d8d45f8901aadff40a4af72c0b826f1d?s=96&#038;r=g&#038;d=mm","caption":"dorogimedence.hu"}}]}},"_links":{"self":[{"href":"https:\/\/dorogimedence.hu\/index.php\/wp-json\/wp\/v2\/posts\/69659","targetHints":{"allow":["GET"]}}],"collection":[{"href":"https:\/\/dorogimedence.hu\/index.php\/wp-json\/wp\/v2\/posts"}],"about":[{"href":"https:\/\/dorogimedence.hu\/index.php\/wp-json\/wp\/v2\/types\/post"}],"author":[{"embeddable":true,"href":"https:\/\/dorogimedence.hu\/index.php\/wp-json\/wp\/v2\/users\/1"}],"replies":[{"embeddable":true,"href":"https:\/\/dorogimedence.hu\/index.php\/wp-json\/wp\/v2\/comments?post=69659"}],"version-history":[{"count":0,"href":"https:\/\/dorogimedence.hu\/index.php\/wp-json\/wp\/v2\/posts\/69659\/revisions"}],"wp:featuredmedia":[{"embeddable":true,"href":"https:\/\/dorogimedence.hu\/index.php\/wp-json\/wp\/v2\/media\/69660"}],"wp:attachment":[{"href":"https:\/\/dorogimedence.hu\/index.php\/wp-json\/wp\/v2\/media?parent=69659"}],"wp:term":[{"taxonomy":"category","embeddable":true,"href":"https:\/\/dorogimedence.hu\/index.php\/wp-json\/wp\/v2\/categories?post=69659"},{"taxonomy":"post_tag","embeddable":true,"href":"https:\/\/dorogimedence.hu\/index.php\/wp-json\/wp\/v2\/tags?post=69659"}],"curies":[{"name":"wp","href":"https:\/\/api.w.org\/{rel}","templated":true}]}}