{"id":69614,"date":"2025-03-18T12:09:28","date_gmt":"2025-03-18T11:09:28","guid":{"rendered":"https:\/\/dorogimedence.hu\/?p=69614"},"modified":"2025-03-18T12:09:28","modified_gmt":"2025-03-18T11:09:28","slug":"nevadojukhoz-melton-emlekeztek-meg-a-diakok-a-petofi-iskolaban","status":"publish","type":"post","link":"https:\/\/dorogimedence.hu\/index.php\/2025\/03\/18\/nevadojukhoz-melton-emlekeztek-meg-a-diakok-a-petofi-iskolaban\/","title":{"rendered":"N\u00e9vad\u00f3jukhoz m\u00e9lt\u00f3n eml\u00e9keztek meg a di\u00e1kok a Pet\u0151fi iskol\u00e1ban"},"content":{"rendered":"<p><strong>M\u00e1rciusban a Pet\u0151fi-iskola minden \u00e9vben n\u00e9vad\u00f3j\u00e1hoz m\u00e9lt\u00f3n eml\u00e9kezik meg az 1848\/49-es forradalom \u00e9s szabads\u00e1gharc t\u00f6rt\u00e9n\u00e9seir\u0151l.<\/strong><\/p>\n<p>Id\u00e9n az \u00fcnnepk\u00f6r esem\u00e9nyeit felf\u0171zve \u201eCsat\u00e1ra fel, gy\u0151zni kell!\u201d jelmondattal \u201eHaza \u00e9s halad\u00e1s\u201d n\u00e9ven t\u00e9ma napot tartottak. A gyerekek \u00e1llom\u00e1sr\u00f3l-\u00e1llom\u00e1sra haladva fontos ismereteket szereztek e jeles esem\u00e9ny t\u00f6rt\u00e9n\u00e9seir\u0151l: &#8211; Eljutottak a Pilvax k\u00e1v\u00e9h\u00e1zba, ahol hagyom\u00e1nyos, m\u00e1rtogat\u00f3s tollal m\u00e1solt\u00e1k le Pet\u0151fi S\u00e1ndor: Nemzeti dal c\u00edm\u0171 vers\u00e9nek n\u00e9h\u00e1ny sor\u00e1t.<\/p>\n<p>&#8211; A Landerer nyomd\u00e1ban puzzle darabokb\u00f3l rakt\u00e1k ki a 12 pontot.<\/p>\n<p>&#8211; A M\u0171egyetem \u00e1llom\u00e1son elk\u00e9sz\u00edtett\u00e9k saj\u00e1t kok\u00e1rd\u00e1ikat.<\/p>\n<p>&#8211; A Budai v\u00e1rban kiszabad\u00edtott\u00e1k b\u00f6rt\u00f6n\u00e9b\u0151l T\u00e1ncsics Mih\u00e1lyt egy \u00fcgyess\u00e9gi j\u00e1t\u00e9k seg\u00edts\u00e9g\u00e9vel.<\/p>\n<p>&#8211; A V\u00e1rosh\u00e1z\u00e1n tot\u00f3t t\u00f6lt\u00f6ttek ki az esem\u00e9nyekr\u0151l, majd megtanult\u00e1k Kossuth h\u00edres toborz\u00f3dal\u00e1t.<\/p>\n<p>&#8211; A Hadik\u00f3rh\u00e1z \u00e1llom\u00e1son elsaj\u00e1t\u00edtott\u00e1k a beteg\u00e1pol\u00e1st, a Hadikonyh\u00e1n megpihentek \u00e9s megt\u00f6mt\u00e9k a hasukat.<\/p>\n<p>&#8211; A nap v\u00e9g\u00e9n V\u00e1rh\u00e1bor\u00faban megv\u00edvt\u00e1k a p\u00e1kozdi, az isaszegi, a kom\u00e1romi \u00e9s a v\u00e1ci csat\u00e1t.<\/p>\n<p>Ez, a minden oszt\u00e1lyra kidolgozott program, kor\u00e1bban sok\u00e1ig az iskola b\u00e1zisiskolai k\u00edn\u00e1lat\u00e1ban is szerepelt.<\/p>\n<p><img fetchpriority=\"high\" decoding=\"async\" class=\"alignnone size-full wp-image-69616\" src=\"https:\/\/dorogimedence.hu\/wp-content\/uploads\/2025\/03\/485023550_959125646404433_525555548347014844_n.jpg\" alt=\"\" width=\"2048\" height=\"1536\" srcset=\"https:\/\/dorogimedence.hu\/wp-content\/uploads\/2025\/03\/485023550_959125646404433_525555548347014844_n.jpg 2048w, https:\/\/dorogimedence.hu\/wp-content\/uploads\/2025\/03\/485023550_959125646404433_525555548347014844_n-600x450.jpg 600w, https:\/\/dorogimedence.hu\/wp-content\/uploads\/2025\/03\/485023550_959125646404433_525555548347014844_n-1920x1440.jpg 1920w, https:\/\/dorogimedence.hu\/wp-content\/uploads\/2025\/03\/485023550_959125646404433_525555548347014844_n-768x576.jpg 768w, https:\/\/dorogimedence.hu\/wp-content\/uploads\/2025\/03\/485023550_959125646404433_525555548347014844_n-1536x1152.jpg 1536w, https:\/\/dorogimedence.hu\/wp-content\/uploads\/2025\/03\/485023550_959125646404433_525555548347014844_n-150x113.jpg 150w, https:\/\/dorogimedence.hu\/wp-content\/uploads\/2025\/03\/485023550_959125646404433_525555548347014844_n-450x338.jpg 450w, https:\/\/dorogimedence.hu\/wp-content\/uploads\/2025\/03\/485023550_959125646404433_525555548347014844_n-1200x900.jpg 1200w\" sizes=\"(max-width: 2048px) 100vw, 2048px\" \/><\/p>\n<p><strong>Az esem\u00e9nyeknek azonban itt m\u00e9g nincs v\u00e9ge:<\/strong><\/p>\n<p>M\u00e1rcius 10-14. k\u00f6z\u00f6tt sz\u00e1mos versenyen m\u00e9rt\u00e9k \u00f6ssze tud\u00e1sukat a Pet\u0151fi-iskola tanul\u00f3i a Zr\u00ednyis \u00e9s E\u00f6tv\u00f6s\u00f6s di\u00e1kokkal. A vet\u00e9lked\u0151k sor\u00e1t egy ker\u00e9kp\u00e1ros \u00fcgyess\u00e9gi- \u00e9s k\u00f6zleked\u00e9si ismereteket is mag\u00e1ban foglal\u00f3 verseny nyitotta meg. Ezzel egyid\u0151ben zajlott a fels\u0151s\u00f6knek sz\u00f3l\u00f3 csapatverseny a sz\u00f3l\u00e1sok \u00e9s k\u00f6zmond\u00e1sok s\u0171r\u0171j\u00e9ben. Id\u0151rendben az 1848\/49-es esem\u00e9nyeket feldolgoz\u00f3 t\u00f6rt\u00e9nelmi vet\u00e9lked\u0151 k\u00f6vetkezett 7-8. oszt\u00e1lyos tanul\u00f3knak. A k\u00e9rd\u00e9sek \u00f6ssze\u00e1ll\u00edt\u00e1s\u00e1n\u00e1l a f\u0151 szempont az \u00e9rdekess\u00e9g \u00e9s a v\u00e1ltozatoss\u00e1g volt: \u00edgy topogr\u00e1fiai, filmes, rajzos \u00e9s k\u00e9pes feladat is szerepelt a feladv\u00e1nyok k\u00f6z\u00f6tt. Online fizika verseny is gazdag\u00edtja a versenyek sor\u00e1t id\u00e9n, mely m\u00e9g jelenleg is tart. A vet\u00e9lked\u0151k sor\u00e1ban az als\u00f3soknak megtartott D\u00e1ma j\u00e1t\u00e9k \u00e9s a \u201eKi mit tud a zen\u00e9r\u0151l?\u201d k\u00f6vetkezett. Majd az iskola versmond\u00f3 versenye, melyet id\u00e9n Csuk\u00e1s Istv\u00e1nra, a magyar ifj\u00fas\u00e1gi irodalom egyik legismertebb alkot\u00f3j\u00e1ra eml\u00e9kezve rendeztek meg. A kist\u00e9rs\u00e9gb\u0151l 8 iskola tanul\u00f3i mutatt\u00e1k meg tehets\u00e9g\u00fcket, szorgalmukat. A vid\u00e1m, kedves gyerekversek, a sz\u00e9p magyar besz\u00e9d, a sz\u00ednvonalas el\u0151ad\u00e1sm\u00f3d m\u00e9lt\u00f3 m\u00f3don \u00e1ll\u00edtott eml\u00e9ket Csuk\u00e1s Istv\u00e1n munk\u00e1ss\u00e1g\u00e1nak. A zs\u0171ri munk\u00e1j\u00e1t Gurinn\u00e9 Pint\u00e9r Gabriella, a dorogi G\u00e1thy Zolt\u00e1n V\u00e1rosi K\u00f6nyvt\u00e1r gyermekk\u00f6nyvt\u00e1rosa \u00e9s Dorogi \u00c1gnes, az iskola nyugd\u00edjas pedag\u00f3gusa seg\u00edtette. A programokat az iskola 3.b oszt\u00e1lyos tanul\u00f3inak \u00fcnnepi m\u0171sora z\u00e1rta. Tov\u00e1bb\u00e1 a v\u00e1rosi \u00fcnneps\u00e9gen is a m\u0171sort a Pet\u0151fis di\u00e1kok adt\u00e1k el.<\/p>\n<p>Az iskola k\u00f6sz\u00f6netet mond az EL\u00c1MEN Zrt, COOP ABC \u00e9s a Cukr\u00e1sz Dep\u00f3 munkat\u00e1rsainak, akik t\u00e1mogat\u00e1sukkal lehet\u0151v\u00e9 tett\u00e9k, hogy programjaik m\u00e9g gazdagabbak legyenek.<\/p>\n<p>Mindenr\u0151l b\u0151vebb sz\u00f6veges \u00e9s k\u00e9pes inform\u00e1ci\u00f3t az iskola <a href=\"https:\/\/www.facebook.com\/petofi.iskola\" target=\"_blank\" rel=\"noopener\"><span style=\"text-decoration: underline; color: #0000ff;\">Facebook-oldal\u00e1n<\/span><\/a> lehet megtudni.<\/p>\n<p><em>Fot\u00f3k, forr\u00e1s: dorog.hu<\/em><\/p>\n","protected":false},"excerpt":{"rendered":"<p>M\u00e1rciusban a Pet\u0151fi-iskola minden \u00e9vben n\u00e9vad\u00f3j\u00e1hoz m\u00e9lt\u00f3n eml\u00e9kezik meg az 1848\/49-es forradalom \u00e9s szabads\u00e1gharc t\u00f6rt\u00e9n\u00e9seir\u0151l. Id\u00e9n az \u00fcnnepk\u00f6r esem\u00e9nyeit felf\u0171zve \u201eCsat\u00e1ra fel, gy\u0151zni kell!\u201d jelmondattal \u201eHaza \u00e9s halad\u00e1s\u201d n\u00e9ven t\u00e9ma napot tartottak. A gyerekek \u00e1llom\u00e1sr\u00f3l-\u00e1llom\u00e1sra haladva fontos ismereteket szereztek e jeles esem\u00e9ny t\u00f6rt\u00e9n\u00e9seir\u0151l: &#8211; Eljutottak a Pilvax k\u00e1v\u00e9h\u00e1zba, ahol hagyom\u00e1nyos, m\u00e1rtogat\u00f3s tollal m\u00e1solt\u00e1k le Pet\u0151fi<\/p>\n","protected":false},"author":1,"featured_media":69615,"comment_status":"closed","ping_status":"closed","sticky":false,"template":"","format":"standard","meta":{"ngg_post_thumbnail":0,"footnotes":""},"categories":[2,3],"tags":[15,443,895,7126],"class_list":{"0":"post-69614","1":"post","2":"type-post","3":"status-publish","4":"format-standard","5":"has-post-thumbnail","7":"category-dorog","8":"category-hirek","9":"tag-dorog","10":"tag-marcius-15","11":"tag-petofi-iskola","12":"tag-petofi-sandor"},"yoast_head":"<!-- This site is optimized with the Yoast SEO plugin v27.5 - https:\/\/yoast.com\/product\/yoast-seo-wordpress\/ -->\n<title>N\u00e9vad\u00f3jukhoz m\u00e9lt\u00f3n eml\u00e9keztek meg a di\u00e1kok a Pet\u0151fi iskol\u00e1ban<\/title>\n<meta name=\"robots\" content=\"index, follow, max-snippet:-1, max-image-preview:large, max-video-preview:-1\" \/>\n<link rel=\"canonical\" href=\"https:\/\/dorogimedence.hu\/index.php\/2025\/03\/18\/nevadojukhoz-melton-emlekeztek-meg-a-diakok-a-petofi-iskolaban\/\" class=\"yoast-seo-meta-tag\" \/>\n<meta property=\"og:locale\" content=\"hu_HU\" class=\"yoast-seo-meta-tag\" \/>\n<meta property=\"og:type\" content=\"article\" class=\"yoast-seo-meta-tag\" \/>\n<meta property=\"og:title\" content=\"N\u00e9vad\u00f3jukhoz m\u00e9lt\u00f3n eml\u00e9keztek meg a di\u00e1kok a Pet\u0151fi iskol\u00e1ban\" class=\"yoast-seo-meta-tag\" \/>\n<meta property=\"og:description\" content=\"M\u00e1rciusban a Pet\u0151fi-iskola minden \u00e9vben n\u00e9vad\u00f3j\u00e1hoz m\u00e9lt\u00f3n eml\u00e9kezik meg az 1848\/49-es forradalom \u00e9s szabads\u00e1gharc t\u00f6rt\u00e9n\u00e9seir\u0151l. Id\u00e9n az \u00fcnnepk\u00f6r esem\u00e9nyeit felf\u0171zve \u201eCsat\u00e1ra fel, gy\u0151zni kell!\u201d jelmondattal \u201eHaza \u00e9s halad\u00e1s\u201d n\u00e9ven t\u00e9ma napot tartottak. A gyerekek \u00e1llom\u00e1sr\u00f3l-\u00e1llom\u00e1sra haladva fontos ismereteket szereztek e jeles esem\u00e9ny t\u00f6rt\u00e9n\u00e9seir\u0151l: &#8211; Eljutottak a Pilvax k\u00e1v\u00e9h\u00e1zba, ahol hagyom\u00e1nyos, m\u00e1rtogat\u00f3s tollal m\u00e1solt\u00e1k le Pet\u0151fi\" class=\"yoast-seo-meta-tag\" \/>\n<meta property=\"og:url\" content=\"https:\/\/dorogimedence.hu\/index.php\/2025\/03\/18\/nevadojukhoz-melton-emlekeztek-meg-a-diakok-a-petofi-iskolaban\/\" class=\"yoast-seo-meta-tag\" \/>\n<meta property=\"og:site_name\" content=\"Dorogi-medence Region\u00e1lis H\u00edrport\u00e1l\" class=\"yoast-seo-meta-tag\" \/>\n<meta property=\"article:publisher\" content=\"https:\/\/www.facebook.com\/dorogimedence\/\" class=\"yoast-seo-meta-tag\" \/>\n<meta property=\"article:published_time\" content=\"2025-03-18T11:09:28+00:00\" class=\"yoast-seo-meta-tag\" \/>\n<meta property=\"og:image\" content=\"https:\/\/dorogimedence.hu\/wp-content\/uploads\/2025\/03\/petofi-01.jpg\" class=\"yoast-seo-meta-tag\" \/>\n\t<meta property=\"og:image:width\" content=\"1920\" class=\"yoast-seo-meta-tag\" \/>\n\t<meta property=\"og:image:height\" content=\"970\" class=\"yoast-seo-meta-tag\" \/>\n\t<meta property=\"og:image:type\" content=\"image\/jpeg\" class=\"yoast-seo-meta-tag\" \/>\n<meta name=\"author\" content=\"dorogimedence.hu\" class=\"yoast-seo-meta-tag\" \/>\n<meta name=\"twitter:card\" content=\"summary_large_image\" class=\"yoast-seo-meta-tag\" \/>\n<meta name=\"twitter:label1\" content=\"Szerz\u0151:\" class=\"yoast-seo-meta-tag\" \/>\n\t<meta name=\"twitter:data1\" content=\"dorogimedence.hu\" class=\"yoast-seo-meta-tag\" \/>\n\t<meta name=\"twitter:label2\" content=\"Becs\u00fclt olvas\u00e1si id\u0151\" class=\"yoast-seo-meta-tag\" \/>\n\t<meta name=\"twitter:data2\" content=\"3 perc\" class=\"yoast-seo-meta-tag\" \/>\n<script type=\"application\/ld+json\" class=\"yoast-schema-graph\">{\"@context\":\"https:\\\/\\\/schema.org\",\"@graph\":[{\"@type\":\"Article\",\"@id\":\"https:\\\/\\\/dorogimedence.hu\\\/index.php\\\/2025\\\/03\\\/18\\\/nevadojukhoz-melton-emlekeztek-meg-a-diakok-a-petofi-iskolaban\\\/#article\",\"isPartOf\":{\"@id\":\"https:\\\/\\\/dorogimedence.hu\\\/index.php\\\/2025\\\/03\\\/18\\\/nevadojukhoz-melton-emlekeztek-meg-a-diakok-a-petofi-iskolaban\\\/\"},\"author\":{\"name\":\"dorogimedence.hu\",\"@id\":\"https:\\\/\\\/dorogimedence.hu\\\/#\\\/schema\\\/person\\\/ce6091eeb7e95ecdc87890d6aa8e0fd4\"},\"headline\":\"N\u00e9vad\u00f3jukhoz m\u00e9lt\u00f3n eml\u00e9keztek meg a di\u00e1kok a Pet\u0151fi iskol\u00e1ban\",\"datePublished\":\"2025-03-18T11:09:28+00:00\",\"mainEntityOfPage\":{\"@id\":\"https:\\\/\\\/dorogimedence.hu\\\/index.php\\\/2025\\\/03\\\/18\\\/nevadojukhoz-melton-emlekeztek-meg-a-diakok-a-petofi-iskolaban\\\/\"},\"wordCount\":668,\"publisher\":{\"@id\":\"https:\\\/\\\/dorogimedence.hu\\\/#organization\"},\"image\":{\"@id\":\"https:\\\/\\\/dorogimedence.hu\\\/index.php\\\/2025\\\/03\\\/18\\\/nevadojukhoz-melton-emlekeztek-meg-a-diakok-a-petofi-iskolaban\\\/#primaryimage\"},\"thumbnailUrl\":\"https:\\\/\\\/dorogimedence.hu\\\/wp-content\\\/uploads\\\/2025\\\/03\\\/petofi-01.jpg\",\"keywords\":[\"Dorog\",\"M\u00e1rcius 15\",\"Pet\u0151fi iskola\",\"Pet\u0151fi S\u00e1ndor\"],\"articleSection\":[\"Dorog\",\"H\u00edrek\"],\"inLanguage\":\"hu\"},{\"@type\":\"WebPage\",\"@id\":\"https:\\\/\\\/dorogimedence.hu\\\/index.php\\\/2025\\\/03\\\/18\\\/nevadojukhoz-melton-emlekeztek-meg-a-diakok-a-petofi-iskolaban\\\/\",\"url\":\"https:\\\/\\\/dorogimedence.hu\\\/index.php\\\/2025\\\/03\\\/18\\\/nevadojukhoz-melton-emlekeztek-meg-a-diakok-a-petofi-iskolaban\\\/\",\"name\":\"N\u00e9vad\u00f3jukhoz m\u00e9lt\u00f3n eml\u00e9keztek meg a di\u00e1kok a Pet\u0151fi iskol\u00e1ban\",\"isPartOf\":{\"@id\":\"https:\\\/\\\/dorogimedence.hu\\\/#website\"},\"primaryImageOfPage\":{\"@id\":\"https:\\\/\\\/dorogimedence.hu\\\/index.php\\\/2025\\\/03\\\/18\\\/nevadojukhoz-melton-emlekeztek-meg-a-diakok-a-petofi-iskolaban\\\/#primaryimage\"},\"image\":{\"@id\":\"https:\\\/\\\/dorogimedence.hu\\\/index.php\\\/2025\\\/03\\\/18\\\/nevadojukhoz-melton-emlekeztek-meg-a-diakok-a-petofi-iskolaban\\\/#primaryimage\"},\"thumbnailUrl\":\"https:\\\/\\\/dorogimedence.hu\\\/wp-content\\\/uploads\\\/2025\\\/03\\\/petofi-01.jpg\",\"datePublished\":\"2025-03-18T11:09:28+00:00\",\"breadcrumb\":{\"@id\":\"https:\\\/\\\/dorogimedence.hu\\\/index.php\\\/2025\\\/03\\\/18\\\/nevadojukhoz-melton-emlekeztek-meg-a-diakok-a-petofi-iskolaban\\\/#breadcrumb\"},\"inLanguage\":\"hu\",\"potentialAction\":[{\"@type\":\"ReadAction\",\"target\":[\"https:\\\/\\\/dorogimedence.hu\\\/index.php\\\/2025\\\/03\\\/18\\\/nevadojukhoz-melton-emlekeztek-meg-a-diakok-a-petofi-iskolaban\\\/\"]}]},{\"@type\":\"ImageObject\",\"inLanguage\":\"hu\",\"@id\":\"https:\\\/\\\/dorogimedence.hu\\\/index.php\\\/2025\\\/03\\\/18\\\/nevadojukhoz-melton-emlekeztek-meg-a-diakok-a-petofi-iskolaban\\\/#primaryimage\",\"url\":\"https:\\\/\\\/dorogimedence.hu\\\/wp-content\\\/uploads\\\/2025\\\/03\\\/petofi-01.jpg\",\"contentUrl\":\"https:\\\/\\\/dorogimedence.hu\\\/wp-content\\\/uploads\\\/2025\\\/03\\\/petofi-01.jpg\",\"width\":1920,\"height\":970},{\"@type\":\"BreadcrumbList\",\"@id\":\"https:\\\/\\\/dorogimedence.hu\\\/index.php\\\/2025\\\/03\\\/18\\\/nevadojukhoz-melton-emlekeztek-meg-a-diakok-a-petofi-iskolaban\\\/#breadcrumb\",\"itemListElement\":[{\"@type\":\"ListItem\",\"position\":1,\"name\":\"Kezd\u0151lap\",\"item\":\"https:\\\/\\\/dorogimedence.hu\\\/\"},{\"@type\":\"ListItem\",\"position\":2,\"name\":\"N\u00e9vad\u00f3jukhoz m\u00e9lt\u00f3n eml\u00e9keztek meg a di\u00e1kok a Pet\u0151fi iskol\u00e1ban\"}]},{\"@type\":\"WebSite\",\"@id\":\"https:\\\/\\\/dorogimedence.hu\\\/#website\",\"url\":\"https:\\\/\\\/dorogimedence.hu\\\/\",\"name\":\"Dorogi-medence Region\u00e1lis H\u00edrport\u00e1l\",\"description\":\"Dorog, Keszt\u00f6lc, Le\u00e1nyv\u00e1r, Piliscs\u00e9v, Tokod, Tokodalt\u00e1r\u00f3, Csolnok, Esztergom-kertv\u00e1ros: h\u00edrek, programok\",\"publisher\":{\"@id\":\"https:\\\/\\\/dorogimedence.hu\\\/#organization\"},\"potentialAction\":[{\"@type\":\"SearchAction\",\"target\":{\"@type\":\"EntryPoint\",\"urlTemplate\":\"https:\\\/\\\/dorogimedence.hu\\\/?s={search_term_string}\"},\"query-input\":{\"@type\":\"PropertyValueSpecification\",\"valueRequired\":true,\"valueName\":\"search_term_string\"}}],\"inLanguage\":\"hu\"},{\"@type\":\"Organization\",\"@id\":\"https:\\\/\\\/dorogimedence.hu\\\/#organization\",\"name\":\"Dorogi-medence Region\u00e1lis H\u00edrport\u00e1l\",\"url\":\"https:\\\/\\\/dorogimedence.hu\\\/\",\"logo\":{\"@type\":\"ImageObject\",\"inLanguage\":\"hu\",\"@id\":\"https:\\\/\\\/dorogimedence.hu\\\/#\\\/schema\\\/logo\\\/image\\\/\",\"url\":\"https:\\\/\\\/dorogimedence.hu\\\/wp-content\\\/uploads\\\/2021\\\/04\\\/logo-feher-600.png\",\"contentUrl\":\"https:\\\/\\\/dorogimedence.hu\\\/wp-content\\\/uploads\\\/2021\\\/04\\\/logo-feher-600.png\",\"width\":600,\"height\":100,\"caption\":\"Dorogi-medence Region\u00e1lis H\u00edrport\u00e1l\"},\"image\":{\"@id\":\"https:\\\/\\\/dorogimedence.hu\\\/#\\\/schema\\\/logo\\\/image\\\/\"},\"sameAs\":[\"https:\\\/\\\/www.facebook.com\\\/dorogimedence\\\/\"]},{\"@type\":\"Person\",\"@id\":\"https:\\\/\\\/dorogimedence.hu\\\/#\\\/schema\\\/person\\\/ce6091eeb7e95ecdc87890d6aa8e0fd4\",\"name\":\"dorogimedence.hu\",\"image\":{\"@type\":\"ImageObject\",\"inLanguage\":\"hu\",\"@id\":\"\\\/\\\/www.gravatar.com\\\/avatar\\\/d8d45f8901aadff40a4af72c0b826f1d?s=96&#038;r=g&#038;d=mm\",\"url\":\"\\\/\\\/www.gravatar.com\\\/avatar\\\/d8d45f8901aadff40a4af72c0b826f1d?s=96&#038;r=g&#038;d=mm\",\"contentUrl\":\"\\\/\\\/www.gravatar.com\\\/avatar\\\/d8d45f8901aadff40a4af72c0b826f1d?s=96&#038;r=g&#038;d=mm\",\"caption\":\"dorogimedence.hu\"}}]}<\/script>\n<!-- \/ Yoast SEO plugin. -->","yoast_head_json":{"title":"N\u00e9vad\u00f3jukhoz m\u00e9lt\u00f3n eml\u00e9keztek meg a di\u00e1kok a Pet\u0151fi iskol\u00e1ban","robots":{"index":"index","follow":"follow","max-snippet":"max-snippet:-1","max-image-preview":"max-image-preview:large","max-video-preview":"max-video-preview:-1"},"canonical":"https:\/\/dorogimedence.hu\/index.php\/2025\/03\/18\/nevadojukhoz-melton-emlekeztek-meg-a-diakok-a-petofi-iskolaban\/","og_locale":"hu_HU","og_type":"article","og_title":"N\u00e9vad\u00f3jukhoz m\u00e9lt\u00f3n eml\u00e9keztek meg a di\u00e1kok a Pet\u0151fi iskol\u00e1ban","og_description":"M\u00e1rciusban a Pet\u0151fi-iskola minden \u00e9vben n\u00e9vad\u00f3j\u00e1hoz m\u00e9lt\u00f3n eml\u00e9kezik meg az 1848\/49-es forradalom \u00e9s szabads\u00e1gharc t\u00f6rt\u00e9n\u00e9seir\u0151l. Id\u00e9n az \u00fcnnepk\u00f6r esem\u00e9nyeit felf\u0171zve \u201eCsat\u00e1ra fel, gy\u0151zni kell!\u201d jelmondattal \u201eHaza \u00e9s halad\u00e1s\u201d n\u00e9ven t\u00e9ma napot tartottak. A gyerekek \u00e1llom\u00e1sr\u00f3l-\u00e1llom\u00e1sra haladva fontos ismereteket szereztek e jeles esem\u00e9ny t\u00f6rt\u00e9n\u00e9seir\u0151l: &#8211; Eljutottak a Pilvax k\u00e1v\u00e9h\u00e1zba, ahol hagyom\u00e1nyos, m\u00e1rtogat\u00f3s tollal m\u00e1solt\u00e1k le Pet\u0151fi","og_url":"https:\/\/dorogimedence.hu\/index.php\/2025\/03\/18\/nevadojukhoz-melton-emlekeztek-meg-a-diakok-a-petofi-iskolaban\/","og_site_name":"Dorogi-medence Region\u00e1lis H\u00edrport\u00e1l","article_publisher":"https:\/\/www.facebook.com\/dorogimedence\/","article_published_time":"2025-03-18T11:09:28+00:00","og_image":[{"width":1920,"height":970,"url":"https:\/\/dorogimedence.hu\/wp-content\/uploads\/2025\/03\/petofi-01.jpg","type":"image\/jpeg"}],"author":"dorogimedence.hu","twitter_card":"summary_large_image","twitter_misc":{"Szerz\u0151:":"dorogimedence.hu","Becs\u00fclt olvas\u00e1si id\u0151":"3 perc"},"schema":{"@context":"https:\/\/schema.org","@graph":[{"@type":"Article","@id":"https:\/\/dorogimedence.hu\/index.php\/2025\/03\/18\/nevadojukhoz-melton-emlekeztek-meg-a-diakok-a-petofi-iskolaban\/#article","isPartOf":{"@id":"https:\/\/dorogimedence.hu\/index.php\/2025\/03\/18\/nevadojukhoz-melton-emlekeztek-meg-a-diakok-a-petofi-iskolaban\/"},"author":{"name":"dorogimedence.hu","@id":"https:\/\/dorogimedence.hu\/#\/schema\/person\/ce6091eeb7e95ecdc87890d6aa8e0fd4"},"headline":"N\u00e9vad\u00f3jukhoz m\u00e9lt\u00f3n eml\u00e9keztek meg a di\u00e1kok a Pet\u0151fi iskol\u00e1ban","datePublished":"2025-03-18T11:09:28+00:00","mainEntityOfPage":{"@id":"https:\/\/dorogimedence.hu\/index.php\/2025\/03\/18\/nevadojukhoz-melton-emlekeztek-meg-a-diakok-a-petofi-iskolaban\/"},"wordCount":668,"publisher":{"@id":"https:\/\/dorogimedence.hu\/#organization"},"image":{"@id":"https:\/\/dorogimedence.hu\/index.php\/2025\/03\/18\/nevadojukhoz-melton-emlekeztek-meg-a-diakok-a-petofi-iskolaban\/#primaryimage"},"thumbnailUrl":"https:\/\/dorogimedence.hu\/wp-content\/uploads\/2025\/03\/petofi-01.jpg","keywords":["Dorog","M\u00e1rcius 15","Pet\u0151fi iskola","Pet\u0151fi S\u00e1ndor"],"articleSection":["Dorog","H\u00edrek"],"inLanguage":"hu"},{"@type":"WebPage","@id":"https:\/\/dorogimedence.hu\/index.php\/2025\/03\/18\/nevadojukhoz-melton-emlekeztek-meg-a-diakok-a-petofi-iskolaban\/","url":"https:\/\/dorogimedence.hu\/index.php\/2025\/03\/18\/nevadojukhoz-melton-emlekeztek-meg-a-diakok-a-petofi-iskolaban\/","name":"N\u00e9vad\u00f3jukhoz m\u00e9lt\u00f3n eml\u00e9keztek meg a di\u00e1kok a Pet\u0151fi iskol\u00e1ban","isPartOf":{"@id":"https:\/\/dorogimedence.hu\/#website"},"primaryImageOfPage":{"@id":"https:\/\/dorogimedence.hu\/index.php\/2025\/03\/18\/nevadojukhoz-melton-emlekeztek-meg-a-diakok-a-petofi-iskolaban\/#primaryimage"},"image":{"@id":"https:\/\/dorogimedence.hu\/index.php\/2025\/03\/18\/nevadojukhoz-melton-emlekeztek-meg-a-diakok-a-petofi-iskolaban\/#primaryimage"},"thumbnailUrl":"https:\/\/dorogimedence.hu\/wp-content\/uploads\/2025\/03\/petofi-01.jpg","datePublished":"2025-03-18T11:09:28+00:00","breadcrumb":{"@id":"https:\/\/dorogimedence.hu\/index.php\/2025\/03\/18\/nevadojukhoz-melton-emlekeztek-meg-a-diakok-a-petofi-iskolaban\/#breadcrumb"},"inLanguage":"hu","potentialAction":[{"@type":"ReadAction","target":["https:\/\/dorogimedence.hu\/index.php\/2025\/03\/18\/nevadojukhoz-melton-emlekeztek-meg-a-diakok-a-petofi-iskolaban\/"]}]},{"@type":"ImageObject","inLanguage":"hu","@id":"https:\/\/dorogimedence.hu\/index.php\/2025\/03\/18\/nevadojukhoz-melton-emlekeztek-meg-a-diakok-a-petofi-iskolaban\/#primaryimage","url":"https:\/\/dorogimedence.hu\/wp-content\/uploads\/2025\/03\/petofi-01.jpg","contentUrl":"https:\/\/dorogimedence.hu\/wp-content\/uploads\/2025\/03\/petofi-01.jpg","width":1920,"height":970},{"@type":"BreadcrumbList","@id":"https:\/\/dorogimedence.hu\/index.php\/2025\/03\/18\/nevadojukhoz-melton-emlekeztek-meg-a-diakok-a-petofi-iskolaban\/#breadcrumb","itemListElement":[{"@type":"ListItem","position":1,"name":"Kezd\u0151lap","item":"https:\/\/dorogimedence.hu\/"},{"@type":"ListItem","position":2,"name":"N\u00e9vad\u00f3jukhoz m\u00e9lt\u00f3n eml\u00e9keztek meg a di\u00e1kok a Pet\u0151fi iskol\u00e1ban"}]},{"@type":"WebSite","@id":"https:\/\/dorogimedence.hu\/#website","url":"https:\/\/dorogimedence.hu\/","name":"Dorogi-medence Region\u00e1lis H\u00edrport\u00e1l","description":"Dorog, Keszt\u00f6lc, Le\u00e1nyv\u00e1r, Piliscs\u00e9v, Tokod, Tokodalt\u00e1r\u00f3, Csolnok, Esztergom-kertv\u00e1ros: h\u00edrek, programok","publisher":{"@id":"https:\/\/dorogimedence.hu\/#organization"},"potentialAction":[{"@type":"SearchAction","target":{"@type":"EntryPoint","urlTemplate":"https:\/\/dorogimedence.hu\/?s={search_term_string}"},"query-input":{"@type":"PropertyValueSpecification","valueRequired":true,"valueName":"search_term_string"}}],"inLanguage":"hu"},{"@type":"Organization","@id":"https:\/\/dorogimedence.hu\/#organization","name":"Dorogi-medence Region\u00e1lis H\u00edrport\u00e1l","url":"https:\/\/dorogimedence.hu\/","logo":{"@type":"ImageObject","inLanguage":"hu","@id":"https:\/\/dorogimedence.hu\/#\/schema\/logo\/image\/","url":"https:\/\/dorogimedence.hu\/wp-content\/uploads\/2021\/04\/logo-feher-600.png","contentUrl":"https:\/\/dorogimedence.hu\/wp-content\/uploads\/2021\/04\/logo-feher-600.png","width":600,"height":100,"caption":"Dorogi-medence Region\u00e1lis H\u00edrport\u00e1l"},"image":{"@id":"https:\/\/dorogimedence.hu\/#\/schema\/logo\/image\/"},"sameAs":["https:\/\/www.facebook.com\/dorogimedence\/"]},{"@type":"Person","@id":"https:\/\/dorogimedence.hu\/#\/schema\/person\/ce6091eeb7e95ecdc87890d6aa8e0fd4","name":"dorogimedence.hu","image":{"@type":"ImageObject","inLanguage":"hu","@id":"\/\/www.gravatar.com\/avatar\/d8d45f8901aadff40a4af72c0b826f1d?s=96&#038;r=g&#038;d=mm","url":"\/\/www.gravatar.com\/avatar\/d8d45f8901aadff40a4af72c0b826f1d?s=96&#038;r=g&#038;d=mm","contentUrl":"\/\/www.gravatar.com\/avatar\/d8d45f8901aadff40a4af72c0b826f1d?s=96&#038;r=g&#038;d=mm","caption":"dorogimedence.hu"}}]}},"_links":{"self":[{"href":"https:\/\/dorogimedence.hu\/index.php\/wp-json\/wp\/v2\/posts\/69614","targetHints":{"allow":["GET"]}}],"collection":[{"href":"https:\/\/dorogimedence.hu\/index.php\/wp-json\/wp\/v2\/posts"}],"about":[{"href":"https:\/\/dorogimedence.hu\/index.php\/wp-json\/wp\/v2\/types\/post"}],"author":[{"embeddable":true,"href":"https:\/\/dorogimedence.hu\/index.php\/wp-json\/wp\/v2\/users\/1"}],"replies":[{"embeddable":true,"href":"https:\/\/dorogimedence.hu\/index.php\/wp-json\/wp\/v2\/comments?post=69614"}],"version-history":[{"count":0,"href":"https:\/\/dorogimedence.hu\/index.php\/wp-json\/wp\/v2\/posts\/69614\/revisions"}],"wp:featuredmedia":[{"embeddable":true,"href":"https:\/\/dorogimedence.hu\/index.php\/wp-json\/wp\/v2\/media\/69615"}],"wp:attachment":[{"href":"https:\/\/dorogimedence.hu\/index.php\/wp-json\/wp\/v2\/media?parent=69614"}],"wp:term":[{"taxonomy":"category","embeddable":true,"href":"https:\/\/dorogimedence.hu\/index.php\/wp-json\/wp\/v2\/categories?post=69614"},{"taxonomy":"post_tag","embeddable":true,"href":"https:\/\/dorogimedence.hu\/index.php\/wp-json\/wp\/v2\/tags?post=69614"}],"curies":[{"name":"wp","href":"https:\/\/api.w.org\/{rel}","templated":true}]}}