{"id":69581,"date":"2025-03-17T15:09:16","date_gmt":"2025-03-17T14:09:16","guid":{"rendered":"https:\/\/dorogimedence.hu\/?p=69581"},"modified":"2025-03-17T15:10:55","modified_gmt":"2025-03-17T14:10:55","slug":"tiltott-termekek-az-iskolaban-mit-kell-tudni-az-elfbar-rol-es-tarsairol","status":"publish","type":"post","link":"https:\/\/dorogimedence.hu\/index.php\/2025\/03\/17\/tiltott-termekek-az-iskolaban-mit-kell-tudni-az-elfbar-rol-es-tarsairol\/","title":{"rendered":"Tiltott term\u00e9kek az iskol\u00e1ban \u2013 mit kell tudni az ELFBAR-r\u00f3l \u00e9s t\u00e1rsair\u00f3l?"},"content":{"rendered":"<p><strong>Az ut\u00f3bbi id\u0151ben egyre t\u00f6bb h\u00edr jelent meg arr\u00f3l, hogy \u00e1ltal\u00e1nos \u00e9s k\u00f6z\u00e9piskol\u00e1kban Elfbar, Pocobar \u00e9s m\u00e1s hasonl\u00f3 \u00edzes\u00edtett elektronikus doh\u00e1nyterm\u00e9ket tal\u00e1ltak di\u00e1kokn\u00e1l. Fontos tiszt\u00e1zni, hogy ezeknek a term\u00e9keknek a forgalmaz\u00e1sa a fiatalkor\u00faak v\u00e9delme \u00e9rdek\u00e9ben Magyarorsz\u00e1gon tiltott.<\/strong><\/p>\n<p>A fiatalok k\u00f6r\u00e9ben az elektronikus cigaretta rendk\u00edv\u00fcl n\u00e9pszer\u0171, t\u00f6bbek k\u00f6z\u00f6tt a Magyarorsz\u00e1gon illeg\u00e1lis \u00edzes\u00edtett v\u00e1ltozata is.<\/p>\n<p>Az Elfbar \u00e9s hasonl\u00f3 \u00edzes\u00edtett, elektronikus eszk\u00f6z\u00f6kbe t\u00f6lt\u00f6tt folyad\u00e9k doh\u00e1nygy\u00e1rtm\u00e1nynak min\u0151s\u00fcl, ami a cigarett\u00e1hoz hasonl\u00f3an j\u00f6ved\u00e9ki ad\u00f3 k\u00f6teles. Magyarorsz\u00e1gon doh\u00e1nyterm\u00e9ket kiz\u00e1r\u00f3lag doh\u00e1nyboltban lehet \u00e9rt\u00e9kes\u00edteni, de ezek a term\u00e9kek m\u00e9g ott sem kaphat\u00f3ak az \u00edzes\u00edt\u00e9s tilalma miatt.<\/p>\n<p>A term\u00e9kek nemcsak tiltottak, hanem s\u00falyos eg\u00e9szs\u00e9g\u00fcgyi kock\u00e1zatokat jelenthetnek a fiatalok sz\u00e1m\u00e1ra. Az \u00edzes\u00edt\u00e9s miatt k\u00f6nnyen r\u00e1szokhatnak, mik\u00f6zben nikotinf\u00fcgg\u0151s\u00e9g alakul ki. Az elm\u00falt id\u0151szakban hat\u00f3s\u00e1gunk THC (marihu\u00e1na) tartalm\u00fa term\u00e9keket is tal\u00e1lt k\u00f6z\u00f6tt\u00fck, amelyek k\u00fcl\u00f6n\u00f6sen vesz\u00e9lyesek lehetnek a fiatalok sz\u00e1m\u00e1ra, hiszen nemcsak nikotinf\u00fcgg\u0151s\u00e9get, hanem ak\u00e1r k\u00e1b\u00edt\u00f3szerf\u00fcgg\u0151s\u00e9get is okozhatnak. Az illeg\u00e1lis forr\u00e1sb\u00f3l beszerzett doh\u00e1nyterm\u00e9kek \u00f6sszetev\u0151i nem ellen\u0151rz\u00f6ttek.<\/p>\n<p>Fontos, hogy mindenki tiszt\u00e1ban legyen vele: az Elfbarhoz hasonl\u00f3 term\u00e9kek \u2013 <a href=\"https:\/\/sztfh.hu\/tevekenysegek\/dohanyugyi-felugyelet\/tiltott-izesitett-elektronikus-cigarettak\/\" target=\"_blank\" rel=\"noopener\"><span style=\"text-decoration: underline; color: #0000ff;\">Tiltott \u00edzes\u00edtett elektronikus cigarett\u00e1k \u2013 Szab\u00e1lyozott Tev\u00e9kenys\u00e9gek Fel\u00fcgyeleti Hat\u00f3s\u00e1ga<\/span><\/a> \u2013 forgalmaz\u00e1sa, import\u00e1l\u00e1sa, t\u00e1v\u00e9rt\u00e9kes\u00edt\u00e9se \u00e9s \u00e1rus\u00edt\u00e1sa Magyarorsz\u00e1gon illeg\u00e1lis \u00e9s TILOS, jogs\u00e9rt\u00e9s eset\u00e9n s\u00falyos p\u00e9nzb\u00edrs\u00e1ggal s\u00fajthat\u00f3.<\/p>\n<p>Az ilyen term\u00e9kek forgalmaz\u00e1sa kapcs\u00e1n a Nemzeti Ad\u00f3- \u00e9s V\u00e1mhivatal (NAV) \u00e9s a Szab\u00e1lyozott Tev\u00e9kenys\u00e9gek Fel\u00fcgyeleti Hat\u00f3s\u00e1ga (SZTFH) b\u00edr hat\u00e1sk\u00f6rrel. Az elm\u00falt \u00e9vben a NAV Bevet\u00e9si Igazgat\u00f3s\u00e1ga t\u00f6bbsz\u00e1z fiatalt sz\u00f3l\u00edtott meg orsz\u00e1gj\u00e1r\u00f3 k\u00f6r\u00fatj\u00e1n a NAV K\u00e9pz\u00e9si, Eg\u00e9szs\u00e9g\u00fcgyi \u00e9s Kultur\u00e1lis Int\u00e9zettel k\u00f6z\u00f6sen, annak \u00e9rdek\u00e9ben, hogy felh\u00edvj\u00e1k a fiatalok figyelm\u00e9t a term\u00e9k vesz\u00e9lyeire \u00e9s jogk\u00f6vetkezm\u00e9nyeire.&nbsp;<\/p>\n<p>A NAV-on bel\u00fcl m\u0171k\u00f6d\u0151 Illeg\u00e1lis Doh\u00e1ny Elleni Munkacsoport (IDEM) c\u00e9ljai k\u00f6z\u00f6tt szerepel, az illeg\u00e1lis doh\u00e1nypiacon megjelen\u0151 kereslet cs\u00f6kkent\u00e9se, a feketepiacra, annak vesz\u00e9lyeire vonatkoz\u00f3 prevenci\u00f3s, t\u00e1j\u00e9koztat\u00f3 \u00fczenetek min\u00e9l sz\u00e9lesebb k\u00f6rbe t\u00f6rt\u00e9n\u0151 eljuttat\u00e1sa.<\/p>\n<p>Iskol\u00e1ban, k\u00f6znevel\u00e9si int\u00e9zm\u00e9nyben, ha a kereskedelmi mennyis\u00e9g birtokban tart\u00e1sa, vagy a forgalmaz\u00e1s gyan\u00faja felmer\u00fcl, a NAV minden esetben megind\u00edtja a hat\u00f3s\u00e1gi elj\u00e1r\u00e1st.<\/p>\n<p>Az SZTFH ingyenesen h\u00edvhat\u00f3 1828-as z\u00f6ld sz\u00e1m\u00e1n b\u00e1rki szabadon tehet bejelent\u00e9st, ha ilyen illeg\u00e1lis tev\u00e9kenys\u00e9ggel tal\u00e1lkozik.<\/p>\n<p>A NAV, valamint a Szab\u00e1lyozott Tev\u00e9kenys\u00e9gek Fel\u00fcgyeleti Hat\u00f3s\u00e1ga (SZTFH) szigor\u00faan ellen\u0151rzi a term\u00e9kek illeg\u00e1lis kereskedelm\u00e9t, hogy folyamatosan kisz\u0171rje ezeket a term\u00e9keket a feketepiacr\u00f3l. A NAV emellett kiemelten ellen\u0151rzi a doh\u00e1nyterm\u00e9keket tartalmaz\u00f3 postacsomagokat is, az illeg\u00e1lis doh\u00e1nykereskedelem visszaszor\u00edt\u00e1sa \u00e9rdek\u00e9ben.<\/p>\n<p>Doh\u00e1nyterm\u00e9k Magyarorsz\u00e1gon kiz\u00e1r\u00f3lag doh\u00e1nyboltokban \u00e9rt\u00e9kes\u00edthet\u0151. <strong>Az \u00edzes\u00edtett elektronikus cigaretta (pl. Elf Bar, Poco Bar, Nutristick) forgalmaz\u00e1sa haz\u00e1nkban illeg\u00e1lis, \u00e9rt\u00e9kes\u00edt\u00e9se szigor\u00faan TILOS!<\/strong><\/p>\n<p><em>Bor\u00edt\u00f3k\u00e9p, forr\u00e1s: Nemzeti Ad\u00f3- \u00e9s V\u00e1mhivatal Bevet\u00e9si Igazgat\u00f3s\u00e1ga<\/em><\/p>\n","protected":false},"excerpt":{"rendered":"<p>Az ut\u00f3bbi id\u0151ben egyre t\u00f6bb h\u00edr jelent meg arr\u00f3l, hogy \u00e1ltal\u00e1nos \u00e9s k\u00f6z\u00e9piskol\u00e1kban Elfbar, Pocobar \u00e9s m\u00e1s hasonl\u00f3 \u00edzes\u00edtett elektronikus doh\u00e1nyterm\u00e9ket tal\u00e1ltak di\u00e1kokn\u00e1l. Fontos tiszt\u00e1zni, hogy ezeknek a term\u00e9keknek a forgalmaz\u00e1sa a fiatalkor\u00faak v\u00e9delme \u00e9rdek\u00e9ben Magyarorsz\u00e1gon tiltott. A fiatalok k\u00f6r\u00e9ben az elektronikus cigaretta rendk\u00edv\u00fcl n\u00e9pszer\u0171, t\u00f6bbek k\u00f6z\u00f6tt a Magyarorsz\u00e1gon illeg\u00e1lis \u00edzes\u00edtett v\u00e1ltozata is. Az Elfbar<\/p>\n","protected":false},"author":1,"featured_media":69582,"comment_status":"closed","ping_status":"closed","sticky":false,"template":"","format":"standard","meta":{"ngg_post_thumbnail":0,"footnotes":""},"categories":[6934,3],"tags":[317],"class_list":{"0":"post-69581","1":"post","2":"type-post","3":"status-publish","4":"format-standard","5":"has-post-thumbnail","7":"category-belfold","8":"category-hirek","9":"tag-nav"},"yoast_head":"<!-- This site is optimized with the Yoast SEO plugin v27.4 - https:\/\/yoast.com\/product\/yoast-seo-wordpress\/ -->\n<title>Tiltott term\u00e9kek az iskol\u00e1ban \u2013 mit kell tudni az ELFBAR-r\u00f3l \u00e9s t\u00e1rsair\u00f3l?<\/title>\n<meta name=\"robots\" content=\"index, follow, max-snippet:-1, max-image-preview:large, max-video-preview:-1\" \/>\n<link rel=\"canonical\" href=\"https:\/\/dorogimedence.hu\/index.php\/2025\/03\/17\/tiltott-termekek-az-iskolaban-mit-kell-tudni-az-elfbar-rol-es-tarsairol\/\" class=\"yoast-seo-meta-tag\" \/>\n<meta property=\"og:locale\" content=\"hu_HU\" class=\"yoast-seo-meta-tag\" \/>\n<meta property=\"og:type\" content=\"article\" class=\"yoast-seo-meta-tag\" \/>\n<meta property=\"og:title\" content=\"Tiltott term\u00e9kek az iskol\u00e1ban \u2013 mit kell tudni az ELFBAR-r\u00f3l \u00e9s t\u00e1rsair\u00f3l?\" class=\"yoast-seo-meta-tag\" \/>\n<meta property=\"og:description\" content=\"Az ut\u00f3bbi id\u0151ben egyre t\u00f6bb h\u00edr jelent meg arr\u00f3l, hogy \u00e1ltal\u00e1nos \u00e9s k\u00f6z\u00e9piskol\u00e1kban Elfbar, Pocobar \u00e9s m\u00e1s hasonl\u00f3 \u00edzes\u00edtett elektronikus doh\u00e1nyterm\u00e9ket tal\u00e1ltak di\u00e1kokn\u00e1l. Fontos tiszt\u00e1zni, hogy ezeknek a term\u00e9keknek a forgalmaz\u00e1sa a fiatalkor\u00faak v\u00e9delme \u00e9rdek\u00e9ben Magyarorsz\u00e1gon tiltott. A fiatalok k\u00f6r\u00e9ben az elektronikus cigaretta rendk\u00edv\u00fcl n\u00e9pszer\u0171, t\u00f6bbek k\u00f6z\u00f6tt a Magyarorsz\u00e1gon illeg\u00e1lis \u00edzes\u00edtett v\u00e1ltozata is. Az Elfbar\" class=\"yoast-seo-meta-tag\" \/>\n<meta property=\"og:url\" content=\"https:\/\/dorogimedence.hu\/index.php\/2025\/03\/17\/tiltott-termekek-az-iskolaban-mit-kell-tudni-az-elfbar-rol-es-tarsairol\/\" class=\"yoast-seo-meta-tag\" \/>\n<meta property=\"og:site_name\" content=\"Dorogi-medence Region\u00e1lis H\u00edrport\u00e1l\" class=\"yoast-seo-meta-tag\" \/>\n<meta property=\"article:publisher\" content=\"https:\/\/www.facebook.com\/dorogimedence\/\" class=\"yoast-seo-meta-tag\" \/>\n<meta property=\"article:published_time\" content=\"2025-03-17T14:09:16+00:00\" class=\"yoast-seo-meta-tag\" \/>\n<meta property=\"article:modified_time\" content=\"2025-03-17T14:10:55+00:00\" class=\"yoast-seo-meta-tag\" \/>\n<meta property=\"og:image\" content=\"https:\/\/dorogimedence.hu\/wp-content\/uploads\/2025\/03\/kep-01-2.jpg\" class=\"yoast-seo-meta-tag\" \/>\n\t<meta property=\"og:image:width\" content=\"1920\" class=\"yoast-seo-meta-tag\" \/>\n\t<meta property=\"og:image:height\" content=\"970\" class=\"yoast-seo-meta-tag\" \/>\n\t<meta property=\"og:image:type\" content=\"image\/jpeg\" class=\"yoast-seo-meta-tag\" \/>\n<meta name=\"author\" content=\"dorogimedence.hu\" class=\"yoast-seo-meta-tag\" \/>\n<meta name=\"twitter:card\" content=\"summary_large_image\" class=\"yoast-seo-meta-tag\" \/>\n<meta name=\"twitter:label1\" content=\"Szerz\u0151:\" class=\"yoast-seo-meta-tag\" \/>\n\t<meta name=\"twitter:data1\" content=\"dorogimedence.hu\" class=\"yoast-seo-meta-tag\" \/>\n\t<meta name=\"twitter:label2\" content=\"Becs\u00fclt olvas\u00e1si id\u0151\" class=\"yoast-seo-meta-tag\" \/>\n\t<meta name=\"twitter:data2\" content=\"3 perc\" class=\"yoast-seo-meta-tag\" \/>\n<script type=\"application\/ld+json\" class=\"yoast-schema-graph\">{\"@context\":\"https:\\\/\\\/schema.org\",\"@graph\":[{\"@type\":\"Article\",\"@id\":\"https:\\\/\\\/dorogimedence.hu\\\/index.php\\\/2025\\\/03\\\/17\\\/tiltott-termekek-az-iskolaban-mit-kell-tudni-az-elfbar-rol-es-tarsairol\\\/#article\",\"isPartOf\":{\"@id\":\"https:\\\/\\\/dorogimedence.hu\\\/index.php\\\/2025\\\/03\\\/17\\\/tiltott-termekek-az-iskolaban-mit-kell-tudni-az-elfbar-rol-es-tarsairol\\\/\"},\"author\":{\"name\":\"dorogimedence.hu\",\"@id\":\"https:\\\/\\\/dorogimedence.hu\\\/#\\\/schema\\\/person\\\/ce6091eeb7e95ecdc87890d6aa8e0fd4\"},\"headline\":\"Tiltott term\u00e9kek az iskol\u00e1ban \u2013 mit kell tudni az ELFBAR-r\u00f3l \u00e9s t\u00e1rsair\u00f3l?\",\"datePublished\":\"2025-03-17T14:09:16+00:00\",\"dateModified\":\"2025-03-17T14:10:55+00:00\",\"mainEntityOfPage\":{\"@id\":\"https:\\\/\\\/dorogimedence.hu\\\/index.php\\\/2025\\\/03\\\/17\\\/tiltott-termekek-az-iskolaban-mit-kell-tudni-az-elfbar-rol-es-tarsairol\\\/\"},\"wordCount\":664,\"publisher\":{\"@id\":\"https:\\\/\\\/dorogimedence.hu\\\/#organization\"},\"image\":{\"@id\":\"https:\\\/\\\/dorogimedence.hu\\\/index.php\\\/2025\\\/03\\\/17\\\/tiltott-termekek-az-iskolaban-mit-kell-tudni-az-elfbar-rol-es-tarsairol\\\/#primaryimage\"},\"thumbnailUrl\":\"https:\\\/\\\/dorogimedence.hu\\\/wp-content\\\/uploads\\\/2025\\\/03\\\/kep-01-2.jpg\",\"keywords\":[\"nav\"],\"articleSection\":[\"Belf\u00f6ld, Gazdas\u00e1g\",\"H\u00edrek\"],\"inLanguage\":\"hu\"},{\"@type\":\"WebPage\",\"@id\":\"https:\\\/\\\/dorogimedence.hu\\\/index.php\\\/2025\\\/03\\\/17\\\/tiltott-termekek-az-iskolaban-mit-kell-tudni-az-elfbar-rol-es-tarsairol\\\/\",\"url\":\"https:\\\/\\\/dorogimedence.hu\\\/index.php\\\/2025\\\/03\\\/17\\\/tiltott-termekek-az-iskolaban-mit-kell-tudni-az-elfbar-rol-es-tarsairol\\\/\",\"name\":\"Tiltott term\u00e9kek az iskol\u00e1ban \u2013 mit kell tudni az ELFBAR-r\u00f3l \u00e9s t\u00e1rsair\u00f3l?\",\"isPartOf\":{\"@id\":\"https:\\\/\\\/dorogimedence.hu\\\/#website\"},\"primaryImageOfPage\":{\"@id\":\"https:\\\/\\\/dorogimedence.hu\\\/index.php\\\/2025\\\/03\\\/17\\\/tiltott-termekek-az-iskolaban-mit-kell-tudni-az-elfbar-rol-es-tarsairol\\\/#primaryimage\"},\"image\":{\"@id\":\"https:\\\/\\\/dorogimedence.hu\\\/index.php\\\/2025\\\/03\\\/17\\\/tiltott-termekek-az-iskolaban-mit-kell-tudni-az-elfbar-rol-es-tarsairol\\\/#primaryimage\"},\"thumbnailUrl\":\"https:\\\/\\\/dorogimedence.hu\\\/wp-content\\\/uploads\\\/2025\\\/03\\\/kep-01-2.jpg\",\"datePublished\":\"2025-03-17T14:09:16+00:00\",\"dateModified\":\"2025-03-17T14:10:55+00:00\",\"breadcrumb\":{\"@id\":\"https:\\\/\\\/dorogimedence.hu\\\/index.php\\\/2025\\\/03\\\/17\\\/tiltott-termekek-az-iskolaban-mit-kell-tudni-az-elfbar-rol-es-tarsairol\\\/#breadcrumb\"},\"inLanguage\":\"hu\",\"potentialAction\":[{\"@type\":\"ReadAction\",\"target\":[\"https:\\\/\\\/dorogimedence.hu\\\/index.php\\\/2025\\\/03\\\/17\\\/tiltott-termekek-az-iskolaban-mit-kell-tudni-az-elfbar-rol-es-tarsairol\\\/\"]}]},{\"@type\":\"ImageObject\",\"inLanguage\":\"hu\",\"@id\":\"https:\\\/\\\/dorogimedence.hu\\\/index.php\\\/2025\\\/03\\\/17\\\/tiltott-termekek-az-iskolaban-mit-kell-tudni-az-elfbar-rol-es-tarsairol\\\/#primaryimage\",\"url\":\"https:\\\/\\\/dorogimedence.hu\\\/wp-content\\\/uploads\\\/2025\\\/03\\\/kep-01-2.jpg\",\"contentUrl\":\"https:\\\/\\\/dorogimedence.hu\\\/wp-content\\\/uploads\\\/2025\\\/03\\\/kep-01-2.jpg\",\"width\":1920,\"height\":970},{\"@type\":\"BreadcrumbList\",\"@id\":\"https:\\\/\\\/dorogimedence.hu\\\/index.php\\\/2025\\\/03\\\/17\\\/tiltott-termekek-az-iskolaban-mit-kell-tudni-az-elfbar-rol-es-tarsairol\\\/#breadcrumb\",\"itemListElement\":[{\"@type\":\"ListItem\",\"position\":1,\"name\":\"Kezd\u0151lap\",\"item\":\"https:\\\/\\\/dorogimedence.hu\\\/\"},{\"@type\":\"ListItem\",\"position\":2,\"name\":\"Tiltott term\u00e9kek az iskol\u00e1ban \u2013 mit kell tudni az ELFBAR-r\u00f3l \u00e9s t\u00e1rsair\u00f3l?\"}]},{\"@type\":\"WebSite\",\"@id\":\"https:\\\/\\\/dorogimedence.hu\\\/#website\",\"url\":\"https:\\\/\\\/dorogimedence.hu\\\/\",\"name\":\"Dorogi-medence Region\u00e1lis H\u00edrport\u00e1l\",\"description\":\"Dorog, Keszt\u00f6lc, Le\u00e1nyv\u00e1r, Piliscs\u00e9v, Tokod, Tokodalt\u00e1r\u00f3, Csolnok, Esztergom-kertv\u00e1ros: h\u00edrek, programok\",\"publisher\":{\"@id\":\"https:\\\/\\\/dorogimedence.hu\\\/#organization\"},\"potentialAction\":[{\"@type\":\"SearchAction\",\"target\":{\"@type\":\"EntryPoint\",\"urlTemplate\":\"https:\\\/\\\/dorogimedence.hu\\\/?s={search_term_string}\"},\"query-input\":{\"@type\":\"PropertyValueSpecification\",\"valueRequired\":true,\"valueName\":\"search_term_string\"}}],\"inLanguage\":\"hu\"},{\"@type\":\"Organization\",\"@id\":\"https:\\\/\\\/dorogimedence.hu\\\/#organization\",\"name\":\"Dorogi-medence Region\u00e1lis H\u00edrport\u00e1l\",\"url\":\"https:\\\/\\\/dorogimedence.hu\\\/\",\"logo\":{\"@type\":\"ImageObject\",\"inLanguage\":\"hu\",\"@id\":\"https:\\\/\\\/dorogimedence.hu\\\/#\\\/schema\\\/logo\\\/image\\\/\",\"url\":\"https:\\\/\\\/dorogimedence.hu\\\/wp-content\\\/uploads\\\/2021\\\/04\\\/logo-feher-600.png\",\"contentUrl\":\"https:\\\/\\\/dorogimedence.hu\\\/wp-content\\\/uploads\\\/2021\\\/04\\\/logo-feher-600.png\",\"width\":600,\"height\":100,\"caption\":\"Dorogi-medence Region\u00e1lis H\u00edrport\u00e1l\"},\"image\":{\"@id\":\"https:\\\/\\\/dorogimedence.hu\\\/#\\\/schema\\\/logo\\\/image\\\/\"},\"sameAs\":[\"https:\\\/\\\/www.facebook.com\\\/dorogimedence\\\/\"]},{\"@type\":\"Person\",\"@id\":\"https:\\\/\\\/dorogimedence.hu\\\/#\\\/schema\\\/person\\\/ce6091eeb7e95ecdc87890d6aa8e0fd4\",\"name\":\"dorogimedence.hu\",\"image\":{\"@type\":\"ImageObject\",\"inLanguage\":\"hu\",\"@id\":\"\\\/\\\/www.gravatar.com\\\/avatar\\\/d8d45f8901aadff40a4af72c0b826f1d?s=96&#038;r=g&#038;d=mm\",\"url\":\"\\\/\\\/www.gravatar.com\\\/avatar\\\/d8d45f8901aadff40a4af72c0b826f1d?s=96&#038;r=g&#038;d=mm\",\"contentUrl\":\"\\\/\\\/www.gravatar.com\\\/avatar\\\/d8d45f8901aadff40a4af72c0b826f1d?s=96&#038;r=g&#038;d=mm\",\"caption\":\"dorogimedence.hu\"}}]}<\/script>\n<!-- \/ Yoast SEO plugin. -->","yoast_head_json":{"title":"Tiltott term\u00e9kek az iskol\u00e1ban \u2013 mit kell tudni az ELFBAR-r\u00f3l \u00e9s t\u00e1rsair\u00f3l?","robots":{"index":"index","follow":"follow","max-snippet":"max-snippet:-1","max-image-preview":"max-image-preview:large","max-video-preview":"max-video-preview:-1"},"canonical":"https:\/\/dorogimedence.hu\/index.php\/2025\/03\/17\/tiltott-termekek-az-iskolaban-mit-kell-tudni-az-elfbar-rol-es-tarsairol\/","og_locale":"hu_HU","og_type":"article","og_title":"Tiltott term\u00e9kek az iskol\u00e1ban \u2013 mit kell tudni az ELFBAR-r\u00f3l \u00e9s t\u00e1rsair\u00f3l?","og_description":"Az ut\u00f3bbi id\u0151ben egyre t\u00f6bb h\u00edr jelent meg arr\u00f3l, hogy \u00e1ltal\u00e1nos \u00e9s k\u00f6z\u00e9piskol\u00e1kban Elfbar, Pocobar \u00e9s m\u00e1s hasonl\u00f3 \u00edzes\u00edtett elektronikus doh\u00e1nyterm\u00e9ket tal\u00e1ltak di\u00e1kokn\u00e1l. Fontos tiszt\u00e1zni, hogy ezeknek a term\u00e9keknek a forgalmaz\u00e1sa a fiatalkor\u00faak v\u00e9delme \u00e9rdek\u00e9ben Magyarorsz\u00e1gon tiltott. A fiatalok k\u00f6r\u00e9ben az elektronikus cigaretta rendk\u00edv\u00fcl n\u00e9pszer\u0171, t\u00f6bbek k\u00f6z\u00f6tt a Magyarorsz\u00e1gon illeg\u00e1lis \u00edzes\u00edtett v\u00e1ltozata is. Az Elfbar","og_url":"https:\/\/dorogimedence.hu\/index.php\/2025\/03\/17\/tiltott-termekek-az-iskolaban-mit-kell-tudni-az-elfbar-rol-es-tarsairol\/","og_site_name":"Dorogi-medence Region\u00e1lis H\u00edrport\u00e1l","article_publisher":"https:\/\/www.facebook.com\/dorogimedence\/","article_published_time":"2025-03-17T14:09:16+00:00","article_modified_time":"2025-03-17T14:10:55+00:00","og_image":[{"width":1920,"height":970,"url":"https:\/\/dorogimedence.hu\/wp-content\/uploads\/2025\/03\/kep-01-2.jpg","type":"image\/jpeg"}],"author":"dorogimedence.hu","twitter_card":"summary_large_image","twitter_misc":{"Szerz\u0151:":"dorogimedence.hu","Becs\u00fclt olvas\u00e1si id\u0151":"3 perc"},"schema":{"@context":"https:\/\/schema.org","@graph":[{"@type":"Article","@id":"https:\/\/dorogimedence.hu\/index.php\/2025\/03\/17\/tiltott-termekek-az-iskolaban-mit-kell-tudni-az-elfbar-rol-es-tarsairol\/#article","isPartOf":{"@id":"https:\/\/dorogimedence.hu\/index.php\/2025\/03\/17\/tiltott-termekek-az-iskolaban-mit-kell-tudni-az-elfbar-rol-es-tarsairol\/"},"author":{"name":"dorogimedence.hu","@id":"https:\/\/dorogimedence.hu\/#\/schema\/person\/ce6091eeb7e95ecdc87890d6aa8e0fd4"},"headline":"Tiltott term\u00e9kek az iskol\u00e1ban \u2013 mit kell tudni az ELFBAR-r\u00f3l \u00e9s t\u00e1rsair\u00f3l?","datePublished":"2025-03-17T14:09:16+00:00","dateModified":"2025-03-17T14:10:55+00:00","mainEntityOfPage":{"@id":"https:\/\/dorogimedence.hu\/index.php\/2025\/03\/17\/tiltott-termekek-az-iskolaban-mit-kell-tudni-az-elfbar-rol-es-tarsairol\/"},"wordCount":664,"publisher":{"@id":"https:\/\/dorogimedence.hu\/#organization"},"image":{"@id":"https:\/\/dorogimedence.hu\/index.php\/2025\/03\/17\/tiltott-termekek-az-iskolaban-mit-kell-tudni-az-elfbar-rol-es-tarsairol\/#primaryimage"},"thumbnailUrl":"https:\/\/dorogimedence.hu\/wp-content\/uploads\/2025\/03\/kep-01-2.jpg","keywords":["nav"],"articleSection":["Belf\u00f6ld, Gazdas\u00e1g","H\u00edrek"],"inLanguage":"hu"},{"@type":"WebPage","@id":"https:\/\/dorogimedence.hu\/index.php\/2025\/03\/17\/tiltott-termekek-az-iskolaban-mit-kell-tudni-az-elfbar-rol-es-tarsairol\/","url":"https:\/\/dorogimedence.hu\/index.php\/2025\/03\/17\/tiltott-termekek-az-iskolaban-mit-kell-tudni-az-elfbar-rol-es-tarsairol\/","name":"Tiltott term\u00e9kek az iskol\u00e1ban \u2013 mit kell tudni az ELFBAR-r\u00f3l \u00e9s t\u00e1rsair\u00f3l?","isPartOf":{"@id":"https:\/\/dorogimedence.hu\/#website"},"primaryImageOfPage":{"@id":"https:\/\/dorogimedence.hu\/index.php\/2025\/03\/17\/tiltott-termekek-az-iskolaban-mit-kell-tudni-az-elfbar-rol-es-tarsairol\/#primaryimage"},"image":{"@id":"https:\/\/dorogimedence.hu\/index.php\/2025\/03\/17\/tiltott-termekek-az-iskolaban-mit-kell-tudni-az-elfbar-rol-es-tarsairol\/#primaryimage"},"thumbnailUrl":"https:\/\/dorogimedence.hu\/wp-content\/uploads\/2025\/03\/kep-01-2.jpg","datePublished":"2025-03-17T14:09:16+00:00","dateModified":"2025-03-17T14:10:55+00:00","breadcrumb":{"@id":"https:\/\/dorogimedence.hu\/index.php\/2025\/03\/17\/tiltott-termekek-az-iskolaban-mit-kell-tudni-az-elfbar-rol-es-tarsairol\/#breadcrumb"},"inLanguage":"hu","potentialAction":[{"@type":"ReadAction","target":["https:\/\/dorogimedence.hu\/index.php\/2025\/03\/17\/tiltott-termekek-az-iskolaban-mit-kell-tudni-az-elfbar-rol-es-tarsairol\/"]}]},{"@type":"ImageObject","inLanguage":"hu","@id":"https:\/\/dorogimedence.hu\/index.php\/2025\/03\/17\/tiltott-termekek-az-iskolaban-mit-kell-tudni-az-elfbar-rol-es-tarsairol\/#primaryimage","url":"https:\/\/dorogimedence.hu\/wp-content\/uploads\/2025\/03\/kep-01-2.jpg","contentUrl":"https:\/\/dorogimedence.hu\/wp-content\/uploads\/2025\/03\/kep-01-2.jpg","width":1920,"height":970},{"@type":"BreadcrumbList","@id":"https:\/\/dorogimedence.hu\/index.php\/2025\/03\/17\/tiltott-termekek-az-iskolaban-mit-kell-tudni-az-elfbar-rol-es-tarsairol\/#breadcrumb","itemListElement":[{"@type":"ListItem","position":1,"name":"Kezd\u0151lap","item":"https:\/\/dorogimedence.hu\/"},{"@type":"ListItem","position":2,"name":"Tiltott term\u00e9kek az iskol\u00e1ban \u2013 mit kell tudni az ELFBAR-r\u00f3l \u00e9s t\u00e1rsair\u00f3l?"}]},{"@type":"WebSite","@id":"https:\/\/dorogimedence.hu\/#website","url":"https:\/\/dorogimedence.hu\/","name":"Dorogi-medence Region\u00e1lis H\u00edrport\u00e1l","description":"Dorog, Keszt\u00f6lc, Le\u00e1nyv\u00e1r, Piliscs\u00e9v, Tokod, Tokodalt\u00e1r\u00f3, Csolnok, Esztergom-kertv\u00e1ros: h\u00edrek, programok","publisher":{"@id":"https:\/\/dorogimedence.hu\/#organization"},"potentialAction":[{"@type":"SearchAction","target":{"@type":"EntryPoint","urlTemplate":"https:\/\/dorogimedence.hu\/?s={search_term_string}"},"query-input":{"@type":"PropertyValueSpecification","valueRequired":true,"valueName":"search_term_string"}}],"inLanguage":"hu"},{"@type":"Organization","@id":"https:\/\/dorogimedence.hu\/#organization","name":"Dorogi-medence Region\u00e1lis H\u00edrport\u00e1l","url":"https:\/\/dorogimedence.hu\/","logo":{"@type":"ImageObject","inLanguage":"hu","@id":"https:\/\/dorogimedence.hu\/#\/schema\/logo\/image\/","url":"https:\/\/dorogimedence.hu\/wp-content\/uploads\/2021\/04\/logo-feher-600.png","contentUrl":"https:\/\/dorogimedence.hu\/wp-content\/uploads\/2021\/04\/logo-feher-600.png","width":600,"height":100,"caption":"Dorogi-medence Region\u00e1lis H\u00edrport\u00e1l"},"image":{"@id":"https:\/\/dorogimedence.hu\/#\/schema\/logo\/image\/"},"sameAs":["https:\/\/www.facebook.com\/dorogimedence\/"]},{"@type":"Person","@id":"https:\/\/dorogimedence.hu\/#\/schema\/person\/ce6091eeb7e95ecdc87890d6aa8e0fd4","name":"dorogimedence.hu","image":{"@type":"ImageObject","inLanguage":"hu","@id":"\/\/www.gravatar.com\/avatar\/d8d45f8901aadff40a4af72c0b826f1d?s=96&#038;r=g&#038;d=mm","url":"\/\/www.gravatar.com\/avatar\/d8d45f8901aadff40a4af72c0b826f1d?s=96&#038;r=g&#038;d=mm","contentUrl":"\/\/www.gravatar.com\/avatar\/d8d45f8901aadff40a4af72c0b826f1d?s=96&#038;r=g&#038;d=mm","caption":"dorogimedence.hu"}}]}},"_links":{"self":[{"href":"https:\/\/dorogimedence.hu\/index.php\/wp-json\/wp\/v2\/posts\/69581","targetHints":{"allow":["GET"]}}],"collection":[{"href":"https:\/\/dorogimedence.hu\/index.php\/wp-json\/wp\/v2\/posts"}],"about":[{"href":"https:\/\/dorogimedence.hu\/index.php\/wp-json\/wp\/v2\/types\/post"}],"author":[{"embeddable":true,"href":"https:\/\/dorogimedence.hu\/index.php\/wp-json\/wp\/v2\/users\/1"}],"replies":[{"embeddable":true,"href":"https:\/\/dorogimedence.hu\/index.php\/wp-json\/wp\/v2\/comments?post=69581"}],"version-history":[{"count":0,"href":"https:\/\/dorogimedence.hu\/index.php\/wp-json\/wp\/v2\/posts\/69581\/revisions"}],"wp:featuredmedia":[{"embeddable":true,"href":"https:\/\/dorogimedence.hu\/index.php\/wp-json\/wp\/v2\/media\/69582"}],"wp:attachment":[{"href":"https:\/\/dorogimedence.hu\/index.php\/wp-json\/wp\/v2\/media?parent=69581"}],"wp:term":[{"taxonomy":"category","embeddable":true,"href":"https:\/\/dorogimedence.hu\/index.php\/wp-json\/wp\/v2\/categories?post=69581"},{"taxonomy":"post_tag","embeddable":true,"href":"https:\/\/dorogimedence.hu\/index.php\/wp-json\/wp\/v2\/tags?post=69581"}],"curies":[{"name":"wp","href":"https:\/\/api.w.org\/{rel}","templated":true}]}}