{"id":69534,"date":"2025-03-16T11:12:39","date_gmt":"2025-03-16T10:12:39","guid":{"rendered":"https:\/\/dorogimedence.hu\/?p=69534"},"modified":"2025-03-16T11:12:39","modified_gmt":"2025-03-16T10:12:39","slug":"elhunyt-psenak-istvanne","status":"publish","type":"post","link":"https:\/\/dorogimedence.hu\/index.php\/2025\/03\/16\/elhunyt-psenak-istvanne\/","title":{"rendered":"Elhunyt Psen\u00e1k Istv\u00e1nn\u00e9"},"content":{"rendered":"<p><strong>Psen\u00e1k Istv\u00e1nn\u00e9, Esztergom Megyei Jog\u00fa V\u00e1ros Majer Istv\u00e1n-d\u00edjas \u00f3vodapedag\u00f3gusa \u00e9let\u00e9nek 68. \u00e9v\u00e9ben, 2025. m\u00e1rcius 13-\u00e1n elhunyt<\/strong> <em>&#8211; k\u00f6z\u00f6lte a szomor\u00fa h\u00edrt az esztergomi \u00f6nkorm\u00e1nyzat a <a href=\"https:\/\/esztergom.hu\/hirek\/2032-gyasz\" target=\"_blank\" rel=\"noopener\"><span style=\"text-decoration: underline; color: #0000ff;\">honlapj\u00e1n<\/span><\/a>.<\/em><\/p>\n<p>Psen\u00e1k Istv\u00e1nn\u00e9 Gregor Kl\u00e1ra Dorogon sz\u00fcletett 1957-ben. 1987-t\u0151l 27 \u00e9ven kereszt\u00fcl, eg\u00e9szen 2015-\u00f6s nyugd\u00edjba vonul\u00e1s\u00e1ig az Esztergomi Angyalkert \u00d3vod\u00e1ban dolgozott &#8211; eleinte, mint szakszervezeti bizalmi, gyermekv\u00e9delmi felel\u0151s, majd \u00f3vodavezet\u0151-helyettes, 2001-ben pedig \u00f3vodavezet\u0151k\u00e9nt sz\u00e9lesebb kompetenci\u00e1val l\u00e1thatott hozz\u00e1 elk\u00e9pzel\u00e9sei megval\u00f3s\u00edt\u00e1s\u00e1hoz.<\/p>\n<p>1989-ben Esztergomban el\u0151sz\u00f6r v\u00e1llalta fel a cig\u00e1ny sz\u00e1rmaz\u00e1s\u00fa gyermekek beintegr\u00e1l\u00e1s\u00e1t csoportj\u00e1ba, mivel ezid\u00e1ig v\u00e1rosunkban szegreg\u00e1lt nevel\u00e9sben r\u00e9szes\u00fcltek. T\u00fcrelmesen, szeretettel fordult a gyermekek \u00e9s a sz\u00fcl\u0151k fel\u00e9. Nagyon j\u00f3 p\u00e9ld\u00e1t mutatott a m\u00e1ss\u00e1g elfogad\u00e1s\u00e1ban, szoci\u00e1lis, kultur\u00e1lis helyzet\u00fck megismertet\u00e9s\u00e9ben. K\u00f6teless\u00e9g\u00e9nek tartotta a h\u00e1tr\u00e1nyos helyzet\u0171 gyermekek megfelel\u0151 min\u0151s\u00e9g\u0171 \u00e9s mennyis\u00e9g\u0171 \u00f3vod\u00e1ztat\u00e1s\u00e1t. Ennek \u00e9rdek\u00e9ben a csal\u00e1dokkal szorosabb, intenz\u00edvebb kapcsolattart\u00e1sra t\u00f6rekedett. Els\u0151k\u00e9nt kezdem\u00e9nyezte v\u00e1rosunkban, hogy m\u00f3dos\u00edt\u00e1sk\u00e9nt bele ker\u00fclj\u00f6n az \u00f3voda alap\u00edt\u00f3 okirat\u00e1ba a saj\u00e1tos nevel\u00e9si ig\u00e9ny\u0171 gyermekek felv\u00e9tele is.<\/p>\n<p>Az \u0151 nev\u00e9hez k\u00f6thet\u0151 a<em> K\u00f6tetlen\u00fcl, komplexen, naponta mes\u00e9vel<\/em> c\u00edm\u0171 m\u00f3dszertani k\u00f6nyv \u00e9s a <em>Mes\u00e9lj Nekem! <\/em>c\u00edm\u0171 sz\u00f6veggy\u0171jtem\u00e9ny meg\u00edr\u00e1sa \u00e9s kiadat\u00e1sa, amely a Nemzeti Tank\u00f6nyvkiad\u00f3 gondoz\u00e1s\u00e1ban jelent meg 1995-ben. Az Angyalkert \u00d3vod\u00e1ban jelenleg is ez k\u00e9pezi Pedag\u00f3giai Program alapj\u00e1t.<\/p>\n<p>2007-ben nyitott volt arra a lehet\u0151s\u00e9gre, hogy az int\u00e9zm\u00e9nyben helyet kaphassanak az akkor indul\u00f3 Suzuki Zrt. gy\u00e1r dolgoz\u00f3inak gyermekei. Az egy\u00fcttm\u0171k\u00f6d\u00e9s tartalmazta a \u201eSzundi h\u00e1z\u201d program kidolgoz\u00e1s\u00e1t, amely az orsz\u00e1gban els\u0151k\u00e9nt tette lehet\u0151v\u00e9 az \u00e9jszakai m\u0171szakban dolgoz\u00f3 sz\u00fcl\u0151k gyermekeinek elhelyez\u00e9s\u00e9t. Nyugd\u00edjba vonul\u00e1s\u00e1ig j\u00f3 kapcsolatot \u00e1polt a gy\u00e1r vezet\u0151s\u00e9g\u00e9vel.<\/p>\n<p>Munk\u00e1ss\u00e1g\u00e1nak k\u00f6sz\u00f6nhet\u0151en 2011-ben az Angyalkert \u00d3voda El\u0151min\u0151s\u00edtett Referencia Int\u00e9zm\u00e9nny\u00e9 v\u00e1lt, ez\u00e1ltal lehet\u0151v\u00e9 tette, hogy az orsz\u00e1gban m\u00e1s \u00f3vod\u00e1k sz\u00e1m\u00e1ra is megismerhet\u0151v\u00e9 \u00e9s alkalmazhat\u00f3v\u00e1 v\u00e1ljon az \u00c1gacsk\u00e1k Pedag\u00f3giai Program.<\/p>\n<p>Nagy \u00edv\u0171 p\u00e1ly\u00e1ja bizony\u00edtja, hogy Psen\u00e1k Istv\u00e1nn\u00e9 sokoldal\u00fa, innovat\u00edv, m\u00e9ly \u00e9rz\u00e9s\u0171, elhivatott \u00f3vodapedag\u00f3gus, aki \u2013 olykor neh\u00e9zs\u00e9gek mellett is \u2013 igazi elhivatottja volt szakm\u00e1j\u00e1nak.<\/p>\n<p>Munk\u00e1ss\u00e1g\u00e1t Esztergom V\u00e1ros \u00d6nkorm\u00e1nyzat K\u00e9pvisel\u0151-test\u00fclete 2019-ben a Majer Istv\u00e1n-d\u00edj az \u201eEsztergomi Nevel\u00e9s\u00e9rt\u201d kit\u00fcntet\u0151 c\u00edm oda\u00edt\u00e9l\u00e9s\u00e9vel honor\u00e1lta.<\/p>\n","protected":false},"excerpt":{"rendered":"<p>Psen\u00e1k Istv\u00e1nn\u00e9, Esztergom Megyei Jog\u00fa V\u00e1ros Majer Istv\u00e1n-d\u00edjas \u00f3vodapedag\u00f3gusa \u00e9let\u00e9nek 68. \u00e9v\u00e9ben, 2025. m\u00e1rcius 13-\u00e1n elhunyt &#8211; k\u00f6z\u00f6lte a szomor\u00fa h\u00edrt az esztergomi \u00f6nkorm\u00e1nyzat a honlapj\u00e1n. Psen\u00e1k Istv\u00e1nn\u00e9 Gregor Kl\u00e1ra Dorogon sz\u00fcletett 1957-ben. 1987-t\u0151l 27 \u00e9ven kereszt\u00fcl, eg\u00e9szen 2015-\u00f6s nyugd\u00edjba vonul\u00e1s\u00e1ig az Esztergomi Angyalkert \u00d3vod\u00e1ban dolgozott &#8211; eleinte, mint szakszervezeti bizalmi, gyermekv\u00e9delmi felel\u0151s, majd \u00f3vodavezet\u0151-helyettes,<\/p>\n","protected":false},"author":1,"featured_media":69535,"comment_status":"closed","ping_status":"closed","sticky":false,"template":"","format":"standard","meta":{"ngg_post_thumbnail":0,"footnotes":""},"categories":[64,38,3],"tags":[15,42,1691,8290],"class_list":{"0":"post-69534","1":"post","2":"type-post","3":"status-publish","4":"format-standard","5":"has-post-thumbnail","7":"category-csolnok","8":"category-esztergom","9":"category-hirek","10":"tag-dorog","11":"tag-esztergom","12":"tag-gyaszhir","13":"tag-psenak-istvanne"},"yoast_head":"<!-- This site is optimized with the Yoast SEO plugin v27.4 - https:\/\/yoast.com\/product\/yoast-seo-wordpress\/ -->\n<title>Elhunyt Psen\u00e1k Istv\u00e1nn\u00e9<\/title>\n<meta name=\"robots\" content=\"index, follow, max-snippet:-1, max-image-preview:large, max-video-preview:-1\" \/>\n<link rel=\"canonical\" href=\"https:\/\/dorogimedence.hu\/index.php\/2025\/03\/16\/elhunyt-psenak-istvanne\/\" class=\"yoast-seo-meta-tag\" \/>\n<meta property=\"og:locale\" content=\"hu_HU\" class=\"yoast-seo-meta-tag\" \/>\n<meta property=\"og:type\" content=\"article\" class=\"yoast-seo-meta-tag\" \/>\n<meta property=\"og:title\" content=\"Elhunyt Psen\u00e1k Istv\u00e1nn\u00e9\" class=\"yoast-seo-meta-tag\" \/>\n<meta property=\"og:description\" content=\"Psen\u00e1k Istv\u00e1nn\u00e9, Esztergom Megyei Jog\u00fa V\u00e1ros Majer Istv\u00e1n-d\u00edjas \u00f3vodapedag\u00f3gusa \u00e9let\u00e9nek 68. \u00e9v\u00e9ben, 2025. m\u00e1rcius 13-\u00e1n elhunyt &#8211; k\u00f6z\u00f6lte a szomor\u00fa h\u00edrt az esztergomi \u00f6nkorm\u00e1nyzat a honlapj\u00e1n. Psen\u00e1k Istv\u00e1nn\u00e9 Gregor Kl\u00e1ra Dorogon sz\u00fcletett 1957-ben. 1987-t\u0151l 27 \u00e9ven kereszt\u00fcl, eg\u00e9szen 2015-\u00f6s nyugd\u00edjba vonul\u00e1s\u00e1ig az Esztergomi Angyalkert \u00d3vod\u00e1ban dolgozott &#8211; eleinte, mint szakszervezeti bizalmi, gyermekv\u00e9delmi felel\u0151s, majd \u00f3vodavezet\u0151-helyettes,\" class=\"yoast-seo-meta-tag\" \/>\n<meta property=\"og:url\" content=\"https:\/\/dorogimedence.hu\/index.php\/2025\/03\/16\/elhunyt-psenak-istvanne\/\" class=\"yoast-seo-meta-tag\" \/>\n<meta property=\"og:site_name\" content=\"Dorogi-medence Region\u00e1lis H\u00edrport\u00e1l\" class=\"yoast-seo-meta-tag\" \/>\n<meta property=\"article:publisher\" content=\"https:\/\/www.facebook.com\/dorogimedence\/\" class=\"yoast-seo-meta-tag\" \/>\n<meta property=\"article:published_time\" content=\"2025-03-16T10:12:39+00:00\" class=\"yoast-seo-meta-tag\" \/>\n<meta property=\"og:image\" content=\"https:\/\/dorogimedence.hu\/wp-content\/uploads\/2025\/03\/candel-4214794_1280.jpg\" class=\"yoast-seo-meta-tag\" \/>\n\t<meta property=\"og:image:width\" content=\"1280\" class=\"yoast-seo-meta-tag\" \/>\n\t<meta property=\"og:image:height\" content=\"853\" class=\"yoast-seo-meta-tag\" \/>\n\t<meta property=\"og:image:type\" content=\"image\/jpeg\" class=\"yoast-seo-meta-tag\" \/>\n<meta name=\"author\" content=\"dorogimedence.hu\" class=\"yoast-seo-meta-tag\" \/>\n<meta name=\"twitter:card\" content=\"summary_large_image\" class=\"yoast-seo-meta-tag\" \/>\n<meta name=\"twitter:label1\" content=\"Szerz\u0151:\" class=\"yoast-seo-meta-tag\" \/>\n\t<meta name=\"twitter:data1\" content=\"dorogimedence.hu\" class=\"yoast-seo-meta-tag\" \/>\n\t<meta name=\"twitter:label2\" content=\"Becs\u00fclt olvas\u00e1si id\u0151\" class=\"yoast-seo-meta-tag\" \/>\n\t<meta name=\"twitter:data2\" content=\"2 perc\" class=\"yoast-seo-meta-tag\" \/>\n<script type=\"application\/ld+json\" class=\"yoast-schema-graph\">{\"@context\":\"https:\\\/\\\/schema.org\",\"@graph\":[{\"@type\":\"Article\",\"@id\":\"https:\\\/\\\/dorogimedence.hu\\\/index.php\\\/2025\\\/03\\\/16\\\/elhunyt-psenak-istvanne\\\/#article\",\"isPartOf\":{\"@id\":\"https:\\\/\\\/dorogimedence.hu\\\/index.php\\\/2025\\\/03\\\/16\\\/elhunyt-psenak-istvanne\\\/\"},\"author\":{\"name\":\"dorogimedence.hu\",\"@id\":\"https:\\\/\\\/dorogimedence.hu\\\/#\\\/schema\\\/person\\\/ce6091eeb7e95ecdc87890d6aa8e0fd4\"},\"headline\":\"Elhunyt Psen\u00e1k Istv\u00e1nn\u00e9\",\"datePublished\":\"2025-03-16T10:12:39+00:00\",\"mainEntityOfPage\":{\"@id\":\"https:\\\/\\\/dorogimedence.hu\\\/index.php\\\/2025\\\/03\\\/16\\\/elhunyt-psenak-istvanne\\\/\"},\"wordCount\":503,\"publisher\":{\"@id\":\"https:\\\/\\\/dorogimedence.hu\\\/#organization\"},\"image\":{\"@id\":\"https:\\\/\\\/dorogimedence.hu\\\/index.php\\\/2025\\\/03\\\/16\\\/elhunyt-psenak-istvanne\\\/#primaryimage\"},\"thumbnailUrl\":\"https:\\\/\\\/dorogimedence.hu\\\/wp-content\\\/uploads\\\/2025\\\/03\\\/candel-4214794_1280.jpg\",\"keywords\":[\"Dorog\",\"esztergom\",\"gy\u00e1szh\u00edr\",\"Psen\u00e1k Istv\u00e1nn\u00e9\"],\"articleSection\":[\"Csolnok\",\"Esztergom\",\"H\u00edrek\"],\"inLanguage\":\"hu\"},{\"@type\":\"WebPage\",\"@id\":\"https:\\\/\\\/dorogimedence.hu\\\/index.php\\\/2025\\\/03\\\/16\\\/elhunyt-psenak-istvanne\\\/\",\"url\":\"https:\\\/\\\/dorogimedence.hu\\\/index.php\\\/2025\\\/03\\\/16\\\/elhunyt-psenak-istvanne\\\/\",\"name\":\"Elhunyt Psen\u00e1k Istv\u00e1nn\u00e9\",\"isPartOf\":{\"@id\":\"https:\\\/\\\/dorogimedence.hu\\\/#website\"},\"primaryImageOfPage\":{\"@id\":\"https:\\\/\\\/dorogimedence.hu\\\/index.php\\\/2025\\\/03\\\/16\\\/elhunyt-psenak-istvanne\\\/#primaryimage\"},\"image\":{\"@id\":\"https:\\\/\\\/dorogimedence.hu\\\/index.php\\\/2025\\\/03\\\/16\\\/elhunyt-psenak-istvanne\\\/#primaryimage\"},\"thumbnailUrl\":\"https:\\\/\\\/dorogimedence.hu\\\/wp-content\\\/uploads\\\/2025\\\/03\\\/candel-4214794_1280.jpg\",\"datePublished\":\"2025-03-16T10:12:39+00:00\",\"breadcrumb\":{\"@id\":\"https:\\\/\\\/dorogimedence.hu\\\/index.php\\\/2025\\\/03\\\/16\\\/elhunyt-psenak-istvanne\\\/#breadcrumb\"},\"inLanguage\":\"hu\",\"potentialAction\":[{\"@type\":\"ReadAction\",\"target\":[\"https:\\\/\\\/dorogimedence.hu\\\/index.php\\\/2025\\\/03\\\/16\\\/elhunyt-psenak-istvanne\\\/\"]}]},{\"@type\":\"ImageObject\",\"inLanguage\":\"hu\",\"@id\":\"https:\\\/\\\/dorogimedence.hu\\\/index.php\\\/2025\\\/03\\\/16\\\/elhunyt-psenak-istvanne\\\/#primaryimage\",\"url\":\"https:\\\/\\\/dorogimedence.hu\\\/wp-content\\\/uploads\\\/2025\\\/03\\\/candel-4214794_1280.jpg\",\"contentUrl\":\"https:\\\/\\\/dorogimedence.hu\\\/wp-content\\\/uploads\\\/2025\\\/03\\\/candel-4214794_1280.jpg\",\"width\":1280,\"height\":853},{\"@type\":\"BreadcrumbList\",\"@id\":\"https:\\\/\\\/dorogimedence.hu\\\/index.php\\\/2025\\\/03\\\/16\\\/elhunyt-psenak-istvanne\\\/#breadcrumb\",\"itemListElement\":[{\"@type\":\"ListItem\",\"position\":1,\"name\":\"Kezd\u0151lap\",\"item\":\"https:\\\/\\\/dorogimedence.hu\\\/\"},{\"@type\":\"ListItem\",\"position\":2,\"name\":\"Elhunyt Psen\u00e1k Istv\u00e1nn\u00e9\"}]},{\"@type\":\"WebSite\",\"@id\":\"https:\\\/\\\/dorogimedence.hu\\\/#website\",\"url\":\"https:\\\/\\\/dorogimedence.hu\\\/\",\"name\":\"Dorogi-medence Region\u00e1lis H\u00edrport\u00e1l\",\"description\":\"Dorog, Keszt\u00f6lc, Le\u00e1nyv\u00e1r, Piliscs\u00e9v, Tokod, Tokodalt\u00e1r\u00f3, Csolnok, Esztergom-kertv\u00e1ros: h\u00edrek, programok\",\"publisher\":{\"@id\":\"https:\\\/\\\/dorogimedence.hu\\\/#organization\"},\"potentialAction\":[{\"@type\":\"SearchAction\",\"target\":{\"@type\":\"EntryPoint\",\"urlTemplate\":\"https:\\\/\\\/dorogimedence.hu\\\/?s={search_term_string}\"},\"query-input\":{\"@type\":\"PropertyValueSpecification\",\"valueRequired\":true,\"valueName\":\"search_term_string\"}}],\"inLanguage\":\"hu\"},{\"@type\":\"Organization\",\"@id\":\"https:\\\/\\\/dorogimedence.hu\\\/#organization\",\"name\":\"Dorogi-medence Region\u00e1lis H\u00edrport\u00e1l\",\"url\":\"https:\\\/\\\/dorogimedence.hu\\\/\",\"logo\":{\"@type\":\"ImageObject\",\"inLanguage\":\"hu\",\"@id\":\"https:\\\/\\\/dorogimedence.hu\\\/#\\\/schema\\\/logo\\\/image\\\/\",\"url\":\"https:\\\/\\\/dorogimedence.hu\\\/wp-content\\\/uploads\\\/2021\\\/04\\\/logo-feher-600.png\",\"contentUrl\":\"https:\\\/\\\/dorogimedence.hu\\\/wp-content\\\/uploads\\\/2021\\\/04\\\/logo-feher-600.png\",\"width\":600,\"height\":100,\"caption\":\"Dorogi-medence Region\u00e1lis H\u00edrport\u00e1l\"},\"image\":{\"@id\":\"https:\\\/\\\/dorogimedence.hu\\\/#\\\/schema\\\/logo\\\/image\\\/\"},\"sameAs\":[\"https:\\\/\\\/www.facebook.com\\\/dorogimedence\\\/\"]},{\"@type\":\"Person\",\"@id\":\"https:\\\/\\\/dorogimedence.hu\\\/#\\\/schema\\\/person\\\/ce6091eeb7e95ecdc87890d6aa8e0fd4\",\"name\":\"dorogimedence.hu\",\"image\":{\"@type\":\"ImageObject\",\"inLanguage\":\"hu\",\"@id\":\"\\\/\\\/www.gravatar.com\\\/avatar\\\/d8d45f8901aadff40a4af72c0b826f1d?s=96&#038;r=g&#038;d=mm\",\"url\":\"\\\/\\\/www.gravatar.com\\\/avatar\\\/d8d45f8901aadff40a4af72c0b826f1d?s=96&#038;r=g&#038;d=mm\",\"contentUrl\":\"\\\/\\\/www.gravatar.com\\\/avatar\\\/d8d45f8901aadff40a4af72c0b826f1d?s=96&#038;r=g&#038;d=mm\",\"caption\":\"dorogimedence.hu\"}}]}<\/script>\n<!-- \/ Yoast SEO plugin. -->","yoast_head_json":{"title":"Elhunyt Psen\u00e1k Istv\u00e1nn\u00e9","robots":{"index":"index","follow":"follow","max-snippet":"max-snippet:-1","max-image-preview":"max-image-preview:large","max-video-preview":"max-video-preview:-1"},"canonical":"https:\/\/dorogimedence.hu\/index.php\/2025\/03\/16\/elhunyt-psenak-istvanne\/","og_locale":"hu_HU","og_type":"article","og_title":"Elhunyt Psen\u00e1k Istv\u00e1nn\u00e9","og_description":"Psen\u00e1k Istv\u00e1nn\u00e9, Esztergom Megyei Jog\u00fa V\u00e1ros Majer Istv\u00e1n-d\u00edjas \u00f3vodapedag\u00f3gusa \u00e9let\u00e9nek 68. \u00e9v\u00e9ben, 2025. m\u00e1rcius 13-\u00e1n elhunyt &#8211; k\u00f6z\u00f6lte a szomor\u00fa h\u00edrt az esztergomi \u00f6nkorm\u00e1nyzat a honlapj\u00e1n. Psen\u00e1k Istv\u00e1nn\u00e9 Gregor Kl\u00e1ra Dorogon sz\u00fcletett 1957-ben. 1987-t\u0151l 27 \u00e9ven kereszt\u00fcl, eg\u00e9szen 2015-\u00f6s nyugd\u00edjba vonul\u00e1s\u00e1ig az Esztergomi Angyalkert \u00d3vod\u00e1ban dolgozott &#8211; eleinte, mint szakszervezeti bizalmi, gyermekv\u00e9delmi felel\u0151s, majd \u00f3vodavezet\u0151-helyettes,","og_url":"https:\/\/dorogimedence.hu\/index.php\/2025\/03\/16\/elhunyt-psenak-istvanne\/","og_site_name":"Dorogi-medence Region\u00e1lis H\u00edrport\u00e1l","article_publisher":"https:\/\/www.facebook.com\/dorogimedence\/","article_published_time":"2025-03-16T10:12:39+00:00","og_image":[{"width":1280,"height":853,"url":"https:\/\/dorogimedence.hu\/wp-content\/uploads\/2025\/03\/candel-4214794_1280.jpg","type":"image\/jpeg"}],"author":"dorogimedence.hu","twitter_card":"summary_large_image","twitter_misc":{"Szerz\u0151:":"dorogimedence.hu","Becs\u00fclt olvas\u00e1si id\u0151":"2 perc"},"schema":{"@context":"https:\/\/schema.org","@graph":[{"@type":"Article","@id":"https:\/\/dorogimedence.hu\/index.php\/2025\/03\/16\/elhunyt-psenak-istvanne\/#article","isPartOf":{"@id":"https:\/\/dorogimedence.hu\/index.php\/2025\/03\/16\/elhunyt-psenak-istvanne\/"},"author":{"name":"dorogimedence.hu","@id":"https:\/\/dorogimedence.hu\/#\/schema\/person\/ce6091eeb7e95ecdc87890d6aa8e0fd4"},"headline":"Elhunyt Psen\u00e1k Istv\u00e1nn\u00e9","datePublished":"2025-03-16T10:12:39+00:00","mainEntityOfPage":{"@id":"https:\/\/dorogimedence.hu\/index.php\/2025\/03\/16\/elhunyt-psenak-istvanne\/"},"wordCount":503,"publisher":{"@id":"https:\/\/dorogimedence.hu\/#organization"},"image":{"@id":"https:\/\/dorogimedence.hu\/index.php\/2025\/03\/16\/elhunyt-psenak-istvanne\/#primaryimage"},"thumbnailUrl":"https:\/\/dorogimedence.hu\/wp-content\/uploads\/2025\/03\/candel-4214794_1280.jpg","keywords":["Dorog","esztergom","gy\u00e1szh\u00edr","Psen\u00e1k Istv\u00e1nn\u00e9"],"articleSection":["Csolnok","Esztergom","H\u00edrek"],"inLanguage":"hu"},{"@type":"WebPage","@id":"https:\/\/dorogimedence.hu\/index.php\/2025\/03\/16\/elhunyt-psenak-istvanne\/","url":"https:\/\/dorogimedence.hu\/index.php\/2025\/03\/16\/elhunyt-psenak-istvanne\/","name":"Elhunyt Psen\u00e1k Istv\u00e1nn\u00e9","isPartOf":{"@id":"https:\/\/dorogimedence.hu\/#website"},"primaryImageOfPage":{"@id":"https:\/\/dorogimedence.hu\/index.php\/2025\/03\/16\/elhunyt-psenak-istvanne\/#primaryimage"},"image":{"@id":"https:\/\/dorogimedence.hu\/index.php\/2025\/03\/16\/elhunyt-psenak-istvanne\/#primaryimage"},"thumbnailUrl":"https:\/\/dorogimedence.hu\/wp-content\/uploads\/2025\/03\/candel-4214794_1280.jpg","datePublished":"2025-03-16T10:12:39+00:00","breadcrumb":{"@id":"https:\/\/dorogimedence.hu\/index.php\/2025\/03\/16\/elhunyt-psenak-istvanne\/#breadcrumb"},"inLanguage":"hu","potentialAction":[{"@type":"ReadAction","target":["https:\/\/dorogimedence.hu\/index.php\/2025\/03\/16\/elhunyt-psenak-istvanne\/"]}]},{"@type":"ImageObject","inLanguage":"hu","@id":"https:\/\/dorogimedence.hu\/index.php\/2025\/03\/16\/elhunyt-psenak-istvanne\/#primaryimage","url":"https:\/\/dorogimedence.hu\/wp-content\/uploads\/2025\/03\/candel-4214794_1280.jpg","contentUrl":"https:\/\/dorogimedence.hu\/wp-content\/uploads\/2025\/03\/candel-4214794_1280.jpg","width":1280,"height":853},{"@type":"BreadcrumbList","@id":"https:\/\/dorogimedence.hu\/index.php\/2025\/03\/16\/elhunyt-psenak-istvanne\/#breadcrumb","itemListElement":[{"@type":"ListItem","position":1,"name":"Kezd\u0151lap","item":"https:\/\/dorogimedence.hu\/"},{"@type":"ListItem","position":2,"name":"Elhunyt Psen\u00e1k Istv\u00e1nn\u00e9"}]},{"@type":"WebSite","@id":"https:\/\/dorogimedence.hu\/#website","url":"https:\/\/dorogimedence.hu\/","name":"Dorogi-medence Region\u00e1lis H\u00edrport\u00e1l","description":"Dorog, Keszt\u00f6lc, Le\u00e1nyv\u00e1r, Piliscs\u00e9v, Tokod, Tokodalt\u00e1r\u00f3, Csolnok, Esztergom-kertv\u00e1ros: h\u00edrek, programok","publisher":{"@id":"https:\/\/dorogimedence.hu\/#organization"},"potentialAction":[{"@type":"SearchAction","target":{"@type":"EntryPoint","urlTemplate":"https:\/\/dorogimedence.hu\/?s={search_term_string}"},"query-input":{"@type":"PropertyValueSpecification","valueRequired":true,"valueName":"search_term_string"}}],"inLanguage":"hu"},{"@type":"Organization","@id":"https:\/\/dorogimedence.hu\/#organization","name":"Dorogi-medence Region\u00e1lis H\u00edrport\u00e1l","url":"https:\/\/dorogimedence.hu\/","logo":{"@type":"ImageObject","inLanguage":"hu","@id":"https:\/\/dorogimedence.hu\/#\/schema\/logo\/image\/","url":"https:\/\/dorogimedence.hu\/wp-content\/uploads\/2021\/04\/logo-feher-600.png","contentUrl":"https:\/\/dorogimedence.hu\/wp-content\/uploads\/2021\/04\/logo-feher-600.png","width":600,"height":100,"caption":"Dorogi-medence Region\u00e1lis H\u00edrport\u00e1l"},"image":{"@id":"https:\/\/dorogimedence.hu\/#\/schema\/logo\/image\/"},"sameAs":["https:\/\/www.facebook.com\/dorogimedence\/"]},{"@type":"Person","@id":"https:\/\/dorogimedence.hu\/#\/schema\/person\/ce6091eeb7e95ecdc87890d6aa8e0fd4","name":"dorogimedence.hu","image":{"@type":"ImageObject","inLanguage":"hu","@id":"\/\/www.gravatar.com\/avatar\/d8d45f8901aadff40a4af72c0b826f1d?s=96&#038;r=g&#038;d=mm","url":"\/\/www.gravatar.com\/avatar\/d8d45f8901aadff40a4af72c0b826f1d?s=96&#038;r=g&#038;d=mm","contentUrl":"\/\/www.gravatar.com\/avatar\/d8d45f8901aadff40a4af72c0b826f1d?s=96&#038;r=g&#038;d=mm","caption":"dorogimedence.hu"}}]}},"_links":{"self":[{"href":"https:\/\/dorogimedence.hu\/index.php\/wp-json\/wp\/v2\/posts\/69534","targetHints":{"allow":["GET"]}}],"collection":[{"href":"https:\/\/dorogimedence.hu\/index.php\/wp-json\/wp\/v2\/posts"}],"about":[{"href":"https:\/\/dorogimedence.hu\/index.php\/wp-json\/wp\/v2\/types\/post"}],"author":[{"embeddable":true,"href":"https:\/\/dorogimedence.hu\/index.php\/wp-json\/wp\/v2\/users\/1"}],"replies":[{"embeddable":true,"href":"https:\/\/dorogimedence.hu\/index.php\/wp-json\/wp\/v2\/comments?post=69534"}],"version-history":[{"count":0,"href":"https:\/\/dorogimedence.hu\/index.php\/wp-json\/wp\/v2\/posts\/69534\/revisions"}],"wp:featuredmedia":[{"embeddable":true,"href":"https:\/\/dorogimedence.hu\/index.php\/wp-json\/wp\/v2\/media\/69535"}],"wp:attachment":[{"href":"https:\/\/dorogimedence.hu\/index.php\/wp-json\/wp\/v2\/media?parent=69534"}],"wp:term":[{"taxonomy":"category","embeddable":true,"href":"https:\/\/dorogimedence.hu\/index.php\/wp-json\/wp\/v2\/categories?post=69534"},{"taxonomy":"post_tag","embeddable":true,"href":"https:\/\/dorogimedence.hu\/index.php\/wp-json\/wp\/v2\/tags?post=69534"}],"curies":[{"name":"wp","href":"https:\/\/api.w.org\/{rel}","templated":true}]}}