{"id":69475,"date":"2025-03-13T13:49:35","date_gmt":"2025-03-13T12:49:35","guid":{"rendered":"https:\/\/dorogimedence.hu\/?p=69475"},"modified":"2025-03-13T13:49:35","modified_gmt":"2025-03-13T12:49:35","slug":"nav-erkeznek-az-adoszamla-ertesitok","status":"publish","type":"post","link":"https:\/\/dorogimedence.hu\/index.php\/2025\/03\/13\/nav-erkeznek-az-adoszamla-ertesitok\/","title":{"rendered":"NAV: \u00c9rkeznek az ad\u00f3sz\u00e1mla-\u00e9rtes\u00edt\u0151k"},"content":{"rendered":"<p><strong>A Nemzeti Ad\u00f3- \u00e9s V\u00e1mhivatal (NAV) m\u00e1rciust\u00f3l folyamatosan k\u00fcldi az ad\u00f3sz\u00e1mla-\u00e9rtes\u00edt\u0151ket a mag\u00e1nszem\u00e9lyeknek \u00e9s a gazd\u00e1lkod\u00f3knak. Ad\u00f3sz\u00e1mla-\u00e9rtes\u00edt\u0151t csak az kap, akinek \u00f6tezer forintn\u00e1l t\u00f6bb tartoz\u00e1sa, vagy ezer forintn\u00e1l t\u00f6bb t\u00falfizet\u00e9se van. Akik tavaly elmulasztottak, vagy k\u00e9sve fizettek meg valamilyen k\u00f6telezetts\u00e9get, \u00e9s emiatt \u00f6tezer forintot el\u00e9r\u0151 k\u00e9sedelmi p\u00f3tl\u00e9kuk is van, azok a p\u00f3tl\u00e9kr\u00f3l is kapnak t\u00e1j\u00e9koztat\u00e1st.<\/strong><\/p>\n<p>Banki mint\u00e1t k\u00f6vet\u0151 m\u0171k\u00f6d\u00e9sre \u00e1ll \u00e1t a NAV k\u00e9sedelmi p\u00f3tl\u00e9k rendszere. Ez azt jelenti, hogy a k\u00e9sedelmi p\u00f3tl\u00e9k felsz\u00e1m\u00edt\u00e1sa, el\u0151\u00edr\u00e1sa havonta t\u00f6rt\u00e9nik. A NAV m\u00e1rciusban mindenkit \u00e9rtes\u00edt, akinek az \u00f6tezer forintot el\u00e9ri a k\u00e9sedelmip\u00f3tl\u00e9k-tartoz\u00e1sa, melyet 2025. m\u00e1rcius 31-ig kell rendezni. A NAV \u00faj elsz\u00e1mol\u00e1si m\u00f3dja \u00e1prilisban indul.<\/p>\n<p>Az elektronikus vagy postai \u00e9rtes\u00edt\u00e9sek elej\u00e9n mindenki megtal\u00e1lja a sz\u00e1m\u00e1ra legfontosabb inform\u00e1ci\u00f3t: kell-e fizetnie, ig\u00e9nyelhet-e vissza.<\/p>\n<p>Az ad\u00f3sz\u00e1mla aktu\u00e1lis \u00e1llapota b\u00e1rmikor megtekinthet\u0151 a <span style=\"color: #0000ff;\"><a style=\"color: #0000ff;\" href=\"https:\/\/ugyfelportal.nav.gov.hu\/\" target=\"_blank\" rel=\"noopener\"><span style=\"text-decoration: underline;\">NAV \u00dcgyf\u00e9lport\u00e1lj\u00e1n<\/span><\/a><\/span> (\u00dcPO) vagy a NAV-Mobil alkalmaz\u00e1s Ad\u00f3sz\u00e1mla funkci\u00f3j\u00e1ban. A tartoz\u00e1st \u00e9rdemes min\u00e9l el\u0151bb rendezni, mert az tov\u00e1bb p\u00f3tl\u00e9kol\u00f3dik. A t\u00falfizet\u00e9sn\u00e9l fontos odafigyelni az el\u00e9v\u00fcl\u00e9sre, \u00e9rdemes miel\u0151bb \u00e1tvezet\u00e9st vagy kiutal\u00e1st k\u00e9rni. Ez legegyszer\u0171bben az \u00dcPO-n kereszt\u00fcl tehet\u0151 meg: az ad\u00f3sz\u00e1mla lek\u00e9rdez\u00e9se ut\u00e1n a T\u00falfizet\u00e9s rendez\u00e9se gombbal, k\u00fcl\u00f6n seg\u00e9dprogram telep\u00edt\u00e9se n\u00e9lk\u00fcl, b\u00e1rmilyen okoseszk\u00f6zr\u0151l, ak\u00e1r mobiltelefonr\u00f3l is rendezhet\u0151 az ad\u00f3sz\u00e1mla.<\/p>\n<p><em>Forr\u00e1s: Nemzeti Ad\u00f3- \u00e9s V\u00e1mhivatal Kom\u00e1rom-Esztergom V\u00e1rmegyei Ad\u00f3- \u00e9s V\u00e1migazgat\u00f3s\u00e1ga<\/em><\/p>\n","protected":false},"excerpt":{"rendered":"<p>A Nemzeti Ad\u00f3- \u00e9s V\u00e1mhivatal (NAV) m\u00e1rciust\u00f3l folyamatosan k\u00fcldi az ad\u00f3sz\u00e1mla-\u00e9rtes\u00edt\u0151ket a mag\u00e1nszem\u00e9lyeknek \u00e9s a gazd\u00e1lkod\u00f3knak. Ad\u00f3sz\u00e1mla-\u00e9rtes\u00edt\u0151t csak az kap, akinek \u00f6tezer forintn\u00e1l t\u00f6bb tartoz\u00e1sa, vagy ezer forintn\u00e1l t\u00f6bb t\u00falfizet\u00e9se van. Akik tavaly elmulasztottak, vagy k\u00e9sve fizettek meg valamilyen k\u00f6telezetts\u00e9get, \u00e9s emiatt \u00f6tezer forintot el\u00e9r\u0151 k\u00e9sedelmi p\u00f3tl\u00e9kuk is van, azok a p\u00f3tl\u00e9kr\u00f3l is kapnak t\u00e1j\u00e9koztat\u00e1st.<\/p>\n","protected":false},"author":1,"featured_media":49795,"comment_status":"closed","ping_status":"closed","sticky":false,"template":"","format":"standard","meta":{"ngg_post_thumbnail":0,"footnotes":""},"categories":[6934,3],"tags":[317],"class_list":{"0":"post-69475","1":"post","2":"type-post","3":"status-publish","4":"format-standard","5":"has-post-thumbnail","7":"category-belfold","8":"category-hirek","9":"tag-nav"},"yoast_head":"<!-- This site is optimized with the Yoast SEO plugin v27.5 - https:\/\/yoast.com\/product\/yoast-seo-wordpress\/ -->\n<title>NAV: \u00c9rkeznek az ad\u00f3sz\u00e1mla-\u00e9rtes\u00edt\u0151k<\/title>\n<meta name=\"robots\" content=\"index, follow, max-snippet:-1, max-image-preview:large, max-video-preview:-1\" \/>\n<link rel=\"canonical\" href=\"https:\/\/dorogimedence.hu\/index.php\/2025\/03\/13\/nav-erkeznek-az-adoszamla-ertesitok\/\" class=\"yoast-seo-meta-tag\" \/>\n<meta property=\"og:locale\" content=\"hu_HU\" class=\"yoast-seo-meta-tag\" \/>\n<meta property=\"og:type\" content=\"article\" class=\"yoast-seo-meta-tag\" \/>\n<meta property=\"og:title\" content=\"NAV: \u00c9rkeznek az ad\u00f3sz\u00e1mla-\u00e9rtes\u00edt\u0151k\" class=\"yoast-seo-meta-tag\" \/>\n<meta property=\"og:description\" content=\"A Nemzeti Ad\u00f3- \u00e9s V\u00e1mhivatal (NAV) m\u00e1rciust\u00f3l folyamatosan k\u00fcldi az ad\u00f3sz\u00e1mla-\u00e9rtes\u00edt\u0151ket a mag\u00e1nszem\u00e9lyeknek \u00e9s a gazd\u00e1lkod\u00f3knak. Ad\u00f3sz\u00e1mla-\u00e9rtes\u00edt\u0151t csak az kap, akinek \u00f6tezer forintn\u00e1l t\u00f6bb tartoz\u00e1sa, vagy ezer forintn\u00e1l t\u00f6bb t\u00falfizet\u00e9se van. Akik tavaly elmulasztottak, vagy k\u00e9sve fizettek meg valamilyen k\u00f6telezetts\u00e9get, \u00e9s emiatt \u00f6tezer forintot el\u00e9r\u0151 k\u00e9sedelmi p\u00f3tl\u00e9kuk is van, azok a p\u00f3tl\u00e9kr\u00f3l is kapnak t\u00e1j\u00e9koztat\u00e1st.\" class=\"yoast-seo-meta-tag\" \/>\n<meta property=\"og:url\" content=\"https:\/\/dorogimedence.hu\/index.php\/2025\/03\/13\/nav-erkeznek-az-adoszamla-ertesitok\/\" class=\"yoast-seo-meta-tag\" \/>\n<meta property=\"og:site_name\" content=\"Dorogi-medence Region\u00e1lis H\u00edrport\u00e1l\" class=\"yoast-seo-meta-tag\" \/>\n<meta property=\"article:publisher\" content=\"https:\/\/www.facebook.com\/dorogimedence\/\" class=\"yoast-seo-meta-tag\" \/>\n<meta property=\"article:published_time\" content=\"2025-03-13T12:49:35+00:00\" class=\"yoast-seo-meta-tag\" \/>\n<meta property=\"og:image\" content=\"https:\/\/dorogimedence.hu\/wp-content\/uploads\/2023\/01\/nav.jpg\" class=\"yoast-seo-meta-tag\" \/>\n\t<meta property=\"og:image:width\" content=\"850\" class=\"yoast-seo-meta-tag\" \/>\n\t<meta property=\"og:image:height\" content=\"436\" class=\"yoast-seo-meta-tag\" \/>\n\t<meta property=\"og:image:type\" content=\"image\/jpeg\" class=\"yoast-seo-meta-tag\" \/>\n<meta name=\"author\" content=\"dorogimedence.hu\" class=\"yoast-seo-meta-tag\" \/>\n<meta name=\"twitter:card\" content=\"summary_large_image\" class=\"yoast-seo-meta-tag\" \/>\n<meta name=\"twitter:label1\" content=\"Szerz\u0151:\" class=\"yoast-seo-meta-tag\" \/>\n\t<meta name=\"twitter:data1\" content=\"dorogimedence.hu\" class=\"yoast-seo-meta-tag\" \/>\n\t<meta name=\"twitter:label2\" content=\"Becs\u00fclt olvas\u00e1si id\u0151\" class=\"yoast-seo-meta-tag\" \/>\n\t<meta name=\"twitter:data2\" content=\"2 perc\" class=\"yoast-seo-meta-tag\" \/>\n<script type=\"application\/ld+json\" class=\"yoast-schema-graph\">{\"@context\":\"https:\\\/\\\/schema.org\",\"@graph\":[{\"@type\":\"Article\",\"@id\":\"https:\\\/\\\/dorogimedence.hu\\\/index.php\\\/2025\\\/03\\\/13\\\/nav-erkeznek-az-adoszamla-ertesitok\\\/#article\",\"isPartOf\":{\"@id\":\"https:\\\/\\\/dorogimedence.hu\\\/index.php\\\/2025\\\/03\\\/13\\\/nav-erkeznek-az-adoszamla-ertesitok\\\/\"},\"author\":{\"name\":\"dorogimedence.hu\",\"@id\":\"https:\\\/\\\/dorogimedence.hu\\\/#\\\/schema\\\/person\\\/ce6091eeb7e95ecdc87890d6aa8e0fd4\"},\"headline\":\"NAV: \u00c9rkeznek az ad\u00f3sz\u00e1mla-\u00e9rtes\u00edt\u0151k\",\"datePublished\":\"2025-03-13T12:49:35+00:00\",\"mainEntityOfPage\":{\"@id\":\"https:\\\/\\\/dorogimedence.hu\\\/index.php\\\/2025\\\/03\\\/13\\\/nav-erkeznek-az-adoszamla-ertesitok\\\/\"},\"wordCount\":340,\"publisher\":{\"@id\":\"https:\\\/\\\/dorogimedence.hu\\\/#organization\"},\"image\":{\"@id\":\"https:\\\/\\\/dorogimedence.hu\\\/index.php\\\/2025\\\/03\\\/13\\\/nav-erkeznek-az-adoszamla-ertesitok\\\/#primaryimage\"},\"thumbnailUrl\":\"https:\\\/\\\/dorogimedence.hu\\\/wp-content\\\/uploads\\\/2023\\\/01\\\/nav.jpg\",\"keywords\":[\"nav\"],\"articleSection\":[\"Belf\u00f6ld, Gazdas\u00e1g\",\"H\u00edrek\"],\"inLanguage\":\"hu\"},{\"@type\":\"WebPage\",\"@id\":\"https:\\\/\\\/dorogimedence.hu\\\/index.php\\\/2025\\\/03\\\/13\\\/nav-erkeznek-az-adoszamla-ertesitok\\\/\",\"url\":\"https:\\\/\\\/dorogimedence.hu\\\/index.php\\\/2025\\\/03\\\/13\\\/nav-erkeznek-az-adoszamla-ertesitok\\\/\",\"name\":\"NAV: \u00c9rkeznek az ad\u00f3sz\u00e1mla-\u00e9rtes\u00edt\u0151k\",\"isPartOf\":{\"@id\":\"https:\\\/\\\/dorogimedence.hu\\\/#website\"},\"primaryImageOfPage\":{\"@id\":\"https:\\\/\\\/dorogimedence.hu\\\/index.php\\\/2025\\\/03\\\/13\\\/nav-erkeznek-az-adoszamla-ertesitok\\\/#primaryimage\"},\"image\":{\"@id\":\"https:\\\/\\\/dorogimedence.hu\\\/index.php\\\/2025\\\/03\\\/13\\\/nav-erkeznek-az-adoszamla-ertesitok\\\/#primaryimage\"},\"thumbnailUrl\":\"https:\\\/\\\/dorogimedence.hu\\\/wp-content\\\/uploads\\\/2023\\\/01\\\/nav.jpg\",\"datePublished\":\"2025-03-13T12:49:35+00:00\",\"breadcrumb\":{\"@id\":\"https:\\\/\\\/dorogimedence.hu\\\/index.php\\\/2025\\\/03\\\/13\\\/nav-erkeznek-az-adoszamla-ertesitok\\\/#breadcrumb\"},\"inLanguage\":\"hu\",\"potentialAction\":[{\"@type\":\"ReadAction\",\"target\":[\"https:\\\/\\\/dorogimedence.hu\\\/index.php\\\/2025\\\/03\\\/13\\\/nav-erkeznek-az-adoszamla-ertesitok\\\/\"]}]},{\"@type\":\"ImageObject\",\"inLanguage\":\"hu\",\"@id\":\"https:\\\/\\\/dorogimedence.hu\\\/index.php\\\/2025\\\/03\\\/13\\\/nav-erkeznek-az-adoszamla-ertesitok\\\/#primaryimage\",\"url\":\"https:\\\/\\\/dorogimedence.hu\\\/wp-content\\\/uploads\\\/2023\\\/01\\\/nav.jpg\",\"contentUrl\":\"https:\\\/\\\/dorogimedence.hu\\\/wp-content\\\/uploads\\\/2023\\\/01\\\/nav.jpg\",\"width\":850,\"height\":436},{\"@type\":\"BreadcrumbList\",\"@id\":\"https:\\\/\\\/dorogimedence.hu\\\/index.php\\\/2025\\\/03\\\/13\\\/nav-erkeznek-az-adoszamla-ertesitok\\\/#breadcrumb\",\"itemListElement\":[{\"@type\":\"ListItem\",\"position\":1,\"name\":\"Kezd\u0151lap\",\"item\":\"https:\\\/\\\/dorogimedence.hu\\\/\"},{\"@type\":\"ListItem\",\"position\":2,\"name\":\"NAV: \u00c9rkeznek az ad\u00f3sz\u00e1mla-\u00e9rtes\u00edt\u0151k\"}]},{\"@type\":\"WebSite\",\"@id\":\"https:\\\/\\\/dorogimedence.hu\\\/#website\",\"url\":\"https:\\\/\\\/dorogimedence.hu\\\/\",\"name\":\"Dorogi-medence Region\u00e1lis H\u00edrport\u00e1l\",\"description\":\"Dorog, Keszt\u00f6lc, Le\u00e1nyv\u00e1r, Piliscs\u00e9v, Tokod, Tokodalt\u00e1r\u00f3, Csolnok, Esztergom-kertv\u00e1ros: h\u00edrek, programok\",\"publisher\":{\"@id\":\"https:\\\/\\\/dorogimedence.hu\\\/#organization\"},\"potentialAction\":[{\"@type\":\"SearchAction\",\"target\":{\"@type\":\"EntryPoint\",\"urlTemplate\":\"https:\\\/\\\/dorogimedence.hu\\\/?s={search_term_string}\"},\"query-input\":{\"@type\":\"PropertyValueSpecification\",\"valueRequired\":true,\"valueName\":\"search_term_string\"}}],\"inLanguage\":\"hu\"},{\"@type\":\"Organization\",\"@id\":\"https:\\\/\\\/dorogimedence.hu\\\/#organization\",\"name\":\"Dorogi-medence Region\u00e1lis H\u00edrport\u00e1l\",\"url\":\"https:\\\/\\\/dorogimedence.hu\\\/\",\"logo\":{\"@type\":\"ImageObject\",\"inLanguage\":\"hu\",\"@id\":\"https:\\\/\\\/dorogimedence.hu\\\/#\\\/schema\\\/logo\\\/image\\\/\",\"url\":\"https:\\\/\\\/dorogimedence.hu\\\/wp-content\\\/uploads\\\/2021\\\/04\\\/logo-feher-600.png\",\"contentUrl\":\"https:\\\/\\\/dorogimedence.hu\\\/wp-content\\\/uploads\\\/2021\\\/04\\\/logo-feher-600.png\",\"width\":600,\"height\":100,\"caption\":\"Dorogi-medence Region\u00e1lis H\u00edrport\u00e1l\"},\"image\":{\"@id\":\"https:\\\/\\\/dorogimedence.hu\\\/#\\\/schema\\\/logo\\\/image\\\/\"},\"sameAs\":[\"https:\\\/\\\/www.facebook.com\\\/dorogimedence\\\/\"]},{\"@type\":\"Person\",\"@id\":\"https:\\\/\\\/dorogimedence.hu\\\/#\\\/schema\\\/person\\\/ce6091eeb7e95ecdc87890d6aa8e0fd4\",\"name\":\"dorogimedence.hu\",\"image\":{\"@type\":\"ImageObject\",\"inLanguage\":\"hu\",\"@id\":\"\\\/\\\/www.gravatar.com\\\/avatar\\\/d8d45f8901aadff40a4af72c0b826f1d?s=96&#038;r=g&#038;d=mm\",\"url\":\"\\\/\\\/www.gravatar.com\\\/avatar\\\/d8d45f8901aadff40a4af72c0b826f1d?s=96&#038;r=g&#038;d=mm\",\"contentUrl\":\"\\\/\\\/www.gravatar.com\\\/avatar\\\/d8d45f8901aadff40a4af72c0b826f1d?s=96&#038;r=g&#038;d=mm\",\"caption\":\"dorogimedence.hu\"}}]}<\/script>\n<!-- \/ Yoast SEO plugin. -->","yoast_head_json":{"title":"NAV: \u00c9rkeznek az ad\u00f3sz\u00e1mla-\u00e9rtes\u00edt\u0151k","robots":{"index":"index","follow":"follow","max-snippet":"max-snippet:-1","max-image-preview":"max-image-preview:large","max-video-preview":"max-video-preview:-1"},"canonical":"https:\/\/dorogimedence.hu\/index.php\/2025\/03\/13\/nav-erkeznek-az-adoszamla-ertesitok\/","og_locale":"hu_HU","og_type":"article","og_title":"NAV: \u00c9rkeznek az ad\u00f3sz\u00e1mla-\u00e9rtes\u00edt\u0151k","og_description":"A Nemzeti Ad\u00f3- \u00e9s V\u00e1mhivatal (NAV) m\u00e1rciust\u00f3l folyamatosan k\u00fcldi az ad\u00f3sz\u00e1mla-\u00e9rtes\u00edt\u0151ket a mag\u00e1nszem\u00e9lyeknek \u00e9s a gazd\u00e1lkod\u00f3knak. Ad\u00f3sz\u00e1mla-\u00e9rtes\u00edt\u0151t csak az kap, akinek \u00f6tezer forintn\u00e1l t\u00f6bb tartoz\u00e1sa, vagy ezer forintn\u00e1l t\u00f6bb t\u00falfizet\u00e9se van. Akik tavaly elmulasztottak, vagy k\u00e9sve fizettek meg valamilyen k\u00f6telezetts\u00e9get, \u00e9s emiatt \u00f6tezer forintot el\u00e9r\u0151 k\u00e9sedelmi p\u00f3tl\u00e9kuk is van, azok a p\u00f3tl\u00e9kr\u00f3l is kapnak t\u00e1j\u00e9koztat\u00e1st.","og_url":"https:\/\/dorogimedence.hu\/index.php\/2025\/03\/13\/nav-erkeznek-az-adoszamla-ertesitok\/","og_site_name":"Dorogi-medence Region\u00e1lis H\u00edrport\u00e1l","article_publisher":"https:\/\/www.facebook.com\/dorogimedence\/","article_published_time":"2025-03-13T12:49:35+00:00","og_image":[{"width":850,"height":436,"url":"https:\/\/dorogimedence.hu\/wp-content\/uploads\/2023\/01\/nav.jpg","type":"image\/jpeg"}],"author":"dorogimedence.hu","twitter_card":"summary_large_image","twitter_misc":{"Szerz\u0151:":"dorogimedence.hu","Becs\u00fclt olvas\u00e1si id\u0151":"2 perc"},"schema":{"@context":"https:\/\/schema.org","@graph":[{"@type":"Article","@id":"https:\/\/dorogimedence.hu\/index.php\/2025\/03\/13\/nav-erkeznek-az-adoszamla-ertesitok\/#article","isPartOf":{"@id":"https:\/\/dorogimedence.hu\/index.php\/2025\/03\/13\/nav-erkeznek-az-adoszamla-ertesitok\/"},"author":{"name":"dorogimedence.hu","@id":"https:\/\/dorogimedence.hu\/#\/schema\/person\/ce6091eeb7e95ecdc87890d6aa8e0fd4"},"headline":"NAV: \u00c9rkeznek az ad\u00f3sz\u00e1mla-\u00e9rtes\u00edt\u0151k","datePublished":"2025-03-13T12:49:35+00:00","mainEntityOfPage":{"@id":"https:\/\/dorogimedence.hu\/index.php\/2025\/03\/13\/nav-erkeznek-az-adoszamla-ertesitok\/"},"wordCount":340,"publisher":{"@id":"https:\/\/dorogimedence.hu\/#organization"},"image":{"@id":"https:\/\/dorogimedence.hu\/index.php\/2025\/03\/13\/nav-erkeznek-az-adoszamla-ertesitok\/#primaryimage"},"thumbnailUrl":"https:\/\/dorogimedence.hu\/wp-content\/uploads\/2023\/01\/nav.jpg","keywords":["nav"],"articleSection":["Belf\u00f6ld, Gazdas\u00e1g","H\u00edrek"],"inLanguage":"hu"},{"@type":"WebPage","@id":"https:\/\/dorogimedence.hu\/index.php\/2025\/03\/13\/nav-erkeznek-az-adoszamla-ertesitok\/","url":"https:\/\/dorogimedence.hu\/index.php\/2025\/03\/13\/nav-erkeznek-az-adoszamla-ertesitok\/","name":"NAV: \u00c9rkeznek az ad\u00f3sz\u00e1mla-\u00e9rtes\u00edt\u0151k","isPartOf":{"@id":"https:\/\/dorogimedence.hu\/#website"},"primaryImageOfPage":{"@id":"https:\/\/dorogimedence.hu\/index.php\/2025\/03\/13\/nav-erkeznek-az-adoszamla-ertesitok\/#primaryimage"},"image":{"@id":"https:\/\/dorogimedence.hu\/index.php\/2025\/03\/13\/nav-erkeznek-az-adoszamla-ertesitok\/#primaryimage"},"thumbnailUrl":"https:\/\/dorogimedence.hu\/wp-content\/uploads\/2023\/01\/nav.jpg","datePublished":"2025-03-13T12:49:35+00:00","breadcrumb":{"@id":"https:\/\/dorogimedence.hu\/index.php\/2025\/03\/13\/nav-erkeznek-az-adoszamla-ertesitok\/#breadcrumb"},"inLanguage":"hu","potentialAction":[{"@type":"ReadAction","target":["https:\/\/dorogimedence.hu\/index.php\/2025\/03\/13\/nav-erkeznek-az-adoszamla-ertesitok\/"]}]},{"@type":"ImageObject","inLanguage":"hu","@id":"https:\/\/dorogimedence.hu\/index.php\/2025\/03\/13\/nav-erkeznek-az-adoszamla-ertesitok\/#primaryimage","url":"https:\/\/dorogimedence.hu\/wp-content\/uploads\/2023\/01\/nav.jpg","contentUrl":"https:\/\/dorogimedence.hu\/wp-content\/uploads\/2023\/01\/nav.jpg","width":850,"height":436},{"@type":"BreadcrumbList","@id":"https:\/\/dorogimedence.hu\/index.php\/2025\/03\/13\/nav-erkeznek-az-adoszamla-ertesitok\/#breadcrumb","itemListElement":[{"@type":"ListItem","position":1,"name":"Kezd\u0151lap","item":"https:\/\/dorogimedence.hu\/"},{"@type":"ListItem","position":2,"name":"NAV: \u00c9rkeznek az ad\u00f3sz\u00e1mla-\u00e9rtes\u00edt\u0151k"}]},{"@type":"WebSite","@id":"https:\/\/dorogimedence.hu\/#website","url":"https:\/\/dorogimedence.hu\/","name":"Dorogi-medence Region\u00e1lis H\u00edrport\u00e1l","description":"Dorog, Keszt\u00f6lc, Le\u00e1nyv\u00e1r, Piliscs\u00e9v, Tokod, Tokodalt\u00e1r\u00f3, Csolnok, Esztergom-kertv\u00e1ros: h\u00edrek, programok","publisher":{"@id":"https:\/\/dorogimedence.hu\/#organization"},"potentialAction":[{"@type":"SearchAction","target":{"@type":"EntryPoint","urlTemplate":"https:\/\/dorogimedence.hu\/?s={search_term_string}"},"query-input":{"@type":"PropertyValueSpecification","valueRequired":true,"valueName":"search_term_string"}}],"inLanguage":"hu"},{"@type":"Organization","@id":"https:\/\/dorogimedence.hu\/#organization","name":"Dorogi-medence Region\u00e1lis H\u00edrport\u00e1l","url":"https:\/\/dorogimedence.hu\/","logo":{"@type":"ImageObject","inLanguage":"hu","@id":"https:\/\/dorogimedence.hu\/#\/schema\/logo\/image\/","url":"https:\/\/dorogimedence.hu\/wp-content\/uploads\/2021\/04\/logo-feher-600.png","contentUrl":"https:\/\/dorogimedence.hu\/wp-content\/uploads\/2021\/04\/logo-feher-600.png","width":600,"height":100,"caption":"Dorogi-medence Region\u00e1lis H\u00edrport\u00e1l"},"image":{"@id":"https:\/\/dorogimedence.hu\/#\/schema\/logo\/image\/"},"sameAs":["https:\/\/www.facebook.com\/dorogimedence\/"]},{"@type":"Person","@id":"https:\/\/dorogimedence.hu\/#\/schema\/person\/ce6091eeb7e95ecdc87890d6aa8e0fd4","name":"dorogimedence.hu","image":{"@type":"ImageObject","inLanguage":"hu","@id":"\/\/www.gravatar.com\/avatar\/d8d45f8901aadff40a4af72c0b826f1d?s=96&#038;r=g&#038;d=mm","url":"\/\/www.gravatar.com\/avatar\/d8d45f8901aadff40a4af72c0b826f1d?s=96&#038;r=g&#038;d=mm","contentUrl":"\/\/www.gravatar.com\/avatar\/d8d45f8901aadff40a4af72c0b826f1d?s=96&#038;r=g&#038;d=mm","caption":"dorogimedence.hu"}}]}},"_links":{"self":[{"href":"https:\/\/dorogimedence.hu\/index.php\/wp-json\/wp\/v2\/posts\/69475","targetHints":{"allow":["GET"]}}],"collection":[{"href":"https:\/\/dorogimedence.hu\/index.php\/wp-json\/wp\/v2\/posts"}],"about":[{"href":"https:\/\/dorogimedence.hu\/index.php\/wp-json\/wp\/v2\/types\/post"}],"author":[{"embeddable":true,"href":"https:\/\/dorogimedence.hu\/index.php\/wp-json\/wp\/v2\/users\/1"}],"replies":[{"embeddable":true,"href":"https:\/\/dorogimedence.hu\/index.php\/wp-json\/wp\/v2\/comments?post=69475"}],"version-history":[{"count":0,"href":"https:\/\/dorogimedence.hu\/index.php\/wp-json\/wp\/v2\/posts\/69475\/revisions"}],"wp:featuredmedia":[{"embeddable":true,"href":"https:\/\/dorogimedence.hu\/index.php\/wp-json\/wp\/v2\/media\/49795"}],"wp:attachment":[{"href":"https:\/\/dorogimedence.hu\/index.php\/wp-json\/wp\/v2\/media?parent=69475"}],"wp:term":[{"taxonomy":"category","embeddable":true,"href":"https:\/\/dorogimedence.hu\/index.php\/wp-json\/wp\/v2\/categories?post=69475"},{"taxonomy":"post_tag","embeddable":true,"href":"https:\/\/dorogimedence.hu\/index.php\/wp-json\/wp\/v2\/tags?post=69475"}],"curies":[{"name":"wp","href":"https:\/\/api.w.org\/{rel}","templated":true}]}}