{"id":69392,"date":"2025-03-07T16:57:56","date_gmt":"2025-03-07T15:57:56","guid":{"rendered":"https:\/\/dorogimedence.hu\/?p=69392"},"modified":"2025-03-07T16:57:56","modified_gmt":"2025-03-07T15:57:56","slug":"egyre-tobb-a-szabadteri-tuz-igy-elozhetjuk-meg-a-bajt","status":"publish","type":"post","link":"https:\/\/dorogimedence.hu\/index.php\/2025\/03\/07\/egyre-tobb-a-szabadteri-tuz-igy-elozhetjuk-meg-a-bajt\/","title":{"rendered":"Egyre t\u00f6bb a szabadt\u00e9ri t\u0171z \u2013 \u00edgy el\u0151zhetj\u00fck meg a bajt"},"content":{"rendered":"<div class=\"article-descript\">\n<p><strong>Az elm\u00falt hetekben jelent\u0151sen megn\u0151tt a szabadt\u00e9ri t\u00fczek sz\u00e1ma, amelyeket leggyakrabban emberi gondatlans\u00e1g okoz.<\/strong><\/p>\n<\/div>\n<div class=\"text\">\n<p>Csak v\u00e1rmegy\u00e9nkben az idei \u00e9vben eddig 71 alkalommal riasztott\u00e1k a t\u0171zolt\u00f3kat szabadt\u00e9ri t\u00fczekhez, amelyek k\u00f6z\u00fcl 12 esetben h\u00e1ztart\u00e1si lom \u00e9gett, komoly vesz\u00e9lyt jelentve a k\u00f6rnyezetre.<\/p>\n<p><strong>A szabadban keletkezett t\u00fczek leggyakoribb okai:<\/strong><\/p>\n<ul>\n<li>Fel\u00fcgyelet n\u00e9lk\u00fcl hagyott t\u0171z vagy par\u00e1zs<\/li>\n<li>Eldobott cigarettacsikkek<\/li>\n<li>Szab\u00e1lytalanul v\u00e9gzett kerti hullad\u00e9k\u00e9get\u00e9s<\/li>\n<li>H\u00e1ztart\u00e1si lomok \u00e9get\u00e9se, amely nemcsak t\u0171zvesz\u00e9lyes, hanem k\u00f6rnyezetszennyez\u0151 is<\/li>\n<li>Mez\u0151gazdas\u00e1gi munk\u00e1latok sor\u00e1n keletkez\u0151 szikr\u00e1k, g\u00e9pi meghib\u00e1sod\u00e1sok<\/li>\n<\/ul>\n<p><strong>Hol \u00e9s mikor lehet z\u00f6ldhullad\u00e9kot \u00e9getni?<\/strong><\/p>\n<p>A kerti z\u00f6ldhullad\u00e9k-\u00e9get\u00e9s nem mindenhol enged\u00e9lyezett. Az, hogy egy adott telep\u00fcl\u00e9sen lehet-e n\u00f6v\u00e9nyi hullad\u00e9kot \u00e9getni, az \u00f6nkorm\u00e1nyzati rendelett\u0151l f\u00fcgg. Ahol nincs ilyen rendelet, <strong>ott az \u00e9get\u00e9s tilos<\/strong>.&nbsp;<\/p>\n<p><strong>Mit jelent a fokozott t\u0171zvesz\u00e9ly id\u0151szaka (t\u0171zgy\u00fajt\u00e1si tilalom)?<\/strong><\/p>\n<p>Ha a sz\u00e1razs\u00e1g \u00e9s az id\u0151j\u00e1r\u00e1si viszonyok miatt fokozott a t\u0171zvesz\u00e9ly, az illet\u00e9kes hat\u00f3s\u00e1gok t\u0171zgy\u00fajt\u00e1si tilalmat rendelhetnek el. Ilyenkor tilos t\u00fczet gy\u00fajtani az erd\u0151kben, f\u00e1s ter\u00fcleteken \u00e9s ezek 200 m\u00e9teres k\u00f6rzet\u00e9ben, m\u00e9g a kijel\u00f6lt t\u0171zrak\u00f3helyeken is.&nbsp;<\/p>\n<p>A tilalom \u00e9rv\u00e9nyess\u00e9g\u00e9r\u0151l a <a href=\"http:\/\/www.erdotuz.hu\" target=\"_blank\" rel=\"noreferrer noopener\"><span style=\"text-decoration: underline; color: #0000ff;\">www.erdotuz.hu<\/span><\/a> \u00e9s a katasztr\u00f3fav\u00e9delem honlapja ny\u00fajt naprak\u00e9sz t\u00e1j\u00e9koztat\u00e1st.<\/p>\n<p><strong>Hogyan el\u0151zhetj\u00fck meg a szabadt\u00e9ri t\u00fczeket?<\/strong><\/p>\n<ul>\n<li>Csak a kijel\u00f6lt t\u0171zrak\u00f3helyeken gy\u00fajtsunk t\u00fczet \u00e9s mindig tartsuk be a szab\u00e1lyokat.<\/li>\n<li>A kerti hullad\u00e9k\u00e9get\u00e9s el\u0151tt mindig ellen\u0151rizz\u00fck, hogy az \u00f6nkorm\u00e1nyzat enged\u00e9lyezi-e.<\/li>\n<li>Csak akkora t\u00fczet szabad rakni, amekkor\u00e1t el is tudunk oltani.<\/li>\n<li>Ne hagyjuk fel\u00fcgyelet n\u00e9lk\u00fcl a t\u00fczet, \u00e9s mindig legyen k\u00e9zn\u00e9l olt\u00f3v\u00edz \u00e9s egy eszk\u00f6z a t\u0171z kord\u00e1ban tart\u00e1s\u00e1ra.<\/li>\n<li>Ha felt\u00e1mad a sz\u00e9l, azonnal oltsuk el a t\u00fczet, hogy az ne terjedhessen tov\u00e1bb.<\/li>\n<li>Ne dobjunk el \u00e9g\u0151 cigarettacsikket.<\/li>\n<li>Tilos h\u00e1ztart\u00e1si hullad\u00e9kot \u00e9getni! Az ilyen \u00e9g\u00e9s sor\u00e1n m\u00e9rgez\u0151 g\u00e1zok szabadulnak fel, s\u00falyosan szennyezve a leveg\u0151t.<\/li>\n<\/ul>\n<p><strong>Mit tegy\u00fcnk, ha t\u00fczet \u00e9szlel\u00fcnk?<\/strong><\/p>\n<p>Ha szabadt\u00e9ri t\u00fczet l\u00e1tunk, azonnal h\u00edvjuk a 112-es seg\u00e9lyh\u00edv\u00f3 sz\u00e1mot! Fontos, hogy pontosan adjuk meg a helysz\u00ednt, \u00e9s ha biztons\u00e1gosan megtehetj\u00fck, pr\u00f3b\u00e1ljuk megakad\u00e1lyozni a t\u0171z terjed\u00e9s\u00e9t (p\u00e9ld\u00e1ul v\u00edzzel, homokkal). Saj\u00e1t biztons\u00e1gunkat kock\u00e1ztassuk! Ha a t\u0171z gyorsan terjed, hagyjuk el a ter\u00fcletet \u00e9s v\u00e1rjuk meg a t\u0171zolt\u00f3k \u00e9rkez\u00e9s\u00e9t.<\/p>\n<p><strong>T\u0171zv\u00e9delmi b\u00edrs\u00e1g \u00e9s felel\u0151ss\u00e9g<\/strong><\/p>\n<p>A szab\u00e1lyok megszeg\u00e9se komoly k\u00f6vetkezm\u00e9nyekkel j\u00e1rhat. A t\u0171zv\u00e9delmi el\u0151\u00edr\u00e1sok be nem tart\u00e1sa hat\u00f3s\u00e1gi elj\u00e1r\u00e1st \u00e9s p\u00e9nzb\u00edrs\u00e1got vonhat maga ut\u00e1n, amelynek m\u00e9rt\u00e9ke a jogs\u00e9rt\u00e9s s\u00falyoss\u00e1g\u00e1t\u00f3l \u00e9s a keletkezett k\u00e1rokt\u00f3l f\u00fcgg. A szab\u00e1lyok betart\u00e1sa nemcsak a saj\u00e1t, hanem m\u00e1sok \u00e9let\u00e9t \u00e9s vagyon\u00e1t is v\u00e9di. Egy kis odafigyel\u00e9ssel hatalmas k\u00e1rokat el\u0151zhet\u00fcnk meg!<\/p>\n<p><em>Bor\u00edt\u00f3k\u00e9p: Kov\u00e1cs Lehet t\u0171.t\u0151rm. Esztergom HTP (Avart\u0171z Esztergomban 2025. m\u00e1rcius 6-\u00e1n)<\/em><br \/>\n<em>Forr\u00e1s: Katasztr\u00f3fav\u00e9delem<\/em><\/p>\n<\/div>\n","protected":false},"excerpt":{"rendered":"<p>Az elm\u00falt hetekben jelent\u0151sen megn\u0151tt a szabadt\u00e9ri t\u00fczek sz\u00e1ma, amelyeket leggyakrabban emberi gondatlans\u00e1g okoz. Csak v\u00e1rmegy\u00e9nkben az idei \u00e9vben eddig 71 alkalommal riasztott\u00e1k a t\u0171zolt\u00f3kat szabadt\u00e9ri t\u00fczekhez, amelyek k\u00f6z\u00fcl 12 esetben h\u00e1ztart\u00e1si lom \u00e9gett, komoly vesz\u00e9lyt jelentve a k\u00f6rnyezetre. A szabadban keletkezett t\u00fczek leggyakoribb okai: Fel\u00fcgyelet n\u00e9lk\u00fcl hagyott t\u0171z vagy par\u00e1zs Eldobott cigarettacsikkek Szab\u00e1lytalanul v\u00e9gzett<\/p>\n","protected":false},"author":1,"featured_media":69394,"comment_status":"closed","ping_status":"closed","sticky":false,"template":"","format":"standard","meta":{"ngg_post_thumbnail":0,"footnotes":""},"categories":[3,39,56],"tags":[333,175,6890,65],"class_list":{"0":"post-69392","1":"post","2":"type-post","3":"status-publish","4":"format-standard","5":"has-post-thumbnail","7":"category-hirek","8":"category-kek-hirek","9":"category-komarom-esztergom","10":"tag-avartuz","11":"tag-katasztrofavedelem","12":"tag-komarom-esztergom-varmegye","13":"tag-tuzoltosag"},"yoast_head":"<!-- This site is optimized with the Yoast SEO plugin v27.5 - https:\/\/yoast.com\/product\/yoast-seo-wordpress\/ -->\n<title>Egyre t\u00f6bb a szabadt\u00e9ri t\u0171z \u2013 \u00edgy el\u0151zhetj\u00fck meg a bajt<\/title>\n<meta name=\"robots\" content=\"index, follow, max-snippet:-1, max-image-preview:large, max-video-preview:-1\" \/>\n<link rel=\"canonical\" href=\"https:\/\/dorogimedence.hu\/index.php\/2025\/03\/07\/egyre-tobb-a-szabadteri-tuz-igy-elozhetjuk-meg-a-bajt\/\" class=\"yoast-seo-meta-tag\" \/>\n<meta property=\"og:locale\" content=\"hu_HU\" class=\"yoast-seo-meta-tag\" \/>\n<meta property=\"og:type\" content=\"article\" class=\"yoast-seo-meta-tag\" \/>\n<meta property=\"og:title\" content=\"Egyre t\u00f6bb a szabadt\u00e9ri t\u0171z \u2013 \u00edgy el\u0151zhetj\u00fck meg a bajt\" class=\"yoast-seo-meta-tag\" \/>\n<meta property=\"og:description\" content=\"Az elm\u00falt hetekben jelent\u0151sen megn\u0151tt a szabadt\u00e9ri t\u00fczek sz\u00e1ma, amelyeket leggyakrabban emberi gondatlans\u00e1g okoz. Csak v\u00e1rmegy\u00e9nkben az idei \u00e9vben eddig 71 alkalommal riasztott\u00e1k a t\u0171zolt\u00f3kat szabadt\u00e9ri t\u00fczekhez, amelyek k\u00f6z\u00fcl 12 esetben h\u00e1ztart\u00e1si lom \u00e9gett, komoly vesz\u00e9lyt jelentve a k\u00f6rnyezetre. A szabadban keletkezett t\u00fczek leggyakoribb okai: Fel\u00fcgyelet n\u00e9lk\u00fcl hagyott t\u0171z vagy par\u00e1zs Eldobott cigarettacsikkek Szab\u00e1lytalanul v\u00e9gzett\" class=\"yoast-seo-meta-tag\" \/>\n<meta property=\"og:url\" content=\"https:\/\/dorogimedence.hu\/index.php\/2025\/03\/07\/egyre-tobb-a-szabadteri-tuz-igy-elozhetjuk-meg-a-bajt\/\" class=\"yoast-seo-meta-tag\" \/>\n<meta property=\"og:site_name\" content=\"Dorogi-medence Region\u00e1lis H\u00edrport\u00e1l\" class=\"yoast-seo-meta-tag\" \/>\n<meta property=\"article:publisher\" content=\"https:\/\/www.facebook.com\/dorogimedence\/\" class=\"yoast-seo-meta-tag\" \/>\n<meta property=\"article:published_time\" content=\"2025-03-07T15:57:56+00:00\" class=\"yoast-seo-meta-tag\" \/>\n<meta property=\"og:image\" content=\"https:\/\/dorogimedence.hu\/wp-content\/uploads\/2025\/03\/avartuz.jpg\" class=\"yoast-seo-meta-tag\" \/>\n\t<meta property=\"og:image:width\" content=\"1920\" class=\"yoast-seo-meta-tag\" \/>\n\t<meta property=\"og:image:height\" content=\"970\" class=\"yoast-seo-meta-tag\" \/>\n\t<meta property=\"og:image:type\" content=\"image\/jpeg\" class=\"yoast-seo-meta-tag\" \/>\n<meta name=\"author\" content=\"dorogimedence.hu\" class=\"yoast-seo-meta-tag\" \/>\n<meta name=\"twitter:card\" content=\"summary_large_image\" class=\"yoast-seo-meta-tag\" \/>\n<meta name=\"twitter:label1\" content=\"Szerz\u0151:\" class=\"yoast-seo-meta-tag\" \/>\n\t<meta name=\"twitter:data1\" content=\"dorogimedence.hu\" class=\"yoast-seo-meta-tag\" \/>\n\t<meta name=\"twitter:label2\" content=\"Becs\u00fclt olvas\u00e1si id\u0151\" class=\"yoast-seo-meta-tag\" \/>\n\t<meta name=\"twitter:data2\" content=\"3 perc\" class=\"yoast-seo-meta-tag\" \/>\n<script type=\"application\/ld+json\" class=\"yoast-schema-graph\">{\"@context\":\"https:\\\/\\\/schema.org\",\"@graph\":[{\"@type\":\"Article\",\"@id\":\"https:\\\/\\\/dorogimedence.hu\\\/index.php\\\/2025\\\/03\\\/07\\\/egyre-tobb-a-szabadteri-tuz-igy-elozhetjuk-meg-a-bajt\\\/#article\",\"isPartOf\":{\"@id\":\"https:\\\/\\\/dorogimedence.hu\\\/index.php\\\/2025\\\/03\\\/07\\\/egyre-tobb-a-szabadteri-tuz-igy-elozhetjuk-meg-a-bajt\\\/\"},\"author\":{\"name\":\"dorogimedence.hu\",\"@id\":\"https:\\\/\\\/dorogimedence.hu\\\/#\\\/schema\\\/person\\\/ce6091eeb7e95ecdc87890d6aa8e0fd4\"},\"headline\":\"Egyre t\u00f6bb a szabadt\u00e9ri t\u0171z \u2013 \u00edgy el\u0151zhetj\u00fck meg a bajt\",\"datePublished\":\"2025-03-07T15:57:56+00:00\",\"mainEntityOfPage\":{\"@id\":\"https:\\\/\\\/dorogimedence.hu\\\/index.php\\\/2025\\\/03\\\/07\\\/egyre-tobb-a-szabadteri-tuz-igy-elozhetjuk-meg-a-bajt\\\/\"},\"wordCount\":625,\"publisher\":{\"@id\":\"https:\\\/\\\/dorogimedence.hu\\\/#organization\"},\"image\":{\"@id\":\"https:\\\/\\\/dorogimedence.hu\\\/index.php\\\/2025\\\/03\\\/07\\\/egyre-tobb-a-szabadteri-tuz-igy-elozhetjuk-meg-a-bajt\\\/#primaryimage\"},\"thumbnailUrl\":\"https:\\\/\\\/dorogimedence.hu\\\/wp-content\\\/uploads\\\/2025\\\/03\\\/avartuz.jpg\",\"keywords\":[\"avart\u0171z\",\"katasztr\u00f3fav\u00e9delem\",\"Kom\u00e1rom-Esztergom v\u00e1rmegye\",\"t\u0171zolt\u00f3s\u00e1g\"],\"articleSection\":[\"H\u00edrek\",\"K\u00e9k h\u00edrek\",\"Kom\u00e1rom-Esztergom\"],\"inLanguage\":\"hu\"},{\"@type\":\"WebPage\",\"@id\":\"https:\\\/\\\/dorogimedence.hu\\\/index.php\\\/2025\\\/03\\\/07\\\/egyre-tobb-a-szabadteri-tuz-igy-elozhetjuk-meg-a-bajt\\\/\",\"url\":\"https:\\\/\\\/dorogimedence.hu\\\/index.php\\\/2025\\\/03\\\/07\\\/egyre-tobb-a-szabadteri-tuz-igy-elozhetjuk-meg-a-bajt\\\/\",\"name\":\"Egyre t\u00f6bb a szabadt\u00e9ri t\u0171z \u2013 \u00edgy el\u0151zhetj\u00fck meg a bajt\",\"isPartOf\":{\"@id\":\"https:\\\/\\\/dorogimedence.hu\\\/#website\"},\"primaryImageOfPage\":{\"@id\":\"https:\\\/\\\/dorogimedence.hu\\\/index.php\\\/2025\\\/03\\\/07\\\/egyre-tobb-a-szabadteri-tuz-igy-elozhetjuk-meg-a-bajt\\\/#primaryimage\"},\"image\":{\"@id\":\"https:\\\/\\\/dorogimedence.hu\\\/index.php\\\/2025\\\/03\\\/07\\\/egyre-tobb-a-szabadteri-tuz-igy-elozhetjuk-meg-a-bajt\\\/#primaryimage\"},\"thumbnailUrl\":\"https:\\\/\\\/dorogimedence.hu\\\/wp-content\\\/uploads\\\/2025\\\/03\\\/avartuz.jpg\",\"datePublished\":\"2025-03-07T15:57:56+00:00\",\"breadcrumb\":{\"@id\":\"https:\\\/\\\/dorogimedence.hu\\\/index.php\\\/2025\\\/03\\\/07\\\/egyre-tobb-a-szabadteri-tuz-igy-elozhetjuk-meg-a-bajt\\\/#breadcrumb\"},\"inLanguage\":\"hu\",\"potentialAction\":[{\"@type\":\"ReadAction\",\"target\":[\"https:\\\/\\\/dorogimedence.hu\\\/index.php\\\/2025\\\/03\\\/07\\\/egyre-tobb-a-szabadteri-tuz-igy-elozhetjuk-meg-a-bajt\\\/\"]}]},{\"@type\":\"ImageObject\",\"inLanguage\":\"hu\",\"@id\":\"https:\\\/\\\/dorogimedence.hu\\\/index.php\\\/2025\\\/03\\\/07\\\/egyre-tobb-a-szabadteri-tuz-igy-elozhetjuk-meg-a-bajt\\\/#primaryimage\",\"url\":\"https:\\\/\\\/dorogimedence.hu\\\/wp-content\\\/uploads\\\/2025\\\/03\\\/avartuz.jpg\",\"contentUrl\":\"https:\\\/\\\/dorogimedence.hu\\\/wp-content\\\/uploads\\\/2025\\\/03\\\/avartuz.jpg\",\"width\":1920,\"height\":970},{\"@type\":\"BreadcrumbList\",\"@id\":\"https:\\\/\\\/dorogimedence.hu\\\/index.php\\\/2025\\\/03\\\/07\\\/egyre-tobb-a-szabadteri-tuz-igy-elozhetjuk-meg-a-bajt\\\/#breadcrumb\",\"itemListElement\":[{\"@type\":\"ListItem\",\"position\":1,\"name\":\"Kezd\u0151lap\",\"item\":\"https:\\\/\\\/dorogimedence.hu\\\/\"},{\"@type\":\"ListItem\",\"position\":2,\"name\":\"Egyre t\u00f6bb a szabadt\u00e9ri t\u0171z \u2013 \u00edgy el\u0151zhetj\u00fck meg a bajt\"}]},{\"@type\":\"WebSite\",\"@id\":\"https:\\\/\\\/dorogimedence.hu\\\/#website\",\"url\":\"https:\\\/\\\/dorogimedence.hu\\\/\",\"name\":\"Dorogi-medence Region\u00e1lis H\u00edrport\u00e1l\",\"description\":\"Dorog, Keszt\u00f6lc, Le\u00e1nyv\u00e1r, Piliscs\u00e9v, Tokod, Tokodalt\u00e1r\u00f3, Csolnok, Esztergom-kertv\u00e1ros: h\u00edrek, programok\",\"publisher\":{\"@id\":\"https:\\\/\\\/dorogimedence.hu\\\/#organization\"},\"potentialAction\":[{\"@type\":\"SearchAction\",\"target\":{\"@type\":\"EntryPoint\",\"urlTemplate\":\"https:\\\/\\\/dorogimedence.hu\\\/?s={search_term_string}\"},\"query-input\":{\"@type\":\"PropertyValueSpecification\",\"valueRequired\":true,\"valueName\":\"search_term_string\"}}],\"inLanguage\":\"hu\"},{\"@type\":\"Organization\",\"@id\":\"https:\\\/\\\/dorogimedence.hu\\\/#organization\",\"name\":\"Dorogi-medence Region\u00e1lis H\u00edrport\u00e1l\",\"url\":\"https:\\\/\\\/dorogimedence.hu\\\/\",\"logo\":{\"@type\":\"ImageObject\",\"inLanguage\":\"hu\",\"@id\":\"https:\\\/\\\/dorogimedence.hu\\\/#\\\/schema\\\/logo\\\/image\\\/\",\"url\":\"https:\\\/\\\/dorogimedence.hu\\\/wp-content\\\/uploads\\\/2021\\\/04\\\/logo-feher-600.png\",\"contentUrl\":\"https:\\\/\\\/dorogimedence.hu\\\/wp-content\\\/uploads\\\/2021\\\/04\\\/logo-feher-600.png\",\"width\":600,\"height\":100,\"caption\":\"Dorogi-medence Region\u00e1lis H\u00edrport\u00e1l\"},\"image\":{\"@id\":\"https:\\\/\\\/dorogimedence.hu\\\/#\\\/schema\\\/logo\\\/image\\\/\"},\"sameAs\":[\"https:\\\/\\\/www.facebook.com\\\/dorogimedence\\\/\"]},{\"@type\":\"Person\",\"@id\":\"https:\\\/\\\/dorogimedence.hu\\\/#\\\/schema\\\/person\\\/ce6091eeb7e95ecdc87890d6aa8e0fd4\",\"name\":\"dorogimedence.hu\",\"image\":{\"@type\":\"ImageObject\",\"inLanguage\":\"hu\",\"@id\":\"\\\/\\\/www.gravatar.com\\\/avatar\\\/d8d45f8901aadff40a4af72c0b826f1d?s=96&#038;r=g&#038;d=mm\",\"url\":\"\\\/\\\/www.gravatar.com\\\/avatar\\\/d8d45f8901aadff40a4af72c0b826f1d?s=96&#038;r=g&#038;d=mm\",\"contentUrl\":\"\\\/\\\/www.gravatar.com\\\/avatar\\\/d8d45f8901aadff40a4af72c0b826f1d?s=96&#038;r=g&#038;d=mm\",\"caption\":\"dorogimedence.hu\"}}]}<\/script>\n<!-- \/ Yoast SEO plugin. -->","yoast_head_json":{"title":"Egyre t\u00f6bb a szabadt\u00e9ri t\u0171z \u2013 \u00edgy el\u0151zhetj\u00fck meg a bajt","robots":{"index":"index","follow":"follow","max-snippet":"max-snippet:-1","max-image-preview":"max-image-preview:large","max-video-preview":"max-video-preview:-1"},"canonical":"https:\/\/dorogimedence.hu\/index.php\/2025\/03\/07\/egyre-tobb-a-szabadteri-tuz-igy-elozhetjuk-meg-a-bajt\/","og_locale":"hu_HU","og_type":"article","og_title":"Egyre t\u00f6bb a szabadt\u00e9ri t\u0171z \u2013 \u00edgy el\u0151zhetj\u00fck meg a bajt","og_description":"Az elm\u00falt hetekben jelent\u0151sen megn\u0151tt a szabadt\u00e9ri t\u00fczek sz\u00e1ma, amelyeket leggyakrabban emberi gondatlans\u00e1g okoz. Csak v\u00e1rmegy\u00e9nkben az idei \u00e9vben eddig 71 alkalommal riasztott\u00e1k a t\u0171zolt\u00f3kat szabadt\u00e9ri t\u00fczekhez, amelyek k\u00f6z\u00fcl 12 esetben h\u00e1ztart\u00e1si lom \u00e9gett, komoly vesz\u00e9lyt jelentve a k\u00f6rnyezetre. A szabadban keletkezett t\u00fczek leggyakoribb okai: Fel\u00fcgyelet n\u00e9lk\u00fcl hagyott t\u0171z vagy par\u00e1zs Eldobott cigarettacsikkek Szab\u00e1lytalanul v\u00e9gzett","og_url":"https:\/\/dorogimedence.hu\/index.php\/2025\/03\/07\/egyre-tobb-a-szabadteri-tuz-igy-elozhetjuk-meg-a-bajt\/","og_site_name":"Dorogi-medence Region\u00e1lis H\u00edrport\u00e1l","article_publisher":"https:\/\/www.facebook.com\/dorogimedence\/","article_published_time":"2025-03-07T15:57:56+00:00","og_image":[{"width":1920,"height":970,"url":"https:\/\/dorogimedence.hu\/wp-content\/uploads\/2025\/03\/avartuz.jpg","type":"image\/jpeg"}],"author":"dorogimedence.hu","twitter_card":"summary_large_image","twitter_misc":{"Szerz\u0151:":"dorogimedence.hu","Becs\u00fclt olvas\u00e1si id\u0151":"3 perc"},"schema":{"@context":"https:\/\/schema.org","@graph":[{"@type":"Article","@id":"https:\/\/dorogimedence.hu\/index.php\/2025\/03\/07\/egyre-tobb-a-szabadteri-tuz-igy-elozhetjuk-meg-a-bajt\/#article","isPartOf":{"@id":"https:\/\/dorogimedence.hu\/index.php\/2025\/03\/07\/egyre-tobb-a-szabadteri-tuz-igy-elozhetjuk-meg-a-bajt\/"},"author":{"name":"dorogimedence.hu","@id":"https:\/\/dorogimedence.hu\/#\/schema\/person\/ce6091eeb7e95ecdc87890d6aa8e0fd4"},"headline":"Egyre t\u00f6bb a szabadt\u00e9ri t\u0171z \u2013 \u00edgy el\u0151zhetj\u00fck meg a bajt","datePublished":"2025-03-07T15:57:56+00:00","mainEntityOfPage":{"@id":"https:\/\/dorogimedence.hu\/index.php\/2025\/03\/07\/egyre-tobb-a-szabadteri-tuz-igy-elozhetjuk-meg-a-bajt\/"},"wordCount":625,"publisher":{"@id":"https:\/\/dorogimedence.hu\/#organization"},"image":{"@id":"https:\/\/dorogimedence.hu\/index.php\/2025\/03\/07\/egyre-tobb-a-szabadteri-tuz-igy-elozhetjuk-meg-a-bajt\/#primaryimage"},"thumbnailUrl":"https:\/\/dorogimedence.hu\/wp-content\/uploads\/2025\/03\/avartuz.jpg","keywords":["avart\u0171z","katasztr\u00f3fav\u00e9delem","Kom\u00e1rom-Esztergom v\u00e1rmegye","t\u0171zolt\u00f3s\u00e1g"],"articleSection":["H\u00edrek","K\u00e9k h\u00edrek","Kom\u00e1rom-Esztergom"],"inLanguage":"hu"},{"@type":"WebPage","@id":"https:\/\/dorogimedence.hu\/index.php\/2025\/03\/07\/egyre-tobb-a-szabadteri-tuz-igy-elozhetjuk-meg-a-bajt\/","url":"https:\/\/dorogimedence.hu\/index.php\/2025\/03\/07\/egyre-tobb-a-szabadteri-tuz-igy-elozhetjuk-meg-a-bajt\/","name":"Egyre t\u00f6bb a szabadt\u00e9ri t\u0171z \u2013 \u00edgy el\u0151zhetj\u00fck meg a bajt","isPartOf":{"@id":"https:\/\/dorogimedence.hu\/#website"},"primaryImageOfPage":{"@id":"https:\/\/dorogimedence.hu\/index.php\/2025\/03\/07\/egyre-tobb-a-szabadteri-tuz-igy-elozhetjuk-meg-a-bajt\/#primaryimage"},"image":{"@id":"https:\/\/dorogimedence.hu\/index.php\/2025\/03\/07\/egyre-tobb-a-szabadteri-tuz-igy-elozhetjuk-meg-a-bajt\/#primaryimage"},"thumbnailUrl":"https:\/\/dorogimedence.hu\/wp-content\/uploads\/2025\/03\/avartuz.jpg","datePublished":"2025-03-07T15:57:56+00:00","breadcrumb":{"@id":"https:\/\/dorogimedence.hu\/index.php\/2025\/03\/07\/egyre-tobb-a-szabadteri-tuz-igy-elozhetjuk-meg-a-bajt\/#breadcrumb"},"inLanguage":"hu","potentialAction":[{"@type":"ReadAction","target":["https:\/\/dorogimedence.hu\/index.php\/2025\/03\/07\/egyre-tobb-a-szabadteri-tuz-igy-elozhetjuk-meg-a-bajt\/"]}]},{"@type":"ImageObject","inLanguage":"hu","@id":"https:\/\/dorogimedence.hu\/index.php\/2025\/03\/07\/egyre-tobb-a-szabadteri-tuz-igy-elozhetjuk-meg-a-bajt\/#primaryimage","url":"https:\/\/dorogimedence.hu\/wp-content\/uploads\/2025\/03\/avartuz.jpg","contentUrl":"https:\/\/dorogimedence.hu\/wp-content\/uploads\/2025\/03\/avartuz.jpg","width":1920,"height":970},{"@type":"BreadcrumbList","@id":"https:\/\/dorogimedence.hu\/index.php\/2025\/03\/07\/egyre-tobb-a-szabadteri-tuz-igy-elozhetjuk-meg-a-bajt\/#breadcrumb","itemListElement":[{"@type":"ListItem","position":1,"name":"Kezd\u0151lap","item":"https:\/\/dorogimedence.hu\/"},{"@type":"ListItem","position":2,"name":"Egyre t\u00f6bb a szabadt\u00e9ri t\u0171z \u2013 \u00edgy el\u0151zhetj\u00fck meg a bajt"}]},{"@type":"WebSite","@id":"https:\/\/dorogimedence.hu\/#website","url":"https:\/\/dorogimedence.hu\/","name":"Dorogi-medence Region\u00e1lis H\u00edrport\u00e1l","description":"Dorog, Keszt\u00f6lc, Le\u00e1nyv\u00e1r, Piliscs\u00e9v, Tokod, Tokodalt\u00e1r\u00f3, Csolnok, Esztergom-kertv\u00e1ros: h\u00edrek, programok","publisher":{"@id":"https:\/\/dorogimedence.hu\/#organization"},"potentialAction":[{"@type":"SearchAction","target":{"@type":"EntryPoint","urlTemplate":"https:\/\/dorogimedence.hu\/?s={search_term_string}"},"query-input":{"@type":"PropertyValueSpecification","valueRequired":true,"valueName":"search_term_string"}}],"inLanguage":"hu"},{"@type":"Organization","@id":"https:\/\/dorogimedence.hu\/#organization","name":"Dorogi-medence Region\u00e1lis H\u00edrport\u00e1l","url":"https:\/\/dorogimedence.hu\/","logo":{"@type":"ImageObject","inLanguage":"hu","@id":"https:\/\/dorogimedence.hu\/#\/schema\/logo\/image\/","url":"https:\/\/dorogimedence.hu\/wp-content\/uploads\/2021\/04\/logo-feher-600.png","contentUrl":"https:\/\/dorogimedence.hu\/wp-content\/uploads\/2021\/04\/logo-feher-600.png","width":600,"height":100,"caption":"Dorogi-medence Region\u00e1lis H\u00edrport\u00e1l"},"image":{"@id":"https:\/\/dorogimedence.hu\/#\/schema\/logo\/image\/"},"sameAs":["https:\/\/www.facebook.com\/dorogimedence\/"]},{"@type":"Person","@id":"https:\/\/dorogimedence.hu\/#\/schema\/person\/ce6091eeb7e95ecdc87890d6aa8e0fd4","name":"dorogimedence.hu","image":{"@type":"ImageObject","inLanguage":"hu","@id":"\/\/www.gravatar.com\/avatar\/d8d45f8901aadff40a4af72c0b826f1d?s=96&#038;r=g&#038;d=mm","url":"\/\/www.gravatar.com\/avatar\/d8d45f8901aadff40a4af72c0b826f1d?s=96&#038;r=g&#038;d=mm","contentUrl":"\/\/www.gravatar.com\/avatar\/d8d45f8901aadff40a4af72c0b826f1d?s=96&#038;r=g&#038;d=mm","caption":"dorogimedence.hu"}}]}},"_links":{"self":[{"href":"https:\/\/dorogimedence.hu\/index.php\/wp-json\/wp\/v2\/posts\/69392","targetHints":{"allow":["GET"]}}],"collection":[{"href":"https:\/\/dorogimedence.hu\/index.php\/wp-json\/wp\/v2\/posts"}],"about":[{"href":"https:\/\/dorogimedence.hu\/index.php\/wp-json\/wp\/v2\/types\/post"}],"author":[{"embeddable":true,"href":"https:\/\/dorogimedence.hu\/index.php\/wp-json\/wp\/v2\/users\/1"}],"replies":[{"embeddable":true,"href":"https:\/\/dorogimedence.hu\/index.php\/wp-json\/wp\/v2\/comments?post=69392"}],"version-history":[{"count":0,"href":"https:\/\/dorogimedence.hu\/index.php\/wp-json\/wp\/v2\/posts\/69392\/revisions"}],"wp:featuredmedia":[{"embeddable":true,"href":"https:\/\/dorogimedence.hu\/index.php\/wp-json\/wp\/v2\/media\/69394"}],"wp:attachment":[{"href":"https:\/\/dorogimedence.hu\/index.php\/wp-json\/wp\/v2\/media?parent=69392"}],"wp:term":[{"taxonomy":"category","embeddable":true,"href":"https:\/\/dorogimedence.hu\/index.php\/wp-json\/wp\/v2\/categories?post=69392"},{"taxonomy":"post_tag","embeddable":true,"href":"https:\/\/dorogimedence.hu\/index.php\/wp-json\/wp\/v2\/tags?post=69392"}],"curies":[{"name":"wp","href":"https:\/\/api.w.org\/{rel}","templated":true}]}}