{"id":69389,"date":"2025-03-07T16:53:36","date_gmt":"2025-03-07T15:53:36","guid":{"rendered":"https:\/\/dorogimedence.hu\/?p=69389"},"modified":"2025-03-07T16:53:36","modified_gmt":"2025-03-07T15:53:36","slug":"esztergomi-kocsmaba-majd-dorogi-uzletbe-tort-be","status":"publish","type":"post","link":"https:\/\/dorogimedence.hu\/index.php\/2025\/03\/07\/esztergomi-kocsmaba-majd-dorogi-uzletbe-tort-be\/","title":{"rendered":"Esztergomi kocsm\u00e1ba, majd dorogi \u00fczletbe t\u00f6rt be"},"content":{"rendered":"<div class=\"lead-text\">\n<div class=\"lead-text\">\n<p><strong>Az \u0151rizetbe vett f\u00e9rfi Esztergomban \u00e9s Dorogon k\u00f6vetett el vagyon elleni b\u0171ncselekm\u00e9nyeket.<\/strong><\/p>\n<\/div>\n<p>Egy esztergomi kocsm\u00e1ba t\u00f6rt be a gyan\u00fa szerint K. Zolt\u00e1n febru\u00e1r 27-\u00e9n, cs\u00fct\u00f6rt\u00f6k\u00f6n hajnalban. A 40 \u00e9ves f\u00e9rfi bet\u00f6rte az ablakot, bem\u00e1szott a helyis\u00e9gbe, \u00e9s p\u00e9nzt vitt el onnan. N\u00e9h\u00e1ny nappal k\u00e9s\u0151bb az elk\u00f6vet\u0151 egy dorogi \u00fczletbe hatolt be, ahonnan szint\u00e9n a kassz\u00e1ban l\u00e9v\u0151 p\u00e9nzzel t\u00e1vozott.<\/p>\n<p>Az esztergomi rend\u0151r\u00f6k adatot gy\u0171jt\u00f6ttek, t\u00f6bb tucat kamera felv\u00e9tel\u00e9t szerezt\u00e9k be \u00e9s elemezt\u00e9k, \u00edgy k\u00f6vett\u00e9k le a tolvaj mozg\u00e1s\u00e1t, \u00e9s \u00edgy siker\u00fclt azonos\u00edtaniuk. Elfog\u00e1s\u00e1ban k\u00e9rt\u00e9k a Budapesti Rend\u0151r-f\u0151kapit\u00e1nys\u00e1g B\u0171n\u00fcgyi Bevet\u00e9si Oszt\u00e1ly\u00e1nak k\u00f6zrem\u0171k\u00f6d\u00e9s\u00e9t, \u00e9s m\u00e1rcius 5-\u00e9n, szerd\u00e1n f\u0151v\u00e1rosi otthon\u00e1ban \u00fct\u00f6ttek rajta a f\u00e9rfin.<\/p>\n<p>Gyan\u00fas\u00edtottk\u00e9nt m\u00e1r az Esztergomi Rend\u0151rkapit\u00e1nys\u00e1gon hallgatt\u00e1k ki a helyi nyomoz\u00f3k. Lop\u00e1s v\u00e9ts\u00e9g \u00e9s lop\u00e1s b\u0171ntett gyan\u00faja miatt indult elj\u00e1r\u00e1s ellene, \u00e9s vizsg\u00e1lj\u00e1k, hogy k\u00f6vetett-e el m\u00e1s, hasonl\u00f3 jelleg\u0171 b\u0171ncselekm\u00e9nyt. A rend\u0151r\u00f6k \u0151rizetbe vett\u00e9k a f\u00e9rfit, \u00e9s kezdem\u00e9nyezt\u00e9k letart\u00f3ztat\u00e1s\u00e1t.<\/p>\n<p><strong>Vide\u00f3n az elfog\u00e1s pillanata:<\/strong><\/p>\n<p><iframe title=\"Elfog\u00e1s 2025.03.05.\" width=\"755\" height=\"425\" src=\"https:\/\/www.youtube.com\/embed\/bOTx8_PnJXE?feature=oembed\" frameborder=\"0\" allow=\"accelerometer; autoplay; clipboard-write; encrypted-media; gyroscope; picture-in-picture; web-share\" referrerpolicy=\"strict-origin-when-cross-origin\" allowfullscreen><\/iframe><\/p>\n<p><em>Bor\u00edt\u00f3k\u00e9p, forr\u00e1s: police.hu<\/em><\/p>\n<\/div>\n","protected":false},"excerpt":{"rendered":"<p>Az \u0151rizetbe vett f\u00e9rfi Esztergomban \u00e9s Dorogon k\u00f6vetett el vagyon elleni b\u0171ncselekm\u00e9nyeket. Egy esztergomi kocsm\u00e1ba t\u00f6rt be a gyan\u00fa szerint K. Zolt\u00e1n febru\u00e1r 27-\u00e9n, cs\u00fct\u00f6rt\u00f6k\u00f6n hajnalban. A 40 \u00e9ves f\u00e9rfi bet\u00f6rte az ablakot, bem\u00e1szott a helyis\u00e9gbe, \u00e9s p\u00e9nzt vitt el onnan. N\u00e9h\u00e1ny nappal k\u00e9s\u0151bb az elk\u00f6vet\u0151 egy dorogi \u00fczletbe hatolt be, ahonnan szint\u00e9n a kassz\u00e1ban<\/p>\n","protected":false},"author":1,"featured_media":69390,"comment_status":"closed","ping_status":"closed","sticky":false,"template":"","format":"standard","meta":{"ngg_post_thumbnail":0,"footnotes":""},"categories":[2,38,3,39],"tags":[63,15,42,447,61],"class_list":{"0":"post-69389","1":"post","2":"type-post","3":"status-publish","4":"format-standard","5":"has-post-thumbnail","7":"category-dorog","8":"category-esztergom","9":"category-hirek","10":"category-kek-hirek","11":"tag-buncselekmeny","12":"tag-dorog","13":"tag-esztergom","14":"tag-lopas","15":"tag-rendorsegi-hirek"},"yoast_head":"<!-- This site is optimized with the Yoast SEO plugin v27.5 - https:\/\/yoast.com\/product\/yoast-seo-wordpress\/ -->\n<title>Esztergomi kocsm\u00e1ba, majd dorogi \u00fczletbe t\u00f6rt be<\/title>\n<meta name=\"robots\" content=\"index, follow, max-snippet:-1, max-image-preview:large, max-video-preview:-1\" \/>\n<link rel=\"canonical\" href=\"https:\/\/dorogimedence.hu\/index.php\/2025\/03\/07\/esztergomi-kocsmaba-majd-dorogi-uzletbe-tort-be\/\" class=\"yoast-seo-meta-tag\" \/>\n<meta property=\"og:locale\" content=\"hu_HU\" class=\"yoast-seo-meta-tag\" \/>\n<meta property=\"og:type\" content=\"article\" class=\"yoast-seo-meta-tag\" \/>\n<meta property=\"og:title\" content=\"Esztergomi kocsm\u00e1ba, majd dorogi \u00fczletbe t\u00f6rt be\" class=\"yoast-seo-meta-tag\" \/>\n<meta property=\"og:description\" content=\"Az \u0151rizetbe vett f\u00e9rfi Esztergomban \u00e9s Dorogon k\u00f6vetett el vagyon elleni b\u0171ncselekm\u00e9nyeket. Egy esztergomi kocsm\u00e1ba t\u00f6rt be a gyan\u00fa szerint K. Zolt\u00e1n febru\u00e1r 27-\u00e9n, cs\u00fct\u00f6rt\u00f6k\u00f6n hajnalban. A 40 \u00e9ves f\u00e9rfi bet\u00f6rte az ablakot, bem\u00e1szott a helyis\u00e9gbe, \u00e9s p\u00e9nzt vitt el onnan. N\u00e9h\u00e1ny nappal k\u00e9s\u0151bb az elk\u00f6vet\u0151 egy dorogi \u00fczletbe hatolt be, ahonnan szint\u00e9n a kassz\u00e1ban\" class=\"yoast-seo-meta-tag\" \/>\n<meta property=\"og:url\" content=\"https:\/\/dorogimedence.hu\/index.php\/2025\/03\/07\/esztergomi-kocsmaba-majd-dorogi-uzletbe-tort-be\/\" class=\"yoast-seo-meta-tag\" \/>\n<meta property=\"og:site_name\" content=\"Dorogi-medence Region\u00e1lis H\u00edrport\u00e1l\" class=\"yoast-seo-meta-tag\" \/>\n<meta property=\"article:publisher\" content=\"https:\/\/www.facebook.com\/dorogimedence\/\" class=\"yoast-seo-meta-tag\" \/>\n<meta property=\"article:published_time\" content=\"2025-03-07T15:53:36+00:00\" class=\"yoast-seo-meta-tag\" \/>\n<meta property=\"og:image\" content=\"https:\/\/dorogimedence.hu\/wp-content\/uploads\/2025\/03\/betoro-elfogas.jpg\" class=\"yoast-seo-meta-tag\" \/>\n\t<meta property=\"og:image:width\" content=\"1920\" class=\"yoast-seo-meta-tag\" \/>\n\t<meta property=\"og:image:height\" content=\"970\" class=\"yoast-seo-meta-tag\" \/>\n\t<meta property=\"og:image:type\" content=\"image\/jpeg\" class=\"yoast-seo-meta-tag\" \/>\n<meta name=\"author\" content=\"dorogimedence.hu\" class=\"yoast-seo-meta-tag\" \/>\n<meta name=\"twitter:card\" content=\"summary_large_image\" class=\"yoast-seo-meta-tag\" \/>\n<meta name=\"twitter:label1\" content=\"Szerz\u0151:\" class=\"yoast-seo-meta-tag\" \/>\n\t<meta name=\"twitter:data1\" content=\"dorogimedence.hu\" class=\"yoast-seo-meta-tag\" \/>\n\t<meta name=\"twitter:label2\" content=\"Becs\u00fclt olvas\u00e1si id\u0151\" class=\"yoast-seo-meta-tag\" \/>\n\t<meta name=\"twitter:data2\" content=\"1 perc\" class=\"yoast-seo-meta-tag\" \/>\n<script type=\"application\/ld+json\" class=\"yoast-schema-graph\">{\"@context\":\"https:\\\/\\\/schema.org\",\"@graph\":[{\"@type\":\"Article\",\"@id\":\"https:\\\/\\\/dorogimedence.hu\\\/index.php\\\/2025\\\/03\\\/07\\\/esztergomi-kocsmaba-majd-dorogi-uzletbe-tort-be\\\/#article\",\"isPartOf\":{\"@id\":\"https:\\\/\\\/dorogimedence.hu\\\/index.php\\\/2025\\\/03\\\/07\\\/esztergomi-kocsmaba-majd-dorogi-uzletbe-tort-be\\\/\"},\"author\":{\"name\":\"dorogimedence.hu\",\"@id\":\"https:\\\/\\\/dorogimedence.hu\\\/#\\\/schema\\\/person\\\/ce6091eeb7e95ecdc87890d6aa8e0fd4\"},\"headline\":\"Esztergomi kocsm\u00e1ba, majd dorogi \u00fczletbe t\u00f6rt be\",\"datePublished\":\"2025-03-07T15:53:36+00:00\",\"mainEntityOfPage\":{\"@id\":\"https:\\\/\\\/dorogimedence.hu\\\/index.php\\\/2025\\\/03\\\/07\\\/esztergomi-kocsmaba-majd-dorogi-uzletbe-tort-be\\\/\"},\"wordCount\":269,\"publisher\":{\"@id\":\"https:\\\/\\\/dorogimedence.hu\\\/#organization\"},\"image\":{\"@id\":\"https:\\\/\\\/dorogimedence.hu\\\/index.php\\\/2025\\\/03\\\/07\\\/esztergomi-kocsmaba-majd-dorogi-uzletbe-tort-be\\\/#primaryimage\"},\"thumbnailUrl\":\"https:\\\/\\\/dorogimedence.hu\\\/wp-content\\\/uploads\\\/2025\\\/03\\\/betoro-elfogas.jpg\",\"keywords\":[\"b\u0171ncselekm\u00e9ny\",\"Dorog\",\"esztergom\",\"lop\u00e1s\",\"rend\u0151rs\u00e9gi h\u00edrek\"],\"articleSection\":[\"Dorog\",\"Esztergom\",\"H\u00edrek\",\"K\u00e9k h\u00edrek\"],\"inLanguage\":\"hu\"},{\"@type\":\"WebPage\",\"@id\":\"https:\\\/\\\/dorogimedence.hu\\\/index.php\\\/2025\\\/03\\\/07\\\/esztergomi-kocsmaba-majd-dorogi-uzletbe-tort-be\\\/\",\"url\":\"https:\\\/\\\/dorogimedence.hu\\\/index.php\\\/2025\\\/03\\\/07\\\/esztergomi-kocsmaba-majd-dorogi-uzletbe-tort-be\\\/\",\"name\":\"Esztergomi kocsm\u00e1ba, majd dorogi \u00fczletbe t\u00f6rt be\",\"isPartOf\":{\"@id\":\"https:\\\/\\\/dorogimedence.hu\\\/#website\"},\"primaryImageOfPage\":{\"@id\":\"https:\\\/\\\/dorogimedence.hu\\\/index.php\\\/2025\\\/03\\\/07\\\/esztergomi-kocsmaba-majd-dorogi-uzletbe-tort-be\\\/#primaryimage\"},\"image\":{\"@id\":\"https:\\\/\\\/dorogimedence.hu\\\/index.php\\\/2025\\\/03\\\/07\\\/esztergomi-kocsmaba-majd-dorogi-uzletbe-tort-be\\\/#primaryimage\"},\"thumbnailUrl\":\"https:\\\/\\\/dorogimedence.hu\\\/wp-content\\\/uploads\\\/2025\\\/03\\\/betoro-elfogas.jpg\",\"datePublished\":\"2025-03-07T15:53:36+00:00\",\"breadcrumb\":{\"@id\":\"https:\\\/\\\/dorogimedence.hu\\\/index.php\\\/2025\\\/03\\\/07\\\/esztergomi-kocsmaba-majd-dorogi-uzletbe-tort-be\\\/#breadcrumb\"},\"inLanguage\":\"hu\",\"potentialAction\":[{\"@type\":\"ReadAction\",\"target\":[\"https:\\\/\\\/dorogimedence.hu\\\/index.php\\\/2025\\\/03\\\/07\\\/esztergomi-kocsmaba-majd-dorogi-uzletbe-tort-be\\\/\"]}]},{\"@type\":\"ImageObject\",\"inLanguage\":\"hu\",\"@id\":\"https:\\\/\\\/dorogimedence.hu\\\/index.php\\\/2025\\\/03\\\/07\\\/esztergomi-kocsmaba-majd-dorogi-uzletbe-tort-be\\\/#primaryimage\",\"url\":\"https:\\\/\\\/dorogimedence.hu\\\/wp-content\\\/uploads\\\/2025\\\/03\\\/betoro-elfogas.jpg\",\"contentUrl\":\"https:\\\/\\\/dorogimedence.hu\\\/wp-content\\\/uploads\\\/2025\\\/03\\\/betoro-elfogas.jpg\",\"width\":1920,\"height\":970},{\"@type\":\"BreadcrumbList\",\"@id\":\"https:\\\/\\\/dorogimedence.hu\\\/index.php\\\/2025\\\/03\\\/07\\\/esztergomi-kocsmaba-majd-dorogi-uzletbe-tort-be\\\/#breadcrumb\",\"itemListElement\":[{\"@type\":\"ListItem\",\"position\":1,\"name\":\"Kezd\u0151lap\",\"item\":\"https:\\\/\\\/dorogimedence.hu\\\/\"},{\"@type\":\"ListItem\",\"position\":2,\"name\":\"Esztergomi kocsm\u00e1ba, majd dorogi \u00fczletbe t\u00f6rt be\"}]},{\"@type\":\"WebSite\",\"@id\":\"https:\\\/\\\/dorogimedence.hu\\\/#website\",\"url\":\"https:\\\/\\\/dorogimedence.hu\\\/\",\"name\":\"Dorogi-medence Region\u00e1lis H\u00edrport\u00e1l\",\"description\":\"Dorog, Keszt\u00f6lc, Le\u00e1nyv\u00e1r, Piliscs\u00e9v, Tokod, Tokodalt\u00e1r\u00f3, Csolnok, Esztergom-kertv\u00e1ros: h\u00edrek, programok\",\"publisher\":{\"@id\":\"https:\\\/\\\/dorogimedence.hu\\\/#organization\"},\"potentialAction\":[{\"@type\":\"SearchAction\",\"target\":{\"@type\":\"EntryPoint\",\"urlTemplate\":\"https:\\\/\\\/dorogimedence.hu\\\/?s={search_term_string}\"},\"query-input\":{\"@type\":\"PropertyValueSpecification\",\"valueRequired\":true,\"valueName\":\"search_term_string\"}}],\"inLanguage\":\"hu\"},{\"@type\":\"Organization\",\"@id\":\"https:\\\/\\\/dorogimedence.hu\\\/#organization\",\"name\":\"Dorogi-medence Region\u00e1lis H\u00edrport\u00e1l\",\"url\":\"https:\\\/\\\/dorogimedence.hu\\\/\",\"logo\":{\"@type\":\"ImageObject\",\"inLanguage\":\"hu\",\"@id\":\"https:\\\/\\\/dorogimedence.hu\\\/#\\\/schema\\\/logo\\\/image\\\/\",\"url\":\"https:\\\/\\\/dorogimedence.hu\\\/wp-content\\\/uploads\\\/2021\\\/04\\\/logo-feher-600.png\",\"contentUrl\":\"https:\\\/\\\/dorogimedence.hu\\\/wp-content\\\/uploads\\\/2021\\\/04\\\/logo-feher-600.png\",\"width\":600,\"height\":100,\"caption\":\"Dorogi-medence Region\u00e1lis H\u00edrport\u00e1l\"},\"image\":{\"@id\":\"https:\\\/\\\/dorogimedence.hu\\\/#\\\/schema\\\/logo\\\/image\\\/\"},\"sameAs\":[\"https:\\\/\\\/www.facebook.com\\\/dorogimedence\\\/\"]},{\"@type\":\"Person\",\"@id\":\"https:\\\/\\\/dorogimedence.hu\\\/#\\\/schema\\\/person\\\/ce6091eeb7e95ecdc87890d6aa8e0fd4\",\"name\":\"dorogimedence.hu\",\"image\":{\"@type\":\"ImageObject\",\"inLanguage\":\"hu\",\"@id\":\"\\\/\\\/www.gravatar.com\\\/avatar\\\/d8d45f8901aadff40a4af72c0b826f1d?s=96&#038;r=g&#038;d=mm\",\"url\":\"\\\/\\\/www.gravatar.com\\\/avatar\\\/d8d45f8901aadff40a4af72c0b826f1d?s=96&#038;r=g&#038;d=mm\",\"contentUrl\":\"\\\/\\\/www.gravatar.com\\\/avatar\\\/d8d45f8901aadff40a4af72c0b826f1d?s=96&#038;r=g&#038;d=mm\",\"caption\":\"dorogimedence.hu\"}}]}<\/script>\n<!-- \/ Yoast SEO plugin. -->","yoast_head_json":{"title":"Esztergomi kocsm\u00e1ba, majd dorogi \u00fczletbe t\u00f6rt be","robots":{"index":"index","follow":"follow","max-snippet":"max-snippet:-1","max-image-preview":"max-image-preview:large","max-video-preview":"max-video-preview:-1"},"canonical":"https:\/\/dorogimedence.hu\/index.php\/2025\/03\/07\/esztergomi-kocsmaba-majd-dorogi-uzletbe-tort-be\/","og_locale":"hu_HU","og_type":"article","og_title":"Esztergomi kocsm\u00e1ba, majd dorogi \u00fczletbe t\u00f6rt be","og_description":"Az \u0151rizetbe vett f\u00e9rfi Esztergomban \u00e9s Dorogon k\u00f6vetett el vagyon elleni b\u0171ncselekm\u00e9nyeket. Egy esztergomi kocsm\u00e1ba t\u00f6rt be a gyan\u00fa szerint K. Zolt\u00e1n febru\u00e1r 27-\u00e9n, cs\u00fct\u00f6rt\u00f6k\u00f6n hajnalban. A 40 \u00e9ves f\u00e9rfi bet\u00f6rte az ablakot, bem\u00e1szott a helyis\u00e9gbe, \u00e9s p\u00e9nzt vitt el onnan. N\u00e9h\u00e1ny nappal k\u00e9s\u0151bb az elk\u00f6vet\u0151 egy dorogi \u00fczletbe hatolt be, ahonnan szint\u00e9n a kassz\u00e1ban","og_url":"https:\/\/dorogimedence.hu\/index.php\/2025\/03\/07\/esztergomi-kocsmaba-majd-dorogi-uzletbe-tort-be\/","og_site_name":"Dorogi-medence Region\u00e1lis H\u00edrport\u00e1l","article_publisher":"https:\/\/www.facebook.com\/dorogimedence\/","article_published_time":"2025-03-07T15:53:36+00:00","og_image":[{"width":1920,"height":970,"url":"https:\/\/dorogimedence.hu\/wp-content\/uploads\/2025\/03\/betoro-elfogas.jpg","type":"image\/jpeg"}],"author":"dorogimedence.hu","twitter_card":"summary_large_image","twitter_misc":{"Szerz\u0151:":"dorogimedence.hu","Becs\u00fclt olvas\u00e1si id\u0151":"1 perc"},"schema":{"@context":"https:\/\/schema.org","@graph":[{"@type":"Article","@id":"https:\/\/dorogimedence.hu\/index.php\/2025\/03\/07\/esztergomi-kocsmaba-majd-dorogi-uzletbe-tort-be\/#article","isPartOf":{"@id":"https:\/\/dorogimedence.hu\/index.php\/2025\/03\/07\/esztergomi-kocsmaba-majd-dorogi-uzletbe-tort-be\/"},"author":{"name":"dorogimedence.hu","@id":"https:\/\/dorogimedence.hu\/#\/schema\/person\/ce6091eeb7e95ecdc87890d6aa8e0fd4"},"headline":"Esztergomi kocsm\u00e1ba, majd dorogi \u00fczletbe t\u00f6rt be","datePublished":"2025-03-07T15:53:36+00:00","mainEntityOfPage":{"@id":"https:\/\/dorogimedence.hu\/index.php\/2025\/03\/07\/esztergomi-kocsmaba-majd-dorogi-uzletbe-tort-be\/"},"wordCount":269,"publisher":{"@id":"https:\/\/dorogimedence.hu\/#organization"},"image":{"@id":"https:\/\/dorogimedence.hu\/index.php\/2025\/03\/07\/esztergomi-kocsmaba-majd-dorogi-uzletbe-tort-be\/#primaryimage"},"thumbnailUrl":"https:\/\/dorogimedence.hu\/wp-content\/uploads\/2025\/03\/betoro-elfogas.jpg","keywords":["b\u0171ncselekm\u00e9ny","Dorog","esztergom","lop\u00e1s","rend\u0151rs\u00e9gi h\u00edrek"],"articleSection":["Dorog","Esztergom","H\u00edrek","K\u00e9k h\u00edrek"],"inLanguage":"hu"},{"@type":"WebPage","@id":"https:\/\/dorogimedence.hu\/index.php\/2025\/03\/07\/esztergomi-kocsmaba-majd-dorogi-uzletbe-tort-be\/","url":"https:\/\/dorogimedence.hu\/index.php\/2025\/03\/07\/esztergomi-kocsmaba-majd-dorogi-uzletbe-tort-be\/","name":"Esztergomi kocsm\u00e1ba, majd dorogi \u00fczletbe t\u00f6rt be","isPartOf":{"@id":"https:\/\/dorogimedence.hu\/#website"},"primaryImageOfPage":{"@id":"https:\/\/dorogimedence.hu\/index.php\/2025\/03\/07\/esztergomi-kocsmaba-majd-dorogi-uzletbe-tort-be\/#primaryimage"},"image":{"@id":"https:\/\/dorogimedence.hu\/index.php\/2025\/03\/07\/esztergomi-kocsmaba-majd-dorogi-uzletbe-tort-be\/#primaryimage"},"thumbnailUrl":"https:\/\/dorogimedence.hu\/wp-content\/uploads\/2025\/03\/betoro-elfogas.jpg","datePublished":"2025-03-07T15:53:36+00:00","breadcrumb":{"@id":"https:\/\/dorogimedence.hu\/index.php\/2025\/03\/07\/esztergomi-kocsmaba-majd-dorogi-uzletbe-tort-be\/#breadcrumb"},"inLanguage":"hu","potentialAction":[{"@type":"ReadAction","target":["https:\/\/dorogimedence.hu\/index.php\/2025\/03\/07\/esztergomi-kocsmaba-majd-dorogi-uzletbe-tort-be\/"]}]},{"@type":"ImageObject","inLanguage":"hu","@id":"https:\/\/dorogimedence.hu\/index.php\/2025\/03\/07\/esztergomi-kocsmaba-majd-dorogi-uzletbe-tort-be\/#primaryimage","url":"https:\/\/dorogimedence.hu\/wp-content\/uploads\/2025\/03\/betoro-elfogas.jpg","contentUrl":"https:\/\/dorogimedence.hu\/wp-content\/uploads\/2025\/03\/betoro-elfogas.jpg","width":1920,"height":970},{"@type":"BreadcrumbList","@id":"https:\/\/dorogimedence.hu\/index.php\/2025\/03\/07\/esztergomi-kocsmaba-majd-dorogi-uzletbe-tort-be\/#breadcrumb","itemListElement":[{"@type":"ListItem","position":1,"name":"Kezd\u0151lap","item":"https:\/\/dorogimedence.hu\/"},{"@type":"ListItem","position":2,"name":"Esztergomi kocsm\u00e1ba, majd dorogi \u00fczletbe t\u00f6rt be"}]},{"@type":"WebSite","@id":"https:\/\/dorogimedence.hu\/#website","url":"https:\/\/dorogimedence.hu\/","name":"Dorogi-medence Region\u00e1lis H\u00edrport\u00e1l","description":"Dorog, Keszt\u00f6lc, Le\u00e1nyv\u00e1r, Piliscs\u00e9v, Tokod, Tokodalt\u00e1r\u00f3, Csolnok, Esztergom-kertv\u00e1ros: h\u00edrek, programok","publisher":{"@id":"https:\/\/dorogimedence.hu\/#organization"},"potentialAction":[{"@type":"SearchAction","target":{"@type":"EntryPoint","urlTemplate":"https:\/\/dorogimedence.hu\/?s={search_term_string}"},"query-input":{"@type":"PropertyValueSpecification","valueRequired":true,"valueName":"search_term_string"}}],"inLanguage":"hu"},{"@type":"Organization","@id":"https:\/\/dorogimedence.hu\/#organization","name":"Dorogi-medence Region\u00e1lis H\u00edrport\u00e1l","url":"https:\/\/dorogimedence.hu\/","logo":{"@type":"ImageObject","inLanguage":"hu","@id":"https:\/\/dorogimedence.hu\/#\/schema\/logo\/image\/","url":"https:\/\/dorogimedence.hu\/wp-content\/uploads\/2021\/04\/logo-feher-600.png","contentUrl":"https:\/\/dorogimedence.hu\/wp-content\/uploads\/2021\/04\/logo-feher-600.png","width":600,"height":100,"caption":"Dorogi-medence Region\u00e1lis H\u00edrport\u00e1l"},"image":{"@id":"https:\/\/dorogimedence.hu\/#\/schema\/logo\/image\/"},"sameAs":["https:\/\/www.facebook.com\/dorogimedence\/"]},{"@type":"Person","@id":"https:\/\/dorogimedence.hu\/#\/schema\/person\/ce6091eeb7e95ecdc87890d6aa8e0fd4","name":"dorogimedence.hu","image":{"@type":"ImageObject","inLanguage":"hu","@id":"\/\/www.gravatar.com\/avatar\/d8d45f8901aadff40a4af72c0b826f1d?s=96&#038;r=g&#038;d=mm","url":"\/\/www.gravatar.com\/avatar\/d8d45f8901aadff40a4af72c0b826f1d?s=96&#038;r=g&#038;d=mm","contentUrl":"\/\/www.gravatar.com\/avatar\/d8d45f8901aadff40a4af72c0b826f1d?s=96&#038;r=g&#038;d=mm","caption":"dorogimedence.hu"}}]}},"_links":{"self":[{"href":"https:\/\/dorogimedence.hu\/index.php\/wp-json\/wp\/v2\/posts\/69389","targetHints":{"allow":["GET"]}}],"collection":[{"href":"https:\/\/dorogimedence.hu\/index.php\/wp-json\/wp\/v2\/posts"}],"about":[{"href":"https:\/\/dorogimedence.hu\/index.php\/wp-json\/wp\/v2\/types\/post"}],"author":[{"embeddable":true,"href":"https:\/\/dorogimedence.hu\/index.php\/wp-json\/wp\/v2\/users\/1"}],"replies":[{"embeddable":true,"href":"https:\/\/dorogimedence.hu\/index.php\/wp-json\/wp\/v2\/comments?post=69389"}],"version-history":[{"count":0,"href":"https:\/\/dorogimedence.hu\/index.php\/wp-json\/wp\/v2\/posts\/69389\/revisions"}],"wp:featuredmedia":[{"embeddable":true,"href":"https:\/\/dorogimedence.hu\/index.php\/wp-json\/wp\/v2\/media\/69390"}],"wp:attachment":[{"href":"https:\/\/dorogimedence.hu\/index.php\/wp-json\/wp\/v2\/media?parent=69389"}],"wp:term":[{"taxonomy":"category","embeddable":true,"href":"https:\/\/dorogimedence.hu\/index.php\/wp-json\/wp\/v2\/categories?post=69389"},{"taxonomy":"post_tag","embeddable":true,"href":"https:\/\/dorogimedence.hu\/index.php\/wp-json\/wp\/v2\/tags?post=69389"}],"curies":[{"name":"wp","href":"https:\/\/api.w.org\/{rel}","templated":true}]}}