{"id":6937,"date":"2017-11-22T09:06:51","date_gmt":"2017-11-22T08:06:51","guid":{"rendered":"http:\/\/dorogimedence.hu\/?p=6937"},"modified":"2017-11-22T09:06:51","modified_gmt":"2017-11-22T08:06:51","slug":"esztergomi-alapitvanynak-is-gyujtenek-az-idei-diplomata-vasaron","status":"publish","type":"post","link":"https:\/\/dorogimedence.hu\/index.php\/2017\/11\/22\/esztergomi-alapitvanynak-is-gyujtenek-az-idei-diplomata-vasaron\/","title":{"rendered":"Esztergomi alap\u00edtv\u00e1nynak is gy\u0171jtenek az idei Diplomata V\u00e1s\u00e1ron"},"content":{"rendered":"<p><strong>Gyermekalap\u00edtv\u00e1nyoknak \u00e9s k\u00f3rh\u00e1zaknak gy\u0171jt t\u00e1mogat\u00e1st az idei Diplomata V\u00e1s\u00e1r, amelyet november 26-\u00e1n, vas\u00e1rnap rendeznek meg az InterContinental Budapest sz\u00e1ll\u00f3ban<\/strong> <em>&#8211; mondta el a Budapesti Diplomata H\u00e1zast\u00e1rsak (DSB) egyes\u00fclet\u00e9nek eln\u00f6ke, Bridget Lindsay, a brit nagyk\u00f6vet feles\u00e9ge kedden Budapesten.<\/em><\/p>\n<p>Hozz\u00e1f\u0171zte: a hetedik alkalommal megszervezett v\u00e1s\u00e1ron 45 orsz\u00e1g budapesti nagyk\u00f6vets\u00e9ge fogja k\u00e9pviselteti mag\u00e1t. Az \u00e9rdekl\u0151d\u0151k 20 orsz\u00e1g \u00e9teleit \u00e9s italait k\u00f3stolhatj\u00e1k meg, valamint a vil\u00e1g sz\u00e1mos pontj\u00e1r\u00f3l \u00e9rkez\u0151 aj\u00e1nd\u00e9kt\u00e1rgyakat, \u00e9rdekess\u00e9geket v\u00e1s\u00e1rolhatnak. A v\u00e1s\u00e1r mellett zenei programok, k\u00f6zt\u00fck indiai, szlov\u00e1k \u00e9s szerbiai fell\u00e9p\u0151k v\u00e1rj\u00e1k a k\u00f6z\u00f6ns\u00e9get, valamint k\u00fcl\u00f6n gyermeksarok is lesz.<\/p>\n<p>A v\u00e1s\u00e1r teljes bev\u00e9tel\u00e9t a szervezet a h\u00e1tr\u00e1nyos helyzet\u0171, t\u00f6bbs\u00e9g\u00e9ben roma csal\u00e1db\u00f3l sz\u00e1rmaz\u00f3 gyerekek \u00e9s fiatalok oktat\u00e1s\u00e1t t\u00e1mogat\u00f3 <strong>esztergomi Mi H\u00e1zunk Alap\u00edtv\u00e1n<\/strong>y, a tanul\u00e1sban akad\u00e1lyozott, \u00e9rtelmi fogyat\u00e9kkal \u00e9s autizmus spektrumzavarral \u00e9l\u0151 gyerekek oktat\u00e1s\u00e1t seg\u00edt\u0151 \u00c9letjel Alap\u00edtv\u00e1ny, a Heim P\u00e1l Gyermekk\u00f3rh\u00e1z Urol\u00f3giai Oszt\u00e1lya, valamint az Egyes\u00edtett Szent Istv\u00e1n \u00e9s Szent L\u00e1szl\u00f3 K\u00f3rh\u00e1z-Rendel\u0151int\u00e9zet Gyermekhematol\u00f3giai \u00e9s \u0150ssejt-transzplant\u00e1ci\u00f3s Oszt\u00e1lya jav\u00e1ra aj\u00e1nlja fel &#8211; hangs\u00falyozta Bridget Lindsay.<\/p>\n<p>Kit\u00e9rt arra is: a 2000-ben alap\u00edtott DSB a Budapesten szolg\u00e1l\u00f3 nagyk\u00f6vetek, nagyk\u00f6vet-helyettesek \u00e9s konzul\u00e1tusi vezet\u0151k politika- \u00e9s vall\u00e1smentes szervezete. A tavalyi Diplomata V\u00e1s\u00e1ron t\u00f6bb mint hatmilli\u00f3 forintot gy\u0171jt\u00f6ttek \u00f6ssze j\u00f3t\u00e9kony c\u00e9lra. A rendezv\u00e9ny f\u0151v\u00e9dn\u00f6ke Herczeg Anita, \u00c1der J\u00e1nos k\u00f6zt\u00e1rsas\u00e1gi eln\u00f6k feles\u00e9ge.<\/p>\n<p>Az \u00c9letjel Alap\u00edtv\u00e1ny kurat\u00f3riumi eln\u00f6ke, Cs\u00edk \u00c1rp\u00e1dn\u00e9 elmondta: az alap\u00edtv\u00e1ny 21 \u00e9ve j\u00f6tt l\u00e9tre a 17. ker\u00fcleti SOFI \u00d3voda, \u00c1ltal\u00e1nos Iskola, Speci\u00e1lis Szakiskola \u00e9s Egys\u00e9ges Gy\u00f3gypedag\u00f3giai M\u00f3dszertani Int\u00e9zm\u00e9ny tanul\u00f3inak seg\u00edt\u00e9s\u00e9re. Az int\u00e9zm\u00e9nyben mintegy 200 gyermek tanul, t\u00f6bb mint negyed\u00fck szenved autizmus spektrumzavarban. A DSB \u00e9vek \u00f3ta t\u00e1mogatja az alap\u00edtv\u00e1nyt, t\u00f6bbek k\u00f6z\u00f6tt seg\u00edts\u00e9get ny\u00fajtottak az alap\u00edtv\u00e1ny kiskunmajsai t\u00e1borhely\u00e9nek fel\u00faj\u00edt\u00e1s\u00e1hoz \u00e9s informatikai eszk\u00f6z\u00f6k v\u00e1s\u00e1rl\u00e1s\u00e1hoz is.<\/p>\n<p><em>Forr\u00e1s: MTI<\/em><\/p>\n<p>&nbsp;<\/p>\n","protected":false},"excerpt":{"rendered":"<p>Gyermekalap\u00edtv\u00e1nyoknak \u00e9s k\u00f3rh\u00e1zaknak gy\u0171jt t\u00e1mogat\u00e1st az idei Diplomata V\u00e1s\u00e1r, amelyet november 26-\u00e1n, vas\u00e1rnap rendeznek meg az InterContinental Budapest sz\u00e1ll\u00f3ban &#8211; mondta el a Budapesti Diplomata H\u00e1zast\u00e1rsak (DSB) egyes\u00fclet\u00e9nek eln\u00f6ke, Bridget Lindsay, a brit nagyk\u00f6vet feles\u00e9ge kedden Budapesten. Hozz\u00e1f\u0171zte: a hetedik alkalommal megszervezett v\u00e1s\u00e1ron 45 orsz\u00e1g budapesti nagyk\u00f6vets\u00e9ge fogja k\u00e9pviselteti mag\u00e1t. Az \u00e9rdekl\u0151d\u0151k 20 orsz\u00e1g \u00e9teleit<\/p>\n","protected":false},"author":1,"featured_media":6938,"comment_status":"closed","ping_status":"closed","sticky":false,"template":"","format":"standard","meta":{"ngg_post_thumbnail":0,"footnotes":""},"categories":[38,3],"tags":[1887,1888,42,498],"class_list":{"0":"post-6937","1":"post","2":"type-post","3":"status-publish","4":"format-standard","5":"has-post-thumbnail","7":"category-esztergom","8":"category-hirek","9":"tag-adomany","10":"tag-alapitvany","11":"tag-esztergom","12":"tag-gyujtes"},"yoast_head":"<!-- This site is optimized with the Yoast SEO plugin v27.4 - https:\/\/yoast.com\/product\/yoast-seo-wordpress\/ -->\n<title>Esztergomi alap\u00edtv\u00e1nynak is gy\u0171jtenek az idei Diplomata V\u00e1s\u00e1ron<\/title>\n<meta name=\"robots\" content=\"index, follow, max-snippet:-1, max-image-preview:large, max-video-preview:-1\" \/>\n<link rel=\"canonical\" href=\"https:\/\/dorogimedence.hu\/index.php\/2017\/11\/22\/esztergomi-alapitvanynak-is-gyujtenek-az-idei-diplomata-vasaron\/\" class=\"yoast-seo-meta-tag\" \/>\n<meta property=\"og:locale\" content=\"hu_HU\" class=\"yoast-seo-meta-tag\" \/>\n<meta property=\"og:type\" content=\"article\" class=\"yoast-seo-meta-tag\" \/>\n<meta property=\"og:title\" content=\"Esztergomi alap\u00edtv\u00e1nynak is gy\u0171jtenek az idei Diplomata V\u00e1s\u00e1ron\" class=\"yoast-seo-meta-tag\" \/>\n<meta property=\"og:description\" content=\"Gyermekalap\u00edtv\u00e1nyoknak \u00e9s k\u00f3rh\u00e1zaknak gy\u0171jt t\u00e1mogat\u00e1st az idei Diplomata V\u00e1s\u00e1r, amelyet november 26-\u00e1n, vas\u00e1rnap rendeznek meg az InterContinental Budapest sz\u00e1ll\u00f3ban &#8211; mondta el a Budapesti Diplomata H\u00e1zast\u00e1rsak (DSB) egyes\u00fclet\u00e9nek eln\u00f6ke, Bridget Lindsay, a brit nagyk\u00f6vet feles\u00e9ge kedden Budapesten. Hozz\u00e1f\u0171zte: a hetedik alkalommal megszervezett v\u00e1s\u00e1ron 45 orsz\u00e1g budapesti nagyk\u00f6vets\u00e9ge fogja k\u00e9pviselteti mag\u00e1t. Az \u00e9rdekl\u0151d\u0151k 20 orsz\u00e1g \u00e9teleit\" class=\"yoast-seo-meta-tag\" \/>\n<meta property=\"og:url\" content=\"https:\/\/dorogimedence.hu\/index.php\/2017\/11\/22\/esztergomi-alapitvanynak-is-gyujtenek-az-idei-diplomata-vasaron\/\" class=\"yoast-seo-meta-tag\" \/>\n<meta property=\"og:site_name\" content=\"Dorogi-medence Region\u00e1lis H\u00edrport\u00e1l\" class=\"yoast-seo-meta-tag\" \/>\n<meta property=\"article:publisher\" content=\"https:\/\/www.facebook.com\/dorogimedence\/\" class=\"yoast-seo-meta-tag\" \/>\n<meta property=\"article:published_time\" content=\"2017-11-22T08:06:51+00:00\" class=\"yoast-seo-meta-tag\" \/>\n<meta property=\"og:image\" content=\"https:\/\/i0.wp.com\/dorogimedence.hu\/wp-content\/uploads\/2017\/11\/gyerekek-01.jpg?fit=670%2C365&ssl=1\" class=\"yoast-seo-meta-tag\" \/>\n\t<meta property=\"og:image:width\" content=\"670\" class=\"yoast-seo-meta-tag\" \/>\n\t<meta property=\"og:image:height\" content=\"365\" class=\"yoast-seo-meta-tag\" \/>\n\t<meta property=\"og:image:type\" content=\"image\/jpeg\" class=\"yoast-seo-meta-tag\" \/>\n<meta name=\"author\" content=\"dorogimedence.hu\" class=\"yoast-seo-meta-tag\" \/>\n<meta name=\"twitter:card\" content=\"summary_large_image\" class=\"yoast-seo-meta-tag\" \/>\n<meta name=\"twitter:label1\" content=\"Szerz\u0151:\" class=\"yoast-seo-meta-tag\" \/>\n\t<meta name=\"twitter:data1\" content=\"dorogimedence.hu\" class=\"yoast-seo-meta-tag\" \/>\n\t<meta name=\"twitter:label2\" content=\"Becs\u00fclt olvas\u00e1si id\u0151\" class=\"yoast-seo-meta-tag\" \/>\n\t<meta name=\"twitter:data2\" content=\"2 perc\" class=\"yoast-seo-meta-tag\" \/>\n<script type=\"application\/ld+json\" class=\"yoast-schema-graph\">{\"@context\":\"https:\\\/\\\/schema.org\",\"@graph\":[{\"@type\":\"Article\",\"@id\":\"https:\\\/\\\/dorogimedence.hu\\\/index.php\\\/2017\\\/11\\\/22\\\/esztergomi-alapitvanynak-is-gyujtenek-az-idei-diplomata-vasaron\\\/#article\",\"isPartOf\":{\"@id\":\"https:\\\/\\\/dorogimedence.hu\\\/index.php\\\/2017\\\/11\\\/22\\\/esztergomi-alapitvanynak-is-gyujtenek-az-idei-diplomata-vasaron\\\/\"},\"author\":{\"name\":\"dorogimedence.hu\",\"@id\":\"https:\\\/\\\/dorogimedence.hu\\\/#\\\/schema\\\/person\\\/ce6091eeb7e95ecdc87890d6aa8e0fd4\"},\"headline\":\"Esztergomi alap\u00edtv\u00e1nynak is gy\u0171jtenek az idei Diplomata V\u00e1s\u00e1ron\",\"datePublished\":\"2017-11-22T08:06:51+00:00\",\"mainEntityOfPage\":{\"@id\":\"https:\\\/\\\/dorogimedence.hu\\\/index.php\\\/2017\\\/11\\\/22\\\/esztergomi-alapitvanynak-is-gyujtenek-az-idei-diplomata-vasaron\\\/\"},\"wordCount\":444,\"publisher\":{\"@id\":\"https:\\\/\\\/dorogimedence.hu\\\/#organization\"},\"image\":{\"@id\":\"https:\\\/\\\/dorogimedence.hu\\\/index.php\\\/2017\\\/11\\\/22\\\/esztergomi-alapitvanynak-is-gyujtenek-az-idei-diplomata-vasaron\\\/#primaryimage\"},\"thumbnailUrl\":\"https:\\\/\\\/dorogimedence.hu\\\/wp-content\\\/uploads\\\/2017\\\/11\\\/gyerekek-01.jpg\",\"keywords\":[\"adom\u00e1ny\",\"alap\u00edtv\u00e1ny\",\"esztergom\",\"gy\u0171jt\u00e9s\"],\"articleSection\":[\"Esztergom\",\"H\u00edrek\"],\"inLanguage\":\"hu\"},{\"@type\":\"WebPage\",\"@id\":\"https:\\\/\\\/dorogimedence.hu\\\/index.php\\\/2017\\\/11\\\/22\\\/esztergomi-alapitvanynak-is-gyujtenek-az-idei-diplomata-vasaron\\\/\",\"url\":\"https:\\\/\\\/dorogimedence.hu\\\/index.php\\\/2017\\\/11\\\/22\\\/esztergomi-alapitvanynak-is-gyujtenek-az-idei-diplomata-vasaron\\\/\",\"name\":\"Esztergomi alap\u00edtv\u00e1nynak is gy\u0171jtenek az idei Diplomata V\u00e1s\u00e1ron\",\"isPartOf\":{\"@id\":\"https:\\\/\\\/dorogimedence.hu\\\/#website\"},\"primaryImageOfPage\":{\"@id\":\"https:\\\/\\\/dorogimedence.hu\\\/index.php\\\/2017\\\/11\\\/22\\\/esztergomi-alapitvanynak-is-gyujtenek-az-idei-diplomata-vasaron\\\/#primaryimage\"},\"image\":{\"@id\":\"https:\\\/\\\/dorogimedence.hu\\\/index.php\\\/2017\\\/11\\\/22\\\/esztergomi-alapitvanynak-is-gyujtenek-az-idei-diplomata-vasaron\\\/#primaryimage\"},\"thumbnailUrl\":\"https:\\\/\\\/dorogimedence.hu\\\/wp-content\\\/uploads\\\/2017\\\/11\\\/gyerekek-01.jpg\",\"datePublished\":\"2017-11-22T08:06:51+00:00\",\"breadcrumb\":{\"@id\":\"https:\\\/\\\/dorogimedence.hu\\\/index.php\\\/2017\\\/11\\\/22\\\/esztergomi-alapitvanynak-is-gyujtenek-az-idei-diplomata-vasaron\\\/#breadcrumb\"},\"inLanguage\":\"hu\",\"potentialAction\":[{\"@type\":\"ReadAction\",\"target\":[\"https:\\\/\\\/dorogimedence.hu\\\/index.php\\\/2017\\\/11\\\/22\\\/esztergomi-alapitvanynak-is-gyujtenek-az-idei-diplomata-vasaron\\\/\"]}]},{\"@type\":\"ImageObject\",\"inLanguage\":\"hu\",\"@id\":\"https:\\\/\\\/dorogimedence.hu\\\/index.php\\\/2017\\\/11\\\/22\\\/esztergomi-alapitvanynak-is-gyujtenek-az-idei-diplomata-vasaron\\\/#primaryimage\",\"url\":\"https:\\\/\\\/dorogimedence.hu\\\/wp-content\\\/uploads\\\/2017\\\/11\\\/gyerekek-01.jpg\",\"contentUrl\":\"https:\\\/\\\/dorogimedence.hu\\\/wp-content\\\/uploads\\\/2017\\\/11\\\/gyerekek-01.jpg\",\"width\":670,\"height\":365},{\"@type\":\"BreadcrumbList\",\"@id\":\"https:\\\/\\\/dorogimedence.hu\\\/index.php\\\/2017\\\/11\\\/22\\\/esztergomi-alapitvanynak-is-gyujtenek-az-idei-diplomata-vasaron\\\/#breadcrumb\",\"itemListElement\":[{\"@type\":\"ListItem\",\"position\":1,\"name\":\"Kezd\u0151lap\",\"item\":\"https:\\\/\\\/dorogimedence.hu\\\/\"},{\"@type\":\"ListItem\",\"position\":2,\"name\":\"Esztergomi alap\u00edtv\u00e1nynak is gy\u0171jtenek az idei Diplomata V\u00e1s\u00e1ron\"}]},{\"@type\":\"WebSite\",\"@id\":\"https:\\\/\\\/dorogimedence.hu\\\/#website\",\"url\":\"https:\\\/\\\/dorogimedence.hu\\\/\",\"name\":\"Dorogi-medence Region\u00e1lis H\u00edrport\u00e1l\",\"description\":\"Dorog, Keszt\u00f6lc, Le\u00e1nyv\u00e1r, Piliscs\u00e9v, Tokod, Tokodalt\u00e1r\u00f3, Csolnok, Esztergom-kertv\u00e1ros: h\u00edrek, programok\",\"publisher\":{\"@id\":\"https:\\\/\\\/dorogimedence.hu\\\/#organization\"},\"potentialAction\":[{\"@type\":\"SearchAction\",\"target\":{\"@type\":\"EntryPoint\",\"urlTemplate\":\"https:\\\/\\\/dorogimedence.hu\\\/?s={search_term_string}\"},\"query-input\":{\"@type\":\"PropertyValueSpecification\",\"valueRequired\":true,\"valueName\":\"search_term_string\"}}],\"inLanguage\":\"hu\"},{\"@type\":\"Organization\",\"@id\":\"https:\\\/\\\/dorogimedence.hu\\\/#organization\",\"name\":\"Dorogi-medence Region\u00e1lis H\u00edrport\u00e1l\",\"url\":\"https:\\\/\\\/dorogimedence.hu\\\/\",\"logo\":{\"@type\":\"ImageObject\",\"inLanguage\":\"hu\",\"@id\":\"https:\\\/\\\/dorogimedence.hu\\\/#\\\/schema\\\/logo\\\/image\\\/\",\"url\":\"https:\\\/\\\/dorogimedence.hu\\\/wp-content\\\/uploads\\\/2021\\\/04\\\/logo-feher-600.png\",\"contentUrl\":\"https:\\\/\\\/dorogimedence.hu\\\/wp-content\\\/uploads\\\/2021\\\/04\\\/logo-feher-600.png\",\"width\":600,\"height\":100,\"caption\":\"Dorogi-medence Region\u00e1lis H\u00edrport\u00e1l\"},\"image\":{\"@id\":\"https:\\\/\\\/dorogimedence.hu\\\/#\\\/schema\\\/logo\\\/image\\\/\"},\"sameAs\":[\"https:\\\/\\\/www.facebook.com\\\/dorogimedence\\\/\"]},{\"@type\":\"Person\",\"@id\":\"https:\\\/\\\/dorogimedence.hu\\\/#\\\/schema\\\/person\\\/ce6091eeb7e95ecdc87890d6aa8e0fd4\",\"name\":\"dorogimedence.hu\",\"image\":{\"@type\":\"ImageObject\",\"inLanguage\":\"hu\",\"@id\":\"\\\/\\\/www.gravatar.com\\\/avatar\\\/d8d45f8901aadff40a4af72c0b826f1d?s=96&#038;r=g&#038;d=mm\",\"url\":\"\\\/\\\/www.gravatar.com\\\/avatar\\\/d8d45f8901aadff40a4af72c0b826f1d?s=96&#038;r=g&#038;d=mm\",\"contentUrl\":\"\\\/\\\/www.gravatar.com\\\/avatar\\\/d8d45f8901aadff40a4af72c0b826f1d?s=96&#038;r=g&#038;d=mm\",\"caption\":\"dorogimedence.hu\"}}]}<\/script>\n<!-- \/ Yoast SEO plugin. -->","yoast_head_json":{"title":"Esztergomi alap\u00edtv\u00e1nynak is gy\u0171jtenek az idei Diplomata V\u00e1s\u00e1ron","robots":{"index":"index","follow":"follow","max-snippet":"max-snippet:-1","max-image-preview":"max-image-preview:large","max-video-preview":"max-video-preview:-1"},"canonical":"https:\/\/dorogimedence.hu\/index.php\/2017\/11\/22\/esztergomi-alapitvanynak-is-gyujtenek-az-idei-diplomata-vasaron\/","og_locale":"hu_HU","og_type":"article","og_title":"Esztergomi alap\u00edtv\u00e1nynak is gy\u0171jtenek az idei Diplomata V\u00e1s\u00e1ron","og_description":"Gyermekalap\u00edtv\u00e1nyoknak \u00e9s k\u00f3rh\u00e1zaknak gy\u0171jt t\u00e1mogat\u00e1st az idei Diplomata V\u00e1s\u00e1r, amelyet november 26-\u00e1n, vas\u00e1rnap rendeznek meg az InterContinental Budapest sz\u00e1ll\u00f3ban &#8211; mondta el a Budapesti Diplomata H\u00e1zast\u00e1rsak (DSB) egyes\u00fclet\u00e9nek eln\u00f6ke, Bridget Lindsay, a brit nagyk\u00f6vet feles\u00e9ge kedden Budapesten. Hozz\u00e1f\u0171zte: a hetedik alkalommal megszervezett v\u00e1s\u00e1ron 45 orsz\u00e1g budapesti nagyk\u00f6vets\u00e9ge fogja k\u00e9pviselteti mag\u00e1t. Az \u00e9rdekl\u0151d\u0151k 20 orsz\u00e1g \u00e9teleit","og_url":"https:\/\/dorogimedence.hu\/index.php\/2017\/11\/22\/esztergomi-alapitvanynak-is-gyujtenek-az-idei-diplomata-vasaron\/","og_site_name":"Dorogi-medence Region\u00e1lis H\u00edrport\u00e1l","article_publisher":"https:\/\/www.facebook.com\/dorogimedence\/","article_published_time":"2017-11-22T08:06:51+00:00","og_image":[{"width":670,"height":365,"url":"https:\/\/i0.wp.com\/dorogimedence.hu\/wp-content\/uploads\/2017\/11\/gyerekek-01.jpg?fit=670%2C365&ssl=1","type":"image\/jpeg"}],"author":"dorogimedence.hu","twitter_card":"summary_large_image","twitter_misc":{"Szerz\u0151:":"dorogimedence.hu","Becs\u00fclt olvas\u00e1si id\u0151":"2 perc"},"schema":{"@context":"https:\/\/schema.org","@graph":[{"@type":"Article","@id":"https:\/\/dorogimedence.hu\/index.php\/2017\/11\/22\/esztergomi-alapitvanynak-is-gyujtenek-az-idei-diplomata-vasaron\/#article","isPartOf":{"@id":"https:\/\/dorogimedence.hu\/index.php\/2017\/11\/22\/esztergomi-alapitvanynak-is-gyujtenek-az-idei-diplomata-vasaron\/"},"author":{"name":"dorogimedence.hu","@id":"https:\/\/dorogimedence.hu\/#\/schema\/person\/ce6091eeb7e95ecdc87890d6aa8e0fd4"},"headline":"Esztergomi alap\u00edtv\u00e1nynak is gy\u0171jtenek az idei Diplomata V\u00e1s\u00e1ron","datePublished":"2017-11-22T08:06:51+00:00","mainEntityOfPage":{"@id":"https:\/\/dorogimedence.hu\/index.php\/2017\/11\/22\/esztergomi-alapitvanynak-is-gyujtenek-az-idei-diplomata-vasaron\/"},"wordCount":444,"publisher":{"@id":"https:\/\/dorogimedence.hu\/#organization"},"image":{"@id":"https:\/\/dorogimedence.hu\/index.php\/2017\/11\/22\/esztergomi-alapitvanynak-is-gyujtenek-az-idei-diplomata-vasaron\/#primaryimage"},"thumbnailUrl":"https:\/\/dorogimedence.hu\/wp-content\/uploads\/2017\/11\/gyerekek-01.jpg","keywords":["adom\u00e1ny","alap\u00edtv\u00e1ny","esztergom","gy\u0171jt\u00e9s"],"articleSection":["Esztergom","H\u00edrek"],"inLanguage":"hu"},{"@type":"WebPage","@id":"https:\/\/dorogimedence.hu\/index.php\/2017\/11\/22\/esztergomi-alapitvanynak-is-gyujtenek-az-idei-diplomata-vasaron\/","url":"https:\/\/dorogimedence.hu\/index.php\/2017\/11\/22\/esztergomi-alapitvanynak-is-gyujtenek-az-idei-diplomata-vasaron\/","name":"Esztergomi alap\u00edtv\u00e1nynak is gy\u0171jtenek az idei Diplomata V\u00e1s\u00e1ron","isPartOf":{"@id":"https:\/\/dorogimedence.hu\/#website"},"primaryImageOfPage":{"@id":"https:\/\/dorogimedence.hu\/index.php\/2017\/11\/22\/esztergomi-alapitvanynak-is-gyujtenek-az-idei-diplomata-vasaron\/#primaryimage"},"image":{"@id":"https:\/\/dorogimedence.hu\/index.php\/2017\/11\/22\/esztergomi-alapitvanynak-is-gyujtenek-az-idei-diplomata-vasaron\/#primaryimage"},"thumbnailUrl":"https:\/\/dorogimedence.hu\/wp-content\/uploads\/2017\/11\/gyerekek-01.jpg","datePublished":"2017-11-22T08:06:51+00:00","breadcrumb":{"@id":"https:\/\/dorogimedence.hu\/index.php\/2017\/11\/22\/esztergomi-alapitvanynak-is-gyujtenek-az-idei-diplomata-vasaron\/#breadcrumb"},"inLanguage":"hu","potentialAction":[{"@type":"ReadAction","target":["https:\/\/dorogimedence.hu\/index.php\/2017\/11\/22\/esztergomi-alapitvanynak-is-gyujtenek-az-idei-diplomata-vasaron\/"]}]},{"@type":"ImageObject","inLanguage":"hu","@id":"https:\/\/dorogimedence.hu\/index.php\/2017\/11\/22\/esztergomi-alapitvanynak-is-gyujtenek-az-idei-diplomata-vasaron\/#primaryimage","url":"https:\/\/dorogimedence.hu\/wp-content\/uploads\/2017\/11\/gyerekek-01.jpg","contentUrl":"https:\/\/dorogimedence.hu\/wp-content\/uploads\/2017\/11\/gyerekek-01.jpg","width":670,"height":365},{"@type":"BreadcrumbList","@id":"https:\/\/dorogimedence.hu\/index.php\/2017\/11\/22\/esztergomi-alapitvanynak-is-gyujtenek-az-idei-diplomata-vasaron\/#breadcrumb","itemListElement":[{"@type":"ListItem","position":1,"name":"Kezd\u0151lap","item":"https:\/\/dorogimedence.hu\/"},{"@type":"ListItem","position":2,"name":"Esztergomi alap\u00edtv\u00e1nynak is gy\u0171jtenek az idei Diplomata V\u00e1s\u00e1ron"}]},{"@type":"WebSite","@id":"https:\/\/dorogimedence.hu\/#website","url":"https:\/\/dorogimedence.hu\/","name":"Dorogi-medence Region\u00e1lis H\u00edrport\u00e1l","description":"Dorog, Keszt\u00f6lc, Le\u00e1nyv\u00e1r, Piliscs\u00e9v, Tokod, Tokodalt\u00e1r\u00f3, Csolnok, Esztergom-kertv\u00e1ros: h\u00edrek, programok","publisher":{"@id":"https:\/\/dorogimedence.hu\/#organization"},"potentialAction":[{"@type":"SearchAction","target":{"@type":"EntryPoint","urlTemplate":"https:\/\/dorogimedence.hu\/?s={search_term_string}"},"query-input":{"@type":"PropertyValueSpecification","valueRequired":true,"valueName":"search_term_string"}}],"inLanguage":"hu"},{"@type":"Organization","@id":"https:\/\/dorogimedence.hu\/#organization","name":"Dorogi-medence Region\u00e1lis H\u00edrport\u00e1l","url":"https:\/\/dorogimedence.hu\/","logo":{"@type":"ImageObject","inLanguage":"hu","@id":"https:\/\/dorogimedence.hu\/#\/schema\/logo\/image\/","url":"https:\/\/dorogimedence.hu\/wp-content\/uploads\/2021\/04\/logo-feher-600.png","contentUrl":"https:\/\/dorogimedence.hu\/wp-content\/uploads\/2021\/04\/logo-feher-600.png","width":600,"height":100,"caption":"Dorogi-medence Region\u00e1lis H\u00edrport\u00e1l"},"image":{"@id":"https:\/\/dorogimedence.hu\/#\/schema\/logo\/image\/"},"sameAs":["https:\/\/www.facebook.com\/dorogimedence\/"]},{"@type":"Person","@id":"https:\/\/dorogimedence.hu\/#\/schema\/person\/ce6091eeb7e95ecdc87890d6aa8e0fd4","name":"dorogimedence.hu","image":{"@type":"ImageObject","inLanguage":"hu","@id":"\/\/www.gravatar.com\/avatar\/d8d45f8901aadff40a4af72c0b826f1d?s=96&#038;r=g&#038;d=mm","url":"\/\/www.gravatar.com\/avatar\/d8d45f8901aadff40a4af72c0b826f1d?s=96&#038;r=g&#038;d=mm","contentUrl":"\/\/www.gravatar.com\/avatar\/d8d45f8901aadff40a4af72c0b826f1d?s=96&#038;r=g&#038;d=mm","caption":"dorogimedence.hu"}}]}},"_links":{"self":[{"href":"https:\/\/dorogimedence.hu\/index.php\/wp-json\/wp\/v2\/posts\/6937","targetHints":{"allow":["GET"]}}],"collection":[{"href":"https:\/\/dorogimedence.hu\/index.php\/wp-json\/wp\/v2\/posts"}],"about":[{"href":"https:\/\/dorogimedence.hu\/index.php\/wp-json\/wp\/v2\/types\/post"}],"author":[{"embeddable":true,"href":"https:\/\/dorogimedence.hu\/index.php\/wp-json\/wp\/v2\/users\/1"}],"replies":[{"embeddable":true,"href":"https:\/\/dorogimedence.hu\/index.php\/wp-json\/wp\/v2\/comments?post=6937"}],"version-history":[{"count":0,"href":"https:\/\/dorogimedence.hu\/index.php\/wp-json\/wp\/v2\/posts\/6937\/revisions"}],"wp:featuredmedia":[{"embeddable":true,"href":"https:\/\/dorogimedence.hu\/index.php\/wp-json\/wp\/v2\/media\/6938"}],"wp:attachment":[{"href":"https:\/\/dorogimedence.hu\/index.php\/wp-json\/wp\/v2\/media?parent=6937"}],"wp:term":[{"taxonomy":"category","embeddable":true,"href":"https:\/\/dorogimedence.hu\/index.php\/wp-json\/wp\/v2\/categories?post=6937"},{"taxonomy":"post_tag","embeddable":true,"href":"https:\/\/dorogimedence.hu\/index.php\/wp-json\/wp\/v2\/tags?post=6937"}],"curies":[{"name":"wp","href":"https:\/\/api.w.org\/{rel}","templated":true}]}}