{"id":69366,"date":"2025-03-07T12:04:18","date_gmt":"2025-03-07T11:04:18","guid":{"rendered":"https:\/\/dorogimedence.hu\/?p=69366"},"modified":"2025-03-07T12:04:18","modified_gmt":"2025-03-07T11:04:18","slug":"dontobe-jutott-az-esztergomi-sportolo-a-kick-box-vilagkupan","status":"publish","type":"post","link":"https:\/\/dorogimedence.hu\/index.php\/2025\/03\/07\/dontobe-jutott-az-esztergomi-sportolo-a-kick-box-vilagkupan\/","title":{"rendered":"D\u00f6nt\u0151be jutott az esztergomi sportol\u00f3 a kick-box vil\u00e1gkup\u00e1n"},"content":{"rendered":"<p><strong>M\u00e1rcius 5. \u00e9s 9. k\u00f6z\u00f6tt rendezik a Wako World Cup &#8211; Italian Kickboxing World Cup-ot az olaszorsz\u00e1gi Jesoloban.<\/strong><\/p>\n<p>A kick-box vil\u00e1gkup\u00e1n, m\u00e1rcius 6-\u00e1n, cs\u00fct\u00f6rt\u00f6k\u00f6n az Esztergomi Kick-Box SE csapata sikeresen m\u00e9rlegelt. A k\u00fczdelmek m\u00e1r kora d\u00e9lut\u00e1n elkezd\u0151dtek a ringben. Szach\u00e1n Boliv\u00e1r Full-contactban magabiztosan legy\u0151zte kazah ellenfel\u00e9t \u00e9s a d\u00f6nt\u0151be jutott, ahol ma egy m\u00e1sik kazah versenyz\u0151 ellen l\u00e9p szor\u00edt\u00f3ba.<\/p>\n<p>T\u00f3th Anna egy litv\u00e1n ellenf\u00e9l ellen l\u00e9pett k\u00f6telek k\u00f6z\u00e9 full-contactban! Sajnos most Anna egy soros meccsen 1-2 ponttal alul maradt ellenfel\u00e9vel szemben, \u00edgy nem jutott a legjobb 4 k\u00f6z\u00e9!<\/p>\n<p><img fetchpriority=\"high\" decoding=\"async\" class=\"alignnone size-full wp-image-69368\" src=\"https:\/\/dorogimedence.hu\/wp-content\/uploads\/2025\/03\/482301566_1214156586943338_951553664882658290_n.jpg\" alt=\"\" width=\"2048\" height=\"1536\" srcset=\"https:\/\/dorogimedence.hu\/wp-content\/uploads\/2025\/03\/482301566_1214156586943338_951553664882658290_n.jpg 2048w, https:\/\/dorogimedence.hu\/wp-content\/uploads\/2025\/03\/482301566_1214156586943338_951553664882658290_n-600x450.jpg 600w, https:\/\/dorogimedence.hu\/wp-content\/uploads\/2025\/03\/482301566_1214156586943338_951553664882658290_n-1920x1440.jpg 1920w, https:\/\/dorogimedence.hu\/wp-content\/uploads\/2025\/03\/482301566_1214156586943338_951553664882658290_n-768x576.jpg 768w, https:\/\/dorogimedence.hu\/wp-content\/uploads\/2025\/03\/482301566_1214156586943338_951553664882658290_n-1536x1152.jpg 1536w, https:\/\/dorogimedence.hu\/wp-content\/uploads\/2025\/03\/482301566_1214156586943338_951553664882658290_n-150x113.jpg 150w, https:\/\/dorogimedence.hu\/wp-content\/uploads\/2025\/03\/482301566_1214156586943338_951553664882658290_n-450x338.jpg 450w, https:\/\/dorogimedence.hu\/wp-content\/uploads\/2025\/03\/482301566_1214156586943338_951553664882658290_n-1200x900.jpg 1200w\" sizes=\"(max-width: 2048px) 100vw, 2048px\" \/><\/p>\n<p><em>Fot\u00f3k, forr\u00e1s: Esztergomi Kick-Box SE<\/em><\/p>\n","protected":false},"excerpt":{"rendered":"<p>M\u00e1rcius 5. \u00e9s 9. k\u00f6z\u00f6tt rendezik a Wako World Cup &#8211; Italian Kickboxing World Cup-ot az olaszorsz\u00e1gi Jesoloban. A kick-box vil\u00e1gkup\u00e1n, m\u00e1rcius 6-\u00e1n, cs\u00fct\u00f6rt\u00f6k\u00f6n az Esztergomi Kick-Box SE csapata sikeresen m\u00e9rlegelt. A k\u00fczdelmek m\u00e1r kora d\u00e9lut\u00e1n elkezd\u0151dtek a ringben. Szach\u00e1n Boliv\u00e1r Full-contactban magabiztosan legy\u0151zte kazah ellenfel\u00e9t \u00e9s a d\u00f6nt\u0151be jutott, ahol ma egy m\u00e1sik kazah<\/p>\n","protected":false},"author":1,"featured_media":69367,"comment_status":"closed","ping_status":"closed","sticky":false,"template":"","format":"standard","meta":{"ngg_post_thumbnail":0,"footnotes":""},"categories":[38,3,5],"tags":[42,6798,8276,16],"class_list":{"0":"post-69366","1":"post","2":"type-post","3":"status-publish","4":"format-standard","5":"has-post-thumbnail","7":"category-esztergom","8":"category-hirek","9":"category-sport","10":"tag-esztergom","11":"tag-esztergomi-kick-box-se","12":"tag-kickbox","13":"tag-sport"},"yoast_head":"<!-- This site is optimized with the Yoast SEO plugin v27.5 - https:\/\/yoast.com\/product\/yoast-seo-wordpress\/ -->\n<title>D\u00f6nt\u0151be jutott az esztergomi sportol\u00f3 a kick-box vil\u00e1gkup\u00e1n<\/title>\n<meta name=\"robots\" content=\"index, follow, max-snippet:-1, max-image-preview:large, max-video-preview:-1\" \/>\n<link rel=\"canonical\" href=\"https:\/\/dorogimedence.hu\/index.php\/2025\/03\/07\/dontobe-jutott-az-esztergomi-sportolo-a-kick-box-vilagkupan\/\" class=\"yoast-seo-meta-tag\" \/>\n<meta property=\"og:locale\" content=\"hu_HU\" class=\"yoast-seo-meta-tag\" \/>\n<meta property=\"og:type\" content=\"article\" class=\"yoast-seo-meta-tag\" \/>\n<meta property=\"og:title\" content=\"D\u00f6nt\u0151be jutott az esztergomi sportol\u00f3 a kick-box vil\u00e1gkup\u00e1n\" class=\"yoast-seo-meta-tag\" \/>\n<meta property=\"og:description\" content=\"M\u00e1rcius 5. \u00e9s 9. k\u00f6z\u00f6tt rendezik a Wako World Cup &#8211; Italian Kickboxing World Cup-ot az olaszorsz\u00e1gi Jesoloban. A kick-box vil\u00e1gkup\u00e1n, m\u00e1rcius 6-\u00e1n, cs\u00fct\u00f6rt\u00f6k\u00f6n az Esztergomi Kick-Box SE csapata sikeresen m\u00e9rlegelt. A k\u00fczdelmek m\u00e1r kora d\u00e9lut\u00e1n elkezd\u0151dtek a ringben. Szach\u00e1n Boliv\u00e1r Full-contactban magabiztosan legy\u0151zte kazah ellenfel\u00e9t \u00e9s a d\u00f6nt\u0151be jutott, ahol ma egy m\u00e1sik kazah\" class=\"yoast-seo-meta-tag\" \/>\n<meta property=\"og:url\" content=\"https:\/\/dorogimedence.hu\/index.php\/2025\/03\/07\/dontobe-jutott-az-esztergomi-sportolo-a-kick-box-vilagkupan\/\" class=\"yoast-seo-meta-tag\" \/>\n<meta property=\"og:site_name\" content=\"Dorogi-medence Region\u00e1lis H\u00edrport\u00e1l\" class=\"yoast-seo-meta-tag\" \/>\n<meta property=\"article:publisher\" content=\"https:\/\/www.facebook.com\/dorogimedence\/\" class=\"yoast-seo-meta-tag\" \/>\n<meta property=\"article:published_time\" content=\"2025-03-07T11:04:18+00:00\" class=\"yoast-seo-meta-tag\" \/>\n<meta property=\"og:image\" content=\"https:\/\/dorogimedence.hu\/wp-content\/uploads\/2025\/03\/481923598_1214156630276667_5456510425277741990_n.jpg\" class=\"yoast-seo-meta-tag\" \/>\n\t<meta property=\"og:image:width\" content=\"2048\" class=\"yoast-seo-meta-tag\" \/>\n\t<meta property=\"og:image:height\" content=\"1536\" class=\"yoast-seo-meta-tag\" \/>\n\t<meta property=\"og:image:type\" content=\"image\/jpeg\" class=\"yoast-seo-meta-tag\" \/>\n<meta name=\"author\" content=\"dorogimedence.hu\" class=\"yoast-seo-meta-tag\" \/>\n<meta name=\"twitter:card\" content=\"summary_large_image\" class=\"yoast-seo-meta-tag\" \/>\n<meta name=\"twitter:label1\" content=\"Szerz\u0151:\" class=\"yoast-seo-meta-tag\" \/>\n\t<meta name=\"twitter:data1\" content=\"dorogimedence.hu\" class=\"yoast-seo-meta-tag\" \/>\n\t<meta name=\"twitter:label2\" content=\"Becs\u00fclt olvas\u00e1si id\u0151\" class=\"yoast-seo-meta-tag\" \/>\n\t<meta name=\"twitter:data2\" content=\"1 perc\" class=\"yoast-seo-meta-tag\" \/>\n<script type=\"application\/ld+json\" class=\"yoast-schema-graph\">{\"@context\":\"https:\\\/\\\/schema.org\",\"@graph\":[{\"@type\":\"Article\",\"@id\":\"https:\\\/\\\/dorogimedence.hu\\\/index.php\\\/2025\\\/03\\\/07\\\/dontobe-jutott-az-esztergomi-sportolo-a-kick-box-vilagkupan\\\/#article\",\"isPartOf\":{\"@id\":\"https:\\\/\\\/dorogimedence.hu\\\/index.php\\\/2025\\\/03\\\/07\\\/dontobe-jutott-az-esztergomi-sportolo-a-kick-box-vilagkupan\\\/\"},\"author\":{\"name\":\"dorogimedence.hu\",\"@id\":\"https:\\\/\\\/dorogimedence.hu\\\/#\\\/schema\\\/person\\\/ce6091eeb7e95ecdc87890d6aa8e0fd4\"},\"headline\":\"D\u00f6nt\u0151be jutott az esztergomi sportol\u00f3 a kick-box vil\u00e1gkup\u00e1n\",\"datePublished\":\"2025-03-07T11:04:18+00:00\",\"mainEntityOfPage\":{\"@id\":\"https:\\\/\\\/dorogimedence.hu\\\/index.php\\\/2025\\\/03\\\/07\\\/dontobe-jutott-az-esztergomi-sportolo-a-kick-box-vilagkupan\\\/\"},\"wordCount\":140,\"publisher\":{\"@id\":\"https:\\\/\\\/dorogimedence.hu\\\/#organization\"},\"image\":{\"@id\":\"https:\\\/\\\/dorogimedence.hu\\\/index.php\\\/2025\\\/03\\\/07\\\/dontobe-jutott-az-esztergomi-sportolo-a-kick-box-vilagkupan\\\/#primaryimage\"},\"thumbnailUrl\":\"https:\\\/\\\/dorogimedence.hu\\\/wp-content\\\/uploads\\\/2025\\\/03\\\/481923598_1214156630276667_5456510425277741990_n.jpg\",\"keywords\":[\"esztergom\",\"Esztergomi Kick-Box SE\",\"kickbox\",\"sport\"],\"articleSection\":[\"Esztergom\",\"H\u00edrek\",\"Sport\"],\"inLanguage\":\"hu\"},{\"@type\":\"WebPage\",\"@id\":\"https:\\\/\\\/dorogimedence.hu\\\/index.php\\\/2025\\\/03\\\/07\\\/dontobe-jutott-az-esztergomi-sportolo-a-kick-box-vilagkupan\\\/\",\"url\":\"https:\\\/\\\/dorogimedence.hu\\\/index.php\\\/2025\\\/03\\\/07\\\/dontobe-jutott-az-esztergomi-sportolo-a-kick-box-vilagkupan\\\/\",\"name\":\"D\u00f6nt\u0151be jutott az esztergomi sportol\u00f3 a kick-box vil\u00e1gkup\u00e1n\",\"isPartOf\":{\"@id\":\"https:\\\/\\\/dorogimedence.hu\\\/#website\"},\"primaryImageOfPage\":{\"@id\":\"https:\\\/\\\/dorogimedence.hu\\\/index.php\\\/2025\\\/03\\\/07\\\/dontobe-jutott-az-esztergomi-sportolo-a-kick-box-vilagkupan\\\/#primaryimage\"},\"image\":{\"@id\":\"https:\\\/\\\/dorogimedence.hu\\\/index.php\\\/2025\\\/03\\\/07\\\/dontobe-jutott-az-esztergomi-sportolo-a-kick-box-vilagkupan\\\/#primaryimage\"},\"thumbnailUrl\":\"https:\\\/\\\/dorogimedence.hu\\\/wp-content\\\/uploads\\\/2025\\\/03\\\/481923598_1214156630276667_5456510425277741990_n.jpg\",\"datePublished\":\"2025-03-07T11:04:18+00:00\",\"breadcrumb\":{\"@id\":\"https:\\\/\\\/dorogimedence.hu\\\/index.php\\\/2025\\\/03\\\/07\\\/dontobe-jutott-az-esztergomi-sportolo-a-kick-box-vilagkupan\\\/#breadcrumb\"},\"inLanguage\":\"hu\",\"potentialAction\":[{\"@type\":\"ReadAction\",\"target\":[\"https:\\\/\\\/dorogimedence.hu\\\/index.php\\\/2025\\\/03\\\/07\\\/dontobe-jutott-az-esztergomi-sportolo-a-kick-box-vilagkupan\\\/\"]}]},{\"@type\":\"ImageObject\",\"inLanguage\":\"hu\",\"@id\":\"https:\\\/\\\/dorogimedence.hu\\\/index.php\\\/2025\\\/03\\\/07\\\/dontobe-jutott-az-esztergomi-sportolo-a-kick-box-vilagkupan\\\/#primaryimage\",\"url\":\"https:\\\/\\\/dorogimedence.hu\\\/wp-content\\\/uploads\\\/2025\\\/03\\\/481923598_1214156630276667_5456510425277741990_n.jpg\",\"contentUrl\":\"https:\\\/\\\/dorogimedence.hu\\\/wp-content\\\/uploads\\\/2025\\\/03\\\/481923598_1214156630276667_5456510425277741990_n.jpg\",\"width\":2048,\"height\":1536},{\"@type\":\"BreadcrumbList\",\"@id\":\"https:\\\/\\\/dorogimedence.hu\\\/index.php\\\/2025\\\/03\\\/07\\\/dontobe-jutott-az-esztergomi-sportolo-a-kick-box-vilagkupan\\\/#breadcrumb\",\"itemListElement\":[{\"@type\":\"ListItem\",\"position\":1,\"name\":\"Kezd\u0151lap\",\"item\":\"https:\\\/\\\/dorogimedence.hu\\\/\"},{\"@type\":\"ListItem\",\"position\":2,\"name\":\"D\u00f6nt\u0151be jutott az esztergomi sportol\u00f3 a kick-box vil\u00e1gkup\u00e1n\"}]},{\"@type\":\"WebSite\",\"@id\":\"https:\\\/\\\/dorogimedence.hu\\\/#website\",\"url\":\"https:\\\/\\\/dorogimedence.hu\\\/\",\"name\":\"Dorogi-medence Region\u00e1lis H\u00edrport\u00e1l\",\"description\":\"Dorog, Keszt\u00f6lc, Le\u00e1nyv\u00e1r, Piliscs\u00e9v, Tokod, Tokodalt\u00e1r\u00f3, Csolnok, Esztergom-kertv\u00e1ros: h\u00edrek, programok\",\"publisher\":{\"@id\":\"https:\\\/\\\/dorogimedence.hu\\\/#organization\"},\"potentialAction\":[{\"@type\":\"SearchAction\",\"target\":{\"@type\":\"EntryPoint\",\"urlTemplate\":\"https:\\\/\\\/dorogimedence.hu\\\/?s={search_term_string}\"},\"query-input\":{\"@type\":\"PropertyValueSpecification\",\"valueRequired\":true,\"valueName\":\"search_term_string\"}}],\"inLanguage\":\"hu\"},{\"@type\":\"Organization\",\"@id\":\"https:\\\/\\\/dorogimedence.hu\\\/#organization\",\"name\":\"Dorogi-medence Region\u00e1lis H\u00edrport\u00e1l\",\"url\":\"https:\\\/\\\/dorogimedence.hu\\\/\",\"logo\":{\"@type\":\"ImageObject\",\"inLanguage\":\"hu\",\"@id\":\"https:\\\/\\\/dorogimedence.hu\\\/#\\\/schema\\\/logo\\\/image\\\/\",\"url\":\"https:\\\/\\\/dorogimedence.hu\\\/wp-content\\\/uploads\\\/2021\\\/04\\\/logo-feher-600.png\",\"contentUrl\":\"https:\\\/\\\/dorogimedence.hu\\\/wp-content\\\/uploads\\\/2021\\\/04\\\/logo-feher-600.png\",\"width\":600,\"height\":100,\"caption\":\"Dorogi-medence Region\u00e1lis H\u00edrport\u00e1l\"},\"image\":{\"@id\":\"https:\\\/\\\/dorogimedence.hu\\\/#\\\/schema\\\/logo\\\/image\\\/\"},\"sameAs\":[\"https:\\\/\\\/www.facebook.com\\\/dorogimedence\\\/\"]},{\"@type\":\"Person\",\"@id\":\"https:\\\/\\\/dorogimedence.hu\\\/#\\\/schema\\\/person\\\/ce6091eeb7e95ecdc87890d6aa8e0fd4\",\"name\":\"dorogimedence.hu\",\"image\":{\"@type\":\"ImageObject\",\"inLanguage\":\"hu\",\"@id\":\"\\\/\\\/www.gravatar.com\\\/avatar\\\/d8d45f8901aadff40a4af72c0b826f1d?s=96&#038;r=g&#038;d=mm\",\"url\":\"\\\/\\\/www.gravatar.com\\\/avatar\\\/d8d45f8901aadff40a4af72c0b826f1d?s=96&#038;r=g&#038;d=mm\",\"contentUrl\":\"\\\/\\\/www.gravatar.com\\\/avatar\\\/d8d45f8901aadff40a4af72c0b826f1d?s=96&#038;r=g&#038;d=mm\",\"caption\":\"dorogimedence.hu\"}}]}<\/script>\n<!-- \/ Yoast SEO plugin. -->","yoast_head_json":{"title":"D\u00f6nt\u0151be jutott az esztergomi sportol\u00f3 a kick-box vil\u00e1gkup\u00e1n","robots":{"index":"index","follow":"follow","max-snippet":"max-snippet:-1","max-image-preview":"max-image-preview:large","max-video-preview":"max-video-preview:-1"},"canonical":"https:\/\/dorogimedence.hu\/index.php\/2025\/03\/07\/dontobe-jutott-az-esztergomi-sportolo-a-kick-box-vilagkupan\/","og_locale":"hu_HU","og_type":"article","og_title":"D\u00f6nt\u0151be jutott az esztergomi sportol\u00f3 a kick-box vil\u00e1gkup\u00e1n","og_description":"M\u00e1rcius 5. \u00e9s 9. k\u00f6z\u00f6tt rendezik a Wako World Cup &#8211; Italian Kickboxing World Cup-ot az olaszorsz\u00e1gi Jesoloban. A kick-box vil\u00e1gkup\u00e1n, m\u00e1rcius 6-\u00e1n, cs\u00fct\u00f6rt\u00f6k\u00f6n az Esztergomi Kick-Box SE csapata sikeresen m\u00e9rlegelt. A k\u00fczdelmek m\u00e1r kora d\u00e9lut\u00e1n elkezd\u0151dtek a ringben. Szach\u00e1n Boliv\u00e1r Full-contactban magabiztosan legy\u0151zte kazah ellenfel\u00e9t \u00e9s a d\u00f6nt\u0151be jutott, ahol ma egy m\u00e1sik kazah","og_url":"https:\/\/dorogimedence.hu\/index.php\/2025\/03\/07\/dontobe-jutott-az-esztergomi-sportolo-a-kick-box-vilagkupan\/","og_site_name":"Dorogi-medence Region\u00e1lis H\u00edrport\u00e1l","article_publisher":"https:\/\/www.facebook.com\/dorogimedence\/","article_published_time":"2025-03-07T11:04:18+00:00","og_image":[{"width":2048,"height":1536,"url":"https:\/\/dorogimedence.hu\/wp-content\/uploads\/2025\/03\/481923598_1214156630276667_5456510425277741990_n.jpg","type":"image\/jpeg"}],"author":"dorogimedence.hu","twitter_card":"summary_large_image","twitter_misc":{"Szerz\u0151:":"dorogimedence.hu","Becs\u00fclt olvas\u00e1si id\u0151":"1 perc"},"schema":{"@context":"https:\/\/schema.org","@graph":[{"@type":"Article","@id":"https:\/\/dorogimedence.hu\/index.php\/2025\/03\/07\/dontobe-jutott-az-esztergomi-sportolo-a-kick-box-vilagkupan\/#article","isPartOf":{"@id":"https:\/\/dorogimedence.hu\/index.php\/2025\/03\/07\/dontobe-jutott-az-esztergomi-sportolo-a-kick-box-vilagkupan\/"},"author":{"name":"dorogimedence.hu","@id":"https:\/\/dorogimedence.hu\/#\/schema\/person\/ce6091eeb7e95ecdc87890d6aa8e0fd4"},"headline":"D\u00f6nt\u0151be jutott az esztergomi sportol\u00f3 a kick-box vil\u00e1gkup\u00e1n","datePublished":"2025-03-07T11:04:18+00:00","mainEntityOfPage":{"@id":"https:\/\/dorogimedence.hu\/index.php\/2025\/03\/07\/dontobe-jutott-az-esztergomi-sportolo-a-kick-box-vilagkupan\/"},"wordCount":140,"publisher":{"@id":"https:\/\/dorogimedence.hu\/#organization"},"image":{"@id":"https:\/\/dorogimedence.hu\/index.php\/2025\/03\/07\/dontobe-jutott-az-esztergomi-sportolo-a-kick-box-vilagkupan\/#primaryimage"},"thumbnailUrl":"https:\/\/dorogimedence.hu\/wp-content\/uploads\/2025\/03\/481923598_1214156630276667_5456510425277741990_n.jpg","keywords":["esztergom","Esztergomi Kick-Box SE","kickbox","sport"],"articleSection":["Esztergom","H\u00edrek","Sport"],"inLanguage":"hu"},{"@type":"WebPage","@id":"https:\/\/dorogimedence.hu\/index.php\/2025\/03\/07\/dontobe-jutott-az-esztergomi-sportolo-a-kick-box-vilagkupan\/","url":"https:\/\/dorogimedence.hu\/index.php\/2025\/03\/07\/dontobe-jutott-az-esztergomi-sportolo-a-kick-box-vilagkupan\/","name":"D\u00f6nt\u0151be jutott az esztergomi sportol\u00f3 a kick-box vil\u00e1gkup\u00e1n","isPartOf":{"@id":"https:\/\/dorogimedence.hu\/#website"},"primaryImageOfPage":{"@id":"https:\/\/dorogimedence.hu\/index.php\/2025\/03\/07\/dontobe-jutott-az-esztergomi-sportolo-a-kick-box-vilagkupan\/#primaryimage"},"image":{"@id":"https:\/\/dorogimedence.hu\/index.php\/2025\/03\/07\/dontobe-jutott-az-esztergomi-sportolo-a-kick-box-vilagkupan\/#primaryimage"},"thumbnailUrl":"https:\/\/dorogimedence.hu\/wp-content\/uploads\/2025\/03\/481923598_1214156630276667_5456510425277741990_n.jpg","datePublished":"2025-03-07T11:04:18+00:00","breadcrumb":{"@id":"https:\/\/dorogimedence.hu\/index.php\/2025\/03\/07\/dontobe-jutott-az-esztergomi-sportolo-a-kick-box-vilagkupan\/#breadcrumb"},"inLanguage":"hu","potentialAction":[{"@type":"ReadAction","target":["https:\/\/dorogimedence.hu\/index.php\/2025\/03\/07\/dontobe-jutott-az-esztergomi-sportolo-a-kick-box-vilagkupan\/"]}]},{"@type":"ImageObject","inLanguage":"hu","@id":"https:\/\/dorogimedence.hu\/index.php\/2025\/03\/07\/dontobe-jutott-az-esztergomi-sportolo-a-kick-box-vilagkupan\/#primaryimage","url":"https:\/\/dorogimedence.hu\/wp-content\/uploads\/2025\/03\/481923598_1214156630276667_5456510425277741990_n.jpg","contentUrl":"https:\/\/dorogimedence.hu\/wp-content\/uploads\/2025\/03\/481923598_1214156630276667_5456510425277741990_n.jpg","width":2048,"height":1536},{"@type":"BreadcrumbList","@id":"https:\/\/dorogimedence.hu\/index.php\/2025\/03\/07\/dontobe-jutott-az-esztergomi-sportolo-a-kick-box-vilagkupan\/#breadcrumb","itemListElement":[{"@type":"ListItem","position":1,"name":"Kezd\u0151lap","item":"https:\/\/dorogimedence.hu\/"},{"@type":"ListItem","position":2,"name":"D\u00f6nt\u0151be jutott az esztergomi sportol\u00f3 a kick-box vil\u00e1gkup\u00e1n"}]},{"@type":"WebSite","@id":"https:\/\/dorogimedence.hu\/#website","url":"https:\/\/dorogimedence.hu\/","name":"Dorogi-medence Region\u00e1lis H\u00edrport\u00e1l","description":"Dorog, Keszt\u00f6lc, Le\u00e1nyv\u00e1r, Piliscs\u00e9v, Tokod, Tokodalt\u00e1r\u00f3, Csolnok, Esztergom-kertv\u00e1ros: h\u00edrek, programok","publisher":{"@id":"https:\/\/dorogimedence.hu\/#organization"},"potentialAction":[{"@type":"SearchAction","target":{"@type":"EntryPoint","urlTemplate":"https:\/\/dorogimedence.hu\/?s={search_term_string}"},"query-input":{"@type":"PropertyValueSpecification","valueRequired":true,"valueName":"search_term_string"}}],"inLanguage":"hu"},{"@type":"Organization","@id":"https:\/\/dorogimedence.hu\/#organization","name":"Dorogi-medence Region\u00e1lis H\u00edrport\u00e1l","url":"https:\/\/dorogimedence.hu\/","logo":{"@type":"ImageObject","inLanguage":"hu","@id":"https:\/\/dorogimedence.hu\/#\/schema\/logo\/image\/","url":"https:\/\/dorogimedence.hu\/wp-content\/uploads\/2021\/04\/logo-feher-600.png","contentUrl":"https:\/\/dorogimedence.hu\/wp-content\/uploads\/2021\/04\/logo-feher-600.png","width":600,"height":100,"caption":"Dorogi-medence Region\u00e1lis H\u00edrport\u00e1l"},"image":{"@id":"https:\/\/dorogimedence.hu\/#\/schema\/logo\/image\/"},"sameAs":["https:\/\/www.facebook.com\/dorogimedence\/"]},{"@type":"Person","@id":"https:\/\/dorogimedence.hu\/#\/schema\/person\/ce6091eeb7e95ecdc87890d6aa8e0fd4","name":"dorogimedence.hu","image":{"@type":"ImageObject","inLanguage":"hu","@id":"\/\/www.gravatar.com\/avatar\/d8d45f8901aadff40a4af72c0b826f1d?s=96&#038;r=g&#038;d=mm","url":"\/\/www.gravatar.com\/avatar\/d8d45f8901aadff40a4af72c0b826f1d?s=96&#038;r=g&#038;d=mm","contentUrl":"\/\/www.gravatar.com\/avatar\/d8d45f8901aadff40a4af72c0b826f1d?s=96&#038;r=g&#038;d=mm","caption":"dorogimedence.hu"}}]}},"_links":{"self":[{"href":"https:\/\/dorogimedence.hu\/index.php\/wp-json\/wp\/v2\/posts\/69366","targetHints":{"allow":["GET"]}}],"collection":[{"href":"https:\/\/dorogimedence.hu\/index.php\/wp-json\/wp\/v2\/posts"}],"about":[{"href":"https:\/\/dorogimedence.hu\/index.php\/wp-json\/wp\/v2\/types\/post"}],"author":[{"embeddable":true,"href":"https:\/\/dorogimedence.hu\/index.php\/wp-json\/wp\/v2\/users\/1"}],"replies":[{"embeddable":true,"href":"https:\/\/dorogimedence.hu\/index.php\/wp-json\/wp\/v2\/comments?post=69366"}],"version-history":[{"count":0,"href":"https:\/\/dorogimedence.hu\/index.php\/wp-json\/wp\/v2\/posts\/69366\/revisions"}],"wp:featuredmedia":[{"embeddable":true,"href":"https:\/\/dorogimedence.hu\/index.php\/wp-json\/wp\/v2\/media\/69367"}],"wp:attachment":[{"href":"https:\/\/dorogimedence.hu\/index.php\/wp-json\/wp\/v2\/media?parent=69366"}],"wp:term":[{"taxonomy":"category","embeddable":true,"href":"https:\/\/dorogimedence.hu\/index.php\/wp-json\/wp\/v2\/categories?post=69366"},{"taxonomy":"post_tag","embeddable":true,"href":"https:\/\/dorogimedence.hu\/index.php\/wp-json\/wp\/v2\/tags?post=69366"}],"curies":[{"name":"wp","href":"https:\/\/api.w.org\/{rel}","templated":true}]}}