{"id":6931,"date":"2017-11-22T07:28:29","date_gmt":"2017-11-22T06:28:29","guid":{"rendered":"http:\/\/dorogimedence.hu\/?p=6931"},"modified":"2017-11-22T07:28:29","modified_gmt":"2017-11-22T06:28:29","slug":"ovatos-vasarlasra-hivja-fel-a-figyelmunket-a-rendorseg","status":"publish","type":"post","link":"https:\/\/dorogimedence.hu\/index.php\/2017\/11\/22\/ovatos-vasarlasra-hivja-fel-a-figyelmunket-a-rendorseg\/","title":{"rendered":"\u00d3vatos v\u00e1s\u00e1rl\u00e1sra h\u00edvja fel a figyelm\u00fcnket a rend\u0151rs\u00e9g"},"content":{"rendered":"<p><strong>A Kom\u00e1rom-Esztergom Megyei Rend\u0151r-f\u0151kapit\u00e1nys\u00e1g aj\u00e1nl\u00e1st tett k\u00f6zz\u00e9 a kar\u00e1csonyi v\u00e1s\u00e1rl\u00e1s id\u0151szak\u00e1ra!<\/strong><\/p>\n<p>Az internetes v\u00e1s\u00e1rl\u00e1snak alapvet\u0151en k\u00e9t fajt\u00e1ja van: a webshopokban \u00e9s az aukci\u00f3s port\u00e1lokon t\u00f6rt\u00e9n\u0151 v\u00e1s\u00e1rl\u00e1s. A webshopokban \u00e1ltal\u00e1ban a keresked\u0151k \u00faj term\u00e9ket \u00e1rulnak, sz\u00e1ml\u00e1val, j\u00f3t\u00e1ll\u00e1ssal. Az aukci\u00f3s port\u00e1lokon viszont sok esetben haszn\u00e1lt term\u00e9kek szerepelnek, sz\u00e1mla \u00e9s j\u00f3t\u00e1ll\u00e1s n\u00e9lk\u00fcl. \u00cdgy az \u00e1ruk is alacsonyabb, de kev\u00e9sb\u00e9 garant\u00e1lt a min\u0151s\u00e9g, ezt a v\u00e1s\u00e1rl\u00e1sn\u00e1l mindig tartsuk szem el\u0151tt.<\/p>\n<p><strong>Szem\u00e9lyes \u00e1tv\u00e9tel<\/strong><\/p>\n<p>Az online v\u00e1s\u00e1rl\u00e1s legnagyobb kock\u00e1zata, hogy megkapom-e a p\u00e9nzem\u00e9rt a kiv\u00e1lasztott \u00e1rut, illetve azt kapom-e, olyan min\u0151s\u00e9gben, amit kiv\u00e1lasztottam. A webshopokon \u00e9s az aukci\u00f3s port\u00e1lokon kereszt\u00fcl t\u00f6rt\u00e9n\u0151 v\u00e1s\u00e1rl\u00e1sokn\u00e1l t\u00f6bbnyire van lehet\u0151s\u00e9g arra, hogy a term\u00e9ket szem\u00e9lyesen vegy\u00fck \u00e1t, a helysz\u00ednen fizetve. Ez a legbiztons\u00e1gosabb forma, hiszen a fizet\u00e9s el\u0151tt l\u00e1thatjuk az \u00e1rut, \u00e9s ha az nem felel meg az elk\u00e9pzel\u00e9seinknek, el\u00e1llhatunk a v\u00e1s\u00e1rl\u00e1st\u00f3l. Az aukci\u00f3s port\u00e1lok eset\u00e9ben azonban a fizet\u00e9s el\u0151tti megtekint\u00e9sre nincs lehet\u0151s\u00e9g, ez\u00e9rt a licit\u00e1l\u00e1s el\u0151tt k\u00e9rj\u00fcnk megfelel\u0151 t\u00e1j\u00e9koztat\u00e1st a term\u00e9kr\u0151l.<\/p>\n<p><strong>Csomagk\u00fcld\u00e9s<\/strong><\/p>\n<p>Nem mindig van lehet\u0151s\u00e9g a szem\u00e9lyes \u00e1tv\u00e9telre, ilyenkor marad a postai \u00fat. A megrendel\u00e9s el\u0151tt mindig t\u00e1j\u00e9koz\u00f3djunk a j\u00f3t\u00e1ll\u00e1s felt\u00e9teleir\u0151l, a sz\u00e1ll\u00edt\u00e1si k\u00f6lts\u00e9gekr\u0151l \u00e9s a sz\u00e1ll\u00edt\u00e1s idej\u00e9r\u0151l. Webshop eset\u00e9ben n\u00e9zz\u00fck meg, hogy ki \u00fczemelteti az oldalt (c\u00e9g vagy egy\u00e9ni v\u00e1llalkoz\u00f3), az oldalon mindig fel kell t\u00fcntetni a c\u00edmet, az ad\u00f3sz\u00e1mot \u00e9s c\u00e9gjegyz\u00e9ksz\u00e1mot, illetve a csomagk\u00fcld\u00e9sre jogos\u00edt\u00f3 nyilv\u00e1ntart\u00e1si sz\u00e1mot.<\/p>\n<p><strong>Ut\u00e1nv\u00e9tel<\/strong><\/p>\n<p>Az \u00e1ru kifizet\u00e9se t\u00f6bbf\u00e9lek\u00e9ppen t\u00f6rt\u00e9nhet. Ut\u00e1nv\u00e9tellel t\u00f6rt\u00e9n\u0151 fizet\u00e9s eset\u00e9n a post\u00e1snak vagy a fut\u00e1rnak kell fizetni. Ebben az esetben a csomagot biztosan megkapjuk. Mindig ellen\u0151rizz\u00fck, hogy a csomag bontatlan \u00e9s s\u00e9rtetlen \u00e1llapot\u00fa-e. Ellenkez\u0151 esetben ne vegy\u00fck \u00e1t, hanem k\u00fcldj\u00fck vissza a felad\u00f3nak. Ha van lehet\u0151s\u00e9g\u00fcnk, nyissuk ki \u00e9s ellen\u0151rizz\u00fck, hogy t\u00e9nyleg a megrendelt \u00e1ru van-e benne.<\/p>\n<p><strong>\u00c1tutal\u00e1s, bankk\u00e1rtya-haszn\u00e1lat<\/strong><\/p>\n<p>Ut\u00e1nv\u00e9tel helyett lehet\u0151s\u00e9g van az \u00e1ru el\u0151re t\u00f6rt\u00e9n\u0151 kifizet\u00e9s\u00e9re. Ezt megtehetj\u00fck \u00e1tutal\u00e1ssal. vagy fizethet\u00fcnk bankk\u00e1rty\u00e1val k\u00f6zvetlen\u00fcl az interneten.<\/p>\n<p>Haszn\u00e1lhatunk \u00fagynevezett virtu\u00e1lis bankk\u00e1rty\u00e1t is, amelyre aj\u00e1nlott csak akkora \u00f6sszeget felt\u00f6lteni, amekkor\u00e1ra az aktu\u00e1lis v\u00e1s\u00e1rl\u00e1shoz sz\u00fcks\u00e9g van.<\/p>\n<p>Az oldalon ellen\u0151rizz\u00fck, hogy rendelkezik-e tan\u00fas\u00edtv\u00e1nnyal. Ennek megl\u00e9te garant\u00e1lja, hogy az oldalt az adott bank \u00fczemelteti, valamint hogy a kapcsolat, amelyen kereszt\u00fcl az adatainkat k\u00fcldj\u00fck megfelel\u0151en titkos\u00edtott.<\/p>\n<p><strong>Javaslatok<\/strong><\/p>\n<p>Ha lehet, v\u00e1lasszunk szem\u00e9lyes \u00e1tv\u00e9teli m\u00f3dot!<\/p>\n<p>Ellen\u0151rizz\u00fck az elad\u00f3t (visszajelz\u00e9sek, k\u00f6zz\u00e9tett adatok alapj\u00e1n)!<\/p>\n<p>Bankk\u00e1rtya adatainkat csak a bank online fizet\u00e9sre l\u00e9trehozott oldal\u00e1n adjuk meg (e-mailben soha)!<\/p>\n<p>Ellen\u0151rizz\u00fck, hogy a fizet\u00e9sre haszn\u00e1lt oldal rendelkezik-e tan\u00fas\u00edtv\u00e1nnyal! (Az illusztr\u00e1ci\u00f3ban a tan\u00fas\u00edtv\u00e1nyokat l\u00e1thatjuk h\u00e1rom k\u00fcl\u00f6nb\u00f6z\u0151 internetes b\u00f6ng\u00e9sz\u0151ben.)<\/p>\n","protected":false},"excerpt":{"rendered":"<p>A Kom\u00e1rom-Esztergom Megyei Rend\u0151r-f\u0151kapit\u00e1nys\u00e1g aj\u00e1nl\u00e1st tett k\u00f6zz\u00e9 a kar\u00e1csonyi v\u00e1s\u00e1rl\u00e1s id\u0151szak\u00e1ra! Az internetes v\u00e1s\u00e1rl\u00e1snak alapvet\u0151en k\u00e9t fajt\u00e1ja van: a webshopokban \u00e9s az aukci\u00f3s port\u00e1lokon t\u00f6rt\u00e9n\u0151 v\u00e1s\u00e1rl\u00e1s. A webshopokban \u00e1ltal\u00e1ban a keresked\u0151k \u00faj term\u00e9ket \u00e1rulnak, sz\u00e1ml\u00e1val, j\u00f3t\u00e1ll\u00e1ssal. Az aukci\u00f3s port\u00e1lokon viszont sok esetben haszn\u00e1lt term\u00e9kek szerepelnek, sz\u00e1mla \u00e9s j\u00f3t\u00e1ll\u00e1s n\u00e9lk\u00fcl. \u00cdgy az \u00e1ruk is alacsonyabb, de<\/p>\n","protected":false},"author":1,"featured_media":6932,"comment_status":"closed","ping_status":"closed","sticky":false,"template":"","format":"standard","meta":{"ngg_post_thumbnail":0,"footnotes":""},"categories":[3],"tags":[77,1787,1886,61,1885],"class_list":{"0":"post-6931","1":"post","2":"type-post","3":"status-publish","4":"format-standard","5":"has-post-thumbnail","7":"category-hirek","8":"tag-felhivas","9":"tag-karacsony","10":"tag-online-vasarlas","11":"tag-rendorsegi-hirek","12":"tag-vasarlas"},"yoast_head":"<!-- This site is optimized with the Yoast SEO plugin v27.5 - https:\/\/yoast.com\/product\/yoast-seo-wordpress\/ -->\n<title>\u00d3vatos v\u00e1s\u00e1rl\u00e1sra h\u00edvja fel a figyelm\u00fcnket a rend\u0151rs\u00e9g<\/title>\n<meta name=\"robots\" content=\"index, follow, max-snippet:-1, max-image-preview:large, max-video-preview:-1\" \/>\n<link rel=\"canonical\" href=\"https:\/\/dorogimedence.hu\/index.php\/2017\/11\/22\/ovatos-vasarlasra-hivja-fel-a-figyelmunket-a-rendorseg\/\" class=\"yoast-seo-meta-tag\" \/>\n<meta property=\"og:locale\" content=\"hu_HU\" class=\"yoast-seo-meta-tag\" \/>\n<meta property=\"og:type\" content=\"article\" class=\"yoast-seo-meta-tag\" \/>\n<meta property=\"og:title\" content=\"\u00d3vatos v\u00e1s\u00e1rl\u00e1sra h\u00edvja fel a figyelm\u00fcnket a rend\u0151rs\u00e9g\" class=\"yoast-seo-meta-tag\" \/>\n<meta property=\"og:description\" content=\"A Kom\u00e1rom-Esztergom Megyei Rend\u0151r-f\u0151kapit\u00e1nys\u00e1g aj\u00e1nl\u00e1st tett k\u00f6zz\u00e9 a kar\u00e1csonyi v\u00e1s\u00e1rl\u00e1s id\u0151szak\u00e1ra! Az internetes v\u00e1s\u00e1rl\u00e1snak alapvet\u0151en k\u00e9t fajt\u00e1ja van: a webshopokban \u00e9s az aukci\u00f3s port\u00e1lokon t\u00f6rt\u00e9n\u0151 v\u00e1s\u00e1rl\u00e1s. A webshopokban \u00e1ltal\u00e1ban a keresked\u0151k \u00faj term\u00e9ket \u00e1rulnak, sz\u00e1ml\u00e1val, j\u00f3t\u00e1ll\u00e1ssal. Az aukci\u00f3s port\u00e1lokon viszont sok esetben haszn\u00e1lt term\u00e9kek szerepelnek, sz\u00e1mla \u00e9s j\u00f3t\u00e1ll\u00e1s n\u00e9lk\u00fcl. \u00cdgy az \u00e1ruk is alacsonyabb, de\" class=\"yoast-seo-meta-tag\" \/>\n<meta property=\"og:url\" content=\"https:\/\/dorogimedence.hu\/index.php\/2017\/11\/22\/ovatos-vasarlasra-hivja-fel-a-figyelmunket-a-rendorseg\/\" class=\"yoast-seo-meta-tag\" \/>\n<meta property=\"og:site_name\" content=\"Dorogi-medence Region\u00e1lis H\u00edrport\u00e1l\" class=\"yoast-seo-meta-tag\" \/>\n<meta property=\"article:publisher\" content=\"https:\/\/www.facebook.com\/dorogimedence\/\" class=\"yoast-seo-meta-tag\" \/>\n<meta property=\"article:published_time\" content=\"2017-11-22T06:28:29+00:00\" class=\"yoast-seo-meta-tag\" \/>\n<meta property=\"og:image\" content=\"https:\/\/i0.wp.com\/dorogimedence.hu\/wp-content\/uploads\/2017\/11\/webshop.jpg?fit=670%2C365&ssl=1\" class=\"yoast-seo-meta-tag\" \/>\n\t<meta property=\"og:image:width\" content=\"670\" class=\"yoast-seo-meta-tag\" \/>\n\t<meta property=\"og:image:height\" content=\"365\" class=\"yoast-seo-meta-tag\" \/>\n\t<meta property=\"og:image:type\" content=\"image\/jpeg\" class=\"yoast-seo-meta-tag\" \/>\n<meta name=\"author\" content=\"dorogimedence.hu\" class=\"yoast-seo-meta-tag\" \/>\n<meta name=\"twitter:card\" content=\"summary_large_image\" class=\"yoast-seo-meta-tag\" \/>\n<meta name=\"twitter:label1\" content=\"Szerz\u0151:\" class=\"yoast-seo-meta-tag\" \/>\n\t<meta name=\"twitter:data1\" content=\"dorogimedence.hu\" class=\"yoast-seo-meta-tag\" \/>\n\t<meta name=\"twitter:label2\" content=\"Becs\u00fclt olvas\u00e1si id\u0151\" class=\"yoast-seo-meta-tag\" \/>\n\t<meta name=\"twitter:data2\" content=\"3 perc\" class=\"yoast-seo-meta-tag\" \/>\n<script type=\"application\/ld+json\" class=\"yoast-schema-graph\">{\"@context\":\"https:\\\/\\\/schema.org\",\"@graph\":[{\"@type\":\"Article\",\"@id\":\"https:\\\/\\\/dorogimedence.hu\\\/index.php\\\/2017\\\/11\\\/22\\\/ovatos-vasarlasra-hivja-fel-a-figyelmunket-a-rendorseg\\\/#article\",\"isPartOf\":{\"@id\":\"https:\\\/\\\/dorogimedence.hu\\\/index.php\\\/2017\\\/11\\\/22\\\/ovatos-vasarlasra-hivja-fel-a-figyelmunket-a-rendorseg\\\/\"},\"author\":{\"name\":\"dorogimedence.hu\",\"@id\":\"https:\\\/\\\/dorogimedence.hu\\\/#\\\/schema\\\/person\\\/ce6091eeb7e95ecdc87890d6aa8e0fd4\"},\"headline\":\"\u00d3vatos v\u00e1s\u00e1rl\u00e1sra h\u00edvja fel a figyelm\u00fcnket a rend\u0151rs\u00e9g\",\"datePublished\":\"2017-11-22T06:28:29+00:00\",\"mainEntityOfPage\":{\"@id\":\"https:\\\/\\\/dorogimedence.hu\\\/index.php\\\/2017\\\/11\\\/22\\\/ovatos-vasarlasra-hivja-fel-a-figyelmunket-a-rendorseg\\\/\"},\"wordCount\":657,\"publisher\":{\"@id\":\"https:\\\/\\\/dorogimedence.hu\\\/#organization\"},\"image\":{\"@id\":\"https:\\\/\\\/dorogimedence.hu\\\/index.php\\\/2017\\\/11\\\/22\\\/ovatos-vasarlasra-hivja-fel-a-figyelmunket-a-rendorseg\\\/#primaryimage\"},\"thumbnailUrl\":\"https:\\\/\\\/dorogimedence.hu\\\/wp-content\\\/uploads\\\/2017\\\/11\\\/webshop.jpg\",\"keywords\":[\"felh\u00edv\u00e1s\",\"kar\u00e1csony\",\"online v\u00e1s\u00e1rl\u00e1s\",\"rend\u0151rs\u00e9gi h\u00edrek\",\"v\u00e1s\u00e1rl\u00e1s\"],\"articleSection\":[\"H\u00edrek\"],\"inLanguage\":\"hu\"},{\"@type\":\"WebPage\",\"@id\":\"https:\\\/\\\/dorogimedence.hu\\\/index.php\\\/2017\\\/11\\\/22\\\/ovatos-vasarlasra-hivja-fel-a-figyelmunket-a-rendorseg\\\/\",\"url\":\"https:\\\/\\\/dorogimedence.hu\\\/index.php\\\/2017\\\/11\\\/22\\\/ovatos-vasarlasra-hivja-fel-a-figyelmunket-a-rendorseg\\\/\",\"name\":\"\u00d3vatos v\u00e1s\u00e1rl\u00e1sra h\u00edvja fel a figyelm\u00fcnket a rend\u0151rs\u00e9g\",\"isPartOf\":{\"@id\":\"https:\\\/\\\/dorogimedence.hu\\\/#website\"},\"primaryImageOfPage\":{\"@id\":\"https:\\\/\\\/dorogimedence.hu\\\/index.php\\\/2017\\\/11\\\/22\\\/ovatos-vasarlasra-hivja-fel-a-figyelmunket-a-rendorseg\\\/#primaryimage\"},\"image\":{\"@id\":\"https:\\\/\\\/dorogimedence.hu\\\/index.php\\\/2017\\\/11\\\/22\\\/ovatos-vasarlasra-hivja-fel-a-figyelmunket-a-rendorseg\\\/#primaryimage\"},\"thumbnailUrl\":\"https:\\\/\\\/dorogimedence.hu\\\/wp-content\\\/uploads\\\/2017\\\/11\\\/webshop.jpg\",\"datePublished\":\"2017-11-22T06:28:29+00:00\",\"breadcrumb\":{\"@id\":\"https:\\\/\\\/dorogimedence.hu\\\/index.php\\\/2017\\\/11\\\/22\\\/ovatos-vasarlasra-hivja-fel-a-figyelmunket-a-rendorseg\\\/#breadcrumb\"},\"inLanguage\":\"hu\",\"potentialAction\":[{\"@type\":\"ReadAction\",\"target\":[\"https:\\\/\\\/dorogimedence.hu\\\/index.php\\\/2017\\\/11\\\/22\\\/ovatos-vasarlasra-hivja-fel-a-figyelmunket-a-rendorseg\\\/\"]}]},{\"@type\":\"ImageObject\",\"inLanguage\":\"hu\",\"@id\":\"https:\\\/\\\/dorogimedence.hu\\\/index.php\\\/2017\\\/11\\\/22\\\/ovatos-vasarlasra-hivja-fel-a-figyelmunket-a-rendorseg\\\/#primaryimage\",\"url\":\"https:\\\/\\\/dorogimedence.hu\\\/wp-content\\\/uploads\\\/2017\\\/11\\\/webshop.jpg\",\"contentUrl\":\"https:\\\/\\\/dorogimedence.hu\\\/wp-content\\\/uploads\\\/2017\\\/11\\\/webshop.jpg\",\"width\":670,\"height\":365},{\"@type\":\"BreadcrumbList\",\"@id\":\"https:\\\/\\\/dorogimedence.hu\\\/index.php\\\/2017\\\/11\\\/22\\\/ovatos-vasarlasra-hivja-fel-a-figyelmunket-a-rendorseg\\\/#breadcrumb\",\"itemListElement\":[{\"@type\":\"ListItem\",\"position\":1,\"name\":\"Kezd\u0151lap\",\"item\":\"https:\\\/\\\/dorogimedence.hu\\\/\"},{\"@type\":\"ListItem\",\"position\":2,\"name\":\"\u00d3vatos v\u00e1s\u00e1rl\u00e1sra h\u00edvja fel a figyelm\u00fcnket a rend\u0151rs\u00e9g\"}]},{\"@type\":\"WebSite\",\"@id\":\"https:\\\/\\\/dorogimedence.hu\\\/#website\",\"url\":\"https:\\\/\\\/dorogimedence.hu\\\/\",\"name\":\"Dorogi-medence Region\u00e1lis H\u00edrport\u00e1l\",\"description\":\"Dorog, Keszt\u00f6lc, Le\u00e1nyv\u00e1r, Piliscs\u00e9v, Tokod, Tokodalt\u00e1r\u00f3, Csolnok, Esztergom-kertv\u00e1ros: h\u00edrek, programok\",\"publisher\":{\"@id\":\"https:\\\/\\\/dorogimedence.hu\\\/#organization\"},\"potentialAction\":[{\"@type\":\"SearchAction\",\"target\":{\"@type\":\"EntryPoint\",\"urlTemplate\":\"https:\\\/\\\/dorogimedence.hu\\\/?s={search_term_string}\"},\"query-input\":{\"@type\":\"PropertyValueSpecification\",\"valueRequired\":true,\"valueName\":\"search_term_string\"}}],\"inLanguage\":\"hu\"},{\"@type\":\"Organization\",\"@id\":\"https:\\\/\\\/dorogimedence.hu\\\/#organization\",\"name\":\"Dorogi-medence Region\u00e1lis H\u00edrport\u00e1l\",\"url\":\"https:\\\/\\\/dorogimedence.hu\\\/\",\"logo\":{\"@type\":\"ImageObject\",\"inLanguage\":\"hu\",\"@id\":\"https:\\\/\\\/dorogimedence.hu\\\/#\\\/schema\\\/logo\\\/image\\\/\",\"url\":\"https:\\\/\\\/dorogimedence.hu\\\/wp-content\\\/uploads\\\/2021\\\/04\\\/logo-feher-600.png\",\"contentUrl\":\"https:\\\/\\\/dorogimedence.hu\\\/wp-content\\\/uploads\\\/2021\\\/04\\\/logo-feher-600.png\",\"width\":600,\"height\":100,\"caption\":\"Dorogi-medence Region\u00e1lis H\u00edrport\u00e1l\"},\"image\":{\"@id\":\"https:\\\/\\\/dorogimedence.hu\\\/#\\\/schema\\\/logo\\\/image\\\/\"},\"sameAs\":[\"https:\\\/\\\/www.facebook.com\\\/dorogimedence\\\/\"]},{\"@type\":\"Person\",\"@id\":\"https:\\\/\\\/dorogimedence.hu\\\/#\\\/schema\\\/person\\\/ce6091eeb7e95ecdc87890d6aa8e0fd4\",\"name\":\"dorogimedence.hu\",\"image\":{\"@type\":\"ImageObject\",\"inLanguage\":\"hu\",\"@id\":\"\\\/\\\/www.gravatar.com\\\/avatar\\\/d8d45f8901aadff40a4af72c0b826f1d?s=96&#038;r=g&#038;d=mm\",\"url\":\"\\\/\\\/www.gravatar.com\\\/avatar\\\/d8d45f8901aadff40a4af72c0b826f1d?s=96&#038;r=g&#038;d=mm\",\"contentUrl\":\"\\\/\\\/www.gravatar.com\\\/avatar\\\/d8d45f8901aadff40a4af72c0b826f1d?s=96&#038;r=g&#038;d=mm\",\"caption\":\"dorogimedence.hu\"}}]}<\/script>\n<!-- \/ Yoast SEO plugin. -->","yoast_head_json":{"title":"\u00d3vatos v\u00e1s\u00e1rl\u00e1sra h\u00edvja fel a figyelm\u00fcnket a rend\u0151rs\u00e9g","robots":{"index":"index","follow":"follow","max-snippet":"max-snippet:-1","max-image-preview":"max-image-preview:large","max-video-preview":"max-video-preview:-1"},"canonical":"https:\/\/dorogimedence.hu\/index.php\/2017\/11\/22\/ovatos-vasarlasra-hivja-fel-a-figyelmunket-a-rendorseg\/","og_locale":"hu_HU","og_type":"article","og_title":"\u00d3vatos v\u00e1s\u00e1rl\u00e1sra h\u00edvja fel a figyelm\u00fcnket a rend\u0151rs\u00e9g","og_description":"A Kom\u00e1rom-Esztergom Megyei Rend\u0151r-f\u0151kapit\u00e1nys\u00e1g aj\u00e1nl\u00e1st tett k\u00f6zz\u00e9 a kar\u00e1csonyi v\u00e1s\u00e1rl\u00e1s id\u0151szak\u00e1ra! Az internetes v\u00e1s\u00e1rl\u00e1snak alapvet\u0151en k\u00e9t fajt\u00e1ja van: a webshopokban \u00e9s az aukci\u00f3s port\u00e1lokon t\u00f6rt\u00e9n\u0151 v\u00e1s\u00e1rl\u00e1s. A webshopokban \u00e1ltal\u00e1ban a keresked\u0151k \u00faj term\u00e9ket \u00e1rulnak, sz\u00e1ml\u00e1val, j\u00f3t\u00e1ll\u00e1ssal. Az aukci\u00f3s port\u00e1lokon viszont sok esetben haszn\u00e1lt term\u00e9kek szerepelnek, sz\u00e1mla \u00e9s j\u00f3t\u00e1ll\u00e1s n\u00e9lk\u00fcl. \u00cdgy az \u00e1ruk is alacsonyabb, de","og_url":"https:\/\/dorogimedence.hu\/index.php\/2017\/11\/22\/ovatos-vasarlasra-hivja-fel-a-figyelmunket-a-rendorseg\/","og_site_name":"Dorogi-medence Region\u00e1lis H\u00edrport\u00e1l","article_publisher":"https:\/\/www.facebook.com\/dorogimedence\/","article_published_time":"2017-11-22T06:28:29+00:00","og_image":[{"width":670,"height":365,"url":"https:\/\/i0.wp.com\/dorogimedence.hu\/wp-content\/uploads\/2017\/11\/webshop.jpg?fit=670%2C365&ssl=1","type":"image\/jpeg"}],"author":"dorogimedence.hu","twitter_card":"summary_large_image","twitter_misc":{"Szerz\u0151:":"dorogimedence.hu","Becs\u00fclt olvas\u00e1si id\u0151":"3 perc"},"schema":{"@context":"https:\/\/schema.org","@graph":[{"@type":"Article","@id":"https:\/\/dorogimedence.hu\/index.php\/2017\/11\/22\/ovatos-vasarlasra-hivja-fel-a-figyelmunket-a-rendorseg\/#article","isPartOf":{"@id":"https:\/\/dorogimedence.hu\/index.php\/2017\/11\/22\/ovatos-vasarlasra-hivja-fel-a-figyelmunket-a-rendorseg\/"},"author":{"name":"dorogimedence.hu","@id":"https:\/\/dorogimedence.hu\/#\/schema\/person\/ce6091eeb7e95ecdc87890d6aa8e0fd4"},"headline":"\u00d3vatos v\u00e1s\u00e1rl\u00e1sra h\u00edvja fel a figyelm\u00fcnket a rend\u0151rs\u00e9g","datePublished":"2017-11-22T06:28:29+00:00","mainEntityOfPage":{"@id":"https:\/\/dorogimedence.hu\/index.php\/2017\/11\/22\/ovatos-vasarlasra-hivja-fel-a-figyelmunket-a-rendorseg\/"},"wordCount":657,"publisher":{"@id":"https:\/\/dorogimedence.hu\/#organization"},"image":{"@id":"https:\/\/dorogimedence.hu\/index.php\/2017\/11\/22\/ovatos-vasarlasra-hivja-fel-a-figyelmunket-a-rendorseg\/#primaryimage"},"thumbnailUrl":"https:\/\/dorogimedence.hu\/wp-content\/uploads\/2017\/11\/webshop.jpg","keywords":["felh\u00edv\u00e1s","kar\u00e1csony","online v\u00e1s\u00e1rl\u00e1s","rend\u0151rs\u00e9gi h\u00edrek","v\u00e1s\u00e1rl\u00e1s"],"articleSection":["H\u00edrek"],"inLanguage":"hu"},{"@type":"WebPage","@id":"https:\/\/dorogimedence.hu\/index.php\/2017\/11\/22\/ovatos-vasarlasra-hivja-fel-a-figyelmunket-a-rendorseg\/","url":"https:\/\/dorogimedence.hu\/index.php\/2017\/11\/22\/ovatos-vasarlasra-hivja-fel-a-figyelmunket-a-rendorseg\/","name":"\u00d3vatos v\u00e1s\u00e1rl\u00e1sra h\u00edvja fel a figyelm\u00fcnket a rend\u0151rs\u00e9g","isPartOf":{"@id":"https:\/\/dorogimedence.hu\/#website"},"primaryImageOfPage":{"@id":"https:\/\/dorogimedence.hu\/index.php\/2017\/11\/22\/ovatos-vasarlasra-hivja-fel-a-figyelmunket-a-rendorseg\/#primaryimage"},"image":{"@id":"https:\/\/dorogimedence.hu\/index.php\/2017\/11\/22\/ovatos-vasarlasra-hivja-fel-a-figyelmunket-a-rendorseg\/#primaryimage"},"thumbnailUrl":"https:\/\/dorogimedence.hu\/wp-content\/uploads\/2017\/11\/webshop.jpg","datePublished":"2017-11-22T06:28:29+00:00","breadcrumb":{"@id":"https:\/\/dorogimedence.hu\/index.php\/2017\/11\/22\/ovatos-vasarlasra-hivja-fel-a-figyelmunket-a-rendorseg\/#breadcrumb"},"inLanguage":"hu","potentialAction":[{"@type":"ReadAction","target":["https:\/\/dorogimedence.hu\/index.php\/2017\/11\/22\/ovatos-vasarlasra-hivja-fel-a-figyelmunket-a-rendorseg\/"]}]},{"@type":"ImageObject","inLanguage":"hu","@id":"https:\/\/dorogimedence.hu\/index.php\/2017\/11\/22\/ovatos-vasarlasra-hivja-fel-a-figyelmunket-a-rendorseg\/#primaryimage","url":"https:\/\/dorogimedence.hu\/wp-content\/uploads\/2017\/11\/webshop.jpg","contentUrl":"https:\/\/dorogimedence.hu\/wp-content\/uploads\/2017\/11\/webshop.jpg","width":670,"height":365},{"@type":"BreadcrumbList","@id":"https:\/\/dorogimedence.hu\/index.php\/2017\/11\/22\/ovatos-vasarlasra-hivja-fel-a-figyelmunket-a-rendorseg\/#breadcrumb","itemListElement":[{"@type":"ListItem","position":1,"name":"Kezd\u0151lap","item":"https:\/\/dorogimedence.hu\/"},{"@type":"ListItem","position":2,"name":"\u00d3vatos v\u00e1s\u00e1rl\u00e1sra h\u00edvja fel a figyelm\u00fcnket a rend\u0151rs\u00e9g"}]},{"@type":"WebSite","@id":"https:\/\/dorogimedence.hu\/#website","url":"https:\/\/dorogimedence.hu\/","name":"Dorogi-medence Region\u00e1lis H\u00edrport\u00e1l","description":"Dorog, Keszt\u00f6lc, Le\u00e1nyv\u00e1r, Piliscs\u00e9v, Tokod, Tokodalt\u00e1r\u00f3, Csolnok, Esztergom-kertv\u00e1ros: h\u00edrek, programok","publisher":{"@id":"https:\/\/dorogimedence.hu\/#organization"},"potentialAction":[{"@type":"SearchAction","target":{"@type":"EntryPoint","urlTemplate":"https:\/\/dorogimedence.hu\/?s={search_term_string}"},"query-input":{"@type":"PropertyValueSpecification","valueRequired":true,"valueName":"search_term_string"}}],"inLanguage":"hu"},{"@type":"Organization","@id":"https:\/\/dorogimedence.hu\/#organization","name":"Dorogi-medence Region\u00e1lis H\u00edrport\u00e1l","url":"https:\/\/dorogimedence.hu\/","logo":{"@type":"ImageObject","inLanguage":"hu","@id":"https:\/\/dorogimedence.hu\/#\/schema\/logo\/image\/","url":"https:\/\/dorogimedence.hu\/wp-content\/uploads\/2021\/04\/logo-feher-600.png","contentUrl":"https:\/\/dorogimedence.hu\/wp-content\/uploads\/2021\/04\/logo-feher-600.png","width":600,"height":100,"caption":"Dorogi-medence Region\u00e1lis H\u00edrport\u00e1l"},"image":{"@id":"https:\/\/dorogimedence.hu\/#\/schema\/logo\/image\/"},"sameAs":["https:\/\/www.facebook.com\/dorogimedence\/"]},{"@type":"Person","@id":"https:\/\/dorogimedence.hu\/#\/schema\/person\/ce6091eeb7e95ecdc87890d6aa8e0fd4","name":"dorogimedence.hu","image":{"@type":"ImageObject","inLanguage":"hu","@id":"\/\/www.gravatar.com\/avatar\/d8d45f8901aadff40a4af72c0b826f1d?s=96&#038;r=g&#038;d=mm","url":"\/\/www.gravatar.com\/avatar\/d8d45f8901aadff40a4af72c0b826f1d?s=96&#038;r=g&#038;d=mm","contentUrl":"\/\/www.gravatar.com\/avatar\/d8d45f8901aadff40a4af72c0b826f1d?s=96&#038;r=g&#038;d=mm","caption":"dorogimedence.hu"}}]}},"_links":{"self":[{"href":"https:\/\/dorogimedence.hu\/index.php\/wp-json\/wp\/v2\/posts\/6931","targetHints":{"allow":["GET"]}}],"collection":[{"href":"https:\/\/dorogimedence.hu\/index.php\/wp-json\/wp\/v2\/posts"}],"about":[{"href":"https:\/\/dorogimedence.hu\/index.php\/wp-json\/wp\/v2\/types\/post"}],"author":[{"embeddable":true,"href":"https:\/\/dorogimedence.hu\/index.php\/wp-json\/wp\/v2\/users\/1"}],"replies":[{"embeddable":true,"href":"https:\/\/dorogimedence.hu\/index.php\/wp-json\/wp\/v2\/comments?post=6931"}],"version-history":[{"count":0,"href":"https:\/\/dorogimedence.hu\/index.php\/wp-json\/wp\/v2\/posts\/6931\/revisions"}],"wp:featuredmedia":[{"embeddable":true,"href":"https:\/\/dorogimedence.hu\/index.php\/wp-json\/wp\/v2\/media\/6932"}],"wp:attachment":[{"href":"https:\/\/dorogimedence.hu\/index.php\/wp-json\/wp\/v2\/media?parent=6931"}],"wp:term":[{"taxonomy":"category","embeddable":true,"href":"https:\/\/dorogimedence.hu\/index.php\/wp-json\/wp\/v2\/categories?post=6931"},{"taxonomy":"post_tag","embeddable":true,"href":"https:\/\/dorogimedence.hu\/index.php\/wp-json\/wp\/v2\/tags?post=6931"}],"curies":[{"name":"wp","href":"https:\/\/api.w.org\/{rel}","templated":true}]}}