{"id":69309,"date":"2025-03-05T14:20:34","date_gmt":"2025-03-05T13:20:34","guid":{"rendered":"https:\/\/dorogimedence.hu\/?p=69309"},"modified":"2025-03-05T14:20:34","modified_gmt":"2025-03-05T13:20:34","slug":"befejezodtek-a-tereprendezesi-munkak-a-dorogi-kalvarian","status":"publish","type":"post","link":"https:\/\/dorogimedence.hu\/index.php\/2025\/03\/05\/befejezodtek-a-tereprendezesi-munkak-a-dorogi-kalvarian\/","title":{"rendered":"Befejez\u0151dtek a tereprendez\u00e9si munk\u00e1k a dorogi K\u00e1lv\u00e1ri\u00e1n"},"content":{"rendered":"<p><strong>Befejez\u0151dtek a tereprendez\u00e9si munk\u00e1k, tov\u00e1bb sz\u00e9p\u00fcl az Aknatorony Kil\u00e1t\u00f3 k\u00f6rnyezete.<\/strong><\/p>\n<p>A lakoss\u00e1g sz\u00e1m\u00e1ra is ismert, hogy az aknatorony kil\u00e1t\u00f3v\u00e1 t\u00f6rt\u00e9n\u0151 \u00e1talak\u00edt\u00e1sa eur\u00f3pai uni\u00f3s t\u00e1mogat\u00e1sb\u00f3l ker\u00fclt finansz\u00edroz\u00e1sra. A kil\u00e1t\u00f3 elk\u00e9sz\u00fclt, \u00e9s a projekt k\u00f6lts\u00e9gvet\u00e9s\u00e9ben az \u00e9p\u00edt\u00e9si soron maradv\u00e1ny keletkezett. Ezen maradv\u00e1ny felhaszn\u00e1l\u00e1s\u00e1ra az \u00f6nkorm\u00e1nyzat k\u00e9relemmel fordult a T\u00e1mogat\u00f3 fel\u00e9, aki enged\u00e9lyezte, hogy a kil\u00e1t\u00f3 k\u00f6rnyezet\u00e9t az \u00f6nkorm\u00e1nyzat rendezze. A rendez\u00e9s a kil\u00e1t\u00f3 megk\u00f6zel\u00edt\u00e9s\u00e9t biztos\u00edt\u00f3 szil\u00e1rd burkolat\u00fa j\u00e1rda \u00e9s l\u00e9pcs\u0151sor ki\u00e9p\u00edt\u00e9s\u00e9t, valamint a st\u00e1ci\u00f3k fel\u00faj\u00edt\u00e1s\u00e1t \u00e9s megvil\u00e1g\u00edt\u00e1s\u00e1t tartalmazta minim\u00e1lis z\u00f6ldfel\u00fclet rendez\u00e9ssel.<\/p>\n<p>A tavalyi \u00e9vben k\u00f6zbeszerz\u00e9si elj\u00e1r\u00e1s keret\u00e9ben kiv\u00e1laszt\u00e1sra ker\u00fclt ezen k\u00f6rnyezetrendez\u00e9si munk\u00e1k kivitelez\u0151je, akivel a v\u00e1llalkoz\u00e1si szerz\u0151d\u00e9s m\u00e9g december h\u00f3napban megk\u00f6t\u00e9sre ker\u00fclt. Ez \u00e9v janu\u00e1rj\u00e1ban a munkater\u00fcletet is \u00e1tadtuk a kivitelez\u0151nek, hogy a szerz\u0151d\u00e9sben r\u00f6gz\u00edtett munk\u00e1kat elv\u00e9gezhesse.<\/p>\n<p>Jelenleg a tereprendez\u00e9si munk\u00e1k befejez\u0151dtek, a l\u00e9pcs\u0151 \u00e9s j\u00e1rda \u00e9p\u00edt\u00e9s\u00e9hez sz\u00fcks\u00e9ges anyagok a munkater\u00fcleten, illetve a v\u00e1llalkoz\u00f3 telephely\u00e9n v\u00e1rja a be\u00e9p\u00edt\u00e9st, elk\u00e9sz\u00fclt a st\u00e1ci\u00f3k megvil\u00e1g\u00edt\u00e1s\u00e1t biztos\u00edt\u00f3 vezet\u00e9kek ki\u00e9p\u00edt\u00e9se a f\u00f6ldmunk\u00e1kkal egyid\u0151ben, illetve a st\u00e1ci\u00f3k alkot\u00e1sait v\u00e9d\u0151 polikarbon\u00e1t \u00e9s ac\u00e9l keret elt\u00e1vol\u00edt\u00e1s\u00e1t k\u00f6vet\u0151 fel\u00faj\u00edt\u00e1sa.<\/p>\n<p>A munk\u00e1k v\u00e1rhat\u00f3 befejez\u00e9se ez \u00e9v j\u00fanius eleje, amikor is \u00fcnnep\u00e9lyes keretek k\u00f6z\u00f6tt ker\u00fcl majd \u00e1tad\u00e1sra a torony \u00e9s annak kieg\u00e9sz\u00edt\u0151 munk\u00e1i a lakoss\u00e1g \u00e9s a l\u00e1togat\u00f3k r\u00e9sz\u00e9re.<\/p>\n<p><em>Bor\u00edt\u00f3k\u00e9p, forr\u00e1s: dorog.hu<\/em><\/p>\n","protected":false},"excerpt":{"rendered":"<p>Befejez\u0151dtek a tereprendez\u00e9si munk\u00e1k, tov\u00e1bb sz\u00e9p\u00fcl az Aknatorony Kil\u00e1t\u00f3 k\u00f6rnyezete. A lakoss\u00e1g sz\u00e1m\u00e1ra is ismert, hogy az aknatorony kil\u00e1t\u00f3v\u00e1 t\u00f6rt\u00e9n\u0151 \u00e1talak\u00edt\u00e1sa eur\u00f3pai uni\u00f3s t\u00e1mogat\u00e1sb\u00f3l ker\u00fclt finansz\u00edroz\u00e1sra. A kil\u00e1t\u00f3 elk\u00e9sz\u00fclt, \u00e9s a projekt k\u00f6lts\u00e9gvet\u00e9s\u00e9ben az \u00e9p\u00edt\u00e9si soron maradv\u00e1ny keletkezett. Ezen maradv\u00e1ny felhaszn\u00e1l\u00e1s\u00e1ra az \u00f6nkorm\u00e1nyzat k\u00e9relemmel fordult a T\u00e1mogat\u00f3 fel\u00e9, aki enged\u00e9lyezte, hogy a kil\u00e1t\u00f3 k\u00f6rnyezet\u00e9t az<\/p>\n","protected":false},"author":1,"featured_media":69310,"comment_status":"closed","ping_status":"closed","sticky":false,"template":"","format":"standard","meta":{"ngg_post_thumbnail":0,"footnotes":""},"categories":[2,3],"tags":[15,5624,264],"class_list":{"0":"post-69309","1":"post","2":"type-post","3":"status-publish","4":"format-standard","5":"has-post-thumbnail","7":"category-dorog","8":"category-hirek","9":"tag-dorog","10":"tag-featured","11":"tag-kalvaria"},"yoast_head":"<!-- This site is optimized with the Yoast SEO plugin v27.4 - https:\/\/yoast.com\/product\/yoast-seo-wordpress\/ -->\n<title>Befejez\u0151dtek a tereprendez\u00e9si munk\u00e1k a dorogi K\u00e1lv\u00e1ri\u00e1n<\/title>\n<meta name=\"robots\" content=\"index, follow, max-snippet:-1, max-image-preview:large, max-video-preview:-1\" \/>\n<link rel=\"canonical\" href=\"https:\/\/dorogimedence.hu\/index.php\/2025\/03\/05\/befejezodtek-a-tereprendezesi-munkak-a-dorogi-kalvarian\/\" class=\"yoast-seo-meta-tag\" \/>\n<meta property=\"og:locale\" content=\"hu_HU\" class=\"yoast-seo-meta-tag\" \/>\n<meta property=\"og:type\" content=\"article\" class=\"yoast-seo-meta-tag\" \/>\n<meta property=\"og:title\" content=\"Befejez\u0151dtek a tereprendez\u00e9si munk\u00e1k a dorogi K\u00e1lv\u00e1ri\u00e1n\" class=\"yoast-seo-meta-tag\" \/>\n<meta property=\"og:description\" content=\"Befejez\u0151dtek a tereprendez\u00e9si munk\u00e1k, tov\u00e1bb sz\u00e9p\u00fcl az Aknatorony Kil\u00e1t\u00f3 k\u00f6rnyezete. A lakoss\u00e1g sz\u00e1m\u00e1ra is ismert, hogy az aknatorony kil\u00e1t\u00f3v\u00e1 t\u00f6rt\u00e9n\u0151 \u00e1talak\u00edt\u00e1sa eur\u00f3pai uni\u00f3s t\u00e1mogat\u00e1sb\u00f3l ker\u00fclt finansz\u00edroz\u00e1sra. A kil\u00e1t\u00f3 elk\u00e9sz\u00fclt, \u00e9s a projekt k\u00f6lts\u00e9gvet\u00e9s\u00e9ben az \u00e9p\u00edt\u00e9si soron maradv\u00e1ny keletkezett. Ezen maradv\u00e1ny felhaszn\u00e1l\u00e1s\u00e1ra az \u00f6nkorm\u00e1nyzat k\u00e9relemmel fordult a T\u00e1mogat\u00f3 fel\u00e9, aki enged\u00e9lyezte, hogy a kil\u00e1t\u00f3 k\u00f6rnyezet\u00e9t az\" class=\"yoast-seo-meta-tag\" \/>\n<meta property=\"og:url\" content=\"https:\/\/dorogimedence.hu\/index.php\/2025\/03\/05\/befejezodtek-a-tereprendezesi-munkak-a-dorogi-kalvarian\/\" class=\"yoast-seo-meta-tag\" \/>\n<meta property=\"og:site_name\" content=\"Dorogi-medence Region\u00e1lis H\u00edrport\u00e1l\" class=\"yoast-seo-meta-tag\" \/>\n<meta property=\"article:publisher\" content=\"https:\/\/www.facebook.com\/dorogimedence\/\" class=\"yoast-seo-meta-tag\" \/>\n<meta property=\"article:published_time\" content=\"2025-03-05T13:20:34+00:00\" class=\"yoast-seo-meta-tag\" \/>\n<meta property=\"og:image\" content=\"https:\/\/dorogimedence.hu\/wp-content\/uploads\/2025\/03\/481449090_949601154023549_6908019403585160247_n.jpg\" class=\"yoast-seo-meta-tag\" \/>\n\t<meta property=\"og:image:width\" content=\"2048\" class=\"yoast-seo-meta-tag\" \/>\n\t<meta property=\"og:image:height\" content=\"1152\" class=\"yoast-seo-meta-tag\" \/>\n\t<meta property=\"og:image:type\" content=\"image\/jpeg\" class=\"yoast-seo-meta-tag\" \/>\n<meta name=\"author\" content=\"dorogimedence.hu\" class=\"yoast-seo-meta-tag\" \/>\n<meta name=\"twitter:card\" content=\"summary_large_image\" class=\"yoast-seo-meta-tag\" \/>\n<meta name=\"twitter:label1\" content=\"Szerz\u0151:\" class=\"yoast-seo-meta-tag\" \/>\n\t<meta name=\"twitter:data1\" content=\"dorogimedence.hu\" class=\"yoast-seo-meta-tag\" \/>\n\t<meta name=\"twitter:label2\" content=\"Becs\u00fclt olvas\u00e1si id\u0151\" class=\"yoast-seo-meta-tag\" \/>\n\t<meta name=\"twitter:data2\" content=\"2 perc\" class=\"yoast-seo-meta-tag\" \/>\n<script type=\"application\/ld+json\" class=\"yoast-schema-graph\">{\"@context\":\"https:\\\/\\\/schema.org\",\"@graph\":[{\"@type\":\"Article\",\"@id\":\"https:\\\/\\\/dorogimedence.hu\\\/index.php\\\/2025\\\/03\\\/05\\\/befejezodtek-a-tereprendezesi-munkak-a-dorogi-kalvarian\\\/#article\",\"isPartOf\":{\"@id\":\"https:\\\/\\\/dorogimedence.hu\\\/index.php\\\/2025\\\/03\\\/05\\\/befejezodtek-a-tereprendezesi-munkak-a-dorogi-kalvarian\\\/\"},\"author\":{\"name\":\"dorogimedence.hu\",\"@id\":\"https:\\\/\\\/dorogimedence.hu\\\/#\\\/schema\\\/person\\\/ce6091eeb7e95ecdc87890d6aa8e0fd4\"},\"headline\":\"Befejez\u0151dtek a tereprendez\u00e9si munk\u00e1k a dorogi K\u00e1lv\u00e1ri\u00e1n\",\"datePublished\":\"2025-03-05T13:20:34+00:00\",\"mainEntityOfPage\":{\"@id\":\"https:\\\/\\\/dorogimedence.hu\\\/index.php\\\/2025\\\/03\\\/05\\\/befejezodtek-a-tereprendezesi-munkak-a-dorogi-kalvarian\\\/\"},\"wordCount\":378,\"publisher\":{\"@id\":\"https:\\\/\\\/dorogimedence.hu\\\/#organization\"},\"image\":{\"@id\":\"https:\\\/\\\/dorogimedence.hu\\\/index.php\\\/2025\\\/03\\\/05\\\/befejezodtek-a-tereprendezesi-munkak-a-dorogi-kalvarian\\\/#primaryimage\"},\"thumbnailUrl\":\"https:\\\/\\\/dorogimedence.hu\\\/wp-content\\\/uploads\\\/2025\\\/03\\\/481449090_949601154023549_6908019403585160247_n.jpg\",\"keywords\":[\"Dorog\",\"featured\",\"k\u00e1lv\u00e1ria\"],\"articleSection\":[\"Dorog\",\"H\u00edrek\"],\"inLanguage\":\"hu\"},{\"@type\":\"WebPage\",\"@id\":\"https:\\\/\\\/dorogimedence.hu\\\/index.php\\\/2025\\\/03\\\/05\\\/befejezodtek-a-tereprendezesi-munkak-a-dorogi-kalvarian\\\/\",\"url\":\"https:\\\/\\\/dorogimedence.hu\\\/index.php\\\/2025\\\/03\\\/05\\\/befejezodtek-a-tereprendezesi-munkak-a-dorogi-kalvarian\\\/\",\"name\":\"Befejez\u0151dtek a tereprendez\u00e9si munk\u00e1k a dorogi K\u00e1lv\u00e1ri\u00e1n\",\"isPartOf\":{\"@id\":\"https:\\\/\\\/dorogimedence.hu\\\/#website\"},\"primaryImageOfPage\":{\"@id\":\"https:\\\/\\\/dorogimedence.hu\\\/index.php\\\/2025\\\/03\\\/05\\\/befejezodtek-a-tereprendezesi-munkak-a-dorogi-kalvarian\\\/#primaryimage\"},\"image\":{\"@id\":\"https:\\\/\\\/dorogimedence.hu\\\/index.php\\\/2025\\\/03\\\/05\\\/befejezodtek-a-tereprendezesi-munkak-a-dorogi-kalvarian\\\/#primaryimage\"},\"thumbnailUrl\":\"https:\\\/\\\/dorogimedence.hu\\\/wp-content\\\/uploads\\\/2025\\\/03\\\/481449090_949601154023549_6908019403585160247_n.jpg\",\"datePublished\":\"2025-03-05T13:20:34+00:00\",\"breadcrumb\":{\"@id\":\"https:\\\/\\\/dorogimedence.hu\\\/index.php\\\/2025\\\/03\\\/05\\\/befejezodtek-a-tereprendezesi-munkak-a-dorogi-kalvarian\\\/#breadcrumb\"},\"inLanguage\":\"hu\",\"potentialAction\":[{\"@type\":\"ReadAction\",\"target\":[\"https:\\\/\\\/dorogimedence.hu\\\/index.php\\\/2025\\\/03\\\/05\\\/befejezodtek-a-tereprendezesi-munkak-a-dorogi-kalvarian\\\/\"]}]},{\"@type\":\"ImageObject\",\"inLanguage\":\"hu\",\"@id\":\"https:\\\/\\\/dorogimedence.hu\\\/index.php\\\/2025\\\/03\\\/05\\\/befejezodtek-a-tereprendezesi-munkak-a-dorogi-kalvarian\\\/#primaryimage\",\"url\":\"https:\\\/\\\/dorogimedence.hu\\\/wp-content\\\/uploads\\\/2025\\\/03\\\/481449090_949601154023549_6908019403585160247_n.jpg\",\"contentUrl\":\"https:\\\/\\\/dorogimedence.hu\\\/wp-content\\\/uploads\\\/2025\\\/03\\\/481449090_949601154023549_6908019403585160247_n.jpg\",\"width\":2048,\"height\":1152},{\"@type\":\"BreadcrumbList\",\"@id\":\"https:\\\/\\\/dorogimedence.hu\\\/index.php\\\/2025\\\/03\\\/05\\\/befejezodtek-a-tereprendezesi-munkak-a-dorogi-kalvarian\\\/#breadcrumb\",\"itemListElement\":[{\"@type\":\"ListItem\",\"position\":1,\"name\":\"Kezd\u0151lap\",\"item\":\"https:\\\/\\\/dorogimedence.hu\\\/\"},{\"@type\":\"ListItem\",\"position\":2,\"name\":\"Befejez\u0151dtek a tereprendez\u00e9si munk\u00e1k a dorogi K\u00e1lv\u00e1ri\u00e1n\"}]},{\"@type\":\"WebSite\",\"@id\":\"https:\\\/\\\/dorogimedence.hu\\\/#website\",\"url\":\"https:\\\/\\\/dorogimedence.hu\\\/\",\"name\":\"Dorogi-medence Region\u00e1lis H\u00edrport\u00e1l\",\"description\":\"Dorog, Keszt\u00f6lc, Le\u00e1nyv\u00e1r, Piliscs\u00e9v, Tokod, Tokodalt\u00e1r\u00f3, Csolnok, Esztergom-kertv\u00e1ros: h\u00edrek, programok\",\"publisher\":{\"@id\":\"https:\\\/\\\/dorogimedence.hu\\\/#organization\"},\"potentialAction\":[{\"@type\":\"SearchAction\",\"target\":{\"@type\":\"EntryPoint\",\"urlTemplate\":\"https:\\\/\\\/dorogimedence.hu\\\/?s={search_term_string}\"},\"query-input\":{\"@type\":\"PropertyValueSpecification\",\"valueRequired\":true,\"valueName\":\"search_term_string\"}}],\"inLanguage\":\"hu\"},{\"@type\":\"Organization\",\"@id\":\"https:\\\/\\\/dorogimedence.hu\\\/#organization\",\"name\":\"Dorogi-medence Region\u00e1lis H\u00edrport\u00e1l\",\"url\":\"https:\\\/\\\/dorogimedence.hu\\\/\",\"logo\":{\"@type\":\"ImageObject\",\"inLanguage\":\"hu\",\"@id\":\"https:\\\/\\\/dorogimedence.hu\\\/#\\\/schema\\\/logo\\\/image\\\/\",\"url\":\"https:\\\/\\\/dorogimedence.hu\\\/wp-content\\\/uploads\\\/2021\\\/04\\\/logo-feher-600.png\",\"contentUrl\":\"https:\\\/\\\/dorogimedence.hu\\\/wp-content\\\/uploads\\\/2021\\\/04\\\/logo-feher-600.png\",\"width\":600,\"height\":100,\"caption\":\"Dorogi-medence Region\u00e1lis H\u00edrport\u00e1l\"},\"image\":{\"@id\":\"https:\\\/\\\/dorogimedence.hu\\\/#\\\/schema\\\/logo\\\/image\\\/\"},\"sameAs\":[\"https:\\\/\\\/www.facebook.com\\\/dorogimedence\\\/\"]},{\"@type\":\"Person\",\"@id\":\"https:\\\/\\\/dorogimedence.hu\\\/#\\\/schema\\\/person\\\/ce6091eeb7e95ecdc87890d6aa8e0fd4\",\"name\":\"dorogimedence.hu\",\"image\":{\"@type\":\"ImageObject\",\"inLanguage\":\"hu\",\"@id\":\"\\\/\\\/www.gravatar.com\\\/avatar\\\/d8d45f8901aadff40a4af72c0b826f1d?s=96&#038;r=g&#038;d=mm\",\"url\":\"\\\/\\\/www.gravatar.com\\\/avatar\\\/d8d45f8901aadff40a4af72c0b826f1d?s=96&#038;r=g&#038;d=mm\",\"contentUrl\":\"\\\/\\\/www.gravatar.com\\\/avatar\\\/d8d45f8901aadff40a4af72c0b826f1d?s=96&#038;r=g&#038;d=mm\",\"caption\":\"dorogimedence.hu\"}}]}<\/script>\n<!-- \/ Yoast SEO plugin. -->","yoast_head_json":{"title":"Befejez\u0151dtek a tereprendez\u00e9si munk\u00e1k a dorogi K\u00e1lv\u00e1ri\u00e1n","robots":{"index":"index","follow":"follow","max-snippet":"max-snippet:-1","max-image-preview":"max-image-preview:large","max-video-preview":"max-video-preview:-1"},"canonical":"https:\/\/dorogimedence.hu\/index.php\/2025\/03\/05\/befejezodtek-a-tereprendezesi-munkak-a-dorogi-kalvarian\/","og_locale":"hu_HU","og_type":"article","og_title":"Befejez\u0151dtek a tereprendez\u00e9si munk\u00e1k a dorogi K\u00e1lv\u00e1ri\u00e1n","og_description":"Befejez\u0151dtek a tereprendez\u00e9si munk\u00e1k, tov\u00e1bb sz\u00e9p\u00fcl az Aknatorony Kil\u00e1t\u00f3 k\u00f6rnyezete. A lakoss\u00e1g sz\u00e1m\u00e1ra is ismert, hogy az aknatorony kil\u00e1t\u00f3v\u00e1 t\u00f6rt\u00e9n\u0151 \u00e1talak\u00edt\u00e1sa eur\u00f3pai uni\u00f3s t\u00e1mogat\u00e1sb\u00f3l ker\u00fclt finansz\u00edroz\u00e1sra. A kil\u00e1t\u00f3 elk\u00e9sz\u00fclt, \u00e9s a projekt k\u00f6lts\u00e9gvet\u00e9s\u00e9ben az \u00e9p\u00edt\u00e9si soron maradv\u00e1ny keletkezett. Ezen maradv\u00e1ny felhaszn\u00e1l\u00e1s\u00e1ra az \u00f6nkorm\u00e1nyzat k\u00e9relemmel fordult a T\u00e1mogat\u00f3 fel\u00e9, aki enged\u00e9lyezte, hogy a kil\u00e1t\u00f3 k\u00f6rnyezet\u00e9t az","og_url":"https:\/\/dorogimedence.hu\/index.php\/2025\/03\/05\/befejezodtek-a-tereprendezesi-munkak-a-dorogi-kalvarian\/","og_site_name":"Dorogi-medence Region\u00e1lis H\u00edrport\u00e1l","article_publisher":"https:\/\/www.facebook.com\/dorogimedence\/","article_published_time":"2025-03-05T13:20:34+00:00","og_image":[{"width":2048,"height":1152,"url":"https:\/\/dorogimedence.hu\/wp-content\/uploads\/2025\/03\/481449090_949601154023549_6908019403585160247_n.jpg","type":"image\/jpeg"}],"author":"dorogimedence.hu","twitter_card":"summary_large_image","twitter_misc":{"Szerz\u0151:":"dorogimedence.hu","Becs\u00fclt olvas\u00e1si id\u0151":"2 perc"},"schema":{"@context":"https:\/\/schema.org","@graph":[{"@type":"Article","@id":"https:\/\/dorogimedence.hu\/index.php\/2025\/03\/05\/befejezodtek-a-tereprendezesi-munkak-a-dorogi-kalvarian\/#article","isPartOf":{"@id":"https:\/\/dorogimedence.hu\/index.php\/2025\/03\/05\/befejezodtek-a-tereprendezesi-munkak-a-dorogi-kalvarian\/"},"author":{"name":"dorogimedence.hu","@id":"https:\/\/dorogimedence.hu\/#\/schema\/person\/ce6091eeb7e95ecdc87890d6aa8e0fd4"},"headline":"Befejez\u0151dtek a tereprendez\u00e9si munk\u00e1k a dorogi K\u00e1lv\u00e1ri\u00e1n","datePublished":"2025-03-05T13:20:34+00:00","mainEntityOfPage":{"@id":"https:\/\/dorogimedence.hu\/index.php\/2025\/03\/05\/befejezodtek-a-tereprendezesi-munkak-a-dorogi-kalvarian\/"},"wordCount":378,"publisher":{"@id":"https:\/\/dorogimedence.hu\/#organization"},"image":{"@id":"https:\/\/dorogimedence.hu\/index.php\/2025\/03\/05\/befejezodtek-a-tereprendezesi-munkak-a-dorogi-kalvarian\/#primaryimage"},"thumbnailUrl":"https:\/\/dorogimedence.hu\/wp-content\/uploads\/2025\/03\/481449090_949601154023549_6908019403585160247_n.jpg","keywords":["Dorog","featured","k\u00e1lv\u00e1ria"],"articleSection":["Dorog","H\u00edrek"],"inLanguage":"hu"},{"@type":"WebPage","@id":"https:\/\/dorogimedence.hu\/index.php\/2025\/03\/05\/befejezodtek-a-tereprendezesi-munkak-a-dorogi-kalvarian\/","url":"https:\/\/dorogimedence.hu\/index.php\/2025\/03\/05\/befejezodtek-a-tereprendezesi-munkak-a-dorogi-kalvarian\/","name":"Befejez\u0151dtek a tereprendez\u00e9si munk\u00e1k a dorogi K\u00e1lv\u00e1ri\u00e1n","isPartOf":{"@id":"https:\/\/dorogimedence.hu\/#website"},"primaryImageOfPage":{"@id":"https:\/\/dorogimedence.hu\/index.php\/2025\/03\/05\/befejezodtek-a-tereprendezesi-munkak-a-dorogi-kalvarian\/#primaryimage"},"image":{"@id":"https:\/\/dorogimedence.hu\/index.php\/2025\/03\/05\/befejezodtek-a-tereprendezesi-munkak-a-dorogi-kalvarian\/#primaryimage"},"thumbnailUrl":"https:\/\/dorogimedence.hu\/wp-content\/uploads\/2025\/03\/481449090_949601154023549_6908019403585160247_n.jpg","datePublished":"2025-03-05T13:20:34+00:00","breadcrumb":{"@id":"https:\/\/dorogimedence.hu\/index.php\/2025\/03\/05\/befejezodtek-a-tereprendezesi-munkak-a-dorogi-kalvarian\/#breadcrumb"},"inLanguage":"hu","potentialAction":[{"@type":"ReadAction","target":["https:\/\/dorogimedence.hu\/index.php\/2025\/03\/05\/befejezodtek-a-tereprendezesi-munkak-a-dorogi-kalvarian\/"]}]},{"@type":"ImageObject","inLanguage":"hu","@id":"https:\/\/dorogimedence.hu\/index.php\/2025\/03\/05\/befejezodtek-a-tereprendezesi-munkak-a-dorogi-kalvarian\/#primaryimage","url":"https:\/\/dorogimedence.hu\/wp-content\/uploads\/2025\/03\/481449090_949601154023549_6908019403585160247_n.jpg","contentUrl":"https:\/\/dorogimedence.hu\/wp-content\/uploads\/2025\/03\/481449090_949601154023549_6908019403585160247_n.jpg","width":2048,"height":1152},{"@type":"BreadcrumbList","@id":"https:\/\/dorogimedence.hu\/index.php\/2025\/03\/05\/befejezodtek-a-tereprendezesi-munkak-a-dorogi-kalvarian\/#breadcrumb","itemListElement":[{"@type":"ListItem","position":1,"name":"Kezd\u0151lap","item":"https:\/\/dorogimedence.hu\/"},{"@type":"ListItem","position":2,"name":"Befejez\u0151dtek a tereprendez\u00e9si munk\u00e1k a dorogi K\u00e1lv\u00e1ri\u00e1n"}]},{"@type":"WebSite","@id":"https:\/\/dorogimedence.hu\/#website","url":"https:\/\/dorogimedence.hu\/","name":"Dorogi-medence Region\u00e1lis H\u00edrport\u00e1l","description":"Dorog, Keszt\u00f6lc, Le\u00e1nyv\u00e1r, Piliscs\u00e9v, Tokod, Tokodalt\u00e1r\u00f3, Csolnok, Esztergom-kertv\u00e1ros: h\u00edrek, programok","publisher":{"@id":"https:\/\/dorogimedence.hu\/#organization"},"potentialAction":[{"@type":"SearchAction","target":{"@type":"EntryPoint","urlTemplate":"https:\/\/dorogimedence.hu\/?s={search_term_string}"},"query-input":{"@type":"PropertyValueSpecification","valueRequired":true,"valueName":"search_term_string"}}],"inLanguage":"hu"},{"@type":"Organization","@id":"https:\/\/dorogimedence.hu\/#organization","name":"Dorogi-medence Region\u00e1lis H\u00edrport\u00e1l","url":"https:\/\/dorogimedence.hu\/","logo":{"@type":"ImageObject","inLanguage":"hu","@id":"https:\/\/dorogimedence.hu\/#\/schema\/logo\/image\/","url":"https:\/\/dorogimedence.hu\/wp-content\/uploads\/2021\/04\/logo-feher-600.png","contentUrl":"https:\/\/dorogimedence.hu\/wp-content\/uploads\/2021\/04\/logo-feher-600.png","width":600,"height":100,"caption":"Dorogi-medence Region\u00e1lis H\u00edrport\u00e1l"},"image":{"@id":"https:\/\/dorogimedence.hu\/#\/schema\/logo\/image\/"},"sameAs":["https:\/\/www.facebook.com\/dorogimedence\/"]},{"@type":"Person","@id":"https:\/\/dorogimedence.hu\/#\/schema\/person\/ce6091eeb7e95ecdc87890d6aa8e0fd4","name":"dorogimedence.hu","image":{"@type":"ImageObject","inLanguage":"hu","@id":"\/\/www.gravatar.com\/avatar\/d8d45f8901aadff40a4af72c0b826f1d?s=96&#038;r=g&#038;d=mm","url":"\/\/www.gravatar.com\/avatar\/d8d45f8901aadff40a4af72c0b826f1d?s=96&#038;r=g&#038;d=mm","contentUrl":"\/\/www.gravatar.com\/avatar\/d8d45f8901aadff40a4af72c0b826f1d?s=96&#038;r=g&#038;d=mm","caption":"dorogimedence.hu"}}]}},"_links":{"self":[{"href":"https:\/\/dorogimedence.hu\/index.php\/wp-json\/wp\/v2\/posts\/69309","targetHints":{"allow":["GET"]}}],"collection":[{"href":"https:\/\/dorogimedence.hu\/index.php\/wp-json\/wp\/v2\/posts"}],"about":[{"href":"https:\/\/dorogimedence.hu\/index.php\/wp-json\/wp\/v2\/types\/post"}],"author":[{"embeddable":true,"href":"https:\/\/dorogimedence.hu\/index.php\/wp-json\/wp\/v2\/users\/1"}],"replies":[{"embeddable":true,"href":"https:\/\/dorogimedence.hu\/index.php\/wp-json\/wp\/v2\/comments?post=69309"}],"version-history":[{"count":0,"href":"https:\/\/dorogimedence.hu\/index.php\/wp-json\/wp\/v2\/posts\/69309\/revisions"}],"wp:featuredmedia":[{"embeddable":true,"href":"https:\/\/dorogimedence.hu\/index.php\/wp-json\/wp\/v2\/media\/69310"}],"wp:attachment":[{"href":"https:\/\/dorogimedence.hu\/index.php\/wp-json\/wp\/v2\/media?parent=69309"}],"wp:term":[{"taxonomy":"category","embeddable":true,"href":"https:\/\/dorogimedence.hu\/index.php\/wp-json\/wp\/v2\/categories?post=69309"},{"taxonomy":"post_tag","embeddable":true,"href":"https:\/\/dorogimedence.hu\/index.php\/wp-json\/wp\/v2\/tags?post=69309"}],"curies":[{"name":"wp","href":"https:\/\/api.w.org\/{rel}","templated":true}]}}