{"id":69295,"date":"2025-03-04T16:34:15","date_gmt":"2025-03-04T15:34:15","guid":{"rendered":"https:\/\/dorogimedence.hu\/?p=69295"},"modified":"2025-03-05T14:21:23","modified_gmt":"2025-03-05T13:21:23","slug":"kozel-harommillio-forinttal-tamogatja-a-helyi-fiatalokat-a-tesco-varmegyenkben","status":"publish","type":"post","link":"https:\/\/dorogimedence.hu\/index.php\/2025\/03\/04\/kozel-harommillio-forinttal-tamogatja-a-helyi-fiatalokat-a-tesco-varmegyenkben\/","title":{"rendered":"K\u00f6zel h\u00e1rommilli\u00f3 forinttal t\u00e1mogatja a helyi fiatalokat a Tesco v\u00e1rmegy\u00e9nkben"},"content":{"rendered":"<p><strong>A Tesco \u201eStart a j\u00f6v\u0151\u00e9rt\u201d p\u00e1ly\u00e1zati programj\u00e1nak 1. fordul\u00f3j\u00e1ban t\u00f6bbek k\u00f6z\u00f6tt iskolai k\u00f6z\u00f6ss\u00e9gi t\u00e9r fejleszt\u00e9s\u00e9t, angolnyelv\u0171 filmklubot, \u00f3vodai k\u00f6rnyezetv\u00e9delmi programokat, t\u00e1rsasj\u00e1t\u00e9kpedag\u00f3giai k\u00e9szs\u00e9gfejleszt\u00e9st \u00e9s k\u00f6z\u00f6ss\u00e9gi tankertet t\u00e1mogat Kom\u00e1rom-Esztergom v\u00e1rmegy\u00e9ben. Az els\u0151sorban a 25 \u00e9v alatti gyermekek \u00e9s fiatal feln\u0151ttek \u00e9letk\u00f6r\u00fclm\u00e9nyeinek jav\u00edt\u00e1s\u00e1ra f\u00f3kusz\u00e1l\u00f3 k\u00f6z\u00f6ss\u00e9gi projekteket finansz\u00edroz\u00f3 kezdem\u00e9nyez\u00e9s keret\u00e9ben az \u00e1ruh\u00e1zl\u00e1nc \u00f6sszesen 2 milli\u00f3 850 ezer forintot biztos\u00edt 9 szervezet projektje sz\u00e1m\u00e1ra a v\u00e1rmegy\u00e9ben. A rendelkez\u00e9sre \u00e1ll\u00f3 p\u00e9nz\u00fcgyi keret sz\u00e9toszt\u00e1s\u00e1r\u00f3l a helyi v\u00e1s\u00e1rl\u00f3k d\u00f6nt\u00f6ttek, akik a legt\u00f6bb voksot a K\u00e9k Duna \u00d3voda \u00e9s B\u00f6lcs\u0151de dunaalm\u00e1si z\u00f6ld \u00f3voda p\u00e1ly\u00e1zat\u00e1ra adt\u00e1k le. A 46-os k\u00f6rzetben k\u00e9t dorogi \u00e9s egy esztergomi szervezetre lehetett voksolni.<\/strong><\/p>\n<p>Tavaly okt\u00f3berben ind\u00edtotta \u00fatj\u00e1ra a Tesco \u201eStart a j\u00f6v\u0151\u00e9rt\u201d elnevez\u00e9s\u0171 p\u00e1ly\u00e1zati programj\u00e1t, amely az \u00e1ruh\u00e1zl\u00e1nc nyolc \u00e9ven \u00e1t sikerrel fut\u00f3 \u201e\u00d6n v\u00e1laszt, mi seg\u00edt\u00fcnk\u201d programj\u00e1t v\u00e1ltotta fel. A k\u00f6z\u00f6ss\u00e9gi kezdem\u00e9nyez\u00e9s c\u00e9lja, hogy t\u00e1mogat\u00e1st biztos\u00edtson szerte az orsz\u00e1gban olyan int\u00e9zm\u00e9nyek, illetve szervezetek sz\u00e1m\u00e1ra, amelyek f\u0151k\u00e9nt a k\u00f6zvetlen k\u00f6rnyezet\u00fckben \u00e9l\u0151 25 \u00e9v alattiak \u00e9letk\u00f6r\u00fclm\u00e9nyeit szeretn\u00e9k jav\u00edtani. A kor\u00e1bbi t\u00e1mogat\u00e1si programhoz hasonl\u00f3an a Tesco ez\u00fattal is a v\u00e1s\u00e1rl\u00f3i kez\u00e9be adta a d\u00f6nt\u00e9st a saj\u00e1t k\u00f6rny\u00e9k\u00fck\u00f6n megval\u00f3sul\u00f3 projektek sz\u00e1m\u00e1ra biztos\u00edtott finansz\u00edroz\u00e1s sz\u00e9toszt\u00e1s\u00e1r\u00f3l.<\/p>\n<p>Kom\u00e1rom-Esztergom v\u00e1rmegy\u00e9ben 9 p\u00e1ly\u00e1zatra voksolhattak a v\u00e1s\u00e1rl\u00f3k janu\u00e1r 20. \u00e9s febru\u00e1r 16. k\u00f6z\u00f6tt, a<strong> legt\u00f6bb zsetont pedig a tatab\u00e1nyai Tesco hipermarket v\u00e1s\u00e1rl\u00f3i dobt\u00e1k be<\/strong><strong>. <\/strong>A v\u00e1llalat orsz\u00e1gszerte mintegy 57 milli\u00f3 forinttal t\u00e1mogat 176 p\u00e1ly\u00e1z\u00f3 szervezetet. Ebb\u0151l 2 milli\u00f3 850 ezer forint t\u00e1mogat\u00e1st ny\u00fajt a v\u00e1rmegy\u00e9ben megval\u00f3sul\u00f3 projektekre.<\/p>\n<p>A helyi szervezetek a Start a j\u00f6v\u0151\u00e9rt 1. fordul\u00f3j\u00e1ban v\u00e1ltozatos, kreat\u00edv p\u00e1ly\u00e1zatokkal k\u00fczd\u00f6ttek a v\u00e1s\u00e1rl\u00f3k voksai\u00e9rt, \u00edgy a Tesco t\u00e1mogat\u00e1s\u00e1nak k\u00f6sz\u00f6nhet\u0151en p\u00e9ld\u00e1ul a konyhai z\u00f6ld hullad\u00e9kot \u00fajrahasznos\u00edt\u00f3 \u00f3vodai tankert, j\u00e1t\u00e9kos k\u00e9szs\u00e9gfejleszt\u0151 projekt, a nyelvtanul\u00e1st t\u00e1mogat\u00f3 filmklub, k\u00f6rnyezettudatos \u00f3vodai programok, valamint k\u00f6z\u00f6ss\u00e9gi j\u00e1tsz\u00f3t\u00e9r l\u00e9tes\u00edt\u00e9se is megval\u00f3sulhat a r\u00e9gi\u00f3ban.<\/p>\n<p>A k\u00f6z\u00f6ss\u00e9gi programban be\u00e9rkezett t\u00f6bb mint 450 p\u00e1ly\u00e1zat k\u00f6z\u00fcl az Effekteam Egyes\u00fclet f\u00fcggetlen szak\u00e9rt\u0151i v\u00e1lasztott\u00e1k ki azt a 176-ot, amelyek tov\u00e1bbjutottak a szavaz\u00e1si szakaszba. Mind az 59 k\u00f6rzetben a legt\u00f6bb szavazatot \u00f6sszegy\u0171jt\u0151ket 500 ezer, a m\u00e1sodik legt\u00f6bb zsetonnal rendelkez\u0151ket 300 ezer, a harmadik helyezetteket pedig 150 ezer forintos t\u00e1mogat\u00e1ssal d\u00edjazza a Tesco, m\u00edg a k\u00fcl\u00f6nd\u00edjasokat p\u00e1ly\u00e1zatonk\u00e9nt tov\u00e1bbi 365 ezer forinttal jutalmazza. A t\u00e1mogatott projektek t\u00f6bbs\u00e9ge oktat\u00e1sra \u00e9s k\u00e9szs\u00e9gfejleszt\u00e9sre, illetve a k\u00f6z\u00f6ss\u00e9gi tev\u00e9kenys\u00e9gek \u00e9s kapcsolatok \u00e9p\u00edt\u00e9s\u00e9re ir\u00e1nyul, m\u00edg 18 sz\u00e1zal\u00e9kuk a testi \u00e9s lelki eg\u00e9szs\u00e9ggel, 12 sz\u00e1zal\u00e9kuk pedig k\u00f6rnyezet- \u00e9s term\u00e9szetv\u00e9delemmel foglalkozik.<\/p>\n<p>\u201eA Tesc\u00f3n\u00e1l min\u00e9l t\u00f6bbet szeretn\u00e9nk visszaadni azoknak a k\u00f6z\u00f6ss\u00e9geknek, ahol v\u00e1s\u00e1rl\u00f3ink \u00e9s munkat\u00e1rsaink \u00e9lnek. A 15 fordul\u00f3t meg\u00e9lt \u201e\u00d6n v\u00e1laszt, mi seg\u00edt\u00fcnk\u201d programunk ut\u00e1n a \u201eStart a j\u00f6v\u0151\u00e9rt\u201d keret\u00e9ben olyan int\u00e9zm\u00e9nyek \u00e9s szervezetek jelentkez\u00e9s\u00e9t v\u00e1rtuk, amelyek jav\u00edtani szeretn\u00e9k a k\u00f6zvetlen k\u00f6rnyezet\u00fckben \u00e9l\u0151 gyerekek \u00e9s fiatalok tanul\u00e1si lehet\u0151s\u00e9geit, k\u00e9szs\u00e9geket \u00e9s k\u00e9pess\u00e9geket fejleszten\u00e9nek, tehets\u00e9geket gondozn\u00e1nak, sz\u00e1mukra programokat, helyi k\u00f6z\u00f6ss\u00e9gi esem\u00e9nyeket szervezn\u00e9nek, illetve jobb\u00e1 tenn\u00e9k az \u00e9rintettek \u00e9letk\u00f6r\u00fclm\u00e9nyeit. B\u00fcszk\u00e9k vagyunk r\u00e1, hogy az els\u0151 fordul\u00f3ban sz\u00e1mos olyan rendk\u00edv\u00fcl hasznos k\u00f6z\u00f6ss\u00e9gi projekt megval\u00f3s\u00edt\u00e1s\u00e1hoz j\u00e1rulhatunk hozz\u00e1, amelyek 80 sz\u00e1zal\u00e9ka kifejezetten a 25 \u00e9v alattiakat c\u00e9lozza. A Tesc\u00f3n\u00e1l mi magunk is elk\u00f6telezettek vagyunk a fiatalok j\u00f6v\u0151j\u00e9nek t\u00e1mogat\u00e1sa mellett, nemr\u00e9g p\u00e9ld\u00e1ul a Tesco Akad\u00e9mia munkat\u00e1rsai szerz\u0151k\u00e9nt m\u0171k\u00f6dtek k\u00f6zre az Oktat\u00e1si Hivatal \u00e1ltal fejlesztett <a href=\"https:\/\/corporate.tesco.hu\/kereskedelmi-tankoenyv\/\" target=\"_blank\" rel=\"noopener\"><span style=\"text-decoration: underline; color: #0000ff;\">els\u0151 \u00e1llamilag akkredit\u00e1lt tananyag<\/span><\/a> \u00f6ssze\u00e1ll\u00edt\u00e1s\u00e1ban a kereskedelemben tanul\u00f3 saj\u00e1tos nevel\u00e9si ig\u00e9ny\u0171 (SNI) di\u00e1kok sz\u00e1m\u00e1ra. K\u00f6sz\u00f6nj\u00fck v\u00e1s\u00e1rl\u00f3ink akt\u00edv \u00e9s lelkes k\u00f6zrem\u0171k\u00f6d\u00e9s\u00e9t a programban, \u00e9s izgatottan v\u00e1rjuk a fiatalok j\u00f6v\u0151j\u00e9t megalapoz\u00f3 fejleszt\u00e9sek, tev\u00e9kenys\u00e9gek megval\u00f3sul\u00e1s\u00e1t\u201d \u2013 mondta Hevesi N\u00f3ra, a Tesco Magyarorsz\u00e1g kommunik\u00e1ci\u00f3s vezet\u0151je.<\/p>\n<p><strong><u>Nyertesek a 46-os k\u00f6rzetben (az esztergomi \u00e9s a dorogi \u00e1ruh\u00e1zban lehetett szavazni):<\/u><\/strong><\/p>\n<ul>\n<li><strong>3. helyez\u00e9s &#8211; 150.000 Ft (6.037 szavazat) &#8211; Z\u00f6ld Levelecske Ny\u00edlt Alap\u00edtv\u00e1ny (Dorog): <\/strong><span style=\"text-decoration: underline; color: #0000ff;\"><a style=\"color: #0000ff;\" href=\"https:\/\/tesco.hu\/kozosseg\/project\/49182\/\" target=\"_blank\" rel=\"noopener\"><strong>Gyerekek a F\u00f6ld\u00e9rt<\/strong> <\/a><\/span>Napjainkban az egyik legfontosabbunk feladat a k\u00f6rnyezet v\u00e9delme. Az \u00f3vod\u00e1skor a gyermek intenz\u00edv \u00e9rdekl\u0151d\u00e9s\u00e9nek k\u00f6sz\u00f6nhet\u0151en a legide\u00e1lisabb id\u0151szak az eredm\u00e9nyes tudatform\u00e1l\u00e1sra. El\u00fcltethetj\u00fck a felel\u0151s gondolkod\u00e1s \u00e9s hozz\u00e1\u00e1ll\u00e1s magv\u00e1t a j\u00f6v\u0151 gener\u00e1ci\u00f3iban. A projektnek k\u00f6sz\u00f6nhet\u0151en ez \u00e9lvezetesen, j\u00e1t\u00e9kos form\u00e1ban val\u00f3sulhat meg.<\/li>\n<li><strong>2. helyez\u00e9s &#8211; 300.000 Ft (7.943 szavazat) &#8211; E\u00f6tv\u00f6s Alapitv\u00e1ny a Gyermekek\u00e9rt (Dorog): <\/strong><a href=\"https:\/\/tesco.hu\/kozosseg\/project\/49402\/\" target=\"_blank\" rel=\"noopener\"><strong><span style=\"text-decoration: underline; color: #0000ff;\">English Movie Nights<\/span><\/strong> <\/a>Filmklubunk c\u00e9lja, hogy izgalmas filmekkel \u00e9s k\u00f6z\u00f6ss\u00e9gi besz\u00e9lget\u00e9sekkel t\u00e1mogassuk a gyerekek nyelvtanul\u00e1s\u00e1t \u00e9s az angol ir\u00e1nti lelkesed\u00e9s\u00e9t. Seg\u00edtsen minket abban, hogy min\u00e9l t\u00f6bb di\u00e1khoz eljuttathassuk ezt a lehet\u0151s\u00e9get! K\u00f6sz\u00f6nj\u00fck!<\/li>\n<li><strong>1. helyez\u00e9s &#8211; 500.000 Ft (8.567 szavazat) &#8211; Hat\u00e1rtalan Sz\u00edv Alap\u00edtv\u00e1ny (Esztergom): <\/strong><a href=\"https:\/\/tesco.hu\/kozosseg\/project\/52561\/\" target=\"_blank\" rel=\"noopener\"><strong><span style=\"text-decoration: underline; color: #0000ff;\">Eg\u00e9szs\u00e9ges gyerekkor, eg\u00e9szs\u00e9ges j\u00f6v\u0151<\/span><\/strong> <\/a>A Hat\u00e1rtalan Sz\u00edv Alap\u00edtv\u00e1ny c\u00e9lja, hogy a h\u00e1tr\u00e1nyos helyzet\u0171 gyermekek \u00e9s csal\u00e1dok sz\u00e1m\u00e1ra el\u00e9rhet\u0151v\u00e9 tegye az eg\u00e9szs\u00e9gtudatos \u00e9letm\u00f3dot. Programunk sz\u0171r\u0151vizsg\u00e1latokat, prevenci\u00f3s el\u0151ad\u00e1sokat \u00e9s k\u00f6z\u00f6ss\u00e9gi esem\u00e9nyeket k\u00edn\u00e1l, amelyek seg\u00edtik \u0151ket az eg\u00e9szs\u00e9g meg\u0151rz\u00e9s\u00e9ben \u00e9s k\u00f6z\u00f6ss\u00e9gi kapcsolataik er\u0151s\u00edt\u00e9s\u00e9ben. J\u00e1ruljon hozz\u00e1 ahhoz, hogy min\u00e9l t\u00f6bb ember sz\u00e1m\u00e1ra el\u00e9rhet\u0151 legyen ez a lehet\u0151s\u00e9g! K\u00e9rj\u00fck, szavazat\u00e1val t\u00e1mogassa a kezdem\u00e9nyez\u00e9st!<\/li>\n<\/ul>\n<p>B\u0151vebb inform\u00e1ci\u00f3 a programr\u00f3l a nyertes szervezetek list\u00e1j\u00e1val a <a href=\"http:\/\/www.tesco.hu\/kozosseg\" target=\"_blank\" rel=\"noopener\"><span style=\"text-decoration: underline; color: #0000ff;\">www.tesco.hu\/kozosseg<\/span><\/a> oldalon tal\u00e1lhat\u00f3.<\/p>\n<p><img fetchpriority=\"high\" decoding=\"async\" class=\"alignnone size-full wp-image-69296\" src=\"https:\/\/dorogimedence.hu\/wp-content\/uploads\/2025\/03\/infografika_start_1.jpg\" alt=\"\" width=\"1920\" height=\"1080\" srcset=\"https:\/\/dorogimedence.hu\/wp-content\/uploads\/2025\/03\/infografika_start_1.jpg 1920w, https:\/\/dorogimedence.hu\/wp-content\/uploads\/2025\/03\/infografika_start_1-600x338.jpg 600w, https:\/\/dorogimedence.hu\/wp-content\/uploads\/2025\/03\/infografika_start_1-768x432.jpg 768w, https:\/\/dorogimedence.hu\/wp-content\/uploads\/2025\/03\/infografika_start_1-1536x864.jpg 1536w, https:\/\/dorogimedence.hu\/wp-content\/uploads\/2025\/03\/infografika_start_1-150x84.jpg 150w, https:\/\/dorogimedence.hu\/wp-content\/uploads\/2025\/03\/infografika_start_1-450x253.jpg 450w, https:\/\/dorogimedence.hu\/wp-content\/uploads\/2025\/03\/infografika_start_1-1200x675.jpg 1200w\" sizes=\"(max-width: 1920px) 100vw, 1920px\" \/><\/p>\n","protected":false},"excerpt":{"rendered":"<p>A Tesco \u201eStart a j\u00f6v\u0151\u00e9rt\u201d p\u00e1ly\u00e1zati programj\u00e1nak 1. fordul\u00f3j\u00e1ban t\u00f6bbek k\u00f6z\u00f6tt iskolai k\u00f6z\u00f6ss\u00e9gi t\u00e9r fejleszt\u00e9s\u00e9t, angolnyelv\u0171 filmklubot, \u00f3vodai k\u00f6rnyezetv\u00e9delmi programokat, t\u00e1rsasj\u00e1t\u00e9kpedag\u00f3giai k\u00e9szs\u00e9gfejleszt\u00e9st \u00e9s k\u00f6z\u00f6ss\u00e9gi tankertet t\u00e1mogat Kom\u00e1rom-Esztergom v\u00e1rmegy\u00e9ben. Az els\u0151sorban a 25 \u00e9v alatti gyermekek \u00e9s fiatal feln\u0151ttek \u00e9letk\u00f6r\u00fclm\u00e9nyeinek jav\u00edt\u00e1s\u00e1ra f\u00f3kusz\u00e1l\u00f3 k\u00f6z\u00f6ss\u00e9gi projekteket finansz\u00edroz\u00f3 kezdem\u00e9nyez\u00e9s keret\u00e9ben az \u00e1ruh\u00e1zl\u00e1nc \u00f6sszesen 2 milli\u00f3 850 ezer forintot biztos\u00edt<\/p>\n","protected":false},"author":1,"featured_media":65837,"comment_status":"closed","ping_status":"closed","sticky":false,"template":"","format":"standard","meta":{"ngg_post_thumbnail":0,"footnotes":""},"categories":[2,38,3,56],"tags":[15,42,6890,74,8208,2557],"class_list":{"0":"post-69295","1":"post","2":"type-post","3":"status-publish","4":"format-standard","5":"has-post-thumbnail","7":"category-dorog","8":"category-esztergom","9":"category-hirek","10":"category-komarom-esztergom","11":"tag-dorog","12":"tag-esztergom","13":"tag-komarom-esztergom-varmegye","14":"tag-palyazat","15":"tag-start-a-jovoert","16":"tag-tesco"},"yoast_head":"<!-- This site is optimized with the Yoast SEO plugin v27.4 - https:\/\/yoast.com\/product\/yoast-seo-wordpress\/ -->\n<title>K\u00f6zel h\u00e1rommilli\u00f3 forinttal t\u00e1mogatja a helyi fiatalokat a Tesco v\u00e1rmegy\u00e9nkben<\/title>\n<meta name=\"robots\" content=\"index, follow, max-snippet:-1, max-image-preview:large, max-video-preview:-1\" \/>\n<link rel=\"canonical\" href=\"https:\/\/dorogimedence.hu\/index.php\/2025\/03\/04\/kozel-harommillio-forinttal-tamogatja-a-helyi-fiatalokat-a-tesco-varmegyenkben\/\" class=\"yoast-seo-meta-tag\" \/>\n<meta property=\"og:locale\" content=\"hu_HU\" class=\"yoast-seo-meta-tag\" \/>\n<meta property=\"og:type\" content=\"article\" class=\"yoast-seo-meta-tag\" \/>\n<meta property=\"og:title\" content=\"K\u00f6zel h\u00e1rommilli\u00f3 forinttal t\u00e1mogatja a helyi fiatalokat a Tesco v\u00e1rmegy\u00e9nkben\" class=\"yoast-seo-meta-tag\" \/>\n<meta property=\"og:description\" content=\"A Tesco \u201eStart a j\u00f6v\u0151\u00e9rt\u201d p\u00e1ly\u00e1zati programj\u00e1nak 1. fordul\u00f3j\u00e1ban t\u00f6bbek k\u00f6z\u00f6tt iskolai k\u00f6z\u00f6ss\u00e9gi t\u00e9r fejleszt\u00e9s\u00e9t, angolnyelv\u0171 filmklubot, \u00f3vodai k\u00f6rnyezetv\u00e9delmi programokat, t\u00e1rsasj\u00e1t\u00e9kpedag\u00f3giai k\u00e9szs\u00e9gfejleszt\u00e9st \u00e9s k\u00f6z\u00f6ss\u00e9gi tankertet t\u00e1mogat Kom\u00e1rom-Esztergom v\u00e1rmegy\u00e9ben. Az els\u0151sorban a 25 \u00e9v alatti gyermekek \u00e9s fiatal feln\u0151ttek \u00e9letk\u00f6r\u00fclm\u00e9nyeinek jav\u00edt\u00e1s\u00e1ra f\u00f3kusz\u00e1l\u00f3 k\u00f6z\u00f6ss\u00e9gi projekteket finansz\u00edroz\u00f3 kezdem\u00e9nyez\u00e9s keret\u00e9ben az \u00e1ruh\u00e1zl\u00e1nc \u00f6sszesen 2 milli\u00f3 850 ezer forintot biztos\u00edt\" class=\"yoast-seo-meta-tag\" \/>\n<meta property=\"og:url\" content=\"https:\/\/dorogimedence.hu\/index.php\/2025\/03\/04\/kozel-harommillio-forinttal-tamogatja-a-helyi-fiatalokat-a-tesco-varmegyenkben\/\" class=\"yoast-seo-meta-tag\" \/>\n<meta property=\"og:site_name\" content=\"Dorogi-medence Region\u00e1lis H\u00edrport\u00e1l\" class=\"yoast-seo-meta-tag\" \/>\n<meta property=\"article:publisher\" content=\"https:\/\/www.facebook.com\/dorogimedence\/\" class=\"yoast-seo-meta-tag\" \/>\n<meta property=\"article:published_time\" content=\"2025-03-04T15:34:15+00:00\" class=\"yoast-seo-meta-tag\" \/>\n<meta property=\"article:modified_time\" content=\"2025-03-05T13:21:23+00:00\" class=\"yoast-seo-meta-tag\" \/>\n<meta property=\"og:image\" content=\"https:\/\/dorogimedence.hu\/wp-content\/uploads\/2024\/10\/stronger_starts_KV.jpg\" class=\"yoast-seo-meta-tag\" \/>\n\t<meta property=\"og:image:width\" content=\"1244\" class=\"yoast-seo-meta-tag\" \/>\n\t<meta property=\"og:image:height\" content=\"744\" class=\"yoast-seo-meta-tag\" \/>\n\t<meta property=\"og:image:type\" content=\"image\/jpeg\" class=\"yoast-seo-meta-tag\" \/>\n<meta name=\"author\" content=\"dorogimedence.hu\" class=\"yoast-seo-meta-tag\" \/>\n<meta name=\"twitter:card\" content=\"summary_large_image\" class=\"yoast-seo-meta-tag\" \/>\n<meta name=\"twitter:label1\" content=\"Szerz\u0151:\" class=\"yoast-seo-meta-tag\" \/>\n\t<meta name=\"twitter:data1\" content=\"dorogimedence.hu\" class=\"yoast-seo-meta-tag\" \/>\n\t<meta name=\"twitter:label2\" content=\"Becs\u00fclt olvas\u00e1si id\u0151\" class=\"yoast-seo-meta-tag\" \/>\n\t<meta name=\"twitter:data2\" content=\"6 perc\" class=\"yoast-seo-meta-tag\" \/>\n<script type=\"application\/ld+json\" class=\"yoast-schema-graph\">{\"@context\":\"https:\\\/\\\/schema.org\",\"@graph\":[{\"@type\":\"Article\",\"@id\":\"https:\\\/\\\/dorogimedence.hu\\\/index.php\\\/2025\\\/03\\\/04\\\/kozel-harommillio-forinttal-tamogatja-a-helyi-fiatalokat-a-tesco-varmegyenkben\\\/#article\",\"isPartOf\":{\"@id\":\"https:\\\/\\\/dorogimedence.hu\\\/index.php\\\/2025\\\/03\\\/04\\\/kozel-harommillio-forinttal-tamogatja-a-helyi-fiatalokat-a-tesco-varmegyenkben\\\/\"},\"author\":{\"name\":\"dorogimedence.hu\",\"@id\":\"https:\\\/\\\/dorogimedence.hu\\\/#\\\/schema\\\/person\\\/ce6091eeb7e95ecdc87890d6aa8e0fd4\"},\"headline\":\"K\u00f6zel h\u00e1rommilli\u00f3 forinttal t\u00e1mogatja a helyi fiatalokat a Tesco v\u00e1rmegy\u00e9nkben\",\"datePublished\":\"2025-03-04T15:34:15+00:00\",\"dateModified\":\"2025-03-05T13:21:23+00:00\",\"mainEntityOfPage\":{\"@id\":\"https:\\\/\\\/dorogimedence.hu\\\/index.php\\\/2025\\\/03\\\/04\\\/kozel-harommillio-forinttal-tamogatja-a-helyi-fiatalokat-a-tesco-varmegyenkben\\\/\"},\"wordCount\":1239,\"publisher\":{\"@id\":\"https:\\\/\\\/dorogimedence.hu\\\/#organization\"},\"image\":{\"@id\":\"https:\\\/\\\/dorogimedence.hu\\\/index.php\\\/2025\\\/03\\\/04\\\/kozel-harommillio-forinttal-tamogatja-a-helyi-fiatalokat-a-tesco-varmegyenkben\\\/#primaryimage\"},\"thumbnailUrl\":\"https:\\\/\\\/dorogimedence.hu\\\/wp-content\\\/uploads\\\/2024\\\/10\\\/stronger_starts_KV.jpg\",\"keywords\":[\"Dorog\",\"esztergom\",\"Kom\u00e1rom-Esztergom v\u00e1rmegye\",\"p\u00e1ly\u00e1zat\",\"Start a j\u00f6v\u0151\u00e9rt\",\"TESCO\"],\"articleSection\":[\"Dorog\",\"Esztergom\",\"H\u00edrek\",\"Kom\u00e1rom-Esztergom\"],\"inLanguage\":\"hu\"},{\"@type\":\"WebPage\",\"@id\":\"https:\\\/\\\/dorogimedence.hu\\\/index.php\\\/2025\\\/03\\\/04\\\/kozel-harommillio-forinttal-tamogatja-a-helyi-fiatalokat-a-tesco-varmegyenkben\\\/\",\"url\":\"https:\\\/\\\/dorogimedence.hu\\\/index.php\\\/2025\\\/03\\\/04\\\/kozel-harommillio-forinttal-tamogatja-a-helyi-fiatalokat-a-tesco-varmegyenkben\\\/\",\"name\":\"K\u00f6zel h\u00e1rommilli\u00f3 forinttal t\u00e1mogatja a helyi fiatalokat a Tesco v\u00e1rmegy\u00e9nkben\",\"isPartOf\":{\"@id\":\"https:\\\/\\\/dorogimedence.hu\\\/#website\"},\"primaryImageOfPage\":{\"@id\":\"https:\\\/\\\/dorogimedence.hu\\\/index.php\\\/2025\\\/03\\\/04\\\/kozel-harommillio-forinttal-tamogatja-a-helyi-fiatalokat-a-tesco-varmegyenkben\\\/#primaryimage\"},\"image\":{\"@id\":\"https:\\\/\\\/dorogimedence.hu\\\/index.php\\\/2025\\\/03\\\/04\\\/kozel-harommillio-forinttal-tamogatja-a-helyi-fiatalokat-a-tesco-varmegyenkben\\\/#primaryimage\"},\"thumbnailUrl\":\"https:\\\/\\\/dorogimedence.hu\\\/wp-content\\\/uploads\\\/2024\\\/10\\\/stronger_starts_KV.jpg\",\"datePublished\":\"2025-03-04T15:34:15+00:00\",\"dateModified\":\"2025-03-05T13:21:23+00:00\",\"breadcrumb\":{\"@id\":\"https:\\\/\\\/dorogimedence.hu\\\/index.php\\\/2025\\\/03\\\/04\\\/kozel-harommillio-forinttal-tamogatja-a-helyi-fiatalokat-a-tesco-varmegyenkben\\\/#breadcrumb\"},\"inLanguage\":\"hu\",\"potentialAction\":[{\"@type\":\"ReadAction\",\"target\":[\"https:\\\/\\\/dorogimedence.hu\\\/index.php\\\/2025\\\/03\\\/04\\\/kozel-harommillio-forinttal-tamogatja-a-helyi-fiatalokat-a-tesco-varmegyenkben\\\/\"]}]},{\"@type\":\"ImageObject\",\"inLanguage\":\"hu\",\"@id\":\"https:\\\/\\\/dorogimedence.hu\\\/index.php\\\/2025\\\/03\\\/04\\\/kozel-harommillio-forinttal-tamogatja-a-helyi-fiatalokat-a-tesco-varmegyenkben\\\/#primaryimage\",\"url\":\"https:\\\/\\\/dorogimedence.hu\\\/wp-content\\\/uploads\\\/2024\\\/10\\\/stronger_starts_KV.jpg\",\"contentUrl\":\"https:\\\/\\\/dorogimedence.hu\\\/wp-content\\\/uploads\\\/2024\\\/10\\\/stronger_starts_KV.jpg\",\"width\":1244,\"height\":744},{\"@type\":\"BreadcrumbList\",\"@id\":\"https:\\\/\\\/dorogimedence.hu\\\/index.php\\\/2025\\\/03\\\/04\\\/kozel-harommillio-forinttal-tamogatja-a-helyi-fiatalokat-a-tesco-varmegyenkben\\\/#breadcrumb\",\"itemListElement\":[{\"@type\":\"ListItem\",\"position\":1,\"name\":\"Kezd\u0151lap\",\"item\":\"https:\\\/\\\/dorogimedence.hu\\\/\"},{\"@type\":\"ListItem\",\"position\":2,\"name\":\"K\u00f6zel h\u00e1rommilli\u00f3 forinttal t\u00e1mogatja a helyi fiatalokat a Tesco v\u00e1rmegy\u00e9nkben\"}]},{\"@type\":\"WebSite\",\"@id\":\"https:\\\/\\\/dorogimedence.hu\\\/#website\",\"url\":\"https:\\\/\\\/dorogimedence.hu\\\/\",\"name\":\"Dorogi-medence Region\u00e1lis H\u00edrport\u00e1l\",\"description\":\"Dorog, Keszt\u00f6lc, Le\u00e1nyv\u00e1r, Piliscs\u00e9v, Tokod, Tokodalt\u00e1r\u00f3, Csolnok, Esztergom-kertv\u00e1ros: h\u00edrek, programok\",\"publisher\":{\"@id\":\"https:\\\/\\\/dorogimedence.hu\\\/#organization\"},\"potentialAction\":[{\"@type\":\"SearchAction\",\"target\":{\"@type\":\"EntryPoint\",\"urlTemplate\":\"https:\\\/\\\/dorogimedence.hu\\\/?s={search_term_string}\"},\"query-input\":{\"@type\":\"PropertyValueSpecification\",\"valueRequired\":true,\"valueName\":\"search_term_string\"}}],\"inLanguage\":\"hu\"},{\"@type\":\"Organization\",\"@id\":\"https:\\\/\\\/dorogimedence.hu\\\/#organization\",\"name\":\"Dorogi-medence Region\u00e1lis H\u00edrport\u00e1l\",\"url\":\"https:\\\/\\\/dorogimedence.hu\\\/\",\"logo\":{\"@type\":\"ImageObject\",\"inLanguage\":\"hu\",\"@id\":\"https:\\\/\\\/dorogimedence.hu\\\/#\\\/schema\\\/logo\\\/image\\\/\",\"url\":\"https:\\\/\\\/dorogimedence.hu\\\/wp-content\\\/uploads\\\/2021\\\/04\\\/logo-feher-600.png\",\"contentUrl\":\"https:\\\/\\\/dorogimedence.hu\\\/wp-content\\\/uploads\\\/2021\\\/04\\\/logo-feher-600.png\",\"width\":600,\"height\":100,\"caption\":\"Dorogi-medence Region\u00e1lis H\u00edrport\u00e1l\"},\"image\":{\"@id\":\"https:\\\/\\\/dorogimedence.hu\\\/#\\\/schema\\\/logo\\\/image\\\/\"},\"sameAs\":[\"https:\\\/\\\/www.facebook.com\\\/dorogimedence\\\/\"]},{\"@type\":\"Person\",\"@id\":\"https:\\\/\\\/dorogimedence.hu\\\/#\\\/schema\\\/person\\\/ce6091eeb7e95ecdc87890d6aa8e0fd4\",\"name\":\"dorogimedence.hu\",\"image\":{\"@type\":\"ImageObject\",\"inLanguage\":\"hu\",\"@id\":\"\\\/\\\/www.gravatar.com\\\/avatar\\\/d8d45f8901aadff40a4af72c0b826f1d?s=96&#038;r=g&#038;d=mm\",\"url\":\"\\\/\\\/www.gravatar.com\\\/avatar\\\/d8d45f8901aadff40a4af72c0b826f1d?s=96&#038;r=g&#038;d=mm\",\"contentUrl\":\"\\\/\\\/www.gravatar.com\\\/avatar\\\/d8d45f8901aadff40a4af72c0b826f1d?s=96&#038;r=g&#038;d=mm\",\"caption\":\"dorogimedence.hu\"}}]}<\/script>\n<!-- \/ Yoast SEO plugin. -->","yoast_head_json":{"title":"K\u00f6zel h\u00e1rommilli\u00f3 forinttal t\u00e1mogatja a helyi fiatalokat a Tesco v\u00e1rmegy\u00e9nkben","robots":{"index":"index","follow":"follow","max-snippet":"max-snippet:-1","max-image-preview":"max-image-preview:large","max-video-preview":"max-video-preview:-1"},"canonical":"https:\/\/dorogimedence.hu\/index.php\/2025\/03\/04\/kozel-harommillio-forinttal-tamogatja-a-helyi-fiatalokat-a-tesco-varmegyenkben\/","og_locale":"hu_HU","og_type":"article","og_title":"K\u00f6zel h\u00e1rommilli\u00f3 forinttal t\u00e1mogatja a helyi fiatalokat a Tesco v\u00e1rmegy\u00e9nkben","og_description":"A Tesco \u201eStart a j\u00f6v\u0151\u00e9rt\u201d p\u00e1ly\u00e1zati programj\u00e1nak 1. fordul\u00f3j\u00e1ban t\u00f6bbek k\u00f6z\u00f6tt iskolai k\u00f6z\u00f6ss\u00e9gi t\u00e9r fejleszt\u00e9s\u00e9t, angolnyelv\u0171 filmklubot, \u00f3vodai k\u00f6rnyezetv\u00e9delmi programokat, t\u00e1rsasj\u00e1t\u00e9kpedag\u00f3giai k\u00e9szs\u00e9gfejleszt\u00e9st \u00e9s k\u00f6z\u00f6ss\u00e9gi tankertet t\u00e1mogat Kom\u00e1rom-Esztergom v\u00e1rmegy\u00e9ben. Az els\u0151sorban a 25 \u00e9v alatti gyermekek \u00e9s fiatal feln\u0151ttek \u00e9letk\u00f6r\u00fclm\u00e9nyeinek jav\u00edt\u00e1s\u00e1ra f\u00f3kusz\u00e1l\u00f3 k\u00f6z\u00f6ss\u00e9gi projekteket finansz\u00edroz\u00f3 kezdem\u00e9nyez\u00e9s keret\u00e9ben az \u00e1ruh\u00e1zl\u00e1nc \u00f6sszesen 2 milli\u00f3 850 ezer forintot biztos\u00edt","og_url":"https:\/\/dorogimedence.hu\/index.php\/2025\/03\/04\/kozel-harommillio-forinttal-tamogatja-a-helyi-fiatalokat-a-tesco-varmegyenkben\/","og_site_name":"Dorogi-medence Region\u00e1lis H\u00edrport\u00e1l","article_publisher":"https:\/\/www.facebook.com\/dorogimedence\/","article_published_time":"2025-03-04T15:34:15+00:00","article_modified_time":"2025-03-05T13:21:23+00:00","og_image":[{"width":1244,"height":744,"url":"https:\/\/dorogimedence.hu\/wp-content\/uploads\/2024\/10\/stronger_starts_KV.jpg","type":"image\/jpeg"}],"author":"dorogimedence.hu","twitter_card":"summary_large_image","twitter_misc":{"Szerz\u0151:":"dorogimedence.hu","Becs\u00fclt olvas\u00e1si id\u0151":"6 perc"},"schema":{"@context":"https:\/\/schema.org","@graph":[{"@type":"Article","@id":"https:\/\/dorogimedence.hu\/index.php\/2025\/03\/04\/kozel-harommillio-forinttal-tamogatja-a-helyi-fiatalokat-a-tesco-varmegyenkben\/#article","isPartOf":{"@id":"https:\/\/dorogimedence.hu\/index.php\/2025\/03\/04\/kozel-harommillio-forinttal-tamogatja-a-helyi-fiatalokat-a-tesco-varmegyenkben\/"},"author":{"name":"dorogimedence.hu","@id":"https:\/\/dorogimedence.hu\/#\/schema\/person\/ce6091eeb7e95ecdc87890d6aa8e0fd4"},"headline":"K\u00f6zel h\u00e1rommilli\u00f3 forinttal t\u00e1mogatja a helyi fiatalokat a Tesco v\u00e1rmegy\u00e9nkben","datePublished":"2025-03-04T15:34:15+00:00","dateModified":"2025-03-05T13:21:23+00:00","mainEntityOfPage":{"@id":"https:\/\/dorogimedence.hu\/index.php\/2025\/03\/04\/kozel-harommillio-forinttal-tamogatja-a-helyi-fiatalokat-a-tesco-varmegyenkben\/"},"wordCount":1239,"publisher":{"@id":"https:\/\/dorogimedence.hu\/#organization"},"image":{"@id":"https:\/\/dorogimedence.hu\/index.php\/2025\/03\/04\/kozel-harommillio-forinttal-tamogatja-a-helyi-fiatalokat-a-tesco-varmegyenkben\/#primaryimage"},"thumbnailUrl":"https:\/\/dorogimedence.hu\/wp-content\/uploads\/2024\/10\/stronger_starts_KV.jpg","keywords":["Dorog","esztergom","Kom\u00e1rom-Esztergom v\u00e1rmegye","p\u00e1ly\u00e1zat","Start a j\u00f6v\u0151\u00e9rt","TESCO"],"articleSection":["Dorog","Esztergom","H\u00edrek","Kom\u00e1rom-Esztergom"],"inLanguage":"hu"},{"@type":"WebPage","@id":"https:\/\/dorogimedence.hu\/index.php\/2025\/03\/04\/kozel-harommillio-forinttal-tamogatja-a-helyi-fiatalokat-a-tesco-varmegyenkben\/","url":"https:\/\/dorogimedence.hu\/index.php\/2025\/03\/04\/kozel-harommillio-forinttal-tamogatja-a-helyi-fiatalokat-a-tesco-varmegyenkben\/","name":"K\u00f6zel h\u00e1rommilli\u00f3 forinttal t\u00e1mogatja a helyi fiatalokat a Tesco v\u00e1rmegy\u00e9nkben","isPartOf":{"@id":"https:\/\/dorogimedence.hu\/#website"},"primaryImageOfPage":{"@id":"https:\/\/dorogimedence.hu\/index.php\/2025\/03\/04\/kozel-harommillio-forinttal-tamogatja-a-helyi-fiatalokat-a-tesco-varmegyenkben\/#primaryimage"},"image":{"@id":"https:\/\/dorogimedence.hu\/index.php\/2025\/03\/04\/kozel-harommillio-forinttal-tamogatja-a-helyi-fiatalokat-a-tesco-varmegyenkben\/#primaryimage"},"thumbnailUrl":"https:\/\/dorogimedence.hu\/wp-content\/uploads\/2024\/10\/stronger_starts_KV.jpg","datePublished":"2025-03-04T15:34:15+00:00","dateModified":"2025-03-05T13:21:23+00:00","breadcrumb":{"@id":"https:\/\/dorogimedence.hu\/index.php\/2025\/03\/04\/kozel-harommillio-forinttal-tamogatja-a-helyi-fiatalokat-a-tesco-varmegyenkben\/#breadcrumb"},"inLanguage":"hu","potentialAction":[{"@type":"ReadAction","target":["https:\/\/dorogimedence.hu\/index.php\/2025\/03\/04\/kozel-harommillio-forinttal-tamogatja-a-helyi-fiatalokat-a-tesco-varmegyenkben\/"]}]},{"@type":"ImageObject","inLanguage":"hu","@id":"https:\/\/dorogimedence.hu\/index.php\/2025\/03\/04\/kozel-harommillio-forinttal-tamogatja-a-helyi-fiatalokat-a-tesco-varmegyenkben\/#primaryimage","url":"https:\/\/dorogimedence.hu\/wp-content\/uploads\/2024\/10\/stronger_starts_KV.jpg","contentUrl":"https:\/\/dorogimedence.hu\/wp-content\/uploads\/2024\/10\/stronger_starts_KV.jpg","width":1244,"height":744},{"@type":"BreadcrumbList","@id":"https:\/\/dorogimedence.hu\/index.php\/2025\/03\/04\/kozel-harommillio-forinttal-tamogatja-a-helyi-fiatalokat-a-tesco-varmegyenkben\/#breadcrumb","itemListElement":[{"@type":"ListItem","position":1,"name":"Kezd\u0151lap","item":"https:\/\/dorogimedence.hu\/"},{"@type":"ListItem","position":2,"name":"K\u00f6zel h\u00e1rommilli\u00f3 forinttal t\u00e1mogatja a helyi fiatalokat a Tesco v\u00e1rmegy\u00e9nkben"}]},{"@type":"WebSite","@id":"https:\/\/dorogimedence.hu\/#website","url":"https:\/\/dorogimedence.hu\/","name":"Dorogi-medence Region\u00e1lis H\u00edrport\u00e1l","description":"Dorog, Keszt\u00f6lc, Le\u00e1nyv\u00e1r, Piliscs\u00e9v, Tokod, Tokodalt\u00e1r\u00f3, Csolnok, Esztergom-kertv\u00e1ros: h\u00edrek, programok","publisher":{"@id":"https:\/\/dorogimedence.hu\/#organization"},"potentialAction":[{"@type":"SearchAction","target":{"@type":"EntryPoint","urlTemplate":"https:\/\/dorogimedence.hu\/?s={search_term_string}"},"query-input":{"@type":"PropertyValueSpecification","valueRequired":true,"valueName":"search_term_string"}}],"inLanguage":"hu"},{"@type":"Organization","@id":"https:\/\/dorogimedence.hu\/#organization","name":"Dorogi-medence Region\u00e1lis H\u00edrport\u00e1l","url":"https:\/\/dorogimedence.hu\/","logo":{"@type":"ImageObject","inLanguage":"hu","@id":"https:\/\/dorogimedence.hu\/#\/schema\/logo\/image\/","url":"https:\/\/dorogimedence.hu\/wp-content\/uploads\/2021\/04\/logo-feher-600.png","contentUrl":"https:\/\/dorogimedence.hu\/wp-content\/uploads\/2021\/04\/logo-feher-600.png","width":600,"height":100,"caption":"Dorogi-medence Region\u00e1lis H\u00edrport\u00e1l"},"image":{"@id":"https:\/\/dorogimedence.hu\/#\/schema\/logo\/image\/"},"sameAs":["https:\/\/www.facebook.com\/dorogimedence\/"]},{"@type":"Person","@id":"https:\/\/dorogimedence.hu\/#\/schema\/person\/ce6091eeb7e95ecdc87890d6aa8e0fd4","name":"dorogimedence.hu","image":{"@type":"ImageObject","inLanguage":"hu","@id":"\/\/www.gravatar.com\/avatar\/d8d45f8901aadff40a4af72c0b826f1d?s=96&#038;r=g&#038;d=mm","url":"\/\/www.gravatar.com\/avatar\/d8d45f8901aadff40a4af72c0b826f1d?s=96&#038;r=g&#038;d=mm","contentUrl":"\/\/www.gravatar.com\/avatar\/d8d45f8901aadff40a4af72c0b826f1d?s=96&#038;r=g&#038;d=mm","caption":"dorogimedence.hu"}}]}},"_links":{"self":[{"href":"https:\/\/dorogimedence.hu\/index.php\/wp-json\/wp\/v2\/posts\/69295","targetHints":{"allow":["GET"]}}],"collection":[{"href":"https:\/\/dorogimedence.hu\/index.php\/wp-json\/wp\/v2\/posts"}],"about":[{"href":"https:\/\/dorogimedence.hu\/index.php\/wp-json\/wp\/v2\/types\/post"}],"author":[{"embeddable":true,"href":"https:\/\/dorogimedence.hu\/index.php\/wp-json\/wp\/v2\/users\/1"}],"replies":[{"embeddable":true,"href":"https:\/\/dorogimedence.hu\/index.php\/wp-json\/wp\/v2\/comments?post=69295"}],"version-history":[{"count":0,"href":"https:\/\/dorogimedence.hu\/index.php\/wp-json\/wp\/v2\/posts\/69295\/revisions"}],"wp:featuredmedia":[{"embeddable":true,"href":"https:\/\/dorogimedence.hu\/index.php\/wp-json\/wp\/v2\/media\/65837"}],"wp:attachment":[{"href":"https:\/\/dorogimedence.hu\/index.php\/wp-json\/wp\/v2\/media?parent=69295"}],"wp:term":[{"taxonomy":"category","embeddable":true,"href":"https:\/\/dorogimedence.hu\/index.php\/wp-json\/wp\/v2\/categories?post=69295"},{"taxonomy":"post_tag","embeddable":true,"href":"https:\/\/dorogimedence.hu\/index.php\/wp-json\/wp\/v2\/tags?post=69295"}],"curies":[{"name":"wp","href":"https:\/\/api.w.org\/{rel}","templated":true}]}}