{"id":69267,"date":"2025-03-03T15:08:28","date_gmt":"2025-03-03T14:08:28","guid":{"rendered":"https:\/\/dorogimedence.hu\/?p=69267"},"modified":"2025-03-03T15:08:28","modified_gmt":"2025-03-03T14:08:28","slug":"husveti-sonkakat-gyumolcsleveket-es-glutenmentes-termekeket-vizsgal-a-fogyasztovedelem","status":"publish","type":"post","link":"https:\/\/dorogimedence.hu\/index.php\/2025\/03\/03\/husveti-sonkakat-gyumolcsleveket-es-glutenmentes-termekeket-vizsgal-a-fogyasztovedelem\/","title":{"rendered":"H\u00fasv\u00e9ti sonk\u00e1kat, gy\u00fcm\u00f6lcsleveket \u00e9s glut\u00e9nmentes term\u00e9keket vizsg\u00e1l a fogyaszt\u00f3v\u00e9delem"},"content":{"rendered":"<div id=\"302\" class=\"mb-6 relative pl-4 text-text\/neutral\/subtle text-lg font-medium italic before:absolute before:left-0 before:border-l-[3px] before:border-brand\/1000 before:h-full\">\n<p class=\"mb-6\"><strong>A h\u00fasv\u00e9thoz k\u00f6zeledve a Nemzeti Kereskedelmi \u00e9s Fogyaszt\u00f3v\u00e9delmi Hat\u00f3s\u00e1g (NKFH) \u00e9s a szakmai ir\u00e1ny\u00edt\u00e1sa alatt \u00e1ll\u00f3 korm\u00e1nyhivatalok a magyar csal\u00e1dok \u00e9s fogyaszt\u00f3k v\u00e9delme \u00e9rdek\u00e9ben megkezdt\u00e9k a hagyom\u00e1nyos h\u00fasv\u00e9ti term\u00e9kk\u00f6r\u00f6k, valamint egyes speci\u00e1lis megjel\u00f6l\u00e9st tartalmaz\u00f3 \u00e9lelmiszerek ellen\u0151rz\u00e9s\u00e9t.<\/strong><\/p>\n<\/div>\n<div id=\"928\" class=\"text-text\/neutral\/strong font-medium mb-6\">\n<p class=\"mb-6\">Az NKFH laborat\u00f3riumi vizsg\u00e1lattal egybek\u00f6t\u00f6tt ellen\u0151rz\u00e9s\u00e9nek c\u00e9lja a fogyaszt\u00f3kat megt\u00e9veszt\u0151 term\u00e9kek kisz\u0171r\u00e9se, valamint az \u00e9lelmiszerbiztons\u00e1gi kock\u00e1zatot jelent\u0151 t\u00e9telek vizsg\u00e1lata. A h\u00fasv\u00e9ti \u00fcnnepek el\u0151tt a laborat\u00f3riumi vizsg\u00e1latok kiterjednek a nyers \u00e9s h\u0151kezelt sonk\u00e1kra, a gy\u00fcm\u00f6lcslevekre, valamint a glut\u00e9nmentes term\u00e9kekre egyar\u00e1nt.<\/p>\n<p class=\"mb-6\">A nyers sonk\u00e1k \u00e9s a gy\u00fcm\u00f6lcslevek eset\u00e9n a vizsg\u00e1latok c\u00e9lja a c\u00edmk\u00e9n felt\u00fcntetett megnevez\u00e9s \u00e9s t\u00e1p\u00e9rt\u00e9k adatok val\u00f3dis\u00e1g\u00e1nak az ellen\u0151rz\u00e9se a jogszab\u00e1lyok \u00e9s a Magyar \u00c9lelmiszerk\u00f6nyv \u00e1ltal meghat\u00e1rozott el\u0151\u00edr\u00e1sok teljes\u00fcl\u00e9s\u00e9nek szempontj\u00e1b\u00f3l.<\/p>\n<p class=\"mb-6\">Eg\u00e9szs\u00e9gi okokb\u00f3l kiemelten fontos, hogy a glut\u00e9nmentes jel\u00f6l\u00e9ssel forgalomba hozott \u00e9lelmiszerek t\u00e9nylegesen megfeleljenek a jel\u00f6l\u00e9sben foglaltaknak. A vonatkoz\u00f3 Uni\u00f3s rendelet alapj\u00e1n egy \u00e9lelmiszer akkor nevezhet\u0151 glut\u00e9nmentesnek, ha annak glut\u00e9ntartalma \u2013 a v\u00e9gs\u0151 fogyaszt\u00f3 sz\u00e1m\u00e1ra \u00e9rt\u00e9kes\u00edtett alakban \u2013 legfeljebb 20 mg\/kg. Az NKFH akkredit\u00e1lt \u00c9lelmiszer \u00e9s Vegyipari Laborat\u00f3riuma glut\u00e9nmentes \u2013 vagy annak mondott \u2013 kenyereket, sz\u00e1razt\u00e9szt\u00e1kat, keny\u00e9r-, palacsinta-, pizza-, s\u00fctem\u00e9nyporokat, kekszeket, liszteket \u00e9s zabitalokat egyar\u00e1nt vizsg\u00e1l.<\/p>\n<p class=\"mb-6\">A szezon\u00e1lis ellen\u0151rz\u00e9seket a kor\u00e1bbi \u00e9vek ellen\u0151rz\u00e9si adatai is indokolj\u00e1k. A legut\u00f3bbi ellen\u0151rz\u00e9sek sor\u00e1n a vizsg\u00e1lt sonk\u00e1k 25%-a nem felelt meg a jogszab\u00e1lyi el\u0151\u00edr\u00e1soknak, azoknak ugyanis t\u00falzottan magas s\u00f3tartalma volt. Gy\u00fcm\u00f6lcslevek eset\u00e9n ugyanakkor a cukortartalomra vonatkoz\u00f3 el\u0151\u00edr\u00e1sok a vizsg\u00e1lt term\u00e9kek mind\u00f6ssze 2%-\u00e1n\u00e1l nem teljes\u00fcltek, m\u00edg a glut\u00e9nmentes term\u00e9kek vonatkoz\u00e1s\u00e1ban a kifog\u00e1sol\u00e1si ar\u00e1ny csup\u00e1n 5% volt.<\/p>\n<p class=\"mb-6\">Amennyiben a laborat\u00f3riumi m\u00e9r\u00e9sek eredm\u00e9nyei szerint a vizsg\u00e1lt term\u00e9k nem el\u00e9g\u00edti ki az adott term\u00e9kt\u00edpusra vonatkoz\u00f3 k\u00f6vetelm\u00e9nyeket, \u00fagy az alkalmazott jel\u00f6l\u00e9s alkalmas lehet a fogyaszt\u00f3k megt\u00e9veszt\u00e9s\u00e9re, amely esetben a fogyaszt\u00f3v\u00e9delmi hat\u00f3s\u00e1g elj\u00e1r\u00e1st ind\u00edt.<\/p>\n<p class=\"mb-6\"><b class=\"font-bold\">Pint\u00e9r Istv\u00e1n<\/b>, a Nemzeti Kereskedelmi \u00e9s Fogyaszt\u00f3v\u00e9delmi Hat\u00f3s\u00e1g eln\u00f6ke elmondta, hogy \u201ea vizsg\u00e1latok min\u00e9l sz\u00e9lesebb k\u00f6r\u0171 lefolytat\u00e1sa \u00e9rdek\u00e9ben mintav\u00e9telekre ker\u00fcl sor bev\u00e1s\u00e1rl\u00f3k\u00f6zpontokban, \u00e1ruh\u00e1zl\u00e1ncokban, \u00fczletl\u00e1ncokban, \u00e9lelmiszerboltokban, v\u00e1s\u00e1rcsarnokokban, piacokon \u00e9s az adott term\u00e9keket \u00e1rus\u00edt\u00f3 kiskereskedelmi egys\u00e9gekben egyar\u00e1nt. Amennyiben a vizsg\u00e1lt term\u00e9k jel\u00f6l\u00e9s\u00e9vel megt\u00e9vesztik a fogyaszt\u00f3kat, \u00fagy a hat\u00f3s\u00e1g halad\u00e9ktalanul elj\u00e1r\u00e1st ind\u00edt.\u201d<\/p>\n<p class=\"mb-6\">Az NKFH \u00e9s a szakmai ir\u00e1ny\u00edt\u00e1sa alatt \u00e1ll\u00f3 korm\u00e1nyhivatalok az eg\u00e9sz \u00e9vben, \u00edgy a h\u00fasv\u00e9ti id\u0151szakban is \u0151rk\u00f6dnek a fogyaszt\u00f3i jogok \u00e9rv\u00e9nyes\u00fcl\u00e9se felett, hogy ezzel is v\u00e9dj\u00e9k a magyar csal\u00e1dokat.<\/p>\n<p><em>Forr\u00e1s: NKFH<\/em><\/p>\n<\/div>\n","protected":false},"excerpt":{"rendered":"<p>A h\u00fasv\u00e9thoz k\u00f6zeledve a Nemzeti Kereskedelmi \u00e9s Fogyaszt\u00f3v\u00e9delmi Hat\u00f3s\u00e1g (NKFH) \u00e9s a szakmai ir\u00e1ny\u00edt\u00e1sa alatt \u00e1ll\u00f3 korm\u00e1nyhivatalok a magyar csal\u00e1dok \u00e9s fogyaszt\u00f3k v\u00e9delme \u00e9rdek\u00e9ben megkezdt\u00e9k a hagyom\u00e1nyos h\u00fasv\u00e9ti term\u00e9kk\u00f6r\u00f6k, valamint egyes speci\u00e1lis megjel\u00f6l\u00e9st tartalmaz\u00f3 \u00e9lelmiszerek ellen\u0151rz\u00e9s\u00e9t. Az NKFH laborat\u00f3riumi vizsg\u00e1lattal egybek\u00f6t\u00f6tt ellen\u0151rz\u00e9s\u00e9nek c\u00e9lja a fogyaszt\u00f3kat megt\u00e9veszt\u0151 term\u00e9kek kisz\u0171r\u00e9se, valamint az \u00e9lelmiszerbiztons\u00e1gi kock\u00e1zatot jelent\u0151 t\u00e9telek vizsg\u00e1lata.<\/p>\n","protected":false},"author":1,"featured_media":0,"comment_status":"closed","ping_status":"closed","sticky":false,"template":"","format":"standard","meta":{"ngg_post_thumbnail":0,"footnotes":""},"categories":[6934,3],"tags":[515,1580,8210],"class_list":{"0":"post-69267","1":"post","2":"type-post","3":"status-publish","4":"format-standard","6":"category-belfold","7":"category-hirek","8":"tag-ellenorzes","9":"tag-fogyasztovedelem","10":"tag-nkfh"},"yoast_head":"<!-- This site is optimized with the Yoast SEO plugin v27.5 - https:\/\/yoast.com\/product\/yoast-seo-wordpress\/ -->\n<title>H\u00fasv\u00e9ti sonk\u00e1kat, gy\u00fcm\u00f6lcsleveket \u00e9s glut\u00e9nmentes term\u00e9keket vizsg\u00e1l a fogyaszt\u00f3v\u00e9delem<\/title>\n<meta name=\"robots\" content=\"index, follow, max-snippet:-1, max-image-preview:large, max-video-preview:-1\" \/>\n<link rel=\"canonical\" href=\"https:\/\/dorogimedence.hu\/index.php\/2025\/03\/03\/husveti-sonkakat-gyumolcsleveket-es-glutenmentes-termekeket-vizsgal-a-fogyasztovedelem\/\" class=\"yoast-seo-meta-tag\" \/>\n<meta property=\"og:locale\" content=\"hu_HU\" class=\"yoast-seo-meta-tag\" \/>\n<meta property=\"og:type\" content=\"article\" class=\"yoast-seo-meta-tag\" \/>\n<meta property=\"og:title\" content=\"H\u00fasv\u00e9ti sonk\u00e1kat, gy\u00fcm\u00f6lcsleveket \u00e9s glut\u00e9nmentes term\u00e9keket vizsg\u00e1l a fogyaszt\u00f3v\u00e9delem\" class=\"yoast-seo-meta-tag\" \/>\n<meta property=\"og:description\" content=\"A h\u00fasv\u00e9thoz k\u00f6zeledve a Nemzeti Kereskedelmi \u00e9s Fogyaszt\u00f3v\u00e9delmi Hat\u00f3s\u00e1g (NKFH) \u00e9s a szakmai ir\u00e1ny\u00edt\u00e1sa alatt \u00e1ll\u00f3 korm\u00e1nyhivatalok a magyar csal\u00e1dok \u00e9s fogyaszt\u00f3k v\u00e9delme \u00e9rdek\u00e9ben megkezdt\u00e9k a hagyom\u00e1nyos h\u00fasv\u00e9ti term\u00e9kk\u00f6r\u00f6k, valamint egyes speci\u00e1lis megjel\u00f6l\u00e9st tartalmaz\u00f3 \u00e9lelmiszerek ellen\u0151rz\u00e9s\u00e9t. Az NKFH laborat\u00f3riumi vizsg\u00e1lattal egybek\u00f6t\u00f6tt ellen\u0151rz\u00e9s\u00e9nek c\u00e9lja a fogyaszt\u00f3kat megt\u00e9veszt\u0151 term\u00e9kek kisz\u0171r\u00e9se, valamint az \u00e9lelmiszerbiztons\u00e1gi kock\u00e1zatot jelent\u0151 t\u00e9telek vizsg\u00e1lata.\" class=\"yoast-seo-meta-tag\" \/>\n<meta property=\"og:url\" content=\"https:\/\/dorogimedence.hu\/index.php\/2025\/03\/03\/husveti-sonkakat-gyumolcsleveket-es-glutenmentes-termekeket-vizsgal-a-fogyasztovedelem\/\" class=\"yoast-seo-meta-tag\" \/>\n<meta property=\"og:site_name\" content=\"Dorogi-medence Region\u00e1lis H\u00edrport\u00e1l\" class=\"yoast-seo-meta-tag\" \/>\n<meta property=\"article:publisher\" content=\"https:\/\/www.facebook.com\/dorogimedence\/\" class=\"yoast-seo-meta-tag\" \/>\n<meta property=\"article:published_time\" content=\"2025-03-03T14:08:28+00:00\" class=\"yoast-seo-meta-tag\" \/>\n<meta property=\"og:image\" content=\"https:\/\/dorogimedence.hu\/wp-content\/uploads\/2025\/03\/sonka.jpg\" class=\"yoast-seo-meta-tag\" \/>\n\t<meta property=\"og:image:width\" content=\"1920\" class=\"yoast-seo-meta-tag\" \/>\n\t<meta property=\"og:image:height\" content=\"1016\" class=\"yoast-seo-meta-tag\" \/>\n\t<meta property=\"og:image:type\" content=\"image\/jpeg\" class=\"yoast-seo-meta-tag\" \/>\n<meta name=\"author\" content=\"dorogimedence.hu\" class=\"yoast-seo-meta-tag\" \/>\n<meta name=\"twitter:card\" content=\"summary_large_image\" class=\"yoast-seo-meta-tag\" \/>\n<meta name=\"twitter:label1\" content=\"Szerz\u0151:\" class=\"yoast-seo-meta-tag\" \/>\n\t<meta name=\"twitter:data1\" content=\"dorogimedence.hu\" class=\"yoast-seo-meta-tag\" \/>\n\t<meta name=\"twitter:label2\" content=\"Becs\u00fclt olvas\u00e1si id\u0151\" class=\"yoast-seo-meta-tag\" \/>\n\t<meta name=\"twitter:data2\" content=\"3 perc\" class=\"yoast-seo-meta-tag\" \/>\n<script type=\"application\/ld+json\" class=\"yoast-schema-graph\">{\"@context\":\"https:\\\/\\\/schema.org\",\"@graph\":[{\"@type\":\"Article\",\"@id\":\"https:\\\/\\\/dorogimedence.hu\\\/index.php\\\/2025\\\/03\\\/03\\\/husveti-sonkakat-gyumolcsleveket-es-glutenmentes-termekeket-vizsgal-a-fogyasztovedelem\\\/#article\",\"isPartOf\":{\"@id\":\"https:\\\/\\\/dorogimedence.hu\\\/index.php\\\/2025\\\/03\\\/03\\\/husveti-sonkakat-gyumolcsleveket-es-glutenmentes-termekeket-vizsgal-a-fogyasztovedelem\\\/\"},\"author\":{\"name\":\"dorogimedence.hu\",\"@id\":\"https:\\\/\\\/dorogimedence.hu\\\/#\\\/schema\\\/person\\\/ce6091eeb7e95ecdc87890d6aa8e0fd4\"},\"headline\":\"H\u00fasv\u00e9ti sonk\u00e1kat, gy\u00fcm\u00f6lcsleveket \u00e9s glut\u00e9nmentes term\u00e9keket vizsg\u00e1l a fogyaszt\u00f3v\u00e9delem\",\"datePublished\":\"2025-03-03T14:08:28+00:00\",\"mainEntityOfPage\":{\"@id\":\"https:\\\/\\\/dorogimedence.hu\\\/index.php\\\/2025\\\/03\\\/03\\\/husveti-sonkakat-gyumolcsleveket-es-glutenmentes-termekeket-vizsgal-a-fogyasztovedelem\\\/\"},\"wordCount\":589,\"publisher\":{\"@id\":\"https:\\\/\\\/dorogimedence.hu\\\/#organization\"},\"keywords\":[\"ellen\u0151rz\u00e9s\",\"fogyaszt\u00f3v\u00e9delem\",\"NKFH\"],\"articleSection\":[\"Belf\u00f6ld, Gazdas\u00e1g\",\"H\u00edrek\"],\"inLanguage\":\"hu\"},{\"@type\":\"WebPage\",\"@id\":\"https:\\\/\\\/dorogimedence.hu\\\/index.php\\\/2025\\\/03\\\/03\\\/husveti-sonkakat-gyumolcsleveket-es-glutenmentes-termekeket-vizsgal-a-fogyasztovedelem\\\/\",\"url\":\"https:\\\/\\\/dorogimedence.hu\\\/index.php\\\/2025\\\/03\\\/03\\\/husveti-sonkakat-gyumolcsleveket-es-glutenmentes-termekeket-vizsgal-a-fogyasztovedelem\\\/\",\"name\":\"H\u00fasv\u00e9ti sonk\u00e1kat, gy\u00fcm\u00f6lcsleveket \u00e9s glut\u00e9nmentes term\u00e9keket vizsg\u00e1l a fogyaszt\u00f3v\u00e9delem\",\"isPartOf\":{\"@id\":\"https:\\\/\\\/dorogimedence.hu\\\/#website\"},\"datePublished\":\"2025-03-03T14:08:28+00:00\",\"breadcrumb\":{\"@id\":\"https:\\\/\\\/dorogimedence.hu\\\/index.php\\\/2025\\\/03\\\/03\\\/husveti-sonkakat-gyumolcsleveket-es-glutenmentes-termekeket-vizsgal-a-fogyasztovedelem\\\/#breadcrumb\"},\"inLanguage\":\"hu\",\"potentialAction\":[{\"@type\":\"ReadAction\",\"target\":[\"https:\\\/\\\/dorogimedence.hu\\\/index.php\\\/2025\\\/03\\\/03\\\/husveti-sonkakat-gyumolcsleveket-es-glutenmentes-termekeket-vizsgal-a-fogyasztovedelem\\\/\"]}]},{\"@type\":\"BreadcrumbList\",\"@id\":\"https:\\\/\\\/dorogimedence.hu\\\/index.php\\\/2025\\\/03\\\/03\\\/husveti-sonkakat-gyumolcsleveket-es-glutenmentes-termekeket-vizsgal-a-fogyasztovedelem\\\/#breadcrumb\",\"itemListElement\":[{\"@type\":\"ListItem\",\"position\":1,\"name\":\"Kezd\u0151lap\",\"item\":\"https:\\\/\\\/dorogimedence.hu\\\/\"},{\"@type\":\"ListItem\",\"position\":2,\"name\":\"H\u00fasv\u00e9ti sonk\u00e1kat, gy\u00fcm\u00f6lcsleveket \u00e9s glut\u00e9nmentes term\u00e9keket vizsg\u00e1l a fogyaszt\u00f3v\u00e9delem\"}]},{\"@type\":\"WebSite\",\"@id\":\"https:\\\/\\\/dorogimedence.hu\\\/#website\",\"url\":\"https:\\\/\\\/dorogimedence.hu\\\/\",\"name\":\"Dorogi-medence Region\u00e1lis H\u00edrport\u00e1l\",\"description\":\"Dorog, Keszt\u00f6lc, Le\u00e1nyv\u00e1r, Piliscs\u00e9v, Tokod, Tokodalt\u00e1r\u00f3, Csolnok, Esztergom-kertv\u00e1ros: h\u00edrek, programok\",\"publisher\":{\"@id\":\"https:\\\/\\\/dorogimedence.hu\\\/#organization\"},\"potentialAction\":[{\"@type\":\"SearchAction\",\"target\":{\"@type\":\"EntryPoint\",\"urlTemplate\":\"https:\\\/\\\/dorogimedence.hu\\\/?s={search_term_string}\"},\"query-input\":{\"@type\":\"PropertyValueSpecification\",\"valueRequired\":true,\"valueName\":\"search_term_string\"}}],\"inLanguage\":\"hu\"},{\"@type\":\"Organization\",\"@id\":\"https:\\\/\\\/dorogimedence.hu\\\/#organization\",\"name\":\"Dorogi-medence Region\u00e1lis H\u00edrport\u00e1l\",\"url\":\"https:\\\/\\\/dorogimedence.hu\\\/\",\"logo\":{\"@type\":\"ImageObject\",\"inLanguage\":\"hu\",\"@id\":\"https:\\\/\\\/dorogimedence.hu\\\/#\\\/schema\\\/logo\\\/image\\\/\",\"url\":\"https:\\\/\\\/dorogimedence.hu\\\/wp-content\\\/uploads\\\/2021\\\/04\\\/logo-feher-600.png\",\"contentUrl\":\"https:\\\/\\\/dorogimedence.hu\\\/wp-content\\\/uploads\\\/2021\\\/04\\\/logo-feher-600.png\",\"width\":600,\"height\":100,\"caption\":\"Dorogi-medence Region\u00e1lis H\u00edrport\u00e1l\"},\"image\":{\"@id\":\"https:\\\/\\\/dorogimedence.hu\\\/#\\\/schema\\\/logo\\\/image\\\/\"},\"sameAs\":[\"https:\\\/\\\/www.facebook.com\\\/dorogimedence\\\/\"]},{\"@type\":\"Person\",\"@id\":\"https:\\\/\\\/dorogimedence.hu\\\/#\\\/schema\\\/person\\\/ce6091eeb7e95ecdc87890d6aa8e0fd4\",\"name\":\"dorogimedence.hu\",\"image\":{\"@type\":\"ImageObject\",\"inLanguage\":\"hu\",\"@id\":\"\\\/\\\/www.gravatar.com\\\/avatar\\\/d8d45f8901aadff40a4af72c0b826f1d?s=96&#038;r=g&#038;d=mm\",\"url\":\"\\\/\\\/www.gravatar.com\\\/avatar\\\/d8d45f8901aadff40a4af72c0b826f1d?s=96&#038;r=g&#038;d=mm\",\"contentUrl\":\"\\\/\\\/www.gravatar.com\\\/avatar\\\/d8d45f8901aadff40a4af72c0b826f1d?s=96&#038;r=g&#038;d=mm\",\"caption\":\"dorogimedence.hu\"}}]}<\/script>\n<!-- \/ Yoast SEO plugin. -->","yoast_head_json":{"title":"H\u00fasv\u00e9ti sonk\u00e1kat, gy\u00fcm\u00f6lcsleveket \u00e9s glut\u00e9nmentes term\u00e9keket vizsg\u00e1l a fogyaszt\u00f3v\u00e9delem","robots":{"index":"index","follow":"follow","max-snippet":"max-snippet:-1","max-image-preview":"max-image-preview:large","max-video-preview":"max-video-preview:-1"},"canonical":"https:\/\/dorogimedence.hu\/index.php\/2025\/03\/03\/husveti-sonkakat-gyumolcsleveket-es-glutenmentes-termekeket-vizsgal-a-fogyasztovedelem\/","og_locale":"hu_HU","og_type":"article","og_title":"H\u00fasv\u00e9ti sonk\u00e1kat, gy\u00fcm\u00f6lcsleveket \u00e9s glut\u00e9nmentes term\u00e9keket vizsg\u00e1l a fogyaszt\u00f3v\u00e9delem","og_description":"A h\u00fasv\u00e9thoz k\u00f6zeledve a Nemzeti Kereskedelmi \u00e9s Fogyaszt\u00f3v\u00e9delmi Hat\u00f3s\u00e1g (NKFH) \u00e9s a szakmai ir\u00e1ny\u00edt\u00e1sa alatt \u00e1ll\u00f3 korm\u00e1nyhivatalok a magyar csal\u00e1dok \u00e9s fogyaszt\u00f3k v\u00e9delme \u00e9rdek\u00e9ben megkezdt\u00e9k a hagyom\u00e1nyos h\u00fasv\u00e9ti term\u00e9kk\u00f6r\u00f6k, valamint egyes speci\u00e1lis megjel\u00f6l\u00e9st tartalmaz\u00f3 \u00e9lelmiszerek ellen\u0151rz\u00e9s\u00e9t. Az NKFH laborat\u00f3riumi vizsg\u00e1lattal egybek\u00f6t\u00f6tt ellen\u0151rz\u00e9s\u00e9nek c\u00e9lja a fogyaszt\u00f3kat megt\u00e9veszt\u0151 term\u00e9kek kisz\u0171r\u00e9se, valamint az \u00e9lelmiszerbiztons\u00e1gi kock\u00e1zatot jelent\u0151 t\u00e9telek vizsg\u00e1lata.","og_url":"https:\/\/dorogimedence.hu\/index.php\/2025\/03\/03\/husveti-sonkakat-gyumolcsleveket-es-glutenmentes-termekeket-vizsgal-a-fogyasztovedelem\/","og_site_name":"Dorogi-medence Region\u00e1lis H\u00edrport\u00e1l","article_publisher":"https:\/\/www.facebook.com\/dorogimedence\/","article_published_time":"2025-03-03T14:08:28+00:00","og_image":[{"width":1920,"height":1016,"url":"https:\/\/dorogimedence.hu\/wp-content\/uploads\/2025\/03\/sonka.jpg","type":"image\/jpeg"}],"author":"dorogimedence.hu","twitter_card":"summary_large_image","twitter_misc":{"Szerz\u0151:":"dorogimedence.hu","Becs\u00fclt olvas\u00e1si id\u0151":"3 perc"},"schema":{"@context":"https:\/\/schema.org","@graph":[{"@type":"Article","@id":"https:\/\/dorogimedence.hu\/index.php\/2025\/03\/03\/husveti-sonkakat-gyumolcsleveket-es-glutenmentes-termekeket-vizsgal-a-fogyasztovedelem\/#article","isPartOf":{"@id":"https:\/\/dorogimedence.hu\/index.php\/2025\/03\/03\/husveti-sonkakat-gyumolcsleveket-es-glutenmentes-termekeket-vizsgal-a-fogyasztovedelem\/"},"author":{"name":"dorogimedence.hu","@id":"https:\/\/dorogimedence.hu\/#\/schema\/person\/ce6091eeb7e95ecdc87890d6aa8e0fd4"},"headline":"H\u00fasv\u00e9ti sonk\u00e1kat, gy\u00fcm\u00f6lcsleveket \u00e9s glut\u00e9nmentes term\u00e9keket vizsg\u00e1l a fogyaszt\u00f3v\u00e9delem","datePublished":"2025-03-03T14:08:28+00:00","mainEntityOfPage":{"@id":"https:\/\/dorogimedence.hu\/index.php\/2025\/03\/03\/husveti-sonkakat-gyumolcsleveket-es-glutenmentes-termekeket-vizsgal-a-fogyasztovedelem\/"},"wordCount":589,"publisher":{"@id":"https:\/\/dorogimedence.hu\/#organization"},"keywords":["ellen\u0151rz\u00e9s","fogyaszt\u00f3v\u00e9delem","NKFH"],"articleSection":["Belf\u00f6ld, Gazdas\u00e1g","H\u00edrek"],"inLanguage":"hu"},{"@type":"WebPage","@id":"https:\/\/dorogimedence.hu\/index.php\/2025\/03\/03\/husveti-sonkakat-gyumolcsleveket-es-glutenmentes-termekeket-vizsgal-a-fogyasztovedelem\/","url":"https:\/\/dorogimedence.hu\/index.php\/2025\/03\/03\/husveti-sonkakat-gyumolcsleveket-es-glutenmentes-termekeket-vizsgal-a-fogyasztovedelem\/","name":"H\u00fasv\u00e9ti sonk\u00e1kat, gy\u00fcm\u00f6lcsleveket \u00e9s glut\u00e9nmentes term\u00e9keket vizsg\u00e1l a fogyaszt\u00f3v\u00e9delem","isPartOf":{"@id":"https:\/\/dorogimedence.hu\/#website"},"datePublished":"2025-03-03T14:08:28+00:00","breadcrumb":{"@id":"https:\/\/dorogimedence.hu\/index.php\/2025\/03\/03\/husveti-sonkakat-gyumolcsleveket-es-glutenmentes-termekeket-vizsgal-a-fogyasztovedelem\/#breadcrumb"},"inLanguage":"hu","potentialAction":[{"@type":"ReadAction","target":["https:\/\/dorogimedence.hu\/index.php\/2025\/03\/03\/husveti-sonkakat-gyumolcsleveket-es-glutenmentes-termekeket-vizsgal-a-fogyasztovedelem\/"]}]},{"@type":"BreadcrumbList","@id":"https:\/\/dorogimedence.hu\/index.php\/2025\/03\/03\/husveti-sonkakat-gyumolcsleveket-es-glutenmentes-termekeket-vizsgal-a-fogyasztovedelem\/#breadcrumb","itemListElement":[{"@type":"ListItem","position":1,"name":"Kezd\u0151lap","item":"https:\/\/dorogimedence.hu\/"},{"@type":"ListItem","position":2,"name":"H\u00fasv\u00e9ti sonk\u00e1kat, gy\u00fcm\u00f6lcsleveket \u00e9s glut\u00e9nmentes term\u00e9keket vizsg\u00e1l a fogyaszt\u00f3v\u00e9delem"}]},{"@type":"WebSite","@id":"https:\/\/dorogimedence.hu\/#website","url":"https:\/\/dorogimedence.hu\/","name":"Dorogi-medence Region\u00e1lis H\u00edrport\u00e1l","description":"Dorog, Keszt\u00f6lc, Le\u00e1nyv\u00e1r, Piliscs\u00e9v, Tokod, Tokodalt\u00e1r\u00f3, Csolnok, Esztergom-kertv\u00e1ros: h\u00edrek, programok","publisher":{"@id":"https:\/\/dorogimedence.hu\/#organization"},"potentialAction":[{"@type":"SearchAction","target":{"@type":"EntryPoint","urlTemplate":"https:\/\/dorogimedence.hu\/?s={search_term_string}"},"query-input":{"@type":"PropertyValueSpecification","valueRequired":true,"valueName":"search_term_string"}}],"inLanguage":"hu"},{"@type":"Organization","@id":"https:\/\/dorogimedence.hu\/#organization","name":"Dorogi-medence Region\u00e1lis H\u00edrport\u00e1l","url":"https:\/\/dorogimedence.hu\/","logo":{"@type":"ImageObject","inLanguage":"hu","@id":"https:\/\/dorogimedence.hu\/#\/schema\/logo\/image\/","url":"https:\/\/dorogimedence.hu\/wp-content\/uploads\/2021\/04\/logo-feher-600.png","contentUrl":"https:\/\/dorogimedence.hu\/wp-content\/uploads\/2021\/04\/logo-feher-600.png","width":600,"height":100,"caption":"Dorogi-medence Region\u00e1lis H\u00edrport\u00e1l"},"image":{"@id":"https:\/\/dorogimedence.hu\/#\/schema\/logo\/image\/"},"sameAs":["https:\/\/www.facebook.com\/dorogimedence\/"]},{"@type":"Person","@id":"https:\/\/dorogimedence.hu\/#\/schema\/person\/ce6091eeb7e95ecdc87890d6aa8e0fd4","name":"dorogimedence.hu","image":{"@type":"ImageObject","inLanguage":"hu","@id":"\/\/www.gravatar.com\/avatar\/d8d45f8901aadff40a4af72c0b826f1d?s=96&#038;r=g&#038;d=mm","url":"\/\/www.gravatar.com\/avatar\/d8d45f8901aadff40a4af72c0b826f1d?s=96&#038;r=g&#038;d=mm","contentUrl":"\/\/www.gravatar.com\/avatar\/d8d45f8901aadff40a4af72c0b826f1d?s=96&#038;r=g&#038;d=mm","caption":"dorogimedence.hu"}}]}},"_links":{"self":[{"href":"https:\/\/dorogimedence.hu\/index.php\/wp-json\/wp\/v2\/posts\/69267","targetHints":{"allow":["GET"]}}],"collection":[{"href":"https:\/\/dorogimedence.hu\/index.php\/wp-json\/wp\/v2\/posts"}],"about":[{"href":"https:\/\/dorogimedence.hu\/index.php\/wp-json\/wp\/v2\/types\/post"}],"author":[{"embeddable":true,"href":"https:\/\/dorogimedence.hu\/index.php\/wp-json\/wp\/v2\/users\/1"}],"replies":[{"embeddable":true,"href":"https:\/\/dorogimedence.hu\/index.php\/wp-json\/wp\/v2\/comments?post=69267"}],"version-history":[{"count":0,"href":"https:\/\/dorogimedence.hu\/index.php\/wp-json\/wp\/v2\/posts\/69267\/revisions"}],"wp:attachment":[{"href":"https:\/\/dorogimedence.hu\/index.php\/wp-json\/wp\/v2\/media?parent=69267"}],"wp:term":[{"taxonomy":"category","embeddable":true,"href":"https:\/\/dorogimedence.hu\/index.php\/wp-json\/wp\/v2\/categories?post=69267"},{"taxonomy":"post_tag","embeddable":true,"href":"https:\/\/dorogimedence.hu\/index.php\/wp-json\/wp\/v2\/tags?post=69267"}],"curies":[{"name":"wp","href":"https:\/\/api.w.org\/{rel}","templated":true}]}}