{"id":69259,"date":"2025-03-03T14:35:53","date_gmt":"2025-03-03T13:35:53","guid":{"rendered":"https:\/\/dorogimedence.hu\/?p=69259"},"modified":"2025-03-03T14:35:53","modified_gmt":"2025-03-03T13:35:53","slug":"bicske-fogadta-dorogot","status":"publish","type":"post","link":"https:\/\/dorogimedence.hu\/index.php\/2025\/03\/03\/bicske-fogadta-dorogot\/","title":{"rendered":"Bicske fogadta Dorogot"},"content":{"rendered":"<p><strong>A labdar\u00fag\u00f3 NB III-ban a t\u00e9li sz\u00fcnet ut\u00e1n a 18. fordul\u00f3val folytat\u00f3dtak a k\u00fczdelmek mind a n\u00e9gy csoportban. A Bicskei TC a Dorogi FC-t fogadta m\u00e1rcius 2-\u00e1n, vas\u00e1rnap.<\/strong><\/p>\n<p>Az \u00c9szaknyugati csoportban az \u00dajpest II csapata \u00f6t g\u00f3lt kapott, igaz, n\u00e9gyet szerzett is a Buda\u00f6rs vend\u00e9gek\u00e9nt, de persze ezzel elszenvedte sorozatban a negyedik veres\u00e9g\u00e9t. A csoportot vezet\u0151 Bicske 1\u20130-ra nyert a Dorog ellen, \u00e1m gy\u0151ztek a k\u00f6zvetlen riv\u00e1lisok \u2013 a Veszpr\u00e9m \u00e9s a Mosonmagyar\u00f3v\u00e1r \u2013 is.&nbsp;Gyirm\u00f3t II az \u00c9rdet, ETO a Balatonf\u00fcredet, Pusk\u00e1s II a Kom\u00e1romot, m\u00edg Szombathely a Kelen SC-t gy\u0151zte le.<\/p>\n<p><strong>\u00c9SZAKNYUGATI CSOPORT<\/strong><br \/>\nETO Akad\u00e9mia\u2013Balatonf\u00fcredi FC 2\u20131&nbsp;<br \/>\nPusk\u00e1s Akad\u00e9mia FC II\u2013Kom\u00e1rom VSE 0\u20132&nbsp;<br \/>\nVSC 2015 Veszpr\u00e9m\u2013III. Ker. TVE 1\u20130&nbsp;<br \/>\nSzombathelyi M\u00c1V Halad\u00e1s VSE\u2013Kelen SC 3\u20130&nbsp;<br \/>\nCredobus Mosonmagyar\u00f3v\u00e1r\u2013FC Sopron 2\u20130&nbsp;<br \/>\n\u00c9rdi VSE\u2013Gyirm\u00f3t FC Gy\u0151r II 2\u20133&nbsp;<br \/>\nBuda\u00f6rs\u2013\u00dajpest FC II 5\u20134&nbsp;<br \/>\nBicskei TC\u2013Dorogi FC 1\u20130&nbsp;<\/p>\n<p><strong>A Bicske-Dorog m\u00e9rk\u0151z\u00e9s jegyz\u0151k\u00f6nyve <a href=\"https:\/\/adatbank.mlsz.hu\/match\/63\/0\/29653\/18\/1959572.html\" target=\"_blank\" rel=\"noopener\"><span style=\"text-decoration: underline; color: #0000ff;\">ide kattintva<\/span><\/a> \u00e9rhet\u0151 el, m\u00edg a m\u00e9rk\u0151z\u00e9s itt n\u00e9zhet\u0151 vissza:<\/strong><\/p>\n<p><iframe title=\"BICSKEI TC \u2014 DOROGI FC\" width=\"755\" height=\"425\" src=\"https:\/\/www.youtube.com\/embed\/tbsh2mG0ILo?feature=oembed\" frameborder=\"0\" allow=\"accelerometer; autoplay; clipboard-write; encrypted-media; gyroscope; picture-in-picture; web-share\" referrerpolicy=\"strict-origin-when-cross-origin\" allowfullscreen><\/iframe><\/p>\n<p>&nbsp;<\/p>\n<p>A k\u00f6vetkez\u0151 fordul\u00f3ra m\u00e1rcius 9-\u00e9n, vas\u00e1rnap ker\u00fcl sor. Akkor az \u00dajpest II csapata fogadja a dorogiakat.<\/p>\n<p><em>Forr\u00e1s: nemzetisport.hu \/ dorogimedence.hu<\/em><\/p>\n","protected":false},"excerpt":{"rendered":"<p>A labdar\u00fag\u00f3 NB III-ban a t\u00e9li sz\u00fcnet ut\u00e1n a 18. fordul\u00f3val folytat\u00f3dtak a k\u00fczdelmek mind a n\u00e9gy csoportban. A Bicskei TC a Dorogi FC-t fogadta m\u00e1rcius 2-\u00e1n, vas\u00e1rnap. Az \u00c9szaknyugati csoportban az \u00dajpest II csapata \u00f6t g\u00f3lt kapott, igaz, n\u00e9gyet szerzett is a Buda\u00f6rs vend\u00e9gek\u00e9nt, de persze ezzel elszenvedte sorozatban a negyedik veres\u00e9g\u00e9t. A csoportot<\/p>\n","protected":false},"author":1,"featured_media":65640,"comment_status":"closed","ping_status":"closed","sticky":false,"template":"","format":"standard","meta":{"ngg_post_thumbnail":0,"footnotes":""},"categories":[2,3,5],"tags":[2796,15,37,70,69,72,7311,16],"class_list":{"0":"post-69259","1":"post","2":"type-post","3":"status-publish","4":"format-standard","5":"has-post-thumbnail","7":"category-dorog","8":"category-hirek","9":"category-sport","10":"tag-bicske","11":"tag-dorog","12":"tag-dorogi-fc","13":"tag-foci","14":"tag-futball","15":"tag-labdarugas","16":"tag-nb-iii","17":"tag-sport"},"yoast_head":"<!-- This site is optimized with the Yoast SEO plugin v27.5 - https:\/\/yoast.com\/product\/yoast-seo-wordpress\/ -->\n<title>Bicske fogadta Dorogot<\/title>\n<meta name=\"robots\" content=\"index, follow, max-snippet:-1, max-image-preview:large, max-video-preview:-1\" \/>\n<link rel=\"canonical\" href=\"https:\/\/dorogimedence.hu\/index.php\/2025\/03\/03\/bicske-fogadta-dorogot\/\" class=\"yoast-seo-meta-tag\" \/>\n<meta property=\"og:locale\" content=\"hu_HU\" class=\"yoast-seo-meta-tag\" \/>\n<meta property=\"og:type\" content=\"article\" class=\"yoast-seo-meta-tag\" \/>\n<meta property=\"og:title\" content=\"Bicske fogadta Dorogot\" class=\"yoast-seo-meta-tag\" \/>\n<meta property=\"og:description\" content=\"A labdar\u00fag\u00f3 NB III-ban a t\u00e9li sz\u00fcnet ut\u00e1n a 18. fordul\u00f3val folytat\u00f3dtak a k\u00fczdelmek mind a n\u00e9gy csoportban. A Bicskei TC a Dorogi FC-t fogadta m\u00e1rcius 2-\u00e1n, vas\u00e1rnap. Az \u00c9szaknyugati csoportban az \u00dajpest II csapata \u00f6t g\u00f3lt kapott, igaz, n\u00e9gyet szerzett is a Buda\u00f6rs vend\u00e9gek\u00e9nt, de persze ezzel elszenvedte sorozatban a negyedik veres\u00e9g\u00e9t. A csoportot\" class=\"yoast-seo-meta-tag\" \/>\n<meta property=\"og:url\" content=\"https:\/\/dorogimedence.hu\/index.php\/2025\/03\/03\/bicske-fogadta-dorogot\/\" class=\"yoast-seo-meta-tag\" \/>\n<meta property=\"og:site_name\" content=\"Dorogi-medence Region\u00e1lis H\u00edrport\u00e1l\" class=\"yoast-seo-meta-tag\" \/>\n<meta property=\"article:publisher\" content=\"https:\/\/www.facebook.com\/dorogimedence\/\" class=\"yoast-seo-meta-tag\" \/>\n<meta property=\"article:published_time\" content=\"2025-03-03T13:35:53+00:00\" class=\"yoast-seo-meta-tag\" \/>\n<meta property=\"og:image\" content=\"https:\/\/dorogimedence.hu\/wp-content\/uploads\/2024\/10\/foci-01.jpg\" class=\"yoast-seo-meta-tag\" \/>\n\t<meta property=\"og:image:width\" content=\"1920\" class=\"yoast-seo-meta-tag\" \/>\n\t<meta property=\"og:image:height\" content=\"1280\" class=\"yoast-seo-meta-tag\" \/>\n\t<meta property=\"og:image:type\" content=\"image\/jpeg\" class=\"yoast-seo-meta-tag\" \/>\n<meta name=\"author\" content=\"dorogimedence.hu\" class=\"yoast-seo-meta-tag\" \/>\n<meta name=\"twitter:card\" content=\"summary_large_image\" class=\"yoast-seo-meta-tag\" \/>\n<meta name=\"twitter:label1\" content=\"Szerz\u0151:\" class=\"yoast-seo-meta-tag\" \/>\n\t<meta name=\"twitter:data1\" content=\"dorogimedence.hu\" class=\"yoast-seo-meta-tag\" \/>\n\t<meta name=\"twitter:label2\" content=\"Becs\u00fclt olvas\u00e1si id\u0151\" class=\"yoast-seo-meta-tag\" \/>\n\t<meta name=\"twitter:data2\" content=\"1 perc\" class=\"yoast-seo-meta-tag\" \/>\n<script type=\"application\/ld+json\" class=\"yoast-schema-graph\">{\"@context\":\"https:\\\/\\\/schema.org\",\"@graph\":[{\"@type\":\"Article\",\"@id\":\"https:\\\/\\\/dorogimedence.hu\\\/index.php\\\/2025\\\/03\\\/03\\\/bicske-fogadta-dorogot\\\/#article\",\"isPartOf\":{\"@id\":\"https:\\\/\\\/dorogimedence.hu\\\/index.php\\\/2025\\\/03\\\/03\\\/bicske-fogadta-dorogot\\\/\"},\"author\":{\"name\":\"dorogimedence.hu\",\"@id\":\"https:\\\/\\\/dorogimedence.hu\\\/#\\\/schema\\\/person\\\/ce6091eeb7e95ecdc87890d6aa8e0fd4\"},\"headline\":\"Bicske fogadta Dorogot\",\"datePublished\":\"2025-03-03T13:35:53+00:00\",\"mainEntityOfPage\":{\"@id\":\"https:\\\/\\\/dorogimedence.hu\\\/index.php\\\/2025\\\/03\\\/03\\\/bicske-fogadta-dorogot\\\/\"},\"wordCount\":248,\"publisher\":{\"@id\":\"https:\\\/\\\/dorogimedence.hu\\\/#organization\"},\"image\":{\"@id\":\"https:\\\/\\\/dorogimedence.hu\\\/index.php\\\/2025\\\/03\\\/03\\\/bicske-fogadta-dorogot\\\/#primaryimage\"},\"thumbnailUrl\":\"https:\\\/\\\/dorogimedence.hu\\\/wp-content\\\/uploads\\\/2024\\\/10\\\/foci-01.jpg\",\"keywords\":[\"Bicske\",\"Dorog\",\"Dorogi FC\",\"foci\",\"futball\",\"labdar\u00fag\u00e1s\",\"NB III\",\"sport\"],\"articleSection\":[\"Dorog\",\"H\u00edrek\",\"Sport\"],\"inLanguage\":\"hu\"},{\"@type\":\"WebPage\",\"@id\":\"https:\\\/\\\/dorogimedence.hu\\\/index.php\\\/2025\\\/03\\\/03\\\/bicske-fogadta-dorogot\\\/\",\"url\":\"https:\\\/\\\/dorogimedence.hu\\\/index.php\\\/2025\\\/03\\\/03\\\/bicske-fogadta-dorogot\\\/\",\"name\":\"Bicske fogadta Dorogot\",\"isPartOf\":{\"@id\":\"https:\\\/\\\/dorogimedence.hu\\\/#website\"},\"primaryImageOfPage\":{\"@id\":\"https:\\\/\\\/dorogimedence.hu\\\/index.php\\\/2025\\\/03\\\/03\\\/bicske-fogadta-dorogot\\\/#primaryimage\"},\"image\":{\"@id\":\"https:\\\/\\\/dorogimedence.hu\\\/index.php\\\/2025\\\/03\\\/03\\\/bicske-fogadta-dorogot\\\/#primaryimage\"},\"thumbnailUrl\":\"https:\\\/\\\/dorogimedence.hu\\\/wp-content\\\/uploads\\\/2024\\\/10\\\/foci-01.jpg\",\"datePublished\":\"2025-03-03T13:35:53+00:00\",\"breadcrumb\":{\"@id\":\"https:\\\/\\\/dorogimedence.hu\\\/index.php\\\/2025\\\/03\\\/03\\\/bicske-fogadta-dorogot\\\/#breadcrumb\"},\"inLanguage\":\"hu\",\"potentialAction\":[{\"@type\":\"ReadAction\",\"target\":[\"https:\\\/\\\/dorogimedence.hu\\\/index.php\\\/2025\\\/03\\\/03\\\/bicske-fogadta-dorogot\\\/\"]}]},{\"@type\":\"ImageObject\",\"inLanguage\":\"hu\",\"@id\":\"https:\\\/\\\/dorogimedence.hu\\\/index.php\\\/2025\\\/03\\\/03\\\/bicske-fogadta-dorogot\\\/#primaryimage\",\"url\":\"https:\\\/\\\/dorogimedence.hu\\\/wp-content\\\/uploads\\\/2024\\\/10\\\/foci-01.jpg\",\"contentUrl\":\"https:\\\/\\\/dorogimedence.hu\\\/wp-content\\\/uploads\\\/2024\\\/10\\\/foci-01.jpg\",\"width\":1920,\"height\":1280},{\"@type\":\"BreadcrumbList\",\"@id\":\"https:\\\/\\\/dorogimedence.hu\\\/index.php\\\/2025\\\/03\\\/03\\\/bicske-fogadta-dorogot\\\/#breadcrumb\",\"itemListElement\":[{\"@type\":\"ListItem\",\"position\":1,\"name\":\"Kezd\u0151lap\",\"item\":\"https:\\\/\\\/dorogimedence.hu\\\/\"},{\"@type\":\"ListItem\",\"position\":2,\"name\":\"Bicske fogadta Dorogot\"}]},{\"@type\":\"WebSite\",\"@id\":\"https:\\\/\\\/dorogimedence.hu\\\/#website\",\"url\":\"https:\\\/\\\/dorogimedence.hu\\\/\",\"name\":\"Dorogi-medence Region\u00e1lis H\u00edrport\u00e1l\",\"description\":\"Dorog, Keszt\u00f6lc, Le\u00e1nyv\u00e1r, Piliscs\u00e9v, Tokod, Tokodalt\u00e1r\u00f3, Csolnok, Esztergom-kertv\u00e1ros: h\u00edrek, programok\",\"publisher\":{\"@id\":\"https:\\\/\\\/dorogimedence.hu\\\/#organization\"},\"potentialAction\":[{\"@type\":\"SearchAction\",\"target\":{\"@type\":\"EntryPoint\",\"urlTemplate\":\"https:\\\/\\\/dorogimedence.hu\\\/?s={search_term_string}\"},\"query-input\":{\"@type\":\"PropertyValueSpecification\",\"valueRequired\":true,\"valueName\":\"search_term_string\"}}],\"inLanguage\":\"hu\"},{\"@type\":\"Organization\",\"@id\":\"https:\\\/\\\/dorogimedence.hu\\\/#organization\",\"name\":\"Dorogi-medence Region\u00e1lis H\u00edrport\u00e1l\",\"url\":\"https:\\\/\\\/dorogimedence.hu\\\/\",\"logo\":{\"@type\":\"ImageObject\",\"inLanguage\":\"hu\",\"@id\":\"https:\\\/\\\/dorogimedence.hu\\\/#\\\/schema\\\/logo\\\/image\\\/\",\"url\":\"https:\\\/\\\/dorogimedence.hu\\\/wp-content\\\/uploads\\\/2021\\\/04\\\/logo-feher-600.png\",\"contentUrl\":\"https:\\\/\\\/dorogimedence.hu\\\/wp-content\\\/uploads\\\/2021\\\/04\\\/logo-feher-600.png\",\"width\":600,\"height\":100,\"caption\":\"Dorogi-medence Region\u00e1lis H\u00edrport\u00e1l\"},\"image\":{\"@id\":\"https:\\\/\\\/dorogimedence.hu\\\/#\\\/schema\\\/logo\\\/image\\\/\"},\"sameAs\":[\"https:\\\/\\\/www.facebook.com\\\/dorogimedence\\\/\"]},{\"@type\":\"Person\",\"@id\":\"https:\\\/\\\/dorogimedence.hu\\\/#\\\/schema\\\/person\\\/ce6091eeb7e95ecdc87890d6aa8e0fd4\",\"name\":\"dorogimedence.hu\",\"image\":{\"@type\":\"ImageObject\",\"inLanguage\":\"hu\",\"@id\":\"\\\/\\\/www.gravatar.com\\\/avatar\\\/d8d45f8901aadff40a4af72c0b826f1d?s=96&#038;r=g&#038;d=mm\",\"url\":\"\\\/\\\/www.gravatar.com\\\/avatar\\\/d8d45f8901aadff40a4af72c0b826f1d?s=96&#038;r=g&#038;d=mm\",\"contentUrl\":\"\\\/\\\/www.gravatar.com\\\/avatar\\\/d8d45f8901aadff40a4af72c0b826f1d?s=96&#038;r=g&#038;d=mm\",\"caption\":\"dorogimedence.hu\"}}]}<\/script>\n<!-- \/ Yoast SEO plugin. -->","yoast_head_json":{"title":"Bicske fogadta Dorogot","robots":{"index":"index","follow":"follow","max-snippet":"max-snippet:-1","max-image-preview":"max-image-preview:large","max-video-preview":"max-video-preview:-1"},"canonical":"https:\/\/dorogimedence.hu\/index.php\/2025\/03\/03\/bicske-fogadta-dorogot\/","og_locale":"hu_HU","og_type":"article","og_title":"Bicske fogadta Dorogot","og_description":"A labdar\u00fag\u00f3 NB III-ban a t\u00e9li sz\u00fcnet ut\u00e1n a 18. fordul\u00f3val folytat\u00f3dtak a k\u00fczdelmek mind a n\u00e9gy csoportban. A Bicskei TC a Dorogi FC-t fogadta m\u00e1rcius 2-\u00e1n, vas\u00e1rnap. Az \u00c9szaknyugati csoportban az \u00dajpest II csapata \u00f6t g\u00f3lt kapott, igaz, n\u00e9gyet szerzett is a Buda\u00f6rs vend\u00e9gek\u00e9nt, de persze ezzel elszenvedte sorozatban a negyedik veres\u00e9g\u00e9t. A csoportot","og_url":"https:\/\/dorogimedence.hu\/index.php\/2025\/03\/03\/bicske-fogadta-dorogot\/","og_site_name":"Dorogi-medence Region\u00e1lis H\u00edrport\u00e1l","article_publisher":"https:\/\/www.facebook.com\/dorogimedence\/","article_published_time":"2025-03-03T13:35:53+00:00","og_image":[{"width":1920,"height":1280,"url":"https:\/\/dorogimedence.hu\/wp-content\/uploads\/2024\/10\/foci-01.jpg","type":"image\/jpeg"}],"author":"dorogimedence.hu","twitter_card":"summary_large_image","twitter_misc":{"Szerz\u0151:":"dorogimedence.hu","Becs\u00fclt olvas\u00e1si id\u0151":"1 perc"},"schema":{"@context":"https:\/\/schema.org","@graph":[{"@type":"Article","@id":"https:\/\/dorogimedence.hu\/index.php\/2025\/03\/03\/bicske-fogadta-dorogot\/#article","isPartOf":{"@id":"https:\/\/dorogimedence.hu\/index.php\/2025\/03\/03\/bicske-fogadta-dorogot\/"},"author":{"name":"dorogimedence.hu","@id":"https:\/\/dorogimedence.hu\/#\/schema\/person\/ce6091eeb7e95ecdc87890d6aa8e0fd4"},"headline":"Bicske fogadta Dorogot","datePublished":"2025-03-03T13:35:53+00:00","mainEntityOfPage":{"@id":"https:\/\/dorogimedence.hu\/index.php\/2025\/03\/03\/bicske-fogadta-dorogot\/"},"wordCount":248,"publisher":{"@id":"https:\/\/dorogimedence.hu\/#organization"},"image":{"@id":"https:\/\/dorogimedence.hu\/index.php\/2025\/03\/03\/bicske-fogadta-dorogot\/#primaryimage"},"thumbnailUrl":"https:\/\/dorogimedence.hu\/wp-content\/uploads\/2024\/10\/foci-01.jpg","keywords":["Bicske","Dorog","Dorogi FC","foci","futball","labdar\u00fag\u00e1s","NB III","sport"],"articleSection":["Dorog","H\u00edrek","Sport"],"inLanguage":"hu"},{"@type":"WebPage","@id":"https:\/\/dorogimedence.hu\/index.php\/2025\/03\/03\/bicske-fogadta-dorogot\/","url":"https:\/\/dorogimedence.hu\/index.php\/2025\/03\/03\/bicske-fogadta-dorogot\/","name":"Bicske fogadta Dorogot","isPartOf":{"@id":"https:\/\/dorogimedence.hu\/#website"},"primaryImageOfPage":{"@id":"https:\/\/dorogimedence.hu\/index.php\/2025\/03\/03\/bicske-fogadta-dorogot\/#primaryimage"},"image":{"@id":"https:\/\/dorogimedence.hu\/index.php\/2025\/03\/03\/bicske-fogadta-dorogot\/#primaryimage"},"thumbnailUrl":"https:\/\/dorogimedence.hu\/wp-content\/uploads\/2024\/10\/foci-01.jpg","datePublished":"2025-03-03T13:35:53+00:00","breadcrumb":{"@id":"https:\/\/dorogimedence.hu\/index.php\/2025\/03\/03\/bicske-fogadta-dorogot\/#breadcrumb"},"inLanguage":"hu","potentialAction":[{"@type":"ReadAction","target":["https:\/\/dorogimedence.hu\/index.php\/2025\/03\/03\/bicske-fogadta-dorogot\/"]}]},{"@type":"ImageObject","inLanguage":"hu","@id":"https:\/\/dorogimedence.hu\/index.php\/2025\/03\/03\/bicske-fogadta-dorogot\/#primaryimage","url":"https:\/\/dorogimedence.hu\/wp-content\/uploads\/2024\/10\/foci-01.jpg","contentUrl":"https:\/\/dorogimedence.hu\/wp-content\/uploads\/2024\/10\/foci-01.jpg","width":1920,"height":1280},{"@type":"BreadcrumbList","@id":"https:\/\/dorogimedence.hu\/index.php\/2025\/03\/03\/bicske-fogadta-dorogot\/#breadcrumb","itemListElement":[{"@type":"ListItem","position":1,"name":"Kezd\u0151lap","item":"https:\/\/dorogimedence.hu\/"},{"@type":"ListItem","position":2,"name":"Bicske fogadta Dorogot"}]},{"@type":"WebSite","@id":"https:\/\/dorogimedence.hu\/#website","url":"https:\/\/dorogimedence.hu\/","name":"Dorogi-medence Region\u00e1lis H\u00edrport\u00e1l","description":"Dorog, Keszt\u00f6lc, Le\u00e1nyv\u00e1r, Piliscs\u00e9v, Tokod, Tokodalt\u00e1r\u00f3, Csolnok, Esztergom-kertv\u00e1ros: h\u00edrek, programok","publisher":{"@id":"https:\/\/dorogimedence.hu\/#organization"},"potentialAction":[{"@type":"SearchAction","target":{"@type":"EntryPoint","urlTemplate":"https:\/\/dorogimedence.hu\/?s={search_term_string}"},"query-input":{"@type":"PropertyValueSpecification","valueRequired":true,"valueName":"search_term_string"}}],"inLanguage":"hu"},{"@type":"Organization","@id":"https:\/\/dorogimedence.hu\/#organization","name":"Dorogi-medence Region\u00e1lis H\u00edrport\u00e1l","url":"https:\/\/dorogimedence.hu\/","logo":{"@type":"ImageObject","inLanguage":"hu","@id":"https:\/\/dorogimedence.hu\/#\/schema\/logo\/image\/","url":"https:\/\/dorogimedence.hu\/wp-content\/uploads\/2021\/04\/logo-feher-600.png","contentUrl":"https:\/\/dorogimedence.hu\/wp-content\/uploads\/2021\/04\/logo-feher-600.png","width":600,"height":100,"caption":"Dorogi-medence Region\u00e1lis H\u00edrport\u00e1l"},"image":{"@id":"https:\/\/dorogimedence.hu\/#\/schema\/logo\/image\/"},"sameAs":["https:\/\/www.facebook.com\/dorogimedence\/"]},{"@type":"Person","@id":"https:\/\/dorogimedence.hu\/#\/schema\/person\/ce6091eeb7e95ecdc87890d6aa8e0fd4","name":"dorogimedence.hu","image":{"@type":"ImageObject","inLanguage":"hu","@id":"\/\/www.gravatar.com\/avatar\/d8d45f8901aadff40a4af72c0b826f1d?s=96&#038;r=g&#038;d=mm","url":"\/\/www.gravatar.com\/avatar\/d8d45f8901aadff40a4af72c0b826f1d?s=96&#038;r=g&#038;d=mm","contentUrl":"\/\/www.gravatar.com\/avatar\/d8d45f8901aadff40a4af72c0b826f1d?s=96&#038;r=g&#038;d=mm","caption":"dorogimedence.hu"}}]}},"_links":{"self":[{"href":"https:\/\/dorogimedence.hu\/index.php\/wp-json\/wp\/v2\/posts\/69259","targetHints":{"allow":["GET"]}}],"collection":[{"href":"https:\/\/dorogimedence.hu\/index.php\/wp-json\/wp\/v2\/posts"}],"about":[{"href":"https:\/\/dorogimedence.hu\/index.php\/wp-json\/wp\/v2\/types\/post"}],"author":[{"embeddable":true,"href":"https:\/\/dorogimedence.hu\/index.php\/wp-json\/wp\/v2\/users\/1"}],"replies":[{"embeddable":true,"href":"https:\/\/dorogimedence.hu\/index.php\/wp-json\/wp\/v2\/comments?post=69259"}],"version-history":[{"count":0,"href":"https:\/\/dorogimedence.hu\/index.php\/wp-json\/wp\/v2\/posts\/69259\/revisions"}],"wp:featuredmedia":[{"embeddable":true,"href":"https:\/\/dorogimedence.hu\/index.php\/wp-json\/wp\/v2\/media\/65640"}],"wp:attachment":[{"href":"https:\/\/dorogimedence.hu\/index.php\/wp-json\/wp\/v2\/media?parent=69259"}],"wp:term":[{"taxonomy":"category","embeddable":true,"href":"https:\/\/dorogimedence.hu\/index.php\/wp-json\/wp\/v2\/categories?post=69259"},{"taxonomy":"post_tag","embeddable":true,"href":"https:\/\/dorogimedence.hu\/index.php\/wp-json\/wp\/v2\/tags?post=69259"}],"curies":[{"name":"wp","href":"https:\/\/api.w.org\/{rel}","templated":true}]}}