{"id":69169,"date":"2025-02-27T10:13:09","date_gmt":"2025-02-27T09:13:09","guid":{"rendered":"https:\/\/dorogimedence.hu\/?p=69169"},"modified":"2025-02-27T10:13:09","modified_gmt":"2025-02-27T09:13:09","slug":"eltunt-szemelyt-keresnek-az-esztergomi-rendorok","status":"publish","type":"post","link":"https:\/\/dorogimedence.hu\/index.php\/2025\/02\/27\/eltunt-szemelyt-keresnek-az-esztergomi-rendorok\/","title":{"rendered":"Elt\u0171nt szem\u00e9lyt keresnek az esztergomi rend\u0151r\u00f6k"},"content":{"rendered":"<div class=\"body-text\">\n<p><strong>Az Esztergomi Rend\u0151rkapit\u00e1nys\u00e1g 11060-157\/30\/2025. k\u00f6r\u00f6z\u00e9si sz\u00e1mon elj\u00e1r\u00e1st folytat Hangya B\u00e1lint elt\u0171n\u00e9se kapcs\u00e1n. A 34 \u00e9ves f\u00e9rfi 2025. febru\u00e1r 24-\u00e9n a hajnali \u00f3r\u00e1kban az esztergomi lakhely\u00e9r\u0151l dolgozni indult, azonban budapesti munkahely\u00e9re nem \u00e9rkezett meg \u00e9s az\u00f3ta ismeretlen helyen tart\u00f3zkodik, \u00e9letjelet nem adott mag\u00e1r\u00f3l.<\/strong><\/p>\n<p>Hangya B\u00e1lint 180 cm magas, \u00e1tlagos testalkat\u00fa, barna szem\u0171 \u00e9s haj\u00fa, k\u00fcl\u00f6n\u00f6s ismertet\u0151 jegye, hogy a bal kez\u00e9n a h\u00fcvelykujj t\u00f6v\u00e9n\u00e9l r\u00e9gebbi s\u00e9r\u00fcl\u00e9sb\u0151l ered\u0151 heg van. Az elt\u0171n\u00e9sekor fekete sz\u00edn\u0171, Decathlon m\u00e1rk\u00e1j\u00fa sz\u00e9ldzsekit, s\u00f6t\u00e9t sz\u00edn\u0171 farmert, s\u00f6t\u00e9t sz\u00edn\u0171 42-es sportcip\u0151t, rozsdabarna sz\u00edn\u0171 k\u00f6t\u00f6ttsapk\u00e1t viselt, tov\u00e1bb\u00e1 n\u00e1la volt egy fekete sz\u00edn\u0171 h\u00e1tizs\u00e1k.<\/p>\n<p>Az Esztergomi Rend\u0151rkapit\u00e1nys\u00e1g v\u00e1rja azoknak a jelentkez\u00e9s\u00e9t, akik a k\u00e9pen l\u00e1that\u00f3 f\u00e9rfi tart\u00f3zkod\u00e1si hely\u00e9vel kapcsolatban b\u00e1rmilyen inform\u00e1ci\u00f3val rendelkeznek. Bejelent\u00e9s tehet\u0151 a 06\/34-517-777-es telefonsz\u00e1mon, illetve n\u00e9vtelens\u00e9g meg\u0151rz\u00e9se mellett az ingyenesen h\u00edvhat\u00f3 06-80-555-111 Telefontan\u00fa&nbsp;z\u00f6ldsz\u00e1m\u00e1n, valamint a 112-es k\u00f6zponti seg\u00e9lyh\u00edv\u00f3 telefonsz\u00e1mon.<\/p>\n<p><a href=\"https:\/\/www.police.hu\/hu\/koral\/eltunt-szemelyek\/556381\" target=\"_blank\" rel=\"noopener\"><span style=\"text-decoration: underline; color: #0000ff;\">Az elt\u0171nt szem\u00e9ly adatlapja&gt;&gt;<\/span><\/a><\/p>\n<p><em>Bor\u00edt\u00f3k\u00e9p, forr\u00e1s: police.hu<\/em><\/p>\n<\/div>\n","protected":false},"excerpt":{"rendered":"<p>Az Esztergomi Rend\u0151rkapit\u00e1nys\u00e1g 11060-157\/30\/2025. k\u00f6r\u00f6z\u00e9si sz\u00e1mon elj\u00e1r\u00e1st folytat Hangya B\u00e1lint elt\u0171n\u00e9se kapcs\u00e1n. A 34 \u00e9ves f\u00e9rfi 2025. febru\u00e1r 24-\u00e9n a hajnali \u00f3r\u00e1kban az esztergomi lakhely\u00e9r\u0151l dolgozni indult, azonban budapesti munkahely\u00e9re nem \u00e9rkezett meg \u00e9s az\u00f3ta ismeretlen helyen tart\u00f3zkodik, \u00e9letjelet nem adott mag\u00e1r\u00f3l. Hangya B\u00e1lint 180 cm magas, \u00e1tlagos testalkat\u00fa, barna szem\u0171 \u00e9s haj\u00fa, k\u00fcl\u00f6n\u00f6s ismertet\u0151<\/p>\n","protected":false},"author":1,"featured_media":69170,"comment_status":"closed","ping_status":"closed","sticky":false,"template":"","format":"standard","meta":{"ngg_post_thumbnail":0,"footnotes":""},"categories":[38,3,39],"tags":[427,42,61],"class_list":{"0":"post-69169","1":"post","2":"type-post","3":"status-publish","4":"format-standard","5":"has-post-thumbnail","7":"category-esztergom","8":"category-hirek","9":"category-kek-hirek","10":"tag-eltunt-szemely","11":"tag-esztergom","12":"tag-rendorsegi-hirek"},"yoast_head":"<!-- This site is optimized with the Yoast SEO plugin v27.4 - https:\/\/yoast.com\/product\/yoast-seo-wordpress\/ -->\n<title>Elt\u0171nt szem\u00e9lyt keresnek az esztergomi rend\u0151r\u00f6k<\/title>\n<meta name=\"robots\" content=\"index, follow, max-snippet:-1, max-image-preview:large, max-video-preview:-1\" \/>\n<link rel=\"canonical\" href=\"https:\/\/dorogimedence.hu\/index.php\/2025\/02\/27\/eltunt-szemelyt-keresnek-az-esztergomi-rendorok\/\" class=\"yoast-seo-meta-tag\" \/>\n<meta property=\"og:locale\" content=\"hu_HU\" class=\"yoast-seo-meta-tag\" \/>\n<meta property=\"og:type\" content=\"article\" class=\"yoast-seo-meta-tag\" \/>\n<meta property=\"og:title\" content=\"Elt\u0171nt szem\u00e9lyt keresnek az esztergomi rend\u0151r\u00f6k\" class=\"yoast-seo-meta-tag\" \/>\n<meta property=\"og:description\" content=\"Az Esztergomi Rend\u0151rkapit\u00e1nys\u00e1g 11060-157\/30\/2025. k\u00f6r\u00f6z\u00e9si sz\u00e1mon elj\u00e1r\u00e1st folytat Hangya B\u00e1lint elt\u0171n\u00e9se kapcs\u00e1n. A 34 \u00e9ves f\u00e9rfi 2025. febru\u00e1r 24-\u00e9n a hajnali \u00f3r\u00e1kban az esztergomi lakhely\u00e9r\u0151l dolgozni indult, azonban budapesti munkahely\u00e9re nem \u00e9rkezett meg \u00e9s az\u00f3ta ismeretlen helyen tart\u00f3zkodik, \u00e9letjelet nem adott mag\u00e1r\u00f3l. Hangya B\u00e1lint 180 cm magas, \u00e1tlagos testalkat\u00fa, barna szem\u0171 \u00e9s haj\u00fa, k\u00fcl\u00f6n\u00f6s ismertet\u0151\" class=\"yoast-seo-meta-tag\" \/>\n<meta property=\"og:url\" content=\"https:\/\/dorogimedence.hu\/index.php\/2025\/02\/27\/eltunt-szemelyt-keresnek-az-esztergomi-rendorok\/\" class=\"yoast-seo-meta-tag\" \/>\n<meta property=\"og:site_name\" content=\"Dorogi-medence Region\u00e1lis H\u00edrport\u00e1l\" class=\"yoast-seo-meta-tag\" \/>\n<meta property=\"article:publisher\" content=\"https:\/\/www.facebook.com\/dorogimedence\/\" class=\"yoast-seo-meta-tag\" \/>\n<meta property=\"article:published_time\" content=\"2025-02-27T09:13:09+00:00\" class=\"yoast-seo-meta-tag\" \/>\n<meta property=\"og:image\" content=\"https:\/\/dorogimedence.hu\/wp-content\/uploads\/2025\/02\/eltunt-szemely.jpg\" class=\"yoast-seo-meta-tag\" \/>\n\t<meta property=\"og:image:width\" content=\"1920\" class=\"yoast-seo-meta-tag\" \/>\n\t<meta property=\"og:image:height\" content=\"970\" class=\"yoast-seo-meta-tag\" \/>\n\t<meta property=\"og:image:type\" content=\"image\/jpeg\" class=\"yoast-seo-meta-tag\" \/>\n<meta name=\"author\" content=\"dorogimedence.hu\" class=\"yoast-seo-meta-tag\" \/>\n<meta name=\"twitter:card\" content=\"summary_large_image\" class=\"yoast-seo-meta-tag\" \/>\n<meta name=\"twitter:label1\" content=\"Szerz\u0151:\" class=\"yoast-seo-meta-tag\" \/>\n\t<meta name=\"twitter:data1\" content=\"dorogimedence.hu\" class=\"yoast-seo-meta-tag\" \/>\n\t<meta name=\"twitter:label2\" content=\"Becs\u00fclt olvas\u00e1si id\u0151\" class=\"yoast-seo-meta-tag\" \/>\n\t<meta name=\"twitter:data2\" content=\"1 perc\" class=\"yoast-seo-meta-tag\" \/>\n<script type=\"application\/ld+json\" class=\"yoast-schema-graph\">{\"@context\":\"https:\\\/\\\/schema.org\",\"@graph\":[{\"@type\":\"Article\",\"@id\":\"https:\\\/\\\/dorogimedence.hu\\\/index.php\\\/2025\\\/02\\\/27\\\/eltunt-szemelyt-keresnek-az-esztergomi-rendorok\\\/#article\",\"isPartOf\":{\"@id\":\"https:\\\/\\\/dorogimedence.hu\\\/index.php\\\/2025\\\/02\\\/27\\\/eltunt-szemelyt-keresnek-az-esztergomi-rendorok\\\/\"},\"author\":{\"name\":\"dorogimedence.hu\",\"@id\":\"https:\\\/\\\/dorogimedence.hu\\\/#\\\/schema\\\/person\\\/ce6091eeb7e95ecdc87890d6aa8e0fd4\"},\"headline\":\"Elt\u0171nt szem\u00e9lyt keresnek az esztergomi rend\u0151r\u00f6k\",\"datePublished\":\"2025-02-27T09:13:09+00:00\",\"mainEntityOfPage\":{\"@id\":\"https:\\\/\\\/dorogimedence.hu\\\/index.php\\\/2025\\\/02\\\/27\\\/eltunt-szemelyt-keresnek-az-esztergomi-rendorok\\\/\"},\"wordCount\":249,\"publisher\":{\"@id\":\"https:\\\/\\\/dorogimedence.hu\\\/#organization\"},\"image\":{\"@id\":\"https:\\\/\\\/dorogimedence.hu\\\/index.php\\\/2025\\\/02\\\/27\\\/eltunt-szemelyt-keresnek-az-esztergomi-rendorok\\\/#primaryimage\"},\"thumbnailUrl\":\"https:\\\/\\\/dorogimedence.hu\\\/wp-content\\\/uploads\\\/2025\\\/02\\\/eltunt-szemely.jpg\",\"keywords\":[\"elt\u0171nt szem\u00e9ly\",\"esztergom\",\"rend\u0151rs\u00e9gi h\u00edrek\"],\"articleSection\":[\"Esztergom\",\"H\u00edrek\",\"K\u00e9k h\u00edrek\"],\"inLanguage\":\"hu\"},{\"@type\":\"WebPage\",\"@id\":\"https:\\\/\\\/dorogimedence.hu\\\/index.php\\\/2025\\\/02\\\/27\\\/eltunt-szemelyt-keresnek-az-esztergomi-rendorok\\\/\",\"url\":\"https:\\\/\\\/dorogimedence.hu\\\/index.php\\\/2025\\\/02\\\/27\\\/eltunt-szemelyt-keresnek-az-esztergomi-rendorok\\\/\",\"name\":\"Elt\u0171nt szem\u00e9lyt keresnek az esztergomi rend\u0151r\u00f6k\",\"isPartOf\":{\"@id\":\"https:\\\/\\\/dorogimedence.hu\\\/#website\"},\"primaryImageOfPage\":{\"@id\":\"https:\\\/\\\/dorogimedence.hu\\\/index.php\\\/2025\\\/02\\\/27\\\/eltunt-szemelyt-keresnek-az-esztergomi-rendorok\\\/#primaryimage\"},\"image\":{\"@id\":\"https:\\\/\\\/dorogimedence.hu\\\/index.php\\\/2025\\\/02\\\/27\\\/eltunt-szemelyt-keresnek-az-esztergomi-rendorok\\\/#primaryimage\"},\"thumbnailUrl\":\"https:\\\/\\\/dorogimedence.hu\\\/wp-content\\\/uploads\\\/2025\\\/02\\\/eltunt-szemely.jpg\",\"datePublished\":\"2025-02-27T09:13:09+00:00\",\"breadcrumb\":{\"@id\":\"https:\\\/\\\/dorogimedence.hu\\\/index.php\\\/2025\\\/02\\\/27\\\/eltunt-szemelyt-keresnek-az-esztergomi-rendorok\\\/#breadcrumb\"},\"inLanguage\":\"hu\",\"potentialAction\":[{\"@type\":\"ReadAction\",\"target\":[\"https:\\\/\\\/dorogimedence.hu\\\/index.php\\\/2025\\\/02\\\/27\\\/eltunt-szemelyt-keresnek-az-esztergomi-rendorok\\\/\"]}]},{\"@type\":\"ImageObject\",\"inLanguage\":\"hu\",\"@id\":\"https:\\\/\\\/dorogimedence.hu\\\/index.php\\\/2025\\\/02\\\/27\\\/eltunt-szemelyt-keresnek-az-esztergomi-rendorok\\\/#primaryimage\",\"url\":\"https:\\\/\\\/dorogimedence.hu\\\/wp-content\\\/uploads\\\/2025\\\/02\\\/eltunt-szemely.jpg\",\"contentUrl\":\"https:\\\/\\\/dorogimedence.hu\\\/wp-content\\\/uploads\\\/2025\\\/02\\\/eltunt-szemely.jpg\",\"width\":1920,\"height\":970},{\"@type\":\"BreadcrumbList\",\"@id\":\"https:\\\/\\\/dorogimedence.hu\\\/index.php\\\/2025\\\/02\\\/27\\\/eltunt-szemelyt-keresnek-az-esztergomi-rendorok\\\/#breadcrumb\",\"itemListElement\":[{\"@type\":\"ListItem\",\"position\":1,\"name\":\"Kezd\u0151lap\",\"item\":\"https:\\\/\\\/dorogimedence.hu\\\/\"},{\"@type\":\"ListItem\",\"position\":2,\"name\":\"Elt\u0171nt szem\u00e9lyt keresnek az esztergomi rend\u0151r\u00f6k\"}]},{\"@type\":\"WebSite\",\"@id\":\"https:\\\/\\\/dorogimedence.hu\\\/#website\",\"url\":\"https:\\\/\\\/dorogimedence.hu\\\/\",\"name\":\"Dorogi-medence Region\u00e1lis H\u00edrport\u00e1l\",\"description\":\"Dorog, Keszt\u00f6lc, Le\u00e1nyv\u00e1r, Piliscs\u00e9v, Tokod, Tokodalt\u00e1r\u00f3, Csolnok, Esztergom-kertv\u00e1ros: h\u00edrek, programok\",\"publisher\":{\"@id\":\"https:\\\/\\\/dorogimedence.hu\\\/#organization\"},\"potentialAction\":[{\"@type\":\"SearchAction\",\"target\":{\"@type\":\"EntryPoint\",\"urlTemplate\":\"https:\\\/\\\/dorogimedence.hu\\\/?s={search_term_string}\"},\"query-input\":{\"@type\":\"PropertyValueSpecification\",\"valueRequired\":true,\"valueName\":\"search_term_string\"}}],\"inLanguage\":\"hu\"},{\"@type\":\"Organization\",\"@id\":\"https:\\\/\\\/dorogimedence.hu\\\/#organization\",\"name\":\"Dorogi-medence Region\u00e1lis H\u00edrport\u00e1l\",\"url\":\"https:\\\/\\\/dorogimedence.hu\\\/\",\"logo\":{\"@type\":\"ImageObject\",\"inLanguage\":\"hu\",\"@id\":\"https:\\\/\\\/dorogimedence.hu\\\/#\\\/schema\\\/logo\\\/image\\\/\",\"url\":\"https:\\\/\\\/dorogimedence.hu\\\/wp-content\\\/uploads\\\/2021\\\/04\\\/logo-feher-600.png\",\"contentUrl\":\"https:\\\/\\\/dorogimedence.hu\\\/wp-content\\\/uploads\\\/2021\\\/04\\\/logo-feher-600.png\",\"width\":600,\"height\":100,\"caption\":\"Dorogi-medence Region\u00e1lis H\u00edrport\u00e1l\"},\"image\":{\"@id\":\"https:\\\/\\\/dorogimedence.hu\\\/#\\\/schema\\\/logo\\\/image\\\/\"},\"sameAs\":[\"https:\\\/\\\/www.facebook.com\\\/dorogimedence\\\/\"]},{\"@type\":\"Person\",\"@id\":\"https:\\\/\\\/dorogimedence.hu\\\/#\\\/schema\\\/person\\\/ce6091eeb7e95ecdc87890d6aa8e0fd4\",\"name\":\"dorogimedence.hu\",\"image\":{\"@type\":\"ImageObject\",\"inLanguage\":\"hu\",\"@id\":\"\\\/\\\/www.gravatar.com\\\/avatar\\\/d8d45f8901aadff40a4af72c0b826f1d?s=96&#038;r=g&#038;d=mm\",\"url\":\"\\\/\\\/www.gravatar.com\\\/avatar\\\/d8d45f8901aadff40a4af72c0b826f1d?s=96&#038;r=g&#038;d=mm\",\"contentUrl\":\"\\\/\\\/www.gravatar.com\\\/avatar\\\/d8d45f8901aadff40a4af72c0b826f1d?s=96&#038;r=g&#038;d=mm\",\"caption\":\"dorogimedence.hu\"}}]}<\/script>\n<!-- \/ Yoast SEO plugin. -->","yoast_head_json":{"title":"Elt\u0171nt szem\u00e9lyt keresnek az esztergomi rend\u0151r\u00f6k","robots":{"index":"index","follow":"follow","max-snippet":"max-snippet:-1","max-image-preview":"max-image-preview:large","max-video-preview":"max-video-preview:-1"},"canonical":"https:\/\/dorogimedence.hu\/index.php\/2025\/02\/27\/eltunt-szemelyt-keresnek-az-esztergomi-rendorok\/","og_locale":"hu_HU","og_type":"article","og_title":"Elt\u0171nt szem\u00e9lyt keresnek az esztergomi rend\u0151r\u00f6k","og_description":"Az Esztergomi Rend\u0151rkapit\u00e1nys\u00e1g 11060-157\/30\/2025. k\u00f6r\u00f6z\u00e9si sz\u00e1mon elj\u00e1r\u00e1st folytat Hangya B\u00e1lint elt\u0171n\u00e9se kapcs\u00e1n. A 34 \u00e9ves f\u00e9rfi 2025. febru\u00e1r 24-\u00e9n a hajnali \u00f3r\u00e1kban az esztergomi lakhely\u00e9r\u0151l dolgozni indult, azonban budapesti munkahely\u00e9re nem \u00e9rkezett meg \u00e9s az\u00f3ta ismeretlen helyen tart\u00f3zkodik, \u00e9letjelet nem adott mag\u00e1r\u00f3l. Hangya B\u00e1lint 180 cm magas, \u00e1tlagos testalkat\u00fa, barna szem\u0171 \u00e9s haj\u00fa, k\u00fcl\u00f6n\u00f6s ismertet\u0151","og_url":"https:\/\/dorogimedence.hu\/index.php\/2025\/02\/27\/eltunt-szemelyt-keresnek-az-esztergomi-rendorok\/","og_site_name":"Dorogi-medence Region\u00e1lis H\u00edrport\u00e1l","article_publisher":"https:\/\/www.facebook.com\/dorogimedence\/","article_published_time":"2025-02-27T09:13:09+00:00","og_image":[{"width":1920,"height":970,"url":"https:\/\/dorogimedence.hu\/wp-content\/uploads\/2025\/02\/eltunt-szemely.jpg","type":"image\/jpeg"}],"author":"dorogimedence.hu","twitter_card":"summary_large_image","twitter_misc":{"Szerz\u0151:":"dorogimedence.hu","Becs\u00fclt olvas\u00e1si id\u0151":"1 perc"},"schema":{"@context":"https:\/\/schema.org","@graph":[{"@type":"Article","@id":"https:\/\/dorogimedence.hu\/index.php\/2025\/02\/27\/eltunt-szemelyt-keresnek-az-esztergomi-rendorok\/#article","isPartOf":{"@id":"https:\/\/dorogimedence.hu\/index.php\/2025\/02\/27\/eltunt-szemelyt-keresnek-az-esztergomi-rendorok\/"},"author":{"name":"dorogimedence.hu","@id":"https:\/\/dorogimedence.hu\/#\/schema\/person\/ce6091eeb7e95ecdc87890d6aa8e0fd4"},"headline":"Elt\u0171nt szem\u00e9lyt keresnek az esztergomi rend\u0151r\u00f6k","datePublished":"2025-02-27T09:13:09+00:00","mainEntityOfPage":{"@id":"https:\/\/dorogimedence.hu\/index.php\/2025\/02\/27\/eltunt-szemelyt-keresnek-az-esztergomi-rendorok\/"},"wordCount":249,"publisher":{"@id":"https:\/\/dorogimedence.hu\/#organization"},"image":{"@id":"https:\/\/dorogimedence.hu\/index.php\/2025\/02\/27\/eltunt-szemelyt-keresnek-az-esztergomi-rendorok\/#primaryimage"},"thumbnailUrl":"https:\/\/dorogimedence.hu\/wp-content\/uploads\/2025\/02\/eltunt-szemely.jpg","keywords":["elt\u0171nt szem\u00e9ly","esztergom","rend\u0151rs\u00e9gi h\u00edrek"],"articleSection":["Esztergom","H\u00edrek","K\u00e9k h\u00edrek"],"inLanguage":"hu"},{"@type":"WebPage","@id":"https:\/\/dorogimedence.hu\/index.php\/2025\/02\/27\/eltunt-szemelyt-keresnek-az-esztergomi-rendorok\/","url":"https:\/\/dorogimedence.hu\/index.php\/2025\/02\/27\/eltunt-szemelyt-keresnek-az-esztergomi-rendorok\/","name":"Elt\u0171nt szem\u00e9lyt keresnek az esztergomi rend\u0151r\u00f6k","isPartOf":{"@id":"https:\/\/dorogimedence.hu\/#website"},"primaryImageOfPage":{"@id":"https:\/\/dorogimedence.hu\/index.php\/2025\/02\/27\/eltunt-szemelyt-keresnek-az-esztergomi-rendorok\/#primaryimage"},"image":{"@id":"https:\/\/dorogimedence.hu\/index.php\/2025\/02\/27\/eltunt-szemelyt-keresnek-az-esztergomi-rendorok\/#primaryimage"},"thumbnailUrl":"https:\/\/dorogimedence.hu\/wp-content\/uploads\/2025\/02\/eltunt-szemely.jpg","datePublished":"2025-02-27T09:13:09+00:00","breadcrumb":{"@id":"https:\/\/dorogimedence.hu\/index.php\/2025\/02\/27\/eltunt-szemelyt-keresnek-az-esztergomi-rendorok\/#breadcrumb"},"inLanguage":"hu","potentialAction":[{"@type":"ReadAction","target":["https:\/\/dorogimedence.hu\/index.php\/2025\/02\/27\/eltunt-szemelyt-keresnek-az-esztergomi-rendorok\/"]}]},{"@type":"ImageObject","inLanguage":"hu","@id":"https:\/\/dorogimedence.hu\/index.php\/2025\/02\/27\/eltunt-szemelyt-keresnek-az-esztergomi-rendorok\/#primaryimage","url":"https:\/\/dorogimedence.hu\/wp-content\/uploads\/2025\/02\/eltunt-szemely.jpg","contentUrl":"https:\/\/dorogimedence.hu\/wp-content\/uploads\/2025\/02\/eltunt-szemely.jpg","width":1920,"height":970},{"@type":"BreadcrumbList","@id":"https:\/\/dorogimedence.hu\/index.php\/2025\/02\/27\/eltunt-szemelyt-keresnek-az-esztergomi-rendorok\/#breadcrumb","itemListElement":[{"@type":"ListItem","position":1,"name":"Kezd\u0151lap","item":"https:\/\/dorogimedence.hu\/"},{"@type":"ListItem","position":2,"name":"Elt\u0171nt szem\u00e9lyt keresnek az esztergomi rend\u0151r\u00f6k"}]},{"@type":"WebSite","@id":"https:\/\/dorogimedence.hu\/#website","url":"https:\/\/dorogimedence.hu\/","name":"Dorogi-medence Region\u00e1lis H\u00edrport\u00e1l","description":"Dorog, Keszt\u00f6lc, Le\u00e1nyv\u00e1r, Piliscs\u00e9v, Tokod, Tokodalt\u00e1r\u00f3, Csolnok, Esztergom-kertv\u00e1ros: h\u00edrek, programok","publisher":{"@id":"https:\/\/dorogimedence.hu\/#organization"},"potentialAction":[{"@type":"SearchAction","target":{"@type":"EntryPoint","urlTemplate":"https:\/\/dorogimedence.hu\/?s={search_term_string}"},"query-input":{"@type":"PropertyValueSpecification","valueRequired":true,"valueName":"search_term_string"}}],"inLanguage":"hu"},{"@type":"Organization","@id":"https:\/\/dorogimedence.hu\/#organization","name":"Dorogi-medence Region\u00e1lis H\u00edrport\u00e1l","url":"https:\/\/dorogimedence.hu\/","logo":{"@type":"ImageObject","inLanguage":"hu","@id":"https:\/\/dorogimedence.hu\/#\/schema\/logo\/image\/","url":"https:\/\/dorogimedence.hu\/wp-content\/uploads\/2021\/04\/logo-feher-600.png","contentUrl":"https:\/\/dorogimedence.hu\/wp-content\/uploads\/2021\/04\/logo-feher-600.png","width":600,"height":100,"caption":"Dorogi-medence Region\u00e1lis H\u00edrport\u00e1l"},"image":{"@id":"https:\/\/dorogimedence.hu\/#\/schema\/logo\/image\/"},"sameAs":["https:\/\/www.facebook.com\/dorogimedence\/"]},{"@type":"Person","@id":"https:\/\/dorogimedence.hu\/#\/schema\/person\/ce6091eeb7e95ecdc87890d6aa8e0fd4","name":"dorogimedence.hu","image":{"@type":"ImageObject","inLanguage":"hu","@id":"\/\/www.gravatar.com\/avatar\/d8d45f8901aadff40a4af72c0b826f1d?s=96&#038;r=g&#038;d=mm","url":"\/\/www.gravatar.com\/avatar\/d8d45f8901aadff40a4af72c0b826f1d?s=96&#038;r=g&#038;d=mm","contentUrl":"\/\/www.gravatar.com\/avatar\/d8d45f8901aadff40a4af72c0b826f1d?s=96&#038;r=g&#038;d=mm","caption":"dorogimedence.hu"}}]}},"_links":{"self":[{"href":"https:\/\/dorogimedence.hu\/index.php\/wp-json\/wp\/v2\/posts\/69169","targetHints":{"allow":["GET"]}}],"collection":[{"href":"https:\/\/dorogimedence.hu\/index.php\/wp-json\/wp\/v2\/posts"}],"about":[{"href":"https:\/\/dorogimedence.hu\/index.php\/wp-json\/wp\/v2\/types\/post"}],"author":[{"embeddable":true,"href":"https:\/\/dorogimedence.hu\/index.php\/wp-json\/wp\/v2\/users\/1"}],"replies":[{"embeddable":true,"href":"https:\/\/dorogimedence.hu\/index.php\/wp-json\/wp\/v2\/comments?post=69169"}],"version-history":[{"count":0,"href":"https:\/\/dorogimedence.hu\/index.php\/wp-json\/wp\/v2\/posts\/69169\/revisions"}],"wp:featuredmedia":[{"embeddable":true,"href":"https:\/\/dorogimedence.hu\/index.php\/wp-json\/wp\/v2\/media\/69170"}],"wp:attachment":[{"href":"https:\/\/dorogimedence.hu\/index.php\/wp-json\/wp\/v2\/media?parent=69169"}],"wp:term":[{"taxonomy":"category","embeddable":true,"href":"https:\/\/dorogimedence.hu\/index.php\/wp-json\/wp\/v2\/categories?post=69169"},{"taxonomy":"post_tag","embeddable":true,"href":"https:\/\/dorogimedence.hu\/index.php\/wp-json\/wp\/v2\/tags?post=69169"}],"curies":[{"name":"wp","href":"https:\/\/api.w.org\/{rel}","templated":true}]}}