{"id":69137,"date":"2025-02-26T13:23:02","date_gmt":"2025-02-26T12:23:02","guid":{"rendered":"https:\/\/dorogimedence.hu\/?p=69137"},"modified":"2025-02-26T13:23:02","modified_gmt":"2025-02-26T12:23:02","slug":"esztergomi-es-annavolgyi-diakok-a-varmegyei-ertektar-vetelkedo-dontojeben","status":"publish","type":"post","link":"https:\/\/dorogimedence.hu\/index.php\/2025\/02\/26\/esztergomi-es-annavolgyi-diakok-a-varmegyei-ertektar-vetelkedo-dontojeben\/","title":{"rendered":"Esztergomi \u00e9s annav\u00f6lgyi di\u00e1kok a v\u00e1rmegyei \u00e9rt\u00e9kt\u00e1r vet\u00e9lked\u0151 d\u00f6nt\u0151j\u00e9ben"},"content":{"rendered":"<p><strong>Sikeresen lezajlott a Kom\u00e1rom-Esztergom Megyei \u00d6nkorm\u00e1nyzat \u00e1ltal imm\u00e1r negyedik alkalommal l\u00e9treh\u00edvott \u201eMegismerem, megszeretem, meg\u0151rz\u00f6m\u201d elnevez\u00e9s\u0171 v\u00e1rmegyei \u00e9rt\u00e9kt\u00e1r vet\u00e9lked\u0151 online fordul\u00f3ja.<\/strong><\/p>\n<p>Az \u00e1ltal\u00e1nos iskol\u00e1k k\u00f6z\u00f6tt az al\u00e1bbi eredm\u00e9ny sz\u00fcletett:<br \/>\n1., Annav\u00f6lgy S\u00e1ris\u00e1p \u00e9s K\u00f6rny\u00e9ke \u00c1ltal\u00e1nos Iskola \u201eL\u00e1mp\u00e1sv\u00f6gy\u201d csapata. Felk\u00e9sz\u00edt\u0151: Hidasin\u00e9 N\u00e1n\u00e1si Nikolett<br \/>\n2., Tatai Reform\u00e1tus Gimn\u00e1zium \u201eTatai Fesztiv\u00e1l\u201d csapata. Felk\u00e9sz\u00edt\u0151: M\u00e1rkus G\u00e1bor<br \/>\n3., Oroszl\u00e1nyi Hunyadi M\u00e1ty\u00e1s \u00c1ltal\u00e1nos Iskola \u201eHunyadi Csillagai\u201d csapata. Felk\u00e9sz\u00edt\u0151: B\u00e1nfalvi Attila<\/p>\n<p>A k\u00f6z\u00e9piskol\u00e1k verseng\u00e9se az al\u00e1bbi eredm\u00e9nyt hozta:<br \/>\n1., Dob\u00f3 Katalin Gimn\u00e1zium (Esztergom) \u201eKronoszk\u00f6vet\u0151i\u201d csapata. Felk\u00e9sz\u00edt\u0151: Peragovics Ferenc<br \/>\n2., Tatai Reform\u00e1tus Gimn\u00e1zium \u201eTatai\u00c9rt\u00e9k\u0151rz\u0151k\u201d csapata. Felk\u00e9sz\u00edt\u0151: M\u00e1rkus G\u00e1bor<br \/>\n3., Hamvas B\u00e9la Gimn\u00e1zium \u201eHamvas G\u00e9niuszai\u201d csapata. Felk\u00e9sz\u00edt\u0151: Wohl Gy\u00f6ngyi<\/p>\n<p>Valamennyi r\u00e9sztvev\u0151nek szeretettel gratul\u00e1lunk! A d\u00f6nt\u0151nek az Oroszl\u00e1nyi B\u00e1ny\u00e1szati M\u00fazeum ad helyet m\u00e1rcius utols\u00f3 napj\u00e1n.<\/p>\n<p><em>Bor\u00edt\u00f3k\u00e9p, forr\u00e1s: Kom\u00e1rom-Esztergom V\u00e1rmegyei \u00d6nkorm\u00e1nyzat<\/em><\/p>\n","protected":false},"excerpt":{"rendered":"<p>Sikeresen lezajlott a Kom\u00e1rom-Esztergom Megyei \u00d6nkorm\u00e1nyzat \u00e1ltal imm\u00e1r negyedik alkalommal l\u00e9treh\u00edvott \u201eMegismerem, megszeretem, meg\u0151rz\u00f6m\u201d elnevez\u00e9s\u0171 v\u00e1rmegyei \u00e9rt\u00e9kt\u00e1r vet\u00e9lked\u0151 online fordul\u00f3ja. Az \u00e1ltal\u00e1nos iskol\u00e1k k\u00f6z\u00f6tt az al\u00e1bbi eredm\u00e9ny sz\u00fcletett: 1., Annav\u00f6lgy S\u00e1ris\u00e1p \u00e9s K\u00f6rny\u00e9ke \u00c1ltal\u00e1nos Iskola \u201eL\u00e1mp\u00e1sv\u00f6gy\u201d csapata. Felk\u00e9sz\u00edt\u0151: Hidasin\u00e9 N\u00e1n\u00e1si Nikolett 2., Tatai Reform\u00e1tus Gimn\u00e1zium \u201eTatai Fesztiv\u00e1l\u201d csapata. Felk\u00e9sz\u00edt\u0151: M\u00e1rkus G\u00e1bor 3., Oroszl\u00e1nyi Hunyadi M\u00e1ty\u00e1s<\/p>\n","protected":false},"author":1,"featured_media":69138,"comment_status":"closed","ping_status":"closed","sticky":false,"template":"","format":"standard","meta":{"ngg_post_thumbnail":0,"footnotes":""},"categories":[38,3,56],"tags":[347,3298,42,6890,7108],"class_list":{"0":"post-69137","1":"post","2":"type-post","3":"status-publish","4":"format-standard","5":"has-post-thumbnail","7":"category-esztergom","8":"category-hirek","9":"category-komarom-esztergom","10":"tag-annavolgy","11":"tag-ertektar","12":"tag-esztergom","13":"tag-komarom-esztergom-varmegye","14":"tag-varmegyei-ertektar"},"yoast_head":"<!-- This site is optimized with the Yoast SEO plugin v27.5 - https:\/\/yoast.com\/product\/yoast-seo-wordpress\/ -->\n<title>Esztergomi \u00e9s annav\u00f6lgyi di\u00e1kok a v\u00e1rmegyei \u00e9rt\u00e9kt\u00e1r vet\u00e9lked\u0151 d\u00f6nt\u0151j\u00e9ben<\/title>\n<meta name=\"robots\" content=\"index, follow, max-snippet:-1, max-image-preview:large, max-video-preview:-1\" \/>\n<link rel=\"canonical\" href=\"https:\/\/dorogimedence.hu\/index.php\/2025\/02\/26\/esztergomi-es-annavolgyi-diakok-a-varmegyei-ertektar-vetelkedo-dontojeben\/\" class=\"yoast-seo-meta-tag\" \/>\n<meta property=\"og:locale\" content=\"hu_HU\" class=\"yoast-seo-meta-tag\" \/>\n<meta property=\"og:type\" content=\"article\" class=\"yoast-seo-meta-tag\" \/>\n<meta property=\"og:title\" content=\"Esztergomi \u00e9s annav\u00f6lgyi di\u00e1kok a v\u00e1rmegyei \u00e9rt\u00e9kt\u00e1r vet\u00e9lked\u0151 d\u00f6nt\u0151j\u00e9ben\" class=\"yoast-seo-meta-tag\" \/>\n<meta property=\"og:description\" content=\"Sikeresen lezajlott a Kom\u00e1rom-Esztergom Megyei \u00d6nkorm\u00e1nyzat \u00e1ltal imm\u00e1r negyedik alkalommal l\u00e9treh\u00edvott \u201eMegismerem, megszeretem, meg\u0151rz\u00f6m\u201d elnevez\u00e9s\u0171 v\u00e1rmegyei \u00e9rt\u00e9kt\u00e1r vet\u00e9lked\u0151 online fordul\u00f3ja. Az \u00e1ltal\u00e1nos iskol\u00e1k k\u00f6z\u00f6tt az al\u00e1bbi eredm\u00e9ny sz\u00fcletett: 1., Annav\u00f6lgy S\u00e1ris\u00e1p \u00e9s K\u00f6rny\u00e9ke \u00c1ltal\u00e1nos Iskola \u201eL\u00e1mp\u00e1sv\u00f6gy\u201d csapata. Felk\u00e9sz\u00edt\u0151: Hidasin\u00e9 N\u00e1n\u00e1si Nikolett 2., Tatai Reform\u00e1tus Gimn\u00e1zium \u201eTatai Fesztiv\u00e1l\u201d csapata. Felk\u00e9sz\u00edt\u0151: M\u00e1rkus G\u00e1bor 3., Oroszl\u00e1nyi Hunyadi M\u00e1ty\u00e1s\" class=\"yoast-seo-meta-tag\" \/>\n<meta property=\"og:url\" content=\"https:\/\/dorogimedence.hu\/index.php\/2025\/02\/26\/esztergomi-es-annavolgyi-diakok-a-varmegyei-ertektar-vetelkedo-dontojeben\/\" class=\"yoast-seo-meta-tag\" \/>\n<meta property=\"og:site_name\" content=\"Dorogi-medence Region\u00e1lis H\u00edrport\u00e1l\" class=\"yoast-seo-meta-tag\" \/>\n<meta property=\"article:publisher\" content=\"https:\/\/www.facebook.com\/dorogimedence\/\" class=\"yoast-seo-meta-tag\" \/>\n<meta property=\"article:published_time\" content=\"2025-02-26T12:23:02+00:00\" class=\"yoast-seo-meta-tag\" \/>\n<meta property=\"og:image\" content=\"https:\/\/dorogimedence.hu\/wp-content\/uploads\/2025\/02\/ertektar.jpg\" class=\"yoast-seo-meta-tag\" \/>\n\t<meta property=\"og:image:width\" content=\"1920\" class=\"yoast-seo-meta-tag\" \/>\n\t<meta property=\"og:image:height\" content=\"970\" class=\"yoast-seo-meta-tag\" \/>\n\t<meta property=\"og:image:type\" content=\"image\/jpeg\" class=\"yoast-seo-meta-tag\" \/>\n<meta name=\"author\" content=\"dorogimedence.hu\" class=\"yoast-seo-meta-tag\" \/>\n<meta name=\"twitter:card\" content=\"summary_large_image\" class=\"yoast-seo-meta-tag\" \/>\n<meta name=\"twitter:label1\" content=\"Szerz\u0151:\" class=\"yoast-seo-meta-tag\" \/>\n\t<meta name=\"twitter:data1\" content=\"dorogimedence.hu\" class=\"yoast-seo-meta-tag\" \/>\n\t<meta name=\"twitter:label2\" content=\"Becs\u00fclt olvas\u00e1si id\u0151\" class=\"yoast-seo-meta-tag\" \/>\n\t<meta name=\"twitter:data2\" content=\"1 perc\" class=\"yoast-seo-meta-tag\" \/>\n<script type=\"application\/ld+json\" class=\"yoast-schema-graph\">{\"@context\":\"https:\\\/\\\/schema.org\",\"@graph\":[{\"@type\":\"Article\",\"@id\":\"https:\\\/\\\/dorogimedence.hu\\\/index.php\\\/2025\\\/02\\\/26\\\/esztergomi-es-annavolgyi-diakok-a-varmegyei-ertektar-vetelkedo-dontojeben\\\/#article\",\"isPartOf\":{\"@id\":\"https:\\\/\\\/dorogimedence.hu\\\/index.php\\\/2025\\\/02\\\/26\\\/esztergomi-es-annavolgyi-diakok-a-varmegyei-ertektar-vetelkedo-dontojeben\\\/\"},\"author\":{\"name\":\"dorogimedence.hu\",\"@id\":\"https:\\\/\\\/dorogimedence.hu\\\/#\\\/schema\\\/person\\\/ce6091eeb7e95ecdc87890d6aa8e0fd4\"},\"headline\":\"Esztergomi \u00e9s annav\u00f6lgyi di\u00e1kok a v\u00e1rmegyei \u00e9rt\u00e9kt\u00e1r vet\u00e9lked\u0151 d\u00f6nt\u0151j\u00e9ben\",\"datePublished\":\"2025-02-26T12:23:02+00:00\",\"mainEntityOfPage\":{\"@id\":\"https:\\\/\\\/dorogimedence.hu\\\/index.php\\\/2025\\\/02\\\/26\\\/esztergomi-es-annavolgyi-diakok-a-varmegyei-ertektar-vetelkedo-dontojeben\\\/\"},\"wordCount\":223,\"publisher\":{\"@id\":\"https:\\\/\\\/dorogimedence.hu\\\/#organization\"},\"image\":{\"@id\":\"https:\\\/\\\/dorogimedence.hu\\\/index.php\\\/2025\\\/02\\\/26\\\/esztergomi-es-annavolgyi-diakok-a-varmegyei-ertektar-vetelkedo-dontojeben\\\/#primaryimage\"},\"thumbnailUrl\":\"https:\\\/\\\/dorogimedence.hu\\\/wp-content\\\/uploads\\\/2025\\\/02\\\/ertektar.jpg\",\"keywords\":[\"Annav\u00f6lgy\",\"\u00e9rt\u00e9kt\u00e1r\",\"esztergom\",\"Kom\u00e1rom-Esztergom v\u00e1rmegye\",\"v\u00e1rmegyei \u00e9rt\u00e9kt\u00e1r\"],\"articleSection\":[\"Esztergom\",\"H\u00edrek\",\"Kom\u00e1rom-Esztergom\"],\"inLanguage\":\"hu\"},{\"@type\":\"WebPage\",\"@id\":\"https:\\\/\\\/dorogimedence.hu\\\/index.php\\\/2025\\\/02\\\/26\\\/esztergomi-es-annavolgyi-diakok-a-varmegyei-ertektar-vetelkedo-dontojeben\\\/\",\"url\":\"https:\\\/\\\/dorogimedence.hu\\\/index.php\\\/2025\\\/02\\\/26\\\/esztergomi-es-annavolgyi-diakok-a-varmegyei-ertektar-vetelkedo-dontojeben\\\/\",\"name\":\"Esztergomi \u00e9s annav\u00f6lgyi di\u00e1kok a v\u00e1rmegyei \u00e9rt\u00e9kt\u00e1r vet\u00e9lked\u0151 d\u00f6nt\u0151j\u00e9ben\",\"isPartOf\":{\"@id\":\"https:\\\/\\\/dorogimedence.hu\\\/#website\"},\"primaryImageOfPage\":{\"@id\":\"https:\\\/\\\/dorogimedence.hu\\\/index.php\\\/2025\\\/02\\\/26\\\/esztergomi-es-annavolgyi-diakok-a-varmegyei-ertektar-vetelkedo-dontojeben\\\/#primaryimage\"},\"image\":{\"@id\":\"https:\\\/\\\/dorogimedence.hu\\\/index.php\\\/2025\\\/02\\\/26\\\/esztergomi-es-annavolgyi-diakok-a-varmegyei-ertektar-vetelkedo-dontojeben\\\/#primaryimage\"},\"thumbnailUrl\":\"https:\\\/\\\/dorogimedence.hu\\\/wp-content\\\/uploads\\\/2025\\\/02\\\/ertektar.jpg\",\"datePublished\":\"2025-02-26T12:23:02+00:00\",\"breadcrumb\":{\"@id\":\"https:\\\/\\\/dorogimedence.hu\\\/index.php\\\/2025\\\/02\\\/26\\\/esztergomi-es-annavolgyi-diakok-a-varmegyei-ertektar-vetelkedo-dontojeben\\\/#breadcrumb\"},\"inLanguage\":\"hu\",\"potentialAction\":[{\"@type\":\"ReadAction\",\"target\":[\"https:\\\/\\\/dorogimedence.hu\\\/index.php\\\/2025\\\/02\\\/26\\\/esztergomi-es-annavolgyi-diakok-a-varmegyei-ertektar-vetelkedo-dontojeben\\\/\"]}]},{\"@type\":\"ImageObject\",\"inLanguage\":\"hu\",\"@id\":\"https:\\\/\\\/dorogimedence.hu\\\/index.php\\\/2025\\\/02\\\/26\\\/esztergomi-es-annavolgyi-diakok-a-varmegyei-ertektar-vetelkedo-dontojeben\\\/#primaryimage\",\"url\":\"https:\\\/\\\/dorogimedence.hu\\\/wp-content\\\/uploads\\\/2025\\\/02\\\/ertektar.jpg\",\"contentUrl\":\"https:\\\/\\\/dorogimedence.hu\\\/wp-content\\\/uploads\\\/2025\\\/02\\\/ertektar.jpg\",\"width\":1920,\"height\":970},{\"@type\":\"BreadcrumbList\",\"@id\":\"https:\\\/\\\/dorogimedence.hu\\\/index.php\\\/2025\\\/02\\\/26\\\/esztergomi-es-annavolgyi-diakok-a-varmegyei-ertektar-vetelkedo-dontojeben\\\/#breadcrumb\",\"itemListElement\":[{\"@type\":\"ListItem\",\"position\":1,\"name\":\"Kezd\u0151lap\",\"item\":\"https:\\\/\\\/dorogimedence.hu\\\/\"},{\"@type\":\"ListItem\",\"position\":2,\"name\":\"Esztergomi \u00e9s annav\u00f6lgyi di\u00e1kok a v\u00e1rmegyei \u00e9rt\u00e9kt\u00e1r vet\u00e9lked\u0151 d\u00f6nt\u0151j\u00e9ben\"}]},{\"@type\":\"WebSite\",\"@id\":\"https:\\\/\\\/dorogimedence.hu\\\/#website\",\"url\":\"https:\\\/\\\/dorogimedence.hu\\\/\",\"name\":\"Dorogi-medence Region\u00e1lis H\u00edrport\u00e1l\",\"description\":\"Dorog, Keszt\u00f6lc, Le\u00e1nyv\u00e1r, Piliscs\u00e9v, Tokod, Tokodalt\u00e1r\u00f3, Csolnok, Esztergom-kertv\u00e1ros: h\u00edrek, programok\",\"publisher\":{\"@id\":\"https:\\\/\\\/dorogimedence.hu\\\/#organization\"},\"potentialAction\":[{\"@type\":\"SearchAction\",\"target\":{\"@type\":\"EntryPoint\",\"urlTemplate\":\"https:\\\/\\\/dorogimedence.hu\\\/?s={search_term_string}\"},\"query-input\":{\"@type\":\"PropertyValueSpecification\",\"valueRequired\":true,\"valueName\":\"search_term_string\"}}],\"inLanguage\":\"hu\"},{\"@type\":\"Organization\",\"@id\":\"https:\\\/\\\/dorogimedence.hu\\\/#organization\",\"name\":\"Dorogi-medence Region\u00e1lis H\u00edrport\u00e1l\",\"url\":\"https:\\\/\\\/dorogimedence.hu\\\/\",\"logo\":{\"@type\":\"ImageObject\",\"inLanguage\":\"hu\",\"@id\":\"https:\\\/\\\/dorogimedence.hu\\\/#\\\/schema\\\/logo\\\/image\\\/\",\"url\":\"https:\\\/\\\/dorogimedence.hu\\\/wp-content\\\/uploads\\\/2021\\\/04\\\/logo-feher-600.png\",\"contentUrl\":\"https:\\\/\\\/dorogimedence.hu\\\/wp-content\\\/uploads\\\/2021\\\/04\\\/logo-feher-600.png\",\"width\":600,\"height\":100,\"caption\":\"Dorogi-medence Region\u00e1lis H\u00edrport\u00e1l\"},\"image\":{\"@id\":\"https:\\\/\\\/dorogimedence.hu\\\/#\\\/schema\\\/logo\\\/image\\\/\"},\"sameAs\":[\"https:\\\/\\\/www.facebook.com\\\/dorogimedence\\\/\"]},{\"@type\":\"Person\",\"@id\":\"https:\\\/\\\/dorogimedence.hu\\\/#\\\/schema\\\/person\\\/ce6091eeb7e95ecdc87890d6aa8e0fd4\",\"name\":\"dorogimedence.hu\",\"image\":{\"@type\":\"ImageObject\",\"inLanguage\":\"hu\",\"@id\":\"\\\/\\\/www.gravatar.com\\\/avatar\\\/d8d45f8901aadff40a4af72c0b826f1d?s=96&#038;r=g&#038;d=mm\",\"url\":\"\\\/\\\/www.gravatar.com\\\/avatar\\\/d8d45f8901aadff40a4af72c0b826f1d?s=96&#038;r=g&#038;d=mm\",\"contentUrl\":\"\\\/\\\/www.gravatar.com\\\/avatar\\\/d8d45f8901aadff40a4af72c0b826f1d?s=96&#038;r=g&#038;d=mm\",\"caption\":\"dorogimedence.hu\"}}]}<\/script>\n<!-- \/ Yoast SEO plugin. -->","yoast_head_json":{"title":"Esztergomi \u00e9s annav\u00f6lgyi di\u00e1kok a v\u00e1rmegyei \u00e9rt\u00e9kt\u00e1r vet\u00e9lked\u0151 d\u00f6nt\u0151j\u00e9ben","robots":{"index":"index","follow":"follow","max-snippet":"max-snippet:-1","max-image-preview":"max-image-preview:large","max-video-preview":"max-video-preview:-1"},"canonical":"https:\/\/dorogimedence.hu\/index.php\/2025\/02\/26\/esztergomi-es-annavolgyi-diakok-a-varmegyei-ertektar-vetelkedo-dontojeben\/","og_locale":"hu_HU","og_type":"article","og_title":"Esztergomi \u00e9s annav\u00f6lgyi di\u00e1kok a v\u00e1rmegyei \u00e9rt\u00e9kt\u00e1r vet\u00e9lked\u0151 d\u00f6nt\u0151j\u00e9ben","og_description":"Sikeresen lezajlott a Kom\u00e1rom-Esztergom Megyei \u00d6nkorm\u00e1nyzat \u00e1ltal imm\u00e1r negyedik alkalommal l\u00e9treh\u00edvott \u201eMegismerem, megszeretem, meg\u0151rz\u00f6m\u201d elnevez\u00e9s\u0171 v\u00e1rmegyei \u00e9rt\u00e9kt\u00e1r vet\u00e9lked\u0151 online fordul\u00f3ja. Az \u00e1ltal\u00e1nos iskol\u00e1k k\u00f6z\u00f6tt az al\u00e1bbi eredm\u00e9ny sz\u00fcletett: 1., Annav\u00f6lgy S\u00e1ris\u00e1p \u00e9s K\u00f6rny\u00e9ke \u00c1ltal\u00e1nos Iskola \u201eL\u00e1mp\u00e1sv\u00f6gy\u201d csapata. Felk\u00e9sz\u00edt\u0151: Hidasin\u00e9 N\u00e1n\u00e1si Nikolett 2., Tatai Reform\u00e1tus Gimn\u00e1zium \u201eTatai Fesztiv\u00e1l\u201d csapata. Felk\u00e9sz\u00edt\u0151: M\u00e1rkus G\u00e1bor 3., Oroszl\u00e1nyi Hunyadi M\u00e1ty\u00e1s","og_url":"https:\/\/dorogimedence.hu\/index.php\/2025\/02\/26\/esztergomi-es-annavolgyi-diakok-a-varmegyei-ertektar-vetelkedo-dontojeben\/","og_site_name":"Dorogi-medence Region\u00e1lis H\u00edrport\u00e1l","article_publisher":"https:\/\/www.facebook.com\/dorogimedence\/","article_published_time":"2025-02-26T12:23:02+00:00","og_image":[{"width":1920,"height":970,"url":"https:\/\/dorogimedence.hu\/wp-content\/uploads\/2025\/02\/ertektar.jpg","type":"image\/jpeg"}],"author":"dorogimedence.hu","twitter_card":"summary_large_image","twitter_misc":{"Szerz\u0151:":"dorogimedence.hu","Becs\u00fclt olvas\u00e1si id\u0151":"1 perc"},"schema":{"@context":"https:\/\/schema.org","@graph":[{"@type":"Article","@id":"https:\/\/dorogimedence.hu\/index.php\/2025\/02\/26\/esztergomi-es-annavolgyi-diakok-a-varmegyei-ertektar-vetelkedo-dontojeben\/#article","isPartOf":{"@id":"https:\/\/dorogimedence.hu\/index.php\/2025\/02\/26\/esztergomi-es-annavolgyi-diakok-a-varmegyei-ertektar-vetelkedo-dontojeben\/"},"author":{"name":"dorogimedence.hu","@id":"https:\/\/dorogimedence.hu\/#\/schema\/person\/ce6091eeb7e95ecdc87890d6aa8e0fd4"},"headline":"Esztergomi \u00e9s annav\u00f6lgyi di\u00e1kok a v\u00e1rmegyei \u00e9rt\u00e9kt\u00e1r vet\u00e9lked\u0151 d\u00f6nt\u0151j\u00e9ben","datePublished":"2025-02-26T12:23:02+00:00","mainEntityOfPage":{"@id":"https:\/\/dorogimedence.hu\/index.php\/2025\/02\/26\/esztergomi-es-annavolgyi-diakok-a-varmegyei-ertektar-vetelkedo-dontojeben\/"},"wordCount":223,"publisher":{"@id":"https:\/\/dorogimedence.hu\/#organization"},"image":{"@id":"https:\/\/dorogimedence.hu\/index.php\/2025\/02\/26\/esztergomi-es-annavolgyi-diakok-a-varmegyei-ertektar-vetelkedo-dontojeben\/#primaryimage"},"thumbnailUrl":"https:\/\/dorogimedence.hu\/wp-content\/uploads\/2025\/02\/ertektar.jpg","keywords":["Annav\u00f6lgy","\u00e9rt\u00e9kt\u00e1r","esztergom","Kom\u00e1rom-Esztergom v\u00e1rmegye","v\u00e1rmegyei \u00e9rt\u00e9kt\u00e1r"],"articleSection":["Esztergom","H\u00edrek","Kom\u00e1rom-Esztergom"],"inLanguage":"hu"},{"@type":"WebPage","@id":"https:\/\/dorogimedence.hu\/index.php\/2025\/02\/26\/esztergomi-es-annavolgyi-diakok-a-varmegyei-ertektar-vetelkedo-dontojeben\/","url":"https:\/\/dorogimedence.hu\/index.php\/2025\/02\/26\/esztergomi-es-annavolgyi-diakok-a-varmegyei-ertektar-vetelkedo-dontojeben\/","name":"Esztergomi \u00e9s annav\u00f6lgyi di\u00e1kok a v\u00e1rmegyei \u00e9rt\u00e9kt\u00e1r vet\u00e9lked\u0151 d\u00f6nt\u0151j\u00e9ben","isPartOf":{"@id":"https:\/\/dorogimedence.hu\/#website"},"primaryImageOfPage":{"@id":"https:\/\/dorogimedence.hu\/index.php\/2025\/02\/26\/esztergomi-es-annavolgyi-diakok-a-varmegyei-ertektar-vetelkedo-dontojeben\/#primaryimage"},"image":{"@id":"https:\/\/dorogimedence.hu\/index.php\/2025\/02\/26\/esztergomi-es-annavolgyi-diakok-a-varmegyei-ertektar-vetelkedo-dontojeben\/#primaryimage"},"thumbnailUrl":"https:\/\/dorogimedence.hu\/wp-content\/uploads\/2025\/02\/ertektar.jpg","datePublished":"2025-02-26T12:23:02+00:00","breadcrumb":{"@id":"https:\/\/dorogimedence.hu\/index.php\/2025\/02\/26\/esztergomi-es-annavolgyi-diakok-a-varmegyei-ertektar-vetelkedo-dontojeben\/#breadcrumb"},"inLanguage":"hu","potentialAction":[{"@type":"ReadAction","target":["https:\/\/dorogimedence.hu\/index.php\/2025\/02\/26\/esztergomi-es-annavolgyi-diakok-a-varmegyei-ertektar-vetelkedo-dontojeben\/"]}]},{"@type":"ImageObject","inLanguage":"hu","@id":"https:\/\/dorogimedence.hu\/index.php\/2025\/02\/26\/esztergomi-es-annavolgyi-diakok-a-varmegyei-ertektar-vetelkedo-dontojeben\/#primaryimage","url":"https:\/\/dorogimedence.hu\/wp-content\/uploads\/2025\/02\/ertektar.jpg","contentUrl":"https:\/\/dorogimedence.hu\/wp-content\/uploads\/2025\/02\/ertektar.jpg","width":1920,"height":970},{"@type":"BreadcrumbList","@id":"https:\/\/dorogimedence.hu\/index.php\/2025\/02\/26\/esztergomi-es-annavolgyi-diakok-a-varmegyei-ertektar-vetelkedo-dontojeben\/#breadcrumb","itemListElement":[{"@type":"ListItem","position":1,"name":"Kezd\u0151lap","item":"https:\/\/dorogimedence.hu\/"},{"@type":"ListItem","position":2,"name":"Esztergomi \u00e9s annav\u00f6lgyi di\u00e1kok a v\u00e1rmegyei \u00e9rt\u00e9kt\u00e1r vet\u00e9lked\u0151 d\u00f6nt\u0151j\u00e9ben"}]},{"@type":"WebSite","@id":"https:\/\/dorogimedence.hu\/#website","url":"https:\/\/dorogimedence.hu\/","name":"Dorogi-medence Region\u00e1lis H\u00edrport\u00e1l","description":"Dorog, Keszt\u00f6lc, Le\u00e1nyv\u00e1r, Piliscs\u00e9v, Tokod, Tokodalt\u00e1r\u00f3, Csolnok, Esztergom-kertv\u00e1ros: h\u00edrek, programok","publisher":{"@id":"https:\/\/dorogimedence.hu\/#organization"},"potentialAction":[{"@type":"SearchAction","target":{"@type":"EntryPoint","urlTemplate":"https:\/\/dorogimedence.hu\/?s={search_term_string}"},"query-input":{"@type":"PropertyValueSpecification","valueRequired":true,"valueName":"search_term_string"}}],"inLanguage":"hu"},{"@type":"Organization","@id":"https:\/\/dorogimedence.hu\/#organization","name":"Dorogi-medence Region\u00e1lis H\u00edrport\u00e1l","url":"https:\/\/dorogimedence.hu\/","logo":{"@type":"ImageObject","inLanguage":"hu","@id":"https:\/\/dorogimedence.hu\/#\/schema\/logo\/image\/","url":"https:\/\/dorogimedence.hu\/wp-content\/uploads\/2021\/04\/logo-feher-600.png","contentUrl":"https:\/\/dorogimedence.hu\/wp-content\/uploads\/2021\/04\/logo-feher-600.png","width":600,"height":100,"caption":"Dorogi-medence Region\u00e1lis H\u00edrport\u00e1l"},"image":{"@id":"https:\/\/dorogimedence.hu\/#\/schema\/logo\/image\/"},"sameAs":["https:\/\/www.facebook.com\/dorogimedence\/"]},{"@type":"Person","@id":"https:\/\/dorogimedence.hu\/#\/schema\/person\/ce6091eeb7e95ecdc87890d6aa8e0fd4","name":"dorogimedence.hu","image":{"@type":"ImageObject","inLanguage":"hu","@id":"\/\/www.gravatar.com\/avatar\/d8d45f8901aadff40a4af72c0b826f1d?s=96&#038;r=g&#038;d=mm","url":"\/\/www.gravatar.com\/avatar\/d8d45f8901aadff40a4af72c0b826f1d?s=96&#038;r=g&#038;d=mm","contentUrl":"\/\/www.gravatar.com\/avatar\/d8d45f8901aadff40a4af72c0b826f1d?s=96&#038;r=g&#038;d=mm","caption":"dorogimedence.hu"}}]}},"_links":{"self":[{"href":"https:\/\/dorogimedence.hu\/index.php\/wp-json\/wp\/v2\/posts\/69137","targetHints":{"allow":["GET"]}}],"collection":[{"href":"https:\/\/dorogimedence.hu\/index.php\/wp-json\/wp\/v2\/posts"}],"about":[{"href":"https:\/\/dorogimedence.hu\/index.php\/wp-json\/wp\/v2\/types\/post"}],"author":[{"embeddable":true,"href":"https:\/\/dorogimedence.hu\/index.php\/wp-json\/wp\/v2\/users\/1"}],"replies":[{"embeddable":true,"href":"https:\/\/dorogimedence.hu\/index.php\/wp-json\/wp\/v2\/comments?post=69137"}],"version-history":[{"count":0,"href":"https:\/\/dorogimedence.hu\/index.php\/wp-json\/wp\/v2\/posts\/69137\/revisions"}],"wp:featuredmedia":[{"embeddable":true,"href":"https:\/\/dorogimedence.hu\/index.php\/wp-json\/wp\/v2\/media\/69138"}],"wp:attachment":[{"href":"https:\/\/dorogimedence.hu\/index.php\/wp-json\/wp\/v2\/media?parent=69137"}],"wp:term":[{"taxonomy":"category","embeddable":true,"href":"https:\/\/dorogimedence.hu\/index.php\/wp-json\/wp\/v2\/categories?post=69137"},{"taxonomy":"post_tag","embeddable":true,"href":"https:\/\/dorogimedence.hu\/index.php\/wp-json\/wp\/v2\/tags?post=69137"}],"curies":[{"name":"wp","href":"https:\/\/api.w.org\/{rel}","templated":true}]}}