{"id":69115,"date":"2025-02-25T11:11:43","date_gmt":"2025-02-25T10:11:43","guid":{"rendered":"https:\/\/dorogimedence.hu\/?p=69115"},"modified":"2025-02-25T11:11:43","modified_gmt":"2025-02-25T10:11:43","slug":"alkotoi-palyazat-a-jovo-tuzvedelme","status":"publish","type":"post","link":"https:\/\/dorogimedence.hu\/index.php\/2025\/02\/25\/alkotoi-palyazat-a-jovo-tuzvedelme\/","title":{"rendered":"Alkot\u00f3i p\u00e1ly\u00e1zat: A j\u00f6v\u0151 t\u0171zv\u00e9delme"},"content":{"rendered":"<div class=\"article-descript\">\n<p><strong>A hagyom\u00e1nyokat k\u00f6vetve id\u00e9n febru\u00e1rban imm\u00e1ron tizenkettedik alkalommal hirdeti meg alkot\u00f3i p\u00e1ly\u00e1zat\u00e1t az Orsz\u00e1gos T\u0171zmegel\u0151z\u00e9si Bizotts\u00e1g \u00e1ltal\u00e1nos iskol\u00e1s \u00e9s k\u00f6z\u00e9piskol\u00e1s tanul\u00f3k r\u00e9sz\u00e9re, amelynek t\u00e9m\u00e1ja \u201eA j\u00f6v\u0151 t\u0171zv\u00e9delme\u201d.<\/strong><\/p>\n<\/div>\n<div class=\"text\">\n<p><em>A p\u00e1ly\u00e1zat c\u00e9lja, hogy a di\u00e1kok kreat\u00edv form\u00e1ban mutass\u00e1k be, hogyan k\u00e9pzelik el a t\u0171zmegel\u0151z\u00e9st \u00e9s a t\u0171zolt\u00e1st t\u00edz, h\u00fasz, \u00f6tven vagy ak\u00e1r sz\u00e1z \u00e9v m\u00falva.<\/em><\/p>\n<p>Az iskol\u00e1sok k\u00e9t kateg\u00f3ri\u00e1ban \u2013 K\u00e9zm\u0171ves Alkot\u00e1s \u00e9s Digit\u00e1lis Alkot\u00e1s \u2013 nevezhetnek, az al\u00e1bbi felt\u00e9telek szerint:<\/p>\n<h3><strong>K\u00e9zm\u0171ves Alkot\u00e1s kateg\u00f3ria:<\/strong><\/h3>\n<p>Ebben a kateg\u00f3ri\u00e1ban h\u00e1rom korcsoportban lehet p\u00e1ly\u00e1zni: 6\u201310 \u00e9v, 11\u201314 \u00e9v, valamint 15\u201318 \u00e9v.<\/p>\n<p>Az alkot\u00e1s lehet rajz, festm\u00e9ny, plak\u00e1t, lapbook, vagy legfeljebb 30\u00d730\u00d720 centim\u00e9teres m\u00e9ret\u0171 3D-s szabadk\u00e9zi technik\u00e1val k\u00e9sz\u00fclt alkot\u00e1s.<\/p>\n<p>Az alkot\u00e1sokat <i>egy\u00e9nileg<\/i> kell elk\u00e9sz\u00edteni.<\/p>\n<h3><strong>Digit\u00e1lis Alkot\u00e1s kateg\u00f3ria<\/strong>:<\/h3>\n<p>Ebben a kateg\u00f3ri\u00e1ban 6-18 \u00e9ves di\u00e1kok p\u00e1ly\u00e1zhatnak.<\/p>\n<p>Az alkot\u00e1s lehet digit\u00e1lis grafika vagy k\u00e9p, illetve harminc-hatvan m\u00e1sodperces film, anim\u00e1ci\u00f3.<\/p>\n<p>A m\u0171veket <i>egy\u00e9nileg vagy csapatban<\/i> (legfeljebb h\u00e1rom f\u0151) lehet elk\u00e9sz\u00edteni.<\/p>\n<p>Fontos, hogy <strong>egy p\u00e1ly\u00e1z\u00f3 csak egyetlen alkot\u00e1st adhat be<\/strong>, \u00e9s a kor\u00e1bbi \u00e9vekben m\u00e1r bek\u00fcld\u00f6tt m\u0171vekkel nem lehet \u00fajra nevezni. Az alkot\u00e1sokhoz minden esetben csatolni kell a <i>sz\u00fcl\u0151i hozz\u00e1j\u00e1rul\u00f3 nyilatkozatot<\/i> is.<\/p>\n<h3><strong>Bek\u00fcld\u00e9si hat\u00e1rid\u0151 \u00e9s d\u00edjaz\u00e1s<\/strong><\/h3>\n<p>Az elk\u00e9sz\u00fclt p\u00e1lyam\u0171veket <strong>2025. \u00e1prilis 11-ig<\/strong> lehet beny\u00fajtani postai \u00faton, e-mailben, vagy el\u0151zetes egyeztet\u00e9st k\u00f6vet\u0151en szem\u00e9lyesen, a korcsoport \u00e9s kateg\u00f3ria megjel\u00f6l\u00e9s\u00e9vel a v\u00e1rmegyei katasztr\u00f3fav\u00e9delmi igazgat\u00f3s\u00e1ghoz.<\/p>\n<p><strong>Postai c\u00edm:<\/strong><\/p>\n<p>Kom\u00e1rom-Esztergom V\u00e1rmegyei Katasztr\u00f3fav\u00e9delmi Igazgat\u00f3s\u00e1g&nbsp;<\/p>\n<p>2800 Tatab\u00e1nya, Szent Borb\u00e1la \u00fat 16.<\/p>\n<p><strong>E-mail:<\/strong><\/p>\n<p>komarom.titkarsag@katved.gov.hu&nbsp;<\/p>\n<p>A ter\u00fcleti fordul\u00f3 els\u0151 helyezett alkot\u00e1sai tov\u00e1bbjutnak az <strong>orsz\u00e1gos verseny<\/strong>re, amelynek d\u00edj\u00e1tad\u00f3ja <strong>2025 j\u00fanius\u00e1ban Budapesten<\/strong> lesz. Az orsz\u00e1gos gy\u0151ztesek \u00e9rt\u00e9kes aj\u00e1nd\u00e9kokat kapnak, \u00e9s a ter\u00fcleti t\u0171zmegel\u0151z\u00e9si bizotts\u00e1gok (TTB-k) is biztos\u00edtanak d\u00edjakat a dobog\u00f3s helyezettek sz\u00e1m\u00e1ra.<\/p>\n<h3><strong>Legkreat\u00edvabb iskola 2025<\/strong><\/h3>\n<p>A \u201e<i>Legkreat\u00edvabb Iskola 2025<\/i>\u201d c\u00edmet az az int\u00e9zm\u00e9ny nyeri el, ahonnan az iskola teljes l\u00e9tsz\u00e1m\u00e1hoz viszony\u00edtva a <strong>legt\u00f6bb p\u00e1ly\u00e1zat \u00e9rkezik<\/strong> be. A gy\u0151ztes iskol\u00e1ban a t\u0171zolt\u00f3s\u00e1g l\u00e1tv\u00e1nyos bemutat\u00f3t tart, amely sor\u00e1n a di\u00e1kok kipr\u00f3b\u00e1lhatj\u00e1k a f\u00fcsts\u00e1trat, megtekinthetik a t\u00e1lcat\u0171z \u00e9s az olajt\u0171z olt\u00e1s\u00e1t, valamint a roncsv\u00e1g\u00e1st. Emellett a szakemberek t\u0171zv\u00e9delmi oktat\u00e1st is tartanak a di\u00e1kok sz\u00e1m\u00e1ra.<\/p>\n<p><strong>A p\u00e1ly\u00e1zatra v\u00e1rjuk a kreat\u00edv \u00f6tleteket, amelyek nemcsak a jelen t\u0171zv\u00e9delmi kih\u00edv\u00e1saira adnak v\u00e1laszt, hanem a j\u00f6v\u0151be is betekint\u00e9st engednek!<\/strong><\/p>\n<p><a href=\"https:\/\/komarom.katasztrofavedelem.hu\/24940\/hirek\/288586\/alkotoi-palyazat-a-jovo-tuzvedelme\" target=\"_blank\" rel=\"noopener\"><span style=\"text-decoration: underline; color: #0000ff;\">Let\u00f6lthet\u0151 dokumentumok&gt;&gt;<\/span><\/a><\/p>\n<p><em>Bor\u00edt\u00f3k\u00e9p, forr\u00e1s: Katasztr\u00f3fav\u00e9delem<\/em><\/p>\n<\/div>\n","protected":false},"excerpt":{"rendered":"<p>A hagyom\u00e1nyokat k\u00f6vetve id\u00e9n febru\u00e1rban imm\u00e1ron tizenkettedik alkalommal hirdeti meg alkot\u00f3i p\u00e1ly\u00e1zat\u00e1t az Orsz\u00e1gos T\u0171zmegel\u0151z\u00e9si Bizotts\u00e1g \u00e1ltal\u00e1nos iskol\u00e1s \u00e9s k\u00f6z\u00e9piskol\u00e1s tanul\u00f3k r\u00e9sz\u00e9re, amelynek t\u00e9m\u00e1ja \u201eA j\u00f6v\u0151 t\u0171zv\u00e9delme\u201d. A p\u00e1ly\u00e1zat c\u00e9lja, hogy a di\u00e1kok kreat\u00edv form\u00e1ban mutass\u00e1k be, hogyan k\u00e9pzelik el a t\u0171zmegel\u0151z\u00e9st \u00e9s a t\u0171zolt\u00e1st t\u00edz, h\u00fasz, \u00f6tven vagy ak\u00e1r sz\u00e1z \u00e9v m\u00falva. Az iskol\u00e1sok<\/p>\n","protected":false},"author":1,"featured_media":69116,"comment_status":"closed","ping_status":"closed","sticky":false,"template":"","format":"standard","meta":{"ngg_post_thumbnail":0,"footnotes":""},"categories":[3,6948],"tags":[2591,175,74],"class_list":{"0":"post-69115","1":"post","2":"type-post","3":"status-publish","4":"format-standard","5":"has-post-thumbnail","7":"category-hirek","8":"category-szines","9":"tag-alkotoi-palyazat","10":"tag-katasztrofavedelem","11":"tag-palyazat"},"yoast_head":"<!-- This site is optimized with the Yoast SEO plugin v27.5 - https:\/\/yoast.com\/product\/yoast-seo-wordpress\/ -->\n<title>Alkot\u00f3i p\u00e1ly\u00e1zat: A j\u00f6v\u0151 t\u0171zv\u00e9delme<\/title>\n<meta name=\"robots\" content=\"index, follow, max-snippet:-1, max-image-preview:large, max-video-preview:-1\" \/>\n<link rel=\"canonical\" href=\"https:\/\/dorogimedence.hu\/index.php\/2025\/02\/25\/alkotoi-palyazat-a-jovo-tuzvedelme\/\" class=\"yoast-seo-meta-tag\" \/>\n<meta property=\"og:locale\" content=\"hu_HU\" class=\"yoast-seo-meta-tag\" \/>\n<meta property=\"og:type\" content=\"article\" class=\"yoast-seo-meta-tag\" \/>\n<meta property=\"og:title\" content=\"Alkot\u00f3i p\u00e1ly\u00e1zat: A j\u00f6v\u0151 t\u0171zv\u00e9delme\" class=\"yoast-seo-meta-tag\" \/>\n<meta property=\"og:description\" content=\"A hagyom\u00e1nyokat k\u00f6vetve id\u00e9n febru\u00e1rban imm\u00e1ron tizenkettedik alkalommal hirdeti meg alkot\u00f3i p\u00e1ly\u00e1zat\u00e1t az Orsz\u00e1gos T\u0171zmegel\u0151z\u00e9si Bizotts\u00e1g \u00e1ltal\u00e1nos iskol\u00e1s \u00e9s k\u00f6z\u00e9piskol\u00e1s tanul\u00f3k r\u00e9sz\u00e9re, amelynek t\u00e9m\u00e1ja \u201eA j\u00f6v\u0151 t\u0171zv\u00e9delme\u201d. A p\u00e1ly\u00e1zat c\u00e9lja, hogy a di\u00e1kok kreat\u00edv form\u00e1ban mutass\u00e1k be, hogyan k\u00e9pzelik el a t\u0171zmegel\u0151z\u00e9st \u00e9s a t\u0171zolt\u00e1st t\u00edz, h\u00fasz, \u00f6tven vagy ak\u00e1r sz\u00e1z \u00e9v m\u00falva. Az iskol\u00e1sok\" class=\"yoast-seo-meta-tag\" \/>\n<meta property=\"og:url\" content=\"https:\/\/dorogimedence.hu\/index.php\/2025\/02\/25\/alkotoi-palyazat-a-jovo-tuzvedelme\/\" class=\"yoast-seo-meta-tag\" \/>\n<meta property=\"og:site_name\" content=\"Dorogi-medence Region\u00e1lis H\u00edrport\u00e1l\" class=\"yoast-seo-meta-tag\" \/>\n<meta property=\"article:publisher\" content=\"https:\/\/www.facebook.com\/dorogimedence\/\" class=\"yoast-seo-meta-tag\" \/>\n<meta property=\"article:published_time\" content=\"2025-02-25T10:11:43+00:00\" class=\"yoast-seo-meta-tag\" \/>\n<meta property=\"og:image\" content=\"https:\/\/dorogimedence.hu\/wp-content\/uploads\/2025\/02\/komarom.katasztrofavedelem.jpg\" class=\"yoast-seo-meta-tag\" \/>\n\t<meta property=\"og:image:width\" content=\"1024\" class=\"yoast-seo-meta-tag\" \/>\n\t<meta property=\"og:image:height\" content=\"681\" class=\"yoast-seo-meta-tag\" \/>\n\t<meta property=\"og:image:type\" content=\"image\/jpeg\" class=\"yoast-seo-meta-tag\" \/>\n<meta name=\"author\" content=\"dorogimedence.hu\" class=\"yoast-seo-meta-tag\" \/>\n<meta name=\"twitter:card\" content=\"summary_large_image\" class=\"yoast-seo-meta-tag\" \/>\n<meta name=\"twitter:label1\" content=\"Szerz\u0151:\" class=\"yoast-seo-meta-tag\" \/>\n\t<meta name=\"twitter:data1\" content=\"dorogimedence.hu\" class=\"yoast-seo-meta-tag\" \/>\n\t<meta name=\"twitter:label2\" content=\"Becs\u00fclt olvas\u00e1si id\u0151\" class=\"yoast-seo-meta-tag\" \/>\n\t<meta name=\"twitter:data2\" content=\"3 perc\" class=\"yoast-seo-meta-tag\" \/>\n<script type=\"application\/ld+json\" class=\"yoast-schema-graph\">{\"@context\":\"https:\\\/\\\/schema.org\",\"@graph\":[{\"@type\":\"Article\",\"@id\":\"https:\\\/\\\/dorogimedence.hu\\\/index.php\\\/2025\\\/02\\\/25\\\/alkotoi-palyazat-a-jovo-tuzvedelme\\\/#article\",\"isPartOf\":{\"@id\":\"https:\\\/\\\/dorogimedence.hu\\\/index.php\\\/2025\\\/02\\\/25\\\/alkotoi-palyazat-a-jovo-tuzvedelme\\\/\"},\"author\":{\"name\":\"dorogimedence.hu\",\"@id\":\"https:\\\/\\\/dorogimedence.hu\\\/#\\\/schema\\\/person\\\/ce6091eeb7e95ecdc87890d6aa8e0fd4\"},\"headline\":\"Alkot\u00f3i p\u00e1ly\u00e1zat: A j\u00f6v\u0151 t\u0171zv\u00e9delme\",\"datePublished\":\"2025-02-25T10:11:43+00:00\",\"mainEntityOfPage\":{\"@id\":\"https:\\\/\\\/dorogimedence.hu\\\/index.php\\\/2025\\\/02\\\/25\\\/alkotoi-palyazat-a-jovo-tuzvedelme\\\/\"},\"wordCount\":566,\"publisher\":{\"@id\":\"https:\\\/\\\/dorogimedence.hu\\\/#organization\"},\"image\":{\"@id\":\"https:\\\/\\\/dorogimedence.hu\\\/index.php\\\/2025\\\/02\\\/25\\\/alkotoi-palyazat-a-jovo-tuzvedelme\\\/#primaryimage\"},\"thumbnailUrl\":\"https:\\\/\\\/dorogimedence.hu\\\/wp-content\\\/uploads\\\/2025\\\/02\\\/komarom.katasztrofavedelem.jpg\",\"keywords\":[\"alkot\u00f3i p\u00e1ly\u00e1zat\",\"katasztr\u00f3fav\u00e9delem\",\"p\u00e1ly\u00e1zat\"],\"articleSection\":[\"H\u00edrek\",\"Sz\u00ednes\"],\"inLanguage\":\"hu\"},{\"@type\":\"WebPage\",\"@id\":\"https:\\\/\\\/dorogimedence.hu\\\/index.php\\\/2025\\\/02\\\/25\\\/alkotoi-palyazat-a-jovo-tuzvedelme\\\/\",\"url\":\"https:\\\/\\\/dorogimedence.hu\\\/index.php\\\/2025\\\/02\\\/25\\\/alkotoi-palyazat-a-jovo-tuzvedelme\\\/\",\"name\":\"Alkot\u00f3i p\u00e1ly\u00e1zat: A j\u00f6v\u0151 t\u0171zv\u00e9delme\",\"isPartOf\":{\"@id\":\"https:\\\/\\\/dorogimedence.hu\\\/#website\"},\"primaryImageOfPage\":{\"@id\":\"https:\\\/\\\/dorogimedence.hu\\\/index.php\\\/2025\\\/02\\\/25\\\/alkotoi-palyazat-a-jovo-tuzvedelme\\\/#primaryimage\"},\"image\":{\"@id\":\"https:\\\/\\\/dorogimedence.hu\\\/index.php\\\/2025\\\/02\\\/25\\\/alkotoi-palyazat-a-jovo-tuzvedelme\\\/#primaryimage\"},\"thumbnailUrl\":\"https:\\\/\\\/dorogimedence.hu\\\/wp-content\\\/uploads\\\/2025\\\/02\\\/komarom.katasztrofavedelem.jpg\",\"datePublished\":\"2025-02-25T10:11:43+00:00\",\"breadcrumb\":{\"@id\":\"https:\\\/\\\/dorogimedence.hu\\\/index.php\\\/2025\\\/02\\\/25\\\/alkotoi-palyazat-a-jovo-tuzvedelme\\\/#breadcrumb\"},\"inLanguage\":\"hu\",\"potentialAction\":[{\"@type\":\"ReadAction\",\"target\":[\"https:\\\/\\\/dorogimedence.hu\\\/index.php\\\/2025\\\/02\\\/25\\\/alkotoi-palyazat-a-jovo-tuzvedelme\\\/\"]}]},{\"@type\":\"ImageObject\",\"inLanguage\":\"hu\",\"@id\":\"https:\\\/\\\/dorogimedence.hu\\\/index.php\\\/2025\\\/02\\\/25\\\/alkotoi-palyazat-a-jovo-tuzvedelme\\\/#primaryimage\",\"url\":\"https:\\\/\\\/dorogimedence.hu\\\/wp-content\\\/uploads\\\/2025\\\/02\\\/komarom.katasztrofavedelem.jpg\",\"contentUrl\":\"https:\\\/\\\/dorogimedence.hu\\\/wp-content\\\/uploads\\\/2025\\\/02\\\/komarom.katasztrofavedelem.jpg\",\"width\":1024,\"height\":681},{\"@type\":\"BreadcrumbList\",\"@id\":\"https:\\\/\\\/dorogimedence.hu\\\/index.php\\\/2025\\\/02\\\/25\\\/alkotoi-palyazat-a-jovo-tuzvedelme\\\/#breadcrumb\",\"itemListElement\":[{\"@type\":\"ListItem\",\"position\":1,\"name\":\"Kezd\u0151lap\",\"item\":\"https:\\\/\\\/dorogimedence.hu\\\/\"},{\"@type\":\"ListItem\",\"position\":2,\"name\":\"Alkot\u00f3i p\u00e1ly\u00e1zat: A j\u00f6v\u0151 t\u0171zv\u00e9delme\"}]},{\"@type\":\"WebSite\",\"@id\":\"https:\\\/\\\/dorogimedence.hu\\\/#website\",\"url\":\"https:\\\/\\\/dorogimedence.hu\\\/\",\"name\":\"Dorogi-medence Region\u00e1lis H\u00edrport\u00e1l\",\"description\":\"Dorog, Keszt\u00f6lc, Le\u00e1nyv\u00e1r, Piliscs\u00e9v, Tokod, Tokodalt\u00e1r\u00f3, Csolnok, Esztergom-kertv\u00e1ros: h\u00edrek, programok\",\"publisher\":{\"@id\":\"https:\\\/\\\/dorogimedence.hu\\\/#organization\"},\"potentialAction\":[{\"@type\":\"SearchAction\",\"target\":{\"@type\":\"EntryPoint\",\"urlTemplate\":\"https:\\\/\\\/dorogimedence.hu\\\/?s={search_term_string}\"},\"query-input\":{\"@type\":\"PropertyValueSpecification\",\"valueRequired\":true,\"valueName\":\"search_term_string\"}}],\"inLanguage\":\"hu\"},{\"@type\":\"Organization\",\"@id\":\"https:\\\/\\\/dorogimedence.hu\\\/#organization\",\"name\":\"Dorogi-medence Region\u00e1lis H\u00edrport\u00e1l\",\"url\":\"https:\\\/\\\/dorogimedence.hu\\\/\",\"logo\":{\"@type\":\"ImageObject\",\"inLanguage\":\"hu\",\"@id\":\"https:\\\/\\\/dorogimedence.hu\\\/#\\\/schema\\\/logo\\\/image\\\/\",\"url\":\"https:\\\/\\\/dorogimedence.hu\\\/wp-content\\\/uploads\\\/2021\\\/04\\\/logo-feher-600.png\",\"contentUrl\":\"https:\\\/\\\/dorogimedence.hu\\\/wp-content\\\/uploads\\\/2021\\\/04\\\/logo-feher-600.png\",\"width\":600,\"height\":100,\"caption\":\"Dorogi-medence Region\u00e1lis H\u00edrport\u00e1l\"},\"image\":{\"@id\":\"https:\\\/\\\/dorogimedence.hu\\\/#\\\/schema\\\/logo\\\/image\\\/\"},\"sameAs\":[\"https:\\\/\\\/www.facebook.com\\\/dorogimedence\\\/\"]},{\"@type\":\"Person\",\"@id\":\"https:\\\/\\\/dorogimedence.hu\\\/#\\\/schema\\\/person\\\/ce6091eeb7e95ecdc87890d6aa8e0fd4\",\"name\":\"dorogimedence.hu\",\"image\":{\"@type\":\"ImageObject\",\"inLanguage\":\"hu\",\"@id\":\"\\\/\\\/www.gravatar.com\\\/avatar\\\/d8d45f8901aadff40a4af72c0b826f1d?s=96&#038;r=g&#038;d=mm\",\"url\":\"\\\/\\\/www.gravatar.com\\\/avatar\\\/d8d45f8901aadff40a4af72c0b826f1d?s=96&#038;r=g&#038;d=mm\",\"contentUrl\":\"\\\/\\\/www.gravatar.com\\\/avatar\\\/d8d45f8901aadff40a4af72c0b826f1d?s=96&#038;r=g&#038;d=mm\",\"caption\":\"dorogimedence.hu\"}}]}<\/script>\n<!-- \/ Yoast SEO plugin. -->","yoast_head_json":{"title":"Alkot\u00f3i p\u00e1ly\u00e1zat: A j\u00f6v\u0151 t\u0171zv\u00e9delme","robots":{"index":"index","follow":"follow","max-snippet":"max-snippet:-1","max-image-preview":"max-image-preview:large","max-video-preview":"max-video-preview:-1"},"canonical":"https:\/\/dorogimedence.hu\/index.php\/2025\/02\/25\/alkotoi-palyazat-a-jovo-tuzvedelme\/","og_locale":"hu_HU","og_type":"article","og_title":"Alkot\u00f3i p\u00e1ly\u00e1zat: A j\u00f6v\u0151 t\u0171zv\u00e9delme","og_description":"A hagyom\u00e1nyokat k\u00f6vetve id\u00e9n febru\u00e1rban imm\u00e1ron tizenkettedik alkalommal hirdeti meg alkot\u00f3i p\u00e1ly\u00e1zat\u00e1t az Orsz\u00e1gos T\u0171zmegel\u0151z\u00e9si Bizotts\u00e1g \u00e1ltal\u00e1nos iskol\u00e1s \u00e9s k\u00f6z\u00e9piskol\u00e1s tanul\u00f3k r\u00e9sz\u00e9re, amelynek t\u00e9m\u00e1ja \u201eA j\u00f6v\u0151 t\u0171zv\u00e9delme\u201d. A p\u00e1ly\u00e1zat c\u00e9lja, hogy a di\u00e1kok kreat\u00edv form\u00e1ban mutass\u00e1k be, hogyan k\u00e9pzelik el a t\u0171zmegel\u0151z\u00e9st \u00e9s a t\u0171zolt\u00e1st t\u00edz, h\u00fasz, \u00f6tven vagy ak\u00e1r sz\u00e1z \u00e9v m\u00falva. Az iskol\u00e1sok","og_url":"https:\/\/dorogimedence.hu\/index.php\/2025\/02\/25\/alkotoi-palyazat-a-jovo-tuzvedelme\/","og_site_name":"Dorogi-medence Region\u00e1lis H\u00edrport\u00e1l","article_publisher":"https:\/\/www.facebook.com\/dorogimedence\/","article_published_time":"2025-02-25T10:11:43+00:00","og_image":[{"width":1024,"height":681,"url":"https:\/\/dorogimedence.hu\/wp-content\/uploads\/2025\/02\/komarom.katasztrofavedelem.jpg","type":"image\/jpeg"}],"author":"dorogimedence.hu","twitter_card":"summary_large_image","twitter_misc":{"Szerz\u0151:":"dorogimedence.hu","Becs\u00fclt olvas\u00e1si id\u0151":"3 perc"},"schema":{"@context":"https:\/\/schema.org","@graph":[{"@type":"Article","@id":"https:\/\/dorogimedence.hu\/index.php\/2025\/02\/25\/alkotoi-palyazat-a-jovo-tuzvedelme\/#article","isPartOf":{"@id":"https:\/\/dorogimedence.hu\/index.php\/2025\/02\/25\/alkotoi-palyazat-a-jovo-tuzvedelme\/"},"author":{"name":"dorogimedence.hu","@id":"https:\/\/dorogimedence.hu\/#\/schema\/person\/ce6091eeb7e95ecdc87890d6aa8e0fd4"},"headline":"Alkot\u00f3i p\u00e1ly\u00e1zat: A j\u00f6v\u0151 t\u0171zv\u00e9delme","datePublished":"2025-02-25T10:11:43+00:00","mainEntityOfPage":{"@id":"https:\/\/dorogimedence.hu\/index.php\/2025\/02\/25\/alkotoi-palyazat-a-jovo-tuzvedelme\/"},"wordCount":566,"publisher":{"@id":"https:\/\/dorogimedence.hu\/#organization"},"image":{"@id":"https:\/\/dorogimedence.hu\/index.php\/2025\/02\/25\/alkotoi-palyazat-a-jovo-tuzvedelme\/#primaryimage"},"thumbnailUrl":"https:\/\/dorogimedence.hu\/wp-content\/uploads\/2025\/02\/komarom.katasztrofavedelem.jpg","keywords":["alkot\u00f3i p\u00e1ly\u00e1zat","katasztr\u00f3fav\u00e9delem","p\u00e1ly\u00e1zat"],"articleSection":["H\u00edrek","Sz\u00ednes"],"inLanguage":"hu"},{"@type":"WebPage","@id":"https:\/\/dorogimedence.hu\/index.php\/2025\/02\/25\/alkotoi-palyazat-a-jovo-tuzvedelme\/","url":"https:\/\/dorogimedence.hu\/index.php\/2025\/02\/25\/alkotoi-palyazat-a-jovo-tuzvedelme\/","name":"Alkot\u00f3i p\u00e1ly\u00e1zat: A j\u00f6v\u0151 t\u0171zv\u00e9delme","isPartOf":{"@id":"https:\/\/dorogimedence.hu\/#website"},"primaryImageOfPage":{"@id":"https:\/\/dorogimedence.hu\/index.php\/2025\/02\/25\/alkotoi-palyazat-a-jovo-tuzvedelme\/#primaryimage"},"image":{"@id":"https:\/\/dorogimedence.hu\/index.php\/2025\/02\/25\/alkotoi-palyazat-a-jovo-tuzvedelme\/#primaryimage"},"thumbnailUrl":"https:\/\/dorogimedence.hu\/wp-content\/uploads\/2025\/02\/komarom.katasztrofavedelem.jpg","datePublished":"2025-02-25T10:11:43+00:00","breadcrumb":{"@id":"https:\/\/dorogimedence.hu\/index.php\/2025\/02\/25\/alkotoi-palyazat-a-jovo-tuzvedelme\/#breadcrumb"},"inLanguage":"hu","potentialAction":[{"@type":"ReadAction","target":["https:\/\/dorogimedence.hu\/index.php\/2025\/02\/25\/alkotoi-palyazat-a-jovo-tuzvedelme\/"]}]},{"@type":"ImageObject","inLanguage":"hu","@id":"https:\/\/dorogimedence.hu\/index.php\/2025\/02\/25\/alkotoi-palyazat-a-jovo-tuzvedelme\/#primaryimage","url":"https:\/\/dorogimedence.hu\/wp-content\/uploads\/2025\/02\/komarom.katasztrofavedelem.jpg","contentUrl":"https:\/\/dorogimedence.hu\/wp-content\/uploads\/2025\/02\/komarom.katasztrofavedelem.jpg","width":1024,"height":681},{"@type":"BreadcrumbList","@id":"https:\/\/dorogimedence.hu\/index.php\/2025\/02\/25\/alkotoi-palyazat-a-jovo-tuzvedelme\/#breadcrumb","itemListElement":[{"@type":"ListItem","position":1,"name":"Kezd\u0151lap","item":"https:\/\/dorogimedence.hu\/"},{"@type":"ListItem","position":2,"name":"Alkot\u00f3i p\u00e1ly\u00e1zat: A j\u00f6v\u0151 t\u0171zv\u00e9delme"}]},{"@type":"WebSite","@id":"https:\/\/dorogimedence.hu\/#website","url":"https:\/\/dorogimedence.hu\/","name":"Dorogi-medence Region\u00e1lis H\u00edrport\u00e1l","description":"Dorog, Keszt\u00f6lc, Le\u00e1nyv\u00e1r, Piliscs\u00e9v, Tokod, Tokodalt\u00e1r\u00f3, Csolnok, Esztergom-kertv\u00e1ros: h\u00edrek, programok","publisher":{"@id":"https:\/\/dorogimedence.hu\/#organization"},"potentialAction":[{"@type":"SearchAction","target":{"@type":"EntryPoint","urlTemplate":"https:\/\/dorogimedence.hu\/?s={search_term_string}"},"query-input":{"@type":"PropertyValueSpecification","valueRequired":true,"valueName":"search_term_string"}}],"inLanguage":"hu"},{"@type":"Organization","@id":"https:\/\/dorogimedence.hu\/#organization","name":"Dorogi-medence Region\u00e1lis H\u00edrport\u00e1l","url":"https:\/\/dorogimedence.hu\/","logo":{"@type":"ImageObject","inLanguage":"hu","@id":"https:\/\/dorogimedence.hu\/#\/schema\/logo\/image\/","url":"https:\/\/dorogimedence.hu\/wp-content\/uploads\/2021\/04\/logo-feher-600.png","contentUrl":"https:\/\/dorogimedence.hu\/wp-content\/uploads\/2021\/04\/logo-feher-600.png","width":600,"height":100,"caption":"Dorogi-medence Region\u00e1lis H\u00edrport\u00e1l"},"image":{"@id":"https:\/\/dorogimedence.hu\/#\/schema\/logo\/image\/"},"sameAs":["https:\/\/www.facebook.com\/dorogimedence\/"]},{"@type":"Person","@id":"https:\/\/dorogimedence.hu\/#\/schema\/person\/ce6091eeb7e95ecdc87890d6aa8e0fd4","name":"dorogimedence.hu","image":{"@type":"ImageObject","inLanguage":"hu","@id":"\/\/www.gravatar.com\/avatar\/d8d45f8901aadff40a4af72c0b826f1d?s=96&#038;r=g&#038;d=mm","url":"\/\/www.gravatar.com\/avatar\/d8d45f8901aadff40a4af72c0b826f1d?s=96&#038;r=g&#038;d=mm","contentUrl":"\/\/www.gravatar.com\/avatar\/d8d45f8901aadff40a4af72c0b826f1d?s=96&#038;r=g&#038;d=mm","caption":"dorogimedence.hu"}}]}},"_links":{"self":[{"href":"https:\/\/dorogimedence.hu\/index.php\/wp-json\/wp\/v2\/posts\/69115","targetHints":{"allow":["GET"]}}],"collection":[{"href":"https:\/\/dorogimedence.hu\/index.php\/wp-json\/wp\/v2\/posts"}],"about":[{"href":"https:\/\/dorogimedence.hu\/index.php\/wp-json\/wp\/v2\/types\/post"}],"author":[{"embeddable":true,"href":"https:\/\/dorogimedence.hu\/index.php\/wp-json\/wp\/v2\/users\/1"}],"replies":[{"embeddable":true,"href":"https:\/\/dorogimedence.hu\/index.php\/wp-json\/wp\/v2\/comments?post=69115"}],"version-history":[{"count":0,"href":"https:\/\/dorogimedence.hu\/index.php\/wp-json\/wp\/v2\/posts\/69115\/revisions"}],"wp:featuredmedia":[{"embeddable":true,"href":"https:\/\/dorogimedence.hu\/index.php\/wp-json\/wp\/v2\/media\/69116"}],"wp:attachment":[{"href":"https:\/\/dorogimedence.hu\/index.php\/wp-json\/wp\/v2\/media?parent=69115"}],"wp:term":[{"taxonomy":"category","embeddable":true,"href":"https:\/\/dorogimedence.hu\/index.php\/wp-json\/wp\/v2\/categories?post=69115"},{"taxonomy":"post_tag","embeddable":true,"href":"https:\/\/dorogimedence.hu\/index.php\/wp-json\/wp\/v2\/tags?post=69115"}],"curies":[{"name":"wp","href":"https:\/\/api.w.org\/{rel}","templated":true}]}}