{"id":69073,"date":"2025-02-23T09:08:48","date_gmt":"2025-02-23T08:08:48","guid":{"rendered":"https:\/\/dorogimedence.hu\/?p=69073"},"modified":"2025-02-23T09:08:48","modified_gmt":"2025-02-23T08:08:48","slug":"otthon-nyert-az-esztergom","status":"publish","type":"post","link":"https:\/\/dorogimedence.hu\/index.php\/2025\/02\/23\/otthon-nyert-az-esztergom\/","title":{"rendered":"Otthon nyert az Esztergom"},"content":{"rendered":"<p><strong>A n\u0151i k\u00e9zilabda NB I szombati j\u00e1t\u00e9knapj\u00e1n a Magyar Kupa n\u00e9gyes d\u00f6nt\u0151j\u00e9re k\u00e9sz\u00fcl\u0151 Buda\u00f6rs hazai p\u00e1ly\u00e1n 29\u201325-\u00f6s veres\u00e9get szenvedett a V\u00e1ct\u00f3l. Az Esztergom odahaza n\u00e9gyg\u00f3los k\u00fcl\u00f6nbs\u00e9ggel m\u00falta fel\u00fcl a Vasast, a Debrecen is magabiztos gy\u0151zelmet aratott az MTK ellen, m\u00edg a Kisv\u00e1rda hi\u00e1ba vezetett sim\u00e1n a sz\u00fcnetben, a v\u00e9g\u00e9n meg kellett el\u00e9gednie egy ponttal a Szombathely ellen.<\/strong><\/p>\n<p>A MOL Esztergom saj\u00e1t k\u00f6z\u00f6ns\u00e9ge el\u0151tt 30-26-ra m\u00falta fel\u00fcl a Vasas egy\u00fcttes\u00e9t. Herczeg Lili 16 v\u00e9d\u00e9ssel, Hajtai Vanessza kilenc g\u00f3llal vette ki a r\u00e9sz\u00e9t a bronz\u00e9rem\u00e9rt harcol\u00f3 esztergomiak siker\u00e9b\u0151l. A f\u0151v\u00e1rosiakn\u00e1l Farkas Johanna remekelt, a nyolc g\u00f3lja azonban kev\u00e9snek bizonyult a pontszerz\u00e9shez.<\/p>\n<p><strong>MOL ESZTERGOM\u2013VASAS SC 30\u201326<\/strong> (15\u201312)<\/p>\n<p><strong>Esztergom, 640 n\u00e9z\u0151. V:<\/strong> H\u00e1rsfalvi Zs, M\u00f3rocz<br \/>\n<strong>ESZTERGOM:<\/strong> HERCZEG L. \u2013 Kov\u00e1cs Anett <strong>2,<\/strong> Majoros K., Kisfaludy <strong>2,<\/strong> Farag\u00f3 Lea <strong>2,<\/strong> Szucs\u00e1nszki <strong>2,<\/strong> HAJTAI <strong>9. Csere:<\/strong> T\u00d3TH NIKOLETT (kapus), Ballai B. <strong>3,<\/strong> Mlink\u00f3 <strong>2,<\/strong> K\u00c1RM\u00c1N <strong>5,<\/strong> Nick <strong>2,<\/strong> Tepl\u00e1n, Bede, Horv\u00e1th F., Ballai A. <strong>1. Edz\u0151:<\/strong> Elek G\u00e1bor<br \/>\n<strong>VASAS:<\/strong> M\u00c9SZ\u00c1ROS V. \u2013 Mih\u00e1ly P. <strong>1,<\/strong> Boldizs\u00e1r, Dombi K. <strong>1,<\/strong> FARKAS JOHANNA <strong>8 (2),<\/strong> Szilovics <strong>3,<\/strong> Ol\u00e1h K. <strong>2. Csere:<\/strong> Zsigmond P. (kapus), S\u00e1pi <strong>3,<\/strong> Erd\u0151s, NAGY N. <strong>6 (1),<\/strong> Domokos D. <strong>1,<\/strong> Varjas <strong>1,<\/strong> Dub\u00e1n. <strong>Edz\u0151:<\/strong> Konkoly Csaba<br \/>\n<strong>Az eredm\u00e9ny alakul\u00e1sa. 3. perc:<\/strong> 0\u20132. <strong>10. p.:<\/strong> 4\u20132. <strong>18. p.:<\/strong> 7\u20137. <strong>26. p.:<\/strong> 14\u20138. <strong>37. p.:<\/strong> 20\u201314. <strong>40. p.:<\/strong> 21\u201318.<strong> 50. p.:<\/strong> 28\u201320.<strong> 58. p.:<\/strong> 29\u201324. <strong>Ki\u00e1ll\u00edt\u00e1sok:<\/strong> 10, ill. 6 perc. <strong>H\u00e9tm\u00e9teresek:<\/strong> 1\/0, ill. 6\/3<\/p>\n<p><img fetchpriority=\"high\" decoding=\"async\" class=\"alignnone size-full wp-image-69074\" src=\"https:\/\/dorogimedence.hu\/wp-content\/uploads\/2025\/02\/481567224_17968115126840640_5013007461399764479_n.jpg\" alt=\"\" width=\"1440\" height=\"810\" srcset=\"https:\/\/dorogimedence.hu\/wp-content\/uploads\/2025\/02\/481567224_17968115126840640_5013007461399764479_n.jpg 1440w, https:\/\/dorogimedence.hu\/wp-content\/uploads\/2025\/02\/481567224_17968115126840640_5013007461399764479_n-600x338.jpg 600w, https:\/\/dorogimedence.hu\/wp-content\/uploads\/2025\/02\/481567224_17968115126840640_5013007461399764479_n-768x432.jpg 768w, https:\/\/dorogimedence.hu\/wp-content\/uploads\/2025\/02\/481567224_17968115126840640_5013007461399764479_n-150x84.jpg 150w, https:\/\/dorogimedence.hu\/wp-content\/uploads\/2025\/02\/481567224_17968115126840640_5013007461399764479_n-450x253.jpg 450w, https:\/\/dorogimedence.hu\/wp-content\/uploads\/2025\/02\/481567224_17968115126840640_5013007461399764479_n-1200x675.jpg 1200w\" sizes=\"(max-width: 1440px) 100vw, 1440px\" \/><\/p>\n<p><strong>MESTERM\u00c9RLEG<\/strong><br \/>\n<strong>Elek G\u00e1bor:<\/strong> \u2013 Hektikus meccs volt, amelyet a kulcspillanatokban kevesebbet hib\u00e1z\u00f3 csapat nyert meg. A Vasas j\u00f3l \u00f6sszerakott egy\u00fcttes, ez a siker a Debrecen elleni kellemetlen veres\u00e9g \u00e9s az azt k\u00f6vet\u0151 k\u00e9thetes hull\u00e1mvasutaz\u00e1s ut\u00e1n nagyon \u00e9rt\u00e9kes.<br \/>\n<strong>Konkoly Csaba:<\/strong> \u2013 J\u00f3l kezdt\u00fcnk, de azt\u00e1n elbizonytalanodtunk. Az Esztergom olyan nyom\u00e1s alatt tartott minket negyven\u00f6t percen kereszt\u00fcl, hogy a tizen\u00f6t j\u00f3 perc\u00fcnk csak arra volt el\u00e9g, hogy k\u00e9tszer felz\u00e1rk\u00f3zzunk h\u00e1rom g\u00f3lra, de a helyzetkihaszn\u00e1l\u00e1sunk gyenge volt.<\/p>\n<table class=\"ck-table-resized\">\n<tbody>\n<tr>\n<td><strong>AZ \u00c1LL\u00c1S<\/strong><\/td>\n<td><strong>M<\/strong><\/td>\n<td><strong>Gy<\/strong><\/td>\n<td><strong>D<\/strong><\/td>\n<td><strong>V<\/strong><\/td>\n<td><strong>L\u2013K<\/strong><\/td>\n<td><strong>Gk<\/strong><\/td>\n<td><strong>P<\/strong><\/td>\n<\/tr>\n<tr>\n<td><strong>1. Gy\u0151r<\/strong><\/td>\n<td>17<\/td>\n<td>16<\/td>\n<td>\u2013<\/td>\n<td>1<\/td>\n<td>639\u2013411<\/td>\n<td>+228<\/td>\n<td>32<\/td>\n<\/tr>\n<tr>\n<td><strong>2. FTC<\/strong><\/td>\n<td>16<\/td>\n<td>15<\/td>\n<td>1<\/td>\n<td>\u2013<\/td>\n<td>549\u2013382<\/td>\n<td>+167<\/td>\n<td>31<\/td>\n<\/tr>\n<tr>\n<td><strong>3. Debrecen<\/strong><\/td>\n<td>16<\/td>\n<td>12<\/td>\n<td>2<\/td>\n<td>2<\/td>\n<td>527\u2013417<\/td>\n<td>+110<\/td>\n<td>26<\/td>\n<\/tr>\n<tr>\n<td><strong>4. Esztergom<\/strong><\/td>\n<td>16<\/td>\n<td>13<\/td>\n<td>\u2013<\/td>\n<td>3<\/td>\n<td>486\u2013438<\/td>\n<td>+48<\/td>\n<td>26<\/td>\n<\/tr>\n<tr>\n<td><strong>5. Szombathely<\/strong><\/td>\n<td>16<\/td>\n<td>6<\/td>\n<td>5<\/td>\n<td>5<\/td>\n<td>457\u2013482<\/td>\n<td>\u201325<\/td>\n<td>17<\/td>\n<\/tr>\n<tr>\n<td><strong>6. V\u00e1c<\/strong><\/td>\n<td>16<\/td>\n<td>8<\/td>\n<td>\u2013<\/td>\n<td>8<\/td>\n<td>466\u2013479<\/td>\n<td>\u201313<\/td>\n<td>16<\/td>\n<\/tr>\n<tr>\n<td><strong>7. Kisv\u00e1rda<\/strong><\/td>\n<td>16<\/td>\n<td>7<\/td>\n<td>1<\/td>\n<td>8<\/td>\n<td>398\u2013433<\/td>\n<td>\u201335<\/td>\n<td>15<\/td>\n<\/tr>\n<tr>\n<td><strong>8. Mosonmagyar\u00f3v\u00e1r<\/strong><\/td>\n<td>16<\/td>\n<td>7<\/td>\n<td>\u2013<\/td>\n<td>9<\/td>\n<td>458\u2013497<\/td>\n<td>\u201339<\/td>\n<td>14<\/td>\n<\/tr>\n<tr>\n<td><strong>9. Vasas<\/strong><\/td>\n<td>16<\/td>\n<td>5<\/td>\n<td>1<\/td>\n<td>10<\/td>\n<td>440\u2013520<\/td>\n<td>\u201380<\/td>\n<td>11<\/td>\n<\/tr>\n<tr>\n<td><strong>10. Feh\u00e9rv\u00e1r<\/strong><\/td>\n<td>16<\/td>\n<td>4<\/td>\n<td>1<\/td>\n<td>11<\/td>\n<td>427\u2013461<\/td>\n<td>\u201334<\/td>\n<td>9<\/td>\n<\/tr>\n<tr>\n<td><strong>11. Duna\u00fajv\u00e1ros<\/strong><\/td>\n<td>16<\/td>\n<td>4<\/td>\n<td>1<\/td>\n<td>11<\/td>\n<td>472\u2013539<\/td>\n<td>\u201367<\/td>\n<td>9<\/td>\n<\/tr>\n<tr>\n<td><strong>12. B\u00e9k\u00e9scsaba<\/strong><\/td>\n<td>16<\/td>\n<td>3<\/td>\n<td>2<\/td>\n<td>11<\/td>\n<td>449\u2013515<\/td>\n<td>\u201366<\/td>\n<td>8<\/td>\n<\/tr>\n<tr>\n<td><strong>13. Buda\u00f6rs<\/strong><\/td>\n<td>16<\/td>\n<td>3<\/td>\n<td>2<\/td>\n<td>11<\/td>\n<td>429\u2013515<\/td>\n<td>\u201386<\/td>\n<td>8<\/td>\n<\/tr>\n<tr>\n<td><strong>14. MTK<\/strong><\/td>\n<td>17<\/td>\n<td>2<\/td>\n<td>\u2013<\/td>\n<td>15<\/td>\n<td>439\u2013547<\/td>\n<td>\u2013108<\/td>\n<td>4<\/td>\n<\/tr>\n<\/tbody>\n<\/table>\n<p><em>Forr\u00e1s: Nemzeti Sport \/ MTI<br \/>\nFot\u00f3k: Esztergom Handball<\/em><\/p>\n","protected":false},"excerpt":{"rendered":"<p>A n\u0151i k\u00e9zilabda NB I szombati j\u00e1t\u00e9knapj\u00e1n a Magyar Kupa n\u00e9gyes d\u00f6nt\u0151j\u00e9re k\u00e9sz\u00fcl\u0151 Buda\u00f6rs hazai p\u00e1ly\u00e1n 29\u201325-\u00f6s veres\u00e9get szenvedett a V\u00e1ct\u00f3l. Az Esztergom odahaza n\u00e9gyg\u00f3los k\u00fcl\u00f6nbs\u00e9ggel m\u00falta fel\u00fcl a Vasast, a Debrecen is magabiztos gy\u0151zelmet aratott az MTK ellen, m\u00edg a Kisv\u00e1rda hi\u00e1ba vezetett sim\u00e1n a sz\u00fcnetben, a v\u00e9g\u00e9n meg kellett el\u00e9gednie egy ponttal a<\/p>\n","protected":false},"author":1,"featured_media":69075,"comment_status":"closed","ping_status":"closed","sticky":false,"template":"","format":"standard","meta":{"ngg_post_thumbnail":0,"footnotes":""},"categories":[38,3,5],"tags":[42,5624,355,8025,7855,16],"class_list":{"0":"post-69073","1":"post","2":"type-post","3":"status-publish","4":"format-standard","5":"has-post-thumbnail","7":"category-esztergom","8":"category-hirek","9":"category-sport","10":"tag-esztergom","11":"tag-featured","12":"tag-kezilabda","13":"tag-mol-esztergom","14":"tag-nb-i","15":"tag-sport"},"yoast_head":"<!-- This site is optimized with the Yoast SEO plugin v27.5 - https:\/\/yoast.com\/product\/yoast-seo-wordpress\/ -->\n<title>Otthon nyert az Esztergom<\/title>\n<meta name=\"robots\" content=\"index, follow, max-snippet:-1, max-image-preview:large, max-video-preview:-1\" \/>\n<link rel=\"canonical\" href=\"https:\/\/dorogimedence.hu\/index.php\/2025\/02\/23\/otthon-nyert-az-esztergom\/\" class=\"yoast-seo-meta-tag\" \/>\n<meta property=\"og:locale\" content=\"hu_HU\" class=\"yoast-seo-meta-tag\" \/>\n<meta property=\"og:type\" content=\"article\" class=\"yoast-seo-meta-tag\" \/>\n<meta property=\"og:title\" content=\"Otthon nyert az Esztergom\" class=\"yoast-seo-meta-tag\" \/>\n<meta property=\"og:description\" content=\"A n\u0151i k\u00e9zilabda NB I szombati j\u00e1t\u00e9knapj\u00e1n a Magyar Kupa n\u00e9gyes d\u00f6nt\u0151j\u00e9re k\u00e9sz\u00fcl\u0151 Buda\u00f6rs hazai p\u00e1ly\u00e1n 29\u201325-\u00f6s veres\u00e9get szenvedett a V\u00e1ct\u00f3l. Az Esztergom odahaza n\u00e9gyg\u00f3los k\u00fcl\u00f6nbs\u00e9ggel m\u00falta fel\u00fcl a Vasast, a Debrecen is magabiztos gy\u0151zelmet aratott az MTK ellen, m\u00edg a Kisv\u00e1rda hi\u00e1ba vezetett sim\u00e1n a sz\u00fcnetben, a v\u00e9g\u00e9n meg kellett el\u00e9gednie egy ponttal a\" class=\"yoast-seo-meta-tag\" \/>\n<meta property=\"og:url\" content=\"https:\/\/dorogimedence.hu\/index.php\/2025\/02\/23\/otthon-nyert-az-esztergom\/\" class=\"yoast-seo-meta-tag\" \/>\n<meta property=\"og:site_name\" content=\"Dorogi-medence Region\u00e1lis H\u00edrport\u00e1l\" class=\"yoast-seo-meta-tag\" \/>\n<meta property=\"article:publisher\" content=\"https:\/\/www.facebook.com\/dorogimedence\/\" class=\"yoast-seo-meta-tag\" \/>\n<meta property=\"article:published_time\" content=\"2025-02-23T08:08:48+00:00\" class=\"yoast-seo-meta-tag\" \/>\n<meta property=\"og:image\" content=\"https:\/\/dorogimedence.hu\/wp-content\/uploads\/2025\/02\/481749824_17968115117840640_8298209653119044686_n.jpg\" class=\"yoast-seo-meta-tag\" \/>\n\t<meta property=\"og:image:width\" content=\"1440\" class=\"yoast-seo-meta-tag\" \/>\n\t<meta property=\"og:image:height\" content=\"810\" class=\"yoast-seo-meta-tag\" \/>\n\t<meta property=\"og:image:type\" content=\"image\/jpeg\" class=\"yoast-seo-meta-tag\" \/>\n<meta name=\"author\" content=\"dorogimedence.hu\" class=\"yoast-seo-meta-tag\" \/>\n<meta name=\"twitter:card\" content=\"summary_large_image\" class=\"yoast-seo-meta-tag\" \/>\n<meta name=\"twitter:label1\" content=\"Szerz\u0151:\" class=\"yoast-seo-meta-tag\" \/>\n\t<meta name=\"twitter:data1\" content=\"dorogimedence.hu\" class=\"yoast-seo-meta-tag\" \/>\n\t<meta name=\"twitter:label2\" content=\"Becs\u00fclt olvas\u00e1si id\u0151\" class=\"yoast-seo-meta-tag\" \/>\n\t<meta name=\"twitter:data2\" content=\"2 perc\" class=\"yoast-seo-meta-tag\" \/>\n<script type=\"application\/ld+json\" class=\"yoast-schema-graph\">{\"@context\":\"https:\\\/\\\/schema.org\",\"@graph\":[{\"@type\":\"Article\",\"@id\":\"https:\\\/\\\/dorogimedence.hu\\\/index.php\\\/2025\\\/02\\\/23\\\/otthon-nyert-az-esztergom\\\/#article\",\"isPartOf\":{\"@id\":\"https:\\\/\\\/dorogimedence.hu\\\/index.php\\\/2025\\\/02\\\/23\\\/otthon-nyert-az-esztergom\\\/\"},\"author\":{\"name\":\"dorogimedence.hu\",\"@id\":\"https:\\\/\\\/dorogimedence.hu\\\/#\\\/schema\\\/person\\\/ce6091eeb7e95ecdc87890d6aa8e0fd4\"},\"headline\":\"Otthon nyert az Esztergom\",\"datePublished\":\"2025-02-23T08:08:48+00:00\",\"mainEntityOfPage\":{\"@id\":\"https:\\\/\\\/dorogimedence.hu\\\/index.php\\\/2025\\\/02\\\/23\\\/otthon-nyert-az-esztergom\\\/\"},\"wordCount\":417,\"publisher\":{\"@id\":\"https:\\\/\\\/dorogimedence.hu\\\/#organization\"},\"image\":{\"@id\":\"https:\\\/\\\/dorogimedence.hu\\\/index.php\\\/2025\\\/02\\\/23\\\/otthon-nyert-az-esztergom\\\/#primaryimage\"},\"thumbnailUrl\":\"https:\\\/\\\/dorogimedence.hu\\\/wp-content\\\/uploads\\\/2025\\\/02\\\/481749824_17968115117840640_8298209653119044686_n.jpg\",\"keywords\":[\"esztergom\",\"featured\",\"k\u00e9zilabda\",\"Mol Esztergom\",\"NB I\",\"sport\"],\"articleSection\":[\"Esztergom\",\"H\u00edrek\",\"Sport\"],\"inLanguage\":\"hu\"},{\"@type\":\"WebPage\",\"@id\":\"https:\\\/\\\/dorogimedence.hu\\\/index.php\\\/2025\\\/02\\\/23\\\/otthon-nyert-az-esztergom\\\/\",\"url\":\"https:\\\/\\\/dorogimedence.hu\\\/index.php\\\/2025\\\/02\\\/23\\\/otthon-nyert-az-esztergom\\\/\",\"name\":\"Otthon nyert az Esztergom\",\"isPartOf\":{\"@id\":\"https:\\\/\\\/dorogimedence.hu\\\/#website\"},\"primaryImageOfPage\":{\"@id\":\"https:\\\/\\\/dorogimedence.hu\\\/index.php\\\/2025\\\/02\\\/23\\\/otthon-nyert-az-esztergom\\\/#primaryimage\"},\"image\":{\"@id\":\"https:\\\/\\\/dorogimedence.hu\\\/index.php\\\/2025\\\/02\\\/23\\\/otthon-nyert-az-esztergom\\\/#primaryimage\"},\"thumbnailUrl\":\"https:\\\/\\\/dorogimedence.hu\\\/wp-content\\\/uploads\\\/2025\\\/02\\\/481749824_17968115117840640_8298209653119044686_n.jpg\",\"datePublished\":\"2025-02-23T08:08:48+00:00\",\"breadcrumb\":{\"@id\":\"https:\\\/\\\/dorogimedence.hu\\\/index.php\\\/2025\\\/02\\\/23\\\/otthon-nyert-az-esztergom\\\/#breadcrumb\"},\"inLanguage\":\"hu\",\"potentialAction\":[{\"@type\":\"ReadAction\",\"target\":[\"https:\\\/\\\/dorogimedence.hu\\\/index.php\\\/2025\\\/02\\\/23\\\/otthon-nyert-az-esztergom\\\/\"]}]},{\"@type\":\"ImageObject\",\"inLanguage\":\"hu\",\"@id\":\"https:\\\/\\\/dorogimedence.hu\\\/index.php\\\/2025\\\/02\\\/23\\\/otthon-nyert-az-esztergom\\\/#primaryimage\",\"url\":\"https:\\\/\\\/dorogimedence.hu\\\/wp-content\\\/uploads\\\/2025\\\/02\\\/481749824_17968115117840640_8298209653119044686_n.jpg\",\"contentUrl\":\"https:\\\/\\\/dorogimedence.hu\\\/wp-content\\\/uploads\\\/2025\\\/02\\\/481749824_17968115117840640_8298209653119044686_n.jpg\",\"width\":1440,\"height\":810},{\"@type\":\"BreadcrumbList\",\"@id\":\"https:\\\/\\\/dorogimedence.hu\\\/index.php\\\/2025\\\/02\\\/23\\\/otthon-nyert-az-esztergom\\\/#breadcrumb\",\"itemListElement\":[{\"@type\":\"ListItem\",\"position\":1,\"name\":\"Kezd\u0151lap\",\"item\":\"https:\\\/\\\/dorogimedence.hu\\\/\"},{\"@type\":\"ListItem\",\"position\":2,\"name\":\"Otthon nyert az Esztergom\"}]},{\"@type\":\"WebSite\",\"@id\":\"https:\\\/\\\/dorogimedence.hu\\\/#website\",\"url\":\"https:\\\/\\\/dorogimedence.hu\\\/\",\"name\":\"Dorogi-medence Region\u00e1lis H\u00edrport\u00e1l\",\"description\":\"Dorog, Keszt\u00f6lc, Le\u00e1nyv\u00e1r, Piliscs\u00e9v, Tokod, Tokodalt\u00e1r\u00f3, Csolnok, Esztergom-kertv\u00e1ros: h\u00edrek, programok\",\"publisher\":{\"@id\":\"https:\\\/\\\/dorogimedence.hu\\\/#organization\"},\"potentialAction\":[{\"@type\":\"SearchAction\",\"target\":{\"@type\":\"EntryPoint\",\"urlTemplate\":\"https:\\\/\\\/dorogimedence.hu\\\/?s={search_term_string}\"},\"query-input\":{\"@type\":\"PropertyValueSpecification\",\"valueRequired\":true,\"valueName\":\"search_term_string\"}}],\"inLanguage\":\"hu\"},{\"@type\":\"Organization\",\"@id\":\"https:\\\/\\\/dorogimedence.hu\\\/#organization\",\"name\":\"Dorogi-medence Region\u00e1lis H\u00edrport\u00e1l\",\"url\":\"https:\\\/\\\/dorogimedence.hu\\\/\",\"logo\":{\"@type\":\"ImageObject\",\"inLanguage\":\"hu\",\"@id\":\"https:\\\/\\\/dorogimedence.hu\\\/#\\\/schema\\\/logo\\\/image\\\/\",\"url\":\"https:\\\/\\\/dorogimedence.hu\\\/wp-content\\\/uploads\\\/2021\\\/04\\\/logo-feher-600.png\",\"contentUrl\":\"https:\\\/\\\/dorogimedence.hu\\\/wp-content\\\/uploads\\\/2021\\\/04\\\/logo-feher-600.png\",\"width\":600,\"height\":100,\"caption\":\"Dorogi-medence Region\u00e1lis H\u00edrport\u00e1l\"},\"image\":{\"@id\":\"https:\\\/\\\/dorogimedence.hu\\\/#\\\/schema\\\/logo\\\/image\\\/\"},\"sameAs\":[\"https:\\\/\\\/www.facebook.com\\\/dorogimedence\\\/\"]},{\"@type\":\"Person\",\"@id\":\"https:\\\/\\\/dorogimedence.hu\\\/#\\\/schema\\\/person\\\/ce6091eeb7e95ecdc87890d6aa8e0fd4\",\"name\":\"dorogimedence.hu\",\"image\":{\"@type\":\"ImageObject\",\"inLanguage\":\"hu\",\"@id\":\"\\\/\\\/www.gravatar.com\\\/avatar\\\/d8d45f8901aadff40a4af72c0b826f1d?s=96&#038;r=g&#038;d=mm\",\"url\":\"\\\/\\\/www.gravatar.com\\\/avatar\\\/d8d45f8901aadff40a4af72c0b826f1d?s=96&#038;r=g&#038;d=mm\",\"contentUrl\":\"\\\/\\\/www.gravatar.com\\\/avatar\\\/d8d45f8901aadff40a4af72c0b826f1d?s=96&#038;r=g&#038;d=mm\",\"caption\":\"dorogimedence.hu\"}}]}<\/script>\n<!-- \/ Yoast SEO plugin. -->","yoast_head_json":{"title":"Otthon nyert az Esztergom","robots":{"index":"index","follow":"follow","max-snippet":"max-snippet:-1","max-image-preview":"max-image-preview:large","max-video-preview":"max-video-preview:-1"},"canonical":"https:\/\/dorogimedence.hu\/index.php\/2025\/02\/23\/otthon-nyert-az-esztergom\/","og_locale":"hu_HU","og_type":"article","og_title":"Otthon nyert az Esztergom","og_description":"A n\u0151i k\u00e9zilabda NB I szombati j\u00e1t\u00e9knapj\u00e1n a Magyar Kupa n\u00e9gyes d\u00f6nt\u0151j\u00e9re k\u00e9sz\u00fcl\u0151 Buda\u00f6rs hazai p\u00e1ly\u00e1n 29\u201325-\u00f6s veres\u00e9get szenvedett a V\u00e1ct\u00f3l. Az Esztergom odahaza n\u00e9gyg\u00f3los k\u00fcl\u00f6nbs\u00e9ggel m\u00falta fel\u00fcl a Vasast, a Debrecen is magabiztos gy\u0151zelmet aratott az MTK ellen, m\u00edg a Kisv\u00e1rda hi\u00e1ba vezetett sim\u00e1n a sz\u00fcnetben, a v\u00e9g\u00e9n meg kellett el\u00e9gednie egy ponttal a","og_url":"https:\/\/dorogimedence.hu\/index.php\/2025\/02\/23\/otthon-nyert-az-esztergom\/","og_site_name":"Dorogi-medence Region\u00e1lis H\u00edrport\u00e1l","article_publisher":"https:\/\/www.facebook.com\/dorogimedence\/","article_published_time":"2025-02-23T08:08:48+00:00","og_image":[{"width":1440,"height":810,"url":"https:\/\/dorogimedence.hu\/wp-content\/uploads\/2025\/02\/481749824_17968115117840640_8298209653119044686_n.jpg","type":"image\/jpeg"}],"author":"dorogimedence.hu","twitter_card":"summary_large_image","twitter_misc":{"Szerz\u0151:":"dorogimedence.hu","Becs\u00fclt olvas\u00e1si id\u0151":"2 perc"},"schema":{"@context":"https:\/\/schema.org","@graph":[{"@type":"Article","@id":"https:\/\/dorogimedence.hu\/index.php\/2025\/02\/23\/otthon-nyert-az-esztergom\/#article","isPartOf":{"@id":"https:\/\/dorogimedence.hu\/index.php\/2025\/02\/23\/otthon-nyert-az-esztergom\/"},"author":{"name":"dorogimedence.hu","@id":"https:\/\/dorogimedence.hu\/#\/schema\/person\/ce6091eeb7e95ecdc87890d6aa8e0fd4"},"headline":"Otthon nyert az Esztergom","datePublished":"2025-02-23T08:08:48+00:00","mainEntityOfPage":{"@id":"https:\/\/dorogimedence.hu\/index.php\/2025\/02\/23\/otthon-nyert-az-esztergom\/"},"wordCount":417,"publisher":{"@id":"https:\/\/dorogimedence.hu\/#organization"},"image":{"@id":"https:\/\/dorogimedence.hu\/index.php\/2025\/02\/23\/otthon-nyert-az-esztergom\/#primaryimage"},"thumbnailUrl":"https:\/\/dorogimedence.hu\/wp-content\/uploads\/2025\/02\/481749824_17968115117840640_8298209653119044686_n.jpg","keywords":["esztergom","featured","k\u00e9zilabda","Mol Esztergom","NB I","sport"],"articleSection":["Esztergom","H\u00edrek","Sport"],"inLanguage":"hu"},{"@type":"WebPage","@id":"https:\/\/dorogimedence.hu\/index.php\/2025\/02\/23\/otthon-nyert-az-esztergom\/","url":"https:\/\/dorogimedence.hu\/index.php\/2025\/02\/23\/otthon-nyert-az-esztergom\/","name":"Otthon nyert az Esztergom","isPartOf":{"@id":"https:\/\/dorogimedence.hu\/#website"},"primaryImageOfPage":{"@id":"https:\/\/dorogimedence.hu\/index.php\/2025\/02\/23\/otthon-nyert-az-esztergom\/#primaryimage"},"image":{"@id":"https:\/\/dorogimedence.hu\/index.php\/2025\/02\/23\/otthon-nyert-az-esztergom\/#primaryimage"},"thumbnailUrl":"https:\/\/dorogimedence.hu\/wp-content\/uploads\/2025\/02\/481749824_17968115117840640_8298209653119044686_n.jpg","datePublished":"2025-02-23T08:08:48+00:00","breadcrumb":{"@id":"https:\/\/dorogimedence.hu\/index.php\/2025\/02\/23\/otthon-nyert-az-esztergom\/#breadcrumb"},"inLanguage":"hu","potentialAction":[{"@type":"ReadAction","target":["https:\/\/dorogimedence.hu\/index.php\/2025\/02\/23\/otthon-nyert-az-esztergom\/"]}]},{"@type":"ImageObject","inLanguage":"hu","@id":"https:\/\/dorogimedence.hu\/index.php\/2025\/02\/23\/otthon-nyert-az-esztergom\/#primaryimage","url":"https:\/\/dorogimedence.hu\/wp-content\/uploads\/2025\/02\/481749824_17968115117840640_8298209653119044686_n.jpg","contentUrl":"https:\/\/dorogimedence.hu\/wp-content\/uploads\/2025\/02\/481749824_17968115117840640_8298209653119044686_n.jpg","width":1440,"height":810},{"@type":"BreadcrumbList","@id":"https:\/\/dorogimedence.hu\/index.php\/2025\/02\/23\/otthon-nyert-az-esztergom\/#breadcrumb","itemListElement":[{"@type":"ListItem","position":1,"name":"Kezd\u0151lap","item":"https:\/\/dorogimedence.hu\/"},{"@type":"ListItem","position":2,"name":"Otthon nyert az Esztergom"}]},{"@type":"WebSite","@id":"https:\/\/dorogimedence.hu\/#website","url":"https:\/\/dorogimedence.hu\/","name":"Dorogi-medence Region\u00e1lis H\u00edrport\u00e1l","description":"Dorog, Keszt\u00f6lc, Le\u00e1nyv\u00e1r, Piliscs\u00e9v, Tokod, Tokodalt\u00e1r\u00f3, Csolnok, Esztergom-kertv\u00e1ros: h\u00edrek, programok","publisher":{"@id":"https:\/\/dorogimedence.hu\/#organization"},"potentialAction":[{"@type":"SearchAction","target":{"@type":"EntryPoint","urlTemplate":"https:\/\/dorogimedence.hu\/?s={search_term_string}"},"query-input":{"@type":"PropertyValueSpecification","valueRequired":true,"valueName":"search_term_string"}}],"inLanguage":"hu"},{"@type":"Organization","@id":"https:\/\/dorogimedence.hu\/#organization","name":"Dorogi-medence Region\u00e1lis H\u00edrport\u00e1l","url":"https:\/\/dorogimedence.hu\/","logo":{"@type":"ImageObject","inLanguage":"hu","@id":"https:\/\/dorogimedence.hu\/#\/schema\/logo\/image\/","url":"https:\/\/dorogimedence.hu\/wp-content\/uploads\/2021\/04\/logo-feher-600.png","contentUrl":"https:\/\/dorogimedence.hu\/wp-content\/uploads\/2021\/04\/logo-feher-600.png","width":600,"height":100,"caption":"Dorogi-medence Region\u00e1lis H\u00edrport\u00e1l"},"image":{"@id":"https:\/\/dorogimedence.hu\/#\/schema\/logo\/image\/"},"sameAs":["https:\/\/www.facebook.com\/dorogimedence\/"]},{"@type":"Person","@id":"https:\/\/dorogimedence.hu\/#\/schema\/person\/ce6091eeb7e95ecdc87890d6aa8e0fd4","name":"dorogimedence.hu","image":{"@type":"ImageObject","inLanguage":"hu","@id":"\/\/www.gravatar.com\/avatar\/d8d45f8901aadff40a4af72c0b826f1d?s=96&#038;r=g&#038;d=mm","url":"\/\/www.gravatar.com\/avatar\/d8d45f8901aadff40a4af72c0b826f1d?s=96&#038;r=g&#038;d=mm","contentUrl":"\/\/www.gravatar.com\/avatar\/d8d45f8901aadff40a4af72c0b826f1d?s=96&#038;r=g&#038;d=mm","caption":"dorogimedence.hu"}}]}},"_links":{"self":[{"href":"https:\/\/dorogimedence.hu\/index.php\/wp-json\/wp\/v2\/posts\/69073","targetHints":{"allow":["GET"]}}],"collection":[{"href":"https:\/\/dorogimedence.hu\/index.php\/wp-json\/wp\/v2\/posts"}],"about":[{"href":"https:\/\/dorogimedence.hu\/index.php\/wp-json\/wp\/v2\/types\/post"}],"author":[{"embeddable":true,"href":"https:\/\/dorogimedence.hu\/index.php\/wp-json\/wp\/v2\/users\/1"}],"replies":[{"embeddable":true,"href":"https:\/\/dorogimedence.hu\/index.php\/wp-json\/wp\/v2\/comments?post=69073"}],"version-history":[{"count":0,"href":"https:\/\/dorogimedence.hu\/index.php\/wp-json\/wp\/v2\/posts\/69073\/revisions"}],"wp:featuredmedia":[{"embeddable":true,"href":"https:\/\/dorogimedence.hu\/index.php\/wp-json\/wp\/v2\/media\/69075"}],"wp:attachment":[{"href":"https:\/\/dorogimedence.hu\/index.php\/wp-json\/wp\/v2\/media?parent=69073"}],"wp:term":[{"taxonomy":"category","embeddable":true,"href":"https:\/\/dorogimedence.hu\/index.php\/wp-json\/wp\/v2\/categories?post=69073"},{"taxonomy":"post_tag","embeddable":true,"href":"https:\/\/dorogimedence.hu\/index.php\/wp-json\/wp\/v2\/tags?post=69073"}],"curies":[{"name":"wp","href":"https:\/\/api.w.org\/{rel}","templated":true}]}}