{"id":69008,"date":"2025-02-20T13:12:42","date_gmt":"2025-02-20T12:12:42","guid":{"rendered":"https:\/\/dorogimedence.hu\/?p=69008"},"modified":"2025-02-20T13:12:42","modified_gmt":"2025-02-20T12:12:42","slug":"3200-feszekkel-varja-a-golyakat-az-e-on","status":"publish","type":"post","link":"https:\/\/dorogimedence.hu\/index.php\/2025\/02\/20\/3200-feszekkel-varja-a-golyakat-az-e-on\/","title":{"rendered":"3200 f\u00e9szekkel v\u00e1rja a g\u00f3ly\u00e1kat az E.ON"},"content":{"rendered":"<p><strong>T\u00f6bb mint 250 oszlop mad\u00e1rbar\u00e1t \u00e1talak\u00edt\u00e1s\u00e1t tervezte be a c\u00e9g erre az \u00e9vre, a munk\u00e1k egy r\u00e9sze a g\u00f3ly\u00e1k \u00e9rkez\u00e9s\u00e9ig megval\u00f3sul. Az oszlopokra mad\u00e1rbar\u00e1t burkolatok, hossz\u00fa szigetel\u0151k, mad\u00e1rki\u00fcl\u0151k ker\u00fclnek fel a madarak biztons\u00e1ga c\u00e9lj\u00e1b\u00f3l.<\/strong><\/p>\n<p>A g\u00f3ly\u00e1k k\u00f6lt\u00e9s\u00e9t az oszlopokra telep\u00edtett&nbsp;\u00faj <strong>f\u00e9szektart\u00f3kkal&nbsp;<\/strong>seg\u00edti az energiac\u00e9g, ebb\u0151l id\u00e9n t\u00f6bb mint <strong>100 darabot<\/strong> telep\u00edtenek. A viharban megs\u00e9r\u00fclt f\u00e9szkeket <strong>\u00fajj\u00e1\u00e9p\u00edtik<\/strong>, a m\u00e1zs\u00e1s s\u00faly\u00fa, leborul\u00e1s-vesz\u00e9lyesek s\u00faly\u00e1n pedig a term\u00e9szetv\u00e9delmi szakemberek k\u00f6nny\u00edtenek. Id\u00e9n m\u00e1r legal\u00e1bb <strong>3200 f\u00e9szkel\u0151hely<\/strong>&nbsp;v\u00e1rja a g\u00f3lyap\u00e1rokat az E.ON dun\u00e1nt\u00fali \u00e9s pest v\u00e1rmegyei \u00e1ramh\u00e1l\u00f3zat\u00e1n.<\/p>\n<h3><strong>Megyei g\u00f3lyaf\u00e9szek-k\u00f6rk\u00e9p<\/strong><\/h3>\n<p><strong>Kom\u00e1rom-Esztergom<\/strong> v\u00e1rmegye t\u00f6bb telep\u00fcl\u00e9s\u00e9n mad\u00e1rbar\u00e1t \u00e1talak\u00edt\u00e1sokat tervezett be a v\u00e1llalat az oszloptranszform\u00e1torok \u00e9s k\u00f6z\u00e9pfesz\u00fclts\u00e9g\u0171 h\u00e1l\u00f3zati szakaszok k\u00f6rny\u00e9k\u00e9n. <strong>Gy\u0151r-Moson-Sopron <\/strong>v\u00e1rmegy\u00e9ben 2024-ben 9 \u00faj g\u00f3lyaf\u00e9szket l\u00e9tes\u00edtett az E.ON, id\u00e9n tov\u00e1bbi 12-t helyez ki. \u00c9rdekess\u00e9g, hogy itt k\u00f6lt\u00f6tt a legid\u0151sebb Magyarorsz\u00e1gon f\u00e9szkel\u0151 g\u00f3lya, egy r\u00e1bapatonai toj\u00f3, melyet 2003-ban Gy\u0151rben, Gyirm\u00f3ton gy\u0171r\u0171ztek fi\u00f3kak\u00e9nt. <strong>Fej\u00e9r <\/strong>v\u00e1rmegy\u00e9ben tavaly 12 \u00faj g\u00f3lyaf\u00e9szket szerelt fel a c\u00e9g, \u00edgy itt m\u00e1r 175 f\u00e9szek van stabil f\u00e9szektart\u00f3ra er\u0151s\u00edtve; id\u00e9n ez\u00e9rt csak f\u00e9szekgondoz\u00e1si feladatok zajlottak.<strong> Veszpr\u00e9m <\/strong>v\u00e1rmegy\u00e9ben mad\u00e1rbar\u00e1t oszlop\u00e1talak\u00edt\u00e1sok t\u00f6rt\u00e9ntek, a megye 312 g\u00f3lyaf\u00e9szk\u00e9ben tavaly 424 fi\u00f3ka nevelkedett. <strong>Vas <\/strong>v\u00e1rmegy\u00e9ben 20 f\u00e9szket jav\u00edt ki, 12 \u00faj f\u00e9szektart\u00f3t szerel fel az E.ON, 4 helyen az elnehez\u00fclt f\u00e9szkek s\u00faly\u00e1n seg\u00edt k\u00f6nny\u00edteni. <strong>Barany\u00e1ban<\/strong> 21, <strong>Somogyban<\/strong> 11, <strong>Toln\u00e1ban<\/strong> 9 helysz\u00ednen l\u00e9tes\u00edt \u00faj f\u00e9szkeket a c\u00e9g. <strong>Baranya <\/strong>v\u00e1rmegye minden m\u00e1sodik telep\u00fcl\u00e9s\u00e9n k\u00f6lt g\u00f3lya, tavaly \u00f6sszesen 650 fi\u00f3ka rep\u00fclt ki sikeresen. 2024-ben 20 \u00faj f\u00e9szket szerelt fel az E.ON, \u00e9s tizennyolc telep\u00fcl\u00e9sen tette mad\u00e1rbar\u00e1tt\u00e1 az oszlopokat, a megy\u00e9ben 224 villanyoszlopon k\u00f6lthetnek a g\u00f3ly\u00e1k. A <strong>Tolna <\/strong>v\u00e1rmegyei Pakson egy hossz\u00fa h\u00e1l\u00f3zati szakasz, 30 oszlop mad\u00e1rbar\u00e1t \u00e1talak\u00edt\u00e1s\u00e1t v\u00e9gzik el a szakemberek.<\/p>\n<p><strong>2024-ben 548 fi\u00f3k\u00e1t gy\u0171r\u0171ztek az E.ON seg\u00edts\u00e9g\u00e9vel <\/strong>a Dun\u00e1nt\u00falon: Fej\u00e9r \u00e9s Veszpr\u00e9m v\u00e1rmegy\u00e9ben \u00f6sszesen 225, Gy\u0151r-Moson-Sopronban 179, Kom\u00e1rom-Esztergomban 54, Zala \u00e9s Vas v\u00e1rmegy\u00e9ben \u00f6sszesen 90 fi\u00f3ka gy\u0171r\u0171z\u00e9s\u00e9t t\u00e1mogatta a c\u00e9g.<\/p>\n<figure id=\"attachment_69011\" aria-describedby=\"caption-attachment-69011\" style=\"width: 1500px\" class=\"wp-caption alignnone\"><img fetchpriority=\"high\" decoding=\"async\" class=\"size-full wp-image-69011\" src=\"https:\/\/dorogimedence.hu\/wp-content\/uploads\/2025\/02\/Az-E.ON-segitsegevel-gyuruznek-Pusztazamoron-2024-ben-nem-volt-ritka-az-otfiokas-feszek.jpg\" alt=\"\" width=\"1500\" height=\"1500\" srcset=\"https:\/\/dorogimedence.hu\/wp-content\/uploads\/2025\/02\/Az-E.ON-segitsegevel-gyuruznek-Pusztazamoron-2024-ben-nem-volt-ritka-az-otfiokas-feszek.jpg 1500w, https:\/\/dorogimedence.hu\/wp-content\/uploads\/2025\/02\/Az-E.ON-segitsegevel-gyuruznek-Pusztazamoron-2024-ben-nem-volt-ritka-az-otfiokas-feszek-600x600.jpg 600w, https:\/\/dorogimedence.hu\/wp-content\/uploads\/2025\/02\/Az-E.ON-segitsegevel-gyuruznek-Pusztazamoron-2024-ben-nem-volt-ritka-az-otfiokas-feszek-300x300.jpg 300w, https:\/\/dorogimedence.hu\/wp-content\/uploads\/2025\/02\/Az-E.ON-segitsegevel-gyuruznek-Pusztazamoron-2024-ben-nem-volt-ritka-az-otfiokas-feszek-768x768.jpg 768w, https:\/\/dorogimedence.hu\/wp-content\/uploads\/2025\/02\/Az-E.ON-segitsegevel-gyuruznek-Pusztazamoron-2024-ben-nem-volt-ritka-az-otfiokas-feszek-150x150.jpg 150w, https:\/\/dorogimedence.hu\/wp-content\/uploads\/2025\/02\/Az-E.ON-segitsegevel-gyuruznek-Pusztazamoron-2024-ben-nem-volt-ritka-az-otfiokas-feszek-450x450.jpg 450w, https:\/\/dorogimedence.hu\/wp-content\/uploads\/2025\/02\/Az-E.ON-segitsegevel-gyuruznek-Pusztazamoron-2024-ben-nem-volt-ritka-az-otfiokas-feszek-1200x1200.jpg 1200w\" sizes=\"(max-width: 1500px) 100vw, 1500px\" \/><figcaption id=\"caption-attachment-69011\" class=\"wp-caption-text\">default<\/figcaption><\/figure>\n<h3><strong>K\u00e1beles\u00edt\u00e9s \u00e9s \u00faj f\u00e9szkek a hullad\u00e9klerak\u00f3kn\u00e1l<\/strong><\/h3>\n<p>A&nbsp;nagyv\u00e1rosok k\u00f6rny\u00e9ki<strong> szem\u00e9tlerak\u00f3k<\/strong>at el\u0151szeretettel l\u00e1togatj\u00e1k a g\u00f3ly\u00e1k t\u00e1pl\u00e1l\u00e9k rem\u00e9ny\u00e9ben. Biztons\u00e1guk\u00e9rt 2023-ban a <strong>kaposv\u00e1ri<\/strong> \u00e9s a <strong>bagolai<\/strong>, tavaly a legnagyobb g\u00f3lyapopul\u00e1ci\u00f3val rendelkez\u0151 <strong>pusztaz\u00e1mori<\/strong> lerak\u00f3n\u00e1l <span style=\"color: #0000ff;\"><a style=\"color: #0000ff;\" href=\"https:\/\/www.youtube.com\/watch?v=-66Q6e1-jr0&amp;list=PLqU3C62WPplq7tmYbH7Mzm9PmmAn_ecgW&amp;index=4\" target=\"_blank\" rel=\"noopener\"><span style=\"text-decoration: underline;\">tette f\u00f6ld al\u00e1 a vezet\u00e9keit az E.ON<\/span><\/a><\/span>. Id\u00e9n t\u00f6bbek k\u00f6z\u00f6tt a <strong>paksi<\/strong>, a <strong>szombathelyi<\/strong> \u00e9s a <strong>k\u00f6rmendi<\/strong> szem\u00e9ttelep k\u00f6rny\u00e9k\u00e9n v\u00e9gez a c\u00e9g \u00e1talak\u00edt\u00e1sokat, \u00faj f\u00e9szkeket is kihelyez.<\/p>\n<h3><strong>Ragadoz\u00f3madarak nagyfesz\u00fclts\u00e9gen<\/strong><\/h3>\n<p>Rekordsz\u00e1m\u00fa fi\u00f3k\u00e1t nevelt fel tavaly a 2024-es \u00e9v madara, a kerecsens\u00f3lyom: 530 s\u00f3lyomfi\u00f3ka r\u00f6p\u00fclt ki orsz\u00e1gszerte. A s\u00f3lymok, v\u00e9rcs\u00e9k nem \u00e9p\u00edtenek saj\u00e1t f\u00e9szket, m\u00e1s madarak\u00e9t foglalj\u00e1k el, ez\u00e9rt az E.ON id\u00e9n is<strong> \u00fajabb mesters\u00e9ges k\u00f6lt\u0151l\u00e1d\u00e1kkal <\/strong>seg\u00edti szaporod\u00e1sukat. Nagyfesz\u00fclts\u00e9g\u0171 oszlopain m\u00e1r <strong>sz\u00e1zh\u00fasz helyen<\/strong> <span style=\"text-decoration: underline; color: #0000ff;\"><a style=\"color: #0000ff; text-decoration: underline;\" href=\"https:\/\/www.youtube.com\/watch?v=NwhzbXNYH1E&amp;list=PLqU3C62WPplq7tmYbH7Mzm9PmmAn_ecgW&amp;index=2\" target=\"_blank\" rel=\"noopener\">v\u00e1rja biztons\u00e1gos m\u0171f\u00e9szek a madarakat<\/a><\/span>.<\/p>\n<p>Az E.ON az \u0151szi-t\u00e9li h\u00f3napokban avatkozik be a h\u00e1trahagyott f\u00e9szkek k\u00f6rny\u00e9k\u00e9n: ilyenkor zajlik a legt\u00f6bb f\u00e9szek\u00e9p\u00edt\u00e9s, -jav\u00edt\u00e1s \u00e9s mad\u00e1rbar\u00e1t h\u00e1l\u00f3zati \u00e1talak\u00edt\u00e1s is. A f\u00e9szekkihelyez\u00e9seket mindig el\u0151zetes egyeztet\u00e9sek nyom\u00e1n, a Nemzeti Parkok mad\u00e1rv\u00e9delmi szakembereinek javaslatai alapj\u00e1n v\u00e9gzi a v\u00e1llalat.<\/p>\n<p>Az E.ON Hung\u00e1ria Csoport idei mad\u00e1rv\u00e9delmi fejleszt\u00e9sei <strong>t\u00f6bbsz\u00e1z milli\u00f3 forintos k\u00f6lts\u00e9ggel<\/strong> j\u00e1rnak, melyet teljes eg\u00e9sz\u00e9ben az energiac\u00e9g finansz\u00edroz.<\/p>\n<p><em>Fot\u00f3k: Horv\u00e1th L\u00e1szl\u00f3 BKM \/ <\/em><em>E.ON<\/em><\/p>\n","protected":false},"excerpt":{"rendered":"<p>T\u00f6bb mint 250 oszlop mad\u00e1rbar\u00e1t \u00e1talak\u00edt\u00e1s\u00e1t tervezte be a c\u00e9g erre az \u00e9vre, a munk\u00e1k egy r\u00e9sze a g\u00f3ly\u00e1k \u00e9rkez\u00e9s\u00e9ig megval\u00f3sul. Az oszlopokra mad\u00e1rbar\u00e1t burkolatok, hossz\u00fa szigetel\u0151k, mad\u00e1rki\u00fcl\u0151k ker\u00fclnek fel a madarak biztons\u00e1ga c\u00e9lj\u00e1b\u00f3l. A g\u00f3ly\u00e1k k\u00f6lt\u00e9s\u00e9t az oszlopokra telep\u00edtett&nbsp;\u00faj f\u00e9szektart\u00f3kkal&nbsp;seg\u00edti az energiac\u00e9g, ebb\u0151l id\u00e9n t\u00f6bb mint 100 darabot telep\u00edtenek. A viharban megs\u00e9r\u00fclt f\u00e9szkeket \u00fajj\u00e1\u00e9p\u00edtik,<\/p>\n","protected":false},"author":1,"featured_media":69009,"comment_status":"closed","ping_status":"closed","sticky":false,"template":"","format":"standard","meta":{"ngg_post_thumbnail":0,"footnotes":""},"categories":[3,56],"tags":[665,6890],"class_list":{"0":"post-69008","1":"post","2":"type-post","3":"status-publish","4":"format-standard","5":"has-post-thumbnail","7":"category-hirek","8":"category-komarom-esztergom","9":"tag-e-on","10":"tag-komarom-esztergom-varmegye"},"yoast_head":"<!-- This site is optimized with the Yoast SEO plugin v27.5 - https:\/\/yoast.com\/product\/yoast-seo-wordpress\/ -->\n<title>3200 f\u00e9szekkel v\u00e1rja a g\u00f3ly\u00e1kat az E.ON<\/title>\n<meta name=\"robots\" content=\"index, follow, max-snippet:-1, max-image-preview:large, max-video-preview:-1\" \/>\n<link rel=\"canonical\" href=\"https:\/\/dorogimedence.hu\/index.php\/2025\/02\/20\/3200-feszekkel-varja-a-golyakat-az-e-on\/\" class=\"yoast-seo-meta-tag\" \/>\n<meta property=\"og:locale\" content=\"hu_HU\" class=\"yoast-seo-meta-tag\" \/>\n<meta property=\"og:type\" content=\"article\" class=\"yoast-seo-meta-tag\" \/>\n<meta property=\"og:title\" content=\"3200 f\u00e9szekkel v\u00e1rja a g\u00f3ly\u00e1kat az E.ON\" class=\"yoast-seo-meta-tag\" \/>\n<meta property=\"og:description\" content=\"T\u00f6bb mint 250 oszlop mad\u00e1rbar\u00e1t \u00e1talak\u00edt\u00e1s\u00e1t tervezte be a c\u00e9g erre az \u00e9vre, a munk\u00e1k egy r\u00e9sze a g\u00f3ly\u00e1k \u00e9rkez\u00e9s\u00e9ig megval\u00f3sul. Az oszlopokra mad\u00e1rbar\u00e1t burkolatok, hossz\u00fa szigetel\u0151k, mad\u00e1rki\u00fcl\u0151k ker\u00fclnek fel a madarak biztons\u00e1ga c\u00e9lj\u00e1b\u00f3l. A g\u00f3ly\u00e1k k\u00f6lt\u00e9s\u00e9t az oszlopokra telep\u00edtett&nbsp;\u00faj f\u00e9szektart\u00f3kkal&nbsp;seg\u00edti az energiac\u00e9g, ebb\u0151l id\u00e9n t\u00f6bb mint 100 darabot telep\u00edtenek. A viharban megs\u00e9r\u00fclt f\u00e9szkeket \u00fajj\u00e1\u00e9p\u00edtik,\" class=\"yoast-seo-meta-tag\" \/>\n<meta property=\"og:url\" content=\"https:\/\/dorogimedence.hu\/index.php\/2025\/02\/20\/3200-feszekkel-varja-a-golyakat-az-e-on\/\" class=\"yoast-seo-meta-tag\" \/>\n<meta property=\"og:site_name\" content=\"Dorogi-medence Region\u00e1lis H\u00edrport\u00e1l\" class=\"yoast-seo-meta-tag\" \/>\n<meta property=\"article:publisher\" content=\"https:\/\/www.facebook.com\/dorogimedence\/\" class=\"yoast-seo-meta-tag\" \/>\n<meta property=\"article:published_time\" content=\"2025-02-20T12:12:42+00:00\" class=\"yoast-seo-meta-tag\" \/>\n<meta property=\"og:image\" content=\"https:\/\/dorogimedence.hu\/wp-content\/uploads\/2025\/02\/Koltolada-kihelyezes-Komarom-Esztergom-varmegyeben-az-E.ON-nagyfeszultsegu-oszlopan.jpg\" class=\"yoast-seo-meta-tag\" \/>\n\t<meta property=\"og:image:width\" content=\"1734\" class=\"yoast-seo-meta-tag\" \/>\n\t<meta property=\"og:image:height\" content=\"1300\" class=\"yoast-seo-meta-tag\" \/>\n\t<meta property=\"og:image:type\" content=\"image\/jpeg\" class=\"yoast-seo-meta-tag\" \/>\n<meta name=\"author\" content=\"dorogimedence.hu\" class=\"yoast-seo-meta-tag\" \/>\n<meta name=\"twitter:card\" content=\"summary_large_image\" class=\"yoast-seo-meta-tag\" \/>\n<meta name=\"twitter:label1\" content=\"Szerz\u0151:\" class=\"yoast-seo-meta-tag\" \/>\n\t<meta name=\"twitter:data1\" content=\"dorogimedence.hu\" class=\"yoast-seo-meta-tag\" \/>\n\t<meta name=\"twitter:label2\" content=\"Becs\u00fclt olvas\u00e1si id\u0151\" class=\"yoast-seo-meta-tag\" \/>\n\t<meta name=\"twitter:data2\" content=\"4 perc\" class=\"yoast-seo-meta-tag\" \/>\n<script type=\"application\/ld+json\" class=\"yoast-schema-graph\">{\"@context\":\"https:\\\/\\\/schema.org\",\"@graph\":[{\"@type\":\"Article\",\"@id\":\"https:\\\/\\\/dorogimedence.hu\\\/index.php\\\/2025\\\/02\\\/20\\\/3200-feszekkel-varja-a-golyakat-az-e-on\\\/#article\",\"isPartOf\":{\"@id\":\"https:\\\/\\\/dorogimedence.hu\\\/index.php\\\/2025\\\/02\\\/20\\\/3200-feszekkel-varja-a-golyakat-az-e-on\\\/\"},\"author\":{\"name\":\"dorogimedence.hu\",\"@id\":\"https:\\\/\\\/dorogimedence.hu\\\/#\\\/schema\\\/person\\\/ce6091eeb7e95ecdc87890d6aa8e0fd4\"},\"headline\":\"3200 f\u00e9szekkel v\u00e1rja a g\u00f3ly\u00e1kat az E.ON\",\"datePublished\":\"2025-02-20T12:12:42+00:00\",\"mainEntityOfPage\":{\"@id\":\"https:\\\/\\\/dorogimedence.hu\\\/index.php\\\/2025\\\/02\\\/20\\\/3200-feszekkel-varja-a-golyakat-az-e-on\\\/\"},\"wordCount\":812,\"publisher\":{\"@id\":\"https:\\\/\\\/dorogimedence.hu\\\/#organization\"},\"image\":{\"@id\":\"https:\\\/\\\/dorogimedence.hu\\\/index.php\\\/2025\\\/02\\\/20\\\/3200-feszekkel-varja-a-golyakat-az-e-on\\\/#primaryimage\"},\"thumbnailUrl\":\"https:\\\/\\\/dorogimedence.hu\\\/wp-content\\\/uploads\\\/2025\\\/02\\\/Koltolada-kihelyezes-Komarom-Esztergom-varmegyeben-az-E.ON-nagyfeszultsegu-oszlopan.jpg\",\"keywords\":[\"e.on\",\"Kom\u00e1rom-Esztergom v\u00e1rmegye\"],\"articleSection\":[\"H\u00edrek\",\"Kom\u00e1rom-Esztergom\"],\"inLanguage\":\"hu\"},{\"@type\":\"WebPage\",\"@id\":\"https:\\\/\\\/dorogimedence.hu\\\/index.php\\\/2025\\\/02\\\/20\\\/3200-feszekkel-varja-a-golyakat-az-e-on\\\/\",\"url\":\"https:\\\/\\\/dorogimedence.hu\\\/index.php\\\/2025\\\/02\\\/20\\\/3200-feszekkel-varja-a-golyakat-az-e-on\\\/\",\"name\":\"3200 f\u00e9szekkel v\u00e1rja a g\u00f3ly\u00e1kat az E.ON\",\"isPartOf\":{\"@id\":\"https:\\\/\\\/dorogimedence.hu\\\/#website\"},\"primaryImageOfPage\":{\"@id\":\"https:\\\/\\\/dorogimedence.hu\\\/index.php\\\/2025\\\/02\\\/20\\\/3200-feszekkel-varja-a-golyakat-az-e-on\\\/#primaryimage\"},\"image\":{\"@id\":\"https:\\\/\\\/dorogimedence.hu\\\/index.php\\\/2025\\\/02\\\/20\\\/3200-feszekkel-varja-a-golyakat-az-e-on\\\/#primaryimage\"},\"thumbnailUrl\":\"https:\\\/\\\/dorogimedence.hu\\\/wp-content\\\/uploads\\\/2025\\\/02\\\/Koltolada-kihelyezes-Komarom-Esztergom-varmegyeben-az-E.ON-nagyfeszultsegu-oszlopan.jpg\",\"datePublished\":\"2025-02-20T12:12:42+00:00\",\"breadcrumb\":{\"@id\":\"https:\\\/\\\/dorogimedence.hu\\\/index.php\\\/2025\\\/02\\\/20\\\/3200-feszekkel-varja-a-golyakat-az-e-on\\\/#breadcrumb\"},\"inLanguage\":\"hu\",\"potentialAction\":[{\"@type\":\"ReadAction\",\"target\":[\"https:\\\/\\\/dorogimedence.hu\\\/index.php\\\/2025\\\/02\\\/20\\\/3200-feszekkel-varja-a-golyakat-az-e-on\\\/\"]}]},{\"@type\":\"ImageObject\",\"inLanguage\":\"hu\",\"@id\":\"https:\\\/\\\/dorogimedence.hu\\\/index.php\\\/2025\\\/02\\\/20\\\/3200-feszekkel-varja-a-golyakat-az-e-on\\\/#primaryimage\",\"url\":\"https:\\\/\\\/dorogimedence.hu\\\/wp-content\\\/uploads\\\/2025\\\/02\\\/Koltolada-kihelyezes-Komarom-Esztergom-varmegyeben-az-E.ON-nagyfeszultsegu-oszlopan.jpg\",\"contentUrl\":\"https:\\\/\\\/dorogimedence.hu\\\/wp-content\\\/uploads\\\/2025\\\/02\\\/Koltolada-kihelyezes-Komarom-Esztergom-varmegyeben-az-E.ON-nagyfeszultsegu-oszlopan.jpg\",\"width\":1734,\"height\":1300},{\"@type\":\"BreadcrumbList\",\"@id\":\"https:\\\/\\\/dorogimedence.hu\\\/index.php\\\/2025\\\/02\\\/20\\\/3200-feszekkel-varja-a-golyakat-az-e-on\\\/#breadcrumb\",\"itemListElement\":[{\"@type\":\"ListItem\",\"position\":1,\"name\":\"Kezd\u0151lap\",\"item\":\"https:\\\/\\\/dorogimedence.hu\\\/\"},{\"@type\":\"ListItem\",\"position\":2,\"name\":\"3200 f\u00e9szekkel v\u00e1rja a g\u00f3ly\u00e1kat az E.ON\"}]},{\"@type\":\"WebSite\",\"@id\":\"https:\\\/\\\/dorogimedence.hu\\\/#website\",\"url\":\"https:\\\/\\\/dorogimedence.hu\\\/\",\"name\":\"Dorogi-medence Region\u00e1lis H\u00edrport\u00e1l\",\"description\":\"Dorog, Keszt\u00f6lc, Le\u00e1nyv\u00e1r, Piliscs\u00e9v, Tokod, Tokodalt\u00e1r\u00f3, Csolnok, Esztergom-kertv\u00e1ros: h\u00edrek, programok\",\"publisher\":{\"@id\":\"https:\\\/\\\/dorogimedence.hu\\\/#organization\"},\"potentialAction\":[{\"@type\":\"SearchAction\",\"target\":{\"@type\":\"EntryPoint\",\"urlTemplate\":\"https:\\\/\\\/dorogimedence.hu\\\/?s={search_term_string}\"},\"query-input\":{\"@type\":\"PropertyValueSpecification\",\"valueRequired\":true,\"valueName\":\"search_term_string\"}}],\"inLanguage\":\"hu\"},{\"@type\":\"Organization\",\"@id\":\"https:\\\/\\\/dorogimedence.hu\\\/#organization\",\"name\":\"Dorogi-medence Region\u00e1lis H\u00edrport\u00e1l\",\"url\":\"https:\\\/\\\/dorogimedence.hu\\\/\",\"logo\":{\"@type\":\"ImageObject\",\"inLanguage\":\"hu\",\"@id\":\"https:\\\/\\\/dorogimedence.hu\\\/#\\\/schema\\\/logo\\\/image\\\/\",\"url\":\"https:\\\/\\\/dorogimedence.hu\\\/wp-content\\\/uploads\\\/2021\\\/04\\\/logo-feher-600.png\",\"contentUrl\":\"https:\\\/\\\/dorogimedence.hu\\\/wp-content\\\/uploads\\\/2021\\\/04\\\/logo-feher-600.png\",\"width\":600,\"height\":100,\"caption\":\"Dorogi-medence Region\u00e1lis H\u00edrport\u00e1l\"},\"image\":{\"@id\":\"https:\\\/\\\/dorogimedence.hu\\\/#\\\/schema\\\/logo\\\/image\\\/\"},\"sameAs\":[\"https:\\\/\\\/www.facebook.com\\\/dorogimedence\\\/\"]},{\"@type\":\"Person\",\"@id\":\"https:\\\/\\\/dorogimedence.hu\\\/#\\\/schema\\\/person\\\/ce6091eeb7e95ecdc87890d6aa8e0fd4\",\"name\":\"dorogimedence.hu\",\"image\":{\"@type\":\"ImageObject\",\"inLanguage\":\"hu\",\"@id\":\"\\\/\\\/www.gravatar.com\\\/avatar\\\/d8d45f8901aadff40a4af72c0b826f1d?s=96&#038;r=g&#038;d=mm\",\"url\":\"\\\/\\\/www.gravatar.com\\\/avatar\\\/d8d45f8901aadff40a4af72c0b826f1d?s=96&#038;r=g&#038;d=mm\",\"contentUrl\":\"\\\/\\\/www.gravatar.com\\\/avatar\\\/d8d45f8901aadff40a4af72c0b826f1d?s=96&#038;r=g&#038;d=mm\",\"caption\":\"dorogimedence.hu\"}}]}<\/script>\n<!-- \/ Yoast SEO plugin. -->","yoast_head_json":{"title":"3200 f\u00e9szekkel v\u00e1rja a g\u00f3ly\u00e1kat az E.ON","robots":{"index":"index","follow":"follow","max-snippet":"max-snippet:-1","max-image-preview":"max-image-preview:large","max-video-preview":"max-video-preview:-1"},"canonical":"https:\/\/dorogimedence.hu\/index.php\/2025\/02\/20\/3200-feszekkel-varja-a-golyakat-az-e-on\/","og_locale":"hu_HU","og_type":"article","og_title":"3200 f\u00e9szekkel v\u00e1rja a g\u00f3ly\u00e1kat az E.ON","og_description":"T\u00f6bb mint 250 oszlop mad\u00e1rbar\u00e1t \u00e1talak\u00edt\u00e1s\u00e1t tervezte be a c\u00e9g erre az \u00e9vre, a munk\u00e1k egy r\u00e9sze a g\u00f3ly\u00e1k \u00e9rkez\u00e9s\u00e9ig megval\u00f3sul. Az oszlopokra mad\u00e1rbar\u00e1t burkolatok, hossz\u00fa szigetel\u0151k, mad\u00e1rki\u00fcl\u0151k ker\u00fclnek fel a madarak biztons\u00e1ga c\u00e9lj\u00e1b\u00f3l. A g\u00f3ly\u00e1k k\u00f6lt\u00e9s\u00e9t az oszlopokra telep\u00edtett&nbsp;\u00faj f\u00e9szektart\u00f3kkal&nbsp;seg\u00edti az energiac\u00e9g, ebb\u0151l id\u00e9n t\u00f6bb mint 100 darabot telep\u00edtenek. A viharban megs\u00e9r\u00fclt f\u00e9szkeket \u00fajj\u00e1\u00e9p\u00edtik,","og_url":"https:\/\/dorogimedence.hu\/index.php\/2025\/02\/20\/3200-feszekkel-varja-a-golyakat-az-e-on\/","og_site_name":"Dorogi-medence Region\u00e1lis H\u00edrport\u00e1l","article_publisher":"https:\/\/www.facebook.com\/dorogimedence\/","article_published_time":"2025-02-20T12:12:42+00:00","og_image":[{"width":1734,"height":1300,"url":"https:\/\/dorogimedence.hu\/wp-content\/uploads\/2025\/02\/Koltolada-kihelyezes-Komarom-Esztergom-varmegyeben-az-E.ON-nagyfeszultsegu-oszlopan.jpg","type":"image\/jpeg"}],"author":"dorogimedence.hu","twitter_card":"summary_large_image","twitter_misc":{"Szerz\u0151:":"dorogimedence.hu","Becs\u00fclt olvas\u00e1si id\u0151":"4 perc"},"schema":{"@context":"https:\/\/schema.org","@graph":[{"@type":"Article","@id":"https:\/\/dorogimedence.hu\/index.php\/2025\/02\/20\/3200-feszekkel-varja-a-golyakat-az-e-on\/#article","isPartOf":{"@id":"https:\/\/dorogimedence.hu\/index.php\/2025\/02\/20\/3200-feszekkel-varja-a-golyakat-az-e-on\/"},"author":{"name":"dorogimedence.hu","@id":"https:\/\/dorogimedence.hu\/#\/schema\/person\/ce6091eeb7e95ecdc87890d6aa8e0fd4"},"headline":"3200 f\u00e9szekkel v\u00e1rja a g\u00f3ly\u00e1kat az E.ON","datePublished":"2025-02-20T12:12:42+00:00","mainEntityOfPage":{"@id":"https:\/\/dorogimedence.hu\/index.php\/2025\/02\/20\/3200-feszekkel-varja-a-golyakat-az-e-on\/"},"wordCount":812,"publisher":{"@id":"https:\/\/dorogimedence.hu\/#organization"},"image":{"@id":"https:\/\/dorogimedence.hu\/index.php\/2025\/02\/20\/3200-feszekkel-varja-a-golyakat-az-e-on\/#primaryimage"},"thumbnailUrl":"https:\/\/dorogimedence.hu\/wp-content\/uploads\/2025\/02\/Koltolada-kihelyezes-Komarom-Esztergom-varmegyeben-az-E.ON-nagyfeszultsegu-oszlopan.jpg","keywords":["e.on","Kom\u00e1rom-Esztergom v\u00e1rmegye"],"articleSection":["H\u00edrek","Kom\u00e1rom-Esztergom"],"inLanguage":"hu"},{"@type":"WebPage","@id":"https:\/\/dorogimedence.hu\/index.php\/2025\/02\/20\/3200-feszekkel-varja-a-golyakat-az-e-on\/","url":"https:\/\/dorogimedence.hu\/index.php\/2025\/02\/20\/3200-feszekkel-varja-a-golyakat-az-e-on\/","name":"3200 f\u00e9szekkel v\u00e1rja a g\u00f3ly\u00e1kat az E.ON","isPartOf":{"@id":"https:\/\/dorogimedence.hu\/#website"},"primaryImageOfPage":{"@id":"https:\/\/dorogimedence.hu\/index.php\/2025\/02\/20\/3200-feszekkel-varja-a-golyakat-az-e-on\/#primaryimage"},"image":{"@id":"https:\/\/dorogimedence.hu\/index.php\/2025\/02\/20\/3200-feszekkel-varja-a-golyakat-az-e-on\/#primaryimage"},"thumbnailUrl":"https:\/\/dorogimedence.hu\/wp-content\/uploads\/2025\/02\/Koltolada-kihelyezes-Komarom-Esztergom-varmegyeben-az-E.ON-nagyfeszultsegu-oszlopan.jpg","datePublished":"2025-02-20T12:12:42+00:00","breadcrumb":{"@id":"https:\/\/dorogimedence.hu\/index.php\/2025\/02\/20\/3200-feszekkel-varja-a-golyakat-az-e-on\/#breadcrumb"},"inLanguage":"hu","potentialAction":[{"@type":"ReadAction","target":["https:\/\/dorogimedence.hu\/index.php\/2025\/02\/20\/3200-feszekkel-varja-a-golyakat-az-e-on\/"]}]},{"@type":"ImageObject","inLanguage":"hu","@id":"https:\/\/dorogimedence.hu\/index.php\/2025\/02\/20\/3200-feszekkel-varja-a-golyakat-az-e-on\/#primaryimage","url":"https:\/\/dorogimedence.hu\/wp-content\/uploads\/2025\/02\/Koltolada-kihelyezes-Komarom-Esztergom-varmegyeben-az-E.ON-nagyfeszultsegu-oszlopan.jpg","contentUrl":"https:\/\/dorogimedence.hu\/wp-content\/uploads\/2025\/02\/Koltolada-kihelyezes-Komarom-Esztergom-varmegyeben-az-E.ON-nagyfeszultsegu-oszlopan.jpg","width":1734,"height":1300},{"@type":"BreadcrumbList","@id":"https:\/\/dorogimedence.hu\/index.php\/2025\/02\/20\/3200-feszekkel-varja-a-golyakat-az-e-on\/#breadcrumb","itemListElement":[{"@type":"ListItem","position":1,"name":"Kezd\u0151lap","item":"https:\/\/dorogimedence.hu\/"},{"@type":"ListItem","position":2,"name":"3200 f\u00e9szekkel v\u00e1rja a g\u00f3ly\u00e1kat az E.ON"}]},{"@type":"WebSite","@id":"https:\/\/dorogimedence.hu\/#website","url":"https:\/\/dorogimedence.hu\/","name":"Dorogi-medence Region\u00e1lis H\u00edrport\u00e1l","description":"Dorog, Keszt\u00f6lc, Le\u00e1nyv\u00e1r, Piliscs\u00e9v, Tokod, Tokodalt\u00e1r\u00f3, Csolnok, Esztergom-kertv\u00e1ros: h\u00edrek, programok","publisher":{"@id":"https:\/\/dorogimedence.hu\/#organization"},"potentialAction":[{"@type":"SearchAction","target":{"@type":"EntryPoint","urlTemplate":"https:\/\/dorogimedence.hu\/?s={search_term_string}"},"query-input":{"@type":"PropertyValueSpecification","valueRequired":true,"valueName":"search_term_string"}}],"inLanguage":"hu"},{"@type":"Organization","@id":"https:\/\/dorogimedence.hu\/#organization","name":"Dorogi-medence Region\u00e1lis H\u00edrport\u00e1l","url":"https:\/\/dorogimedence.hu\/","logo":{"@type":"ImageObject","inLanguage":"hu","@id":"https:\/\/dorogimedence.hu\/#\/schema\/logo\/image\/","url":"https:\/\/dorogimedence.hu\/wp-content\/uploads\/2021\/04\/logo-feher-600.png","contentUrl":"https:\/\/dorogimedence.hu\/wp-content\/uploads\/2021\/04\/logo-feher-600.png","width":600,"height":100,"caption":"Dorogi-medence Region\u00e1lis H\u00edrport\u00e1l"},"image":{"@id":"https:\/\/dorogimedence.hu\/#\/schema\/logo\/image\/"},"sameAs":["https:\/\/www.facebook.com\/dorogimedence\/"]},{"@type":"Person","@id":"https:\/\/dorogimedence.hu\/#\/schema\/person\/ce6091eeb7e95ecdc87890d6aa8e0fd4","name":"dorogimedence.hu","image":{"@type":"ImageObject","inLanguage":"hu","@id":"\/\/www.gravatar.com\/avatar\/d8d45f8901aadff40a4af72c0b826f1d?s=96&#038;r=g&#038;d=mm","url":"\/\/www.gravatar.com\/avatar\/d8d45f8901aadff40a4af72c0b826f1d?s=96&#038;r=g&#038;d=mm","contentUrl":"\/\/www.gravatar.com\/avatar\/d8d45f8901aadff40a4af72c0b826f1d?s=96&#038;r=g&#038;d=mm","caption":"dorogimedence.hu"}}]}},"_links":{"self":[{"href":"https:\/\/dorogimedence.hu\/index.php\/wp-json\/wp\/v2\/posts\/69008","targetHints":{"allow":["GET"]}}],"collection":[{"href":"https:\/\/dorogimedence.hu\/index.php\/wp-json\/wp\/v2\/posts"}],"about":[{"href":"https:\/\/dorogimedence.hu\/index.php\/wp-json\/wp\/v2\/types\/post"}],"author":[{"embeddable":true,"href":"https:\/\/dorogimedence.hu\/index.php\/wp-json\/wp\/v2\/users\/1"}],"replies":[{"embeddable":true,"href":"https:\/\/dorogimedence.hu\/index.php\/wp-json\/wp\/v2\/comments?post=69008"}],"version-history":[{"count":0,"href":"https:\/\/dorogimedence.hu\/index.php\/wp-json\/wp\/v2\/posts\/69008\/revisions"}],"wp:featuredmedia":[{"embeddable":true,"href":"https:\/\/dorogimedence.hu\/index.php\/wp-json\/wp\/v2\/media\/69009"}],"wp:attachment":[{"href":"https:\/\/dorogimedence.hu\/index.php\/wp-json\/wp\/v2\/media?parent=69008"}],"wp:term":[{"taxonomy":"category","embeddable":true,"href":"https:\/\/dorogimedence.hu\/index.php\/wp-json\/wp\/v2\/categories?post=69008"},{"taxonomy":"post_tag","embeddable":true,"href":"https:\/\/dorogimedence.hu\/index.php\/wp-json\/wp\/v2\/tags?post=69008"}],"curies":[{"name":"wp","href":"https:\/\/api.w.org\/{rel}","templated":true}]}}