{"id":6899,"date":"2017-11-20T17:08:09","date_gmt":"2017-11-20T16:08:09","guid":{"rendered":"http:\/\/dorogimedence.hu\/?p=6899"},"modified":"2017-11-20T17:08:09","modified_gmt":"2017-11-20T16:08:09","slug":"a-gyalogos-es-kerekparos-balesetek-megelozhetok","status":"publish","type":"post","link":"https:\/\/dorogimedence.hu\/index.php\/2017\/11\/20\/a-gyalogos-es-kerekparos-balesetek-megelozhetok\/","title":{"rendered":"A gyalogos \u00e9s ker\u00e9kp\u00e1ros balesetek megel\u0151zhet\u0151k!"},"content":{"rendered":"<p><strong>Az elm\u00falt \u00e9vek rend\u0151ri tapasztalatai \u00e9s a baleseti statisztikai adatok egy\u00e9rtelm\u0171en azt mutatj\u00e1k, hogy \u0151szi \u00e9s t\u00e9li h\u00f3napokban sajn\u00e1latos m\u00f3don sok gyalogost \u00e9s ker\u00e9kp\u00e1rost \u00fctnek el j\u00e1rm\u0171vel a hazai k\u00f6zutakon<\/strong> <em>&#8211; ezzel kapcsolatban adott ki felh\u00edv\u00e1st a Kom\u00e1rom-Esztergom Megyei Rend\u0151r-f\u0151kapit\u00e1nys\u00e1g.<\/em><\/p>\n<p>Gyakorlatilag valamennyi gyalogos el\u00fct\u00e9sr\u0151l elmondhat\u00f3, hogy annak h\u00e1tter\u00e9ben valamilyen emberi hiba \u00e1ll (gyorshajt\u00e1s, els\u0151bbs\u00e9g meg nem ad\u00e1sa, figyelmetlens\u00e9g), \u00e9s ez egyben azt is jelenti, hogy ezek a t\u00f6bbnyire s\u00falyos balesetek szab\u00e1lyk\u00f6vet\u0151 magatart\u00e1ssal, az emberi hib\u00e1k kik\u00fcsz\u00f6b\u00f6l\u00e9se \u00e1ltal megel\u0151zhet\u0151ek.<\/p>\n<p>A gyalogosok \u00e9s ker\u00e9kp\u00e1rosok a k\u00f6z\u00fati k\u00f6zleked\u00e9s legv\u00e9dtelenebb \u00e9s legs\u00e9r\u00fcl\u00e9kenyebb r\u00e9sztvev\u0151i, el\u00fct\u00e9s\u00fck sor\u00e1n gyakorlatilag kiv\u00e9tel n\u00e9lk\u00fcl szem\u00e9lyi s\u00e9r\u00fcl\u00e9s k\u00f6vetkezik be, \u00e9s csak annak s\u00falyoss\u00e1ga a k\u00e9rd\u00e9s. Ez a k\u00fcl\u00f6n\u00f6s s\u00e9r\u00fcl\u00e9kenys\u00e9g indokolja, hogy kiemelten odafigyelj\u00fcnk r\u00e1juk.<\/p>\n<p><em><strong>Mi\u00e9rt magas ilyenkor a gyalogos el\u00fct\u00e9sek sz\u00e1ma?<\/strong><\/em><\/p>\n<p>\u0150sszel \u00e9s t\u00e9len a k\u00f6z\u00fati k\u00f6zleked\u00e9st befoly\u00e1sol\u00f3 viszonyok, az id\u0151j\u00e1r\u00e1si, a l\u00e1t\u00e1si \u00e9s az \u00fatviszonyok egyar\u00e1nt kedvez\u0151tlen\u00fcl v\u00e1ltoznak. A gyalogos \u00e9s ker\u00e9kp\u00e1ros balesetek magas sz\u00e1m\u00e1hoz nagym\u00e9rt\u00e9kben hozz\u00e1j\u00e1rul, hogy ilyenkor j\u00f3val nehezebb \u00e9szlelni \u0151ket, mint m\u00e1s \u00e9vszakokban. A nappali vil\u00e1goss\u00e1g id\u0151tartama jelent\u0151sen lecs\u00f6kken, gyakran felh\u0151s \u00e9g, \u00e9s a s\u0171r\u0171 t\u00e9li csapad\u00e9kok (h\u00f3, \u00f3nos es\u0151 stb.) is megnehez\u00edtik a j\u00e1rm\u0171b\u0151l val\u00f3 kil\u00e1t\u00e1st. A s\u00f6t\u00e9tebb k\u00f6rnyezet, a csapad\u00e9kt\u00f3l csillog\u00f3 \u00fatburkolat, a szemb\u0151l \u00e9rkez\u0151 j\u00e1rm\u0171vek f\u00e9nysz\u00f3r\u00f3i, valamint a csapad\u00e9kos id\u0151ben m\u0171k\u00f6d\u0151 ablakt\u00f6rl\u0151k is nehezebb\u00e9 teszik a jelenl\u00e9t\u00fck \u00e9szlel\u00e9s\u00e9t. Ezen t\u00fal a szennyezett, vagy a h\u00f3t\u00f3l, illetve j\u00e9gt\u0151l kell\u0151en meg nem tiszt\u00edtott sz\u00e9lv\u00e9d\u0151k, azok esetleges bels\u0151 p\u00e1r\u00e1sod\u00e1sa, vagy a r\u00e9gi, funkci\u00f3j\u00e1t bet\u00f6lteni m\u00e1r nem k\u00e9pes ablakt\u00f6rl\u0151 lap\u00e1tok haszn\u00e1lata is rendk\u00edv\u00fcl kedvez\u0151tlen\u00fcl hat az \u00fattesten \u00e1thaladni sz\u00e1nd\u00e9koz\u00f3 gyalogosok \u00e9szlelhet\u0151s\u00e9g\u00e9re.<\/p>\n<p>Tov\u00e1bb nehez\u00edti a helyzetet, ha a gyalogosok vagy a ker\u00e9kp\u00e1ros nem felt\u0171n\u0151, a k\u00f6rnyezetb\u0151l kir\u00edv\u00f3, hanem sz\u00fcrke, vagy s\u00f6t\u00e9t t\u00f3nus\u00fa ruh\u00e1zatot viselnek (f\u0151leg az id\u0151s k\u00f6zleked\u0151kre jellemz\u0151 a s\u00f6t\u00e9t ruh\u00e1zat). A gyakoribb gyalogos el\u00fct\u00e9sekhez hozz\u00e1j\u00e1rul az is, hogy a nedves, k\u00fcl\u00f6n\u00f6sen a havas, jeges \u00fatburkolaton a j\u00e1rm\u0171vek f\u00e9k\u00fatja \u2013 s ez\u00e1ltal a f\u00e9kt\u00e1vols\u00e1g \u2013 megn\u0151, \u00e9s ez jelent\u0151sen n\u00f6veli a balesetek bek\u00f6vetkez\u00e9s\u00e9nek kock\u00e1zat\u00e1t.<\/p>\n<p>A cs\u00fasz\u00f3s \u00fatburkolaton a gyalogosok \u00e9s a ker\u00e9kp\u00e1rosok bizonytalanabbul k\u00f6zlekednek, jobban koncentr\u00e1lnak a megcs\u00fasz\u00e1s \u00e9s az eles\u00e9s elker\u00fcl\u00e9s\u00e9re, \u00e9s ez ak\u00e1r el is terelheti, vagy megoszthatja a figyelm\u00fcket, s kev\u00e9sb\u00e9 figyelnek a k\u00f6zleked\u00e9s m\u00e1s r\u00e9sztvev\u0151ire, p\u00e9ld\u00e1ul a k\u00f6zeled\u0151 j\u00e1rm\u0171vekre.<\/p>\n<p>Csapad\u00e9kos id\u0151ben, valamint er\u0151s, cs\u00edp\u0151s sz\u00e9lben az is j\u00f3l megfigyelhet\u0151, hogy a gyalogosok igyekeznek miel\u0151bb \u201efed\u00e9l al\u00e1\u201d, azaz v\u00e9dett helyre ker\u00fclni. Ez egyben azt is jelenti, hogy k\u00f6r\u00fcltekint\u00e9s\u00fck sok esetben fel\u00fcletes, nem felt\u00e9tlen\u00fcl a kijel\u00f6lt gyalogos-\u00e1tkel\u0151helyen kelnek \u00e1t, s rosszul m\u00e9rik fel az \u00e9rkez\u0151 j\u00e1rm\u0171vek sebess\u00e9g\u00e9t. Es\u0151ben, vagy s\u0171r\u0171 h\u00f3es\u00e9sben m\u00e9g a kinyitott eserny\u0151 is korl\u00e1tozhatja a gyalogosokat a l\u00e1t\u00e1sban, a biztons\u00e1gos k\u00f6zleked\u00e9shez sz\u00fcks\u00e9ges inform\u00e1ci\u00f3k megszerz\u00e9s\u00e9ben.<\/p>\n<p><em><strong>Hogyan el\u0151zhetj\u00fck meg a gyalogos \u00e9s ker\u00e9kp\u00e1ros baleseteket?<\/strong><\/em><\/p>\n<p>Minden k\u00f6zleked\u0151ben, j\u00e1rm\u0171vezet\u0151ben tudatosuljanak azok a kock\u00e1zatok, melyek a gyalogosok \u00e9s a ker\u00e9kp\u00e1rosok k\u00f6zleked\u00e9s\u00e9t jellemzik ebben az id\u0151szakban. Ennek megfelel\u0151en vezess\u00fcnk k\u00f6r\u00fcltekint\u0151bben, \u00f3vatosabban \u00e9s lassabban. Tartsuk mindig tiszt\u00e1n a g\u00e9pj\u00e1rm\u0171 f\u00e9nysz\u00f3r\u00f3it, vil\u00e1g\u00edt\u00f3 eszk\u00f6zeit, valamint sz\u00e9lv\u00e9d\u0151it \u00e9s cser\u00e9lj\u00fck le az el\u00f6regedett ablakt\u00f6rl\u0151 lap\u00e1tot.<\/p>\n<p>A bels\u0151 p\u00e1r\u00e1sod\u00e1s megsz\u00fcntet\u00e9se n\u00e9lk\u00fcl soha ne induljunk \u00fatnak. A sz\u00e9lv\u00e9d\u0151k sz\u00e1r\u00edt\u00e1s\u00e1nak legjobb m\u00f3dja az \u00fcvegekre ir\u00e1ny\u00edtott, intenz\u00edv fokozatra kapcsolt l\u00e9gkondicion\u00e1l\u00f3 haszn\u00e1lata.<\/p>\n<p>Sz\u00e1moljunk mindig azzal, hogy a j\u00e1rm\u0171 f\u00e9kt\u00e1vols\u00e1ga a h\u0151m\u00e9rs\u00e9klet, a leesett csapad\u00e9k \u00e9s az \u00fatviszonyok f\u00fcggv\u00e9ny\u00e9ben ak\u00e1r jelent\u0151s m\u00e9rt\u00e9kben is megn\u0151het, \u00e9s ez meghat\u00e1roz\u00f3 lehet abban, hogy a baleset elker\u00fclhet\u0151, vagy sem.<\/p>\n<p>T\u00e9len legy\u00fcnk t\u00fcrelmesebbek az \u00fattesten lassabban halad\u00f3 gyalogosokkal szemben, biztos\u00edtsuk biztons\u00e1gos \u00e1tkel\u00e9s\u00fcket, \u00e9s v\u00e9letlen\u00fcl se pr\u00f3b\u00e1ljunk meg az el\u0151tt\u00fcnk \u00e1thalad\u00f3 gyalogos m\u00f6g\u00f6tt k\u00f6zvetlen\u00fcl \u00e1thaladni (v\u00e1rjuk meg, m\u00edg a gyalogos \u00e1t\u00e9r az \u00fattesten, hiszen az els\u0151bbs\u00e9gad\u00e1si k\u00f6telezetts\u00e9g a gyalogos j\u00e1rd\u00e1ra val\u00f3 fell\u00e9p\u00e9s\u00e9ig tart).<\/p>\n<p>Akkor is k\u00e9sedelem n\u00e9lk\u00fcl reag\u00e1ljunk az adott k\u00f6zleked\u00e9si szitu\u00e1ci\u00f3ra, ha a gyalogos esetleg figyelmetlen\u00fcl, vagy szab\u00e1lytalanul, nem els\u0151bbs\u00e9gi helyzetben k\u00edv\u00e1n \u00e1thaladni az \u00fattesten.<\/p>\n<p>A gyerekek (akik az \u00e1tlagosn\u00e1l \u00f3vatlanabbak \u00e9s kev\u00e9sb\u00e9 kisz\u00e1m\u00edthat\u00f3an k\u00f6zlekednek), valamint a t\u00f6bbnyire lassabban, bizonytalanabbul halad\u00f3 id\u0151sebbek k\u00fcl\u00f6n\u00f6s odafigyel\u00e9st ig\u00e9nyelnek.<\/p>\n<p>A fokozott \u00f3vatoss\u00e1gra k\u00fcl\u00f6n\u00f6sen nagy sz\u00fcks\u00e9g van a nagyobb belter\u00fcleti csom\u00f3pontokn\u00e1l, a bev\u00e1s\u00e1rl\u00f3 k\u00f6zpontok, vas\u00fati \u00e9s aut\u00f3busz p\u00e1lyaudvarok k\u00f6rnyezet\u00e9ben, a gyalogos \u00e1tkel\u0151helyek megk\u00f6zel\u00edt\u00e9se sor\u00e1n, valamint a gyermekek, a fiatalok \u00e9s az id\u0151sek \u00e1ltal l\u00e1togatott int\u00e9zm\u00e9nyek (tanint\u00e9zetek, sportl\u00e9tes\u00edtm\u00e9nyek, nyugd\u00edjas otthonok) k\u00f6zel\u00e9ben.<\/p>\n<p><em>Forr\u00e1s: Kom\u00e1rom-Esztergom Megyei Rend\u0151r-f\u0151kapit\u00e1nys\u00e1g<\/em> Sajt\u00f3<\/p>\n","protected":false},"excerpt":{"rendered":"<p>Az elm\u00falt \u00e9vek rend\u0151ri tapasztalatai \u00e9s a baleseti statisztikai adatok egy\u00e9rtelm\u0171en azt mutatj\u00e1k, hogy \u0151szi \u00e9s t\u00e9li h\u00f3napokban sajn\u00e1latos m\u00f3don sok gyalogost \u00e9s ker\u00e9kp\u00e1rost \u00fctnek el j\u00e1rm\u0171vel a hazai k\u00f6zutakon &#8211; ezzel kapcsolatban adott ki felh\u00edv\u00e1st a Kom\u00e1rom-Esztergom Megyei Rend\u0151r-f\u0151kapit\u00e1nys\u00e1g. Gyakorlatilag valamennyi gyalogos el\u00fct\u00e9sr\u0151l elmondhat\u00f3, hogy annak h\u00e1tter\u00e9ben valamilyen emberi hiba \u00e1ll (gyorshajt\u00e1s, els\u0151bbs\u00e9g meg<\/p>\n","protected":false},"author":1,"featured_media":2957,"comment_status":"closed","ping_status":"closed","sticky":false,"template":"","format":"standard","meta":{"ngg_post_thumbnail":0,"footnotes":""},"categories":[3],"tags":[76,77,1808,1879,61],"class_list":{"0":"post-6899","1":"post","2":"type-post","3":"status-publish","4":"format-standard","5":"has-post-thumbnail","7":"category-hirek","8":"tag-balesetmegelozes","9":"tag-felhivas","10":"tag-gyalogosok","11":"tag-kerekparosok","12":"tag-rendorsegi-hirek"},"yoast_head":"<!-- This site is optimized with the Yoast SEO plugin v27.5 - https:\/\/yoast.com\/product\/yoast-seo-wordpress\/ -->\n<title>A gyalogos \u00e9s ker\u00e9kp\u00e1ros balesetek megel\u0151zhet\u0151k!<\/title>\n<meta name=\"robots\" content=\"index, follow, max-snippet:-1, max-image-preview:large, max-video-preview:-1\" \/>\n<link rel=\"canonical\" href=\"https:\/\/dorogimedence.hu\/index.php\/2017\/11\/20\/a-gyalogos-es-kerekparos-balesetek-megelozhetok\/\" class=\"yoast-seo-meta-tag\" \/>\n<meta property=\"og:locale\" content=\"hu_HU\" class=\"yoast-seo-meta-tag\" \/>\n<meta property=\"og:type\" content=\"article\" class=\"yoast-seo-meta-tag\" \/>\n<meta property=\"og:title\" content=\"A gyalogos \u00e9s ker\u00e9kp\u00e1ros balesetek megel\u0151zhet\u0151k!\" class=\"yoast-seo-meta-tag\" \/>\n<meta property=\"og:description\" content=\"Az elm\u00falt \u00e9vek rend\u0151ri tapasztalatai \u00e9s a baleseti statisztikai adatok egy\u00e9rtelm\u0171en azt mutatj\u00e1k, hogy \u0151szi \u00e9s t\u00e9li h\u00f3napokban sajn\u00e1latos m\u00f3don sok gyalogost \u00e9s ker\u00e9kp\u00e1rost \u00fctnek el j\u00e1rm\u0171vel a hazai k\u00f6zutakon &#8211; ezzel kapcsolatban adott ki felh\u00edv\u00e1st a Kom\u00e1rom-Esztergom Megyei Rend\u0151r-f\u0151kapit\u00e1nys\u00e1g. Gyakorlatilag valamennyi gyalogos el\u00fct\u00e9sr\u0151l elmondhat\u00f3, hogy annak h\u00e1tter\u00e9ben valamilyen emberi hiba \u00e1ll (gyorshajt\u00e1s, els\u0151bbs\u00e9g meg\" class=\"yoast-seo-meta-tag\" \/>\n<meta property=\"og:url\" content=\"https:\/\/dorogimedence.hu\/index.php\/2017\/11\/20\/a-gyalogos-es-kerekparos-balesetek-megelozhetok\/\" class=\"yoast-seo-meta-tag\" \/>\n<meta property=\"og:site_name\" content=\"Dorogi-medence Region\u00e1lis H\u00edrport\u00e1l\" class=\"yoast-seo-meta-tag\" \/>\n<meta property=\"article:publisher\" content=\"https:\/\/www.facebook.com\/dorogimedence\/\" class=\"yoast-seo-meta-tag\" \/>\n<meta property=\"article:published_time\" content=\"2017-11-20T16:08:09+00:00\" class=\"yoast-seo-meta-tag\" \/>\n<meta property=\"og:image\" content=\"https:\/\/i0.wp.com\/dorogimedence.hu\/wp-content\/uploads\/2017\/05\/kerekpar-baleset-02.jpg?fit=670%2C365&ssl=1\" class=\"yoast-seo-meta-tag\" \/>\n\t<meta property=\"og:image:width\" content=\"670\" class=\"yoast-seo-meta-tag\" \/>\n\t<meta property=\"og:image:height\" content=\"365\" class=\"yoast-seo-meta-tag\" \/>\n\t<meta property=\"og:image:type\" content=\"image\/jpeg\" class=\"yoast-seo-meta-tag\" \/>\n<meta name=\"author\" content=\"dorogimedence.hu\" class=\"yoast-seo-meta-tag\" \/>\n<meta name=\"twitter:card\" content=\"summary_large_image\" class=\"yoast-seo-meta-tag\" \/>\n<meta name=\"twitter:label1\" content=\"Szerz\u0151:\" class=\"yoast-seo-meta-tag\" \/>\n\t<meta name=\"twitter:data1\" content=\"dorogimedence.hu\" class=\"yoast-seo-meta-tag\" \/>\n\t<meta name=\"twitter:label2\" content=\"Becs\u00fclt olvas\u00e1si id\u0151\" class=\"yoast-seo-meta-tag\" \/>\n\t<meta name=\"twitter:data2\" content=\"6 perc\" class=\"yoast-seo-meta-tag\" \/>\n<script type=\"application\/ld+json\" class=\"yoast-schema-graph\">{\"@context\":\"https:\\\/\\\/schema.org\",\"@graph\":[{\"@type\":\"Article\",\"@id\":\"https:\\\/\\\/dorogimedence.hu\\\/index.php\\\/2017\\\/11\\\/20\\\/a-gyalogos-es-kerekparos-balesetek-megelozhetok\\\/#article\",\"isPartOf\":{\"@id\":\"https:\\\/\\\/dorogimedence.hu\\\/index.php\\\/2017\\\/11\\\/20\\\/a-gyalogos-es-kerekparos-balesetek-megelozhetok\\\/\"},\"author\":{\"name\":\"dorogimedence.hu\",\"@id\":\"https:\\\/\\\/dorogimedence.hu\\\/#\\\/schema\\\/person\\\/ce6091eeb7e95ecdc87890d6aa8e0fd4\"},\"headline\":\"A gyalogos \u00e9s ker\u00e9kp\u00e1ros balesetek megel\u0151zhet\u0151k!\",\"datePublished\":\"2017-11-20T16:08:09+00:00\",\"mainEntityOfPage\":{\"@id\":\"https:\\\/\\\/dorogimedence.hu\\\/index.php\\\/2017\\\/11\\\/20\\\/a-gyalogos-es-kerekparos-balesetek-megelozhetok\\\/\"},\"wordCount\":1113,\"publisher\":{\"@id\":\"https:\\\/\\\/dorogimedence.hu\\\/#organization\"},\"image\":{\"@id\":\"https:\\\/\\\/dorogimedence.hu\\\/index.php\\\/2017\\\/11\\\/20\\\/a-gyalogos-es-kerekparos-balesetek-megelozhetok\\\/#primaryimage\"},\"thumbnailUrl\":\"https:\\\/\\\/dorogimedence.hu\\\/wp-content\\\/uploads\\\/2017\\\/05\\\/kerekpar-baleset-02.jpg\",\"keywords\":[\"balesetmegel\u0151z\u00e9s\",\"felh\u00edv\u00e1s\",\"gyalogosok\",\"ker\u00e9kp\u00e1rosok\",\"rend\u0151rs\u00e9gi h\u00edrek\"],\"articleSection\":[\"H\u00edrek\"],\"inLanguage\":\"hu\"},{\"@type\":\"WebPage\",\"@id\":\"https:\\\/\\\/dorogimedence.hu\\\/index.php\\\/2017\\\/11\\\/20\\\/a-gyalogos-es-kerekparos-balesetek-megelozhetok\\\/\",\"url\":\"https:\\\/\\\/dorogimedence.hu\\\/index.php\\\/2017\\\/11\\\/20\\\/a-gyalogos-es-kerekparos-balesetek-megelozhetok\\\/\",\"name\":\"A gyalogos \u00e9s ker\u00e9kp\u00e1ros balesetek megel\u0151zhet\u0151k!\",\"isPartOf\":{\"@id\":\"https:\\\/\\\/dorogimedence.hu\\\/#website\"},\"primaryImageOfPage\":{\"@id\":\"https:\\\/\\\/dorogimedence.hu\\\/index.php\\\/2017\\\/11\\\/20\\\/a-gyalogos-es-kerekparos-balesetek-megelozhetok\\\/#primaryimage\"},\"image\":{\"@id\":\"https:\\\/\\\/dorogimedence.hu\\\/index.php\\\/2017\\\/11\\\/20\\\/a-gyalogos-es-kerekparos-balesetek-megelozhetok\\\/#primaryimage\"},\"thumbnailUrl\":\"https:\\\/\\\/dorogimedence.hu\\\/wp-content\\\/uploads\\\/2017\\\/05\\\/kerekpar-baleset-02.jpg\",\"datePublished\":\"2017-11-20T16:08:09+00:00\",\"breadcrumb\":{\"@id\":\"https:\\\/\\\/dorogimedence.hu\\\/index.php\\\/2017\\\/11\\\/20\\\/a-gyalogos-es-kerekparos-balesetek-megelozhetok\\\/#breadcrumb\"},\"inLanguage\":\"hu\",\"potentialAction\":[{\"@type\":\"ReadAction\",\"target\":[\"https:\\\/\\\/dorogimedence.hu\\\/index.php\\\/2017\\\/11\\\/20\\\/a-gyalogos-es-kerekparos-balesetek-megelozhetok\\\/\"]}]},{\"@type\":\"ImageObject\",\"inLanguage\":\"hu\",\"@id\":\"https:\\\/\\\/dorogimedence.hu\\\/index.php\\\/2017\\\/11\\\/20\\\/a-gyalogos-es-kerekparos-balesetek-megelozhetok\\\/#primaryimage\",\"url\":\"https:\\\/\\\/dorogimedence.hu\\\/wp-content\\\/uploads\\\/2017\\\/05\\\/kerekpar-baleset-02.jpg\",\"contentUrl\":\"https:\\\/\\\/dorogimedence.hu\\\/wp-content\\\/uploads\\\/2017\\\/05\\\/kerekpar-baleset-02.jpg\",\"width\":670,\"height\":365},{\"@type\":\"BreadcrumbList\",\"@id\":\"https:\\\/\\\/dorogimedence.hu\\\/index.php\\\/2017\\\/11\\\/20\\\/a-gyalogos-es-kerekparos-balesetek-megelozhetok\\\/#breadcrumb\",\"itemListElement\":[{\"@type\":\"ListItem\",\"position\":1,\"name\":\"Kezd\u0151lap\",\"item\":\"https:\\\/\\\/dorogimedence.hu\\\/\"},{\"@type\":\"ListItem\",\"position\":2,\"name\":\"A gyalogos \u00e9s ker\u00e9kp\u00e1ros balesetek megel\u0151zhet\u0151k!\"}]},{\"@type\":\"WebSite\",\"@id\":\"https:\\\/\\\/dorogimedence.hu\\\/#website\",\"url\":\"https:\\\/\\\/dorogimedence.hu\\\/\",\"name\":\"Dorogi-medence Region\u00e1lis H\u00edrport\u00e1l\",\"description\":\"Dorog, Keszt\u00f6lc, Le\u00e1nyv\u00e1r, Piliscs\u00e9v, Tokod, Tokodalt\u00e1r\u00f3, Csolnok, Esztergom-kertv\u00e1ros: h\u00edrek, programok\",\"publisher\":{\"@id\":\"https:\\\/\\\/dorogimedence.hu\\\/#organization\"},\"potentialAction\":[{\"@type\":\"SearchAction\",\"target\":{\"@type\":\"EntryPoint\",\"urlTemplate\":\"https:\\\/\\\/dorogimedence.hu\\\/?s={search_term_string}\"},\"query-input\":{\"@type\":\"PropertyValueSpecification\",\"valueRequired\":true,\"valueName\":\"search_term_string\"}}],\"inLanguage\":\"hu\"},{\"@type\":\"Organization\",\"@id\":\"https:\\\/\\\/dorogimedence.hu\\\/#organization\",\"name\":\"Dorogi-medence Region\u00e1lis H\u00edrport\u00e1l\",\"url\":\"https:\\\/\\\/dorogimedence.hu\\\/\",\"logo\":{\"@type\":\"ImageObject\",\"inLanguage\":\"hu\",\"@id\":\"https:\\\/\\\/dorogimedence.hu\\\/#\\\/schema\\\/logo\\\/image\\\/\",\"url\":\"https:\\\/\\\/dorogimedence.hu\\\/wp-content\\\/uploads\\\/2021\\\/04\\\/logo-feher-600.png\",\"contentUrl\":\"https:\\\/\\\/dorogimedence.hu\\\/wp-content\\\/uploads\\\/2021\\\/04\\\/logo-feher-600.png\",\"width\":600,\"height\":100,\"caption\":\"Dorogi-medence Region\u00e1lis H\u00edrport\u00e1l\"},\"image\":{\"@id\":\"https:\\\/\\\/dorogimedence.hu\\\/#\\\/schema\\\/logo\\\/image\\\/\"},\"sameAs\":[\"https:\\\/\\\/www.facebook.com\\\/dorogimedence\\\/\"]},{\"@type\":\"Person\",\"@id\":\"https:\\\/\\\/dorogimedence.hu\\\/#\\\/schema\\\/person\\\/ce6091eeb7e95ecdc87890d6aa8e0fd4\",\"name\":\"dorogimedence.hu\",\"image\":{\"@type\":\"ImageObject\",\"inLanguage\":\"hu\",\"@id\":\"\\\/\\\/www.gravatar.com\\\/avatar\\\/d8d45f8901aadff40a4af72c0b826f1d?s=96&#038;r=g&#038;d=mm\",\"url\":\"\\\/\\\/www.gravatar.com\\\/avatar\\\/d8d45f8901aadff40a4af72c0b826f1d?s=96&#038;r=g&#038;d=mm\",\"contentUrl\":\"\\\/\\\/www.gravatar.com\\\/avatar\\\/d8d45f8901aadff40a4af72c0b826f1d?s=96&#038;r=g&#038;d=mm\",\"caption\":\"dorogimedence.hu\"}}]}<\/script>\n<!-- \/ Yoast SEO plugin. -->","yoast_head_json":{"title":"A gyalogos \u00e9s ker\u00e9kp\u00e1ros balesetek megel\u0151zhet\u0151k!","robots":{"index":"index","follow":"follow","max-snippet":"max-snippet:-1","max-image-preview":"max-image-preview:large","max-video-preview":"max-video-preview:-1"},"canonical":"https:\/\/dorogimedence.hu\/index.php\/2017\/11\/20\/a-gyalogos-es-kerekparos-balesetek-megelozhetok\/","og_locale":"hu_HU","og_type":"article","og_title":"A gyalogos \u00e9s ker\u00e9kp\u00e1ros balesetek megel\u0151zhet\u0151k!","og_description":"Az elm\u00falt \u00e9vek rend\u0151ri tapasztalatai \u00e9s a baleseti statisztikai adatok egy\u00e9rtelm\u0171en azt mutatj\u00e1k, hogy \u0151szi \u00e9s t\u00e9li h\u00f3napokban sajn\u00e1latos m\u00f3don sok gyalogost \u00e9s ker\u00e9kp\u00e1rost \u00fctnek el j\u00e1rm\u0171vel a hazai k\u00f6zutakon &#8211; ezzel kapcsolatban adott ki felh\u00edv\u00e1st a Kom\u00e1rom-Esztergom Megyei Rend\u0151r-f\u0151kapit\u00e1nys\u00e1g. Gyakorlatilag valamennyi gyalogos el\u00fct\u00e9sr\u0151l elmondhat\u00f3, hogy annak h\u00e1tter\u00e9ben valamilyen emberi hiba \u00e1ll (gyorshajt\u00e1s, els\u0151bbs\u00e9g meg","og_url":"https:\/\/dorogimedence.hu\/index.php\/2017\/11\/20\/a-gyalogos-es-kerekparos-balesetek-megelozhetok\/","og_site_name":"Dorogi-medence Region\u00e1lis H\u00edrport\u00e1l","article_publisher":"https:\/\/www.facebook.com\/dorogimedence\/","article_published_time":"2017-11-20T16:08:09+00:00","og_image":[{"width":670,"height":365,"url":"https:\/\/i0.wp.com\/dorogimedence.hu\/wp-content\/uploads\/2017\/05\/kerekpar-baleset-02.jpg?fit=670%2C365&ssl=1","type":"image\/jpeg"}],"author":"dorogimedence.hu","twitter_card":"summary_large_image","twitter_misc":{"Szerz\u0151:":"dorogimedence.hu","Becs\u00fclt olvas\u00e1si id\u0151":"6 perc"},"schema":{"@context":"https:\/\/schema.org","@graph":[{"@type":"Article","@id":"https:\/\/dorogimedence.hu\/index.php\/2017\/11\/20\/a-gyalogos-es-kerekparos-balesetek-megelozhetok\/#article","isPartOf":{"@id":"https:\/\/dorogimedence.hu\/index.php\/2017\/11\/20\/a-gyalogos-es-kerekparos-balesetek-megelozhetok\/"},"author":{"name":"dorogimedence.hu","@id":"https:\/\/dorogimedence.hu\/#\/schema\/person\/ce6091eeb7e95ecdc87890d6aa8e0fd4"},"headline":"A gyalogos \u00e9s ker\u00e9kp\u00e1ros balesetek megel\u0151zhet\u0151k!","datePublished":"2017-11-20T16:08:09+00:00","mainEntityOfPage":{"@id":"https:\/\/dorogimedence.hu\/index.php\/2017\/11\/20\/a-gyalogos-es-kerekparos-balesetek-megelozhetok\/"},"wordCount":1113,"publisher":{"@id":"https:\/\/dorogimedence.hu\/#organization"},"image":{"@id":"https:\/\/dorogimedence.hu\/index.php\/2017\/11\/20\/a-gyalogos-es-kerekparos-balesetek-megelozhetok\/#primaryimage"},"thumbnailUrl":"https:\/\/dorogimedence.hu\/wp-content\/uploads\/2017\/05\/kerekpar-baleset-02.jpg","keywords":["balesetmegel\u0151z\u00e9s","felh\u00edv\u00e1s","gyalogosok","ker\u00e9kp\u00e1rosok","rend\u0151rs\u00e9gi h\u00edrek"],"articleSection":["H\u00edrek"],"inLanguage":"hu"},{"@type":"WebPage","@id":"https:\/\/dorogimedence.hu\/index.php\/2017\/11\/20\/a-gyalogos-es-kerekparos-balesetek-megelozhetok\/","url":"https:\/\/dorogimedence.hu\/index.php\/2017\/11\/20\/a-gyalogos-es-kerekparos-balesetek-megelozhetok\/","name":"A gyalogos \u00e9s ker\u00e9kp\u00e1ros balesetek megel\u0151zhet\u0151k!","isPartOf":{"@id":"https:\/\/dorogimedence.hu\/#website"},"primaryImageOfPage":{"@id":"https:\/\/dorogimedence.hu\/index.php\/2017\/11\/20\/a-gyalogos-es-kerekparos-balesetek-megelozhetok\/#primaryimage"},"image":{"@id":"https:\/\/dorogimedence.hu\/index.php\/2017\/11\/20\/a-gyalogos-es-kerekparos-balesetek-megelozhetok\/#primaryimage"},"thumbnailUrl":"https:\/\/dorogimedence.hu\/wp-content\/uploads\/2017\/05\/kerekpar-baleset-02.jpg","datePublished":"2017-11-20T16:08:09+00:00","breadcrumb":{"@id":"https:\/\/dorogimedence.hu\/index.php\/2017\/11\/20\/a-gyalogos-es-kerekparos-balesetek-megelozhetok\/#breadcrumb"},"inLanguage":"hu","potentialAction":[{"@type":"ReadAction","target":["https:\/\/dorogimedence.hu\/index.php\/2017\/11\/20\/a-gyalogos-es-kerekparos-balesetek-megelozhetok\/"]}]},{"@type":"ImageObject","inLanguage":"hu","@id":"https:\/\/dorogimedence.hu\/index.php\/2017\/11\/20\/a-gyalogos-es-kerekparos-balesetek-megelozhetok\/#primaryimage","url":"https:\/\/dorogimedence.hu\/wp-content\/uploads\/2017\/05\/kerekpar-baleset-02.jpg","contentUrl":"https:\/\/dorogimedence.hu\/wp-content\/uploads\/2017\/05\/kerekpar-baleset-02.jpg","width":670,"height":365},{"@type":"BreadcrumbList","@id":"https:\/\/dorogimedence.hu\/index.php\/2017\/11\/20\/a-gyalogos-es-kerekparos-balesetek-megelozhetok\/#breadcrumb","itemListElement":[{"@type":"ListItem","position":1,"name":"Kezd\u0151lap","item":"https:\/\/dorogimedence.hu\/"},{"@type":"ListItem","position":2,"name":"A gyalogos \u00e9s ker\u00e9kp\u00e1ros balesetek megel\u0151zhet\u0151k!"}]},{"@type":"WebSite","@id":"https:\/\/dorogimedence.hu\/#website","url":"https:\/\/dorogimedence.hu\/","name":"Dorogi-medence Region\u00e1lis H\u00edrport\u00e1l","description":"Dorog, Keszt\u00f6lc, Le\u00e1nyv\u00e1r, Piliscs\u00e9v, Tokod, Tokodalt\u00e1r\u00f3, Csolnok, Esztergom-kertv\u00e1ros: h\u00edrek, programok","publisher":{"@id":"https:\/\/dorogimedence.hu\/#organization"},"potentialAction":[{"@type":"SearchAction","target":{"@type":"EntryPoint","urlTemplate":"https:\/\/dorogimedence.hu\/?s={search_term_string}"},"query-input":{"@type":"PropertyValueSpecification","valueRequired":true,"valueName":"search_term_string"}}],"inLanguage":"hu"},{"@type":"Organization","@id":"https:\/\/dorogimedence.hu\/#organization","name":"Dorogi-medence Region\u00e1lis H\u00edrport\u00e1l","url":"https:\/\/dorogimedence.hu\/","logo":{"@type":"ImageObject","inLanguage":"hu","@id":"https:\/\/dorogimedence.hu\/#\/schema\/logo\/image\/","url":"https:\/\/dorogimedence.hu\/wp-content\/uploads\/2021\/04\/logo-feher-600.png","contentUrl":"https:\/\/dorogimedence.hu\/wp-content\/uploads\/2021\/04\/logo-feher-600.png","width":600,"height":100,"caption":"Dorogi-medence Region\u00e1lis H\u00edrport\u00e1l"},"image":{"@id":"https:\/\/dorogimedence.hu\/#\/schema\/logo\/image\/"},"sameAs":["https:\/\/www.facebook.com\/dorogimedence\/"]},{"@type":"Person","@id":"https:\/\/dorogimedence.hu\/#\/schema\/person\/ce6091eeb7e95ecdc87890d6aa8e0fd4","name":"dorogimedence.hu","image":{"@type":"ImageObject","inLanguage":"hu","@id":"\/\/www.gravatar.com\/avatar\/d8d45f8901aadff40a4af72c0b826f1d?s=96&#038;r=g&#038;d=mm","url":"\/\/www.gravatar.com\/avatar\/d8d45f8901aadff40a4af72c0b826f1d?s=96&#038;r=g&#038;d=mm","contentUrl":"\/\/www.gravatar.com\/avatar\/d8d45f8901aadff40a4af72c0b826f1d?s=96&#038;r=g&#038;d=mm","caption":"dorogimedence.hu"}}]}},"_links":{"self":[{"href":"https:\/\/dorogimedence.hu\/index.php\/wp-json\/wp\/v2\/posts\/6899","targetHints":{"allow":["GET"]}}],"collection":[{"href":"https:\/\/dorogimedence.hu\/index.php\/wp-json\/wp\/v2\/posts"}],"about":[{"href":"https:\/\/dorogimedence.hu\/index.php\/wp-json\/wp\/v2\/types\/post"}],"author":[{"embeddable":true,"href":"https:\/\/dorogimedence.hu\/index.php\/wp-json\/wp\/v2\/users\/1"}],"replies":[{"embeddable":true,"href":"https:\/\/dorogimedence.hu\/index.php\/wp-json\/wp\/v2\/comments?post=6899"}],"version-history":[{"count":0,"href":"https:\/\/dorogimedence.hu\/index.php\/wp-json\/wp\/v2\/posts\/6899\/revisions"}],"wp:featuredmedia":[{"embeddable":true,"href":"https:\/\/dorogimedence.hu\/index.php\/wp-json\/wp\/v2\/media\/2957"}],"wp:attachment":[{"href":"https:\/\/dorogimedence.hu\/index.php\/wp-json\/wp\/v2\/media?parent=6899"}],"wp:term":[{"taxonomy":"category","embeddable":true,"href":"https:\/\/dorogimedence.hu\/index.php\/wp-json\/wp\/v2\/categories?post=6899"},{"taxonomy":"post_tag","embeddable":true,"href":"https:\/\/dorogimedence.hu\/index.php\/wp-json\/wp\/v2\/tags?post=6899"}],"curies":[{"name":"wp","href":"https:\/\/api.w.org\/{rel}","templated":true}]}}