{"id":68959,"date":"2025-02-18T13:48:22","date_gmt":"2025-02-18T12:48:22","guid":{"rendered":"https:\/\/dorogimedence.hu\/?p=68959"},"modified":"2025-02-18T13:48:22","modified_gmt":"2025-02-18T12:48:22","slug":"hataron-atnyulo-osszefogas-a-tolgyerdokert","status":"publish","type":"post","link":"https:\/\/dorogimedence.hu\/index.php\/2025\/02\/18\/hataron-atnyulo-osszefogas-a-tolgyerdokert\/","title":{"rendered":"Hat\u00e1ron \u00e1tny\u00fal\u00f3 \u00f6sszefog\u00e1s a t\u00f6lgyerd\u0151k\u00e9rt"},"content":{"rendered":"<p><strong>A k\u00f6z\u00e9p-eur\u00f3pai t\u00f6lgyes erd\u0151k \u00e9s az emberi t\u00e1rsadalom kapcsolata \u00e9vezredekre ny\u00falik vissza. M\u00e1ra ezek az erd\u0151k jelent\u0151s m\u00e9rt\u00e9kben \u00e1talakultak, term\u00e9szetess\u00e9g\u00fck, biodiverzit\u00e1suk lecs\u00f6kkent, sok helyen k\u00fczdenek a kl\u00edmav\u00e1ltoz\u00e1s negat\u00edv hat\u00e1saival. Meg\u0151rz\u00e9s\u00fck a fenntarthat\u00f3 erd\u0151gazd\u00e1lkod\u00e1s felel\u0151ss\u00e9ge \u00e9s feladata, amelynek \u00e9rdek\u00e9ben szlov\u00e1k \u00e9s magyar szervezetek ind\u00edtottak projektet Interreg-p\u00e1ly\u00e1zat keret\u00e9ben. <\/strong><\/p>\n<p>\u201e<strong>T\u00f6lgyesek \u00f6kol\u00f3giai fenntarthat\u00f3s\u00e1g\u00e1nak n\u00f6vel\u00e9se k\u00eds\u00e9rletekre alapozott \u00f6r\u00f6kerd\u0151 kezel\u00e9s keret\u00e9ben<\/strong>\u201d &#8211; #oakadapt c\u00edmmel indult, Interreg VI-A Magyarorsz\u00e1g-Szlov\u00e1kia programban meghirdetett p\u00e1ly\u00e1zati forr\u00e1sb\u00f3l finansz\u00edrozott projekt az id\u00e9n \u00e9v elej\u00e9n. A projektben k\u00e9t tudom\u00e1nyos szervezet, a konzorciumvezet\u0151 szlov\u00e1k Technick\u00e1 univerzita vo Zvolene (Z\u00f3lyomi M\u0171szaki Egyetem) \u00e9s a magyar \u00d6kol\u00f3giai Kutat\u00f3k\u00f6zpont, k\u00e9t erd\u0151gazd\u00e1lkod\u00f3, a krupinai&nbsp; Mestsk\u00e9 lesy, s.r.o. \u00e9s a Pilisi Parkerd\u0151 Zrt. mellett r\u00e9szt vesz a szlov\u00e1k N\u00e1rodn\u00e9 lesn\u00edcke centrum \u00e9s a Real Forest, s. r. o. nev\u0171 szlov\u00e1k civil szervezet.<\/p>\n<p>A t\u00f6lgyerd\u0151k \u00f3ri\u00e1si term\u00e9szeti t\u0151k\u00e9t jelentenek: nagy szerep\u00fck van a faanyagell\u00e1t\u00e1sban, az erdei biodiverzit\u00e1s meg\u0151rz\u00e9s\u00e9ben \u00e9s az erdei rekre\u00e1ci\u00f3 biztos\u00edt\u00e1s\u00e1ban. Nagy jelent\u0151s\u00e9ggel b\u00edrnak a kl\u00edmav\u00e1ltoz\u00e1shoz t\u00f6rt\u00e9n\u0151 alkalmazkod\u00e1sban, a v\u00edz- \u00e9s talajv\u00e9delemben. Az erd\u0151gazd\u00e1lkod\u00e1s felel\u0151ss\u00e9ge, hogy megval\u00f3s\u00edtsa az erd\u0151k fenntarthat\u00f3 haszn\u00e1lat\u00e1t, amely a faanyagtermel\u00e9s c\u00e9lja mell\u00e9 integr\u00e1lni tudja az erd\u0151k v\u00e9delmi \u00e9s rekre\u00e1ci\u00f3s funkci\u00f3inak meg\u0151rz\u00e9s\u00e9t is.<\/p>\n<p>A most kezd\u0151d\u0151 projekt keret\u00e9ben a Z\u00f3lyomi M\u0171szaki Egyetem \u00e9s az \u00d6kol\u00f3giai Kutat\u00f3k\u00f6zpont k\u00eds\u00e9rletei a k\u00fcl\u00f6nb\u00f6z\u0151 erd\u00e9szeti beavatkoz\u00e1sok, illetve l\u00e9kv\u00e1g\u00e1si m\u00f3dok erdei mikrokl\u00edm\u00e1ra, biodiverzit\u00e1sra \u00e9s fel\u00fajul\u00e1sra gyakorolt hat\u00e1s\u00e1t vizsg\u00e1lj\u00e1k, valamint \u00f6sszehasonl\u00edt\u00f3 vizsg\u00e1latokat v\u00e9geznek \u00f6r\u00f6kerd\u0151 \u00e9s v\u00e1g\u00e1sos \u00fczemm\u00f3dban kezelt \u00e1llom\u00e1nyok k\u00f6z\u00f6tt. A kutat\u00e1si eredm\u00e9nyeket a krupinai v\u00e1rosi erd\u0151ket kezel\u0151 krupinai Mestsk\u00e9 lesy, s.r.o. \u00e9s a Pilisi Parkerd\u0151 Zrt. integr\u00e1lja szakmai gyakorlat\u00e1ba, \u00edgy ezek a kutat\u00e1sok v\u00e1rhat\u00f3an k\u00e9pesek hozz\u00e1j\u00e1rulni a folyamatos erd\u0151bor\u00edt\u00e1st fenntart\u00f3 erd\u0151gazd\u00e1lkod\u00e1s megalapoz\u00e1s\u00e1hoz \u00e9s gyakorlati fejleszt\u00e9s\u00e9hez. A projektben a Pilisi Parkerd\u0151 Zrt. fejleszti a l\u00e9knyilv\u00e1ntart\u00e1si \u00e9s gazd\u00e1lkod\u00e1si rendszer\u00e9t, valamint vadhat\u00e1s monitoroz\u00f3 rendszert alak\u00edt ki a term\u00e9szetes fel\u00fajul\u00e1s biztos\u00edt\u00e1sa \u00e9rdek\u00e9ben, a szlov\u00e1k Nemzeti Erd\u00e9szeti K\u00f6zpont (N\u00e1rodn\u00e9 lesn\u00edcke centrum) adatb\u00e1zist \u00e9s inform\u00e1ci\u00f3s rendszert fejleszt az erd\u0151k glob\u00e1lis v\u00e1ltoz\u00e1sok el\u0151tti \u00e9s ut\u00e1ni term\u00e9szetess\u00e9gi \u00e1llapot\u00e1nak \u00f6sszehasonl\u00edt\u00e1s\u00e1hoz. Emellett a partnerek gyakorlati \u00fatmutat\u00f3kat fejlesztenek magyar \u00e9s szlov\u00e1k nyelven a r\u00e9gi\u00f3 erd\u0151gazd\u00e1lkod\u00f3i \u00e9s gyakorlati szakemberei sz\u00e1m\u00e1ra, \u00e9s sz\u00e9les k\u00f6rben osztj\u00e1k meg a projekteredm\u00e9nyeket az erd\u0151 kezel\u00e9s\u00e9ben \u00e9rdekeltekkel az oktat\u00e1s, a term\u00e9szetv\u00e9delem \u00e9s az erd\u0151gazd\u00e1lkod\u00e1s ter\u00fcletein, j\u00f3 p\u00e9ld\u00e1val szolg\u00e1lva a j\u00f6v\u0151 fenntarthat\u00f3 erd\u0151gazd\u00e1lkod\u00e1sa sz\u00e1m\u00e1ra.<\/p>\n<p>A projekt 2024.10.01-\u00e9n indult, v\u00e1rhat\u00f3an 2027.03.31-\u00e9n z\u00e1rul, mik\u00f6zben a konzorciumi partnerek \u00f6sszesen 1 603 285,60 \u20ac (ebb\u0151l a Pilisi Parkerd\u0151 Zrt. tev\u00e9kenys\u00e9geire biztos\u00edtott 201&nbsp;600 \u20ac uni\u00f3s t\u00e1mogat\u00e1ssal) forr\u00e1st ford\u00edthatnak a k\u00f6z\u00e9p-eur\u00f3pai t\u00f6lgyerd\u0151k fenntarthat\u00f3s\u00e1g\u00e1ra, valamint a folyamatos erd\u0151bor\u00edt\u00e1st biztos\u00edt\u00f3 szlov\u00e1k \u00e9s magyar erd\u0151gazd\u00e1lkod\u00e1s fejleszt\u00e9s\u00e9re.<\/p>\n<p><em>Bor\u00edt\u00f3k\u00e9p, forr\u00e1s: Pilisi Parkerd\u0151 Zrt.<\/em><\/p>\n","protected":false},"excerpt":{"rendered":"<p>A k\u00f6z\u00e9p-eur\u00f3pai t\u00f6lgyes erd\u0151k \u00e9s az emberi t\u00e1rsadalom kapcsolata \u00e9vezredekre ny\u00falik vissza. M\u00e1ra ezek az erd\u0151k jelent\u0151s m\u00e9rt\u00e9kben \u00e1talakultak, term\u00e9szetess\u00e9g\u00fck, biodiverzit\u00e1suk lecs\u00f6kkent, sok helyen k\u00fczdenek a kl\u00edmav\u00e1ltoz\u00e1s negat\u00edv hat\u00e1saival. Meg\u0151rz\u00e9s\u00fck a fenntarthat\u00f3 erd\u0151gazd\u00e1lkod\u00e1s felel\u0151ss\u00e9ge \u00e9s feladata, amelynek \u00e9rdek\u00e9ben szlov\u00e1k \u00e9s magyar szervezetek ind\u00edtottak projektet Interreg-p\u00e1ly\u00e1zat keret\u00e9ben. \u201eT\u00f6lgyesek \u00f6kol\u00f3giai fenntarthat\u00f3s\u00e1g\u00e1nak n\u00f6vel\u00e9se k\u00eds\u00e9rletekre alapozott \u00f6r\u00f6kerd\u0151 kezel\u00e9s keret\u00e9ben\u201d<\/p>\n","protected":false},"author":1,"featured_media":0,"comment_status":"closed","ping_status":"closed","sticky":false,"template":"","format":"standard","meta":{"ngg_post_thumbnail":0,"footnotes":""},"categories":[3,6948],"tags":[122],"class_list":{"0":"post-68959","1":"post","2":"type-post","3":"status-publish","4":"format-standard","6":"category-hirek","7":"category-szines","8":"tag-pilisi-parkerdo"},"yoast_head":"<!-- This site is optimized with the Yoast SEO plugin v27.4 - https:\/\/yoast.com\/product\/yoast-seo-wordpress\/ -->\n<title>Hat\u00e1ron \u00e1tny\u00fal\u00f3 \u00f6sszefog\u00e1s a t\u00f6lgyerd\u0151k\u00e9rt<\/title>\n<meta name=\"robots\" content=\"index, follow, max-snippet:-1, max-image-preview:large, max-video-preview:-1\" \/>\n<link rel=\"canonical\" href=\"https:\/\/dorogimedence.hu\/index.php\/2025\/02\/18\/hataron-atnyulo-osszefogas-a-tolgyerdokert\/\" class=\"yoast-seo-meta-tag\" \/>\n<meta property=\"og:locale\" content=\"hu_HU\" class=\"yoast-seo-meta-tag\" \/>\n<meta property=\"og:type\" content=\"article\" class=\"yoast-seo-meta-tag\" \/>\n<meta property=\"og:title\" content=\"Hat\u00e1ron \u00e1tny\u00fal\u00f3 \u00f6sszefog\u00e1s a t\u00f6lgyerd\u0151k\u00e9rt\" class=\"yoast-seo-meta-tag\" \/>\n<meta property=\"og:description\" content=\"A k\u00f6z\u00e9p-eur\u00f3pai t\u00f6lgyes erd\u0151k \u00e9s az emberi t\u00e1rsadalom kapcsolata \u00e9vezredekre ny\u00falik vissza. M\u00e1ra ezek az erd\u0151k jelent\u0151s m\u00e9rt\u00e9kben \u00e1talakultak, term\u00e9szetess\u00e9g\u00fck, biodiverzit\u00e1suk lecs\u00f6kkent, sok helyen k\u00fczdenek a kl\u00edmav\u00e1ltoz\u00e1s negat\u00edv hat\u00e1saival. Meg\u0151rz\u00e9s\u00fck a fenntarthat\u00f3 erd\u0151gazd\u00e1lkod\u00e1s felel\u0151ss\u00e9ge \u00e9s feladata, amelynek \u00e9rdek\u00e9ben szlov\u00e1k \u00e9s magyar szervezetek ind\u00edtottak projektet Interreg-p\u00e1ly\u00e1zat keret\u00e9ben. \u201eT\u00f6lgyesek \u00f6kol\u00f3giai fenntarthat\u00f3s\u00e1g\u00e1nak n\u00f6vel\u00e9se k\u00eds\u00e9rletekre alapozott \u00f6r\u00f6kerd\u0151 kezel\u00e9s keret\u00e9ben\u201d\" class=\"yoast-seo-meta-tag\" \/>\n<meta property=\"og:url\" content=\"https:\/\/dorogimedence.hu\/index.php\/2025\/02\/18\/hataron-atnyulo-osszefogas-a-tolgyerdokert\/\" class=\"yoast-seo-meta-tag\" \/>\n<meta property=\"og:site_name\" content=\"Dorogi-medence Region\u00e1lis H\u00edrport\u00e1l\" class=\"yoast-seo-meta-tag\" \/>\n<meta property=\"article:publisher\" content=\"https:\/\/www.facebook.com\/dorogimedence\/\" class=\"yoast-seo-meta-tag\" \/>\n<meta property=\"article:published_time\" content=\"2025-02-18T12:48:22+00:00\" class=\"yoast-seo-meta-tag\" \/>\n<meta property=\"og:image\" content=\"https:\/\/dorogimedence.hu\/wp-content\/uploads\/2025\/02\/tolgyes-erdo.jpg\" class=\"yoast-seo-meta-tag\" \/>\n\t<meta property=\"og:image:width\" content=\"1920\" class=\"yoast-seo-meta-tag\" \/>\n\t<meta property=\"og:image:height\" content=\"1104\" class=\"yoast-seo-meta-tag\" \/>\n\t<meta property=\"og:image:type\" content=\"image\/jpeg\" class=\"yoast-seo-meta-tag\" \/>\n<meta name=\"author\" content=\"dorogimedence.hu\" class=\"yoast-seo-meta-tag\" \/>\n<meta name=\"twitter:card\" content=\"summary_large_image\" class=\"yoast-seo-meta-tag\" \/>\n<meta name=\"twitter:label1\" content=\"Szerz\u0151:\" class=\"yoast-seo-meta-tag\" \/>\n\t<meta name=\"twitter:data1\" content=\"dorogimedence.hu\" class=\"yoast-seo-meta-tag\" \/>\n\t<meta name=\"twitter:label2\" content=\"Becs\u00fclt olvas\u00e1si id\u0151\" class=\"yoast-seo-meta-tag\" \/>\n\t<meta name=\"twitter:data2\" content=\"3 perc\" class=\"yoast-seo-meta-tag\" \/>\n<script type=\"application\/ld+json\" class=\"yoast-schema-graph\">{\"@context\":\"https:\\\/\\\/schema.org\",\"@graph\":[{\"@type\":\"Article\",\"@id\":\"https:\\\/\\\/dorogimedence.hu\\\/index.php\\\/2025\\\/02\\\/18\\\/hataron-atnyulo-osszefogas-a-tolgyerdokert\\\/#article\",\"isPartOf\":{\"@id\":\"https:\\\/\\\/dorogimedence.hu\\\/index.php\\\/2025\\\/02\\\/18\\\/hataron-atnyulo-osszefogas-a-tolgyerdokert\\\/\"},\"author\":{\"name\":\"dorogimedence.hu\",\"@id\":\"https:\\\/\\\/dorogimedence.hu\\\/#\\\/schema\\\/person\\\/ce6091eeb7e95ecdc87890d6aa8e0fd4\"},\"headline\":\"Hat\u00e1ron \u00e1tny\u00fal\u00f3 \u00f6sszefog\u00e1s a t\u00f6lgyerd\u0151k\u00e9rt\",\"datePublished\":\"2025-02-18T12:48:22+00:00\",\"mainEntityOfPage\":{\"@id\":\"https:\\\/\\\/dorogimedence.hu\\\/index.php\\\/2025\\\/02\\\/18\\\/hataron-atnyulo-osszefogas-a-tolgyerdokert\\\/\"},\"wordCount\":687,\"publisher\":{\"@id\":\"https:\\\/\\\/dorogimedence.hu\\\/#organization\"},\"keywords\":[\"Pilisi Parkerd\u0151\"],\"articleSection\":[\"H\u00edrek\",\"Sz\u00ednes\"],\"inLanguage\":\"hu\"},{\"@type\":\"WebPage\",\"@id\":\"https:\\\/\\\/dorogimedence.hu\\\/index.php\\\/2025\\\/02\\\/18\\\/hataron-atnyulo-osszefogas-a-tolgyerdokert\\\/\",\"url\":\"https:\\\/\\\/dorogimedence.hu\\\/index.php\\\/2025\\\/02\\\/18\\\/hataron-atnyulo-osszefogas-a-tolgyerdokert\\\/\",\"name\":\"Hat\u00e1ron \u00e1tny\u00fal\u00f3 \u00f6sszefog\u00e1s a t\u00f6lgyerd\u0151k\u00e9rt\",\"isPartOf\":{\"@id\":\"https:\\\/\\\/dorogimedence.hu\\\/#website\"},\"datePublished\":\"2025-02-18T12:48:22+00:00\",\"breadcrumb\":{\"@id\":\"https:\\\/\\\/dorogimedence.hu\\\/index.php\\\/2025\\\/02\\\/18\\\/hataron-atnyulo-osszefogas-a-tolgyerdokert\\\/#breadcrumb\"},\"inLanguage\":\"hu\",\"potentialAction\":[{\"@type\":\"ReadAction\",\"target\":[\"https:\\\/\\\/dorogimedence.hu\\\/index.php\\\/2025\\\/02\\\/18\\\/hataron-atnyulo-osszefogas-a-tolgyerdokert\\\/\"]}]},{\"@type\":\"BreadcrumbList\",\"@id\":\"https:\\\/\\\/dorogimedence.hu\\\/index.php\\\/2025\\\/02\\\/18\\\/hataron-atnyulo-osszefogas-a-tolgyerdokert\\\/#breadcrumb\",\"itemListElement\":[{\"@type\":\"ListItem\",\"position\":1,\"name\":\"Kezd\u0151lap\",\"item\":\"https:\\\/\\\/dorogimedence.hu\\\/\"},{\"@type\":\"ListItem\",\"position\":2,\"name\":\"Hat\u00e1ron \u00e1tny\u00fal\u00f3 \u00f6sszefog\u00e1s a t\u00f6lgyerd\u0151k\u00e9rt\"}]},{\"@type\":\"WebSite\",\"@id\":\"https:\\\/\\\/dorogimedence.hu\\\/#website\",\"url\":\"https:\\\/\\\/dorogimedence.hu\\\/\",\"name\":\"Dorogi-medence Region\u00e1lis H\u00edrport\u00e1l\",\"description\":\"Dorog, Keszt\u00f6lc, Le\u00e1nyv\u00e1r, Piliscs\u00e9v, Tokod, Tokodalt\u00e1r\u00f3, Csolnok, Esztergom-kertv\u00e1ros: h\u00edrek, programok\",\"publisher\":{\"@id\":\"https:\\\/\\\/dorogimedence.hu\\\/#organization\"},\"potentialAction\":[{\"@type\":\"SearchAction\",\"target\":{\"@type\":\"EntryPoint\",\"urlTemplate\":\"https:\\\/\\\/dorogimedence.hu\\\/?s={search_term_string}\"},\"query-input\":{\"@type\":\"PropertyValueSpecification\",\"valueRequired\":true,\"valueName\":\"search_term_string\"}}],\"inLanguage\":\"hu\"},{\"@type\":\"Organization\",\"@id\":\"https:\\\/\\\/dorogimedence.hu\\\/#organization\",\"name\":\"Dorogi-medence Region\u00e1lis H\u00edrport\u00e1l\",\"url\":\"https:\\\/\\\/dorogimedence.hu\\\/\",\"logo\":{\"@type\":\"ImageObject\",\"inLanguage\":\"hu\",\"@id\":\"https:\\\/\\\/dorogimedence.hu\\\/#\\\/schema\\\/logo\\\/image\\\/\",\"url\":\"https:\\\/\\\/dorogimedence.hu\\\/wp-content\\\/uploads\\\/2021\\\/04\\\/logo-feher-600.png\",\"contentUrl\":\"https:\\\/\\\/dorogimedence.hu\\\/wp-content\\\/uploads\\\/2021\\\/04\\\/logo-feher-600.png\",\"width\":600,\"height\":100,\"caption\":\"Dorogi-medence Region\u00e1lis H\u00edrport\u00e1l\"},\"image\":{\"@id\":\"https:\\\/\\\/dorogimedence.hu\\\/#\\\/schema\\\/logo\\\/image\\\/\"},\"sameAs\":[\"https:\\\/\\\/www.facebook.com\\\/dorogimedence\\\/\"]},{\"@type\":\"Person\",\"@id\":\"https:\\\/\\\/dorogimedence.hu\\\/#\\\/schema\\\/person\\\/ce6091eeb7e95ecdc87890d6aa8e0fd4\",\"name\":\"dorogimedence.hu\",\"image\":{\"@type\":\"ImageObject\",\"inLanguage\":\"hu\",\"@id\":\"\\\/\\\/www.gravatar.com\\\/avatar\\\/d8d45f8901aadff40a4af72c0b826f1d?s=96&#038;r=g&#038;d=mm\",\"url\":\"\\\/\\\/www.gravatar.com\\\/avatar\\\/d8d45f8901aadff40a4af72c0b826f1d?s=96&#038;r=g&#038;d=mm\",\"contentUrl\":\"\\\/\\\/www.gravatar.com\\\/avatar\\\/d8d45f8901aadff40a4af72c0b826f1d?s=96&#038;r=g&#038;d=mm\",\"caption\":\"dorogimedence.hu\"}}]}<\/script>\n<!-- \/ Yoast SEO plugin. -->","yoast_head_json":{"title":"Hat\u00e1ron \u00e1tny\u00fal\u00f3 \u00f6sszefog\u00e1s a t\u00f6lgyerd\u0151k\u00e9rt","robots":{"index":"index","follow":"follow","max-snippet":"max-snippet:-1","max-image-preview":"max-image-preview:large","max-video-preview":"max-video-preview:-1"},"canonical":"https:\/\/dorogimedence.hu\/index.php\/2025\/02\/18\/hataron-atnyulo-osszefogas-a-tolgyerdokert\/","og_locale":"hu_HU","og_type":"article","og_title":"Hat\u00e1ron \u00e1tny\u00fal\u00f3 \u00f6sszefog\u00e1s a t\u00f6lgyerd\u0151k\u00e9rt","og_description":"A k\u00f6z\u00e9p-eur\u00f3pai t\u00f6lgyes erd\u0151k \u00e9s az emberi t\u00e1rsadalom kapcsolata \u00e9vezredekre ny\u00falik vissza. M\u00e1ra ezek az erd\u0151k jelent\u0151s m\u00e9rt\u00e9kben \u00e1talakultak, term\u00e9szetess\u00e9g\u00fck, biodiverzit\u00e1suk lecs\u00f6kkent, sok helyen k\u00fczdenek a kl\u00edmav\u00e1ltoz\u00e1s negat\u00edv hat\u00e1saival. Meg\u0151rz\u00e9s\u00fck a fenntarthat\u00f3 erd\u0151gazd\u00e1lkod\u00e1s felel\u0151ss\u00e9ge \u00e9s feladata, amelynek \u00e9rdek\u00e9ben szlov\u00e1k \u00e9s magyar szervezetek ind\u00edtottak projektet Interreg-p\u00e1ly\u00e1zat keret\u00e9ben. \u201eT\u00f6lgyesek \u00f6kol\u00f3giai fenntarthat\u00f3s\u00e1g\u00e1nak n\u00f6vel\u00e9se k\u00eds\u00e9rletekre alapozott \u00f6r\u00f6kerd\u0151 kezel\u00e9s keret\u00e9ben\u201d","og_url":"https:\/\/dorogimedence.hu\/index.php\/2025\/02\/18\/hataron-atnyulo-osszefogas-a-tolgyerdokert\/","og_site_name":"Dorogi-medence Region\u00e1lis H\u00edrport\u00e1l","article_publisher":"https:\/\/www.facebook.com\/dorogimedence\/","article_published_time":"2025-02-18T12:48:22+00:00","og_image":[{"width":1920,"height":1104,"url":"https:\/\/dorogimedence.hu\/wp-content\/uploads\/2025\/02\/tolgyes-erdo.jpg","type":"image\/jpeg"}],"author":"dorogimedence.hu","twitter_card":"summary_large_image","twitter_misc":{"Szerz\u0151:":"dorogimedence.hu","Becs\u00fclt olvas\u00e1si id\u0151":"3 perc"},"schema":{"@context":"https:\/\/schema.org","@graph":[{"@type":"Article","@id":"https:\/\/dorogimedence.hu\/index.php\/2025\/02\/18\/hataron-atnyulo-osszefogas-a-tolgyerdokert\/#article","isPartOf":{"@id":"https:\/\/dorogimedence.hu\/index.php\/2025\/02\/18\/hataron-atnyulo-osszefogas-a-tolgyerdokert\/"},"author":{"name":"dorogimedence.hu","@id":"https:\/\/dorogimedence.hu\/#\/schema\/person\/ce6091eeb7e95ecdc87890d6aa8e0fd4"},"headline":"Hat\u00e1ron \u00e1tny\u00fal\u00f3 \u00f6sszefog\u00e1s a t\u00f6lgyerd\u0151k\u00e9rt","datePublished":"2025-02-18T12:48:22+00:00","mainEntityOfPage":{"@id":"https:\/\/dorogimedence.hu\/index.php\/2025\/02\/18\/hataron-atnyulo-osszefogas-a-tolgyerdokert\/"},"wordCount":687,"publisher":{"@id":"https:\/\/dorogimedence.hu\/#organization"},"keywords":["Pilisi Parkerd\u0151"],"articleSection":["H\u00edrek","Sz\u00ednes"],"inLanguage":"hu"},{"@type":"WebPage","@id":"https:\/\/dorogimedence.hu\/index.php\/2025\/02\/18\/hataron-atnyulo-osszefogas-a-tolgyerdokert\/","url":"https:\/\/dorogimedence.hu\/index.php\/2025\/02\/18\/hataron-atnyulo-osszefogas-a-tolgyerdokert\/","name":"Hat\u00e1ron \u00e1tny\u00fal\u00f3 \u00f6sszefog\u00e1s a t\u00f6lgyerd\u0151k\u00e9rt","isPartOf":{"@id":"https:\/\/dorogimedence.hu\/#website"},"datePublished":"2025-02-18T12:48:22+00:00","breadcrumb":{"@id":"https:\/\/dorogimedence.hu\/index.php\/2025\/02\/18\/hataron-atnyulo-osszefogas-a-tolgyerdokert\/#breadcrumb"},"inLanguage":"hu","potentialAction":[{"@type":"ReadAction","target":["https:\/\/dorogimedence.hu\/index.php\/2025\/02\/18\/hataron-atnyulo-osszefogas-a-tolgyerdokert\/"]}]},{"@type":"BreadcrumbList","@id":"https:\/\/dorogimedence.hu\/index.php\/2025\/02\/18\/hataron-atnyulo-osszefogas-a-tolgyerdokert\/#breadcrumb","itemListElement":[{"@type":"ListItem","position":1,"name":"Kezd\u0151lap","item":"https:\/\/dorogimedence.hu\/"},{"@type":"ListItem","position":2,"name":"Hat\u00e1ron \u00e1tny\u00fal\u00f3 \u00f6sszefog\u00e1s a t\u00f6lgyerd\u0151k\u00e9rt"}]},{"@type":"WebSite","@id":"https:\/\/dorogimedence.hu\/#website","url":"https:\/\/dorogimedence.hu\/","name":"Dorogi-medence Region\u00e1lis H\u00edrport\u00e1l","description":"Dorog, Keszt\u00f6lc, Le\u00e1nyv\u00e1r, Piliscs\u00e9v, Tokod, Tokodalt\u00e1r\u00f3, Csolnok, Esztergom-kertv\u00e1ros: h\u00edrek, programok","publisher":{"@id":"https:\/\/dorogimedence.hu\/#organization"},"potentialAction":[{"@type":"SearchAction","target":{"@type":"EntryPoint","urlTemplate":"https:\/\/dorogimedence.hu\/?s={search_term_string}"},"query-input":{"@type":"PropertyValueSpecification","valueRequired":true,"valueName":"search_term_string"}}],"inLanguage":"hu"},{"@type":"Organization","@id":"https:\/\/dorogimedence.hu\/#organization","name":"Dorogi-medence Region\u00e1lis H\u00edrport\u00e1l","url":"https:\/\/dorogimedence.hu\/","logo":{"@type":"ImageObject","inLanguage":"hu","@id":"https:\/\/dorogimedence.hu\/#\/schema\/logo\/image\/","url":"https:\/\/dorogimedence.hu\/wp-content\/uploads\/2021\/04\/logo-feher-600.png","contentUrl":"https:\/\/dorogimedence.hu\/wp-content\/uploads\/2021\/04\/logo-feher-600.png","width":600,"height":100,"caption":"Dorogi-medence Region\u00e1lis H\u00edrport\u00e1l"},"image":{"@id":"https:\/\/dorogimedence.hu\/#\/schema\/logo\/image\/"},"sameAs":["https:\/\/www.facebook.com\/dorogimedence\/"]},{"@type":"Person","@id":"https:\/\/dorogimedence.hu\/#\/schema\/person\/ce6091eeb7e95ecdc87890d6aa8e0fd4","name":"dorogimedence.hu","image":{"@type":"ImageObject","inLanguage":"hu","@id":"\/\/www.gravatar.com\/avatar\/d8d45f8901aadff40a4af72c0b826f1d?s=96&#038;r=g&#038;d=mm","url":"\/\/www.gravatar.com\/avatar\/d8d45f8901aadff40a4af72c0b826f1d?s=96&#038;r=g&#038;d=mm","contentUrl":"\/\/www.gravatar.com\/avatar\/d8d45f8901aadff40a4af72c0b826f1d?s=96&#038;r=g&#038;d=mm","caption":"dorogimedence.hu"}}]}},"_links":{"self":[{"href":"https:\/\/dorogimedence.hu\/index.php\/wp-json\/wp\/v2\/posts\/68959","targetHints":{"allow":["GET"]}}],"collection":[{"href":"https:\/\/dorogimedence.hu\/index.php\/wp-json\/wp\/v2\/posts"}],"about":[{"href":"https:\/\/dorogimedence.hu\/index.php\/wp-json\/wp\/v2\/types\/post"}],"author":[{"embeddable":true,"href":"https:\/\/dorogimedence.hu\/index.php\/wp-json\/wp\/v2\/users\/1"}],"replies":[{"embeddable":true,"href":"https:\/\/dorogimedence.hu\/index.php\/wp-json\/wp\/v2\/comments?post=68959"}],"version-history":[{"count":0,"href":"https:\/\/dorogimedence.hu\/index.php\/wp-json\/wp\/v2\/posts\/68959\/revisions"}],"wp:attachment":[{"href":"https:\/\/dorogimedence.hu\/index.php\/wp-json\/wp\/v2\/media?parent=68959"}],"wp:term":[{"taxonomy":"category","embeddable":true,"href":"https:\/\/dorogimedence.hu\/index.php\/wp-json\/wp\/v2\/categories?post=68959"},{"taxonomy":"post_tag","embeddable":true,"href":"https:\/\/dorogimedence.hu\/index.php\/wp-json\/wp\/v2\/tags?post=68959"}],"curies":[{"name":"wp","href":"https:\/\/api.w.org\/{rel}","templated":true}]}}