{"id":6894,"date":"2017-11-20T07:02:17","date_gmt":"2017-11-20T06:02:17","guid":{"rendered":"http:\/\/dorogimedence.hu\/?p=6894"},"modified":"2017-11-20T07:02:17","modified_gmt":"2017-11-20T06:02:17","slug":"konyvtar-lehet-a-regi-balassa-iskolabol","status":"publish","type":"post","link":"https:\/\/dorogimedence.hu\/index.php\/2017\/11\/20\/konyvtar-lehet-a-regi-balassa-iskolabol\/","title":{"rendered":"K\u00f6nyvt\u00e1r lehet a r\u00e9gi Balassa iskol\u00e1b\u00f3l"},"content":{"rendered":"<p><strong>Az esztergomi V\u00e1rosi K\u00f6nyvt\u00e1r v\u00e9gleges otthon\u00e1val kapcsolatban a k\u00e9pvisel\u0151k \u00e9s a tervtan\u00e1cs tagjai bevon\u00e1s\u00e1val egy szakmai \u00e9rtekezleten egyeztettek november 10-\u00e9n a V\u00e1rosh\u00e1za nagyterm\u00e9ben.<\/strong><\/p>\n<p>Romanek Etelka polg\u00e1rmester asszony h\u00edvta \u00f6ssze az egyeztet\u0151 f\u00f3rumot, hogy a m\u00e1rciusi test\u00fcleti d\u00f6nt\u00e9s \u00f3ta t\u00f6rt\u00e9nt fejlem\u00e9nyek ismertet\u00e9sre ker\u00fcljenek a volt Balassa-iskola \u00e9p\u00fclet\u00e9vel kapcsolatosan. Dr. Endre Szabolcs jegyz\u0151 elmondta, hogy a szakv\u00e9lem\u00e9ny szerint az \u00e9p\u00fclet statikailag \u00e1talak\u00edthat\u00f3. Az \u00f6r\u00f6ks\u00e9gv\u00e9delmi hat\u00f3s\u00e1g megkeres\u00e9se \u00e9s a sz\u00fcks\u00e9ges egyeztet\u00e9sek lefolytat\u00e1sa t\u00f6rt\u00e9nik meg a k\u00f6vetkez\u0151 id\u0151szakban.<\/p>\n<p>Romanek Etelka polg\u00e1rmester asszony r\u00e1mutatott, hogy a volt Balassa iskola \u00e9p\u00fclet\u00e9t tartja a legink\u00e1bb m\u00e9lt\u00f3nak az \u00faj k\u00f6nyvt\u00e1r sz\u00e1m\u00e1ra.<\/p>\n<p>Hangs\u00falyozta, hogy az 5 \u00e9ves \u00f6nkorm\u00e1nyzati ciklus v\u00e9g\u00e9ig kiz\u00e1r\u00f3lag ebben a Szent Istv\u00e1n t\u00e9ri \u00e9p\u00fcletben tudna megval\u00f3sulni a Helischer J\u00f3zsef V\u00e1rosi K\u00f6nyvt\u00e1r a f\u0151\u00e9p\u00edt\u00e9szi kabinet \u00e1ltal felv\u00e1zolt lehets\u00e9ges alternat\u00edv\u00e1k k\u00f6z\u00fcl.<\/p>\n<p>A v\u00e1ros k\u00f6nyvt\u00e1r\u00e1nak k\u00e1lv\u00e1ri\u00e1ja imm\u00e1r harmadik \u00f6nkorm\u00e1nyzati ciklus \u00f3ta tart. A jelenleg a Dob\u00f3 Katalin Gimn\u00e1ziumban m\u0171k\u00f6d\u0151 int\u00e9zm\u00e9ny sok szempontb\u00f3l nem kiel\u00e9g\u00edt\u0151 k\u00f6r\u00fclm\u00e9nyek k\u00f6z\u00f6tt v\u00e1rja az olvas\u00f3kat.<\/p>\n<p>Az int\u00e9zm\u00e9ny ugyanakkor mindent megtesz az\u00e9rt, hogy a neh\u00e9zs\u00e9gek \u00e9s fizikai korl\u00e1tok ellen\u00e9re az esztergomi k\u00f6nyvt\u00e1r tov\u00e1bbra is fontos szellemi centrum lehessen a v\u00e1rosban.<\/p>\n<p>A k\u00f6nyvt\u00e1r leend\u0151 \u00e9p\u00fclet\u00e9nek tavaszi kijel\u00f6l\u00e9se \u00f3ta felmer\u00fclt \u00fajabb helysz\u00ednekkel kapcsolatban elhangzott az \u00e9rtekezleten, hogy sem az idegen tulajdon\u00fa T\u00f6k-h\u00e1zban, sem a vegyes tulajdoni szerkezet\u0171 B\u00e1stya-\u00e1ruh\u00e1zban vagy a kor\u00e1bbi szem\u00fcvegkeret-gy\u00e1rban nem lehets\u00e9ges a ciklus v\u00e9g\u00e9ig kialak\u00edtani a k\u00f6nyvt\u00e1rat.<\/p>\n<p>A tov\u00e1bbi sz\u00f3ba j\u00f6het\u0151 \u00e9p\u00fcletek k\u00f6z\u00fcl a D\u00e9li kanonoksor hasznos\u00edt\u00e1s\u00e1t pedig ink\u00e1bb kultur\u00e1lis, szellemi k\u00f6zpontk\u00e9nt tervezik az \u00e9p\u00fclet \u00f3ri\u00e1si ter\u00fcleti kapacit\u00e1sai miatt.<\/p>\n<p>A tavaszi test\u00fcleti d\u00f6nt\u00e9st k\u00f6vet\u0151en elk\u00e9sz\u00edtett \u00e9p\u00edt\u00e9szeti, statikai szakv\u00e9lem\u00e9ny szerint a Balassa iskol\u00e1ban f\u00f6d\u00e9mcser\u00e9re, \u00e9p\u00fcletb\u0151v\u00edt\u00e9sre, liftbe\u00e9p\u00edt\u00e9sre, m\u0171eml\u00e9kv\u00e9delmi meg\u00f3v\u00e1sra is figyelemmel kell majd lenni, de ez m\u00e1s helysz\u00edneken is alapk\u00f6vetelm\u00e9ny lehet.<\/p>\n<p>Sz\u00fcks\u00e9ges teh\u00e1t, hogy a m\u0171eml\u00e9kv\u00e9delmi hat\u00f3s\u00e1gokkal is folyamatosan egyeztessenek, hiszen mind a sz\u00fcks\u00e9ges \u00e1talak\u00edt\u00e1sok, mind a hat\u00e1lyos m\u0171eml\u00e9kv\u00e9delmi el\u0151\u00edr\u00e1sok behat\u00e1rolj\u00e1k a lehets\u00e9ges helysz\u00ednk\u00e9nt felmer\u00fclt \u00e9p\u00fcletbe telep\u00edthet\u0151 funkci\u00f3kat. A fel\u00faj\u00edt\u00e1s \u00e9s \u00e1talak\u00edt\u00e1s k\u00f6lts\u00e9geit jelent\u0151s m\u00e9rt\u00e9kben meghat\u00e1rozz\u00e1k a fenti szempontok majd.<\/p>\n<p>Romanek Etelka a munka\u00e9rtekezleten felk\u00e9rte a hivatal munkat\u00e1rsait, hogy az \u00f6r\u00f6ks\u00e9gv\u00e9delmi hivatallal v\u00e9gezz\u00e9k el az egyeztet\u00e9st \u00e9s szerezze be a v\u00e1ros az \u00fajabb szakv\u00e9lem\u00e9nyt. A polg\u00e1rmester asszony hangs\u00falyozta, hogy v\u00e1rosrendez\u00e9si szempontok szerint a lehet\u0151 legjobb v\u00e1laszt\u00e1s a Szent Istv\u00e1n t\u00e9ren tal\u00e1lhat\u00f3 volt Balassa iskola \u00e9p\u00fclete az \u00faj k\u00f6nyvt\u00e1r sz\u00e1m\u00e1ra. Az \u00e9p\u00fclet gy\u00f6ny\u00f6r\u0171 kil\u00e1t\u00e1st ny\u00fajt\u00f3 udvar\u00e1t p\u00e9ld\u00e1ul k\u00f6z\u00f6ss\u00e9gi helysz\u00ednk\u00e9nt fogj\u00e1k tudni hasznos\u00edtani a Bazilika k\u00f6zel\u00e9ben.<\/p>\n<p>A szakszer\u0171, ig\u00e9nyes, az \u00faj funkci\u00f3knak mindenben megfelel\u0151 fel\u00faj\u00edt\u00e1sa ut\u00e1n olyan inform\u00e1ci\u00f3s \u00e9s kultur\u00e1lis k\u00f6zpontt\u00e1 v\u00e1lik a V\u00e1rosi K\u00f6nyvt\u00e1r, ahova \u00e9rdemes lesz ell\u00e1togatni a v\u00e1ros b\u00e1rmely szeglet\u00e9b\u0151l.<\/p>\n<p>Az ideiglenesen a Dob\u00f3 Katalin Gimn\u00e1ziumban helyet kap\u00f3 esztergomi k\u00f6nyvt\u00e1r leend\u0151 helysz\u00edn\u00e9t V\u00e1rady Eszter k\u00f6nyvt\u00e1r igazgat\u00f3 asszony is t\u00e1mogatja. M\u00e1r kor\u00e1bban \u00edgy nyilatkozott a Szent Istv\u00e1n t\u00e9ri volt pr\u00e9posti palot\u00e1r\u00f3l:<\/p>\n<p>\u201eAz \u00e9p\u00fclet gy\u00f6ny\u00f6r\u0171 \u00e9s enn\u00e9l szebb helyen m\u00e1r nem is lehetne, ott, a Bazilika \u00e1rny\u00e9k\u00e1ban. T\u00e1gas, z\u00e1rt bels\u0151 udvara lehet\u0151v\u00e9 tesz szabadt\u00e9ri foglalkoz\u00e1sokat, rendezv\u00e9nyeket ak\u00e1r gyerekeknek, ak\u00e1r feln\u0151tteknek. Az \u00e9p\u00fclet helyi adotts\u00e1gai r\u00e9v\u00e9n a turist\u00e1k l\u00e1t\u00f3k\u00f6r\u00e9be is ker\u00fcl, ily m\u00f3don lehet\u0151s\u00e9get ny\u00fajt egy bizonyos fajta &#8216;\u00e1rukapcsol\u00e1sra&#8217; az idegenforgalommal; a k\u00f6nyvt\u00e1r mint inform\u00e1ci\u00f3s \u00e9s kultur\u00e1lis k\u00f6zpont a naprak\u00e9sz h\u00edrekkel, inform\u00e1ci\u00f3kkal, internet haszn\u00e1lattal, zenehallgat\u00e1si, \u00fajs\u00e1golvas\u00e1si lehet\u0151s\u00e9ggel\u2026 A k\u00f6zelben van a Balassa B\u00e1lint Szakk\u00f6z\u00e9piskola \u00e9s Szakiskola \u00e9s a P\u00e1zm\u00e1ny P\u00e9ter Katolikus Egyetem B\u00f6lcs\u00e9szet- \u00e9s T\u00e1rsadalomtudom\u00e1nyi Kara, valamint t\u00e1vols\u00e1gi \u00e9s helyi buszmeg\u00e1ll\u00f3k.\u201d<\/p>\n<p>Esztergom v\u00e1rosa az elm\u00falt 10 \u00e9vben nem tudta megoldani a k\u00f6nyvt\u00e1r \u00fcgyet, viszont a jelenlegi d\u00f6nt\u00e9shoz\u00f3knak elt\u00f6k\u00e9lt sz\u00e1nd\u00e9ka az, hogy az enged\u00e9lyeztet\u00e9si elj\u00e1r\u00e1sok ut\u00e1n szakszer\u0171 fel\u00faj\u00edt\u00e1sokkal v\u00e9gleges otthont \u00e9p\u00edtsenek az int\u00e9zm\u00e9nynek.<\/p>\n<p>A statikai, illetve m\u0171eml\u00e9k- \u00e9s \u00f6r\u00f6ks\u00e9gv\u00e9delmi szempontok \u00f6sszeegyeztet\u00e9s\u00e9t az \u00faj funkci\u00f3kkal teh\u00e1t a hivatali szakappar\u00e1tus folyamatosan v\u00e9gzi az illet\u00e9kes szervekkel.<\/p>\n<p><strong><em>Egy\u00e9bk\u00e9nt m\u00e1r <a href=\"https:\/\/dorogimedence.hu\/index.php\/2017\/03\/28\/uj-helyet-kap-az-esztergomi-konyvtar\/\" target=\"_blank\" rel=\"noopener\"><span style=\"text-decoration: underline; color: #0000ff;\">m\u00e1rciusban is \u00edrtunk<\/span><\/a> azzal kapcsolatban, hogy a r\u00e9gi Balassa \u00e9p\u00fclet\u00e9be k\u00f6lt\u00f6zik a k\u00f6nyvt\u00e1r.<\/em><\/strong><\/p>\n<p><em>Forr\u00e1s: esztergom.hu<\/em><\/p>\n","protected":false},"excerpt":{"rendered":"<p>Az esztergomi V\u00e1rosi K\u00f6nyvt\u00e1r v\u00e9gleges otthon\u00e1val kapcsolatban a k\u00e9pvisel\u0151k \u00e9s a tervtan\u00e1cs tagjai bevon\u00e1s\u00e1val egy szakmai \u00e9rtekezleten egyeztettek november 10-\u00e9n a V\u00e1rosh\u00e1za nagyterm\u00e9ben. Romanek Etelka polg\u00e1rmester asszony h\u00edvta \u00f6ssze az egyeztet\u0151 f\u00f3rumot, hogy a m\u00e1rciusi test\u00fcleti d\u00f6nt\u00e9s \u00f3ta t\u00f6rt\u00e9nt fejlem\u00e9nyek ismertet\u00e9sre ker\u00fcljenek a volt Balassa-iskola \u00e9p\u00fclet\u00e9vel kapcsolatosan. Dr. Endre Szabolcs jegyz\u0151 elmondta, hogy a szakv\u00e9lem\u00e9ny<\/p>\n","protected":false},"author":1,"featured_media":1873,"comment_status":"closed","ping_status":"closed","sticky":false,"template":"","format":"standard","meta":{"ngg_post_thumbnail":0,"footnotes":""},"categories":[38,3],"tags":[1678,42,144],"class_list":{"0":"post-6894","1":"post","2":"type-post","3":"status-publish","4":"format-standard","5":"has-post-thumbnail","7":"category-esztergom","8":"category-hirek","9":"tag-balassa-balint-gimnazium","10":"tag-esztergom","11":"tag-konyvtar"},"yoast_head":"<!-- This site is optimized with the Yoast SEO plugin v27.5 - https:\/\/yoast.com\/product\/yoast-seo-wordpress\/ -->\n<title>K\u00f6nyvt\u00e1r lehet a r\u00e9gi Balassa iskol\u00e1b\u00f3l<\/title>\n<meta name=\"robots\" content=\"index, follow, max-snippet:-1, max-image-preview:large, max-video-preview:-1\" \/>\n<link rel=\"canonical\" href=\"https:\/\/dorogimedence.hu\/index.php\/2017\/11\/20\/konyvtar-lehet-a-regi-balassa-iskolabol\/\" class=\"yoast-seo-meta-tag\" \/>\n<meta property=\"og:locale\" content=\"hu_HU\" class=\"yoast-seo-meta-tag\" \/>\n<meta property=\"og:type\" content=\"article\" class=\"yoast-seo-meta-tag\" \/>\n<meta property=\"og:title\" content=\"K\u00f6nyvt\u00e1r lehet a r\u00e9gi Balassa iskol\u00e1b\u00f3l\" class=\"yoast-seo-meta-tag\" \/>\n<meta property=\"og:description\" content=\"Az esztergomi V\u00e1rosi K\u00f6nyvt\u00e1r v\u00e9gleges otthon\u00e1val kapcsolatban a k\u00e9pvisel\u0151k \u00e9s a tervtan\u00e1cs tagjai bevon\u00e1s\u00e1val egy szakmai \u00e9rtekezleten egyeztettek november 10-\u00e9n a V\u00e1rosh\u00e1za nagyterm\u00e9ben. Romanek Etelka polg\u00e1rmester asszony h\u00edvta \u00f6ssze az egyeztet\u0151 f\u00f3rumot, hogy a m\u00e1rciusi test\u00fcleti d\u00f6nt\u00e9s \u00f3ta t\u00f6rt\u00e9nt fejlem\u00e9nyek ismertet\u00e9sre ker\u00fcljenek a volt Balassa-iskola \u00e9p\u00fclet\u00e9vel kapcsolatosan. Dr. Endre Szabolcs jegyz\u0151 elmondta, hogy a szakv\u00e9lem\u00e9ny\" class=\"yoast-seo-meta-tag\" \/>\n<meta property=\"og:url\" content=\"https:\/\/dorogimedence.hu\/index.php\/2017\/11\/20\/konyvtar-lehet-a-regi-balassa-iskolabol\/\" class=\"yoast-seo-meta-tag\" \/>\n<meta property=\"og:site_name\" content=\"Dorogi-medence Region\u00e1lis H\u00edrport\u00e1l\" class=\"yoast-seo-meta-tag\" \/>\n<meta property=\"article:publisher\" content=\"https:\/\/www.facebook.com\/dorogimedence\/\" class=\"yoast-seo-meta-tag\" \/>\n<meta property=\"article:published_time\" content=\"2017-11-20T06:02:17+00:00\" class=\"yoast-seo-meta-tag\" \/>\n<meta property=\"og:image\" content=\"https:\/\/i0.wp.com\/dorogimedence.hu\/wp-content\/uploads\/2017\/03\/esztergom-konyvtar-03.jpg?fit=670%2C365&ssl=1\" class=\"yoast-seo-meta-tag\" \/>\n\t<meta property=\"og:image:width\" content=\"670\" class=\"yoast-seo-meta-tag\" \/>\n\t<meta property=\"og:image:height\" content=\"365\" class=\"yoast-seo-meta-tag\" \/>\n\t<meta property=\"og:image:type\" content=\"image\/jpeg\" class=\"yoast-seo-meta-tag\" \/>\n<meta name=\"author\" content=\"dorogimedence.hu\" class=\"yoast-seo-meta-tag\" \/>\n<meta name=\"twitter:card\" content=\"summary_large_image\" class=\"yoast-seo-meta-tag\" \/>\n<meta name=\"twitter:label1\" content=\"Szerz\u0151:\" class=\"yoast-seo-meta-tag\" \/>\n\t<meta name=\"twitter:data1\" content=\"dorogimedence.hu\" class=\"yoast-seo-meta-tag\" \/>\n\t<meta name=\"twitter:label2\" content=\"Becs\u00fclt olvas\u00e1si id\u0151\" class=\"yoast-seo-meta-tag\" \/>\n\t<meta name=\"twitter:data2\" content=\"5 perc\" class=\"yoast-seo-meta-tag\" \/>\n<script type=\"application\/ld+json\" class=\"yoast-schema-graph\">{\"@context\":\"https:\\\/\\\/schema.org\",\"@graph\":[{\"@type\":\"Article\",\"@id\":\"https:\\\/\\\/dorogimedence.hu\\\/index.php\\\/2017\\\/11\\\/20\\\/konyvtar-lehet-a-regi-balassa-iskolabol\\\/#article\",\"isPartOf\":{\"@id\":\"https:\\\/\\\/dorogimedence.hu\\\/index.php\\\/2017\\\/11\\\/20\\\/konyvtar-lehet-a-regi-balassa-iskolabol\\\/\"},\"author\":{\"name\":\"dorogimedence.hu\",\"@id\":\"https:\\\/\\\/dorogimedence.hu\\\/#\\\/schema\\\/person\\\/ce6091eeb7e95ecdc87890d6aa8e0fd4\"},\"headline\":\"K\u00f6nyvt\u00e1r lehet a r\u00e9gi Balassa iskol\u00e1b\u00f3l\",\"datePublished\":\"2017-11-20T06:02:17+00:00\",\"mainEntityOfPage\":{\"@id\":\"https:\\\/\\\/dorogimedence.hu\\\/index.php\\\/2017\\\/11\\\/20\\\/konyvtar-lehet-a-regi-balassa-iskolabol\\\/\"},\"wordCount\":1003,\"publisher\":{\"@id\":\"https:\\\/\\\/dorogimedence.hu\\\/#organization\"},\"image\":{\"@id\":\"https:\\\/\\\/dorogimedence.hu\\\/index.php\\\/2017\\\/11\\\/20\\\/konyvtar-lehet-a-regi-balassa-iskolabol\\\/#primaryimage\"},\"thumbnailUrl\":\"https:\\\/\\\/dorogimedence.hu\\\/wp-content\\\/uploads\\\/2017\\\/03\\\/esztergom-konyvtar-03.jpg\",\"keywords\":[\"Balassa B\u00e1lint Gimn\u00e1zium\",\"esztergom\",\"k\u00f6nyvt\u00e1r\"],\"articleSection\":[\"Esztergom\",\"H\u00edrek\"],\"inLanguage\":\"hu\"},{\"@type\":\"WebPage\",\"@id\":\"https:\\\/\\\/dorogimedence.hu\\\/index.php\\\/2017\\\/11\\\/20\\\/konyvtar-lehet-a-regi-balassa-iskolabol\\\/\",\"url\":\"https:\\\/\\\/dorogimedence.hu\\\/index.php\\\/2017\\\/11\\\/20\\\/konyvtar-lehet-a-regi-balassa-iskolabol\\\/\",\"name\":\"K\u00f6nyvt\u00e1r lehet a r\u00e9gi Balassa iskol\u00e1b\u00f3l\",\"isPartOf\":{\"@id\":\"https:\\\/\\\/dorogimedence.hu\\\/#website\"},\"primaryImageOfPage\":{\"@id\":\"https:\\\/\\\/dorogimedence.hu\\\/index.php\\\/2017\\\/11\\\/20\\\/konyvtar-lehet-a-regi-balassa-iskolabol\\\/#primaryimage\"},\"image\":{\"@id\":\"https:\\\/\\\/dorogimedence.hu\\\/index.php\\\/2017\\\/11\\\/20\\\/konyvtar-lehet-a-regi-balassa-iskolabol\\\/#primaryimage\"},\"thumbnailUrl\":\"https:\\\/\\\/dorogimedence.hu\\\/wp-content\\\/uploads\\\/2017\\\/03\\\/esztergom-konyvtar-03.jpg\",\"datePublished\":\"2017-11-20T06:02:17+00:00\",\"breadcrumb\":{\"@id\":\"https:\\\/\\\/dorogimedence.hu\\\/index.php\\\/2017\\\/11\\\/20\\\/konyvtar-lehet-a-regi-balassa-iskolabol\\\/#breadcrumb\"},\"inLanguage\":\"hu\",\"potentialAction\":[{\"@type\":\"ReadAction\",\"target\":[\"https:\\\/\\\/dorogimedence.hu\\\/index.php\\\/2017\\\/11\\\/20\\\/konyvtar-lehet-a-regi-balassa-iskolabol\\\/\"]}]},{\"@type\":\"ImageObject\",\"inLanguage\":\"hu\",\"@id\":\"https:\\\/\\\/dorogimedence.hu\\\/index.php\\\/2017\\\/11\\\/20\\\/konyvtar-lehet-a-regi-balassa-iskolabol\\\/#primaryimage\",\"url\":\"https:\\\/\\\/dorogimedence.hu\\\/wp-content\\\/uploads\\\/2017\\\/03\\\/esztergom-konyvtar-03.jpg\",\"contentUrl\":\"https:\\\/\\\/dorogimedence.hu\\\/wp-content\\\/uploads\\\/2017\\\/03\\\/esztergom-konyvtar-03.jpg\",\"width\":670,\"height\":365},{\"@type\":\"BreadcrumbList\",\"@id\":\"https:\\\/\\\/dorogimedence.hu\\\/index.php\\\/2017\\\/11\\\/20\\\/konyvtar-lehet-a-regi-balassa-iskolabol\\\/#breadcrumb\",\"itemListElement\":[{\"@type\":\"ListItem\",\"position\":1,\"name\":\"Kezd\u0151lap\",\"item\":\"https:\\\/\\\/dorogimedence.hu\\\/\"},{\"@type\":\"ListItem\",\"position\":2,\"name\":\"K\u00f6nyvt\u00e1r lehet a r\u00e9gi Balassa iskol\u00e1b\u00f3l\"}]},{\"@type\":\"WebSite\",\"@id\":\"https:\\\/\\\/dorogimedence.hu\\\/#website\",\"url\":\"https:\\\/\\\/dorogimedence.hu\\\/\",\"name\":\"Dorogi-medence Region\u00e1lis H\u00edrport\u00e1l\",\"description\":\"Dorog, Keszt\u00f6lc, Le\u00e1nyv\u00e1r, Piliscs\u00e9v, Tokod, Tokodalt\u00e1r\u00f3, Csolnok, Esztergom-kertv\u00e1ros: h\u00edrek, programok\",\"publisher\":{\"@id\":\"https:\\\/\\\/dorogimedence.hu\\\/#organization\"},\"potentialAction\":[{\"@type\":\"SearchAction\",\"target\":{\"@type\":\"EntryPoint\",\"urlTemplate\":\"https:\\\/\\\/dorogimedence.hu\\\/?s={search_term_string}\"},\"query-input\":{\"@type\":\"PropertyValueSpecification\",\"valueRequired\":true,\"valueName\":\"search_term_string\"}}],\"inLanguage\":\"hu\"},{\"@type\":\"Organization\",\"@id\":\"https:\\\/\\\/dorogimedence.hu\\\/#organization\",\"name\":\"Dorogi-medence Region\u00e1lis H\u00edrport\u00e1l\",\"url\":\"https:\\\/\\\/dorogimedence.hu\\\/\",\"logo\":{\"@type\":\"ImageObject\",\"inLanguage\":\"hu\",\"@id\":\"https:\\\/\\\/dorogimedence.hu\\\/#\\\/schema\\\/logo\\\/image\\\/\",\"url\":\"https:\\\/\\\/dorogimedence.hu\\\/wp-content\\\/uploads\\\/2021\\\/04\\\/logo-feher-600.png\",\"contentUrl\":\"https:\\\/\\\/dorogimedence.hu\\\/wp-content\\\/uploads\\\/2021\\\/04\\\/logo-feher-600.png\",\"width\":600,\"height\":100,\"caption\":\"Dorogi-medence Region\u00e1lis H\u00edrport\u00e1l\"},\"image\":{\"@id\":\"https:\\\/\\\/dorogimedence.hu\\\/#\\\/schema\\\/logo\\\/image\\\/\"},\"sameAs\":[\"https:\\\/\\\/www.facebook.com\\\/dorogimedence\\\/\"]},{\"@type\":\"Person\",\"@id\":\"https:\\\/\\\/dorogimedence.hu\\\/#\\\/schema\\\/person\\\/ce6091eeb7e95ecdc87890d6aa8e0fd4\",\"name\":\"dorogimedence.hu\",\"image\":{\"@type\":\"ImageObject\",\"inLanguage\":\"hu\",\"@id\":\"\\\/\\\/www.gravatar.com\\\/avatar\\\/d8d45f8901aadff40a4af72c0b826f1d?s=96&#038;r=g&#038;d=mm\",\"url\":\"\\\/\\\/www.gravatar.com\\\/avatar\\\/d8d45f8901aadff40a4af72c0b826f1d?s=96&#038;r=g&#038;d=mm\",\"contentUrl\":\"\\\/\\\/www.gravatar.com\\\/avatar\\\/d8d45f8901aadff40a4af72c0b826f1d?s=96&#038;r=g&#038;d=mm\",\"caption\":\"dorogimedence.hu\"}}]}<\/script>\n<!-- \/ Yoast SEO plugin. -->","yoast_head_json":{"title":"K\u00f6nyvt\u00e1r lehet a r\u00e9gi Balassa iskol\u00e1b\u00f3l","robots":{"index":"index","follow":"follow","max-snippet":"max-snippet:-1","max-image-preview":"max-image-preview:large","max-video-preview":"max-video-preview:-1"},"canonical":"https:\/\/dorogimedence.hu\/index.php\/2017\/11\/20\/konyvtar-lehet-a-regi-balassa-iskolabol\/","og_locale":"hu_HU","og_type":"article","og_title":"K\u00f6nyvt\u00e1r lehet a r\u00e9gi Balassa iskol\u00e1b\u00f3l","og_description":"Az esztergomi V\u00e1rosi K\u00f6nyvt\u00e1r v\u00e9gleges otthon\u00e1val kapcsolatban a k\u00e9pvisel\u0151k \u00e9s a tervtan\u00e1cs tagjai bevon\u00e1s\u00e1val egy szakmai \u00e9rtekezleten egyeztettek november 10-\u00e9n a V\u00e1rosh\u00e1za nagyterm\u00e9ben. Romanek Etelka polg\u00e1rmester asszony h\u00edvta \u00f6ssze az egyeztet\u0151 f\u00f3rumot, hogy a m\u00e1rciusi test\u00fcleti d\u00f6nt\u00e9s \u00f3ta t\u00f6rt\u00e9nt fejlem\u00e9nyek ismertet\u00e9sre ker\u00fcljenek a volt Balassa-iskola \u00e9p\u00fclet\u00e9vel kapcsolatosan. Dr. Endre Szabolcs jegyz\u0151 elmondta, hogy a szakv\u00e9lem\u00e9ny","og_url":"https:\/\/dorogimedence.hu\/index.php\/2017\/11\/20\/konyvtar-lehet-a-regi-balassa-iskolabol\/","og_site_name":"Dorogi-medence Region\u00e1lis H\u00edrport\u00e1l","article_publisher":"https:\/\/www.facebook.com\/dorogimedence\/","article_published_time":"2017-11-20T06:02:17+00:00","og_image":[{"width":670,"height":365,"url":"https:\/\/i0.wp.com\/dorogimedence.hu\/wp-content\/uploads\/2017\/03\/esztergom-konyvtar-03.jpg?fit=670%2C365&ssl=1","type":"image\/jpeg"}],"author":"dorogimedence.hu","twitter_card":"summary_large_image","twitter_misc":{"Szerz\u0151:":"dorogimedence.hu","Becs\u00fclt olvas\u00e1si id\u0151":"5 perc"},"schema":{"@context":"https:\/\/schema.org","@graph":[{"@type":"Article","@id":"https:\/\/dorogimedence.hu\/index.php\/2017\/11\/20\/konyvtar-lehet-a-regi-balassa-iskolabol\/#article","isPartOf":{"@id":"https:\/\/dorogimedence.hu\/index.php\/2017\/11\/20\/konyvtar-lehet-a-regi-balassa-iskolabol\/"},"author":{"name":"dorogimedence.hu","@id":"https:\/\/dorogimedence.hu\/#\/schema\/person\/ce6091eeb7e95ecdc87890d6aa8e0fd4"},"headline":"K\u00f6nyvt\u00e1r lehet a r\u00e9gi Balassa iskol\u00e1b\u00f3l","datePublished":"2017-11-20T06:02:17+00:00","mainEntityOfPage":{"@id":"https:\/\/dorogimedence.hu\/index.php\/2017\/11\/20\/konyvtar-lehet-a-regi-balassa-iskolabol\/"},"wordCount":1003,"publisher":{"@id":"https:\/\/dorogimedence.hu\/#organization"},"image":{"@id":"https:\/\/dorogimedence.hu\/index.php\/2017\/11\/20\/konyvtar-lehet-a-regi-balassa-iskolabol\/#primaryimage"},"thumbnailUrl":"https:\/\/dorogimedence.hu\/wp-content\/uploads\/2017\/03\/esztergom-konyvtar-03.jpg","keywords":["Balassa B\u00e1lint Gimn\u00e1zium","esztergom","k\u00f6nyvt\u00e1r"],"articleSection":["Esztergom","H\u00edrek"],"inLanguage":"hu"},{"@type":"WebPage","@id":"https:\/\/dorogimedence.hu\/index.php\/2017\/11\/20\/konyvtar-lehet-a-regi-balassa-iskolabol\/","url":"https:\/\/dorogimedence.hu\/index.php\/2017\/11\/20\/konyvtar-lehet-a-regi-balassa-iskolabol\/","name":"K\u00f6nyvt\u00e1r lehet a r\u00e9gi Balassa iskol\u00e1b\u00f3l","isPartOf":{"@id":"https:\/\/dorogimedence.hu\/#website"},"primaryImageOfPage":{"@id":"https:\/\/dorogimedence.hu\/index.php\/2017\/11\/20\/konyvtar-lehet-a-regi-balassa-iskolabol\/#primaryimage"},"image":{"@id":"https:\/\/dorogimedence.hu\/index.php\/2017\/11\/20\/konyvtar-lehet-a-regi-balassa-iskolabol\/#primaryimage"},"thumbnailUrl":"https:\/\/dorogimedence.hu\/wp-content\/uploads\/2017\/03\/esztergom-konyvtar-03.jpg","datePublished":"2017-11-20T06:02:17+00:00","breadcrumb":{"@id":"https:\/\/dorogimedence.hu\/index.php\/2017\/11\/20\/konyvtar-lehet-a-regi-balassa-iskolabol\/#breadcrumb"},"inLanguage":"hu","potentialAction":[{"@type":"ReadAction","target":["https:\/\/dorogimedence.hu\/index.php\/2017\/11\/20\/konyvtar-lehet-a-regi-balassa-iskolabol\/"]}]},{"@type":"ImageObject","inLanguage":"hu","@id":"https:\/\/dorogimedence.hu\/index.php\/2017\/11\/20\/konyvtar-lehet-a-regi-balassa-iskolabol\/#primaryimage","url":"https:\/\/dorogimedence.hu\/wp-content\/uploads\/2017\/03\/esztergom-konyvtar-03.jpg","contentUrl":"https:\/\/dorogimedence.hu\/wp-content\/uploads\/2017\/03\/esztergom-konyvtar-03.jpg","width":670,"height":365},{"@type":"BreadcrumbList","@id":"https:\/\/dorogimedence.hu\/index.php\/2017\/11\/20\/konyvtar-lehet-a-regi-balassa-iskolabol\/#breadcrumb","itemListElement":[{"@type":"ListItem","position":1,"name":"Kezd\u0151lap","item":"https:\/\/dorogimedence.hu\/"},{"@type":"ListItem","position":2,"name":"K\u00f6nyvt\u00e1r lehet a r\u00e9gi Balassa iskol\u00e1b\u00f3l"}]},{"@type":"WebSite","@id":"https:\/\/dorogimedence.hu\/#website","url":"https:\/\/dorogimedence.hu\/","name":"Dorogi-medence Region\u00e1lis H\u00edrport\u00e1l","description":"Dorog, Keszt\u00f6lc, Le\u00e1nyv\u00e1r, Piliscs\u00e9v, Tokod, Tokodalt\u00e1r\u00f3, Csolnok, Esztergom-kertv\u00e1ros: h\u00edrek, programok","publisher":{"@id":"https:\/\/dorogimedence.hu\/#organization"},"potentialAction":[{"@type":"SearchAction","target":{"@type":"EntryPoint","urlTemplate":"https:\/\/dorogimedence.hu\/?s={search_term_string}"},"query-input":{"@type":"PropertyValueSpecification","valueRequired":true,"valueName":"search_term_string"}}],"inLanguage":"hu"},{"@type":"Organization","@id":"https:\/\/dorogimedence.hu\/#organization","name":"Dorogi-medence Region\u00e1lis H\u00edrport\u00e1l","url":"https:\/\/dorogimedence.hu\/","logo":{"@type":"ImageObject","inLanguage":"hu","@id":"https:\/\/dorogimedence.hu\/#\/schema\/logo\/image\/","url":"https:\/\/dorogimedence.hu\/wp-content\/uploads\/2021\/04\/logo-feher-600.png","contentUrl":"https:\/\/dorogimedence.hu\/wp-content\/uploads\/2021\/04\/logo-feher-600.png","width":600,"height":100,"caption":"Dorogi-medence Region\u00e1lis H\u00edrport\u00e1l"},"image":{"@id":"https:\/\/dorogimedence.hu\/#\/schema\/logo\/image\/"},"sameAs":["https:\/\/www.facebook.com\/dorogimedence\/"]},{"@type":"Person","@id":"https:\/\/dorogimedence.hu\/#\/schema\/person\/ce6091eeb7e95ecdc87890d6aa8e0fd4","name":"dorogimedence.hu","image":{"@type":"ImageObject","inLanguage":"hu","@id":"\/\/www.gravatar.com\/avatar\/d8d45f8901aadff40a4af72c0b826f1d?s=96&#038;r=g&#038;d=mm","url":"\/\/www.gravatar.com\/avatar\/d8d45f8901aadff40a4af72c0b826f1d?s=96&#038;r=g&#038;d=mm","contentUrl":"\/\/www.gravatar.com\/avatar\/d8d45f8901aadff40a4af72c0b826f1d?s=96&#038;r=g&#038;d=mm","caption":"dorogimedence.hu"}}]}},"_links":{"self":[{"href":"https:\/\/dorogimedence.hu\/index.php\/wp-json\/wp\/v2\/posts\/6894","targetHints":{"allow":["GET"]}}],"collection":[{"href":"https:\/\/dorogimedence.hu\/index.php\/wp-json\/wp\/v2\/posts"}],"about":[{"href":"https:\/\/dorogimedence.hu\/index.php\/wp-json\/wp\/v2\/types\/post"}],"author":[{"embeddable":true,"href":"https:\/\/dorogimedence.hu\/index.php\/wp-json\/wp\/v2\/users\/1"}],"replies":[{"embeddable":true,"href":"https:\/\/dorogimedence.hu\/index.php\/wp-json\/wp\/v2\/comments?post=6894"}],"version-history":[{"count":0,"href":"https:\/\/dorogimedence.hu\/index.php\/wp-json\/wp\/v2\/posts\/6894\/revisions"}],"wp:featuredmedia":[{"embeddable":true,"href":"https:\/\/dorogimedence.hu\/index.php\/wp-json\/wp\/v2\/media\/1873"}],"wp:attachment":[{"href":"https:\/\/dorogimedence.hu\/index.php\/wp-json\/wp\/v2\/media?parent=6894"}],"wp:term":[{"taxonomy":"category","embeddable":true,"href":"https:\/\/dorogimedence.hu\/index.php\/wp-json\/wp\/v2\/categories?post=6894"},{"taxonomy":"post_tag","embeddable":true,"href":"https:\/\/dorogimedence.hu\/index.php\/wp-json\/wp\/v2\/tags?post=6894"}],"curies":[{"name":"wp","href":"https:\/\/api.w.org\/{rel}","templated":true}]}}