{"id":6888,"date":"2017-11-20T06:42:18","date_gmt":"2017-11-20T05:42:18","guid":{"rendered":"http:\/\/dorogimedence.hu\/?p=6888"},"modified":"2017-11-20T06:42:18","modified_gmt":"2017-11-20T05:42:18","slug":"bekescsaban-maradt-a-harom-pont","status":"publish","type":"post","link":"https:\/\/dorogimedence.hu\/index.php\/2017\/11\/20\/bekescsaban-maradt-a-harom-pont\/","title":{"rendered":"B\u00e9k\u00e9scsab\u00e1n maradt a h\u00e1rom pont"},"content":{"rendered":"<p><strong> A Labdar\u00fag\u00f3 NB II. 18. fordul\u00f3j\u00e1ban a B\u00e9k\u00e9scsaba 1912 El\u0151re csapat vend\u00e9ge a Dorogi FC volt november 19-\u00e9n, vas\u00e1rnap 16 \u00f3rakor a b\u00e9k\u00e9scsabai V\u00e1rosi Stadionban.<\/strong><\/p>\n<p><span style=\"color: #ff0000;\"><strong>B\u00c9K\u00c9SCSABA 1912 EL\u0150RE \u2013 DOROGI FC 3\u20131 (2\u20130)<\/strong><\/span><\/p>\n<p><strong>B\u00e9k\u00e9scsaba, 522 <\/strong>n\u00e9z\u0151. <strong>Vezette: <\/strong>Gyarmati II Tibor (Punyi Gyula, M\u00e1rkus P\u00e9ter).<\/p>\n<p><strong>B\u00c9K\u00c9SCSABA: <\/strong>Rib\u00e1nszki \u2013 Dlusztus, Sz\u00e9lp\u00e1l N., M\u00e9sz\u00e1ros M. \u2013 Pil\u00e1n, Nagy I., Birtalan B. (Kir\u00e1ly P., 71.), Viczi\u00e1n \u2013 Gr\u00e1nicz (Urbin, 81.), T\u00f3th D. (Nagy S., 65.), Szatm\u00e1ri I. <strong>Vezet\u0151edz\u0151: <\/strong>Bo\u00e9r G\u00e1bor<br \/>\n<strong>DOROG:<\/strong> Vajda D. \u2013 Szalai A., Csat\u00f3 M., Bora, N\u00e9meth \u00c1. \u2013 Szell\u00e1k (Berk\u00f3, a sz\u00fcnetben), Nagyh\u00e1zi \u2013 Farag\u00f3 (V\u00edgh \u00c1., 62.), Kov\u00e1cs D., Szedl\u00e1r \u2013 Simon A. (Kamar\u00e1s, 81.). <strong>Vezet\u0151edz\u0151: <\/strong>Schindler Szabolcs<br \/>\n<strong>G\u00f3lszerz\u0151:<\/strong> Birtalan B. (1\u20130) a 6., Birtalan B. (2\u20130) a 13., Berk\u00f3 (2\u20131) a 67., Szatm\u00e1ri (3\u20131) a 93. percben<\/p>\n<p><strong>MESTERM\u00c9RLEG<\/strong><br \/>\n<strong>Bo\u00e9r G\u00e1bor: \u2013<\/strong> Nagy sz\u00fcks\u00e9g\u00fcnk volt erre a h\u00e1rom pontra. M\u00e1r az els\u0151 f\u00e9lid\u0151ben lez\u00e1rhattuk volna a m\u00e9rk\u0151z\u00e9st, de a m\u00e1sodik j\u00e1t\u00e9kr\u00e9szben a bekapott g\u00f3l ut\u00e1n elbizonytalanodott a csapat. Az ut\u00f3bbi heteket neh\u00e9z feldolgozni, most viszont j\u00f3l k\u00fczd\u00f6ttek a j\u00e1t\u00e9kosok, csak dics\u00e9rni tudom \u0151ket.<br \/>\n<strong>Schindler Szabolcs: \u2013 <\/strong>Az els\u0151 h\u00fasz percben mintha otthon maradt volna a csapat, s\u0151t, az eg\u00e9sz els\u0151 f\u00e9lid\u0151ben rosszul futballoztunk. Ekkor a B\u00e9k\u00e9scsaba nagy nyom\u00e1s al\u00e1 helyezett benn\u00fcnket. A m\u00e1sodik j\u00e1t\u00e9kr\u00e9szt v\u00e9gigt\u00e1madtuk, fizik\u00e1lisan nagyon rendben volt a csapat, \u00e9s ekkor b\u00edztam abban, hogy egyenl\u00edt\u00fcnk. A v\u00e9g\u00e9n teljesen kit\u00e1madtunk, \u00e9s az egyenl\u00edt\u00e9s helyett az utols\u00f3 pillanatban g\u00f3lt kaptunk, pedig k\u00f6zel \u00e1lltunk a d\u00f6ntetlenhez.<strong><br \/>\n<\/strong><\/p>\n<p>A m\u00e9rk\u0151z\u00e9s v\u00e9g\u00e9n Dorog a Tabella 13. hely\u00e9re ker\u00fclt.<\/p>\n<p><a href=\"http:\/\/www.dorogifc.hu\/hu\/news\/elo_online_kozvetites_-_bekescsaba_1912_elore_-_dorogi_fc\" target=\"_blank\" rel=\"noopener\"><span style=\"text-decoration: underline; color: #0000ff;\"><strong>R\u00e9szletes eredm\u00e9nyek&gt;&gt;<\/strong><\/span><\/a><\/p>\n<p><em>Forr\u00e1s: nemzetisport.hu<\/em><br \/>\n<em>Fot\u00f3: dorogifc.hu (egy kor\u00e1bbi B\u00e9k\u00e9scsaba-Dorog m\u00e9rk\u0151z\u00e9s)<\/em><\/p>\n","protected":false},"excerpt":{"rendered":"<p>A Labdar\u00fag\u00f3 NB II. 18. fordul\u00f3j\u00e1ban a B\u00e9k\u00e9scsaba 1912 El\u0151re csapat vend\u00e9ge a Dorogi FC volt november 19-\u00e9n, vas\u00e1rnap 16 \u00f3rakor a b\u00e9k\u00e9scsabai V\u00e1rosi Stadionban. B\u00c9K\u00c9SCSABA 1912 EL\u0150RE \u2013 DOROGI FC 3\u20131 (2\u20130) B\u00e9k\u00e9scsaba, 522 n\u00e9z\u0151. Vezette: Gyarmati II Tibor (Punyi Gyula, M\u00e1rkus P\u00e9ter). B\u00c9K\u00c9SCSABA: Rib\u00e1nszki \u2013 Dlusztus, Sz\u00e9lp\u00e1l N., M\u00e9sz\u00e1ros M. \u2013 Pil\u00e1n, Nagy<\/p>\n","protected":false},"author":1,"featured_media":6849,"comment_status":"closed","ping_status":"closed","sticky":false,"template":"","format":"standard","meta":{"ngg_post_thumbnail":0,"footnotes":""},"categories":[2,3,5],"tags":[1858,15,37,70,69,72,263,16],"class_list":{"0":"post-6888","1":"post","2":"type-post","3":"status-publish","4":"format-standard","5":"has-post-thumbnail","7":"category-dorog","8":"category-hirek","9":"category-sport","10":"tag-bekescsaba","11":"tag-dorog","12":"tag-dorogi-fc","13":"tag-foci","14":"tag-futball","15":"tag-labdarugas","16":"tag-nb-ii","17":"tag-sport"},"yoast_head":"<!-- This site is optimized with the Yoast SEO plugin v27.5 - https:\/\/yoast.com\/product\/yoast-seo-wordpress\/ -->\n<title>B\u00e9k\u00e9scsab\u00e1n maradt a h\u00e1rom pont<\/title>\n<meta name=\"robots\" content=\"index, follow, max-snippet:-1, max-image-preview:large, max-video-preview:-1\" \/>\n<link rel=\"canonical\" href=\"https:\/\/dorogimedence.hu\/index.php\/2017\/11\/20\/bekescsaban-maradt-a-harom-pont\/\" class=\"yoast-seo-meta-tag\" \/>\n<meta property=\"og:locale\" content=\"hu_HU\" class=\"yoast-seo-meta-tag\" \/>\n<meta property=\"og:type\" content=\"article\" class=\"yoast-seo-meta-tag\" \/>\n<meta property=\"og:title\" content=\"B\u00e9k\u00e9scsab\u00e1n maradt a h\u00e1rom pont\" class=\"yoast-seo-meta-tag\" \/>\n<meta property=\"og:description\" content=\"A Labdar\u00fag\u00f3 NB II. 18. fordul\u00f3j\u00e1ban a B\u00e9k\u00e9scsaba 1912 El\u0151re csapat vend\u00e9ge a Dorogi FC volt november 19-\u00e9n, vas\u00e1rnap 16 \u00f3rakor a b\u00e9k\u00e9scsabai V\u00e1rosi Stadionban. B\u00c9K\u00c9SCSABA 1912 EL\u0150RE \u2013 DOROGI FC 3\u20131 (2\u20130) B\u00e9k\u00e9scsaba, 522 n\u00e9z\u0151. Vezette: Gyarmati II Tibor (Punyi Gyula, M\u00e1rkus P\u00e9ter). B\u00c9K\u00c9SCSABA: Rib\u00e1nszki \u2013 Dlusztus, Sz\u00e9lp\u00e1l N., M\u00e9sz\u00e1ros M. \u2013 Pil\u00e1n, Nagy\" class=\"yoast-seo-meta-tag\" \/>\n<meta property=\"og:url\" content=\"https:\/\/dorogimedence.hu\/index.php\/2017\/11\/20\/bekescsaban-maradt-a-harom-pont\/\" class=\"yoast-seo-meta-tag\" \/>\n<meta property=\"og:site_name\" content=\"Dorogi-medence Region\u00e1lis H\u00edrport\u00e1l\" class=\"yoast-seo-meta-tag\" \/>\n<meta property=\"article:publisher\" content=\"https:\/\/www.facebook.com\/dorogimedence\/\" class=\"yoast-seo-meta-tag\" \/>\n<meta property=\"article:published_time\" content=\"2017-11-20T05:42:18+00:00\" class=\"yoast-seo-meta-tag\" \/>\n<meta property=\"og:image\" content=\"https:\/\/i0.wp.com\/dorogimedence.hu\/wp-content\/uploads\/2017\/11\/bekescsaba-dorog-2.jpg?fit=670%2C365&ssl=1\" class=\"yoast-seo-meta-tag\" \/>\n\t<meta property=\"og:image:width\" content=\"670\" class=\"yoast-seo-meta-tag\" \/>\n\t<meta property=\"og:image:height\" content=\"365\" class=\"yoast-seo-meta-tag\" \/>\n\t<meta property=\"og:image:type\" content=\"image\/jpeg\" class=\"yoast-seo-meta-tag\" \/>\n<meta name=\"author\" content=\"dorogimedence.hu\" class=\"yoast-seo-meta-tag\" \/>\n<meta name=\"twitter:card\" content=\"summary_large_image\" class=\"yoast-seo-meta-tag\" \/>\n<meta name=\"twitter:label1\" content=\"Szerz\u0151:\" class=\"yoast-seo-meta-tag\" \/>\n\t<meta name=\"twitter:data1\" content=\"dorogimedence.hu\" class=\"yoast-seo-meta-tag\" \/>\n\t<meta name=\"twitter:label2\" content=\"Becs\u00fclt olvas\u00e1si id\u0151\" class=\"yoast-seo-meta-tag\" \/>\n\t<meta name=\"twitter:data2\" content=\"2 perc\" class=\"yoast-seo-meta-tag\" \/>\n<script type=\"application\/ld+json\" class=\"yoast-schema-graph\">{\"@context\":\"https:\\\/\\\/schema.org\",\"@graph\":[{\"@type\":\"Article\",\"@id\":\"https:\\\/\\\/dorogimedence.hu\\\/index.php\\\/2017\\\/11\\\/20\\\/bekescsaban-maradt-a-harom-pont\\\/#article\",\"isPartOf\":{\"@id\":\"https:\\\/\\\/dorogimedence.hu\\\/index.php\\\/2017\\\/11\\\/20\\\/bekescsaban-maradt-a-harom-pont\\\/\"},\"author\":{\"name\":\"dorogimedence.hu\",\"@id\":\"https:\\\/\\\/dorogimedence.hu\\\/#\\\/schema\\\/person\\\/ce6091eeb7e95ecdc87890d6aa8e0fd4\"},\"headline\":\"B\u00e9k\u00e9scsab\u00e1n maradt a h\u00e1rom pont\",\"datePublished\":\"2017-11-20T05:42:18+00:00\",\"mainEntityOfPage\":{\"@id\":\"https:\\\/\\\/dorogimedence.hu\\\/index.php\\\/2017\\\/11\\\/20\\\/bekescsaban-maradt-a-harom-pont\\\/\"},\"wordCount\":353,\"publisher\":{\"@id\":\"https:\\\/\\\/dorogimedence.hu\\\/#organization\"},\"image\":{\"@id\":\"https:\\\/\\\/dorogimedence.hu\\\/index.php\\\/2017\\\/11\\\/20\\\/bekescsaban-maradt-a-harom-pont\\\/#primaryimage\"},\"thumbnailUrl\":\"https:\\\/\\\/dorogimedence.hu\\\/wp-content\\\/uploads\\\/2017\\\/11\\\/bekescsaba-dorog-2.jpg\",\"keywords\":[\"B\u00e9k\u00e9scsaba\",\"Dorog\",\"Dorogi FC\",\"foci\",\"futball\",\"labdar\u00fag\u00e1s\",\"NB II\",\"sport\"],\"articleSection\":[\"Dorog\",\"H\u00edrek\",\"Sport\"],\"inLanguage\":\"hu\"},{\"@type\":\"WebPage\",\"@id\":\"https:\\\/\\\/dorogimedence.hu\\\/index.php\\\/2017\\\/11\\\/20\\\/bekescsaban-maradt-a-harom-pont\\\/\",\"url\":\"https:\\\/\\\/dorogimedence.hu\\\/index.php\\\/2017\\\/11\\\/20\\\/bekescsaban-maradt-a-harom-pont\\\/\",\"name\":\"B\u00e9k\u00e9scsab\u00e1n maradt a h\u00e1rom pont\",\"isPartOf\":{\"@id\":\"https:\\\/\\\/dorogimedence.hu\\\/#website\"},\"primaryImageOfPage\":{\"@id\":\"https:\\\/\\\/dorogimedence.hu\\\/index.php\\\/2017\\\/11\\\/20\\\/bekescsaban-maradt-a-harom-pont\\\/#primaryimage\"},\"image\":{\"@id\":\"https:\\\/\\\/dorogimedence.hu\\\/index.php\\\/2017\\\/11\\\/20\\\/bekescsaban-maradt-a-harom-pont\\\/#primaryimage\"},\"thumbnailUrl\":\"https:\\\/\\\/dorogimedence.hu\\\/wp-content\\\/uploads\\\/2017\\\/11\\\/bekescsaba-dorog-2.jpg\",\"datePublished\":\"2017-11-20T05:42:18+00:00\",\"breadcrumb\":{\"@id\":\"https:\\\/\\\/dorogimedence.hu\\\/index.php\\\/2017\\\/11\\\/20\\\/bekescsaban-maradt-a-harom-pont\\\/#breadcrumb\"},\"inLanguage\":\"hu\",\"potentialAction\":[{\"@type\":\"ReadAction\",\"target\":[\"https:\\\/\\\/dorogimedence.hu\\\/index.php\\\/2017\\\/11\\\/20\\\/bekescsaban-maradt-a-harom-pont\\\/\"]}]},{\"@type\":\"ImageObject\",\"inLanguage\":\"hu\",\"@id\":\"https:\\\/\\\/dorogimedence.hu\\\/index.php\\\/2017\\\/11\\\/20\\\/bekescsaban-maradt-a-harom-pont\\\/#primaryimage\",\"url\":\"https:\\\/\\\/dorogimedence.hu\\\/wp-content\\\/uploads\\\/2017\\\/11\\\/bekescsaba-dorog-2.jpg\",\"contentUrl\":\"https:\\\/\\\/dorogimedence.hu\\\/wp-content\\\/uploads\\\/2017\\\/11\\\/bekescsaba-dorog-2.jpg\",\"width\":670,\"height\":365},{\"@type\":\"BreadcrumbList\",\"@id\":\"https:\\\/\\\/dorogimedence.hu\\\/index.php\\\/2017\\\/11\\\/20\\\/bekescsaban-maradt-a-harom-pont\\\/#breadcrumb\",\"itemListElement\":[{\"@type\":\"ListItem\",\"position\":1,\"name\":\"Kezd\u0151lap\",\"item\":\"https:\\\/\\\/dorogimedence.hu\\\/\"},{\"@type\":\"ListItem\",\"position\":2,\"name\":\"B\u00e9k\u00e9scsab\u00e1n maradt a h\u00e1rom pont\"}]},{\"@type\":\"WebSite\",\"@id\":\"https:\\\/\\\/dorogimedence.hu\\\/#website\",\"url\":\"https:\\\/\\\/dorogimedence.hu\\\/\",\"name\":\"Dorogi-medence Region\u00e1lis H\u00edrport\u00e1l\",\"description\":\"Dorog, Keszt\u00f6lc, Le\u00e1nyv\u00e1r, Piliscs\u00e9v, Tokod, Tokodalt\u00e1r\u00f3, Csolnok, Esztergom-kertv\u00e1ros: h\u00edrek, programok\",\"publisher\":{\"@id\":\"https:\\\/\\\/dorogimedence.hu\\\/#organization\"},\"potentialAction\":[{\"@type\":\"SearchAction\",\"target\":{\"@type\":\"EntryPoint\",\"urlTemplate\":\"https:\\\/\\\/dorogimedence.hu\\\/?s={search_term_string}\"},\"query-input\":{\"@type\":\"PropertyValueSpecification\",\"valueRequired\":true,\"valueName\":\"search_term_string\"}}],\"inLanguage\":\"hu\"},{\"@type\":\"Organization\",\"@id\":\"https:\\\/\\\/dorogimedence.hu\\\/#organization\",\"name\":\"Dorogi-medence Region\u00e1lis H\u00edrport\u00e1l\",\"url\":\"https:\\\/\\\/dorogimedence.hu\\\/\",\"logo\":{\"@type\":\"ImageObject\",\"inLanguage\":\"hu\",\"@id\":\"https:\\\/\\\/dorogimedence.hu\\\/#\\\/schema\\\/logo\\\/image\\\/\",\"url\":\"https:\\\/\\\/dorogimedence.hu\\\/wp-content\\\/uploads\\\/2021\\\/04\\\/logo-feher-600.png\",\"contentUrl\":\"https:\\\/\\\/dorogimedence.hu\\\/wp-content\\\/uploads\\\/2021\\\/04\\\/logo-feher-600.png\",\"width\":600,\"height\":100,\"caption\":\"Dorogi-medence Region\u00e1lis H\u00edrport\u00e1l\"},\"image\":{\"@id\":\"https:\\\/\\\/dorogimedence.hu\\\/#\\\/schema\\\/logo\\\/image\\\/\"},\"sameAs\":[\"https:\\\/\\\/www.facebook.com\\\/dorogimedence\\\/\"]},{\"@type\":\"Person\",\"@id\":\"https:\\\/\\\/dorogimedence.hu\\\/#\\\/schema\\\/person\\\/ce6091eeb7e95ecdc87890d6aa8e0fd4\",\"name\":\"dorogimedence.hu\",\"image\":{\"@type\":\"ImageObject\",\"inLanguage\":\"hu\",\"@id\":\"\\\/\\\/www.gravatar.com\\\/avatar\\\/d8d45f8901aadff40a4af72c0b826f1d?s=96&#038;r=g&#038;d=mm\",\"url\":\"\\\/\\\/www.gravatar.com\\\/avatar\\\/d8d45f8901aadff40a4af72c0b826f1d?s=96&#038;r=g&#038;d=mm\",\"contentUrl\":\"\\\/\\\/www.gravatar.com\\\/avatar\\\/d8d45f8901aadff40a4af72c0b826f1d?s=96&#038;r=g&#038;d=mm\",\"caption\":\"dorogimedence.hu\"}}]}<\/script>\n<!-- \/ Yoast SEO plugin. -->","yoast_head_json":{"title":"B\u00e9k\u00e9scsab\u00e1n maradt a h\u00e1rom pont","robots":{"index":"index","follow":"follow","max-snippet":"max-snippet:-1","max-image-preview":"max-image-preview:large","max-video-preview":"max-video-preview:-1"},"canonical":"https:\/\/dorogimedence.hu\/index.php\/2017\/11\/20\/bekescsaban-maradt-a-harom-pont\/","og_locale":"hu_HU","og_type":"article","og_title":"B\u00e9k\u00e9scsab\u00e1n maradt a h\u00e1rom pont","og_description":"A Labdar\u00fag\u00f3 NB II. 18. fordul\u00f3j\u00e1ban a B\u00e9k\u00e9scsaba 1912 El\u0151re csapat vend\u00e9ge a Dorogi FC volt november 19-\u00e9n, vas\u00e1rnap 16 \u00f3rakor a b\u00e9k\u00e9scsabai V\u00e1rosi Stadionban. B\u00c9K\u00c9SCSABA 1912 EL\u0150RE \u2013 DOROGI FC 3\u20131 (2\u20130) B\u00e9k\u00e9scsaba, 522 n\u00e9z\u0151. Vezette: Gyarmati II Tibor (Punyi Gyula, M\u00e1rkus P\u00e9ter). B\u00c9K\u00c9SCSABA: Rib\u00e1nszki \u2013 Dlusztus, Sz\u00e9lp\u00e1l N., M\u00e9sz\u00e1ros M. \u2013 Pil\u00e1n, Nagy","og_url":"https:\/\/dorogimedence.hu\/index.php\/2017\/11\/20\/bekescsaban-maradt-a-harom-pont\/","og_site_name":"Dorogi-medence Region\u00e1lis H\u00edrport\u00e1l","article_publisher":"https:\/\/www.facebook.com\/dorogimedence\/","article_published_time":"2017-11-20T05:42:18+00:00","og_image":[{"width":670,"height":365,"url":"https:\/\/i0.wp.com\/dorogimedence.hu\/wp-content\/uploads\/2017\/11\/bekescsaba-dorog-2.jpg?fit=670%2C365&ssl=1","type":"image\/jpeg"}],"author":"dorogimedence.hu","twitter_card":"summary_large_image","twitter_misc":{"Szerz\u0151:":"dorogimedence.hu","Becs\u00fclt olvas\u00e1si id\u0151":"2 perc"},"schema":{"@context":"https:\/\/schema.org","@graph":[{"@type":"Article","@id":"https:\/\/dorogimedence.hu\/index.php\/2017\/11\/20\/bekescsaban-maradt-a-harom-pont\/#article","isPartOf":{"@id":"https:\/\/dorogimedence.hu\/index.php\/2017\/11\/20\/bekescsaban-maradt-a-harom-pont\/"},"author":{"name":"dorogimedence.hu","@id":"https:\/\/dorogimedence.hu\/#\/schema\/person\/ce6091eeb7e95ecdc87890d6aa8e0fd4"},"headline":"B\u00e9k\u00e9scsab\u00e1n maradt a h\u00e1rom pont","datePublished":"2017-11-20T05:42:18+00:00","mainEntityOfPage":{"@id":"https:\/\/dorogimedence.hu\/index.php\/2017\/11\/20\/bekescsaban-maradt-a-harom-pont\/"},"wordCount":353,"publisher":{"@id":"https:\/\/dorogimedence.hu\/#organization"},"image":{"@id":"https:\/\/dorogimedence.hu\/index.php\/2017\/11\/20\/bekescsaban-maradt-a-harom-pont\/#primaryimage"},"thumbnailUrl":"https:\/\/dorogimedence.hu\/wp-content\/uploads\/2017\/11\/bekescsaba-dorog-2.jpg","keywords":["B\u00e9k\u00e9scsaba","Dorog","Dorogi FC","foci","futball","labdar\u00fag\u00e1s","NB II","sport"],"articleSection":["Dorog","H\u00edrek","Sport"],"inLanguage":"hu"},{"@type":"WebPage","@id":"https:\/\/dorogimedence.hu\/index.php\/2017\/11\/20\/bekescsaban-maradt-a-harom-pont\/","url":"https:\/\/dorogimedence.hu\/index.php\/2017\/11\/20\/bekescsaban-maradt-a-harom-pont\/","name":"B\u00e9k\u00e9scsab\u00e1n maradt a h\u00e1rom pont","isPartOf":{"@id":"https:\/\/dorogimedence.hu\/#website"},"primaryImageOfPage":{"@id":"https:\/\/dorogimedence.hu\/index.php\/2017\/11\/20\/bekescsaban-maradt-a-harom-pont\/#primaryimage"},"image":{"@id":"https:\/\/dorogimedence.hu\/index.php\/2017\/11\/20\/bekescsaban-maradt-a-harom-pont\/#primaryimage"},"thumbnailUrl":"https:\/\/dorogimedence.hu\/wp-content\/uploads\/2017\/11\/bekescsaba-dorog-2.jpg","datePublished":"2017-11-20T05:42:18+00:00","breadcrumb":{"@id":"https:\/\/dorogimedence.hu\/index.php\/2017\/11\/20\/bekescsaban-maradt-a-harom-pont\/#breadcrumb"},"inLanguage":"hu","potentialAction":[{"@type":"ReadAction","target":["https:\/\/dorogimedence.hu\/index.php\/2017\/11\/20\/bekescsaban-maradt-a-harom-pont\/"]}]},{"@type":"ImageObject","inLanguage":"hu","@id":"https:\/\/dorogimedence.hu\/index.php\/2017\/11\/20\/bekescsaban-maradt-a-harom-pont\/#primaryimage","url":"https:\/\/dorogimedence.hu\/wp-content\/uploads\/2017\/11\/bekescsaba-dorog-2.jpg","contentUrl":"https:\/\/dorogimedence.hu\/wp-content\/uploads\/2017\/11\/bekescsaba-dorog-2.jpg","width":670,"height":365},{"@type":"BreadcrumbList","@id":"https:\/\/dorogimedence.hu\/index.php\/2017\/11\/20\/bekescsaban-maradt-a-harom-pont\/#breadcrumb","itemListElement":[{"@type":"ListItem","position":1,"name":"Kezd\u0151lap","item":"https:\/\/dorogimedence.hu\/"},{"@type":"ListItem","position":2,"name":"B\u00e9k\u00e9scsab\u00e1n maradt a h\u00e1rom pont"}]},{"@type":"WebSite","@id":"https:\/\/dorogimedence.hu\/#website","url":"https:\/\/dorogimedence.hu\/","name":"Dorogi-medence Region\u00e1lis H\u00edrport\u00e1l","description":"Dorog, Keszt\u00f6lc, Le\u00e1nyv\u00e1r, Piliscs\u00e9v, Tokod, Tokodalt\u00e1r\u00f3, Csolnok, Esztergom-kertv\u00e1ros: h\u00edrek, programok","publisher":{"@id":"https:\/\/dorogimedence.hu\/#organization"},"potentialAction":[{"@type":"SearchAction","target":{"@type":"EntryPoint","urlTemplate":"https:\/\/dorogimedence.hu\/?s={search_term_string}"},"query-input":{"@type":"PropertyValueSpecification","valueRequired":true,"valueName":"search_term_string"}}],"inLanguage":"hu"},{"@type":"Organization","@id":"https:\/\/dorogimedence.hu\/#organization","name":"Dorogi-medence Region\u00e1lis H\u00edrport\u00e1l","url":"https:\/\/dorogimedence.hu\/","logo":{"@type":"ImageObject","inLanguage":"hu","@id":"https:\/\/dorogimedence.hu\/#\/schema\/logo\/image\/","url":"https:\/\/dorogimedence.hu\/wp-content\/uploads\/2021\/04\/logo-feher-600.png","contentUrl":"https:\/\/dorogimedence.hu\/wp-content\/uploads\/2021\/04\/logo-feher-600.png","width":600,"height":100,"caption":"Dorogi-medence Region\u00e1lis H\u00edrport\u00e1l"},"image":{"@id":"https:\/\/dorogimedence.hu\/#\/schema\/logo\/image\/"},"sameAs":["https:\/\/www.facebook.com\/dorogimedence\/"]},{"@type":"Person","@id":"https:\/\/dorogimedence.hu\/#\/schema\/person\/ce6091eeb7e95ecdc87890d6aa8e0fd4","name":"dorogimedence.hu","image":{"@type":"ImageObject","inLanguage":"hu","@id":"\/\/www.gravatar.com\/avatar\/d8d45f8901aadff40a4af72c0b826f1d?s=96&#038;r=g&#038;d=mm","url":"\/\/www.gravatar.com\/avatar\/d8d45f8901aadff40a4af72c0b826f1d?s=96&#038;r=g&#038;d=mm","contentUrl":"\/\/www.gravatar.com\/avatar\/d8d45f8901aadff40a4af72c0b826f1d?s=96&#038;r=g&#038;d=mm","caption":"dorogimedence.hu"}}]}},"_links":{"self":[{"href":"https:\/\/dorogimedence.hu\/index.php\/wp-json\/wp\/v2\/posts\/6888","targetHints":{"allow":["GET"]}}],"collection":[{"href":"https:\/\/dorogimedence.hu\/index.php\/wp-json\/wp\/v2\/posts"}],"about":[{"href":"https:\/\/dorogimedence.hu\/index.php\/wp-json\/wp\/v2\/types\/post"}],"author":[{"embeddable":true,"href":"https:\/\/dorogimedence.hu\/index.php\/wp-json\/wp\/v2\/users\/1"}],"replies":[{"embeddable":true,"href":"https:\/\/dorogimedence.hu\/index.php\/wp-json\/wp\/v2\/comments?post=6888"}],"version-history":[{"count":0,"href":"https:\/\/dorogimedence.hu\/index.php\/wp-json\/wp\/v2\/posts\/6888\/revisions"}],"wp:featuredmedia":[{"embeddable":true,"href":"https:\/\/dorogimedence.hu\/index.php\/wp-json\/wp\/v2\/media\/6849"}],"wp:attachment":[{"href":"https:\/\/dorogimedence.hu\/index.php\/wp-json\/wp\/v2\/media?parent=6888"}],"wp:term":[{"taxonomy":"category","embeddable":true,"href":"https:\/\/dorogimedence.hu\/index.php\/wp-json\/wp\/v2\/categories?post=6888"},{"taxonomy":"post_tag","embeddable":true,"href":"https:\/\/dorogimedence.hu\/index.php\/wp-json\/wp\/v2\/tags?post=6888"}],"curies":[{"name":"wp","href":"https:\/\/api.w.org\/{rel}","templated":true}]}}