{"id":68859,"date":"2025-02-14T14:04:33","date_gmt":"2025-02-14T13:04:33","guid":{"rendered":"https:\/\/dorogimedence.hu\/?p=68859"},"modified":"2025-02-14T14:08:39","modified_gmt":"2025-02-14T13:08:39","slug":"a-richter-anna-dijjal-hetedszer-valosulhatnak-meg-innovativ-otletek","status":"publish","type":"post","link":"https:\/\/dorogimedence.hu\/index.php\/2025\/02\/14\/a-richter-anna-dijjal-hetedszer-valosulhatnak-meg-innovativ-otletek\/","title":{"rendered":"A Richter Anna D\u00edjjal hetedszer val\u00f3sulhatnak meg innovat\u00edv \u00f6tletek"},"content":{"rendered":"<p><strong>Elindult az egy h\u00f3napon \u00e1t tart\u00f3 szavaz\u00e1s, a k\u00f6z\u00f6ns\u00e9gd\u00edj sorsa ism\u00e9t a szavaz\u00f3k kez\u00e9ben van. \u00dajabb tizen\u00f6t nagyszer\u0171 p\u00e1lyam\u0171vet ismerhet meg a nagyk\u00f6z\u00f6ns\u00e9g, a t\u00e9t nem kicsi, hiszen most d\u0151l el, hogy a kateg\u00f3ri\u00e1nk\u00e9nt egy, \u00f6sszesen \u00f6t zs\u0171rid\u00edj mellett melyik a hatodik csapat, akik a d\u00edjjal j\u00e1r\u00f3 n\u00e9gymilli\u00f3 forintos \u00f6sszegb\u0151l a szavazatoknak k\u00f6sz\u00f6nhet\u0151n megval\u00f3s\u00edthatj\u00e1k \u00e1lmukat.<\/strong><\/p>\n<p>Haz\u00e1nk kiemelked\u0151 gy\u00f3gyszerc\u00e9ge a Richter, a Richter Anna D\u00edj p\u00e1ly\u00e1zat ki\u00edr\u00e1s\u00e1val \u0151rzi \u00e9s tov\u00e1bbviszi az alap\u00edt\u00f3csal\u00e1d szellemis\u00e9g\u00e9t, az innov\u00e1ci\u00f3ba \u00e9s folyamatos fejleszt\u00e9sbe vetett hit\u00e9t. A d\u00edj m\u00e9lt\u00f3 m\u00f3don t\u00fckr\u00f6zi a Richter c\u00e9gfiloz\u00f3fi\u00e1j\u00e1t, t\u00e1rsadalmi szerepv\u00e1llal\u00e1si elk\u00f6telezetts\u00e9g\u00e9t a hazai oktat\u00e1s, eg\u00e9szs\u00e9g\u00fcgy \u00e9s gy\u00f3gyszer\u00e9szet ir\u00e1nt, k\u00fcl\u00f6n\u00f6s tekintettel az ezeken a ter\u00fcleteken dolgoz\u00f3 n\u0151kre.<\/p>\n<p>A zs\u0171ri tagjai, Beke Zsuzsa a Richter Gedeon Nyrt. kommunik\u00e1ci\u00f3s vezet\u0151je, Szily N\u00f3ra \u00fajs\u00e1g\u00edr\u00f3, pszichol\u00f3gus, R\u00fazsa Magdi M\u00e1t\u00e9 P\u00e9ter-d\u00edjas \u00e9nekesn\u0151, Polg\u00e1r Judit sakknagymester, Kert\u00e9sz \u00c9va a 21 N\u0151 az Eg\u00e9szs\u00e9g\u00fcgy\u00e9rt Alap\u00edtv\u00e1ny \u00fcgyvezet\u0151je \u00e9s Dr. Barna Istv\u00e1n belgy\u00f3gy\u00e1sz f\u0151orvos, a Semmelweis Egyetem docense nagy izgalommal v\u00e1rt\u00e1k az \u00fajszer\u0171, kreat\u00edv \u00f6tleteket tartalmaz\u00f3 p\u00e1ly\u00e1zatokat. <strong>A d\u00f6nt\u0151s projekt\u00f6tleteket m\u00e1rcius 9-ig lehet megtekinteni a <span style=\"text-decoration: underline; color: #0000ff;\"><a style=\"color: #0000ff; text-decoration: underline;\" href=\"http:\/\/www.richterannadij.hu\/\" target=\"_blank\" rel=\"noopener\">www.richterannadij.hu<\/a><\/span> weboldalon, ahol a k\u00f6z\u00f6ns\u00e9g kateg\u00f3ri\u00e1nk\u00e9nt egy-egy szavazattal t\u00e1mogathatja a csapatokat.<\/strong><\/p>\n<p>Az oktat\u00e1st, eg\u00e9szs\u00e9g\u00fcgyet \u00e9s gy\u00f3gyszer\u00e9szetet fejleszteni, jobb\u00edtani v\u00e1gy\u00f3 lelkes csapatok \u00f6t kateg\u00f3ri\u00e1ban m\u00e9rettetnek meg egym\u00e1ssal. A zs\u0171ri olyan \u00fajszer\u0171, megval\u00f3s\u00edthat\u00f3 \u00f6tleteket v\u00e1rt id\u00e9n is a p\u00e1ly\u00e1z\u00f3kt\u00f3l, amelyek hozz\u00e1j\u00e1rulnak ezen ter\u00fcletek sz\u00ednvonal\u00e1hoz, fejl\u0151d\u00e9s\u00e9hez, illetve az ott dolgoz\u00f3k mindennapjait megk\u00f6nny\u00edtik \u00e9s min\u0151s\u00e9gi v\u00e1ltoz\u00e1st hoznak mindannyiunk h\u00e9tk\u00f6znapjaiba.<\/p>\n<p>Az idei p\u00e1ly\u00e1zatokban minden eddigin\u00e9l hangs\u00falyosabban jelenik meg az innov\u00e1ci\u00f3, a meg\u00faj\u00edt\u00e1si sz\u00e1nd\u00e9k, a szeml\u00e9letform\u00e1l\u00e1s.<\/p>\n<p>M\u00e1rcius 19-\u00e9n \u00fcnnep\u00e9lyes g\u00e1la keret\u00e9ben der\u00fcl f\u00e9ny a d\u00edjazottakra, akikkel egy\u00fctt \u00f6r\u00fclhet\u00fcnk annak, hogy a Richternek k\u00f6sz\u00f6nhet\u0151en fantasztikus innovat\u00edv \u00f6tletek val\u00f3sulnak meg, melyek hat\u00e1ssal lesznek mindannyiunk \u00e9let\u00e9re.<\/p>\n<p>K\u00eds\u00e9rj\u00e9k figyelemmel a d\u00edj \u00e9let\u00e9t, szavazzanak az \u00f6n\u00f6k sz\u00e1m\u00e1ra legfontosabb projektre, hiszen az eg\u00e9szs\u00e9g\u00fcgy \u00e9s az oktat\u00e1s fejl\u0151d\u00e9se nem csup\u00e1n a Richter, hanem mindannyiunk sz\u00edv\u00fcgye!<\/p>\n","protected":false},"excerpt":{"rendered":"<p>Elindult az egy h\u00f3napon \u00e1t tart\u00f3 szavaz\u00e1s, a k\u00f6z\u00f6ns\u00e9gd\u00edj sorsa ism\u00e9t a szavaz\u00f3k kez\u00e9ben van. \u00dajabb tizen\u00f6t nagyszer\u0171 p\u00e1lyam\u0171vet ismerhet meg a nagyk\u00f6z\u00f6ns\u00e9g, a t\u00e9t nem kicsi, hiszen most d\u0151l el, hogy a kateg\u00f3ri\u00e1nk\u00e9nt egy, \u00f6sszesen \u00f6t zs\u0171rid\u00edj mellett melyik a hatodik csapat, akik a d\u00edjjal j\u00e1r\u00f3 n\u00e9gymilli\u00f3 forintos \u00f6sszegb\u0151l a szavazatoknak k\u00f6sz\u00f6nhet\u0151n megval\u00f3s\u00edthatj\u00e1k \u00e1lmukat.<\/p>\n","protected":false},"author":1,"featured_media":59701,"comment_status":"closed","ping_status":"closed","sticky":false,"template":"","format":"standard","meta":{"ngg_post_thumbnail":0,"footnotes":""},"categories":[3],"tags":[4060,3233,417],"class_list":{"0":"post-68859","1":"post","2":"type-post","3":"status-publish","4":"format-standard","5":"has-post-thumbnail","7":"category-hirek","8":"tag-richter","9":"tag-richter-anna-dij","10":"tag-richter-gedeon"},"yoast_head":"<!-- This site is optimized with the Yoast SEO plugin v27.4 - https:\/\/yoast.com\/product\/yoast-seo-wordpress\/ -->\n<title>A Richter Anna D\u00edjjal hetedszer val\u00f3sulhatnak meg innovat\u00edv \u00f6tletek<\/title>\n<meta name=\"robots\" content=\"index, follow, max-snippet:-1, max-image-preview:large, max-video-preview:-1\" \/>\n<link rel=\"canonical\" href=\"https:\/\/dorogimedence.hu\/index.php\/2025\/02\/14\/a-richter-anna-dijjal-hetedszer-valosulhatnak-meg-innovativ-otletek\/\" class=\"yoast-seo-meta-tag\" \/>\n<meta property=\"og:locale\" content=\"hu_HU\" class=\"yoast-seo-meta-tag\" \/>\n<meta property=\"og:type\" content=\"article\" class=\"yoast-seo-meta-tag\" \/>\n<meta property=\"og:title\" content=\"A Richter Anna D\u00edjjal hetedszer val\u00f3sulhatnak meg innovat\u00edv \u00f6tletek\" class=\"yoast-seo-meta-tag\" \/>\n<meta property=\"og:description\" content=\"Elindult az egy h\u00f3napon \u00e1t tart\u00f3 szavaz\u00e1s, a k\u00f6z\u00f6ns\u00e9gd\u00edj sorsa ism\u00e9t a szavaz\u00f3k kez\u00e9ben van. \u00dajabb tizen\u00f6t nagyszer\u0171 p\u00e1lyam\u0171vet ismerhet meg a nagyk\u00f6z\u00f6ns\u00e9g, a t\u00e9t nem kicsi, hiszen most d\u0151l el, hogy a kateg\u00f3ri\u00e1nk\u00e9nt egy, \u00f6sszesen \u00f6t zs\u0171rid\u00edj mellett melyik a hatodik csapat, akik a d\u00edjjal j\u00e1r\u00f3 n\u00e9gymilli\u00f3 forintos \u00f6sszegb\u0151l a szavazatoknak k\u00f6sz\u00f6nhet\u0151n megval\u00f3s\u00edthatj\u00e1k \u00e1lmukat.\" class=\"yoast-seo-meta-tag\" \/>\n<meta property=\"og:url\" content=\"https:\/\/dorogimedence.hu\/index.php\/2025\/02\/14\/a-richter-anna-dijjal-hetedszer-valosulhatnak-meg-innovativ-otletek\/\" class=\"yoast-seo-meta-tag\" \/>\n<meta property=\"og:site_name\" content=\"Dorogi-medence Region\u00e1lis H\u00edrport\u00e1l\" class=\"yoast-seo-meta-tag\" \/>\n<meta property=\"article:publisher\" content=\"https:\/\/www.facebook.com\/dorogimedence\/\" class=\"yoast-seo-meta-tag\" \/>\n<meta property=\"article:published_time\" content=\"2025-02-14T13:04:33+00:00\" class=\"yoast-seo-meta-tag\" \/>\n<meta property=\"article:modified_time\" content=\"2025-02-14T13:08:39+00:00\" class=\"yoast-seo-meta-tag\" \/>\n<meta property=\"og:image\" content=\"https:\/\/dorogimedence.hu\/wp-content\/uploads\/2024\/02\/richter-anna-dij.jpg\" class=\"yoast-seo-meta-tag\" \/>\n\t<meta property=\"og:image:width\" content=\"1920\" class=\"yoast-seo-meta-tag\" \/>\n\t<meta property=\"og:image:height\" content=\"970\" class=\"yoast-seo-meta-tag\" \/>\n\t<meta property=\"og:image:type\" content=\"image\/jpeg\" class=\"yoast-seo-meta-tag\" \/>\n<meta name=\"author\" content=\"dorogimedence.hu\" class=\"yoast-seo-meta-tag\" \/>\n<meta name=\"twitter:card\" content=\"summary_large_image\" class=\"yoast-seo-meta-tag\" \/>\n<meta name=\"twitter:label1\" content=\"Szerz\u0151:\" class=\"yoast-seo-meta-tag\" \/>\n\t<meta name=\"twitter:data1\" content=\"dorogimedence.hu\" class=\"yoast-seo-meta-tag\" \/>\n\t<meta name=\"twitter:label2\" content=\"Becs\u00fclt olvas\u00e1si id\u0151\" class=\"yoast-seo-meta-tag\" \/>\n\t<meta name=\"twitter:data2\" content=\"2 perc\" class=\"yoast-seo-meta-tag\" \/>\n<script type=\"application\/ld+json\" class=\"yoast-schema-graph\">{\"@context\":\"https:\\\/\\\/schema.org\",\"@graph\":[{\"@type\":\"Article\",\"@id\":\"https:\\\/\\\/dorogimedence.hu\\\/index.php\\\/2025\\\/02\\\/14\\\/a-richter-anna-dijjal-hetedszer-valosulhatnak-meg-innovativ-otletek\\\/#article\",\"isPartOf\":{\"@id\":\"https:\\\/\\\/dorogimedence.hu\\\/index.php\\\/2025\\\/02\\\/14\\\/a-richter-anna-dijjal-hetedszer-valosulhatnak-meg-innovativ-otletek\\\/\"},\"author\":{\"name\":\"dorogimedence.hu\",\"@id\":\"https:\\\/\\\/dorogimedence.hu\\\/#\\\/schema\\\/person\\\/ce6091eeb7e95ecdc87890d6aa8e0fd4\"},\"headline\":\"A Richter Anna D\u00edjjal hetedszer val\u00f3sulhatnak meg innovat\u00edv \u00f6tletek\",\"datePublished\":\"2025-02-14T13:04:33+00:00\",\"dateModified\":\"2025-02-14T13:08:39+00:00\",\"mainEntityOfPage\":{\"@id\":\"https:\\\/\\\/dorogimedence.hu\\\/index.php\\\/2025\\\/02\\\/14\\\/a-richter-anna-dijjal-hetedszer-valosulhatnak-meg-innovativ-otletek\\\/\"},\"wordCount\":504,\"publisher\":{\"@id\":\"https:\\\/\\\/dorogimedence.hu\\\/#organization\"},\"image\":{\"@id\":\"https:\\\/\\\/dorogimedence.hu\\\/index.php\\\/2025\\\/02\\\/14\\\/a-richter-anna-dijjal-hetedszer-valosulhatnak-meg-innovativ-otletek\\\/#primaryimage\"},\"thumbnailUrl\":\"https:\\\/\\\/dorogimedence.hu\\\/wp-content\\\/uploads\\\/2024\\\/02\\\/richter-anna-dij.jpg\",\"keywords\":[\"richter\",\"Richter Anna-d\u00edj\",\"Richter Gedeon\"],\"articleSection\":[\"H\u00edrek\"],\"inLanguage\":\"hu\"},{\"@type\":\"WebPage\",\"@id\":\"https:\\\/\\\/dorogimedence.hu\\\/index.php\\\/2025\\\/02\\\/14\\\/a-richter-anna-dijjal-hetedszer-valosulhatnak-meg-innovativ-otletek\\\/\",\"url\":\"https:\\\/\\\/dorogimedence.hu\\\/index.php\\\/2025\\\/02\\\/14\\\/a-richter-anna-dijjal-hetedszer-valosulhatnak-meg-innovativ-otletek\\\/\",\"name\":\"A Richter Anna D\u00edjjal hetedszer val\u00f3sulhatnak meg innovat\u00edv \u00f6tletek\",\"isPartOf\":{\"@id\":\"https:\\\/\\\/dorogimedence.hu\\\/#website\"},\"primaryImageOfPage\":{\"@id\":\"https:\\\/\\\/dorogimedence.hu\\\/index.php\\\/2025\\\/02\\\/14\\\/a-richter-anna-dijjal-hetedszer-valosulhatnak-meg-innovativ-otletek\\\/#primaryimage\"},\"image\":{\"@id\":\"https:\\\/\\\/dorogimedence.hu\\\/index.php\\\/2025\\\/02\\\/14\\\/a-richter-anna-dijjal-hetedszer-valosulhatnak-meg-innovativ-otletek\\\/#primaryimage\"},\"thumbnailUrl\":\"https:\\\/\\\/dorogimedence.hu\\\/wp-content\\\/uploads\\\/2024\\\/02\\\/richter-anna-dij.jpg\",\"datePublished\":\"2025-02-14T13:04:33+00:00\",\"dateModified\":\"2025-02-14T13:08:39+00:00\",\"breadcrumb\":{\"@id\":\"https:\\\/\\\/dorogimedence.hu\\\/index.php\\\/2025\\\/02\\\/14\\\/a-richter-anna-dijjal-hetedszer-valosulhatnak-meg-innovativ-otletek\\\/#breadcrumb\"},\"inLanguage\":\"hu\",\"potentialAction\":[{\"@type\":\"ReadAction\",\"target\":[\"https:\\\/\\\/dorogimedence.hu\\\/index.php\\\/2025\\\/02\\\/14\\\/a-richter-anna-dijjal-hetedszer-valosulhatnak-meg-innovativ-otletek\\\/\"]}]},{\"@type\":\"ImageObject\",\"inLanguage\":\"hu\",\"@id\":\"https:\\\/\\\/dorogimedence.hu\\\/index.php\\\/2025\\\/02\\\/14\\\/a-richter-anna-dijjal-hetedszer-valosulhatnak-meg-innovativ-otletek\\\/#primaryimage\",\"url\":\"https:\\\/\\\/dorogimedence.hu\\\/wp-content\\\/uploads\\\/2024\\\/02\\\/richter-anna-dij.jpg\",\"contentUrl\":\"https:\\\/\\\/dorogimedence.hu\\\/wp-content\\\/uploads\\\/2024\\\/02\\\/richter-anna-dij.jpg\",\"width\":1920,\"height\":970},{\"@type\":\"BreadcrumbList\",\"@id\":\"https:\\\/\\\/dorogimedence.hu\\\/index.php\\\/2025\\\/02\\\/14\\\/a-richter-anna-dijjal-hetedszer-valosulhatnak-meg-innovativ-otletek\\\/#breadcrumb\",\"itemListElement\":[{\"@type\":\"ListItem\",\"position\":1,\"name\":\"Kezd\u0151lap\",\"item\":\"https:\\\/\\\/dorogimedence.hu\\\/\"},{\"@type\":\"ListItem\",\"position\":2,\"name\":\"A Richter Anna D\u00edjjal hetedszer val\u00f3sulhatnak meg innovat\u00edv \u00f6tletek\"}]},{\"@type\":\"WebSite\",\"@id\":\"https:\\\/\\\/dorogimedence.hu\\\/#website\",\"url\":\"https:\\\/\\\/dorogimedence.hu\\\/\",\"name\":\"Dorogi-medence Region\u00e1lis H\u00edrport\u00e1l\",\"description\":\"Dorog, Keszt\u00f6lc, Le\u00e1nyv\u00e1r, Piliscs\u00e9v, Tokod, Tokodalt\u00e1r\u00f3, Csolnok, Esztergom-kertv\u00e1ros: h\u00edrek, programok\",\"publisher\":{\"@id\":\"https:\\\/\\\/dorogimedence.hu\\\/#organization\"},\"potentialAction\":[{\"@type\":\"SearchAction\",\"target\":{\"@type\":\"EntryPoint\",\"urlTemplate\":\"https:\\\/\\\/dorogimedence.hu\\\/?s={search_term_string}\"},\"query-input\":{\"@type\":\"PropertyValueSpecification\",\"valueRequired\":true,\"valueName\":\"search_term_string\"}}],\"inLanguage\":\"hu\"},{\"@type\":\"Organization\",\"@id\":\"https:\\\/\\\/dorogimedence.hu\\\/#organization\",\"name\":\"Dorogi-medence Region\u00e1lis H\u00edrport\u00e1l\",\"url\":\"https:\\\/\\\/dorogimedence.hu\\\/\",\"logo\":{\"@type\":\"ImageObject\",\"inLanguage\":\"hu\",\"@id\":\"https:\\\/\\\/dorogimedence.hu\\\/#\\\/schema\\\/logo\\\/image\\\/\",\"url\":\"https:\\\/\\\/dorogimedence.hu\\\/wp-content\\\/uploads\\\/2021\\\/04\\\/logo-feher-600.png\",\"contentUrl\":\"https:\\\/\\\/dorogimedence.hu\\\/wp-content\\\/uploads\\\/2021\\\/04\\\/logo-feher-600.png\",\"width\":600,\"height\":100,\"caption\":\"Dorogi-medence Region\u00e1lis H\u00edrport\u00e1l\"},\"image\":{\"@id\":\"https:\\\/\\\/dorogimedence.hu\\\/#\\\/schema\\\/logo\\\/image\\\/\"},\"sameAs\":[\"https:\\\/\\\/www.facebook.com\\\/dorogimedence\\\/\"]},{\"@type\":\"Person\",\"@id\":\"https:\\\/\\\/dorogimedence.hu\\\/#\\\/schema\\\/person\\\/ce6091eeb7e95ecdc87890d6aa8e0fd4\",\"name\":\"dorogimedence.hu\",\"image\":{\"@type\":\"ImageObject\",\"inLanguage\":\"hu\",\"@id\":\"\\\/\\\/www.gravatar.com\\\/avatar\\\/d8d45f8901aadff40a4af72c0b826f1d?s=96&#038;r=g&#038;d=mm\",\"url\":\"\\\/\\\/www.gravatar.com\\\/avatar\\\/d8d45f8901aadff40a4af72c0b826f1d?s=96&#038;r=g&#038;d=mm\",\"contentUrl\":\"\\\/\\\/www.gravatar.com\\\/avatar\\\/d8d45f8901aadff40a4af72c0b826f1d?s=96&#038;r=g&#038;d=mm\",\"caption\":\"dorogimedence.hu\"}}]}<\/script>\n<!-- \/ Yoast SEO plugin. -->","yoast_head_json":{"title":"A Richter Anna D\u00edjjal hetedszer val\u00f3sulhatnak meg innovat\u00edv \u00f6tletek","robots":{"index":"index","follow":"follow","max-snippet":"max-snippet:-1","max-image-preview":"max-image-preview:large","max-video-preview":"max-video-preview:-1"},"canonical":"https:\/\/dorogimedence.hu\/index.php\/2025\/02\/14\/a-richter-anna-dijjal-hetedszer-valosulhatnak-meg-innovativ-otletek\/","og_locale":"hu_HU","og_type":"article","og_title":"A Richter Anna D\u00edjjal hetedszer val\u00f3sulhatnak meg innovat\u00edv \u00f6tletek","og_description":"Elindult az egy h\u00f3napon \u00e1t tart\u00f3 szavaz\u00e1s, a k\u00f6z\u00f6ns\u00e9gd\u00edj sorsa ism\u00e9t a szavaz\u00f3k kez\u00e9ben van. \u00dajabb tizen\u00f6t nagyszer\u0171 p\u00e1lyam\u0171vet ismerhet meg a nagyk\u00f6z\u00f6ns\u00e9g, a t\u00e9t nem kicsi, hiszen most d\u0151l el, hogy a kateg\u00f3ri\u00e1nk\u00e9nt egy, \u00f6sszesen \u00f6t zs\u0171rid\u00edj mellett melyik a hatodik csapat, akik a d\u00edjjal j\u00e1r\u00f3 n\u00e9gymilli\u00f3 forintos \u00f6sszegb\u0151l a szavazatoknak k\u00f6sz\u00f6nhet\u0151n megval\u00f3s\u00edthatj\u00e1k \u00e1lmukat.","og_url":"https:\/\/dorogimedence.hu\/index.php\/2025\/02\/14\/a-richter-anna-dijjal-hetedszer-valosulhatnak-meg-innovativ-otletek\/","og_site_name":"Dorogi-medence Region\u00e1lis H\u00edrport\u00e1l","article_publisher":"https:\/\/www.facebook.com\/dorogimedence\/","article_published_time":"2025-02-14T13:04:33+00:00","article_modified_time":"2025-02-14T13:08:39+00:00","og_image":[{"width":1920,"height":970,"url":"https:\/\/dorogimedence.hu\/wp-content\/uploads\/2024\/02\/richter-anna-dij.jpg","type":"image\/jpeg"}],"author":"dorogimedence.hu","twitter_card":"summary_large_image","twitter_misc":{"Szerz\u0151:":"dorogimedence.hu","Becs\u00fclt olvas\u00e1si id\u0151":"2 perc"},"schema":{"@context":"https:\/\/schema.org","@graph":[{"@type":"Article","@id":"https:\/\/dorogimedence.hu\/index.php\/2025\/02\/14\/a-richter-anna-dijjal-hetedszer-valosulhatnak-meg-innovativ-otletek\/#article","isPartOf":{"@id":"https:\/\/dorogimedence.hu\/index.php\/2025\/02\/14\/a-richter-anna-dijjal-hetedszer-valosulhatnak-meg-innovativ-otletek\/"},"author":{"name":"dorogimedence.hu","@id":"https:\/\/dorogimedence.hu\/#\/schema\/person\/ce6091eeb7e95ecdc87890d6aa8e0fd4"},"headline":"A Richter Anna D\u00edjjal hetedszer val\u00f3sulhatnak meg innovat\u00edv \u00f6tletek","datePublished":"2025-02-14T13:04:33+00:00","dateModified":"2025-02-14T13:08:39+00:00","mainEntityOfPage":{"@id":"https:\/\/dorogimedence.hu\/index.php\/2025\/02\/14\/a-richter-anna-dijjal-hetedszer-valosulhatnak-meg-innovativ-otletek\/"},"wordCount":504,"publisher":{"@id":"https:\/\/dorogimedence.hu\/#organization"},"image":{"@id":"https:\/\/dorogimedence.hu\/index.php\/2025\/02\/14\/a-richter-anna-dijjal-hetedszer-valosulhatnak-meg-innovativ-otletek\/#primaryimage"},"thumbnailUrl":"https:\/\/dorogimedence.hu\/wp-content\/uploads\/2024\/02\/richter-anna-dij.jpg","keywords":["richter","Richter Anna-d\u00edj","Richter Gedeon"],"articleSection":["H\u00edrek"],"inLanguage":"hu"},{"@type":"WebPage","@id":"https:\/\/dorogimedence.hu\/index.php\/2025\/02\/14\/a-richter-anna-dijjal-hetedszer-valosulhatnak-meg-innovativ-otletek\/","url":"https:\/\/dorogimedence.hu\/index.php\/2025\/02\/14\/a-richter-anna-dijjal-hetedszer-valosulhatnak-meg-innovativ-otletek\/","name":"A Richter Anna D\u00edjjal hetedszer val\u00f3sulhatnak meg innovat\u00edv \u00f6tletek","isPartOf":{"@id":"https:\/\/dorogimedence.hu\/#website"},"primaryImageOfPage":{"@id":"https:\/\/dorogimedence.hu\/index.php\/2025\/02\/14\/a-richter-anna-dijjal-hetedszer-valosulhatnak-meg-innovativ-otletek\/#primaryimage"},"image":{"@id":"https:\/\/dorogimedence.hu\/index.php\/2025\/02\/14\/a-richter-anna-dijjal-hetedszer-valosulhatnak-meg-innovativ-otletek\/#primaryimage"},"thumbnailUrl":"https:\/\/dorogimedence.hu\/wp-content\/uploads\/2024\/02\/richter-anna-dij.jpg","datePublished":"2025-02-14T13:04:33+00:00","dateModified":"2025-02-14T13:08:39+00:00","breadcrumb":{"@id":"https:\/\/dorogimedence.hu\/index.php\/2025\/02\/14\/a-richter-anna-dijjal-hetedszer-valosulhatnak-meg-innovativ-otletek\/#breadcrumb"},"inLanguage":"hu","potentialAction":[{"@type":"ReadAction","target":["https:\/\/dorogimedence.hu\/index.php\/2025\/02\/14\/a-richter-anna-dijjal-hetedszer-valosulhatnak-meg-innovativ-otletek\/"]}]},{"@type":"ImageObject","inLanguage":"hu","@id":"https:\/\/dorogimedence.hu\/index.php\/2025\/02\/14\/a-richter-anna-dijjal-hetedszer-valosulhatnak-meg-innovativ-otletek\/#primaryimage","url":"https:\/\/dorogimedence.hu\/wp-content\/uploads\/2024\/02\/richter-anna-dij.jpg","contentUrl":"https:\/\/dorogimedence.hu\/wp-content\/uploads\/2024\/02\/richter-anna-dij.jpg","width":1920,"height":970},{"@type":"BreadcrumbList","@id":"https:\/\/dorogimedence.hu\/index.php\/2025\/02\/14\/a-richter-anna-dijjal-hetedszer-valosulhatnak-meg-innovativ-otletek\/#breadcrumb","itemListElement":[{"@type":"ListItem","position":1,"name":"Kezd\u0151lap","item":"https:\/\/dorogimedence.hu\/"},{"@type":"ListItem","position":2,"name":"A Richter Anna D\u00edjjal hetedszer val\u00f3sulhatnak meg innovat\u00edv \u00f6tletek"}]},{"@type":"WebSite","@id":"https:\/\/dorogimedence.hu\/#website","url":"https:\/\/dorogimedence.hu\/","name":"Dorogi-medence Region\u00e1lis H\u00edrport\u00e1l","description":"Dorog, Keszt\u00f6lc, Le\u00e1nyv\u00e1r, Piliscs\u00e9v, Tokod, Tokodalt\u00e1r\u00f3, Csolnok, Esztergom-kertv\u00e1ros: h\u00edrek, programok","publisher":{"@id":"https:\/\/dorogimedence.hu\/#organization"},"potentialAction":[{"@type":"SearchAction","target":{"@type":"EntryPoint","urlTemplate":"https:\/\/dorogimedence.hu\/?s={search_term_string}"},"query-input":{"@type":"PropertyValueSpecification","valueRequired":true,"valueName":"search_term_string"}}],"inLanguage":"hu"},{"@type":"Organization","@id":"https:\/\/dorogimedence.hu\/#organization","name":"Dorogi-medence Region\u00e1lis H\u00edrport\u00e1l","url":"https:\/\/dorogimedence.hu\/","logo":{"@type":"ImageObject","inLanguage":"hu","@id":"https:\/\/dorogimedence.hu\/#\/schema\/logo\/image\/","url":"https:\/\/dorogimedence.hu\/wp-content\/uploads\/2021\/04\/logo-feher-600.png","contentUrl":"https:\/\/dorogimedence.hu\/wp-content\/uploads\/2021\/04\/logo-feher-600.png","width":600,"height":100,"caption":"Dorogi-medence Region\u00e1lis H\u00edrport\u00e1l"},"image":{"@id":"https:\/\/dorogimedence.hu\/#\/schema\/logo\/image\/"},"sameAs":["https:\/\/www.facebook.com\/dorogimedence\/"]},{"@type":"Person","@id":"https:\/\/dorogimedence.hu\/#\/schema\/person\/ce6091eeb7e95ecdc87890d6aa8e0fd4","name":"dorogimedence.hu","image":{"@type":"ImageObject","inLanguage":"hu","@id":"\/\/www.gravatar.com\/avatar\/d8d45f8901aadff40a4af72c0b826f1d?s=96&#038;r=g&#038;d=mm","url":"\/\/www.gravatar.com\/avatar\/d8d45f8901aadff40a4af72c0b826f1d?s=96&#038;r=g&#038;d=mm","contentUrl":"\/\/www.gravatar.com\/avatar\/d8d45f8901aadff40a4af72c0b826f1d?s=96&#038;r=g&#038;d=mm","caption":"dorogimedence.hu"}}]}},"_links":{"self":[{"href":"https:\/\/dorogimedence.hu\/index.php\/wp-json\/wp\/v2\/posts\/68859","targetHints":{"allow":["GET"]}}],"collection":[{"href":"https:\/\/dorogimedence.hu\/index.php\/wp-json\/wp\/v2\/posts"}],"about":[{"href":"https:\/\/dorogimedence.hu\/index.php\/wp-json\/wp\/v2\/types\/post"}],"author":[{"embeddable":true,"href":"https:\/\/dorogimedence.hu\/index.php\/wp-json\/wp\/v2\/users\/1"}],"replies":[{"embeddable":true,"href":"https:\/\/dorogimedence.hu\/index.php\/wp-json\/wp\/v2\/comments?post=68859"}],"version-history":[{"count":0,"href":"https:\/\/dorogimedence.hu\/index.php\/wp-json\/wp\/v2\/posts\/68859\/revisions"}],"wp:featuredmedia":[{"embeddable":true,"href":"https:\/\/dorogimedence.hu\/index.php\/wp-json\/wp\/v2\/media\/59701"}],"wp:attachment":[{"href":"https:\/\/dorogimedence.hu\/index.php\/wp-json\/wp\/v2\/media?parent=68859"}],"wp:term":[{"taxonomy":"category","embeddable":true,"href":"https:\/\/dorogimedence.hu\/index.php\/wp-json\/wp\/v2\/categories?post=68859"},{"taxonomy":"post_tag","embeddable":true,"href":"https:\/\/dorogimedence.hu\/index.php\/wp-json\/wp\/v2\/tags?post=68859"}],"curies":[{"name":"wp","href":"https:\/\/api.w.org\/{rel}","templated":true}]}}