{"id":68750,"date":"2025-02-11T10:28:43","date_gmt":"2025-02-11T09:28:43","guid":{"rendered":"https:\/\/dorogimedence.hu\/?p=68750"},"modified":"2025-02-11T10:29:36","modified_gmt":"2025-02-11T09:29:36","slug":"gyulekonyak-lehetnek-az-egyes-farsangi-maszkok-es-jelmezek","status":"publish","type":"post","link":"https:\/\/dorogimedence.hu\/index.php\/2025\/02\/11\/gyulekonyak-lehetnek-az-egyes-farsangi-maszkok-es-jelmezek\/","title":{"rendered":"Gy\u00fal\u00e9konyak lehetnek az egyes farsangi maszkok \u00e9s jelmezek"},"content":{"rendered":"<div id=\"194\" class=\"mb-6 relative pl-4 text-text\/neutral\/subtle text-lg font-medium italic before:absolute before:left-0 before:border-l-[3px] before:border-brand\/1000 before:h-full\">\n<p class=\"mb-6\"><strong>A Nemzeti Kereskedelmi \u00e9s Fogyaszt\u00f3v\u00e9delmi Hat\u00f3s\u00e1g (NKFH) a magyar csal\u00e1dok v\u00e9delme \u00e9rdek\u00e9ben a farsangi id\u0151szakban is kiemelt figyelmet ford\u00edt a szezon\u00e1lis term\u00e9kk\u00f6r\u00f6k ellen\u0151rz\u00e9s\u00e9re, valamint hat\u00e1rozottan fell\u00e9p, amennyiben hi\u00e1nyoss\u00e1gokat tapasztal. Nem biztons\u00e1gos term\u00e9k eset\u00e9n az NKFH szakmai ir\u00e1ny\u00edt\u00e1sa alatt \u00e1ll\u00f3 korm\u00e1nyhivatalok int\u00e9zkednek a term\u00e9k forgalomb\u00f3l t\u00f6rt\u00e9n\u0151 kivon\u00e1sa \u00e9s a fogyaszt\u00f3kt\u00f3l t\u00f6rt\u00e9n\u0151 visszah\u00edv\u00e1sa ir\u00e1nt.<\/strong><\/p>\n<\/div>\n<div id=\"740\" class=\"text-text\/neutral\/strong font-medium mb-6\">\n<p class=\"mb-6\">A vissza\u00e9l\u00e9sre alkalmas, sokszor vesz\u00e9lyes term\u00e9kek kisz\u0171r\u00e9s\u00e9re a Nemzeti Kereskedelmi \u00e9s Fogyaszt\u00f3v\u00e9delmi Hat\u00f3s\u00e1g (NKFH) \u00e9s a szakmai ir\u00e1ny\u00edt\u00e1sa alatt \u00e1ll\u00f3 korm\u00e1nyhivatalok kiemelt hangs\u00falyt fektetnek. Az NKFH akkredit\u00e1lt laborat\u00f3riumi vizsg\u00e1latainak els\u0151dleges c\u00e9lja, hogy kisz\u0171rj\u00e9k a forgalomb\u00f3l azokat a term\u00e9keket, melyeknek \u00e9g\u00e9si tulajdons\u00e1gai nem biztons\u00e1gosak. A hat\u00f3s\u00e1g feladata tov\u00e1bb\u00e1 a jogellenes forgalmaz\u00e1s felt\u00e1r\u00e1sa, valamint jogs\u00e9rt\u00e9s meg\u00e1llap\u00edt\u00e1sa eset\u00e9n a jogk\u00f6vet\u0151 magatart\u00e1s kik\u00e9nyszer\u00edt\u00e9se. Az ellen\u0151rz\u00e9sek fontoss\u00e1g\u00e1t igazolja, hogy a kor\u00e1bbi \u00e9vben a vizsg\u00e1lt 37 jelmez, maszk \u00e9s par\u00f3ka k\u00f6z\u00fcl 20 nem el\u00e9g\u00edtette ki a szabv\u00e1ny k\u00f6vetelm\u00e9nyeit, azaz a term\u00e9kek 54%-\u00e1n\u00e1l tal\u00e1ltak kifog\u00e1st a laborat\u00f3riumi munkat\u00e1rsak.<\/p>\n<p class=\"mb-6\">Term\u00e9szetesen a hat\u00f3s\u00e1gi fell\u00e9p\u00e9s mellett a fogyaszt\u00f3i tudatoss\u00e1g is kiemelt fontoss\u00e1g\u00fa a megel\u0151z\u00e9s \u00e9rdek\u00e9ben. A sz\u00fcl\u0151knek ez\u00e9rt azt javasoljuk, hogy k\u00f6r\u00fcltekint\u0151en v\u00e1lassz\u00e1k ki gyermek\u00fck jelmez\u00e9t, mert azok jellemz\u0151en szintetikus anyagb\u00f3l, poli\u00e9szterb\u0151l k\u00e9sz\u00fclnek, \u00edgy adott esetben vesz\u00e9lyesek lehetnek. A term\u00e9kek gy\u00e1rt\u00e1s\u00e1val \u00e9s anyag\u00e1val kapcsolatos inform\u00e1ci\u00f3kat a gy\u00e1rt\u00f3nak kell biztos\u00edtani, azokat a term\u00e9ken c\u00edmk\u00e9z\u00e9s \u00fatj\u00e1n kell felt\u00fcntetnie. Ha a jelmezt olyan alapanyagb\u00f3l k\u00e9sz\u00edtett\u00e9k, amelyn\u00e9l a gyullad\u00e1s eset\u00e9n a l\u00e1ng terjed\u00e9si sebess\u00e9g 10 mm\/s \u00e9s 30 mm\/s k\u00f6z\u00e9 esik, a j\u00e1t\u00e9kon \u00e9s csomagol\u00e1s\u00e1n a k\u00f6vetkez\u0151 figyelmeztet\u00e9st kell felt\u00fcntetni: &#8222;Figyelem! T\u0171zt\u0151l tartsa t\u00e1vol!&#8221;<\/p>\n<p class=\"mb-6\">Sajnos \u00edgy is el\u0151fordulhat, hogy a gyermek olyan helyen haszn\u00e1lja a jelmezt, ahol \u00e9g\u0151 gyertya, vagy egy\u00e9b h\u0151forr\u00e1s van, ez\u00e9rt minden esetben figyelj\u00fcnk arra, hogy a jelmezt visel\u0151 gyermek ne ker\u00fclj\u00f6n h\u0151forr\u00e1s k\u00f6zel\u00e9be. A poli\u00e9szter alap\u00fa jelmez, vagy par\u00f3ka az\u00e9rt vesz\u00e9lyes, mert ny\u00edlt l\u00e1ng k\u00f6zel\u00e9ben a hajr\u00e9sz vagy a jelmez meggyulladhat \u00e9s a l\u00e1ng kiolt\u00e1sa ut\u00e1n az \u00e9g\u00e9s \u00f6nmag\u00e1t\u00f3l nem sz\u0171nik meg. Az ilyen jelmezek el\u0151rel\u00e1that\u00f3 haszn\u00e1lata sor\u00e1n fenn\u00e1ll az \u00e9g\u00e9si s\u00e9r\u00fcl\u00e9s vesz\u00e9ly\u00e9nek s\u00falyos kock\u00e1zata. A term\u00e9szetes anyagb\u00f3l (pl. pamutb\u00f3l, gyapj\u00fafilcb\u0151l) k\u00e9sz\u00fclt jelmezek komfortosabbak \u00e9s kev\u00e9sb\u00e9 gy\u00fal\u00e9konyak.<\/p>\n<p class=\"mb-6\">Nagyon fontos mindemellett, hogy a hajl\u00e9kony maszkok ne tapadjanak az arcra, \u00e9s ne nehez\u00edts\u00e9k meg a l\u00e9legz\u00e9st. A szell\u0151z\u0151fel\u00fcleteket megfelel\u0151en ki kell alak\u00edtani, hogy a term\u00e9k ne legyen fullad\u00e1svesz\u00e9lyes. A fejet teljesen k\u00f6rbez\u00e1r\u00f3, nem \u00e1tl\u00e1tsz\u00f3 anyagb\u00f3l k\u00e9sz\u00fclt \u00e1larcokon \u00e9s sisakokon legal\u00e1bb kett\u0151, egym\u00e1st\u00f3l legal\u00e1bb 150 mm t\u00e1vols\u00e1gra l\u00e9v\u0151 ny\u00edl\u00e1s\u00fa vagy megfelel\u0151en kialak\u00edtott egyny\u00edl\u00e1s\u00fa, legal\u00e1bb 1300 mm2-es szell\u0151z\u0151fel\u00fcletet kell biztos\u00edtani a fullad\u00e1svesz\u00e9ly elker\u00fcl\u00e9se \u00e9rdek\u00e9ben.<\/p>\n<p class=\"mb-6\">Az \u00e1larcok, par\u00f3k\u00e1k, kieg\u00e9sz\u00edt\u0151k \u00e1ltal\u00e1ban egy m\u00e9retben kaphat\u00f3k. Azokat a jelmezeket, amelyet kifejezetten gyerekeknek terveztek, c\u00edmk\u00e9vel jel\u00f6lik \u00e9s a gyermek magass\u00e1g\u00e1t, \u00e9letkor\u00e1t is felt\u00fcntetik, ami megtal\u00e1lhat\u00f3 a term\u00e9kle\u00edr\u00e1sban.<\/p>\n<p class=\"mb-6\">Pint\u00e9r Istv\u00e1n, a Nemzeti Kereskedelmi \u00e9s Fogyaszt\u00f3v\u00e9delmi Hat\u00f3s\u00e1g eln\u00f6ke kiemelte, hogy \u201eaz NKFH, valamint a szakmai ir\u00e1ny\u00edt\u00e1sa alatt \u00e1ll\u00f3 korm\u00e1nyhivatalok mindent megtesznek a v\u00e1s\u00e1rl\u00f3k biztons\u00e1g\u00e1\u00e9rt. Folyamatosan vizsg\u00e1ljuk t\u00f6bbek k\u00f6z\u00f6tt a gyermekj\u00e1t\u00e9kokat, a biztons\u00e1goss\u00e1g hi\u00e1ny\u00e1ban pedig hat\u00e1rozottan fell\u00e9p\u00fcnk a jogs\u00e9rt\u0151 v\u00e1llalkoz\u00e1sokkal szemben. S\u00falyos kock\u00e1zatot jelent\u0151 term\u00e9k eset\u00e9n gondoskodunk a term\u00e9k forgalomb\u00f3l t\u00f6rt\u00e9n\u0151 kivon\u00e1s\u00e1r\u00f3l, illetve a v\u00e1s\u00e1rl\u00f3kt\u00f3l t\u00f6rt\u00e9n\u0151 visszah\u00edv\u00e1sr\u00f3l.\u201d<\/p>\n<p><em>Bor\u00edt\u00f3k\u00e9p, forr\u00e1s: Nemzeti Kereskedelmi \u00e9s Fogyaszt\u00f3v\u00e9delmi Hat\u00f3s\u00e1g<\/em><\/p>\n<\/div>\n","protected":false},"excerpt":{"rendered":"<p>A Nemzeti Kereskedelmi \u00e9s Fogyaszt\u00f3v\u00e9delmi Hat\u00f3s\u00e1g (NKFH) a magyar csal\u00e1dok v\u00e9delme \u00e9rdek\u00e9ben a farsangi id\u0151szakban is kiemelt figyelmet ford\u00edt a szezon\u00e1lis term\u00e9kk\u00f6r\u00f6k ellen\u0151rz\u00e9s\u00e9re, valamint hat\u00e1rozottan fell\u00e9p, amennyiben hi\u00e1nyoss\u00e1gokat tapasztal. Nem biztons\u00e1gos term\u00e9k eset\u00e9n az NKFH szakmai ir\u00e1ny\u00edt\u00e1sa alatt \u00e1ll\u00f3 korm\u00e1nyhivatalok int\u00e9zkednek a term\u00e9k forgalomb\u00f3l t\u00f6rt\u00e9n\u0151 kivon\u00e1sa \u00e9s a fogyaszt\u00f3kt\u00f3l t\u00f6rt\u00e9n\u0151 visszah\u00edv\u00e1sa ir\u00e1nt. A vissza\u00e9l\u00e9sre alkalmas,<\/p>\n","protected":false},"author":1,"featured_media":68752,"comment_status":"closed","ping_status":"closed","sticky":false,"template":"","format":"standard","meta":{"ngg_post_thumbnail":0,"footnotes":""},"categories":[6934,3],"tags":[8234],"class_list":{"0":"post-68750","1":"post","2":"type-post","3":"status-publish","4":"format-standard","5":"has-post-thumbnail","7":"category-belfold","8":"category-hirek","9":"tag-nemzeti-kereskedelmi-es-fogyasztovedelmi-hatosag"},"yoast_head":"<!-- This site is optimized with the Yoast SEO plugin v27.5 - https:\/\/yoast.com\/product\/yoast-seo-wordpress\/ -->\n<title>Gy\u00fal\u00e9konyak lehetnek az egyes farsangi maszkok \u00e9s jelmezek<\/title>\n<meta name=\"robots\" content=\"index, follow, max-snippet:-1, max-image-preview:large, max-video-preview:-1\" \/>\n<link rel=\"canonical\" href=\"https:\/\/dorogimedence.hu\/index.php\/2025\/02\/11\/gyulekonyak-lehetnek-az-egyes-farsangi-maszkok-es-jelmezek\/\" class=\"yoast-seo-meta-tag\" \/>\n<meta property=\"og:locale\" content=\"hu_HU\" class=\"yoast-seo-meta-tag\" \/>\n<meta property=\"og:type\" content=\"article\" class=\"yoast-seo-meta-tag\" \/>\n<meta property=\"og:title\" content=\"Gy\u00fal\u00e9konyak lehetnek az egyes farsangi maszkok \u00e9s jelmezek\" class=\"yoast-seo-meta-tag\" \/>\n<meta property=\"og:description\" content=\"A Nemzeti Kereskedelmi \u00e9s Fogyaszt\u00f3v\u00e9delmi Hat\u00f3s\u00e1g (NKFH) a magyar csal\u00e1dok v\u00e9delme \u00e9rdek\u00e9ben a farsangi id\u0151szakban is kiemelt figyelmet ford\u00edt a szezon\u00e1lis term\u00e9kk\u00f6r\u00f6k ellen\u0151rz\u00e9s\u00e9re, valamint hat\u00e1rozottan fell\u00e9p, amennyiben hi\u00e1nyoss\u00e1gokat tapasztal. Nem biztons\u00e1gos term\u00e9k eset\u00e9n az NKFH szakmai ir\u00e1ny\u00edt\u00e1sa alatt \u00e1ll\u00f3 korm\u00e1nyhivatalok int\u00e9zkednek a term\u00e9k forgalomb\u00f3l t\u00f6rt\u00e9n\u0151 kivon\u00e1sa \u00e9s a fogyaszt\u00f3kt\u00f3l t\u00f6rt\u00e9n\u0151 visszah\u00edv\u00e1sa ir\u00e1nt. A vissza\u00e9l\u00e9sre alkalmas,\" class=\"yoast-seo-meta-tag\" \/>\n<meta property=\"og:url\" content=\"https:\/\/dorogimedence.hu\/index.php\/2025\/02\/11\/gyulekonyak-lehetnek-az-egyes-farsangi-maszkok-es-jelmezek\/\" class=\"yoast-seo-meta-tag\" \/>\n<meta property=\"og:site_name\" content=\"Dorogi-medence Region\u00e1lis H\u00edrport\u00e1l\" class=\"yoast-seo-meta-tag\" \/>\n<meta property=\"article:publisher\" content=\"https:\/\/www.facebook.com\/dorogimedence\/\" class=\"yoast-seo-meta-tag\" \/>\n<meta property=\"article:published_time\" content=\"2025-02-11T09:28:43+00:00\" class=\"yoast-seo-meta-tag\" \/>\n<meta property=\"article:modified_time\" content=\"2025-02-11T09:29:36+00:00\" class=\"yoast-seo-meta-tag\" \/>\n<meta property=\"og:image\" content=\"https:\/\/dorogimedence.hu\/wp-content\/uploads\/2025\/02\/farsang.jpg\" class=\"yoast-seo-meta-tag\" \/>\n\t<meta property=\"og:image:width\" content=\"1920\" class=\"yoast-seo-meta-tag\" \/>\n\t<meta property=\"og:image:height\" content=\"970\" class=\"yoast-seo-meta-tag\" \/>\n\t<meta property=\"og:image:type\" content=\"image\/jpeg\" class=\"yoast-seo-meta-tag\" \/>\n<meta name=\"author\" content=\"dorogimedence.hu\" class=\"yoast-seo-meta-tag\" \/>\n<meta name=\"twitter:card\" content=\"summary_large_image\" class=\"yoast-seo-meta-tag\" \/>\n<meta name=\"twitter:label1\" content=\"Szerz\u0151:\" class=\"yoast-seo-meta-tag\" \/>\n\t<meta name=\"twitter:data1\" content=\"dorogimedence.hu\" class=\"yoast-seo-meta-tag\" \/>\n\t<meta name=\"twitter:label2\" content=\"Becs\u00fclt olvas\u00e1si id\u0151\" class=\"yoast-seo-meta-tag\" \/>\n\t<meta name=\"twitter:data2\" content=\"4 perc\" class=\"yoast-seo-meta-tag\" \/>\n<script type=\"application\/ld+json\" class=\"yoast-schema-graph\">{\"@context\":\"https:\\\/\\\/schema.org\",\"@graph\":[{\"@type\":\"Article\",\"@id\":\"https:\\\/\\\/dorogimedence.hu\\\/index.php\\\/2025\\\/02\\\/11\\\/gyulekonyak-lehetnek-az-egyes-farsangi-maszkok-es-jelmezek\\\/#article\",\"isPartOf\":{\"@id\":\"https:\\\/\\\/dorogimedence.hu\\\/index.php\\\/2025\\\/02\\\/11\\\/gyulekonyak-lehetnek-az-egyes-farsangi-maszkok-es-jelmezek\\\/\"},\"author\":{\"name\":\"dorogimedence.hu\",\"@id\":\"https:\\\/\\\/dorogimedence.hu\\\/#\\\/schema\\\/person\\\/ce6091eeb7e95ecdc87890d6aa8e0fd4\"},\"headline\":\"Gy\u00fal\u00e9konyak lehetnek az egyes farsangi maszkok \u00e9s jelmezek\",\"datePublished\":\"2025-02-11T09:28:43+00:00\",\"dateModified\":\"2025-02-11T09:29:36+00:00\",\"mainEntityOfPage\":{\"@id\":\"https:\\\/\\\/dorogimedence.hu\\\/index.php\\\/2025\\\/02\\\/11\\\/gyulekonyak-lehetnek-az-egyes-farsangi-maszkok-es-jelmezek\\\/\"},\"wordCount\":825,\"publisher\":{\"@id\":\"https:\\\/\\\/dorogimedence.hu\\\/#organization\"},\"image\":{\"@id\":\"https:\\\/\\\/dorogimedence.hu\\\/index.php\\\/2025\\\/02\\\/11\\\/gyulekonyak-lehetnek-az-egyes-farsangi-maszkok-es-jelmezek\\\/#primaryimage\"},\"thumbnailUrl\":\"https:\\\/\\\/dorogimedence.hu\\\/wp-content\\\/uploads\\\/2025\\\/02\\\/farsang.jpg\",\"keywords\":[\"Nemzeti Kereskedelmi \u00e9s Fogyaszt\u00f3v\u00e9delmi Hat\u00f3s\u00e1g\"],\"articleSection\":[\"Belf\u00f6ld, Gazdas\u00e1g\",\"H\u00edrek\"],\"inLanguage\":\"hu\"},{\"@type\":\"WebPage\",\"@id\":\"https:\\\/\\\/dorogimedence.hu\\\/index.php\\\/2025\\\/02\\\/11\\\/gyulekonyak-lehetnek-az-egyes-farsangi-maszkok-es-jelmezek\\\/\",\"url\":\"https:\\\/\\\/dorogimedence.hu\\\/index.php\\\/2025\\\/02\\\/11\\\/gyulekonyak-lehetnek-az-egyes-farsangi-maszkok-es-jelmezek\\\/\",\"name\":\"Gy\u00fal\u00e9konyak lehetnek az egyes farsangi maszkok \u00e9s jelmezek\",\"isPartOf\":{\"@id\":\"https:\\\/\\\/dorogimedence.hu\\\/#website\"},\"primaryImageOfPage\":{\"@id\":\"https:\\\/\\\/dorogimedence.hu\\\/index.php\\\/2025\\\/02\\\/11\\\/gyulekonyak-lehetnek-az-egyes-farsangi-maszkok-es-jelmezek\\\/#primaryimage\"},\"image\":{\"@id\":\"https:\\\/\\\/dorogimedence.hu\\\/index.php\\\/2025\\\/02\\\/11\\\/gyulekonyak-lehetnek-az-egyes-farsangi-maszkok-es-jelmezek\\\/#primaryimage\"},\"thumbnailUrl\":\"https:\\\/\\\/dorogimedence.hu\\\/wp-content\\\/uploads\\\/2025\\\/02\\\/farsang.jpg\",\"datePublished\":\"2025-02-11T09:28:43+00:00\",\"dateModified\":\"2025-02-11T09:29:36+00:00\",\"breadcrumb\":{\"@id\":\"https:\\\/\\\/dorogimedence.hu\\\/index.php\\\/2025\\\/02\\\/11\\\/gyulekonyak-lehetnek-az-egyes-farsangi-maszkok-es-jelmezek\\\/#breadcrumb\"},\"inLanguage\":\"hu\",\"potentialAction\":[{\"@type\":\"ReadAction\",\"target\":[\"https:\\\/\\\/dorogimedence.hu\\\/index.php\\\/2025\\\/02\\\/11\\\/gyulekonyak-lehetnek-az-egyes-farsangi-maszkok-es-jelmezek\\\/\"]}]},{\"@type\":\"ImageObject\",\"inLanguage\":\"hu\",\"@id\":\"https:\\\/\\\/dorogimedence.hu\\\/index.php\\\/2025\\\/02\\\/11\\\/gyulekonyak-lehetnek-az-egyes-farsangi-maszkok-es-jelmezek\\\/#primaryimage\",\"url\":\"https:\\\/\\\/dorogimedence.hu\\\/wp-content\\\/uploads\\\/2025\\\/02\\\/farsang.jpg\",\"contentUrl\":\"https:\\\/\\\/dorogimedence.hu\\\/wp-content\\\/uploads\\\/2025\\\/02\\\/farsang.jpg\",\"width\":1920,\"height\":970},{\"@type\":\"BreadcrumbList\",\"@id\":\"https:\\\/\\\/dorogimedence.hu\\\/index.php\\\/2025\\\/02\\\/11\\\/gyulekonyak-lehetnek-az-egyes-farsangi-maszkok-es-jelmezek\\\/#breadcrumb\",\"itemListElement\":[{\"@type\":\"ListItem\",\"position\":1,\"name\":\"Kezd\u0151lap\",\"item\":\"https:\\\/\\\/dorogimedence.hu\\\/\"},{\"@type\":\"ListItem\",\"position\":2,\"name\":\"Gy\u00fal\u00e9konyak lehetnek az egyes farsangi maszkok \u00e9s jelmezek\"}]},{\"@type\":\"WebSite\",\"@id\":\"https:\\\/\\\/dorogimedence.hu\\\/#website\",\"url\":\"https:\\\/\\\/dorogimedence.hu\\\/\",\"name\":\"Dorogi-medence Region\u00e1lis H\u00edrport\u00e1l\",\"description\":\"Dorog, Keszt\u00f6lc, Le\u00e1nyv\u00e1r, Piliscs\u00e9v, Tokod, Tokodalt\u00e1r\u00f3, Csolnok, Esztergom-kertv\u00e1ros: h\u00edrek, programok\",\"publisher\":{\"@id\":\"https:\\\/\\\/dorogimedence.hu\\\/#organization\"},\"potentialAction\":[{\"@type\":\"SearchAction\",\"target\":{\"@type\":\"EntryPoint\",\"urlTemplate\":\"https:\\\/\\\/dorogimedence.hu\\\/?s={search_term_string}\"},\"query-input\":{\"@type\":\"PropertyValueSpecification\",\"valueRequired\":true,\"valueName\":\"search_term_string\"}}],\"inLanguage\":\"hu\"},{\"@type\":\"Organization\",\"@id\":\"https:\\\/\\\/dorogimedence.hu\\\/#organization\",\"name\":\"Dorogi-medence Region\u00e1lis H\u00edrport\u00e1l\",\"url\":\"https:\\\/\\\/dorogimedence.hu\\\/\",\"logo\":{\"@type\":\"ImageObject\",\"inLanguage\":\"hu\",\"@id\":\"https:\\\/\\\/dorogimedence.hu\\\/#\\\/schema\\\/logo\\\/image\\\/\",\"url\":\"https:\\\/\\\/dorogimedence.hu\\\/wp-content\\\/uploads\\\/2021\\\/04\\\/logo-feher-600.png\",\"contentUrl\":\"https:\\\/\\\/dorogimedence.hu\\\/wp-content\\\/uploads\\\/2021\\\/04\\\/logo-feher-600.png\",\"width\":600,\"height\":100,\"caption\":\"Dorogi-medence Region\u00e1lis H\u00edrport\u00e1l\"},\"image\":{\"@id\":\"https:\\\/\\\/dorogimedence.hu\\\/#\\\/schema\\\/logo\\\/image\\\/\"},\"sameAs\":[\"https:\\\/\\\/www.facebook.com\\\/dorogimedence\\\/\"]},{\"@type\":\"Person\",\"@id\":\"https:\\\/\\\/dorogimedence.hu\\\/#\\\/schema\\\/person\\\/ce6091eeb7e95ecdc87890d6aa8e0fd4\",\"name\":\"dorogimedence.hu\",\"image\":{\"@type\":\"ImageObject\",\"inLanguage\":\"hu\",\"@id\":\"\\\/\\\/www.gravatar.com\\\/avatar\\\/d8d45f8901aadff40a4af72c0b826f1d?s=96&#038;r=g&#038;d=mm\",\"url\":\"\\\/\\\/www.gravatar.com\\\/avatar\\\/d8d45f8901aadff40a4af72c0b826f1d?s=96&#038;r=g&#038;d=mm\",\"contentUrl\":\"\\\/\\\/www.gravatar.com\\\/avatar\\\/d8d45f8901aadff40a4af72c0b826f1d?s=96&#038;r=g&#038;d=mm\",\"caption\":\"dorogimedence.hu\"}}]}<\/script>\n<!-- \/ Yoast SEO plugin. -->","yoast_head_json":{"title":"Gy\u00fal\u00e9konyak lehetnek az egyes farsangi maszkok \u00e9s jelmezek","robots":{"index":"index","follow":"follow","max-snippet":"max-snippet:-1","max-image-preview":"max-image-preview:large","max-video-preview":"max-video-preview:-1"},"canonical":"https:\/\/dorogimedence.hu\/index.php\/2025\/02\/11\/gyulekonyak-lehetnek-az-egyes-farsangi-maszkok-es-jelmezek\/","og_locale":"hu_HU","og_type":"article","og_title":"Gy\u00fal\u00e9konyak lehetnek az egyes farsangi maszkok \u00e9s jelmezek","og_description":"A Nemzeti Kereskedelmi \u00e9s Fogyaszt\u00f3v\u00e9delmi Hat\u00f3s\u00e1g (NKFH) a magyar csal\u00e1dok v\u00e9delme \u00e9rdek\u00e9ben a farsangi id\u0151szakban is kiemelt figyelmet ford\u00edt a szezon\u00e1lis term\u00e9kk\u00f6r\u00f6k ellen\u0151rz\u00e9s\u00e9re, valamint hat\u00e1rozottan fell\u00e9p, amennyiben hi\u00e1nyoss\u00e1gokat tapasztal. Nem biztons\u00e1gos term\u00e9k eset\u00e9n az NKFH szakmai ir\u00e1ny\u00edt\u00e1sa alatt \u00e1ll\u00f3 korm\u00e1nyhivatalok int\u00e9zkednek a term\u00e9k forgalomb\u00f3l t\u00f6rt\u00e9n\u0151 kivon\u00e1sa \u00e9s a fogyaszt\u00f3kt\u00f3l t\u00f6rt\u00e9n\u0151 visszah\u00edv\u00e1sa ir\u00e1nt. A vissza\u00e9l\u00e9sre alkalmas,","og_url":"https:\/\/dorogimedence.hu\/index.php\/2025\/02\/11\/gyulekonyak-lehetnek-az-egyes-farsangi-maszkok-es-jelmezek\/","og_site_name":"Dorogi-medence Region\u00e1lis H\u00edrport\u00e1l","article_publisher":"https:\/\/www.facebook.com\/dorogimedence\/","article_published_time":"2025-02-11T09:28:43+00:00","article_modified_time":"2025-02-11T09:29:36+00:00","og_image":[{"width":1920,"height":970,"url":"https:\/\/dorogimedence.hu\/wp-content\/uploads\/2025\/02\/farsang.jpg","type":"image\/jpeg"}],"author":"dorogimedence.hu","twitter_card":"summary_large_image","twitter_misc":{"Szerz\u0151:":"dorogimedence.hu","Becs\u00fclt olvas\u00e1si id\u0151":"4 perc"},"schema":{"@context":"https:\/\/schema.org","@graph":[{"@type":"Article","@id":"https:\/\/dorogimedence.hu\/index.php\/2025\/02\/11\/gyulekonyak-lehetnek-az-egyes-farsangi-maszkok-es-jelmezek\/#article","isPartOf":{"@id":"https:\/\/dorogimedence.hu\/index.php\/2025\/02\/11\/gyulekonyak-lehetnek-az-egyes-farsangi-maszkok-es-jelmezek\/"},"author":{"name":"dorogimedence.hu","@id":"https:\/\/dorogimedence.hu\/#\/schema\/person\/ce6091eeb7e95ecdc87890d6aa8e0fd4"},"headline":"Gy\u00fal\u00e9konyak lehetnek az egyes farsangi maszkok \u00e9s jelmezek","datePublished":"2025-02-11T09:28:43+00:00","dateModified":"2025-02-11T09:29:36+00:00","mainEntityOfPage":{"@id":"https:\/\/dorogimedence.hu\/index.php\/2025\/02\/11\/gyulekonyak-lehetnek-az-egyes-farsangi-maszkok-es-jelmezek\/"},"wordCount":825,"publisher":{"@id":"https:\/\/dorogimedence.hu\/#organization"},"image":{"@id":"https:\/\/dorogimedence.hu\/index.php\/2025\/02\/11\/gyulekonyak-lehetnek-az-egyes-farsangi-maszkok-es-jelmezek\/#primaryimage"},"thumbnailUrl":"https:\/\/dorogimedence.hu\/wp-content\/uploads\/2025\/02\/farsang.jpg","keywords":["Nemzeti Kereskedelmi \u00e9s Fogyaszt\u00f3v\u00e9delmi Hat\u00f3s\u00e1g"],"articleSection":["Belf\u00f6ld, Gazdas\u00e1g","H\u00edrek"],"inLanguage":"hu"},{"@type":"WebPage","@id":"https:\/\/dorogimedence.hu\/index.php\/2025\/02\/11\/gyulekonyak-lehetnek-az-egyes-farsangi-maszkok-es-jelmezek\/","url":"https:\/\/dorogimedence.hu\/index.php\/2025\/02\/11\/gyulekonyak-lehetnek-az-egyes-farsangi-maszkok-es-jelmezek\/","name":"Gy\u00fal\u00e9konyak lehetnek az egyes farsangi maszkok \u00e9s jelmezek","isPartOf":{"@id":"https:\/\/dorogimedence.hu\/#website"},"primaryImageOfPage":{"@id":"https:\/\/dorogimedence.hu\/index.php\/2025\/02\/11\/gyulekonyak-lehetnek-az-egyes-farsangi-maszkok-es-jelmezek\/#primaryimage"},"image":{"@id":"https:\/\/dorogimedence.hu\/index.php\/2025\/02\/11\/gyulekonyak-lehetnek-az-egyes-farsangi-maszkok-es-jelmezek\/#primaryimage"},"thumbnailUrl":"https:\/\/dorogimedence.hu\/wp-content\/uploads\/2025\/02\/farsang.jpg","datePublished":"2025-02-11T09:28:43+00:00","dateModified":"2025-02-11T09:29:36+00:00","breadcrumb":{"@id":"https:\/\/dorogimedence.hu\/index.php\/2025\/02\/11\/gyulekonyak-lehetnek-az-egyes-farsangi-maszkok-es-jelmezek\/#breadcrumb"},"inLanguage":"hu","potentialAction":[{"@type":"ReadAction","target":["https:\/\/dorogimedence.hu\/index.php\/2025\/02\/11\/gyulekonyak-lehetnek-az-egyes-farsangi-maszkok-es-jelmezek\/"]}]},{"@type":"ImageObject","inLanguage":"hu","@id":"https:\/\/dorogimedence.hu\/index.php\/2025\/02\/11\/gyulekonyak-lehetnek-az-egyes-farsangi-maszkok-es-jelmezek\/#primaryimage","url":"https:\/\/dorogimedence.hu\/wp-content\/uploads\/2025\/02\/farsang.jpg","contentUrl":"https:\/\/dorogimedence.hu\/wp-content\/uploads\/2025\/02\/farsang.jpg","width":1920,"height":970},{"@type":"BreadcrumbList","@id":"https:\/\/dorogimedence.hu\/index.php\/2025\/02\/11\/gyulekonyak-lehetnek-az-egyes-farsangi-maszkok-es-jelmezek\/#breadcrumb","itemListElement":[{"@type":"ListItem","position":1,"name":"Kezd\u0151lap","item":"https:\/\/dorogimedence.hu\/"},{"@type":"ListItem","position":2,"name":"Gy\u00fal\u00e9konyak lehetnek az egyes farsangi maszkok \u00e9s jelmezek"}]},{"@type":"WebSite","@id":"https:\/\/dorogimedence.hu\/#website","url":"https:\/\/dorogimedence.hu\/","name":"Dorogi-medence Region\u00e1lis H\u00edrport\u00e1l","description":"Dorog, Keszt\u00f6lc, Le\u00e1nyv\u00e1r, Piliscs\u00e9v, Tokod, Tokodalt\u00e1r\u00f3, Csolnok, Esztergom-kertv\u00e1ros: h\u00edrek, programok","publisher":{"@id":"https:\/\/dorogimedence.hu\/#organization"},"potentialAction":[{"@type":"SearchAction","target":{"@type":"EntryPoint","urlTemplate":"https:\/\/dorogimedence.hu\/?s={search_term_string}"},"query-input":{"@type":"PropertyValueSpecification","valueRequired":true,"valueName":"search_term_string"}}],"inLanguage":"hu"},{"@type":"Organization","@id":"https:\/\/dorogimedence.hu\/#organization","name":"Dorogi-medence Region\u00e1lis H\u00edrport\u00e1l","url":"https:\/\/dorogimedence.hu\/","logo":{"@type":"ImageObject","inLanguage":"hu","@id":"https:\/\/dorogimedence.hu\/#\/schema\/logo\/image\/","url":"https:\/\/dorogimedence.hu\/wp-content\/uploads\/2021\/04\/logo-feher-600.png","contentUrl":"https:\/\/dorogimedence.hu\/wp-content\/uploads\/2021\/04\/logo-feher-600.png","width":600,"height":100,"caption":"Dorogi-medence Region\u00e1lis H\u00edrport\u00e1l"},"image":{"@id":"https:\/\/dorogimedence.hu\/#\/schema\/logo\/image\/"},"sameAs":["https:\/\/www.facebook.com\/dorogimedence\/"]},{"@type":"Person","@id":"https:\/\/dorogimedence.hu\/#\/schema\/person\/ce6091eeb7e95ecdc87890d6aa8e0fd4","name":"dorogimedence.hu","image":{"@type":"ImageObject","inLanguage":"hu","@id":"\/\/www.gravatar.com\/avatar\/d8d45f8901aadff40a4af72c0b826f1d?s=96&#038;r=g&#038;d=mm","url":"\/\/www.gravatar.com\/avatar\/d8d45f8901aadff40a4af72c0b826f1d?s=96&#038;r=g&#038;d=mm","contentUrl":"\/\/www.gravatar.com\/avatar\/d8d45f8901aadff40a4af72c0b826f1d?s=96&#038;r=g&#038;d=mm","caption":"dorogimedence.hu"}}]}},"_links":{"self":[{"href":"https:\/\/dorogimedence.hu\/index.php\/wp-json\/wp\/v2\/posts\/68750","targetHints":{"allow":["GET"]}}],"collection":[{"href":"https:\/\/dorogimedence.hu\/index.php\/wp-json\/wp\/v2\/posts"}],"about":[{"href":"https:\/\/dorogimedence.hu\/index.php\/wp-json\/wp\/v2\/types\/post"}],"author":[{"embeddable":true,"href":"https:\/\/dorogimedence.hu\/index.php\/wp-json\/wp\/v2\/users\/1"}],"replies":[{"embeddable":true,"href":"https:\/\/dorogimedence.hu\/index.php\/wp-json\/wp\/v2\/comments?post=68750"}],"version-history":[{"count":0,"href":"https:\/\/dorogimedence.hu\/index.php\/wp-json\/wp\/v2\/posts\/68750\/revisions"}],"wp:featuredmedia":[{"embeddable":true,"href":"https:\/\/dorogimedence.hu\/index.php\/wp-json\/wp\/v2\/media\/68752"}],"wp:attachment":[{"href":"https:\/\/dorogimedence.hu\/index.php\/wp-json\/wp\/v2\/media?parent=68750"}],"wp:term":[{"taxonomy":"category","embeddable":true,"href":"https:\/\/dorogimedence.hu\/index.php\/wp-json\/wp\/v2\/categories?post=68750"},{"taxonomy":"post_tag","embeddable":true,"href":"https:\/\/dorogimedence.hu\/index.php\/wp-json\/wp\/v2\/tags?post=68750"}],"curies":[{"name":"wp","href":"https:\/\/api.w.org\/{rel}","templated":true}]}}