{"id":6874,"date":"2017-11-18T09:53:23","date_gmt":"2017-11-18T08:53:23","guid":{"rendered":"http:\/\/dorogimedence.hu\/?p=6874"},"modified":"2017-11-18T09:53:23","modified_gmt":"2017-11-18T08:53:23","slug":"a-betegbiztonsag-erdekeben-fejlesztik-az-esztergomi-korhazat","status":"publish","type":"post","link":"https:\/\/dorogimedence.hu\/index.php\/2017\/11\/18\/a-betegbiztonsag-erdekeben-fejlesztik-az-esztergomi-korhazat\/","title":{"rendered":"A betegbiztons\u00e1g \u00e9rdek\u00e9ben fejlesztik az esztergomi k\u00f3rh\u00e1zat"},"content":{"rendered":"<div class=\"pre\">\n<p><strong>K\u00f6zel 146 milli\u00f3 forint p\u00e1ly\u00e1zati p\u00e9nzhez jutott a Vaszary Kolos K\u00f3rh\u00e1z, amib\u0151l a betegbiztons\u00e1got kell er\u0151s\u00edteni\u00fck.<\/strong><\/p>\n<\/div>\n<p>Az esztergomi Vaszary Kolos K\u00f3rh\u00e1z sikeres p\u00e1ly\u00e1zatot adott be az Emberi Er\u0151forr\u00e1s Operat\u00edv Program (EFOP) EFOP-2.2.18 k\u00f3dsz\u00e1m\u00fa \u201eBetegbiztons\u00e1g n\u00f6vel\u00e9s\u00e9t c\u00e9lz\u00f3 komplex infrastruktur\u00e1lis fejleszt\u00e9sek az eg\u00e9szs\u00e9g\u00fcgyi ell\u00e1t\u00f3rendszerben\u201d p\u00e1ly\u00e1zati felh\u00edv\u00e1sra \u00e9s szerz\u0151d\u00e9st k\u00f6t\u00f6tt az Emberi Er\u0151forr\u00e1sok Miniszt\u00e9riuma EU Fejleszt\u00e9sek V\u00e9grehajt\u00e1s\u00e1\u00e9rt Felel\u0151s Helyettes \u00c1llamtitk\u00e1rs\u00e1ggal, mint T\u00e1mogat\u00f3val a Fert\u0151z\u00e9s megel\u0151z\u00e9s az esztergomi Vaszary Kolos K\u00f3rh\u00e1zban c\u00edm\u0171 EFOP-2.2.18-17-2017-00059 azonos\u00edt\u00f3 sz\u00e1m\u00fa projekt megval\u00f3s\u00edt\u00e1s\u00e1ra.<\/p>\n<p>A projekt az Eur\u00f3pai Uni\u00f3 t\u00e1mogat\u00e1s\u00e1val, az Eur\u00f3pai Region\u00e1lis Fejleszt\u00e9si Alapb\u00f3l \u00e9s hazai k\u00f6zponti k\u00f6lts\u00e9gvet\u00e9si el\u0151ir\u00e1nyzatb\u00f3l 145,97 milli\u00f3 Ft vissza nem t\u00e9r\u00edtend\u0151 t\u00e1mogat\u00e1s form\u00e1j\u00e1ban ker\u00fcl finansz\u00edroz\u00e1sra. A projekt operat\u00edv c\u00e9ljai illeszkednek a felh\u00edv\u00e1s h\u00e1rom r\u00e9szc\u00e9lj\u00e1nak megval\u00f3s\u00edt\u00e1s\u00e1hoz az al\u00e1bbiak szerint: 1. a projekt az esztergomi Vaszary Kolos K\u00f3rh\u00e1z fekv\u0151beteg ell\u00e1t\u00e1sainak betegbiztons\u00e1ggal kapcsolatos technol\u00f3giai folyamatainak fejleszt\u00e9s\u00e9t c\u00e9lozza, melynek seg\u00edts\u00e9g\u00e9vel cs\u00f6kkenthet\u0151 a munkav\u00e9gz\u00e9s sor\u00e1n bek\u00f6vetkez\u0151 hib\u00e1k \u00e9s k\u00f3rh\u00e1zi fert\u0151z\u00e9sek kialakul\u00e1s\u00e1nak kock\u00e1zata, 2. c\u00e9lja tov\u00e1bb\u00e1 az egys\u00e9ges betegazonos\u00edt\u00f3 rendszer int\u00e9zm\u00e9nyi bevezet\u00e9se, 3. valamint a k\u00f3rh\u00e1zi fert\u0151z\u00e9sek megel\u0151z\u00e9se \u00e9s visszaszor\u00edt\u00e1sa a jelen projektben beszerzend\u0151 eszk\u00f6z\u00f6k \u00e9s m\u0171szerek \u00e1ltal.<\/p>\n<p>A Projekt megval\u00f3s\u00edt\u00e1si id\u0151szak\u00e1nak kezd\u0151 id\u0151pontja: 2017.10.01. A Projekt fizikai befejez\u00e9s\u00e9nek tervezett napja: 2018.09.30. A projekt k\u00f6lts\u00e9gvet\u00e9se: 145 969 769 Ft, 100%-os t\u00e1mogat\u00e1si intenzit\u00e1s mellett. A projekt keret\u00e9ben megval\u00f3s\u00edtani tervezett fejleszt\u00e9sek \u2013 a betegbiztons\u00e1g fejleszt\u00e9se r\u00e9v\u00e9n\u2013 jelent\u0151sen jav\u00edtj\u00e1k az int\u00e9zm\u00e9ny ell\u00e1t\u00e1si sz\u00ednvonal\u00e1t.<\/p>\n<p><em>Forr\u00e1s: <a href=\"http:\/\/www.rtve.hu\/index.php\/component\/k2\/item\/13143-fertozes-megelozes-a-vaszary-kolos-korhazban\" target=\"_blank\" rel=\"noopener\"><span style=\"text-decoration: underline; color: #0000ff;\">rtve.hu<\/span><\/a><\/em><\/p>\n","protected":false},"excerpt":{"rendered":"<p>K\u00f6zel 146 milli\u00f3 forint p\u00e1ly\u00e1zati p\u00e9nzhez jutott a Vaszary Kolos K\u00f3rh\u00e1z, amib\u0151l a betegbiztons\u00e1got kell er\u0151s\u00edteni\u00fck. Az esztergomi Vaszary Kolos K\u00f3rh\u00e1z sikeres p\u00e1ly\u00e1zatot adott be az Emberi Er\u0151forr\u00e1s Operat\u00edv Program (EFOP) EFOP-2.2.18 k\u00f3dsz\u00e1m\u00fa \u201eBetegbiztons\u00e1g n\u00f6vel\u00e9s\u00e9t c\u00e9lz\u00f3 komplex infrastruktur\u00e1lis fejleszt\u00e9sek az eg\u00e9szs\u00e9g\u00fcgyi ell\u00e1t\u00f3rendszerben\u201d p\u00e1ly\u00e1zati felh\u00edv\u00e1sra \u00e9s szerz\u0151d\u00e9st k\u00f6t\u00f6tt az Emberi Er\u0151forr\u00e1sok Miniszt\u00e9riuma EU Fejleszt\u00e9sek V\u00e9grehajt\u00e1s\u00e1\u00e9rt Felel\u0151s<\/p>\n","protected":false},"author":1,"featured_media":3100,"comment_status":"closed","ping_status":"closed","sticky":false,"template":"","format":"standard","meta":{"ngg_post_thumbnail":0,"footnotes":""},"categories":[38,3],"tags":[49,42,157,74,1434],"class_list":{"0":"post-6874","1":"post","2":"type-post","3":"status-publish","4":"format-standard","5":"has-post-thumbnail","7":"category-esztergom","8":"category-hirek","9":"tag-egeszsegugy","10":"tag-esztergom","11":"tag-fejlesztes","12":"tag-palyazat","13":"tag-vaszary-kolos-korhaz"},"yoast_head":"<!-- This site is optimized with the Yoast SEO plugin v27.4 - https:\/\/yoast.com\/product\/yoast-seo-wordpress\/ -->\n<title>A betegbiztons\u00e1g \u00e9rdek\u00e9ben fejlesztik az esztergomi k\u00f3rh\u00e1zat<\/title>\n<meta name=\"robots\" content=\"index, follow, max-snippet:-1, max-image-preview:large, max-video-preview:-1\" \/>\n<link rel=\"canonical\" href=\"https:\/\/dorogimedence.hu\/index.php\/2017\/11\/18\/a-betegbiztonsag-erdekeben-fejlesztik-az-esztergomi-korhazat\/\" class=\"yoast-seo-meta-tag\" \/>\n<meta property=\"og:locale\" content=\"hu_HU\" class=\"yoast-seo-meta-tag\" \/>\n<meta property=\"og:type\" content=\"article\" class=\"yoast-seo-meta-tag\" \/>\n<meta property=\"og:title\" content=\"A betegbiztons\u00e1g \u00e9rdek\u00e9ben fejlesztik az esztergomi k\u00f3rh\u00e1zat\" class=\"yoast-seo-meta-tag\" \/>\n<meta property=\"og:description\" content=\"K\u00f6zel 146 milli\u00f3 forint p\u00e1ly\u00e1zati p\u00e9nzhez jutott a Vaszary Kolos K\u00f3rh\u00e1z, amib\u0151l a betegbiztons\u00e1got kell er\u0151s\u00edteni\u00fck. Az esztergomi Vaszary Kolos K\u00f3rh\u00e1z sikeres p\u00e1ly\u00e1zatot adott be az Emberi Er\u0151forr\u00e1s Operat\u00edv Program (EFOP) EFOP-2.2.18 k\u00f3dsz\u00e1m\u00fa \u201eBetegbiztons\u00e1g n\u00f6vel\u00e9s\u00e9t c\u00e9lz\u00f3 komplex infrastruktur\u00e1lis fejleszt\u00e9sek az eg\u00e9szs\u00e9g\u00fcgyi ell\u00e1t\u00f3rendszerben\u201d p\u00e1ly\u00e1zati felh\u00edv\u00e1sra \u00e9s szerz\u0151d\u00e9st k\u00f6t\u00f6tt az Emberi Er\u0151forr\u00e1sok Miniszt\u00e9riuma EU Fejleszt\u00e9sek V\u00e9grehajt\u00e1s\u00e1\u00e9rt Felel\u0151s\" class=\"yoast-seo-meta-tag\" \/>\n<meta property=\"og:url\" content=\"https:\/\/dorogimedence.hu\/index.php\/2017\/11\/18\/a-betegbiztonsag-erdekeben-fejlesztik-az-esztergomi-korhazat\/\" class=\"yoast-seo-meta-tag\" \/>\n<meta property=\"og:site_name\" content=\"Dorogi-medence Region\u00e1lis H\u00edrport\u00e1l\" class=\"yoast-seo-meta-tag\" \/>\n<meta property=\"article:publisher\" content=\"https:\/\/www.facebook.com\/dorogimedence\/\" class=\"yoast-seo-meta-tag\" \/>\n<meta property=\"article:published_time\" content=\"2017-11-18T08:53:23+00:00\" class=\"yoast-seo-meta-tag\" \/>\n<meta property=\"og:image\" content=\"https:\/\/i0.wp.com\/dorogimedence.hu\/wp-content\/uploads\/2017\/05\/vaszary.jpg?fit=670%2C365&ssl=1\" class=\"yoast-seo-meta-tag\" \/>\n\t<meta property=\"og:image:width\" content=\"670\" class=\"yoast-seo-meta-tag\" \/>\n\t<meta property=\"og:image:height\" content=\"365\" class=\"yoast-seo-meta-tag\" \/>\n\t<meta property=\"og:image:type\" content=\"image\/jpeg\" class=\"yoast-seo-meta-tag\" \/>\n<meta name=\"author\" content=\"dorogimedence.hu\" class=\"yoast-seo-meta-tag\" \/>\n<meta name=\"twitter:card\" content=\"summary_large_image\" class=\"yoast-seo-meta-tag\" \/>\n<meta name=\"twitter:label1\" content=\"Szerz\u0151:\" class=\"yoast-seo-meta-tag\" \/>\n\t<meta name=\"twitter:data1\" content=\"dorogimedence.hu\" class=\"yoast-seo-meta-tag\" \/>\n\t<meta name=\"twitter:label2\" content=\"Becs\u00fclt olvas\u00e1si id\u0151\" class=\"yoast-seo-meta-tag\" \/>\n\t<meta name=\"twitter:data2\" content=\"2 perc\" class=\"yoast-seo-meta-tag\" \/>\n<script type=\"application\/ld+json\" class=\"yoast-schema-graph\">{\"@context\":\"https:\\\/\\\/schema.org\",\"@graph\":[{\"@type\":\"Article\",\"@id\":\"https:\\\/\\\/dorogimedence.hu\\\/index.php\\\/2017\\\/11\\\/18\\\/a-betegbiztonsag-erdekeben-fejlesztik-az-esztergomi-korhazat\\\/#article\",\"isPartOf\":{\"@id\":\"https:\\\/\\\/dorogimedence.hu\\\/index.php\\\/2017\\\/11\\\/18\\\/a-betegbiztonsag-erdekeben-fejlesztik-az-esztergomi-korhazat\\\/\"},\"author\":{\"name\":\"dorogimedence.hu\",\"@id\":\"https:\\\/\\\/dorogimedence.hu\\\/#\\\/schema\\\/person\\\/ce6091eeb7e95ecdc87890d6aa8e0fd4\"},\"headline\":\"A betegbiztons\u00e1g \u00e9rdek\u00e9ben fejlesztik az esztergomi k\u00f3rh\u00e1zat\",\"datePublished\":\"2017-11-18T08:53:23+00:00\",\"mainEntityOfPage\":{\"@id\":\"https:\\\/\\\/dorogimedence.hu\\\/index.php\\\/2017\\\/11\\\/18\\\/a-betegbiztonsag-erdekeben-fejlesztik-az-esztergomi-korhazat\\\/\"},\"wordCount\":392,\"publisher\":{\"@id\":\"https:\\\/\\\/dorogimedence.hu\\\/#organization\"},\"image\":{\"@id\":\"https:\\\/\\\/dorogimedence.hu\\\/index.php\\\/2017\\\/11\\\/18\\\/a-betegbiztonsag-erdekeben-fejlesztik-az-esztergomi-korhazat\\\/#primaryimage\"},\"thumbnailUrl\":\"https:\\\/\\\/dorogimedence.hu\\\/wp-content\\\/uploads\\\/2017\\\/05\\\/vaszary.jpg\",\"keywords\":[\"eg\u00e9szs\u00e9g\u00fcgy\",\"esztergom\",\"fejleszt\u00e9s\",\"p\u00e1ly\u00e1zat\",\"Vaszary Kolos K\u00f3rh\u00e1z\"],\"articleSection\":[\"Esztergom\",\"H\u00edrek\"],\"inLanguage\":\"hu\"},{\"@type\":\"WebPage\",\"@id\":\"https:\\\/\\\/dorogimedence.hu\\\/index.php\\\/2017\\\/11\\\/18\\\/a-betegbiztonsag-erdekeben-fejlesztik-az-esztergomi-korhazat\\\/\",\"url\":\"https:\\\/\\\/dorogimedence.hu\\\/index.php\\\/2017\\\/11\\\/18\\\/a-betegbiztonsag-erdekeben-fejlesztik-az-esztergomi-korhazat\\\/\",\"name\":\"A betegbiztons\u00e1g \u00e9rdek\u00e9ben fejlesztik az esztergomi k\u00f3rh\u00e1zat\",\"isPartOf\":{\"@id\":\"https:\\\/\\\/dorogimedence.hu\\\/#website\"},\"primaryImageOfPage\":{\"@id\":\"https:\\\/\\\/dorogimedence.hu\\\/index.php\\\/2017\\\/11\\\/18\\\/a-betegbiztonsag-erdekeben-fejlesztik-az-esztergomi-korhazat\\\/#primaryimage\"},\"image\":{\"@id\":\"https:\\\/\\\/dorogimedence.hu\\\/index.php\\\/2017\\\/11\\\/18\\\/a-betegbiztonsag-erdekeben-fejlesztik-az-esztergomi-korhazat\\\/#primaryimage\"},\"thumbnailUrl\":\"https:\\\/\\\/dorogimedence.hu\\\/wp-content\\\/uploads\\\/2017\\\/05\\\/vaszary.jpg\",\"datePublished\":\"2017-11-18T08:53:23+00:00\",\"breadcrumb\":{\"@id\":\"https:\\\/\\\/dorogimedence.hu\\\/index.php\\\/2017\\\/11\\\/18\\\/a-betegbiztonsag-erdekeben-fejlesztik-az-esztergomi-korhazat\\\/#breadcrumb\"},\"inLanguage\":\"hu\",\"potentialAction\":[{\"@type\":\"ReadAction\",\"target\":[\"https:\\\/\\\/dorogimedence.hu\\\/index.php\\\/2017\\\/11\\\/18\\\/a-betegbiztonsag-erdekeben-fejlesztik-az-esztergomi-korhazat\\\/\"]}]},{\"@type\":\"ImageObject\",\"inLanguage\":\"hu\",\"@id\":\"https:\\\/\\\/dorogimedence.hu\\\/index.php\\\/2017\\\/11\\\/18\\\/a-betegbiztonsag-erdekeben-fejlesztik-az-esztergomi-korhazat\\\/#primaryimage\",\"url\":\"https:\\\/\\\/dorogimedence.hu\\\/wp-content\\\/uploads\\\/2017\\\/05\\\/vaszary.jpg\",\"contentUrl\":\"https:\\\/\\\/dorogimedence.hu\\\/wp-content\\\/uploads\\\/2017\\\/05\\\/vaszary.jpg\",\"width\":670,\"height\":365},{\"@type\":\"BreadcrumbList\",\"@id\":\"https:\\\/\\\/dorogimedence.hu\\\/index.php\\\/2017\\\/11\\\/18\\\/a-betegbiztonsag-erdekeben-fejlesztik-az-esztergomi-korhazat\\\/#breadcrumb\",\"itemListElement\":[{\"@type\":\"ListItem\",\"position\":1,\"name\":\"Kezd\u0151lap\",\"item\":\"https:\\\/\\\/dorogimedence.hu\\\/\"},{\"@type\":\"ListItem\",\"position\":2,\"name\":\"A betegbiztons\u00e1g \u00e9rdek\u00e9ben fejlesztik az esztergomi k\u00f3rh\u00e1zat\"}]},{\"@type\":\"WebSite\",\"@id\":\"https:\\\/\\\/dorogimedence.hu\\\/#website\",\"url\":\"https:\\\/\\\/dorogimedence.hu\\\/\",\"name\":\"Dorogi-medence Region\u00e1lis H\u00edrport\u00e1l\",\"description\":\"Dorog, Keszt\u00f6lc, Le\u00e1nyv\u00e1r, Piliscs\u00e9v, Tokod, Tokodalt\u00e1r\u00f3, Csolnok, Esztergom-kertv\u00e1ros: h\u00edrek, programok\",\"publisher\":{\"@id\":\"https:\\\/\\\/dorogimedence.hu\\\/#organization\"},\"potentialAction\":[{\"@type\":\"SearchAction\",\"target\":{\"@type\":\"EntryPoint\",\"urlTemplate\":\"https:\\\/\\\/dorogimedence.hu\\\/?s={search_term_string}\"},\"query-input\":{\"@type\":\"PropertyValueSpecification\",\"valueRequired\":true,\"valueName\":\"search_term_string\"}}],\"inLanguage\":\"hu\"},{\"@type\":\"Organization\",\"@id\":\"https:\\\/\\\/dorogimedence.hu\\\/#organization\",\"name\":\"Dorogi-medence Region\u00e1lis H\u00edrport\u00e1l\",\"url\":\"https:\\\/\\\/dorogimedence.hu\\\/\",\"logo\":{\"@type\":\"ImageObject\",\"inLanguage\":\"hu\",\"@id\":\"https:\\\/\\\/dorogimedence.hu\\\/#\\\/schema\\\/logo\\\/image\\\/\",\"url\":\"https:\\\/\\\/dorogimedence.hu\\\/wp-content\\\/uploads\\\/2021\\\/04\\\/logo-feher-600.png\",\"contentUrl\":\"https:\\\/\\\/dorogimedence.hu\\\/wp-content\\\/uploads\\\/2021\\\/04\\\/logo-feher-600.png\",\"width\":600,\"height\":100,\"caption\":\"Dorogi-medence Region\u00e1lis H\u00edrport\u00e1l\"},\"image\":{\"@id\":\"https:\\\/\\\/dorogimedence.hu\\\/#\\\/schema\\\/logo\\\/image\\\/\"},\"sameAs\":[\"https:\\\/\\\/www.facebook.com\\\/dorogimedence\\\/\"]},{\"@type\":\"Person\",\"@id\":\"https:\\\/\\\/dorogimedence.hu\\\/#\\\/schema\\\/person\\\/ce6091eeb7e95ecdc87890d6aa8e0fd4\",\"name\":\"dorogimedence.hu\",\"image\":{\"@type\":\"ImageObject\",\"inLanguage\":\"hu\",\"@id\":\"\\\/\\\/www.gravatar.com\\\/avatar\\\/d8d45f8901aadff40a4af72c0b826f1d?s=96&#038;r=g&#038;d=mm\",\"url\":\"\\\/\\\/www.gravatar.com\\\/avatar\\\/d8d45f8901aadff40a4af72c0b826f1d?s=96&#038;r=g&#038;d=mm\",\"contentUrl\":\"\\\/\\\/www.gravatar.com\\\/avatar\\\/d8d45f8901aadff40a4af72c0b826f1d?s=96&#038;r=g&#038;d=mm\",\"caption\":\"dorogimedence.hu\"}}]}<\/script>\n<!-- \/ Yoast SEO plugin. -->","yoast_head_json":{"title":"A betegbiztons\u00e1g \u00e9rdek\u00e9ben fejlesztik az esztergomi k\u00f3rh\u00e1zat","robots":{"index":"index","follow":"follow","max-snippet":"max-snippet:-1","max-image-preview":"max-image-preview:large","max-video-preview":"max-video-preview:-1"},"canonical":"https:\/\/dorogimedence.hu\/index.php\/2017\/11\/18\/a-betegbiztonsag-erdekeben-fejlesztik-az-esztergomi-korhazat\/","og_locale":"hu_HU","og_type":"article","og_title":"A betegbiztons\u00e1g \u00e9rdek\u00e9ben fejlesztik az esztergomi k\u00f3rh\u00e1zat","og_description":"K\u00f6zel 146 milli\u00f3 forint p\u00e1ly\u00e1zati p\u00e9nzhez jutott a Vaszary Kolos K\u00f3rh\u00e1z, amib\u0151l a betegbiztons\u00e1got kell er\u0151s\u00edteni\u00fck. Az esztergomi Vaszary Kolos K\u00f3rh\u00e1z sikeres p\u00e1ly\u00e1zatot adott be az Emberi Er\u0151forr\u00e1s Operat\u00edv Program (EFOP) EFOP-2.2.18 k\u00f3dsz\u00e1m\u00fa \u201eBetegbiztons\u00e1g n\u00f6vel\u00e9s\u00e9t c\u00e9lz\u00f3 komplex infrastruktur\u00e1lis fejleszt\u00e9sek az eg\u00e9szs\u00e9g\u00fcgyi ell\u00e1t\u00f3rendszerben\u201d p\u00e1ly\u00e1zati felh\u00edv\u00e1sra \u00e9s szerz\u0151d\u00e9st k\u00f6t\u00f6tt az Emberi Er\u0151forr\u00e1sok Miniszt\u00e9riuma EU Fejleszt\u00e9sek V\u00e9grehajt\u00e1s\u00e1\u00e9rt Felel\u0151s","og_url":"https:\/\/dorogimedence.hu\/index.php\/2017\/11\/18\/a-betegbiztonsag-erdekeben-fejlesztik-az-esztergomi-korhazat\/","og_site_name":"Dorogi-medence Region\u00e1lis H\u00edrport\u00e1l","article_publisher":"https:\/\/www.facebook.com\/dorogimedence\/","article_published_time":"2017-11-18T08:53:23+00:00","og_image":[{"width":670,"height":365,"url":"https:\/\/i0.wp.com\/dorogimedence.hu\/wp-content\/uploads\/2017\/05\/vaszary.jpg?fit=670%2C365&ssl=1","type":"image\/jpeg"}],"author":"dorogimedence.hu","twitter_card":"summary_large_image","twitter_misc":{"Szerz\u0151:":"dorogimedence.hu","Becs\u00fclt olvas\u00e1si id\u0151":"2 perc"},"schema":{"@context":"https:\/\/schema.org","@graph":[{"@type":"Article","@id":"https:\/\/dorogimedence.hu\/index.php\/2017\/11\/18\/a-betegbiztonsag-erdekeben-fejlesztik-az-esztergomi-korhazat\/#article","isPartOf":{"@id":"https:\/\/dorogimedence.hu\/index.php\/2017\/11\/18\/a-betegbiztonsag-erdekeben-fejlesztik-az-esztergomi-korhazat\/"},"author":{"name":"dorogimedence.hu","@id":"https:\/\/dorogimedence.hu\/#\/schema\/person\/ce6091eeb7e95ecdc87890d6aa8e0fd4"},"headline":"A betegbiztons\u00e1g \u00e9rdek\u00e9ben fejlesztik az esztergomi k\u00f3rh\u00e1zat","datePublished":"2017-11-18T08:53:23+00:00","mainEntityOfPage":{"@id":"https:\/\/dorogimedence.hu\/index.php\/2017\/11\/18\/a-betegbiztonsag-erdekeben-fejlesztik-az-esztergomi-korhazat\/"},"wordCount":392,"publisher":{"@id":"https:\/\/dorogimedence.hu\/#organization"},"image":{"@id":"https:\/\/dorogimedence.hu\/index.php\/2017\/11\/18\/a-betegbiztonsag-erdekeben-fejlesztik-az-esztergomi-korhazat\/#primaryimage"},"thumbnailUrl":"https:\/\/dorogimedence.hu\/wp-content\/uploads\/2017\/05\/vaszary.jpg","keywords":["eg\u00e9szs\u00e9g\u00fcgy","esztergom","fejleszt\u00e9s","p\u00e1ly\u00e1zat","Vaszary Kolos K\u00f3rh\u00e1z"],"articleSection":["Esztergom","H\u00edrek"],"inLanguage":"hu"},{"@type":"WebPage","@id":"https:\/\/dorogimedence.hu\/index.php\/2017\/11\/18\/a-betegbiztonsag-erdekeben-fejlesztik-az-esztergomi-korhazat\/","url":"https:\/\/dorogimedence.hu\/index.php\/2017\/11\/18\/a-betegbiztonsag-erdekeben-fejlesztik-az-esztergomi-korhazat\/","name":"A betegbiztons\u00e1g \u00e9rdek\u00e9ben fejlesztik az esztergomi k\u00f3rh\u00e1zat","isPartOf":{"@id":"https:\/\/dorogimedence.hu\/#website"},"primaryImageOfPage":{"@id":"https:\/\/dorogimedence.hu\/index.php\/2017\/11\/18\/a-betegbiztonsag-erdekeben-fejlesztik-az-esztergomi-korhazat\/#primaryimage"},"image":{"@id":"https:\/\/dorogimedence.hu\/index.php\/2017\/11\/18\/a-betegbiztonsag-erdekeben-fejlesztik-az-esztergomi-korhazat\/#primaryimage"},"thumbnailUrl":"https:\/\/dorogimedence.hu\/wp-content\/uploads\/2017\/05\/vaszary.jpg","datePublished":"2017-11-18T08:53:23+00:00","breadcrumb":{"@id":"https:\/\/dorogimedence.hu\/index.php\/2017\/11\/18\/a-betegbiztonsag-erdekeben-fejlesztik-az-esztergomi-korhazat\/#breadcrumb"},"inLanguage":"hu","potentialAction":[{"@type":"ReadAction","target":["https:\/\/dorogimedence.hu\/index.php\/2017\/11\/18\/a-betegbiztonsag-erdekeben-fejlesztik-az-esztergomi-korhazat\/"]}]},{"@type":"ImageObject","inLanguage":"hu","@id":"https:\/\/dorogimedence.hu\/index.php\/2017\/11\/18\/a-betegbiztonsag-erdekeben-fejlesztik-az-esztergomi-korhazat\/#primaryimage","url":"https:\/\/dorogimedence.hu\/wp-content\/uploads\/2017\/05\/vaszary.jpg","contentUrl":"https:\/\/dorogimedence.hu\/wp-content\/uploads\/2017\/05\/vaszary.jpg","width":670,"height":365},{"@type":"BreadcrumbList","@id":"https:\/\/dorogimedence.hu\/index.php\/2017\/11\/18\/a-betegbiztonsag-erdekeben-fejlesztik-az-esztergomi-korhazat\/#breadcrumb","itemListElement":[{"@type":"ListItem","position":1,"name":"Kezd\u0151lap","item":"https:\/\/dorogimedence.hu\/"},{"@type":"ListItem","position":2,"name":"A betegbiztons\u00e1g \u00e9rdek\u00e9ben fejlesztik az esztergomi k\u00f3rh\u00e1zat"}]},{"@type":"WebSite","@id":"https:\/\/dorogimedence.hu\/#website","url":"https:\/\/dorogimedence.hu\/","name":"Dorogi-medence Region\u00e1lis H\u00edrport\u00e1l","description":"Dorog, Keszt\u00f6lc, Le\u00e1nyv\u00e1r, Piliscs\u00e9v, Tokod, Tokodalt\u00e1r\u00f3, Csolnok, Esztergom-kertv\u00e1ros: h\u00edrek, programok","publisher":{"@id":"https:\/\/dorogimedence.hu\/#organization"},"potentialAction":[{"@type":"SearchAction","target":{"@type":"EntryPoint","urlTemplate":"https:\/\/dorogimedence.hu\/?s={search_term_string}"},"query-input":{"@type":"PropertyValueSpecification","valueRequired":true,"valueName":"search_term_string"}}],"inLanguage":"hu"},{"@type":"Organization","@id":"https:\/\/dorogimedence.hu\/#organization","name":"Dorogi-medence Region\u00e1lis H\u00edrport\u00e1l","url":"https:\/\/dorogimedence.hu\/","logo":{"@type":"ImageObject","inLanguage":"hu","@id":"https:\/\/dorogimedence.hu\/#\/schema\/logo\/image\/","url":"https:\/\/dorogimedence.hu\/wp-content\/uploads\/2021\/04\/logo-feher-600.png","contentUrl":"https:\/\/dorogimedence.hu\/wp-content\/uploads\/2021\/04\/logo-feher-600.png","width":600,"height":100,"caption":"Dorogi-medence Region\u00e1lis H\u00edrport\u00e1l"},"image":{"@id":"https:\/\/dorogimedence.hu\/#\/schema\/logo\/image\/"},"sameAs":["https:\/\/www.facebook.com\/dorogimedence\/"]},{"@type":"Person","@id":"https:\/\/dorogimedence.hu\/#\/schema\/person\/ce6091eeb7e95ecdc87890d6aa8e0fd4","name":"dorogimedence.hu","image":{"@type":"ImageObject","inLanguage":"hu","@id":"\/\/www.gravatar.com\/avatar\/d8d45f8901aadff40a4af72c0b826f1d?s=96&#038;r=g&#038;d=mm","url":"\/\/www.gravatar.com\/avatar\/d8d45f8901aadff40a4af72c0b826f1d?s=96&#038;r=g&#038;d=mm","contentUrl":"\/\/www.gravatar.com\/avatar\/d8d45f8901aadff40a4af72c0b826f1d?s=96&#038;r=g&#038;d=mm","caption":"dorogimedence.hu"}}]}},"_links":{"self":[{"href":"https:\/\/dorogimedence.hu\/index.php\/wp-json\/wp\/v2\/posts\/6874","targetHints":{"allow":["GET"]}}],"collection":[{"href":"https:\/\/dorogimedence.hu\/index.php\/wp-json\/wp\/v2\/posts"}],"about":[{"href":"https:\/\/dorogimedence.hu\/index.php\/wp-json\/wp\/v2\/types\/post"}],"author":[{"embeddable":true,"href":"https:\/\/dorogimedence.hu\/index.php\/wp-json\/wp\/v2\/users\/1"}],"replies":[{"embeddable":true,"href":"https:\/\/dorogimedence.hu\/index.php\/wp-json\/wp\/v2\/comments?post=6874"}],"version-history":[{"count":0,"href":"https:\/\/dorogimedence.hu\/index.php\/wp-json\/wp\/v2\/posts\/6874\/revisions"}],"wp:featuredmedia":[{"embeddable":true,"href":"https:\/\/dorogimedence.hu\/index.php\/wp-json\/wp\/v2\/media\/3100"}],"wp:attachment":[{"href":"https:\/\/dorogimedence.hu\/index.php\/wp-json\/wp\/v2\/media?parent=6874"}],"wp:term":[{"taxonomy":"category","embeddable":true,"href":"https:\/\/dorogimedence.hu\/index.php\/wp-json\/wp\/v2\/categories?post=6874"},{"taxonomy":"post_tag","embeddable":true,"href":"https:\/\/dorogimedence.hu\/index.php\/wp-json\/wp\/v2\/tags?post=6874"}],"curies":[{"name":"wp","href":"https:\/\/api.w.org\/{rel}","templated":true}]}}