{"id":68735,"date":"2025-02-10T14:14:45","date_gmt":"2025-02-10T13:14:45","guid":{"rendered":"https:\/\/dorogimedence.hu\/?p=68735"},"modified":"2025-02-10T14:14:45","modified_gmt":"2025-02-10T13:14:45","slug":"szoros-kuzdelemben-maradt-alul-a-dag-a-miskolccal-szemben","status":"publish","type":"post","link":"https:\/\/dorogimedence.hu\/index.php\/2025\/02\/10\/szoros-kuzdelemben-maradt-alul-a-dag-a-miskolccal-szemben\/","title":{"rendered":"Szoros k\u00fczdelemben maradt alul a D\u00e1g a Miskolccal szemben"},"content":{"rendered":"<p><strong>Febru\u00e1r 7-\u00e9n, p\u00e9nteken rendezt\u00e9k meg a f\u00e9rfi r\u00f6plabda Extraliga soron k\u00f6vetkez\u0151 fordul\u00f3j\u00e1t, melynek keret\u00e9ben a MEAFC-Peka Bau a D\u00e1g KSE-t l\u00e1tta vend\u00e9g\u00fcl Miskolcon.<\/strong><\/p>\n<p>A m\u00e9rk\u0151z\u00e9sen v\u00e9gig ki\u00e9lezett \u00e9s szoros volt a k\u00fczdelem, \u00e1m v\u00e9g\u00fcl a MEAFC-Peka Bau csapata \u00f6r\u00fclhetett a gy\u0151zelemnek. A miskolciak egy\u00e9bk\u00e9nt h\u00e1rommeccses veres\u00e9gi sz\u00e9ri\u00e1t z\u00e1rtak le az alapszakaszban, m\u00edg a D\u00e1g egym\u00e1st k\u00f6vet\u0151 \u00f6t\u00f6dik bajnokij\u00e1t vesztette el.<\/p>\n<p>F\u00c9RFI R\u00d6PLABDA EXTRALIGA ALAPSZAKASZ<br \/>\n<strong>MEAFC-Peka Bau\u2013D\u00e1g KSE 3:2 (\u201325, 22, 18, \u201323, 13)<\/strong><br \/>\nAz \u00e1ll\u00e1s: 1. Kaposv\u00e1r 53 pont (18 m\u00e9rk\u0151z\u00e9s), 2. M\u00c1V El\u0151re 46 (16), 3. MAFC 43 (18), 4. Kazincbarcika 36 (18), 5. P\u00e9nz\u00fcgy\u0151r 28 (18), 6. Debrecen 27 (18), 7. Kecskem\u00e9t 24 (17), 8. TFSE 20 (18), 9. D\u00e1g 19 (18), 10. Miskolc 16 (19), 11. Szeged 9 (18), 12. Duna\u00fajv\u00e1ros 0 (18)<\/p>\n<p>\u201eGratul\u00e1lok a Miskolc csapat\u00e1nak! Hat\u00e9kony j\u00e1t\u00e9kkal, meg\u00e9rdemelten gy\u0151ztek\u201d \u2013 nyilatkozta Buz\u00e1s Mikl\u00f3s, a D\u00e1g KSE vezet\u0151edz\u0151je.<\/p>\n<p>A m\u00e9rk\u0151z\u00e9s jegyz\u0151k\u00f6nyve <a href=\"https:\/\/www.hunvolley.info\/pr_a\/010\/009\/p_009.asp?p_merkozes_kod=114&amp;p_evad_kod=2024&amp;p_verseny_al_kod=1&amp;p_fo_cim=NBIExtraligaalapszakasz\" target=\"_blank\" rel=\"noopener\"><span style=\"text-decoration: underline; color: #0000ff;\">ide kattintva<\/span><\/a> tekinthet\u0151 meg.<\/p>\n<p><em>Forr\u00e1s: D\u00e1g KSE \/ Nemzeti Sport \/ Magyar R\u00f6plabda Sz\u00f6vets\u00e9g<\/em><\/p>\n","protected":false},"excerpt":{"rendered":"<p>Febru\u00e1r 7-\u00e9n, p\u00e9nteken rendezt\u00e9k meg a f\u00e9rfi r\u00f6plabda Extraliga soron k\u00f6vetkez\u0151 fordul\u00f3j\u00e1t, melynek keret\u00e9ben a MEAFC-Peka Bau a D\u00e1g KSE-t l\u00e1tta vend\u00e9g\u00fcl Miskolcon. A m\u00e9rk\u0151z\u00e9sen v\u00e9gig ki\u00e9lezett \u00e9s szoros volt a k\u00fczdelem, \u00e1m v\u00e9g\u00fcl a MEAFC-Peka Bau csapata \u00f6r\u00fclhetett a gy\u0151zelemnek. A miskolciak egy\u00e9bk\u00e9nt h\u00e1rommeccses veres\u00e9gi sz\u00e9ri\u00e1t z\u00e1rtak le az alapszakaszban, m\u00edg a D\u00e1g egym\u00e1st<\/p>\n","protected":false},"author":1,"featured_media":66609,"comment_status":"closed","ping_status":"closed","sticky":false,"template":"","format":"standard","meta":{"ngg_post_thumbnail":0,"footnotes":""},"categories":[3,5],"tags":[1083,3980,8088,2333,3978,16],"class_list":{"0":"post-68735","1":"post","2":"type-post","3":"status-publish","4":"format-standard","5":"has-post-thumbnail","7":"category-hirek","8":"category-sport","9":"tag-dag","10":"tag-dag-kse","11":"tag-extraliga","12":"tag-miskolc","13":"tag-roplabda","14":"tag-sport"},"yoast_head":"<!-- This site is optimized with the Yoast SEO plugin v27.5 - https:\/\/yoast.com\/product\/yoast-seo-wordpress\/ -->\n<title>Szoros k\u00fczdelemben maradt alul a D\u00e1g a Miskolccal szemben<\/title>\n<meta name=\"robots\" content=\"index, follow, max-snippet:-1, max-image-preview:large, max-video-preview:-1\" \/>\n<link rel=\"canonical\" href=\"https:\/\/dorogimedence.hu\/index.php\/2025\/02\/10\/szoros-kuzdelemben-maradt-alul-a-dag-a-miskolccal-szemben\/\" class=\"yoast-seo-meta-tag\" \/>\n<meta property=\"og:locale\" content=\"hu_HU\" class=\"yoast-seo-meta-tag\" \/>\n<meta property=\"og:type\" content=\"article\" class=\"yoast-seo-meta-tag\" \/>\n<meta property=\"og:title\" content=\"Szoros k\u00fczdelemben maradt alul a D\u00e1g a Miskolccal szemben\" class=\"yoast-seo-meta-tag\" \/>\n<meta property=\"og:description\" content=\"Febru\u00e1r 7-\u00e9n, p\u00e9nteken rendezt\u00e9k meg a f\u00e9rfi r\u00f6plabda Extraliga soron k\u00f6vetkez\u0151 fordul\u00f3j\u00e1t, melynek keret\u00e9ben a MEAFC-Peka Bau a D\u00e1g KSE-t l\u00e1tta vend\u00e9g\u00fcl Miskolcon. A m\u00e9rk\u0151z\u00e9sen v\u00e9gig ki\u00e9lezett \u00e9s szoros volt a k\u00fczdelem, \u00e1m v\u00e9g\u00fcl a MEAFC-Peka Bau csapata \u00f6r\u00fclhetett a gy\u0151zelemnek. A miskolciak egy\u00e9bk\u00e9nt h\u00e1rommeccses veres\u00e9gi sz\u00e9ri\u00e1t z\u00e1rtak le az alapszakaszban, m\u00edg a D\u00e1g egym\u00e1st\" class=\"yoast-seo-meta-tag\" \/>\n<meta property=\"og:url\" content=\"https:\/\/dorogimedence.hu\/index.php\/2025\/02\/10\/szoros-kuzdelemben-maradt-alul-a-dag-a-miskolccal-szemben\/\" class=\"yoast-seo-meta-tag\" \/>\n<meta property=\"og:site_name\" content=\"Dorogi-medence Region\u00e1lis H\u00edrport\u00e1l\" class=\"yoast-seo-meta-tag\" \/>\n<meta property=\"article:publisher\" content=\"https:\/\/www.facebook.com\/dorogimedence\/\" class=\"yoast-seo-meta-tag\" \/>\n<meta property=\"article:published_time\" content=\"2025-02-10T13:14:45+00:00\" class=\"yoast-seo-meta-tag\" \/>\n<meta property=\"og:image\" content=\"https:\/\/dorogimedence.hu\/wp-content\/uploads\/2024\/11\/volleyball-2582096_1920.jpg\" class=\"yoast-seo-meta-tag\" \/>\n\t<meta property=\"og:image:width\" content=\"1920\" class=\"yoast-seo-meta-tag\" \/>\n\t<meta property=\"og:image:height\" content=\"1280\" class=\"yoast-seo-meta-tag\" \/>\n\t<meta property=\"og:image:type\" content=\"image\/jpeg\" class=\"yoast-seo-meta-tag\" \/>\n<meta name=\"author\" content=\"dorogimedence.hu\" class=\"yoast-seo-meta-tag\" \/>\n<meta name=\"twitter:card\" content=\"summary_large_image\" class=\"yoast-seo-meta-tag\" \/>\n<meta name=\"twitter:label1\" content=\"Szerz\u0151:\" class=\"yoast-seo-meta-tag\" \/>\n\t<meta name=\"twitter:data1\" content=\"dorogimedence.hu\" class=\"yoast-seo-meta-tag\" \/>\n\t<meta name=\"twitter:label2\" content=\"Becs\u00fclt olvas\u00e1si id\u0151\" class=\"yoast-seo-meta-tag\" \/>\n\t<meta name=\"twitter:data2\" content=\"1 perc\" class=\"yoast-seo-meta-tag\" \/>\n<script type=\"application\/ld+json\" class=\"yoast-schema-graph\">{\"@context\":\"https:\\\/\\\/schema.org\",\"@graph\":[{\"@type\":\"Article\",\"@id\":\"https:\\\/\\\/dorogimedence.hu\\\/index.php\\\/2025\\\/02\\\/10\\\/szoros-kuzdelemben-maradt-alul-a-dag-a-miskolccal-szemben\\\/#article\",\"isPartOf\":{\"@id\":\"https:\\\/\\\/dorogimedence.hu\\\/index.php\\\/2025\\\/02\\\/10\\\/szoros-kuzdelemben-maradt-alul-a-dag-a-miskolccal-szemben\\\/\"},\"author\":{\"name\":\"dorogimedence.hu\",\"@id\":\"https:\\\/\\\/dorogimedence.hu\\\/#\\\/schema\\\/person\\\/ce6091eeb7e95ecdc87890d6aa8e0fd4\"},\"headline\":\"Szoros k\u00fczdelemben maradt alul a D\u00e1g a Miskolccal szemben\",\"datePublished\":\"2025-02-10T13:14:45+00:00\",\"mainEntityOfPage\":{\"@id\":\"https:\\\/\\\/dorogimedence.hu\\\/index.php\\\/2025\\\/02\\\/10\\\/szoros-kuzdelemben-maradt-alul-a-dag-a-miskolccal-szemben\\\/\"},\"wordCount\":202,\"publisher\":{\"@id\":\"https:\\\/\\\/dorogimedence.hu\\\/#organization\"},\"image\":{\"@id\":\"https:\\\/\\\/dorogimedence.hu\\\/index.php\\\/2025\\\/02\\\/10\\\/szoros-kuzdelemben-maradt-alul-a-dag-a-miskolccal-szemben\\\/#primaryimage\"},\"thumbnailUrl\":\"https:\\\/\\\/dorogimedence.hu\\\/wp-content\\\/uploads\\\/2024\\\/11\\\/volleyball-2582096_1920.jpg\",\"keywords\":[\"D\u00e1g\",\"D\u00e1g KSE\",\"extraliga\",\"Miskolc\",\"r\u00f6plabda\",\"sport\"],\"articleSection\":[\"H\u00edrek\",\"Sport\"],\"inLanguage\":\"hu\"},{\"@type\":\"WebPage\",\"@id\":\"https:\\\/\\\/dorogimedence.hu\\\/index.php\\\/2025\\\/02\\\/10\\\/szoros-kuzdelemben-maradt-alul-a-dag-a-miskolccal-szemben\\\/\",\"url\":\"https:\\\/\\\/dorogimedence.hu\\\/index.php\\\/2025\\\/02\\\/10\\\/szoros-kuzdelemben-maradt-alul-a-dag-a-miskolccal-szemben\\\/\",\"name\":\"Szoros k\u00fczdelemben maradt alul a D\u00e1g a Miskolccal szemben\",\"isPartOf\":{\"@id\":\"https:\\\/\\\/dorogimedence.hu\\\/#website\"},\"primaryImageOfPage\":{\"@id\":\"https:\\\/\\\/dorogimedence.hu\\\/index.php\\\/2025\\\/02\\\/10\\\/szoros-kuzdelemben-maradt-alul-a-dag-a-miskolccal-szemben\\\/#primaryimage\"},\"image\":{\"@id\":\"https:\\\/\\\/dorogimedence.hu\\\/index.php\\\/2025\\\/02\\\/10\\\/szoros-kuzdelemben-maradt-alul-a-dag-a-miskolccal-szemben\\\/#primaryimage\"},\"thumbnailUrl\":\"https:\\\/\\\/dorogimedence.hu\\\/wp-content\\\/uploads\\\/2024\\\/11\\\/volleyball-2582096_1920.jpg\",\"datePublished\":\"2025-02-10T13:14:45+00:00\",\"breadcrumb\":{\"@id\":\"https:\\\/\\\/dorogimedence.hu\\\/index.php\\\/2025\\\/02\\\/10\\\/szoros-kuzdelemben-maradt-alul-a-dag-a-miskolccal-szemben\\\/#breadcrumb\"},\"inLanguage\":\"hu\",\"potentialAction\":[{\"@type\":\"ReadAction\",\"target\":[\"https:\\\/\\\/dorogimedence.hu\\\/index.php\\\/2025\\\/02\\\/10\\\/szoros-kuzdelemben-maradt-alul-a-dag-a-miskolccal-szemben\\\/\"]}]},{\"@type\":\"ImageObject\",\"inLanguage\":\"hu\",\"@id\":\"https:\\\/\\\/dorogimedence.hu\\\/index.php\\\/2025\\\/02\\\/10\\\/szoros-kuzdelemben-maradt-alul-a-dag-a-miskolccal-szemben\\\/#primaryimage\",\"url\":\"https:\\\/\\\/dorogimedence.hu\\\/wp-content\\\/uploads\\\/2024\\\/11\\\/volleyball-2582096_1920.jpg\",\"contentUrl\":\"https:\\\/\\\/dorogimedence.hu\\\/wp-content\\\/uploads\\\/2024\\\/11\\\/volleyball-2582096_1920.jpg\",\"width\":1920,\"height\":1280},{\"@type\":\"BreadcrumbList\",\"@id\":\"https:\\\/\\\/dorogimedence.hu\\\/index.php\\\/2025\\\/02\\\/10\\\/szoros-kuzdelemben-maradt-alul-a-dag-a-miskolccal-szemben\\\/#breadcrumb\",\"itemListElement\":[{\"@type\":\"ListItem\",\"position\":1,\"name\":\"Kezd\u0151lap\",\"item\":\"https:\\\/\\\/dorogimedence.hu\\\/\"},{\"@type\":\"ListItem\",\"position\":2,\"name\":\"Szoros k\u00fczdelemben maradt alul a D\u00e1g a Miskolccal szemben\"}]},{\"@type\":\"WebSite\",\"@id\":\"https:\\\/\\\/dorogimedence.hu\\\/#website\",\"url\":\"https:\\\/\\\/dorogimedence.hu\\\/\",\"name\":\"Dorogi-medence Region\u00e1lis H\u00edrport\u00e1l\",\"description\":\"Dorog, Keszt\u00f6lc, Le\u00e1nyv\u00e1r, Piliscs\u00e9v, Tokod, Tokodalt\u00e1r\u00f3, Csolnok, Esztergom-kertv\u00e1ros: h\u00edrek, programok\",\"publisher\":{\"@id\":\"https:\\\/\\\/dorogimedence.hu\\\/#organization\"},\"potentialAction\":[{\"@type\":\"SearchAction\",\"target\":{\"@type\":\"EntryPoint\",\"urlTemplate\":\"https:\\\/\\\/dorogimedence.hu\\\/?s={search_term_string}\"},\"query-input\":{\"@type\":\"PropertyValueSpecification\",\"valueRequired\":true,\"valueName\":\"search_term_string\"}}],\"inLanguage\":\"hu\"},{\"@type\":\"Organization\",\"@id\":\"https:\\\/\\\/dorogimedence.hu\\\/#organization\",\"name\":\"Dorogi-medence Region\u00e1lis H\u00edrport\u00e1l\",\"url\":\"https:\\\/\\\/dorogimedence.hu\\\/\",\"logo\":{\"@type\":\"ImageObject\",\"inLanguage\":\"hu\",\"@id\":\"https:\\\/\\\/dorogimedence.hu\\\/#\\\/schema\\\/logo\\\/image\\\/\",\"url\":\"https:\\\/\\\/dorogimedence.hu\\\/wp-content\\\/uploads\\\/2021\\\/04\\\/logo-feher-600.png\",\"contentUrl\":\"https:\\\/\\\/dorogimedence.hu\\\/wp-content\\\/uploads\\\/2021\\\/04\\\/logo-feher-600.png\",\"width\":600,\"height\":100,\"caption\":\"Dorogi-medence Region\u00e1lis H\u00edrport\u00e1l\"},\"image\":{\"@id\":\"https:\\\/\\\/dorogimedence.hu\\\/#\\\/schema\\\/logo\\\/image\\\/\"},\"sameAs\":[\"https:\\\/\\\/www.facebook.com\\\/dorogimedence\\\/\"]},{\"@type\":\"Person\",\"@id\":\"https:\\\/\\\/dorogimedence.hu\\\/#\\\/schema\\\/person\\\/ce6091eeb7e95ecdc87890d6aa8e0fd4\",\"name\":\"dorogimedence.hu\",\"image\":{\"@type\":\"ImageObject\",\"inLanguage\":\"hu\",\"@id\":\"\\\/\\\/www.gravatar.com\\\/avatar\\\/d8d45f8901aadff40a4af72c0b826f1d?s=96&#038;r=g&#038;d=mm\",\"url\":\"\\\/\\\/www.gravatar.com\\\/avatar\\\/d8d45f8901aadff40a4af72c0b826f1d?s=96&#038;r=g&#038;d=mm\",\"contentUrl\":\"\\\/\\\/www.gravatar.com\\\/avatar\\\/d8d45f8901aadff40a4af72c0b826f1d?s=96&#038;r=g&#038;d=mm\",\"caption\":\"dorogimedence.hu\"}}]}<\/script>\n<!-- \/ Yoast SEO plugin. -->","yoast_head_json":{"title":"Szoros k\u00fczdelemben maradt alul a D\u00e1g a Miskolccal szemben","robots":{"index":"index","follow":"follow","max-snippet":"max-snippet:-1","max-image-preview":"max-image-preview:large","max-video-preview":"max-video-preview:-1"},"canonical":"https:\/\/dorogimedence.hu\/index.php\/2025\/02\/10\/szoros-kuzdelemben-maradt-alul-a-dag-a-miskolccal-szemben\/","og_locale":"hu_HU","og_type":"article","og_title":"Szoros k\u00fczdelemben maradt alul a D\u00e1g a Miskolccal szemben","og_description":"Febru\u00e1r 7-\u00e9n, p\u00e9nteken rendezt\u00e9k meg a f\u00e9rfi r\u00f6plabda Extraliga soron k\u00f6vetkez\u0151 fordul\u00f3j\u00e1t, melynek keret\u00e9ben a MEAFC-Peka Bau a D\u00e1g KSE-t l\u00e1tta vend\u00e9g\u00fcl Miskolcon. A m\u00e9rk\u0151z\u00e9sen v\u00e9gig ki\u00e9lezett \u00e9s szoros volt a k\u00fczdelem, \u00e1m v\u00e9g\u00fcl a MEAFC-Peka Bau csapata \u00f6r\u00fclhetett a gy\u0151zelemnek. A miskolciak egy\u00e9bk\u00e9nt h\u00e1rommeccses veres\u00e9gi sz\u00e9ri\u00e1t z\u00e1rtak le az alapszakaszban, m\u00edg a D\u00e1g egym\u00e1st","og_url":"https:\/\/dorogimedence.hu\/index.php\/2025\/02\/10\/szoros-kuzdelemben-maradt-alul-a-dag-a-miskolccal-szemben\/","og_site_name":"Dorogi-medence Region\u00e1lis H\u00edrport\u00e1l","article_publisher":"https:\/\/www.facebook.com\/dorogimedence\/","article_published_time":"2025-02-10T13:14:45+00:00","og_image":[{"width":1920,"height":1280,"url":"https:\/\/dorogimedence.hu\/wp-content\/uploads\/2024\/11\/volleyball-2582096_1920.jpg","type":"image\/jpeg"}],"author":"dorogimedence.hu","twitter_card":"summary_large_image","twitter_misc":{"Szerz\u0151:":"dorogimedence.hu","Becs\u00fclt olvas\u00e1si id\u0151":"1 perc"},"schema":{"@context":"https:\/\/schema.org","@graph":[{"@type":"Article","@id":"https:\/\/dorogimedence.hu\/index.php\/2025\/02\/10\/szoros-kuzdelemben-maradt-alul-a-dag-a-miskolccal-szemben\/#article","isPartOf":{"@id":"https:\/\/dorogimedence.hu\/index.php\/2025\/02\/10\/szoros-kuzdelemben-maradt-alul-a-dag-a-miskolccal-szemben\/"},"author":{"name":"dorogimedence.hu","@id":"https:\/\/dorogimedence.hu\/#\/schema\/person\/ce6091eeb7e95ecdc87890d6aa8e0fd4"},"headline":"Szoros k\u00fczdelemben maradt alul a D\u00e1g a Miskolccal szemben","datePublished":"2025-02-10T13:14:45+00:00","mainEntityOfPage":{"@id":"https:\/\/dorogimedence.hu\/index.php\/2025\/02\/10\/szoros-kuzdelemben-maradt-alul-a-dag-a-miskolccal-szemben\/"},"wordCount":202,"publisher":{"@id":"https:\/\/dorogimedence.hu\/#organization"},"image":{"@id":"https:\/\/dorogimedence.hu\/index.php\/2025\/02\/10\/szoros-kuzdelemben-maradt-alul-a-dag-a-miskolccal-szemben\/#primaryimage"},"thumbnailUrl":"https:\/\/dorogimedence.hu\/wp-content\/uploads\/2024\/11\/volleyball-2582096_1920.jpg","keywords":["D\u00e1g","D\u00e1g KSE","extraliga","Miskolc","r\u00f6plabda","sport"],"articleSection":["H\u00edrek","Sport"],"inLanguage":"hu"},{"@type":"WebPage","@id":"https:\/\/dorogimedence.hu\/index.php\/2025\/02\/10\/szoros-kuzdelemben-maradt-alul-a-dag-a-miskolccal-szemben\/","url":"https:\/\/dorogimedence.hu\/index.php\/2025\/02\/10\/szoros-kuzdelemben-maradt-alul-a-dag-a-miskolccal-szemben\/","name":"Szoros k\u00fczdelemben maradt alul a D\u00e1g a Miskolccal szemben","isPartOf":{"@id":"https:\/\/dorogimedence.hu\/#website"},"primaryImageOfPage":{"@id":"https:\/\/dorogimedence.hu\/index.php\/2025\/02\/10\/szoros-kuzdelemben-maradt-alul-a-dag-a-miskolccal-szemben\/#primaryimage"},"image":{"@id":"https:\/\/dorogimedence.hu\/index.php\/2025\/02\/10\/szoros-kuzdelemben-maradt-alul-a-dag-a-miskolccal-szemben\/#primaryimage"},"thumbnailUrl":"https:\/\/dorogimedence.hu\/wp-content\/uploads\/2024\/11\/volleyball-2582096_1920.jpg","datePublished":"2025-02-10T13:14:45+00:00","breadcrumb":{"@id":"https:\/\/dorogimedence.hu\/index.php\/2025\/02\/10\/szoros-kuzdelemben-maradt-alul-a-dag-a-miskolccal-szemben\/#breadcrumb"},"inLanguage":"hu","potentialAction":[{"@type":"ReadAction","target":["https:\/\/dorogimedence.hu\/index.php\/2025\/02\/10\/szoros-kuzdelemben-maradt-alul-a-dag-a-miskolccal-szemben\/"]}]},{"@type":"ImageObject","inLanguage":"hu","@id":"https:\/\/dorogimedence.hu\/index.php\/2025\/02\/10\/szoros-kuzdelemben-maradt-alul-a-dag-a-miskolccal-szemben\/#primaryimage","url":"https:\/\/dorogimedence.hu\/wp-content\/uploads\/2024\/11\/volleyball-2582096_1920.jpg","contentUrl":"https:\/\/dorogimedence.hu\/wp-content\/uploads\/2024\/11\/volleyball-2582096_1920.jpg","width":1920,"height":1280},{"@type":"BreadcrumbList","@id":"https:\/\/dorogimedence.hu\/index.php\/2025\/02\/10\/szoros-kuzdelemben-maradt-alul-a-dag-a-miskolccal-szemben\/#breadcrumb","itemListElement":[{"@type":"ListItem","position":1,"name":"Kezd\u0151lap","item":"https:\/\/dorogimedence.hu\/"},{"@type":"ListItem","position":2,"name":"Szoros k\u00fczdelemben maradt alul a D\u00e1g a Miskolccal szemben"}]},{"@type":"WebSite","@id":"https:\/\/dorogimedence.hu\/#website","url":"https:\/\/dorogimedence.hu\/","name":"Dorogi-medence Region\u00e1lis H\u00edrport\u00e1l","description":"Dorog, Keszt\u00f6lc, Le\u00e1nyv\u00e1r, Piliscs\u00e9v, Tokod, Tokodalt\u00e1r\u00f3, Csolnok, Esztergom-kertv\u00e1ros: h\u00edrek, programok","publisher":{"@id":"https:\/\/dorogimedence.hu\/#organization"},"potentialAction":[{"@type":"SearchAction","target":{"@type":"EntryPoint","urlTemplate":"https:\/\/dorogimedence.hu\/?s={search_term_string}"},"query-input":{"@type":"PropertyValueSpecification","valueRequired":true,"valueName":"search_term_string"}}],"inLanguage":"hu"},{"@type":"Organization","@id":"https:\/\/dorogimedence.hu\/#organization","name":"Dorogi-medence Region\u00e1lis H\u00edrport\u00e1l","url":"https:\/\/dorogimedence.hu\/","logo":{"@type":"ImageObject","inLanguage":"hu","@id":"https:\/\/dorogimedence.hu\/#\/schema\/logo\/image\/","url":"https:\/\/dorogimedence.hu\/wp-content\/uploads\/2021\/04\/logo-feher-600.png","contentUrl":"https:\/\/dorogimedence.hu\/wp-content\/uploads\/2021\/04\/logo-feher-600.png","width":600,"height":100,"caption":"Dorogi-medence Region\u00e1lis H\u00edrport\u00e1l"},"image":{"@id":"https:\/\/dorogimedence.hu\/#\/schema\/logo\/image\/"},"sameAs":["https:\/\/www.facebook.com\/dorogimedence\/"]},{"@type":"Person","@id":"https:\/\/dorogimedence.hu\/#\/schema\/person\/ce6091eeb7e95ecdc87890d6aa8e0fd4","name":"dorogimedence.hu","image":{"@type":"ImageObject","inLanguage":"hu","@id":"\/\/www.gravatar.com\/avatar\/d8d45f8901aadff40a4af72c0b826f1d?s=96&#038;r=g&#038;d=mm","url":"\/\/www.gravatar.com\/avatar\/d8d45f8901aadff40a4af72c0b826f1d?s=96&#038;r=g&#038;d=mm","contentUrl":"\/\/www.gravatar.com\/avatar\/d8d45f8901aadff40a4af72c0b826f1d?s=96&#038;r=g&#038;d=mm","caption":"dorogimedence.hu"}}]}},"_links":{"self":[{"href":"https:\/\/dorogimedence.hu\/index.php\/wp-json\/wp\/v2\/posts\/68735","targetHints":{"allow":["GET"]}}],"collection":[{"href":"https:\/\/dorogimedence.hu\/index.php\/wp-json\/wp\/v2\/posts"}],"about":[{"href":"https:\/\/dorogimedence.hu\/index.php\/wp-json\/wp\/v2\/types\/post"}],"author":[{"embeddable":true,"href":"https:\/\/dorogimedence.hu\/index.php\/wp-json\/wp\/v2\/users\/1"}],"replies":[{"embeddable":true,"href":"https:\/\/dorogimedence.hu\/index.php\/wp-json\/wp\/v2\/comments?post=68735"}],"version-history":[{"count":0,"href":"https:\/\/dorogimedence.hu\/index.php\/wp-json\/wp\/v2\/posts\/68735\/revisions"}],"wp:featuredmedia":[{"embeddable":true,"href":"https:\/\/dorogimedence.hu\/index.php\/wp-json\/wp\/v2\/media\/66609"}],"wp:attachment":[{"href":"https:\/\/dorogimedence.hu\/index.php\/wp-json\/wp\/v2\/media?parent=68735"}],"wp:term":[{"taxonomy":"category","embeddable":true,"href":"https:\/\/dorogimedence.hu\/index.php\/wp-json\/wp\/v2\/categories?post=68735"},{"taxonomy":"post_tag","embeddable":true,"href":"https:\/\/dorogimedence.hu\/index.php\/wp-json\/wp\/v2\/tags?post=68735"}],"curies":[{"name":"wp","href":"https:\/\/api.w.org\/{rel}","templated":true}]}}