{"id":68665,"date":"2025-02-06T14:44:08","date_gmt":"2025-02-06T13:44:08","guid":{"rendered":"https:\/\/dorogimedence.hu\/?p=68665"},"modified":"2025-02-06T14:44:08","modified_gmt":"2025-02-06T13:44:08","slug":"lazar-janos-hatsavossa-bovul-az-m1-es-autopalya-gyorig","status":"publish","type":"post","link":"https:\/\/dorogimedence.hu\/index.php\/2025\/02\/06\/lazar-janos-hatsavossa-bovul-az-m1-es-autopalya-gyorig\/","title":{"rendered":"L\u00e1z\u00e1r J\u00e1nos: hats\u00e1voss\u00e1 b\u0151v\u00fcl az M1-es aut\u00f3p\u00e1lya Gy\u0151rig"},"content":{"rendered":"<p><strong>Magyarorsz\u00e1g korm\u00e1ny\u00e1nak j\u00f3v\u00e1hagy\u00e1s\u00e1val 2025 augusztus\u00e1t\u00f3l megkezd\u0151dik az M1-es aut\u00f3p\u00e1lya hats\u00e1vos\u00edt\u00e1sa Budapest \u00e9s Gy\u0151r k\u00f6z\u00f6tt, a 800 milli\u00e1rd forintos beruh\u00e1z\u00e1s lesz a legnagyobb aut\u00f3\u00fat \u00e9s aut\u00f3p\u00e1lya \u00e9p\u00edt\u00e9s az elm\u00falt 100 esztend\u0151ben<\/strong> <em>&#8211; jelentette be L\u00e1z\u00e1r J\u00e1nos, \u00e9p\u00edt\u00e9si \u00e9s k\u00f6zleked\u00e9si miniszter cs\u00fct\u00f6rt\u00f6k\u00f6n Esztergomban, ahol Hern\u00e1di \u00c1d\u00e1m, Esztergom Megyei Jog\u00fa V\u00e1ros polg\u00e1rmester\u00e9nek r\u00e9szv\u00e9tel\u00e9vel tartott sajt\u00f3t\u00e1j\u00e9koztat\u00f3t.<\/em><\/p>\n<p>Az \u00e9p\u00edt\u00e9si \u00e9s k\u00f6zleked\u00e9si miniszter hozz\u00e1tette: a teljes, 78 kilom\u00e9teres szakasz 2029 elej\u00e9ig k\u00e9sz\u00fclhet el. Els\u0151k\u00e9nt a Budapest \u00e9s Bicske k\u00f6z\u00f6tti 24 kilom\u00e9teres szakasz k\u00e9sz\u00fcl el, mely rendk\u00edv\u00fcl \u00f6sszetett, hiszen Budapest agglomer\u00e1ci\u00f3j\u00e1t, el\u0151v\u00e1rosi k\u00f6zleked\u00e9s\u00e9t is \u00e9rinti.<\/p>\n<p>L\u00e1z\u00e1r J\u00e1nos kiemelte: <strong>meg\u00e9p\u00fcl az M100-as aut\u00f3p\u00e1lya bek\u00f6t\u00e9s\u00e9t lehet\u0151v\u00e9 tev\u0151 csom\u00f3pont \u00e9s a korm\u00e1ny el\u0151zetes versenyt\u00e1rgyal\u00e1sra bocs\u00e1tja az M1-est Esztergommal \u00f6sszek\u00f6t\u0151 35 kilom\u00e9teres szakasz meg\u00e9p\u00edt\u00e9s\u00e9t.<\/strong> <strong>A beruh\u00e1z\u00e1s k\u00f6lts\u00e9g\u00e9t 500 milli\u00e1rd forintra becs\u00fclik.<\/strong> A tervek szerint az M100-as k\u00e9ts\u00e1vos, le\u00e1ll\u00f3s\u00e1v n\u00e9lk\u00fcli aut\u00f3\u00fat lesz. A kivitelez\u00e9st h\u00e1rom szakaszra bontj\u00e1k, az M1-est\u0151l Zs\u00e1mb\u00e9kig, majd innen Keszt\u00f6lcig \u00e9s tov\u00e1bb Esztergomig. A k\u00f6z\u00e9ps\u0151 szakaszon h\u00e1rom alag\u00fatra \u00e9s sz\u00e1mos v\u00f6lgy \u00e1thidal\u00e1s\u00e1ra lesz sz\u00fcks\u00e9g. A h\u00e1rom szakaszra egy\u00fctt \u00e9s k\u00fcl\u00f6n-k\u00fcl\u00f6n is lehet p\u00e1ly\u00e1zni. &#8222;J\u00f3k az es\u00e9lyei annak, hogy az M100-as \u00e9p\u00edt\u00e9se k\u00e9tszakaszon m\u00e1r 2026 tavasz\u00e1n elkezd\u0151dhet. A nyomvonal ment\u00e9n 650 telek megv\u00e1s\u00e1rl\u00e1s\u00e1r\u00f3l van sz\u00f3, ebb\u0151l 250 darab telket az \u00e1llam m\u00e1r megv\u00e1s\u00e1rolt. Erre a korm\u00e1ny rendelkezik forr\u00e1sokkal \u00e9s az EKM-nek is van p\u00e9nze. Az id\u00e9n 1,5-2 milli\u00e1rd forintot fogunk Zs\u00e1mb\u00e9k, \u00e9s a t\u00f6bbi telep\u00fcl\u00e9s t\u00e9rs\u00e9g\u00e9ben telekv\u00e1s\u00e1rl\u00e1sra k\u00f6lteni, \u00edgy a k\u00f6zbeszerz\u00e9sek megjelen\u00e9s\u00e9re rendezettek leszenek a tulajdonviszonyok&#8221; &#8211; ismertette a miniszter.<\/p>\n<p>L\u00e1z\u00e1r J\u00e1nos sz\u00f3lt arr\u00f3l is, hogy <strong>az M100-as aut\u00f3p\u00e1lya Esztergomt\u00f3l \u00e9szaknyugatra egy \u00faj Duna-h\u00edd meg\u00e9p\u00edt\u00e9s\u00e9nek sz\u00fcks\u00e9gess\u00e9g\u00e9t is mag\u00e1val hozza, a most m\u0171k\u00f6d\u0151 komp vonal\u00e1ban<\/strong>. A k\u00f6z\u00fati \u00e9s vas\u00fati h\u00edd hely\u00e9nek kijel\u00f6l\u00e9s\u00e9re el\u0151zetes tanulm\u00e1nyterv k\u00e9sz\u00fcl. Elmondta, 2010-ben 1273 kilom\u00e9ter volt Magyarorsz\u00e1gon a gyorsforgalmi \u00fath\u00e1l\u00f3zat hossza, ezt 2026-ra alatt 2000 kilom\u00e9terre n\u00f6velik, \u00edgy az orsz\u00e1g egyik legkorszer\u0171bb gyorsforgalmi \u00fath\u00e1l\u00f3zat\u00e1val \u00e9s aut\u00f3p\u00e1lya h\u00e1l\u00f3zat\u00e1val rendelkezik majd.<\/p>\n<p>A miniszter kiemelte, <strong>jelenleg is folyik az Esztergomot v\u00e9d\u0151 g\u00e1t els\u0151 \u00fctem\u00e9nek \u00e9p\u00edt\u00e9se, mely m\u00e1sf\u00e9l kilom\u00e9ter hossz\u00fa<\/strong>. A v\u00e9d\u0151vonal folytat\u00e1sa 20 milli\u00e1rd forint, ennek a terveit az Orsz\u00e1gos V\u00edz\u00fcgyi F\u0151igazgat\u00f3s\u00e1g 2025 \u0151sz\u00e9re k\u00e9sz\u00edti el, majd az \u00c9p\u00edt\u00e9si \u00e9s K\u00f6zleked\u00e9si Miniszt\u00e9riummal, \u00e9s Esztergom \u00d6nkorm\u00e1nyzat\u00e1val k\u00f6z\u00f6sen belekezdhetnek a v\u00e9dm\u0171 folytat\u00e1s\u00e1ba.<\/p>\n<p>Az Esztergomban megval\u00f3sul\u00f3 fejleszt\u00e9seket sorolva elmondta, hogy az \u00f6nkorm\u00e1nyzat lehet\u0151s\u00e9get kap a v\u00e1rosban l\u00e9v\u0151, \u00e1llami kezel\u00e9s\u0171 k\u00f6zutak fel\u00faj\u00edtand\u00f3 szakaszainak kijel\u00f6l\u00e9s\u00e9re, erre egy milli\u00e1rd forintot ford\u00edthat a Magyar K\u00f6z\u00fat. Ma vas\u00fattal 1 \u00f3ra 4 perc alatt lehet Esztergomb\u00f3l Budapest belv\u00e1ros\u00e1ba bejutni. A vonal fel\u00faj\u00edt\u00e1sa el\u0151tt \u00e9vente 2,5 milli\u00f3 utaz\u00e1s zajlott a szakaszon, 2024-ben az orsz\u00e1g \u00e9s v\u00e1rmegyeb\u00e9rletnek k\u00f6sz\u00f6nhet\u0151en 7 milli\u00f3 utaz\u00e1s t\u00f6rt\u00e9nt az \u00fatvonalon &#8211; eml\u00e9keztetett L\u00e1z\u00e1r J\u00e1nos, majd elmondta, hogy <strong>egy \u00e9ven bel\u00fcl fel\u00faj\u00edtj\u00e1k Esztergom-Kertv\u00e1rosban tal\u00e1lhat\u00f3 \u00e1llom\u00e1st<\/strong>. Ezt a Magyar \u00c1llamvasutak saj\u00e1t beruh\u00e1z\u00e1sak\u00e9nt fogja megval\u00f3s\u00edtani, Nagy B\u00e1lint k\u00f6zleked\u00e9si \u00e1llamtitk\u00e1r fel\u00fcgyelet\u00e9vel.<\/p>\n<p>A miniszter kiemelte, hogy <strong>Hern\u00e1di \u00c1d\u00e1m (Fidesz-KDNP) kezdem\u00e9nyez\u00e9s\u00e9re a Vol\u00e1n \u00f6t \u00faj, 18-20 szem\u00e9lyes buszt telep\u00edt Esztergomba, 2026 \u00e1prilis\u00e1ig.<\/strong> Ezek a t\u00e1vol es\u0151 v\u00e1rosr\u00e9szekr\u0151l is eljuttathatj\u00e1k az embereket a v\u00e1ros k\u00f6zpontj\u00e1ba.<\/p>\n<p><strong>A miniszter \u00fagy v\u00e9lte, t\u00e1mogathat\u00f3 a polg\u00e1rmester azon kezdem\u00e9nyez\u00e9se is, hogy a t\u00e9rs\u00e9g 130 ezer lak\u00f3j\u00e1t ell\u00e1t\u00f3, elavult k\u00f3rh\u00e1z helyett z\u00f6ldmez\u0151s beruh\u00e1z\u00e1sban egy \u00faj eg\u00e9szs\u00e9g\u00fcgyi int\u00e9zm\u00e9ny \u00e9p\u00fclj\u00f6n.<\/strong>\u201e\u00dagy gondolom, sokkal jobban meg\u00e9ri a k\u00f6z\u00f6ss\u00e9geknek \u00faj k\u00f3rh\u00e1zakat \u00e9p\u00edteni, mint a r\u00e9giekb\u0151l nagy nehezen valamit \u00fajj\u00e1\u00e9p\u00edteni\u201d &#8211; fogalmazott, majd hozz\u00e1tette, javasolni fogja a minisztereln\u00f6knek, hogy vid\u00e9ken n\u00e9h\u00e1ny v\u00e1rosban \u00faj k\u00f3rh\u00e1zak j\u00f6jjenek l\u00e9tre.<\/p>\n<p>L\u00e1z\u00e1r J\u00e1nos egy tulajdon\u00e1ban l\u00e9v\u0151, esztergomi illet\u0151s\u00e9gi relikvi\u00e1t is \u00e1tadott Hern\u00e1di \u00c1d\u00e1m polg\u00e1rmesternek, akivel a Minisztereln\u00f6ks\u00e9g munkat\u00e1rsak\u00e9nt dolgozott egy\u00fctt. Az aj\u00e1nd\u00e9k, egy 1926. j\u00fanius 25-\u00e9n keltezett d\u00edszes oklev\u00e9l, melyben a v\u00e1ros k\u00e9pvisel\u0151-test\u00fclete d\u00edszpolg\u00e1ri c\u00edmet adom\u00e1nyozott Bethlen Istv\u00e1n minisztereln\u00f6knek.<\/p>\n<p><strong>A sajt\u00f3t\u00e1j\u00e9koztat\u00f3 itt n\u00e9zhet\u0151 vissza:<\/strong><\/p>\n<p>https:\/\/www.facebook.com\/lazarjanosfidesz\/videos\/636246495630478\/<\/p>\n<p><em>Forr\u00e1s: MTI<\/em><br \/>\n<em>Bo\u00edt\u00f3k\u00e9p: L\u00e1z\u00e1r J\u00e1nos Facebook-oldala<\/em><\/p>\n","protected":false},"excerpt":{"rendered":"<p>Magyarorsz\u00e1g korm\u00e1ny\u00e1nak j\u00f3v\u00e1hagy\u00e1s\u00e1val 2025 augusztus\u00e1t\u00f3l megkezd\u0151dik az M1-es aut\u00f3p\u00e1lya hats\u00e1vos\u00edt\u00e1sa Budapest \u00e9s Gy\u0151r k\u00f6z\u00f6tt, a 800 milli\u00e1rd forintos beruh\u00e1z\u00e1s lesz a legnagyobb aut\u00f3\u00fat \u00e9s aut\u00f3p\u00e1lya \u00e9p\u00edt\u00e9s az elm\u00falt 100 esztend\u0151ben &#8211; jelentette be L\u00e1z\u00e1r J\u00e1nos, \u00e9p\u00edt\u00e9si \u00e9s k\u00f6zleked\u00e9si miniszter cs\u00fct\u00f6rt\u00f6k\u00f6n Esztergomban, ahol Hern\u00e1di \u00c1d\u00e1m, Esztergom Megyei Jog\u00fa V\u00e1ros polg\u00e1rmester\u00e9nek r\u00e9szv\u00e9tel\u00e9vel tartott sajt\u00f3t\u00e1j\u00e9koztat\u00f3t. Az \u00e9p\u00edt\u00e9si \u00e9s<\/p>\n","protected":false},"author":1,"featured_media":68666,"comment_status":"closed","ping_status":"closed","sticky":false,"template":"","format":"standard","meta":{"ngg_post_thumbnail":0,"footnotes":""},"categories":[38,3],"tags":[42,5624,4112,8241,3902],"class_list":{"0":"post-68665","1":"post","2":"type-post","3":"status-publish","4":"format-standard","5":"has-post-thumbnail","7":"category-esztergom","8":"category-hirek","9":"tag-esztergom","10":"tag-featured","11":"tag-hernadi-adam","12":"tag-lazar-janos","13":"tag-sajtotajekoztato"},"yoast_head":"<!-- This site is optimized with the Yoast SEO plugin v27.4 - https:\/\/yoast.com\/product\/yoast-seo-wordpress\/ -->\n<title>L\u00e1z\u00e1r J\u00e1nos: hats\u00e1voss\u00e1 b\u0151v\u00fcl az M1-es aut\u00f3p\u00e1lya Gy\u0151rig<\/title>\n<meta name=\"robots\" content=\"index, follow, max-snippet:-1, max-image-preview:large, max-video-preview:-1\" \/>\n<link rel=\"canonical\" href=\"https:\/\/dorogimedence.hu\/index.php\/2025\/02\/06\/lazar-janos-hatsavossa-bovul-az-m1-es-autopalya-gyorig\/\" class=\"yoast-seo-meta-tag\" \/>\n<meta property=\"og:locale\" content=\"hu_HU\" class=\"yoast-seo-meta-tag\" \/>\n<meta property=\"og:type\" content=\"article\" class=\"yoast-seo-meta-tag\" \/>\n<meta property=\"og:title\" content=\"L\u00e1z\u00e1r J\u00e1nos: hats\u00e1voss\u00e1 b\u0151v\u00fcl az M1-es aut\u00f3p\u00e1lya Gy\u0151rig\" class=\"yoast-seo-meta-tag\" \/>\n<meta property=\"og:description\" content=\"Magyarorsz\u00e1g korm\u00e1ny\u00e1nak j\u00f3v\u00e1hagy\u00e1s\u00e1val 2025 augusztus\u00e1t\u00f3l megkezd\u0151dik az M1-es aut\u00f3p\u00e1lya hats\u00e1vos\u00edt\u00e1sa Budapest \u00e9s Gy\u0151r k\u00f6z\u00f6tt, a 800 milli\u00e1rd forintos beruh\u00e1z\u00e1s lesz a legnagyobb aut\u00f3\u00fat \u00e9s aut\u00f3p\u00e1lya \u00e9p\u00edt\u00e9s az elm\u00falt 100 esztend\u0151ben &#8211; jelentette be L\u00e1z\u00e1r J\u00e1nos, \u00e9p\u00edt\u00e9si \u00e9s k\u00f6zleked\u00e9si miniszter cs\u00fct\u00f6rt\u00f6k\u00f6n Esztergomban, ahol Hern\u00e1di \u00c1d\u00e1m, Esztergom Megyei Jog\u00fa V\u00e1ros polg\u00e1rmester\u00e9nek r\u00e9szv\u00e9tel\u00e9vel tartott sajt\u00f3t\u00e1j\u00e9koztat\u00f3t. Az \u00e9p\u00edt\u00e9si \u00e9s\" class=\"yoast-seo-meta-tag\" \/>\n<meta property=\"og:url\" content=\"https:\/\/dorogimedence.hu\/index.php\/2025\/02\/06\/lazar-janos-hatsavossa-bovul-az-m1-es-autopalya-gyorig\/\" class=\"yoast-seo-meta-tag\" \/>\n<meta property=\"og:site_name\" content=\"Dorogi-medence Region\u00e1lis H\u00edrport\u00e1l\" class=\"yoast-seo-meta-tag\" \/>\n<meta property=\"article:publisher\" content=\"https:\/\/www.facebook.com\/dorogimedence\/\" class=\"yoast-seo-meta-tag\" \/>\n<meta property=\"article:published_time\" content=\"2025-02-06T13:44:08+00:00\" class=\"yoast-seo-meta-tag\" \/>\n<meta property=\"og:image\" content=\"https:\/\/dorogimedence.hu\/wp-content\/uploads\/2025\/02\/hernadi-lazar.jpg\" class=\"yoast-seo-meta-tag\" \/>\n\t<meta property=\"og:image:width\" content=\"1920\" class=\"yoast-seo-meta-tag\" \/>\n\t<meta property=\"og:image:height\" content=\"970\" class=\"yoast-seo-meta-tag\" \/>\n\t<meta property=\"og:image:type\" content=\"image\/jpeg\" class=\"yoast-seo-meta-tag\" \/>\n<meta name=\"author\" content=\"dorogimedence.hu\" class=\"yoast-seo-meta-tag\" \/>\n<meta name=\"twitter:card\" content=\"summary_large_image\" class=\"yoast-seo-meta-tag\" \/>\n<meta name=\"twitter:label1\" content=\"Szerz\u0151:\" class=\"yoast-seo-meta-tag\" \/>\n\t<meta name=\"twitter:data1\" content=\"dorogimedence.hu\" class=\"yoast-seo-meta-tag\" \/>\n\t<meta name=\"twitter:label2\" content=\"Becs\u00fclt olvas\u00e1si id\u0151\" class=\"yoast-seo-meta-tag\" \/>\n\t<meta name=\"twitter:data2\" content=\"5 perc\" class=\"yoast-seo-meta-tag\" \/>\n<script type=\"application\/ld+json\" class=\"yoast-schema-graph\">{\"@context\":\"https:\\\/\\\/schema.org\",\"@graph\":[{\"@type\":\"Article\",\"@id\":\"https:\\\/\\\/dorogimedence.hu\\\/index.php\\\/2025\\\/02\\\/06\\\/lazar-janos-hatsavossa-bovul-az-m1-es-autopalya-gyorig\\\/#article\",\"isPartOf\":{\"@id\":\"https:\\\/\\\/dorogimedence.hu\\\/index.php\\\/2025\\\/02\\\/06\\\/lazar-janos-hatsavossa-bovul-az-m1-es-autopalya-gyorig\\\/\"},\"author\":{\"name\":\"dorogimedence.hu\",\"@id\":\"https:\\\/\\\/dorogimedence.hu\\\/#\\\/schema\\\/person\\\/ce6091eeb7e95ecdc87890d6aa8e0fd4\"},\"headline\":\"L\u00e1z\u00e1r J\u00e1nos: hats\u00e1voss\u00e1 b\u0151v\u00fcl az M1-es aut\u00f3p\u00e1lya Gy\u0151rig\",\"datePublished\":\"2025-02-06T13:44:08+00:00\",\"mainEntityOfPage\":{\"@id\":\"https:\\\/\\\/dorogimedence.hu\\\/index.php\\\/2025\\\/02\\\/06\\\/lazar-janos-hatsavossa-bovul-az-m1-es-autopalya-gyorig\\\/\"},\"wordCount\":1004,\"publisher\":{\"@id\":\"https:\\\/\\\/dorogimedence.hu\\\/#organization\"},\"image\":{\"@id\":\"https:\\\/\\\/dorogimedence.hu\\\/index.php\\\/2025\\\/02\\\/06\\\/lazar-janos-hatsavossa-bovul-az-m1-es-autopalya-gyorig\\\/#primaryimage\"},\"thumbnailUrl\":\"https:\\\/\\\/dorogimedence.hu\\\/wp-content\\\/uploads\\\/2025\\\/02\\\/hernadi-lazar.jpg\",\"keywords\":[\"esztergom\",\"featured\",\"Hern\u00e1di \u00c1d\u00e1m\",\"L\u00e1z\u00e1r J\u00e1nos\",\"sajt\u00f3t\u00e1j\u00e9koztat\u00f3\"],\"articleSection\":[\"Esztergom\",\"H\u00edrek\"],\"inLanguage\":\"hu\"},{\"@type\":\"WebPage\",\"@id\":\"https:\\\/\\\/dorogimedence.hu\\\/index.php\\\/2025\\\/02\\\/06\\\/lazar-janos-hatsavossa-bovul-az-m1-es-autopalya-gyorig\\\/\",\"url\":\"https:\\\/\\\/dorogimedence.hu\\\/index.php\\\/2025\\\/02\\\/06\\\/lazar-janos-hatsavossa-bovul-az-m1-es-autopalya-gyorig\\\/\",\"name\":\"L\u00e1z\u00e1r J\u00e1nos: hats\u00e1voss\u00e1 b\u0151v\u00fcl az M1-es aut\u00f3p\u00e1lya Gy\u0151rig\",\"isPartOf\":{\"@id\":\"https:\\\/\\\/dorogimedence.hu\\\/#website\"},\"primaryImageOfPage\":{\"@id\":\"https:\\\/\\\/dorogimedence.hu\\\/index.php\\\/2025\\\/02\\\/06\\\/lazar-janos-hatsavossa-bovul-az-m1-es-autopalya-gyorig\\\/#primaryimage\"},\"image\":{\"@id\":\"https:\\\/\\\/dorogimedence.hu\\\/index.php\\\/2025\\\/02\\\/06\\\/lazar-janos-hatsavossa-bovul-az-m1-es-autopalya-gyorig\\\/#primaryimage\"},\"thumbnailUrl\":\"https:\\\/\\\/dorogimedence.hu\\\/wp-content\\\/uploads\\\/2025\\\/02\\\/hernadi-lazar.jpg\",\"datePublished\":\"2025-02-06T13:44:08+00:00\",\"breadcrumb\":{\"@id\":\"https:\\\/\\\/dorogimedence.hu\\\/index.php\\\/2025\\\/02\\\/06\\\/lazar-janos-hatsavossa-bovul-az-m1-es-autopalya-gyorig\\\/#breadcrumb\"},\"inLanguage\":\"hu\",\"potentialAction\":[{\"@type\":\"ReadAction\",\"target\":[\"https:\\\/\\\/dorogimedence.hu\\\/index.php\\\/2025\\\/02\\\/06\\\/lazar-janos-hatsavossa-bovul-az-m1-es-autopalya-gyorig\\\/\"]}]},{\"@type\":\"ImageObject\",\"inLanguage\":\"hu\",\"@id\":\"https:\\\/\\\/dorogimedence.hu\\\/index.php\\\/2025\\\/02\\\/06\\\/lazar-janos-hatsavossa-bovul-az-m1-es-autopalya-gyorig\\\/#primaryimage\",\"url\":\"https:\\\/\\\/dorogimedence.hu\\\/wp-content\\\/uploads\\\/2025\\\/02\\\/hernadi-lazar.jpg\",\"contentUrl\":\"https:\\\/\\\/dorogimedence.hu\\\/wp-content\\\/uploads\\\/2025\\\/02\\\/hernadi-lazar.jpg\",\"width\":1920,\"height\":970},{\"@type\":\"BreadcrumbList\",\"@id\":\"https:\\\/\\\/dorogimedence.hu\\\/index.php\\\/2025\\\/02\\\/06\\\/lazar-janos-hatsavossa-bovul-az-m1-es-autopalya-gyorig\\\/#breadcrumb\",\"itemListElement\":[{\"@type\":\"ListItem\",\"position\":1,\"name\":\"Kezd\u0151lap\",\"item\":\"https:\\\/\\\/dorogimedence.hu\\\/\"},{\"@type\":\"ListItem\",\"position\":2,\"name\":\"L\u00e1z\u00e1r J\u00e1nos: hats\u00e1voss\u00e1 b\u0151v\u00fcl az M1-es aut\u00f3p\u00e1lya Gy\u0151rig\"}]},{\"@type\":\"WebSite\",\"@id\":\"https:\\\/\\\/dorogimedence.hu\\\/#website\",\"url\":\"https:\\\/\\\/dorogimedence.hu\\\/\",\"name\":\"Dorogi-medence Region\u00e1lis H\u00edrport\u00e1l\",\"description\":\"Dorog, Keszt\u00f6lc, Le\u00e1nyv\u00e1r, Piliscs\u00e9v, Tokod, Tokodalt\u00e1r\u00f3, Csolnok, Esztergom-kertv\u00e1ros: h\u00edrek, programok\",\"publisher\":{\"@id\":\"https:\\\/\\\/dorogimedence.hu\\\/#organization\"},\"potentialAction\":[{\"@type\":\"SearchAction\",\"target\":{\"@type\":\"EntryPoint\",\"urlTemplate\":\"https:\\\/\\\/dorogimedence.hu\\\/?s={search_term_string}\"},\"query-input\":{\"@type\":\"PropertyValueSpecification\",\"valueRequired\":true,\"valueName\":\"search_term_string\"}}],\"inLanguage\":\"hu\"},{\"@type\":\"Organization\",\"@id\":\"https:\\\/\\\/dorogimedence.hu\\\/#organization\",\"name\":\"Dorogi-medence Region\u00e1lis H\u00edrport\u00e1l\",\"url\":\"https:\\\/\\\/dorogimedence.hu\\\/\",\"logo\":{\"@type\":\"ImageObject\",\"inLanguage\":\"hu\",\"@id\":\"https:\\\/\\\/dorogimedence.hu\\\/#\\\/schema\\\/logo\\\/image\\\/\",\"url\":\"https:\\\/\\\/dorogimedence.hu\\\/wp-content\\\/uploads\\\/2021\\\/04\\\/logo-feher-600.png\",\"contentUrl\":\"https:\\\/\\\/dorogimedence.hu\\\/wp-content\\\/uploads\\\/2021\\\/04\\\/logo-feher-600.png\",\"width\":600,\"height\":100,\"caption\":\"Dorogi-medence Region\u00e1lis H\u00edrport\u00e1l\"},\"image\":{\"@id\":\"https:\\\/\\\/dorogimedence.hu\\\/#\\\/schema\\\/logo\\\/image\\\/\"},\"sameAs\":[\"https:\\\/\\\/www.facebook.com\\\/dorogimedence\\\/\"]},{\"@type\":\"Person\",\"@id\":\"https:\\\/\\\/dorogimedence.hu\\\/#\\\/schema\\\/person\\\/ce6091eeb7e95ecdc87890d6aa8e0fd4\",\"name\":\"dorogimedence.hu\",\"image\":{\"@type\":\"ImageObject\",\"inLanguage\":\"hu\",\"@id\":\"\\\/\\\/www.gravatar.com\\\/avatar\\\/d8d45f8901aadff40a4af72c0b826f1d?s=96&#038;r=g&#038;d=mm\",\"url\":\"\\\/\\\/www.gravatar.com\\\/avatar\\\/d8d45f8901aadff40a4af72c0b826f1d?s=96&#038;r=g&#038;d=mm\",\"contentUrl\":\"\\\/\\\/www.gravatar.com\\\/avatar\\\/d8d45f8901aadff40a4af72c0b826f1d?s=96&#038;r=g&#038;d=mm\",\"caption\":\"dorogimedence.hu\"}}]}<\/script>\n<!-- \/ Yoast SEO plugin. -->","yoast_head_json":{"title":"L\u00e1z\u00e1r J\u00e1nos: hats\u00e1voss\u00e1 b\u0151v\u00fcl az M1-es aut\u00f3p\u00e1lya Gy\u0151rig","robots":{"index":"index","follow":"follow","max-snippet":"max-snippet:-1","max-image-preview":"max-image-preview:large","max-video-preview":"max-video-preview:-1"},"canonical":"https:\/\/dorogimedence.hu\/index.php\/2025\/02\/06\/lazar-janos-hatsavossa-bovul-az-m1-es-autopalya-gyorig\/","og_locale":"hu_HU","og_type":"article","og_title":"L\u00e1z\u00e1r J\u00e1nos: hats\u00e1voss\u00e1 b\u0151v\u00fcl az M1-es aut\u00f3p\u00e1lya Gy\u0151rig","og_description":"Magyarorsz\u00e1g korm\u00e1ny\u00e1nak j\u00f3v\u00e1hagy\u00e1s\u00e1val 2025 augusztus\u00e1t\u00f3l megkezd\u0151dik az M1-es aut\u00f3p\u00e1lya hats\u00e1vos\u00edt\u00e1sa Budapest \u00e9s Gy\u0151r k\u00f6z\u00f6tt, a 800 milli\u00e1rd forintos beruh\u00e1z\u00e1s lesz a legnagyobb aut\u00f3\u00fat \u00e9s aut\u00f3p\u00e1lya \u00e9p\u00edt\u00e9s az elm\u00falt 100 esztend\u0151ben &#8211; jelentette be L\u00e1z\u00e1r J\u00e1nos, \u00e9p\u00edt\u00e9si \u00e9s k\u00f6zleked\u00e9si miniszter cs\u00fct\u00f6rt\u00f6k\u00f6n Esztergomban, ahol Hern\u00e1di \u00c1d\u00e1m, Esztergom Megyei Jog\u00fa V\u00e1ros polg\u00e1rmester\u00e9nek r\u00e9szv\u00e9tel\u00e9vel tartott sajt\u00f3t\u00e1j\u00e9koztat\u00f3t. Az \u00e9p\u00edt\u00e9si \u00e9s","og_url":"https:\/\/dorogimedence.hu\/index.php\/2025\/02\/06\/lazar-janos-hatsavossa-bovul-az-m1-es-autopalya-gyorig\/","og_site_name":"Dorogi-medence Region\u00e1lis H\u00edrport\u00e1l","article_publisher":"https:\/\/www.facebook.com\/dorogimedence\/","article_published_time":"2025-02-06T13:44:08+00:00","og_image":[{"width":1920,"height":970,"url":"https:\/\/dorogimedence.hu\/wp-content\/uploads\/2025\/02\/hernadi-lazar.jpg","type":"image\/jpeg"}],"author":"dorogimedence.hu","twitter_card":"summary_large_image","twitter_misc":{"Szerz\u0151:":"dorogimedence.hu","Becs\u00fclt olvas\u00e1si id\u0151":"5 perc"},"schema":{"@context":"https:\/\/schema.org","@graph":[{"@type":"Article","@id":"https:\/\/dorogimedence.hu\/index.php\/2025\/02\/06\/lazar-janos-hatsavossa-bovul-az-m1-es-autopalya-gyorig\/#article","isPartOf":{"@id":"https:\/\/dorogimedence.hu\/index.php\/2025\/02\/06\/lazar-janos-hatsavossa-bovul-az-m1-es-autopalya-gyorig\/"},"author":{"name":"dorogimedence.hu","@id":"https:\/\/dorogimedence.hu\/#\/schema\/person\/ce6091eeb7e95ecdc87890d6aa8e0fd4"},"headline":"L\u00e1z\u00e1r J\u00e1nos: hats\u00e1voss\u00e1 b\u0151v\u00fcl az M1-es aut\u00f3p\u00e1lya Gy\u0151rig","datePublished":"2025-02-06T13:44:08+00:00","mainEntityOfPage":{"@id":"https:\/\/dorogimedence.hu\/index.php\/2025\/02\/06\/lazar-janos-hatsavossa-bovul-az-m1-es-autopalya-gyorig\/"},"wordCount":1004,"publisher":{"@id":"https:\/\/dorogimedence.hu\/#organization"},"image":{"@id":"https:\/\/dorogimedence.hu\/index.php\/2025\/02\/06\/lazar-janos-hatsavossa-bovul-az-m1-es-autopalya-gyorig\/#primaryimage"},"thumbnailUrl":"https:\/\/dorogimedence.hu\/wp-content\/uploads\/2025\/02\/hernadi-lazar.jpg","keywords":["esztergom","featured","Hern\u00e1di \u00c1d\u00e1m","L\u00e1z\u00e1r J\u00e1nos","sajt\u00f3t\u00e1j\u00e9koztat\u00f3"],"articleSection":["Esztergom","H\u00edrek"],"inLanguage":"hu"},{"@type":"WebPage","@id":"https:\/\/dorogimedence.hu\/index.php\/2025\/02\/06\/lazar-janos-hatsavossa-bovul-az-m1-es-autopalya-gyorig\/","url":"https:\/\/dorogimedence.hu\/index.php\/2025\/02\/06\/lazar-janos-hatsavossa-bovul-az-m1-es-autopalya-gyorig\/","name":"L\u00e1z\u00e1r J\u00e1nos: hats\u00e1voss\u00e1 b\u0151v\u00fcl az M1-es aut\u00f3p\u00e1lya Gy\u0151rig","isPartOf":{"@id":"https:\/\/dorogimedence.hu\/#website"},"primaryImageOfPage":{"@id":"https:\/\/dorogimedence.hu\/index.php\/2025\/02\/06\/lazar-janos-hatsavossa-bovul-az-m1-es-autopalya-gyorig\/#primaryimage"},"image":{"@id":"https:\/\/dorogimedence.hu\/index.php\/2025\/02\/06\/lazar-janos-hatsavossa-bovul-az-m1-es-autopalya-gyorig\/#primaryimage"},"thumbnailUrl":"https:\/\/dorogimedence.hu\/wp-content\/uploads\/2025\/02\/hernadi-lazar.jpg","datePublished":"2025-02-06T13:44:08+00:00","breadcrumb":{"@id":"https:\/\/dorogimedence.hu\/index.php\/2025\/02\/06\/lazar-janos-hatsavossa-bovul-az-m1-es-autopalya-gyorig\/#breadcrumb"},"inLanguage":"hu","potentialAction":[{"@type":"ReadAction","target":["https:\/\/dorogimedence.hu\/index.php\/2025\/02\/06\/lazar-janos-hatsavossa-bovul-az-m1-es-autopalya-gyorig\/"]}]},{"@type":"ImageObject","inLanguage":"hu","@id":"https:\/\/dorogimedence.hu\/index.php\/2025\/02\/06\/lazar-janos-hatsavossa-bovul-az-m1-es-autopalya-gyorig\/#primaryimage","url":"https:\/\/dorogimedence.hu\/wp-content\/uploads\/2025\/02\/hernadi-lazar.jpg","contentUrl":"https:\/\/dorogimedence.hu\/wp-content\/uploads\/2025\/02\/hernadi-lazar.jpg","width":1920,"height":970},{"@type":"BreadcrumbList","@id":"https:\/\/dorogimedence.hu\/index.php\/2025\/02\/06\/lazar-janos-hatsavossa-bovul-az-m1-es-autopalya-gyorig\/#breadcrumb","itemListElement":[{"@type":"ListItem","position":1,"name":"Kezd\u0151lap","item":"https:\/\/dorogimedence.hu\/"},{"@type":"ListItem","position":2,"name":"L\u00e1z\u00e1r J\u00e1nos: hats\u00e1voss\u00e1 b\u0151v\u00fcl az M1-es aut\u00f3p\u00e1lya Gy\u0151rig"}]},{"@type":"WebSite","@id":"https:\/\/dorogimedence.hu\/#website","url":"https:\/\/dorogimedence.hu\/","name":"Dorogi-medence Region\u00e1lis H\u00edrport\u00e1l","description":"Dorog, Keszt\u00f6lc, Le\u00e1nyv\u00e1r, Piliscs\u00e9v, Tokod, Tokodalt\u00e1r\u00f3, Csolnok, Esztergom-kertv\u00e1ros: h\u00edrek, programok","publisher":{"@id":"https:\/\/dorogimedence.hu\/#organization"},"potentialAction":[{"@type":"SearchAction","target":{"@type":"EntryPoint","urlTemplate":"https:\/\/dorogimedence.hu\/?s={search_term_string}"},"query-input":{"@type":"PropertyValueSpecification","valueRequired":true,"valueName":"search_term_string"}}],"inLanguage":"hu"},{"@type":"Organization","@id":"https:\/\/dorogimedence.hu\/#organization","name":"Dorogi-medence Region\u00e1lis H\u00edrport\u00e1l","url":"https:\/\/dorogimedence.hu\/","logo":{"@type":"ImageObject","inLanguage":"hu","@id":"https:\/\/dorogimedence.hu\/#\/schema\/logo\/image\/","url":"https:\/\/dorogimedence.hu\/wp-content\/uploads\/2021\/04\/logo-feher-600.png","contentUrl":"https:\/\/dorogimedence.hu\/wp-content\/uploads\/2021\/04\/logo-feher-600.png","width":600,"height":100,"caption":"Dorogi-medence Region\u00e1lis H\u00edrport\u00e1l"},"image":{"@id":"https:\/\/dorogimedence.hu\/#\/schema\/logo\/image\/"},"sameAs":["https:\/\/www.facebook.com\/dorogimedence\/"]},{"@type":"Person","@id":"https:\/\/dorogimedence.hu\/#\/schema\/person\/ce6091eeb7e95ecdc87890d6aa8e0fd4","name":"dorogimedence.hu","image":{"@type":"ImageObject","inLanguage":"hu","@id":"\/\/www.gravatar.com\/avatar\/d8d45f8901aadff40a4af72c0b826f1d?s=96&#038;r=g&#038;d=mm","url":"\/\/www.gravatar.com\/avatar\/d8d45f8901aadff40a4af72c0b826f1d?s=96&#038;r=g&#038;d=mm","contentUrl":"\/\/www.gravatar.com\/avatar\/d8d45f8901aadff40a4af72c0b826f1d?s=96&#038;r=g&#038;d=mm","caption":"dorogimedence.hu"}}]}},"_links":{"self":[{"href":"https:\/\/dorogimedence.hu\/index.php\/wp-json\/wp\/v2\/posts\/68665","targetHints":{"allow":["GET"]}}],"collection":[{"href":"https:\/\/dorogimedence.hu\/index.php\/wp-json\/wp\/v2\/posts"}],"about":[{"href":"https:\/\/dorogimedence.hu\/index.php\/wp-json\/wp\/v2\/types\/post"}],"author":[{"embeddable":true,"href":"https:\/\/dorogimedence.hu\/index.php\/wp-json\/wp\/v2\/users\/1"}],"replies":[{"embeddable":true,"href":"https:\/\/dorogimedence.hu\/index.php\/wp-json\/wp\/v2\/comments?post=68665"}],"version-history":[{"count":0,"href":"https:\/\/dorogimedence.hu\/index.php\/wp-json\/wp\/v2\/posts\/68665\/revisions"}],"wp:featuredmedia":[{"embeddable":true,"href":"https:\/\/dorogimedence.hu\/index.php\/wp-json\/wp\/v2\/media\/68666"}],"wp:attachment":[{"href":"https:\/\/dorogimedence.hu\/index.php\/wp-json\/wp\/v2\/media?parent=68665"}],"wp:term":[{"taxonomy":"category","embeddable":true,"href":"https:\/\/dorogimedence.hu\/index.php\/wp-json\/wp\/v2\/categories?post=68665"},{"taxonomy":"post_tag","embeddable":true,"href":"https:\/\/dorogimedence.hu\/index.php\/wp-json\/wp\/v2\/tags?post=68665"}],"curies":[{"name":"wp","href":"https:\/\/api.w.org\/{rel}","templated":true}]}}