{"id":68655,"date":"2025-02-06T13:39:13","date_gmt":"2025-02-06T12:39:13","guid":{"rendered":"https:\/\/dorogimedence.hu\/?p=68655"},"modified":"2025-02-06T13:39:13","modified_gmt":"2025-02-06T12:39:13","slug":"a-florian-teri-feluljarok-felujitasa-miatt-megnovekedhet-a-menetido","status":"publish","type":"post","link":"https:\/\/dorogimedence.hu\/index.php\/2025\/02\/06\/a-florian-teri-feluljarok-felujitasa-miatt-megnovekedhet-a-menetido\/","title":{"rendered":"A Fl\u00f3ri\u00e1n t\u00e9ri fel\u00fclj\u00e1r\u00f3k fel\u00faj\u00edt\u00e1sa miatt megn\u00f6vekedhet a menetid\u0151"},"content":{"rendered":"<p><strong>A fel\u00faj\u00edt\u00e1s ideje alatt Esztergom \u00e9s Budapest, \u00c1rp\u00e1d h\u00edd aut\u00f3busz-\u00e1llom\u00e1s k\u00f6z\u00f6tt k\u00f6zleked\u0151 helyk\u00f6zi aut\u00f3buszj\u00e1ratok eset\u00e9ben is az eljut\u00e1si id\u0151k n\u00f6veked\u00e9s\u00e9re lehet sz\u00e1m\u00edtani.<\/strong><\/p>\n<p>A M\u00e1v Zrt. t\u00e1j\u00e9koztat\u00e1sa szerint Budapest f\u0151v\u00e1ros soron k\u00f6vetkez\u0151 kiemelt beruh\u00e1z\u00e1sa az \u00e9szak-budai Fl\u00f3ri\u00e1n t\u00e9ri fel\u00fclj\u00e1r\u00f3k teljes fel\u00faj\u00edt\u00e1sa lesz. Az \u00c1rp\u00e1d hidat \u00e9s a Szentendrei utat \u00f6sszek\u00f6t\u0151, k\u00e9t \u00edves h\u00eddb\u00f3l \u00e1ll\u00f3 szerkezetek fel\u00faj\u00edt\u00e1sa elengedhetetlen Budapest k\u00f6z\u00fati m\u0171k\u00f6d\u0151k\u00e9pess\u00e9g\u00e9nek fenntarthat\u00f3s\u00e1g\u00e1hoz, mivel kiemelt a szerepe Budapest \u00e9s az agglomer\u00e1ci\u00f3 k\u00f6zleked\u00e9s\u00e9ben is, hiszen v\u00e1roshat\u00e1ron is \u00e1tny\u00fal\u00f3, tranzit\u00fatvonalakat (Szentendrei \u00fat V\u00f6r\u00f6sv\u00e1ri \u00fat \u00c1rp\u00e1d h\u00edd) k\u00f6tnek \u00f6ssze.<\/p>\n<p>A Budapesti K\u00f6zleked\u00e9si K\u00f6zpont t\u00e1j\u00e9koztat\u00e1sa szerint a rekonstrukci\u00f3 2025. febru\u00e1r 14-\u00e9n kezd\u0151dik az ideiglenes forgalmi rend ki\u00e9p\u00edt\u00e9s\u00e9vel, majd m\u00e1rcius 1-j\u00e9t\u0151l lez\u00e1r\u00e1sra ker\u00fcl a d\u00e9li (Szentendrei \u00fatr\u00f3l az \u00c1rp\u00e1d h\u00edd ra vezet\u0151) h\u00edd, \u00e9s el\u0151rel\u00e1that\u00f3an 2026 tavasz\u00e1ig tartanak a fel\u00faj\u00edt\u00e1si munk\u00e1k. A fel\u00faj\u00edt\u00e1s ideje alatt \u2013 a munk\u00e1k jelleg\u00e9b\u0151l ad\u00f3d\u00f3an \u2013 a fel\u00fclj\u00e1r\u00f3 \u00fatp\u00e1lya forgalm\u00e1nak ideiglenes korl\u00e1toz\u00e1s\u00e1ra kell k\u00e9sz\u00fclni, de a k\u00e9t fel\u00fclj\u00e1r\u00f3n k\u00fcl\u00f6n-k\u00fcl\u00f6n dolgoznak, teh\u00e1t az egyiket mindig fenntartj\u00e1k a k\u00f6z\u00fati forgalomnak.<\/p>\n<p>A fentiek alapj\u00e1n, a fel\u00faj\u00edt\u00e1s ideje alatt a k\u00f6z\u00fati forgalom ideiglenes korl\u00e1toz\u00e1s\u00e1ra, nehezebb eljut\u00e1sra kell k\u00e9sz\u00fclni nem csak a t\u00e9rs\u00e9gben, hanem az agglomer\u00e1ci\u00f3b\u00f3l indul\u00f3kat \u00e9rint\u0151en is, \u00edgy Dorog \u00e9s Budapest, \u00c1rp\u00e1d h\u00edd aut\u00f3busz-\u00e1llom\u00e1s k\u00f6z\u00f6tt k\u00f6zleked\u0151 helyk\u00f6zi aut\u00f3buszj\u00e1ratok eset\u00e9ben is a kor\u00e1bban megszokott eljut\u00e1si id\u0151k n\u00f6veked\u00e9s\u00e9re lehet sz\u00e1m\u00edtani.<\/p>\n<p>Javasoljuk, hogy a fel\u00fclj\u00e1r\u00f3k fel\u00faj\u00edt\u00e1s\u00e1nak id\u0151szak\u00e1ban az utasok Budapest ir\u00e1ny\u00fa utaz\u00e1saik sor\u00e1n a k\u00f6t\u00f6ttp\u00e1ly\u00e1s k\u00f6zleked\u00e9st r\u00e9szes\u00edts\u00e9k el\u0151nyben.<\/p>\n<p>A fel\u00faj\u00edt\u00e1si munk\u00e1k kezdet\u00e9t\u0151l a M\u00e1v Zrt. a <span style=\"text-decoration: underline; color: #0000ff;\"><a style=\"color: #0000ff; text-decoration: underline;\" href=\"https:\/\/l.facebook.com\/l.php?u=https%3A%2F%2Fwww.mavcsoport.hu%2Fmavinform%3Ffbclid%3DIwZXh0bgNhZW0CMTAAAR20Kezz2oiri7WW4R989wf8mlzEx_ErkXNmxXF1FwVbnznX8WlfdU-Iuuo_aem_19fJkNisy9IejW6j7Sy59g&amp;h=AT3EmAl1CWFJ3d5WzB7RNOFHtDGWVrggzx8EWL9xmZC2lJqMtdnfo6RYZPaJHuxfud9InrXGoOb7oiWnsKY_3NWxKLZ4Tg2KUUVEEUuBEAZI2FeczLIDN2dCh8j2GnNo3VF2&amp;__tn__=-UK-R&amp;c%5b0%5d=AT0qsjVVjrVUdHXzKdn9HiKXbymqPZvcvfU5_8XgDyJ_ZdVV_UqQn7GHhwezQ26AyNW1eLkk2utUCTd-q0SA8mk7mXH1Da0kfOTjWrLE4l57TIyq0UKJI1gZ5rCSXCZvjli-_T4xrqdu6qcql_ARaQf3zROz0-4LWyJegeMHKc70PSD7VR1dVfe9TeN9mcqviKYaszsK-RW63d2PlclseYKZZA\" target=\"_blank\" rel=\"noopener\">https:\/\/www.mavcsoport.hu\/mavinform<\/a><\/span> oldalon rendszeresen t\u00e1j\u00e9koztatja majd az utasokat a v\u00e1ltoz\u00e1sokr\u00f3l.<\/p>\n<p><em>Forr\u00e1s: dorog.hu \/ M\u00c1V Zrt.<br \/>\nBor\u00edt\u00f3k\u00e9p: BKK<\/em><\/p>\n","protected":false},"excerpt":{"rendered":"<p>A fel\u00faj\u00edt\u00e1s ideje alatt Esztergom \u00e9s Budapest, \u00c1rp\u00e1d h\u00edd aut\u00f3busz-\u00e1llom\u00e1s k\u00f6z\u00f6tt k\u00f6zleked\u0151 helyk\u00f6zi aut\u00f3buszj\u00e1ratok eset\u00e9ben is az eljut\u00e1si id\u0151k n\u00f6veked\u00e9s\u00e9re lehet sz\u00e1m\u00edtani. A M\u00e1v Zrt. t\u00e1j\u00e9koztat\u00e1sa szerint Budapest f\u0151v\u00e1ros soron k\u00f6vetkez\u0151 kiemelt beruh\u00e1z\u00e1sa az \u00e9szak-budai Fl\u00f3ri\u00e1n t\u00e9ri fel\u00fclj\u00e1r\u00f3k teljes fel\u00faj\u00edt\u00e1sa lesz. Az \u00c1rp\u00e1d hidat \u00e9s a Szentendrei utat \u00f6sszek\u00f6t\u0151, k\u00e9t \u00edves h\u00eddb\u00f3l \u00e1ll\u00f3 szerkezetek fel\u00faj\u00edt\u00e1sa<\/p>\n","protected":false},"author":1,"featured_media":0,"comment_status":"closed","ping_status":"closed","sticky":false,"template":"","format":"standard","meta":{"ngg_post_thumbnail":0,"footnotes":""},"categories":[3],"tags":[458,1043,8240,738,292,381,1015,291],"class_list":{"0":"post-68655","1":"post","2":"type-post","3":"status-publish","4":"format-standard","6":"category-hirek","7":"tag-autobusz","8":"tag-busz","9":"tag-florian-ter","10":"tag-forgalomkorlatozas","11":"tag-mav","12":"tag-vasut","13":"tag-volanbusz","14":"tag-vonat"},"yoast_head":"<!-- This site is optimized with the Yoast SEO plugin v27.4 - https:\/\/yoast.com\/product\/yoast-seo-wordpress\/ -->\n<title>A Fl\u00f3ri\u00e1n t\u00e9ri fel\u00fclj\u00e1r\u00f3k fel\u00faj\u00edt\u00e1sa miatt megn\u00f6vekedhet a menetid\u0151<\/title>\n<meta name=\"robots\" content=\"index, follow, max-snippet:-1, max-image-preview:large, max-video-preview:-1\" \/>\n<link rel=\"canonical\" href=\"https:\/\/dorogimedence.hu\/index.php\/2025\/02\/06\/a-florian-teri-feluljarok-felujitasa-miatt-megnovekedhet-a-menetido\/\" class=\"yoast-seo-meta-tag\" \/>\n<meta property=\"og:locale\" content=\"hu_HU\" class=\"yoast-seo-meta-tag\" \/>\n<meta property=\"og:type\" content=\"article\" class=\"yoast-seo-meta-tag\" \/>\n<meta property=\"og:title\" content=\"A Fl\u00f3ri\u00e1n t\u00e9ri fel\u00fclj\u00e1r\u00f3k fel\u00faj\u00edt\u00e1sa miatt megn\u00f6vekedhet a menetid\u0151\" class=\"yoast-seo-meta-tag\" \/>\n<meta property=\"og:description\" content=\"A fel\u00faj\u00edt\u00e1s ideje alatt Esztergom \u00e9s Budapest, \u00c1rp\u00e1d h\u00edd aut\u00f3busz-\u00e1llom\u00e1s k\u00f6z\u00f6tt k\u00f6zleked\u0151 helyk\u00f6zi aut\u00f3buszj\u00e1ratok eset\u00e9ben is az eljut\u00e1si id\u0151k n\u00f6veked\u00e9s\u00e9re lehet sz\u00e1m\u00edtani. A M\u00e1v Zrt. t\u00e1j\u00e9koztat\u00e1sa szerint Budapest f\u0151v\u00e1ros soron k\u00f6vetkez\u0151 kiemelt beruh\u00e1z\u00e1sa az \u00e9szak-budai Fl\u00f3ri\u00e1n t\u00e9ri fel\u00fclj\u00e1r\u00f3k teljes fel\u00faj\u00edt\u00e1sa lesz. Az \u00c1rp\u00e1d hidat \u00e9s a Szentendrei utat \u00f6sszek\u00f6t\u0151, k\u00e9t \u00edves h\u00eddb\u00f3l \u00e1ll\u00f3 szerkezetek fel\u00faj\u00edt\u00e1sa\" class=\"yoast-seo-meta-tag\" \/>\n<meta property=\"og:url\" content=\"https:\/\/dorogimedence.hu\/index.php\/2025\/02\/06\/a-florian-teri-feluljarok-felujitasa-miatt-megnovekedhet-a-menetido\/\" class=\"yoast-seo-meta-tag\" \/>\n<meta property=\"og:site_name\" content=\"Dorogi-medence Region\u00e1lis H\u00edrport\u00e1l\" class=\"yoast-seo-meta-tag\" \/>\n<meta property=\"article:publisher\" content=\"https:\/\/www.facebook.com\/dorogimedence\/\" class=\"yoast-seo-meta-tag\" \/>\n<meta property=\"article:published_time\" content=\"2025-02-06T12:39:13+00:00\" class=\"yoast-seo-meta-tag\" \/>\n<meta property=\"og:image\" content=\"https:\/\/dorogimedence.hu\/wp-content\/uploads\/2025\/02\/florian-ter.jpg\" class=\"yoast-seo-meta-tag\" \/>\n\t<meta property=\"og:image:width\" content=\"1920\" class=\"yoast-seo-meta-tag\" \/>\n\t<meta property=\"og:image:height\" content=\"1280\" class=\"yoast-seo-meta-tag\" \/>\n\t<meta property=\"og:image:type\" content=\"image\/jpeg\" class=\"yoast-seo-meta-tag\" \/>\n<meta name=\"author\" content=\"dorogimedence.hu\" class=\"yoast-seo-meta-tag\" \/>\n<meta name=\"twitter:card\" content=\"summary_large_image\" class=\"yoast-seo-meta-tag\" \/>\n<meta name=\"twitter:label1\" content=\"Szerz\u0151:\" class=\"yoast-seo-meta-tag\" \/>\n\t<meta name=\"twitter:data1\" content=\"dorogimedence.hu\" class=\"yoast-seo-meta-tag\" \/>\n\t<meta name=\"twitter:label2\" content=\"Becs\u00fclt olvas\u00e1si id\u0151\" class=\"yoast-seo-meta-tag\" \/>\n\t<meta name=\"twitter:data2\" content=\"2 perc\" class=\"yoast-seo-meta-tag\" \/>\n<script type=\"application\/ld+json\" class=\"yoast-schema-graph\">{\"@context\":\"https:\\\/\\\/schema.org\",\"@graph\":[{\"@type\":\"Article\",\"@id\":\"https:\\\/\\\/dorogimedence.hu\\\/index.php\\\/2025\\\/02\\\/06\\\/a-florian-teri-feluljarok-felujitasa-miatt-megnovekedhet-a-menetido\\\/#article\",\"isPartOf\":{\"@id\":\"https:\\\/\\\/dorogimedence.hu\\\/index.php\\\/2025\\\/02\\\/06\\\/a-florian-teri-feluljarok-felujitasa-miatt-megnovekedhet-a-menetido\\\/\"},\"author\":{\"name\":\"dorogimedence.hu\",\"@id\":\"https:\\\/\\\/dorogimedence.hu\\\/#\\\/schema\\\/person\\\/ce6091eeb7e95ecdc87890d6aa8e0fd4\"},\"headline\":\"A Fl\u00f3ri\u00e1n t\u00e9ri fel\u00fclj\u00e1r\u00f3k fel\u00faj\u00edt\u00e1sa miatt megn\u00f6vekedhet a menetid\u0151\",\"datePublished\":\"2025-02-06T12:39:13+00:00\",\"mainEntityOfPage\":{\"@id\":\"https:\\\/\\\/dorogimedence.hu\\\/index.php\\\/2025\\\/02\\\/06\\\/a-florian-teri-feluljarok-felujitasa-miatt-megnovekedhet-a-menetido\\\/\"},\"wordCount\":474,\"publisher\":{\"@id\":\"https:\\\/\\\/dorogimedence.hu\\\/#organization\"},\"keywords\":[\"aut\u00f3busz\",\"busz\",\"Fl\u00f3ri\u00e1n t\u00e9r\",\"forgalomkorl\u00e1toz\u00e1s\",\"m\u00e1v\",\"vas\u00fat\",\"vol\u00e1nbusz\",\"vonat\"],\"articleSection\":[\"H\u00edrek\"],\"inLanguage\":\"hu\"},{\"@type\":\"WebPage\",\"@id\":\"https:\\\/\\\/dorogimedence.hu\\\/index.php\\\/2025\\\/02\\\/06\\\/a-florian-teri-feluljarok-felujitasa-miatt-megnovekedhet-a-menetido\\\/\",\"url\":\"https:\\\/\\\/dorogimedence.hu\\\/index.php\\\/2025\\\/02\\\/06\\\/a-florian-teri-feluljarok-felujitasa-miatt-megnovekedhet-a-menetido\\\/\",\"name\":\"A Fl\u00f3ri\u00e1n t\u00e9ri fel\u00fclj\u00e1r\u00f3k fel\u00faj\u00edt\u00e1sa miatt megn\u00f6vekedhet a menetid\u0151\",\"isPartOf\":{\"@id\":\"https:\\\/\\\/dorogimedence.hu\\\/#website\"},\"datePublished\":\"2025-02-06T12:39:13+00:00\",\"breadcrumb\":{\"@id\":\"https:\\\/\\\/dorogimedence.hu\\\/index.php\\\/2025\\\/02\\\/06\\\/a-florian-teri-feluljarok-felujitasa-miatt-megnovekedhet-a-menetido\\\/#breadcrumb\"},\"inLanguage\":\"hu\",\"potentialAction\":[{\"@type\":\"ReadAction\",\"target\":[\"https:\\\/\\\/dorogimedence.hu\\\/index.php\\\/2025\\\/02\\\/06\\\/a-florian-teri-feluljarok-felujitasa-miatt-megnovekedhet-a-menetido\\\/\"]}]},{\"@type\":\"BreadcrumbList\",\"@id\":\"https:\\\/\\\/dorogimedence.hu\\\/index.php\\\/2025\\\/02\\\/06\\\/a-florian-teri-feluljarok-felujitasa-miatt-megnovekedhet-a-menetido\\\/#breadcrumb\",\"itemListElement\":[{\"@type\":\"ListItem\",\"position\":1,\"name\":\"Kezd\u0151lap\",\"item\":\"https:\\\/\\\/dorogimedence.hu\\\/\"},{\"@type\":\"ListItem\",\"position\":2,\"name\":\"A Fl\u00f3ri\u00e1n t\u00e9ri fel\u00fclj\u00e1r\u00f3k fel\u00faj\u00edt\u00e1sa miatt megn\u00f6vekedhet a menetid\u0151\"}]},{\"@type\":\"WebSite\",\"@id\":\"https:\\\/\\\/dorogimedence.hu\\\/#website\",\"url\":\"https:\\\/\\\/dorogimedence.hu\\\/\",\"name\":\"Dorogi-medence Region\u00e1lis H\u00edrport\u00e1l\",\"description\":\"Dorog, Keszt\u00f6lc, Le\u00e1nyv\u00e1r, Piliscs\u00e9v, Tokod, Tokodalt\u00e1r\u00f3, Csolnok, Esztergom-kertv\u00e1ros: h\u00edrek, programok\",\"publisher\":{\"@id\":\"https:\\\/\\\/dorogimedence.hu\\\/#organization\"},\"potentialAction\":[{\"@type\":\"SearchAction\",\"target\":{\"@type\":\"EntryPoint\",\"urlTemplate\":\"https:\\\/\\\/dorogimedence.hu\\\/?s={search_term_string}\"},\"query-input\":{\"@type\":\"PropertyValueSpecification\",\"valueRequired\":true,\"valueName\":\"search_term_string\"}}],\"inLanguage\":\"hu\"},{\"@type\":\"Organization\",\"@id\":\"https:\\\/\\\/dorogimedence.hu\\\/#organization\",\"name\":\"Dorogi-medence Region\u00e1lis H\u00edrport\u00e1l\",\"url\":\"https:\\\/\\\/dorogimedence.hu\\\/\",\"logo\":{\"@type\":\"ImageObject\",\"inLanguage\":\"hu\",\"@id\":\"https:\\\/\\\/dorogimedence.hu\\\/#\\\/schema\\\/logo\\\/image\\\/\",\"url\":\"https:\\\/\\\/dorogimedence.hu\\\/wp-content\\\/uploads\\\/2021\\\/04\\\/logo-feher-600.png\",\"contentUrl\":\"https:\\\/\\\/dorogimedence.hu\\\/wp-content\\\/uploads\\\/2021\\\/04\\\/logo-feher-600.png\",\"width\":600,\"height\":100,\"caption\":\"Dorogi-medence Region\u00e1lis H\u00edrport\u00e1l\"},\"image\":{\"@id\":\"https:\\\/\\\/dorogimedence.hu\\\/#\\\/schema\\\/logo\\\/image\\\/\"},\"sameAs\":[\"https:\\\/\\\/www.facebook.com\\\/dorogimedence\\\/\"]},{\"@type\":\"Person\",\"@id\":\"https:\\\/\\\/dorogimedence.hu\\\/#\\\/schema\\\/person\\\/ce6091eeb7e95ecdc87890d6aa8e0fd4\",\"name\":\"dorogimedence.hu\",\"image\":{\"@type\":\"ImageObject\",\"inLanguage\":\"hu\",\"@id\":\"\\\/\\\/www.gravatar.com\\\/avatar\\\/d8d45f8901aadff40a4af72c0b826f1d?s=96&#038;r=g&#038;d=mm\",\"url\":\"\\\/\\\/www.gravatar.com\\\/avatar\\\/d8d45f8901aadff40a4af72c0b826f1d?s=96&#038;r=g&#038;d=mm\",\"contentUrl\":\"\\\/\\\/www.gravatar.com\\\/avatar\\\/d8d45f8901aadff40a4af72c0b826f1d?s=96&#038;r=g&#038;d=mm\",\"caption\":\"dorogimedence.hu\"}}]}<\/script>\n<!-- \/ Yoast SEO plugin. -->","yoast_head_json":{"title":"A Fl\u00f3ri\u00e1n t\u00e9ri fel\u00fclj\u00e1r\u00f3k fel\u00faj\u00edt\u00e1sa miatt megn\u00f6vekedhet a menetid\u0151","robots":{"index":"index","follow":"follow","max-snippet":"max-snippet:-1","max-image-preview":"max-image-preview:large","max-video-preview":"max-video-preview:-1"},"canonical":"https:\/\/dorogimedence.hu\/index.php\/2025\/02\/06\/a-florian-teri-feluljarok-felujitasa-miatt-megnovekedhet-a-menetido\/","og_locale":"hu_HU","og_type":"article","og_title":"A Fl\u00f3ri\u00e1n t\u00e9ri fel\u00fclj\u00e1r\u00f3k fel\u00faj\u00edt\u00e1sa miatt megn\u00f6vekedhet a menetid\u0151","og_description":"A fel\u00faj\u00edt\u00e1s ideje alatt Esztergom \u00e9s Budapest, \u00c1rp\u00e1d h\u00edd aut\u00f3busz-\u00e1llom\u00e1s k\u00f6z\u00f6tt k\u00f6zleked\u0151 helyk\u00f6zi aut\u00f3buszj\u00e1ratok eset\u00e9ben is az eljut\u00e1si id\u0151k n\u00f6veked\u00e9s\u00e9re lehet sz\u00e1m\u00edtani. A M\u00e1v Zrt. t\u00e1j\u00e9koztat\u00e1sa szerint Budapest f\u0151v\u00e1ros soron k\u00f6vetkez\u0151 kiemelt beruh\u00e1z\u00e1sa az \u00e9szak-budai Fl\u00f3ri\u00e1n t\u00e9ri fel\u00fclj\u00e1r\u00f3k teljes fel\u00faj\u00edt\u00e1sa lesz. Az \u00c1rp\u00e1d hidat \u00e9s a Szentendrei utat \u00f6sszek\u00f6t\u0151, k\u00e9t \u00edves h\u00eddb\u00f3l \u00e1ll\u00f3 szerkezetek fel\u00faj\u00edt\u00e1sa","og_url":"https:\/\/dorogimedence.hu\/index.php\/2025\/02\/06\/a-florian-teri-feluljarok-felujitasa-miatt-megnovekedhet-a-menetido\/","og_site_name":"Dorogi-medence Region\u00e1lis H\u00edrport\u00e1l","article_publisher":"https:\/\/www.facebook.com\/dorogimedence\/","article_published_time":"2025-02-06T12:39:13+00:00","og_image":[{"width":1920,"height":1280,"url":"https:\/\/dorogimedence.hu\/wp-content\/uploads\/2025\/02\/florian-ter.jpg","type":"image\/jpeg"}],"author":"dorogimedence.hu","twitter_card":"summary_large_image","twitter_misc":{"Szerz\u0151:":"dorogimedence.hu","Becs\u00fclt olvas\u00e1si id\u0151":"2 perc"},"schema":{"@context":"https:\/\/schema.org","@graph":[{"@type":"Article","@id":"https:\/\/dorogimedence.hu\/index.php\/2025\/02\/06\/a-florian-teri-feluljarok-felujitasa-miatt-megnovekedhet-a-menetido\/#article","isPartOf":{"@id":"https:\/\/dorogimedence.hu\/index.php\/2025\/02\/06\/a-florian-teri-feluljarok-felujitasa-miatt-megnovekedhet-a-menetido\/"},"author":{"name":"dorogimedence.hu","@id":"https:\/\/dorogimedence.hu\/#\/schema\/person\/ce6091eeb7e95ecdc87890d6aa8e0fd4"},"headline":"A Fl\u00f3ri\u00e1n t\u00e9ri fel\u00fclj\u00e1r\u00f3k fel\u00faj\u00edt\u00e1sa miatt megn\u00f6vekedhet a menetid\u0151","datePublished":"2025-02-06T12:39:13+00:00","mainEntityOfPage":{"@id":"https:\/\/dorogimedence.hu\/index.php\/2025\/02\/06\/a-florian-teri-feluljarok-felujitasa-miatt-megnovekedhet-a-menetido\/"},"wordCount":474,"publisher":{"@id":"https:\/\/dorogimedence.hu\/#organization"},"keywords":["aut\u00f3busz","busz","Fl\u00f3ri\u00e1n t\u00e9r","forgalomkorl\u00e1toz\u00e1s","m\u00e1v","vas\u00fat","vol\u00e1nbusz","vonat"],"articleSection":["H\u00edrek"],"inLanguage":"hu"},{"@type":"WebPage","@id":"https:\/\/dorogimedence.hu\/index.php\/2025\/02\/06\/a-florian-teri-feluljarok-felujitasa-miatt-megnovekedhet-a-menetido\/","url":"https:\/\/dorogimedence.hu\/index.php\/2025\/02\/06\/a-florian-teri-feluljarok-felujitasa-miatt-megnovekedhet-a-menetido\/","name":"A Fl\u00f3ri\u00e1n t\u00e9ri fel\u00fclj\u00e1r\u00f3k fel\u00faj\u00edt\u00e1sa miatt megn\u00f6vekedhet a menetid\u0151","isPartOf":{"@id":"https:\/\/dorogimedence.hu\/#website"},"datePublished":"2025-02-06T12:39:13+00:00","breadcrumb":{"@id":"https:\/\/dorogimedence.hu\/index.php\/2025\/02\/06\/a-florian-teri-feluljarok-felujitasa-miatt-megnovekedhet-a-menetido\/#breadcrumb"},"inLanguage":"hu","potentialAction":[{"@type":"ReadAction","target":["https:\/\/dorogimedence.hu\/index.php\/2025\/02\/06\/a-florian-teri-feluljarok-felujitasa-miatt-megnovekedhet-a-menetido\/"]}]},{"@type":"BreadcrumbList","@id":"https:\/\/dorogimedence.hu\/index.php\/2025\/02\/06\/a-florian-teri-feluljarok-felujitasa-miatt-megnovekedhet-a-menetido\/#breadcrumb","itemListElement":[{"@type":"ListItem","position":1,"name":"Kezd\u0151lap","item":"https:\/\/dorogimedence.hu\/"},{"@type":"ListItem","position":2,"name":"A Fl\u00f3ri\u00e1n t\u00e9ri fel\u00fclj\u00e1r\u00f3k fel\u00faj\u00edt\u00e1sa miatt megn\u00f6vekedhet a menetid\u0151"}]},{"@type":"WebSite","@id":"https:\/\/dorogimedence.hu\/#website","url":"https:\/\/dorogimedence.hu\/","name":"Dorogi-medence Region\u00e1lis H\u00edrport\u00e1l","description":"Dorog, Keszt\u00f6lc, Le\u00e1nyv\u00e1r, Piliscs\u00e9v, Tokod, Tokodalt\u00e1r\u00f3, Csolnok, Esztergom-kertv\u00e1ros: h\u00edrek, programok","publisher":{"@id":"https:\/\/dorogimedence.hu\/#organization"},"potentialAction":[{"@type":"SearchAction","target":{"@type":"EntryPoint","urlTemplate":"https:\/\/dorogimedence.hu\/?s={search_term_string}"},"query-input":{"@type":"PropertyValueSpecification","valueRequired":true,"valueName":"search_term_string"}}],"inLanguage":"hu"},{"@type":"Organization","@id":"https:\/\/dorogimedence.hu\/#organization","name":"Dorogi-medence Region\u00e1lis H\u00edrport\u00e1l","url":"https:\/\/dorogimedence.hu\/","logo":{"@type":"ImageObject","inLanguage":"hu","@id":"https:\/\/dorogimedence.hu\/#\/schema\/logo\/image\/","url":"https:\/\/dorogimedence.hu\/wp-content\/uploads\/2021\/04\/logo-feher-600.png","contentUrl":"https:\/\/dorogimedence.hu\/wp-content\/uploads\/2021\/04\/logo-feher-600.png","width":600,"height":100,"caption":"Dorogi-medence Region\u00e1lis H\u00edrport\u00e1l"},"image":{"@id":"https:\/\/dorogimedence.hu\/#\/schema\/logo\/image\/"},"sameAs":["https:\/\/www.facebook.com\/dorogimedence\/"]},{"@type":"Person","@id":"https:\/\/dorogimedence.hu\/#\/schema\/person\/ce6091eeb7e95ecdc87890d6aa8e0fd4","name":"dorogimedence.hu","image":{"@type":"ImageObject","inLanguage":"hu","@id":"\/\/www.gravatar.com\/avatar\/d8d45f8901aadff40a4af72c0b826f1d?s=96&#038;r=g&#038;d=mm","url":"\/\/www.gravatar.com\/avatar\/d8d45f8901aadff40a4af72c0b826f1d?s=96&#038;r=g&#038;d=mm","contentUrl":"\/\/www.gravatar.com\/avatar\/d8d45f8901aadff40a4af72c0b826f1d?s=96&#038;r=g&#038;d=mm","caption":"dorogimedence.hu"}}]}},"_links":{"self":[{"href":"https:\/\/dorogimedence.hu\/index.php\/wp-json\/wp\/v2\/posts\/68655","targetHints":{"allow":["GET"]}}],"collection":[{"href":"https:\/\/dorogimedence.hu\/index.php\/wp-json\/wp\/v2\/posts"}],"about":[{"href":"https:\/\/dorogimedence.hu\/index.php\/wp-json\/wp\/v2\/types\/post"}],"author":[{"embeddable":true,"href":"https:\/\/dorogimedence.hu\/index.php\/wp-json\/wp\/v2\/users\/1"}],"replies":[{"embeddable":true,"href":"https:\/\/dorogimedence.hu\/index.php\/wp-json\/wp\/v2\/comments?post=68655"}],"version-history":[{"count":0,"href":"https:\/\/dorogimedence.hu\/index.php\/wp-json\/wp\/v2\/posts\/68655\/revisions"}],"wp:attachment":[{"href":"https:\/\/dorogimedence.hu\/index.php\/wp-json\/wp\/v2\/media?parent=68655"}],"wp:term":[{"taxonomy":"category","embeddable":true,"href":"https:\/\/dorogimedence.hu\/index.php\/wp-json\/wp\/v2\/categories?post=68655"},{"taxonomy":"post_tag","embeddable":true,"href":"https:\/\/dorogimedence.hu\/index.php\/wp-json\/wp\/v2\/tags?post=68655"}],"curies":[{"name":"wp","href":"https:\/\/api.w.org\/{rel}","templated":true}]}}