{"id":68559,"date":"2025-02-03T10:02:31","date_gmt":"2025-02-03T09:02:31","guid":{"rendered":"https:\/\/dorogimedence.hu\/?p=68559"},"modified":"2025-02-03T10:02:31","modified_gmt":"2025-02-03T09:02:31","slug":"a-vonaton-buszon-elhagyott-targyak-kozel-fele-hiaba-varta-tulajdonosat-2024-ben","status":"publish","type":"post","link":"https:\/\/dorogimedence.hu\/index.php\/2025\/02\/03\/a-vonaton-buszon-elhagyott-targyak-kozel-fele-hiaba-varta-tulajdonosat-2024-ben\/","title":{"rendered":"A vonaton, buszon elhagyott t\u00e1rgyak k\u00f6zel fele hi\u00e1ba v\u00e1rta tulajdonos\u00e1t 2024-ben"},"content":{"rendered":"<div class=\"field-lead\">\n<p><strong>Egyre t\u00f6bben veszik ig\u00e9nybe a k\u00f6z\u00f6ss\u00e9gi k\u00f6zleked\u00e9st, \u00e9vr\u0151l \u00e9vre n\u0151 az utaz\u00e1sok sz\u00e1ma, \u00e9s ezzel egy\u00fctt n\u0151 a vonaton, buszon elhagyott, gazd\u00e1tlan holmik darabsz\u00e1ma is. M\u00edg 2023-ban 21,5 ezer, 2024-ben m\u00e1r csaknem 23 ezer tal\u00e1lt t\u00e1rgy v\u00e1rta gazd\u00e1j\u00e1t a M\u00c1V-csoportn\u00e1l \u2013 csaknem fel\u00fck hi\u00e1ba. Az elhagyott t\u00e1rgyakat m\u00e1r h\u00e1rom \u00e9ve k\u00f6z\u00f6s adatb\u00e1zisban kezeli a v\u00e1llalatcsoport, \u00edgy ak\u00e1r a vas\u00faton, ak\u00e1r buszj\u00e1raton vagy -\u00e1llom\u00e1son felejtettek valamit, az \u00e9jjel-nappal el\u00e9rhet\u0151 M\u00c1VDIREKT-n\u00e9l egyszer\u0171en \u00e9s gyorsan megtal\u00e1lhatj\u00e1k \u00e9rt\u00e9keiket az utasok.<\/strong><\/p>\n<p>Tov\u00e1bbra is sz\u00e1mos \u00e9rt\u00e9ket hagynak el az utasok a vonatokon, buszokon \u2013 2024-ben leggyakrabban telefont, kulcsot, t\u00e1sk\u00e1t, kab\u00e1tot, t\u00e1rc\u00e1t, szem\u00fcveget, f\u00fclhallgat\u00f3t, de rollerre, bakelitlemezekre, aut\u00f3\u00fcl\u00e9s-magas\u00edt\u00f3ra \u00e9s pl\u00fcsselef\u00e1ntra is bukkantak a j\u00e1rm\u0171veken szolg\u00e1latot teljes\u00edt\u0151 jegyvizsg\u00e1l\u00f3k, busz-vezet\u0151k, a takar\u00edt\u00f3 szem\u00e9lyzet vagy az utasok. Az elvesztett holmikat a vas\u00fat-, illetve busz\u00e1llom\u00e1sok forgalmi irod\u00e1iban adj\u00e1k le megtal\u00e1l\u00f3ik, ahol a biztons\u00e1gos kezel\u00e9s \u00e9rdek\u00e9ben a tartalmukat t\u00e9telesen nyilv\u00e1ntart\u00e1sba veszik, \u00edgy ker\u00fclnek be az adatb\u00e1zisba. 2024-ben a vonatokon 16 ezer, a buszokon k\u00f6zel 7 ezer, azaz \u00f6sszesen mintegy 23 ezer tal\u00e1lt t\u00e1rgyat r\u00f6gz\u00edtettek, amelyb\u0151l 12,5 ezer ker\u00fclt vissza a tulajdonos\u00e1hoz.<\/p>\n<\/div>\n<div class=\"field-body\">\n<p>Azok, akik keresik \u00e9s visszakapj\u00e1k a M\u00c1V-csoportn\u00e1l elhagyott \u00e9rt\u00e9keiket, mindig nagyon h\u00e1l\u00e1sak, sokszor szem\u00e9lyesen vagy \u00edr\u00e1sban k\u00f6sz\u00f6nik meg a k\u00f6zrem\u0171k\u00f6d\u00e9st. &nbsp;Egy utas p\u00e9ld\u00e1ul a janu\u00e1r 23-\u00e1n Debrecenb\u0151l Tiszaf\u00fcredre tart\u00f3 vonat jegyvizsg\u00e1l\u00f3j\u00e1nak seg\u00edts\u00e9g\u00e9vel kapta vissza a vonaton megtal\u00e1lt \u00e9s a debreceni p\u00e1lyaudvaron leadott t\u00e1sk\u00e1j\u00e1t. Mivel a munkav\u00e1llal\u00f3 nev\u00e9t nem siker\u00fclt kider\u00edtenie, a h\u00e1l\u00e1s utas a Facebookon mondott k\u00f6sz\u00f6netet ismeretlen\u00fcl is a jegyvizsg\u00e1l\u00f3nak, aki \u2013 mint ut\u00f3lag kider\u00fclt \u2013, a k\u00f6z\u00f6ss\u00e9gi m\u00e9di\u00e1ban is kereste a t\u00e1ska tulajdonos\u00e1t.<\/p>\n<h2><strong>Elvesztettem \u2013 hol keressem?<\/strong><\/h2>\n<p>A M\u00c1V-csoport 2022 tavasza \u00f3ta vezeti k\u00f6z\u00f6s adatb\u00e1zisban a vonatokon \u00e9s a buszokon, illetve az \u00e1llom\u00e1sokon elhagyott t\u00e1rgyak list\u00e1j\u00e1t. Ezek a r\u00f6gz\u00edt\u00e9st k\u00f6vet\u0151en egyb\u0151l megjelennek a M\u00c1VDIREKT rendszer\u00e9ben, ennek k\u00f6sz\u00f6nhet\u0151en l\u00e9nyegesen k\u00f6nnyebb a tal\u00e1lt t\u00e1rgyak fellel\u00e9se, f\u00fcggetlen\u00fcl att\u00f3l, hogy vonaton, buszon vagy valamely \u00e1llom\u00e1son felejtette az utas. Elveszett \u00e9rt\u00e9keik ut\u00e1n az \u00e9jjel-nappal h\u00edvhat\u00f3 telefonsz\u00e1mok valamelyik\u00e9n (+36 1 3 49 49 49, Telekom h\u00e1l\u00f3zat\u00e1b\u00f3l +36 30 499 4999, Yettel (volt Telenor) h\u00e1l\u00f3zat\u00e1b\u00f3l +36 20 499 4999, Vodafone h\u00e1l\u00f3zat\u00e1b\u00f3l + 36 70 499 4999) \u00e9rdekl\u0151dhetnek a tulajdonosok. A visszaszolg\u00e1ltat\u00e1s a M\u00c1VDIREKT \u00e1ltal megadott helysz\u00ednen lehets\u00e9ges. Az \u00e1tv\u00e9tel felt\u00e9tele, hogy az elveszett t\u00e1rgyat az utas a jellemz\u0151k megad\u00e1sa mellett egy\u00e9rtelm\u0171en be tudja azonos\u00edtani. A&nbsp;H\u00c9V j\u00e1rm\u0171vein&nbsp;\u00e9s l\u00e9tes\u00edtm\u00e9nyeiben tal\u00e1lt t\u00e1rgyakat&nbsp;a BKV kezeli.<\/p>\n<p>Bankk\u00e1rtya \u00e9s okm\u00e1ny eset\u00e9ben a tulajdonosa azonos\u00edthat\u00f3s\u00e1ga eset\u00e9n, a bankk\u00e1rtya-kibocs\u00e1t\u00f3nak, illetve a szem\u00e9lyes okm\u00e1nyokat ki\u00e1ll\u00edt\u00f3 hat\u00f3s\u00e1gnak (okm\u00e1nyiroda, OEP stb.) juttatj\u00e1k el a k\u00e1rty\u00e1t, okm\u00e1nyt. P\u00e9nzt jellemz\u0151en nem mag\u00e1ban, hanem valamilyen egy\u00e9b t\u00e1rggyal egy\u00fctt (pl. kab\u00e1t, t\u00e1ska, p\u00e9nzt\u00e1rca, stb.) adnak le, amennyiben a p\u00e9nz\u00f6sszeget is tartalmaz\u00f3 t\u00e1rgy\u00e9rt 1-2 napon bel\u00fcl nem jelentkezik tulajdonosa, akkor a p\u00e9nzt nyilv\u00e1ntart\u00e1sba veszik egy jegyz\u0151k\u00f6nyv ki\u00e1ll\u00edt\u00e1s\u00e1val. Amennyiben a p\u00e9nz mellett szem\u00e9lyazonos\u00edt\u00e1sra alkalmas dokumentum is van a t\u00e1sk\u00e1ban, kab\u00e1tban, akkor az egyszer\u0171s\u00edti a beazonos\u00edt\u00e1st. Azok az \u00f6sszegek, melyeket az utasok nem keresnek, vagy amiatt nem lehet visszaadni, mert az utas el\u00e9rhet\u0151s\u00e9ge nem beazonos\u00edthat\u00f3, a hat\u00e1lyos Polg\u00e1ri T\u00f6rv\u00e9nyk\u00f6nyv alapj\u00e1n a Magyar \u00c1llamhoz ker\u00fclnek.<\/p>\n<p>\u00c1ltal\u00e1noss\u00e1gban elmondhat\u00f3, hogyha a tulajdonos szem\u00e9lye nem azonos\u00edthat\u00f3, a t\u00e1rgyat az adott \u00e1llom\u00e1son 8 napig, azt k\u00f6vet\u0151en a kijel\u00f6lt gy\u0171jt\u0151helyeken \u00e1ltal\u00e1ban 90 napig \u0151rzik. A romland\u00f3 \u00e9lelmiszereket term\u00e9szetesen csak r\u00f6vid ideig t\u00e1rolj\u00e1k, s ha senki sem keresi, megsemmis\u00edtik.<\/p>\n<p>A tal\u00e1lt t\u00e1rgyak kezel\u00e9s\u00e9vel kapcsolatos tudnival\u00f3kr\u00f3l <a href=\"https:\/\/www.mavcsoport.hu\/ugyfelszolgalat\/elvesztettem-hol-keressem\" target=\"_blank\" rel=\"noopener\"><span style=\"text-decoration: underline; color: #0000ff;\">ezen a linken<\/span><\/a> lehet t\u00e1j\u00e9koz\u00f3dni.<\/p>\n<p><em>Forr\u00e1s: M\u00c1V Zrt. Kommunik\u00e1ci\u00f3s Igazgat\u00f3s\u00e1g<\/em><\/p>\n<\/div>\n","protected":false},"excerpt":{"rendered":"<p>Egyre t\u00f6bben veszik ig\u00e9nybe a k\u00f6z\u00f6ss\u00e9gi k\u00f6zleked\u00e9st, \u00e9vr\u0151l \u00e9vre n\u0151 az utaz\u00e1sok sz\u00e1ma, \u00e9s ezzel egy\u00fctt n\u0151 a vonaton, buszon elhagyott, gazd\u00e1tlan holmik darabsz\u00e1ma is. M\u00edg 2023-ban 21,5 ezer, 2024-ben m\u00e1r csaknem 23 ezer tal\u00e1lt t\u00e1rgy v\u00e1rta gazd\u00e1j\u00e1t a M\u00c1V-csoportn\u00e1l \u2013 csaknem fel\u00fck hi\u00e1ba. Az elhagyott t\u00e1rgyakat m\u00e1r h\u00e1rom \u00e9ve k\u00f6z\u00f6s adatb\u00e1zisban kezeli a v\u00e1llalatcsoport,<\/p>\n","protected":false},"author":1,"featured_media":68560,"comment_status":"closed","ping_status":"closed","sticky":false,"template":"","format":"standard","meta":{"ngg_post_thumbnail":0,"footnotes":""},"categories":[3],"tags":[458,1043,8237,292,381,1015,291],"class_list":{"0":"post-68559","1":"post","2":"type-post","3":"status-publish","4":"format-standard","5":"has-post-thumbnail","7":"category-hirek","8":"tag-autobusz","9":"tag-busz","10":"tag-elveszett-targyak","11":"tag-mav","12":"tag-vasut","13":"tag-volanbusz","14":"tag-vonat"},"yoast_head":"<!-- This site is optimized with the Yoast SEO plugin v27.4 - https:\/\/yoast.com\/product\/yoast-seo-wordpress\/ -->\n<title>A vonaton, buszon elhagyott t\u00e1rgyak k\u00f6zel fele hi\u00e1ba v\u00e1rta tulajdonos\u00e1t 2024-ben<\/title>\n<meta name=\"robots\" content=\"index, follow, max-snippet:-1, max-image-preview:large, max-video-preview:-1\" \/>\n<link rel=\"canonical\" href=\"https:\/\/dorogimedence.hu\/index.php\/2025\/02\/03\/a-vonaton-buszon-elhagyott-targyak-kozel-fele-hiaba-varta-tulajdonosat-2024-ben\/\" class=\"yoast-seo-meta-tag\" \/>\n<meta property=\"og:locale\" content=\"hu_HU\" class=\"yoast-seo-meta-tag\" \/>\n<meta property=\"og:type\" content=\"article\" class=\"yoast-seo-meta-tag\" \/>\n<meta property=\"og:title\" content=\"A vonaton, buszon elhagyott t\u00e1rgyak k\u00f6zel fele hi\u00e1ba v\u00e1rta tulajdonos\u00e1t 2024-ben\" class=\"yoast-seo-meta-tag\" \/>\n<meta property=\"og:description\" content=\"Egyre t\u00f6bben veszik ig\u00e9nybe a k\u00f6z\u00f6ss\u00e9gi k\u00f6zleked\u00e9st, \u00e9vr\u0151l \u00e9vre n\u0151 az utaz\u00e1sok sz\u00e1ma, \u00e9s ezzel egy\u00fctt n\u0151 a vonaton, buszon elhagyott, gazd\u00e1tlan holmik darabsz\u00e1ma is. M\u00edg 2023-ban 21,5 ezer, 2024-ben m\u00e1r csaknem 23 ezer tal\u00e1lt t\u00e1rgy v\u00e1rta gazd\u00e1j\u00e1t a M\u00c1V-csoportn\u00e1l \u2013 csaknem fel\u00fck hi\u00e1ba. Az elhagyott t\u00e1rgyakat m\u00e1r h\u00e1rom \u00e9ve k\u00f6z\u00f6s adatb\u00e1zisban kezeli a v\u00e1llalatcsoport,\" class=\"yoast-seo-meta-tag\" \/>\n<meta property=\"og:url\" content=\"https:\/\/dorogimedence.hu\/index.php\/2025\/02\/03\/a-vonaton-buszon-elhagyott-targyak-kozel-fele-hiaba-varta-tulajdonosat-2024-ben\/\" class=\"yoast-seo-meta-tag\" \/>\n<meta property=\"og:site_name\" content=\"Dorogi-medence Region\u00e1lis H\u00edrport\u00e1l\" class=\"yoast-seo-meta-tag\" \/>\n<meta property=\"article:publisher\" content=\"https:\/\/www.facebook.com\/dorogimedence\/\" class=\"yoast-seo-meta-tag\" \/>\n<meta property=\"article:published_time\" content=\"2025-02-03T09:02:31+00:00\" class=\"yoast-seo-meta-tag\" \/>\n<meta property=\"og:image\" content=\"https:\/\/dorogimedence.hu\/wp-content\/uploads\/2025\/02\/elveszett-targyak.jpg\" class=\"yoast-seo-meta-tag\" \/>\n\t<meta property=\"og:image:width\" content=\"1920\" class=\"yoast-seo-meta-tag\" \/>\n\t<meta property=\"og:image:height\" content=\"970\" class=\"yoast-seo-meta-tag\" \/>\n\t<meta property=\"og:image:type\" content=\"image\/jpeg\" class=\"yoast-seo-meta-tag\" \/>\n<meta name=\"author\" content=\"dorogimedence.hu\" class=\"yoast-seo-meta-tag\" \/>\n<meta name=\"twitter:card\" content=\"summary_large_image\" class=\"yoast-seo-meta-tag\" \/>\n<meta name=\"twitter:label1\" content=\"Szerz\u0151:\" class=\"yoast-seo-meta-tag\" \/>\n\t<meta name=\"twitter:data1\" content=\"dorogimedence.hu\" class=\"yoast-seo-meta-tag\" \/>\n\t<meta name=\"twitter:label2\" content=\"Becs\u00fclt olvas\u00e1si id\u0151\" class=\"yoast-seo-meta-tag\" \/>\n\t<meta name=\"twitter:data2\" content=\"4 perc\" class=\"yoast-seo-meta-tag\" \/>\n<script type=\"application\/ld+json\" class=\"yoast-schema-graph\">{\"@context\":\"https:\\\/\\\/schema.org\",\"@graph\":[{\"@type\":\"Article\",\"@id\":\"https:\\\/\\\/dorogimedence.hu\\\/index.php\\\/2025\\\/02\\\/03\\\/a-vonaton-buszon-elhagyott-targyak-kozel-fele-hiaba-varta-tulajdonosat-2024-ben\\\/#article\",\"isPartOf\":{\"@id\":\"https:\\\/\\\/dorogimedence.hu\\\/index.php\\\/2025\\\/02\\\/03\\\/a-vonaton-buszon-elhagyott-targyak-kozel-fele-hiaba-varta-tulajdonosat-2024-ben\\\/\"},\"author\":{\"name\":\"dorogimedence.hu\",\"@id\":\"https:\\\/\\\/dorogimedence.hu\\\/#\\\/schema\\\/person\\\/ce6091eeb7e95ecdc87890d6aa8e0fd4\"},\"headline\":\"A vonaton, buszon elhagyott t\u00e1rgyak k\u00f6zel fele hi\u00e1ba v\u00e1rta tulajdonos\u00e1t 2024-ben\",\"datePublished\":\"2025-02-03T09:02:31+00:00\",\"mainEntityOfPage\":{\"@id\":\"https:\\\/\\\/dorogimedence.hu\\\/index.php\\\/2025\\\/02\\\/03\\\/a-vonaton-buszon-elhagyott-targyak-kozel-fele-hiaba-varta-tulajdonosat-2024-ben\\\/\"},\"wordCount\":824,\"publisher\":{\"@id\":\"https:\\\/\\\/dorogimedence.hu\\\/#organization\"},\"image\":{\"@id\":\"https:\\\/\\\/dorogimedence.hu\\\/index.php\\\/2025\\\/02\\\/03\\\/a-vonaton-buszon-elhagyott-targyak-kozel-fele-hiaba-varta-tulajdonosat-2024-ben\\\/#primaryimage\"},\"thumbnailUrl\":\"https:\\\/\\\/dorogimedence.hu\\\/wp-content\\\/uploads\\\/2025\\\/02\\\/elveszett-targyak.jpg\",\"keywords\":[\"aut\u00f3busz\",\"busz\",\"elveszett t\u00e1rgyak\",\"m\u00e1v\",\"vas\u00fat\",\"vol\u00e1nbusz\",\"vonat\"],\"articleSection\":[\"H\u00edrek\"],\"inLanguage\":\"hu\"},{\"@type\":\"WebPage\",\"@id\":\"https:\\\/\\\/dorogimedence.hu\\\/index.php\\\/2025\\\/02\\\/03\\\/a-vonaton-buszon-elhagyott-targyak-kozel-fele-hiaba-varta-tulajdonosat-2024-ben\\\/\",\"url\":\"https:\\\/\\\/dorogimedence.hu\\\/index.php\\\/2025\\\/02\\\/03\\\/a-vonaton-buszon-elhagyott-targyak-kozel-fele-hiaba-varta-tulajdonosat-2024-ben\\\/\",\"name\":\"A vonaton, buszon elhagyott t\u00e1rgyak k\u00f6zel fele hi\u00e1ba v\u00e1rta tulajdonos\u00e1t 2024-ben\",\"isPartOf\":{\"@id\":\"https:\\\/\\\/dorogimedence.hu\\\/#website\"},\"primaryImageOfPage\":{\"@id\":\"https:\\\/\\\/dorogimedence.hu\\\/index.php\\\/2025\\\/02\\\/03\\\/a-vonaton-buszon-elhagyott-targyak-kozel-fele-hiaba-varta-tulajdonosat-2024-ben\\\/#primaryimage\"},\"image\":{\"@id\":\"https:\\\/\\\/dorogimedence.hu\\\/index.php\\\/2025\\\/02\\\/03\\\/a-vonaton-buszon-elhagyott-targyak-kozel-fele-hiaba-varta-tulajdonosat-2024-ben\\\/#primaryimage\"},\"thumbnailUrl\":\"https:\\\/\\\/dorogimedence.hu\\\/wp-content\\\/uploads\\\/2025\\\/02\\\/elveszett-targyak.jpg\",\"datePublished\":\"2025-02-03T09:02:31+00:00\",\"breadcrumb\":{\"@id\":\"https:\\\/\\\/dorogimedence.hu\\\/index.php\\\/2025\\\/02\\\/03\\\/a-vonaton-buszon-elhagyott-targyak-kozel-fele-hiaba-varta-tulajdonosat-2024-ben\\\/#breadcrumb\"},\"inLanguage\":\"hu\",\"potentialAction\":[{\"@type\":\"ReadAction\",\"target\":[\"https:\\\/\\\/dorogimedence.hu\\\/index.php\\\/2025\\\/02\\\/03\\\/a-vonaton-buszon-elhagyott-targyak-kozel-fele-hiaba-varta-tulajdonosat-2024-ben\\\/\"]}]},{\"@type\":\"ImageObject\",\"inLanguage\":\"hu\",\"@id\":\"https:\\\/\\\/dorogimedence.hu\\\/index.php\\\/2025\\\/02\\\/03\\\/a-vonaton-buszon-elhagyott-targyak-kozel-fele-hiaba-varta-tulajdonosat-2024-ben\\\/#primaryimage\",\"url\":\"https:\\\/\\\/dorogimedence.hu\\\/wp-content\\\/uploads\\\/2025\\\/02\\\/elveszett-targyak.jpg\",\"contentUrl\":\"https:\\\/\\\/dorogimedence.hu\\\/wp-content\\\/uploads\\\/2025\\\/02\\\/elveszett-targyak.jpg\",\"width\":1920,\"height\":970},{\"@type\":\"BreadcrumbList\",\"@id\":\"https:\\\/\\\/dorogimedence.hu\\\/index.php\\\/2025\\\/02\\\/03\\\/a-vonaton-buszon-elhagyott-targyak-kozel-fele-hiaba-varta-tulajdonosat-2024-ben\\\/#breadcrumb\",\"itemListElement\":[{\"@type\":\"ListItem\",\"position\":1,\"name\":\"Kezd\u0151lap\",\"item\":\"https:\\\/\\\/dorogimedence.hu\\\/\"},{\"@type\":\"ListItem\",\"position\":2,\"name\":\"A vonaton, buszon elhagyott t\u00e1rgyak k\u00f6zel fele hi\u00e1ba v\u00e1rta tulajdonos\u00e1t 2024-ben\"}]},{\"@type\":\"WebSite\",\"@id\":\"https:\\\/\\\/dorogimedence.hu\\\/#website\",\"url\":\"https:\\\/\\\/dorogimedence.hu\\\/\",\"name\":\"Dorogi-medence Region\u00e1lis H\u00edrport\u00e1l\",\"description\":\"Dorog, Keszt\u00f6lc, Le\u00e1nyv\u00e1r, Piliscs\u00e9v, Tokod, Tokodalt\u00e1r\u00f3, Csolnok, Esztergom-kertv\u00e1ros: h\u00edrek, programok\",\"publisher\":{\"@id\":\"https:\\\/\\\/dorogimedence.hu\\\/#organization\"},\"potentialAction\":[{\"@type\":\"SearchAction\",\"target\":{\"@type\":\"EntryPoint\",\"urlTemplate\":\"https:\\\/\\\/dorogimedence.hu\\\/?s={search_term_string}\"},\"query-input\":{\"@type\":\"PropertyValueSpecification\",\"valueRequired\":true,\"valueName\":\"search_term_string\"}}],\"inLanguage\":\"hu\"},{\"@type\":\"Organization\",\"@id\":\"https:\\\/\\\/dorogimedence.hu\\\/#organization\",\"name\":\"Dorogi-medence Region\u00e1lis H\u00edrport\u00e1l\",\"url\":\"https:\\\/\\\/dorogimedence.hu\\\/\",\"logo\":{\"@type\":\"ImageObject\",\"inLanguage\":\"hu\",\"@id\":\"https:\\\/\\\/dorogimedence.hu\\\/#\\\/schema\\\/logo\\\/image\\\/\",\"url\":\"https:\\\/\\\/dorogimedence.hu\\\/wp-content\\\/uploads\\\/2021\\\/04\\\/logo-feher-600.png\",\"contentUrl\":\"https:\\\/\\\/dorogimedence.hu\\\/wp-content\\\/uploads\\\/2021\\\/04\\\/logo-feher-600.png\",\"width\":600,\"height\":100,\"caption\":\"Dorogi-medence Region\u00e1lis H\u00edrport\u00e1l\"},\"image\":{\"@id\":\"https:\\\/\\\/dorogimedence.hu\\\/#\\\/schema\\\/logo\\\/image\\\/\"},\"sameAs\":[\"https:\\\/\\\/www.facebook.com\\\/dorogimedence\\\/\"]},{\"@type\":\"Person\",\"@id\":\"https:\\\/\\\/dorogimedence.hu\\\/#\\\/schema\\\/person\\\/ce6091eeb7e95ecdc87890d6aa8e0fd4\",\"name\":\"dorogimedence.hu\",\"image\":{\"@type\":\"ImageObject\",\"inLanguage\":\"hu\",\"@id\":\"\\\/\\\/www.gravatar.com\\\/avatar\\\/d8d45f8901aadff40a4af72c0b826f1d?s=96&#038;r=g&#038;d=mm\",\"url\":\"\\\/\\\/www.gravatar.com\\\/avatar\\\/d8d45f8901aadff40a4af72c0b826f1d?s=96&#038;r=g&#038;d=mm\",\"contentUrl\":\"\\\/\\\/www.gravatar.com\\\/avatar\\\/d8d45f8901aadff40a4af72c0b826f1d?s=96&#038;r=g&#038;d=mm\",\"caption\":\"dorogimedence.hu\"}}]}<\/script>\n<!-- \/ Yoast SEO plugin. -->","yoast_head_json":{"title":"A vonaton, buszon elhagyott t\u00e1rgyak k\u00f6zel fele hi\u00e1ba v\u00e1rta tulajdonos\u00e1t 2024-ben","robots":{"index":"index","follow":"follow","max-snippet":"max-snippet:-1","max-image-preview":"max-image-preview:large","max-video-preview":"max-video-preview:-1"},"canonical":"https:\/\/dorogimedence.hu\/index.php\/2025\/02\/03\/a-vonaton-buszon-elhagyott-targyak-kozel-fele-hiaba-varta-tulajdonosat-2024-ben\/","og_locale":"hu_HU","og_type":"article","og_title":"A vonaton, buszon elhagyott t\u00e1rgyak k\u00f6zel fele hi\u00e1ba v\u00e1rta tulajdonos\u00e1t 2024-ben","og_description":"Egyre t\u00f6bben veszik ig\u00e9nybe a k\u00f6z\u00f6ss\u00e9gi k\u00f6zleked\u00e9st, \u00e9vr\u0151l \u00e9vre n\u0151 az utaz\u00e1sok sz\u00e1ma, \u00e9s ezzel egy\u00fctt n\u0151 a vonaton, buszon elhagyott, gazd\u00e1tlan holmik darabsz\u00e1ma is. M\u00edg 2023-ban 21,5 ezer, 2024-ben m\u00e1r csaknem 23 ezer tal\u00e1lt t\u00e1rgy v\u00e1rta gazd\u00e1j\u00e1t a M\u00c1V-csoportn\u00e1l \u2013 csaknem fel\u00fck hi\u00e1ba. Az elhagyott t\u00e1rgyakat m\u00e1r h\u00e1rom \u00e9ve k\u00f6z\u00f6s adatb\u00e1zisban kezeli a v\u00e1llalatcsoport,","og_url":"https:\/\/dorogimedence.hu\/index.php\/2025\/02\/03\/a-vonaton-buszon-elhagyott-targyak-kozel-fele-hiaba-varta-tulajdonosat-2024-ben\/","og_site_name":"Dorogi-medence Region\u00e1lis H\u00edrport\u00e1l","article_publisher":"https:\/\/www.facebook.com\/dorogimedence\/","article_published_time":"2025-02-03T09:02:31+00:00","og_image":[{"width":1920,"height":970,"url":"https:\/\/dorogimedence.hu\/wp-content\/uploads\/2025\/02\/elveszett-targyak.jpg","type":"image\/jpeg"}],"author":"dorogimedence.hu","twitter_card":"summary_large_image","twitter_misc":{"Szerz\u0151:":"dorogimedence.hu","Becs\u00fclt olvas\u00e1si id\u0151":"4 perc"},"schema":{"@context":"https:\/\/schema.org","@graph":[{"@type":"Article","@id":"https:\/\/dorogimedence.hu\/index.php\/2025\/02\/03\/a-vonaton-buszon-elhagyott-targyak-kozel-fele-hiaba-varta-tulajdonosat-2024-ben\/#article","isPartOf":{"@id":"https:\/\/dorogimedence.hu\/index.php\/2025\/02\/03\/a-vonaton-buszon-elhagyott-targyak-kozel-fele-hiaba-varta-tulajdonosat-2024-ben\/"},"author":{"name":"dorogimedence.hu","@id":"https:\/\/dorogimedence.hu\/#\/schema\/person\/ce6091eeb7e95ecdc87890d6aa8e0fd4"},"headline":"A vonaton, buszon elhagyott t\u00e1rgyak k\u00f6zel fele hi\u00e1ba v\u00e1rta tulajdonos\u00e1t 2024-ben","datePublished":"2025-02-03T09:02:31+00:00","mainEntityOfPage":{"@id":"https:\/\/dorogimedence.hu\/index.php\/2025\/02\/03\/a-vonaton-buszon-elhagyott-targyak-kozel-fele-hiaba-varta-tulajdonosat-2024-ben\/"},"wordCount":824,"publisher":{"@id":"https:\/\/dorogimedence.hu\/#organization"},"image":{"@id":"https:\/\/dorogimedence.hu\/index.php\/2025\/02\/03\/a-vonaton-buszon-elhagyott-targyak-kozel-fele-hiaba-varta-tulajdonosat-2024-ben\/#primaryimage"},"thumbnailUrl":"https:\/\/dorogimedence.hu\/wp-content\/uploads\/2025\/02\/elveszett-targyak.jpg","keywords":["aut\u00f3busz","busz","elveszett t\u00e1rgyak","m\u00e1v","vas\u00fat","vol\u00e1nbusz","vonat"],"articleSection":["H\u00edrek"],"inLanguage":"hu"},{"@type":"WebPage","@id":"https:\/\/dorogimedence.hu\/index.php\/2025\/02\/03\/a-vonaton-buszon-elhagyott-targyak-kozel-fele-hiaba-varta-tulajdonosat-2024-ben\/","url":"https:\/\/dorogimedence.hu\/index.php\/2025\/02\/03\/a-vonaton-buszon-elhagyott-targyak-kozel-fele-hiaba-varta-tulajdonosat-2024-ben\/","name":"A vonaton, buszon elhagyott t\u00e1rgyak k\u00f6zel fele hi\u00e1ba v\u00e1rta tulajdonos\u00e1t 2024-ben","isPartOf":{"@id":"https:\/\/dorogimedence.hu\/#website"},"primaryImageOfPage":{"@id":"https:\/\/dorogimedence.hu\/index.php\/2025\/02\/03\/a-vonaton-buszon-elhagyott-targyak-kozel-fele-hiaba-varta-tulajdonosat-2024-ben\/#primaryimage"},"image":{"@id":"https:\/\/dorogimedence.hu\/index.php\/2025\/02\/03\/a-vonaton-buszon-elhagyott-targyak-kozel-fele-hiaba-varta-tulajdonosat-2024-ben\/#primaryimage"},"thumbnailUrl":"https:\/\/dorogimedence.hu\/wp-content\/uploads\/2025\/02\/elveszett-targyak.jpg","datePublished":"2025-02-03T09:02:31+00:00","breadcrumb":{"@id":"https:\/\/dorogimedence.hu\/index.php\/2025\/02\/03\/a-vonaton-buszon-elhagyott-targyak-kozel-fele-hiaba-varta-tulajdonosat-2024-ben\/#breadcrumb"},"inLanguage":"hu","potentialAction":[{"@type":"ReadAction","target":["https:\/\/dorogimedence.hu\/index.php\/2025\/02\/03\/a-vonaton-buszon-elhagyott-targyak-kozel-fele-hiaba-varta-tulajdonosat-2024-ben\/"]}]},{"@type":"ImageObject","inLanguage":"hu","@id":"https:\/\/dorogimedence.hu\/index.php\/2025\/02\/03\/a-vonaton-buszon-elhagyott-targyak-kozel-fele-hiaba-varta-tulajdonosat-2024-ben\/#primaryimage","url":"https:\/\/dorogimedence.hu\/wp-content\/uploads\/2025\/02\/elveszett-targyak.jpg","contentUrl":"https:\/\/dorogimedence.hu\/wp-content\/uploads\/2025\/02\/elveszett-targyak.jpg","width":1920,"height":970},{"@type":"BreadcrumbList","@id":"https:\/\/dorogimedence.hu\/index.php\/2025\/02\/03\/a-vonaton-buszon-elhagyott-targyak-kozel-fele-hiaba-varta-tulajdonosat-2024-ben\/#breadcrumb","itemListElement":[{"@type":"ListItem","position":1,"name":"Kezd\u0151lap","item":"https:\/\/dorogimedence.hu\/"},{"@type":"ListItem","position":2,"name":"A vonaton, buszon elhagyott t\u00e1rgyak k\u00f6zel fele hi\u00e1ba v\u00e1rta tulajdonos\u00e1t 2024-ben"}]},{"@type":"WebSite","@id":"https:\/\/dorogimedence.hu\/#website","url":"https:\/\/dorogimedence.hu\/","name":"Dorogi-medence Region\u00e1lis H\u00edrport\u00e1l","description":"Dorog, Keszt\u00f6lc, Le\u00e1nyv\u00e1r, Piliscs\u00e9v, Tokod, Tokodalt\u00e1r\u00f3, Csolnok, Esztergom-kertv\u00e1ros: h\u00edrek, programok","publisher":{"@id":"https:\/\/dorogimedence.hu\/#organization"},"potentialAction":[{"@type":"SearchAction","target":{"@type":"EntryPoint","urlTemplate":"https:\/\/dorogimedence.hu\/?s={search_term_string}"},"query-input":{"@type":"PropertyValueSpecification","valueRequired":true,"valueName":"search_term_string"}}],"inLanguage":"hu"},{"@type":"Organization","@id":"https:\/\/dorogimedence.hu\/#organization","name":"Dorogi-medence Region\u00e1lis H\u00edrport\u00e1l","url":"https:\/\/dorogimedence.hu\/","logo":{"@type":"ImageObject","inLanguage":"hu","@id":"https:\/\/dorogimedence.hu\/#\/schema\/logo\/image\/","url":"https:\/\/dorogimedence.hu\/wp-content\/uploads\/2021\/04\/logo-feher-600.png","contentUrl":"https:\/\/dorogimedence.hu\/wp-content\/uploads\/2021\/04\/logo-feher-600.png","width":600,"height":100,"caption":"Dorogi-medence Region\u00e1lis H\u00edrport\u00e1l"},"image":{"@id":"https:\/\/dorogimedence.hu\/#\/schema\/logo\/image\/"},"sameAs":["https:\/\/www.facebook.com\/dorogimedence\/"]},{"@type":"Person","@id":"https:\/\/dorogimedence.hu\/#\/schema\/person\/ce6091eeb7e95ecdc87890d6aa8e0fd4","name":"dorogimedence.hu","image":{"@type":"ImageObject","inLanguage":"hu","@id":"\/\/www.gravatar.com\/avatar\/d8d45f8901aadff40a4af72c0b826f1d?s=96&#038;r=g&#038;d=mm","url":"\/\/www.gravatar.com\/avatar\/d8d45f8901aadff40a4af72c0b826f1d?s=96&#038;r=g&#038;d=mm","contentUrl":"\/\/www.gravatar.com\/avatar\/d8d45f8901aadff40a4af72c0b826f1d?s=96&#038;r=g&#038;d=mm","caption":"dorogimedence.hu"}}]}},"_links":{"self":[{"href":"https:\/\/dorogimedence.hu\/index.php\/wp-json\/wp\/v2\/posts\/68559","targetHints":{"allow":["GET"]}}],"collection":[{"href":"https:\/\/dorogimedence.hu\/index.php\/wp-json\/wp\/v2\/posts"}],"about":[{"href":"https:\/\/dorogimedence.hu\/index.php\/wp-json\/wp\/v2\/types\/post"}],"author":[{"embeddable":true,"href":"https:\/\/dorogimedence.hu\/index.php\/wp-json\/wp\/v2\/users\/1"}],"replies":[{"embeddable":true,"href":"https:\/\/dorogimedence.hu\/index.php\/wp-json\/wp\/v2\/comments?post=68559"}],"version-history":[{"count":0,"href":"https:\/\/dorogimedence.hu\/index.php\/wp-json\/wp\/v2\/posts\/68559\/revisions"}],"wp:featuredmedia":[{"embeddable":true,"href":"https:\/\/dorogimedence.hu\/index.php\/wp-json\/wp\/v2\/media\/68560"}],"wp:attachment":[{"href":"https:\/\/dorogimedence.hu\/index.php\/wp-json\/wp\/v2\/media?parent=68559"}],"wp:term":[{"taxonomy":"category","embeddable":true,"href":"https:\/\/dorogimedence.hu\/index.php\/wp-json\/wp\/v2\/categories?post=68559"},{"taxonomy":"post_tag","embeddable":true,"href":"https:\/\/dorogimedence.hu\/index.php\/wp-json\/wp\/v2\/tags?post=68559"}],"curies":[{"name":"wp","href":"https:\/\/api.w.org\/{rel}","templated":true}]}}