{"id":68525,"date":"2025-01-31T13:18:07","date_gmt":"2025-01-31T12:18:07","guid":{"rendered":"https:\/\/dorogimedence.hu\/?p=68525"},"modified":"2025-02-03T10:10:46","modified_gmt":"2025-02-03T09:10:46","slug":"tavaszi-lakossagi-ivartalanitasi-kampany-indul-nyergesujfaluban","status":"publish","type":"post","link":"https:\/\/dorogimedence.hu\/index.php\/2025\/01\/31\/tavaszi-lakossagi-ivartalanitasi-kampany-indul-nyergesujfaluban\/","title":{"rendered":"Tavaszi lakoss\u00e1gi ivartalan\u00edt\u00e1si kamp\u00e1ny indul Nyerges\u00fajfaluban"},"content":{"rendered":"<div class=\"x11i5rnm xat24cr x1mh8g0r x1vvkbs xtlvy1s x126k92a\">\n<div dir=\"auto\"><strong>K\u00f6sz\u00f6nhet\u0151en a <span class=\"html-span xdj266r x11i5rnm xat24cr x1mh8g0r xexx8yu x4uap5 x18d9i69 xkhd6sd x1hl2dhg x16tdsg8 x1vvkbs\"><a class=\"x1i10hfl xjbqb8w x1ejq31n xd10rxx x1sy0etr x17r0tee x972fbf xcfux6l x1qhh985 xm0m39n x9f619 x1ypdohk xt0psk2 xe8uvvx xdj266r x11i5rnm xat24cr x1mh8g0r xexx8yu x4uap5 x18d9i69 xkhd6sd x16tdsg8 x1hl2dhg xggy1nq x1a2a7pz x1sur9pj xkrqix3 x1fey0fg x1s688f\" tabindex=\"0\" role=\"link\" href=\"https:\/\/www.facebook.com\/SusyUtzingerStiftungTierschutz?__cft__[0]=AZUonqNCJfFkLCB-9r0fXscGwQ6J-GCoOmN2uyNvbdsWMgRn-0A1g84dn7UQJbUywNIy1A2HBFrFik_Aj8Kbc1BjpV8GdnoMkPgiNCflGtaCJ-Tzq-nKkxpZy2ShUDZQslD7ZmGXXC_vLAECsVBmcwYjPExFmeGcbLfh2nDAPDjksw&amp;__tn__=-]K-R\" target=\"_blank\" rel=\"noopener\"><span class=\"xt0psk2\"><span class=\"xjp7ctv\"><span aria-describedby=\":R54mji9actaklmimjbsmipapd5aq:\"><span style=\"text-decoration: underline; color: #0000ff;\">Susy Utzinger Stiftung f\u00fcr Tierschutz &#8211; SUST<\/span><\/span><\/span><\/span><\/a><\/span> Alap\u00edtv\u00e1ny t\u00e1mogat\u00e1s\u00e1nak, a nyerges\u00fajfalui sz\u00e9khely\u0171 <span style=\"text-decoration: underline; color: #0000ff;\"><span class=\"html-span xdj266r x11i5rnm xat24cr x1mh8g0r xexx8yu x4uap5 x18d9i69 xkhd6sd x1hl2dhg x16tdsg8 x1vvkbs\"><a class=\"x1i10hfl xjbqb8w x1ejq31n xd10rxx x1sy0etr x17r0tee x972fbf xcfux6l x1qhh985 xm0m39n x9f619 x1ypdohk xt0psk2 xe8uvvx xdj266r x11i5rnm xat24cr x1mh8g0r xexx8yu x4uap5 x18d9i69 xkhd6sd x16tdsg8 x1hl2dhg xggy1nq x1a2a7pz x1sur9pj xkrqix3 x1fey0fg x1s688f\" style=\"color: #0000ff; text-decoration: underline;\" tabindex=\"0\" role=\"link\" href=\"https:\/\/www.facebook.com\/retrieverhelp?__cft__[0]=AZUonqNCJfFkLCB-9r0fXscGwQ6J-GCoOmN2uyNvbdsWMgRn-0A1g84dn7UQJbUywNIy1A2HBFrFik_Aj8Kbc1BjpV8GdnoMkPgiNCflGtaCJ-Tzq-nKkxpZy2ShUDZQslD7ZmGXXC_vLAECsVBmcwYjPExFmeGcbLfh2nDAPDjksw&amp;__tn__=-]K-R\" target=\"_blank\" rel=\"noopener\"><span class=\"xt0psk2\"><span class=\"xjp7ctv\"><span aria-describedby=\":R58mji9actaklmimjbsmipapd5aq:\">Retriever Rescue<\/span><\/span><\/span><\/a><\/span><\/span> Fajtament\u0151 Egyes\u00fclet technikai h\u00e1tter\u00e9nek ebben a f\u00e9l \u00e9vben is lehet\u0151s\u00e9g ny\u00edlik lakoss\u00e1gi ivartalan\u00edt\u00e1sra, r\u00e1szorul\u00f3 gazdik \u00e1llatainak: kuty\u00e1k \u00e9s macsk\u00e1k r\u00e9sz\u00e9re, tov\u00e1bb\u00e1 gazd\u00e1tlan, kol\u00f3ni\u00e1s macsk\u00e1k r\u00e9sz\u00e9re a nyerges\u00fajfalui <span class=\"html-span xdj266r x11i5rnm xat24cr x1mh8g0r xexx8yu x4uap5 x18d9i69 xkhd6sd x1hl2dhg x16tdsg8 x1vvkbs\"><a class=\"x1i10hfl xjbqb8w x1ejq31n xd10rxx x1sy0etr x17r0tee x972fbf xcfux6l x1qhh985 xm0m39n x9f619 x1ypdohk xt0psk2 xe8uvvx xdj266r x11i5rnm xat24cr x1mh8g0r xexx8yu x4uap5 x18d9i69 xkhd6sd x16tdsg8 x1hl2dhg xggy1nq x1a2a7pz x1sur9pj xkrqix3 x1fey0fg x1s688f\" tabindex=\"0\" role=\"link\" href=\"https:\/\/www.facebook.com\/vetforte?__cft__[0]=AZUonqNCJfFkLCB-9r0fXscGwQ6J-GCoOmN2uyNvbdsWMgRn-0A1g84dn7UQJbUywNIy1A2HBFrFik_Aj8Kbc1BjpV8GdnoMkPgiNCflGtaCJ-Tzq-nKkxpZy2ShUDZQslD7ZmGXXC_vLAECsVBmcwYjPExFmeGcbLfh2nDAPDjksw&amp;__tn__=-]K-R\"><span class=\"xt0psk2\"><span class=\"xjp7ctv\"><span aria-describedby=\":R5cmji9actaklmimjbsmipapd5aq:\"><span style=\"text-decoration: underline; color: #0000ff;\">VetForte<\/span><\/span><\/span><\/span><\/a><\/span> \u00c1llatorvosi Rendel\u0151ben.<\/strong><\/div>\n<\/div>\n<div class=\"x11i5rnm xat24cr x1mh8g0r x1vvkbs xtlvy1s x126k92a\">\n<div dir=\"auto\">Az al\u00e1bbiak szerint tudj\u00e1k v\u00e1llalni a m\u0171t\u00e9teket:<\/div>\n<ul>\n<li dir=\"auto\">Nyerges\u00fajfalur\u00f3l \u00e9s k\u00f6zvetlen k\u00f6rny\u00e9k\u00e9n (kb 20 km) lak\u00f3 \u00e1llatok sz\u00e1m\u00e1ra, els\u0151dlegesen Nyerges\u00fajfalu, T\u00e1t, Mogyor\u00f3sb\u00e1nya, L\u00e1batlan, S\u00fctt\u0151, Baj\u00f3t, Bajna, Nagys\u00e1p telep\u00fcl\u00e9sekr\u0151l.<\/li>\n<li dir=\"auto\">A tulajdonosnak, p\u00e1rtfog\u00f3nak a sz\u00e1ll\u00edt\u00e1st meg kell tudni oldani.<\/li>\n<li dir=\"auto\">A m\u0171t\u00e9tekre h\u00e9tk\u00f6znap, jellemz\u0151en reggel, d\u00e9lel\u0151tt ker\u00fcl sor.<\/li>\n<li dir=\"auto\">A kuty\u00e1knak \u00e9rv\u00e9nyes veszetts\u00e9g olt\u00e1ssal \u00e9s chippel kell rendelkeznie, ennek hi\u00e1ny\u00e1ban mindez p\u00f3toland\u00f3 az ivartalan\u00edt\u00e1skor.<\/li>\n<li dir=\"auto\">A t\u00e1mogat\u00e1s a m\u0171t\u00e9t k\u00f6lts\u00e9g\u00e9t tartalmazza (nem tartalmazza a sebv\u00e9d\u0151 eszk\u00f6zt, esetleges megbesz\u00e9lt teszteket, labort, olt\u00e1st, chipet, olt\u00e1si k\u00f6nyvet).<\/li>\n<li dir=\"auto\">Az \u00e1llatnak a m\u0171t\u00e9tre \u00e9hgyomorra kell j\u00f6nnie.<\/li>\n<\/ul>\n<\/div>\n<div class=\"x11i5rnm xat24cr x1mh8g0r x1vvkbs xtlvy1s x126k92a\">\n<div dir=\"auto\">&#8222;Meggy\u0151z\u0151d\u00e9s\u00fcnk, hogy az \u00e1llatv\u00e9delem egyik legfontosabb eszk\u00f6ze az ivartalan\u00edt\u00e1s \u00e9s a felel\u0151s \u00e1llattart\u00e1s, ez\u00e9rt kiemelten kezelj\u00fck mindez \u00e1llatorvosk\u00e9nt is! Ha sz\u00fcks\u00e9g\u00e9t l\u00e1tod, hogy Neked \u00e9s kedvencednek seg\u00edts\u00fcnk ebben, jelenleg lehet\u0151s\u00e9g van r\u00e1. Ha tudsz olyan emberr\u0151l, akinek sz\u00fcks\u00e9ge van r\u00e1, de nem Facebook k\u00f6vet\u0151, akkor k\u00e9rj\u00fck, \u00e9rtes\u00edtsd a lehet\u0151s\u00e9gr\u0151l!&#8221; &#8211; k\u00f6z\u00f6lte az \u00e1llatorvosi rendel\u0151 a <a href=\"https:\/\/www.facebook.com\/vetforte\/posts\/pfbid02weLsY96uod2HPV3LiayyDv8LZmKkjg5fDyifzbgYMuXhzWBnsUwUTKTKDoZUeEZZl\" target=\"_blank\" rel=\"noopener\"><span style=\"text-decoration: underline; color: #0000ff;\">k\u00f6z\u00f6ss\u00e9gi oldal\u00e1n<\/span><\/a>.<\/div>\n<\/div>\n<div class=\"x11i5rnm xat24cr x1mh8g0r x1vvkbs xtlvy1s x126k92a\">\n<div dir=\"auto\"><strong>Bejelentkezni a 0670\/5885641-es telefonsz\u00e1mon lehet.<\/strong><\/div>\n<\/div>\n","protected":false},"excerpt":{"rendered":"<p>K\u00f6sz\u00f6nhet\u0151en a Susy Utzinger Stiftung f\u00fcr Tierschutz &#8211; SUST Alap\u00edtv\u00e1ny t\u00e1mogat\u00e1s\u00e1nak, a nyerges\u00fajfalui sz\u00e9khely\u0171 Retriever Rescue Fajtament\u0151 Egyes\u00fclet technikai h\u00e1tter\u00e9nek ebben a f\u00e9l \u00e9vben is lehet\u0151s\u00e9g ny\u00edlik lakoss\u00e1gi ivartalan\u00edt\u00e1sra, r\u00e1szorul\u00f3 gazdik \u00e1llatainak: kuty\u00e1k \u00e9s macsk\u00e1k r\u00e9sz\u00e9re, tov\u00e1bb\u00e1 gazd\u00e1tlan, kol\u00f3ni\u00e1s macsk\u00e1k r\u00e9sz\u00e9re a nyerges\u00fajfalui VetForte \u00c1llatorvosi Rendel\u0151ben. Az al\u00e1bbiak szerint tudj\u00e1k v\u00e1llalni a m\u0171t\u00e9teket: Nyerges\u00fajfalur\u00f3l \u00e9s<\/p>\n","protected":false},"author":1,"featured_media":68526,"comment_status":"closed","ping_status":"closed","sticky":false,"template":"","format":"standard","meta":{"ngg_post_thumbnail":0,"footnotes":""},"categories":[3,1390],"tags":[5987,140],"class_list":{"0":"post-68525","1":"post","2":"type-post","3":"status-publish","4":"format-standard","5":"has-post-thumbnail","7":"category-hirek","8":"category-nyergesujfalu","9":"tag-ivartalanitas","10":"tag-nyergesujfalu"},"yoast_head":"<!-- This site is optimized with the Yoast SEO plugin v27.4 - https:\/\/yoast.com\/product\/yoast-seo-wordpress\/ -->\n<title>Tavaszi lakoss\u00e1gi ivartalan\u00edt\u00e1si kamp\u00e1ny indul Nyerges\u00fajfaluban<\/title>\n<meta name=\"robots\" content=\"index, follow, max-snippet:-1, max-image-preview:large, max-video-preview:-1\" \/>\n<link rel=\"canonical\" href=\"https:\/\/dorogimedence.hu\/index.php\/2025\/01\/31\/tavaszi-lakossagi-ivartalanitasi-kampany-indul-nyergesujfaluban\/\" class=\"yoast-seo-meta-tag\" \/>\n<meta property=\"og:locale\" content=\"hu_HU\" class=\"yoast-seo-meta-tag\" \/>\n<meta property=\"og:type\" content=\"article\" class=\"yoast-seo-meta-tag\" \/>\n<meta property=\"og:title\" content=\"Tavaszi lakoss\u00e1gi ivartalan\u00edt\u00e1si kamp\u00e1ny indul Nyerges\u00fajfaluban\" class=\"yoast-seo-meta-tag\" \/>\n<meta property=\"og:description\" content=\"K\u00f6sz\u00f6nhet\u0151en a Susy Utzinger Stiftung f\u00fcr Tierschutz &#8211; SUST Alap\u00edtv\u00e1ny t\u00e1mogat\u00e1s\u00e1nak, a nyerges\u00fajfalui sz\u00e9khely\u0171 Retriever Rescue Fajtament\u0151 Egyes\u00fclet technikai h\u00e1tter\u00e9nek ebben a f\u00e9l \u00e9vben is lehet\u0151s\u00e9g ny\u00edlik lakoss\u00e1gi ivartalan\u00edt\u00e1sra, r\u00e1szorul\u00f3 gazdik \u00e1llatainak: kuty\u00e1k \u00e9s macsk\u00e1k r\u00e9sz\u00e9re, tov\u00e1bb\u00e1 gazd\u00e1tlan, kol\u00f3ni\u00e1s macsk\u00e1k r\u00e9sz\u00e9re a nyerges\u00fajfalui VetForte \u00c1llatorvosi Rendel\u0151ben. Az al\u00e1bbiak szerint tudj\u00e1k v\u00e1llalni a m\u0171t\u00e9teket: Nyerges\u00fajfalur\u00f3l \u00e9s\" class=\"yoast-seo-meta-tag\" \/>\n<meta property=\"og:url\" content=\"https:\/\/dorogimedence.hu\/index.php\/2025\/01\/31\/tavaszi-lakossagi-ivartalanitasi-kampany-indul-nyergesujfaluban\/\" class=\"yoast-seo-meta-tag\" \/>\n<meta property=\"og:site_name\" content=\"Dorogi-medence Region\u00e1lis H\u00edrport\u00e1l\" class=\"yoast-seo-meta-tag\" \/>\n<meta property=\"article:publisher\" content=\"https:\/\/www.facebook.com\/dorogimedence\/\" class=\"yoast-seo-meta-tag\" \/>\n<meta property=\"article:published_time\" content=\"2025-01-31T12:18:07+00:00\" class=\"yoast-seo-meta-tag\" \/>\n<meta property=\"article:modified_time\" content=\"2025-02-03T09:10:46+00:00\" class=\"yoast-seo-meta-tag\" \/>\n<meta property=\"og:image\" content=\"https:\/\/dorogimedence.hu\/wp-content\/uploads\/2025\/01\/puppy-4492360_1920.jpg\" class=\"yoast-seo-meta-tag\" \/>\n\t<meta property=\"og:image:width\" content=\"1920\" class=\"yoast-seo-meta-tag\" \/>\n\t<meta property=\"og:image:height\" content=\"1081\" class=\"yoast-seo-meta-tag\" \/>\n\t<meta property=\"og:image:type\" content=\"image\/jpeg\" class=\"yoast-seo-meta-tag\" \/>\n<meta name=\"author\" content=\"dorogimedence.hu\" class=\"yoast-seo-meta-tag\" \/>\n<meta name=\"twitter:card\" content=\"summary_large_image\" class=\"yoast-seo-meta-tag\" \/>\n<meta name=\"twitter:label1\" content=\"Szerz\u0151:\" class=\"yoast-seo-meta-tag\" \/>\n\t<meta name=\"twitter:data1\" content=\"dorogimedence.hu\" class=\"yoast-seo-meta-tag\" \/>\n\t<meta name=\"twitter:label2\" content=\"Becs\u00fclt olvas\u00e1si id\u0151\" class=\"yoast-seo-meta-tag\" \/>\n\t<meta name=\"twitter:data2\" content=\"2 perc\" class=\"yoast-seo-meta-tag\" \/>\n<script type=\"application\/ld+json\" class=\"yoast-schema-graph\">{\"@context\":\"https:\\\/\\\/schema.org\",\"@graph\":[{\"@type\":\"Article\",\"@id\":\"https:\\\/\\\/dorogimedence.hu\\\/index.php\\\/2025\\\/01\\\/31\\\/tavaszi-lakossagi-ivartalanitasi-kampany-indul-nyergesujfaluban\\\/#article\",\"isPartOf\":{\"@id\":\"https:\\\/\\\/dorogimedence.hu\\\/index.php\\\/2025\\\/01\\\/31\\\/tavaszi-lakossagi-ivartalanitasi-kampany-indul-nyergesujfaluban\\\/\"},\"author\":{\"name\":\"dorogimedence.hu\",\"@id\":\"https:\\\/\\\/dorogimedence.hu\\\/#\\\/schema\\\/person\\\/ce6091eeb7e95ecdc87890d6aa8e0fd4\"},\"headline\":\"Tavaszi lakoss\u00e1gi ivartalan\u00edt\u00e1si kamp\u00e1ny indul Nyerges\u00fajfaluban\",\"datePublished\":\"2025-01-31T12:18:07+00:00\",\"dateModified\":\"2025-02-03T09:10:46+00:00\",\"mainEntityOfPage\":{\"@id\":\"https:\\\/\\\/dorogimedence.hu\\\/index.php\\\/2025\\\/01\\\/31\\\/tavaszi-lakossagi-ivartalanitasi-kampany-indul-nyergesujfaluban\\\/\"},\"wordCount\":339,\"publisher\":{\"@id\":\"https:\\\/\\\/dorogimedence.hu\\\/#organization\"},\"image\":{\"@id\":\"https:\\\/\\\/dorogimedence.hu\\\/index.php\\\/2025\\\/01\\\/31\\\/tavaszi-lakossagi-ivartalanitasi-kampany-indul-nyergesujfaluban\\\/#primaryimage\"},\"thumbnailUrl\":\"https:\\\/\\\/dorogimedence.hu\\\/wp-content\\\/uploads\\\/2025\\\/01\\\/puppy-4492360_1920.jpg\",\"keywords\":[\"ivartalan\u00edt\u00e1s\",\"Nyerges\u00fajfalu\"],\"articleSection\":[\"H\u00edrek\",\"Nyerges\u00fajfalu\"],\"inLanguage\":\"hu\"},{\"@type\":\"WebPage\",\"@id\":\"https:\\\/\\\/dorogimedence.hu\\\/index.php\\\/2025\\\/01\\\/31\\\/tavaszi-lakossagi-ivartalanitasi-kampany-indul-nyergesujfaluban\\\/\",\"url\":\"https:\\\/\\\/dorogimedence.hu\\\/index.php\\\/2025\\\/01\\\/31\\\/tavaszi-lakossagi-ivartalanitasi-kampany-indul-nyergesujfaluban\\\/\",\"name\":\"Tavaszi lakoss\u00e1gi ivartalan\u00edt\u00e1si kamp\u00e1ny indul Nyerges\u00fajfaluban\",\"isPartOf\":{\"@id\":\"https:\\\/\\\/dorogimedence.hu\\\/#website\"},\"primaryImageOfPage\":{\"@id\":\"https:\\\/\\\/dorogimedence.hu\\\/index.php\\\/2025\\\/01\\\/31\\\/tavaszi-lakossagi-ivartalanitasi-kampany-indul-nyergesujfaluban\\\/#primaryimage\"},\"image\":{\"@id\":\"https:\\\/\\\/dorogimedence.hu\\\/index.php\\\/2025\\\/01\\\/31\\\/tavaszi-lakossagi-ivartalanitasi-kampany-indul-nyergesujfaluban\\\/#primaryimage\"},\"thumbnailUrl\":\"https:\\\/\\\/dorogimedence.hu\\\/wp-content\\\/uploads\\\/2025\\\/01\\\/puppy-4492360_1920.jpg\",\"datePublished\":\"2025-01-31T12:18:07+00:00\",\"dateModified\":\"2025-02-03T09:10:46+00:00\",\"breadcrumb\":{\"@id\":\"https:\\\/\\\/dorogimedence.hu\\\/index.php\\\/2025\\\/01\\\/31\\\/tavaszi-lakossagi-ivartalanitasi-kampany-indul-nyergesujfaluban\\\/#breadcrumb\"},\"inLanguage\":\"hu\",\"potentialAction\":[{\"@type\":\"ReadAction\",\"target\":[\"https:\\\/\\\/dorogimedence.hu\\\/index.php\\\/2025\\\/01\\\/31\\\/tavaszi-lakossagi-ivartalanitasi-kampany-indul-nyergesujfaluban\\\/\"]}]},{\"@type\":\"ImageObject\",\"inLanguage\":\"hu\",\"@id\":\"https:\\\/\\\/dorogimedence.hu\\\/index.php\\\/2025\\\/01\\\/31\\\/tavaszi-lakossagi-ivartalanitasi-kampany-indul-nyergesujfaluban\\\/#primaryimage\",\"url\":\"https:\\\/\\\/dorogimedence.hu\\\/wp-content\\\/uploads\\\/2025\\\/01\\\/puppy-4492360_1920.jpg\",\"contentUrl\":\"https:\\\/\\\/dorogimedence.hu\\\/wp-content\\\/uploads\\\/2025\\\/01\\\/puppy-4492360_1920.jpg\",\"width\":1920,\"height\":1081},{\"@type\":\"BreadcrumbList\",\"@id\":\"https:\\\/\\\/dorogimedence.hu\\\/index.php\\\/2025\\\/01\\\/31\\\/tavaszi-lakossagi-ivartalanitasi-kampany-indul-nyergesujfaluban\\\/#breadcrumb\",\"itemListElement\":[{\"@type\":\"ListItem\",\"position\":1,\"name\":\"Kezd\u0151lap\",\"item\":\"https:\\\/\\\/dorogimedence.hu\\\/\"},{\"@type\":\"ListItem\",\"position\":2,\"name\":\"Tavaszi lakoss\u00e1gi ivartalan\u00edt\u00e1si kamp\u00e1ny indul Nyerges\u00fajfaluban\"}]},{\"@type\":\"WebSite\",\"@id\":\"https:\\\/\\\/dorogimedence.hu\\\/#website\",\"url\":\"https:\\\/\\\/dorogimedence.hu\\\/\",\"name\":\"Dorogi-medence Region\u00e1lis H\u00edrport\u00e1l\",\"description\":\"Dorog, Keszt\u00f6lc, Le\u00e1nyv\u00e1r, Piliscs\u00e9v, Tokod, Tokodalt\u00e1r\u00f3, Csolnok, Esztergom-kertv\u00e1ros: h\u00edrek, programok\",\"publisher\":{\"@id\":\"https:\\\/\\\/dorogimedence.hu\\\/#organization\"},\"potentialAction\":[{\"@type\":\"SearchAction\",\"target\":{\"@type\":\"EntryPoint\",\"urlTemplate\":\"https:\\\/\\\/dorogimedence.hu\\\/?s={search_term_string}\"},\"query-input\":{\"@type\":\"PropertyValueSpecification\",\"valueRequired\":true,\"valueName\":\"search_term_string\"}}],\"inLanguage\":\"hu\"},{\"@type\":\"Organization\",\"@id\":\"https:\\\/\\\/dorogimedence.hu\\\/#organization\",\"name\":\"Dorogi-medence Region\u00e1lis H\u00edrport\u00e1l\",\"url\":\"https:\\\/\\\/dorogimedence.hu\\\/\",\"logo\":{\"@type\":\"ImageObject\",\"inLanguage\":\"hu\",\"@id\":\"https:\\\/\\\/dorogimedence.hu\\\/#\\\/schema\\\/logo\\\/image\\\/\",\"url\":\"https:\\\/\\\/dorogimedence.hu\\\/wp-content\\\/uploads\\\/2021\\\/04\\\/logo-feher-600.png\",\"contentUrl\":\"https:\\\/\\\/dorogimedence.hu\\\/wp-content\\\/uploads\\\/2021\\\/04\\\/logo-feher-600.png\",\"width\":600,\"height\":100,\"caption\":\"Dorogi-medence Region\u00e1lis H\u00edrport\u00e1l\"},\"image\":{\"@id\":\"https:\\\/\\\/dorogimedence.hu\\\/#\\\/schema\\\/logo\\\/image\\\/\"},\"sameAs\":[\"https:\\\/\\\/www.facebook.com\\\/dorogimedence\\\/\"]},{\"@type\":\"Person\",\"@id\":\"https:\\\/\\\/dorogimedence.hu\\\/#\\\/schema\\\/person\\\/ce6091eeb7e95ecdc87890d6aa8e0fd4\",\"name\":\"dorogimedence.hu\",\"image\":{\"@type\":\"ImageObject\",\"inLanguage\":\"hu\",\"@id\":\"\\\/\\\/www.gravatar.com\\\/avatar\\\/d8d45f8901aadff40a4af72c0b826f1d?s=96&#038;r=g&#038;d=mm\",\"url\":\"\\\/\\\/www.gravatar.com\\\/avatar\\\/d8d45f8901aadff40a4af72c0b826f1d?s=96&#038;r=g&#038;d=mm\",\"contentUrl\":\"\\\/\\\/www.gravatar.com\\\/avatar\\\/d8d45f8901aadff40a4af72c0b826f1d?s=96&#038;r=g&#038;d=mm\",\"caption\":\"dorogimedence.hu\"}}]}<\/script>\n<!-- \/ Yoast SEO plugin. -->","yoast_head_json":{"title":"Tavaszi lakoss\u00e1gi ivartalan\u00edt\u00e1si kamp\u00e1ny indul Nyerges\u00fajfaluban","robots":{"index":"index","follow":"follow","max-snippet":"max-snippet:-1","max-image-preview":"max-image-preview:large","max-video-preview":"max-video-preview:-1"},"canonical":"https:\/\/dorogimedence.hu\/index.php\/2025\/01\/31\/tavaszi-lakossagi-ivartalanitasi-kampany-indul-nyergesujfaluban\/","og_locale":"hu_HU","og_type":"article","og_title":"Tavaszi lakoss\u00e1gi ivartalan\u00edt\u00e1si kamp\u00e1ny indul Nyerges\u00fajfaluban","og_description":"K\u00f6sz\u00f6nhet\u0151en a Susy Utzinger Stiftung f\u00fcr Tierschutz &#8211; SUST Alap\u00edtv\u00e1ny t\u00e1mogat\u00e1s\u00e1nak, a nyerges\u00fajfalui sz\u00e9khely\u0171 Retriever Rescue Fajtament\u0151 Egyes\u00fclet technikai h\u00e1tter\u00e9nek ebben a f\u00e9l \u00e9vben is lehet\u0151s\u00e9g ny\u00edlik lakoss\u00e1gi ivartalan\u00edt\u00e1sra, r\u00e1szorul\u00f3 gazdik \u00e1llatainak: kuty\u00e1k \u00e9s macsk\u00e1k r\u00e9sz\u00e9re, tov\u00e1bb\u00e1 gazd\u00e1tlan, kol\u00f3ni\u00e1s macsk\u00e1k r\u00e9sz\u00e9re a nyerges\u00fajfalui VetForte \u00c1llatorvosi Rendel\u0151ben. Az al\u00e1bbiak szerint tudj\u00e1k v\u00e1llalni a m\u0171t\u00e9teket: Nyerges\u00fajfalur\u00f3l \u00e9s","og_url":"https:\/\/dorogimedence.hu\/index.php\/2025\/01\/31\/tavaszi-lakossagi-ivartalanitasi-kampany-indul-nyergesujfaluban\/","og_site_name":"Dorogi-medence Region\u00e1lis H\u00edrport\u00e1l","article_publisher":"https:\/\/www.facebook.com\/dorogimedence\/","article_published_time":"2025-01-31T12:18:07+00:00","article_modified_time":"2025-02-03T09:10:46+00:00","og_image":[{"width":1920,"height":1081,"url":"https:\/\/dorogimedence.hu\/wp-content\/uploads\/2025\/01\/puppy-4492360_1920.jpg","type":"image\/jpeg"}],"author":"dorogimedence.hu","twitter_card":"summary_large_image","twitter_misc":{"Szerz\u0151:":"dorogimedence.hu","Becs\u00fclt olvas\u00e1si id\u0151":"2 perc"},"schema":{"@context":"https:\/\/schema.org","@graph":[{"@type":"Article","@id":"https:\/\/dorogimedence.hu\/index.php\/2025\/01\/31\/tavaszi-lakossagi-ivartalanitasi-kampany-indul-nyergesujfaluban\/#article","isPartOf":{"@id":"https:\/\/dorogimedence.hu\/index.php\/2025\/01\/31\/tavaszi-lakossagi-ivartalanitasi-kampany-indul-nyergesujfaluban\/"},"author":{"name":"dorogimedence.hu","@id":"https:\/\/dorogimedence.hu\/#\/schema\/person\/ce6091eeb7e95ecdc87890d6aa8e0fd4"},"headline":"Tavaszi lakoss\u00e1gi ivartalan\u00edt\u00e1si kamp\u00e1ny indul Nyerges\u00fajfaluban","datePublished":"2025-01-31T12:18:07+00:00","dateModified":"2025-02-03T09:10:46+00:00","mainEntityOfPage":{"@id":"https:\/\/dorogimedence.hu\/index.php\/2025\/01\/31\/tavaszi-lakossagi-ivartalanitasi-kampany-indul-nyergesujfaluban\/"},"wordCount":339,"publisher":{"@id":"https:\/\/dorogimedence.hu\/#organization"},"image":{"@id":"https:\/\/dorogimedence.hu\/index.php\/2025\/01\/31\/tavaszi-lakossagi-ivartalanitasi-kampany-indul-nyergesujfaluban\/#primaryimage"},"thumbnailUrl":"https:\/\/dorogimedence.hu\/wp-content\/uploads\/2025\/01\/puppy-4492360_1920.jpg","keywords":["ivartalan\u00edt\u00e1s","Nyerges\u00fajfalu"],"articleSection":["H\u00edrek","Nyerges\u00fajfalu"],"inLanguage":"hu"},{"@type":"WebPage","@id":"https:\/\/dorogimedence.hu\/index.php\/2025\/01\/31\/tavaszi-lakossagi-ivartalanitasi-kampany-indul-nyergesujfaluban\/","url":"https:\/\/dorogimedence.hu\/index.php\/2025\/01\/31\/tavaszi-lakossagi-ivartalanitasi-kampany-indul-nyergesujfaluban\/","name":"Tavaszi lakoss\u00e1gi ivartalan\u00edt\u00e1si kamp\u00e1ny indul Nyerges\u00fajfaluban","isPartOf":{"@id":"https:\/\/dorogimedence.hu\/#website"},"primaryImageOfPage":{"@id":"https:\/\/dorogimedence.hu\/index.php\/2025\/01\/31\/tavaszi-lakossagi-ivartalanitasi-kampany-indul-nyergesujfaluban\/#primaryimage"},"image":{"@id":"https:\/\/dorogimedence.hu\/index.php\/2025\/01\/31\/tavaszi-lakossagi-ivartalanitasi-kampany-indul-nyergesujfaluban\/#primaryimage"},"thumbnailUrl":"https:\/\/dorogimedence.hu\/wp-content\/uploads\/2025\/01\/puppy-4492360_1920.jpg","datePublished":"2025-01-31T12:18:07+00:00","dateModified":"2025-02-03T09:10:46+00:00","breadcrumb":{"@id":"https:\/\/dorogimedence.hu\/index.php\/2025\/01\/31\/tavaszi-lakossagi-ivartalanitasi-kampany-indul-nyergesujfaluban\/#breadcrumb"},"inLanguage":"hu","potentialAction":[{"@type":"ReadAction","target":["https:\/\/dorogimedence.hu\/index.php\/2025\/01\/31\/tavaszi-lakossagi-ivartalanitasi-kampany-indul-nyergesujfaluban\/"]}]},{"@type":"ImageObject","inLanguage":"hu","@id":"https:\/\/dorogimedence.hu\/index.php\/2025\/01\/31\/tavaszi-lakossagi-ivartalanitasi-kampany-indul-nyergesujfaluban\/#primaryimage","url":"https:\/\/dorogimedence.hu\/wp-content\/uploads\/2025\/01\/puppy-4492360_1920.jpg","contentUrl":"https:\/\/dorogimedence.hu\/wp-content\/uploads\/2025\/01\/puppy-4492360_1920.jpg","width":1920,"height":1081},{"@type":"BreadcrumbList","@id":"https:\/\/dorogimedence.hu\/index.php\/2025\/01\/31\/tavaszi-lakossagi-ivartalanitasi-kampany-indul-nyergesujfaluban\/#breadcrumb","itemListElement":[{"@type":"ListItem","position":1,"name":"Kezd\u0151lap","item":"https:\/\/dorogimedence.hu\/"},{"@type":"ListItem","position":2,"name":"Tavaszi lakoss\u00e1gi ivartalan\u00edt\u00e1si kamp\u00e1ny indul Nyerges\u00fajfaluban"}]},{"@type":"WebSite","@id":"https:\/\/dorogimedence.hu\/#website","url":"https:\/\/dorogimedence.hu\/","name":"Dorogi-medence Region\u00e1lis H\u00edrport\u00e1l","description":"Dorog, Keszt\u00f6lc, Le\u00e1nyv\u00e1r, Piliscs\u00e9v, Tokod, Tokodalt\u00e1r\u00f3, Csolnok, Esztergom-kertv\u00e1ros: h\u00edrek, programok","publisher":{"@id":"https:\/\/dorogimedence.hu\/#organization"},"potentialAction":[{"@type":"SearchAction","target":{"@type":"EntryPoint","urlTemplate":"https:\/\/dorogimedence.hu\/?s={search_term_string}"},"query-input":{"@type":"PropertyValueSpecification","valueRequired":true,"valueName":"search_term_string"}}],"inLanguage":"hu"},{"@type":"Organization","@id":"https:\/\/dorogimedence.hu\/#organization","name":"Dorogi-medence Region\u00e1lis H\u00edrport\u00e1l","url":"https:\/\/dorogimedence.hu\/","logo":{"@type":"ImageObject","inLanguage":"hu","@id":"https:\/\/dorogimedence.hu\/#\/schema\/logo\/image\/","url":"https:\/\/dorogimedence.hu\/wp-content\/uploads\/2021\/04\/logo-feher-600.png","contentUrl":"https:\/\/dorogimedence.hu\/wp-content\/uploads\/2021\/04\/logo-feher-600.png","width":600,"height":100,"caption":"Dorogi-medence Region\u00e1lis H\u00edrport\u00e1l"},"image":{"@id":"https:\/\/dorogimedence.hu\/#\/schema\/logo\/image\/"},"sameAs":["https:\/\/www.facebook.com\/dorogimedence\/"]},{"@type":"Person","@id":"https:\/\/dorogimedence.hu\/#\/schema\/person\/ce6091eeb7e95ecdc87890d6aa8e0fd4","name":"dorogimedence.hu","image":{"@type":"ImageObject","inLanguage":"hu","@id":"\/\/www.gravatar.com\/avatar\/d8d45f8901aadff40a4af72c0b826f1d?s=96&#038;r=g&#038;d=mm","url":"\/\/www.gravatar.com\/avatar\/d8d45f8901aadff40a4af72c0b826f1d?s=96&#038;r=g&#038;d=mm","contentUrl":"\/\/www.gravatar.com\/avatar\/d8d45f8901aadff40a4af72c0b826f1d?s=96&#038;r=g&#038;d=mm","caption":"dorogimedence.hu"}}]}},"_links":{"self":[{"href":"https:\/\/dorogimedence.hu\/index.php\/wp-json\/wp\/v2\/posts\/68525","targetHints":{"allow":["GET"]}}],"collection":[{"href":"https:\/\/dorogimedence.hu\/index.php\/wp-json\/wp\/v2\/posts"}],"about":[{"href":"https:\/\/dorogimedence.hu\/index.php\/wp-json\/wp\/v2\/types\/post"}],"author":[{"embeddable":true,"href":"https:\/\/dorogimedence.hu\/index.php\/wp-json\/wp\/v2\/users\/1"}],"replies":[{"embeddable":true,"href":"https:\/\/dorogimedence.hu\/index.php\/wp-json\/wp\/v2\/comments?post=68525"}],"version-history":[{"count":0,"href":"https:\/\/dorogimedence.hu\/index.php\/wp-json\/wp\/v2\/posts\/68525\/revisions"}],"wp:featuredmedia":[{"embeddable":true,"href":"https:\/\/dorogimedence.hu\/index.php\/wp-json\/wp\/v2\/media\/68526"}],"wp:attachment":[{"href":"https:\/\/dorogimedence.hu\/index.php\/wp-json\/wp\/v2\/media?parent=68525"}],"wp:term":[{"taxonomy":"category","embeddable":true,"href":"https:\/\/dorogimedence.hu\/index.php\/wp-json\/wp\/v2\/categories?post=68525"},{"taxonomy":"post_tag","embeddable":true,"href":"https:\/\/dorogimedence.hu\/index.php\/wp-json\/wp\/v2\/tags?post=68525"}],"curies":[{"name":"wp","href":"https:\/\/api.w.org\/{rel}","templated":true}]}}