{"id":68522,"date":"2025-01-31T12:47:05","date_gmt":"2025-01-31T11:47:05","guid":{"rendered":"https:\/\/dorogimedence.hu\/?p=68522"},"modified":"2025-01-31T13:19:29","modified_gmt":"2025-01-31T12:19:29","slug":"lakcimbejelentes-februartol-jelentos-valtozas-lep-eletbe","status":"publish","type":"post","link":"https:\/\/dorogimedence.hu\/index.php\/2025\/01\/31\/lakcimbejelentes-februartol-jelentos-valtozas-lep-eletbe\/","title":{"rendered":"Lakc\u00edmbejelent\u00e9s: febru\u00e1rt\u00f3l jelent\u0151s v\u00e1ltoz\u00e1s l\u00e9p \u00e9letbe"},"content":{"rendered":"<p><strong>Febru\u00e1r 1-j\u00e9t\u0151l m\u00f3dosul a lakc\u00edmbejelent\u00e9ssel kapcsolatos \u00fcgyint\u00e9z\u00e9s rendje, amely \u00e9rinti a lakc\u00edmk\u00e1rtya ki\u00e1ll\u00edt\u00e1s\u00e1t \u00e9s az adatm\u00f3dos\u00edt\u00e1sokat &#8211; az erre vonatkoz\u00f3 felh\u00edv\u00e1st a napokban tette k\u00f6zz\u00e9 t\u00f6bb telep\u00fcl\u00e9si \u00f6nkorm\u00e1nyzat.<\/strong><\/p>\n<p>A polg\u00e1rok szem\u00e9lyi adatainak \u00e9s lakc\u00edm\u00e9nek nyilv\u00e1ntart\u00e1s\u00e1r\u00f3l sz\u00f3l\u00f3 1992. \u00e9vi LXVI. tv. (Nytv.) 26. \u00a7 (1) bekezd\u00e9s alapj\u00e1n a Magyarorsz\u00e1g ter\u00fclet\u00e9n \u00e9l\u0151, e t\u00f6rv\u00e9ny hat\u00e1lya al\u00e1 tartoz\u00f3 polg\u00e1r k\u00f6teles lak\u00f3hely\u00e9nek c\u00edm\u00e9t nyilv\u00e1ntart\u00e1sba v\u00e9tel c\u00e9lj\u00e1b\u00f3l bejelenteni.<\/p>\n<p><strong>2025. febru\u00e1r 1-t\u0151l<\/strong> az Nytv. v\u00e9grehajt\u00e1s\u00e1ra kiadott 146\/1993. (X. 26.) Korm. rendelet (Korm. rendelet) 29. \u00a7 (1) bekezd\u00e9se \u00e9rtelm\u00e9ben:&nbsp; <em>\u201eA polg\u00e1rnak a lakc\u00edm\u00e9t, illetve annak v\u00e1ltoz\u00e1s\u00e1t <strong>b\u00e1rmely j\u00e1r\u00e1si hivataln\u00e1l kell bejelentenie<\/strong>. A polg\u00e1r tart\u00f3zkod\u00e1si hely\u00e9nek \u00fajabb tart\u00f3zkod\u00e1si hely l\u00e9tes\u00edt\u00e9se n\u00e9lk\u00fcli megsz\u00fcntet\u00e9s\u00e9t b\u00e1rmely j\u00e1r\u00e1si hivataln\u00e1l kell bejelentenie.\u201d<\/em>&nbsp;<\/p>\n<h4><strong>Ez azt jelenti, hogy a telep\u00fcl\u00e9si jegyz\u0151n\u00e9l t\u00f6rt\u00e9n\u0151 lakc\u00edmbejelent\u00e9s lehet\u0151s\u00e9ge megsz\u0171nik<\/strong>.<\/h4>\n<p>A Korm.rendelet 31. \u00a7 (1) bekezd\u00e9s alapj\u00e1n <strong>a polg\u00e1r lakc\u00edm-bejelent\u00e9si k\u00f6telezetts\u00e9g\u00e9t szem\u00e9lyesen, illetve t\u00f6rv\u00e9nyes k\u00e9pvisel\u0151je vagy meghatalmazottja \u00fatj\u00e1n teljes\u00edtheti<\/strong>. A (2) bekezd\u00e9s \u00e9rtelm\u00e9ben, ha a bejelent\u00e9si k\u00f6telezetts\u00e9g <strong>t\u00f6bb egy\u00fctt k\u00f6lt\u00f6z\u0151 hozz\u00e1tartoz\u00f3t \u00e9rint, a bejelent\u00e9st valamennyi\u00fckre vonatkoz\u00f3an az egyik bejelent\u00e9sre k\u00f6telezett is teljes\u00edtheti<\/strong>. A (3) bekezd\u00e9s alapj\u00e1n a kiskor\u00fa gyermek, illetve a cselekv\u0151k\u00e9pess\u00e9get teljesen korl\u00e1toz\u00f3 gondnoks\u00e1g al\u00e1 helyezett szem\u00e9ly lakc\u00edmbejelent\u00e9s\u00e9t t\u00f6rv\u00e9nyes k\u00e9pvisel\u0151je teljes\u00edti. A korl\u00e1tozottan cselekv\u0151k\u00e9pes (14 \u00e9vet bet\u00f6lt\u00f6tt) kiskor\u00fa tart\u00f3zkod\u00e1si hely\u00e9t maga is bejelentheti.&nbsp;<\/p>\n<h3><strong>Szem\u00e9lyes megjelen\u00e9s eset\u00e9n:&nbsp;<\/strong><\/h3>\n<p>A bejelent\u00e9s lakc\u00edmbejelent\u0151 lap kit\u00f6lt\u00e9s\u00e9vel tehet\u0151 meg. A Korm. rendelet 32. \u00a7 (1b) bekezd\u00e9se szerint lakc\u00edm-bejelent\u0151lapot a <strong>lakc\u00edmbejelent\u00e9s teljes\u00edt\u00e9s\u00e9re k\u00f6telezettnek, illetve a sz\u00e1ll\u00e1sad\u00f3nak saj\u00e1t kez\u0171leg al\u00e1 kell \u00edrnia<\/strong>. (Kiv\u00e9tel, ha a sz\u00e1ll\u00e1sad\u00f3 a lakc\u00edmbejelent\u00e9shez elektronikus azonos\u00edt\u00e1st k\u00f6vet\u0151en elektronikus kapcsolattart\u00e1s \u00fatj\u00e1n el\u0151zetesen hozz\u00e1j\u00e1rult, vagy ha a bejelentkez\u0151 olyan \u00e9rv\u00e9nyes teljes bizony\u00edt\u00f3 erej\u0171 mag\u00e1nokirattal vagy k\u00f6zokirattal rendelkezik, amely a lak\u00e1s haszn\u00e1lat\u00e1ra feljogos\u00edtja. A sz\u00e1ll\u00e1sad\u00f3 b\u00e1rmelyik j\u00e1r\u00e1si hivataln\u00e1l, vagy elektronikus \u00faton teheti meg nyilatkozat\u00e1t arra vonatkoz\u00f3an, hogy a lakc\u00edmbejelent\u00e9shez sz\u00fcks\u00e9ges hozz\u00e1j\u00e1rul\u00e1s\u00e1t elektronikus kapcsolattart\u00e1s \u00fatj\u00e1n vagy a bejelentkez\u0151vel t\u00f6rt\u00e9n\u0151 szem\u00e9lyes megjelen\u00e9s sor\u00e1n adja meg. Ha a sz\u00e1ll\u00e1sad\u00f3 el\u0151zetesen nem nyilatkozik a hozz\u00e1j\u00e1rul\u00e1s m\u00f3dj\u00e1r\u00f3l, \u00fagy azt a lakc\u00edmbejelent\u0151 lap al\u00e1\u00edr\u00e1s\u00e1val adja meg).&nbsp;<\/p>\n<p>Abban az esetben, <strong>amennyiben az \u00fcgyf\u00e9l nem tulajdonosa\/haszon\u00e9lvez\u0151je az ingatlannak<\/strong> \u00e9s <strong>lak\u00e1shaszn\u00e1latra jogos\u00edt\u00f3 teljes bizonyt\u00f3 erej\u0171 mag\u00e1nokirattal vagy k\u00f6zokirattal sem rendelkezik<\/strong> (b\u00e9rleti szerz\u0151d\u00e9sk\u00e9t tan\u00faval al\u00e1\u00edrva, illetve k\u00f6zjegyz\u0151i okiratba foglalva) a <strong>sz\u00e1ll\u00e1sad\u00f3 al\u00e1\u00edr\u00e1sa sz\u00fcks\u00e9ges a bejelent\u0151 lapon vagy a bejelent\u0151 szem\u00e9lynek nyilatkoznia kell, hogy a sz\u00e1ll\u00e1sad\u00f3 a hozz\u00e1j\u00e1rul\u00e1s\u00e1t a rendelkez\u00e9si nyilv\u00e1ntart\u00e1sban megtette<\/strong>.<\/p>\n<p><strong>K\u00f6z\u00f6s tulajdon\/haszon\u00e9lvezet eset\u00e9n<\/strong> (ha t\u00f6bb tulajdonosa\/haszon\u00e9lvez\u0151je van egy adott c\u00edmen l\u00e9v\u0151 ingatlannak) <strong>k\u00f6telez\u0151 csatolni a t\u00f6bbi tulajdonost\u00e1rs\/haszon\u00e9lvez\u0151 c\u00edmre t\u00f6rt\u00e9n\u0151 bejelentkez\u00e9shez hozz\u00e1j\u00e1rul\u00f3 nyilatkozat\u00e1t.&nbsp;<\/strong><\/p>\n<p>Tart\u00f3zkod\u00e1si hely meghosszabb\u00edt\u00e1s\u00e1ra annak lej\u00e1rat\u00e1t megel\u0151z\u0151 14 napban van lehet\u0151s\u00e9g, a lej\u00e1ratot k\u00f6vet\u0151en a tart\u00f3zkod\u00e1si hely ism\u00e9telt bejelent\u00e9se sz\u00fcks\u00e9ges.&nbsp;<\/p>\n<p><strong>A k\u00e9relmet el kell utas\u00edtani, ha:<\/strong>&nbsp;<\/p>\n<ol>\n<li>a bejelentett lakc\u00edm nem val\u00f3s (pl. \u00faj \u00e9p\u00edt\u00e9s\u0171 ingatlan m\u00e9g nem szerepel a c\u00edmnyilv\u00e1ntart\u00e1sban),&nbsp;<\/li>\n<li>a sz\u00e1ll\u00e1sad\u00f3 hozz\u00e1j\u00e1rul\u00e1sa hi\u00e1nyzik, vagy a sz\u00e1ll\u00e1sad\u00f3 nyilatkozatt\u00e9teli jogosults\u00e1ga nem \u00e1ll fenn, (pl. \u00faj tulajdonos bejegyz\u00e9se m\u00e9g nem t\u00f6rt\u00e9nt meg az ingatlan-nyilv\u00e1ntart\u00e1sban.)&nbsp;<\/li>\n<li>a bejelent\u00e9s egy\u00e9b okb\u00f3l nem felel meg a vonatkoz\u00f3 jogszab\u00e1lyi rendelkez\u00e9seknek,<\/li>\n<\/ol>\n<p>A j\u00e1r\u00e1si hivatal \u00e1tvezeti a nyilv\u00e1ntart\u00e1son a lakc\u00edmbejelent\u00e9s adatait. <strong>A kiadott hat\u00f3s\u00e1gi igazolv\u00e1nyt a polg\u00e1r v\u00e1laszt\u00e1sa szerint szem\u00e9lyesen vagy hivatalos iratk\u00e9nt k\u00e9zbes\u00edtve, postai \u00faton veheti \u00e1t.<\/strong><\/p>\n<p><strong>Igazgat\u00e1si szolg\u00e1ltat\u00e1si d\u00edjfizet\u00e9si k\u00f6telezetts\u00e9g:<\/strong><\/p>\n<p>Az <strong>Nytv. 36\/A\u00a7 (2)<\/strong> bekezd\u00e9se \u00e9rtelm\u00e9ben<\/p>\n<p>A <strong>szem\u00e9lyi azonos\u00edt\u00f3t \u00e9s lakc\u00edmet igazol\u00f3 hat\u00f3s\u00e1gi igazolv\u00e1ny ki\u00e1ll\u00edt\u00e1s\u00e1\u00e9rt<\/strong>, <strong>p\u00f3tl\u00e1s\u00e1\u00e9rt igazgat\u00e1si szolg\u00e1ltat\u00e1si d\u00edjat kell fizetni, kiv\u00e9ve<\/strong><\/p>\n<ol start=\"14\">\n<li>a) <strong>a 14. \u00e9let\u00e9vet be nem t\u00f6lt\u00f6tt polg\u00e1r r\u00e9sz\u00e9re szem\u00e9lyi azonos\u00edt\u00f3t \u00e9s lakc\u00edmet igazol\u00f3 hat\u00f3s\u00e1gi igazolv\u00e1ny ig\u00e9nyl\u00e9sekor<\/strong>,<\/li>\n<li>b) a lakc\u00edmet is tartalmaz\u00f3 r\u00e9gi t\u00edpus\u00fa szem\u00e9lyazonos\u00edt\u00f3 igazolv\u00e1ny cser\u00e9jekor, amennyiben a polg\u00e1rt szem\u00e9lyi azonos\u00edt\u00f3t \u00e9s lakc\u00edmet igazol\u00f3 hat\u00f3s\u00e1gi igazolv\u00e1nnyal m\u00e9g nem l\u00e1tt\u00e1k el,<\/li>\n<li>c<strong>) a t\u00e9vesen bejegyzett adatok helyesb\u00edt\u00e9se vagy a hat\u00f3s\u00e1gi igazolv\u00e1ny gy\u00e1rtm\u00e1nyhib\u00e1ja eset\u00e9n,<\/strong><\/li>\n<li>d) a 7. \u00a7 (3) bekezd\u00e9se szerinti \u00fajsz\u00fcl\u00f6tt nyilv\u00e1ntart\u00e1sba v\u00e9telekor,<\/li>\n<li><strong>e) ha a hat\u00f3s\u00e1gi igazolv\u00e1ny ki\u00e1ll\u00edt\u00e1s\u00e1ra a k\u00f6zponti c\u00edmregiszterbe bejegyzett c\u00edmelemek megv\u00e1ltoz\u00e1sa miatt k\u00f6lt\u00f6z\u00e9ssel nem j\u00e1r\u00f3 lakc\u00edmv\u00e1ltoz\u00e1s miatt ker\u00fcl sor<\/strong>,<\/li>\n<li>f) a Magyarorsz\u00e1g ter\u00fclet\u00e9nek a k\u00fclf\u00f6ldi leteleped\u00e9s sz\u00e1nd\u00e9k\u00e1val t\u00f6rt\u00e9n\u0151 elhagy\u00e1s\u00e1nak bejelent\u00e9se eset\u00e9n.<\/li>\n<\/ol>\n<p>A d\u00edjfizet\u00e9s m\u00e9rt\u00e9k\u00e9r\u0151l az egyes okm\u00e1nyok ki\u00e1ll\u00edt\u00e1s\u00e1val \u00e9s a postai k\u00e9zbes\u00edt\u00e9ssel kapcsolatos <strong>igazgat\u00e1si szolg\u00e1ltat\u00e1si d\u00edjak m\u00e9rt\u00e9k\u00e9r\u0151l sz\u00f3l\u00f3 19\/2024. (XII. 31.) MK rendelet rendelkezik<\/strong> az al\u00e1bbiak szerint:<\/p>\n<p>a) igazgat\u00e1si szolg\u00e1ltat\u00e1si d\u00edjat (a tov\u00e1bbiakban: d\u00edj) az elj\u00e1r\u00e1s megind\u00edt\u00e1sakor a Minisztereln\u00f6ki Kabinetiroda r\u00e9sz\u00e9re, a Magyar \u00c1llamkincst\u00e1rn\u00e1l vezetett 10032000-00335814-06020020 sz\u00e1mla jav\u00e1ra kell megfizetni. A megfizetett d\u00edj a Minisztereln\u00f6ki Kabinetiroda bev\u00e9tele. (Bankk\u00e1rty\u00e1val fizethet\u0151)<\/p>\n<p><strong>b) Nem kell a szem\u00e9lyi azonos\u00edt\u00f3t \u00e9s lakc\u00edmet igazol\u00f3 hat\u00f3s\u00e1gi igazolv\u00e1ny belf\u00f6ld\u00f6n, postai \u00faton k\u00f6nyvelt k\u00fcldem\u00e9nyk\u00e9nt t\u00f6rt\u00e9n\u0151 k\u00e9zbes\u00edt\u00e9s\u00e9\u00e9rt d\u00edjat fizetni<\/strong><\/p>\n<p>ba) a t\u00e9vesen bejegyzett adatok helyesb\u00edt\u00e9se vagy a hat\u00f3s\u00e1gi igazolv\u00e1ny gy\u00e1rtm\u00e1nyhib\u00e1ja eset\u00e9n,<\/p>\n<p><strong>bb) a k\u00f6zponti c\u00edmregiszterbe bejegyzett c\u00edmelemek megv\u00e1ltoz\u00e1sa miatti k\u00f6lt\u00f6z\u00e9ssel nem j\u00e1r\u00f3 lakc\u00edmv\u00e1ltoz\u00e1s eset\u00e9n<\/strong>, vagy<\/p>\n<p>bc) a Magyarorsz\u00e1g ter\u00fclet\u00e9nek a k\u00fclf\u00f6ldi leteleped\u00e9s sz\u00e1nd\u00e9k\u00e1val t\u00f6rt\u00e9n\u0151 elhagy\u00e1s\u00e1nak bejelent\u00e9se eset\u00e9n.<\/p>\n<p>Fentiek \u00e9rtelm\u00e9ben:<\/p>\n<ol>\n<li>szem\u00e9lyi azonos\u00edt\u00f3t \u00e9s lakc\u00edmet igazol\u00f3 hat\u00f3s\u00e1gi igazolv\u00e1ny (azaz a lakc\u00edmv\u00e1ltoz\u00e1s bejelent\u00e9se egy\u00e9nenk\u00e9nt okm\u00e1nyirodai szem\u00e9lyes \u00e1tv\u00e9tellel<strong>)<\/strong><strong>: <\/strong><strong>3 700 Ft<\/strong>&nbsp;<\/li>\n<li>szem\u00e9lyi azonos\u00edt\u00f3t \u00e9s lakc\u00edmet igazol\u00f3 hat\u00f3s\u00e1gi igazolv\u00e1ny \u00e9s belf\u00f6ld\u00f6n, <strong>postai \u00faton k\u00f6nyvelt k\u00fcldem\u00e9nyk\u00e9nt t\u00f6rt\u00e9n\u0151 k\u00e9zbes\u00edt\u00e9ssel<\/strong><strong>: <\/strong><strong>5 700 Ft<\/strong>&nbsp;<\/li>\n<li>az Nytv. 36\/A. \u00a7 (2) bekezd\u00e9s a)\u2013b) pontja szerinti szem\u00e9lyi azonos\u00edt\u00f3t \u00e9s lakc\u00edmet igazol\u00f3 hat\u00f3s\u00e1gi igazolv\u00e1ny belf\u00f6ld\u00f6n, <strong>postai \u00faton k\u00f6nyvelt k\u00fcldem\u00e9nyk\u00e9nt t\u00f6rt\u00e9n\u0151 k\u00e9zbes\u00edt\u00e9se: <\/strong><strong>2 000 Ft<\/strong><\/li>\n<\/ol>\n<h3><strong>Lakc\u00edmbejelent\u00e9s elektronikus \u00faton:<\/strong>&nbsp;<\/h3>\n<p>A Korm. rendelet 40. \u00a7 (1) bekezd\u00e9s alapj\u00e1n a bejelent\u0151 akkor teljes\u00edtheti elektronikus azonos\u00edt\u00e1st k\u00f6vet\u0151en elektronikus kapcsolattart\u00e1s \u00fatj\u00e1n a lakc\u00edmbejelent\u00e9st, ha&nbsp; a lak\u00e1s kiz\u00e1r\u00f3lagos tulajdonosa vagy annak egyed\u00fcli haszon\u00e9lvez\u0151je, vagy&nbsp; a sz\u00e1ll\u00e1sad\u00f3 a lakc\u00edmbejelent\u00e9shez elektronikus azonos\u00edt\u00e1st k\u00f6vet\u0151en elektronikus kapcsolattart\u00e1s \u00fatj\u00e1n el\u0151zetesen hozz\u00e1j\u00e1rult vagy &#8211; az Nytv. 27\/A. \u00a7 (3) bekezd\u00e9s\u00e9ben meghat\u00e1rozott okiratot csatolja (a bejelentkez\u0151 olyan \u00e9rv\u00e9nyes teljes bizony\u00edt\u00f3 erej\u0171 mag\u00e1nokirattal vagy k\u00f6zokirattal rendelkezik, amely a lak\u00e1s haszn\u00e1lat\u00e1ra feljogos\u00edtja, pl. b\u00e9rleti szerz\u0151d\u00e9s), vagy&nbsp; csatolja a sz\u00e1ll\u00e1sad\u00f3 hozz\u00e1j\u00e1rul\u00e1s\u00e1t, illetve t\u00f6bb sz\u00e1ll\u00e1sad\u00f3 eset\u00e9n a lakc\u00edmbejelent\u00e9s sor\u00e1n elj\u00e1r\u00f3 sz\u00e1ll\u00e1sad\u00f3 nyilatkozat\u00e1t a t\u00f6bbi sz\u00e1ll\u00e1sad\u00f3 hozz\u00e1j\u00e1rul\u00e1s\u00e1r\u00f3l.<\/p>\n<p>&nbsp;A 40. \u00a7 (3) bekezd\u00e9s alapj\u00e1n (elektronikus elj\u00e1r\u00e1s sor\u00e1n) a k\u00f6vetkez\u0151 rendelkez\u00e9seket kell alkalmazni:&nbsp;<\/p>\n<ol>\n<li>a polg\u00e1r a bejelent\u00e9st b\u00e1rmely j\u00e1r\u00e1si hivataln\u00e1l kezdem\u00e9nyezheti elektronikus \u00faton (link: <a href=\"https:\/\/magyarorszag.hu\/szuf_ugyleiras?id=c8942168-5c26-4f61-8c47-%20667e1378b7c3\" target=\"_blank\" rel=\"noopener\"><span style=\"text-decoration: underline; color: #0000ff;\">https:\/\/magyarorszag.hu\/szuf_ugyleiras?id=c8942168-5c26-4f61-8c47-%20667e1378b7c3<\/span><\/a>)<\/li>\n<li>az \u00fcgyben az a j\u00e1r\u00e1si hivatal j\u00e1r el, amely fel\u00e9 a bejelent\u00e9s megt\u00f6rt\u00e9nt<\/li>\n<li>a j\u00e1r\u00e1si hivatal a lakc\u00edmbejelent\u00e9sr\u0151l hat\u00f3s\u00e1gi igazolv\u00e1nyt \u00e1ll\u00edt ki&nbsp;<\/li>\n<li>a lakc\u00edm-bejelent\u00e9si k\u00f6telezetts\u00e9get a bejelent\u0151, illetve a meghatalmazott vagy a t\u00f6rv\u00e9nyes k\u00e9pvisel\u0151 teljes\u00edti, a k\u00e9pviseleti jogosults\u00e1got igazol\u00f3 okiratot \u2013 ha azt a rendelkez\u00e9si nyilv\u00e1ntart\u00e1s nem tartalmazza \u2013 csatolni sz\u00fcks\u00e9ges<\/li>\n<li>a lakc\u00edmbejelent\u00e9s id\u0151pontja a bejelent\u00e9s beny\u00fajt\u00e1s\u00e1nak a napja.&nbsp;<\/li>\n<\/ol>\n<p><strong>Telep\u00fcl\u00e9sszint\u0171 lakc\u00edmet elektronikus \u00faton nem lehet bejelenteni!<\/strong><\/p>\n","protected":false},"excerpt":{"rendered":"<p>Febru\u00e1r 1-j\u00e9t\u0151l m\u00f3dosul a lakc\u00edmbejelent\u00e9ssel kapcsolatos \u00fcgyint\u00e9z\u00e9s rendje, amely \u00e9rinti a lakc\u00edmk\u00e1rtya ki\u00e1ll\u00edt\u00e1s\u00e1t \u00e9s az adatm\u00f3dos\u00edt\u00e1sokat &#8211; az erre vonatkoz\u00f3 felh\u00edv\u00e1st a napokban tette k\u00f6zz\u00e9 t\u00f6bb telep\u00fcl\u00e9si \u00f6nkorm\u00e1nyzat. A polg\u00e1rok szem\u00e9lyi adatainak \u00e9s lakc\u00edm\u00e9nek nyilv\u00e1ntart\u00e1s\u00e1r\u00f3l sz\u00f3l\u00f3 1992. \u00e9vi LXVI. tv. (Nytv.) 26. \u00a7 (1) bekezd\u00e9s alapj\u00e1n a Magyarorsz\u00e1g ter\u00fclet\u00e9n \u00e9l\u0151, e t\u00f6rv\u00e9ny hat\u00e1lya al\u00e1 tartoz\u00f3<\/p>\n","protected":false},"author":1,"featured_media":0,"comment_status":"closed","ping_status":"closed","sticky":false,"template":"","format":"standard","meta":{"ngg_post_thumbnail":0,"footnotes":""},"categories":[6934,3],"tags":[5624,2812,8233,271],"class_list":{"0":"post-68522","1":"post","2":"type-post","3":"status-publish","4":"format-standard","6":"category-belfold","7":"category-hirek","8":"tag-featured","9":"tag-kormanyablak","10":"tag-lakcimkartya","11":"tag-ugyintezes"},"yoast_head":"<!-- This site is optimized with the Yoast SEO plugin v27.4 - https:\/\/yoast.com\/product\/yoast-seo-wordpress\/ -->\n<title>Lakc\u00edmbejelent\u00e9s: febru\u00e1rt\u00f3l jelent\u0151s v\u00e1ltoz\u00e1s l\u00e9p \u00e9letbe<\/title>\n<meta name=\"robots\" content=\"index, follow, max-snippet:-1, max-image-preview:large, max-video-preview:-1\" \/>\n<link rel=\"canonical\" href=\"https:\/\/dorogimedence.hu\/index.php\/2025\/01\/31\/lakcimbejelentes-februartol-jelentos-valtozas-lep-eletbe\/\" class=\"yoast-seo-meta-tag\" \/>\n<meta property=\"og:locale\" content=\"hu_HU\" class=\"yoast-seo-meta-tag\" \/>\n<meta property=\"og:type\" content=\"article\" class=\"yoast-seo-meta-tag\" \/>\n<meta property=\"og:title\" content=\"Lakc\u00edmbejelent\u00e9s: febru\u00e1rt\u00f3l jelent\u0151s v\u00e1ltoz\u00e1s l\u00e9p \u00e9letbe\" class=\"yoast-seo-meta-tag\" \/>\n<meta property=\"og:description\" content=\"Febru\u00e1r 1-j\u00e9t\u0151l m\u00f3dosul a lakc\u00edmbejelent\u00e9ssel kapcsolatos \u00fcgyint\u00e9z\u00e9s rendje, amely \u00e9rinti a lakc\u00edmk\u00e1rtya ki\u00e1ll\u00edt\u00e1s\u00e1t \u00e9s az adatm\u00f3dos\u00edt\u00e1sokat &#8211; az erre vonatkoz\u00f3 felh\u00edv\u00e1st a napokban tette k\u00f6zz\u00e9 t\u00f6bb telep\u00fcl\u00e9si \u00f6nkorm\u00e1nyzat. A polg\u00e1rok szem\u00e9lyi adatainak \u00e9s lakc\u00edm\u00e9nek nyilv\u00e1ntart\u00e1s\u00e1r\u00f3l sz\u00f3l\u00f3 1992. \u00e9vi LXVI. tv. (Nytv.) 26. \u00a7 (1) bekezd\u00e9s alapj\u00e1n a Magyarorsz\u00e1g ter\u00fclet\u00e9n \u00e9l\u0151, e t\u00f6rv\u00e9ny hat\u00e1lya al\u00e1 tartoz\u00f3\" class=\"yoast-seo-meta-tag\" \/>\n<meta property=\"og:url\" content=\"https:\/\/dorogimedence.hu\/index.php\/2025\/01\/31\/lakcimbejelentes-februartol-jelentos-valtozas-lep-eletbe\/\" class=\"yoast-seo-meta-tag\" \/>\n<meta property=\"og:site_name\" content=\"Dorogi-medence Region\u00e1lis H\u00edrport\u00e1l\" class=\"yoast-seo-meta-tag\" \/>\n<meta property=\"article:publisher\" content=\"https:\/\/www.facebook.com\/dorogimedence\/\" class=\"yoast-seo-meta-tag\" \/>\n<meta property=\"article:published_time\" content=\"2025-01-31T11:47:05+00:00\" class=\"yoast-seo-meta-tag\" \/>\n<meta property=\"article:modified_time\" content=\"2025-01-31T12:19:29+00:00\" class=\"yoast-seo-meta-tag\" \/>\n<meta property=\"og:image\" content=\"https:\/\/dorogimedence.hu\/wp-content\/uploads\/2024\/01\/kormanyablak-scaled.jpg\" class=\"yoast-seo-meta-tag\" \/>\n\t<meta property=\"og:image:width\" content=\"2560\" class=\"yoast-seo-meta-tag\" \/>\n\t<meta property=\"og:image:height\" content=\"1596\" class=\"yoast-seo-meta-tag\" \/>\n\t<meta property=\"og:image:type\" content=\"image\/jpeg\" class=\"yoast-seo-meta-tag\" \/>\n<meta name=\"author\" content=\"dorogimedence.hu\" class=\"yoast-seo-meta-tag\" \/>\n<meta name=\"twitter:card\" content=\"summary_large_image\" class=\"yoast-seo-meta-tag\" \/>\n<meta name=\"twitter:label1\" content=\"Szerz\u0151:\" class=\"yoast-seo-meta-tag\" \/>\n\t<meta name=\"twitter:data1\" content=\"dorogimedence.hu\" class=\"yoast-seo-meta-tag\" \/>\n\t<meta name=\"twitter:label2\" content=\"Becs\u00fclt olvas\u00e1si id\u0151\" class=\"yoast-seo-meta-tag\" \/>\n\t<meta name=\"twitter:data2\" content=\"9 perc\" class=\"yoast-seo-meta-tag\" \/>\n<script type=\"application\/ld+json\" class=\"yoast-schema-graph\">{\"@context\":\"https:\\\/\\\/schema.org\",\"@graph\":[{\"@type\":\"Article\",\"@id\":\"https:\\\/\\\/dorogimedence.hu\\\/index.php\\\/2025\\\/01\\\/31\\\/lakcimbejelentes-februartol-jelentos-valtozas-lep-eletbe\\\/#article\",\"isPartOf\":{\"@id\":\"https:\\\/\\\/dorogimedence.hu\\\/index.php\\\/2025\\\/01\\\/31\\\/lakcimbejelentes-februartol-jelentos-valtozas-lep-eletbe\\\/\"},\"author\":{\"name\":\"dorogimedence.hu\",\"@id\":\"https:\\\/\\\/dorogimedence.hu\\\/#\\\/schema\\\/person\\\/ce6091eeb7e95ecdc87890d6aa8e0fd4\"},\"headline\":\"Lakc\u00edmbejelent\u00e9s: febru\u00e1rt\u00f3l jelent\u0151s v\u00e1ltoz\u00e1s l\u00e9p \u00e9letbe\",\"datePublished\":\"2025-01-31T11:47:05+00:00\",\"dateModified\":\"2025-01-31T12:19:29+00:00\",\"mainEntityOfPage\":{\"@id\":\"https:\\\/\\\/dorogimedence.hu\\\/index.php\\\/2025\\\/01\\\/31\\\/lakcimbejelentes-februartol-jelentos-valtozas-lep-eletbe\\\/\"},\"wordCount\":1724,\"publisher\":{\"@id\":\"https:\\\/\\\/dorogimedence.hu\\\/#organization\"},\"keywords\":[\"featured\",\"korm\u00e1nyablak\",\"lakc\u00edmk\u00e1rtya\",\"\u00fcgyint\u00e9z\u00e9s\"],\"articleSection\":[\"Belf\u00f6ld, Gazdas\u00e1g\",\"H\u00edrek\"],\"inLanguage\":\"hu\"},{\"@type\":\"WebPage\",\"@id\":\"https:\\\/\\\/dorogimedence.hu\\\/index.php\\\/2025\\\/01\\\/31\\\/lakcimbejelentes-februartol-jelentos-valtozas-lep-eletbe\\\/\",\"url\":\"https:\\\/\\\/dorogimedence.hu\\\/index.php\\\/2025\\\/01\\\/31\\\/lakcimbejelentes-februartol-jelentos-valtozas-lep-eletbe\\\/\",\"name\":\"Lakc\u00edmbejelent\u00e9s: febru\u00e1rt\u00f3l jelent\u0151s v\u00e1ltoz\u00e1s l\u00e9p \u00e9letbe\",\"isPartOf\":{\"@id\":\"https:\\\/\\\/dorogimedence.hu\\\/#website\"},\"datePublished\":\"2025-01-31T11:47:05+00:00\",\"dateModified\":\"2025-01-31T12:19:29+00:00\",\"breadcrumb\":{\"@id\":\"https:\\\/\\\/dorogimedence.hu\\\/index.php\\\/2025\\\/01\\\/31\\\/lakcimbejelentes-februartol-jelentos-valtozas-lep-eletbe\\\/#breadcrumb\"},\"inLanguage\":\"hu\",\"potentialAction\":[{\"@type\":\"ReadAction\",\"target\":[\"https:\\\/\\\/dorogimedence.hu\\\/index.php\\\/2025\\\/01\\\/31\\\/lakcimbejelentes-februartol-jelentos-valtozas-lep-eletbe\\\/\"]}]},{\"@type\":\"BreadcrumbList\",\"@id\":\"https:\\\/\\\/dorogimedence.hu\\\/index.php\\\/2025\\\/01\\\/31\\\/lakcimbejelentes-februartol-jelentos-valtozas-lep-eletbe\\\/#breadcrumb\",\"itemListElement\":[{\"@type\":\"ListItem\",\"position\":1,\"name\":\"Kezd\u0151lap\",\"item\":\"https:\\\/\\\/dorogimedence.hu\\\/\"},{\"@type\":\"ListItem\",\"position\":2,\"name\":\"Lakc\u00edmbejelent\u00e9s: febru\u00e1rt\u00f3l jelent\u0151s v\u00e1ltoz\u00e1s l\u00e9p \u00e9letbe\"}]},{\"@type\":\"WebSite\",\"@id\":\"https:\\\/\\\/dorogimedence.hu\\\/#website\",\"url\":\"https:\\\/\\\/dorogimedence.hu\\\/\",\"name\":\"Dorogi-medence Region\u00e1lis H\u00edrport\u00e1l\",\"description\":\"Dorog, Keszt\u00f6lc, Le\u00e1nyv\u00e1r, Piliscs\u00e9v, Tokod, Tokodalt\u00e1r\u00f3, Csolnok, Esztergom-kertv\u00e1ros: h\u00edrek, programok\",\"publisher\":{\"@id\":\"https:\\\/\\\/dorogimedence.hu\\\/#organization\"},\"potentialAction\":[{\"@type\":\"SearchAction\",\"target\":{\"@type\":\"EntryPoint\",\"urlTemplate\":\"https:\\\/\\\/dorogimedence.hu\\\/?s={search_term_string}\"},\"query-input\":{\"@type\":\"PropertyValueSpecification\",\"valueRequired\":true,\"valueName\":\"search_term_string\"}}],\"inLanguage\":\"hu\"},{\"@type\":\"Organization\",\"@id\":\"https:\\\/\\\/dorogimedence.hu\\\/#organization\",\"name\":\"Dorogi-medence Region\u00e1lis H\u00edrport\u00e1l\",\"url\":\"https:\\\/\\\/dorogimedence.hu\\\/\",\"logo\":{\"@type\":\"ImageObject\",\"inLanguage\":\"hu\",\"@id\":\"https:\\\/\\\/dorogimedence.hu\\\/#\\\/schema\\\/logo\\\/image\\\/\",\"url\":\"https:\\\/\\\/dorogimedence.hu\\\/wp-content\\\/uploads\\\/2021\\\/04\\\/logo-feher-600.png\",\"contentUrl\":\"https:\\\/\\\/dorogimedence.hu\\\/wp-content\\\/uploads\\\/2021\\\/04\\\/logo-feher-600.png\",\"width\":600,\"height\":100,\"caption\":\"Dorogi-medence Region\u00e1lis H\u00edrport\u00e1l\"},\"image\":{\"@id\":\"https:\\\/\\\/dorogimedence.hu\\\/#\\\/schema\\\/logo\\\/image\\\/\"},\"sameAs\":[\"https:\\\/\\\/www.facebook.com\\\/dorogimedence\\\/\"]},{\"@type\":\"Person\",\"@id\":\"https:\\\/\\\/dorogimedence.hu\\\/#\\\/schema\\\/person\\\/ce6091eeb7e95ecdc87890d6aa8e0fd4\",\"name\":\"dorogimedence.hu\",\"image\":{\"@type\":\"ImageObject\",\"inLanguage\":\"hu\",\"@id\":\"\\\/\\\/www.gravatar.com\\\/avatar\\\/d8d45f8901aadff40a4af72c0b826f1d?s=96&#038;r=g&#038;d=mm\",\"url\":\"\\\/\\\/www.gravatar.com\\\/avatar\\\/d8d45f8901aadff40a4af72c0b826f1d?s=96&#038;r=g&#038;d=mm\",\"contentUrl\":\"\\\/\\\/www.gravatar.com\\\/avatar\\\/d8d45f8901aadff40a4af72c0b826f1d?s=96&#038;r=g&#038;d=mm\",\"caption\":\"dorogimedence.hu\"}}]}<\/script>\n<!-- \/ Yoast SEO plugin. -->","yoast_head_json":{"title":"Lakc\u00edmbejelent\u00e9s: febru\u00e1rt\u00f3l jelent\u0151s v\u00e1ltoz\u00e1s l\u00e9p \u00e9letbe","robots":{"index":"index","follow":"follow","max-snippet":"max-snippet:-1","max-image-preview":"max-image-preview:large","max-video-preview":"max-video-preview:-1"},"canonical":"https:\/\/dorogimedence.hu\/index.php\/2025\/01\/31\/lakcimbejelentes-februartol-jelentos-valtozas-lep-eletbe\/","og_locale":"hu_HU","og_type":"article","og_title":"Lakc\u00edmbejelent\u00e9s: febru\u00e1rt\u00f3l jelent\u0151s v\u00e1ltoz\u00e1s l\u00e9p \u00e9letbe","og_description":"Febru\u00e1r 1-j\u00e9t\u0151l m\u00f3dosul a lakc\u00edmbejelent\u00e9ssel kapcsolatos \u00fcgyint\u00e9z\u00e9s rendje, amely \u00e9rinti a lakc\u00edmk\u00e1rtya ki\u00e1ll\u00edt\u00e1s\u00e1t \u00e9s az adatm\u00f3dos\u00edt\u00e1sokat &#8211; az erre vonatkoz\u00f3 felh\u00edv\u00e1st a napokban tette k\u00f6zz\u00e9 t\u00f6bb telep\u00fcl\u00e9si \u00f6nkorm\u00e1nyzat. A polg\u00e1rok szem\u00e9lyi adatainak \u00e9s lakc\u00edm\u00e9nek nyilv\u00e1ntart\u00e1s\u00e1r\u00f3l sz\u00f3l\u00f3 1992. \u00e9vi LXVI. tv. (Nytv.) 26. \u00a7 (1) bekezd\u00e9s alapj\u00e1n a Magyarorsz\u00e1g ter\u00fclet\u00e9n \u00e9l\u0151, e t\u00f6rv\u00e9ny hat\u00e1lya al\u00e1 tartoz\u00f3","og_url":"https:\/\/dorogimedence.hu\/index.php\/2025\/01\/31\/lakcimbejelentes-februartol-jelentos-valtozas-lep-eletbe\/","og_site_name":"Dorogi-medence Region\u00e1lis H\u00edrport\u00e1l","article_publisher":"https:\/\/www.facebook.com\/dorogimedence\/","article_published_time":"2025-01-31T11:47:05+00:00","article_modified_time":"2025-01-31T12:19:29+00:00","og_image":[{"width":2560,"height":1596,"url":"https:\/\/dorogimedence.hu\/wp-content\/uploads\/2024\/01\/kormanyablak-scaled.jpg","type":"image\/jpeg"}],"author":"dorogimedence.hu","twitter_card":"summary_large_image","twitter_misc":{"Szerz\u0151:":"dorogimedence.hu","Becs\u00fclt olvas\u00e1si id\u0151":"9 perc"},"schema":{"@context":"https:\/\/schema.org","@graph":[{"@type":"Article","@id":"https:\/\/dorogimedence.hu\/index.php\/2025\/01\/31\/lakcimbejelentes-februartol-jelentos-valtozas-lep-eletbe\/#article","isPartOf":{"@id":"https:\/\/dorogimedence.hu\/index.php\/2025\/01\/31\/lakcimbejelentes-februartol-jelentos-valtozas-lep-eletbe\/"},"author":{"name":"dorogimedence.hu","@id":"https:\/\/dorogimedence.hu\/#\/schema\/person\/ce6091eeb7e95ecdc87890d6aa8e0fd4"},"headline":"Lakc\u00edmbejelent\u00e9s: febru\u00e1rt\u00f3l jelent\u0151s v\u00e1ltoz\u00e1s l\u00e9p \u00e9letbe","datePublished":"2025-01-31T11:47:05+00:00","dateModified":"2025-01-31T12:19:29+00:00","mainEntityOfPage":{"@id":"https:\/\/dorogimedence.hu\/index.php\/2025\/01\/31\/lakcimbejelentes-februartol-jelentos-valtozas-lep-eletbe\/"},"wordCount":1724,"publisher":{"@id":"https:\/\/dorogimedence.hu\/#organization"},"keywords":["featured","korm\u00e1nyablak","lakc\u00edmk\u00e1rtya","\u00fcgyint\u00e9z\u00e9s"],"articleSection":["Belf\u00f6ld, Gazdas\u00e1g","H\u00edrek"],"inLanguage":"hu"},{"@type":"WebPage","@id":"https:\/\/dorogimedence.hu\/index.php\/2025\/01\/31\/lakcimbejelentes-februartol-jelentos-valtozas-lep-eletbe\/","url":"https:\/\/dorogimedence.hu\/index.php\/2025\/01\/31\/lakcimbejelentes-februartol-jelentos-valtozas-lep-eletbe\/","name":"Lakc\u00edmbejelent\u00e9s: febru\u00e1rt\u00f3l jelent\u0151s v\u00e1ltoz\u00e1s l\u00e9p \u00e9letbe","isPartOf":{"@id":"https:\/\/dorogimedence.hu\/#website"},"datePublished":"2025-01-31T11:47:05+00:00","dateModified":"2025-01-31T12:19:29+00:00","breadcrumb":{"@id":"https:\/\/dorogimedence.hu\/index.php\/2025\/01\/31\/lakcimbejelentes-februartol-jelentos-valtozas-lep-eletbe\/#breadcrumb"},"inLanguage":"hu","potentialAction":[{"@type":"ReadAction","target":["https:\/\/dorogimedence.hu\/index.php\/2025\/01\/31\/lakcimbejelentes-februartol-jelentos-valtozas-lep-eletbe\/"]}]},{"@type":"BreadcrumbList","@id":"https:\/\/dorogimedence.hu\/index.php\/2025\/01\/31\/lakcimbejelentes-februartol-jelentos-valtozas-lep-eletbe\/#breadcrumb","itemListElement":[{"@type":"ListItem","position":1,"name":"Kezd\u0151lap","item":"https:\/\/dorogimedence.hu\/"},{"@type":"ListItem","position":2,"name":"Lakc\u00edmbejelent\u00e9s: febru\u00e1rt\u00f3l jelent\u0151s v\u00e1ltoz\u00e1s l\u00e9p \u00e9letbe"}]},{"@type":"WebSite","@id":"https:\/\/dorogimedence.hu\/#website","url":"https:\/\/dorogimedence.hu\/","name":"Dorogi-medence Region\u00e1lis H\u00edrport\u00e1l","description":"Dorog, Keszt\u00f6lc, Le\u00e1nyv\u00e1r, Piliscs\u00e9v, Tokod, Tokodalt\u00e1r\u00f3, Csolnok, Esztergom-kertv\u00e1ros: h\u00edrek, programok","publisher":{"@id":"https:\/\/dorogimedence.hu\/#organization"},"potentialAction":[{"@type":"SearchAction","target":{"@type":"EntryPoint","urlTemplate":"https:\/\/dorogimedence.hu\/?s={search_term_string}"},"query-input":{"@type":"PropertyValueSpecification","valueRequired":true,"valueName":"search_term_string"}}],"inLanguage":"hu"},{"@type":"Organization","@id":"https:\/\/dorogimedence.hu\/#organization","name":"Dorogi-medence Region\u00e1lis H\u00edrport\u00e1l","url":"https:\/\/dorogimedence.hu\/","logo":{"@type":"ImageObject","inLanguage":"hu","@id":"https:\/\/dorogimedence.hu\/#\/schema\/logo\/image\/","url":"https:\/\/dorogimedence.hu\/wp-content\/uploads\/2021\/04\/logo-feher-600.png","contentUrl":"https:\/\/dorogimedence.hu\/wp-content\/uploads\/2021\/04\/logo-feher-600.png","width":600,"height":100,"caption":"Dorogi-medence Region\u00e1lis H\u00edrport\u00e1l"},"image":{"@id":"https:\/\/dorogimedence.hu\/#\/schema\/logo\/image\/"},"sameAs":["https:\/\/www.facebook.com\/dorogimedence\/"]},{"@type":"Person","@id":"https:\/\/dorogimedence.hu\/#\/schema\/person\/ce6091eeb7e95ecdc87890d6aa8e0fd4","name":"dorogimedence.hu","image":{"@type":"ImageObject","inLanguage":"hu","@id":"\/\/www.gravatar.com\/avatar\/d8d45f8901aadff40a4af72c0b826f1d?s=96&#038;r=g&#038;d=mm","url":"\/\/www.gravatar.com\/avatar\/d8d45f8901aadff40a4af72c0b826f1d?s=96&#038;r=g&#038;d=mm","contentUrl":"\/\/www.gravatar.com\/avatar\/d8d45f8901aadff40a4af72c0b826f1d?s=96&#038;r=g&#038;d=mm","caption":"dorogimedence.hu"}}]}},"_links":{"self":[{"href":"https:\/\/dorogimedence.hu\/index.php\/wp-json\/wp\/v2\/posts\/68522","targetHints":{"allow":["GET"]}}],"collection":[{"href":"https:\/\/dorogimedence.hu\/index.php\/wp-json\/wp\/v2\/posts"}],"about":[{"href":"https:\/\/dorogimedence.hu\/index.php\/wp-json\/wp\/v2\/types\/post"}],"author":[{"embeddable":true,"href":"https:\/\/dorogimedence.hu\/index.php\/wp-json\/wp\/v2\/users\/1"}],"replies":[{"embeddable":true,"href":"https:\/\/dorogimedence.hu\/index.php\/wp-json\/wp\/v2\/comments?post=68522"}],"version-history":[{"count":0,"href":"https:\/\/dorogimedence.hu\/index.php\/wp-json\/wp\/v2\/posts\/68522\/revisions"}],"wp:attachment":[{"href":"https:\/\/dorogimedence.hu\/index.php\/wp-json\/wp\/v2\/media?parent=68522"}],"wp:term":[{"taxonomy":"category","embeddable":true,"href":"https:\/\/dorogimedence.hu\/index.php\/wp-json\/wp\/v2\/categories?post=68522"},{"taxonomy":"post_tag","embeddable":true,"href":"https:\/\/dorogimedence.hu\/index.php\/wp-json\/wp\/v2\/tags?post=68522"}],"curies":[{"name":"wp","href":"https:\/\/api.w.org\/{rel}","templated":true}]}}