{"id":68509,"date":"2025-01-30T14:50:53","date_gmt":"2025-01-30T13:50:53","guid":{"rendered":"https:\/\/dorogimedence.hu\/?p=68509"},"modified":"2025-01-30T14:50:53","modified_gmt":"2025-01-30T13:50:53","slug":"vizsgaztak-a-tevekenysegiranyitok","status":"publish","type":"post","link":"https:\/\/dorogimedence.hu\/index.php\/2025\/01\/30\/vizsgaztak-a-tevekenysegiranyitok\/","title":{"rendered":"Vizsg\u00e1ztak a tev\u00e9kenys\u00e9gir\u00e1ny\u00edt\u00f3k"},"content":{"rendered":"<div class=\"lead-text\">\n<p><strong>Tavaly 4 579 899-szer kerest\u00e9k itthon valamelyik seg\u00e9lyh\u00edv\u00f3 sz\u00e1mot (104, 105, 107, 112). Ezeket 2014 m\u00e1rciusa \u00f3ta a k\u00e9t h\u00edv\u00e1sfogad\u00f3 k\u00f6zpont civil munkat\u00e1rsai kezelik. E 4,6 milli\u00f3 h\u00edv\u00e1s k\u00f6z\u00fcl t\u00f6bb mint 1 milli\u00f3t tov\u00e1bb\u00edtottak a rend\u0151rs\u00e9gi tev\u00e9kenys\u00e9gir\u00e1ny\u00edt\u00e1si k\u00f6zpontokba (TIK). Azaz ennyi esetben \u00edt\u00e9lt\u00e9k meg \u00fagy, hogy a rend\u0151rs\u00e9gnek int\u00e9zkednie kell.<\/strong><\/p>\n<div class=\"body-text\">\n<p>Ugyancsak \u00e9rdekes adat: a t\u00f6bb mint 4,5&nbsp;milli\u00f3 h\u00edv\u00e1s 42&nbsp;sz\u00e1zal\u00e9ka ig\u00e9nyelte a rend\u0151rs\u00e9g, a ment\u0151szolg\u00e1lat vagy a katasztr\u00f3fav\u00e9delem beavatkoz\u00e1s\u00e1t, 14&nbsp;sz\u00e1zal\u00e9k\u00e1t a h\u00edv\u00e1sfogad\u00f3k is meg tudt\u00e1k v\u00e1laszolni, 44&nbsp;sz\u00e1zal\u00e9ka sem inform\u00e1ci\u00f3-, sem k\u00e9szenl\u00e9ti szerv beavatkoz\u00e1s\u00e1ra ir\u00e1nyul\u00f3 k\u00e9r\u00e9st nem tartalmazott, ezek vagy zsebh\u00edv\u00e1sok voltak, vagy a h\u00edv\u00f3 f\u00e9l csup\u00e1n sz\u00f3rakozott azzal, hogy a seg\u00e9lyh\u00edv\u00f3t t\u00e1rcs\u00e1zta. M\u00edg 2023-ban a tev\u00e9kenys\u00e9gir\u00e1ny\u00edt\u00e1si k\u00f6zpontok munkat\u00e1rsai kicsivel t\u00f6bb mint 870&nbsp;ezer esetben k\u00fcldtek rend\u0151rt egy-egy bejelent\u00e9s ellen\u0151rz\u00e9s\u00e9re, addig tavaly a seg\u00e9lyk\u00e9r\u00e9sekre m\u00e1r k\u00f6zel 1&nbsp;milli\u00f3 esetben mozdultak meg a rend\u0151ri er\u0151k.<\/p>\n<p><img fetchpriority=\"high\" decoding=\"async\" class=\"alignnone size-full wp-image-68510\" src=\"https:\/\/dorogimedence.hu\/wp-content\/uploads\/2025\/01\/475769555_643381868213927_181645453452509046_n.jpg\" alt=\"\" width=\"1920\" height=\"1280\" srcset=\"https:\/\/dorogimedence.hu\/wp-content\/uploads\/2025\/01\/475769555_643381868213927_181645453452509046_n.jpg 1920w, https:\/\/dorogimedence.hu\/wp-content\/uploads\/2025\/01\/475769555_643381868213927_181645453452509046_n-600x400.jpg 600w, https:\/\/dorogimedence.hu\/wp-content\/uploads\/2025\/01\/475769555_643381868213927_181645453452509046_n-768x512.jpg 768w, https:\/\/dorogimedence.hu\/wp-content\/uploads\/2025\/01\/475769555_643381868213927_181645453452509046_n-1536x1024.jpg 1536w, https:\/\/dorogimedence.hu\/wp-content\/uploads\/2025\/01\/475769555_643381868213927_181645453452509046_n-150x100.jpg 150w, https:\/\/dorogimedence.hu\/wp-content\/uploads\/2025\/01\/475769555_643381868213927_181645453452509046_n-450x300.jpg 450w, https:\/\/dorogimedence.hu\/wp-content\/uploads\/2025\/01\/475769555_643381868213927_181645453452509046_n-1200x800.jpg 1200w, https:\/\/dorogimedence.hu\/wp-content\/uploads\/2025\/01\/475769555_643381868213927_181645453452509046_n-272x182.jpg 272w\" sizes=\"(max-width: 1920px) 100vw, 1920px\" \/><\/p>\n<p>Felk\u00e9sz\u00fcltnek kell lenni\u00fck teh\u00e1t a h\u00edv\u00e1sfogad\u00f3knak is, valamint a tev\u00e9kenys\u00e9gir\u00e1ny\u00edt\u00e1si k\u00f6zpontok munkat\u00e1rsainak is. Ut\u00f3bbiaknak az\u00e9rt, mert a fontos, beavatkoz\u00e1st ig\u00e9nyl\u0151 seg\u00e9lyk\u00e9r\u00e9seket nekik tov\u00e1bb\u00edtj\u00e1k a h\u00edv\u00e1sfogad\u00f3k. Ahhoz hogy valaki a f\u0151v\u00e1rosi vagy a v\u00e1rmegyei rend\u0151r-f\u0151kapit\u00e1nys\u00e1gok tev\u00e9kenys\u00e9gir\u00e1ny\u00edt\u00e1s\u00e1n\u00e1l vagy egy\u00e9b \u00fcgyeleti szolg\u00e1latn\u00e1l (hat\u00e1rrend\u00e9szeti kirendelts\u00e9g, \u0151rz\u00f6tt sz\u00e1ll\u00e1s, K\u00e9szenl\u00e9ti Rend\u0151rs\u00e9g, Rep\u00fcl\u0151t\u00e9ri Rend\u0151r Igazgat\u00f3s\u00e1g \u00fcgyelete, kapcsolattart\u00e1si szolg\u00e1lati hely) dolgozhasson, el kell v\u00e9geznie az \u00fagynevezett \u201eTIK \u00fcgyeletes szaktanfolyamot\u201d.<\/p>\n<p>A k\u00e9thetes tanfolyam els\u0151 het\u00e9t online form\u00e1ban tartj\u00e1k meg, a m\u00e1sodik h\u00e9ten m\u00e1r szem\u00e9lyesen jelen kell lenni\u00fck a k\u00e9pz\u00e9s r\u00e9sztvev\u0151inek. Megismerkednek a legfontosabb informatikai rendszerek alkalmaz\u00e1s\u00e1val, elm\u00e9leti \u00e9s gyakorlati tud\u00e1sra tesznek szert, hallgatnak k\u00f6r\u00f6z\u00e9si rendszerekkel \u00f6sszef\u00fcgg\u0151 el\u0151ad\u00e1st, szereznek b\u00fcntet\u0151jogi, a gy\u00fclekez\u00e9si joggal kapcsolatos vagy polg\u00e1ri jogi ismereteket, egyebek mellett ell\u00e1togatnak h\u00edv\u00e1sfogad\u00f3 \u00e9s tev\u00e9kenys\u00e9gir\u00e1ny\u00edt\u00e1si k\u00f6zpontba, a tanfolyam v\u00e9g\u00e9n pedig a Rend\u0151rs\u00e9gi Oktat\u00e1si \u00e9s Kik\u00e9pz\u0151 K\u00f6zpont dunakeszi b\u00e1zis\u00e1n vizsg\u00e1znak. Az utols\u00f3 megm\u00e9rettet\u00e9sre n\u00e9h\u00e1ny napja ker\u00fclt sor, ez\u00fattal 14-en adtak sz\u00e1mot tud\u00e1sukr\u00f3l, tavaly hat k\u00e9pz\u00e9sen \u00f6sszesen 184-en vettek r\u00e9szt.<\/p>\n<p><em>Forr\u00e1s: T. Z. \/ Zsaru Magazin \/ police.hu<\/em><br \/>\n<em>Fot\u00f3k: F\u00fcl\u00f6p M\u00e1t\u00e9<\/em><\/p>\n<\/div>\n<\/div>\n","protected":false},"excerpt":{"rendered":"<p>Tavaly 4 579 899-szer kerest\u00e9k itthon valamelyik seg\u00e9lyh\u00edv\u00f3 sz\u00e1mot (104, 105, 107, 112). Ezeket 2014 m\u00e1rciusa \u00f3ta a k\u00e9t h\u00edv\u00e1sfogad\u00f3 k\u00f6zpont civil munkat\u00e1rsai kezelik. E 4,6 milli\u00f3 h\u00edv\u00e1s k\u00f6z\u00fcl t\u00f6bb mint 1 milli\u00f3t tov\u00e1bb\u00edtottak a rend\u0151rs\u00e9gi tev\u00e9kenys\u00e9gir\u00e1ny\u00edt\u00e1si k\u00f6zpontokba (TIK). Azaz ennyi esetben \u00edt\u00e9lt\u00e9k meg \u00fagy, hogy a rend\u0151rs\u00e9gnek int\u00e9zkednie kell. Ugyancsak \u00e9rdekes adat: a t\u00f6bb<\/p>\n","protected":false},"author":1,"featured_media":0,"comment_status":"closed","ping_status":"closed","sticky":false,"template":"","format":"standard","meta":{"ngg_post_thumbnail":0,"footnotes":""},"categories":[3],"tags":[61,8232],"class_list":{"0":"post-68509","1":"post","2":"type-post","3":"status-publish","4":"format-standard","6":"category-hirek","7":"tag-rendorsegi-hirek","8":"tag-tevekenysegiranyito"},"yoast_head":"<!-- This site is optimized with the Yoast SEO plugin v27.5 - https:\/\/yoast.com\/product\/yoast-seo-wordpress\/ -->\n<title>Vizsg\u00e1ztak a tev\u00e9kenys\u00e9gir\u00e1ny\u00edt\u00f3k<\/title>\n<meta name=\"robots\" content=\"index, follow, max-snippet:-1, max-image-preview:large, max-video-preview:-1\" \/>\n<link rel=\"canonical\" href=\"https:\/\/dorogimedence.hu\/index.php\/2025\/01\/30\/vizsgaztak-a-tevekenysegiranyitok\/\" class=\"yoast-seo-meta-tag\" \/>\n<meta property=\"og:locale\" content=\"hu_HU\" class=\"yoast-seo-meta-tag\" \/>\n<meta property=\"og:type\" content=\"article\" class=\"yoast-seo-meta-tag\" \/>\n<meta property=\"og:title\" content=\"Vizsg\u00e1ztak a tev\u00e9kenys\u00e9gir\u00e1ny\u00edt\u00f3k\" class=\"yoast-seo-meta-tag\" \/>\n<meta property=\"og:description\" content=\"Tavaly 4 579 899-szer kerest\u00e9k itthon valamelyik seg\u00e9lyh\u00edv\u00f3 sz\u00e1mot (104, 105, 107, 112). Ezeket 2014 m\u00e1rciusa \u00f3ta a k\u00e9t h\u00edv\u00e1sfogad\u00f3 k\u00f6zpont civil munkat\u00e1rsai kezelik. E 4,6 milli\u00f3 h\u00edv\u00e1s k\u00f6z\u00fcl t\u00f6bb mint 1 milli\u00f3t tov\u00e1bb\u00edtottak a rend\u0151rs\u00e9gi tev\u00e9kenys\u00e9gir\u00e1ny\u00edt\u00e1si k\u00f6zpontokba (TIK). Azaz ennyi esetben \u00edt\u00e9lt\u00e9k meg \u00fagy, hogy a rend\u0151rs\u00e9gnek int\u00e9zkednie kell. Ugyancsak \u00e9rdekes adat: a t\u00f6bb\" class=\"yoast-seo-meta-tag\" \/>\n<meta property=\"og:url\" content=\"https:\/\/dorogimedence.hu\/index.php\/2025\/01\/30\/vizsgaztak-a-tevekenysegiranyitok\/\" class=\"yoast-seo-meta-tag\" \/>\n<meta property=\"og:site_name\" content=\"Dorogi-medence Region\u00e1lis H\u00edrport\u00e1l\" class=\"yoast-seo-meta-tag\" \/>\n<meta property=\"article:publisher\" content=\"https:\/\/www.facebook.com\/dorogimedence\/\" class=\"yoast-seo-meta-tag\" \/>\n<meta property=\"article:published_time\" content=\"2025-01-30T13:50:53+00:00\" class=\"yoast-seo-meta-tag\" \/>\n<meta property=\"og:image\" content=\"https:\/\/dorogimedence.hu\/wp-content\/uploads\/2025\/01\/475886582_643381898213924_3077472971896419782_n.jpg\" class=\"yoast-seo-meta-tag\" \/>\n\t<meta property=\"og:image:width\" content=\"1920\" class=\"yoast-seo-meta-tag\" \/>\n\t<meta property=\"og:image:height\" content=\"1280\" class=\"yoast-seo-meta-tag\" \/>\n\t<meta property=\"og:image:type\" content=\"image\/jpeg\" class=\"yoast-seo-meta-tag\" \/>\n<meta name=\"author\" content=\"dorogimedence.hu\" class=\"yoast-seo-meta-tag\" \/>\n<meta name=\"twitter:card\" content=\"summary_large_image\" class=\"yoast-seo-meta-tag\" \/>\n<meta name=\"twitter:label1\" content=\"Szerz\u0151:\" class=\"yoast-seo-meta-tag\" \/>\n\t<meta name=\"twitter:data1\" content=\"dorogimedence.hu\" class=\"yoast-seo-meta-tag\" \/>\n\t<meta name=\"twitter:label2\" content=\"Becs\u00fclt olvas\u00e1si id\u0151\" class=\"yoast-seo-meta-tag\" \/>\n\t<meta name=\"twitter:data2\" content=\"3 perc\" class=\"yoast-seo-meta-tag\" \/>\n<script type=\"application\/ld+json\" class=\"yoast-schema-graph\">{\"@context\":\"https:\\\/\\\/schema.org\",\"@graph\":[{\"@type\":\"Article\",\"@id\":\"https:\\\/\\\/dorogimedence.hu\\\/index.php\\\/2025\\\/01\\\/30\\\/vizsgaztak-a-tevekenysegiranyitok\\\/#article\",\"isPartOf\":{\"@id\":\"https:\\\/\\\/dorogimedence.hu\\\/index.php\\\/2025\\\/01\\\/30\\\/vizsgaztak-a-tevekenysegiranyitok\\\/\"},\"author\":{\"name\":\"dorogimedence.hu\",\"@id\":\"https:\\\/\\\/dorogimedence.hu\\\/#\\\/schema\\\/person\\\/ce6091eeb7e95ecdc87890d6aa8e0fd4\"},\"headline\":\"Vizsg\u00e1ztak a tev\u00e9kenys\u00e9gir\u00e1ny\u00edt\u00f3k\",\"datePublished\":\"2025-01-30T13:50:53+00:00\",\"mainEntityOfPage\":{\"@id\":\"https:\\\/\\\/dorogimedence.hu\\\/index.php\\\/2025\\\/01\\\/30\\\/vizsgaztak-a-tevekenysegiranyitok\\\/\"},\"wordCount\":517,\"publisher\":{\"@id\":\"https:\\\/\\\/dorogimedence.hu\\\/#organization\"},\"image\":{\"@id\":\"https:\\\/\\\/dorogimedence.hu\\\/index.php\\\/2025\\\/01\\\/30\\\/vizsgaztak-a-tevekenysegiranyitok\\\/#primaryimage\"},\"thumbnailUrl\":\"https:\\\/\\\/dorogimedence.hu\\\/wp-content\\\/uploads\\\/2025\\\/01\\\/475769555_643381868213927_181645453452509046_n.jpg\",\"keywords\":[\"rend\u0151rs\u00e9gi h\u00edrek\",\"tev\u00e9kenys\u00e9gir\u00e1ny\u00edt\u00f3\"],\"articleSection\":[\"H\u00edrek\"],\"inLanguage\":\"hu\"},{\"@type\":\"WebPage\",\"@id\":\"https:\\\/\\\/dorogimedence.hu\\\/index.php\\\/2025\\\/01\\\/30\\\/vizsgaztak-a-tevekenysegiranyitok\\\/\",\"url\":\"https:\\\/\\\/dorogimedence.hu\\\/index.php\\\/2025\\\/01\\\/30\\\/vizsgaztak-a-tevekenysegiranyitok\\\/\",\"name\":\"Vizsg\u00e1ztak a tev\u00e9kenys\u00e9gir\u00e1ny\u00edt\u00f3k\",\"isPartOf\":{\"@id\":\"https:\\\/\\\/dorogimedence.hu\\\/#website\"},\"primaryImageOfPage\":{\"@id\":\"https:\\\/\\\/dorogimedence.hu\\\/index.php\\\/2025\\\/01\\\/30\\\/vizsgaztak-a-tevekenysegiranyitok\\\/#primaryimage\"},\"image\":{\"@id\":\"https:\\\/\\\/dorogimedence.hu\\\/index.php\\\/2025\\\/01\\\/30\\\/vizsgaztak-a-tevekenysegiranyitok\\\/#primaryimage\"},\"thumbnailUrl\":\"https:\\\/\\\/dorogimedence.hu\\\/wp-content\\\/uploads\\\/2025\\\/01\\\/475769555_643381868213927_181645453452509046_n.jpg\",\"datePublished\":\"2025-01-30T13:50:53+00:00\",\"breadcrumb\":{\"@id\":\"https:\\\/\\\/dorogimedence.hu\\\/index.php\\\/2025\\\/01\\\/30\\\/vizsgaztak-a-tevekenysegiranyitok\\\/#breadcrumb\"},\"inLanguage\":\"hu\",\"potentialAction\":[{\"@type\":\"ReadAction\",\"target\":[\"https:\\\/\\\/dorogimedence.hu\\\/index.php\\\/2025\\\/01\\\/30\\\/vizsgaztak-a-tevekenysegiranyitok\\\/\"]}]},{\"@type\":\"ImageObject\",\"inLanguage\":\"hu\",\"@id\":\"https:\\\/\\\/dorogimedence.hu\\\/index.php\\\/2025\\\/01\\\/30\\\/vizsgaztak-a-tevekenysegiranyitok\\\/#primaryimage\",\"url\":\"https:\\\/\\\/dorogimedence.hu\\\/wp-content\\\/uploads\\\/2025\\\/01\\\/475769555_643381868213927_181645453452509046_n.jpg\",\"contentUrl\":\"https:\\\/\\\/dorogimedence.hu\\\/wp-content\\\/uploads\\\/2025\\\/01\\\/475769555_643381868213927_181645453452509046_n.jpg\",\"width\":1920,\"height\":1280},{\"@type\":\"BreadcrumbList\",\"@id\":\"https:\\\/\\\/dorogimedence.hu\\\/index.php\\\/2025\\\/01\\\/30\\\/vizsgaztak-a-tevekenysegiranyitok\\\/#breadcrumb\",\"itemListElement\":[{\"@type\":\"ListItem\",\"position\":1,\"name\":\"Kezd\u0151lap\",\"item\":\"https:\\\/\\\/dorogimedence.hu\\\/\"},{\"@type\":\"ListItem\",\"position\":2,\"name\":\"Vizsg\u00e1ztak a tev\u00e9kenys\u00e9gir\u00e1ny\u00edt\u00f3k\"}]},{\"@type\":\"WebSite\",\"@id\":\"https:\\\/\\\/dorogimedence.hu\\\/#website\",\"url\":\"https:\\\/\\\/dorogimedence.hu\\\/\",\"name\":\"Dorogi-medence Region\u00e1lis H\u00edrport\u00e1l\",\"description\":\"Dorog, Keszt\u00f6lc, Le\u00e1nyv\u00e1r, Piliscs\u00e9v, Tokod, Tokodalt\u00e1r\u00f3, Csolnok, Esztergom-kertv\u00e1ros: h\u00edrek, programok\",\"publisher\":{\"@id\":\"https:\\\/\\\/dorogimedence.hu\\\/#organization\"},\"potentialAction\":[{\"@type\":\"SearchAction\",\"target\":{\"@type\":\"EntryPoint\",\"urlTemplate\":\"https:\\\/\\\/dorogimedence.hu\\\/?s={search_term_string}\"},\"query-input\":{\"@type\":\"PropertyValueSpecification\",\"valueRequired\":true,\"valueName\":\"search_term_string\"}}],\"inLanguage\":\"hu\"},{\"@type\":\"Organization\",\"@id\":\"https:\\\/\\\/dorogimedence.hu\\\/#organization\",\"name\":\"Dorogi-medence Region\u00e1lis H\u00edrport\u00e1l\",\"url\":\"https:\\\/\\\/dorogimedence.hu\\\/\",\"logo\":{\"@type\":\"ImageObject\",\"inLanguage\":\"hu\",\"@id\":\"https:\\\/\\\/dorogimedence.hu\\\/#\\\/schema\\\/logo\\\/image\\\/\",\"url\":\"https:\\\/\\\/dorogimedence.hu\\\/wp-content\\\/uploads\\\/2021\\\/04\\\/logo-feher-600.png\",\"contentUrl\":\"https:\\\/\\\/dorogimedence.hu\\\/wp-content\\\/uploads\\\/2021\\\/04\\\/logo-feher-600.png\",\"width\":600,\"height\":100,\"caption\":\"Dorogi-medence Region\u00e1lis H\u00edrport\u00e1l\"},\"image\":{\"@id\":\"https:\\\/\\\/dorogimedence.hu\\\/#\\\/schema\\\/logo\\\/image\\\/\"},\"sameAs\":[\"https:\\\/\\\/www.facebook.com\\\/dorogimedence\\\/\"]},{\"@type\":\"Person\",\"@id\":\"https:\\\/\\\/dorogimedence.hu\\\/#\\\/schema\\\/person\\\/ce6091eeb7e95ecdc87890d6aa8e0fd4\",\"name\":\"dorogimedence.hu\",\"image\":{\"@type\":\"ImageObject\",\"inLanguage\":\"hu\",\"@id\":\"\\\/\\\/www.gravatar.com\\\/avatar\\\/d8d45f8901aadff40a4af72c0b826f1d?s=96&#038;r=g&#038;d=mm\",\"url\":\"\\\/\\\/www.gravatar.com\\\/avatar\\\/d8d45f8901aadff40a4af72c0b826f1d?s=96&#038;r=g&#038;d=mm\",\"contentUrl\":\"\\\/\\\/www.gravatar.com\\\/avatar\\\/d8d45f8901aadff40a4af72c0b826f1d?s=96&#038;r=g&#038;d=mm\",\"caption\":\"dorogimedence.hu\"}}]}<\/script>\n<!-- \/ Yoast SEO plugin. -->","yoast_head_json":{"title":"Vizsg\u00e1ztak a tev\u00e9kenys\u00e9gir\u00e1ny\u00edt\u00f3k","robots":{"index":"index","follow":"follow","max-snippet":"max-snippet:-1","max-image-preview":"max-image-preview:large","max-video-preview":"max-video-preview:-1"},"canonical":"https:\/\/dorogimedence.hu\/index.php\/2025\/01\/30\/vizsgaztak-a-tevekenysegiranyitok\/","og_locale":"hu_HU","og_type":"article","og_title":"Vizsg\u00e1ztak a tev\u00e9kenys\u00e9gir\u00e1ny\u00edt\u00f3k","og_description":"Tavaly 4 579 899-szer kerest\u00e9k itthon valamelyik seg\u00e9lyh\u00edv\u00f3 sz\u00e1mot (104, 105, 107, 112). Ezeket 2014 m\u00e1rciusa \u00f3ta a k\u00e9t h\u00edv\u00e1sfogad\u00f3 k\u00f6zpont civil munkat\u00e1rsai kezelik. E 4,6 milli\u00f3 h\u00edv\u00e1s k\u00f6z\u00fcl t\u00f6bb mint 1 milli\u00f3t tov\u00e1bb\u00edtottak a rend\u0151rs\u00e9gi tev\u00e9kenys\u00e9gir\u00e1ny\u00edt\u00e1si k\u00f6zpontokba (TIK). Azaz ennyi esetben \u00edt\u00e9lt\u00e9k meg \u00fagy, hogy a rend\u0151rs\u00e9gnek int\u00e9zkednie kell. Ugyancsak \u00e9rdekes adat: a t\u00f6bb","og_url":"https:\/\/dorogimedence.hu\/index.php\/2025\/01\/30\/vizsgaztak-a-tevekenysegiranyitok\/","og_site_name":"Dorogi-medence Region\u00e1lis H\u00edrport\u00e1l","article_publisher":"https:\/\/www.facebook.com\/dorogimedence\/","article_published_time":"2025-01-30T13:50:53+00:00","og_image":[{"width":1920,"height":1280,"url":"https:\/\/dorogimedence.hu\/wp-content\/uploads\/2025\/01\/475886582_643381898213924_3077472971896419782_n.jpg","type":"image\/jpeg"}],"author":"dorogimedence.hu","twitter_card":"summary_large_image","twitter_misc":{"Szerz\u0151:":"dorogimedence.hu","Becs\u00fclt olvas\u00e1si id\u0151":"3 perc"},"schema":{"@context":"https:\/\/schema.org","@graph":[{"@type":"Article","@id":"https:\/\/dorogimedence.hu\/index.php\/2025\/01\/30\/vizsgaztak-a-tevekenysegiranyitok\/#article","isPartOf":{"@id":"https:\/\/dorogimedence.hu\/index.php\/2025\/01\/30\/vizsgaztak-a-tevekenysegiranyitok\/"},"author":{"name":"dorogimedence.hu","@id":"https:\/\/dorogimedence.hu\/#\/schema\/person\/ce6091eeb7e95ecdc87890d6aa8e0fd4"},"headline":"Vizsg\u00e1ztak a tev\u00e9kenys\u00e9gir\u00e1ny\u00edt\u00f3k","datePublished":"2025-01-30T13:50:53+00:00","mainEntityOfPage":{"@id":"https:\/\/dorogimedence.hu\/index.php\/2025\/01\/30\/vizsgaztak-a-tevekenysegiranyitok\/"},"wordCount":517,"publisher":{"@id":"https:\/\/dorogimedence.hu\/#organization"},"image":{"@id":"https:\/\/dorogimedence.hu\/index.php\/2025\/01\/30\/vizsgaztak-a-tevekenysegiranyitok\/#primaryimage"},"thumbnailUrl":"https:\/\/dorogimedence.hu\/wp-content\/uploads\/2025\/01\/475769555_643381868213927_181645453452509046_n.jpg","keywords":["rend\u0151rs\u00e9gi h\u00edrek","tev\u00e9kenys\u00e9gir\u00e1ny\u00edt\u00f3"],"articleSection":["H\u00edrek"],"inLanguage":"hu"},{"@type":"WebPage","@id":"https:\/\/dorogimedence.hu\/index.php\/2025\/01\/30\/vizsgaztak-a-tevekenysegiranyitok\/","url":"https:\/\/dorogimedence.hu\/index.php\/2025\/01\/30\/vizsgaztak-a-tevekenysegiranyitok\/","name":"Vizsg\u00e1ztak a tev\u00e9kenys\u00e9gir\u00e1ny\u00edt\u00f3k","isPartOf":{"@id":"https:\/\/dorogimedence.hu\/#website"},"primaryImageOfPage":{"@id":"https:\/\/dorogimedence.hu\/index.php\/2025\/01\/30\/vizsgaztak-a-tevekenysegiranyitok\/#primaryimage"},"image":{"@id":"https:\/\/dorogimedence.hu\/index.php\/2025\/01\/30\/vizsgaztak-a-tevekenysegiranyitok\/#primaryimage"},"thumbnailUrl":"https:\/\/dorogimedence.hu\/wp-content\/uploads\/2025\/01\/475769555_643381868213927_181645453452509046_n.jpg","datePublished":"2025-01-30T13:50:53+00:00","breadcrumb":{"@id":"https:\/\/dorogimedence.hu\/index.php\/2025\/01\/30\/vizsgaztak-a-tevekenysegiranyitok\/#breadcrumb"},"inLanguage":"hu","potentialAction":[{"@type":"ReadAction","target":["https:\/\/dorogimedence.hu\/index.php\/2025\/01\/30\/vizsgaztak-a-tevekenysegiranyitok\/"]}]},{"@type":"ImageObject","inLanguage":"hu","@id":"https:\/\/dorogimedence.hu\/index.php\/2025\/01\/30\/vizsgaztak-a-tevekenysegiranyitok\/#primaryimage","url":"https:\/\/dorogimedence.hu\/wp-content\/uploads\/2025\/01\/475769555_643381868213927_181645453452509046_n.jpg","contentUrl":"https:\/\/dorogimedence.hu\/wp-content\/uploads\/2025\/01\/475769555_643381868213927_181645453452509046_n.jpg","width":1920,"height":1280},{"@type":"BreadcrumbList","@id":"https:\/\/dorogimedence.hu\/index.php\/2025\/01\/30\/vizsgaztak-a-tevekenysegiranyitok\/#breadcrumb","itemListElement":[{"@type":"ListItem","position":1,"name":"Kezd\u0151lap","item":"https:\/\/dorogimedence.hu\/"},{"@type":"ListItem","position":2,"name":"Vizsg\u00e1ztak a tev\u00e9kenys\u00e9gir\u00e1ny\u00edt\u00f3k"}]},{"@type":"WebSite","@id":"https:\/\/dorogimedence.hu\/#website","url":"https:\/\/dorogimedence.hu\/","name":"Dorogi-medence Region\u00e1lis H\u00edrport\u00e1l","description":"Dorog, Keszt\u00f6lc, Le\u00e1nyv\u00e1r, Piliscs\u00e9v, Tokod, Tokodalt\u00e1r\u00f3, Csolnok, Esztergom-kertv\u00e1ros: h\u00edrek, programok","publisher":{"@id":"https:\/\/dorogimedence.hu\/#organization"},"potentialAction":[{"@type":"SearchAction","target":{"@type":"EntryPoint","urlTemplate":"https:\/\/dorogimedence.hu\/?s={search_term_string}"},"query-input":{"@type":"PropertyValueSpecification","valueRequired":true,"valueName":"search_term_string"}}],"inLanguage":"hu"},{"@type":"Organization","@id":"https:\/\/dorogimedence.hu\/#organization","name":"Dorogi-medence Region\u00e1lis H\u00edrport\u00e1l","url":"https:\/\/dorogimedence.hu\/","logo":{"@type":"ImageObject","inLanguage":"hu","@id":"https:\/\/dorogimedence.hu\/#\/schema\/logo\/image\/","url":"https:\/\/dorogimedence.hu\/wp-content\/uploads\/2021\/04\/logo-feher-600.png","contentUrl":"https:\/\/dorogimedence.hu\/wp-content\/uploads\/2021\/04\/logo-feher-600.png","width":600,"height":100,"caption":"Dorogi-medence Region\u00e1lis H\u00edrport\u00e1l"},"image":{"@id":"https:\/\/dorogimedence.hu\/#\/schema\/logo\/image\/"},"sameAs":["https:\/\/www.facebook.com\/dorogimedence\/"]},{"@type":"Person","@id":"https:\/\/dorogimedence.hu\/#\/schema\/person\/ce6091eeb7e95ecdc87890d6aa8e0fd4","name":"dorogimedence.hu","image":{"@type":"ImageObject","inLanguage":"hu","@id":"\/\/www.gravatar.com\/avatar\/d8d45f8901aadff40a4af72c0b826f1d?s=96&#038;r=g&#038;d=mm","url":"\/\/www.gravatar.com\/avatar\/d8d45f8901aadff40a4af72c0b826f1d?s=96&#038;r=g&#038;d=mm","contentUrl":"\/\/www.gravatar.com\/avatar\/d8d45f8901aadff40a4af72c0b826f1d?s=96&#038;r=g&#038;d=mm","caption":"dorogimedence.hu"}}]}},"_links":{"self":[{"href":"https:\/\/dorogimedence.hu\/index.php\/wp-json\/wp\/v2\/posts\/68509","targetHints":{"allow":["GET"]}}],"collection":[{"href":"https:\/\/dorogimedence.hu\/index.php\/wp-json\/wp\/v2\/posts"}],"about":[{"href":"https:\/\/dorogimedence.hu\/index.php\/wp-json\/wp\/v2\/types\/post"}],"author":[{"embeddable":true,"href":"https:\/\/dorogimedence.hu\/index.php\/wp-json\/wp\/v2\/users\/1"}],"replies":[{"embeddable":true,"href":"https:\/\/dorogimedence.hu\/index.php\/wp-json\/wp\/v2\/comments?post=68509"}],"version-history":[{"count":0,"href":"https:\/\/dorogimedence.hu\/index.php\/wp-json\/wp\/v2\/posts\/68509\/revisions"}],"wp:attachment":[{"href":"https:\/\/dorogimedence.hu\/index.php\/wp-json\/wp\/v2\/media?parent=68509"}],"wp:term":[{"taxonomy":"category","embeddable":true,"href":"https:\/\/dorogimedence.hu\/index.php\/wp-json\/wp\/v2\/categories?post=68509"},{"taxonomy":"post_tag","embeddable":true,"href":"https:\/\/dorogimedence.hu\/index.php\/wp-json\/wp\/v2\/tags?post=68509"}],"curies":[{"name":"wp","href":"https:\/\/api.w.org\/{rel}","templated":true}]}}