{"id":68497,"date":"2025-01-30T14:06:36","date_gmt":"2025-01-30T13:06:36","guid":{"rendered":"https:\/\/dorogimedence.hu\/?p=68497"},"modified":"2025-01-30T14:06:36","modified_gmt":"2025-01-30T13:06:36","slug":"hova-tuntek-a-madarak-miert-ures-sok-eteto","status":"publish","type":"post","link":"https:\/\/dorogimedence.hu\/index.php\/2025\/01\/30\/hova-tuntek-a-madarak-miert-ures-sok-eteto\/","title":{"rendered":"Hova t\u0171ntek a madarak, mi\u00e9rt \u00fcres sok etet\u0151?"},"content":{"rendered":"<p><strong>A Magyar Mad\u00e1rtani \u00e9s Term\u00e9szetv\u00e9delmi Egyes\u00fclethez (MME) sz\u00e1mos k\u00e9rd\u00e9s \u00e9rkezett az elm\u00falt hetekben azzal kapcsolatban, hogy mi\u00e9rt nincsenek madarak az etet\u0151k\u00f6n? A jelens\u00e9g h\u00e1tter\u00e9ben a mad\u00e1rvonul\u00e1s, illetve az Eur\u00f3pa \u00e9szaki \u00e9s k\u00f6z\u00e9ps\u0151 r\u00e9gi\u00f3iban tapasztalhat\u00f3 enyhe, h\u00f3mentes id\u0151j\u00e1r\u00e1s egy\u00fcttes hat\u00e1sa \u00e1ll.<br \/>\n<\/strong><\/p>\n<p>Az ut\u00f3bbi \u00e9vekben Eur\u00e1zsia \u00e9szaki t\u00e9rs\u00e9geiben is k\u00e9sik, illetve a kl\u00edmav\u00e1ltoz\u00e1s el\u0151tti id\u0151szakhoz k\u00e9pest j\u00f3val enyh\u00e9bb, h\u00f3mentesebb a t\u00e9l, ez\u00e9rt a h\u00f3 el\u0151l d\u00e9lebbre h\u00faz\u00f3d\u00f3 \u00e9nekesmad\u00e1r-csapatok is k\u00e9s\u0151bb vagy kisebb sz\u00e1mban \u00e9rkezhetnek a K\u00e1rp\u00e1t-medenc\u00e9be, k\u00e9snek vagy elmaradnak az inv\u00e1zi\u00f3s fajok (feny\u0151rig\u00f3, feny\u0151pinty, csonttoll\u00fa, keresztcs\u0151r\u0171).<\/p>\n<p>A mad\u00e1rhi\u00e1nynak ezt az \u00e9rz\u00e9s\u00e9t tov\u00e1bb fokozza, hogy a Magyarorsz\u00e1gra is jellemz\u0151 enyhe, fagy- \u00e9s h\u00f3mentes k\u00e9s\u0151 \u0151sz\u00f6k\u00f6n \u00e9s teleken a madarak k\u00f6nnyebben tal\u00e1lnak t\u00e1pl\u00e1l\u00e9kot, ez\u00e9rt kev\u00e9sb\u00e9 h\u00faz\u00f3dnak be a lakott ter\u00fcletekre.<\/p>\n<p>A jelens\u00e9g harmadik \u00f6sszetev\u0151j\u00e9t az \u0151szi mad\u00e1rvonul\u00e1s jelenti. Az etet\u00e9si id\u0151szak november-decemberi kezdetekor a hazai vonul\u00f3k \u00e9s r\u00e9szleges vonul\u00f3k (p\u00e9ld\u00e1ul: fekete rig\u00f3, v\u00f6r\u00f6sbegy, erdei pinty, \u00e9nekes rig\u00f3) m\u00e1r elhagyt\u00e1k az orsz\u00e1got.<\/p>\n<p>V\u00e9g\u00fcl, de nem utols\u00f3 sorban a Magyarorsz\u00e1gon tart\u00f3zkod\u00f3 \u00e9nekesmadarak \u00e1ltal\u00e1nos t\u00fal\u00e9l\u00e9si viselked\u00e9se, hogy a k\u00f6zeled\u0151 hidegfront el\u0151l (amit egy-k\u00e9t nappal kor\u00e1bban, ak\u00e1r ezer kilom\u00e9tern\u00e9l is nagyobb t\u00e1vols\u00e1gr\u00f3l \u00e9rz\u00e9kelnek) szinte egyszerre a d\u00e9lebbi orsz\u00e1gokba h\u00faz\u00f3dnak.<\/p>\n<p>Ennek a n\u00e9gy hat\u00e1snak &#8211; k\u00e9s\u0151 vagy kimarad\u00f3 \u00e9szaki vonul\u00f3k \u00e9s d\u00e9lre h\u00faz\u00f3d\u00f3 hazai telel\u0151k &#8211; az egy\u00fcttese okozza azt az \u00e9rz\u00e9st, hogy az orsz\u00e1g szinte sz\u00f3 szerint ki\u00fcr\u00fcl, nemhogy l\u00e1tni, hallani is alig lehet az \u00e9nekesmadarak jelz\u0151hangjait, \u00e9s az etet\u0151k jelent\u0151s r\u00e9sze kong az \u00fcress\u00e9gt\u0151l vagy a megszokotthoz k\u00e9pest kevesebb mad\u00e1r \u00e9s faj jelenik csak meg a kihelyezett \u00e9lelmen.<\/p>\n<p>Az etet\u0151ket l\u00e1togat\u00f3 madarak viselked\u00e9s\u00e9nek nemcsak ilyen \u00e9venk\u00e9nti elt\u00e9r\u00e9sei vannak, a bioritmus egy-egy \u00e9vadon, s\u0151t egy-egy \u00f3r\u00e1n bel\u00fcl is jelent\u0151sen elt\u00e9r\u0151 lehet, amir\u0151l <span style=\"text-decoration: underline; color: #0000ff;\"><a style=\"color: #0000ff; text-decoration: underline;\" href=\"https:\/\/www.mme.hu\/a_madarak_etetolatogatasi_szokasai\" target=\"_blank\" rel=\"noopener\">r\u00e9szletesen lehet olvasni itt &gt;&gt;<\/a><\/span><\/p>\n","protected":false},"excerpt":{"rendered":"<p>A Magyar Mad\u00e1rtani \u00e9s Term\u00e9szetv\u00e9delmi Egyes\u00fclethez (MME) sz\u00e1mos k\u00e9rd\u00e9s \u00e9rkezett az elm\u00falt hetekben azzal kapcsolatban, hogy mi\u00e9rt nincsenek madarak az etet\u0151k\u00f6n? A jelens\u00e9g h\u00e1tter\u00e9ben a mad\u00e1rvonul\u00e1s, illetve az Eur\u00f3pa \u00e9szaki \u00e9s k\u00f6z\u00e9ps\u0151 r\u00e9gi\u00f3iban tapasztalhat\u00f3 enyhe, h\u00f3mentes id\u0151j\u00e1r\u00e1s egy\u00fcttes hat\u00e1sa \u00e1ll. Az ut\u00f3bbi \u00e9vekben Eur\u00e1zsia \u00e9szaki t\u00e9rs\u00e9geiben is k\u00e9sik, illetve a kl\u00edmav\u00e1ltoz\u00e1s el\u0151tti id\u0151szakhoz k\u00e9pest j\u00f3val<\/p>\n","protected":false},"author":1,"featured_media":68498,"comment_status":"closed","ping_status":"closed","sticky":false,"template":"","format":"standard","meta":{"ngg_post_thumbnail":0,"footnotes":""},"categories":[3,6948],"tags":[8231,7325],"class_list":{"0":"post-68497","1":"post","2":"type-post","3":"status-publish","4":"format-standard","5":"has-post-thumbnail","7":"category-hirek","8":"category-szines","9":"tag-madareteto","10":"tag-mme"},"yoast_head":"<!-- This site is optimized with the Yoast SEO plugin v27.4 - https:\/\/yoast.com\/product\/yoast-seo-wordpress\/ -->\n<title>Hova t\u0171ntek a madarak, mi\u00e9rt \u00fcres sok etet\u0151?<\/title>\n<meta name=\"robots\" content=\"index, follow, max-snippet:-1, max-image-preview:large, max-video-preview:-1\" \/>\n<link rel=\"canonical\" href=\"https:\/\/dorogimedence.hu\/index.php\/2025\/01\/30\/hova-tuntek-a-madarak-miert-ures-sok-eteto\/\" class=\"yoast-seo-meta-tag\" \/>\n<meta property=\"og:locale\" content=\"hu_HU\" class=\"yoast-seo-meta-tag\" \/>\n<meta property=\"og:type\" content=\"article\" class=\"yoast-seo-meta-tag\" \/>\n<meta property=\"og:title\" content=\"Hova t\u0171ntek a madarak, mi\u00e9rt \u00fcres sok etet\u0151?\" class=\"yoast-seo-meta-tag\" \/>\n<meta property=\"og:description\" content=\"A Magyar Mad\u00e1rtani \u00e9s Term\u00e9szetv\u00e9delmi Egyes\u00fclethez (MME) sz\u00e1mos k\u00e9rd\u00e9s \u00e9rkezett az elm\u00falt hetekben azzal kapcsolatban, hogy mi\u00e9rt nincsenek madarak az etet\u0151k\u00f6n? A jelens\u00e9g h\u00e1tter\u00e9ben a mad\u00e1rvonul\u00e1s, illetve az Eur\u00f3pa \u00e9szaki \u00e9s k\u00f6z\u00e9ps\u0151 r\u00e9gi\u00f3iban tapasztalhat\u00f3 enyhe, h\u00f3mentes id\u0151j\u00e1r\u00e1s egy\u00fcttes hat\u00e1sa \u00e1ll. Az ut\u00f3bbi \u00e9vekben Eur\u00e1zsia \u00e9szaki t\u00e9rs\u00e9geiben is k\u00e9sik, illetve a kl\u00edmav\u00e1ltoz\u00e1s el\u0151tti id\u0151szakhoz k\u00e9pest j\u00f3val\" class=\"yoast-seo-meta-tag\" \/>\n<meta property=\"og:url\" content=\"https:\/\/dorogimedence.hu\/index.php\/2025\/01\/30\/hova-tuntek-a-madarak-miert-ures-sok-eteto\/\" class=\"yoast-seo-meta-tag\" \/>\n<meta property=\"og:site_name\" content=\"Dorogi-medence Region\u00e1lis H\u00edrport\u00e1l\" class=\"yoast-seo-meta-tag\" \/>\n<meta property=\"article:publisher\" content=\"https:\/\/www.facebook.com\/dorogimedence\/\" class=\"yoast-seo-meta-tag\" \/>\n<meta property=\"article:published_time\" content=\"2025-01-30T13:06:36+00:00\" class=\"yoast-seo-meta-tag\" \/>\n<meta property=\"og:image\" content=\"https:\/\/dorogimedence.hu\/wp-content\/uploads\/2025\/01\/pexels-mtyutina-1727247.jpg\" class=\"yoast-seo-meta-tag\" \/>\n\t<meta property=\"og:image:width\" content=\"1920\" class=\"yoast-seo-meta-tag\" \/>\n\t<meta property=\"og:image:height\" content=\"1280\" class=\"yoast-seo-meta-tag\" \/>\n\t<meta property=\"og:image:type\" content=\"image\/jpeg\" class=\"yoast-seo-meta-tag\" \/>\n<meta name=\"author\" content=\"dorogimedence.hu\" class=\"yoast-seo-meta-tag\" \/>\n<meta name=\"twitter:card\" content=\"summary_large_image\" class=\"yoast-seo-meta-tag\" \/>\n<meta name=\"twitter:label1\" content=\"Szerz\u0151:\" class=\"yoast-seo-meta-tag\" \/>\n\t<meta name=\"twitter:data1\" content=\"dorogimedence.hu\" class=\"yoast-seo-meta-tag\" \/>\n\t<meta name=\"twitter:label2\" content=\"Becs\u00fclt olvas\u00e1si id\u0151\" class=\"yoast-seo-meta-tag\" \/>\n\t<meta name=\"twitter:data2\" content=\"2 perc\" class=\"yoast-seo-meta-tag\" \/>\n<script type=\"application\/ld+json\" class=\"yoast-schema-graph\">{\"@context\":\"https:\\\/\\\/schema.org\",\"@graph\":[{\"@type\":\"Article\",\"@id\":\"https:\\\/\\\/dorogimedence.hu\\\/index.php\\\/2025\\\/01\\\/30\\\/hova-tuntek-a-madarak-miert-ures-sok-eteto\\\/#article\",\"isPartOf\":{\"@id\":\"https:\\\/\\\/dorogimedence.hu\\\/index.php\\\/2025\\\/01\\\/30\\\/hova-tuntek-a-madarak-miert-ures-sok-eteto\\\/\"},\"author\":{\"name\":\"dorogimedence.hu\",\"@id\":\"https:\\\/\\\/dorogimedence.hu\\\/#\\\/schema\\\/person\\\/ce6091eeb7e95ecdc87890d6aa8e0fd4\"},\"headline\":\"Hova t\u0171ntek a madarak, mi\u00e9rt \u00fcres sok etet\u0151?\",\"datePublished\":\"2025-01-30T13:06:36+00:00\",\"mainEntityOfPage\":{\"@id\":\"https:\\\/\\\/dorogimedence.hu\\\/index.php\\\/2025\\\/01\\\/30\\\/hova-tuntek-a-madarak-miert-ures-sok-eteto\\\/\"},\"wordCount\":437,\"publisher\":{\"@id\":\"https:\\\/\\\/dorogimedence.hu\\\/#organization\"},\"image\":{\"@id\":\"https:\\\/\\\/dorogimedence.hu\\\/index.php\\\/2025\\\/01\\\/30\\\/hova-tuntek-a-madarak-miert-ures-sok-eteto\\\/#primaryimage\"},\"thumbnailUrl\":\"https:\\\/\\\/dorogimedence.hu\\\/wp-content\\\/uploads\\\/2025\\\/01\\\/pexels-mtyutina-1727247.jpg\",\"keywords\":[\"mad\u00e1retet\u0151\",\"MME\"],\"articleSection\":[\"H\u00edrek\",\"Sz\u00ednes\"],\"inLanguage\":\"hu\"},{\"@type\":\"WebPage\",\"@id\":\"https:\\\/\\\/dorogimedence.hu\\\/index.php\\\/2025\\\/01\\\/30\\\/hova-tuntek-a-madarak-miert-ures-sok-eteto\\\/\",\"url\":\"https:\\\/\\\/dorogimedence.hu\\\/index.php\\\/2025\\\/01\\\/30\\\/hova-tuntek-a-madarak-miert-ures-sok-eteto\\\/\",\"name\":\"Hova t\u0171ntek a madarak, mi\u00e9rt \u00fcres sok etet\u0151?\",\"isPartOf\":{\"@id\":\"https:\\\/\\\/dorogimedence.hu\\\/#website\"},\"primaryImageOfPage\":{\"@id\":\"https:\\\/\\\/dorogimedence.hu\\\/index.php\\\/2025\\\/01\\\/30\\\/hova-tuntek-a-madarak-miert-ures-sok-eteto\\\/#primaryimage\"},\"image\":{\"@id\":\"https:\\\/\\\/dorogimedence.hu\\\/index.php\\\/2025\\\/01\\\/30\\\/hova-tuntek-a-madarak-miert-ures-sok-eteto\\\/#primaryimage\"},\"thumbnailUrl\":\"https:\\\/\\\/dorogimedence.hu\\\/wp-content\\\/uploads\\\/2025\\\/01\\\/pexels-mtyutina-1727247.jpg\",\"datePublished\":\"2025-01-30T13:06:36+00:00\",\"breadcrumb\":{\"@id\":\"https:\\\/\\\/dorogimedence.hu\\\/index.php\\\/2025\\\/01\\\/30\\\/hova-tuntek-a-madarak-miert-ures-sok-eteto\\\/#breadcrumb\"},\"inLanguage\":\"hu\",\"potentialAction\":[{\"@type\":\"ReadAction\",\"target\":[\"https:\\\/\\\/dorogimedence.hu\\\/index.php\\\/2025\\\/01\\\/30\\\/hova-tuntek-a-madarak-miert-ures-sok-eteto\\\/\"]}]},{\"@type\":\"ImageObject\",\"inLanguage\":\"hu\",\"@id\":\"https:\\\/\\\/dorogimedence.hu\\\/index.php\\\/2025\\\/01\\\/30\\\/hova-tuntek-a-madarak-miert-ures-sok-eteto\\\/#primaryimage\",\"url\":\"https:\\\/\\\/dorogimedence.hu\\\/wp-content\\\/uploads\\\/2025\\\/01\\\/pexels-mtyutina-1727247.jpg\",\"contentUrl\":\"https:\\\/\\\/dorogimedence.hu\\\/wp-content\\\/uploads\\\/2025\\\/01\\\/pexels-mtyutina-1727247.jpg\",\"width\":1920,\"height\":1280},{\"@type\":\"BreadcrumbList\",\"@id\":\"https:\\\/\\\/dorogimedence.hu\\\/index.php\\\/2025\\\/01\\\/30\\\/hova-tuntek-a-madarak-miert-ures-sok-eteto\\\/#breadcrumb\",\"itemListElement\":[{\"@type\":\"ListItem\",\"position\":1,\"name\":\"Kezd\u0151lap\",\"item\":\"https:\\\/\\\/dorogimedence.hu\\\/\"},{\"@type\":\"ListItem\",\"position\":2,\"name\":\"Hova t\u0171ntek a madarak, mi\u00e9rt \u00fcres sok etet\u0151?\"}]},{\"@type\":\"WebSite\",\"@id\":\"https:\\\/\\\/dorogimedence.hu\\\/#website\",\"url\":\"https:\\\/\\\/dorogimedence.hu\\\/\",\"name\":\"Dorogi-medence Region\u00e1lis H\u00edrport\u00e1l\",\"description\":\"Dorog, Keszt\u00f6lc, Le\u00e1nyv\u00e1r, Piliscs\u00e9v, Tokod, Tokodalt\u00e1r\u00f3, Csolnok, Esztergom-kertv\u00e1ros: h\u00edrek, programok\",\"publisher\":{\"@id\":\"https:\\\/\\\/dorogimedence.hu\\\/#organization\"},\"potentialAction\":[{\"@type\":\"SearchAction\",\"target\":{\"@type\":\"EntryPoint\",\"urlTemplate\":\"https:\\\/\\\/dorogimedence.hu\\\/?s={search_term_string}\"},\"query-input\":{\"@type\":\"PropertyValueSpecification\",\"valueRequired\":true,\"valueName\":\"search_term_string\"}}],\"inLanguage\":\"hu\"},{\"@type\":\"Organization\",\"@id\":\"https:\\\/\\\/dorogimedence.hu\\\/#organization\",\"name\":\"Dorogi-medence Region\u00e1lis H\u00edrport\u00e1l\",\"url\":\"https:\\\/\\\/dorogimedence.hu\\\/\",\"logo\":{\"@type\":\"ImageObject\",\"inLanguage\":\"hu\",\"@id\":\"https:\\\/\\\/dorogimedence.hu\\\/#\\\/schema\\\/logo\\\/image\\\/\",\"url\":\"https:\\\/\\\/dorogimedence.hu\\\/wp-content\\\/uploads\\\/2021\\\/04\\\/logo-feher-600.png\",\"contentUrl\":\"https:\\\/\\\/dorogimedence.hu\\\/wp-content\\\/uploads\\\/2021\\\/04\\\/logo-feher-600.png\",\"width\":600,\"height\":100,\"caption\":\"Dorogi-medence Region\u00e1lis H\u00edrport\u00e1l\"},\"image\":{\"@id\":\"https:\\\/\\\/dorogimedence.hu\\\/#\\\/schema\\\/logo\\\/image\\\/\"},\"sameAs\":[\"https:\\\/\\\/www.facebook.com\\\/dorogimedence\\\/\"]},{\"@type\":\"Person\",\"@id\":\"https:\\\/\\\/dorogimedence.hu\\\/#\\\/schema\\\/person\\\/ce6091eeb7e95ecdc87890d6aa8e0fd4\",\"name\":\"dorogimedence.hu\",\"image\":{\"@type\":\"ImageObject\",\"inLanguage\":\"hu\",\"@id\":\"\\\/\\\/www.gravatar.com\\\/avatar\\\/d8d45f8901aadff40a4af72c0b826f1d?s=96&#038;r=g&#038;d=mm\",\"url\":\"\\\/\\\/www.gravatar.com\\\/avatar\\\/d8d45f8901aadff40a4af72c0b826f1d?s=96&#038;r=g&#038;d=mm\",\"contentUrl\":\"\\\/\\\/www.gravatar.com\\\/avatar\\\/d8d45f8901aadff40a4af72c0b826f1d?s=96&#038;r=g&#038;d=mm\",\"caption\":\"dorogimedence.hu\"}}]}<\/script>\n<!-- \/ Yoast SEO plugin. -->","yoast_head_json":{"title":"Hova t\u0171ntek a madarak, mi\u00e9rt \u00fcres sok etet\u0151?","robots":{"index":"index","follow":"follow","max-snippet":"max-snippet:-1","max-image-preview":"max-image-preview:large","max-video-preview":"max-video-preview:-1"},"canonical":"https:\/\/dorogimedence.hu\/index.php\/2025\/01\/30\/hova-tuntek-a-madarak-miert-ures-sok-eteto\/","og_locale":"hu_HU","og_type":"article","og_title":"Hova t\u0171ntek a madarak, mi\u00e9rt \u00fcres sok etet\u0151?","og_description":"A Magyar Mad\u00e1rtani \u00e9s Term\u00e9szetv\u00e9delmi Egyes\u00fclethez (MME) sz\u00e1mos k\u00e9rd\u00e9s \u00e9rkezett az elm\u00falt hetekben azzal kapcsolatban, hogy mi\u00e9rt nincsenek madarak az etet\u0151k\u00f6n? A jelens\u00e9g h\u00e1tter\u00e9ben a mad\u00e1rvonul\u00e1s, illetve az Eur\u00f3pa \u00e9szaki \u00e9s k\u00f6z\u00e9ps\u0151 r\u00e9gi\u00f3iban tapasztalhat\u00f3 enyhe, h\u00f3mentes id\u0151j\u00e1r\u00e1s egy\u00fcttes hat\u00e1sa \u00e1ll. Az ut\u00f3bbi \u00e9vekben Eur\u00e1zsia \u00e9szaki t\u00e9rs\u00e9geiben is k\u00e9sik, illetve a kl\u00edmav\u00e1ltoz\u00e1s el\u0151tti id\u0151szakhoz k\u00e9pest j\u00f3val","og_url":"https:\/\/dorogimedence.hu\/index.php\/2025\/01\/30\/hova-tuntek-a-madarak-miert-ures-sok-eteto\/","og_site_name":"Dorogi-medence Region\u00e1lis H\u00edrport\u00e1l","article_publisher":"https:\/\/www.facebook.com\/dorogimedence\/","article_published_time":"2025-01-30T13:06:36+00:00","og_image":[{"width":1920,"height":1280,"url":"https:\/\/dorogimedence.hu\/wp-content\/uploads\/2025\/01\/pexels-mtyutina-1727247.jpg","type":"image\/jpeg"}],"author":"dorogimedence.hu","twitter_card":"summary_large_image","twitter_misc":{"Szerz\u0151:":"dorogimedence.hu","Becs\u00fclt olvas\u00e1si id\u0151":"2 perc"},"schema":{"@context":"https:\/\/schema.org","@graph":[{"@type":"Article","@id":"https:\/\/dorogimedence.hu\/index.php\/2025\/01\/30\/hova-tuntek-a-madarak-miert-ures-sok-eteto\/#article","isPartOf":{"@id":"https:\/\/dorogimedence.hu\/index.php\/2025\/01\/30\/hova-tuntek-a-madarak-miert-ures-sok-eteto\/"},"author":{"name":"dorogimedence.hu","@id":"https:\/\/dorogimedence.hu\/#\/schema\/person\/ce6091eeb7e95ecdc87890d6aa8e0fd4"},"headline":"Hova t\u0171ntek a madarak, mi\u00e9rt \u00fcres sok etet\u0151?","datePublished":"2025-01-30T13:06:36+00:00","mainEntityOfPage":{"@id":"https:\/\/dorogimedence.hu\/index.php\/2025\/01\/30\/hova-tuntek-a-madarak-miert-ures-sok-eteto\/"},"wordCount":437,"publisher":{"@id":"https:\/\/dorogimedence.hu\/#organization"},"image":{"@id":"https:\/\/dorogimedence.hu\/index.php\/2025\/01\/30\/hova-tuntek-a-madarak-miert-ures-sok-eteto\/#primaryimage"},"thumbnailUrl":"https:\/\/dorogimedence.hu\/wp-content\/uploads\/2025\/01\/pexels-mtyutina-1727247.jpg","keywords":["mad\u00e1retet\u0151","MME"],"articleSection":["H\u00edrek","Sz\u00ednes"],"inLanguage":"hu"},{"@type":"WebPage","@id":"https:\/\/dorogimedence.hu\/index.php\/2025\/01\/30\/hova-tuntek-a-madarak-miert-ures-sok-eteto\/","url":"https:\/\/dorogimedence.hu\/index.php\/2025\/01\/30\/hova-tuntek-a-madarak-miert-ures-sok-eteto\/","name":"Hova t\u0171ntek a madarak, mi\u00e9rt \u00fcres sok etet\u0151?","isPartOf":{"@id":"https:\/\/dorogimedence.hu\/#website"},"primaryImageOfPage":{"@id":"https:\/\/dorogimedence.hu\/index.php\/2025\/01\/30\/hova-tuntek-a-madarak-miert-ures-sok-eteto\/#primaryimage"},"image":{"@id":"https:\/\/dorogimedence.hu\/index.php\/2025\/01\/30\/hova-tuntek-a-madarak-miert-ures-sok-eteto\/#primaryimage"},"thumbnailUrl":"https:\/\/dorogimedence.hu\/wp-content\/uploads\/2025\/01\/pexels-mtyutina-1727247.jpg","datePublished":"2025-01-30T13:06:36+00:00","breadcrumb":{"@id":"https:\/\/dorogimedence.hu\/index.php\/2025\/01\/30\/hova-tuntek-a-madarak-miert-ures-sok-eteto\/#breadcrumb"},"inLanguage":"hu","potentialAction":[{"@type":"ReadAction","target":["https:\/\/dorogimedence.hu\/index.php\/2025\/01\/30\/hova-tuntek-a-madarak-miert-ures-sok-eteto\/"]}]},{"@type":"ImageObject","inLanguage":"hu","@id":"https:\/\/dorogimedence.hu\/index.php\/2025\/01\/30\/hova-tuntek-a-madarak-miert-ures-sok-eteto\/#primaryimage","url":"https:\/\/dorogimedence.hu\/wp-content\/uploads\/2025\/01\/pexels-mtyutina-1727247.jpg","contentUrl":"https:\/\/dorogimedence.hu\/wp-content\/uploads\/2025\/01\/pexels-mtyutina-1727247.jpg","width":1920,"height":1280},{"@type":"BreadcrumbList","@id":"https:\/\/dorogimedence.hu\/index.php\/2025\/01\/30\/hova-tuntek-a-madarak-miert-ures-sok-eteto\/#breadcrumb","itemListElement":[{"@type":"ListItem","position":1,"name":"Kezd\u0151lap","item":"https:\/\/dorogimedence.hu\/"},{"@type":"ListItem","position":2,"name":"Hova t\u0171ntek a madarak, mi\u00e9rt \u00fcres sok etet\u0151?"}]},{"@type":"WebSite","@id":"https:\/\/dorogimedence.hu\/#website","url":"https:\/\/dorogimedence.hu\/","name":"Dorogi-medence Region\u00e1lis H\u00edrport\u00e1l","description":"Dorog, Keszt\u00f6lc, Le\u00e1nyv\u00e1r, Piliscs\u00e9v, Tokod, Tokodalt\u00e1r\u00f3, Csolnok, Esztergom-kertv\u00e1ros: h\u00edrek, programok","publisher":{"@id":"https:\/\/dorogimedence.hu\/#organization"},"potentialAction":[{"@type":"SearchAction","target":{"@type":"EntryPoint","urlTemplate":"https:\/\/dorogimedence.hu\/?s={search_term_string}"},"query-input":{"@type":"PropertyValueSpecification","valueRequired":true,"valueName":"search_term_string"}}],"inLanguage":"hu"},{"@type":"Organization","@id":"https:\/\/dorogimedence.hu\/#organization","name":"Dorogi-medence Region\u00e1lis H\u00edrport\u00e1l","url":"https:\/\/dorogimedence.hu\/","logo":{"@type":"ImageObject","inLanguage":"hu","@id":"https:\/\/dorogimedence.hu\/#\/schema\/logo\/image\/","url":"https:\/\/dorogimedence.hu\/wp-content\/uploads\/2021\/04\/logo-feher-600.png","contentUrl":"https:\/\/dorogimedence.hu\/wp-content\/uploads\/2021\/04\/logo-feher-600.png","width":600,"height":100,"caption":"Dorogi-medence Region\u00e1lis H\u00edrport\u00e1l"},"image":{"@id":"https:\/\/dorogimedence.hu\/#\/schema\/logo\/image\/"},"sameAs":["https:\/\/www.facebook.com\/dorogimedence\/"]},{"@type":"Person","@id":"https:\/\/dorogimedence.hu\/#\/schema\/person\/ce6091eeb7e95ecdc87890d6aa8e0fd4","name":"dorogimedence.hu","image":{"@type":"ImageObject","inLanguage":"hu","@id":"\/\/www.gravatar.com\/avatar\/d8d45f8901aadff40a4af72c0b826f1d?s=96&#038;r=g&#038;d=mm","url":"\/\/www.gravatar.com\/avatar\/d8d45f8901aadff40a4af72c0b826f1d?s=96&#038;r=g&#038;d=mm","contentUrl":"\/\/www.gravatar.com\/avatar\/d8d45f8901aadff40a4af72c0b826f1d?s=96&#038;r=g&#038;d=mm","caption":"dorogimedence.hu"}}]}},"_links":{"self":[{"href":"https:\/\/dorogimedence.hu\/index.php\/wp-json\/wp\/v2\/posts\/68497","targetHints":{"allow":["GET"]}}],"collection":[{"href":"https:\/\/dorogimedence.hu\/index.php\/wp-json\/wp\/v2\/posts"}],"about":[{"href":"https:\/\/dorogimedence.hu\/index.php\/wp-json\/wp\/v2\/types\/post"}],"author":[{"embeddable":true,"href":"https:\/\/dorogimedence.hu\/index.php\/wp-json\/wp\/v2\/users\/1"}],"replies":[{"embeddable":true,"href":"https:\/\/dorogimedence.hu\/index.php\/wp-json\/wp\/v2\/comments?post=68497"}],"version-history":[{"count":0,"href":"https:\/\/dorogimedence.hu\/index.php\/wp-json\/wp\/v2\/posts\/68497\/revisions"}],"wp:featuredmedia":[{"embeddable":true,"href":"https:\/\/dorogimedence.hu\/index.php\/wp-json\/wp\/v2\/media\/68498"}],"wp:attachment":[{"href":"https:\/\/dorogimedence.hu\/index.php\/wp-json\/wp\/v2\/media?parent=68497"}],"wp:term":[{"taxonomy":"category","embeddable":true,"href":"https:\/\/dorogimedence.hu\/index.php\/wp-json\/wp\/v2\/categories?post=68497"},{"taxonomy":"post_tag","embeddable":true,"href":"https:\/\/dorogimedence.hu\/index.php\/wp-json\/wp\/v2\/tags?post=68497"}],"curies":[{"name":"wp","href":"https:\/\/api.w.org\/{rel}","templated":true}]}}