{"id":68488,"date":"2025-01-29T15:11:00","date_gmt":"2025-01-29T14:11:00","guid":{"rendered":"https:\/\/dorogimedence.hu\/?p=68488"},"modified":"2025-01-29T15:11:52","modified_gmt":"2025-01-29T14:11:52","slug":"nemzetkozi-muhelykonferenciat-tartott-egy-kutatocsoport-esztergomban","status":"publish","type":"post","link":"https:\/\/dorogimedence.hu\/index.php\/2025\/01\/29\/nemzetkozi-muhelykonferenciat-tartott-egy-kutatocsoport-esztergomban\/","title":{"rendered":"Nemzetk\u00f6zi m\u0171helykonferenci\u00e1t tartott egy kutat\u00f3csoport Esztergomban"},"content":{"rendered":"<p><strong>A P\u00e1zm\u00e1ny P\u00e9ter Katolikus Egyetem B\u00f6lcs\u00e9szet- \u00e9s T\u00e1rsadalomtudom\u00e1nyi kar\u00e1n m\u0171k\u00f6d\u0151 Vestigia Kutat\u00f3csoport nemzetk\u00f6zi m\u0171helykonferenci\u00e1t tartott a h\u00e9tv\u00e9g\u00e9n Esztergomban.<\/strong><\/p>\n<p>A Domokos Gy\u00f6rgy, az Olasz Tansz\u00e9k f\u0151\u00e1ll\u00e1s\u00fa egyetemi tan\u00e1ra vezet\u00e9s\u00e9vel m\u0171k\u00f6d\u0151, els\u0151sorban 14\u201316. sz\u00e1zadi magyar vonatkoz\u00e1s\u00fa dokumentumok felt\u00e1r\u00e1s\u00e1t v\u00e9gz\u0151 kutat\u00f3csoport tagjai t\u00f6bb magyarorsz\u00e1gi egyetem \u00e9s orsz\u00e1gos int\u00e9zm\u00e9ny nyelv\u00e9szei \u00e9s t\u00f6rt\u00e9n\u00e9szei, ez\u00e9rt a kutat\u00f3csoport fontos integr\u00e1l\u00f3 szerepet t\u00f6lt be a hungarika kutat\u00e1sban.<\/p>\n<p><img fetchpriority=\"high\" decoding=\"async\" class=\"alignnone size-full wp-image-68490\" src=\"https:\/\/dorogimedence.hu\/wp-content\/uploads\/2025\/01\/475157802_1168719698590140_7231894366971828297_n.jpg\" alt=\"\" width=\"2048\" height=\"1536\" srcset=\"https:\/\/dorogimedence.hu\/wp-content\/uploads\/2025\/01\/475157802_1168719698590140_7231894366971828297_n.jpg 2048w, https:\/\/dorogimedence.hu\/wp-content\/uploads\/2025\/01\/475157802_1168719698590140_7231894366971828297_n-600x450.jpg 600w, https:\/\/dorogimedence.hu\/wp-content\/uploads\/2025\/01\/475157802_1168719698590140_7231894366971828297_n-1920x1440.jpg 1920w, https:\/\/dorogimedence.hu\/wp-content\/uploads\/2025\/01\/475157802_1168719698590140_7231894366971828297_n-768x576.jpg 768w, https:\/\/dorogimedence.hu\/wp-content\/uploads\/2025\/01\/475157802_1168719698590140_7231894366971828297_n-1536x1152.jpg 1536w, https:\/\/dorogimedence.hu\/wp-content\/uploads\/2025\/01\/475157802_1168719698590140_7231894366971828297_n-150x113.jpg 150w, https:\/\/dorogimedence.hu\/wp-content\/uploads\/2025\/01\/475157802_1168719698590140_7231894366971828297_n-450x338.jpg 450w, https:\/\/dorogimedence.hu\/wp-content\/uploads\/2025\/01\/475157802_1168719698590140_7231894366971828297_n-1200x900.jpg 1200w\" sizes=\"(max-width: 2048px) 100vw, 2048px\" \/><\/p>\n<p>A magyar kult\u00fara napj\u00e1t k\u00f6vet\u0151 h\u00e9tv\u00e9g\u00e9re id\u0151z\u00edtett workshopon olasz koll\u00e9g\u00e1kkal, valamint magyar \u00e9s szlov\u00e1k doktoranduszokkal kieg\u00e9sz\u00fclve t\u00e1rt\u00e1k fel leg\u00fajabb izgalmas kutat\u00e1si eredm\u00e9nyeiket, a magyar t\u00f6rt\u00e9nelem \u00e9s m\u0171vel\u0151d\u00e9st\u00f6rt\u00e9net k\u00fcl\u00f6nb\u00f6z\u0151 fejezeteib\u0151l az \u00c1rp\u00e1d-kort\u00f3l a Jagell\u00f3-korig. Az elhangzott el\u0151ad\u00e1sok \u00edrott v\u00e1ltozat\u00e1t a munkacsoport a k\u00f6vetkez\u0151 tanulm\u00e1nyk\u00f6tet\u00e9ben teszi k\u00f6zz\u00e9.<\/p>\n<p>Az esem\u00e9nynek a PPKE esztergomi \u00e9p\u00fclete, a Iohanneum adott otthont. A m\u0171helymunka sor\u00e1n kider\u00fclt, hogy Esztergom v\u00e1rosa az eml\u00edtett kutat\u00e1soknak nemcsak sokszor visszat\u00e9r\u0151 f\u0151szerepl\u0151je, de leny\u0171g\u00f6z\u0151 t\u00f6rt\u00e9nelmi eml\u00e9keivel \u00e9s gy\u0171jtem\u00e9nyeivel \u00e1lland\u00f3 inspir\u00e1ci\u00f3s forr\u00e1sa is.<\/p>\n<p><img decoding=\"async\" class=\"alignnone size-full wp-image-68491\" src=\"https:\/\/dorogimedence.hu\/wp-content\/uploads\/2025\/01\/475120729_1168719681923475_6834634152385562037_n.jpg\" alt=\"\" width=\"2016\" height=\"1512\" srcset=\"https:\/\/dorogimedence.hu\/wp-content\/uploads\/2025\/01\/475120729_1168719681923475_6834634152385562037_n.jpg 2016w, https:\/\/dorogimedence.hu\/wp-content\/uploads\/2025\/01\/475120729_1168719681923475_6834634152385562037_n-600x450.jpg 600w, https:\/\/dorogimedence.hu\/wp-content\/uploads\/2025\/01\/475120729_1168719681923475_6834634152385562037_n-1920x1440.jpg 1920w, https:\/\/dorogimedence.hu\/wp-content\/uploads\/2025\/01\/475120729_1168719681923475_6834634152385562037_n-768x576.jpg 768w, https:\/\/dorogimedence.hu\/wp-content\/uploads\/2025\/01\/475120729_1168719681923475_6834634152385562037_n-1536x1152.jpg 1536w, https:\/\/dorogimedence.hu\/wp-content\/uploads\/2025\/01\/475120729_1168719681923475_6834634152385562037_n-150x113.jpg 150w, https:\/\/dorogimedence.hu\/wp-content\/uploads\/2025\/01\/475120729_1168719681923475_6834634152385562037_n-450x338.jpg 450w, https:\/\/dorogimedence.hu\/wp-content\/uploads\/2025\/01\/475120729_1168719681923475_6834634152385562037_n-1200x900.jpg 1200w\" sizes=\"(max-width: 2016px) 100vw, 2016px\" \/><\/p>\n<p><em>Forr\u00e1s: P\u00e1zm\u00e1ny Esztergom Facebook-oldal<\/em><\/p>\n","protected":false},"excerpt":{"rendered":"<p>A P\u00e1zm\u00e1ny P\u00e9ter Katolikus Egyetem B\u00f6lcs\u00e9szet- \u00e9s T\u00e1rsadalomtudom\u00e1nyi kar\u00e1n m\u0171k\u00f6d\u0151 Vestigia Kutat\u00f3csoport nemzetk\u00f6zi m\u0171helykonferenci\u00e1t tartott a h\u00e9tv\u00e9g\u00e9n Esztergomban. A Domokos Gy\u00f6rgy, az Olasz Tansz\u00e9k f\u0151\u00e1ll\u00e1s\u00fa egyetemi tan\u00e1ra vezet\u00e9s\u00e9vel m\u0171k\u00f6d\u0151, els\u0151sorban 14\u201316. sz\u00e1zadi magyar vonatkoz\u00e1s\u00fa dokumentumok felt\u00e1r\u00e1s\u00e1t v\u00e9gz\u0151 kutat\u00f3csoport tagjai t\u00f6bb magyarorsz\u00e1gi egyetem \u00e9s orsz\u00e1gos int\u00e9zm\u00e9ny nyelv\u00e9szei \u00e9s t\u00f6rt\u00e9n\u00e9szei, ez\u00e9rt a kutat\u00f3csoport fontos integr\u00e1l\u00f3 szerepet t\u00f6lt<\/p>\n","protected":false},"author":1,"featured_media":68489,"comment_status":"closed","ping_status":"closed","sticky":false,"template":"","format":"standard","meta":{"ngg_post_thumbnail":0,"footnotes":""},"categories":[38,3],"tags":[42,8230,1269],"class_list":{"0":"post-68488","1":"post","2":"type-post","3":"status-publish","4":"format-standard","5":"has-post-thumbnail","7":"category-esztergom","8":"category-hirek","9":"tag-esztergom","10":"tag-olasz","11":"tag-pazmany"},"yoast_head":"<!-- This site is optimized with the Yoast SEO plugin v27.4 - https:\/\/yoast.com\/product\/yoast-seo-wordpress\/ -->\n<title>Nemzetk\u00f6zi m\u0171helykonferenci\u00e1t tartott egy kutat\u00f3csoport Esztergomban<\/title>\n<meta name=\"robots\" content=\"index, follow, max-snippet:-1, max-image-preview:large, max-video-preview:-1\" \/>\n<link rel=\"canonical\" href=\"https:\/\/dorogimedence.hu\/index.php\/2025\/01\/29\/nemzetkozi-muhelykonferenciat-tartott-egy-kutatocsoport-esztergomban\/\" class=\"yoast-seo-meta-tag\" \/>\n<meta property=\"og:locale\" content=\"hu_HU\" class=\"yoast-seo-meta-tag\" \/>\n<meta property=\"og:type\" content=\"article\" class=\"yoast-seo-meta-tag\" \/>\n<meta property=\"og:title\" content=\"Nemzetk\u00f6zi m\u0171helykonferenci\u00e1t tartott egy kutat\u00f3csoport Esztergomban\" class=\"yoast-seo-meta-tag\" \/>\n<meta property=\"og:description\" content=\"A P\u00e1zm\u00e1ny P\u00e9ter Katolikus Egyetem B\u00f6lcs\u00e9szet- \u00e9s T\u00e1rsadalomtudom\u00e1nyi kar\u00e1n m\u0171k\u00f6d\u0151 Vestigia Kutat\u00f3csoport nemzetk\u00f6zi m\u0171helykonferenci\u00e1t tartott a h\u00e9tv\u00e9g\u00e9n Esztergomban. A Domokos Gy\u00f6rgy, az Olasz Tansz\u00e9k f\u0151\u00e1ll\u00e1s\u00fa egyetemi tan\u00e1ra vezet\u00e9s\u00e9vel m\u0171k\u00f6d\u0151, els\u0151sorban 14\u201316. sz\u00e1zadi magyar vonatkoz\u00e1s\u00fa dokumentumok felt\u00e1r\u00e1s\u00e1t v\u00e9gz\u0151 kutat\u00f3csoport tagjai t\u00f6bb magyarorsz\u00e1gi egyetem \u00e9s orsz\u00e1gos int\u00e9zm\u00e9ny nyelv\u00e9szei \u00e9s t\u00f6rt\u00e9n\u00e9szei, ez\u00e9rt a kutat\u00f3csoport fontos integr\u00e1l\u00f3 szerepet t\u00f6lt\" class=\"yoast-seo-meta-tag\" \/>\n<meta property=\"og:url\" content=\"https:\/\/dorogimedence.hu\/index.php\/2025\/01\/29\/nemzetkozi-muhelykonferenciat-tartott-egy-kutatocsoport-esztergomban\/\" class=\"yoast-seo-meta-tag\" \/>\n<meta property=\"og:site_name\" content=\"Dorogi-medence Region\u00e1lis H\u00edrport\u00e1l\" class=\"yoast-seo-meta-tag\" \/>\n<meta property=\"article:publisher\" content=\"https:\/\/www.facebook.com\/dorogimedence\/\" class=\"yoast-seo-meta-tag\" \/>\n<meta property=\"article:published_time\" content=\"2025-01-29T14:11:00+00:00\" class=\"yoast-seo-meta-tag\" \/>\n<meta property=\"article:modified_time\" content=\"2025-01-29T14:11:52+00:00\" class=\"yoast-seo-meta-tag\" \/>\n<meta property=\"og:image\" content=\"https:\/\/dorogimedence.hu\/wp-content\/uploads\/2025\/01\/olasz-01.jpg\" class=\"yoast-seo-meta-tag\" \/>\n\t<meta property=\"og:image:width\" content=\"1920\" class=\"yoast-seo-meta-tag\" \/>\n\t<meta property=\"og:image:height\" content=\"970\" class=\"yoast-seo-meta-tag\" \/>\n\t<meta property=\"og:image:type\" content=\"image\/jpeg\" class=\"yoast-seo-meta-tag\" \/>\n<meta name=\"author\" content=\"dorogimedence.hu\" class=\"yoast-seo-meta-tag\" \/>\n<meta name=\"twitter:card\" content=\"summary_large_image\" class=\"yoast-seo-meta-tag\" \/>\n<meta name=\"twitter:label1\" content=\"Szerz\u0151:\" class=\"yoast-seo-meta-tag\" \/>\n\t<meta name=\"twitter:data1\" content=\"dorogimedence.hu\" class=\"yoast-seo-meta-tag\" \/>\n\t<meta name=\"twitter:label2\" content=\"Becs\u00fclt olvas\u00e1si id\u0151\" class=\"yoast-seo-meta-tag\" \/>\n\t<meta name=\"twitter:data2\" content=\"1 perc\" class=\"yoast-seo-meta-tag\" \/>\n<script type=\"application\/ld+json\" class=\"yoast-schema-graph\">{\"@context\":\"https:\\\/\\\/schema.org\",\"@graph\":[{\"@type\":\"Article\",\"@id\":\"https:\\\/\\\/dorogimedence.hu\\\/index.php\\\/2025\\\/01\\\/29\\\/nemzetkozi-muhelykonferenciat-tartott-egy-kutatocsoport-esztergomban\\\/#article\",\"isPartOf\":{\"@id\":\"https:\\\/\\\/dorogimedence.hu\\\/index.php\\\/2025\\\/01\\\/29\\\/nemzetkozi-muhelykonferenciat-tartott-egy-kutatocsoport-esztergomban\\\/\"},\"author\":{\"name\":\"dorogimedence.hu\",\"@id\":\"https:\\\/\\\/dorogimedence.hu\\\/#\\\/schema\\\/person\\\/ce6091eeb7e95ecdc87890d6aa8e0fd4\"},\"headline\":\"Nemzetk\u00f6zi m\u0171helykonferenci\u00e1t tartott egy kutat\u00f3csoport Esztergomban\",\"datePublished\":\"2025-01-29T14:11:00+00:00\",\"dateModified\":\"2025-01-29T14:11:52+00:00\",\"mainEntityOfPage\":{\"@id\":\"https:\\\/\\\/dorogimedence.hu\\\/index.php\\\/2025\\\/01\\\/29\\\/nemzetkozi-muhelykonferenciat-tartott-egy-kutatocsoport-esztergomban\\\/\"},\"wordCount\":264,\"publisher\":{\"@id\":\"https:\\\/\\\/dorogimedence.hu\\\/#organization\"},\"image\":{\"@id\":\"https:\\\/\\\/dorogimedence.hu\\\/index.php\\\/2025\\\/01\\\/29\\\/nemzetkozi-muhelykonferenciat-tartott-egy-kutatocsoport-esztergomban\\\/#primaryimage\"},\"thumbnailUrl\":\"https:\\\/\\\/dorogimedence.hu\\\/wp-content\\\/uploads\\\/2025\\\/01\\\/olasz-01.jpg\",\"keywords\":[\"esztergom\",\"olasz\",\"P\u00e1zm\u00e1ny\"],\"articleSection\":[\"Esztergom\",\"H\u00edrek\"],\"inLanguage\":\"hu\"},{\"@type\":\"WebPage\",\"@id\":\"https:\\\/\\\/dorogimedence.hu\\\/index.php\\\/2025\\\/01\\\/29\\\/nemzetkozi-muhelykonferenciat-tartott-egy-kutatocsoport-esztergomban\\\/\",\"url\":\"https:\\\/\\\/dorogimedence.hu\\\/index.php\\\/2025\\\/01\\\/29\\\/nemzetkozi-muhelykonferenciat-tartott-egy-kutatocsoport-esztergomban\\\/\",\"name\":\"Nemzetk\u00f6zi m\u0171helykonferenci\u00e1t tartott egy kutat\u00f3csoport Esztergomban\",\"isPartOf\":{\"@id\":\"https:\\\/\\\/dorogimedence.hu\\\/#website\"},\"primaryImageOfPage\":{\"@id\":\"https:\\\/\\\/dorogimedence.hu\\\/index.php\\\/2025\\\/01\\\/29\\\/nemzetkozi-muhelykonferenciat-tartott-egy-kutatocsoport-esztergomban\\\/#primaryimage\"},\"image\":{\"@id\":\"https:\\\/\\\/dorogimedence.hu\\\/index.php\\\/2025\\\/01\\\/29\\\/nemzetkozi-muhelykonferenciat-tartott-egy-kutatocsoport-esztergomban\\\/#primaryimage\"},\"thumbnailUrl\":\"https:\\\/\\\/dorogimedence.hu\\\/wp-content\\\/uploads\\\/2025\\\/01\\\/olasz-01.jpg\",\"datePublished\":\"2025-01-29T14:11:00+00:00\",\"dateModified\":\"2025-01-29T14:11:52+00:00\",\"breadcrumb\":{\"@id\":\"https:\\\/\\\/dorogimedence.hu\\\/index.php\\\/2025\\\/01\\\/29\\\/nemzetkozi-muhelykonferenciat-tartott-egy-kutatocsoport-esztergomban\\\/#breadcrumb\"},\"inLanguage\":\"hu\",\"potentialAction\":[{\"@type\":\"ReadAction\",\"target\":[\"https:\\\/\\\/dorogimedence.hu\\\/index.php\\\/2025\\\/01\\\/29\\\/nemzetkozi-muhelykonferenciat-tartott-egy-kutatocsoport-esztergomban\\\/\"]}]},{\"@type\":\"ImageObject\",\"inLanguage\":\"hu\",\"@id\":\"https:\\\/\\\/dorogimedence.hu\\\/index.php\\\/2025\\\/01\\\/29\\\/nemzetkozi-muhelykonferenciat-tartott-egy-kutatocsoport-esztergomban\\\/#primaryimage\",\"url\":\"https:\\\/\\\/dorogimedence.hu\\\/wp-content\\\/uploads\\\/2025\\\/01\\\/olasz-01.jpg\",\"contentUrl\":\"https:\\\/\\\/dorogimedence.hu\\\/wp-content\\\/uploads\\\/2025\\\/01\\\/olasz-01.jpg\",\"width\":1920,\"height\":970},{\"@type\":\"BreadcrumbList\",\"@id\":\"https:\\\/\\\/dorogimedence.hu\\\/index.php\\\/2025\\\/01\\\/29\\\/nemzetkozi-muhelykonferenciat-tartott-egy-kutatocsoport-esztergomban\\\/#breadcrumb\",\"itemListElement\":[{\"@type\":\"ListItem\",\"position\":1,\"name\":\"Kezd\u0151lap\",\"item\":\"https:\\\/\\\/dorogimedence.hu\\\/\"},{\"@type\":\"ListItem\",\"position\":2,\"name\":\"Nemzetk\u00f6zi m\u0171helykonferenci\u00e1t tartott egy kutat\u00f3csoport Esztergomban\"}]},{\"@type\":\"WebSite\",\"@id\":\"https:\\\/\\\/dorogimedence.hu\\\/#website\",\"url\":\"https:\\\/\\\/dorogimedence.hu\\\/\",\"name\":\"Dorogi-medence Region\u00e1lis H\u00edrport\u00e1l\",\"description\":\"Dorog, Keszt\u00f6lc, Le\u00e1nyv\u00e1r, Piliscs\u00e9v, Tokod, Tokodalt\u00e1r\u00f3, Csolnok, Esztergom-kertv\u00e1ros: h\u00edrek, programok\",\"publisher\":{\"@id\":\"https:\\\/\\\/dorogimedence.hu\\\/#organization\"},\"potentialAction\":[{\"@type\":\"SearchAction\",\"target\":{\"@type\":\"EntryPoint\",\"urlTemplate\":\"https:\\\/\\\/dorogimedence.hu\\\/?s={search_term_string}\"},\"query-input\":{\"@type\":\"PropertyValueSpecification\",\"valueRequired\":true,\"valueName\":\"search_term_string\"}}],\"inLanguage\":\"hu\"},{\"@type\":\"Organization\",\"@id\":\"https:\\\/\\\/dorogimedence.hu\\\/#organization\",\"name\":\"Dorogi-medence Region\u00e1lis H\u00edrport\u00e1l\",\"url\":\"https:\\\/\\\/dorogimedence.hu\\\/\",\"logo\":{\"@type\":\"ImageObject\",\"inLanguage\":\"hu\",\"@id\":\"https:\\\/\\\/dorogimedence.hu\\\/#\\\/schema\\\/logo\\\/image\\\/\",\"url\":\"https:\\\/\\\/dorogimedence.hu\\\/wp-content\\\/uploads\\\/2021\\\/04\\\/logo-feher-600.png\",\"contentUrl\":\"https:\\\/\\\/dorogimedence.hu\\\/wp-content\\\/uploads\\\/2021\\\/04\\\/logo-feher-600.png\",\"width\":600,\"height\":100,\"caption\":\"Dorogi-medence Region\u00e1lis H\u00edrport\u00e1l\"},\"image\":{\"@id\":\"https:\\\/\\\/dorogimedence.hu\\\/#\\\/schema\\\/logo\\\/image\\\/\"},\"sameAs\":[\"https:\\\/\\\/www.facebook.com\\\/dorogimedence\\\/\"]},{\"@type\":\"Person\",\"@id\":\"https:\\\/\\\/dorogimedence.hu\\\/#\\\/schema\\\/person\\\/ce6091eeb7e95ecdc87890d6aa8e0fd4\",\"name\":\"dorogimedence.hu\",\"image\":{\"@type\":\"ImageObject\",\"inLanguage\":\"hu\",\"@id\":\"\\\/\\\/www.gravatar.com\\\/avatar\\\/d8d45f8901aadff40a4af72c0b826f1d?s=96&#038;r=g&#038;d=mm\",\"url\":\"\\\/\\\/www.gravatar.com\\\/avatar\\\/d8d45f8901aadff40a4af72c0b826f1d?s=96&#038;r=g&#038;d=mm\",\"contentUrl\":\"\\\/\\\/www.gravatar.com\\\/avatar\\\/d8d45f8901aadff40a4af72c0b826f1d?s=96&#038;r=g&#038;d=mm\",\"caption\":\"dorogimedence.hu\"}}]}<\/script>\n<!-- \/ Yoast SEO plugin. -->","yoast_head_json":{"title":"Nemzetk\u00f6zi m\u0171helykonferenci\u00e1t tartott egy kutat\u00f3csoport Esztergomban","robots":{"index":"index","follow":"follow","max-snippet":"max-snippet:-1","max-image-preview":"max-image-preview:large","max-video-preview":"max-video-preview:-1"},"canonical":"https:\/\/dorogimedence.hu\/index.php\/2025\/01\/29\/nemzetkozi-muhelykonferenciat-tartott-egy-kutatocsoport-esztergomban\/","og_locale":"hu_HU","og_type":"article","og_title":"Nemzetk\u00f6zi m\u0171helykonferenci\u00e1t tartott egy kutat\u00f3csoport Esztergomban","og_description":"A P\u00e1zm\u00e1ny P\u00e9ter Katolikus Egyetem B\u00f6lcs\u00e9szet- \u00e9s T\u00e1rsadalomtudom\u00e1nyi kar\u00e1n m\u0171k\u00f6d\u0151 Vestigia Kutat\u00f3csoport nemzetk\u00f6zi m\u0171helykonferenci\u00e1t tartott a h\u00e9tv\u00e9g\u00e9n Esztergomban. A Domokos Gy\u00f6rgy, az Olasz Tansz\u00e9k f\u0151\u00e1ll\u00e1s\u00fa egyetemi tan\u00e1ra vezet\u00e9s\u00e9vel m\u0171k\u00f6d\u0151, els\u0151sorban 14\u201316. sz\u00e1zadi magyar vonatkoz\u00e1s\u00fa dokumentumok felt\u00e1r\u00e1s\u00e1t v\u00e9gz\u0151 kutat\u00f3csoport tagjai t\u00f6bb magyarorsz\u00e1gi egyetem \u00e9s orsz\u00e1gos int\u00e9zm\u00e9ny nyelv\u00e9szei \u00e9s t\u00f6rt\u00e9n\u00e9szei, ez\u00e9rt a kutat\u00f3csoport fontos integr\u00e1l\u00f3 szerepet t\u00f6lt","og_url":"https:\/\/dorogimedence.hu\/index.php\/2025\/01\/29\/nemzetkozi-muhelykonferenciat-tartott-egy-kutatocsoport-esztergomban\/","og_site_name":"Dorogi-medence Region\u00e1lis H\u00edrport\u00e1l","article_publisher":"https:\/\/www.facebook.com\/dorogimedence\/","article_published_time":"2025-01-29T14:11:00+00:00","article_modified_time":"2025-01-29T14:11:52+00:00","og_image":[{"width":1920,"height":970,"url":"https:\/\/dorogimedence.hu\/wp-content\/uploads\/2025\/01\/olasz-01.jpg","type":"image\/jpeg"}],"author":"dorogimedence.hu","twitter_card":"summary_large_image","twitter_misc":{"Szerz\u0151:":"dorogimedence.hu","Becs\u00fclt olvas\u00e1si id\u0151":"1 perc"},"schema":{"@context":"https:\/\/schema.org","@graph":[{"@type":"Article","@id":"https:\/\/dorogimedence.hu\/index.php\/2025\/01\/29\/nemzetkozi-muhelykonferenciat-tartott-egy-kutatocsoport-esztergomban\/#article","isPartOf":{"@id":"https:\/\/dorogimedence.hu\/index.php\/2025\/01\/29\/nemzetkozi-muhelykonferenciat-tartott-egy-kutatocsoport-esztergomban\/"},"author":{"name":"dorogimedence.hu","@id":"https:\/\/dorogimedence.hu\/#\/schema\/person\/ce6091eeb7e95ecdc87890d6aa8e0fd4"},"headline":"Nemzetk\u00f6zi m\u0171helykonferenci\u00e1t tartott egy kutat\u00f3csoport Esztergomban","datePublished":"2025-01-29T14:11:00+00:00","dateModified":"2025-01-29T14:11:52+00:00","mainEntityOfPage":{"@id":"https:\/\/dorogimedence.hu\/index.php\/2025\/01\/29\/nemzetkozi-muhelykonferenciat-tartott-egy-kutatocsoport-esztergomban\/"},"wordCount":264,"publisher":{"@id":"https:\/\/dorogimedence.hu\/#organization"},"image":{"@id":"https:\/\/dorogimedence.hu\/index.php\/2025\/01\/29\/nemzetkozi-muhelykonferenciat-tartott-egy-kutatocsoport-esztergomban\/#primaryimage"},"thumbnailUrl":"https:\/\/dorogimedence.hu\/wp-content\/uploads\/2025\/01\/olasz-01.jpg","keywords":["esztergom","olasz","P\u00e1zm\u00e1ny"],"articleSection":["Esztergom","H\u00edrek"],"inLanguage":"hu"},{"@type":"WebPage","@id":"https:\/\/dorogimedence.hu\/index.php\/2025\/01\/29\/nemzetkozi-muhelykonferenciat-tartott-egy-kutatocsoport-esztergomban\/","url":"https:\/\/dorogimedence.hu\/index.php\/2025\/01\/29\/nemzetkozi-muhelykonferenciat-tartott-egy-kutatocsoport-esztergomban\/","name":"Nemzetk\u00f6zi m\u0171helykonferenci\u00e1t tartott egy kutat\u00f3csoport Esztergomban","isPartOf":{"@id":"https:\/\/dorogimedence.hu\/#website"},"primaryImageOfPage":{"@id":"https:\/\/dorogimedence.hu\/index.php\/2025\/01\/29\/nemzetkozi-muhelykonferenciat-tartott-egy-kutatocsoport-esztergomban\/#primaryimage"},"image":{"@id":"https:\/\/dorogimedence.hu\/index.php\/2025\/01\/29\/nemzetkozi-muhelykonferenciat-tartott-egy-kutatocsoport-esztergomban\/#primaryimage"},"thumbnailUrl":"https:\/\/dorogimedence.hu\/wp-content\/uploads\/2025\/01\/olasz-01.jpg","datePublished":"2025-01-29T14:11:00+00:00","dateModified":"2025-01-29T14:11:52+00:00","breadcrumb":{"@id":"https:\/\/dorogimedence.hu\/index.php\/2025\/01\/29\/nemzetkozi-muhelykonferenciat-tartott-egy-kutatocsoport-esztergomban\/#breadcrumb"},"inLanguage":"hu","potentialAction":[{"@type":"ReadAction","target":["https:\/\/dorogimedence.hu\/index.php\/2025\/01\/29\/nemzetkozi-muhelykonferenciat-tartott-egy-kutatocsoport-esztergomban\/"]}]},{"@type":"ImageObject","inLanguage":"hu","@id":"https:\/\/dorogimedence.hu\/index.php\/2025\/01\/29\/nemzetkozi-muhelykonferenciat-tartott-egy-kutatocsoport-esztergomban\/#primaryimage","url":"https:\/\/dorogimedence.hu\/wp-content\/uploads\/2025\/01\/olasz-01.jpg","contentUrl":"https:\/\/dorogimedence.hu\/wp-content\/uploads\/2025\/01\/olasz-01.jpg","width":1920,"height":970},{"@type":"BreadcrumbList","@id":"https:\/\/dorogimedence.hu\/index.php\/2025\/01\/29\/nemzetkozi-muhelykonferenciat-tartott-egy-kutatocsoport-esztergomban\/#breadcrumb","itemListElement":[{"@type":"ListItem","position":1,"name":"Kezd\u0151lap","item":"https:\/\/dorogimedence.hu\/"},{"@type":"ListItem","position":2,"name":"Nemzetk\u00f6zi m\u0171helykonferenci\u00e1t tartott egy kutat\u00f3csoport Esztergomban"}]},{"@type":"WebSite","@id":"https:\/\/dorogimedence.hu\/#website","url":"https:\/\/dorogimedence.hu\/","name":"Dorogi-medence Region\u00e1lis H\u00edrport\u00e1l","description":"Dorog, Keszt\u00f6lc, Le\u00e1nyv\u00e1r, Piliscs\u00e9v, Tokod, Tokodalt\u00e1r\u00f3, Csolnok, Esztergom-kertv\u00e1ros: h\u00edrek, programok","publisher":{"@id":"https:\/\/dorogimedence.hu\/#organization"},"potentialAction":[{"@type":"SearchAction","target":{"@type":"EntryPoint","urlTemplate":"https:\/\/dorogimedence.hu\/?s={search_term_string}"},"query-input":{"@type":"PropertyValueSpecification","valueRequired":true,"valueName":"search_term_string"}}],"inLanguage":"hu"},{"@type":"Organization","@id":"https:\/\/dorogimedence.hu\/#organization","name":"Dorogi-medence Region\u00e1lis H\u00edrport\u00e1l","url":"https:\/\/dorogimedence.hu\/","logo":{"@type":"ImageObject","inLanguage":"hu","@id":"https:\/\/dorogimedence.hu\/#\/schema\/logo\/image\/","url":"https:\/\/dorogimedence.hu\/wp-content\/uploads\/2021\/04\/logo-feher-600.png","contentUrl":"https:\/\/dorogimedence.hu\/wp-content\/uploads\/2021\/04\/logo-feher-600.png","width":600,"height":100,"caption":"Dorogi-medence Region\u00e1lis H\u00edrport\u00e1l"},"image":{"@id":"https:\/\/dorogimedence.hu\/#\/schema\/logo\/image\/"},"sameAs":["https:\/\/www.facebook.com\/dorogimedence\/"]},{"@type":"Person","@id":"https:\/\/dorogimedence.hu\/#\/schema\/person\/ce6091eeb7e95ecdc87890d6aa8e0fd4","name":"dorogimedence.hu","image":{"@type":"ImageObject","inLanguage":"hu","@id":"\/\/www.gravatar.com\/avatar\/d8d45f8901aadff40a4af72c0b826f1d?s=96&#038;r=g&#038;d=mm","url":"\/\/www.gravatar.com\/avatar\/d8d45f8901aadff40a4af72c0b826f1d?s=96&#038;r=g&#038;d=mm","contentUrl":"\/\/www.gravatar.com\/avatar\/d8d45f8901aadff40a4af72c0b826f1d?s=96&#038;r=g&#038;d=mm","caption":"dorogimedence.hu"}}]}},"_links":{"self":[{"href":"https:\/\/dorogimedence.hu\/index.php\/wp-json\/wp\/v2\/posts\/68488","targetHints":{"allow":["GET"]}}],"collection":[{"href":"https:\/\/dorogimedence.hu\/index.php\/wp-json\/wp\/v2\/posts"}],"about":[{"href":"https:\/\/dorogimedence.hu\/index.php\/wp-json\/wp\/v2\/types\/post"}],"author":[{"embeddable":true,"href":"https:\/\/dorogimedence.hu\/index.php\/wp-json\/wp\/v2\/users\/1"}],"replies":[{"embeddable":true,"href":"https:\/\/dorogimedence.hu\/index.php\/wp-json\/wp\/v2\/comments?post=68488"}],"version-history":[{"count":0,"href":"https:\/\/dorogimedence.hu\/index.php\/wp-json\/wp\/v2\/posts\/68488\/revisions"}],"wp:featuredmedia":[{"embeddable":true,"href":"https:\/\/dorogimedence.hu\/index.php\/wp-json\/wp\/v2\/media\/68489"}],"wp:attachment":[{"href":"https:\/\/dorogimedence.hu\/index.php\/wp-json\/wp\/v2\/media?parent=68488"}],"wp:term":[{"taxonomy":"category","embeddable":true,"href":"https:\/\/dorogimedence.hu\/index.php\/wp-json\/wp\/v2\/categories?post=68488"},{"taxonomy":"post_tag","embeddable":true,"href":"https:\/\/dorogimedence.hu\/index.php\/wp-json\/wp\/v2\/tags?post=68488"}],"curies":[{"name":"wp","href":"https:\/\/api.w.org\/{rel}","templated":true}]}}