{"id":68408,"date":"2025-01-27T09:37:27","date_gmt":"2025-01-27T08:37:27","guid":{"rendered":"https:\/\/dorogimedence.hu\/?p=68408"},"modified":"2025-01-27T09:37:27","modified_gmt":"2025-01-27T08:37:27","slug":"uj-ev-uj-en-uj-hajszin","status":"publish","type":"post","link":"https:\/\/dorogimedence.hu\/index.php\/2025\/01\/27\/uj-ev-uj-en-uj-hajszin\/","title":{"rendered":"\u00daj \u00e9v, \u00faj \u00e9n, \u00faj hajsz\u00edn?"},"content":{"rendered":"<p><strong>2025-ben a hajsz\u00ednek vil\u00e1g\u00e1ban olyan v\u00e1ltozatos trendek jelennek meg, amelyek minden st\u00edlust \u00e9s szem\u00e9lyis\u00e9get kiszolg\u00e1lnak. Ak\u00e1r term\u00e9szetes eleganci\u00e1ra, ak\u00e1r mer\u00e9sz megjelen\u00e9sre v\u00e1gysz, az idei \u00e9v sz\u00ednei \u00e9s technik\u00e1i garant\u00e1ltan inspir\u00e1lnak. L\u00e1ssuk, mit tartogat sz\u00e1modra az \u00e9v hajsz\u00edn palett\u00e1ja!<\/strong><\/p>\n<h2><b>Vissza a gy\u00f6kerekhez: a term\u00e9szetes \u00e1rnyalatok uralma<\/b><\/h2>\n<p><a href=\"https:\/\/luxoya.com\/magazin\/hajapolas\/trendi-hajszinek-2025-ben\" target=\"_blank\" rel=\"noopener\"><span style=\"font-weight: 400;\"><span style=\"text-decoration: underline; color: #0000ff;\">2025 hajsz\u00edn trendjei<\/span><\/span><\/a><span style=\"font-weight: 400;\"> k\u00f6z\u00f6tt az egyszer\u0171s\u00e9g \u00e9s a term\u00e9szetess\u00e9g tov\u00e1bbra is vezet\u0151 marad. A m\u00e9zes sz\u0151ke, az arany \u00e1rnyalatok \u00e9s a s\u00f6t\u00e9t karamell t\u00f3nusok olyan kifinomults\u00e1got sug\u00e1roznak, amelyek minden frizur\u00e1t eleg\u00e1nss\u00e1 var\u00e1zsolnak. Ezek a sz\u00ednek az eg\u00e9szs\u00e9ges, f\u00e9nyes hajon mutatnak a legjobban, ez\u00e9rt id\u00e9n is k\u00fcl\u00f6n\u00f6sen fontos a megfelel\u0151 haj\u00e1pol\u00e1s. <\/span><span style=\"font-weight: 400;\">Ha vil\u00e1gos b\u0151rt\u00f3nusod van, v\u00e1lassz hamvas sz\u0151ke vagy platinasz\u0151ke \u00e1rnyalatot. A meleg b\u0151rt\u00f3nusokhoz pedig ink\u00e1bb a m\u00e9lyebb, aranysz\u0151ke \u00e9s karamelles sz\u00ednek illenek igaz\u00e1n.<\/span><\/p>\n<h2><b>\u00dajragondolt klasszikusok: f\u00fcst\u00f6s bronz \u00e9s f\u00f6ldsz\u00ednek<\/b><\/h2>\n<p><span style=\"font-weight: 400;\">Azok sz\u00e1m\u00e1ra, akik a term\u00e9szetess\u00e9get modern csavarral p\u00e1ros\u00edtan\u00e1k, a f\u00fcst\u00f6s bronz \u00e9s a gombabarna \u00e1rnyalatok bizonyulnak a legjobb v\u00e1laszt\u00e1snak. Ezek a l\u00e1gy, hamvas t\u00f3nusok letisztult, m\u00e9gis karakteres megjelen\u00e9st k\u00f6lcs\u00f6n\u00f6znek.<\/span><b> <\/b><span style=\"font-weight: 400;\">Kombin\u00e1ld ezeket az \u00e1rnyalatokat hull\u00e1mos vagy r\u00e9teges frizur\u00e1val, hogy m\u00e9lys\u00e9get \u00e9s text\u00far\u00e1t adj a hajadnak.<\/span><\/p>\n<h2><b>Mer\u00e9sz \u00e9s \u00e9l\u00e9nk \u00e1rnyalatok<\/b><\/h2>\n<p><span style=\"font-weight: 400;\">Ha im\u00e1dod a sz\u00ednekkel val\u00f3 k\u00eds\u00e9rletez\u00e9st, a pasztell \u00e9s neon \u00e1rnyalatok id\u00e9n is tarolnak. Az akvamarin k\u00e9k, a r\u00f3zsakvarc \u00e9s a lila k\u00fcl\u00f6nf\u00e9le v\u00e1ltozatai azok sz\u00e1m\u00e1ra t\u00f6k\u00e9letesek, akik szeretik a figyelem k\u00f6z\u00e9ppontj\u00e1ban lenni. Ezek az \u00e1rnyalatok b\u00e1trak \u00e9s energikusak \u2013 pont, mint te?<\/span><\/p>\n<p><img fetchpriority=\"high\" decoding=\"async\" class=\"alignnone size-full wp-image-68410\" src=\"https:\/\/dorogimedence.hu\/wp-content\/uploads\/2025\/01\/uj-ev-uj-en-uj-hajszin-2.jpg\" alt=\"\" width=\"1500\" height=\"1000\"><\/p>\n<h2><b>A klasszikus meleg t\u00f3nusok: r\u00e9zv\u00f6r\u00f6s \u00e9s mahag\u00f3ni&nbsp;<\/b><\/h2>\n<p><span style=\"font-weight: 400;\">A klasszikus v\u00f6r\u00f6s \u00e1rnyalatok sosem mennek ki a divatb\u00f3l, \u00e9s 2025-ben k\u00fcl\u00f6n\u00f6sen n\u00e9pszer\u0171ek lesznek a r\u00e9zv\u00f6r\u00f6s \u00e9s mahag\u00f3ni sz\u00ednek. Ezek a meleg t\u00f3nusok szinte minden b\u0151rt\u00f3nushoz illenek, \u00e9s kiemelik a term\u00e9szetes sz\u00e9ps\u00e9get.<\/span><b> <\/b><span style=\"font-weight: 400;\">G\u00f6nd\u00f6r vagy hull\u00e1mos hajon ezek az \u00e1rnyalatok m\u00e9g vibr\u00e1l\u00f3bbak, mivel a haj mozg\u00e1sa j\u00e1t\u00e9koss\u00e1 teszi a sz\u00edneket.<\/span><\/p>\n<h2><b>Technikai innov\u00e1ci\u00f3k: A hajsz\u00ednez\u00e9s \u00faj szintje<\/b><\/h2>\n<p><span style=\"font-weight: 400;\">Id\u00e9n nemcsak az \u00e1rnyalatok, hanem a technik\u00e1k is fejl\u0151dtek. A 2025-\u00f6s trendek k\u00f6z\u00f6tt az al\u00e1bbiak biztosan meg\u00e9rik a figyelmet:<\/span><\/p>\n<ul>\n<li aria-level=\"1\"><b>Air touch technika:<\/b><span style=\"font-weight: 400;\"> Finom \u00e1tmeneteket hoz l\u00e9tre, term\u00e9szetes \u00e9s dinamikus hat\u00e1ssal. Ez a technika k\u00fcl\u00f6n\u00f6sen j\u00f3l m\u0171k\u00f6dik hosszabb hajon.<\/span><\/li>\n<li aria-level=\"1\"><b>Kreat\u00edv balayage:<\/b><span style=\"font-weight: 400;\"> Pasztell-lila \u00e9s hamvas sz\u0151ke kombin\u00e1ci\u00f3j\u00e1val modern \u00e9s m\u0171v\u00e9szi megjelen\u00e9st biztos\u00edt.<\/span><\/li>\n<li aria-level=\"1\"><b>Reverse ombre:<\/b><span style=\"font-weight: 400;\"> A vil\u00e1gos hajt\u00f6vekt\u0151l a s\u00f6t\u00e9tebb v\u00e9gekig terjed\u0151 \u00e1tmenet k\u00fcl\u00f6nleges fordulatot ad a klasszikus st\u00edlusnak.<\/span><\/li>\n<\/ul>\n<h2><b>Hogyan tartsd meg a hajad eg\u00e9szs\u00e9g\u00e9t sz\u00ednez\u00e9s k\u00f6zben?<\/b><\/h2>\n<p><span style=\"font-weight: 400;\">Ahhoz, hogy a sz\u00ednek igaz\u00e1n ragyog\u00f3ak maradjanak, fontos a megfelel\u0151 haj\u00e1pol\u00e1s. \u00cdme n\u00e9h\u00e1ny tipp:<\/span><\/p>\n<ul>\n<li aria-level=\"1\"><b>H\u0151v\u00e9delem:<\/b><span style=\"font-weight: 400;\"> Mindig haszn\u00e1lj h\u0151v\u00e9d\u0151 spray-t hajform\u00e1z\u00e1s el\u0151tt.<\/span><\/li>\n<li aria-level=\"1\"><b>Sz\u00ednv\u00e9d\u0151 term\u00e9kek:<\/b><span style=\"font-weight: 400;\"> V\u00e1lassz sz\u00ednezett hajra kifejlesztett samponokat \u00e9s balzsamokat.<\/span><\/li>\n<li aria-level=\"1\"><b>Hidrat\u00e1l\u00e1s:<\/b><span style=\"font-weight: 400;\"> Hetente legal\u00e1bb egyszer haszn\u00e1lj a hajt\u00edpusodnak \u00e9s a fejb\u0151r\u00f6dnek megfelel\u0151 hidrat\u00e1l\u00f3 hajpakol\u00e1st vagy hajolajat.<\/span><\/li>\n<li aria-level=\"1\"><b>Mos\u00e1si rutin:<\/b><span style=\"font-weight: 400;\"> Cs\u00f6kkentsd a hajmos\u00e1sok sz\u00e1m\u00e1t heti egy-k\u00e9t alkalomra.<\/span><\/li>\n<\/ul>\n<h2><b>Te melyik trendet pr\u00f3b\u00e1lod ki?<\/b><\/h2>\n<p><span style=\"font-weight: 400;\">A 2025-\u00f6s hajsz\u00edn trendek lehet\u0151s\u00e9get adnak arra, hogy felfedezd vagy ak\u00e1r teljesen \u00fajraalkosd a saj\u00e1t st\u00edlusodat. Legyen az term\u00e9szetes elegancia, modern csavar vagy vibr\u00e1l\u00f3 extravagancia, id\u00e9n mindenki megtal\u00e1lja a hozz\u00e1 ill\u0151 \u00e1rnyalatot. Merj k\u00eds\u00e9rletezni, \u00e9s ne f\u00e9lj megmutatni a vil\u00e1g sz\u00e1m\u00e1ra a legjobb \u00e9ned!<\/span><\/p>\n","protected":false},"excerpt":{"rendered":"<p>2025-ben a hajsz\u00ednek vil\u00e1g\u00e1ban olyan v\u00e1ltozatos trendek jelennek meg, amelyek minden st\u00edlust \u00e9s szem\u00e9lyis\u00e9get kiszolg\u00e1lnak. Ak\u00e1r term\u00e9szetes eleganci\u00e1ra, ak\u00e1r mer\u00e9sz megjelen\u00e9sre v\u00e1gysz, az idei \u00e9v sz\u00ednei \u00e9s technik\u00e1i garant\u00e1ltan inspir\u00e1lnak. L\u00e1ssuk, mit tartogat sz\u00e1modra az \u00e9v hajsz\u00edn palett\u00e1ja! Vissza a gy\u00f6kerekhez: a term\u00e9szetes \u00e1rnyalatok uralma 2025 hajsz\u00edn trendjei k\u00f6z\u00f6tt az egyszer\u0171s\u00e9g \u00e9s a term\u00e9szetess\u00e9g tov\u00e1bbra<\/p>\n","protected":false},"author":1,"featured_media":0,"comment_status":"closed","ping_status":"closed","sticky":false,"template":"","format":"standard","meta":{"ngg_post_thumbnail":0,"footnotes":""},"categories":[3],"tags":[8227,8228,8229],"class_list":{"0":"post-68408","1":"post","2":"type-post","3":"status-publish","4":"format-standard","6":"category-hirek","7":"tag-haj","8":"tag-hajfestek","9":"tag-hajszin"},"yoast_head":"<!-- This site is optimized with the Yoast SEO plugin v27.5 - https:\/\/yoast.com\/product\/yoast-seo-wordpress\/ -->\n<title>\u00daj \u00e9v, \u00faj \u00e9n, \u00faj hajsz\u00edn?<\/title>\n<meta name=\"robots\" content=\"index, follow, max-snippet:-1, max-image-preview:large, max-video-preview:-1\" \/>\n<link rel=\"canonical\" href=\"https:\/\/dorogimedence.hu\/index.php\/2025\/01\/27\/uj-ev-uj-en-uj-hajszin\/\" class=\"yoast-seo-meta-tag\" \/>\n<meta property=\"og:locale\" content=\"hu_HU\" class=\"yoast-seo-meta-tag\" \/>\n<meta property=\"og:type\" content=\"article\" class=\"yoast-seo-meta-tag\" \/>\n<meta property=\"og:title\" content=\"\u00daj \u00e9v, \u00faj \u00e9n, \u00faj hajsz\u00edn?\" class=\"yoast-seo-meta-tag\" \/>\n<meta property=\"og:description\" content=\"2025-ben a hajsz\u00ednek vil\u00e1g\u00e1ban olyan v\u00e1ltozatos trendek jelennek meg, amelyek minden st\u00edlust \u00e9s szem\u00e9lyis\u00e9get kiszolg\u00e1lnak. Ak\u00e1r term\u00e9szetes eleganci\u00e1ra, ak\u00e1r mer\u00e9sz megjelen\u00e9sre v\u00e1gysz, az idei \u00e9v sz\u00ednei \u00e9s technik\u00e1i garant\u00e1ltan inspir\u00e1lnak. L\u00e1ssuk, mit tartogat sz\u00e1modra az \u00e9v hajsz\u00edn palett\u00e1ja! Vissza a gy\u00f6kerekhez: a term\u00e9szetes \u00e1rnyalatok uralma 2025 hajsz\u00edn trendjei k\u00f6z\u00f6tt az egyszer\u0171s\u00e9g \u00e9s a term\u00e9szetess\u00e9g tov\u00e1bbra\" class=\"yoast-seo-meta-tag\" \/>\n<meta property=\"og:url\" content=\"https:\/\/dorogimedence.hu\/index.php\/2025\/01\/27\/uj-ev-uj-en-uj-hajszin\/\" class=\"yoast-seo-meta-tag\" \/>\n<meta property=\"og:site_name\" content=\"Dorogi-medence Region\u00e1lis H\u00edrport\u00e1l\" class=\"yoast-seo-meta-tag\" \/>\n<meta property=\"article:publisher\" content=\"https:\/\/www.facebook.com\/dorogimedence\/\" class=\"yoast-seo-meta-tag\" \/>\n<meta property=\"article:published_time\" content=\"2025-01-27T08:37:27+00:00\" class=\"yoast-seo-meta-tag\" \/>\n<meta property=\"og:image\" content=\"https:\/\/dorogimedence.hu\/wp-content\/uploads\/2025\/01\/j-ev-uj-en-uj-hajszin-1.jpg\" class=\"yoast-seo-meta-tag\" \/>\n\t<meta property=\"og:image:width\" content=\"1500\" class=\"yoast-seo-meta-tag\" \/>\n\t<meta property=\"og:image:height\" content=\"1001\" class=\"yoast-seo-meta-tag\" \/>\n\t<meta property=\"og:image:type\" content=\"image\/jpeg\" class=\"yoast-seo-meta-tag\" \/>\n<meta name=\"author\" content=\"dorogimedence.hu\" class=\"yoast-seo-meta-tag\" \/>\n<meta name=\"twitter:card\" content=\"summary_large_image\" class=\"yoast-seo-meta-tag\" \/>\n<meta name=\"twitter:label1\" content=\"Szerz\u0151:\" class=\"yoast-seo-meta-tag\" \/>\n\t<meta name=\"twitter:data1\" content=\"dorogimedence.hu\" class=\"yoast-seo-meta-tag\" \/>\n\t<meta name=\"twitter:label2\" content=\"Becs\u00fclt olvas\u00e1si id\u0151\" class=\"yoast-seo-meta-tag\" \/>\n\t<meta name=\"twitter:data2\" content=\"4 perc\" class=\"yoast-seo-meta-tag\" \/>\n<script type=\"application\/ld+json\" class=\"yoast-schema-graph\">{\"@context\":\"https:\\\/\\\/schema.org\",\"@graph\":[{\"@type\":\"Article\",\"@id\":\"https:\\\/\\\/dorogimedence.hu\\\/index.php\\\/2025\\\/01\\\/27\\\/uj-ev-uj-en-uj-hajszin\\\/#article\",\"isPartOf\":{\"@id\":\"https:\\\/\\\/dorogimedence.hu\\\/index.php\\\/2025\\\/01\\\/27\\\/uj-ev-uj-en-uj-hajszin\\\/\"},\"author\":{\"name\":\"dorogimedence.hu\",\"@id\":\"https:\\\/\\\/dorogimedence.hu\\\/#\\\/schema\\\/person\\\/ce6091eeb7e95ecdc87890d6aa8e0fd4\"},\"headline\":\"\u00daj \u00e9v, \u00faj \u00e9n, \u00faj hajsz\u00edn?\",\"datePublished\":\"2025-01-27T08:37:27+00:00\",\"mainEntityOfPage\":{\"@id\":\"https:\\\/\\\/dorogimedence.hu\\\/index.php\\\/2025\\\/01\\\/27\\\/uj-ev-uj-en-uj-hajszin\\\/\"},\"wordCount\":712,\"publisher\":{\"@id\":\"https:\\\/\\\/dorogimedence.hu\\\/#organization\"},\"image\":{\"@id\":\"https:\\\/\\\/dorogimedence.hu\\\/index.php\\\/2025\\\/01\\\/27\\\/uj-ev-uj-en-uj-hajszin\\\/#primaryimage\"},\"thumbnailUrl\":\"https:\\\/\\\/dorogimedence.hu\\\/wp-content\\\/uploads\\\/2025\\\/01\\\/uj-ev-uj-en-uj-hajszin-2.jpg\",\"keywords\":[\"haj\",\"hajfest\u00e9k\",\"hajsz\u00edn\"],\"articleSection\":[\"H\u00edrek\"],\"inLanguage\":\"hu\"},{\"@type\":\"WebPage\",\"@id\":\"https:\\\/\\\/dorogimedence.hu\\\/index.php\\\/2025\\\/01\\\/27\\\/uj-ev-uj-en-uj-hajszin\\\/\",\"url\":\"https:\\\/\\\/dorogimedence.hu\\\/index.php\\\/2025\\\/01\\\/27\\\/uj-ev-uj-en-uj-hajszin\\\/\",\"name\":\"\u00daj \u00e9v, \u00faj \u00e9n, \u00faj hajsz\u00edn?\",\"isPartOf\":{\"@id\":\"https:\\\/\\\/dorogimedence.hu\\\/#website\"},\"primaryImageOfPage\":{\"@id\":\"https:\\\/\\\/dorogimedence.hu\\\/index.php\\\/2025\\\/01\\\/27\\\/uj-ev-uj-en-uj-hajszin\\\/#primaryimage\"},\"image\":{\"@id\":\"https:\\\/\\\/dorogimedence.hu\\\/index.php\\\/2025\\\/01\\\/27\\\/uj-ev-uj-en-uj-hajszin\\\/#primaryimage\"},\"thumbnailUrl\":\"https:\\\/\\\/dorogimedence.hu\\\/wp-content\\\/uploads\\\/2025\\\/01\\\/uj-ev-uj-en-uj-hajszin-2.jpg\",\"datePublished\":\"2025-01-27T08:37:27+00:00\",\"breadcrumb\":{\"@id\":\"https:\\\/\\\/dorogimedence.hu\\\/index.php\\\/2025\\\/01\\\/27\\\/uj-ev-uj-en-uj-hajszin\\\/#breadcrumb\"},\"inLanguage\":\"hu\",\"potentialAction\":[{\"@type\":\"ReadAction\",\"target\":[\"https:\\\/\\\/dorogimedence.hu\\\/index.php\\\/2025\\\/01\\\/27\\\/uj-ev-uj-en-uj-hajszin\\\/\"]}]},{\"@type\":\"ImageObject\",\"inLanguage\":\"hu\",\"@id\":\"https:\\\/\\\/dorogimedence.hu\\\/index.php\\\/2025\\\/01\\\/27\\\/uj-ev-uj-en-uj-hajszin\\\/#primaryimage\",\"url\":\"https:\\\/\\\/dorogimedence.hu\\\/wp-content\\\/uploads\\\/2025\\\/01\\\/uj-ev-uj-en-uj-hajszin-2.jpg\",\"contentUrl\":\"https:\\\/\\\/dorogimedence.hu\\\/wp-content\\\/uploads\\\/2025\\\/01\\\/uj-ev-uj-en-uj-hajszin-2.jpg\"},{\"@type\":\"BreadcrumbList\",\"@id\":\"https:\\\/\\\/dorogimedence.hu\\\/index.php\\\/2025\\\/01\\\/27\\\/uj-ev-uj-en-uj-hajszin\\\/#breadcrumb\",\"itemListElement\":[{\"@type\":\"ListItem\",\"position\":1,\"name\":\"Kezd\u0151lap\",\"item\":\"https:\\\/\\\/dorogimedence.hu\\\/\"},{\"@type\":\"ListItem\",\"position\":2,\"name\":\"\u00daj \u00e9v, \u00faj \u00e9n, \u00faj hajsz\u00edn?\"}]},{\"@type\":\"WebSite\",\"@id\":\"https:\\\/\\\/dorogimedence.hu\\\/#website\",\"url\":\"https:\\\/\\\/dorogimedence.hu\\\/\",\"name\":\"Dorogi-medence Region\u00e1lis H\u00edrport\u00e1l\",\"description\":\"Dorog, Keszt\u00f6lc, Le\u00e1nyv\u00e1r, Piliscs\u00e9v, Tokod, Tokodalt\u00e1r\u00f3, Csolnok, Esztergom-kertv\u00e1ros: h\u00edrek, programok\",\"publisher\":{\"@id\":\"https:\\\/\\\/dorogimedence.hu\\\/#organization\"},\"potentialAction\":[{\"@type\":\"SearchAction\",\"target\":{\"@type\":\"EntryPoint\",\"urlTemplate\":\"https:\\\/\\\/dorogimedence.hu\\\/?s={search_term_string}\"},\"query-input\":{\"@type\":\"PropertyValueSpecification\",\"valueRequired\":true,\"valueName\":\"search_term_string\"}}],\"inLanguage\":\"hu\"},{\"@type\":\"Organization\",\"@id\":\"https:\\\/\\\/dorogimedence.hu\\\/#organization\",\"name\":\"Dorogi-medence Region\u00e1lis H\u00edrport\u00e1l\",\"url\":\"https:\\\/\\\/dorogimedence.hu\\\/\",\"logo\":{\"@type\":\"ImageObject\",\"inLanguage\":\"hu\",\"@id\":\"https:\\\/\\\/dorogimedence.hu\\\/#\\\/schema\\\/logo\\\/image\\\/\",\"url\":\"https:\\\/\\\/dorogimedence.hu\\\/wp-content\\\/uploads\\\/2021\\\/04\\\/logo-feher-600.png\",\"contentUrl\":\"https:\\\/\\\/dorogimedence.hu\\\/wp-content\\\/uploads\\\/2021\\\/04\\\/logo-feher-600.png\",\"width\":600,\"height\":100,\"caption\":\"Dorogi-medence Region\u00e1lis H\u00edrport\u00e1l\"},\"image\":{\"@id\":\"https:\\\/\\\/dorogimedence.hu\\\/#\\\/schema\\\/logo\\\/image\\\/\"},\"sameAs\":[\"https:\\\/\\\/www.facebook.com\\\/dorogimedence\\\/\"]},{\"@type\":\"Person\",\"@id\":\"https:\\\/\\\/dorogimedence.hu\\\/#\\\/schema\\\/person\\\/ce6091eeb7e95ecdc87890d6aa8e0fd4\",\"name\":\"dorogimedence.hu\",\"image\":{\"@type\":\"ImageObject\",\"inLanguage\":\"hu\",\"@id\":\"\\\/\\\/www.gravatar.com\\\/avatar\\\/d8d45f8901aadff40a4af72c0b826f1d?s=96&#038;r=g&#038;d=mm\",\"url\":\"\\\/\\\/www.gravatar.com\\\/avatar\\\/d8d45f8901aadff40a4af72c0b826f1d?s=96&#038;r=g&#038;d=mm\",\"contentUrl\":\"\\\/\\\/www.gravatar.com\\\/avatar\\\/d8d45f8901aadff40a4af72c0b826f1d?s=96&#038;r=g&#038;d=mm\",\"caption\":\"dorogimedence.hu\"}}]}<\/script>\n<!-- \/ Yoast SEO plugin. -->","yoast_head_json":{"title":"\u00daj \u00e9v, \u00faj \u00e9n, \u00faj hajsz\u00edn?","robots":{"index":"index","follow":"follow","max-snippet":"max-snippet:-1","max-image-preview":"max-image-preview:large","max-video-preview":"max-video-preview:-1"},"canonical":"https:\/\/dorogimedence.hu\/index.php\/2025\/01\/27\/uj-ev-uj-en-uj-hajszin\/","og_locale":"hu_HU","og_type":"article","og_title":"\u00daj \u00e9v, \u00faj \u00e9n, \u00faj hajsz\u00edn?","og_description":"2025-ben a hajsz\u00ednek vil\u00e1g\u00e1ban olyan v\u00e1ltozatos trendek jelennek meg, amelyek minden st\u00edlust \u00e9s szem\u00e9lyis\u00e9get kiszolg\u00e1lnak. Ak\u00e1r term\u00e9szetes eleganci\u00e1ra, ak\u00e1r mer\u00e9sz megjelen\u00e9sre v\u00e1gysz, az idei \u00e9v sz\u00ednei \u00e9s technik\u00e1i garant\u00e1ltan inspir\u00e1lnak. L\u00e1ssuk, mit tartogat sz\u00e1modra az \u00e9v hajsz\u00edn palett\u00e1ja! Vissza a gy\u00f6kerekhez: a term\u00e9szetes \u00e1rnyalatok uralma 2025 hajsz\u00edn trendjei k\u00f6z\u00f6tt az egyszer\u0171s\u00e9g \u00e9s a term\u00e9szetess\u00e9g tov\u00e1bbra","og_url":"https:\/\/dorogimedence.hu\/index.php\/2025\/01\/27\/uj-ev-uj-en-uj-hajszin\/","og_site_name":"Dorogi-medence Region\u00e1lis H\u00edrport\u00e1l","article_publisher":"https:\/\/www.facebook.com\/dorogimedence\/","article_published_time":"2025-01-27T08:37:27+00:00","og_image":[{"width":1500,"height":1001,"url":"https:\/\/dorogimedence.hu\/wp-content\/uploads\/2025\/01\/j-ev-uj-en-uj-hajszin-1.jpg","type":"image\/jpeg"}],"author":"dorogimedence.hu","twitter_card":"summary_large_image","twitter_misc":{"Szerz\u0151:":"dorogimedence.hu","Becs\u00fclt olvas\u00e1si id\u0151":"4 perc"},"schema":{"@context":"https:\/\/schema.org","@graph":[{"@type":"Article","@id":"https:\/\/dorogimedence.hu\/index.php\/2025\/01\/27\/uj-ev-uj-en-uj-hajszin\/#article","isPartOf":{"@id":"https:\/\/dorogimedence.hu\/index.php\/2025\/01\/27\/uj-ev-uj-en-uj-hajszin\/"},"author":{"name":"dorogimedence.hu","@id":"https:\/\/dorogimedence.hu\/#\/schema\/person\/ce6091eeb7e95ecdc87890d6aa8e0fd4"},"headline":"\u00daj \u00e9v, \u00faj \u00e9n, \u00faj hajsz\u00edn?","datePublished":"2025-01-27T08:37:27+00:00","mainEntityOfPage":{"@id":"https:\/\/dorogimedence.hu\/index.php\/2025\/01\/27\/uj-ev-uj-en-uj-hajszin\/"},"wordCount":712,"publisher":{"@id":"https:\/\/dorogimedence.hu\/#organization"},"image":{"@id":"https:\/\/dorogimedence.hu\/index.php\/2025\/01\/27\/uj-ev-uj-en-uj-hajszin\/#primaryimage"},"thumbnailUrl":"https:\/\/dorogimedence.hu\/wp-content\/uploads\/2025\/01\/uj-ev-uj-en-uj-hajszin-2.jpg","keywords":["haj","hajfest\u00e9k","hajsz\u00edn"],"articleSection":["H\u00edrek"],"inLanguage":"hu"},{"@type":"WebPage","@id":"https:\/\/dorogimedence.hu\/index.php\/2025\/01\/27\/uj-ev-uj-en-uj-hajszin\/","url":"https:\/\/dorogimedence.hu\/index.php\/2025\/01\/27\/uj-ev-uj-en-uj-hajszin\/","name":"\u00daj \u00e9v, \u00faj \u00e9n, \u00faj hajsz\u00edn?","isPartOf":{"@id":"https:\/\/dorogimedence.hu\/#website"},"primaryImageOfPage":{"@id":"https:\/\/dorogimedence.hu\/index.php\/2025\/01\/27\/uj-ev-uj-en-uj-hajszin\/#primaryimage"},"image":{"@id":"https:\/\/dorogimedence.hu\/index.php\/2025\/01\/27\/uj-ev-uj-en-uj-hajszin\/#primaryimage"},"thumbnailUrl":"https:\/\/dorogimedence.hu\/wp-content\/uploads\/2025\/01\/uj-ev-uj-en-uj-hajszin-2.jpg","datePublished":"2025-01-27T08:37:27+00:00","breadcrumb":{"@id":"https:\/\/dorogimedence.hu\/index.php\/2025\/01\/27\/uj-ev-uj-en-uj-hajszin\/#breadcrumb"},"inLanguage":"hu","potentialAction":[{"@type":"ReadAction","target":["https:\/\/dorogimedence.hu\/index.php\/2025\/01\/27\/uj-ev-uj-en-uj-hajszin\/"]}]},{"@type":"ImageObject","inLanguage":"hu","@id":"https:\/\/dorogimedence.hu\/index.php\/2025\/01\/27\/uj-ev-uj-en-uj-hajszin\/#primaryimage","url":"https:\/\/dorogimedence.hu\/wp-content\/uploads\/2025\/01\/uj-ev-uj-en-uj-hajszin-2.jpg","contentUrl":"https:\/\/dorogimedence.hu\/wp-content\/uploads\/2025\/01\/uj-ev-uj-en-uj-hajszin-2.jpg"},{"@type":"BreadcrumbList","@id":"https:\/\/dorogimedence.hu\/index.php\/2025\/01\/27\/uj-ev-uj-en-uj-hajszin\/#breadcrumb","itemListElement":[{"@type":"ListItem","position":1,"name":"Kezd\u0151lap","item":"https:\/\/dorogimedence.hu\/"},{"@type":"ListItem","position":2,"name":"\u00daj \u00e9v, \u00faj \u00e9n, \u00faj hajsz\u00edn?"}]},{"@type":"WebSite","@id":"https:\/\/dorogimedence.hu\/#website","url":"https:\/\/dorogimedence.hu\/","name":"Dorogi-medence Region\u00e1lis H\u00edrport\u00e1l","description":"Dorog, Keszt\u00f6lc, Le\u00e1nyv\u00e1r, Piliscs\u00e9v, Tokod, Tokodalt\u00e1r\u00f3, Csolnok, Esztergom-kertv\u00e1ros: h\u00edrek, programok","publisher":{"@id":"https:\/\/dorogimedence.hu\/#organization"},"potentialAction":[{"@type":"SearchAction","target":{"@type":"EntryPoint","urlTemplate":"https:\/\/dorogimedence.hu\/?s={search_term_string}"},"query-input":{"@type":"PropertyValueSpecification","valueRequired":true,"valueName":"search_term_string"}}],"inLanguage":"hu"},{"@type":"Organization","@id":"https:\/\/dorogimedence.hu\/#organization","name":"Dorogi-medence Region\u00e1lis H\u00edrport\u00e1l","url":"https:\/\/dorogimedence.hu\/","logo":{"@type":"ImageObject","inLanguage":"hu","@id":"https:\/\/dorogimedence.hu\/#\/schema\/logo\/image\/","url":"https:\/\/dorogimedence.hu\/wp-content\/uploads\/2021\/04\/logo-feher-600.png","contentUrl":"https:\/\/dorogimedence.hu\/wp-content\/uploads\/2021\/04\/logo-feher-600.png","width":600,"height":100,"caption":"Dorogi-medence Region\u00e1lis H\u00edrport\u00e1l"},"image":{"@id":"https:\/\/dorogimedence.hu\/#\/schema\/logo\/image\/"},"sameAs":["https:\/\/www.facebook.com\/dorogimedence\/"]},{"@type":"Person","@id":"https:\/\/dorogimedence.hu\/#\/schema\/person\/ce6091eeb7e95ecdc87890d6aa8e0fd4","name":"dorogimedence.hu","image":{"@type":"ImageObject","inLanguage":"hu","@id":"\/\/www.gravatar.com\/avatar\/d8d45f8901aadff40a4af72c0b826f1d?s=96&#038;r=g&#038;d=mm","url":"\/\/www.gravatar.com\/avatar\/d8d45f8901aadff40a4af72c0b826f1d?s=96&#038;r=g&#038;d=mm","contentUrl":"\/\/www.gravatar.com\/avatar\/d8d45f8901aadff40a4af72c0b826f1d?s=96&#038;r=g&#038;d=mm","caption":"dorogimedence.hu"}}]}},"_links":{"self":[{"href":"https:\/\/dorogimedence.hu\/index.php\/wp-json\/wp\/v2\/posts\/68408","targetHints":{"allow":["GET"]}}],"collection":[{"href":"https:\/\/dorogimedence.hu\/index.php\/wp-json\/wp\/v2\/posts"}],"about":[{"href":"https:\/\/dorogimedence.hu\/index.php\/wp-json\/wp\/v2\/types\/post"}],"author":[{"embeddable":true,"href":"https:\/\/dorogimedence.hu\/index.php\/wp-json\/wp\/v2\/users\/1"}],"replies":[{"embeddable":true,"href":"https:\/\/dorogimedence.hu\/index.php\/wp-json\/wp\/v2\/comments?post=68408"}],"version-history":[{"count":0,"href":"https:\/\/dorogimedence.hu\/index.php\/wp-json\/wp\/v2\/posts\/68408\/revisions"}],"wp:attachment":[{"href":"https:\/\/dorogimedence.hu\/index.php\/wp-json\/wp\/v2\/media?parent=68408"}],"wp:term":[{"taxonomy":"category","embeddable":true,"href":"https:\/\/dorogimedence.hu\/index.php\/wp-json\/wp\/v2\/categories?post=68408"},{"taxonomy":"post_tag","embeddable":true,"href":"https:\/\/dorogimedence.hu\/index.php\/wp-json\/wp\/v2\/tags?post=68408"}],"curies":[{"name":"wp","href":"https:\/\/api.w.org\/{rel}","templated":true}]}}