{"id":68311,"date":"2025-01-23T12:04:10","date_gmt":"2025-01-23T11:04:10","guid":{"rendered":"https:\/\/dorogimedence.hu\/?p=68311"},"modified":"2025-01-23T12:08:16","modified_gmt":"2025-01-23T11:08:16","slug":"egy-dorogi-iskola-is-erintett-a-bombafenyegetesben","status":"publish","type":"post","link":"https:\/\/dorogimedence.hu\/index.php\/2025\/01\/23\/egy-dorogi-iskola-is-erintett-a-bombafenyegetesben\/","title":{"rendered":"Egy dorogi iskola is \u00e9rintett a bombafenyeget\u00e9sben"},"content":{"rendered":"<p><strong>Bombariad\u00f3 miatt \u00fcr\u00edtettek ki t\u00f6bb magyar iskol\u00e1t cs\u00fct\u00f6rt\u00f6k\u00f6n reggel \u00e9s d\u00e9lel\u0151tt, k\u00f6zt\u00fck a dorogi Zr\u00ednyi iskol\u00e1t is.<\/strong><\/p>\n<p>A rend\u0151rs\u00e9g <a href=\"https:\/\/www.facebook.com\/PoliceHungaryOfficial\/posts\/pfbid02i5opEB73Ht2oxPWmMftQCa7HN9hmkr4X27mQ5cFKpsaJZ4LAkBAhNff8aromCj7dl\" target=\"_blank\" rel=\"noopener\"><span style=\"text-decoration: underline; color: #0000ff;\">11 \u00f3rakor k\u00f6zz\u00e9tett t\u00e1j\u00e9koztat\u00e1sa<\/span><\/a> szerint a fenyeget\u00e9sben orsz\u00e1gosan t\u00f6bb 240 int\u00e9zm\u00e9ny \u00e9rintett. Az eddig \u00e1tvizsg\u00e1lt \u00e9p\u00fcletekben nem tal\u00e1ltak robban\u00f3szert, tov\u00e1bb\u00e1 valamennyi \u00e9rintett int\u00e9zm\u00e9nyn\u00e9l rend\u0151ri jelenl\u00e9tet biztos\u00edtanak.<\/p>\n<p>Inform\u00e1ci\u00f3ink szerint az Esztergomi J\u00e1r\u00e1sban eddig egy oktat\u00e1si int\u00e9zm\u00e9ny \u00e9rintett, m\u00e9ghozz\u00e1 a dorogi Zr\u00ednyi Ilona \u00c1ltal\u00e1nos Iskola. Az \u00e9p\u00fcletet ki\u00fcr\u00edtett\u00e9k, ahol robban\u00f3szerkezetet nem tal\u00e1ltak. A gyermekeket biztons\u00e1gos helyre vitt\u00e9k.<\/p>\n<p>A rend\u0151rs\u00e9g kor\u00e1bbi t\u00e1j\u00e9koztat\u00e1s\u00e1b\u00f3l kider\u00fcl, hogy val\u00f3sz\u00edn\u0171leg egy helyr\u0151l sz\u00e1rmaz\u00f3, hasonl\u00f3 tartalm\u00fa elektronikus lev\u00e9l \u00e9rkezett t\u00f6bb oktat\u00e1si int\u00e9zm\u00e9nybe 2025. janu\u00e1r 23-\u00e1n reggel. Ezzel kapcsolatban a rend\u0151rs\u00e9g minden sz\u00fcks\u00e9ges int\u00e9zked\u00e9st megtesz. A rend\u0151rs\u00e9g k\u00e9ri, hogy aki ilyen k\u00fcldem\u00e9nyt kap, \u00e9rtes\u00edtse a hat\u00f3s\u00e1got, \u00e9s a rend\u0151rs\u00e9g utas\u00edt\u00e1sai szerint j\u00e1rjon el.<\/p>\n<p>A fenyeget\u00e9ssel \u00f6sszef\u00fcgg\u00e9sben a rend\u0151rs\u00e9g a B\u00fcntet\u0151 T\u00f6rv\u00e9nyk\u00f6nyvr\u0151l sz\u00f3l\u00f3 2012. \u00e9vi C. t\u00f6rv\u00e9ny 338. \u00a7-a szerinti k\u00f6zvesz\u00e9llyel fenyeget\u00e9s b\u0171ncselekm\u00e9ny miatt rendel el nyomoz\u00e1st. Az orsz\u00e1gos rend\u0151rf\u0151kapit\u00e1ny a nyomoz\u00e1sra a K\u00e9szenl\u00e9ti Rend\u0151rs\u00e9g Nemzeti Nyomoz\u00f3 Irod\u00e1t (KR NNI) jel\u00f6lte ki, egyben \u2013 az \u00fcgy miel\u0151bbi felder\u00edt\u00e9se \u00e9rdek\u00e9ben \u2013 valamennyi ter\u00fcleti szervet utas\u00edtott a KR NNI-vel val\u00f3 k\u00f6z\u00f6s munk\u00e1ra.<\/p>\n<h3><strong>FRISS\u00cdT\u00c9S &#8211; Dorog V\u00e1ros \u00d6nkorm\u00e1nyzat\u00e1nak <a href=\"https:\/\/www.facebook.com\/photo?fbid=920495453600786&amp;set=a.402103075440029\" target=\"_blank\" rel=\"noopener\"><span style=\"text-decoration: underline; color: #0000ff;\">t\u00e1j\u00e9koztat\u00e1sa<\/span><\/a>:<\/strong><\/h3>\n<p><em><span class=\"x193iq5w xeuugli x13faqbe x1vvkbs x1xmvt09 x1lliihq x1s928wv xhkezso x1gmr53x x1cpjm7i x1fgarty x1943h6x xudqn12 x3x7a5m x6prxxf xvq8zen xo1l8bm xzsf02u\" dir=\"auto\">&#8222;Tisztelt Dorogiak! Ahogyan \u00f6n\u00f6k is \u00e9rtes\u00fcltek r\u00f3la, orsz\u00e1gszerte t\u00f6bb iskol\u00e1ban is bombariad\u00f3 van. Dorogon jelenleg a Zr\u00ednyi Ilona \u00c1ltal\u00e1nos Iskola \u00e9rintett. Az \u00e9rintett iskola a protokoll szerint j\u00e1rt el: ki\u00fcr\u00edtett\u00e9k az \u00e9p\u00fcletet, a tanul\u00f3kat biztons\u00e1gba helyezt\u00e9k a Dorogi J\u00f3zsef Attila M\u0171vel\u0151d\u00e9si H\u00e1zban, \u00e9rtes\u00edtett\u00e9k a tanker\u00fcletet \u00e9s a hat\u00f3s\u00e1gokat. Dr. Tittmann J\u00e1nos polg\u00e1rmester \u00far is ell\u00e1togatott a m\u0171vel\u0151d\u00e9si h\u00e1zba. T\u00e1j\u00e9koz\u00f3dott az esetr\u0151l, megn\u00e9zte, hogy vannak a gyerekek \u00e9s rendelkezett, hogy a szolg\u00e1ltat\u00f3 az eb\u00e9det a helysz\u00ednre sz\u00e1ll\u00edtsa sz\u00e1mukra. Ahogyan a t\u0171zszer\u00e9szek befejezik az iskola \u00e1tvizsg\u00e1l\u00e1s\u00e1t, a tanul\u00f3k visszat\u00e9rhetnek az otthagyott holmijaik\u00e9rt \u00e9s ut\u00e1na hazamehetnek. Minden tanul\u00f3 \u00e9s ott dolgoz\u00f3 biztons\u00e1gban van, aggodalomra nincs ok.&#8221;<\/span><\/em><\/p>\n","protected":false},"excerpt":{"rendered":"<p>Bombariad\u00f3 miatt \u00fcr\u00edtettek ki t\u00f6bb magyar iskol\u00e1t cs\u00fct\u00f6rt\u00f6k\u00f6n reggel \u00e9s d\u00e9lel\u0151tt, k\u00f6zt\u00fck a dorogi Zr\u00ednyi iskol\u00e1t is. A rend\u0151rs\u00e9g 11 \u00f3rakor k\u00f6zz\u00e9tett t\u00e1j\u00e9koztat\u00e1sa szerint a fenyeget\u00e9sben orsz\u00e1gosan t\u00f6bb 240 int\u00e9zm\u00e9ny \u00e9rintett. Az eddig \u00e1tvizsg\u00e1lt \u00e9p\u00fcletekben nem tal\u00e1ltak robban\u00f3szert, tov\u00e1bb\u00e1 valamennyi \u00e9rintett int\u00e9zm\u00e9nyn\u00e9l rend\u0151ri jelenl\u00e9tet biztos\u00edtanak. Inform\u00e1ci\u00f3ink szerint az Esztergomi J\u00e1r\u00e1sban eddig egy oktat\u00e1si int\u00e9zm\u00e9ny \u00e9rintett,<\/p>\n","protected":false},"author":1,"featured_media":20328,"comment_status":"closed","ping_status":"closed","sticky":false,"template":"","format":"standard","meta":{"ngg_post_thumbnail":0,"footnotes":""},"categories":[2,3,39],"tags":[8220,2634,15,61],"class_list":{"0":"post-68311","1":"post","2":"type-post","3":"status-publish","4":"format-standard","5":"has-post-thumbnail","7":"category-dorog","8":"category-hirek","9":"category-kek-hirek","10":"tag-bombafenyegetes","11":"tag-bombariado","12":"tag-dorog","13":"tag-rendorsegi-hirek"},"yoast_head":"<!-- This site is optimized with the Yoast SEO plugin v27.5 - https:\/\/yoast.com\/product\/yoast-seo-wordpress\/ -->\n<title>Egy dorogi iskola is \u00e9rintett a bombafenyeget\u00e9sben<\/title>\n<meta name=\"robots\" content=\"index, follow, max-snippet:-1, max-image-preview:large, max-video-preview:-1\" \/>\n<link rel=\"canonical\" href=\"https:\/\/dorogimedence.hu\/index.php\/2025\/01\/23\/egy-dorogi-iskola-is-erintett-a-bombafenyegetesben\/\" class=\"yoast-seo-meta-tag\" \/>\n<meta property=\"og:locale\" content=\"hu_HU\" class=\"yoast-seo-meta-tag\" \/>\n<meta property=\"og:type\" content=\"article\" class=\"yoast-seo-meta-tag\" \/>\n<meta property=\"og:title\" content=\"Egy dorogi iskola is \u00e9rintett a bombafenyeget\u00e9sben\" class=\"yoast-seo-meta-tag\" \/>\n<meta property=\"og:description\" content=\"Bombariad\u00f3 miatt \u00fcr\u00edtettek ki t\u00f6bb magyar iskol\u00e1t cs\u00fct\u00f6rt\u00f6k\u00f6n reggel \u00e9s d\u00e9lel\u0151tt, k\u00f6zt\u00fck a dorogi Zr\u00ednyi iskol\u00e1t is. A rend\u0151rs\u00e9g 11 \u00f3rakor k\u00f6zz\u00e9tett t\u00e1j\u00e9koztat\u00e1sa szerint a fenyeget\u00e9sben orsz\u00e1gosan t\u00f6bb 240 int\u00e9zm\u00e9ny \u00e9rintett. Az eddig \u00e1tvizsg\u00e1lt \u00e9p\u00fcletekben nem tal\u00e1ltak robban\u00f3szert, tov\u00e1bb\u00e1 valamennyi \u00e9rintett int\u00e9zm\u00e9nyn\u00e9l rend\u0151ri jelenl\u00e9tet biztos\u00edtanak. Inform\u00e1ci\u00f3ink szerint az Esztergomi J\u00e1r\u00e1sban eddig egy oktat\u00e1si int\u00e9zm\u00e9ny \u00e9rintett,\" class=\"yoast-seo-meta-tag\" \/>\n<meta property=\"og:url\" content=\"https:\/\/dorogimedence.hu\/index.php\/2025\/01\/23\/egy-dorogi-iskola-is-erintett-a-bombafenyegetesben\/\" class=\"yoast-seo-meta-tag\" \/>\n<meta property=\"og:site_name\" content=\"Dorogi-medence Region\u00e1lis H\u00edrport\u00e1l\" class=\"yoast-seo-meta-tag\" \/>\n<meta property=\"article:publisher\" content=\"https:\/\/www.facebook.com\/dorogimedence\/\" class=\"yoast-seo-meta-tag\" \/>\n<meta property=\"article:published_time\" content=\"2025-01-23T11:04:10+00:00\" class=\"yoast-seo-meta-tag\" \/>\n<meta property=\"article:modified_time\" content=\"2025-01-23T11:08:16+00:00\" class=\"yoast-seo-meta-tag\" \/>\n<meta property=\"og:image\" content=\"https:\/\/dorogimedence.hu\/wp-content\/uploads\/2019\/10\/zrinyi-felujitott.jpg\" class=\"yoast-seo-meta-tag\" \/>\n\t<meta property=\"og:image:width\" content=\"670\" class=\"yoast-seo-meta-tag\" \/>\n\t<meta property=\"og:image:height\" content=\"365\" class=\"yoast-seo-meta-tag\" \/>\n\t<meta property=\"og:image:type\" content=\"image\/jpeg\" class=\"yoast-seo-meta-tag\" \/>\n<meta name=\"author\" content=\"dorogimedence.hu\" class=\"yoast-seo-meta-tag\" \/>\n<meta name=\"twitter:card\" content=\"summary_large_image\" class=\"yoast-seo-meta-tag\" \/>\n<meta name=\"twitter:label1\" content=\"Szerz\u0151:\" class=\"yoast-seo-meta-tag\" \/>\n\t<meta name=\"twitter:data1\" content=\"dorogimedence.hu\" class=\"yoast-seo-meta-tag\" \/>\n\t<meta name=\"twitter:label2\" content=\"Becs\u00fclt olvas\u00e1si id\u0151\" class=\"yoast-seo-meta-tag\" \/>\n\t<meta name=\"twitter:data2\" content=\"2 perc\" class=\"yoast-seo-meta-tag\" \/>\n<script type=\"application\/ld+json\" class=\"yoast-schema-graph\">{\"@context\":\"https:\\\/\\\/schema.org\",\"@graph\":[{\"@type\":\"Article\",\"@id\":\"https:\\\/\\\/dorogimedence.hu\\\/index.php\\\/2025\\\/01\\\/23\\\/egy-dorogi-iskola-is-erintett-a-bombafenyegetesben\\\/#article\",\"isPartOf\":{\"@id\":\"https:\\\/\\\/dorogimedence.hu\\\/index.php\\\/2025\\\/01\\\/23\\\/egy-dorogi-iskola-is-erintett-a-bombafenyegetesben\\\/\"},\"author\":{\"name\":\"dorogimedence.hu\",\"@id\":\"https:\\\/\\\/dorogimedence.hu\\\/#\\\/schema\\\/person\\\/ce6091eeb7e95ecdc87890d6aa8e0fd4\"},\"headline\":\"Egy dorogi iskola is \u00e9rintett a bombafenyeget\u00e9sben\",\"datePublished\":\"2025-01-23T11:04:10+00:00\",\"dateModified\":\"2025-01-23T11:08:16+00:00\",\"mainEntityOfPage\":{\"@id\":\"https:\\\/\\\/dorogimedence.hu\\\/index.php\\\/2025\\\/01\\\/23\\\/egy-dorogi-iskola-is-erintett-a-bombafenyegetesben\\\/\"},\"wordCount\":483,\"publisher\":{\"@id\":\"https:\\\/\\\/dorogimedence.hu\\\/#organization\"},\"image\":{\"@id\":\"https:\\\/\\\/dorogimedence.hu\\\/index.php\\\/2025\\\/01\\\/23\\\/egy-dorogi-iskola-is-erintett-a-bombafenyegetesben\\\/#primaryimage\"},\"thumbnailUrl\":\"https:\\\/\\\/dorogimedence.hu\\\/wp-content\\\/uploads\\\/2019\\\/10\\\/zrinyi-felujitott.jpg\",\"keywords\":[\"bombafenyeget\u00e9s\",\"bombariad\u00f3\",\"Dorog\",\"rend\u0151rs\u00e9gi h\u00edrek\"],\"articleSection\":[\"Dorog\",\"H\u00edrek\",\"K\u00e9k h\u00edrek\"],\"inLanguage\":\"hu\"},{\"@type\":\"WebPage\",\"@id\":\"https:\\\/\\\/dorogimedence.hu\\\/index.php\\\/2025\\\/01\\\/23\\\/egy-dorogi-iskola-is-erintett-a-bombafenyegetesben\\\/\",\"url\":\"https:\\\/\\\/dorogimedence.hu\\\/index.php\\\/2025\\\/01\\\/23\\\/egy-dorogi-iskola-is-erintett-a-bombafenyegetesben\\\/\",\"name\":\"Egy dorogi iskola is \u00e9rintett a bombafenyeget\u00e9sben\",\"isPartOf\":{\"@id\":\"https:\\\/\\\/dorogimedence.hu\\\/#website\"},\"primaryImageOfPage\":{\"@id\":\"https:\\\/\\\/dorogimedence.hu\\\/index.php\\\/2025\\\/01\\\/23\\\/egy-dorogi-iskola-is-erintett-a-bombafenyegetesben\\\/#primaryimage\"},\"image\":{\"@id\":\"https:\\\/\\\/dorogimedence.hu\\\/index.php\\\/2025\\\/01\\\/23\\\/egy-dorogi-iskola-is-erintett-a-bombafenyegetesben\\\/#primaryimage\"},\"thumbnailUrl\":\"https:\\\/\\\/dorogimedence.hu\\\/wp-content\\\/uploads\\\/2019\\\/10\\\/zrinyi-felujitott.jpg\",\"datePublished\":\"2025-01-23T11:04:10+00:00\",\"dateModified\":\"2025-01-23T11:08:16+00:00\",\"breadcrumb\":{\"@id\":\"https:\\\/\\\/dorogimedence.hu\\\/index.php\\\/2025\\\/01\\\/23\\\/egy-dorogi-iskola-is-erintett-a-bombafenyegetesben\\\/#breadcrumb\"},\"inLanguage\":\"hu\",\"potentialAction\":[{\"@type\":\"ReadAction\",\"target\":[\"https:\\\/\\\/dorogimedence.hu\\\/index.php\\\/2025\\\/01\\\/23\\\/egy-dorogi-iskola-is-erintett-a-bombafenyegetesben\\\/\"]}]},{\"@type\":\"ImageObject\",\"inLanguage\":\"hu\",\"@id\":\"https:\\\/\\\/dorogimedence.hu\\\/index.php\\\/2025\\\/01\\\/23\\\/egy-dorogi-iskola-is-erintett-a-bombafenyegetesben\\\/#primaryimage\",\"url\":\"https:\\\/\\\/dorogimedence.hu\\\/wp-content\\\/uploads\\\/2019\\\/10\\\/zrinyi-felujitott.jpg\",\"contentUrl\":\"https:\\\/\\\/dorogimedence.hu\\\/wp-content\\\/uploads\\\/2019\\\/10\\\/zrinyi-felujitott.jpg\",\"width\":670,\"height\":365},{\"@type\":\"BreadcrumbList\",\"@id\":\"https:\\\/\\\/dorogimedence.hu\\\/index.php\\\/2025\\\/01\\\/23\\\/egy-dorogi-iskola-is-erintett-a-bombafenyegetesben\\\/#breadcrumb\",\"itemListElement\":[{\"@type\":\"ListItem\",\"position\":1,\"name\":\"Kezd\u0151lap\",\"item\":\"https:\\\/\\\/dorogimedence.hu\\\/\"},{\"@type\":\"ListItem\",\"position\":2,\"name\":\"Egy dorogi iskola is \u00e9rintett a bombafenyeget\u00e9sben\"}]},{\"@type\":\"WebSite\",\"@id\":\"https:\\\/\\\/dorogimedence.hu\\\/#website\",\"url\":\"https:\\\/\\\/dorogimedence.hu\\\/\",\"name\":\"Dorogi-medence Region\u00e1lis H\u00edrport\u00e1l\",\"description\":\"Dorog, Keszt\u00f6lc, Le\u00e1nyv\u00e1r, Piliscs\u00e9v, Tokod, Tokodalt\u00e1r\u00f3, Csolnok, Esztergom-kertv\u00e1ros: h\u00edrek, programok\",\"publisher\":{\"@id\":\"https:\\\/\\\/dorogimedence.hu\\\/#organization\"},\"potentialAction\":[{\"@type\":\"SearchAction\",\"target\":{\"@type\":\"EntryPoint\",\"urlTemplate\":\"https:\\\/\\\/dorogimedence.hu\\\/?s={search_term_string}\"},\"query-input\":{\"@type\":\"PropertyValueSpecification\",\"valueRequired\":true,\"valueName\":\"search_term_string\"}}],\"inLanguage\":\"hu\"},{\"@type\":\"Organization\",\"@id\":\"https:\\\/\\\/dorogimedence.hu\\\/#organization\",\"name\":\"Dorogi-medence Region\u00e1lis H\u00edrport\u00e1l\",\"url\":\"https:\\\/\\\/dorogimedence.hu\\\/\",\"logo\":{\"@type\":\"ImageObject\",\"inLanguage\":\"hu\",\"@id\":\"https:\\\/\\\/dorogimedence.hu\\\/#\\\/schema\\\/logo\\\/image\\\/\",\"url\":\"https:\\\/\\\/dorogimedence.hu\\\/wp-content\\\/uploads\\\/2021\\\/04\\\/logo-feher-600.png\",\"contentUrl\":\"https:\\\/\\\/dorogimedence.hu\\\/wp-content\\\/uploads\\\/2021\\\/04\\\/logo-feher-600.png\",\"width\":600,\"height\":100,\"caption\":\"Dorogi-medence Region\u00e1lis H\u00edrport\u00e1l\"},\"image\":{\"@id\":\"https:\\\/\\\/dorogimedence.hu\\\/#\\\/schema\\\/logo\\\/image\\\/\"},\"sameAs\":[\"https:\\\/\\\/www.facebook.com\\\/dorogimedence\\\/\"]},{\"@type\":\"Person\",\"@id\":\"https:\\\/\\\/dorogimedence.hu\\\/#\\\/schema\\\/person\\\/ce6091eeb7e95ecdc87890d6aa8e0fd4\",\"name\":\"dorogimedence.hu\",\"image\":{\"@type\":\"ImageObject\",\"inLanguage\":\"hu\",\"@id\":\"\\\/\\\/www.gravatar.com\\\/avatar\\\/d8d45f8901aadff40a4af72c0b826f1d?s=96&#038;r=g&#038;d=mm\",\"url\":\"\\\/\\\/www.gravatar.com\\\/avatar\\\/d8d45f8901aadff40a4af72c0b826f1d?s=96&#038;r=g&#038;d=mm\",\"contentUrl\":\"\\\/\\\/www.gravatar.com\\\/avatar\\\/d8d45f8901aadff40a4af72c0b826f1d?s=96&#038;r=g&#038;d=mm\",\"caption\":\"dorogimedence.hu\"}}]}<\/script>\n<!-- \/ Yoast SEO plugin. -->","yoast_head_json":{"title":"Egy dorogi iskola is \u00e9rintett a bombafenyeget\u00e9sben","robots":{"index":"index","follow":"follow","max-snippet":"max-snippet:-1","max-image-preview":"max-image-preview:large","max-video-preview":"max-video-preview:-1"},"canonical":"https:\/\/dorogimedence.hu\/index.php\/2025\/01\/23\/egy-dorogi-iskola-is-erintett-a-bombafenyegetesben\/","og_locale":"hu_HU","og_type":"article","og_title":"Egy dorogi iskola is \u00e9rintett a bombafenyeget\u00e9sben","og_description":"Bombariad\u00f3 miatt \u00fcr\u00edtettek ki t\u00f6bb magyar iskol\u00e1t cs\u00fct\u00f6rt\u00f6k\u00f6n reggel \u00e9s d\u00e9lel\u0151tt, k\u00f6zt\u00fck a dorogi Zr\u00ednyi iskol\u00e1t is. A rend\u0151rs\u00e9g 11 \u00f3rakor k\u00f6zz\u00e9tett t\u00e1j\u00e9koztat\u00e1sa szerint a fenyeget\u00e9sben orsz\u00e1gosan t\u00f6bb 240 int\u00e9zm\u00e9ny \u00e9rintett. Az eddig \u00e1tvizsg\u00e1lt \u00e9p\u00fcletekben nem tal\u00e1ltak robban\u00f3szert, tov\u00e1bb\u00e1 valamennyi \u00e9rintett int\u00e9zm\u00e9nyn\u00e9l rend\u0151ri jelenl\u00e9tet biztos\u00edtanak. Inform\u00e1ci\u00f3ink szerint az Esztergomi J\u00e1r\u00e1sban eddig egy oktat\u00e1si int\u00e9zm\u00e9ny \u00e9rintett,","og_url":"https:\/\/dorogimedence.hu\/index.php\/2025\/01\/23\/egy-dorogi-iskola-is-erintett-a-bombafenyegetesben\/","og_site_name":"Dorogi-medence Region\u00e1lis H\u00edrport\u00e1l","article_publisher":"https:\/\/www.facebook.com\/dorogimedence\/","article_published_time":"2025-01-23T11:04:10+00:00","article_modified_time":"2025-01-23T11:08:16+00:00","og_image":[{"width":670,"height":365,"url":"https:\/\/dorogimedence.hu\/wp-content\/uploads\/2019\/10\/zrinyi-felujitott.jpg","type":"image\/jpeg"}],"author":"dorogimedence.hu","twitter_card":"summary_large_image","twitter_misc":{"Szerz\u0151:":"dorogimedence.hu","Becs\u00fclt olvas\u00e1si id\u0151":"2 perc"},"schema":{"@context":"https:\/\/schema.org","@graph":[{"@type":"Article","@id":"https:\/\/dorogimedence.hu\/index.php\/2025\/01\/23\/egy-dorogi-iskola-is-erintett-a-bombafenyegetesben\/#article","isPartOf":{"@id":"https:\/\/dorogimedence.hu\/index.php\/2025\/01\/23\/egy-dorogi-iskola-is-erintett-a-bombafenyegetesben\/"},"author":{"name":"dorogimedence.hu","@id":"https:\/\/dorogimedence.hu\/#\/schema\/person\/ce6091eeb7e95ecdc87890d6aa8e0fd4"},"headline":"Egy dorogi iskola is \u00e9rintett a bombafenyeget\u00e9sben","datePublished":"2025-01-23T11:04:10+00:00","dateModified":"2025-01-23T11:08:16+00:00","mainEntityOfPage":{"@id":"https:\/\/dorogimedence.hu\/index.php\/2025\/01\/23\/egy-dorogi-iskola-is-erintett-a-bombafenyegetesben\/"},"wordCount":483,"publisher":{"@id":"https:\/\/dorogimedence.hu\/#organization"},"image":{"@id":"https:\/\/dorogimedence.hu\/index.php\/2025\/01\/23\/egy-dorogi-iskola-is-erintett-a-bombafenyegetesben\/#primaryimage"},"thumbnailUrl":"https:\/\/dorogimedence.hu\/wp-content\/uploads\/2019\/10\/zrinyi-felujitott.jpg","keywords":["bombafenyeget\u00e9s","bombariad\u00f3","Dorog","rend\u0151rs\u00e9gi h\u00edrek"],"articleSection":["Dorog","H\u00edrek","K\u00e9k h\u00edrek"],"inLanguage":"hu"},{"@type":"WebPage","@id":"https:\/\/dorogimedence.hu\/index.php\/2025\/01\/23\/egy-dorogi-iskola-is-erintett-a-bombafenyegetesben\/","url":"https:\/\/dorogimedence.hu\/index.php\/2025\/01\/23\/egy-dorogi-iskola-is-erintett-a-bombafenyegetesben\/","name":"Egy dorogi iskola is \u00e9rintett a bombafenyeget\u00e9sben","isPartOf":{"@id":"https:\/\/dorogimedence.hu\/#website"},"primaryImageOfPage":{"@id":"https:\/\/dorogimedence.hu\/index.php\/2025\/01\/23\/egy-dorogi-iskola-is-erintett-a-bombafenyegetesben\/#primaryimage"},"image":{"@id":"https:\/\/dorogimedence.hu\/index.php\/2025\/01\/23\/egy-dorogi-iskola-is-erintett-a-bombafenyegetesben\/#primaryimage"},"thumbnailUrl":"https:\/\/dorogimedence.hu\/wp-content\/uploads\/2019\/10\/zrinyi-felujitott.jpg","datePublished":"2025-01-23T11:04:10+00:00","dateModified":"2025-01-23T11:08:16+00:00","breadcrumb":{"@id":"https:\/\/dorogimedence.hu\/index.php\/2025\/01\/23\/egy-dorogi-iskola-is-erintett-a-bombafenyegetesben\/#breadcrumb"},"inLanguage":"hu","potentialAction":[{"@type":"ReadAction","target":["https:\/\/dorogimedence.hu\/index.php\/2025\/01\/23\/egy-dorogi-iskola-is-erintett-a-bombafenyegetesben\/"]}]},{"@type":"ImageObject","inLanguage":"hu","@id":"https:\/\/dorogimedence.hu\/index.php\/2025\/01\/23\/egy-dorogi-iskola-is-erintett-a-bombafenyegetesben\/#primaryimage","url":"https:\/\/dorogimedence.hu\/wp-content\/uploads\/2019\/10\/zrinyi-felujitott.jpg","contentUrl":"https:\/\/dorogimedence.hu\/wp-content\/uploads\/2019\/10\/zrinyi-felujitott.jpg","width":670,"height":365},{"@type":"BreadcrumbList","@id":"https:\/\/dorogimedence.hu\/index.php\/2025\/01\/23\/egy-dorogi-iskola-is-erintett-a-bombafenyegetesben\/#breadcrumb","itemListElement":[{"@type":"ListItem","position":1,"name":"Kezd\u0151lap","item":"https:\/\/dorogimedence.hu\/"},{"@type":"ListItem","position":2,"name":"Egy dorogi iskola is \u00e9rintett a bombafenyeget\u00e9sben"}]},{"@type":"WebSite","@id":"https:\/\/dorogimedence.hu\/#website","url":"https:\/\/dorogimedence.hu\/","name":"Dorogi-medence Region\u00e1lis H\u00edrport\u00e1l","description":"Dorog, Keszt\u00f6lc, Le\u00e1nyv\u00e1r, Piliscs\u00e9v, Tokod, Tokodalt\u00e1r\u00f3, Csolnok, Esztergom-kertv\u00e1ros: h\u00edrek, programok","publisher":{"@id":"https:\/\/dorogimedence.hu\/#organization"},"potentialAction":[{"@type":"SearchAction","target":{"@type":"EntryPoint","urlTemplate":"https:\/\/dorogimedence.hu\/?s={search_term_string}"},"query-input":{"@type":"PropertyValueSpecification","valueRequired":true,"valueName":"search_term_string"}}],"inLanguage":"hu"},{"@type":"Organization","@id":"https:\/\/dorogimedence.hu\/#organization","name":"Dorogi-medence Region\u00e1lis H\u00edrport\u00e1l","url":"https:\/\/dorogimedence.hu\/","logo":{"@type":"ImageObject","inLanguage":"hu","@id":"https:\/\/dorogimedence.hu\/#\/schema\/logo\/image\/","url":"https:\/\/dorogimedence.hu\/wp-content\/uploads\/2021\/04\/logo-feher-600.png","contentUrl":"https:\/\/dorogimedence.hu\/wp-content\/uploads\/2021\/04\/logo-feher-600.png","width":600,"height":100,"caption":"Dorogi-medence Region\u00e1lis H\u00edrport\u00e1l"},"image":{"@id":"https:\/\/dorogimedence.hu\/#\/schema\/logo\/image\/"},"sameAs":["https:\/\/www.facebook.com\/dorogimedence\/"]},{"@type":"Person","@id":"https:\/\/dorogimedence.hu\/#\/schema\/person\/ce6091eeb7e95ecdc87890d6aa8e0fd4","name":"dorogimedence.hu","image":{"@type":"ImageObject","inLanguage":"hu","@id":"\/\/www.gravatar.com\/avatar\/d8d45f8901aadff40a4af72c0b826f1d?s=96&#038;r=g&#038;d=mm","url":"\/\/www.gravatar.com\/avatar\/d8d45f8901aadff40a4af72c0b826f1d?s=96&#038;r=g&#038;d=mm","contentUrl":"\/\/www.gravatar.com\/avatar\/d8d45f8901aadff40a4af72c0b826f1d?s=96&#038;r=g&#038;d=mm","caption":"dorogimedence.hu"}}]}},"_links":{"self":[{"href":"https:\/\/dorogimedence.hu\/index.php\/wp-json\/wp\/v2\/posts\/68311","targetHints":{"allow":["GET"]}}],"collection":[{"href":"https:\/\/dorogimedence.hu\/index.php\/wp-json\/wp\/v2\/posts"}],"about":[{"href":"https:\/\/dorogimedence.hu\/index.php\/wp-json\/wp\/v2\/types\/post"}],"author":[{"embeddable":true,"href":"https:\/\/dorogimedence.hu\/index.php\/wp-json\/wp\/v2\/users\/1"}],"replies":[{"embeddable":true,"href":"https:\/\/dorogimedence.hu\/index.php\/wp-json\/wp\/v2\/comments?post=68311"}],"version-history":[{"count":0,"href":"https:\/\/dorogimedence.hu\/index.php\/wp-json\/wp\/v2\/posts\/68311\/revisions"}],"wp:featuredmedia":[{"embeddable":true,"href":"https:\/\/dorogimedence.hu\/index.php\/wp-json\/wp\/v2\/media\/20328"}],"wp:attachment":[{"href":"https:\/\/dorogimedence.hu\/index.php\/wp-json\/wp\/v2\/media?parent=68311"}],"wp:term":[{"taxonomy":"category","embeddable":true,"href":"https:\/\/dorogimedence.hu\/index.php\/wp-json\/wp\/v2\/categories?post=68311"},{"taxonomy":"post_tag","embeddable":true,"href":"https:\/\/dorogimedence.hu\/index.php\/wp-json\/wp\/v2\/tags?post=68311"}],"curies":[{"name":"wp","href":"https:\/\/api.w.org\/{rel}","templated":true}]}}