{"id":68296,"date":"2025-01-23T09:33:38","date_gmt":"2025-01-23T08:33:38","guid":{"rendered":"https:\/\/dorogimedence.hu\/?p=68296"},"modified":"2025-01-23T09:33:38","modified_gmt":"2025-01-23T08:33:38","slug":"richter-gedeonra-emlekeztek-a-magyar-kultura-napjan-dorogon","status":"publish","type":"post","link":"https:\/\/dorogimedence.hu\/index.php\/2025\/01\/23\/richter-gedeonra-emlekeztek-a-magyar-kultura-napjan-dorogon\/","title":{"rendered":"Richter Gedeonra eml\u00e9keztek a magyar kult\u00fara napj\u00e1n Dorogon"},"content":{"rendered":"<p><strong>Janu\u00e1r 22-\u00e9n, szerd\u00e1n \u00fcnnepelt\u00fck a magyar kult\u00fara napj\u00e1t orsz\u00e1gszerte. A dorogi esem\u00e9nyen \u00e1tadt\u00e1k a Pro Urbe d\u00edjakat is, id\u00e9n B\u00e9res Tiborn\u00e9, Karcz Jen\u0151 \u00e9s Moln\u00e1r Albert vehette \u00e1t az elismer\u00e9st.<\/strong><\/p>\n<p><img fetchpriority=\"high\" decoding=\"async\" class=\"alignnone size-full wp-image-68302\" src=\"https:\/\/dorogimedence.hu\/wp-content\/uploads\/2025\/01\/474661158_920106736972991_577230599701212422_n.jpg\" alt=\"\" width=\"2048\" height=\"1152\" srcset=\"https:\/\/dorogimedence.hu\/wp-content\/uploads\/2025\/01\/474661158_920106736972991_577230599701212422_n.jpg 2048w, https:\/\/dorogimedence.hu\/wp-content\/uploads\/2025\/01\/474661158_920106736972991_577230599701212422_n-600x338.jpg 600w, https:\/\/dorogimedence.hu\/wp-content\/uploads\/2025\/01\/474661158_920106736972991_577230599701212422_n-1920x1080.jpg 1920w, https:\/\/dorogimedence.hu\/wp-content\/uploads\/2025\/01\/474661158_920106736972991_577230599701212422_n-768x432.jpg 768w, https:\/\/dorogimedence.hu\/wp-content\/uploads\/2025\/01\/474661158_920106736972991_577230599701212422_n-1536x864.jpg 1536w, https:\/\/dorogimedence.hu\/wp-content\/uploads\/2025\/01\/474661158_920106736972991_577230599701212422_n-150x84.jpg 150w, https:\/\/dorogimedence.hu\/wp-content\/uploads\/2025\/01\/474661158_920106736972991_577230599701212422_n-450x253.jpg 450w, https:\/\/dorogimedence.hu\/wp-content\/uploads\/2025\/01\/474661158_920106736972991_577230599701212422_n-1200x675.jpg 1200w\" sizes=\"(max-width: 2048px) 100vw, 2048px\" \/><\/p>\n<p>A rendezv\u00e9nyt Er\u0151s G\u00e1bor, a t\u00e9rs\u00e9g orsz\u00e1ggy\u0171l\u00e9si k\u00e9pvisel\u0151je nyitotta meg, aki elmondta: ha egy nemzetnek er\u0151s a kult\u00far\u00e1ja, akkor er\u0151sek a gy\u00f6kerei is. A megnyit\u00f3 ut\u00e1n dr. Tittmann J\u00e1nos, Dorog polg\u00e1rmestere tartott vet\u00edtettk\u00e9pes el\u0151ad\u00e1st. Az idei konferencia t\u00e9m\u00e1j\u00e1t a magyar dics\u0151s\u00e9g szenved\u00e9st\u00f6rt\u00e9nete adta, m\u00e9ghozz\u00e1 Richter Gedeon \u00e9lete. Az el\u0151ad\u00e1s ut\u00e1n Garai Zolt\u00e1n, a Richter Gedeon Nyrt. Dorogi Fi\u00f3ktelep\u00e9nek f\u0151m\u00e9rn\u00f6ke tartott \u00fcnnepi besz\u00e9det.<\/p>\n<p>Az esem\u00e9nyen bemutatt\u00e1k a V\u00e1rosi Arck\u00e9pcsarnok leg\u00fajabb alkot\u00e1sait is, amely ut\u00e1n a Pro Urbe d\u00edjak \u00e1tad\u00e1sa k\u00f6vetkezett. 2025-ben h\u00e1rom, a v\u00e1ros\u00e9rt \u00e9vtizedeken \u00e1t tev\u0151 volt k\u00e9pvisel\u0151 &#8211; B\u00e9res Tiborn\u00e9, Karcz Jen\u0151 \u00e9s Moln\u00e1r Albert &#8211; vehette \u00e1t az elismer\u00e9st.<\/p>\n<p><img decoding=\"async\" class=\"alignnone size-full wp-image-68301\" src=\"https:\/\/dorogimedence.hu\/wp-content\/uploads\/2025\/01\/474277694_920106730306325_3810615469205760015_n.jpg\" alt=\"\" width=\"2048\" height=\"1152\" srcset=\"https:\/\/dorogimedence.hu\/wp-content\/uploads\/2025\/01\/474277694_920106730306325_3810615469205760015_n.jpg 2048w, https:\/\/dorogimedence.hu\/wp-content\/uploads\/2025\/01\/474277694_920106730306325_3810615469205760015_n-600x338.jpg 600w, https:\/\/dorogimedence.hu\/wp-content\/uploads\/2025\/01\/474277694_920106730306325_3810615469205760015_n-1920x1080.jpg 1920w, https:\/\/dorogimedence.hu\/wp-content\/uploads\/2025\/01\/474277694_920106730306325_3810615469205760015_n-768x432.jpg 768w, https:\/\/dorogimedence.hu\/wp-content\/uploads\/2025\/01\/474277694_920106730306325_3810615469205760015_n-1536x864.jpg 1536w, https:\/\/dorogimedence.hu\/wp-content\/uploads\/2025\/01\/474277694_920106730306325_3810615469205760015_n-150x84.jpg 150w, https:\/\/dorogimedence.hu\/wp-content\/uploads\/2025\/01\/474277694_920106730306325_3810615469205760015_n-450x253.jpg 450w, https:\/\/dorogimedence.hu\/wp-content\/uploads\/2025\/01\/474277694_920106730306325_3810615469205760015_n-1200x675.jpg 1200w\" sizes=\"(max-width: 2048px) 100vw, 2048px\" \/><\/p>\n<h3><strong>B\u00e9res Tiborn\u00e9 m\u00e9ltat\u00e1sa<\/strong><\/h3>\n<p>B\u00e9res Tiborn\u00e9 30 \u00e9ven \u00e1t szolg\u00e1lta tev\u00e9kenys\u00e9g\u00e9vel Dorog lakoss\u00e1g\u00e1t, mind az \u00f6nkorm\u00e1nyzati, mind a szoci\u00e1lis ter\u00fcleten v\u00e9gzett munk\u00e1j\u00e1val. Szolnokon sz\u00fcletett 1953. november 22-\u00e9n. 1986-t\u00f3l csal\u00e1dj\u00e1val Dorogra k\u00f6lt\u00f6zve az esztergomi k\u00f3rh\u00e1z belgy\u00f3gy\u00e1szat\u00e1n n\u0151v\u00e9r, majd f\u0151n\u0151v\u00e9r feladatokat l\u00e1tott el. 1994-ben indult az \u00f6nkorm\u00e1nyzati v\u00e1laszt\u00e1son, a 6. sz\u00e1m\u00fa v\u00e1laszt\u00f3ker\u00fclet egy\u00e9ni k\u00e9pvisel\u0151jek\u00e9nt tagja lett Dorog V\u00e1ros K\u00e9pvisel\u0151-test\u00fclet\u00e9nek \u00e9s szoci\u00e1lis bizotts\u00e1g\u00e1nak. 1994-ben a Dorogi \u00c9get\u0151m\u0171 K\u00f6rnyezetfejleszt\u0151 K\u00f6zalap\u00edtv\u00e1ny kurat\u00f3rium\u00e1nak tagj\u00e1v\u00e1 v\u00e1lasztott\u00e1k. 2010-ben Dorog V\u00e1ros K\u00e9pvisel\u0151-test\u00fclet\u00e9nek szoci\u00e1lis \u00e9s eg\u00e9szs\u00e9g\u00fcgyi tan\u00e1csnokak\u00e9nt kezdte meg 3. \u00f6nkorm\u00e1nyzati k\u00e9pvisel\u0151i ciklus\u00e1t. 2011-ben a Baptista Szeretetszolg\u00e1lat Figyelj R\u00e1m Szoci\u00e1lis Szolg\u00e1ltat\u00f3 t\u00e9rs\u00e9gi szervezet vezet\u0151je lett, mely jelent\u0151s szerepet v\u00e1llal t\u00e9rs\u00e9g\u00fcnk szoci\u00e1lis alapszolg\u00e1latat\u00e1sainak ell\u00e1t\u00e1s\u00e1ban. A h\u00e1zi seg\u00edts\u00e9gny\u00fajt\u00e1st Dorog v\u00e1ros\u00e1ban t\u00f6retlen lelkesed\u00e9ssel szervezte nyugd\u00edjaz\u00e1s\u00e1ig. Itt v\u00e9gzett kimagasl\u00f3 szakmai munk\u00e1j\u00e1\u00e9rt 2012-ben a Magyarorsz\u00e1gi Baptista egyh\u00e1z \u201eChopj\u00e1k Attila\u201d d\u00edjban r\u00e9szes\u00edtette. 2019-ben Dorog V\u00e1ros K\u00e9pvisel\u0151-test\u00fclete Emberi Er\u0151forr\u00e1s Bizotts\u00e1g\u00e1nak eln\u00f6ke lett. K\u00e9pvisel\u0151i munk\u00e1j\u00e1ban mindig nagy hangs\u00falyt fektetett a szoci\u00e1lisan r\u00e1szorul\u00f3k helyzet\u00e9nek jav\u00edt\u00e1s\u00e1ra, kiemelten foglalkozott az id\u0151sell\u00e1t\u00e1ssal.<span class=\"Apple-converted-space\">&nbsp; <\/span>Kitart\u00f3 munk\u00e1j\u00e1val 30 \u00e9ven \u00e1t szolg\u00e1lta a v\u00e1ros lakoss\u00e1g\u00e1t.<\/p>\n<p><img decoding=\"async\" class=\"alignnone size-full wp-image-68297\" src=\"https:\/\/dorogimedence.hu\/wp-content\/uploads\/2025\/01\/10421_b.jpg\" alt=\"\" width=\"1920\" height=\"1079\" srcset=\"https:\/\/dorogimedence.hu\/wp-content\/uploads\/2025\/01\/10421_b.jpg 1920w, https:\/\/dorogimedence.hu\/wp-content\/uploads\/2025\/01\/10421_b-600x337.jpg 600w, https:\/\/dorogimedence.hu\/wp-content\/uploads\/2025\/01\/10421_b-768x432.jpg 768w, https:\/\/dorogimedence.hu\/wp-content\/uploads\/2025\/01\/10421_b-1536x863.jpg 1536w, https:\/\/dorogimedence.hu\/wp-content\/uploads\/2025\/01\/10421_b-150x84.jpg 150w, https:\/\/dorogimedence.hu\/wp-content\/uploads\/2025\/01\/10421_b-450x253.jpg 450w, https:\/\/dorogimedence.hu\/wp-content\/uploads\/2025\/01\/10421_b-1200x674.jpg 1200w\" sizes=\"(max-width: 1920px) 100vw, 1920px\" \/><\/p>\n<h3><strong>Karcz Jen\u0151 m\u00e9ltat\u00e1sa<\/strong><\/h3>\n<p>Karcz Jen\u0151 1946. j\u00fanius 17-\u00e9n sz\u00fcletett Dorogon. A P\u00e9nz\u00fcgyi \u00e9s Sz\u00e1mviteli F\u0151iskol\u00e1n szerzett diplom\u00e1t. P\u00e1lyafut\u00e1s\u00e1t 1964-ben kezdte a Dorogi Sz\u00e9nb\u00e1ny\u00e1kn\u00e1l, ahol m\u00e1r fiatalon bizony\u00edtotta r\u00e1termetts\u00e9g\u00e9t. K\u00e9s\u0151bb a VOL\u00c1N dorogi telephely\u00e9nek vezet\u0151jek\u00e9nt is jelent\u0151s szerepet v\u00e1llalt, mindig a hat\u00e9konys\u00e1g \u00e9s az innov\u00e1ci\u00f3 szeml\u00e9let\u00e9vel dolgozva. K\u00f6z\u00e9leti tev\u00e9kenys\u00e9ge 2002-ben kezd\u0151d\u00f6tt, amikor a 3. sz\u00e1m\u00fa egy\u00e9ni v\u00e1laszt\u00f3ker\u00fclet k\u00e9pvisel\u0151j\u00e9v\u00e9 v\u00e1lasztott\u00e1k. Az\u00f3ta elhivatott tagja volt a K\u00e9pvisel\u0151-test\u00fcletnek, \u00e9s k\u00e9t cikluson kereszt\u00fcl, 2002 \u00e9s 2010 k\u00f6z\u00f6tt, a P\u00e9nz\u00fcgyi Bizotts\u00e1g eln\u00f6kek\u00e9nt seg\u00edtette a v\u00e1ros gazdas\u00e1gi \u00fcgyeinek el\u0151mozd\u00edt\u00e1s\u00e1t. Ezt k\u00f6vet\u0151en a P\u00e9nz\u00fcgyi V\u00e1rosfejleszt\u00e9si Bizotts\u00e1g tan\u00e1csnokak\u00e9nt is hat\u00e9konyan k\u00f6zrem\u0171k\u00f6d\u00f6tt Dorog fejl\u0151d\u00e9s\u00e9nek ir\u00e1ny\u00edt\u00e1s\u00e1ban, k\u00fcl\u00f6n\u00f6s figyelmet ford\u00edtva a v\u00e1ros p\u00e9nz\u00fcgyi stabilit\u00e1s\u00e1ra \u00e9s hossz\u00fa t\u00e1v\u00fa fejleszt\u00e9si c\u00e9ljaira. Karcz Jen\u0151 munk\u00e1ss\u00e1g\u00e1t mindig az alaposs\u00e1g, az el\u0151rel\u00e1t\u00e1s \u00e9s a k\u00f6z\u00f6ss\u00e9g ir\u00e1nti felel\u0151ss\u00e9gv\u00e1llal\u00e1s jellemezte.<\/p>\n<p><img loading=\"lazy\" decoding=\"async\" class=\"alignnone size-full wp-image-68298\" src=\"https:\/\/dorogimedence.hu\/wp-content\/uploads\/2025\/01\/10420_b.jpg\" alt=\"\" width=\"1920\" height=\"1079\" srcset=\"https:\/\/dorogimedence.hu\/wp-content\/uploads\/2025\/01\/10420_b.jpg 1920w, https:\/\/dorogimedence.hu\/wp-content\/uploads\/2025\/01\/10420_b-600x337.jpg 600w, https:\/\/dorogimedence.hu\/wp-content\/uploads\/2025\/01\/10420_b-768x432.jpg 768w, https:\/\/dorogimedence.hu\/wp-content\/uploads\/2025\/01\/10420_b-1536x863.jpg 1536w, https:\/\/dorogimedence.hu\/wp-content\/uploads\/2025\/01\/10420_b-150x84.jpg 150w, https:\/\/dorogimedence.hu\/wp-content\/uploads\/2025\/01\/10420_b-450x253.jpg 450w, https:\/\/dorogimedence.hu\/wp-content\/uploads\/2025\/01\/10420_b-1200x674.jpg 1200w\" sizes=\"(max-width: 1920px) 100vw, 1920px\" \/><\/p>\n<h3><strong>Moln\u00e1r Albert m\u00e9ltat\u00e1sa<\/strong><\/h3>\n<p>Moln\u00e1r Albert 1952. okt\u00f3ber 24-\u00e9n sz\u00fcletett Dorogon. P\u00e1lyafut\u00e1s\u00e1t a Dorogi Sz\u00e9nb\u00e1ny\u00e1k V\u00e1llalatn\u00e1l kezdte, majd v\u00e1llalkoz\u00f3k\u00e9nt is bizony\u00edtotta r\u00e1termetts\u00e9g\u00e9t. 1986-ban \u00faj fejezetet nyitott \u00e9let\u00e9ben, amikor csal\u00e1dj\u00e1val megnyitotta a Moln\u00e1r S\u00f6r\u00f6z\u0151t, amely az\u00f3ta is a helyi k\u00f6z\u00f6ss\u00e9gi \u00e9let egyik fontos sz\u00edntere. K\u00f6z\u00e9leti p\u00e1lyafut\u00e1sa 1998-ban indult, amikor alap\u00edt\u00f3 tagja lett a V\u00e1llalkoz\u00f3k Egyes\u00fclet\u00e9nek, amelynek t\u00e1mogat\u00e1s\u00e1val k\u00e9pvisel\u0151jel\u00f6ltk\u00e9nt sikeresen indult az \u00f6nkorm\u00e1nyzati v\u00e1laszt\u00e1sokon. Az elm\u00falt t\u00f6bb mint k\u00e9t \u00e9vtizedben, 1998-t\u00f3l eg\u00e9szen 2024-ig, az 1. sz\u00e1m\u00fa egy\u00e9ni v\u00e1laszt\u00f3k\u00f6rzet k\u00e9pvisel\u0151jek\u00e9nt kiemelked\u0151 szerepet v\u00e1llalt a K\u00e9pvisel\u0151-test\u00fclet munk\u00e1j\u00e1ban. Moln\u00e1r Albert k\u00fcl\u00f6n\u00f6sen fontos szerepet t\u00f6lt\u00f6tt be a Gazdas\u00e1gi Bizotts\u00e1gban, amelynek kezdetekt\u0151l tagja volt, majd 2006-t\u00f3l eln\u00f6kk\u00e9nt vezette. K\u00e9pvisel\u0151k\u00e9nt, bizotts\u00e1gi eln\u00f6kk\u00e9nt mindig a k\u00f6z\u00f6ss\u00e9g \u00e9rdekeit tartotta szem el\u0151tt. K\u00f6z\u00f6ss\u00e9gi tev\u00e9kenys\u00e9g\u00e9t, elhivatotts\u00e1g\u00e1t \u00e9s Dorog ir\u00e1nti szeretet\u00e9t a v\u00e1ros most a Pro Urbe d\u00edjjal ismeri el.<\/p>\n<p><img loading=\"lazy\" decoding=\"async\" class=\"alignnone size-full wp-image-68299\" src=\"https:\/\/dorogimedence.hu\/wp-content\/uploads\/2025\/01\/10422_b.jpg\" alt=\"\" width=\"1920\" height=\"1079\" srcset=\"https:\/\/dorogimedence.hu\/wp-content\/uploads\/2025\/01\/10422_b.jpg 1920w, https:\/\/dorogimedence.hu\/wp-content\/uploads\/2025\/01\/10422_b-600x337.jpg 600w, https:\/\/dorogimedence.hu\/wp-content\/uploads\/2025\/01\/10422_b-768x432.jpg 768w, https:\/\/dorogimedence.hu\/wp-content\/uploads\/2025\/01\/10422_b-1536x863.jpg 1536w, https:\/\/dorogimedence.hu\/wp-content\/uploads\/2025\/01\/10422_b-150x84.jpg 150w, https:\/\/dorogimedence.hu\/wp-content\/uploads\/2025\/01\/10422_b-450x253.jpg 450w, https:\/\/dorogimedence.hu\/wp-content\/uploads\/2025\/01\/10422_b-1200x674.jpg 1200w\" sizes=\"(max-width: 1920px) 100vw, 1920px\" \/><\/p>\n<p><em>Fot\u00f3k, forr\u00e1s: dorog.hu<\/em><\/p>\n","protected":false},"excerpt":{"rendered":"<p>Janu\u00e1r 22-\u00e9n, szerd\u00e1n \u00fcnnepelt\u00fck a magyar kult\u00fara napj\u00e1t orsz\u00e1gszerte. A dorogi esem\u00e9nyen \u00e1tadt\u00e1k a Pro Urbe d\u00edjakat is, id\u00e9n B\u00e9res Tiborn\u00e9, Karcz Jen\u0151 \u00e9s Moln\u00e1r Albert vehette \u00e1t az elismer\u00e9st. A rendezv\u00e9nyt Er\u0151s G\u00e1bor, a t\u00e9rs\u00e9g orsz\u00e1ggy\u0171l\u00e9si k\u00e9pvisel\u0151je nyitotta meg, aki elmondta: ha egy nemzetnek er\u0151s a kult\u00far\u00e1ja, akkor er\u0151sek a gy\u00f6kerei is. A megnyit\u00f3<\/p>\n","protected":false},"author":1,"featured_media":68300,"comment_status":"closed","ping_status":"closed","sticky":false,"template":"","format":"standard","meta":{"ngg_post_thumbnail":0,"footnotes":""},"categories":[2,3],"tags":[4645,15,5624,2720,417],"class_list":{"0":"post-68296","1":"post","2":"type-post","3":"status-publish","4":"format-standard","5":"has-post-thumbnail","7":"category-dorog","8":"category-hirek","9":"tag-a-magyar-kultura-napja","10":"tag-dorog","11":"tag-featured","12":"tag-pro-urbe-dij","13":"tag-richter-gedeon"},"yoast_head":"<!-- This site is optimized with the Yoast SEO plugin v27.4 - https:\/\/yoast.com\/product\/yoast-seo-wordpress\/ -->\n<title>Richter Gedeonra eml\u00e9keztek a magyar kult\u00fara napj\u00e1n Dorogon<\/title>\n<meta name=\"robots\" content=\"index, follow, max-snippet:-1, max-image-preview:large, max-video-preview:-1\" \/>\n<link rel=\"canonical\" href=\"https:\/\/dorogimedence.hu\/index.php\/2025\/01\/23\/richter-gedeonra-emlekeztek-a-magyar-kultura-napjan-dorogon\/\" class=\"yoast-seo-meta-tag\" \/>\n<meta property=\"og:locale\" content=\"hu_HU\" class=\"yoast-seo-meta-tag\" \/>\n<meta property=\"og:type\" content=\"article\" class=\"yoast-seo-meta-tag\" \/>\n<meta property=\"og:title\" content=\"Richter Gedeonra eml\u00e9keztek a magyar kult\u00fara napj\u00e1n Dorogon\" class=\"yoast-seo-meta-tag\" \/>\n<meta property=\"og:description\" content=\"Janu\u00e1r 22-\u00e9n, szerd\u00e1n \u00fcnnepelt\u00fck a magyar kult\u00fara napj\u00e1t orsz\u00e1gszerte. A dorogi esem\u00e9nyen \u00e1tadt\u00e1k a Pro Urbe d\u00edjakat is, id\u00e9n B\u00e9res Tiborn\u00e9, Karcz Jen\u0151 \u00e9s Moln\u00e1r Albert vehette \u00e1t az elismer\u00e9st. A rendezv\u00e9nyt Er\u0151s G\u00e1bor, a t\u00e9rs\u00e9g orsz\u00e1ggy\u0171l\u00e9si k\u00e9pvisel\u0151je nyitotta meg, aki elmondta: ha egy nemzetnek er\u0151s a kult\u00far\u00e1ja, akkor er\u0151sek a gy\u00f6kerei is. A megnyit\u00f3\" class=\"yoast-seo-meta-tag\" \/>\n<meta property=\"og:url\" content=\"https:\/\/dorogimedence.hu\/index.php\/2025\/01\/23\/richter-gedeonra-emlekeztek-a-magyar-kultura-napjan-dorogon\/\" class=\"yoast-seo-meta-tag\" \/>\n<meta property=\"og:site_name\" content=\"Dorogi-medence Region\u00e1lis H\u00edrport\u00e1l\" class=\"yoast-seo-meta-tag\" \/>\n<meta property=\"article:publisher\" content=\"https:\/\/www.facebook.com\/dorogimedence\/\" class=\"yoast-seo-meta-tag\" \/>\n<meta property=\"article:published_time\" content=\"2025-01-23T08:33:38+00:00\" class=\"yoast-seo-meta-tag\" \/>\n<meta property=\"og:image\" content=\"https:\/\/dorogimedence.hu\/wp-content\/uploads\/2025\/01\/474325903_920106633639668_2000638066488841159_n.jpg\" class=\"yoast-seo-meta-tag\" \/>\n\t<meta property=\"og:image:width\" content=\"2048\" class=\"yoast-seo-meta-tag\" \/>\n\t<meta property=\"og:image:height\" content=\"1152\" class=\"yoast-seo-meta-tag\" \/>\n\t<meta property=\"og:image:type\" content=\"image\/jpeg\" class=\"yoast-seo-meta-tag\" \/>\n<meta name=\"author\" content=\"dorogimedence.hu\" class=\"yoast-seo-meta-tag\" \/>\n<meta name=\"twitter:card\" content=\"summary_large_image\" class=\"yoast-seo-meta-tag\" \/>\n<meta name=\"twitter:label1\" content=\"Szerz\u0151:\" class=\"yoast-seo-meta-tag\" \/>\n\t<meta name=\"twitter:data1\" content=\"dorogimedence.hu\" class=\"yoast-seo-meta-tag\" \/>\n\t<meta name=\"twitter:label2\" content=\"Becs\u00fclt olvas\u00e1si id\u0151\" class=\"yoast-seo-meta-tag\" \/>\n\t<meta name=\"twitter:data2\" content=\"5 perc\" class=\"yoast-seo-meta-tag\" \/>\n<script type=\"application\/ld+json\" class=\"yoast-schema-graph\">{\"@context\":\"https:\\\/\\\/schema.org\",\"@graph\":[{\"@type\":\"Article\",\"@id\":\"https:\\\/\\\/dorogimedence.hu\\\/index.php\\\/2025\\\/01\\\/23\\\/richter-gedeonra-emlekeztek-a-magyar-kultura-napjan-dorogon\\\/#article\",\"isPartOf\":{\"@id\":\"https:\\\/\\\/dorogimedence.hu\\\/index.php\\\/2025\\\/01\\\/23\\\/richter-gedeonra-emlekeztek-a-magyar-kultura-napjan-dorogon\\\/\"},\"author\":{\"name\":\"dorogimedence.hu\",\"@id\":\"https:\\\/\\\/dorogimedence.hu\\\/#\\\/schema\\\/person\\\/ce6091eeb7e95ecdc87890d6aa8e0fd4\"},\"headline\":\"Richter Gedeonra eml\u00e9keztek a magyar kult\u00fara napj\u00e1n Dorogon\",\"datePublished\":\"2025-01-23T08:33:38+00:00\",\"mainEntityOfPage\":{\"@id\":\"https:\\\/\\\/dorogimedence.hu\\\/index.php\\\/2025\\\/01\\\/23\\\/richter-gedeonra-emlekeztek-a-magyar-kultura-napjan-dorogon\\\/\"},\"wordCount\":988,\"publisher\":{\"@id\":\"https:\\\/\\\/dorogimedence.hu\\\/#organization\"},\"image\":{\"@id\":\"https:\\\/\\\/dorogimedence.hu\\\/index.php\\\/2025\\\/01\\\/23\\\/richter-gedeonra-emlekeztek-a-magyar-kultura-napjan-dorogon\\\/#primaryimage\"},\"thumbnailUrl\":\"https:\\\/\\\/dorogimedence.hu\\\/wp-content\\\/uploads\\\/2025\\\/01\\\/474325903_920106633639668_2000638066488841159_n.jpg\",\"keywords\":[\"a magyar kult\u00fara napja\",\"Dorog\",\"featured\",\"Pro Urbe d\u00edj\",\"Richter Gedeon\"],\"articleSection\":[\"Dorog\",\"H\u00edrek\"],\"inLanguage\":\"hu\"},{\"@type\":\"WebPage\",\"@id\":\"https:\\\/\\\/dorogimedence.hu\\\/index.php\\\/2025\\\/01\\\/23\\\/richter-gedeonra-emlekeztek-a-magyar-kultura-napjan-dorogon\\\/\",\"url\":\"https:\\\/\\\/dorogimedence.hu\\\/index.php\\\/2025\\\/01\\\/23\\\/richter-gedeonra-emlekeztek-a-magyar-kultura-napjan-dorogon\\\/\",\"name\":\"Richter Gedeonra eml\u00e9keztek a magyar kult\u00fara napj\u00e1n Dorogon\",\"isPartOf\":{\"@id\":\"https:\\\/\\\/dorogimedence.hu\\\/#website\"},\"primaryImageOfPage\":{\"@id\":\"https:\\\/\\\/dorogimedence.hu\\\/index.php\\\/2025\\\/01\\\/23\\\/richter-gedeonra-emlekeztek-a-magyar-kultura-napjan-dorogon\\\/#primaryimage\"},\"image\":{\"@id\":\"https:\\\/\\\/dorogimedence.hu\\\/index.php\\\/2025\\\/01\\\/23\\\/richter-gedeonra-emlekeztek-a-magyar-kultura-napjan-dorogon\\\/#primaryimage\"},\"thumbnailUrl\":\"https:\\\/\\\/dorogimedence.hu\\\/wp-content\\\/uploads\\\/2025\\\/01\\\/474325903_920106633639668_2000638066488841159_n.jpg\",\"datePublished\":\"2025-01-23T08:33:38+00:00\",\"breadcrumb\":{\"@id\":\"https:\\\/\\\/dorogimedence.hu\\\/index.php\\\/2025\\\/01\\\/23\\\/richter-gedeonra-emlekeztek-a-magyar-kultura-napjan-dorogon\\\/#breadcrumb\"},\"inLanguage\":\"hu\",\"potentialAction\":[{\"@type\":\"ReadAction\",\"target\":[\"https:\\\/\\\/dorogimedence.hu\\\/index.php\\\/2025\\\/01\\\/23\\\/richter-gedeonra-emlekeztek-a-magyar-kultura-napjan-dorogon\\\/\"]}]},{\"@type\":\"ImageObject\",\"inLanguage\":\"hu\",\"@id\":\"https:\\\/\\\/dorogimedence.hu\\\/index.php\\\/2025\\\/01\\\/23\\\/richter-gedeonra-emlekeztek-a-magyar-kultura-napjan-dorogon\\\/#primaryimage\",\"url\":\"https:\\\/\\\/dorogimedence.hu\\\/wp-content\\\/uploads\\\/2025\\\/01\\\/474325903_920106633639668_2000638066488841159_n.jpg\",\"contentUrl\":\"https:\\\/\\\/dorogimedence.hu\\\/wp-content\\\/uploads\\\/2025\\\/01\\\/474325903_920106633639668_2000638066488841159_n.jpg\",\"width\":2048,\"height\":1152},{\"@type\":\"BreadcrumbList\",\"@id\":\"https:\\\/\\\/dorogimedence.hu\\\/index.php\\\/2025\\\/01\\\/23\\\/richter-gedeonra-emlekeztek-a-magyar-kultura-napjan-dorogon\\\/#breadcrumb\",\"itemListElement\":[{\"@type\":\"ListItem\",\"position\":1,\"name\":\"Kezd\u0151lap\",\"item\":\"https:\\\/\\\/dorogimedence.hu\\\/\"},{\"@type\":\"ListItem\",\"position\":2,\"name\":\"Richter Gedeonra eml\u00e9keztek a magyar kult\u00fara napj\u00e1n Dorogon\"}]},{\"@type\":\"WebSite\",\"@id\":\"https:\\\/\\\/dorogimedence.hu\\\/#website\",\"url\":\"https:\\\/\\\/dorogimedence.hu\\\/\",\"name\":\"Dorogi-medence Region\u00e1lis H\u00edrport\u00e1l\",\"description\":\"Dorog, Keszt\u00f6lc, Le\u00e1nyv\u00e1r, Piliscs\u00e9v, Tokod, Tokodalt\u00e1r\u00f3, Csolnok, Esztergom-kertv\u00e1ros: h\u00edrek, programok\",\"publisher\":{\"@id\":\"https:\\\/\\\/dorogimedence.hu\\\/#organization\"},\"potentialAction\":[{\"@type\":\"SearchAction\",\"target\":{\"@type\":\"EntryPoint\",\"urlTemplate\":\"https:\\\/\\\/dorogimedence.hu\\\/?s={search_term_string}\"},\"query-input\":{\"@type\":\"PropertyValueSpecification\",\"valueRequired\":true,\"valueName\":\"search_term_string\"}}],\"inLanguage\":\"hu\"},{\"@type\":\"Organization\",\"@id\":\"https:\\\/\\\/dorogimedence.hu\\\/#organization\",\"name\":\"Dorogi-medence Region\u00e1lis H\u00edrport\u00e1l\",\"url\":\"https:\\\/\\\/dorogimedence.hu\\\/\",\"logo\":{\"@type\":\"ImageObject\",\"inLanguage\":\"hu\",\"@id\":\"https:\\\/\\\/dorogimedence.hu\\\/#\\\/schema\\\/logo\\\/image\\\/\",\"url\":\"https:\\\/\\\/dorogimedence.hu\\\/wp-content\\\/uploads\\\/2021\\\/04\\\/logo-feher-600.png\",\"contentUrl\":\"https:\\\/\\\/dorogimedence.hu\\\/wp-content\\\/uploads\\\/2021\\\/04\\\/logo-feher-600.png\",\"width\":600,\"height\":100,\"caption\":\"Dorogi-medence Region\u00e1lis H\u00edrport\u00e1l\"},\"image\":{\"@id\":\"https:\\\/\\\/dorogimedence.hu\\\/#\\\/schema\\\/logo\\\/image\\\/\"},\"sameAs\":[\"https:\\\/\\\/www.facebook.com\\\/dorogimedence\\\/\"]},{\"@type\":\"Person\",\"@id\":\"https:\\\/\\\/dorogimedence.hu\\\/#\\\/schema\\\/person\\\/ce6091eeb7e95ecdc87890d6aa8e0fd4\",\"name\":\"dorogimedence.hu\",\"image\":{\"@type\":\"ImageObject\",\"inLanguage\":\"hu\",\"@id\":\"\\\/\\\/www.gravatar.com\\\/avatar\\\/d8d45f8901aadff40a4af72c0b826f1d?s=96&#038;r=g&#038;d=mm\",\"url\":\"\\\/\\\/www.gravatar.com\\\/avatar\\\/d8d45f8901aadff40a4af72c0b826f1d?s=96&#038;r=g&#038;d=mm\",\"contentUrl\":\"\\\/\\\/www.gravatar.com\\\/avatar\\\/d8d45f8901aadff40a4af72c0b826f1d?s=96&#038;r=g&#038;d=mm\",\"caption\":\"dorogimedence.hu\"}}]}<\/script>\n<!-- \/ Yoast SEO plugin. -->","yoast_head_json":{"title":"Richter Gedeonra eml\u00e9keztek a magyar kult\u00fara napj\u00e1n Dorogon","robots":{"index":"index","follow":"follow","max-snippet":"max-snippet:-1","max-image-preview":"max-image-preview:large","max-video-preview":"max-video-preview:-1"},"canonical":"https:\/\/dorogimedence.hu\/index.php\/2025\/01\/23\/richter-gedeonra-emlekeztek-a-magyar-kultura-napjan-dorogon\/","og_locale":"hu_HU","og_type":"article","og_title":"Richter Gedeonra eml\u00e9keztek a magyar kult\u00fara napj\u00e1n Dorogon","og_description":"Janu\u00e1r 22-\u00e9n, szerd\u00e1n \u00fcnnepelt\u00fck a magyar kult\u00fara napj\u00e1t orsz\u00e1gszerte. A dorogi esem\u00e9nyen \u00e1tadt\u00e1k a Pro Urbe d\u00edjakat is, id\u00e9n B\u00e9res Tiborn\u00e9, Karcz Jen\u0151 \u00e9s Moln\u00e1r Albert vehette \u00e1t az elismer\u00e9st. A rendezv\u00e9nyt Er\u0151s G\u00e1bor, a t\u00e9rs\u00e9g orsz\u00e1ggy\u0171l\u00e9si k\u00e9pvisel\u0151je nyitotta meg, aki elmondta: ha egy nemzetnek er\u0151s a kult\u00far\u00e1ja, akkor er\u0151sek a gy\u00f6kerei is. A megnyit\u00f3","og_url":"https:\/\/dorogimedence.hu\/index.php\/2025\/01\/23\/richter-gedeonra-emlekeztek-a-magyar-kultura-napjan-dorogon\/","og_site_name":"Dorogi-medence Region\u00e1lis H\u00edrport\u00e1l","article_publisher":"https:\/\/www.facebook.com\/dorogimedence\/","article_published_time":"2025-01-23T08:33:38+00:00","og_image":[{"width":2048,"height":1152,"url":"https:\/\/dorogimedence.hu\/wp-content\/uploads\/2025\/01\/474325903_920106633639668_2000638066488841159_n.jpg","type":"image\/jpeg"}],"author":"dorogimedence.hu","twitter_card":"summary_large_image","twitter_misc":{"Szerz\u0151:":"dorogimedence.hu","Becs\u00fclt olvas\u00e1si id\u0151":"5 perc"},"schema":{"@context":"https:\/\/schema.org","@graph":[{"@type":"Article","@id":"https:\/\/dorogimedence.hu\/index.php\/2025\/01\/23\/richter-gedeonra-emlekeztek-a-magyar-kultura-napjan-dorogon\/#article","isPartOf":{"@id":"https:\/\/dorogimedence.hu\/index.php\/2025\/01\/23\/richter-gedeonra-emlekeztek-a-magyar-kultura-napjan-dorogon\/"},"author":{"name":"dorogimedence.hu","@id":"https:\/\/dorogimedence.hu\/#\/schema\/person\/ce6091eeb7e95ecdc87890d6aa8e0fd4"},"headline":"Richter Gedeonra eml\u00e9keztek a magyar kult\u00fara napj\u00e1n Dorogon","datePublished":"2025-01-23T08:33:38+00:00","mainEntityOfPage":{"@id":"https:\/\/dorogimedence.hu\/index.php\/2025\/01\/23\/richter-gedeonra-emlekeztek-a-magyar-kultura-napjan-dorogon\/"},"wordCount":988,"publisher":{"@id":"https:\/\/dorogimedence.hu\/#organization"},"image":{"@id":"https:\/\/dorogimedence.hu\/index.php\/2025\/01\/23\/richter-gedeonra-emlekeztek-a-magyar-kultura-napjan-dorogon\/#primaryimage"},"thumbnailUrl":"https:\/\/dorogimedence.hu\/wp-content\/uploads\/2025\/01\/474325903_920106633639668_2000638066488841159_n.jpg","keywords":["a magyar kult\u00fara napja","Dorog","featured","Pro Urbe d\u00edj","Richter Gedeon"],"articleSection":["Dorog","H\u00edrek"],"inLanguage":"hu"},{"@type":"WebPage","@id":"https:\/\/dorogimedence.hu\/index.php\/2025\/01\/23\/richter-gedeonra-emlekeztek-a-magyar-kultura-napjan-dorogon\/","url":"https:\/\/dorogimedence.hu\/index.php\/2025\/01\/23\/richter-gedeonra-emlekeztek-a-magyar-kultura-napjan-dorogon\/","name":"Richter Gedeonra eml\u00e9keztek a magyar kult\u00fara napj\u00e1n Dorogon","isPartOf":{"@id":"https:\/\/dorogimedence.hu\/#website"},"primaryImageOfPage":{"@id":"https:\/\/dorogimedence.hu\/index.php\/2025\/01\/23\/richter-gedeonra-emlekeztek-a-magyar-kultura-napjan-dorogon\/#primaryimage"},"image":{"@id":"https:\/\/dorogimedence.hu\/index.php\/2025\/01\/23\/richter-gedeonra-emlekeztek-a-magyar-kultura-napjan-dorogon\/#primaryimage"},"thumbnailUrl":"https:\/\/dorogimedence.hu\/wp-content\/uploads\/2025\/01\/474325903_920106633639668_2000638066488841159_n.jpg","datePublished":"2025-01-23T08:33:38+00:00","breadcrumb":{"@id":"https:\/\/dorogimedence.hu\/index.php\/2025\/01\/23\/richter-gedeonra-emlekeztek-a-magyar-kultura-napjan-dorogon\/#breadcrumb"},"inLanguage":"hu","potentialAction":[{"@type":"ReadAction","target":["https:\/\/dorogimedence.hu\/index.php\/2025\/01\/23\/richter-gedeonra-emlekeztek-a-magyar-kultura-napjan-dorogon\/"]}]},{"@type":"ImageObject","inLanguage":"hu","@id":"https:\/\/dorogimedence.hu\/index.php\/2025\/01\/23\/richter-gedeonra-emlekeztek-a-magyar-kultura-napjan-dorogon\/#primaryimage","url":"https:\/\/dorogimedence.hu\/wp-content\/uploads\/2025\/01\/474325903_920106633639668_2000638066488841159_n.jpg","contentUrl":"https:\/\/dorogimedence.hu\/wp-content\/uploads\/2025\/01\/474325903_920106633639668_2000638066488841159_n.jpg","width":2048,"height":1152},{"@type":"BreadcrumbList","@id":"https:\/\/dorogimedence.hu\/index.php\/2025\/01\/23\/richter-gedeonra-emlekeztek-a-magyar-kultura-napjan-dorogon\/#breadcrumb","itemListElement":[{"@type":"ListItem","position":1,"name":"Kezd\u0151lap","item":"https:\/\/dorogimedence.hu\/"},{"@type":"ListItem","position":2,"name":"Richter Gedeonra eml\u00e9keztek a magyar kult\u00fara napj\u00e1n Dorogon"}]},{"@type":"WebSite","@id":"https:\/\/dorogimedence.hu\/#website","url":"https:\/\/dorogimedence.hu\/","name":"Dorogi-medence Region\u00e1lis H\u00edrport\u00e1l","description":"Dorog, Keszt\u00f6lc, Le\u00e1nyv\u00e1r, Piliscs\u00e9v, Tokod, Tokodalt\u00e1r\u00f3, Csolnok, Esztergom-kertv\u00e1ros: h\u00edrek, programok","publisher":{"@id":"https:\/\/dorogimedence.hu\/#organization"},"potentialAction":[{"@type":"SearchAction","target":{"@type":"EntryPoint","urlTemplate":"https:\/\/dorogimedence.hu\/?s={search_term_string}"},"query-input":{"@type":"PropertyValueSpecification","valueRequired":true,"valueName":"search_term_string"}}],"inLanguage":"hu"},{"@type":"Organization","@id":"https:\/\/dorogimedence.hu\/#organization","name":"Dorogi-medence Region\u00e1lis H\u00edrport\u00e1l","url":"https:\/\/dorogimedence.hu\/","logo":{"@type":"ImageObject","inLanguage":"hu","@id":"https:\/\/dorogimedence.hu\/#\/schema\/logo\/image\/","url":"https:\/\/dorogimedence.hu\/wp-content\/uploads\/2021\/04\/logo-feher-600.png","contentUrl":"https:\/\/dorogimedence.hu\/wp-content\/uploads\/2021\/04\/logo-feher-600.png","width":600,"height":100,"caption":"Dorogi-medence Region\u00e1lis H\u00edrport\u00e1l"},"image":{"@id":"https:\/\/dorogimedence.hu\/#\/schema\/logo\/image\/"},"sameAs":["https:\/\/www.facebook.com\/dorogimedence\/"]},{"@type":"Person","@id":"https:\/\/dorogimedence.hu\/#\/schema\/person\/ce6091eeb7e95ecdc87890d6aa8e0fd4","name":"dorogimedence.hu","image":{"@type":"ImageObject","inLanguage":"hu","@id":"\/\/www.gravatar.com\/avatar\/d8d45f8901aadff40a4af72c0b826f1d?s=96&#038;r=g&#038;d=mm","url":"\/\/www.gravatar.com\/avatar\/d8d45f8901aadff40a4af72c0b826f1d?s=96&#038;r=g&#038;d=mm","contentUrl":"\/\/www.gravatar.com\/avatar\/d8d45f8901aadff40a4af72c0b826f1d?s=96&#038;r=g&#038;d=mm","caption":"dorogimedence.hu"}}]}},"_links":{"self":[{"href":"https:\/\/dorogimedence.hu\/index.php\/wp-json\/wp\/v2\/posts\/68296","targetHints":{"allow":["GET"]}}],"collection":[{"href":"https:\/\/dorogimedence.hu\/index.php\/wp-json\/wp\/v2\/posts"}],"about":[{"href":"https:\/\/dorogimedence.hu\/index.php\/wp-json\/wp\/v2\/types\/post"}],"author":[{"embeddable":true,"href":"https:\/\/dorogimedence.hu\/index.php\/wp-json\/wp\/v2\/users\/1"}],"replies":[{"embeddable":true,"href":"https:\/\/dorogimedence.hu\/index.php\/wp-json\/wp\/v2\/comments?post=68296"}],"version-history":[{"count":0,"href":"https:\/\/dorogimedence.hu\/index.php\/wp-json\/wp\/v2\/posts\/68296\/revisions"}],"wp:featuredmedia":[{"embeddable":true,"href":"https:\/\/dorogimedence.hu\/index.php\/wp-json\/wp\/v2\/media\/68300"}],"wp:attachment":[{"href":"https:\/\/dorogimedence.hu\/index.php\/wp-json\/wp\/v2\/media?parent=68296"}],"wp:term":[{"taxonomy":"category","embeddable":true,"href":"https:\/\/dorogimedence.hu\/index.php\/wp-json\/wp\/v2\/categories?post=68296"},{"taxonomy":"post_tag","embeddable":true,"href":"https:\/\/dorogimedence.hu\/index.php\/wp-json\/wp\/v2\/tags?post=68296"}],"curies":[{"name":"wp","href":"https:\/\/api.w.org\/{rel}","templated":true}]}}