{"id":68234,"date":"2025-01-21T13:55:11","date_gmt":"2025-01-21T12:55:11","guid":{"rendered":"https:\/\/dorogimedence.hu\/?p=68234"},"modified":"2025-01-21T13:55:11","modified_gmt":"2025-01-21T12:55:11","slug":"minden-litium-akkumulatorral-mukodo-hangszoro-fulhallgato-es-csavarbehajto-bukott-a-piacfelugyeleti-vizsgalaton","status":"publish","type":"post","link":"https:\/\/dorogimedence.hu\/index.php\/2025\/01\/21\/minden-litium-akkumulatorral-mukodo-hangszoro-fulhallgato-es-csavarbehajto-bukott-a-piacfelugyeleti-vizsgalaton\/","title":{"rendered":"Minden l\u00edtium akkumul\u00e1torral m\u0171k\u00f6d\u0151 hangsz\u00f3r\u00f3, f\u00fclhallgat\u00f3 \u00e9s csavarbehajt\u00f3 bukott a piacfel\u00fcgyeleti vizsg\u00e1laton"},"content":{"rendered":"<div id=\"110\" class=\"mb-6 relative pl-4 text-text\/neutral\/subtle text-lg font-medium italic before:absolute before:left-0 before:border-l-[3px] before:border-brand\/1000 before:h-full\">\n<p class=\"mb-6\"><strong>A mintav\u00e9telezett hangsz\u00f3r\u00f3k, f\u00fclhallgat\u00f3k, fejhallgat\u00f3k \u00e9s csavarbehajt\u00f3k egyike sem felelt meg a szabv\u00e1ny el\u0151\u00edr\u00e1sainak. Mivel mindegyik term\u00e9kn\u00e9l nagy biztons\u00e1gi kock\u00e1zatot \u00e1llap\u00edtottak meg a piacfel\u00fcgyeleti szakemberek, hat\u00f3s\u00e1gi elj\u00e1r\u00e1sok megind\u00edt\u00e1s\u00e1ra ker\u00fclt sor a magyar csal\u00e1dok v\u00e9delme \u00e9rdek\u00e9ben.<\/strong><\/p>\n<\/div>\n<div id=\"604\" class=\"text-text\/neutral\/strong font-medium mb-6\">\n<p class=\"mb-6\">A Nemzeti Kereskedelmi \u00e9s Fogyaszt\u00f3v\u00e9delmi Hat\u00f3s\u00e1g (NKFH) szakmai ir\u00e1ny\u00edt\u00e1sa alatt \u00e1ll\u00f3 korm\u00e1nyhivatalok 2024. m\u00e1sodik fel\u00e9ben l\u00edtium akkumul\u00e1torral m\u0171k\u00f6d\u0151 term\u00e9keket mintav\u00e9teleztek, amelyek az NKFH akkredit\u00e1lt laborat\u00f3rium\u00e1ban ker\u00fcltek megvizsg\u00e1l\u00e1sra. A szakemberek t\u00f6bbek k\u00f6z\u00f6tt hangsz\u00f3r\u00f3kat \u00e9s f\u00fclhallgat\u00f3kat vettek g\u00f3rcs\u0151 al\u00e1. A vizsg\u00e1lat f\u00f3kusz\u00e1ban a term\u00e9kek biztons\u00e1goss\u00e1ga \u00e1llt, \u00e9s a mintav\u00e9telezett term\u00e9kekb\u0151l egyik sem felelt meg a hat\u00f3s\u00e1gi el\u0151\u00edr\u00e1soknak, ez\u00e9rt a korm\u00e1nyhivatalok piacfel\u00fcgyeleti elj\u00e1r\u00e1st ind\u00edtottak, amelynek v\u00e9g\u00e9n a term\u00e9kek forgalomb\u00f3l t\u00f6rt\u00e9n\u0151 kivon\u00e1s\u00e1ra is sor ker\u00fcl.<\/p>\n<div id=\"605\" class=\"text-text\/neutral\/strong font-medium mb-6\">\n<p class=\"mb-6\">Manaps\u00e1g sz\u00e1mos eszk\u00f6z m\u0171k\u00f6dik akkumul\u00e1torr\u00f3l. Nemcsak a hordozhat\u00f3 k\u00e9sz\u00fcl\u00e9keinkn\u00e9l, hanem k\u00e9nyelmi szempontok miatt a borotv\u00e1kn\u00e1l, haj- \u00e9s sz\u0151rny\u00edr\u00f3kn\u00e1l, valamint a f\u00fcl- \u00e9s fejhallgat\u00f3kn\u00e1l is el\u00e9rhet\u0151ek vezet\u00e9k n\u00e9lk\u00fcli, l\u00edtiummal m\u0171k\u00f6d\u0151 akkumul\u00e1tor t\u00edpusok. Mivel a l\u00edtium rendk\u00edv\u00fcl reakt\u00edv elem, \u00edgy szabad leveg\u0151n vagy k\u00fcl\u00f6n\u00f6sen v\u00edzzel \u00e9rintkezve, gy\u00fal\u00e9kony \u00e9s robban\u00e1svesz\u00e9lyes. A l\u00edtium alap\u00fa akkumul\u00e1torok pedig mechanikai s\u00e9r\u00fcl\u00e9s vagy h\u0151 hat\u00e1s\u00e1ra kigyulladhatnak, illetve felrobbanhatnak. Ebb\u0151l kifoly\u00f3lag az eszk\u00f6z\u00f6k gy\u00e1rt\u00f3inak biztos\u00edtaniuk kell, hogy a cell\u00e1k h\u0151m\u00e9rs\u00e9klete az el\u0151\u00edrt hat\u00e1r\u00e9rt\u00e9keken bel\u00fcl maradjon.<\/p>\n<p class=\"mb-6\">A sz\u00e9les term\u00e9kpalett\u00e1b\u00f3l ez\u00fattal a f\u00fcl- \u00e9s fejhallgat\u00f3k, a hangsz\u00f3r\u00f3k, valamint a szersz\u00e1mok k\u00e9pezt\u00e9k a mintav\u00e9tel t\u00e1rgy\u00e1t. A korm\u00e1nyhivatalok munkat\u00e1rsai kisboltokb\u00f3l, nagyobb \u00e1ruh\u00e1zl\u00e1ncokb\u00f3l, telefonos boltokb\u00f3l, m\u0171szaki \u00e1ruh\u00e1zakb\u00f3l, bark\u00e1cs\u00e1ruh\u00e1zakb\u00f3l, szersz\u00e1m \u00e9s sz\u00e1m\u00edt\u00e1stechnikai web\u00e1ruh\u00e1zakb\u00f3l egyar\u00e1nt vettek mint\u00e1t. A laborat\u00f3rium a vizsg\u00e1lat sor\u00e1n a h\u0151m\u00e9rs\u00e9kletfigyel\u00e9s megl\u00e9t\u00e9t \u00e9s annak megfelel\u0151 m\u0171k\u00f6d\u00e9s\u00e9t ellen\u0151rizte. A Nemzeti Kereskedelmi \u00e9s Fogyaszt\u00f3v\u00e9delmi Hat\u00f3s\u00e1g tapasztalatai szerint a t\u00f6lt\u00e9svez\u00e9rl\u0151 elektronika egyik term\u00e9k eset\u00e9ben sem rendelkezett h\u0151m\u00e9rs\u00e9klet-figyel\u00e9ssel, azaz nem \u00e1llap\u00edthat\u00f3 meg, hogy hat\u00e1r\u00e9rt\u00e9ken bel\u00fcl marad-e a h\u0151m\u00e9rs\u00e9klet, \u00edgy az \u00f6sszes term\u00e9kn\u00e9l nagy term\u00e9kbiztons\u00e1gi kock\u00e1zatot \u00e1llap\u00edtottak meg a szakemberek.<\/p>\n<p class=\"mb-6\"><span style=\"text-decoration: underline; color: #0000ff;\"><a class=\"text-brand\/1000 underline underline-offset-2\" style=\"color: #0000ff;\" href=\"https:\/\/nkfh.gov.hu\/hirek\/litium-akkumulatorral-mukoedo-veszelyes-termekek-listaja\" target=\"_blank\" rel=\"noopener noreferrer\">A kifog\u00e1solt term\u00e9kek list\u00e1ja itt \u00e9rhet\u0151 el&gt;&gt;<\/a><\/span><\/p>\n<p class=\"mb-6\">A korm\u00e1nyhivatalok az elk\u00e9sz\u00fclt laborat\u00f3riumi vizsg\u00e1lati jegyz\u0151k\u00f6nyvek \u00e9s kock\u00e1zat\u00e9rt\u00e9kel\u00e9sek alapj\u00e1n megind\u00edtott\u00e1k a hat\u00f3s\u00e1gi elj\u00e1r\u00e1sokat, \u00e9s megteszik a sz\u00fcks\u00e9ges piacfel\u00fcgyeleti int\u00e9zked\u00e9seket, azaz int\u00e9zkednek a term\u00e9kek forgalomb\u00f3l t\u00f6rt\u00e9n\u0151 kivon\u00e1sa \u00e9s a v\u00e1s\u00e1rl\u00f3kt\u00f3l t\u00f6rt\u00e9n\u0151 visszah\u00edv\u00e1sa \u00e9rdek\u00e9ben.<\/p>\n<div id=\"111\" class=\"mb-6 relative pl-4 text-text\/neutral\/subtle text-lg font-medium italic before:absolute before:left-0 before:border-l-[3px] before:border-brand\/1000 before:h-full\">\n<p class=\"mb-6\">A l\u00edtium akkumul\u00e1torral m\u0171k\u00f6d\u0151 eszk\u00f6z\u00f6k biztons\u00e1gi k\u00e9rd\u00e9sei vil\u00e1gszerte kiemelt figyelmet kapnak. Magyarorsz\u00e1g 2024 \u0151sz\u00e9n csatlakozott az OECD \u00e1ltal ind\u00edtott glob\u00e1lis szeml\u00e9letform\u00e1l\u00f3 \u00e9s tudatoss\u00e1gn\u00f6vel\u0151 kamp\u00e1nyhoz. Ennek sor\u00e1n a Nemzetgazdas\u00e1gi Miniszt\u00e9rium \u00e9s a Nemzeti Kereskedelmi \u00e9s Fogyaszt\u00f3v\u00e9delmi Hat\u00f3s\u00e1g folyamatosan t\u00e1j\u00e9koztatja honlapj\u00e1n \u00e9s k\u00f6z\u00f6ss\u00e9gi m\u00e9dia fel\u00fcletein a fogyaszt\u00f3kat a term\u00e9kk\u00f6rt \u00e9rint\u0151 biztons\u00e1gi vesz\u00e9lyekr\u0151l.<\/p>\n<\/div>\n<div id=\"606\" class=\"text-text\/neutral\/strong font-medium mb-6\">\n<p class=\"mb-6\">A Nemzeti Kereskedelmi \u00e9s Fogyaszt\u00f3v\u00e9delmi Hat\u00f3s\u00e1g, valamint a korm\u00e1nyhivatalok piacfel\u00fcgyeleti szakemberei ezen fel\u00fcl eg\u00e9sz \u00e9vben folyamatosan vizsg\u00e1lj\u00e1k a hagyom\u00e1nyos kereskedelmet \u00e9s a web\u00e1ruh\u00e1zakat annak \u00e9rdek\u00e9ben, hogy a magyar csal\u00e1dok biztons\u00e1gban legyenek. \u00cdgy mind a kereskedelmi forgalomban k\u00edn\u00e1lt term\u00e9kek vonatkoz\u00e1s\u00e1ban, mind a Nemzeti Ad\u00f3-\u00e9s V\u00e1mhivatallal egy\u00fcttm\u0171k\u00f6dve a v\u00e1mhat\u00e1ron hat\u00e1rozottan fell\u00e9p az NKFH, hogy vesz\u00e9lyes term\u00e9kek ne juthassanak a v\u00e1s\u00e1rl\u00f3khoz.<\/p>\n<p class=\"mb-6\">Pint\u00e9r Istv\u00e1n, az NKFH eln\u00f6ke elmondta, hogy \u201ea Nemzeti Kereskedelmi \u00e9s Fogyaszt\u00f3v\u00e9delmi Hat\u00f3s\u00e1g, valamint a szakmai ir\u00e1ny\u00edt\u00e1sa alatt \u00e1ll\u00f3 korm\u00e1nyhivatalok mindent megtesznek a v\u00e1s\u00e1rl\u00f3k biztons\u00e1g\u00e1\u00e9rt. Folyamatosan vizsg\u00e1ljuk t\u00f6bbek k\u00f6z\u00f6tt a gyermekj\u00e1t\u00e9kok, az \u00e9kszerek, az elektronikai cikkek, a kozmetikumok, a b\u00fatorok \u00e9s az \u00f6ngy\u00fajt\u00f3k biztons\u00e1goss\u00e1g\u00e1t, annak hi\u00e1ny\u00e1ban pedig hat\u00e1rozottan fell\u00e9p\u00fcnk a jogs\u00e9rt\u0151 v\u00e1llalkoz\u00e1sokkal szemben. Nem biztons\u00e1gos term\u00e9k eset\u00e9n gondoskodunk a term\u00e9k forgalomb\u00f3l t\u00f6rt\u00e9n\u0151 kivon\u00e1sa, illetve a v\u00e1s\u00e1rl\u00f3kt\u00f3l t\u00f6rt\u00e9n\u0151 visszah\u00edv\u00e1sa \u00e9rdek\u00e9ben.\u201d<\/p>\n<p><em>Bor\u00edt\u00f3k\u00e9p, forr\u00e1s: Nemzeti Kereskedelmi \u00e9s Fogyaszt\u00f3v\u00e9delmi Hat\u00f3s\u00e1g (NKFH)<\/em><\/p>\n<\/div>\n<\/div>\n<\/div>\n","protected":false},"excerpt":{"rendered":"<p>A mintav\u00e9telezett hangsz\u00f3r\u00f3k, f\u00fclhallgat\u00f3k, fejhallgat\u00f3k \u00e9s csavarbehajt\u00f3k egyike sem felelt meg a szabv\u00e1ny el\u0151\u00edr\u00e1sainak. Mivel mindegyik term\u00e9kn\u00e9l nagy biztons\u00e1gi kock\u00e1zatot \u00e1llap\u00edtottak meg a piacfel\u00fcgyeleti szakemberek, hat\u00f3s\u00e1gi elj\u00e1r\u00e1sok megind\u00edt\u00e1s\u00e1ra ker\u00fclt sor a magyar csal\u00e1dok v\u00e9delme \u00e9rdek\u00e9ben. A Nemzeti Kereskedelmi \u00e9s Fogyaszt\u00f3v\u00e9delmi Hat\u00f3s\u00e1g (NKFH) szakmai ir\u00e1ny\u00edt\u00e1sa alatt \u00e1ll\u00f3 korm\u00e1nyhivatalok 2024. m\u00e1sodik fel\u00e9ben l\u00edtium akkumul\u00e1torral m\u0171k\u00f6d\u0151 term\u00e9keket mintav\u00e9teleztek,<\/p>\n","protected":false},"author":1,"featured_media":68235,"comment_status":"closed","ping_status":"closed","sticky":false,"template":"","format":"standard","meta":{"ngg_post_thumbnail":0,"footnotes":""},"categories":[6934,3],"tags":[8209,8210,2756],"class_list":{"0":"post-68234","1":"post","2":"type-post","3":"status-publish","4":"format-standard","5":"has-post-thumbnail","7":"category-belfold","8":"category-hirek","9":"tag-litium-akkumulator","10":"tag-nkfh","11":"tag-termekvisszahivas"},"yoast_head":"<!-- This site is optimized with the Yoast SEO plugin v27.5 - https:\/\/yoast.com\/product\/yoast-seo-wordpress\/ -->\n<title>Minden l\u00edtium akkumul\u00e1torral m\u0171k\u00f6d\u0151 hangsz\u00f3r\u00f3, f\u00fclhallgat\u00f3 \u00e9s csavarbehajt\u00f3 bukott a piacfel\u00fcgyeleti vizsg\u00e1laton<\/title>\n<meta name=\"robots\" content=\"index, follow, max-snippet:-1, max-image-preview:large, max-video-preview:-1\" \/>\n<link rel=\"canonical\" href=\"https:\/\/dorogimedence.hu\/index.php\/2025\/01\/21\/minden-litium-akkumulatorral-mukodo-hangszoro-fulhallgato-es-csavarbehajto-bukott-a-piacfelugyeleti-vizsgalaton\/\" class=\"yoast-seo-meta-tag\" \/>\n<meta property=\"og:locale\" content=\"hu_HU\" class=\"yoast-seo-meta-tag\" \/>\n<meta property=\"og:type\" content=\"article\" class=\"yoast-seo-meta-tag\" \/>\n<meta property=\"og:title\" content=\"Minden l\u00edtium akkumul\u00e1torral m\u0171k\u00f6d\u0151 hangsz\u00f3r\u00f3, f\u00fclhallgat\u00f3 \u00e9s csavarbehajt\u00f3 bukott a piacfel\u00fcgyeleti vizsg\u00e1laton\" class=\"yoast-seo-meta-tag\" \/>\n<meta property=\"og:description\" content=\"A mintav\u00e9telezett hangsz\u00f3r\u00f3k, f\u00fclhallgat\u00f3k, fejhallgat\u00f3k \u00e9s csavarbehajt\u00f3k egyike sem felelt meg a szabv\u00e1ny el\u0151\u00edr\u00e1sainak. Mivel mindegyik term\u00e9kn\u00e9l nagy biztons\u00e1gi kock\u00e1zatot \u00e1llap\u00edtottak meg a piacfel\u00fcgyeleti szakemberek, hat\u00f3s\u00e1gi elj\u00e1r\u00e1sok megind\u00edt\u00e1s\u00e1ra ker\u00fclt sor a magyar csal\u00e1dok v\u00e9delme \u00e9rdek\u00e9ben. A Nemzeti Kereskedelmi \u00e9s Fogyaszt\u00f3v\u00e9delmi Hat\u00f3s\u00e1g (NKFH) szakmai ir\u00e1ny\u00edt\u00e1sa alatt \u00e1ll\u00f3 korm\u00e1nyhivatalok 2024. m\u00e1sodik fel\u00e9ben l\u00edtium akkumul\u00e1torral m\u0171k\u00f6d\u0151 term\u00e9keket mintav\u00e9teleztek,\" class=\"yoast-seo-meta-tag\" \/>\n<meta property=\"og:url\" content=\"https:\/\/dorogimedence.hu\/index.php\/2025\/01\/21\/minden-litium-akkumulatorral-mukodo-hangszoro-fulhallgato-es-csavarbehajto-bukott-a-piacfelugyeleti-vizsgalaton\/\" class=\"yoast-seo-meta-tag\" \/>\n<meta property=\"og:site_name\" content=\"Dorogi-medence Region\u00e1lis H\u00edrport\u00e1l\" class=\"yoast-seo-meta-tag\" \/>\n<meta property=\"article:publisher\" content=\"https:\/\/www.facebook.com\/dorogimedence\/\" class=\"yoast-seo-meta-tag\" \/>\n<meta property=\"article:published_time\" content=\"2025-01-21T12:55:11+00:00\" class=\"yoast-seo-meta-tag\" \/>\n<meta property=\"og:image\" content=\"https:\/\/dorogimedence.hu\/wp-content\/uploads\/2025\/01\/473762613_1159307615731590_6459277598988242234_n_3f92fb7f69.jpg\" class=\"yoast-seo-meta-tag\" \/>\n\t<meta property=\"og:image:width\" content=\"2048\" class=\"yoast-seo-meta-tag\" \/>\n\t<meta property=\"og:image:height\" content=\"1366\" class=\"yoast-seo-meta-tag\" \/>\n\t<meta property=\"og:image:type\" content=\"image\/jpeg\" class=\"yoast-seo-meta-tag\" \/>\n<meta name=\"author\" content=\"dorogimedence.hu\" class=\"yoast-seo-meta-tag\" \/>\n<meta name=\"twitter:card\" content=\"summary_large_image\" class=\"yoast-seo-meta-tag\" \/>\n<meta name=\"twitter:label1\" content=\"Szerz\u0151:\" class=\"yoast-seo-meta-tag\" \/>\n\t<meta name=\"twitter:data1\" content=\"dorogimedence.hu\" class=\"yoast-seo-meta-tag\" \/>\n\t<meta name=\"twitter:label2\" content=\"Becs\u00fclt olvas\u00e1si id\u0151\" class=\"yoast-seo-meta-tag\" \/>\n\t<meta name=\"twitter:data2\" content=\"5 perc\" class=\"yoast-seo-meta-tag\" \/>\n<script type=\"application\/ld+json\" class=\"yoast-schema-graph\">{\"@context\":\"https:\\\/\\\/schema.org\",\"@graph\":[{\"@type\":\"Article\",\"@id\":\"https:\\\/\\\/dorogimedence.hu\\\/index.php\\\/2025\\\/01\\\/21\\\/minden-litium-akkumulatorral-mukodo-hangszoro-fulhallgato-es-csavarbehajto-bukott-a-piacfelugyeleti-vizsgalaton\\\/#article\",\"isPartOf\":{\"@id\":\"https:\\\/\\\/dorogimedence.hu\\\/index.php\\\/2025\\\/01\\\/21\\\/minden-litium-akkumulatorral-mukodo-hangszoro-fulhallgato-es-csavarbehajto-bukott-a-piacfelugyeleti-vizsgalaton\\\/\"},\"author\":{\"name\":\"dorogimedence.hu\",\"@id\":\"https:\\\/\\\/dorogimedence.hu\\\/#\\\/schema\\\/person\\\/ce6091eeb7e95ecdc87890d6aa8e0fd4\"},\"headline\":\"Minden l\u00edtium akkumul\u00e1torral m\u0171k\u00f6d\u0151 hangsz\u00f3r\u00f3, f\u00fclhallgat\u00f3 \u00e9s csavarbehajt\u00f3 bukott a piacfel\u00fcgyeleti vizsg\u00e1laton\",\"datePublished\":\"2025-01-21T12:55:11+00:00\",\"mainEntityOfPage\":{\"@id\":\"https:\\\/\\\/dorogimedence.hu\\\/index.php\\\/2025\\\/01\\\/21\\\/minden-litium-akkumulatorral-mukodo-hangszoro-fulhallgato-es-csavarbehajto-bukott-a-piacfelugyeleti-vizsgalaton\\\/\"},\"wordCount\":922,\"publisher\":{\"@id\":\"https:\\\/\\\/dorogimedence.hu\\\/#organization\"},\"image\":{\"@id\":\"https:\\\/\\\/dorogimedence.hu\\\/index.php\\\/2025\\\/01\\\/21\\\/minden-litium-akkumulatorral-mukodo-hangszoro-fulhallgato-es-csavarbehajto-bukott-a-piacfelugyeleti-vizsgalaton\\\/#primaryimage\"},\"thumbnailUrl\":\"https:\\\/\\\/dorogimedence.hu\\\/wp-content\\\/uploads\\\/2025\\\/01\\\/473762613_1159307615731590_6459277598988242234_n_3f92fb7f69.jpg\",\"keywords\":[\"l\u00edtium akkumul\u00e1tor\",\"NKFH\",\"term\u00e9kvisszah\u00edv\u00e1s\"],\"articleSection\":[\"Belf\u00f6ld, Gazdas\u00e1g\",\"H\u00edrek\"],\"inLanguage\":\"hu\"},{\"@type\":\"WebPage\",\"@id\":\"https:\\\/\\\/dorogimedence.hu\\\/index.php\\\/2025\\\/01\\\/21\\\/minden-litium-akkumulatorral-mukodo-hangszoro-fulhallgato-es-csavarbehajto-bukott-a-piacfelugyeleti-vizsgalaton\\\/\",\"url\":\"https:\\\/\\\/dorogimedence.hu\\\/index.php\\\/2025\\\/01\\\/21\\\/minden-litium-akkumulatorral-mukodo-hangszoro-fulhallgato-es-csavarbehajto-bukott-a-piacfelugyeleti-vizsgalaton\\\/\",\"name\":\"Minden l\u00edtium akkumul\u00e1torral m\u0171k\u00f6d\u0151 hangsz\u00f3r\u00f3, f\u00fclhallgat\u00f3 \u00e9s csavarbehajt\u00f3 bukott a piacfel\u00fcgyeleti vizsg\u00e1laton\",\"isPartOf\":{\"@id\":\"https:\\\/\\\/dorogimedence.hu\\\/#website\"},\"primaryImageOfPage\":{\"@id\":\"https:\\\/\\\/dorogimedence.hu\\\/index.php\\\/2025\\\/01\\\/21\\\/minden-litium-akkumulatorral-mukodo-hangszoro-fulhallgato-es-csavarbehajto-bukott-a-piacfelugyeleti-vizsgalaton\\\/#primaryimage\"},\"image\":{\"@id\":\"https:\\\/\\\/dorogimedence.hu\\\/index.php\\\/2025\\\/01\\\/21\\\/minden-litium-akkumulatorral-mukodo-hangszoro-fulhallgato-es-csavarbehajto-bukott-a-piacfelugyeleti-vizsgalaton\\\/#primaryimage\"},\"thumbnailUrl\":\"https:\\\/\\\/dorogimedence.hu\\\/wp-content\\\/uploads\\\/2025\\\/01\\\/473762613_1159307615731590_6459277598988242234_n_3f92fb7f69.jpg\",\"datePublished\":\"2025-01-21T12:55:11+00:00\",\"breadcrumb\":{\"@id\":\"https:\\\/\\\/dorogimedence.hu\\\/index.php\\\/2025\\\/01\\\/21\\\/minden-litium-akkumulatorral-mukodo-hangszoro-fulhallgato-es-csavarbehajto-bukott-a-piacfelugyeleti-vizsgalaton\\\/#breadcrumb\"},\"inLanguage\":\"hu\",\"potentialAction\":[{\"@type\":\"ReadAction\",\"target\":[\"https:\\\/\\\/dorogimedence.hu\\\/index.php\\\/2025\\\/01\\\/21\\\/minden-litium-akkumulatorral-mukodo-hangszoro-fulhallgato-es-csavarbehajto-bukott-a-piacfelugyeleti-vizsgalaton\\\/\"]}]},{\"@type\":\"ImageObject\",\"inLanguage\":\"hu\",\"@id\":\"https:\\\/\\\/dorogimedence.hu\\\/index.php\\\/2025\\\/01\\\/21\\\/minden-litium-akkumulatorral-mukodo-hangszoro-fulhallgato-es-csavarbehajto-bukott-a-piacfelugyeleti-vizsgalaton\\\/#primaryimage\",\"url\":\"https:\\\/\\\/dorogimedence.hu\\\/wp-content\\\/uploads\\\/2025\\\/01\\\/473762613_1159307615731590_6459277598988242234_n_3f92fb7f69.jpg\",\"contentUrl\":\"https:\\\/\\\/dorogimedence.hu\\\/wp-content\\\/uploads\\\/2025\\\/01\\\/473762613_1159307615731590_6459277598988242234_n_3f92fb7f69.jpg\",\"width\":2048,\"height\":1366},{\"@type\":\"BreadcrumbList\",\"@id\":\"https:\\\/\\\/dorogimedence.hu\\\/index.php\\\/2025\\\/01\\\/21\\\/minden-litium-akkumulatorral-mukodo-hangszoro-fulhallgato-es-csavarbehajto-bukott-a-piacfelugyeleti-vizsgalaton\\\/#breadcrumb\",\"itemListElement\":[{\"@type\":\"ListItem\",\"position\":1,\"name\":\"Kezd\u0151lap\",\"item\":\"https:\\\/\\\/dorogimedence.hu\\\/\"},{\"@type\":\"ListItem\",\"position\":2,\"name\":\"Minden l\u00edtium akkumul\u00e1torral m\u0171k\u00f6d\u0151 hangsz\u00f3r\u00f3, f\u00fclhallgat\u00f3 \u00e9s csavarbehajt\u00f3 bukott a piacfel\u00fcgyeleti vizsg\u00e1laton\"}]},{\"@type\":\"WebSite\",\"@id\":\"https:\\\/\\\/dorogimedence.hu\\\/#website\",\"url\":\"https:\\\/\\\/dorogimedence.hu\\\/\",\"name\":\"Dorogi-medence Region\u00e1lis H\u00edrport\u00e1l\",\"description\":\"Dorog, Keszt\u00f6lc, Le\u00e1nyv\u00e1r, Piliscs\u00e9v, Tokod, Tokodalt\u00e1r\u00f3, Csolnok, Esztergom-kertv\u00e1ros: h\u00edrek, programok\",\"publisher\":{\"@id\":\"https:\\\/\\\/dorogimedence.hu\\\/#organization\"},\"potentialAction\":[{\"@type\":\"SearchAction\",\"target\":{\"@type\":\"EntryPoint\",\"urlTemplate\":\"https:\\\/\\\/dorogimedence.hu\\\/?s={search_term_string}\"},\"query-input\":{\"@type\":\"PropertyValueSpecification\",\"valueRequired\":true,\"valueName\":\"search_term_string\"}}],\"inLanguage\":\"hu\"},{\"@type\":\"Organization\",\"@id\":\"https:\\\/\\\/dorogimedence.hu\\\/#organization\",\"name\":\"Dorogi-medence Region\u00e1lis H\u00edrport\u00e1l\",\"url\":\"https:\\\/\\\/dorogimedence.hu\\\/\",\"logo\":{\"@type\":\"ImageObject\",\"inLanguage\":\"hu\",\"@id\":\"https:\\\/\\\/dorogimedence.hu\\\/#\\\/schema\\\/logo\\\/image\\\/\",\"url\":\"https:\\\/\\\/dorogimedence.hu\\\/wp-content\\\/uploads\\\/2021\\\/04\\\/logo-feher-600.png\",\"contentUrl\":\"https:\\\/\\\/dorogimedence.hu\\\/wp-content\\\/uploads\\\/2021\\\/04\\\/logo-feher-600.png\",\"width\":600,\"height\":100,\"caption\":\"Dorogi-medence Region\u00e1lis H\u00edrport\u00e1l\"},\"image\":{\"@id\":\"https:\\\/\\\/dorogimedence.hu\\\/#\\\/schema\\\/logo\\\/image\\\/\"},\"sameAs\":[\"https:\\\/\\\/www.facebook.com\\\/dorogimedence\\\/\"]},{\"@type\":\"Person\",\"@id\":\"https:\\\/\\\/dorogimedence.hu\\\/#\\\/schema\\\/person\\\/ce6091eeb7e95ecdc87890d6aa8e0fd4\",\"name\":\"dorogimedence.hu\",\"image\":{\"@type\":\"ImageObject\",\"inLanguage\":\"hu\",\"@id\":\"\\\/\\\/www.gravatar.com\\\/avatar\\\/d8d45f8901aadff40a4af72c0b826f1d?s=96&#038;r=g&#038;d=mm\",\"url\":\"\\\/\\\/www.gravatar.com\\\/avatar\\\/d8d45f8901aadff40a4af72c0b826f1d?s=96&#038;r=g&#038;d=mm\",\"contentUrl\":\"\\\/\\\/www.gravatar.com\\\/avatar\\\/d8d45f8901aadff40a4af72c0b826f1d?s=96&#038;r=g&#038;d=mm\",\"caption\":\"dorogimedence.hu\"}}]}<\/script>\n<!-- \/ Yoast SEO plugin. -->","yoast_head_json":{"title":"Minden l\u00edtium akkumul\u00e1torral m\u0171k\u00f6d\u0151 hangsz\u00f3r\u00f3, f\u00fclhallgat\u00f3 \u00e9s csavarbehajt\u00f3 bukott a piacfel\u00fcgyeleti vizsg\u00e1laton","robots":{"index":"index","follow":"follow","max-snippet":"max-snippet:-1","max-image-preview":"max-image-preview:large","max-video-preview":"max-video-preview:-1"},"canonical":"https:\/\/dorogimedence.hu\/index.php\/2025\/01\/21\/minden-litium-akkumulatorral-mukodo-hangszoro-fulhallgato-es-csavarbehajto-bukott-a-piacfelugyeleti-vizsgalaton\/","og_locale":"hu_HU","og_type":"article","og_title":"Minden l\u00edtium akkumul\u00e1torral m\u0171k\u00f6d\u0151 hangsz\u00f3r\u00f3, f\u00fclhallgat\u00f3 \u00e9s csavarbehajt\u00f3 bukott a piacfel\u00fcgyeleti vizsg\u00e1laton","og_description":"A mintav\u00e9telezett hangsz\u00f3r\u00f3k, f\u00fclhallgat\u00f3k, fejhallgat\u00f3k \u00e9s csavarbehajt\u00f3k egyike sem felelt meg a szabv\u00e1ny el\u0151\u00edr\u00e1sainak. Mivel mindegyik term\u00e9kn\u00e9l nagy biztons\u00e1gi kock\u00e1zatot \u00e1llap\u00edtottak meg a piacfel\u00fcgyeleti szakemberek, hat\u00f3s\u00e1gi elj\u00e1r\u00e1sok megind\u00edt\u00e1s\u00e1ra ker\u00fclt sor a magyar csal\u00e1dok v\u00e9delme \u00e9rdek\u00e9ben. A Nemzeti Kereskedelmi \u00e9s Fogyaszt\u00f3v\u00e9delmi Hat\u00f3s\u00e1g (NKFH) szakmai ir\u00e1ny\u00edt\u00e1sa alatt \u00e1ll\u00f3 korm\u00e1nyhivatalok 2024. m\u00e1sodik fel\u00e9ben l\u00edtium akkumul\u00e1torral m\u0171k\u00f6d\u0151 term\u00e9keket mintav\u00e9teleztek,","og_url":"https:\/\/dorogimedence.hu\/index.php\/2025\/01\/21\/minden-litium-akkumulatorral-mukodo-hangszoro-fulhallgato-es-csavarbehajto-bukott-a-piacfelugyeleti-vizsgalaton\/","og_site_name":"Dorogi-medence Region\u00e1lis H\u00edrport\u00e1l","article_publisher":"https:\/\/www.facebook.com\/dorogimedence\/","article_published_time":"2025-01-21T12:55:11+00:00","og_image":[{"width":2048,"height":1366,"url":"https:\/\/dorogimedence.hu\/wp-content\/uploads\/2025\/01\/473762613_1159307615731590_6459277598988242234_n_3f92fb7f69.jpg","type":"image\/jpeg"}],"author":"dorogimedence.hu","twitter_card":"summary_large_image","twitter_misc":{"Szerz\u0151:":"dorogimedence.hu","Becs\u00fclt olvas\u00e1si id\u0151":"5 perc"},"schema":{"@context":"https:\/\/schema.org","@graph":[{"@type":"Article","@id":"https:\/\/dorogimedence.hu\/index.php\/2025\/01\/21\/minden-litium-akkumulatorral-mukodo-hangszoro-fulhallgato-es-csavarbehajto-bukott-a-piacfelugyeleti-vizsgalaton\/#article","isPartOf":{"@id":"https:\/\/dorogimedence.hu\/index.php\/2025\/01\/21\/minden-litium-akkumulatorral-mukodo-hangszoro-fulhallgato-es-csavarbehajto-bukott-a-piacfelugyeleti-vizsgalaton\/"},"author":{"name":"dorogimedence.hu","@id":"https:\/\/dorogimedence.hu\/#\/schema\/person\/ce6091eeb7e95ecdc87890d6aa8e0fd4"},"headline":"Minden l\u00edtium akkumul\u00e1torral m\u0171k\u00f6d\u0151 hangsz\u00f3r\u00f3, f\u00fclhallgat\u00f3 \u00e9s csavarbehajt\u00f3 bukott a piacfel\u00fcgyeleti vizsg\u00e1laton","datePublished":"2025-01-21T12:55:11+00:00","mainEntityOfPage":{"@id":"https:\/\/dorogimedence.hu\/index.php\/2025\/01\/21\/minden-litium-akkumulatorral-mukodo-hangszoro-fulhallgato-es-csavarbehajto-bukott-a-piacfelugyeleti-vizsgalaton\/"},"wordCount":922,"publisher":{"@id":"https:\/\/dorogimedence.hu\/#organization"},"image":{"@id":"https:\/\/dorogimedence.hu\/index.php\/2025\/01\/21\/minden-litium-akkumulatorral-mukodo-hangszoro-fulhallgato-es-csavarbehajto-bukott-a-piacfelugyeleti-vizsgalaton\/#primaryimage"},"thumbnailUrl":"https:\/\/dorogimedence.hu\/wp-content\/uploads\/2025\/01\/473762613_1159307615731590_6459277598988242234_n_3f92fb7f69.jpg","keywords":["l\u00edtium akkumul\u00e1tor","NKFH","term\u00e9kvisszah\u00edv\u00e1s"],"articleSection":["Belf\u00f6ld, Gazdas\u00e1g","H\u00edrek"],"inLanguage":"hu"},{"@type":"WebPage","@id":"https:\/\/dorogimedence.hu\/index.php\/2025\/01\/21\/minden-litium-akkumulatorral-mukodo-hangszoro-fulhallgato-es-csavarbehajto-bukott-a-piacfelugyeleti-vizsgalaton\/","url":"https:\/\/dorogimedence.hu\/index.php\/2025\/01\/21\/minden-litium-akkumulatorral-mukodo-hangszoro-fulhallgato-es-csavarbehajto-bukott-a-piacfelugyeleti-vizsgalaton\/","name":"Minden l\u00edtium akkumul\u00e1torral m\u0171k\u00f6d\u0151 hangsz\u00f3r\u00f3, f\u00fclhallgat\u00f3 \u00e9s csavarbehajt\u00f3 bukott a piacfel\u00fcgyeleti vizsg\u00e1laton","isPartOf":{"@id":"https:\/\/dorogimedence.hu\/#website"},"primaryImageOfPage":{"@id":"https:\/\/dorogimedence.hu\/index.php\/2025\/01\/21\/minden-litium-akkumulatorral-mukodo-hangszoro-fulhallgato-es-csavarbehajto-bukott-a-piacfelugyeleti-vizsgalaton\/#primaryimage"},"image":{"@id":"https:\/\/dorogimedence.hu\/index.php\/2025\/01\/21\/minden-litium-akkumulatorral-mukodo-hangszoro-fulhallgato-es-csavarbehajto-bukott-a-piacfelugyeleti-vizsgalaton\/#primaryimage"},"thumbnailUrl":"https:\/\/dorogimedence.hu\/wp-content\/uploads\/2025\/01\/473762613_1159307615731590_6459277598988242234_n_3f92fb7f69.jpg","datePublished":"2025-01-21T12:55:11+00:00","breadcrumb":{"@id":"https:\/\/dorogimedence.hu\/index.php\/2025\/01\/21\/minden-litium-akkumulatorral-mukodo-hangszoro-fulhallgato-es-csavarbehajto-bukott-a-piacfelugyeleti-vizsgalaton\/#breadcrumb"},"inLanguage":"hu","potentialAction":[{"@type":"ReadAction","target":["https:\/\/dorogimedence.hu\/index.php\/2025\/01\/21\/minden-litium-akkumulatorral-mukodo-hangszoro-fulhallgato-es-csavarbehajto-bukott-a-piacfelugyeleti-vizsgalaton\/"]}]},{"@type":"ImageObject","inLanguage":"hu","@id":"https:\/\/dorogimedence.hu\/index.php\/2025\/01\/21\/minden-litium-akkumulatorral-mukodo-hangszoro-fulhallgato-es-csavarbehajto-bukott-a-piacfelugyeleti-vizsgalaton\/#primaryimage","url":"https:\/\/dorogimedence.hu\/wp-content\/uploads\/2025\/01\/473762613_1159307615731590_6459277598988242234_n_3f92fb7f69.jpg","contentUrl":"https:\/\/dorogimedence.hu\/wp-content\/uploads\/2025\/01\/473762613_1159307615731590_6459277598988242234_n_3f92fb7f69.jpg","width":2048,"height":1366},{"@type":"BreadcrumbList","@id":"https:\/\/dorogimedence.hu\/index.php\/2025\/01\/21\/minden-litium-akkumulatorral-mukodo-hangszoro-fulhallgato-es-csavarbehajto-bukott-a-piacfelugyeleti-vizsgalaton\/#breadcrumb","itemListElement":[{"@type":"ListItem","position":1,"name":"Kezd\u0151lap","item":"https:\/\/dorogimedence.hu\/"},{"@type":"ListItem","position":2,"name":"Minden l\u00edtium akkumul\u00e1torral m\u0171k\u00f6d\u0151 hangsz\u00f3r\u00f3, f\u00fclhallgat\u00f3 \u00e9s csavarbehajt\u00f3 bukott a piacfel\u00fcgyeleti vizsg\u00e1laton"}]},{"@type":"WebSite","@id":"https:\/\/dorogimedence.hu\/#website","url":"https:\/\/dorogimedence.hu\/","name":"Dorogi-medence Region\u00e1lis H\u00edrport\u00e1l","description":"Dorog, Keszt\u00f6lc, Le\u00e1nyv\u00e1r, Piliscs\u00e9v, Tokod, Tokodalt\u00e1r\u00f3, Csolnok, Esztergom-kertv\u00e1ros: h\u00edrek, programok","publisher":{"@id":"https:\/\/dorogimedence.hu\/#organization"},"potentialAction":[{"@type":"SearchAction","target":{"@type":"EntryPoint","urlTemplate":"https:\/\/dorogimedence.hu\/?s={search_term_string}"},"query-input":{"@type":"PropertyValueSpecification","valueRequired":true,"valueName":"search_term_string"}}],"inLanguage":"hu"},{"@type":"Organization","@id":"https:\/\/dorogimedence.hu\/#organization","name":"Dorogi-medence Region\u00e1lis H\u00edrport\u00e1l","url":"https:\/\/dorogimedence.hu\/","logo":{"@type":"ImageObject","inLanguage":"hu","@id":"https:\/\/dorogimedence.hu\/#\/schema\/logo\/image\/","url":"https:\/\/dorogimedence.hu\/wp-content\/uploads\/2021\/04\/logo-feher-600.png","contentUrl":"https:\/\/dorogimedence.hu\/wp-content\/uploads\/2021\/04\/logo-feher-600.png","width":600,"height":100,"caption":"Dorogi-medence Region\u00e1lis H\u00edrport\u00e1l"},"image":{"@id":"https:\/\/dorogimedence.hu\/#\/schema\/logo\/image\/"},"sameAs":["https:\/\/www.facebook.com\/dorogimedence\/"]},{"@type":"Person","@id":"https:\/\/dorogimedence.hu\/#\/schema\/person\/ce6091eeb7e95ecdc87890d6aa8e0fd4","name":"dorogimedence.hu","image":{"@type":"ImageObject","inLanguage":"hu","@id":"\/\/www.gravatar.com\/avatar\/d8d45f8901aadff40a4af72c0b826f1d?s=96&#038;r=g&#038;d=mm","url":"\/\/www.gravatar.com\/avatar\/d8d45f8901aadff40a4af72c0b826f1d?s=96&#038;r=g&#038;d=mm","contentUrl":"\/\/www.gravatar.com\/avatar\/d8d45f8901aadff40a4af72c0b826f1d?s=96&#038;r=g&#038;d=mm","caption":"dorogimedence.hu"}}]}},"_links":{"self":[{"href":"https:\/\/dorogimedence.hu\/index.php\/wp-json\/wp\/v2\/posts\/68234","targetHints":{"allow":["GET"]}}],"collection":[{"href":"https:\/\/dorogimedence.hu\/index.php\/wp-json\/wp\/v2\/posts"}],"about":[{"href":"https:\/\/dorogimedence.hu\/index.php\/wp-json\/wp\/v2\/types\/post"}],"author":[{"embeddable":true,"href":"https:\/\/dorogimedence.hu\/index.php\/wp-json\/wp\/v2\/users\/1"}],"replies":[{"embeddable":true,"href":"https:\/\/dorogimedence.hu\/index.php\/wp-json\/wp\/v2\/comments?post=68234"}],"version-history":[{"count":0,"href":"https:\/\/dorogimedence.hu\/index.php\/wp-json\/wp\/v2\/posts\/68234\/revisions"}],"wp:featuredmedia":[{"embeddable":true,"href":"https:\/\/dorogimedence.hu\/index.php\/wp-json\/wp\/v2\/media\/68235"}],"wp:attachment":[{"href":"https:\/\/dorogimedence.hu\/index.php\/wp-json\/wp\/v2\/media?parent=68234"}],"wp:term":[{"taxonomy":"category","embeddable":true,"href":"https:\/\/dorogimedence.hu\/index.php\/wp-json\/wp\/v2\/categories?post=68234"},{"taxonomy":"post_tag","embeddable":true,"href":"https:\/\/dorogimedence.hu\/index.php\/wp-json\/wp\/v2\/tags?post=68234"}],"curies":[{"name":"wp","href":"https:\/\/api.w.org\/{rel}","templated":true}]}}