{"id":68018,"date":"2025-01-12T09:26:17","date_gmt":"2025-01-12T08:26:17","guid":{"rendered":"https:\/\/dorogimedence.hu\/?p=68018"},"modified":"2025-01-12T09:26:17","modified_gmt":"2025-01-12T08:26:17","slug":"a-tokodi-castrumot-is-erinto-turautvonallal-bovult-a-banyaszkor","status":"publish","type":"post","link":"https:\/\/dorogimedence.hu\/index.php\/2025\/01\/12\/a-tokodi-castrumot-is-erinto-turautvonallal-bovult-a-banyaszkor\/","title":{"rendered":"A tokodi Castrumot is \u00e9rint\u0151 t\u00fara\u00fatvonallal b\u0151v\u00fclt a B\u00e1ny\u00e1szk\u00f6r"},"content":{"rendered":"<p><strong>Tokodi-alt\u00e1r\u00f3-k\u00f6r n\u00e9ven nemr\u00e9giben \u00fajabb r\u00f6vid \u00fatvonallal b\u0151v\u00fclt a B\u00e1ny\u00e1szk\u00f6r t\u00faramozgalom. Harty\u00e1n Csab\u00e1val, az instant t\u00far\u00e1k meg\u00e1lmod\u00f3j\u00e1val a <a href=\"https:\/\/tokod.hu\/2025\/01\/11\/uj-a-tokodi-castrumot-is-erinto-turautvonallal-bovult-a-banyaszkor\/\" target=\"_blank\" rel=\"noopener\"><span style=\"text-decoration: underline; color: #0000ff;\">tokod.hu<\/span><\/a> szerkeszt\u0151je besz\u00e9lgetett a B\u00e1ny\u00e1szk\u00f6r n\u00e9pszer\u0171s\u00e9g\u00e9r\u0151l, a Tokodot is \u00e9rint\u0151 \u00faj kis k\u00f6rr\u0151l \u00e9s a b\u00e1nyat\u00e1r\u00f3t megform\u00e1z\u00f3 \u00e9rmegy\u0171jt\u0151r\u0151l.<\/strong><\/p>\n<p>Nem sz\u00e1llnak m\u00e1r le m\u00e9lybe a b\u00e1ny\u00e1szok, m\u00e1r nem hull al\u00e1 a telep\u00fcl\u00e9seken a sz\u00e9npor, sz\u00e1mos r\u00e9gi eml\u00e9k \u00e9s \u00e9p\u00fclet \u00f6r\u00f6kre elt\u0171nt. A hagyom\u00e1ny\u0151rz\u00e9s k\u00fcl\u00f6nb\u00f6z\u0151 form\u00e1inak k\u00f6sz\u00f6nhet\u0151en m\u00e9gsem ker\u00fcl feled\u00e9sbe mindaz az \u00f6r\u00f6ks\u00e9g, melyet el\u0151deinkt\u0151l meg\u00f6r\u00f6k\u00f6lt\u00fcnk. 2020 szeptembere m\u00e9rf\u00f6ldk\u0151 volt Dorog \u00e9s t\u00e9rs\u00e9g\u00e9nek \u00e9let\u00e9ben, hiszen Harty\u00e1n Csaba \u00f6tlete alapj\u00e1n elindult a B\u00e1ny\u00e1szk\u00f6r Instant T\u00faramozgalom, mely a Benedek Endre Barlangkutat\u00f3- \u00e9s Term\u00e9szetv\u00e9delmi Egyes\u00fclet \u00e9gisze alatt m\u0171k\u00f6dik. Az az\u00f3ta eltelt t\u00f6bb mint n\u00e9gy \u00e9vben \u00f6sszesen mintegy 3800 t\u00far\u00e1z\u00f3 teljes\u00edtette a k\u00fcl\u00f6nb\u00f6z\u0151 t\u00e1vokat, a nagy k\u00f6r\u00f6k mellett a r\u00f6videbb \u00fatvonalak is n\u00e9pszer\u0171ek. \u00c9vente \u00e1tlagban 800-900 r\u00e9sztvev\u0151vel lehet sz\u00e1molni, ami igazolja: a B\u00e1ny\u00e1szk\u00f6r Instant T\u00faramozgalom nemcsak a t\u00e9rs\u00e9gben adott \u00faj l\u00f6ketet a hagyom\u00e1ny\u0151rz\u00e9snek, az instant t\u00fara\u00fatvonalak h\u00edre k\u00fclf\u00f6ldre is eljutott, k\u00fclhoni magyarok is sz\u00edvesen koptatj\u00e1k itt a bakancsaikat.<\/p>\n<p>Harty\u00e1n Csaba elmondta, hogy szinte kiv\u00e9tel n\u00e9lk\u00fcl pozit\u00edv visszajelz\u00e9seket kapnak az \u00fatvonalakkal kapcsolatban, minden t\u00e1v tartalmaz l\u00e1tnival\u00f3kat, csod\u00e1latos kil\u00e1t\u00f3pontokat, \u00e9s \u00e9rdemes id\u0151nk\u00e9nt visszat\u00e9rni, hiszen \u00e9vszakonk\u00e9nt m\u00e1s-m\u00e1s arc\u00e1t mutatja a term\u00e9szet. \u00c9rdekess\u00e9g, hogy m\u00e1r t\u00f6bb mint h\u00e1romsz\u00e1z pont szerepel a t\u00e9rk\u00e9pen, melyek b\u00e1ny\u00e1szathoz k\u00f6thet\u0151 eml\u00e9kekre, egykori b\u00e1nyahelysz\u00ednekre, romokra, r\u00e9gi \u00e9p\u00fcletekre vagy m\u00e1s \u00e9rdekess\u00e9gekre pr\u00f3b\u00e1lj\u00e1k felh\u00edvni a t\u00far\u00e1z\u00f3k figyelm\u00e9t.<\/p>\n<p>\u2013 Tokod, azon bel\u00fcl pedig a Szent M\u00e1rton-templom k\u00f6rny\u00e9ke bizonyos \u00e9rtelemben a B\u00e1ny\u00e1szk\u00f6r egyik k\u00f6zpontja, ugyanis a Schmidt S\u00e1ndor-k\u00f6r, a Hantken Miksa-k\u00f6r, a Tanb\u00e1nya-k\u00f6r \u00e9s az Erzs\u00e9bet-akna-k\u00f6r is \u00e9rinti p\u00e9ld\u00e1ul a templom mellett tal\u00e1lhat\u00f3 eml\u00e9km\u0171vet. Azt\u00e1n ott van m\u00e9g P\u00e1link\u00e1s-t\u00e1r\u00f3-k\u00f6r \u00e9s az \u00faj Tokodi-alt\u00e1r\u00f3-k\u00f6r, melyek szint\u00e9n \u00e9rintik a nagyk\u00f6zs\u00e9g k\u00f6zigazgat\u00e1si ter\u00fclet\u00e9t. A tokodi ellen\u0151rz\u0151ponton id\u00e1ig \u00f6sszesen mintegy 1800 l\u00e1togat\u00e1st regisztr\u00e1ltunk, ebb\u0151l 500-an teljes\u00edtett\u00e9k a Tokodr\u00f3l indul\u00f3 \u00e9s ott is v\u00e9gz\u0151d\u0151 Erzs\u00e9bet-akna-k\u00f6rt \u2013 mondta Harty\u00e1n Csaba.<\/p>\n<p>A kir\u00e1ndul\u00f3kat rendre leny\u0171g\u00f6zi a t\u00e9rs\u00e9g, dics\u00e9rik Tokod \u00e9s a t\u00f6bbi telep\u00fcl\u00e9s rendezetts\u00e9g\u00e9t \u00e9s \u00e9rdekesnek tal\u00e1lj\u00e1k, hogy nemcsak t\u00far\u00e1znak, hanem a t\u00e1vok teljes\u00edt\u00e9se k\u00f6zben b\u00e1ny\u00e1szathoz f\u0171z\u0151d\u0151 eml\u00e9keket is felkeresnek. Term\u00e9szetesen a B\u00e1ny\u00e1szk\u00f6r honlapja is sz\u00e1mos inform\u00e1ci\u00f3val szolg\u00e1lhat sz\u00e1mukra. \u00daj\u00edt\u00e1s, hogy r\u00e9gi t\u00e9rk\u00e9pek feldolgoz\u00e1s\u00e1val siker\u00fclt az \u00fatvonalakat is tartalmaz\u00f3 t\u00e9rk\u00e9pr\u00e9szleten megjelen\u00edteni az egykori b\u00e1nyahelysz\u00edneket, \u00edgy gyalogl\u00e1s k\u00f6zben megtudhatjuk, melyik kor\u00e1bbi b\u00e1nyater\u00fcleten haladunk \u00e1t \u00e9ppen. Megismerhetik, merre volt az \u00d3tokod n\u00e9ven ismert telep\u00fcl\u00e9s, vagy p\u00e9ld\u00e1ul leolvashatj\u00e1k r\u00f3la, hogy Tokod-Ebsz\u0151nyb\u00e1nya ter\u00fclet\u00e9n is hatalmas b\u00e1nyater\u00fcletek voltak.<\/p>\n<p>Harty\u00e1n Csaba elmondta, hogy a B\u00e1ny\u00e1szk\u00f6r kapcs\u00e1n a <a href=\"https:\/\/banyaszkor.blog.hu\/\" target=\"_blank\" rel=\"noopener\"><span style=\"text-decoration: underline; color: #0000ff;\">banyaszkor.blog.hu<\/span><\/a>-n id\u0151nk\u00e9nt hosszabb hangv\u00e9tel\u0171 blogbejegyz\u00e9seket is \u00edr. Az elm\u00falt \u00e9vek sor\u00e1n a szakirodalom b\u00f6ng\u00e9sz\u00e9se k\u00f6zben tapasztalta, hogy rengeteg inform\u00e1ci\u00f3 \u00e9s eml\u00e9k k\u00f6thet\u0151 a kor\u00e1bban Tokodhoz tartoz\u00f3, de 1992 \u00f3ta k\u00fcl\u00f6n\u00e1ll\u00f3 telep\u00fcl\u00e9sk\u00e9nt l\u00e9tez\u0151 Tokodalt\u00e1r\u00f3 k\u00f6zigazgat\u00e1si ter\u00fclet\u00e9hez is. \u00cdgy j\u00f6tt az \u00f6tlete annak, hogy az \u00faj Tokodi-alt\u00e1r\u00f3-k\u00f6r l\u00e9trehoz\u00e1s\u00e1val m\u00e9lt\u00f3 helyre ker\u00fclhet a B\u00e1ny\u00e1szk\u00f6r\u00f6n bel\u00fcl Tokodalt\u00e1r\u00f3 is.<\/p>\n<p>\u2013 Az \u00faj k\u00f6r Tokodalt\u00e1r\u00f3r\u00f3l indul, a v\u00edzb\u00e1nya bej\u00e1rata el\u0151l, majd Tokodra \u00e9rve \u00e9rinti az egykori r\u00f3mai t\u00e1bor romjait is \u00dagy gondoltam, hogy a b\u00e1ny\u00e1szeml\u00e9kek mellett mindenk\u00e9ppen meg kell mutatni a t\u00far\u00e1z\u00f3knak ezt a m\u0171eml\u00e9ket is. A nyomvonalon tal\u00e1lhat\u00f3 a r\u00e9gi k\u00e1belakna maradv\u00e1nya, \u00e9s a Kis-Gete hegy is, melynek k\u00f6rny\u00e9k\u00e9n rengeteg, a b\u00e1ny\u00e1szatb\u00f3l ered\u0151 t\u00e1jsebet l\u00e1thatunk, k\u00f6nnyen \u00e9szrevehetj\u00fck a r\u00e9gi b\u00e1ny\u00e1szati tev\u00e9kenys\u00e9gek nyomait \u2013 \u00e1rulta el.<\/p>\n<p>Harty\u00e1n Csaba az \u00faj kis k\u00f6r l\u00e9trehoz\u00e1s\u00e1val egy \u00faj, b\u00e1nyat\u00e1r\u00f3t form\u00e1z\u00f3 \u00e9rmegy\u0171jt\u0151t is meg\u00e1lmodott, ami nemcsak l\u00e1tv\u00e1nyos, de egyed\u00fcl\u00e1ll\u00f3nak is sz\u00e1m\u00edt itthon. Gyakorlatilag nincsenek a B\u00e1ny\u00e1szk\u00f6rh\u00f6z hasonl\u00f3 olyan t\u00fara\u00fatvonalak az orsz\u00e1gban, melyek teljes\u00edt\u00e9s\u00e9vel nemcsak \u00e9lm\u00e9nyekkel \u00e9s \u00e9rmekkel, hanem egy b\u00e1ny\u00e1szati install\u00e1ci\u00f3val gazdagodunk. Meg\u00e9ri teh\u00e1t r\u00e1sz\u00e1nni az energi\u00e1t, hogy m\u00e9g jobban megismerj\u00fck t\u00e9rs\u00e9g\u00fcnk gazdag m\u00faltj\u00e1t.<\/p>\n<p><em>Bor\u00edt\u00f3k\u00e9p, forr\u00e1s: tokod.hu<\/em><\/p>\n","protected":false},"excerpt":{"rendered":"<p>Tokodi-alt\u00e1r\u00f3-k\u00f6r n\u00e9ven nemr\u00e9giben \u00fajabb r\u00f6vid \u00fatvonallal b\u0151v\u00fclt a B\u00e1ny\u00e1szk\u00f6r t\u00faramozgalom. Harty\u00e1n Csab\u00e1val, az instant t\u00far\u00e1k meg\u00e1lmod\u00f3j\u00e1val a tokod.hu szerkeszt\u0151je besz\u00e9lgetett a B\u00e1ny\u00e1szk\u00f6r n\u00e9pszer\u0171s\u00e9g\u00e9r\u0151l, a Tokodot is \u00e9rint\u0151 \u00faj kis k\u00f6rr\u0151l \u00e9s a b\u00e1nyat\u00e1r\u00f3t megform\u00e1z\u00f3 \u00e9rmegy\u0171jt\u0151r\u0151l. Nem sz\u00e1llnak m\u00e1r le m\u00e9lybe a b\u00e1ny\u00e1szok, m\u00e1r nem hull al\u00e1 a telep\u00fcl\u00e9seken a sz\u00e9npor, sz\u00e1mos r\u00e9gi eml\u00e9k \u00e9s \u00e9p\u00fclet<\/p>\n","protected":false},"author":1,"featured_media":68019,"comment_status":"closed","ping_status":"closed","sticky":false,"template":"","format":"standard","meta":{"ngg_post_thumbnail":0,"footnotes":""},"categories":[3,6948,6],"tags":[5144,121,12,308],"class_list":{"0":"post-68018","1":"post","2":"type-post","3":"status-publish","4":"format-standard","5":"has-post-thumbnail","7":"category-hirek","8":"category-szines","9":"category-tokod","10":"tag-banyaszkor","11":"tag-kirandulas","12":"tag-tokod","13":"tag-tura"},"yoast_head":"<!-- This site is optimized with the Yoast SEO plugin v27.4 - https:\/\/yoast.com\/product\/yoast-seo-wordpress\/ -->\n<title>A tokodi Castrumot is \u00e9rint\u0151 t\u00fara\u00fatvonallal b\u0151v\u00fclt a B\u00e1ny\u00e1szk\u00f6r<\/title>\n<meta name=\"robots\" content=\"index, follow, max-snippet:-1, max-image-preview:large, max-video-preview:-1\" \/>\n<link rel=\"canonical\" href=\"https:\/\/dorogimedence.hu\/index.php\/2025\/01\/12\/a-tokodi-castrumot-is-erinto-turautvonallal-bovult-a-banyaszkor\/\" class=\"yoast-seo-meta-tag\" \/>\n<meta property=\"og:locale\" content=\"hu_HU\" class=\"yoast-seo-meta-tag\" \/>\n<meta property=\"og:type\" content=\"article\" class=\"yoast-seo-meta-tag\" \/>\n<meta property=\"og:title\" content=\"A tokodi Castrumot is \u00e9rint\u0151 t\u00fara\u00fatvonallal b\u0151v\u00fclt a B\u00e1ny\u00e1szk\u00f6r\" class=\"yoast-seo-meta-tag\" \/>\n<meta property=\"og:description\" content=\"Tokodi-alt\u00e1r\u00f3-k\u00f6r n\u00e9ven nemr\u00e9giben \u00fajabb r\u00f6vid \u00fatvonallal b\u0151v\u00fclt a B\u00e1ny\u00e1szk\u00f6r t\u00faramozgalom. Harty\u00e1n Csab\u00e1val, az instant t\u00far\u00e1k meg\u00e1lmod\u00f3j\u00e1val a tokod.hu szerkeszt\u0151je besz\u00e9lgetett a B\u00e1ny\u00e1szk\u00f6r n\u00e9pszer\u0171s\u00e9g\u00e9r\u0151l, a Tokodot is \u00e9rint\u0151 \u00faj kis k\u00f6rr\u0151l \u00e9s a b\u00e1nyat\u00e1r\u00f3t megform\u00e1z\u00f3 \u00e9rmegy\u0171jt\u0151r\u0151l. Nem sz\u00e1llnak m\u00e1r le m\u00e9lybe a b\u00e1ny\u00e1szok, m\u00e1r nem hull al\u00e1 a telep\u00fcl\u00e9seken a sz\u00e9npor, sz\u00e1mos r\u00e9gi eml\u00e9k \u00e9s \u00e9p\u00fclet\" class=\"yoast-seo-meta-tag\" \/>\n<meta property=\"og:url\" content=\"https:\/\/dorogimedence.hu\/index.php\/2025\/01\/12\/a-tokodi-castrumot-is-erinto-turautvonallal-bovult-a-banyaszkor\/\" class=\"yoast-seo-meta-tag\" \/>\n<meta property=\"og:site_name\" content=\"Dorogi-medence Region\u00e1lis H\u00edrport\u00e1l\" class=\"yoast-seo-meta-tag\" \/>\n<meta property=\"article:publisher\" content=\"https:\/\/www.facebook.com\/dorogimedence\/\" class=\"yoast-seo-meta-tag\" \/>\n<meta property=\"article:published_time\" content=\"2025-01-12T08:26:17+00:00\" class=\"yoast-seo-meta-tag\" \/>\n<meta property=\"og:image\" content=\"https:\/\/dorogimedence.hu\/wp-content\/uploads\/2025\/01\/hartyantokod-e1736595106331.jpg\" class=\"yoast-seo-meta-tag\" \/>\n\t<meta property=\"og:image:width\" content=\"1536\" class=\"yoast-seo-meta-tag\" \/>\n\t<meta property=\"og:image:height\" content=\"921\" class=\"yoast-seo-meta-tag\" \/>\n\t<meta property=\"og:image:type\" content=\"image\/jpeg\" class=\"yoast-seo-meta-tag\" \/>\n<meta name=\"author\" content=\"dorogimedence.hu\" class=\"yoast-seo-meta-tag\" \/>\n<meta name=\"twitter:card\" content=\"summary_large_image\" class=\"yoast-seo-meta-tag\" \/>\n<meta name=\"twitter:label1\" content=\"Szerz\u0151:\" class=\"yoast-seo-meta-tag\" \/>\n\t<meta name=\"twitter:data1\" content=\"dorogimedence.hu\" class=\"yoast-seo-meta-tag\" \/>\n\t<meta name=\"twitter:label2\" content=\"Becs\u00fclt olvas\u00e1si id\u0151\" class=\"yoast-seo-meta-tag\" \/>\n\t<meta name=\"twitter:data2\" content=\"5 perc\" class=\"yoast-seo-meta-tag\" \/>\n<script type=\"application\/ld+json\" class=\"yoast-schema-graph\">{\"@context\":\"https:\\\/\\\/schema.org\",\"@graph\":[{\"@type\":\"Article\",\"@id\":\"https:\\\/\\\/dorogimedence.hu\\\/index.php\\\/2025\\\/01\\\/12\\\/a-tokodi-castrumot-is-erinto-turautvonallal-bovult-a-banyaszkor\\\/#article\",\"isPartOf\":{\"@id\":\"https:\\\/\\\/dorogimedence.hu\\\/index.php\\\/2025\\\/01\\\/12\\\/a-tokodi-castrumot-is-erinto-turautvonallal-bovult-a-banyaszkor\\\/\"},\"author\":{\"name\":\"dorogimedence.hu\",\"@id\":\"https:\\\/\\\/dorogimedence.hu\\\/#\\\/schema\\\/person\\\/ce6091eeb7e95ecdc87890d6aa8e0fd4\"},\"headline\":\"A tokodi Castrumot is \u00e9rint\u0151 t\u00fara\u00fatvonallal b\u0151v\u00fclt a B\u00e1ny\u00e1szk\u00f6r\",\"datePublished\":\"2025-01-12T08:26:17+00:00\",\"mainEntityOfPage\":{\"@id\":\"https:\\\/\\\/dorogimedence.hu\\\/index.php\\\/2025\\\/01\\\/12\\\/a-tokodi-castrumot-is-erinto-turautvonallal-bovult-a-banyaszkor\\\/\"},\"wordCount\":996,\"publisher\":{\"@id\":\"https:\\\/\\\/dorogimedence.hu\\\/#organization\"},\"image\":{\"@id\":\"https:\\\/\\\/dorogimedence.hu\\\/index.php\\\/2025\\\/01\\\/12\\\/a-tokodi-castrumot-is-erinto-turautvonallal-bovult-a-banyaszkor\\\/#primaryimage\"},\"thumbnailUrl\":\"https:\\\/\\\/dorogimedence.hu\\\/wp-content\\\/uploads\\\/2025\\\/01\\\/hartyantokod-e1736595106331.jpg\",\"keywords\":[\"B\u00e1ny\u00e1szk\u00f6r\",\"kir\u00e1ndul\u00e1s\",\"Tokod\",\"t\u00fara\"],\"articleSection\":[\"H\u00edrek\",\"Sz\u00ednes\",\"Tokod\"],\"inLanguage\":\"hu\"},{\"@type\":\"WebPage\",\"@id\":\"https:\\\/\\\/dorogimedence.hu\\\/index.php\\\/2025\\\/01\\\/12\\\/a-tokodi-castrumot-is-erinto-turautvonallal-bovult-a-banyaszkor\\\/\",\"url\":\"https:\\\/\\\/dorogimedence.hu\\\/index.php\\\/2025\\\/01\\\/12\\\/a-tokodi-castrumot-is-erinto-turautvonallal-bovult-a-banyaszkor\\\/\",\"name\":\"A tokodi Castrumot is \u00e9rint\u0151 t\u00fara\u00fatvonallal b\u0151v\u00fclt a B\u00e1ny\u00e1szk\u00f6r\",\"isPartOf\":{\"@id\":\"https:\\\/\\\/dorogimedence.hu\\\/#website\"},\"primaryImageOfPage\":{\"@id\":\"https:\\\/\\\/dorogimedence.hu\\\/index.php\\\/2025\\\/01\\\/12\\\/a-tokodi-castrumot-is-erinto-turautvonallal-bovult-a-banyaszkor\\\/#primaryimage\"},\"image\":{\"@id\":\"https:\\\/\\\/dorogimedence.hu\\\/index.php\\\/2025\\\/01\\\/12\\\/a-tokodi-castrumot-is-erinto-turautvonallal-bovult-a-banyaszkor\\\/#primaryimage\"},\"thumbnailUrl\":\"https:\\\/\\\/dorogimedence.hu\\\/wp-content\\\/uploads\\\/2025\\\/01\\\/hartyantokod-e1736595106331.jpg\",\"datePublished\":\"2025-01-12T08:26:17+00:00\",\"breadcrumb\":{\"@id\":\"https:\\\/\\\/dorogimedence.hu\\\/index.php\\\/2025\\\/01\\\/12\\\/a-tokodi-castrumot-is-erinto-turautvonallal-bovult-a-banyaszkor\\\/#breadcrumb\"},\"inLanguage\":\"hu\",\"potentialAction\":[{\"@type\":\"ReadAction\",\"target\":[\"https:\\\/\\\/dorogimedence.hu\\\/index.php\\\/2025\\\/01\\\/12\\\/a-tokodi-castrumot-is-erinto-turautvonallal-bovult-a-banyaszkor\\\/\"]}]},{\"@type\":\"ImageObject\",\"inLanguage\":\"hu\",\"@id\":\"https:\\\/\\\/dorogimedence.hu\\\/index.php\\\/2025\\\/01\\\/12\\\/a-tokodi-castrumot-is-erinto-turautvonallal-bovult-a-banyaszkor\\\/#primaryimage\",\"url\":\"https:\\\/\\\/dorogimedence.hu\\\/wp-content\\\/uploads\\\/2025\\\/01\\\/hartyantokod-e1736595106331.jpg\",\"contentUrl\":\"https:\\\/\\\/dorogimedence.hu\\\/wp-content\\\/uploads\\\/2025\\\/01\\\/hartyantokod-e1736595106331.jpg\",\"width\":1536,\"height\":921},{\"@type\":\"BreadcrumbList\",\"@id\":\"https:\\\/\\\/dorogimedence.hu\\\/index.php\\\/2025\\\/01\\\/12\\\/a-tokodi-castrumot-is-erinto-turautvonallal-bovult-a-banyaszkor\\\/#breadcrumb\",\"itemListElement\":[{\"@type\":\"ListItem\",\"position\":1,\"name\":\"Kezd\u0151lap\",\"item\":\"https:\\\/\\\/dorogimedence.hu\\\/\"},{\"@type\":\"ListItem\",\"position\":2,\"name\":\"A tokodi Castrumot is \u00e9rint\u0151 t\u00fara\u00fatvonallal b\u0151v\u00fclt a B\u00e1ny\u00e1szk\u00f6r\"}]},{\"@type\":\"WebSite\",\"@id\":\"https:\\\/\\\/dorogimedence.hu\\\/#website\",\"url\":\"https:\\\/\\\/dorogimedence.hu\\\/\",\"name\":\"Dorogi-medence Region\u00e1lis H\u00edrport\u00e1l\",\"description\":\"Dorog, Keszt\u00f6lc, Le\u00e1nyv\u00e1r, Piliscs\u00e9v, Tokod, Tokodalt\u00e1r\u00f3, Csolnok, Esztergom-kertv\u00e1ros: h\u00edrek, programok\",\"publisher\":{\"@id\":\"https:\\\/\\\/dorogimedence.hu\\\/#organization\"},\"potentialAction\":[{\"@type\":\"SearchAction\",\"target\":{\"@type\":\"EntryPoint\",\"urlTemplate\":\"https:\\\/\\\/dorogimedence.hu\\\/?s={search_term_string}\"},\"query-input\":{\"@type\":\"PropertyValueSpecification\",\"valueRequired\":true,\"valueName\":\"search_term_string\"}}],\"inLanguage\":\"hu\"},{\"@type\":\"Organization\",\"@id\":\"https:\\\/\\\/dorogimedence.hu\\\/#organization\",\"name\":\"Dorogi-medence Region\u00e1lis H\u00edrport\u00e1l\",\"url\":\"https:\\\/\\\/dorogimedence.hu\\\/\",\"logo\":{\"@type\":\"ImageObject\",\"inLanguage\":\"hu\",\"@id\":\"https:\\\/\\\/dorogimedence.hu\\\/#\\\/schema\\\/logo\\\/image\\\/\",\"url\":\"https:\\\/\\\/dorogimedence.hu\\\/wp-content\\\/uploads\\\/2021\\\/04\\\/logo-feher-600.png\",\"contentUrl\":\"https:\\\/\\\/dorogimedence.hu\\\/wp-content\\\/uploads\\\/2021\\\/04\\\/logo-feher-600.png\",\"width\":600,\"height\":100,\"caption\":\"Dorogi-medence Region\u00e1lis H\u00edrport\u00e1l\"},\"image\":{\"@id\":\"https:\\\/\\\/dorogimedence.hu\\\/#\\\/schema\\\/logo\\\/image\\\/\"},\"sameAs\":[\"https:\\\/\\\/www.facebook.com\\\/dorogimedence\\\/\"]},{\"@type\":\"Person\",\"@id\":\"https:\\\/\\\/dorogimedence.hu\\\/#\\\/schema\\\/person\\\/ce6091eeb7e95ecdc87890d6aa8e0fd4\",\"name\":\"dorogimedence.hu\",\"image\":{\"@type\":\"ImageObject\",\"inLanguage\":\"hu\",\"@id\":\"\\\/\\\/www.gravatar.com\\\/avatar\\\/d8d45f8901aadff40a4af72c0b826f1d?s=96&#038;r=g&#038;d=mm\",\"url\":\"\\\/\\\/www.gravatar.com\\\/avatar\\\/d8d45f8901aadff40a4af72c0b826f1d?s=96&#038;r=g&#038;d=mm\",\"contentUrl\":\"\\\/\\\/www.gravatar.com\\\/avatar\\\/d8d45f8901aadff40a4af72c0b826f1d?s=96&#038;r=g&#038;d=mm\",\"caption\":\"dorogimedence.hu\"}}]}<\/script>\n<!-- \/ Yoast SEO plugin. -->","yoast_head_json":{"title":"A tokodi Castrumot is \u00e9rint\u0151 t\u00fara\u00fatvonallal b\u0151v\u00fclt a B\u00e1ny\u00e1szk\u00f6r","robots":{"index":"index","follow":"follow","max-snippet":"max-snippet:-1","max-image-preview":"max-image-preview:large","max-video-preview":"max-video-preview:-1"},"canonical":"https:\/\/dorogimedence.hu\/index.php\/2025\/01\/12\/a-tokodi-castrumot-is-erinto-turautvonallal-bovult-a-banyaszkor\/","og_locale":"hu_HU","og_type":"article","og_title":"A tokodi Castrumot is \u00e9rint\u0151 t\u00fara\u00fatvonallal b\u0151v\u00fclt a B\u00e1ny\u00e1szk\u00f6r","og_description":"Tokodi-alt\u00e1r\u00f3-k\u00f6r n\u00e9ven nemr\u00e9giben \u00fajabb r\u00f6vid \u00fatvonallal b\u0151v\u00fclt a B\u00e1ny\u00e1szk\u00f6r t\u00faramozgalom. Harty\u00e1n Csab\u00e1val, az instant t\u00far\u00e1k meg\u00e1lmod\u00f3j\u00e1val a tokod.hu szerkeszt\u0151je besz\u00e9lgetett a B\u00e1ny\u00e1szk\u00f6r n\u00e9pszer\u0171s\u00e9g\u00e9r\u0151l, a Tokodot is \u00e9rint\u0151 \u00faj kis k\u00f6rr\u0151l \u00e9s a b\u00e1nyat\u00e1r\u00f3t megform\u00e1z\u00f3 \u00e9rmegy\u0171jt\u0151r\u0151l. Nem sz\u00e1llnak m\u00e1r le m\u00e9lybe a b\u00e1ny\u00e1szok, m\u00e1r nem hull al\u00e1 a telep\u00fcl\u00e9seken a sz\u00e9npor, sz\u00e1mos r\u00e9gi eml\u00e9k \u00e9s \u00e9p\u00fclet","og_url":"https:\/\/dorogimedence.hu\/index.php\/2025\/01\/12\/a-tokodi-castrumot-is-erinto-turautvonallal-bovult-a-banyaszkor\/","og_site_name":"Dorogi-medence Region\u00e1lis H\u00edrport\u00e1l","article_publisher":"https:\/\/www.facebook.com\/dorogimedence\/","article_published_time":"2025-01-12T08:26:17+00:00","og_image":[{"width":1536,"height":921,"url":"https:\/\/dorogimedence.hu\/wp-content\/uploads\/2025\/01\/hartyantokod-e1736595106331.jpg","type":"image\/jpeg"}],"author":"dorogimedence.hu","twitter_card":"summary_large_image","twitter_misc":{"Szerz\u0151:":"dorogimedence.hu","Becs\u00fclt olvas\u00e1si id\u0151":"5 perc"},"schema":{"@context":"https:\/\/schema.org","@graph":[{"@type":"Article","@id":"https:\/\/dorogimedence.hu\/index.php\/2025\/01\/12\/a-tokodi-castrumot-is-erinto-turautvonallal-bovult-a-banyaszkor\/#article","isPartOf":{"@id":"https:\/\/dorogimedence.hu\/index.php\/2025\/01\/12\/a-tokodi-castrumot-is-erinto-turautvonallal-bovult-a-banyaszkor\/"},"author":{"name":"dorogimedence.hu","@id":"https:\/\/dorogimedence.hu\/#\/schema\/person\/ce6091eeb7e95ecdc87890d6aa8e0fd4"},"headline":"A tokodi Castrumot is \u00e9rint\u0151 t\u00fara\u00fatvonallal b\u0151v\u00fclt a B\u00e1ny\u00e1szk\u00f6r","datePublished":"2025-01-12T08:26:17+00:00","mainEntityOfPage":{"@id":"https:\/\/dorogimedence.hu\/index.php\/2025\/01\/12\/a-tokodi-castrumot-is-erinto-turautvonallal-bovult-a-banyaszkor\/"},"wordCount":996,"publisher":{"@id":"https:\/\/dorogimedence.hu\/#organization"},"image":{"@id":"https:\/\/dorogimedence.hu\/index.php\/2025\/01\/12\/a-tokodi-castrumot-is-erinto-turautvonallal-bovult-a-banyaszkor\/#primaryimage"},"thumbnailUrl":"https:\/\/dorogimedence.hu\/wp-content\/uploads\/2025\/01\/hartyantokod-e1736595106331.jpg","keywords":["B\u00e1ny\u00e1szk\u00f6r","kir\u00e1ndul\u00e1s","Tokod","t\u00fara"],"articleSection":["H\u00edrek","Sz\u00ednes","Tokod"],"inLanguage":"hu"},{"@type":"WebPage","@id":"https:\/\/dorogimedence.hu\/index.php\/2025\/01\/12\/a-tokodi-castrumot-is-erinto-turautvonallal-bovult-a-banyaszkor\/","url":"https:\/\/dorogimedence.hu\/index.php\/2025\/01\/12\/a-tokodi-castrumot-is-erinto-turautvonallal-bovult-a-banyaszkor\/","name":"A tokodi Castrumot is \u00e9rint\u0151 t\u00fara\u00fatvonallal b\u0151v\u00fclt a B\u00e1ny\u00e1szk\u00f6r","isPartOf":{"@id":"https:\/\/dorogimedence.hu\/#website"},"primaryImageOfPage":{"@id":"https:\/\/dorogimedence.hu\/index.php\/2025\/01\/12\/a-tokodi-castrumot-is-erinto-turautvonallal-bovult-a-banyaszkor\/#primaryimage"},"image":{"@id":"https:\/\/dorogimedence.hu\/index.php\/2025\/01\/12\/a-tokodi-castrumot-is-erinto-turautvonallal-bovult-a-banyaszkor\/#primaryimage"},"thumbnailUrl":"https:\/\/dorogimedence.hu\/wp-content\/uploads\/2025\/01\/hartyantokod-e1736595106331.jpg","datePublished":"2025-01-12T08:26:17+00:00","breadcrumb":{"@id":"https:\/\/dorogimedence.hu\/index.php\/2025\/01\/12\/a-tokodi-castrumot-is-erinto-turautvonallal-bovult-a-banyaszkor\/#breadcrumb"},"inLanguage":"hu","potentialAction":[{"@type":"ReadAction","target":["https:\/\/dorogimedence.hu\/index.php\/2025\/01\/12\/a-tokodi-castrumot-is-erinto-turautvonallal-bovult-a-banyaszkor\/"]}]},{"@type":"ImageObject","inLanguage":"hu","@id":"https:\/\/dorogimedence.hu\/index.php\/2025\/01\/12\/a-tokodi-castrumot-is-erinto-turautvonallal-bovult-a-banyaszkor\/#primaryimage","url":"https:\/\/dorogimedence.hu\/wp-content\/uploads\/2025\/01\/hartyantokod-e1736595106331.jpg","contentUrl":"https:\/\/dorogimedence.hu\/wp-content\/uploads\/2025\/01\/hartyantokod-e1736595106331.jpg","width":1536,"height":921},{"@type":"BreadcrumbList","@id":"https:\/\/dorogimedence.hu\/index.php\/2025\/01\/12\/a-tokodi-castrumot-is-erinto-turautvonallal-bovult-a-banyaszkor\/#breadcrumb","itemListElement":[{"@type":"ListItem","position":1,"name":"Kezd\u0151lap","item":"https:\/\/dorogimedence.hu\/"},{"@type":"ListItem","position":2,"name":"A tokodi Castrumot is \u00e9rint\u0151 t\u00fara\u00fatvonallal b\u0151v\u00fclt a B\u00e1ny\u00e1szk\u00f6r"}]},{"@type":"WebSite","@id":"https:\/\/dorogimedence.hu\/#website","url":"https:\/\/dorogimedence.hu\/","name":"Dorogi-medence Region\u00e1lis H\u00edrport\u00e1l","description":"Dorog, Keszt\u00f6lc, Le\u00e1nyv\u00e1r, Piliscs\u00e9v, Tokod, Tokodalt\u00e1r\u00f3, Csolnok, Esztergom-kertv\u00e1ros: h\u00edrek, programok","publisher":{"@id":"https:\/\/dorogimedence.hu\/#organization"},"potentialAction":[{"@type":"SearchAction","target":{"@type":"EntryPoint","urlTemplate":"https:\/\/dorogimedence.hu\/?s={search_term_string}"},"query-input":{"@type":"PropertyValueSpecification","valueRequired":true,"valueName":"search_term_string"}}],"inLanguage":"hu"},{"@type":"Organization","@id":"https:\/\/dorogimedence.hu\/#organization","name":"Dorogi-medence Region\u00e1lis H\u00edrport\u00e1l","url":"https:\/\/dorogimedence.hu\/","logo":{"@type":"ImageObject","inLanguage":"hu","@id":"https:\/\/dorogimedence.hu\/#\/schema\/logo\/image\/","url":"https:\/\/dorogimedence.hu\/wp-content\/uploads\/2021\/04\/logo-feher-600.png","contentUrl":"https:\/\/dorogimedence.hu\/wp-content\/uploads\/2021\/04\/logo-feher-600.png","width":600,"height":100,"caption":"Dorogi-medence Region\u00e1lis H\u00edrport\u00e1l"},"image":{"@id":"https:\/\/dorogimedence.hu\/#\/schema\/logo\/image\/"},"sameAs":["https:\/\/www.facebook.com\/dorogimedence\/"]},{"@type":"Person","@id":"https:\/\/dorogimedence.hu\/#\/schema\/person\/ce6091eeb7e95ecdc87890d6aa8e0fd4","name":"dorogimedence.hu","image":{"@type":"ImageObject","inLanguage":"hu","@id":"\/\/www.gravatar.com\/avatar\/d8d45f8901aadff40a4af72c0b826f1d?s=96&#038;r=g&#038;d=mm","url":"\/\/www.gravatar.com\/avatar\/d8d45f8901aadff40a4af72c0b826f1d?s=96&#038;r=g&#038;d=mm","contentUrl":"\/\/www.gravatar.com\/avatar\/d8d45f8901aadff40a4af72c0b826f1d?s=96&#038;r=g&#038;d=mm","caption":"dorogimedence.hu"}}]}},"_links":{"self":[{"href":"https:\/\/dorogimedence.hu\/index.php\/wp-json\/wp\/v2\/posts\/68018","targetHints":{"allow":["GET"]}}],"collection":[{"href":"https:\/\/dorogimedence.hu\/index.php\/wp-json\/wp\/v2\/posts"}],"about":[{"href":"https:\/\/dorogimedence.hu\/index.php\/wp-json\/wp\/v2\/types\/post"}],"author":[{"embeddable":true,"href":"https:\/\/dorogimedence.hu\/index.php\/wp-json\/wp\/v2\/users\/1"}],"replies":[{"embeddable":true,"href":"https:\/\/dorogimedence.hu\/index.php\/wp-json\/wp\/v2\/comments?post=68018"}],"version-history":[{"count":0,"href":"https:\/\/dorogimedence.hu\/index.php\/wp-json\/wp\/v2\/posts\/68018\/revisions"}],"wp:featuredmedia":[{"embeddable":true,"href":"https:\/\/dorogimedence.hu\/index.php\/wp-json\/wp\/v2\/media\/68019"}],"wp:attachment":[{"href":"https:\/\/dorogimedence.hu\/index.php\/wp-json\/wp\/v2\/media?parent=68018"}],"wp:term":[{"taxonomy":"category","embeddable":true,"href":"https:\/\/dorogimedence.hu\/index.php\/wp-json\/wp\/v2\/categories?post=68018"},{"taxonomy":"post_tag","embeddable":true,"href":"https:\/\/dorogimedence.hu\/index.php\/wp-json\/wp\/v2\/tags?post=68018"}],"curies":[{"name":"wp","href":"https:\/\/api.w.org\/{rel}","templated":true}]}}