{"id":67993,"date":"2025-01-10T13:46:42","date_gmt":"2025-01-10T12:46:42","guid":{"rendered":"https:\/\/dorogimedence.hu\/?p=67993"},"modified":"2025-01-10T13:46:42","modified_gmt":"2025-01-10T12:46:42","slug":"ezek-lesznek-2025-legjobban-vart-elektromos-autoi","status":"publish","type":"post","link":"https:\/\/dorogimedence.hu\/index.php\/2025\/01\/10\/ezek-lesznek-2025-legjobban-vart-elektromos-autoi\/","title":{"rendered":"Ezek lesznek 2025 legjobban v\u00e1rt elektromos aut\u00f3i"},"content":{"rendered":"<p><strong>Egyre b\u0151v\u00fcl az elektromos aut\u00f3k k\u00edn\u00e1lata, \u00faj modellekb\u0151l pedig \u00fagy t\u0171nik, 2025-ben sem lesz hi\u00e1ny: elk\u00e9peszt\u0151 technol\u00f3giai megold\u00e1sokat, k\u00f6rnyezetbar\u00e1t m\u0171k\u00f6d\u00e9st \u00e9s m\u00e9g nagyobb hat\u00f3t\u00e1vols\u00e1got \u00edg\u00e9rnek az idei \u00e9v \u00fajdons\u00e1gai. Haz\u00e1nk legnagyobb mobilit\u00e1si szolg\u00e1ltat\u00f3ja, az Ayvens most \u00f6sszegy\u0171jt\u00f6tte, melyik 10 \u00faj elektromos aut\u00f3t \u00f6vezi majd a legnagyobb figyelem 2025-ben.<\/strong><\/p>\n<p><strong>Audi Q6 e-tron<\/strong><\/p>\n<p>Az Audi Q6 e-tron eleg\u00e1ns formaterv\u00e9vel, fejlett elektromos hajt\u00e1sl\u00e1nc\u00e1val \u00e9s futurisztikus, digit\u00e1lis bels\u0151 ter\u00e9vel \u00fajradefini\u00e1lja az luxus elektromos SUV-k szegmens\u00e9t. A modell a fenntarthat\u00f3 m\u0171k\u00f6d\u00e9st kiemelked\u0151 teljes\u00edtm\u00e9nnyel, kompromisszumok n\u00e9lk\u00fcl kombin\u00e1lja: leny\u0171g\u00f6z\u0151, ak\u00e1r 635 km-es hat\u00f3t\u00e1vols\u00e1ggal b\u00fcszk\u00e9lkedhet, \u00e9s vill\u00e1mgyorsan felt\u00f6lt. Az aut\u00f3ba \u00fclve panor\u00e1ma-kijelz\u0151k, ajt\u00f3ba \u00e9p\u00edtett kezel\u0151egys\u00e9g, dinamikus, interakt\u00edv f\u00e9nyek \u00e9s m\u00e9g fejt\u00e1ml\u00e1ba \u00e9p\u00edtett hangsug\u00e1rz\u00f3k is v\u00e1rj\u00e1k majd a sof\u0151r\u00f6ket.<\/p>\n<p><img fetchpriority=\"high\" decoding=\"async\" class=\"alignnone size-full wp-image-67996\" src=\"https:\/\/dorogimedence.hu\/wp-content\/uploads\/2025\/01\/Audi-Q6-e-tron.jpg\" alt=\"\" width=\"605\" height=\"340\" srcset=\"https:\/\/dorogimedence.hu\/wp-content\/uploads\/2025\/01\/Audi-Q6-e-tron.jpg 605w, https:\/\/dorogimedence.hu\/wp-content\/uploads\/2025\/01\/Audi-Q6-e-tron-600x337.jpg 600w, https:\/\/dorogimedence.hu\/wp-content\/uploads\/2025\/01\/Audi-Q6-e-tron-150x84.jpg 150w, https:\/\/dorogimedence.hu\/wp-content\/uploads\/2025\/01\/Audi-Q6-e-tron-450x253.jpg 450w\" sizes=\"(max-width: 605px) 100vw, 605px\" \/><\/p>\n<p><strong>BMW i4<\/strong><\/p>\n<p>Az \u00faj BMW i4 izgalmas \u00fajdons\u00e1gnak \u00edg\u00e9rkezik az elektromos szed\u00e1nok piac\u00e1n. A modell t\u00f6bb mint 480 km-es hat\u00f3t\u00e1vols\u00e1g\u00e1val m\u00e9g a hosszabb utaz\u00e1sokat is kompromisszumok n\u00e9lk\u00fcl \u00e9lvezhetik a sof\u0151r\u00f6k. A luxust, a k\u00e9nyelmet a teljes\u00edtm\u00e9nyt el\u0151t\u00e9rbe helyez\u0151 i4 azoknak az aut\u00f3soknak a figyelm\u00e9t fogja megragadni, akik a pr\u00e9mium kateg\u00f3ri\u00e1s elektromos vezet\u00e9si \u00e9lm\u00e9nyt keresik.<\/p>\n<p><strong>Dacia Spring<\/strong><\/p>\n<p>A Dacia Spring megfizethet\u0151 \u00e9s praktikus bel\u00e9p\u0151t jelent az elektromos mobilit\u00e1s vil\u00e1g\u00e1ba. Modern diz\u00e1jnj\u00e1val \u00e9s kiv\u00e9teles vezet\u00e9si \u00e9lm\u00e9ny\u00e9vel a Spring fenntarthat\u00f3, ugyanakkor st\u00edlusos megold\u00e1st k\u00edn\u00e1l a mindennapi k\u00f6zleked\u00e9sre. A modellt kifejezetten \u00fagy tervezt\u00e9k, hogy megfeleljen a v\u00e1rosi aut\u00f3sok ig\u00e9nyeinek. Kompakt m\u00e9rete ellen\u00e9re a Spring tekint\u00e9lyes, t\u00f6bb mint 240 km-es hat\u00f3t\u00e1vols\u00e1got k\u00edn\u00e1l egyetlen felt\u00f6lt\u00e9ssel. A Dacia \u00f6tv\u00f6zi a k\u00e9nyelmet, a megfizethet\u0151s\u00e9get \u00e9s a fenntarthat\u00f3s\u00e1got.<\/p>\n<p><strong>Ford Capri<\/strong><\/p>\n<p>A Ford Capri egyben az amerikai aut\u00f3gy\u00e1rt\u00f3 els\u0151 bel\u00e9p\u0151je az elektromos j\u00e1rm\u0171vek piac\u00e1ra. A modellt ikonikus formatervez\u00e9s jellemzi, a cs\u00facstechnol\u00f3gia \u00e9s a fenntarthat\u00f3s\u00e1g jegy\u00e9ben. A Capri igen t\u00e1gas \u00e9s sokoldal\u00fa bels\u0151 t\u00e9rrel b\u00fcszk\u00e9lkedhet, modern infotainment-rendszerrel, sz\u00e1mos csatlakoztathat\u00f3s\u00e1gi lehet\u0151s\u00e9ggel \u00e9s biztons\u00e1gi funkci\u00f3val, amelyek mind a csal\u00e1dok \u00e9s akt\u00edv aut\u00f3haszn\u00e1l\u00f3k ig\u00e9nyeit szolg\u00e1lj\u00e1k. Crossover st\u00edlus\u00e1val \u00e9s fejlett elektromos hajt\u00e1sl\u00e1nc\u00e1val a Capri nagyot fog sz\u00f3lni az elektromos aut\u00f3k szegmens\u00e9ben.<\/p>\n<p><img decoding=\"async\" class=\"alignnone size-full wp-image-67994\" src=\"https:\/\/dorogimedence.hu\/wp-content\/uploads\/2025\/01\/Ford-Capri.jpg\" alt=\"\" width=\"605\" height=\"340\" srcset=\"https:\/\/dorogimedence.hu\/wp-content\/uploads\/2025\/01\/Ford-Capri.jpg 605w, https:\/\/dorogimedence.hu\/wp-content\/uploads\/2025\/01\/Ford-Capri-600x337.jpg 600w, https:\/\/dorogimedence.hu\/wp-content\/uploads\/2025\/01\/Ford-Capri-150x84.jpg 150w, https:\/\/dorogimedence.hu\/wp-content\/uploads\/2025\/01\/Ford-Capri-450x253.jpg 450w\" sizes=\"(max-width: 605px) 100vw, 605px\" \/><\/p>\n<p><strong>Hyundai Inster<\/strong><\/p>\n<p>A Hyundai Inster sokoldal\u00fa elektromos crossover, amely a hat\u00e9konys\u00e1g, a teljes\u00edtm\u00e9ny \u00e9s a praktikum egyens\u00faly\u00e1t k\u00edn\u00e1lja. Mivel a Hyundai az innov\u00e1ci\u00f3ra \u00e9s a fenntarthat\u00f3s\u00e1gra helyezi a hangs\u00falyt, az Inster azok sz\u00e1m\u00e1ra lesz vonz\u00f3 v\u00e1laszt\u00e1s, akik megb\u00edzhat\u00f3 \u00e9s k\u00f6rnyezettudatos SUV-t keresnek. Az Inster leny\u0171g\u00f6z\u0151, t\u00f6bb mint 480 km-es hat\u00f3t\u00e1vols\u00e1got garant\u00e1l egyetlen felt\u00f6lt\u00e9ssel, \u00edgy tulajdonosai kompromisszumok n\u00e9lk\u00fcl fedezhetnek fel \u00faj t\u00e1vlatokat.<\/p>\n<p><strong>Kia EV3<\/strong><\/p>\n<p>A Kia EV3 a m\u00e1rka elektromos j\u00e1rm\u0171v\u00e1laszt\u00e9k\u00e1nak sokak \u00e1ltal v\u00e1rt tagja, amely a st\u00edlus, a teljes\u00edtm\u00e9ny \u00e9s a fejlett elektromos megold\u00e1sok meggy\u0151z\u0151 kombin\u00e1ci\u00f3j\u00e1t k\u00edn\u00e1lja. Az EV3 eleg\u00e1ns \u00e9s modern diz\u00e1jnj\u00e1val az utakon is felkelti a figyelmet, mik\u00f6zben izgalmas vezet\u00e9si \u00e9lm\u00e9nyt ny\u00fajt. A nagy kapacit\u00e1s\u00fa akkumul\u00e1torral \u00e9s hat\u00e9kony elektromos hajt\u00e1sl\u00e1nccal felszerelt EV3 leny\u0171g\u00f6z\u0151, t\u00f6bb mint 480 km-es hat\u00f3t\u00e1vols\u00e1got \u00edg\u00e9r egyetlen felt\u00f6lt\u00e9ssel, \u00edgy praktikus v\u00e1laszt\u00e1s a napi ing\u00e1z\u00e1shoz \u00e9s a hosszabb utaz\u00e1sokhoz is.<\/p>\n<p><strong>Polestar 3<\/strong><\/p>\n<p>A Volvo le\u00e1nyv\u00e1llalatak\u00e9nt a Polestar az elektromos teljes\u00edtm\u00e9ny \u00e9s a fenntarthat\u00f3s\u00e1g ir\u00e1nti elk\u00f6telezetts\u00e9g\u00e9r\u0151l ismert. A Polestar 3 szint\u00e9n egy sokak \u00e1ltal v\u00e1rt elektromos SUV, amely a skandin\u00e1v diz\u00e1jnt, a cs\u00facstechnol\u00f3gi\u00e1t \u00e9s a kompromisszumok n\u00e9lk\u00fcli teljes\u00edtm\u00e9nyt testes\u00edti meg. Dupla elektromos motorj\u00e1val a Polestar 3 t\u00f6bb mint 400 kW-os kombin\u00e1lt teljes\u00edtm\u00e9nyt ny\u00fajt, ami azonnali gyorsul\u00e1st \u00e9s dinamikus kezelhet\u0151s\u00e9get tesz lehet\u0151v\u00e9.<\/p>\n<p><strong>Volvo EX60<\/strong><\/p>\n<p>A Volvo EX60, azaz a m\u00e1rka negyedik elektromos aut\u00f3ja egy tiszt\u00e1n elektromos platformra \u00e9p\u00fcl\u0151 SUV. Fejlett biztons\u00e1gi rendszereivel \u00e9s auton\u00f3m vezet\u00e9si k\u00e9pess\u00e9geivel p\u00e1ratlan aut\u00f3z\u00e1si \u00e9lm\u00e9nyt \u00edg\u00e9r. Mindezt leny\u0171g\u00f6z\u0151 hat\u00f3t\u00e1vols\u00e1g, k\u00e9tir\u00e1ny\u00fa t\u00f6lt\u00e9si lehet\u0151s\u00e9g \u00e9s innovat\u00edv funkci\u00f3k eg\u00e9sz\u00edtik ki, izgalmas formatervbe csomagolva.<\/p>\n<p><strong>Tesla Model Y<\/strong><\/p>\n<p>A Tesla Model Y komoly n\u00e9pszer\u0171s\u00e9gre tett szert kiv\u00e9teles hat\u00f3t\u00e1vols\u00e1g\u00e1val, teljes\u00edtm\u00e9ny\u00e9vel \u00e9s innovat\u00edv funkci\u00f3ival. Egyetlen felt\u00f6lt\u00e9ssel t\u00f6bb mint 480 km-t tehet\u00fcnk meg az ikonikus modell 2025-\u00f6s kiad\u00e1s\u00e1val. Az elektromos aut\u00f3k piac\u00e1nak vezet\u0151jek\u00e9nt a Model Y tov\u00e1bbra is komoly m\u00e9rc\u00e9t \u00e1ll\u00edt a konkurenci\u00e1nak az elektromos crossoverek szegmens\u00e9ben.<\/p>\n<p><strong>Volkswagen ID.4<\/strong><\/p>\n<p>A Passatn\u00e1l nagyobb Volkswagen ID.4 hihetetlen\u00fcl t\u00e1gas \u00e9s st\u00edlusos utaz\u00e1si \u00e9lm\u00e9nyt k\u00edn\u00e1l, ak\u00e1r hosszabb utakra is. Mag\u00e1val ragad\u00f3 diz\u00e1jnj\u00e1val \u00e9s fejlett technol\u00f3gi\u00e1ival az ID.4 azok sz\u00e1m\u00e1ra lesz t\u00f6k\u00e9letes t\u00e1rs, akik egyszerre keresik k\u00e9nyelmet \u00e9s a st\u00edlusos aut\u00f3z\u00e1st. Gondosan megtervezett aerodinamikai jellemz\u0151ivel \u00e9s hat\u00e9konys\u00e1g\u00e1val az ID.4 praktikus, ugyanakkor luxuskateg\u00f3ri\u00e1s v\u00e1laszt\u00e1s, ha elektromos mobilit\u00e1sr\u00f3l van sz\u00f3.<\/p>\n","protected":false},"excerpt":{"rendered":"<p>Egyre b\u0151v\u00fcl az elektromos aut\u00f3k k\u00edn\u00e1lata, \u00faj modellekb\u0151l pedig \u00fagy t\u0171nik, 2025-ben sem lesz hi\u00e1ny: elk\u00e9peszt\u0151 technol\u00f3giai megold\u00e1sokat, k\u00f6rnyezetbar\u00e1t m\u0171k\u00f6d\u00e9st \u00e9s m\u00e9g nagyobb hat\u00f3t\u00e1vols\u00e1got \u00edg\u00e9rnek az idei \u00e9v \u00fajdons\u00e1gai. Haz\u00e1nk legnagyobb mobilit\u00e1si szolg\u00e1ltat\u00f3ja, az Ayvens most \u00f6sszegy\u0171jt\u00f6tte, melyik 10 \u00faj elektromos aut\u00f3t \u00f6vezi majd a legnagyobb figyelem 2025-ben. Audi Q6 e-tron Az Audi Q6 e-tron<\/p>\n","protected":false},"author":1,"featured_media":67995,"comment_status":"closed","ping_status":"closed","sticky":false,"template":"","format":"standard","meta":{"ngg_post_thumbnail":0,"footnotes":""},"categories":[3,6948],"tags":[43,5739],"class_list":{"0":"post-67993","1":"post","2":"type-post","3":"status-publish","4":"format-standard","5":"has-post-thumbnail","7":"category-hirek","8":"category-szines","9":"tag-auto","10":"tag-elektromos-auto"},"yoast_head":"<!-- This site is optimized with the Yoast SEO plugin v27.5 - https:\/\/yoast.com\/product\/yoast-seo-wordpress\/ -->\n<title>Ezek lesznek 2025 legjobban v\u00e1rt elektromos aut\u00f3i<\/title>\n<meta name=\"robots\" content=\"index, follow, max-snippet:-1, max-image-preview:large, max-video-preview:-1\" \/>\n<link rel=\"canonical\" href=\"https:\/\/dorogimedence.hu\/index.php\/2025\/01\/10\/ezek-lesznek-2025-legjobban-vart-elektromos-autoi\/\" class=\"yoast-seo-meta-tag\" \/>\n<meta property=\"og:locale\" content=\"hu_HU\" class=\"yoast-seo-meta-tag\" \/>\n<meta property=\"og:type\" content=\"article\" class=\"yoast-seo-meta-tag\" \/>\n<meta property=\"og:title\" content=\"Ezek lesznek 2025 legjobban v\u00e1rt elektromos aut\u00f3i\" class=\"yoast-seo-meta-tag\" \/>\n<meta property=\"og:description\" content=\"Egyre b\u0151v\u00fcl az elektromos aut\u00f3k k\u00edn\u00e1lata, \u00faj modellekb\u0151l pedig \u00fagy t\u0171nik, 2025-ben sem lesz hi\u00e1ny: elk\u00e9peszt\u0151 technol\u00f3giai megold\u00e1sokat, k\u00f6rnyezetbar\u00e1t m\u0171k\u00f6d\u00e9st \u00e9s m\u00e9g nagyobb hat\u00f3t\u00e1vols\u00e1got \u00edg\u00e9rnek az idei \u00e9v \u00fajdons\u00e1gai. Haz\u00e1nk legnagyobb mobilit\u00e1si szolg\u00e1ltat\u00f3ja, az Ayvens most \u00f6sszegy\u0171jt\u00f6tte, melyik 10 \u00faj elektromos aut\u00f3t \u00f6vezi majd a legnagyobb figyelem 2025-ben. Audi Q6 e-tron Az Audi Q6 e-tron\" class=\"yoast-seo-meta-tag\" \/>\n<meta property=\"og:url\" content=\"https:\/\/dorogimedence.hu\/index.php\/2025\/01\/10\/ezek-lesznek-2025-legjobban-vart-elektromos-autoi\/\" class=\"yoast-seo-meta-tag\" \/>\n<meta property=\"og:site_name\" content=\"Dorogi-medence Region\u00e1lis H\u00edrport\u00e1l\" class=\"yoast-seo-meta-tag\" \/>\n<meta property=\"article:publisher\" content=\"https:\/\/www.facebook.com\/dorogimedence\/\" class=\"yoast-seo-meta-tag\" \/>\n<meta property=\"article:published_time\" content=\"2025-01-10T12:46:42+00:00\" class=\"yoast-seo-meta-tag\" \/>\n<meta property=\"og:image\" content=\"https:\/\/dorogimedence.hu\/wp-content\/uploads\/2025\/01\/Volkswagen-ID.4.jpg\" class=\"yoast-seo-meta-tag\" \/>\n\t<meta property=\"og:image:width\" content=\"605\" class=\"yoast-seo-meta-tag\" \/>\n\t<meta property=\"og:image:height\" content=\"340\" class=\"yoast-seo-meta-tag\" \/>\n\t<meta property=\"og:image:type\" content=\"image\/jpeg\" class=\"yoast-seo-meta-tag\" \/>\n<meta name=\"author\" content=\"dorogimedence.hu\" class=\"yoast-seo-meta-tag\" \/>\n<meta name=\"twitter:card\" content=\"summary_large_image\" class=\"yoast-seo-meta-tag\" \/>\n<meta name=\"twitter:label1\" content=\"Szerz\u0151:\" class=\"yoast-seo-meta-tag\" \/>\n\t<meta name=\"twitter:data1\" content=\"dorogimedence.hu\" class=\"yoast-seo-meta-tag\" \/>\n\t<meta name=\"twitter:label2\" content=\"Becs\u00fclt olvas\u00e1si id\u0151\" class=\"yoast-seo-meta-tag\" \/>\n\t<meta name=\"twitter:data2\" content=\"5 perc\" class=\"yoast-seo-meta-tag\" \/>\n<script type=\"application\/ld+json\" class=\"yoast-schema-graph\">{\"@context\":\"https:\\\/\\\/schema.org\",\"@graph\":[{\"@type\":\"Article\",\"@id\":\"https:\\\/\\\/dorogimedence.hu\\\/index.php\\\/2025\\\/01\\\/10\\\/ezek-lesznek-2025-legjobban-vart-elektromos-autoi\\\/#article\",\"isPartOf\":{\"@id\":\"https:\\\/\\\/dorogimedence.hu\\\/index.php\\\/2025\\\/01\\\/10\\\/ezek-lesznek-2025-legjobban-vart-elektromos-autoi\\\/\"},\"author\":{\"name\":\"dorogimedence.hu\",\"@id\":\"https:\\\/\\\/dorogimedence.hu\\\/#\\\/schema\\\/person\\\/ce6091eeb7e95ecdc87890d6aa8e0fd4\"},\"headline\":\"Ezek lesznek 2025 legjobban v\u00e1rt elektromos aut\u00f3i\",\"datePublished\":\"2025-01-10T12:46:42+00:00\",\"mainEntityOfPage\":{\"@id\":\"https:\\\/\\\/dorogimedence.hu\\\/index.php\\\/2025\\\/01\\\/10\\\/ezek-lesznek-2025-legjobban-vart-elektromos-autoi\\\/\"},\"wordCount\":1014,\"publisher\":{\"@id\":\"https:\\\/\\\/dorogimedence.hu\\\/#organization\"},\"image\":{\"@id\":\"https:\\\/\\\/dorogimedence.hu\\\/index.php\\\/2025\\\/01\\\/10\\\/ezek-lesznek-2025-legjobban-vart-elektromos-autoi\\\/#primaryimage\"},\"thumbnailUrl\":\"https:\\\/\\\/dorogimedence.hu\\\/wp-content\\\/uploads\\\/2025\\\/01\\\/Volkswagen-ID.4.jpg\",\"keywords\":[\"aut\u00f3\",\"elektromos aut\u00f3\"],\"articleSection\":[\"H\u00edrek\",\"Sz\u00ednes\"],\"inLanguage\":\"hu\"},{\"@type\":\"WebPage\",\"@id\":\"https:\\\/\\\/dorogimedence.hu\\\/index.php\\\/2025\\\/01\\\/10\\\/ezek-lesznek-2025-legjobban-vart-elektromos-autoi\\\/\",\"url\":\"https:\\\/\\\/dorogimedence.hu\\\/index.php\\\/2025\\\/01\\\/10\\\/ezek-lesznek-2025-legjobban-vart-elektromos-autoi\\\/\",\"name\":\"Ezek lesznek 2025 legjobban v\u00e1rt elektromos aut\u00f3i\",\"isPartOf\":{\"@id\":\"https:\\\/\\\/dorogimedence.hu\\\/#website\"},\"primaryImageOfPage\":{\"@id\":\"https:\\\/\\\/dorogimedence.hu\\\/index.php\\\/2025\\\/01\\\/10\\\/ezek-lesznek-2025-legjobban-vart-elektromos-autoi\\\/#primaryimage\"},\"image\":{\"@id\":\"https:\\\/\\\/dorogimedence.hu\\\/index.php\\\/2025\\\/01\\\/10\\\/ezek-lesznek-2025-legjobban-vart-elektromos-autoi\\\/#primaryimage\"},\"thumbnailUrl\":\"https:\\\/\\\/dorogimedence.hu\\\/wp-content\\\/uploads\\\/2025\\\/01\\\/Volkswagen-ID.4.jpg\",\"datePublished\":\"2025-01-10T12:46:42+00:00\",\"breadcrumb\":{\"@id\":\"https:\\\/\\\/dorogimedence.hu\\\/index.php\\\/2025\\\/01\\\/10\\\/ezek-lesznek-2025-legjobban-vart-elektromos-autoi\\\/#breadcrumb\"},\"inLanguage\":\"hu\",\"potentialAction\":[{\"@type\":\"ReadAction\",\"target\":[\"https:\\\/\\\/dorogimedence.hu\\\/index.php\\\/2025\\\/01\\\/10\\\/ezek-lesznek-2025-legjobban-vart-elektromos-autoi\\\/\"]}]},{\"@type\":\"ImageObject\",\"inLanguage\":\"hu\",\"@id\":\"https:\\\/\\\/dorogimedence.hu\\\/index.php\\\/2025\\\/01\\\/10\\\/ezek-lesznek-2025-legjobban-vart-elektromos-autoi\\\/#primaryimage\",\"url\":\"https:\\\/\\\/dorogimedence.hu\\\/wp-content\\\/uploads\\\/2025\\\/01\\\/Volkswagen-ID.4.jpg\",\"contentUrl\":\"https:\\\/\\\/dorogimedence.hu\\\/wp-content\\\/uploads\\\/2025\\\/01\\\/Volkswagen-ID.4.jpg\",\"width\":605,\"height\":340},{\"@type\":\"BreadcrumbList\",\"@id\":\"https:\\\/\\\/dorogimedence.hu\\\/index.php\\\/2025\\\/01\\\/10\\\/ezek-lesznek-2025-legjobban-vart-elektromos-autoi\\\/#breadcrumb\",\"itemListElement\":[{\"@type\":\"ListItem\",\"position\":1,\"name\":\"Kezd\u0151lap\",\"item\":\"https:\\\/\\\/dorogimedence.hu\\\/\"},{\"@type\":\"ListItem\",\"position\":2,\"name\":\"Ezek lesznek 2025 legjobban v\u00e1rt elektromos aut\u00f3i\"}]},{\"@type\":\"WebSite\",\"@id\":\"https:\\\/\\\/dorogimedence.hu\\\/#website\",\"url\":\"https:\\\/\\\/dorogimedence.hu\\\/\",\"name\":\"Dorogi-medence Region\u00e1lis H\u00edrport\u00e1l\",\"description\":\"Dorog, Keszt\u00f6lc, Le\u00e1nyv\u00e1r, Piliscs\u00e9v, Tokod, Tokodalt\u00e1r\u00f3, Csolnok, Esztergom-kertv\u00e1ros: h\u00edrek, programok\",\"publisher\":{\"@id\":\"https:\\\/\\\/dorogimedence.hu\\\/#organization\"},\"potentialAction\":[{\"@type\":\"SearchAction\",\"target\":{\"@type\":\"EntryPoint\",\"urlTemplate\":\"https:\\\/\\\/dorogimedence.hu\\\/?s={search_term_string}\"},\"query-input\":{\"@type\":\"PropertyValueSpecification\",\"valueRequired\":true,\"valueName\":\"search_term_string\"}}],\"inLanguage\":\"hu\"},{\"@type\":\"Organization\",\"@id\":\"https:\\\/\\\/dorogimedence.hu\\\/#organization\",\"name\":\"Dorogi-medence Region\u00e1lis H\u00edrport\u00e1l\",\"url\":\"https:\\\/\\\/dorogimedence.hu\\\/\",\"logo\":{\"@type\":\"ImageObject\",\"inLanguage\":\"hu\",\"@id\":\"https:\\\/\\\/dorogimedence.hu\\\/#\\\/schema\\\/logo\\\/image\\\/\",\"url\":\"https:\\\/\\\/dorogimedence.hu\\\/wp-content\\\/uploads\\\/2021\\\/04\\\/logo-feher-600.png\",\"contentUrl\":\"https:\\\/\\\/dorogimedence.hu\\\/wp-content\\\/uploads\\\/2021\\\/04\\\/logo-feher-600.png\",\"width\":600,\"height\":100,\"caption\":\"Dorogi-medence Region\u00e1lis H\u00edrport\u00e1l\"},\"image\":{\"@id\":\"https:\\\/\\\/dorogimedence.hu\\\/#\\\/schema\\\/logo\\\/image\\\/\"},\"sameAs\":[\"https:\\\/\\\/www.facebook.com\\\/dorogimedence\\\/\"]},{\"@type\":\"Person\",\"@id\":\"https:\\\/\\\/dorogimedence.hu\\\/#\\\/schema\\\/person\\\/ce6091eeb7e95ecdc87890d6aa8e0fd4\",\"name\":\"dorogimedence.hu\",\"image\":{\"@type\":\"ImageObject\",\"inLanguage\":\"hu\",\"@id\":\"\\\/\\\/www.gravatar.com\\\/avatar\\\/d8d45f8901aadff40a4af72c0b826f1d?s=96&#038;r=g&#038;d=mm\",\"url\":\"\\\/\\\/www.gravatar.com\\\/avatar\\\/d8d45f8901aadff40a4af72c0b826f1d?s=96&#038;r=g&#038;d=mm\",\"contentUrl\":\"\\\/\\\/www.gravatar.com\\\/avatar\\\/d8d45f8901aadff40a4af72c0b826f1d?s=96&#038;r=g&#038;d=mm\",\"caption\":\"dorogimedence.hu\"}}]}<\/script>\n<!-- \/ Yoast SEO plugin. -->","yoast_head_json":{"title":"Ezek lesznek 2025 legjobban v\u00e1rt elektromos aut\u00f3i","robots":{"index":"index","follow":"follow","max-snippet":"max-snippet:-1","max-image-preview":"max-image-preview:large","max-video-preview":"max-video-preview:-1"},"canonical":"https:\/\/dorogimedence.hu\/index.php\/2025\/01\/10\/ezek-lesznek-2025-legjobban-vart-elektromos-autoi\/","og_locale":"hu_HU","og_type":"article","og_title":"Ezek lesznek 2025 legjobban v\u00e1rt elektromos aut\u00f3i","og_description":"Egyre b\u0151v\u00fcl az elektromos aut\u00f3k k\u00edn\u00e1lata, \u00faj modellekb\u0151l pedig \u00fagy t\u0171nik, 2025-ben sem lesz hi\u00e1ny: elk\u00e9peszt\u0151 technol\u00f3giai megold\u00e1sokat, k\u00f6rnyezetbar\u00e1t m\u0171k\u00f6d\u00e9st \u00e9s m\u00e9g nagyobb hat\u00f3t\u00e1vols\u00e1got \u00edg\u00e9rnek az idei \u00e9v \u00fajdons\u00e1gai. Haz\u00e1nk legnagyobb mobilit\u00e1si szolg\u00e1ltat\u00f3ja, az Ayvens most \u00f6sszegy\u0171jt\u00f6tte, melyik 10 \u00faj elektromos aut\u00f3t \u00f6vezi majd a legnagyobb figyelem 2025-ben. Audi Q6 e-tron Az Audi Q6 e-tron","og_url":"https:\/\/dorogimedence.hu\/index.php\/2025\/01\/10\/ezek-lesznek-2025-legjobban-vart-elektromos-autoi\/","og_site_name":"Dorogi-medence Region\u00e1lis H\u00edrport\u00e1l","article_publisher":"https:\/\/www.facebook.com\/dorogimedence\/","article_published_time":"2025-01-10T12:46:42+00:00","og_image":[{"width":605,"height":340,"url":"https:\/\/dorogimedence.hu\/wp-content\/uploads\/2025\/01\/Volkswagen-ID.4.jpg","type":"image\/jpeg"}],"author":"dorogimedence.hu","twitter_card":"summary_large_image","twitter_misc":{"Szerz\u0151:":"dorogimedence.hu","Becs\u00fclt olvas\u00e1si id\u0151":"5 perc"},"schema":{"@context":"https:\/\/schema.org","@graph":[{"@type":"Article","@id":"https:\/\/dorogimedence.hu\/index.php\/2025\/01\/10\/ezek-lesznek-2025-legjobban-vart-elektromos-autoi\/#article","isPartOf":{"@id":"https:\/\/dorogimedence.hu\/index.php\/2025\/01\/10\/ezek-lesznek-2025-legjobban-vart-elektromos-autoi\/"},"author":{"name":"dorogimedence.hu","@id":"https:\/\/dorogimedence.hu\/#\/schema\/person\/ce6091eeb7e95ecdc87890d6aa8e0fd4"},"headline":"Ezek lesznek 2025 legjobban v\u00e1rt elektromos aut\u00f3i","datePublished":"2025-01-10T12:46:42+00:00","mainEntityOfPage":{"@id":"https:\/\/dorogimedence.hu\/index.php\/2025\/01\/10\/ezek-lesznek-2025-legjobban-vart-elektromos-autoi\/"},"wordCount":1014,"publisher":{"@id":"https:\/\/dorogimedence.hu\/#organization"},"image":{"@id":"https:\/\/dorogimedence.hu\/index.php\/2025\/01\/10\/ezek-lesznek-2025-legjobban-vart-elektromos-autoi\/#primaryimage"},"thumbnailUrl":"https:\/\/dorogimedence.hu\/wp-content\/uploads\/2025\/01\/Volkswagen-ID.4.jpg","keywords":["aut\u00f3","elektromos aut\u00f3"],"articleSection":["H\u00edrek","Sz\u00ednes"],"inLanguage":"hu"},{"@type":"WebPage","@id":"https:\/\/dorogimedence.hu\/index.php\/2025\/01\/10\/ezek-lesznek-2025-legjobban-vart-elektromos-autoi\/","url":"https:\/\/dorogimedence.hu\/index.php\/2025\/01\/10\/ezek-lesznek-2025-legjobban-vart-elektromos-autoi\/","name":"Ezek lesznek 2025 legjobban v\u00e1rt elektromos aut\u00f3i","isPartOf":{"@id":"https:\/\/dorogimedence.hu\/#website"},"primaryImageOfPage":{"@id":"https:\/\/dorogimedence.hu\/index.php\/2025\/01\/10\/ezek-lesznek-2025-legjobban-vart-elektromos-autoi\/#primaryimage"},"image":{"@id":"https:\/\/dorogimedence.hu\/index.php\/2025\/01\/10\/ezek-lesznek-2025-legjobban-vart-elektromos-autoi\/#primaryimage"},"thumbnailUrl":"https:\/\/dorogimedence.hu\/wp-content\/uploads\/2025\/01\/Volkswagen-ID.4.jpg","datePublished":"2025-01-10T12:46:42+00:00","breadcrumb":{"@id":"https:\/\/dorogimedence.hu\/index.php\/2025\/01\/10\/ezek-lesznek-2025-legjobban-vart-elektromos-autoi\/#breadcrumb"},"inLanguage":"hu","potentialAction":[{"@type":"ReadAction","target":["https:\/\/dorogimedence.hu\/index.php\/2025\/01\/10\/ezek-lesznek-2025-legjobban-vart-elektromos-autoi\/"]}]},{"@type":"ImageObject","inLanguage":"hu","@id":"https:\/\/dorogimedence.hu\/index.php\/2025\/01\/10\/ezek-lesznek-2025-legjobban-vart-elektromos-autoi\/#primaryimage","url":"https:\/\/dorogimedence.hu\/wp-content\/uploads\/2025\/01\/Volkswagen-ID.4.jpg","contentUrl":"https:\/\/dorogimedence.hu\/wp-content\/uploads\/2025\/01\/Volkswagen-ID.4.jpg","width":605,"height":340},{"@type":"BreadcrumbList","@id":"https:\/\/dorogimedence.hu\/index.php\/2025\/01\/10\/ezek-lesznek-2025-legjobban-vart-elektromos-autoi\/#breadcrumb","itemListElement":[{"@type":"ListItem","position":1,"name":"Kezd\u0151lap","item":"https:\/\/dorogimedence.hu\/"},{"@type":"ListItem","position":2,"name":"Ezek lesznek 2025 legjobban v\u00e1rt elektromos aut\u00f3i"}]},{"@type":"WebSite","@id":"https:\/\/dorogimedence.hu\/#website","url":"https:\/\/dorogimedence.hu\/","name":"Dorogi-medence Region\u00e1lis H\u00edrport\u00e1l","description":"Dorog, Keszt\u00f6lc, Le\u00e1nyv\u00e1r, Piliscs\u00e9v, Tokod, Tokodalt\u00e1r\u00f3, Csolnok, Esztergom-kertv\u00e1ros: h\u00edrek, programok","publisher":{"@id":"https:\/\/dorogimedence.hu\/#organization"},"potentialAction":[{"@type":"SearchAction","target":{"@type":"EntryPoint","urlTemplate":"https:\/\/dorogimedence.hu\/?s={search_term_string}"},"query-input":{"@type":"PropertyValueSpecification","valueRequired":true,"valueName":"search_term_string"}}],"inLanguage":"hu"},{"@type":"Organization","@id":"https:\/\/dorogimedence.hu\/#organization","name":"Dorogi-medence Region\u00e1lis H\u00edrport\u00e1l","url":"https:\/\/dorogimedence.hu\/","logo":{"@type":"ImageObject","inLanguage":"hu","@id":"https:\/\/dorogimedence.hu\/#\/schema\/logo\/image\/","url":"https:\/\/dorogimedence.hu\/wp-content\/uploads\/2021\/04\/logo-feher-600.png","contentUrl":"https:\/\/dorogimedence.hu\/wp-content\/uploads\/2021\/04\/logo-feher-600.png","width":600,"height":100,"caption":"Dorogi-medence Region\u00e1lis H\u00edrport\u00e1l"},"image":{"@id":"https:\/\/dorogimedence.hu\/#\/schema\/logo\/image\/"},"sameAs":["https:\/\/www.facebook.com\/dorogimedence\/"]},{"@type":"Person","@id":"https:\/\/dorogimedence.hu\/#\/schema\/person\/ce6091eeb7e95ecdc87890d6aa8e0fd4","name":"dorogimedence.hu","image":{"@type":"ImageObject","inLanguage":"hu","@id":"\/\/www.gravatar.com\/avatar\/d8d45f8901aadff40a4af72c0b826f1d?s=96&#038;r=g&#038;d=mm","url":"\/\/www.gravatar.com\/avatar\/d8d45f8901aadff40a4af72c0b826f1d?s=96&#038;r=g&#038;d=mm","contentUrl":"\/\/www.gravatar.com\/avatar\/d8d45f8901aadff40a4af72c0b826f1d?s=96&#038;r=g&#038;d=mm","caption":"dorogimedence.hu"}}]}},"_links":{"self":[{"href":"https:\/\/dorogimedence.hu\/index.php\/wp-json\/wp\/v2\/posts\/67993","targetHints":{"allow":["GET"]}}],"collection":[{"href":"https:\/\/dorogimedence.hu\/index.php\/wp-json\/wp\/v2\/posts"}],"about":[{"href":"https:\/\/dorogimedence.hu\/index.php\/wp-json\/wp\/v2\/types\/post"}],"author":[{"embeddable":true,"href":"https:\/\/dorogimedence.hu\/index.php\/wp-json\/wp\/v2\/users\/1"}],"replies":[{"embeddable":true,"href":"https:\/\/dorogimedence.hu\/index.php\/wp-json\/wp\/v2\/comments?post=67993"}],"version-history":[{"count":0,"href":"https:\/\/dorogimedence.hu\/index.php\/wp-json\/wp\/v2\/posts\/67993\/revisions"}],"wp:featuredmedia":[{"embeddable":true,"href":"https:\/\/dorogimedence.hu\/index.php\/wp-json\/wp\/v2\/media\/67995"}],"wp:attachment":[{"href":"https:\/\/dorogimedence.hu\/index.php\/wp-json\/wp\/v2\/media?parent=67993"}],"wp:term":[{"taxonomy":"category","embeddable":true,"href":"https:\/\/dorogimedence.hu\/index.php\/wp-json\/wp\/v2\/categories?post=67993"},{"taxonomy":"post_tag","embeddable":true,"href":"https:\/\/dorogimedence.hu\/index.php\/wp-json\/wp\/v2\/tags?post=67993"}],"curies":[{"name":"wp","href":"https:\/\/api.w.org\/{rel}","templated":true}]}}