{"id":67988,"date":"2025-01-10T11:43:10","date_gmt":"2025-01-10T10:43:10","guid":{"rendered":"https:\/\/dorogimedence.hu\/?p=67988"},"modified":"2025-01-11T10:11:05","modified_gmt":"2025-01-11T09:11:05","slug":"ii-bollerfesztival-az-esztergomi-piacon","status":"publish","type":"post","link":"https:\/\/dorogimedence.hu\/index.php\/2025\/01\/10\/ii-bollerfesztival-az-esztergomi-piacon\/","title":{"rendered":"II. B\u00f6ll\u00e9rfesztiv\u00e1l az Esztergomi Piacon"},"content":{"rendered":"<p><strong>Janu\u00e1r 18-\u00e1n, szombaton 8 \u00e9s 15 \u00f3ra k\u00f6z\u00f6tt m\u00e1sodik alkalommal rendezik meg a B\u00f6ll\u00e9rfesztiv\u00e1lt az Esztergomi Piacon, ahol a hagyom\u00e1nyok \u00e9s a kulin\u00e1ris \u00e9lvezetek tal\u00e1lkoznak.<\/strong><\/p>\n<p>A falusi diszn\u00f3v\u00e1g\u00e1sok hangulat\u00e1t id\u00e9z\u0151 fesztiv\u00e1lon megk\u00f3stolhatjuk a k\u00fcl\u00f6nb\u00f6z\u0151 vend\u00e9gl\u00e1t\u00f3helyek \u00e1ltal szakszer\u0171en elk\u00e9sz\u00edtett, \u00ednycsikland\u00f3 \u00e9teleket, a pik\u00e1ns kolb\u00e1szt\u00f3l a zamatos s\u00fcltig, mik\u00f6zben a hangulatos magyar zen\u00e9r\u0151l a Janoska Band gondoskodik.<\/p>\n<p>A fesztiv\u00e1l k\u00fcl\u00f6nlegess\u00e9ge, hogy \u00e9l\u0151ben k\u00f6vethetj\u00fck nyomon a h\u00edz\u00f3k feldolgoz\u00e1s\u00e1nak folyamat\u00e1t. Term\u00e9szetesen a v\u00e1g\u00e1s mozzanata k\u00fcl\u00f6n helysz\u00ednen t\u00f6rt\u00e9nik; a piacra a diszn\u00f3k f\u00e9lbe v\u00e1gva \u00e9rkeznek, \u00e9s hentes szakemberek seg\u00edts\u00e9g\u00e9vel betekint\u00e9st nyerhet\u00fcnk a h\u00fas feldolgoz\u00e1s\u00e1ba \u00e9s a kolb\u00e1szt\u00f6lt\u00e9s rejtelmeibe. S\u0151t, a helyi henteseket \u00e9s s\u00e9feket is megsz\u00f3laltatj\u00e1k, akikt\u0151l sz\u00e1mos \u00e9rdekess\u00e9geket tudhatunk meg.<\/p>\n<p>A programokkal p\u00e1rhuzamosan, m\u00e1r reggelt\u0151l alkalmunk lesz a kitelep\u00fclt vend\u00e9gl\u00e1t\u00f3helyek fog\u00e1sait \u00e9s k\u00fcl\u00f6nleges sert\u00e9sh\u00fasos \u00e9teleit megv\u00e1s\u00e1rolni.<\/p>\n<p>Tov\u00e1bbi r\u00e9szletek a <a href=\"https:\/\/www.facebook.com\/events\/1909280982934362\/\" target=\"_blank\" rel=\"noopener\"><span style=\"text-decoration: underline; color: #0000ff;\">Facebook-esem\u00e9nyben<\/span><\/a> tal\u00e1lhat\u00f3k!<\/p>\n","protected":false},"excerpt":{"rendered":"<p>Janu\u00e1r 18-\u00e1n, szombaton 8 \u00e9s 15 \u00f3ra k\u00f6z\u00f6tt m\u00e1sodik alkalommal rendezik meg a B\u00f6ll\u00e9rfesztiv\u00e1lt az Esztergomi Piacon, ahol a hagyom\u00e1nyok \u00e9s a kulin\u00e1ris \u00e9lvezetek tal\u00e1lkoznak. A falusi diszn\u00f3v\u00e1g\u00e1sok hangulat\u00e1t id\u00e9z\u0151 fesztiv\u00e1lon megk\u00f3stolhatjuk a k\u00fcl\u00f6nb\u00f6z\u0151 vend\u00e9gl\u00e1t\u00f3helyek \u00e1ltal szakszer\u0171en elk\u00e9sz\u00edtett, \u00ednycsikland\u00f3 \u00e9teleket, a pik\u00e1ns kolb\u00e1szt\u00f3l a zamatos s\u00fcltig, mik\u00f6zben a hangulatos magyar zen\u00e9r\u0151l a Janoska Band gondoskodik.<\/p>\n","protected":false},"author":1,"featured_media":67989,"comment_status":"closed","ping_status":"closed","sticky":false,"template":"","format":"standard","meta":{"ngg_post_thumbnail":0,"footnotes":""},"categories":[38,3,3561],"tags":[559,42,6072,5624,101],"class_list":{"0":"post-67988","1":"post","2":"type-post","3":"status-publish","4":"format-standard","5":"has-post-thumbnail","7":"category-esztergom","8":"category-hirek","9":"category-programok","10":"tag-bollerfesztival","11":"tag-esztergom","12":"tag-esztergomi-piac","13":"tag-featured","14":"tag-program"},"yoast_head":"<!-- This site is optimized with the Yoast SEO plugin v27.5 - https:\/\/yoast.com\/product\/yoast-seo-wordpress\/ -->\n<title>II. B\u00f6ll\u00e9rfesztiv\u00e1l az Esztergomi Piacon<\/title>\n<meta name=\"robots\" content=\"index, follow, max-snippet:-1, max-image-preview:large, max-video-preview:-1\" \/>\n<link rel=\"canonical\" href=\"https:\/\/dorogimedence.hu\/index.php\/2025\/01\/10\/ii-bollerfesztival-az-esztergomi-piacon\/\" class=\"yoast-seo-meta-tag\" \/>\n<meta property=\"og:locale\" content=\"hu_HU\" class=\"yoast-seo-meta-tag\" \/>\n<meta property=\"og:type\" content=\"article\" class=\"yoast-seo-meta-tag\" \/>\n<meta property=\"og:title\" content=\"II. B\u00f6ll\u00e9rfesztiv\u00e1l az Esztergomi Piacon\" class=\"yoast-seo-meta-tag\" \/>\n<meta property=\"og:description\" content=\"Janu\u00e1r 18-\u00e1n, szombaton 8 \u00e9s 15 \u00f3ra k\u00f6z\u00f6tt m\u00e1sodik alkalommal rendezik meg a B\u00f6ll\u00e9rfesztiv\u00e1lt az Esztergomi Piacon, ahol a hagyom\u00e1nyok \u00e9s a kulin\u00e1ris \u00e9lvezetek tal\u00e1lkoznak. A falusi diszn\u00f3v\u00e1g\u00e1sok hangulat\u00e1t id\u00e9z\u0151 fesztiv\u00e1lon megk\u00f3stolhatjuk a k\u00fcl\u00f6nb\u00f6z\u0151 vend\u00e9gl\u00e1t\u00f3helyek \u00e1ltal szakszer\u0171en elk\u00e9sz\u00edtett, \u00ednycsikland\u00f3 \u00e9teleket, a pik\u00e1ns kolb\u00e1szt\u00f3l a zamatos s\u00fcltig, mik\u00f6zben a hangulatos magyar zen\u00e9r\u0151l a Janoska Band gondoskodik.\" class=\"yoast-seo-meta-tag\" \/>\n<meta property=\"og:url\" content=\"https:\/\/dorogimedence.hu\/index.php\/2025\/01\/10\/ii-bollerfesztival-az-esztergomi-piacon\/\" class=\"yoast-seo-meta-tag\" \/>\n<meta property=\"og:site_name\" content=\"Dorogi-medence Region\u00e1lis H\u00edrport\u00e1l\" class=\"yoast-seo-meta-tag\" \/>\n<meta property=\"article:publisher\" content=\"https:\/\/www.facebook.com\/dorogimedence\/\" class=\"yoast-seo-meta-tag\" \/>\n<meta property=\"article:published_time\" content=\"2025-01-10T10:43:10+00:00\" class=\"yoast-seo-meta-tag\" \/>\n<meta property=\"article:modified_time\" content=\"2025-01-11T09:11:05+00:00\" class=\"yoast-seo-meta-tag\" \/>\n<meta property=\"og:image\" content=\"https:\/\/dorogimedence.hu\/wp-content\/uploads\/2025\/01\/boller-02.jpg\" class=\"yoast-seo-meta-tag\" \/>\n\t<meta property=\"og:image:width\" content=\"1920\" class=\"yoast-seo-meta-tag\" \/>\n\t<meta property=\"og:image:height\" content=\"970\" class=\"yoast-seo-meta-tag\" \/>\n\t<meta property=\"og:image:type\" content=\"image\/jpeg\" class=\"yoast-seo-meta-tag\" \/>\n<meta name=\"author\" content=\"dorogimedence.hu\" class=\"yoast-seo-meta-tag\" \/>\n<meta name=\"twitter:card\" content=\"summary_large_image\" class=\"yoast-seo-meta-tag\" \/>\n<meta name=\"twitter:label1\" content=\"Szerz\u0151:\" class=\"yoast-seo-meta-tag\" \/>\n\t<meta name=\"twitter:data1\" content=\"dorogimedence.hu\" class=\"yoast-seo-meta-tag\" \/>\n\t<meta name=\"twitter:label2\" content=\"Becs\u00fclt olvas\u00e1si id\u0151\" class=\"yoast-seo-meta-tag\" \/>\n\t<meta name=\"twitter:data2\" content=\"1 perc\" class=\"yoast-seo-meta-tag\" \/>\n<script type=\"application\/ld+json\" class=\"yoast-schema-graph\">{\"@context\":\"https:\\\/\\\/schema.org\",\"@graph\":[{\"@type\":\"Article\",\"@id\":\"https:\\\/\\\/dorogimedence.hu\\\/index.php\\\/2025\\\/01\\\/10\\\/ii-bollerfesztival-az-esztergomi-piacon\\\/#article\",\"isPartOf\":{\"@id\":\"https:\\\/\\\/dorogimedence.hu\\\/index.php\\\/2025\\\/01\\\/10\\\/ii-bollerfesztival-az-esztergomi-piacon\\\/\"},\"author\":{\"name\":\"dorogimedence.hu\",\"@id\":\"https:\\\/\\\/dorogimedence.hu\\\/#\\\/schema\\\/person\\\/ce6091eeb7e95ecdc87890d6aa8e0fd4\"},\"headline\":\"II. B\u00f6ll\u00e9rfesztiv\u00e1l az Esztergomi Piacon\",\"datePublished\":\"2025-01-10T10:43:10+00:00\",\"dateModified\":\"2025-01-11T09:11:05+00:00\",\"mainEntityOfPage\":{\"@id\":\"https:\\\/\\\/dorogimedence.hu\\\/index.php\\\/2025\\\/01\\\/10\\\/ii-bollerfesztival-az-esztergomi-piacon\\\/\"},\"wordCount\":227,\"publisher\":{\"@id\":\"https:\\\/\\\/dorogimedence.hu\\\/#organization\"},\"image\":{\"@id\":\"https:\\\/\\\/dorogimedence.hu\\\/index.php\\\/2025\\\/01\\\/10\\\/ii-bollerfesztival-az-esztergomi-piacon\\\/#primaryimage\"},\"thumbnailUrl\":\"https:\\\/\\\/dorogimedence.hu\\\/wp-content\\\/uploads\\\/2025\\\/01\\\/boller-02.jpg\",\"keywords\":[\"B\u00f6ll\u00e9rfesztiv\u00e1l\",\"esztergom\",\"esztergomi piac\",\"featured\",\"program\"],\"articleSection\":[\"Esztergom\",\"H\u00edrek\",\"Programok\"],\"inLanguage\":\"hu\"},{\"@type\":\"WebPage\",\"@id\":\"https:\\\/\\\/dorogimedence.hu\\\/index.php\\\/2025\\\/01\\\/10\\\/ii-bollerfesztival-az-esztergomi-piacon\\\/\",\"url\":\"https:\\\/\\\/dorogimedence.hu\\\/index.php\\\/2025\\\/01\\\/10\\\/ii-bollerfesztival-az-esztergomi-piacon\\\/\",\"name\":\"II. B\u00f6ll\u00e9rfesztiv\u00e1l az Esztergomi Piacon\",\"isPartOf\":{\"@id\":\"https:\\\/\\\/dorogimedence.hu\\\/#website\"},\"primaryImageOfPage\":{\"@id\":\"https:\\\/\\\/dorogimedence.hu\\\/index.php\\\/2025\\\/01\\\/10\\\/ii-bollerfesztival-az-esztergomi-piacon\\\/#primaryimage\"},\"image\":{\"@id\":\"https:\\\/\\\/dorogimedence.hu\\\/index.php\\\/2025\\\/01\\\/10\\\/ii-bollerfesztival-az-esztergomi-piacon\\\/#primaryimage\"},\"thumbnailUrl\":\"https:\\\/\\\/dorogimedence.hu\\\/wp-content\\\/uploads\\\/2025\\\/01\\\/boller-02.jpg\",\"datePublished\":\"2025-01-10T10:43:10+00:00\",\"dateModified\":\"2025-01-11T09:11:05+00:00\",\"breadcrumb\":{\"@id\":\"https:\\\/\\\/dorogimedence.hu\\\/index.php\\\/2025\\\/01\\\/10\\\/ii-bollerfesztival-az-esztergomi-piacon\\\/#breadcrumb\"},\"inLanguage\":\"hu\",\"potentialAction\":[{\"@type\":\"ReadAction\",\"target\":[\"https:\\\/\\\/dorogimedence.hu\\\/index.php\\\/2025\\\/01\\\/10\\\/ii-bollerfesztival-az-esztergomi-piacon\\\/\"]}]},{\"@type\":\"ImageObject\",\"inLanguage\":\"hu\",\"@id\":\"https:\\\/\\\/dorogimedence.hu\\\/index.php\\\/2025\\\/01\\\/10\\\/ii-bollerfesztival-az-esztergomi-piacon\\\/#primaryimage\",\"url\":\"https:\\\/\\\/dorogimedence.hu\\\/wp-content\\\/uploads\\\/2025\\\/01\\\/boller-02.jpg\",\"contentUrl\":\"https:\\\/\\\/dorogimedence.hu\\\/wp-content\\\/uploads\\\/2025\\\/01\\\/boller-02.jpg\",\"width\":1920,\"height\":970},{\"@type\":\"BreadcrumbList\",\"@id\":\"https:\\\/\\\/dorogimedence.hu\\\/index.php\\\/2025\\\/01\\\/10\\\/ii-bollerfesztival-az-esztergomi-piacon\\\/#breadcrumb\",\"itemListElement\":[{\"@type\":\"ListItem\",\"position\":1,\"name\":\"Kezd\u0151lap\",\"item\":\"https:\\\/\\\/dorogimedence.hu\\\/\"},{\"@type\":\"ListItem\",\"position\":2,\"name\":\"II. B\u00f6ll\u00e9rfesztiv\u00e1l az Esztergomi Piacon\"}]},{\"@type\":\"WebSite\",\"@id\":\"https:\\\/\\\/dorogimedence.hu\\\/#website\",\"url\":\"https:\\\/\\\/dorogimedence.hu\\\/\",\"name\":\"Dorogi-medence Region\u00e1lis H\u00edrport\u00e1l\",\"description\":\"Dorog, Keszt\u00f6lc, Le\u00e1nyv\u00e1r, Piliscs\u00e9v, Tokod, Tokodalt\u00e1r\u00f3, Csolnok, Esztergom-kertv\u00e1ros: h\u00edrek, programok\",\"publisher\":{\"@id\":\"https:\\\/\\\/dorogimedence.hu\\\/#organization\"},\"potentialAction\":[{\"@type\":\"SearchAction\",\"target\":{\"@type\":\"EntryPoint\",\"urlTemplate\":\"https:\\\/\\\/dorogimedence.hu\\\/?s={search_term_string}\"},\"query-input\":{\"@type\":\"PropertyValueSpecification\",\"valueRequired\":true,\"valueName\":\"search_term_string\"}}],\"inLanguage\":\"hu\"},{\"@type\":\"Organization\",\"@id\":\"https:\\\/\\\/dorogimedence.hu\\\/#organization\",\"name\":\"Dorogi-medence Region\u00e1lis H\u00edrport\u00e1l\",\"url\":\"https:\\\/\\\/dorogimedence.hu\\\/\",\"logo\":{\"@type\":\"ImageObject\",\"inLanguage\":\"hu\",\"@id\":\"https:\\\/\\\/dorogimedence.hu\\\/#\\\/schema\\\/logo\\\/image\\\/\",\"url\":\"https:\\\/\\\/dorogimedence.hu\\\/wp-content\\\/uploads\\\/2021\\\/04\\\/logo-feher-600.png\",\"contentUrl\":\"https:\\\/\\\/dorogimedence.hu\\\/wp-content\\\/uploads\\\/2021\\\/04\\\/logo-feher-600.png\",\"width\":600,\"height\":100,\"caption\":\"Dorogi-medence Region\u00e1lis H\u00edrport\u00e1l\"},\"image\":{\"@id\":\"https:\\\/\\\/dorogimedence.hu\\\/#\\\/schema\\\/logo\\\/image\\\/\"},\"sameAs\":[\"https:\\\/\\\/www.facebook.com\\\/dorogimedence\\\/\"]},{\"@type\":\"Person\",\"@id\":\"https:\\\/\\\/dorogimedence.hu\\\/#\\\/schema\\\/person\\\/ce6091eeb7e95ecdc87890d6aa8e0fd4\",\"name\":\"dorogimedence.hu\",\"image\":{\"@type\":\"ImageObject\",\"inLanguage\":\"hu\",\"@id\":\"\\\/\\\/www.gravatar.com\\\/avatar\\\/d8d45f8901aadff40a4af72c0b826f1d?s=96&#038;r=g&#038;d=mm\",\"url\":\"\\\/\\\/www.gravatar.com\\\/avatar\\\/d8d45f8901aadff40a4af72c0b826f1d?s=96&#038;r=g&#038;d=mm\",\"contentUrl\":\"\\\/\\\/www.gravatar.com\\\/avatar\\\/d8d45f8901aadff40a4af72c0b826f1d?s=96&#038;r=g&#038;d=mm\",\"caption\":\"dorogimedence.hu\"}}]}<\/script>\n<!-- \/ Yoast SEO plugin. -->","yoast_head_json":{"title":"II. B\u00f6ll\u00e9rfesztiv\u00e1l az Esztergomi Piacon","robots":{"index":"index","follow":"follow","max-snippet":"max-snippet:-1","max-image-preview":"max-image-preview:large","max-video-preview":"max-video-preview:-1"},"canonical":"https:\/\/dorogimedence.hu\/index.php\/2025\/01\/10\/ii-bollerfesztival-az-esztergomi-piacon\/","og_locale":"hu_HU","og_type":"article","og_title":"II. B\u00f6ll\u00e9rfesztiv\u00e1l az Esztergomi Piacon","og_description":"Janu\u00e1r 18-\u00e1n, szombaton 8 \u00e9s 15 \u00f3ra k\u00f6z\u00f6tt m\u00e1sodik alkalommal rendezik meg a B\u00f6ll\u00e9rfesztiv\u00e1lt az Esztergomi Piacon, ahol a hagyom\u00e1nyok \u00e9s a kulin\u00e1ris \u00e9lvezetek tal\u00e1lkoznak. A falusi diszn\u00f3v\u00e1g\u00e1sok hangulat\u00e1t id\u00e9z\u0151 fesztiv\u00e1lon megk\u00f3stolhatjuk a k\u00fcl\u00f6nb\u00f6z\u0151 vend\u00e9gl\u00e1t\u00f3helyek \u00e1ltal szakszer\u0171en elk\u00e9sz\u00edtett, \u00ednycsikland\u00f3 \u00e9teleket, a pik\u00e1ns kolb\u00e1szt\u00f3l a zamatos s\u00fcltig, mik\u00f6zben a hangulatos magyar zen\u00e9r\u0151l a Janoska Band gondoskodik.","og_url":"https:\/\/dorogimedence.hu\/index.php\/2025\/01\/10\/ii-bollerfesztival-az-esztergomi-piacon\/","og_site_name":"Dorogi-medence Region\u00e1lis H\u00edrport\u00e1l","article_publisher":"https:\/\/www.facebook.com\/dorogimedence\/","article_published_time":"2025-01-10T10:43:10+00:00","article_modified_time":"2025-01-11T09:11:05+00:00","og_image":[{"width":1920,"height":970,"url":"https:\/\/dorogimedence.hu\/wp-content\/uploads\/2025\/01\/boller-02.jpg","type":"image\/jpeg"}],"author":"dorogimedence.hu","twitter_card":"summary_large_image","twitter_misc":{"Szerz\u0151:":"dorogimedence.hu","Becs\u00fclt olvas\u00e1si id\u0151":"1 perc"},"schema":{"@context":"https:\/\/schema.org","@graph":[{"@type":"Article","@id":"https:\/\/dorogimedence.hu\/index.php\/2025\/01\/10\/ii-bollerfesztival-az-esztergomi-piacon\/#article","isPartOf":{"@id":"https:\/\/dorogimedence.hu\/index.php\/2025\/01\/10\/ii-bollerfesztival-az-esztergomi-piacon\/"},"author":{"name":"dorogimedence.hu","@id":"https:\/\/dorogimedence.hu\/#\/schema\/person\/ce6091eeb7e95ecdc87890d6aa8e0fd4"},"headline":"II. B\u00f6ll\u00e9rfesztiv\u00e1l az Esztergomi Piacon","datePublished":"2025-01-10T10:43:10+00:00","dateModified":"2025-01-11T09:11:05+00:00","mainEntityOfPage":{"@id":"https:\/\/dorogimedence.hu\/index.php\/2025\/01\/10\/ii-bollerfesztival-az-esztergomi-piacon\/"},"wordCount":227,"publisher":{"@id":"https:\/\/dorogimedence.hu\/#organization"},"image":{"@id":"https:\/\/dorogimedence.hu\/index.php\/2025\/01\/10\/ii-bollerfesztival-az-esztergomi-piacon\/#primaryimage"},"thumbnailUrl":"https:\/\/dorogimedence.hu\/wp-content\/uploads\/2025\/01\/boller-02.jpg","keywords":["B\u00f6ll\u00e9rfesztiv\u00e1l","esztergom","esztergomi piac","featured","program"],"articleSection":["Esztergom","H\u00edrek","Programok"],"inLanguage":"hu"},{"@type":"WebPage","@id":"https:\/\/dorogimedence.hu\/index.php\/2025\/01\/10\/ii-bollerfesztival-az-esztergomi-piacon\/","url":"https:\/\/dorogimedence.hu\/index.php\/2025\/01\/10\/ii-bollerfesztival-az-esztergomi-piacon\/","name":"II. B\u00f6ll\u00e9rfesztiv\u00e1l az Esztergomi Piacon","isPartOf":{"@id":"https:\/\/dorogimedence.hu\/#website"},"primaryImageOfPage":{"@id":"https:\/\/dorogimedence.hu\/index.php\/2025\/01\/10\/ii-bollerfesztival-az-esztergomi-piacon\/#primaryimage"},"image":{"@id":"https:\/\/dorogimedence.hu\/index.php\/2025\/01\/10\/ii-bollerfesztival-az-esztergomi-piacon\/#primaryimage"},"thumbnailUrl":"https:\/\/dorogimedence.hu\/wp-content\/uploads\/2025\/01\/boller-02.jpg","datePublished":"2025-01-10T10:43:10+00:00","dateModified":"2025-01-11T09:11:05+00:00","breadcrumb":{"@id":"https:\/\/dorogimedence.hu\/index.php\/2025\/01\/10\/ii-bollerfesztival-az-esztergomi-piacon\/#breadcrumb"},"inLanguage":"hu","potentialAction":[{"@type":"ReadAction","target":["https:\/\/dorogimedence.hu\/index.php\/2025\/01\/10\/ii-bollerfesztival-az-esztergomi-piacon\/"]}]},{"@type":"ImageObject","inLanguage":"hu","@id":"https:\/\/dorogimedence.hu\/index.php\/2025\/01\/10\/ii-bollerfesztival-az-esztergomi-piacon\/#primaryimage","url":"https:\/\/dorogimedence.hu\/wp-content\/uploads\/2025\/01\/boller-02.jpg","contentUrl":"https:\/\/dorogimedence.hu\/wp-content\/uploads\/2025\/01\/boller-02.jpg","width":1920,"height":970},{"@type":"BreadcrumbList","@id":"https:\/\/dorogimedence.hu\/index.php\/2025\/01\/10\/ii-bollerfesztival-az-esztergomi-piacon\/#breadcrumb","itemListElement":[{"@type":"ListItem","position":1,"name":"Kezd\u0151lap","item":"https:\/\/dorogimedence.hu\/"},{"@type":"ListItem","position":2,"name":"II. B\u00f6ll\u00e9rfesztiv\u00e1l az Esztergomi Piacon"}]},{"@type":"WebSite","@id":"https:\/\/dorogimedence.hu\/#website","url":"https:\/\/dorogimedence.hu\/","name":"Dorogi-medence Region\u00e1lis H\u00edrport\u00e1l","description":"Dorog, Keszt\u00f6lc, Le\u00e1nyv\u00e1r, Piliscs\u00e9v, Tokod, Tokodalt\u00e1r\u00f3, Csolnok, Esztergom-kertv\u00e1ros: h\u00edrek, programok","publisher":{"@id":"https:\/\/dorogimedence.hu\/#organization"},"potentialAction":[{"@type":"SearchAction","target":{"@type":"EntryPoint","urlTemplate":"https:\/\/dorogimedence.hu\/?s={search_term_string}"},"query-input":{"@type":"PropertyValueSpecification","valueRequired":true,"valueName":"search_term_string"}}],"inLanguage":"hu"},{"@type":"Organization","@id":"https:\/\/dorogimedence.hu\/#organization","name":"Dorogi-medence Region\u00e1lis H\u00edrport\u00e1l","url":"https:\/\/dorogimedence.hu\/","logo":{"@type":"ImageObject","inLanguage":"hu","@id":"https:\/\/dorogimedence.hu\/#\/schema\/logo\/image\/","url":"https:\/\/dorogimedence.hu\/wp-content\/uploads\/2021\/04\/logo-feher-600.png","contentUrl":"https:\/\/dorogimedence.hu\/wp-content\/uploads\/2021\/04\/logo-feher-600.png","width":600,"height":100,"caption":"Dorogi-medence Region\u00e1lis H\u00edrport\u00e1l"},"image":{"@id":"https:\/\/dorogimedence.hu\/#\/schema\/logo\/image\/"},"sameAs":["https:\/\/www.facebook.com\/dorogimedence\/"]},{"@type":"Person","@id":"https:\/\/dorogimedence.hu\/#\/schema\/person\/ce6091eeb7e95ecdc87890d6aa8e0fd4","name":"dorogimedence.hu","image":{"@type":"ImageObject","inLanguage":"hu","@id":"\/\/www.gravatar.com\/avatar\/d8d45f8901aadff40a4af72c0b826f1d?s=96&#038;r=g&#038;d=mm","url":"\/\/www.gravatar.com\/avatar\/d8d45f8901aadff40a4af72c0b826f1d?s=96&#038;r=g&#038;d=mm","contentUrl":"\/\/www.gravatar.com\/avatar\/d8d45f8901aadff40a4af72c0b826f1d?s=96&#038;r=g&#038;d=mm","caption":"dorogimedence.hu"}}]}},"_links":{"self":[{"href":"https:\/\/dorogimedence.hu\/index.php\/wp-json\/wp\/v2\/posts\/67988","targetHints":{"allow":["GET"]}}],"collection":[{"href":"https:\/\/dorogimedence.hu\/index.php\/wp-json\/wp\/v2\/posts"}],"about":[{"href":"https:\/\/dorogimedence.hu\/index.php\/wp-json\/wp\/v2\/types\/post"}],"author":[{"embeddable":true,"href":"https:\/\/dorogimedence.hu\/index.php\/wp-json\/wp\/v2\/users\/1"}],"replies":[{"embeddable":true,"href":"https:\/\/dorogimedence.hu\/index.php\/wp-json\/wp\/v2\/comments?post=67988"}],"version-history":[{"count":0,"href":"https:\/\/dorogimedence.hu\/index.php\/wp-json\/wp\/v2\/posts\/67988\/revisions"}],"wp:featuredmedia":[{"embeddable":true,"href":"https:\/\/dorogimedence.hu\/index.php\/wp-json\/wp\/v2\/media\/67989"}],"wp:attachment":[{"href":"https:\/\/dorogimedence.hu\/index.php\/wp-json\/wp\/v2\/media?parent=67988"}],"wp:term":[{"taxonomy":"category","embeddable":true,"href":"https:\/\/dorogimedence.hu\/index.php\/wp-json\/wp\/v2\/categories?post=67988"},{"taxonomy":"post_tag","embeddable":true,"href":"https:\/\/dorogimedence.hu\/index.php\/wp-json\/wp\/v2\/tags?post=67988"}],"curies":[{"name":"wp","href":"https:\/\/api.w.org\/{rel}","templated":true}]}}