{"id":67964,"date":"2025-01-09T11:32:31","date_gmt":"2025-01-09T10:32:31","guid":{"rendered":"https:\/\/dorogimedence.hu\/?p=67964"},"modified":"2025-01-09T11:32:31","modified_gmt":"2025-01-09T10:32:31","slug":"biciklis-kalandorok-erkezhetnek-tokodra-a-horizont-kerekparos-turautvonalon-keresztul","status":"publish","type":"post","link":"https:\/\/dorogimedence.hu\/index.php\/2025\/01\/09\/biciklis-kalandorok-erkezhetnek-tokodra-a-horizont-kerekparos-turautvonalon-keresztul\/","title":{"rendered":"Biciklis kalandorok \u00e9rkezhetnek Tokodra a Horizont ker\u00e9kp\u00e1ros t\u00fara\u00fatvonalon kereszt\u00fcl"},"content":{"rendered":"<p align=\"justify\"><b>Narancss\u00e1rga szimb\u00f3lumok lept\u00e9k el a villanyoszlopokat, de vajon mit is jelentenek? M\u00e1r r\u00e9szben bej\u00e1rhat\u00f3 a \u201ebring\u00e1s k\u00e9kt\u00far\u00e1nak is nevezett\u201d Horizont ker\u00e9kp\u00e1ros t\u00fara\u00fatvonal, melynek <span style=\"text-decoration: underline; color: #0000ff;\"><a style=\"color: #0000ff; text-decoration: underline;\" href=\"https:\/\/www.openstreetmap.org\/relation\/18435163\" target=\"_blank\" rel=\"noopener\">egyik szakasza<\/a><\/span> Tokodot is \u00e9rinti. Az etapok teljes\u00edt\u00e9s\u00e9vel virtu\u00e1lisan pecs\u00e9teket is lehet gy\u0171jteni!<\/b><\/p>\n<p align=\"justify\">Szent Jakab-\u00fatk\u00e9nt, vagy Camino de Santiago\/El Camino n\u00e9ven ismert zar\u00e1ndok\u00fat jelk\u00e9p\u00e9re hasonl\u00edt legink\u00e1bb a Horizont ker\u00e9kp\u00e1ros t\u00fara\u00fatvonal log\u00f3ja, melyet az Akt\u00edv Magyarorsz\u00e1g Program t\u00e1mogat\u00e1s\u00e1val \u00e9p\u00edt ki a Magyar Ker\u00e9kp\u00e1ros Turisztikai Sz\u00f6vets\u00e9g (MAKETUSZ). A kikapcsol\u00f3d\u00e1s \u00e9s az \u00e9lm\u00e9ny ugyan\u00fagy garant\u00e1lt, mint a nemzetk\u00f6zi \u00fatvonalon, csak itt nem gyalogosan, hanem ker\u00e9kp\u00e1rral haladhatunk v\u00e9gig az \u00fatvonalon.<\/p>\n<p align=\"justify\">A tervek szerint a j\u00f6v\u0151ben 1500 kilom\u00e9teren kereszt\u00fcl barangolhatunk k\u00e9t ker\u00e9ken az orsz\u00e1gban, k\u00f6zben pedig gy\u00f6ny\u00f6rk\u00f6dhet\u00fcnk haz\u00e1nk term\u00e9szeti kincseiben is. A projekt m\u00e9g csak a tesztel\u00e9si f\u00e1zisban tart, az els\u0151, Nagyoroszi \u00e9s Bakonyb\u00e9l k\u00f6z\u00f6tti nyomvonal ment\u00e9n m\u00e1r 2024 \u0151sz\u00e9n felfestett\u00e9k a jeleket. B\u00e9ta verzi\u00f3k\u00e9nt pedig m\u00e1r el\u00e9rhet\u0151 a Horizont mobilapplik\u00e1ci\u00f3, melyben pecs\u00e9teket gy\u0171jtve teljes\u00edthetj\u00fck majd a szakaszokat. Azaz ki lehet pr\u00f3b\u00e1lni, hogy milyen lesz a 2026-ra teljess\u00e9 v\u00e1l\u00f3 Horizont.<\/p>\n<p align=\"justify\"><img fetchpriority=\"high\" decoding=\"async\" class=\"alignnone size-full wp-image-67966\" src=\"https:\/\/dorogimedence.hu\/wp-content\/uploads\/2025\/01\/IMG_8372-1024x682-1.jpg\" alt=\"\" width=\"1024\" height=\"682\" srcset=\"https:\/\/dorogimedence.hu\/wp-content\/uploads\/2025\/01\/IMG_8372-1024x682-1.jpg 1024w, https:\/\/dorogimedence.hu\/wp-content\/uploads\/2025\/01\/IMG_8372-1024x682-1-600x400.jpg 600w, https:\/\/dorogimedence.hu\/wp-content\/uploads\/2025\/01\/IMG_8372-1024x682-1-768x512.jpg 768w, https:\/\/dorogimedence.hu\/wp-content\/uploads\/2025\/01\/IMG_8372-1024x682-1-150x100.jpg 150w, https:\/\/dorogimedence.hu\/wp-content\/uploads\/2025\/01\/IMG_8372-1024x682-1-450x300.jpg 450w, https:\/\/dorogimedence.hu\/wp-content\/uploads\/2025\/01\/IMG_8372-1024x682-1-272x182.jpg 272w\" sizes=\"(max-width: 1024px) 100vw, 1024px\" \/><\/p>\n<p align=\"justify\">\u00c9rdekess\u00e9g, hogy ez az els\u0151 szakasz \u00e9rinti Tokodot is. Az \u00fatvonal a S\u00e1nc d\u0171l\u0151n kereszt\u00fcl a Bajnai \u00fat fel\u0151l \u00e9ri el nagyk\u00f6zs\u00e9g\u00fcnk ter\u00fclet\u00e9t, a t\u00far\u00e1z\u00f3knak onnan majd a P\u00e9k\u00e1rka d\u0171l\u0151 fel\u00e9 kell tov\u00e1bbhaladniuk, majd az \u00danyi-patakon \u00e1tkelve a H\u00e1rsfa utc\u00e1n kereszt\u00fcl \u00e9rhetik el a lakott \u00f6vezetet. A H\u00e1rsfa utc\u00e1b\u00f3l a T\u00e1ti \u00fatra kell r\u00e1kanyarodniuk, az ipari parkot \u00e1tszel\u0151 T\u00e1ncsics Mih\u00e1ly \u00faton vezet tov\u00e1bb a nyomvonal T\u00e1tig, majd onnan Tokod-\u00dcveggy\u00e1r ter\u00fclet\u00e9n kanyarog \u00e9s v\u00e9g\u00fcl a biciklisek Tokodalt\u00e1r\u00f3 fel\u00e9 t\u00e1vozhatnak. Az \u00fatvonalon v\u00e9gig megtal\u00e1lhat\u00f3 a narancss\u00e1rga szimb\u00f3lum.<\/p>\n<p align=\"justify\">A MAKETUSZ t\u00e1j\u00e9koztat\u00e1sa szerint az els\u0151 szakaszt hivatalosan id\u00e9n m\u00e1rciusban fogj\u00e1k \u00e1tadni. A szakaszok teljes\u00edt\u00e9j\u00e9t virtu\u00e1lis pecs\u00e9tekkel lehet majd igazolni, az igazol\u00f3f\u00fczet l\u00e9nyeg\u00e9ben a Horizont nev\u0171 applik\u00e1ci\u00f3b\u00f3l \u00e9rhet\u0151 el. A telefonos alkalmaz\u00e1s egy\u00e9bk\u00e9nt sz\u00e1mos hasznos inform\u00e1ci\u00f3t, p\u00e9ld\u00e1ul v\u00edzv\u00e9teli helyeket is jel\u00f6l a t\u00e9rk\u00e9pen.<\/p>\n<p align=\"justify\"><img decoding=\"async\" class=\"alignnone size-full wp-image-67965\" src=\"https:\/\/dorogimedence.hu\/wp-content\/uploads\/2025\/01\/horizontutvonal-1024x675-1.jpg\" alt=\"\" width=\"1024\" height=\"675\" srcset=\"https:\/\/dorogimedence.hu\/wp-content\/uploads\/2025\/01\/horizontutvonal-1024x675-1.jpg 1024w, https:\/\/dorogimedence.hu\/wp-content\/uploads\/2025\/01\/horizontutvonal-1024x675-1-600x396.jpg 600w, https:\/\/dorogimedence.hu\/wp-content\/uploads\/2025\/01\/horizontutvonal-1024x675-1-768x506.jpg 768w, https:\/\/dorogimedence.hu\/wp-content\/uploads\/2025\/01\/horizontutvonal-1024x675-1-150x99.jpg 150w, https:\/\/dorogimedence.hu\/wp-content\/uploads\/2025\/01\/horizontutvonal-1024x675-1-450x297.jpg 450w\" sizes=\"(max-width: 1024px) 100vw, 1024px\" \/><\/p>\n<p align=\"justify\"><em>Forr\u00e1s: maketusz.hu<\/em><\/p>\n","protected":false},"excerpt":{"rendered":"<p>Narancss\u00e1rga szimb\u00f3lumok lept\u00e9k el a villanyoszlopokat, de vajon mit is jelentenek? M\u00e1r r\u00e9szben bej\u00e1rhat\u00f3 a \u201ebring\u00e1s k\u00e9kt\u00far\u00e1nak is nevezett\u201d Horizont ker\u00e9kp\u00e1ros t\u00fara\u00fatvonal, melynek egyik szakasza Tokodot is \u00e9rinti. Az etapok teljes\u00edt\u00e9s\u00e9vel virtu\u00e1lisan pecs\u00e9teket is lehet gy\u0171jteni! Szent Jakab-\u00fatk\u00e9nt, vagy Camino de Santiago\/El Camino n\u00e9ven ismert zar\u00e1ndok\u00fat jelk\u00e9p\u00e9re hasonl\u00edt legink\u00e1bb a Horizont ker\u00e9kp\u00e1ros t\u00fara\u00fatvonal log\u00f3ja, melyet<\/p>\n","protected":false},"author":1,"featured_media":0,"comment_status":"closed","ping_status":"closed","sticky":false,"template":"","format":"standard","meta":{"ngg_post_thumbnail":0,"footnotes":""},"categories":[3,5,6948,6],"tags":[134,8187,16,12],"class_list":{"0":"post-67964","1":"post","2":"type-post","3":"status-publish","4":"format-standard","6":"category-hirek","7":"category-sport","8":"category-szines","9":"category-tokod","10":"tag-kerekpar","11":"tag-maketusz","12":"tag-sport","13":"tag-tokod"},"yoast_head":"<!-- This site is optimized with the Yoast SEO plugin v27.5 - https:\/\/yoast.com\/product\/yoast-seo-wordpress\/ -->\n<title>Biciklis kalandorok \u00e9rkezhetnek Tokodra a Horizont ker\u00e9kp\u00e1ros t\u00fara\u00fatvonalon kereszt\u00fcl<\/title>\n<meta name=\"robots\" content=\"index, follow, max-snippet:-1, max-image-preview:large, max-video-preview:-1\" \/>\n<link rel=\"canonical\" href=\"https:\/\/dorogimedence.hu\/index.php\/2025\/01\/09\/biciklis-kalandorok-erkezhetnek-tokodra-a-horizont-kerekparos-turautvonalon-keresztul\/\" class=\"yoast-seo-meta-tag\" \/>\n<meta property=\"og:locale\" content=\"hu_HU\" class=\"yoast-seo-meta-tag\" \/>\n<meta property=\"og:type\" content=\"article\" class=\"yoast-seo-meta-tag\" \/>\n<meta property=\"og:title\" content=\"Biciklis kalandorok \u00e9rkezhetnek Tokodra a Horizont ker\u00e9kp\u00e1ros t\u00fara\u00fatvonalon kereszt\u00fcl\" class=\"yoast-seo-meta-tag\" \/>\n<meta property=\"og:description\" content=\"Narancss\u00e1rga szimb\u00f3lumok lept\u00e9k el a villanyoszlopokat, de vajon mit is jelentenek? M\u00e1r r\u00e9szben bej\u00e1rhat\u00f3 a \u201ebring\u00e1s k\u00e9kt\u00far\u00e1nak is nevezett\u201d Horizont ker\u00e9kp\u00e1ros t\u00fara\u00fatvonal, melynek egyik szakasza Tokodot is \u00e9rinti. Az etapok teljes\u00edt\u00e9s\u00e9vel virtu\u00e1lisan pecs\u00e9teket is lehet gy\u0171jteni! Szent Jakab-\u00fatk\u00e9nt, vagy Camino de Santiago\/El Camino n\u00e9ven ismert zar\u00e1ndok\u00fat jelk\u00e9p\u00e9re hasonl\u00edt legink\u00e1bb a Horizont ker\u00e9kp\u00e1ros t\u00fara\u00fatvonal log\u00f3ja, melyet\" class=\"yoast-seo-meta-tag\" \/>\n<meta property=\"og:url\" content=\"https:\/\/dorogimedence.hu\/index.php\/2025\/01\/09\/biciklis-kalandorok-erkezhetnek-tokodra-a-horizont-kerekparos-turautvonalon-keresztul\/\" class=\"yoast-seo-meta-tag\" \/>\n<meta property=\"og:site_name\" content=\"Dorogi-medence Region\u00e1lis H\u00edrport\u00e1l\" class=\"yoast-seo-meta-tag\" \/>\n<meta property=\"article:publisher\" content=\"https:\/\/www.facebook.com\/dorogimedence\/\" class=\"yoast-seo-meta-tag\" \/>\n<meta property=\"article:published_time\" content=\"2025-01-09T10:32:31+00:00\" class=\"yoast-seo-meta-tag\" \/>\n<meta property=\"og:image\" content=\"https:\/\/dorogimedence.hu\/wp-content\/uploads\/2025\/01\/a-photo-of-a-group-of-bicycle-tourists-r_DP8q0t35TteehliHinzSjw_IVzcHfOQR0O3Gc_td6rgCQ-2048x1152-1-768x432.png\" class=\"yoast-seo-meta-tag\" \/>\n\t<meta property=\"og:image:width\" content=\"768\" class=\"yoast-seo-meta-tag\" \/>\n\t<meta property=\"og:image:height\" content=\"432\" class=\"yoast-seo-meta-tag\" \/>\n\t<meta property=\"og:image:type\" content=\"image\/png\" class=\"yoast-seo-meta-tag\" \/>\n<meta name=\"author\" content=\"dorogimedence.hu\" class=\"yoast-seo-meta-tag\" \/>\n<meta name=\"twitter:card\" content=\"summary_large_image\" class=\"yoast-seo-meta-tag\" \/>\n<meta name=\"twitter:label1\" content=\"Szerz\u0151:\" class=\"yoast-seo-meta-tag\" \/>\n\t<meta name=\"twitter:data1\" content=\"dorogimedence.hu\" class=\"yoast-seo-meta-tag\" \/>\n\t<meta name=\"twitter:label2\" content=\"Becs\u00fclt olvas\u00e1si id\u0151\" class=\"yoast-seo-meta-tag\" \/>\n\t<meta name=\"twitter:data2\" content=\"2 perc\" class=\"yoast-seo-meta-tag\" \/>\n<script type=\"application\/ld+json\" class=\"yoast-schema-graph\">{\"@context\":\"https:\\\/\\\/schema.org\",\"@graph\":[{\"@type\":\"Article\",\"@id\":\"https:\\\/\\\/dorogimedence.hu\\\/index.php\\\/2025\\\/01\\\/09\\\/biciklis-kalandorok-erkezhetnek-tokodra-a-horizont-kerekparos-turautvonalon-keresztul\\\/#article\",\"isPartOf\":{\"@id\":\"https:\\\/\\\/dorogimedence.hu\\\/index.php\\\/2025\\\/01\\\/09\\\/biciklis-kalandorok-erkezhetnek-tokodra-a-horizont-kerekparos-turautvonalon-keresztul\\\/\"},\"author\":{\"name\":\"dorogimedence.hu\",\"@id\":\"https:\\\/\\\/dorogimedence.hu\\\/#\\\/schema\\\/person\\\/ce6091eeb7e95ecdc87890d6aa8e0fd4\"},\"headline\":\"Biciklis kalandorok \u00e9rkezhetnek Tokodra a Horizont ker\u00e9kp\u00e1ros t\u00fara\u00fatvonalon kereszt\u00fcl\",\"datePublished\":\"2025-01-09T10:32:31+00:00\",\"mainEntityOfPage\":{\"@id\":\"https:\\\/\\\/dorogimedence.hu\\\/index.php\\\/2025\\\/01\\\/09\\\/biciklis-kalandorok-erkezhetnek-tokodra-a-horizont-kerekparos-turautvonalon-keresztul\\\/\"},\"wordCount\":466,\"publisher\":{\"@id\":\"https:\\\/\\\/dorogimedence.hu\\\/#organization\"},\"image\":{\"@id\":\"https:\\\/\\\/dorogimedence.hu\\\/index.php\\\/2025\\\/01\\\/09\\\/biciklis-kalandorok-erkezhetnek-tokodra-a-horizont-kerekparos-turautvonalon-keresztul\\\/#primaryimage\"},\"thumbnailUrl\":\"https:\\\/\\\/dorogimedence.hu\\\/wp-content\\\/uploads\\\/2025\\\/01\\\/IMG_8372-1024x682-1.jpg\",\"keywords\":[\"ker\u00e9kp\u00e1r\",\"maketusz\",\"sport\",\"Tokod\"],\"articleSection\":[\"H\u00edrek\",\"Sport\",\"Sz\u00ednes\",\"Tokod\"],\"inLanguage\":\"hu\"},{\"@type\":\"WebPage\",\"@id\":\"https:\\\/\\\/dorogimedence.hu\\\/index.php\\\/2025\\\/01\\\/09\\\/biciklis-kalandorok-erkezhetnek-tokodra-a-horizont-kerekparos-turautvonalon-keresztul\\\/\",\"url\":\"https:\\\/\\\/dorogimedence.hu\\\/index.php\\\/2025\\\/01\\\/09\\\/biciklis-kalandorok-erkezhetnek-tokodra-a-horizont-kerekparos-turautvonalon-keresztul\\\/\",\"name\":\"Biciklis kalandorok \u00e9rkezhetnek Tokodra a Horizont ker\u00e9kp\u00e1ros t\u00fara\u00fatvonalon kereszt\u00fcl\",\"isPartOf\":{\"@id\":\"https:\\\/\\\/dorogimedence.hu\\\/#website\"},\"primaryImageOfPage\":{\"@id\":\"https:\\\/\\\/dorogimedence.hu\\\/index.php\\\/2025\\\/01\\\/09\\\/biciklis-kalandorok-erkezhetnek-tokodra-a-horizont-kerekparos-turautvonalon-keresztul\\\/#primaryimage\"},\"image\":{\"@id\":\"https:\\\/\\\/dorogimedence.hu\\\/index.php\\\/2025\\\/01\\\/09\\\/biciklis-kalandorok-erkezhetnek-tokodra-a-horizont-kerekparos-turautvonalon-keresztul\\\/#primaryimage\"},\"thumbnailUrl\":\"https:\\\/\\\/dorogimedence.hu\\\/wp-content\\\/uploads\\\/2025\\\/01\\\/IMG_8372-1024x682-1.jpg\",\"datePublished\":\"2025-01-09T10:32:31+00:00\",\"breadcrumb\":{\"@id\":\"https:\\\/\\\/dorogimedence.hu\\\/index.php\\\/2025\\\/01\\\/09\\\/biciklis-kalandorok-erkezhetnek-tokodra-a-horizont-kerekparos-turautvonalon-keresztul\\\/#breadcrumb\"},\"inLanguage\":\"hu\",\"potentialAction\":[{\"@type\":\"ReadAction\",\"target\":[\"https:\\\/\\\/dorogimedence.hu\\\/index.php\\\/2025\\\/01\\\/09\\\/biciklis-kalandorok-erkezhetnek-tokodra-a-horizont-kerekparos-turautvonalon-keresztul\\\/\"]}]},{\"@type\":\"ImageObject\",\"inLanguage\":\"hu\",\"@id\":\"https:\\\/\\\/dorogimedence.hu\\\/index.php\\\/2025\\\/01\\\/09\\\/biciklis-kalandorok-erkezhetnek-tokodra-a-horizont-kerekparos-turautvonalon-keresztul\\\/#primaryimage\",\"url\":\"https:\\\/\\\/dorogimedence.hu\\\/wp-content\\\/uploads\\\/2025\\\/01\\\/IMG_8372-1024x682-1.jpg\",\"contentUrl\":\"https:\\\/\\\/dorogimedence.hu\\\/wp-content\\\/uploads\\\/2025\\\/01\\\/IMG_8372-1024x682-1.jpg\",\"width\":1024,\"height\":682},{\"@type\":\"BreadcrumbList\",\"@id\":\"https:\\\/\\\/dorogimedence.hu\\\/index.php\\\/2025\\\/01\\\/09\\\/biciklis-kalandorok-erkezhetnek-tokodra-a-horizont-kerekparos-turautvonalon-keresztul\\\/#breadcrumb\",\"itemListElement\":[{\"@type\":\"ListItem\",\"position\":1,\"name\":\"Kezd\u0151lap\",\"item\":\"https:\\\/\\\/dorogimedence.hu\\\/\"},{\"@type\":\"ListItem\",\"position\":2,\"name\":\"Biciklis kalandorok \u00e9rkezhetnek Tokodra a Horizont ker\u00e9kp\u00e1ros t\u00fara\u00fatvonalon kereszt\u00fcl\"}]},{\"@type\":\"WebSite\",\"@id\":\"https:\\\/\\\/dorogimedence.hu\\\/#website\",\"url\":\"https:\\\/\\\/dorogimedence.hu\\\/\",\"name\":\"Dorogi-medence Region\u00e1lis H\u00edrport\u00e1l\",\"description\":\"Dorog, Keszt\u00f6lc, Le\u00e1nyv\u00e1r, Piliscs\u00e9v, Tokod, Tokodalt\u00e1r\u00f3, Csolnok, Esztergom-kertv\u00e1ros: h\u00edrek, programok\",\"publisher\":{\"@id\":\"https:\\\/\\\/dorogimedence.hu\\\/#organization\"},\"potentialAction\":[{\"@type\":\"SearchAction\",\"target\":{\"@type\":\"EntryPoint\",\"urlTemplate\":\"https:\\\/\\\/dorogimedence.hu\\\/?s={search_term_string}\"},\"query-input\":{\"@type\":\"PropertyValueSpecification\",\"valueRequired\":true,\"valueName\":\"search_term_string\"}}],\"inLanguage\":\"hu\"},{\"@type\":\"Organization\",\"@id\":\"https:\\\/\\\/dorogimedence.hu\\\/#organization\",\"name\":\"Dorogi-medence Region\u00e1lis H\u00edrport\u00e1l\",\"url\":\"https:\\\/\\\/dorogimedence.hu\\\/\",\"logo\":{\"@type\":\"ImageObject\",\"inLanguage\":\"hu\",\"@id\":\"https:\\\/\\\/dorogimedence.hu\\\/#\\\/schema\\\/logo\\\/image\\\/\",\"url\":\"https:\\\/\\\/dorogimedence.hu\\\/wp-content\\\/uploads\\\/2021\\\/04\\\/logo-feher-600.png\",\"contentUrl\":\"https:\\\/\\\/dorogimedence.hu\\\/wp-content\\\/uploads\\\/2021\\\/04\\\/logo-feher-600.png\",\"width\":600,\"height\":100,\"caption\":\"Dorogi-medence Region\u00e1lis H\u00edrport\u00e1l\"},\"image\":{\"@id\":\"https:\\\/\\\/dorogimedence.hu\\\/#\\\/schema\\\/logo\\\/image\\\/\"},\"sameAs\":[\"https:\\\/\\\/www.facebook.com\\\/dorogimedence\\\/\"]},{\"@type\":\"Person\",\"@id\":\"https:\\\/\\\/dorogimedence.hu\\\/#\\\/schema\\\/person\\\/ce6091eeb7e95ecdc87890d6aa8e0fd4\",\"name\":\"dorogimedence.hu\",\"image\":{\"@type\":\"ImageObject\",\"inLanguage\":\"hu\",\"@id\":\"\\\/\\\/www.gravatar.com\\\/avatar\\\/d8d45f8901aadff40a4af72c0b826f1d?s=96&#038;r=g&#038;d=mm\",\"url\":\"\\\/\\\/www.gravatar.com\\\/avatar\\\/d8d45f8901aadff40a4af72c0b826f1d?s=96&#038;r=g&#038;d=mm\",\"contentUrl\":\"\\\/\\\/www.gravatar.com\\\/avatar\\\/d8d45f8901aadff40a4af72c0b826f1d?s=96&#038;r=g&#038;d=mm\",\"caption\":\"dorogimedence.hu\"}}]}<\/script>\n<!-- \/ Yoast SEO plugin. -->","yoast_head_json":{"title":"Biciklis kalandorok \u00e9rkezhetnek Tokodra a Horizont ker\u00e9kp\u00e1ros t\u00fara\u00fatvonalon kereszt\u00fcl","robots":{"index":"index","follow":"follow","max-snippet":"max-snippet:-1","max-image-preview":"max-image-preview:large","max-video-preview":"max-video-preview:-1"},"canonical":"https:\/\/dorogimedence.hu\/index.php\/2025\/01\/09\/biciklis-kalandorok-erkezhetnek-tokodra-a-horizont-kerekparos-turautvonalon-keresztul\/","og_locale":"hu_HU","og_type":"article","og_title":"Biciklis kalandorok \u00e9rkezhetnek Tokodra a Horizont ker\u00e9kp\u00e1ros t\u00fara\u00fatvonalon kereszt\u00fcl","og_description":"Narancss\u00e1rga szimb\u00f3lumok lept\u00e9k el a villanyoszlopokat, de vajon mit is jelentenek? M\u00e1r r\u00e9szben bej\u00e1rhat\u00f3 a \u201ebring\u00e1s k\u00e9kt\u00far\u00e1nak is nevezett\u201d Horizont ker\u00e9kp\u00e1ros t\u00fara\u00fatvonal, melynek egyik szakasza Tokodot is \u00e9rinti. Az etapok teljes\u00edt\u00e9s\u00e9vel virtu\u00e1lisan pecs\u00e9teket is lehet gy\u0171jteni! Szent Jakab-\u00fatk\u00e9nt, vagy Camino de Santiago\/El Camino n\u00e9ven ismert zar\u00e1ndok\u00fat jelk\u00e9p\u00e9re hasonl\u00edt legink\u00e1bb a Horizont ker\u00e9kp\u00e1ros t\u00fara\u00fatvonal log\u00f3ja, melyet","og_url":"https:\/\/dorogimedence.hu\/index.php\/2025\/01\/09\/biciklis-kalandorok-erkezhetnek-tokodra-a-horizont-kerekparos-turautvonalon-keresztul\/","og_site_name":"Dorogi-medence Region\u00e1lis H\u00edrport\u00e1l","article_publisher":"https:\/\/www.facebook.com\/dorogimedence\/","article_published_time":"2025-01-09T10:32:31+00:00","og_image":[{"width":768,"height":432,"url":"https:\/\/dorogimedence.hu\/wp-content\/uploads\/2025\/01\/a-photo-of-a-group-of-bicycle-tourists-r_DP8q0t35TteehliHinzSjw_IVzcHfOQR0O3Gc_td6rgCQ-2048x1152-1-768x432.png","type":"image\/png"}],"author":"dorogimedence.hu","twitter_card":"summary_large_image","twitter_misc":{"Szerz\u0151:":"dorogimedence.hu","Becs\u00fclt olvas\u00e1si id\u0151":"2 perc"},"schema":{"@context":"https:\/\/schema.org","@graph":[{"@type":"Article","@id":"https:\/\/dorogimedence.hu\/index.php\/2025\/01\/09\/biciklis-kalandorok-erkezhetnek-tokodra-a-horizont-kerekparos-turautvonalon-keresztul\/#article","isPartOf":{"@id":"https:\/\/dorogimedence.hu\/index.php\/2025\/01\/09\/biciklis-kalandorok-erkezhetnek-tokodra-a-horizont-kerekparos-turautvonalon-keresztul\/"},"author":{"name":"dorogimedence.hu","@id":"https:\/\/dorogimedence.hu\/#\/schema\/person\/ce6091eeb7e95ecdc87890d6aa8e0fd4"},"headline":"Biciklis kalandorok \u00e9rkezhetnek Tokodra a Horizont ker\u00e9kp\u00e1ros t\u00fara\u00fatvonalon kereszt\u00fcl","datePublished":"2025-01-09T10:32:31+00:00","mainEntityOfPage":{"@id":"https:\/\/dorogimedence.hu\/index.php\/2025\/01\/09\/biciklis-kalandorok-erkezhetnek-tokodra-a-horizont-kerekparos-turautvonalon-keresztul\/"},"wordCount":466,"publisher":{"@id":"https:\/\/dorogimedence.hu\/#organization"},"image":{"@id":"https:\/\/dorogimedence.hu\/index.php\/2025\/01\/09\/biciklis-kalandorok-erkezhetnek-tokodra-a-horizont-kerekparos-turautvonalon-keresztul\/#primaryimage"},"thumbnailUrl":"https:\/\/dorogimedence.hu\/wp-content\/uploads\/2025\/01\/IMG_8372-1024x682-1.jpg","keywords":["ker\u00e9kp\u00e1r","maketusz","sport","Tokod"],"articleSection":["H\u00edrek","Sport","Sz\u00ednes","Tokod"],"inLanguage":"hu"},{"@type":"WebPage","@id":"https:\/\/dorogimedence.hu\/index.php\/2025\/01\/09\/biciklis-kalandorok-erkezhetnek-tokodra-a-horizont-kerekparos-turautvonalon-keresztul\/","url":"https:\/\/dorogimedence.hu\/index.php\/2025\/01\/09\/biciklis-kalandorok-erkezhetnek-tokodra-a-horizont-kerekparos-turautvonalon-keresztul\/","name":"Biciklis kalandorok \u00e9rkezhetnek Tokodra a Horizont ker\u00e9kp\u00e1ros t\u00fara\u00fatvonalon kereszt\u00fcl","isPartOf":{"@id":"https:\/\/dorogimedence.hu\/#website"},"primaryImageOfPage":{"@id":"https:\/\/dorogimedence.hu\/index.php\/2025\/01\/09\/biciklis-kalandorok-erkezhetnek-tokodra-a-horizont-kerekparos-turautvonalon-keresztul\/#primaryimage"},"image":{"@id":"https:\/\/dorogimedence.hu\/index.php\/2025\/01\/09\/biciklis-kalandorok-erkezhetnek-tokodra-a-horizont-kerekparos-turautvonalon-keresztul\/#primaryimage"},"thumbnailUrl":"https:\/\/dorogimedence.hu\/wp-content\/uploads\/2025\/01\/IMG_8372-1024x682-1.jpg","datePublished":"2025-01-09T10:32:31+00:00","breadcrumb":{"@id":"https:\/\/dorogimedence.hu\/index.php\/2025\/01\/09\/biciklis-kalandorok-erkezhetnek-tokodra-a-horizont-kerekparos-turautvonalon-keresztul\/#breadcrumb"},"inLanguage":"hu","potentialAction":[{"@type":"ReadAction","target":["https:\/\/dorogimedence.hu\/index.php\/2025\/01\/09\/biciklis-kalandorok-erkezhetnek-tokodra-a-horizont-kerekparos-turautvonalon-keresztul\/"]}]},{"@type":"ImageObject","inLanguage":"hu","@id":"https:\/\/dorogimedence.hu\/index.php\/2025\/01\/09\/biciklis-kalandorok-erkezhetnek-tokodra-a-horizont-kerekparos-turautvonalon-keresztul\/#primaryimage","url":"https:\/\/dorogimedence.hu\/wp-content\/uploads\/2025\/01\/IMG_8372-1024x682-1.jpg","contentUrl":"https:\/\/dorogimedence.hu\/wp-content\/uploads\/2025\/01\/IMG_8372-1024x682-1.jpg","width":1024,"height":682},{"@type":"BreadcrumbList","@id":"https:\/\/dorogimedence.hu\/index.php\/2025\/01\/09\/biciklis-kalandorok-erkezhetnek-tokodra-a-horizont-kerekparos-turautvonalon-keresztul\/#breadcrumb","itemListElement":[{"@type":"ListItem","position":1,"name":"Kezd\u0151lap","item":"https:\/\/dorogimedence.hu\/"},{"@type":"ListItem","position":2,"name":"Biciklis kalandorok \u00e9rkezhetnek Tokodra a Horizont ker\u00e9kp\u00e1ros t\u00fara\u00fatvonalon kereszt\u00fcl"}]},{"@type":"WebSite","@id":"https:\/\/dorogimedence.hu\/#website","url":"https:\/\/dorogimedence.hu\/","name":"Dorogi-medence Region\u00e1lis H\u00edrport\u00e1l","description":"Dorog, Keszt\u00f6lc, Le\u00e1nyv\u00e1r, Piliscs\u00e9v, Tokod, Tokodalt\u00e1r\u00f3, Csolnok, Esztergom-kertv\u00e1ros: h\u00edrek, programok","publisher":{"@id":"https:\/\/dorogimedence.hu\/#organization"},"potentialAction":[{"@type":"SearchAction","target":{"@type":"EntryPoint","urlTemplate":"https:\/\/dorogimedence.hu\/?s={search_term_string}"},"query-input":{"@type":"PropertyValueSpecification","valueRequired":true,"valueName":"search_term_string"}}],"inLanguage":"hu"},{"@type":"Organization","@id":"https:\/\/dorogimedence.hu\/#organization","name":"Dorogi-medence Region\u00e1lis H\u00edrport\u00e1l","url":"https:\/\/dorogimedence.hu\/","logo":{"@type":"ImageObject","inLanguage":"hu","@id":"https:\/\/dorogimedence.hu\/#\/schema\/logo\/image\/","url":"https:\/\/dorogimedence.hu\/wp-content\/uploads\/2021\/04\/logo-feher-600.png","contentUrl":"https:\/\/dorogimedence.hu\/wp-content\/uploads\/2021\/04\/logo-feher-600.png","width":600,"height":100,"caption":"Dorogi-medence Region\u00e1lis H\u00edrport\u00e1l"},"image":{"@id":"https:\/\/dorogimedence.hu\/#\/schema\/logo\/image\/"},"sameAs":["https:\/\/www.facebook.com\/dorogimedence\/"]},{"@type":"Person","@id":"https:\/\/dorogimedence.hu\/#\/schema\/person\/ce6091eeb7e95ecdc87890d6aa8e0fd4","name":"dorogimedence.hu","image":{"@type":"ImageObject","inLanguage":"hu","@id":"\/\/www.gravatar.com\/avatar\/d8d45f8901aadff40a4af72c0b826f1d?s=96&#038;r=g&#038;d=mm","url":"\/\/www.gravatar.com\/avatar\/d8d45f8901aadff40a4af72c0b826f1d?s=96&#038;r=g&#038;d=mm","contentUrl":"\/\/www.gravatar.com\/avatar\/d8d45f8901aadff40a4af72c0b826f1d?s=96&#038;r=g&#038;d=mm","caption":"dorogimedence.hu"}}]}},"_links":{"self":[{"href":"https:\/\/dorogimedence.hu\/index.php\/wp-json\/wp\/v2\/posts\/67964","targetHints":{"allow":["GET"]}}],"collection":[{"href":"https:\/\/dorogimedence.hu\/index.php\/wp-json\/wp\/v2\/posts"}],"about":[{"href":"https:\/\/dorogimedence.hu\/index.php\/wp-json\/wp\/v2\/types\/post"}],"author":[{"embeddable":true,"href":"https:\/\/dorogimedence.hu\/index.php\/wp-json\/wp\/v2\/users\/1"}],"replies":[{"embeddable":true,"href":"https:\/\/dorogimedence.hu\/index.php\/wp-json\/wp\/v2\/comments?post=67964"}],"version-history":[{"count":0,"href":"https:\/\/dorogimedence.hu\/index.php\/wp-json\/wp\/v2\/posts\/67964\/revisions"}],"wp:attachment":[{"href":"https:\/\/dorogimedence.hu\/index.php\/wp-json\/wp\/v2\/media?parent=67964"}],"wp:term":[{"taxonomy":"category","embeddable":true,"href":"https:\/\/dorogimedence.hu\/index.php\/wp-json\/wp\/v2\/categories?post=67964"},{"taxonomy":"post_tag","embeddable":true,"href":"https:\/\/dorogimedence.hu\/index.php\/wp-json\/wp\/v2\/tags?post=67964"}],"curies":[{"name":"wp","href":"https:\/\/api.w.org\/{rel}","templated":true}]}}